{"id":1002,"date":"2021-09-14T10:00:43","date_gmt":"2021-09-14T10:00:43","guid":{"rendered":"https:\/\/motif.es\/blog\/?p=1002"},"modified":"2021-12-10T12:11:00","modified_gmt":"2021-12-10T12:11:00","slug":"motif-colabora-en-el-lanzamiento-de-la-la-nueva-coleccion-de-edgar-plans-x-lorena-canals-en-estilismo","status":"publish","type":"post","link":"https:\/\/www.motif.es\/blog\/motif-colabora-en-el-lanzamiento-de-la-la-nueva-coleccion-de-edgar-plans-x-lorena-canals-en-estilismo\/","title":{"rendered":"Motif colabora en el lanzamiento de la la nueva colecci\u00f3n de Edgar Plans x Lorena Canals en Estilismo"},"content":{"rendered":"<p>Poco podemos decir sobre Lorena Canals que muchos no conozc\u00e1is.<\/p>\n<p>Esta fant\u00e1stica dise\u00f1adora produce alfombras y accesorios textiles y actualmente se ha convertido en un referente en <strong>Home Decor<\/strong>, tanto para los ni\u00f1os como los mayores y que ahora, acaba de lanzar una nueva colecci\u00f3n, la <a href=\"https:\/\/lorenacanals.com\/es\/colecciones\/edgar-plans\/\" target=\"_blank\" rel=\"noopener\">&#8216;Colecci\u00f3n Edgar Plans x Lorena Canals&#8217;<\/a> que aparece en la Revista Estilismo.<\/p>\n<p>En este lanzamiento Lorena Canals llega al mundo del arte de la mano del\u00a0artista de renombre internacional Edgar Plans\u00a0conocido por su <strong>estilo de inspiraci\u00f3n urbana, <\/strong>y que en esta ocasi\u00f3n ambos han unido su creatividad y buen hacer para que sus obras de arte se conviertan en textiles.<\/p>\n<p>\u00bfY qu\u00e9 tenemos que ver en MOTIF en este nuevo lanzamiento?<\/p>\n<p>La respuesta es una preciosa colaboraci\u00f3n que nos pidieron para una fant\u00e1stica sesi\u00f3n de fotograf\u00eda y poder crear los ambientes perfectos para mostrar estos nuevos productos, y ah\u00ed entraron los nuestros: el <strong><a href=\"https:\/\/www.motif.es\/murales-autoadhesivos\/20161-15288-mural-autoadhesivo-smoke-dream.html#\/5-material-texart\/6-tamano_murales-132x260_cm\/55-color-rosa\" target=\"_blank\" rel=\"noopener\">mural Smoke Dream Pink<\/a> y los <a href=\"https:\/\/www.motif.es\/stickers-decorativos\/20380-4480-sticker-rayos.html#\/30-tamano_stickers-32x200_cm\/60-color-negro\" target=\"_blank\" rel=\"noopener\">sticker Rayos<\/a><\/strong>.<\/p>\n<p>\u00bfEl resultado? Para nosotros \u00a1pura maravilla!, sino compru\u00e9balo por ti mismo.<\/p>\n<p><img loading=\"lazy\" decoding=\"async\" class=\"alignnone size-full wp-image-1009\" src=\"https:\/\/motif.es\/blog\/wp-content\/uploads\/2021\/09\/SC-E-HEROG_8-scaled.jpg\" alt=\"\" width=\"2560\" height=\"1707\" srcset=\"https:\/\/www.motif.es\/blog\/wp-content\/uploads\/2021\/09\/SC-E-HEROG_8-scaled.jpg 2560w, https:\/\/www.motif.es\/blog\/wp-content\/uploads\/2021\/09\/SC-E-HEROG_8-300x200.jpg 300w, https:\/\/www.motif.es\/blog\/wp-content\/uploads\/2021\/09\/SC-E-HEROG_8-1024x683.jpg 1024w, https:\/\/www.motif.es\/blog\/wp-content\/uploads\/2021\/09\/SC-E-HEROG_8-768x512.jpg 768w, https:\/\/www.motif.es\/blog\/wp-content\/uploads\/2021\/09\/SC-E-HEROG_8-1536x1024.jpg 1536w, https:\/\/www.motif.es\/blog\/wp-content\/uploads\/2021\/09\/SC-E-HEROG_8-2048x1365.jpg 2048w, https:\/\/www.motif.es\/blog\/wp-content\/uploads\/2021\/09\/SC-E-HEROG_8-1200x800.jpg 1200w, https:\/\/www.motif.es\/blog\/wp-content\/uploads\/2021\/09\/SC-E-HEROG_8-1980x1320.jpg 1980w, https:\/\/www.motif.es\/blog\/wp-content\/uploads\/2021\/09\/SC-E-HEROG_8-150x100.jpg 150w\" sizes=\"auto, (max-width: 2560px) 100vw, 2560px\" \/><\/p>\n<p><img loading=\"lazy\" decoding=\"async\" class=\"alignnone size-full wp-image-1014\" src=\"https:\/\/motif.es\/blog\/wp-content\/uploads\/2021\/09\/WO-E-BATBOY_10-scaled.jpg\" alt=\"\" width=\"2560\" height=\"1822\" srcset=\"https:\/\/www.motif.es\/blog\/wp-content\/uploads\/2021\/09\/WO-E-BATBOY_10-scaled.jpg 2560w, https:\/\/www.motif.es\/blog\/wp-content\/uploads\/2021\/09\/WO-E-BATBOY_10-300x214.jpg 300w, https:\/\/www.motif.es\/blog\/wp-content\/uploads\/2021\/09\/WO-E-BATBOY_10-1024x729.jpg 1024w, https:\/\/www.motif.es\/blog\/wp-content\/uploads\/2021\/09\/WO-E-BATBOY_10-768x547.jpg 768w, https:\/\/www.motif.es\/blog\/wp-content\/uploads\/2021\/09\/WO-E-BATBOY_10-1536x1093.jpg 1536w, https:\/\/www.motif.es\/blog\/wp-content\/uploads\/2021\/09\/WO-E-BATBOY_10-2048x1457.jpg 2048w, https:\/\/www.motif.es\/blog\/wp-content\/uploads\/2021\/09\/WO-E-BATBOY_10-1200x854.jpg 1200w, https:\/\/www.motif.es\/blog\/wp-content\/uploads\/2021\/09\/WO-E-BATBOY_10-1980x1409.jpg 1980w, https:\/\/www.motif.es\/blog\/wp-content\/uploads\/2021\/09\/WO-E-BATBOY_10-150x107.jpg 150w\" sizes=\"auto, (max-width: 2560px) 100vw, 2560px\" \/><\/p>\n<p><img loading=\"lazy\" decoding=\"async\" class=\"alignnone size-full wp-image-1016\" src=\"https:\/\/motif.es\/blog\/wp-content\/uploads\/2021\/09\/WO-E-MOUSE_18-scaled.jpg\" alt=\"\" width=\"1707\" height=\"2560\" srcset=\"https:\/\/www.motif.es\/blog\/wp-content\/uploads\/2021\/09\/WO-E-MOUSE_18-scaled.jpg 1707w, https:\/\/www.motif.es\/blog\/wp-content\/uploads\/2021\/09\/WO-E-MOUSE_18-200x300.jpg 200w, https:\/\/www.motif.es\/blog\/wp-content\/uploads\/2021\/09\/WO-E-MOUSE_18-683x1024.jpg 683w, https:\/\/www.motif.es\/blog\/wp-content\/uploads\/2021\/09\/WO-E-MOUSE_18-768x1152.jpg 768w, https:\/\/www.motif.es\/blog\/wp-content\/uploads\/2021\/09\/WO-E-MOUSE_18-1024x1536.jpg 1024w, https:\/\/www.motif.es\/blog\/wp-content\/uploads\/2021\/09\/WO-E-MOUSE_18-1365x2048.jpg 1365w, https:\/\/www.motif.es\/blog\/wp-content\/uploads\/2021\/09\/WO-E-MOUSE_18-1200x1800.jpg 1200w, https:\/\/www.motif.es\/blog\/wp-content\/uploads\/2021\/09\/WO-E-MOUSE_18-1980x2970.jpg 1980w, https:\/\/www.motif.es\/blog\/wp-content\/uploads\/2021\/09\/WO-E-MOUSE_18-150x225.jpg 150w\" sizes=\"auto, (max-width: 1707px) 100vw, 1707px\" \/><\/p>\n<p><img loading=\"lazy\" decoding=\"async\" class=\"alignnone size-full wp-image-1013\" src=\"https:\/\/motif.es\/blog\/wp-content\/uploads\/2021\/09\/WO-E-BATBOY_9-scaled.jpg\" alt=\"\" width=\"2560\" height=\"1978\" srcset=\"https:\/\/www.motif.es\/blog\/wp-content\/uploads\/2021\/09\/WO-E-BATBOY_9-scaled.jpg 2560w, https:\/\/www.motif.es\/blog\/wp-content\/uploads\/2021\/09\/WO-E-BATBOY_9-300x232.jpg 300w, https:\/\/www.motif.es\/blog\/wp-content\/uploads\/2021\/09\/WO-E-BATBOY_9-1024x791.jpg 1024w, https:\/\/www.motif.es\/blog\/wp-content\/uploads\/2021\/09\/WO-E-BATBOY_9-768x593.jpg 768w, https:\/\/www.motif.es\/blog\/wp-content\/uploads\/2021\/09\/WO-E-BATBOY_9-1536x1187.jpg 1536w, https:\/\/www.motif.es\/blog\/wp-content\/uploads\/2021\/09\/WO-E-BATBOY_9-2048x1582.jpg 2048w, https:\/\/www.motif.es\/blog\/wp-content\/uploads\/2021\/09\/WO-E-BATBOY_9-1200x927.jpg 1200w, https:\/\/www.motif.es\/blog\/wp-content\/uploads\/2021\/09\/WO-E-BATBOY_9-1980x1530.jpg 1980w, https:\/\/www.motif.es\/blog\/wp-content\/uploads\/2021\/09\/WO-E-BATBOY_9-150x116.jpg 150w\" sizes=\"auto, (max-width: 2560px) 100vw, 2560px\" \/><\/p>\n<p><img loading=\"lazy\" decoding=\"async\" class=\"alignnone size-full wp-image-1017\" src=\"https:\/\/motif.es\/blog\/wp-content\/uploads\/2021\/09\/WO-E-MOUSE_24-scaled.jpg\" alt=\"\" width=\"2560\" height=\"1707\" srcset=\"https:\/\/www.motif.es\/blog\/wp-content\/uploads\/2021\/09\/WO-E-MOUSE_24-scaled.jpg 2560w, https:\/\/www.motif.es\/blog\/wp-content\/uploads\/2021\/09\/WO-E-MOUSE_24-300x200.jpg 300w, https:\/\/www.motif.es\/blog\/wp-content\/uploads\/2021\/09\/WO-E-MOUSE_24-1024x683.jpg 1024w, https:\/\/www.motif.es\/blog\/wp-content\/uploads\/2021\/09\/WO-E-MOUSE_24-768x512.jpg 768w, https:\/\/www.motif.es\/blog\/wp-content\/uploads\/2021\/09\/WO-E-MOUSE_24-1536x1024.jpg 1536w, https:\/\/www.motif.es\/blog\/wp-content\/uploads\/2021\/09\/WO-E-MOUSE_24-2048x1365.jpg 2048w, https:\/\/www.motif.es\/blog\/wp-content\/uploads\/2021\/09\/WO-E-MOUSE_24-1200x800.jpg 1200w, https:\/\/www.motif.es\/blog\/wp-content\/uploads\/2021\/09\/WO-E-MOUSE_24-1980x1320.jpg 1980w, https:\/\/www.motif.es\/blog\/wp-content\/uploads\/2021\/09\/WO-E-MOUSE_24-150x100.jpg 150w\" sizes=\"auto, (max-width: 2560px) 100vw, 2560px\" \/><\/p>\n<p>En definitiva, no pod\u00edamos estar m\u00e1s contentos de colaborar con estos grandes artistas, y seguramente que vendr\u00e1n otras m\u00e1s.<\/p>\n<p>&nbsp;<\/p>\n<p>&nbsp;<\/p>\n<p>&nbsp;<\/p>\n","protected":false},"excerpt":{"rendered":"<p>Poco podemos decir sobre Lorena Canals que muchos no conozc\u00e1is. Esta fant\u00e1stica dise\u00f1adora produce alfombras y accesorios textiles y actualmente se ha convertido en un referente en Home Decor, tanto para los ni\u00f1os como los mayores y que ahora, acaba de lanzar una nueva colecci\u00f3n, la &#8216;Colecci\u00f3n Edgar Plans x Lorena Canals&#8217; que aparece en [&#8230;]<\/p>\n","protected":false},"author":2,"featured_media":1016,"comment_status":"open","ping_status":"open","sticky":false,"template":"","format":"standard","meta":{"_acf_changed":false,"footnotes":""},"categories":[19,9,18],"tags":[],"class_list":["post-1002","post","type-post","status-publish","format-standard","has-post-thumbnail","hentry","category-embajadores-motif","category-inspirate","category-interioristas"],"acf":[],"yoast_head":"<!-- This site is optimized with the Yoast SEO plugin v27.5 - https:\/\/yoast.com\/product\/yoast-seo-wordpress\/ -->\n<title>Motif colabora en el lanzamiento de la la nueva colecci\u00f3n de Edgar Plans x Lorena Canals en Estilismo - Blog Motif<\/title>\n<meta name=\"description\" content=\"Poco podemos decir sobre Lorena Canals que muchos no conozc\u00e1is. Esta fant\u00e1stica dise\u00f1adora produce alfombras y accesorios textiles y actualmente se ha\" \/>\n<meta name=\"robots\" content=\"index, follow, max-snippet:-1, max-image-preview:large, max-video-preview:-1\" \/>\n<link rel=\"canonical\" href=\"https:\/\/www.motif.es\/blog\/motif-colabora-en-el-lanzamiento-de-la-la-nueva-coleccion-de-edgar-plans-x-lorena-canals-en-estilismo\/\" \/>\n<meta property=\"og:locale\" content=\"es_ES\" \/>\n<meta property=\"og:type\" content=\"article\" \/>\n<meta property=\"og:title\" content=\"Motif colabora en el lanzamiento de la la nueva colecci\u00f3n de Edgar Plans x Lorena Canals en Estilismo - Blog Motif\" \/>\n<meta property=\"og:description\" content=\"Poco podemos decir sobre Lorena Canals que muchos no conozc\u00e1is. Esta fant\u00e1stica dise\u00f1adora produce alfombras y accesorios textiles y actualmente se ha\" \/>\n<meta property=\"og:url\" content=\"https:\/\/www.motif.es\/blog\/motif-colabora-en-el-lanzamiento-de-la-la-nueva-coleccion-de-edgar-plans-x-lorena-canals-en-estilismo\/\" \/>\n<meta property=\"og:site_name\" content=\"Blog Motif\" \/>\n<meta property=\"article:publisher\" content=\"https:\/\/www.facebook.com\/motifmorethanwalls\/\" \/>\n<meta property=\"article:published_time\" content=\"2021-09-14T10:00:43+00:00\" \/>\n<meta property=\"article:modified_time\" content=\"2021-12-10T12:11:00+00:00\" \/>\n<meta property=\"og:image\" content=\"https:\/\/www.motif.es\/blog\/wp-content\/uploads\/2021\/09\/WO-E-MOUSE_18-scaled.jpg\" \/>\n\t<meta property=\"og:image:width\" content=\"1707\" \/>\n\t<meta property=\"og:image:height\" content=\"2560\" \/>\n\t<meta property=\"og:image:type\" content=\"image\/jpeg\" \/>\n<meta name=\"author\" content=\"Comunicaci\u00f3n Motif\" \/>\n<meta name=\"twitter:card\" content=\"summary_large_image\" \/>\n<meta name=\"twitter:label1\" content=\"Escrito por\" \/>\n\t<meta name=\"twitter:data1\" content=\"Comunicaci\u00f3n Motif\" \/>\n\t<meta name=\"twitter:label2\" content=\"Tiempo de lectura\" \/>\n\t<meta name=\"twitter:data2\" content=\"2 minutos\" \/>\n<script type=\"application\/ld+json\" class=\"yoast-schema-graph\">{\"@context\":\"https:\\\/\\\/schema.org\",\"@graph\":[{\"@type\":\"Article\",\"@id\":\"https:\\\/\\\/www.motif.es\\\/blog\\\/motif-colabora-en-el-lanzamiento-de-la-la-nueva-coleccion-de-edgar-plans-x-lorena-canals-en-estilismo\\\/#article\",\"isPartOf\":{\"@id\":\"https:\\\/\\\/www.motif.es\\\/blog\\\/motif-colabora-en-el-lanzamiento-de-la-la-nueva-coleccion-de-edgar-plans-x-lorena-canals-en-estilismo\\\/\"},\"author\":{\"name\":\"Comunicaci\u00f3n Motif\",\"@id\":\"https:\\\/\\\/www.motif.es\\\/blog\\\/#\\\/schema\\\/person\\\/aac26ed80d8e02fb9525ec6b569d75e9\"},\"headline\":\"Motif colabora en el lanzamiento de la la nueva colecci\u00f3n de Edgar Plans x Lorena Canals en Estilismo\",\"datePublished\":\"2021-09-14T10:00:43+00:00\",\"dateModified\":\"2021-12-10T12:11:00+00:00\",\"mainEntityOfPage\":{\"@id\":\"https:\\\/\\\/www.motif.es\\\/blog\\\/motif-colabora-en-el-lanzamiento-de-la-la-nueva-coleccion-de-edgar-plans-x-lorena-canals-en-estilismo\\\/\"},\"wordCount\":228,\"commentCount\":0,\"publisher\":{\"@id\":\"https:\\\/\\\/www.motif.es\\\/blog\\\/#organization\"},\"image\":{\"@id\":\"https:\\\/\\\/www.motif.es\\\/blog\\\/motif-colabora-en-el-lanzamiento-de-la-la-nueva-coleccion-de-edgar-plans-x-lorena-canals-en-estilismo\\\/#primaryimage\"},\"thumbnailUrl\":\"https:\\\/\\\/www.motif.es\\\/blog\\\/wp-content\\\/uploads\\\/2021\\\/09\\\/WO-E-MOUSE_18-scaled.jpg\",\"articleSection\":[\"embajadores Motif\",\"insp\u00edrate\",\"interioristas\"],\"inLanguage\":\"es\",\"potentialAction\":[{\"@type\":\"CommentAction\",\"name\":\"Comment\",\"target\":[\"https:\\\/\\\/www.motif.es\\\/blog\\\/motif-colabora-en-el-lanzamiento-de-la-la-nueva-coleccion-de-edgar-plans-x-lorena-canals-en-estilismo\\\/#respond\"]}]},{\"@type\":\"WebPage\",\"@id\":\"https:\\\/\\\/www.motif.es\\\/blog\\\/motif-colabora-en-el-lanzamiento-de-la-la-nueva-coleccion-de-edgar-plans-x-lorena-canals-en-estilismo\\\/\",\"url\":\"https:\\\/\\\/www.motif.es\\\/blog\\\/motif-colabora-en-el-lanzamiento-de-la-la-nueva-coleccion-de-edgar-plans-x-lorena-canals-en-estilismo\\\/\",\"name\":\"Motif colabora en el lanzamiento de la la nueva colecci\u00f3n de Edgar Plans x Lorena Canals en Estilismo - Blog Motif\",\"isPartOf\":{\"@id\":\"https:\\\/\\\/www.motif.es\\\/blog\\\/#website\"},\"primaryImageOfPage\":{\"@id\":\"https:\\\/\\\/www.motif.es\\\/blog\\\/motif-colabora-en-el-lanzamiento-de-la-la-nueva-coleccion-de-edgar-plans-x-lorena-canals-en-estilismo\\\/#primaryimage\"},\"image\":{\"@id\":\"https:\\\/\\\/www.motif.es\\\/blog\\\/motif-colabora-en-el-lanzamiento-de-la-la-nueva-coleccion-de-edgar-plans-x-lorena-canals-en-estilismo\\\/#primaryimage\"},\"thumbnailUrl\":\"https:\\\/\\\/www.motif.es\\\/blog\\\/wp-content\\\/uploads\\\/2021\\\/09\\\/WO-E-MOUSE_18-scaled.jpg\",\"datePublished\":\"2021-09-14T10:00:43+00:00\",\"dateModified\":\"2021-12-10T12:11:00+00:00\",\"description\":\"Poco podemos decir sobre Lorena Canals que muchos no conozc\u00e1is. Esta fant\u00e1stica dise\u00f1adora produce alfombras y accesorios textiles y actualmente se ha\",\"breadcrumb\":{\"@id\":\"https:\\\/\\\/www.motif.es\\\/blog\\\/motif-colabora-en-el-lanzamiento-de-la-la-nueva-coleccion-de-edgar-plans-x-lorena-canals-en-estilismo\\\/#breadcrumb\"},\"inLanguage\":\"es\",\"potentialAction\":[{\"@type\":\"ReadAction\",\"target\":[\"https:\\\/\\\/www.motif.es\\\/blog\\\/motif-colabora-en-el-lanzamiento-de-la-la-nueva-coleccion-de-edgar-plans-x-lorena-canals-en-estilismo\\\/\"]}]},{\"@type\":\"ImageObject\",\"inLanguage\":\"es\",\"@id\":\"https:\\\/\\\/www.motif.es\\\/blog\\\/motif-colabora-en-el-lanzamiento-de-la-la-nueva-coleccion-de-edgar-plans-x-lorena-canals-en-estilismo\\\/#primaryimage\",\"url\":\"https:\\\/\\\/www.motif.es\\\/blog\\\/wp-content\\\/uploads\\\/2021\\\/09\\\/WO-E-MOUSE_18-scaled.jpg\",\"contentUrl\":\"https:\\\/\\\/www.motif.es\\\/blog\\\/wp-content\\\/uploads\\\/2021\\\/09\\\/WO-E-MOUSE_18-scaled.jpg\",\"width\":1707,\"height\":2560},{\"@type\":\"BreadcrumbList\",\"@id\":\"https:\\\/\\\/www.motif.es\\\/blog\\\/motif-colabora-en-el-lanzamiento-de-la-la-nueva-coleccion-de-edgar-plans-x-lorena-canals-en-estilismo\\\/#breadcrumb\",\"itemListElement\":[{\"@type\":\"ListItem\",\"position\":1,\"name\":\"Blog\",\"item\":\"https:\\\/\\\/www.motif.es\\\/blog\\\/\"},{\"@type\":\"ListItem\",\"position\":2,\"name\":\"insp\u00edrate\",\"item\":\"https:\\\/\\\/www.motif.es\\\/blog\\\/category\\\/inspirate\\\/\"},{\"@type\":\"ListItem\",\"position\":3,\"name\":\"Motif colabora en el lanzamiento de la la nueva colecci\u00f3n de Edgar Plans x Lorena Canals en Estilismo\"}]},{\"@type\":\"WebSite\",\"@id\":\"https:\\\/\\\/www.motif.es\\\/blog\\\/#website\",\"url\":\"https:\\\/\\\/www.motif.es\\\/blog\\\/\",\"name\":\"Blog Motif\",\"description\":\"nuestro rinc\u00f3n para inspirarte\",\"publisher\":{\"@id\":\"https:\\\/\\\/www.motif.es\\\/blog\\\/#organization\"},\"potentialAction\":[{\"@type\":\"SearchAction\",\"target\":{\"@type\":\"EntryPoint\",\"urlTemplate\":\"https:\\\/\\\/www.motif.es\\\/blog\\\/?s={search_term_string}\"},\"query-input\":{\"@type\":\"PropertyValueSpecification\",\"valueRequired\":true,\"valueName\":\"search_term_string\"}}],\"inLanguage\":\"es\"},{\"@type\":\"Organization\",\"@id\":\"https:\\\/\\\/www.motif.es\\\/blog\\\/#organization\",\"name\":\"Motif Wallpapers S.L.U.\",\"url\":\"https:\\\/\\\/www.motif.es\\\/blog\\\/\",\"logo\":{\"@type\":\"ImageObject\",\"inLanguage\":\"es\",\"@id\":\"https:\\\/\\\/www.motif.es\\\/blog\\\/#\\\/schema\\\/logo\\\/image\\\/\",\"url\":\"https:\\\/\\\/motif.es\\\/blog\\\/wp-content\\\/uploads\\\/2021\\\/06\\\/logo-motif.jpg\",\"contentUrl\":\"https:\\\/\\\/motif.es\\\/blog\\\/wp-content\\\/uploads\\\/2021\\\/06\\\/logo-motif.jpg\",\"width\":464,\"height\":464,\"caption\":\"Motif Wallpapers S.L.U.\"},\"image\":{\"@id\":\"https:\\\/\\\/www.motif.es\\\/blog\\\/#\\\/schema\\\/logo\\\/image\\\/\"},\"sameAs\":[\"https:\\\/\\\/www.facebook.com\\\/motifmorethanwalls\\\/\",\"https:\\\/\\\/www.instagram.com\\\/motif_es\\\/?hl=es\",\"https:\\\/\\\/www.pinterest.es\\\/motifwallpapers\\\/\",\"https:\\\/\\\/www.youtube.com\\\/channel\\\/UCNaOmbxD6LjcQNj4vmfVIUg\"]},{\"@type\":\"Person\",\"@id\":\"https:\\\/\\\/www.motif.es\\\/blog\\\/#\\\/schema\\\/person\\\/aac26ed80d8e02fb9525ec6b569d75e9\",\"name\":\"Comunicaci\u00f3n Motif\",\"image\":{\"@type\":\"ImageObject\",\"inLanguage\":\"es\",\"@id\":\"https:\\\/\\\/secure.gravatar.com\\\/avatar\\\/93b2fb49a03bd7a57b5f5e8c3b740113f14f25da86b090887d9353672de2d9b5?s=96&d=mm&r=g\",\"url\":\"https:\\\/\\\/secure.gravatar.com\\\/avatar\\\/93b2fb49a03bd7a57b5f5e8c3b740113f14f25da86b090887d9353672de2d9b5?s=96&d=mm&r=g\",\"contentUrl\":\"https:\\\/\\\/secure.gravatar.com\\\/avatar\\\/93b2fb49a03bd7a57b5f5e8c3b740113f14f25da86b090887d9353672de2d9b5?s=96&d=mm&r=g\",\"caption\":\"Comunicaci\u00f3n Motif\"},\"url\":\"https:\\\/\\\/www.motif.es\\\/blog\\\/author\\\/comunicacion\\\/\"}]}<\/script>\n<!-- \/ Yoast SEO plugin. -->","yoast_head_json":{"title":"Motif colabora en el lanzamiento de la la nueva colecci\u00f3n de Edgar Plans x Lorena Canals en Estilismo - Blog Motif","description":"Poco podemos decir sobre Lorena Canals que muchos no conozc\u00e1is. Esta fant\u00e1stica dise\u00f1adora produce alfombras y accesorios textiles y actualmente se ha","robots":{"index":"index","follow":"follow","max-snippet":"max-snippet:-1","max-image-preview":"max-image-preview:large","max-video-preview":"max-video-preview:-1"},"canonical":"https:\/\/www.motif.es\/blog\/motif-colabora-en-el-lanzamiento-de-la-la-nueva-coleccion-de-edgar-plans-x-lorena-canals-en-estilismo\/","og_locale":"es_ES","og_type":"article","og_title":"Motif colabora en el lanzamiento de la la nueva colecci\u00f3n de Edgar Plans x Lorena Canals en Estilismo - Blog Motif","og_description":"Poco podemos decir sobre Lorena Canals que muchos no conozc\u00e1is. Esta fant\u00e1stica dise\u00f1adora produce alfombras y accesorios textiles y actualmente se ha","og_url":"https:\/\/www.motif.es\/blog\/motif-colabora-en-el-lanzamiento-de-la-la-nueva-coleccion-de-edgar-plans-x-lorena-canals-en-estilismo\/","og_site_name":"Blog Motif","article_publisher":"https:\/\/www.facebook.com\/motifmorethanwalls\/","article_published_time":"2021-09-14T10:00:43+00:00","article_modified_time":"2021-12-10T12:11:00+00:00","og_image":[{"width":1707,"height":2560,"url":"https:\/\/www.motif.es\/blog\/wp-content\/uploads\/2021\/09\/WO-E-MOUSE_18-scaled.jpg","type":"image\/jpeg"}],"author":"Comunicaci\u00f3n Motif","twitter_card":"summary_large_image","twitter_misc":{"Escrito por":"Comunicaci\u00f3n Motif","Tiempo de lectura":"2 minutos"},"schema":{"@context":"https:\/\/schema.org","@graph":[{"@type":"Article","@id":"https:\/\/www.motif.es\/blog\/motif-colabora-en-el-lanzamiento-de-la-la-nueva-coleccion-de-edgar-plans-x-lorena-canals-en-estilismo\/#article","isPartOf":{"@id":"https:\/\/www.motif.es\/blog\/motif-colabora-en-el-lanzamiento-de-la-la-nueva-coleccion-de-edgar-plans-x-lorena-canals-en-estilismo\/"},"author":{"name":"Comunicaci\u00f3n Motif","@id":"https:\/\/www.motif.es\/blog\/#\/schema\/person\/aac26ed80d8e02fb9525ec6b569d75e9"},"headline":"Motif colabora en el lanzamiento de la la nueva colecci\u00f3n de Edgar Plans x Lorena Canals en Estilismo","datePublished":"2021-09-14T10:00:43+00:00","dateModified":"2021-12-10T12:11:00+00:00","mainEntityOfPage":{"@id":"https:\/\/www.motif.es\/blog\/motif-colabora-en-el-lanzamiento-de-la-la-nueva-coleccion-de-edgar-plans-x-lorena-canals-en-estilismo\/"},"wordCount":228,"commentCount":0,"publisher":{"@id":"https:\/\/www.motif.es\/blog\/#organization"},"image":{"@id":"https:\/\/www.motif.es\/blog\/motif-colabora-en-el-lanzamiento-de-la-la-nueva-coleccion-de-edgar-plans-x-lorena-canals-en-estilismo\/#primaryimage"},"thumbnailUrl":"https:\/\/www.motif.es\/blog\/wp-content\/uploads\/2021\/09\/WO-E-MOUSE_18-scaled.jpg","articleSection":["embajadores Motif","insp\u00edrate","interioristas"],"inLanguage":"es","potentialAction":[{"@type":"CommentAction","name":"Comment","target":["https:\/\/www.motif.es\/blog\/motif-colabora-en-el-lanzamiento-de-la-la-nueva-coleccion-de-edgar-plans-x-lorena-canals-en-estilismo\/#respond"]}]},{"@type":"WebPage","@id":"https:\/\/www.motif.es\/blog\/motif-colabora-en-el-lanzamiento-de-la-la-nueva-coleccion-de-edgar-plans-x-lorena-canals-en-estilismo\/","url":"https:\/\/www.motif.es\/blog\/motif-colabora-en-el-lanzamiento-de-la-la-nueva-coleccion-de-edgar-plans-x-lorena-canals-en-estilismo\/","name":"Motif colabora en el lanzamiento de la la nueva colecci\u00f3n de Edgar Plans x Lorena Canals en Estilismo - Blog Motif","isPartOf":{"@id":"https:\/\/www.motif.es\/blog\/#website"},"primaryImageOfPage":{"@id":"https:\/\/www.motif.es\/blog\/motif-colabora-en-el-lanzamiento-de-la-la-nueva-coleccion-de-edgar-plans-x-lorena-canals-en-estilismo\/#primaryimage"},"image":{"@id":"https:\/\/www.motif.es\/blog\/motif-colabora-en-el-lanzamiento-de-la-la-nueva-coleccion-de-edgar-plans-x-lorena-canals-en-estilismo\/#primaryimage"},"thumbnailUrl":"https:\/\/www.motif.es\/blog\/wp-content\/uploads\/2021\/09\/WO-E-MOUSE_18-scaled.jpg","datePublished":"2021-09-14T10:00:43+00:00","dateModified":"2021-12-10T12:11:00+00:00","description":"Poco podemos decir sobre Lorena Canals que muchos no conozc\u00e1is. Esta fant\u00e1stica dise\u00f1adora produce alfombras y accesorios textiles y actualmente se ha","breadcrumb":{"@id":"https:\/\/www.motif.es\/blog\/motif-colabora-en-el-lanzamiento-de-la-la-nueva-coleccion-de-edgar-plans-x-lorena-canals-en-estilismo\/#breadcrumb"},"inLanguage":"es","potentialAction":[{"@type":"ReadAction","target":["https:\/\/www.motif.es\/blog\/motif-colabora-en-el-lanzamiento-de-la-la-nueva-coleccion-de-edgar-plans-x-lorena-canals-en-estilismo\/"]}]},{"@type":"ImageObject","inLanguage":"es","@id":"https:\/\/www.motif.es\/blog\/motif-colabora-en-el-lanzamiento-de-la-la-nueva-coleccion-de-edgar-plans-x-lorena-canals-en-estilismo\/#primaryimage","url":"https:\/\/www.motif.es\/blog\/wp-content\/uploads\/2021\/09\/WO-E-MOUSE_18-scaled.jpg","contentUrl":"https:\/\/www.motif.es\/blog\/wp-content\/uploads\/2021\/09\/WO-E-MOUSE_18-scaled.jpg","width":1707,"height":2560},{"@type":"BreadcrumbList","@id":"https:\/\/www.motif.es\/blog\/motif-colabora-en-el-lanzamiento-de-la-la-nueva-coleccion-de-edgar-plans-x-lorena-canals-en-estilismo\/#breadcrumb","itemListElement":[{"@type":"ListItem","position":1,"name":"Blog","item":"https:\/\/www.motif.es\/blog\/"},{"@type":"ListItem","position":2,"name":"insp\u00edrate","item":"https:\/\/www.motif.es\/blog\/category\/inspirate\/"},{"@type":"ListItem","position":3,"name":"Motif colabora en el lanzamiento de la la nueva colecci\u00f3n de Edgar Plans x Lorena Canals en Estilismo"}]},{"@type":"WebSite","@id":"https:\/\/www.motif.es\/blog\/#website","url":"https:\/\/www.motif.es\/blog\/","name":"Blog Motif","description":"nuestro rinc\u00f3n para inspirarte","publisher":{"@id":"https:\/\/www.motif.es\/blog\/#organization"},"potentialAction":[{"@type":"SearchAction","target":{"@type":"EntryPoint","urlTemplate":"https:\/\/www.motif.es\/blog\/?s={search_term_string}"},"query-input":{"@type":"PropertyValueSpecification","valueRequired":true,"valueName":"search_term_string"}}],"inLanguage":"es"},{"@type":"Organization","@id":"https:\/\/www.motif.es\/blog\/#organization","name":"Motif Wallpapers S.L.U.","url":"https:\/\/www.motif.es\/blog\/","logo":{"@type":"ImageObject","inLanguage":"es","@id":"https:\/\/www.motif.es\/blog\/#\/schema\/logo\/image\/","url":"https:\/\/motif.es\/blog\/wp-content\/uploads\/2021\/06\/logo-motif.jpg","contentUrl":"https:\/\/motif.es\/blog\/wp-content\/uploads\/2021\/06\/logo-motif.jpg","width":464,"height":464,"caption":"Motif Wallpapers S.L.U."},"image":{"@id":"https:\/\/www.motif.es\/blog\/#\/schema\/logo\/image\/"},"sameAs":["https:\/\/www.facebook.com\/motifmorethanwalls\/","https:\/\/www.instagram.com\/motif_es\/?hl=es","https:\/\/www.pinterest.es\/motifwallpapers\/","https:\/\/www.youtube.com\/channel\/UCNaOmbxD6LjcQNj4vmfVIUg"]},{"@type":"Person","@id":"https:\/\/www.motif.es\/blog\/#\/schema\/person\/aac26ed80d8e02fb9525ec6b569d75e9","name":"Comunicaci\u00f3n Motif","image":{"@type":"ImageObject","inLanguage":"es","@id":"https:\/\/secure.gravatar.com\/avatar\/93b2fb49a03bd7a57b5f5e8c3b740113f14f25da86b090887d9353672de2d9b5?s=96&d=mm&r=g","url":"https:\/\/secure.gravatar.com\/avatar\/93b2fb49a03bd7a57b5f5e8c3b740113f14f25da86b090887d9353672de2d9b5?s=96&d=mm&r=g","contentUrl":"https:\/\/secure.gravatar.com\/avatar\/93b2fb49a03bd7a57b5f5e8c3b740113f14f25da86b090887d9353672de2d9b5?s=96&d=mm&r=g","caption":"Comunicaci\u00f3n Motif"},"url":"https:\/\/www.motif.es\/blog\/author\/comunicacion\/"}]}},"_links":{"self":[{"href":"https:\/\/www.motif.es\/blog\/wp-json\/wp\/v2\/posts\/1002","targetHints":{"allow":["GET"]}}],"collection":[{"href":"https:\/\/www.motif.es\/blog\/wp-json\/wp\/v2\/posts"}],"about":[{"href":"https:\/\/www.motif.es\/blog\/wp-json\/wp\/v2\/types\/post"}],"author":[{"embeddable":true,"href":"https:\/\/www.motif.es\/blog\/wp-json\/wp\/v2\/users\/2"}],"replies":[{"embeddable":true,"href":"https:\/\/www.motif.es\/blog\/wp-json\/wp\/v2\/comments?post=1002"}],"version-history":[{"count":1,"href":"https:\/\/www.motif.es\/blog\/wp-json\/wp\/v2\/posts\/1002\/revisions"}],"predecessor-version":[{"id":1018,"href":"https:\/\/www.motif.es\/blog\/wp-json\/wp\/v2\/posts\/1002\/revisions\/1018"}],"wp:featuredmedia":[{"embeddable":true,"href":"https:\/\/www.motif.es\/blog\/wp-json\/wp\/v2\/media\/1016"}],"wp:attachment":[{"href":"https:\/\/www.motif.es\/blog\/wp-json\/wp\/v2\/media?parent=1002"}],"wp:term":[{"taxonomy":"category","embeddable":true,"href":"https:\/\/www.motif.es\/blog\/wp-json\/wp\/v2\/categories?post=1002"},{"taxonomy":"post_tag","embeddable":true,"href":"https:\/\/www.motif.es\/blog\/wp-json\/wp\/v2\/tags?post=1002"}],"curies":[{"name":"wp","href":"https:\/\/api.w.org\/{rel}","templated":true}]}}