{"id":1207,"date":"2021-10-26T16:32:32","date_gmt":"2021-10-26T16:32:32","guid":{"rendered":"https:\/\/motif.es\/blog\/?p=1207"},"modified":"2021-11-17T16:43:25","modified_gmt":"2021-11-17T16:43:25","slug":"que-tener-en-cuenta-para-colocar-los-nuevos-suelos-motif","status":"publish","type":"post","link":"https:\/\/www.motif.es\/blog\/que-tener-en-cuenta-para-colocar-los-nuevos-suelos-motif\/","title":{"rendered":"\u00bfQu\u00e9 tener en cuenta para colocar los nuevos suelos MOTIF?"},"content":{"rendered":"<p>Como ya debes saber, en MOTIF <a href=\"https:\/\/motif.es\/blog\/novedades-motif-estrenamos-suelos-vinilicos\/\">acabamos de lanzar los suelos vin\u00edlicos<\/a> y los tenemos de dos tipos: los suelos <strong>vin\u00edlicos autoadhesivos y los suelos vin\u00edlicos acolchados<\/strong>. Ambos son muy sencillos de poner, pero para que queden perfectos es importante que se tengan en cuenta los siguientes consejos.<\/p>\n<p><strong>Recomendaciones para instalar los suelos vin\u00edlicos.<\/strong><\/p>\n<p>Uno de los primeros pasos antes de empezar a colocarlos, es la limpieza, es decir, el suelo que hayas decidido transformar y sobre el que vas a colocar el nuevo es importante que est\u00e9 limpio y libre de impurezas. \u00bfPor qu\u00e9? Es sencillo, porque sino puedes encontrarte al poco tiempo con problemas como que se noten impurezas o incluso que debido a la suciedad se puedan acabar soltando, entre otras.<\/p>\n<p>Una vez lo tengas limpio, espera a que se seque antes de ponerte manos a la obra.<\/p>\n<p>En segundo lugar, llega el tema del <a href=\"https:\/\/himeraestudio.com\/blog\/2017\/05\/rodapie-si-o-no-usos-tipos\">rodapi\u00e9<\/a>.<\/p>\n<p style=\"text-align: center;\"><img loading=\"lazy\" decoding=\"async\" class=\"alignnone size-full wp-image-1210\" src=\"https:\/\/motif.es\/blog\/wp-content\/uploads\/2021\/11\/suelo-vinilico-pasillo.jpg\" alt=\"\" width=\"777\" height=\"777\" srcset=\"https:\/\/www.motif.es\/blog\/wp-content\/uploads\/2021\/11\/suelo-vinilico-pasillo.jpg 777w, https:\/\/www.motif.es\/blog\/wp-content\/uploads\/2021\/11\/suelo-vinilico-pasillo-300x300.jpg 300w, https:\/\/www.motif.es\/blog\/wp-content\/uploads\/2021\/11\/suelo-vinilico-pasillo-150x150.jpg 150w, https:\/\/www.motif.es\/blog\/wp-content\/uploads\/2021\/11\/suelo-vinilico-pasillo-768x768.jpg 768w, https:\/\/www.motif.es\/blog\/wp-content\/uploads\/2021\/11\/suelo-vinilico-pasillo-400x400.jpg 400w, https:\/\/www.motif.es\/blog\/wp-content\/uploads\/2021\/11\/suelo-vinilico-pasillo-96x96.jpg 96w\" sizes=\"auto, (max-width: 777px) 100vw, 777px\" \/><\/p>\n<p style=\"text-align: center;\"><em>Suelo Vin\u00edlico de MOTIF sobre pasillo<\/em><\/p>\n<p><strong>\u00bfQu\u00e9 pasa si tu suelo lo tiene?<\/strong><\/p>\n<p>Bien, puedes ponerlo con \u00e9l puesto y puede quedar muy bien eligiendo dise\u00f1os con tonos similares, pero antes de colocar el suelo, recomendamos que lo quit\u00e9is y una vez instalado el suelo lo volv\u00e1is a colocar, si quer\u00e9is. No es necesario, pero puede quedar mejor.<\/p>\n<p>Otro aspecto a tener en cuenta ser\u00e1 el tama\u00f1o del suelo ya que dependiendo del mismo necesitaremos una u otra <strong>cantidad de piezas del suelo vin\u00edlico<\/strong>.<\/p>\n<p style=\"text-align: center;\"><img loading=\"lazy\" decoding=\"async\" class=\"alignnone size-full wp-image-1211\" src=\"https:\/\/motif.es\/blog\/wp-content\/uploads\/2021\/11\/suelo-vinilico-escaleras.jpg\" alt=\"\" width=\"729\" height=\"729\" srcset=\"https:\/\/www.motif.es\/blog\/wp-content\/uploads\/2021\/11\/suelo-vinilico-escaleras.jpg 729w, https:\/\/www.motif.es\/blog\/wp-content\/uploads\/2021\/11\/suelo-vinilico-escaleras-300x300.jpg 300w, https:\/\/www.motif.es\/blog\/wp-content\/uploads\/2021\/11\/suelo-vinilico-escaleras-150x150.jpg 150w, https:\/\/www.motif.es\/blog\/wp-content\/uploads\/2021\/11\/suelo-vinilico-escaleras-400x400.jpg 400w, https:\/\/www.motif.es\/blog\/wp-content\/uploads\/2021\/11\/suelo-vinilico-escaleras-96x96.jpg 96w\" sizes=\"auto, (max-width: 729px) 100vw, 729px\" \/><\/p>\n<p style=\"text-align: center;\"><em>Suelo vin\u00edlico Motif para escaleras<\/em><\/p>\n<p><strong>\u00bfC\u00f3mo junto unas piezas con otras en caso de que tenga que hacerlo?<\/strong><\/p>\n<p>Sencillo. Si necesitas instalar m\u00e1s de una pieza te recomendamos que nunca las montes. Lo mejor en este caso es que se realicen los empalmes colocando una pieza junto a la otra cansado el dibujo. De esta forma no dejar\u00e1s ning\u00fan escal\u00f3n que pueda entorpecer el paso, provocar que se levante con el paso del tiempo, o que tropieces con \u00e9l. Lo ideal es estas uniones se hagan en la zona m\u00e1s alejada de la entrada y evitar colocarlos en las zonas de paso.<\/p>\n<p>Y para finalices con un acabado perfecto es muy \u00fatil sellar.<\/p>\n<p><strong>El sellado har\u00e1 que ellos suelos vin\u00edlicos aguanten mejor<\/strong> el paso del tiempo e incluso poder disimular imperfecciones en los cortes si necesitas adaptar alguna pieza. As\u00ed que, una vez instalados, sella el per\u00edmetro para que no penetre suciedad en \u00e9l, incluso te recomendamos que entre piezas, selle con silicona las uniones entre estas.<\/p>\n<p>\u00bfVerdad que es f\u00e1cil hasta aqu\u00ed?<\/p>\n<p>Si te quedan dudas puedes verlo m\u00e1s detalladamente en estos v\u00eddeos:<\/p>\n<ul>\n<li><strong>Instalaci\u00f3n de suelos vin\u00edlicos acolchados<\/strong>:<\/li>\n<\/ul>\n<p><iframe loading=\"lazy\" title=\"YouTube video player\" src=\"https:\/\/www.youtube.com\/embed\/XYZwedTsU-k\" width=\"560\" height=\"315\" frameborder=\"0\" allowfullscreen=\"allowfullscreen\"><\/iframe><\/p>\n<ul>\n<li><strong>Instalaci\u00f3n de suelos vin\u00edlicos autoadhesivos:<\/strong><\/li>\n<\/ul>\n<p><iframe loading=\"lazy\" title=\"YouTube video player\" src=\"https:\/\/www.youtube.com\/embed\/y9LG9Y_XO1Q\" width=\"560\" height=\"315\" frameborder=\"0\" allowfullscreen=\"allowfullscreen\"><\/iframe><\/p>\n<p>&nbsp;<\/p>\n","protected":false},"excerpt":{"rendered":"<p>Como ya debes saber, en MOTIF acabamos de lanzar los suelos vin\u00edlicos y los tenemos de dos tipos: los suelos vin\u00edlicos autoadhesivos y los suelos vin\u00edlicos acolchados. Ambos son muy sencillos de poner, pero para que queden perfectos es importante que se tengan en cuenta los siguientes consejos. Recomendaciones para instalar los suelos vin\u00edlicos. Uno [&#8230;]<\/p>\n","protected":false},"author":2,"featured_media":1215,"comment_status":"open","ping_status":"open","sticky":false,"template":"","format":"standard","meta":{"_acf_changed":false,"footnotes":""},"categories":[23],"tags":[],"class_list":["post-1207","post","type-post","status-publish","format-standard","has-post-thumbnail","hentry","category-sobre-suelos-vinilicos"],"acf":[],"yoast_head":"<!-- This site is optimized with the Yoast SEO plugin v27.5 - https:\/\/yoast.com\/product\/yoast-seo-wordpress\/ -->\n<title>\u00bfQu\u00e9 tener en cuenta para colocar los nuevos suelos MOTIF? - Blog Motif<\/title>\n<meta name=\"description\" content=\"Como ya debes saber, en MOTIF acabamos de lanzar los suelos vin\u00edlicos y los tenemos de dos tipos: los suelos vin\u00edlicos autoadhesivos y los suelos\" \/>\n<meta name=\"robots\" content=\"index, follow, max-snippet:-1, max-image-preview:large, max-video-preview:-1\" \/>\n<link rel=\"canonical\" href=\"https:\/\/www.motif.es\/blog\/que-tener-en-cuenta-para-colocar-los-nuevos-suelos-motif\/\" \/>\n<meta property=\"og:locale\" content=\"es_ES\" \/>\n<meta property=\"og:type\" content=\"article\" \/>\n<meta property=\"og:title\" content=\"\u00bfQu\u00e9 tener en cuenta para colocar los nuevos suelos MOTIF? - Blog Motif\" \/>\n<meta property=\"og:description\" content=\"Como ya debes saber, en MOTIF acabamos de lanzar los suelos vin\u00edlicos y los tenemos de dos tipos: los suelos vin\u00edlicos autoadhesivos y los suelos\" \/>\n<meta property=\"og:url\" content=\"https:\/\/www.motif.es\/blog\/que-tener-en-cuenta-para-colocar-los-nuevos-suelos-motif\/\" \/>\n<meta property=\"og:site_name\" content=\"Blog Motif\" \/>\n<meta property=\"article:publisher\" content=\"https:\/\/www.facebook.com\/motifmorethanwalls\/\" \/>\n<meta property=\"article:published_time\" content=\"2021-10-26T16:32:32+00:00\" \/>\n<meta property=\"article:modified_time\" content=\"2021-11-17T16:43:25+00:00\" \/>\n<meta property=\"og:image\" content=\"https:\/\/www.motif.es\/blog\/wp-content\/uploads\/2021\/10\/AMBIENTE_LAGERTHA_GRIS_NEUTRO.jpg\" \/>\n\t<meta property=\"og:image:width\" content=\"1000\" \/>\n\t<meta property=\"og:image:height\" content=\"1000\" \/>\n\t<meta property=\"og:image:type\" content=\"image\/jpeg\" \/>\n<meta name=\"author\" content=\"Comunicaci\u00f3n Motif\" \/>\n<meta name=\"twitter:card\" content=\"summary_large_image\" \/>\n<meta name=\"twitter:label1\" content=\"Escrito por\" \/>\n\t<meta name=\"twitter:data1\" content=\"Comunicaci\u00f3n Motif\" \/>\n\t<meta name=\"twitter:label2\" content=\"Tiempo de lectura\" \/>\n\t<meta name=\"twitter:data2\" content=\"2 minutos\" \/>\n<script type=\"application\/ld+json\" class=\"yoast-schema-graph\">{\"@context\":\"https:\\\/\\\/schema.org\",\"@graph\":[{\"@type\":\"Article\",\"@id\":\"https:\\\/\\\/www.motif.es\\\/blog\\\/que-tener-en-cuenta-para-colocar-los-nuevos-suelos-motif\\\/#article\",\"isPartOf\":{\"@id\":\"https:\\\/\\\/www.motif.es\\\/blog\\\/que-tener-en-cuenta-para-colocar-los-nuevos-suelos-motif\\\/\"},\"author\":{\"name\":\"Comunicaci\u00f3n Motif\",\"@id\":\"https:\\\/\\\/www.motif.es\\\/blog\\\/#\\\/schema\\\/person\\\/aac26ed80d8e02fb9525ec6b569d75e9\"},\"headline\":\"\u00bfQu\u00e9 tener en cuenta para colocar los nuevos suelos MOTIF?\",\"datePublished\":\"2021-10-26T16:32:32+00:00\",\"dateModified\":\"2021-11-17T16:43:25+00:00\",\"mainEntityOfPage\":{\"@id\":\"https:\\\/\\\/www.motif.es\\\/blog\\\/que-tener-en-cuenta-para-colocar-los-nuevos-suelos-motif\\\/\"},\"wordCount\":465,\"commentCount\":0,\"publisher\":{\"@id\":\"https:\\\/\\\/www.motif.es\\\/blog\\\/#organization\"},\"image\":{\"@id\":\"https:\\\/\\\/www.motif.es\\\/blog\\\/que-tener-en-cuenta-para-colocar-los-nuevos-suelos-motif\\\/#primaryimage\"},\"thumbnailUrl\":\"https:\\\/\\\/www.motif.es\\\/blog\\\/wp-content\\\/uploads\\\/2021\\\/10\\\/AMBIENTE_LAGERTHA_GRIS_NEUTRO.jpg\",\"articleSection\":[\"sobre suelos vin\u00edlicos\"],\"inLanguage\":\"es\",\"potentialAction\":[{\"@type\":\"CommentAction\",\"name\":\"Comment\",\"target\":[\"https:\\\/\\\/www.motif.es\\\/blog\\\/que-tener-en-cuenta-para-colocar-los-nuevos-suelos-motif\\\/#respond\"]}]},{\"@type\":\"WebPage\",\"@id\":\"https:\\\/\\\/www.motif.es\\\/blog\\\/que-tener-en-cuenta-para-colocar-los-nuevos-suelos-motif\\\/\",\"url\":\"https:\\\/\\\/www.motif.es\\\/blog\\\/que-tener-en-cuenta-para-colocar-los-nuevos-suelos-motif\\\/\",\"name\":\"\u00bfQu\u00e9 tener en cuenta para colocar los nuevos suelos MOTIF? - Blog Motif\",\"isPartOf\":{\"@id\":\"https:\\\/\\\/www.motif.es\\\/blog\\\/#website\"},\"primaryImageOfPage\":{\"@id\":\"https:\\\/\\\/www.motif.es\\\/blog\\\/que-tener-en-cuenta-para-colocar-los-nuevos-suelos-motif\\\/#primaryimage\"},\"image\":{\"@id\":\"https:\\\/\\\/www.motif.es\\\/blog\\\/que-tener-en-cuenta-para-colocar-los-nuevos-suelos-motif\\\/#primaryimage\"},\"thumbnailUrl\":\"https:\\\/\\\/www.motif.es\\\/blog\\\/wp-content\\\/uploads\\\/2021\\\/10\\\/AMBIENTE_LAGERTHA_GRIS_NEUTRO.jpg\",\"datePublished\":\"2021-10-26T16:32:32+00:00\",\"dateModified\":\"2021-11-17T16:43:25+00:00\",\"description\":\"Como ya debes saber, en MOTIF acabamos de lanzar los suelos vin\u00edlicos y los tenemos de dos tipos: los suelos vin\u00edlicos autoadhesivos y los suelos\",\"breadcrumb\":{\"@id\":\"https:\\\/\\\/www.motif.es\\\/blog\\\/que-tener-en-cuenta-para-colocar-los-nuevos-suelos-motif\\\/#breadcrumb\"},\"inLanguage\":\"es\",\"potentialAction\":[{\"@type\":\"ReadAction\",\"target\":[\"https:\\\/\\\/www.motif.es\\\/blog\\\/que-tener-en-cuenta-para-colocar-los-nuevos-suelos-motif\\\/\"]}]},{\"@type\":\"ImageObject\",\"inLanguage\":\"es\",\"@id\":\"https:\\\/\\\/www.motif.es\\\/blog\\\/que-tener-en-cuenta-para-colocar-los-nuevos-suelos-motif\\\/#primaryimage\",\"url\":\"https:\\\/\\\/www.motif.es\\\/blog\\\/wp-content\\\/uploads\\\/2021\\\/10\\\/AMBIENTE_LAGERTHA_GRIS_NEUTRO.jpg\",\"contentUrl\":\"https:\\\/\\\/www.motif.es\\\/blog\\\/wp-content\\\/uploads\\\/2021\\\/10\\\/AMBIENTE_LAGERTHA_GRIS_NEUTRO.jpg\",\"width\":1000,\"height\":1000},{\"@type\":\"BreadcrumbList\",\"@id\":\"https:\\\/\\\/www.motif.es\\\/blog\\\/que-tener-en-cuenta-para-colocar-los-nuevos-suelos-motif\\\/#breadcrumb\",\"itemListElement\":[{\"@type\":\"ListItem\",\"position\":1,\"name\":\"Blog\",\"item\":\"https:\\\/\\\/www.motif.es\\\/blog\\\/\"},{\"@type\":\"ListItem\",\"position\":2,\"name\":\"sobre suelos vin\u00edlicos\",\"item\":\"https:\\\/\\\/www.motif.es\\\/blog\\\/category\\\/sobre-suelos-vinilicos\\\/\"},{\"@type\":\"ListItem\",\"position\":3,\"name\":\"\u00bfQu\u00e9 tener en cuenta para colocar los nuevos suelos MOTIF?\"}]},{\"@type\":\"WebSite\",\"@id\":\"https:\\\/\\\/www.motif.es\\\/blog\\\/#website\",\"url\":\"https:\\\/\\\/www.motif.es\\\/blog\\\/\",\"name\":\"Blog Motif\",\"description\":\"nuestro rinc\u00f3n para inspirarte\",\"publisher\":{\"@id\":\"https:\\\/\\\/www.motif.es\\\/blog\\\/#organization\"},\"potentialAction\":[{\"@type\":\"SearchAction\",\"target\":{\"@type\":\"EntryPoint\",\"urlTemplate\":\"https:\\\/\\\/www.motif.es\\\/blog\\\/?s={search_term_string}\"},\"query-input\":{\"@type\":\"PropertyValueSpecification\",\"valueRequired\":true,\"valueName\":\"search_term_string\"}}],\"inLanguage\":\"es\"},{\"@type\":\"Organization\",\"@id\":\"https:\\\/\\\/www.motif.es\\\/blog\\\/#organization\",\"name\":\"Motif Wallpapers S.L.U.\",\"url\":\"https:\\\/\\\/www.motif.es\\\/blog\\\/\",\"logo\":{\"@type\":\"ImageObject\",\"inLanguage\":\"es\",\"@id\":\"https:\\\/\\\/www.motif.es\\\/blog\\\/#\\\/schema\\\/logo\\\/image\\\/\",\"url\":\"https:\\\/\\\/motif.es\\\/blog\\\/wp-content\\\/uploads\\\/2021\\\/06\\\/logo-motif.jpg\",\"contentUrl\":\"https:\\\/\\\/motif.es\\\/blog\\\/wp-content\\\/uploads\\\/2021\\\/06\\\/logo-motif.jpg\",\"width\":464,\"height\":464,\"caption\":\"Motif Wallpapers S.L.U.\"},\"image\":{\"@id\":\"https:\\\/\\\/www.motif.es\\\/blog\\\/#\\\/schema\\\/logo\\\/image\\\/\"},\"sameAs\":[\"https:\\\/\\\/www.facebook.com\\\/motifmorethanwalls\\\/\",\"https:\\\/\\\/www.instagram.com\\\/motif_es\\\/?hl=es\",\"https:\\\/\\\/www.pinterest.es\\\/motifwallpapers\\\/\",\"https:\\\/\\\/www.youtube.com\\\/channel\\\/UCNaOmbxD6LjcQNj4vmfVIUg\"]},{\"@type\":\"Person\",\"@id\":\"https:\\\/\\\/www.motif.es\\\/blog\\\/#\\\/schema\\\/person\\\/aac26ed80d8e02fb9525ec6b569d75e9\",\"name\":\"Comunicaci\u00f3n Motif\",\"image\":{\"@type\":\"ImageObject\",\"inLanguage\":\"es\",\"@id\":\"https:\\\/\\\/secure.gravatar.com\\\/avatar\\\/93b2fb49a03bd7a57b5f5e8c3b740113f14f25da86b090887d9353672de2d9b5?s=96&d=mm&r=g\",\"url\":\"https:\\\/\\\/secure.gravatar.com\\\/avatar\\\/93b2fb49a03bd7a57b5f5e8c3b740113f14f25da86b090887d9353672de2d9b5?s=96&d=mm&r=g\",\"contentUrl\":\"https:\\\/\\\/secure.gravatar.com\\\/avatar\\\/93b2fb49a03bd7a57b5f5e8c3b740113f14f25da86b090887d9353672de2d9b5?s=96&d=mm&r=g\",\"caption\":\"Comunicaci\u00f3n Motif\"},\"url\":\"https:\\\/\\\/www.motif.es\\\/blog\\\/author\\\/comunicacion\\\/\"}]}<\/script>\n<!-- \/ Yoast SEO plugin. -->","yoast_head_json":{"title":"\u00bfQu\u00e9 tener en cuenta para colocar los nuevos suelos MOTIF? - Blog Motif","description":"Como ya debes saber, en MOTIF acabamos de lanzar los suelos vin\u00edlicos y los tenemos de dos tipos: los suelos vin\u00edlicos autoadhesivos y los suelos","robots":{"index":"index","follow":"follow","max-snippet":"max-snippet:-1","max-image-preview":"max-image-preview:large","max-video-preview":"max-video-preview:-1"},"canonical":"https:\/\/www.motif.es\/blog\/que-tener-en-cuenta-para-colocar-los-nuevos-suelos-motif\/","og_locale":"es_ES","og_type":"article","og_title":"\u00bfQu\u00e9 tener en cuenta para colocar los nuevos suelos MOTIF? - Blog Motif","og_description":"Como ya debes saber, en MOTIF acabamos de lanzar los suelos vin\u00edlicos y los tenemos de dos tipos: los suelos vin\u00edlicos autoadhesivos y los suelos","og_url":"https:\/\/www.motif.es\/blog\/que-tener-en-cuenta-para-colocar-los-nuevos-suelos-motif\/","og_site_name":"Blog Motif","article_publisher":"https:\/\/www.facebook.com\/motifmorethanwalls\/","article_published_time":"2021-10-26T16:32:32+00:00","article_modified_time":"2021-11-17T16:43:25+00:00","og_image":[{"width":1000,"height":1000,"url":"https:\/\/www.motif.es\/blog\/wp-content\/uploads\/2021\/10\/AMBIENTE_LAGERTHA_GRIS_NEUTRO.jpg","type":"image\/jpeg"}],"author":"Comunicaci\u00f3n Motif","twitter_card":"summary_large_image","twitter_misc":{"Escrito por":"Comunicaci\u00f3n Motif","Tiempo de lectura":"2 minutos"},"schema":{"@context":"https:\/\/schema.org","@graph":[{"@type":"Article","@id":"https:\/\/www.motif.es\/blog\/que-tener-en-cuenta-para-colocar-los-nuevos-suelos-motif\/#article","isPartOf":{"@id":"https:\/\/www.motif.es\/blog\/que-tener-en-cuenta-para-colocar-los-nuevos-suelos-motif\/"},"author":{"name":"Comunicaci\u00f3n Motif","@id":"https:\/\/www.motif.es\/blog\/#\/schema\/person\/aac26ed80d8e02fb9525ec6b569d75e9"},"headline":"\u00bfQu\u00e9 tener en cuenta para colocar los nuevos suelos MOTIF?","datePublished":"2021-10-26T16:32:32+00:00","dateModified":"2021-11-17T16:43:25+00:00","mainEntityOfPage":{"@id":"https:\/\/www.motif.es\/blog\/que-tener-en-cuenta-para-colocar-los-nuevos-suelos-motif\/"},"wordCount":465,"commentCount":0,"publisher":{"@id":"https:\/\/www.motif.es\/blog\/#organization"},"image":{"@id":"https:\/\/www.motif.es\/blog\/que-tener-en-cuenta-para-colocar-los-nuevos-suelos-motif\/#primaryimage"},"thumbnailUrl":"https:\/\/www.motif.es\/blog\/wp-content\/uploads\/2021\/10\/AMBIENTE_LAGERTHA_GRIS_NEUTRO.jpg","articleSection":["sobre suelos vin\u00edlicos"],"inLanguage":"es","potentialAction":[{"@type":"CommentAction","name":"Comment","target":["https:\/\/www.motif.es\/blog\/que-tener-en-cuenta-para-colocar-los-nuevos-suelos-motif\/#respond"]}]},{"@type":"WebPage","@id":"https:\/\/www.motif.es\/blog\/que-tener-en-cuenta-para-colocar-los-nuevos-suelos-motif\/","url":"https:\/\/www.motif.es\/blog\/que-tener-en-cuenta-para-colocar-los-nuevos-suelos-motif\/","name":"\u00bfQu\u00e9 tener en cuenta para colocar los nuevos suelos MOTIF? - Blog Motif","isPartOf":{"@id":"https:\/\/www.motif.es\/blog\/#website"},"primaryImageOfPage":{"@id":"https:\/\/www.motif.es\/blog\/que-tener-en-cuenta-para-colocar-los-nuevos-suelos-motif\/#primaryimage"},"image":{"@id":"https:\/\/www.motif.es\/blog\/que-tener-en-cuenta-para-colocar-los-nuevos-suelos-motif\/#primaryimage"},"thumbnailUrl":"https:\/\/www.motif.es\/blog\/wp-content\/uploads\/2021\/10\/AMBIENTE_LAGERTHA_GRIS_NEUTRO.jpg","datePublished":"2021-10-26T16:32:32+00:00","dateModified":"2021-11-17T16:43:25+00:00","description":"Como ya debes saber, en MOTIF acabamos de lanzar los suelos vin\u00edlicos y los tenemos de dos tipos: los suelos vin\u00edlicos autoadhesivos y los suelos","breadcrumb":{"@id":"https:\/\/www.motif.es\/blog\/que-tener-en-cuenta-para-colocar-los-nuevos-suelos-motif\/#breadcrumb"},"inLanguage":"es","potentialAction":[{"@type":"ReadAction","target":["https:\/\/www.motif.es\/blog\/que-tener-en-cuenta-para-colocar-los-nuevos-suelos-motif\/"]}]},{"@type":"ImageObject","inLanguage":"es","@id":"https:\/\/www.motif.es\/blog\/que-tener-en-cuenta-para-colocar-los-nuevos-suelos-motif\/#primaryimage","url":"https:\/\/www.motif.es\/blog\/wp-content\/uploads\/2021\/10\/AMBIENTE_LAGERTHA_GRIS_NEUTRO.jpg","contentUrl":"https:\/\/www.motif.es\/blog\/wp-content\/uploads\/2021\/10\/AMBIENTE_LAGERTHA_GRIS_NEUTRO.jpg","width":1000,"height":1000},{"@type":"BreadcrumbList","@id":"https:\/\/www.motif.es\/blog\/que-tener-en-cuenta-para-colocar-los-nuevos-suelos-motif\/#breadcrumb","itemListElement":[{"@type":"ListItem","position":1,"name":"Blog","item":"https:\/\/www.motif.es\/blog\/"},{"@type":"ListItem","position":2,"name":"sobre suelos vin\u00edlicos","item":"https:\/\/www.motif.es\/blog\/category\/sobre-suelos-vinilicos\/"},{"@type":"ListItem","position":3,"name":"\u00bfQu\u00e9 tener en cuenta para colocar los nuevos suelos MOTIF?"}]},{"@type":"WebSite","@id":"https:\/\/www.motif.es\/blog\/#website","url":"https:\/\/www.motif.es\/blog\/","name":"Blog Motif","description":"nuestro rinc\u00f3n para inspirarte","publisher":{"@id":"https:\/\/www.motif.es\/blog\/#organization"},"potentialAction":[{"@type":"SearchAction","target":{"@type":"EntryPoint","urlTemplate":"https:\/\/www.motif.es\/blog\/?s={search_term_string}"},"query-input":{"@type":"PropertyValueSpecification","valueRequired":true,"valueName":"search_term_string"}}],"inLanguage":"es"},{"@type":"Organization","@id":"https:\/\/www.motif.es\/blog\/#organization","name":"Motif Wallpapers S.L.U.","url":"https:\/\/www.motif.es\/blog\/","logo":{"@type":"ImageObject","inLanguage":"es","@id":"https:\/\/www.motif.es\/blog\/#\/schema\/logo\/image\/","url":"https:\/\/motif.es\/blog\/wp-content\/uploads\/2021\/06\/logo-motif.jpg","contentUrl":"https:\/\/motif.es\/blog\/wp-content\/uploads\/2021\/06\/logo-motif.jpg","width":464,"height":464,"caption":"Motif Wallpapers S.L.U."},"image":{"@id":"https:\/\/www.motif.es\/blog\/#\/schema\/logo\/image\/"},"sameAs":["https:\/\/www.facebook.com\/motifmorethanwalls\/","https:\/\/www.instagram.com\/motif_es\/?hl=es","https:\/\/www.pinterest.es\/motifwallpapers\/","https:\/\/www.youtube.com\/channel\/UCNaOmbxD6LjcQNj4vmfVIUg"]},{"@type":"Person","@id":"https:\/\/www.motif.es\/blog\/#\/schema\/person\/aac26ed80d8e02fb9525ec6b569d75e9","name":"Comunicaci\u00f3n Motif","image":{"@type":"ImageObject","inLanguage":"es","@id":"https:\/\/secure.gravatar.com\/avatar\/93b2fb49a03bd7a57b5f5e8c3b740113f14f25da86b090887d9353672de2d9b5?s=96&d=mm&r=g","url":"https:\/\/secure.gravatar.com\/avatar\/93b2fb49a03bd7a57b5f5e8c3b740113f14f25da86b090887d9353672de2d9b5?s=96&d=mm&r=g","contentUrl":"https:\/\/secure.gravatar.com\/avatar\/93b2fb49a03bd7a57b5f5e8c3b740113f14f25da86b090887d9353672de2d9b5?s=96&d=mm&r=g","caption":"Comunicaci\u00f3n Motif"},"url":"https:\/\/www.motif.es\/blog\/author\/comunicacion\/"}]}},"_links":{"self":[{"href":"https:\/\/www.motif.es\/blog\/wp-json\/wp\/v2\/posts\/1207","targetHints":{"allow":["GET"]}}],"collection":[{"href":"https:\/\/www.motif.es\/blog\/wp-json\/wp\/v2\/posts"}],"about":[{"href":"https:\/\/www.motif.es\/blog\/wp-json\/wp\/v2\/types\/post"}],"author":[{"embeddable":true,"href":"https:\/\/www.motif.es\/blog\/wp-json\/wp\/v2\/users\/2"}],"replies":[{"embeddable":true,"href":"https:\/\/www.motif.es\/blog\/wp-json\/wp\/v2\/comments?post=1207"}],"version-history":[{"count":3,"href":"https:\/\/www.motif.es\/blog\/wp-json\/wp\/v2\/posts\/1207\/revisions"}],"predecessor-version":[{"id":1213,"href":"https:\/\/www.motif.es\/blog\/wp-json\/wp\/v2\/posts\/1207\/revisions\/1213"}],"wp:featuredmedia":[{"embeddable":true,"href":"https:\/\/www.motif.es\/blog\/wp-json\/wp\/v2\/media\/1215"}],"wp:attachment":[{"href":"https:\/\/www.motif.es\/blog\/wp-json\/wp\/v2\/media?parent=1207"}],"wp:term":[{"taxonomy":"category","embeddable":true,"href":"https:\/\/www.motif.es\/blog\/wp-json\/wp\/v2\/categories?post=1207"},{"taxonomy":"post_tag","embeddable":true,"href":"https:\/\/www.motif.es\/blog\/wp-json\/wp\/v2\/tags?post=1207"}],"curies":[{"name":"wp","href":"https:\/\/api.w.org\/{rel}","templated":true}]}}