{"id":1231,"date":"2021-11-25T17:08:35","date_gmt":"2021-11-25T17:08:35","guid":{"rendered":"https:\/\/motif.es\/blog\/?p=1231"},"modified":"2021-12-15T17:19:57","modified_gmt":"2021-12-15T17:19:57","slug":"las-alfombras-vinilicas-tambien-son-perfectas-para-el-invierno","status":"publish","type":"post","link":"https:\/\/www.motif.es\/blog\/las-alfombras-vinilicas-tambien-son-perfectas-para-el-invierno\/","title":{"rendered":"Las alfombras vin\u00edlicas tambi\u00e9n son perfectas para el invierno"},"content":{"rendered":"<p>Nuestras <strong>alfombras vin\u00edlicas son maravillosas<\/strong> y no nos cansamos de dec\u00edroslo. Elegir una para tu casa es llev\u00e1rtela con un mont\u00f3n de ventajas. Te recordamos cuales:<\/p>\n<ul>\n<li>Son dise\u00f1os de tendencia que <strong>mejoran la decoraci\u00f3n<\/strong> de una estancia.<\/li>\n<li>No acumulan \u00e1caros ni polvo, con lo cual son perfectas para hogares donde hay animales y tambi\u00e9n personas con problemas de alergia.<\/li>\n<li>Se limpian muy f\u00e1cil, ya seas t\u00fa mismo quien la limpie, o un robot de limpieza que no tiene problema a pasar por encima.<\/li>\n<li>Tolera pr\u00e1cticamente cualquier producto de limpieza incluida la lej\u00eda.<\/li>\n<li>Y son <strong>alfombras impermeables<\/strong>, por tanto perfectas para su <a href=\"https:\/\/motif.es\/blog\/son-las-alfombras-vinilicas-para-interior-o-para-exterior\/\" target=\"_blank\" rel=\"noopener\">uso tanto en interior como exterior<\/a>.<\/li>\n<\/ul>\n<p style=\"text-align: center;\"><img loading=\"lazy\" decoding=\"async\" class=\"alignnone size-full wp-image-1234\" src=\"https:\/\/motif.es\/blog\/wp-content\/uploads\/2021\/12\/alfombra-vinilica-amina.jpg\" alt=\"\" width=\"1000\" height=\"1000\" srcset=\"https:\/\/www.motif.es\/blog\/wp-content\/uploads\/2021\/12\/alfombra-vinilica-amina.jpg 1000w, https:\/\/www.motif.es\/blog\/wp-content\/uploads\/2021\/12\/alfombra-vinilica-amina-300x300.jpg 300w, https:\/\/www.motif.es\/blog\/wp-content\/uploads\/2021\/12\/alfombra-vinilica-amina-150x150.jpg 150w, https:\/\/www.motif.es\/blog\/wp-content\/uploads\/2021\/12\/alfombra-vinilica-amina-768x768.jpg 768w, https:\/\/www.motif.es\/blog\/wp-content\/uploads\/2021\/12\/alfombra-vinilica-amina-400x400.jpg 400w, https:\/\/www.motif.es\/blog\/wp-content\/uploads\/2021\/12\/alfombra-vinilica-amina-96x96.jpg 96w\" sizes=\"auto, (max-width: 1000px) 100vw, 1000px\" \/><\/p>\n<p>Pero no es todo, adem\u00e1s son ideales para cualquier \u00e9poca del a\u00f1o, incluido el invierno.<\/p>\n<p>\u00bfEn qu\u00e9 nos basamos para decir esto?<\/p>\n<p>F\u00e1cil, en que otra de sus caracter\u00edsticas es que las <strong>alfombras vin\u00edlicas de MOTIF<\/strong> son resistentes a suelo radiante adem\u00e1s de funcionar como aislante t\u00e9rmico, protegiendo tus pies del pavimento demasiado fr\u00edo o incluso si estuviera demasiado caliente. Y no podemos olvidarnos de resaltar que a estas dos caracter\u00edsticas se suma el hecho de que son retardantes del fuego porque evitan su propagaci\u00f3n.<\/p>\n<p style=\"text-align: center;\"><img loading=\"lazy\" decoding=\"async\" class=\"alignnone size-full wp-image-1236\" src=\"https:\/\/motif.es\/blog\/wp-content\/uploads\/2021\/12\/AMBIENTE_ALFOMBRA_HOJAS_MENTA.jpg\" alt=\"\" width=\"1000\" height=\"1000\" srcset=\"https:\/\/www.motif.es\/blog\/wp-content\/uploads\/2021\/12\/AMBIENTE_ALFOMBRA_HOJAS_MENTA.jpg 1000w, https:\/\/www.motif.es\/blog\/wp-content\/uploads\/2021\/12\/AMBIENTE_ALFOMBRA_HOJAS_MENTA-300x300.jpg 300w, https:\/\/www.motif.es\/blog\/wp-content\/uploads\/2021\/12\/AMBIENTE_ALFOMBRA_HOJAS_MENTA-150x150.jpg 150w, https:\/\/www.motif.es\/blog\/wp-content\/uploads\/2021\/12\/AMBIENTE_ALFOMBRA_HOJAS_MENTA-768x768.jpg 768w, https:\/\/www.motif.es\/blog\/wp-content\/uploads\/2021\/12\/AMBIENTE_ALFOMBRA_HOJAS_MENTA-400x400.jpg 400w, https:\/\/www.motif.es\/blog\/wp-content\/uploads\/2021\/12\/AMBIENTE_ALFOMBRA_HOJAS_MENTA-96x96.jpg 96w\" sizes=\"auto, (max-width: 1000px) 100vw, 1000px\" \/><\/p>\n<p>En definitiva, si quieres d<strong>ar un nuevo aire a una estancia de tu casa con una alfombra<\/strong>, las ventajas de las vin\u00edlicas sin duda las hacen perfectas para que puedas lograrlo.<\/p>\n<p style=\"text-align: center;\"><img loading=\"lazy\" decoding=\"async\" class=\"alignnone size-full wp-image-1237\" src=\"https:\/\/motif.es\/blog\/wp-content\/uploads\/2021\/12\/AMBIENTE_ALFOMBRA_MOSAICO-VESOUL-III.jpg\" alt=\"\" width=\"1000\" height=\"1000\" srcset=\"https:\/\/www.motif.es\/blog\/wp-content\/uploads\/2021\/12\/AMBIENTE_ALFOMBRA_MOSAICO-VESOUL-III.jpg 1000w, https:\/\/www.motif.es\/blog\/wp-content\/uploads\/2021\/12\/AMBIENTE_ALFOMBRA_MOSAICO-VESOUL-III-300x300.jpg 300w, https:\/\/www.motif.es\/blog\/wp-content\/uploads\/2021\/12\/AMBIENTE_ALFOMBRA_MOSAICO-VESOUL-III-150x150.jpg 150w, https:\/\/www.motif.es\/blog\/wp-content\/uploads\/2021\/12\/AMBIENTE_ALFOMBRA_MOSAICO-VESOUL-III-768x768.jpg 768w, https:\/\/www.motif.es\/blog\/wp-content\/uploads\/2021\/12\/AMBIENTE_ALFOMBRA_MOSAICO-VESOUL-III-400x400.jpg 400w, https:\/\/www.motif.es\/blog\/wp-content\/uploads\/2021\/12\/AMBIENTE_ALFOMBRA_MOSAICO-VESOUL-III-96x96.jpg 96w\" sizes=\"auto, (max-width: 1000px) 100vw, 1000px\" \/><\/p>\n<p>En MOTIF las tenemos de distintos tama\u00f1os, formas y dise\u00f1os. Elige la que m\u00e1s te gusta <a href=\"https:\/\/www.motif.es\/18-alfombras-vinilicas\" target=\"_blank\" rel=\"noopener\">AQU\u00cd<\/a>.<\/p>\n<p>&nbsp;<\/p>\n<p>&nbsp;<\/p>\n","protected":false},"excerpt":{"rendered":"<p>Nuestras alfombras vin\u00edlicas son maravillosas y no nos cansamos de dec\u00edroslo. Elegir una para tu casa es llev\u00e1rtela con un mont\u00f3n de ventajas. Te recordamos cuales: Son dise\u00f1os de tendencia que mejoran la decoraci\u00f3n de una estancia. No acumulan \u00e1caros ni polvo, con lo cual son perfectas para hogares donde hay animales y tambi\u00e9n personas [&#8230;]<\/p>\n","protected":false},"author":2,"featured_media":1235,"comment_status":"open","ping_status":"open","sticky":false,"template":"","format":"standard","meta":{"_acf_changed":false,"footnotes":""},"categories":[8],"tags":[],"class_list":["post-1231","post","type-post","status-publish","format-standard","has-post-thumbnail","hentry","category-sobre-alfombras-vinilicas"],"acf":[],"yoast_head":"<!-- This site is optimized with the Yoast SEO plugin v27.5 - https:\/\/yoast.com\/product\/yoast-seo-wordpress\/ -->\n<title>Las alfombras vin\u00edlicas tambi\u00e9n son perfectas para el invierno - Blog Motif<\/title>\n<meta name=\"description\" content=\"Nuestras alfombras vin\u00edlicas son maravillosas y no nos cansamos de dec\u00edroslo. Elegir una para tu casa es llev\u00e1rtela con un mont\u00f3n de ventajas. Te\" \/>\n<meta name=\"robots\" content=\"index, follow, max-snippet:-1, max-image-preview:large, max-video-preview:-1\" \/>\n<link rel=\"canonical\" href=\"https:\/\/www.motif.es\/blog\/las-alfombras-vinilicas-tambien-son-perfectas-para-el-invierno\/\" \/>\n<meta property=\"og:locale\" content=\"es_ES\" \/>\n<meta property=\"og:type\" content=\"article\" \/>\n<meta property=\"og:title\" content=\"Las alfombras vin\u00edlicas tambi\u00e9n son perfectas para el invierno - Blog Motif\" \/>\n<meta property=\"og:description\" content=\"Nuestras alfombras vin\u00edlicas son maravillosas y no nos cansamos de dec\u00edroslo. Elegir una para tu casa es llev\u00e1rtela con un mont\u00f3n de ventajas. Te\" \/>\n<meta property=\"og:url\" content=\"https:\/\/www.motif.es\/blog\/las-alfombras-vinilicas-tambien-son-perfectas-para-el-invierno\/\" \/>\n<meta property=\"og:site_name\" content=\"Blog Motif\" \/>\n<meta property=\"article:publisher\" content=\"https:\/\/www.facebook.com\/motifmorethanwalls\/\" \/>\n<meta property=\"article:published_time\" content=\"2021-11-25T17:08:35+00:00\" \/>\n<meta property=\"article:modified_time\" content=\"2021-12-15T17:19:57+00:00\" \/>\n<meta property=\"og:image\" content=\"https:\/\/www.motif.es\/blog\/wp-content\/uploads\/2021\/12\/ALFOMBRA-BLOCKS_4.jpg\" \/>\n\t<meta property=\"og:image:width\" content=\"1000\" \/>\n\t<meta property=\"og:image:height\" content=\"1000\" \/>\n\t<meta property=\"og:image:type\" content=\"image\/jpeg\" \/>\n<meta name=\"author\" content=\"Comunicaci\u00f3n Motif\" \/>\n<meta name=\"twitter:card\" content=\"summary_large_image\" \/>\n<meta name=\"twitter:label1\" content=\"Escrito por\" \/>\n\t<meta name=\"twitter:data1\" content=\"Comunicaci\u00f3n Motif\" \/>\n\t<meta name=\"twitter:label2\" content=\"Tiempo de lectura\" \/>\n\t<meta name=\"twitter:data2\" content=\"1 minuto\" \/>\n<script type=\"application\/ld+json\" class=\"yoast-schema-graph\">{\"@context\":\"https:\\\/\\\/schema.org\",\"@graph\":[{\"@type\":\"Article\",\"@id\":\"https:\\\/\\\/www.motif.es\\\/blog\\\/las-alfombras-vinilicas-tambien-son-perfectas-para-el-invierno\\\/#article\",\"isPartOf\":{\"@id\":\"https:\\\/\\\/www.motif.es\\\/blog\\\/las-alfombras-vinilicas-tambien-son-perfectas-para-el-invierno\\\/\"},\"author\":{\"name\":\"Comunicaci\u00f3n Motif\",\"@id\":\"https:\\\/\\\/www.motif.es\\\/blog\\\/#\\\/schema\\\/person\\\/aac26ed80d8e02fb9525ec6b569d75e9\"},\"headline\":\"Las alfombras vin\u00edlicas tambi\u00e9n son perfectas para el invierno\",\"datePublished\":\"2021-11-25T17:08:35+00:00\",\"dateModified\":\"2021-12-15T17:19:57+00:00\",\"mainEntityOfPage\":{\"@id\":\"https:\\\/\\\/www.motif.es\\\/blog\\\/las-alfombras-vinilicas-tambien-son-perfectas-para-el-invierno\\\/\"},\"wordCount\":277,\"commentCount\":0,\"publisher\":{\"@id\":\"https:\\\/\\\/www.motif.es\\\/blog\\\/#organization\"},\"image\":{\"@id\":\"https:\\\/\\\/www.motif.es\\\/blog\\\/las-alfombras-vinilicas-tambien-son-perfectas-para-el-invierno\\\/#primaryimage\"},\"thumbnailUrl\":\"https:\\\/\\\/www.motif.es\\\/blog\\\/wp-content\\\/uploads\\\/2021\\\/12\\\/ALFOMBRA-BLOCKS_4.jpg\",\"articleSection\":[\"sobre alfombras vin\u00edlicas\"],\"inLanguage\":\"es\",\"potentialAction\":[{\"@type\":\"CommentAction\",\"name\":\"Comment\",\"target\":[\"https:\\\/\\\/www.motif.es\\\/blog\\\/las-alfombras-vinilicas-tambien-son-perfectas-para-el-invierno\\\/#respond\"]}]},{\"@type\":\"WebPage\",\"@id\":\"https:\\\/\\\/www.motif.es\\\/blog\\\/las-alfombras-vinilicas-tambien-son-perfectas-para-el-invierno\\\/\",\"url\":\"https:\\\/\\\/www.motif.es\\\/blog\\\/las-alfombras-vinilicas-tambien-son-perfectas-para-el-invierno\\\/\",\"name\":\"Las alfombras vin\u00edlicas tambi\u00e9n son perfectas para el invierno - Blog Motif\",\"isPartOf\":{\"@id\":\"https:\\\/\\\/www.motif.es\\\/blog\\\/#website\"},\"primaryImageOfPage\":{\"@id\":\"https:\\\/\\\/www.motif.es\\\/blog\\\/las-alfombras-vinilicas-tambien-son-perfectas-para-el-invierno\\\/#primaryimage\"},\"image\":{\"@id\":\"https:\\\/\\\/www.motif.es\\\/blog\\\/las-alfombras-vinilicas-tambien-son-perfectas-para-el-invierno\\\/#primaryimage\"},\"thumbnailUrl\":\"https:\\\/\\\/www.motif.es\\\/blog\\\/wp-content\\\/uploads\\\/2021\\\/12\\\/ALFOMBRA-BLOCKS_4.jpg\",\"datePublished\":\"2021-11-25T17:08:35+00:00\",\"dateModified\":\"2021-12-15T17:19:57+00:00\",\"description\":\"Nuestras alfombras vin\u00edlicas son maravillosas y no nos cansamos de dec\u00edroslo. Elegir una para tu casa es llev\u00e1rtela con un mont\u00f3n de ventajas. Te\",\"breadcrumb\":{\"@id\":\"https:\\\/\\\/www.motif.es\\\/blog\\\/las-alfombras-vinilicas-tambien-son-perfectas-para-el-invierno\\\/#breadcrumb\"},\"inLanguage\":\"es\",\"potentialAction\":[{\"@type\":\"ReadAction\",\"target\":[\"https:\\\/\\\/www.motif.es\\\/blog\\\/las-alfombras-vinilicas-tambien-son-perfectas-para-el-invierno\\\/\"]}]},{\"@type\":\"ImageObject\",\"inLanguage\":\"es\",\"@id\":\"https:\\\/\\\/www.motif.es\\\/blog\\\/las-alfombras-vinilicas-tambien-son-perfectas-para-el-invierno\\\/#primaryimage\",\"url\":\"https:\\\/\\\/www.motif.es\\\/blog\\\/wp-content\\\/uploads\\\/2021\\\/12\\\/ALFOMBRA-BLOCKS_4.jpg\",\"contentUrl\":\"https:\\\/\\\/www.motif.es\\\/blog\\\/wp-content\\\/uploads\\\/2021\\\/12\\\/ALFOMBRA-BLOCKS_4.jpg\",\"width\":1000,\"height\":1000},{\"@type\":\"BreadcrumbList\",\"@id\":\"https:\\\/\\\/www.motif.es\\\/blog\\\/las-alfombras-vinilicas-tambien-son-perfectas-para-el-invierno\\\/#breadcrumb\",\"itemListElement\":[{\"@type\":\"ListItem\",\"position\":1,\"name\":\"Blog\",\"item\":\"https:\\\/\\\/www.motif.es\\\/blog\\\/\"},{\"@type\":\"ListItem\",\"position\":2,\"name\":\"sobre alfombras vin\u00edlicas\",\"item\":\"https:\\\/\\\/www.motif.es\\\/blog\\\/category\\\/sobre-alfombras-vinilicas\\\/\"},{\"@type\":\"ListItem\",\"position\":3,\"name\":\"Las alfombras vin\u00edlicas tambi\u00e9n son perfectas para el invierno\"}]},{\"@type\":\"WebSite\",\"@id\":\"https:\\\/\\\/www.motif.es\\\/blog\\\/#website\",\"url\":\"https:\\\/\\\/www.motif.es\\\/blog\\\/\",\"name\":\"Blog Motif\",\"description\":\"nuestro rinc\u00f3n para inspirarte\",\"publisher\":{\"@id\":\"https:\\\/\\\/www.motif.es\\\/blog\\\/#organization\"},\"potentialAction\":[{\"@type\":\"SearchAction\",\"target\":{\"@type\":\"EntryPoint\",\"urlTemplate\":\"https:\\\/\\\/www.motif.es\\\/blog\\\/?s={search_term_string}\"},\"query-input\":{\"@type\":\"PropertyValueSpecification\",\"valueRequired\":true,\"valueName\":\"search_term_string\"}}],\"inLanguage\":\"es\"},{\"@type\":\"Organization\",\"@id\":\"https:\\\/\\\/www.motif.es\\\/blog\\\/#organization\",\"name\":\"Motif Wallpapers S.L.U.\",\"url\":\"https:\\\/\\\/www.motif.es\\\/blog\\\/\",\"logo\":{\"@type\":\"ImageObject\",\"inLanguage\":\"es\",\"@id\":\"https:\\\/\\\/www.motif.es\\\/blog\\\/#\\\/schema\\\/logo\\\/image\\\/\",\"url\":\"https:\\\/\\\/motif.es\\\/blog\\\/wp-content\\\/uploads\\\/2021\\\/06\\\/logo-motif.jpg\",\"contentUrl\":\"https:\\\/\\\/motif.es\\\/blog\\\/wp-content\\\/uploads\\\/2021\\\/06\\\/logo-motif.jpg\",\"width\":464,\"height\":464,\"caption\":\"Motif Wallpapers S.L.U.\"},\"image\":{\"@id\":\"https:\\\/\\\/www.motif.es\\\/blog\\\/#\\\/schema\\\/logo\\\/image\\\/\"},\"sameAs\":[\"https:\\\/\\\/www.facebook.com\\\/motifmorethanwalls\\\/\",\"https:\\\/\\\/www.instagram.com\\\/motif_es\\\/?hl=es\",\"https:\\\/\\\/www.pinterest.es\\\/motifwallpapers\\\/\",\"https:\\\/\\\/www.youtube.com\\\/channel\\\/UCNaOmbxD6LjcQNj4vmfVIUg\"]},{\"@type\":\"Person\",\"@id\":\"https:\\\/\\\/www.motif.es\\\/blog\\\/#\\\/schema\\\/person\\\/aac26ed80d8e02fb9525ec6b569d75e9\",\"name\":\"Comunicaci\u00f3n Motif\",\"image\":{\"@type\":\"ImageObject\",\"inLanguage\":\"es\",\"@id\":\"https:\\\/\\\/secure.gravatar.com\\\/avatar\\\/93b2fb49a03bd7a57b5f5e8c3b740113f14f25da86b090887d9353672de2d9b5?s=96&d=mm&r=g\",\"url\":\"https:\\\/\\\/secure.gravatar.com\\\/avatar\\\/93b2fb49a03bd7a57b5f5e8c3b740113f14f25da86b090887d9353672de2d9b5?s=96&d=mm&r=g\",\"contentUrl\":\"https:\\\/\\\/secure.gravatar.com\\\/avatar\\\/93b2fb49a03bd7a57b5f5e8c3b740113f14f25da86b090887d9353672de2d9b5?s=96&d=mm&r=g\",\"caption\":\"Comunicaci\u00f3n Motif\"},\"url\":\"https:\\\/\\\/www.motif.es\\\/blog\\\/author\\\/comunicacion\\\/\"}]}<\/script>\n<!-- \/ Yoast SEO plugin. -->","yoast_head_json":{"title":"Las alfombras vin\u00edlicas tambi\u00e9n son perfectas para el invierno - Blog Motif","description":"Nuestras alfombras vin\u00edlicas son maravillosas y no nos cansamos de dec\u00edroslo. Elegir una para tu casa es llev\u00e1rtela con un mont\u00f3n de ventajas. Te","robots":{"index":"index","follow":"follow","max-snippet":"max-snippet:-1","max-image-preview":"max-image-preview:large","max-video-preview":"max-video-preview:-1"},"canonical":"https:\/\/www.motif.es\/blog\/las-alfombras-vinilicas-tambien-son-perfectas-para-el-invierno\/","og_locale":"es_ES","og_type":"article","og_title":"Las alfombras vin\u00edlicas tambi\u00e9n son perfectas para el invierno - Blog Motif","og_description":"Nuestras alfombras vin\u00edlicas son maravillosas y no nos cansamos de dec\u00edroslo. Elegir una para tu casa es llev\u00e1rtela con un mont\u00f3n de ventajas. Te","og_url":"https:\/\/www.motif.es\/blog\/las-alfombras-vinilicas-tambien-son-perfectas-para-el-invierno\/","og_site_name":"Blog Motif","article_publisher":"https:\/\/www.facebook.com\/motifmorethanwalls\/","article_published_time":"2021-11-25T17:08:35+00:00","article_modified_time":"2021-12-15T17:19:57+00:00","og_image":[{"width":1000,"height":1000,"url":"https:\/\/www.motif.es\/blog\/wp-content\/uploads\/2021\/12\/ALFOMBRA-BLOCKS_4.jpg","type":"image\/jpeg"}],"author":"Comunicaci\u00f3n Motif","twitter_card":"summary_large_image","twitter_misc":{"Escrito por":"Comunicaci\u00f3n Motif","Tiempo de lectura":"1 minuto"},"schema":{"@context":"https:\/\/schema.org","@graph":[{"@type":"Article","@id":"https:\/\/www.motif.es\/blog\/las-alfombras-vinilicas-tambien-son-perfectas-para-el-invierno\/#article","isPartOf":{"@id":"https:\/\/www.motif.es\/blog\/las-alfombras-vinilicas-tambien-son-perfectas-para-el-invierno\/"},"author":{"name":"Comunicaci\u00f3n Motif","@id":"https:\/\/www.motif.es\/blog\/#\/schema\/person\/aac26ed80d8e02fb9525ec6b569d75e9"},"headline":"Las alfombras vin\u00edlicas tambi\u00e9n son perfectas para el invierno","datePublished":"2021-11-25T17:08:35+00:00","dateModified":"2021-12-15T17:19:57+00:00","mainEntityOfPage":{"@id":"https:\/\/www.motif.es\/blog\/las-alfombras-vinilicas-tambien-son-perfectas-para-el-invierno\/"},"wordCount":277,"commentCount":0,"publisher":{"@id":"https:\/\/www.motif.es\/blog\/#organization"},"image":{"@id":"https:\/\/www.motif.es\/blog\/las-alfombras-vinilicas-tambien-son-perfectas-para-el-invierno\/#primaryimage"},"thumbnailUrl":"https:\/\/www.motif.es\/blog\/wp-content\/uploads\/2021\/12\/ALFOMBRA-BLOCKS_4.jpg","articleSection":["sobre alfombras vin\u00edlicas"],"inLanguage":"es","potentialAction":[{"@type":"CommentAction","name":"Comment","target":["https:\/\/www.motif.es\/blog\/las-alfombras-vinilicas-tambien-son-perfectas-para-el-invierno\/#respond"]}]},{"@type":"WebPage","@id":"https:\/\/www.motif.es\/blog\/las-alfombras-vinilicas-tambien-son-perfectas-para-el-invierno\/","url":"https:\/\/www.motif.es\/blog\/las-alfombras-vinilicas-tambien-son-perfectas-para-el-invierno\/","name":"Las alfombras vin\u00edlicas tambi\u00e9n son perfectas para el invierno - Blog Motif","isPartOf":{"@id":"https:\/\/www.motif.es\/blog\/#website"},"primaryImageOfPage":{"@id":"https:\/\/www.motif.es\/blog\/las-alfombras-vinilicas-tambien-son-perfectas-para-el-invierno\/#primaryimage"},"image":{"@id":"https:\/\/www.motif.es\/blog\/las-alfombras-vinilicas-tambien-son-perfectas-para-el-invierno\/#primaryimage"},"thumbnailUrl":"https:\/\/www.motif.es\/blog\/wp-content\/uploads\/2021\/12\/ALFOMBRA-BLOCKS_4.jpg","datePublished":"2021-11-25T17:08:35+00:00","dateModified":"2021-12-15T17:19:57+00:00","description":"Nuestras alfombras vin\u00edlicas son maravillosas y no nos cansamos de dec\u00edroslo. Elegir una para tu casa es llev\u00e1rtela con un mont\u00f3n de ventajas. Te","breadcrumb":{"@id":"https:\/\/www.motif.es\/blog\/las-alfombras-vinilicas-tambien-son-perfectas-para-el-invierno\/#breadcrumb"},"inLanguage":"es","potentialAction":[{"@type":"ReadAction","target":["https:\/\/www.motif.es\/blog\/las-alfombras-vinilicas-tambien-son-perfectas-para-el-invierno\/"]}]},{"@type":"ImageObject","inLanguage":"es","@id":"https:\/\/www.motif.es\/blog\/las-alfombras-vinilicas-tambien-son-perfectas-para-el-invierno\/#primaryimage","url":"https:\/\/www.motif.es\/blog\/wp-content\/uploads\/2021\/12\/ALFOMBRA-BLOCKS_4.jpg","contentUrl":"https:\/\/www.motif.es\/blog\/wp-content\/uploads\/2021\/12\/ALFOMBRA-BLOCKS_4.jpg","width":1000,"height":1000},{"@type":"BreadcrumbList","@id":"https:\/\/www.motif.es\/blog\/las-alfombras-vinilicas-tambien-son-perfectas-para-el-invierno\/#breadcrumb","itemListElement":[{"@type":"ListItem","position":1,"name":"Blog","item":"https:\/\/www.motif.es\/blog\/"},{"@type":"ListItem","position":2,"name":"sobre alfombras vin\u00edlicas","item":"https:\/\/www.motif.es\/blog\/category\/sobre-alfombras-vinilicas\/"},{"@type":"ListItem","position":3,"name":"Las alfombras vin\u00edlicas tambi\u00e9n son perfectas para el invierno"}]},{"@type":"WebSite","@id":"https:\/\/www.motif.es\/blog\/#website","url":"https:\/\/www.motif.es\/blog\/","name":"Blog Motif","description":"nuestro rinc\u00f3n para inspirarte","publisher":{"@id":"https:\/\/www.motif.es\/blog\/#organization"},"potentialAction":[{"@type":"SearchAction","target":{"@type":"EntryPoint","urlTemplate":"https:\/\/www.motif.es\/blog\/?s={search_term_string}"},"query-input":{"@type":"PropertyValueSpecification","valueRequired":true,"valueName":"search_term_string"}}],"inLanguage":"es"},{"@type":"Organization","@id":"https:\/\/www.motif.es\/blog\/#organization","name":"Motif Wallpapers S.L.U.","url":"https:\/\/www.motif.es\/blog\/","logo":{"@type":"ImageObject","inLanguage":"es","@id":"https:\/\/www.motif.es\/blog\/#\/schema\/logo\/image\/","url":"https:\/\/motif.es\/blog\/wp-content\/uploads\/2021\/06\/logo-motif.jpg","contentUrl":"https:\/\/motif.es\/blog\/wp-content\/uploads\/2021\/06\/logo-motif.jpg","width":464,"height":464,"caption":"Motif Wallpapers S.L.U."},"image":{"@id":"https:\/\/www.motif.es\/blog\/#\/schema\/logo\/image\/"},"sameAs":["https:\/\/www.facebook.com\/motifmorethanwalls\/","https:\/\/www.instagram.com\/motif_es\/?hl=es","https:\/\/www.pinterest.es\/motifwallpapers\/","https:\/\/www.youtube.com\/channel\/UCNaOmbxD6LjcQNj4vmfVIUg"]},{"@type":"Person","@id":"https:\/\/www.motif.es\/blog\/#\/schema\/person\/aac26ed80d8e02fb9525ec6b569d75e9","name":"Comunicaci\u00f3n Motif","image":{"@type":"ImageObject","inLanguage":"es","@id":"https:\/\/secure.gravatar.com\/avatar\/93b2fb49a03bd7a57b5f5e8c3b740113f14f25da86b090887d9353672de2d9b5?s=96&d=mm&r=g","url":"https:\/\/secure.gravatar.com\/avatar\/93b2fb49a03bd7a57b5f5e8c3b740113f14f25da86b090887d9353672de2d9b5?s=96&d=mm&r=g","contentUrl":"https:\/\/secure.gravatar.com\/avatar\/93b2fb49a03bd7a57b5f5e8c3b740113f14f25da86b090887d9353672de2d9b5?s=96&d=mm&r=g","caption":"Comunicaci\u00f3n Motif"},"url":"https:\/\/www.motif.es\/blog\/author\/comunicacion\/"}]}},"_links":{"self":[{"href":"https:\/\/www.motif.es\/blog\/wp-json\/wp\/v2\/posts\/1231","targetHints":{"allow":["GET"]}}],"collection":[{"href":"https:\/\/www.motif.es\/blog\/wp-json\/wp\/v2\/posts"}],"about":[{"href":"https:\/\/www.motif.es\/blog\/wp-json\/wp\/v2\/types\/post"}],"author":[{"embeddable":true,"href":"https:\/\/www.motif.es\/blog\/wp-json\/wp\/v2\/users\/2"}],"replies":[{"embeddable":true,"href":"https:\/\/www.motif.es\/blog\/wp-json\/wp\/v2\/comments?post=1231"}],"version-history":[{"count":2,"href":"https:\/\/www.motif.es\/blog\/wp-json\/wp\/v2\/posts\/1231\/revisions"}],"predecessor-version":[{"id":1238,"href":"https:\/\/www.motif.es\/blog\/wp-json\/wp\/v2\/posts\/1231\/revisions\/1238"}],"wp:featuredmedia":[{"embeddable":true,"href":"https:\/\/www.motif.es\/blog\/wp-json\/wp\/v2\/media\/1235"}],"wp:attachment":[{"href":"https:\/\/www.motif.es\/blog\/wp-json\/wp\/v2\/media?parent=1231"}],"wp:term":[{"taxonomy":"category","embeddable":true,"href":"https:\/\/www.motif.es\/blog\/wp-json\/wp\/v2\/categories?post=1231"},{"taxonomy":"post_tag","embeddable":true,"href":"https:\/\/www.motif.es\/blog\/wp-json\/wp\/v2\/tags?post=1231"}],"curies":[{"name":"wp","href":"https:\/\/api.w.org\/{rel}","templated":true}]}}