{"id":1239,"date":"2021-12-13T17:21:01","date_gmt":"2021-12-13T17:21:01","guid":{"rendered":"https:\/\/motif.es\/blog\/?p=1239"},"modified":"2021-12-15T17:42:34","modified_gmt":"2021-12-15T17:42:34","slug":"te-gustaria-recibir-unos-stickers-navidenos-de-regalo-te-contamos-como","status":"publish","type":"post","link":"https:\/\/www.motif.es\/blog\/te-gustaria-recibir-unos-stickers-navidenos-de-regalo-te-contamos-como\/","title":{"rendered":"\u00bfTe gustar\u00eda recibir unos stickers navide\u00f1os de regalo? Te contamos c\u00f3mo"},"content":{"rendered":"<p>Llega la Navidad y con ella una \u00e9poca que, seamos sinceros, viene cargada de ilusi\u00f3n por muchos motivos como los tan esperados reencuentros con familia y amigos, y \u00bfpor qu\u00e9 no? Esos regalitos que, si os hab\u00e9is portado bien?, os traer\u00e1n <a href=\"https:\/\/play.google.com\/store\/apps\/details?id=com.ugroupmedia.pnp14&amp;hl=es_419&amp;gl=US\" target=\"_blank\" rel=\"noopener\">Pap\u00e1 Noel<\/a> y los Reyes Magos, o ahora tambi\u00e9n MOTIF con tu pr\u00f3ximo pedido.<\/p>\n<p>As\u00ed es, en MOTIF hemos puesto en marcha esta peque\u00f1a sorpresa en los pedidos que se hagan desde este lunes 13 de diciembre y hasta que se acaben de existencias. A todos los pedidos que superen los 25\u20ac les enviaremos unos <strong>stickers autoadhesivos navide\u00f1os<\/strong>.<\/p>\n<p style=\"text-align: center;\"><img loading=\"lazy\" decoding=\"async\" class=\"alignnone size-full wp-image-1241\" src=\"https:\/\/motif.es\/blog\/wp-content\/uploads\/2021\/12\/BANNER-STICKERS-NAVIDAD.jpg\" alt=\"\" width=\"1000\" height=\"1000\" srcset=\"https:\/\/www.motif.es\/blog\/wp-content\/uploads\/2021\/12\/BANNER-STICKERS-NAVIDAD.jpg 1000w, https:\/\/www.motif.es\/blog\/wp-content\/uploads\/2021\/12\/BANNER-STICKERS-NAVIDAD-300x300.jpg 300w, https:\/\/www.motif.es\/blog\/wp-content\/uploads\/2021\/12\/BANNER-STICKERS-NAVIDAD-150x150.jpg 150w, https:\/\/www.motif.es\/blog\/wp-content\/uploads\/2021\/12\/BANNER-STICKERS-NAVIDAD-768x768.jpg 768w, https:\/\/www.motif.es\/blog\/wp-content\/uploads\/2021\/12\/BANNER-STICKERS-NAVIDAD-400x400.jpg 400w, https:\/\/www.motif.es\/blog\/wp-content\/uploads\/2021\/12\/BANNER-STICKERS-NAVIDAD-96x96.jpg 96w\" sizes=\"auto, (max-width: 1000px) 100vw, 1000px\" \/><\/p>\n<p>\u00bfConoces los que tenemos?<\/p>\n<p>En nuestra <a href=\"https:\/\/www.motif.es\/147-navidad\" target=\"_blank\" rel=\"noopener\">secci\u00f3n de Navidad<\/a> puedes ver algunos de los que podr\u00edan llegarte cuando recibas tu pr\u00f3xima compra, como por ejemplo el <strong>Sticker Pap\u00e1 Noel, o el Sticker Vintage Winter, el Sticker Magic Rudolph<\/strong>, entre muchos otros super divertidos para vestir de navidad tu casa, o para <strong>montar un \u00e1rbol de lo m\u00e1s original<\/strong> como estos dos, aunque no son los \u00fanicos.<\/p>\n<p style=\"text-align: center;\"><img loading=\"lazy\" decoding=\"async\" class=\"alignnone size-full wp-image-1242\" src=\"https:\/\/motif.es\/blog\/wp-content\/uploads\/2021\/12\/sticker-label-tree-1.jpg\" alt=\"\" width=\"2000\" height=\"2000\" srcset=\"https:\/\/www.motif.es\/blog\/wp-content\/uploads\/2021\/12\/sticker-label-tree-1.jpg 2000w, https:\/\/www.motif.es\/blog\/wp-content\/uploads\/2021\/12\/sticker-label-tree-1-300x300.jpg 300w, https:\/\/www.motif.es\/blog\/wp-content\/uploads\/2021\/12\/sticker-label-tree-1-1024x1024.jpg 1024w, https:\/\/www.motif.es\/blog\/wp-content\/uploads\/2021\/12\/sticker-label-tree-1-150x150.jpg 150w, https:\/\/www.motif.es\/blog\/wp-content\/uploads\/2021\/12\/sticker-label-tree-1-768x768.jpg 768w, https:\/\/www.motif.es\/blog\/wp-content\/uploads\/2021\/12\/sticker-label-tree-1-1536x1536.jpg 1536w, https:\/\/www.motif.es\/blog\/wp-content\/uploads\/2021\/12\/sticker-label-tree-1-1200x1200.jpg 1200w, https:\/\/www.motif.es\/blog\/wp-content\/uploads\/2021\/12\/sticker-label-tree-1-1980x1980.jpg 1980w, https:\/\/www.motif.es\/blog\/wp-content\/uploads\/2021\/12\/sticker-label-tree-1-400x400.jpg 400w, https:\/\/www.motif.es\/blog\/wp-content\/uploads\/2021\/12\/sticker-label-tree-1-96x96.jpg 96w\" sizes=\"auto, (max-width: 2000px) 100vw, 2000px\" \/><\/p>\n<p style=\"text-align: center;\"><img loading=\"lazy\" decoding=\"async\" class=\"alignnone size-full wp-image-1243\" src=\"https:\/\/motif.es\/blog\/wp-content\/uploads\/2021\/12\/sticker-elegant-tree.jpg\" alt=\"\" width=\"2000\" height=\"2000\" srcset=\"https:\/\/www.motif.es\/blog\/wp-content\/uploads\/2021\/12\/sticker-elegant-tree.jpg 2000w, https:\/\/www.motif.es\/blog\/wp-content\/uploads\/2021\/12\/sticker-elegant-tree-300x300.jpg 300w, https:\/\/www.motif.es\/blog\/wp-content\/uploads\/2021\/12\/sticker-elegant-tree-1024x1024.jpg 1024w, https:\/\/www.motif.es\/blog\/wp-content\/uploads\/2021\/12\/sticker-elegant-tree-150x150.jpg 150w, https:\/\/www.motif.es\/blog\/wp-content\/uploads\/2021\/12\/sticker-elegant-tree-768x768.jpg 768w, https:\/\/www.motif.es\/blog\/wp-content\/uploads\/2021\/12\/sticker-elegant-tree-1536x1536.jpg 1536w, https:\/\/www.motif.es\/blog\/wp-content\/uploads\/2021\/12\/sticker-elegant-tree-1200x1200.jpg 1200w, https:\/\/www.motif.es\/blog\/wp-content\/uploads\/2021\/12\/sticker-elegant-tree-1980x1980.jpg 1980w, https:\/\/www.motif.es\/blog\/wp-content\/uploads\/2021\/12\/sticker-elegant-tree-400x400.jpg 400w, https:\/\/www.motif.es\/blog\/wp-content\/uploads\/2021\/12\/sticker-elegant-tree-96x96.jpg 96w\" sizes=\"auto, (max-width: 2000px) 100vw, 2000px\" \/><\/p>\n<p>En definitiva, en MOTIF tambi\u00e9n queremos acercarte un poco de nuestra navidad para que puedas compartirla con los tuyos en el calor de tu hogar<\/p>\n<p>?<\/p>\n","protected":false},"excerpt":{"rendered":"<p>Llega la Navidad y con ella una \u00e9poca que, seamos sinceros, viene cargada de ilusi\u00f3n por muchos motivos como los tan esperados reencuentros con familia y amigos, y \u00bfpor qu\u00e9 no? Esos regalitos que, si os hab\u00e9is portado bien?, os traer\u00e1n Pap\u00e1 Noel y los Reyes Magos, o ahora tambi\u00e9n MOTIF con tu pr\u00f3ximo pedido. [&#8230;]<\/p>\n","protected":false},"author":2,"featured_media":1244,"comment_status":"open","ping_status":"open","sticky":false,"template":"","format":"standard","meta":{"_acf_changed":false,"footnotes":""},"categories":[12],"tags":[],"class_list":["post-1239","post","type-post","status-publish","format-standard","has-post-thumbnail","hentry","category-sobre-stikers"],"acf":[],"yoast_head":"<!-- This site is optimized with the Yoast SEO plugin v27.4 - https:\/\/yoast.com\/product\/yoast-seo-wordpress\/ -->\n<title>\u00bfTe gustar\u00eda recibir unos stickers navide\u00f1os de regalo? Te contamos c\u00f3mo - Blog Motif<\/title>\n<meta name=\"description\" content=\"Llega la Navidad y con ella una \u00e9poca que, seamos sinceros, viene cargada de ilusi\u00f3n por muchos motivos como los tan esperados reencuentros con familia y\" \/>\n<meta name=\"robots\" content=\"index, follow, max-snippet:-1, max-image-preview:large, max-video-preview:-1\" \/>\n<link rel=\"canonical\" href=\"https:\/\/www.motif.es\/blog\/te-gustaria-recibir-unos-stickers-navidenos-de-regalo-te-contamos-como\/\" \/>\n<meta property=\"og:locale\" content=\"es_ES\" \/>\n<meta property=\"og:type\" content=\"article\" \/>\n<meta property=\"og:title\" content=\"\u00bfTe gustar\u00eda recibir unos stickers navide\u00f1os de regalo? Te contamos c\u00f3mo - Blog Motif\" \/>\n<meta property=\"og:description\" content=\"Llega la Navidad y con ella una \u00e9poca que, seamos sinceros, viene cargada de ilusi\u00f3n por muchos motivos como los tan esperados reencuentros con familia y\" \/>\n<meta property=\"og:url\" content=\"https:\/\/www.motif.es\/blog\/te-gustaria-recibir-unos-stickers-navidenos-de-regalo-te-contamos-como\/\" \/>\n<meta property=\"og:site_name\" content=\"Blog Motif\" \/>\n<meta property=\"article:publisher\" content=\"https:\/\/www.facebook.com\/motifmorethanwalls\/\" \/>\n<meta property=\"article:published_time\" content=\"2021-12-13T17:21:01+00:00\" \/>\n<meta property=\"article:modified_time\" content=\"2021-12-15T17:42:34+00:00\" \/>\n<meta property=\"og:image\" content=\"https:\/\/www.motif.es\/blog\/wp-content\/uploads\/2021\/12\/sticker-vintage-winter.jpg\" \/>\n\t<meta property=\"og:image:width\" content=\"2000\" \/>\n\t<meta property=\"og:image:height\" content=\"2000\" \/>\n\t<meta property=\"og:image:type\" content=\"image\/jpeg\" \/>\n<meta name=\"author\" content=\"Comunicaci\u00f3n Motif\" \/>\n<meta name=\"twitter:card\" content=\"summary_large_image\" \/>\n<meta name=\"twitter:label1\" content=\"Escrito por\" \/>\n\t<meta name=\"twitter:data1\" content=\"Comunicaci\u00f3n Motif\" \/>\n\t<meta name=\"twitter:label2\" content=\"Tiempo de lectura\" \/>\n\t<meta name=\"twitter:data2\" content=\"1 minuto\" \/>\n<script type=\"application\/ld+json\" class=\"yoast-schema-graph\">{\"@context\":\"https:\\\/\\\/schema.org\",\"@graph\":[{\"@type\":\"Article\",\"@id\":\"https:\\\/\\\/www.motif.es\\\/blog\\\/te-gustaria-recibir-unos-stickers-navidenos-de-regalo-te-contamos-como\\\/#article\",\"isPartOf\":{\"@id\":\"https:\\\/\\\/www.motif.es\\\/blog\\\/te-gustaria-recibir-unos-stickers-navidenos-de-regalo-te-contamos-como\\\/\"},\"author\":{\"name\":\"Comunicaci\u00f3n Motif\",\"@id\":\"https:\\\/\\\/www.motif.es\\\/blog\\\/#\\\/schema\\\/person\\\/aac26ed80d8e02fb9525ec6b569d75e9\"},\"headline\":\"\u00bfTe gustar\u00eda recibir unos stickers navide\u00f1os de regalo? Te contamos c\u00f3mo\",\"datePublished\":\"2021-12-13T17:21:01+00:00\",\"dateModified\":\"2021-12-15T17:42:34+00:00\",\"mainEntityOfPage\":{\"@id\":\"https:\\\/\\\/www.motif.es\\\/blog\\\/te-gustaria-recibir-unos-stickers-navidenos-de-regalo-te-contamos-como\\\/\"},\"wordCount\":214,\"commentCount\":0,\"publisher\":{\"@id\":\"https:\\\/\\\/www.motif.es\\\/blog\\\/#organization\"},\"image\":{\"@id\":\"https:\\\/\\\/www.motif.es\\\/blog\\\/te-gustaria-recibir-unos-stickers-navidenos-de-regalo-te-contamos-como\\\/#primaryimage\"},\"thumbnailUrl\":\"https:\\\/\\\/www.motif.es\\\/blog\\\/wp-content\\\/uploads\\\/2021\\\/12\\\/sticker-vintage-winter.jpg\",\"articleSection\":[\"sobre stikers\"],\"inLanguage\":\"es\",\"potentialAction\":[{\"@type\":\"CommentAction\",\"name\":\"Comment\",\"target\":[\"https:\\\/\\\/www.motif.es\\\/blog\\\/te-gustaria-recibir-unos-stickers-navidenos-de-regalo-te-contamos-como\\\/#respond\"]}]},{\"@type\":\"WebPage\",\"@id\":\"https:\\\/\\\/www.motif.es\\\/blog\\\/te-gustaria-recibir-unos-stickers-navidenos-de-regalo-te-contamos-como\\\/\",\"url\":\"https:\\\/\\\/www.motif.es\\\/blog\\\/te-gustaria-recibir-unos-stickers-navidenos-de-regalo-te-contamos-como\\\/\",\"name\":\"\u00bfTe gustar\u00eda recibir unos stickers navide\u00f1os de regalo? Te contamos c\u00f3mo - Blog Motif\",\"isPartOf\":{\"@id\":\"https:\\\/\\\/www.motif.es\\\/blog\\\/#website\"},\"primaryImageOfPage\":{\"@id\":\"https:\\\/\\\/www.motif.es\\\/blog\\\/te-gustaria-recibir-unos-stickers-navidenos-de-regalo-te-contamos-como\\\/#primaryimage\"},\"image\":{\"@id\":\"https:\\\/\\\/www.motif.es\\\/blog\\\/te-gustaria-recibir-unos-stickers-navidenos-de-regalo-te-contamos-como\\\/#primaryimage\"},\"thumbnailUrl\":\"https:\\\/\\\/www.motif.es\\\/blog\\\/wp-content\\\/uploads\\\/2021\\\/12\\\/sticker-vintage-winter.jpg\",\"datePublished\":\"2021-12-13T17:21:01+00:00\",\"dateModified\":\"2021-12-15T17:42:34+00:00\",\"description\":\"Llega la Navidad y con ella una \u00e9poca que, seamos sinceros, viene cargada de ilusi\u00f3n por muchos motivos como los tan esperados reencuentros con familia y\",\"breadcrumb\":{\"@id\":\"https:\\\/\\\/www.motif.es\\\/blog\\\/te-gustaria-recibir-unos-stickers-navidenos-de-regalo-te-contamos-como\\\/#breadcrumb\"},\"inLanguage\":\"es\",\"potentialAction\":[{\"@type\":\"ReadAction\",\"target\":[\"https:\\\/\\\/www.motif.es\\\/blog\\\/te-gustaria-recibir-unos-stickers-navidenos-de-regalo-te-contamos-como\\\/\"]}]},{\"@type\":\"ImageObject\",\"inLanguage\":\"es\",\"@id\":\"https:\\\/\\\/www.motif.es\\\/blog\\\/te-gustaria-recibir-unos-stickers-navidenos-de-regalo-te-contamos-como\\\/#primaryimage\",\"url\":\"https:\\\/\\\/www.motif.es\\\/blog\\\/wp-content\\\/uploads\\\/2021\\\/12\\\/sticker-vintage-winter.jpg\",\"contentUrl\":\"https:\\\/\\\/www.motif.es\\\/blog\\\/wp-content\\\/uploads\\\/2021\\\/12\\\/sticker-vintage-winter.jpg\",\"width\":2000,\"height\":2000},{\"@type\":\"BreadcrumbList\",\"@id\":\"https:\\\/\\\/www.motif.es\\\/blog\\\/te-gustaria-recibir-unos-stickers-navidenos-de-regalo-te-contamos-como\\\/#breadcrumb\",\"itemListElement\":[{\"@type\":\"ListItem\",\"position\":1,\"name\":\"Blog\",\"item\":\"https:\\\/\\\/www.motif.es\\\/blog\\\/\"},{\"@type\":\"ListItem\",\"position\":2,\"name\":\"sobre stikers\",\"item\":\"https:\\\/\\\/www.motif.es\\\/blog\\\/category\\\/sobre-stikers\\\/\"},{\"@type\":\"ListItem\",\"position\":3,\"name\":\"\u00bfTe gustar\u00eda recibir unos stickers navide\u00f1os de regalo? Te contamos c\u00f3mo\"}]},{\"@type\":\"WebSite\",\"@id\":\"https:\\\/\\\/www.motif.es\\\/blog\\\/#website\",\"url\":\"https:\\\/\\\/www.motif.es\\\/blog\\\/\",\"name\":\"Blog Motif\",\"description\":\"nuestro rinc\u00f3n para inspirarte\",\"publisher\":{\"@id\":\"https:\\\/\\\/www.motif.es\\\/blog\\\/#organization\"},\"potentialAction\":[{\"@type\":\"SearchAction\",\"target\":{\"@type\":\"EntryPoint\",\"urlTemplate\":\"https:\\\/\\\/www.motif.es\\\/blog\\\/?s={search_term_string}\"},\"query-input\":{\"@type\":\"PropertyValueSpecification\",\"valueRequired\":true,\"valueName\":\"search_term_string\"}}],\"inLanguage\":\"es\"},{\"@type\":\"Organization\",\"@id\":\"https:\\\/\\\/www.motif.es\\\/blog\\\/#organization\",\"name\":\"Motif Wallpapers S.L.U.\",\"url\":\"https:\\\/\\\/www.motif.es\\\/blog\\\/\",\"logo\":{\"@type\":\"ImageObject\",\"inLanguage\":\"es\",\"@id\":\"https:\\\/\\\/www.motif.es\\\/blog\\\/#\\\/schema\\\/logo\\\/image\\\/\",\"url\":\"https:\\\/\\\/motif.es\\\/blog\\\/wp-content\\\/uploads\\\/2021\\\/06\\\/logo-motif.jpg\",\"contentUrl\":\"https:\\\/\\\/motif.es\\\/blog\\\/wp-content\\\/uploads\\\/2021\\\/06\\\/logo-motif.jpg\",\"width\":464,\"height\":464,\"caption\":\"Motif Wallpapers S.L.U.\"},\"image\":{\"@id\":\"https:\\\/\\\/www.motif.es\\\/blog\\\/#\\\/schema\\\/logo\\\/image\\\/\"},\"sameAs\":[\"https:\\\/\\\/www.facebook.com\\\/motifmorethanwalls\\\/\",\"https:\\\/\\\/www.instagram.com\\\/motif_es\\\/?hl=es\",\"https:\\\/\\\/www.pinterest.es\\\/motifwallpapers\\\/\",\"https:\\\/\\\/www.youtube.com\\\/channel\\\/UCNaOmbxD6LjcQNj4vmfVIUg\"]},{\"@type\":\"Person\",\"@id\":\"https:\\\/\\\/www.motif.es\\\/blog\\\/#\\\/schema\\\/person\\\/aac26ed80d8e02fb9525ec6b569d75e9\",\"name\":\"Comunicaci\u00f3n Motif\",\"image\":{\"@type\":\"ImageObject\",\"inLanguage\":\"es\",\"@id\":\"https:\\\/\\\/secure.gravatar.com\\\/avatar\\\/93b2fb49a03bd7a57b5f5e8c3b740113f14f25da86b090887d9353672de2d9b5?s=96&d=mm&r=g\",\"url\":\"https:\\\/\\\/secure.gravatar.com\\\/avatar\\\/93b2fb49a03bd7a57b5f5e8c3b740113f14f25da86b090887d9353672de2d9b5?s=96&d=mm&r=g\",\"contentUrl\":\"https:\\\/\\\/secure.gravatar.com\\\/avatar\\\/93b2fb49a03bd7a57b5f5e8c3b740113f14f25da86b090887d9353672de2d9b5?s=96&d=mm&r=g\",\"caption\":\"Comunicaci\u00f3n Motif\"},\"url\":\"https:\\\/\\\/www.motif.es\\\/blog\\\/author\\\/comunicacion\\\/\"}]}<\/script>\n<!-- \/ Yoast SEO plugin. -->","yoast_head_json":{"title":"\u00bfTe gustar\u00eda recibir unos stickers navide\u00f1os de regalo? Te contamos c\u00f3mo - Blog Motif","description":"Llega la Navidad y con ella una \u00e9poca que, seamos sinceros, viene cargada de ilusi\u00f3n por muchos motivos como los tan esperados reencuentros con familia y","robots":{"index":"index","follow":"follow","max-snippet":"max-snippet:-1","max-image-preview":"max-image-preview:large","max-video-preview":"max-video-preview:-1"},"canonical":"https:\/\/www.motif.es\/blog\/te-gustaria-recibir-unos-stickers-navidenos-de-regalo-te-contamos-como\/","og_locale":"es_ES","og_type":"article","og_title":"\u00bfTe gustar\u00eda recibir unos stickers navide\u00f1os de regalo? Te contamos c\u00f3mo - Blog Motif","og_description":"Llega la Navidad y con ella una \u00e9poca que, seamos sinceros, viene cargada de ilusi\u00f3n por muchos motivos como los tan esperados reencuentros con familia y","og_url":"https:\/\/www.motif.es\/blog\/te-gustaria-recibir-unos-stickers-navidenos-de-regalo-te-contamos-como\/","og_site_name":"Blog Motif","article_publisher":"https:\/\/www.facebook.com\/motifmorethanwalls\/","article_published_time":"2021-12-13T17:21:01+00:00","article_modified_time":"2021-12-15T17:42:34+00:00","og_image":[{"width":2000,"height":2000,"url":"https:\/\/www.motif.es\/blog\/wp-content\/uploads\/2021\/12\/sticker-vintage-winter.jpg","type":"image\/jpeg"}],"author":"Comunicaci\u00f3n Motif","twitter_card":"summary_large_image","twitter_misc":{"Escrito por":"Comunicaci\u00f3n Motif","Tiempo de lectura":"1 minuto"},"schema":{"@context":"https:\/\/schema.org","@graph":[{"@type":"Article","@id":"https:\/\/www.motif.es\/blog\/te-gustaria-recibir-unos-stickers-navidenos-de-regalo-te-contamos-como\/#article","isPartOf":{"@id":"https:\/\/www.motif.es\/blog\/te-gustaria-recibir-unos-stickers-navidenos-de-regalo-te-contamos-como\/"},"author":{"name":"Comunicaci\u00f3n Motif","@id":"https:\/\/www.motif.es\/blog\/#\/schema\/person\/aac26ed80d8e02fb9525ec6b569d75e9"},"headline":"\u00bfTe gustar\u00eda recibir unos stickers navide\u00f1os de regalo? Te contamos c\u00f3mo","datePublished":"2021-12-13T17:21:01+00:00","dateModified":"2021-12-15T17:42:34+00:00","mainEntityOfPage":{"@id":"https:\/\/www.motif.es\/blog\/te-gustaria-recibir-unos-stickers-navidenos-de-regalo-te-contamos-como\/"},"wordCount":214,"commentCount":0,"publisher":{"@id":"https:\/\/www.motif.es\/blog\/#organization"},"image":{"@id":"https:\/\/www.motif.es\/blog\/te-gustaria-recibir-unos-stickers-navidenos-de-regalo-te-contamos-como\/#primaryimage"},"thumbnailUrl":"https:\/\/www.motif.es\/blog\/wp-content\/uploads\/2021\/12\/sticker-vintage-winter.jpg","articleSection":["sobre stikers"],"inLanguage":"es","potentialAction":[{"@type":"CommentAction","name":"Comment","target":["https:\/\/www.motif.es\/blog\/te-gustaria-recibir-unos-stickers-navidenos-de-regalo-te-contamos-como\/#respond"]}]},{"@type":"WebPage","@id":"https:\/\/www.motif.es\/blog\/te-gustaria-recibir-unos-stickers-navidenos-de-regalo-te-contamos-como\/","url":"https:\/\/www.motif.es\/blog\/te-gustaria-recibir-unos-stickers-navidenos-de-regalo-te-contamos-como\/","name":"\u00bfTe gustar\u00eda recibir unos stickers navide\u00f1os de regalo? Te contamos c\u00f3mo - Blog Motif","isPartOf":{"@id":"https:\/\/www.motif.es\/blog\/#website"},"primaryImageOfPage":{"@id":"https:\/\/www.motif.es\/blog\/te-gustaria-recibir-unos-stickers-navidenos-de-regalo-te-contamos-como\/#primaryimage"},"image":{"@id":"https:\/\/www.motif.es\/blog\/te-gustaria-recibir-unos-stickers-navidenos-de-regalo-te-contamos-como\/#primaryimage"},"thumbnailUrl":"https:\/\/www.motif.es\/blog\/wp-content\/uploads\/2021\/12\/sticker-vintage-winter.jpg","datePublished":"2021-12-13T17:21:01+00:00","dateModified":"2021-12-15T17:42:34+00:00","description":"Llega la Navidad y con ella una \u00e9poca que, seamos sinceros, viene cargada de ilusi\u00f3n por muchos motivos como los tan esperados reencuentros con familia y","breadcrumb":{"@id":"https:\/\/www.motif.es\/blog\/te-gustaria-recibir-unos-stickers-navidenos-de-regalo-te-contamos-como\/#breadcrumb"},"inLanguage":"es","potentialAction":[{"@type":"ReadAction","target":["https:\/\/www.motif.es\/blog\/te-gustaria-recibir-unos-stickers-navidenos-de-regalo-te-contamos-como\/"]}]},{"@type":"ImageObject","inLanguage":"es","@id":"https:\/\/www.motif.es\/blog\/te-gustaria-recibir-unos-stickers-navidenos-de-regalo-te-contamos-como\/#primaryimage","url":"https:\/\/www.motif.es\/blog\/wp-content\/uploads\/2021\/12\/sticker-vintage-winter.jpg","contentUrl":"https:\/\/www.motif.es\/blog\/wp-content\/uploads\/2021\/12\/sticker-vintage-winter.jpg","width":2000,"height":2000},{"@type":"BreadcrumbList","@id":"https:\/\/www.motif.es\/blog\/te-gustaria-recibir-unos-stickers-navidenos-de-regalo-te-contamos-como\/#breadcrumb","itemListElement":[{"@type":"ListItem","position":1,"name":"Blog","item":"https:\/\/www.motif.es\/blog\/"},{"@type":"ListItem","position":2,"name":"sobre stikers","item":"https:\/\/www.motif.es\/blog\/category\/sobre-stikers\/"},{"@type":"ListItem","position":3,"name":"\u00bfTe gustar\u00eda recibir unos stickers navide\u00f1os de regalo? Te contamos c\u00f3mo"}]},{"@type":"WebSite","@id":"https:\/\/www.motif.es\/blog\/#website","url":"https:\/\/www.motif.es\/blog\/","name":"Blog Motif","description":"nuestro rinc\u00f3n para inspirarte","publisher":{"@id":"https:\/\/www.motif.es\/blog\/#organization"},"potentialAction":[{"@type":"SearchAction","target":{"@type":"EntryPoint","urlTemplate":"https:\/\/www.motif.es\/blog\/?s={search_term_string}"},"query-input":{"@type":"PropertyValueSpecification","valueRequired":true,"valueName":"search_term_string"}}],"inLanguage":"es"},{"@type":"Organization","@id":"https:\/\/www.motif.es\/blog\/#organization","name":"Motif Wallpapers S.L.U.","url":"https:\/\/www.motif.es\/blog\/","logo":{"@type":"ImageObject","inLanguage":"es","@id":"https:\/\/www.motif.es\/blog\/#\/schema\/logo\/image\/","url":"https:\/\/motif.es\/blog\/wp-content\/uploads\/2021\/06\/logo-motif.jpg","contentUrl":"https:\/\/motif.es\/blog\/wp-content\/uploads\/2021\/06\/logo-motif.jpg","width":464,"height":464,"caption":"Motif Wallpapers S.L.U."},"image":{"@id":"https:\/\/www.motif.es\/blog\/#\/schema\/logo\/image\/"},"sameAs":["https:\/\/www.facebook.com\/motifmorethanwalls\/","https:\/\/www.instagram.com\/motif_es\/?hl=es","https:\/\/www.pinterest.es\/motifwallpapers\/","https:\/\/www.youtube.com\/channel\/UCNaOmbxD6LjcQNj4vmfVIUg"]},{"@type":"Person","@id":"https:\/\/www.motif.es\/blog\/#\/schema\/person\/aac26ed80d8e02fb9525ec6b569d75e9","name":"Comunicaci\u00f3n Motif","image":{"@type":"ImageObject","inLanguage":"es","@id":"https:\/\/secure.gravatar.com\/avatar\/93b2fb49a03bd7a57b5f5e8c3b740113f14f25da86b090887d9353672de2d9b5?s=96&d=mm&r=g","url":"https:\/\/secure.gravatar.com\/avatar\/93b2fb49a03bd7a57b5f5e8c3b740113f14f25da86b090887d9353672de2d9b5?s=96&d=mm&r=g","contentUrl":"https:\/\/secure.gravatar.com\/avatar\/93b2fb49a03bd7a57b5f5e8c3b740113f14f25da86b090887d9353672de2d9b5?s=96&d=mm&r=g","caption":"Comunicaci\u00f3n Motif"},"url":"https:\/\/www.motif.es\/blog\/author\/comunicacion\/"}]}},"_links":{"self":[{"href":"https:\/\/www.motif.es\/blog\/wp-json\/wp\/v2\/posts\/1239","targetHints":{"allow":["GET"]}}],"collection":[{"href":"https:\/\/www.motif.es\/blog\/wp-json\/wp\/v2\/posts"}],"about":[{"href":"https:\/\/www.motif.es\/blog\/wp-json\/wp\/v2\/types\/post"}],"author":[{"embeddable":true,"href":"https:\/\/www.motif.es\/blog\/wp-json\/wp\/v2\/users\/2"}],"replies":[{"embeddable":true,"href":"https:\/\/www.motif.es\/blog\/wp-json\/wp\/v2\/comments?post=1239"}],"version-history":[{"count":1,"href":"https:\/\/www.motif.es\/blog\/wp-json\/wp\/v2\/posts\/1239\/revisions"}],"predecessor-version":[{"id":1245,"href":"https:\/\/www.motif.es\/blog\/wp-json\/wp\/v2\/posts\/1239\/revisions\/1245"}],"wp:featuredmedia":[{"embeddable":true,"href":"https:\/\/www.motif.es\/blog\/wp-json\/wp\/v2\/media\/1244"}],"wp:attachment":[{"href":"https:\/\/www.motif.es\/blog\/wp-json\/wp\/v2\/media?parent=1239"}],"wp:term":[{"taxonomy":"category","embeddable":true,"href":"https:\/\/www.motif.es\/blog\/wp-json\/wp\/v2\/categories?post=1239"},{"taxonomy":"post_tag","embeddable":true,"href":"https:\/\/www.motif.es\/blog\/wp-json\/wp\/v2\/tags?post=1239"}],"curies":[{"name":"wp","href":"https:\/\/api.w.org\/{rel}","templated":true}]}}