{"id":1372,"date":"2022-03-02T11:36:07","date_gmt":"2022-03-02T11:36:07","guid":{"rendered":"https:\/\/motif.es\/blog\/?p=1372"},"modified":"2022-03-02T11:41:06","modified_gmt":"2022-03-02T11:41:06","slug":"caravan-interiors-apuestan-por-una-decoracion-expres-en-tiempos-de-covid-con-murales-motif","status":"publish","type":"post","link":"https:\/\/www.motif.es\/blog\/caravan-interiors-apuestan-por-una-decoracion-expres-en-tiempos-de-covid-con-murales-motif\/","title":{"rendered":"Caravan Interiors apuestan por una decoraci\u00f3n expr\u00e9s en tiempos de COVID con murales MOTIF"},"content":{"rendered":"<p>\u00bfQuieres ver un proyecto de decoraci\u00f3n paso a paso expr\u00e9s y adem\u00e1s online?<\/p>\n<p>Caravan Interiors nos lo ense\u00f1an en este post de su web en el que adem\u00e1s han introducido el <a href=\"https:\/\/www.motif.es\/murales-autoadhesivos\/20066-14921-mural-autoadhesivo-palmiers.html#\/material-texart\/tamano_murales-132x260_cm\/color-gris\" target=\"_blank\" rel=\"noopener\"><strong>Mural para pared Palmiers<\/strong> <\/a>en la reforma del dormitorio de este precioso proyecto.<\/p>\n<p style=\"text-align: center;\"><img loading=\"lazy\" decoding=\"async\" class=\"alignnone size-full wp-image-1375\" src=\"https:\/\/motif.es\/blog\/wp-content\/uploads\/2022\/03\/CARAVAN-2.png\" alt=\"\" width=\"1195\" height=\"789\" srcset=\"https:\/\/www.motif.es\/blog\/wp-content\/uploads\/2022\/03\/CARAVAN-2.png 1195w, https:\/\/www.motif.es\/blog\/wp-content\/uploads\/2022\/03\/CARAVAN-2-300x198.png 300w, https:\/\/www.motif.es\/blog\/wp-content\/uploads\/2022\/03\/CARAVAN-2-1024x676.png 1024w, https:\/\/www.motif.es\/blog\/wp-content\/uploads\/2022\/03\/CARAVAN-2-768x507.png 768w, https:\/\/www.motif.es\/blog\/wp-content\/uploads\/2022\/03\/CARAVAN-2-150x99.png 150w\" sizes=\"auto, (max-width: 1195px) 100vw, 1195px\" \/><\/p>\n<p>Puedes ver el art\u00edculo completo <a href=\"https:\/\/caravaninteriors.es\/decoracion-express-online-desescalada\/\">AQU\u00cd<\/a>.<\/p>\n<p style=\"text-align: center;\"><img loading=\"lazy\" decoding=\"async\" class=\"alignnone size-full wp-image-1374\" src=\"https:\/\/motif.es\/blog\/wp-content\/uploads\/2022\/03\/CARAVAN.png\" alt=\"\" width=\"1228\" height=\"762\" srcset=\"https:\/\/www.motif.es\/blog\/wp-content\/uploads\/2022\/03\/CARAVAN.png 1228w, https:\/\/www.motif.es\/blog\/wp-content\/uploads\/2022\/03\/CARAVAN-300x186.png 300w, https:\/\/www.motif.es\/blog\/wp-content\/uploads\/2022\/03\/CARAVAN-1024x635.png 1024w, https:\/\/www.motif.es\/blog\/wp-content\/uploads\/2022\/03\/CARAVAN-768x477.png 768w, https:\/\/www.motif.es\/blog\/wp-content\/uploads\/2022\/03\/CARAVAN-1200x745.png 1200w, https:\/\/www.motif.es\/blog\/wp-content\/uploads\/2022\/03\/CARAVAN-150x93.png 150w\" sizes=\"auto, (max-width: 1228px) 100vw, 1228px\" \/><\/p>\n<p style=\"text-align: center;\"><em>Im\u00e1genes obtenidas de la web caravaninteriors.es<\/em><\/p>\n","protected":false},"excerpt":{"rendered":"<p>\u00bfQuieres ver un proyecto de decoraci\u00f3n paso a paso expr\u00e9s y adem\u00e1s online? Caravan Interiors nos lo ense\u00f1an en este post de su web en el que adem\u00e1s han introducido el Mural para pared Palmiers en la reforma del dormitorio de este precioso proyecto. Puedes ver el art\u00edculo completo AQU\u00cd. Im\u00e1genes obtenidas de la web [&#8230;]<\/p>\n","protected":false},"author":2,"featured_media":1376,"comment_status":"open","ping_status":"open","sticky":false,"template":"","format":"standard","meta":{"_acf_changed":false,"footnotes":""},"categories":[18,22],"tags":[],"class_list":["post-1372","post","type-post","status-publish","format-standard","has-post-thumbnail","hentry","category-interioristas","category-tu-casamotif"],"acf":[],"yoast_head":"<!-- This site is optimized with the Yoast SEO plugin v27.5 - https:\/\/yoast.com\/product\/yoast-seo-wordpress\/ -->\n<title>Caravan Interiors apuestan por una decoraci\u00f3n expr\u00e9s en tiempos de COVID con murales MOTIF - Blog Motif<\/title>\n<meta name=\"description\" content=\"\u00bfQuieres ver un proyecto de decoraci\u00f3n paso a paso expr\u00e9s y adem\u00e1s online? Caravan Interiors nos lo ense\u00f1an en este post de su web en el que adem\u00e1s han\" \/>\n<meta name=\"robots\" content=\"index, follow, max-snippet:-1, max-image-preview:large, max-video-preview:-1\" \/>\n<link rel=\"canonical\" href=\"https:\/\/www.motif.es\/blog\/caravan-interiors-apuestan-por-una-decoracion-expres-en-tiempos-de-covid-con-murales-motif\/\" \/>\n<meta property=\"og:locale\" content=\"es_ES\" \/>\n<meta property=\"og:type\" content=\"article\" \/>\n<meta property=\"og:title\" content=\"Caravan Interiors apuestan por una decoraci\u00f3n expr\u00e9s en tiempos de COVID con murales MOTIF - Blog Motif\" \/>\n<meta property=\"og:description\" content=\"\u00bfQuieres ver un proyecto de decoraci\u00f3n paso a paso expr\u00e9s y adem\u00e1s online? Caravan Interiors nos lo ense\u00f1an en este post de su web en el que adem\u00e1s han\" \/>\n<meta property=\"og:url\" content=\"https:\/\/www.motif.es\/blog\/caravan-interiors-apuestan-por-una-decoracion-expres-en-tiempos-de-covid-con-murales-motif\/\" \/>\n<meta property=\"og:site_name\" content=\"Blog Motif\" \/>\n<meta property=\"article:publisher\" content=\"https:\/\/www.facebook.com\/motifmorethanwalls\/\" \/>\n<meta property=\"article:published_time\" content=\"2022-03-02T11:36:07+00:00\" \/>\n<meta property=\"article:modified_time\" content=\"2022-03-02T11:41:06+00:00\" \/>\n<meta property=\"og:image\" content=\"https:\/\/www.motif.es\/blog\/wp-content\/uploads\/2022\/03\/CARAVAN-INTERIORS.jpg\" \/>\n\t<meta property=\"og:image:width\" content=\"950\" \/>\n\t<meta property=\"og:image:height\" content=\"553\" \/>\n\t<meta property=\"og:image:type\" content=\"image\/jpeg\" \/>\n<meta name=\"author\" content=\"Comunicaci\u00f3n Motif\" \/>\n<meta name=\"twitter:card\" content=\"summary_large_image\" \/>\n<meta name=\"twitter:label1\" content=\"Escrito por\" \/>\n\t<meta name=\"twitter:data1\" content=\"Comunicaci\u00f3n Motif\" \/>\n<script type=\"application\/ld+json\" class=\"yoast-schema-graph\">{\"@context\":\"https:\\\/\\\/schema.org\",\"@graph\":[{\"@type\":\"Article\",\"@id\":\"https:\\\/\\\/www.motif.es\\\/blog\\\/caravan-interiors-apuestan-por-una-decoracion-expres-en-tiempos-de-covid-con-murales-motif\\\/#article\",\"isPartOf\":{\"@id\":\"https:\\\/\\\/www.motif.es\\\/blog\\\/caravan-interiors-apuestan-por-una-decoracion-expres-en-tiempos-de-covid-con-murales-motif\\\/\"},\"author\":{\"name\":\"Comunicaci\u00f3n Motif\",\"@id\":\"https:\\\/\\\/www.motif.es\\\/blog\\\/#\\\/schema\\\/person\\\/aac26ed80d8e02fb9525ec6b569d75e9\"},\"headline\":\"Caravan Interiors apuestan por una decoraci\u00f3n expr\u00e9s en tiempos de COVID con murales MOTIF\",\"datePublished\":\"2022-03-02T11:36:07+00:00\",\"dateModified\":\"2022-03-02T11:41:06+00:00\",\"mainEntityOfPage\":{\"@id\":\"https:\\\/\\\/www.motif.es\\\/blog\\\/caravan-interiors-apuestan-por-una-decoracion-expres-en-tiempos-de-covid-con-murales-motif\\\/\"},\"wordCount\":80,\"commentCount\":0,\"publisher\":{\"@id\":\"https:\\\/\\\/www.motif.es\\\/blog\\\/#organization\"},\"image\":{\"@id\":\"https:\\\/\\\/www.motif.es\\\/blog\\\/caravan-interiors-apuestan-por-una-decoracion-expres-en-tiempos-de-covid-con-murales-motif\\\/#primaryimage\"},\"thumbnailUrl\":\"https:\\\/\\\/www.motif.es\\\/blog\\\/wp-content\\\/uploads\\\/2022\\\/03\\\/CARAVAN-INTERIORS.jpg\",\"articleSection\":[\"interioristas\",\"Tu #CASAMOTIF\"],\"inLanguage\":\"es\",\"potentialAction\":[{\"@type\":\"CommentAction\",\"name\":\"Comment\",\"target\":[\"https:\\\/\\\/www.motif.es\\\/blog\\\/caravan-interiors-apuestan-por-una-decoracion-expres-en-tiempos-de-covid-con-murales-motif\\\/#respond\"]}]},{\"@type\":\"WebPage\",\"@id\":\"https:\\\/\\\/www.motif.es\\\/blog\\\/caravan-interiors-apuestan-por-una-decoracion-expres-en-tiempos-de-covid-con-murales-motif\\\/\",\"url\":\"https:\\\/\\\/www.motif.es\\\/blog\\\/caravan-interiors-apuestan-por-una-decoracion-expres-en-tiempos-de-covid-con-murales-motif\\\/\",\"name\":\"Caravan Interiors apuestan por una decoraci\u00f3n expr\u00e9s en tiempos de COVID con murales MOTIF - Blog Motif\",\"isPartOf\":{\"@id\":\"https:\\\/\\\/www.motif.es\\\/blog\\\/#website\"},\"primaryImageOfPage\":{\"@id\":\"https:\\\/\\\/www.motif.es\\\/blog\\\/caravan-interiors-apuestan-por-una-decoracion-expres-en-tiempos-de-covid-con-murales-motif\\\/#primaryimage\"},\"image\":{\"@id\":\"https:\\\/\\\/www.motif.es\\\/blog\\\/caravan-interiors-apuestan-por-una-decoracion-expres-en-tiempos-de-covid-con-murales-motif\\\/#primaryimage\"},\"thumbnailUrl\":\"https:\\\/\\\/www.motif.es\\\/blog\\\/wp-content\\\/uploads\\\/2022\\\/03\\\/CARAVAN-INTERIORS.jpg\",\"datePublished\":\"2022-03-02T11:36:07+00:00\",\"dateModified\":\"2022-03-02T11:41:06+00:00\",\"description\":\"\u00bfQuieres ver un proyecto de decoraci\u00f3n paso a paso expr\u00e9s y adem\u00e1s online? Caravan Interiors nos lo ense\u00f1an en este post de su web en el que adem\u00e1s han\",\"breadcrumb\":{\"@id\":\"https:\\\/\\\/www.motif.es\\\/blog\\\/caravan-interiors-apuestan-por-una-decoracion-expres-en-tiempos-de-covid-con-murales-motif\\\/#breadcrumb\"},\"inLanguage\":\"es\",\"potentialAction\":[{\"@type\":\"ReadAction\",\"target\":[\"https:\\\/\\\/www.motif.es\\\/blog\\\/caravan-interiors-apuestan-por-una-decoracion-expres-en-tiempos-de-covid-con-murales-motif\\\/\"]}]},{\"@type\":\"ImageObject\",\"inLanguage\":\"es\",\"@id\":\"https:\\\/\\\/www.motif.es\\\/blog\\\/caravan-interiors-apuestan-por-una-decoracion-expres-en-tiempos-de-covid-con-murales-motif\\\/#primaryimage\",\"url\":\"https:\\\/\\\/www.motif.es\\\/blog\\\/wp-content\\\/uploads\\\/2022\\\/03\\\/CARAVAN-INTERIORS.jpg\",\"contentUrl\":\"https:\\\/\\\/www.motif.es\\\/blog\\\/wp-content\\\/uploads\\\/2022\\\/03\\\/CARAVAN-INTERIORS.jpg\",\"width\":950,\"height\":553},{\"@type\":\"BreadcrumbList\",\"@id\":\"https:\\\/\\\/www.motif.es\\\/blog\\\/caravan-interiors-apuestan-por-una-decoracion-expres-en-tiempos-de-covid-con-murales-motif\\\/#breadcrumb\",\"itemListElement\":[{\"@type\":\"ListItem\",\"position\":1,\"name\":\"Blog\",\"item\":\"https:\\\/\\\/www.motif.es\\\/blog\\\/\"},{\"@type\":\"ListItem\",\"position\":2,\"name\":\"interioristas\",\"item\":\"https:\\\/\\\/www.motif.es\\\/blog\\\/category\\\/interioristas\\\/\"},{\"@type\":\"ListItem\",\"position\":3,\"name\":\"Caravan Interiors apuestan por una decoraci\u00f3n expr\u00e9s en tiempos de COVID con murales MOTIF\"}]},{\"@type\":\"WebSite\",\"@id\":\"https:\\\/\\\/www.motif.es\\\/blog\\\/#website\",\"url\":\"https:\\\/\\\/www.motif.es\\\/blog\\\/\",\"name\":\"Blog Motif\",\"description\":\"nuestro rinc\u00f3n para inspirarte\",\"publisher\":{\"@id\":\"https:\\\/\\\/www.motif.es\\\/blog\\\/#organization\"},\"potentialAction\":[{\"@type\":\"SearchAction\",\"target\":{\"@type\":\"EntryPoint\",\"urlTemplate\":\"https:\\\/\\\/www.motif.es\\\/blog\\\/?s={search_term_string}\"},\"query-input\":{\"@type\":\"PropertyValueSpecification\",\"valueRequired\":true,\"valueName\":\"search_term_string\"}}],\"inLanguage\":\"es\"},{\"@type\":\"Organization\",\"@id\":\"https:\\\/\\\/www.motif.es\\\/blog\\\/#organization\",\"name\":\"Motif Wallpapers S.L.U.\",\"url\":\"https:\\\/\\\/www.motif.es\\\/blog\\\/\",\"logo\":{\"@type\":\"ImageObject\",\"inLanguage\":\"es\",\"@id\":\"https:\\\/\\\/www.motif.es\\\/blog\\\/#\\\/schema\\\/logo\\\/image\\\/\",\"url\":\"https:\\\/\\\/motif.es\\\/blog\\\/wp-content\\\/uploads\\\/2021\\\/06\\\/logo-motif.jpg\",\"contentUrl\":\"https:\\\/\\\/motif.es\\\/blog\\\/wp-content\\\/uploads\\\/2021\\\/06\\\/logo-motif.jpg\",\"width\":464,\"height\":464,\"caption\":\"Motif Wallpapers S.L.U.\"},\"image\":{\"@id\":\"https:\\\/\\\/www.motif.es\\\/blog\\\/#\\\/schema\\\/logo\\\/image\\\/\"},\"sameAs\":[\"https:\\\/\\\/www.facebook.com\\\/motifmorethanwalls\\\/\",\"https:\\\/\\\/www.instagram.com\\\/motif_es\\\/?hl=es\",\"https:\\\/\\\/www.pinterest.es\\\/motifwallpapers\\\/\",\"https:\\\/\\\/www.youtube.com\\\/channel\\\/UCNaOmbxD6LjcQNj4vmfVIUg\"]},{\"@type\":\"Person\",\"@id\":\"https:\\\/\\\/www.motif.es\\\/blog\\\/#\\\/schema\\\/person\\\/aac26ed80d8e02fb9525ec6b569d75e9\",\"name\":\"Comunicaci\u00f3n Motif\",\"image\":{\"@type\":\"ImageObject\",\"inLanguage\":\"es\",\"@id\":\"https:\\\/\\\/secure.gravatar.com\\\/avatar\\\/93b2fb49a03bd7a57b5f5e8c3b740113f14f25da86b090887d9353672de2d9b5?s=96&d=mm&r=g\",\"url\":\"https:\\\/\\\/secure.gravatar.com\\\/avatar\\\/93b2fb49a03bd7a57b5f5e8c3b740113f14f25da86b090887d9353672de2d9b5?s=96&d=mm&r=g\",\"contentUrl\":\"https:\\\/\\\/secure.gravatar.com\\\/avatar\\\/93b2fb49a03bd7a57b5f5e8c3b740113f14f25da86b090887d9353672de2d9b5?s=96&d=mm&r=g\",\"caption\":\"Comunicaci\u00f3n Motif\"},\"url\":\"https:\\\/\\\/www.motif.es\\\/blog\\\/author\\\/comunicacion\\\/\"}]}<\/script>\n<!-- \/ Yoast SEO plugin. -->","yoast_head_json":{"title":"Caravan Interiors apuestan por una decoraci\u00f3n expr\u00e9s en tiempos de COVID con murales MOTIF - Blog Motif","description":"\u00bfQuieres ver un proyecto de decoraci\u00f3n paso a paso expr\u00e9s y adem\u00e1s online? Caravan Interiors nos lo ense\u00f1an en este post de su web en el que adem\u00e1s han","robots":{"index":"index","follow":"follow","max-snippet":"max-snippet:-1","max-image-preview":"max-image-preview:large","max-video-preview":"max-video-preview:-1"},"canonical":"https:\/\/www.motif.es\/blog\/caravan-interiors-apuestan-por-una-decoracion-expres-en-tiempos-de-covid-con-murales-motif\/","og_locale":"es_ES","og_type":"article","og_title":"Caravan Interiors apuestan por una decoraci\u00f3n expr\u00e9s en tiempos de COVID con murales MOTIF - Blog Motif","og_description":"\u00bfQuieres ver un proyecto de decoraci\u00f3n paso a paso expr\u00e9s y adem\u00e1s online? Caravan Interiors nos lo ense\u00f1an en este post de su web en el que adem\u00e1s han","og_url":"https:\/\/www.motif.es\/blog\/caravan-interiors-apuestan-por-una-decoracion-expres-en-tiempos-de-covid-con-murales-motif\/","og_site_name":"Blog Motif","article_publisher":"https:\/\/www.facebook.com\/motifmorethanwalls\/","article_published_time":"2022-03-02T11:36:07+00:00","article_modified_time":"2022-03-02T11:41:06+00:00","og_image":[{"width":950,"height":553,"url":"https:\/\/www.motif.es\/blog\/wp-content\/uploads\/2022\/03\/CARAVAN-INTERIORS.jpg","type":"image\/jpeg"}],"author":"Comunicaci\u00f3n Motif","twitter_card":"summary_large_image","twitter_misc":{"Escrito por":"Comunicaci\u00f3n Motif"},"schema":{"@context":"https:\/\/schema.org","@graph":[{"@type":"Article","@id":"https:\/\/www.motif.es\/blog\/caravan-interiors-apuestan-por-una-decoracion-expres-en-tiempos-de-covid-con-murales-motif\/#article","isPartOf":{"@id":"https:\/\/www.motif.es\/blog\/caravan-interiors-apuestan-por-una-decoracion-expres-en-tiempos-de-covid-con-murales-motif\/"},"author":{"name":"Comunicaci\u00f3n Motif","@id":"https:\/\/www.motif.es\/blog\/#\/schema\/person\/aac26ed80d8e02fb9525ec6b569d75e9"},"headline":"Caravan Interiors apuestan por una decoraci\u00f3n expr\u00e9s en tiempos de COVID con murales MOTIF","datePublished":"2022-03-02T11:36:07+00:00","dateModified":"2022-03-02T11:41:06+00:00","mainEntityOfPage":{"@id":"https:\/\/www.motif.es\/blog\/caravan-interiors-apuestan-por-una-decoracion-expres-en-tiempos-de-covid-con-murales-motif\/"},"wordCount":80,"commentCount":0,"publisher":{"@id":"https:\/\/www.motif.es\/blog\/#organization"},"image":{"@id":"https:\/\/www.motif.es\/blog\/caravan-interiors-apuestan-por-una-decoracion-expres-en-tiempos-de-covid-con-murales-motif\/#primaryimage"},"thumbnailUrl":"https:\/\/www.motif.es\/blog\/wp-content\/uploads\/2022\/03\/CARAVAN-INTERIORS.jpg","articleSection":["interioristas","Tu #CASAMOTIF"],"inLanguage":"es","potentialAction":[{"@type":"CommentAction","name":"Comment","target":["https:\/\/www.motif.es\/blog\/caravan-interiors-apuestan-por-una-decoracion-expres-en-tiempos-de-covid-con-murales-motif\/#respond"]}]},{"@type":"WebPage","@id":"https:\/\/www.motif.es\/blog\/caravan-interiors-apuestan-por-una-decoracion-expres-en-tiempos-de-covid-con-murales-motif\/","url":"https:\/\/www.motif.es\/blog\/caravan-interiors-apuestan-por-una-decoracion-expres-en-tiempos-de-covid-con-murales-motif\/","name":"Caravan Interiors apuestan por una decoraci\u00f3n expr\u00e9s en tiempos de COVID con murales MOTIF - Blog Motif","isPartOf":{"@id":"https:\/\/www.motif.es\/blog\/#website"},"primaryImageOfPage":{"@id":"https:\/\/www.motif.es\/blog\/caravan-interiors-apuestan-por-una-decoracion-expres-en-tiempos-de-covid-con-murales-motif\/#primaryimage"},"image":{"@id":"https:\/\/www.motif.es\/blog\/caravan-interiors-apuestan-por-una-decoracion-expres-en-tiempos-de-covid-con-murales-motif\/#primaryimage"},"thumbnailUrl":"https:\/\/www.motif.es\/blog\/wp-content\/uploads\/2022\/03\/CARAVAN-INTERIORS.jpg","datePublished":"2022-03-02T11:36:07+00:00","dateModified":"2022-03-02T11:41:06+00:00","description":"\u00bfQuieres ver un proyecto de decoraci\u00f3n paso a paso expr\u00e9s y adem\u00e1s online? Caravan Interiors nos lo ense\u00f1an en este post de su web en el que adem\u00e1s han","breadcrumb":{"@id":"https:\/\/www.motif.es\/blog\/caravan-interiors-apuestan-por-una-decoracion-expres-en-tiempos-de-covid-con-murales-motif\/#breadcrumb"},"inLanguage":"es","potentialAction":[{"@type":"ReadAction","target":["https:\/\/www.motif.es\/blog\/caravan-interiors-apuestan-por-una-decoracion-expres-en-tiempos-de-covid-con-murales-motif\/"]}]},{"@type":"ImageObject","inLanguage":"es","@id":"https:\/\/www.motif.es\/blog\/caravan-interiors-apuestan-por-una-decoracion-expres-en-tiempos-de-covid-con-murales-motif\/#primaryimage","url":"https:\/\/www.motif.es\/blog\/wp-content\/uploads\/2022\/03\/CARAVAN-INTERIORS.jpg","contentUrl":"https:\/\/www.motif.es\/blog\/wp-content\/uploads\/2022\/03\/CARAVAN-INTERIORS.jpg","width":950,"height":553},{"@type":"BreadcrumbList","@id":"https:\/\/www.motif.es\/blog\/caravan-interiors-apuestan-por-una-decoracion-expres-en-tiempos-de-covid-con-murales-motif\/#breadcrumb","itemListElement":[{"@type":"ListItem","position":1,"name":"Blog","item":"https:\/\/www.motif.es\/blog\/"},{"@type":"ListItem","position":2,"name":"interioristas","item":"https:\/\/www.motif.es\/blog\/category\/interioristas\/"},{"@type":"ListItem","position":3,"name":"Caravan Interiors apuestan por una decoraci\u00f3n expr\u00e9s en tiempos de COVID con murales MOTIF"}]},{"@type":"WebSite","@id":"https:\/\/www.motif.es\/blog\/#website","url":"https:\/\/www.motif.es\/blog\/","name":"Blog Motif","description":"nuestro rinc\u00f3n para inspirarte","publisher":{"@id":"https:\/\/www.motif.es\/blog\/#organization"},"potentialAction":[{"@type":"SearchAction","target":{"@type":"EntryPoint","urlTemplate":"https:\/\/www.motif.es\/blog\/?s={search_term_string}"},"query-input":{"@type":"PropertyValueSpecification","valueRequired":true,"valueName":"search_term_string"}}],"inLanguage":"es"},{"@type":"Organization","@id":"https:\/\/www.motif.es\/blog\/#organization","name":"Motif Wallpapers S.L.U.","url":"https:\/\/www.motif.es\/blog\/","logo":{"@type":"ImageObject","inLanguage":"es","@id":"https:\/\/www.motif.es\/blog\/#\/schema\/logo\/image\/","url":"https:\/\/motif.es\/blog\/wp-content\/uploads\/2021\/06\/logo-motif.jpg","contentUrl":"https:\/\/motif.es\/blog\/wp-content\/uploads\/2021\/06\/logo-motif.jpg","width":464,"height":464,"caption":"Motif Wallpapers S.L.U."},"image":{"@id":"https:\/\/www.motif.es\/blog\/#\/schema\/logo\/image\/"},"sameAs":["https:\/\/www.facebook.com\/motifmorethanwalls\/","https:\/\/www.instagram.com\/motif_es\/?hl=es","https:\/\/www.pinterest.es\/motifwallpapers\/","https:\/\/www.youtube.com\/channel\/UCNaOmbxD6LjcQNj4vmfVIUg"]},{"@type":"Person","@id":"https:\/\/www.motif.es\/blog\/#\/schema\/person\/aac26ed80d8e02fb9525ec6b569d75e9","name":"Comunicaci\u00f3n Motif","image":{"@type":"ImageObject","inLanguage":"es","@id":"https:\/\/secure.gravatar.com\/avatar\/93b2fb49a03bd7a57b5f5e8c3b740113f14f25da86b090887d9353672de2d9b5?s=96&d=mm&r=g","url":"https:\/\/secure.gravatar.com\/avatar\/93b2fb49a03bd7a57b5f5e8c3b740113f14f25da86b090887d9353672de2d9b5?s=96&d=mm&r=g","contentUrl":"https:\/\/secure.gravatar.com\/avatar\/93b2fb49a03bd7a57b5f5e8c3b740113f14f25da86b090887d9353672de2d9b5?s=96&d=mm&r=g","caption":"Comunicaci\u00f3n Motif"},"url":"https:\/\/www.motif.es\/blog\/author\/comunicacion\/"}]}},"_links":{"self":[{"href":"https:\/\/www.motif.es\/blog\/wp-json\/wp\/v2\/posts\/1372","targetHints":{"allow":["GET"]}}],"collection":[{"href":"https:\/\/www.motif.es\/blog\/wp-json\/wp\/v2\/posts"}],"about":[{"href":"https:\/\/www.motif.es\/blog\/wp-json\/wp\/v2\/types\/post"}],"author":[{"embeddable":true,"href":"https:\/\/www.motif.es\/blog\/wp-json\/wp\/v2\/users\/2"}],"replies":[{"embeddable":true,"href":"https:\/\/www.motif.es\/blog\/wp-json\/wp\/v2\/comments?post=1372"}],"version-history":[{"count":1,"href":"https:\/\/www.motif.es\/blog\/wp-json\/wp\/v2\/posts\/1372\/revisions"}],"predecessor-version":[{"id":1377,"href":"https:\/\/www.motif.es\/blog\/wp-json\/wp\/v2\/posts\/1372\/revisions\/1377"}],"wp:featuredmedia":[{"embeddable":true,"href":"https:\/\/www.motif.es\/blog\/wp-json\/wp\/v2\/media\/1376"}],"wp:attachment":[{"href":"https:\/\/www.motif.es\/blog\/wp-json\/wp\/v2\/media?parent=1372"}],"wp:term":[{"taxonomy":"category","embeddable":true,"href":"https:\/\/www.motif.es\/blog\/wp-json\/wp\/v2\/categories?post=1372"},{"taxonomy":"post_tag","embeddable":true,"href":"https:\/\/www.motif.es\/blog\/wp-json\/wp\/v2\/tags?post=1372"}],"curies":[{"name":"wp","href":"https:\/\/api.w.org\/{rel}","templated":true}]}}