{"id":1407,"date":"2022-03-25T15:05:23","date_gmt":"2022-03-25T15:05:23","guid":{"rendered":"https:\/\/motif.es\/blog\/?p=1407"},"modified":"2022-04-19T15:06:58","modified_gmt":"2022-04-19T15:06:58","slug":"ideas-para-incorporar-los-arcos-y-circulos-a-la-decoracion-de-tu-hogar","status":"publish","type":"post","link":"https:\/\/www.motif.es\/blog\/ideas-para-incorporar-los-arcos-y-circulos-a-la-decoracion-de-tu-hogar\/","title":{"rendered":"Ideas para incorporar los arcos y c\u00edrculos a la decoraci\u00f3n de tu hogar"},"content":{"rendered":"<p>Los <strong>arcos y c\u00edrculos son tendencia en decoraci\u00f3n de interiores<\/strong> este a\u00f1o y parece, por su versatilidad, que han llegado para quedarse y para que te sea f\u00e1cil tenerlos en tu casa si no te consideras un manitas con la pintura, en MOTIF los hemos creado para ti autoadhesivos como te contamos <a href=\"https:\/\/motif.es\/blog\/nuevos-arcos-pintados-autoadhesivos-en-motif\/\" target=\"_blank\" rel=\"noopener\">aqu\u00ed<\/a>, pero \u00bfc\u00f3mo introducirlos en tu hogar?.<\/p>\n<p>Te damos unas ideas e inspiraciones seg\u00fan el tama\u00f1o.<\/p>\n<ul>\n<li>Uso de arcos como cabezal de una cama.<\/li>\n<\/ul>\n<p><strong>Crea un cabezal para tu cama<\/strong> \u00abficticio\u00bb a la vez que cautivador que adem\u00e1s no te haga perder espacio ni acumule polvo.<\/p>\n<p style=\"text-align: center;\"><img loading=\"lazy\" decoding=\"async\" class=\"alignnone size-full wp-image-1409\" src=\"https:\/\/motif.es\/blog\/wp-content\/uploads\/2022\/03\/4.png\" alt=\"\" width=\"1080\" height=\"1080\" srcset=\"https:\/\/www.motif.es\/blog\/wp-content\/uploads\/2022\/03\/4.png 1080w, https:\/\/www.motif.es\/blog\/wp-content\/uploads\/2022\/03\/4-300x300.png 300w, https:\/\/www.motif.es\/blog\/wp-content\/uploads\/2022\/03\/4-1024x1024.png 1024w, https:\/\/www.motif.es\/blog\/wp-content\/uploads\/2022\/03\/4-150x150.png 150w, https:\/\/www.motif.es\/blog\/wp-content\/uploads\/2022\/03\/4-768x768.png 768w, https:\/\/www.motif.es\/blog\/wp-content\/uploads\/2022\/03\/4-400x400.png 400w, https:\/\/www.motif.es\/blog\/wp-content\/uploads\/2022\/03\/4-96x96.png 96w\" sizes=\"auto, (max-width: 1080px) 100vw, 1080px\" \/><\/p>\n<ul>\n<li>Convierte un rinc\u00f3n en especial, renueva tu ducha sin obras o simplemente destaca un espacio concreto en una pared.<\/li>\n<\/ul>\n<p><img loading=\"lazy\" decoding=\"async\" class=\"alignnone size-full wp-image-1410\" src=\"https:\/\/motif.es\/blog\/wp-content\/uploads\/2022\/03\/2.png\" alt=\"\" width=\"1080\" height=\"1080\" srcset=\"https:\/\/www.motif.es\/blog\/wp-content\/uploads\/2022\/03\/2.png 1080w, https:\/\/www.motif.es\/blog\/wp-content\/uploads\/2022\/03\/2-300x300.png 300w, https:\/\/www.motif.es\/blog\/wp-content\/uploads\/2022\/03\/2-1024x1024.png 1024w, https:\/\/www.motif.es\/blog\/wp-content\/uploads\/2022\/03\/2-150x150.png 150w, https:\/\/www.motif.es\/blog\/wp-content\/uploads\/2022\/03\/2-768x768.png 768w, https:\/\/www.motif.es\/blog\/wp-content\/uploads\/2022\/03\/2-400x400.png 400w, https:\/\/www.motif.es\/blog\/wp-content\/uploads\/2022\/03\/2-96x96.png 96w\" sizes=\"auto, (max-width: 1080px) 100vw, 1080px\" \/><\/p>\n<ul>\n<li>Resalta la zona del sof\u00e1, enmarca un aparador o dale estilo a la zona del escritorio<\/li>\n<\/ul>\n<p><img loading=\"lazy\" decoding=\"async\" class=\"alignnone size-full wp-image-1411\" src=\"https:\/\/motif.es\/blog\/wp-content\/uploads\/2022\/03\/3.png\" alt=\"\" width=\"1080\" height=\"1080\" srcset=\"https:\/\/www.motif.es\/blog\/wp-content\/uploads\/2022\/03\/3.png 1080w, https:\/\/www.motif.es\/blog\/wp-content\/uploads\/2022\/03\/3-300x300.png 300w, https:\/\/www.motif.es\/blog\/wp-content\/uploads\/2022\/03\/3-1024x1024.png 1024w, https:\/\/www.motif.es\/blog\/wp-content\/uploads\/2022\/03\/3-150x150.png 150w, https:\/\/www.motif.es\/blog\/wp-content\/uploads\/2022\/03\/3-768x768.png 768w, https:\/\/www.motif.es\/blog\/wp-content\/uploads\/2022\/03\/3-400x400.png 400w, https:\/\/www.motif.es\/blog\/wp-content\/uploads\/2022\/03\/3-96x96.png 96w\" sizes=\"auto, (max-width: 1080px) 100vw, 1080px\" \/><\/p>\n<p>\u00bfQu\u00e9 te parecen estas ideas?<\/p>\n<p>&nbsp;<\/p>\n","protected":false},"excerpt":{"rendered":"<p>Los arcos y c\u00edrculos son tendencia en decoraci\u00f3n de interiores este a\u00f1o y parece, por su versatilidad, que han llegado para quedarse y para que te sea f\u00e1cil tenerlos en tu casa si no te consideras un manitas con la pintura, en MOTIF los hemos creado para ti autoadhesivos como te contamos aqu\u00ed, pero \u00bfc\u00f3mo [&#8230;]<\/p>\n","protected":false},"author":2,"featured_media":1454,"comment_status":"open","ping_status":"open","sticky":false,"template":"","format":"standard","meta":{"_acf_changed":false,"footnotes":""},"categories":[9,24],"tags":[],"class_list":["post-1407","post","type-post","status-publish","format-standard","has-post-thumbnail","hentry","category-inspirate","category-sobre-arcos-y-circulos-para-pared"],"acf":[],"yoast_head":"<!-- This site is optimized with the Yoast SEO plugin v27.5 - https:\/\/yoast.com\/product\/yoast-seo-wordpress\/ -->\n<title>Ideas para incorporar los arcos y c\u00edrculos a la decoraci\u00f3n de tu hogar - Blog Motif<\/title>\n<meta name=\"description\" content=\"Los arcos y c\u00edrculos son tendencia en decoraci\u00f3n de interiores este a\u00f1o y parece, por su versatilidad, que han llegado para quedarse y para que te sea\" \/>\n<meta name=\"robots\" content=\"index, follow, max-snippet:-1, max-image-preview:large, max-video-preview:-1\" \/>\n<link rel=\"canonical\" href=\"https:\/\/www.motif.es\/blog\/ideas-para-incorporar-los-arcos-y-circulos-a-la-decoracion-de-tu-hogar\/\" \/>\n<meta property=\"og:locale\" content=\"es_ES\" \/>\n<meta property=\"og:type\" content=\"article\" \/>\n<meta property=\"og:title\" content=\"Ideas para incorporar los arcos y c\u00edrculos a la decoraci\u00f3n de tu hogar - Blog Motif\" \/>\n<meta property=\"og:description\" content=\"Los arcos y c\u00edrculos son tendencia en decoraci\u00f3n de interiores este a\u00f1o y parece, por su versatilidad, que han llegado para quedarse y para que te sea\" \/>\n<meta property=\"og:url\" content=\"https:\/\/www.motif.es\/blog\/ideas-para-incorporar-los-arcos-y-circulos-a-la-decoracion-de-tu-hogar\/\" \/>\n<meta property=\"og:site_name\" content=\"Blog Motif\" \/>\n<meta property=\"article:publisher\" content=\"https:\/\/www.facebook.com\/motifmorethanwalls\/\" \/>\n<meta property=\"article:published_time\" content=\"2022-03-25T15:05:23+00:00\" \/>\n<meta property=\"article:modified_time\" content=\"2022-04-19T15:06:58+00:00\" \/>\n<meta property=\"og:image\" content=\"https:\/\/www.motif.es\/blog\/wp-content\/uploads\/2022\/04\/AMBIENTE-CIRCULO-VERDE-salvia_132.jpg\" \/>\n\t<meta property=\"og:image:width\" content=\"2000\" \/>\n\t<meta property=\"og:image:height\" content=\"2000\" \/>\n\t<meta property=\"og:image:type\" content=\"image\/jpeg\" \/>\n<meta name=\"author\" content=\"Comunicaci\u00f3n Motif\" \/>\n<meta name=\"twitter:card\" content=\"summary_large_image\" \/>\n<meta name=\"twitter:label1\" content=\"Escrito por\" \/>\n\t<meta name=\"twitter:data1\" content=\"Comunicaci\u00f3n Motif\" \/>\n\t<meta name=\"twitter:label2\" content=\"Tiempo de lectura\" \/>\n\t<meta name=\"twitter:data2\" content=\"1 minuto\" \/>\n<script type=\"application\/ld+json\" class=\"yoast-schema-graph\">{\"@context\":\"https:\\\/\\\/schema.org\",\"@graph\":[{\"@type\":\"Article\",\"@id\":\"https:\\\/\\\/www.motif.es\\\/blog\\\/ideas-para-incorporar-los-arcos-y-circulos-a-la-decoracion-de-tu-hogar\\\/#article\",\"isPartOf\":{\"@id\":\"https:\\\/\\\/www.motif.es\\\/blog\\\/ideas-para-incorporar-los-arcos-y-circulos-a-la-decoracion-de-tu-hogar\\\/\"},\"author\":{\"name\":\"Comunicaci\u00f3n Motif\",\"@id\":\"https:\\\/\\\/www.motif.es\\\/blog\\\/#\\\/schema\\\/person\\\/aac26ed80d8e02fb9525ec6b569d75e9\"},\"headline\":\"Ideas para incorporar los arcos y c\u00edrculos a la decoraci\u00f3n de tu hogar\",\"datePublished\":\"2022-03-25T15:05:23+00:00\",\"dateModified\":\"2022-04-19T15:06:58+00:00\",\"mainEntityOfPage\":{\"@id\":\"https:\\\/\\\/www.motif.es\\\/blog\\\/ideas-para-incorporar-los-arcos-y-circulos-a-la-decoracion-de-tu-hogar\\\/\"},\"wordCount\":163,\"commentCount\":0,\"publisher\":{\"@id\":\"https:\\\/\\\/www.motif.es\\\/blog\\\/#organization\"},\"image\":{\"@id\":\"https:\\\/\\\/www.motif.es\\\/blog\\\/ideas-para-incorporar-los-arcos-y-circulos-a-la-decoracion-de-tu-hogar\\\/#primaryimage\"},\"thumbnailUrl\":\"https:\\\/\\\/www.motif.es\\\/blog\\\/wp-content\\\/uploads\\\/2022\\\/04\\\/AMBIENTE-CIRCULO-VERDE-salvia_132.jpg\",\"articleSection\":[\"insp\u00edrate\",\"sobre arcos y c\u00edrculos para pared\"],\"inLanguage\":\"es\",\"potentialAction\":[{\"@type\":\"CommentAction\",\"name\":\"Comment\",\"target\":[\"https:\\\/\\\/www.motif.es\\\/blog\\\/ideas-para-incorporar-los-arcos-y-circulos-a-la-decoracion-de-tu-hogar\\\/#respond\"]}]},{\"@type\":\"WebPage\",\"@id\":\"https:\\\/\\\/www.motif.es\\\/blog\\\/ideas-para-incorporar-los-arcos-y-circulos-a-la-decoracion-de-tu-hogar\\\/\",\"url\":\"https:\\\/\\\/www.motif.es\\\/blog\\\/ideas-para-incorporar-los-arcos-y-circulos-a-la-decoracion-de-tu-hogar\\\/\",\"name\":\"Ideas para incorporar los arcos y c\u00edrculos a la decoraci\u00f3n de tu hogar - Blog Motif\",\"isPartOf\":{\"@id\":\"https:\\\/\\\/www.motif.es\\\/blog\\\/#website\"},\"primaryImageOfPage\":{\"@id\":\"https:\\\/\\\/www.motif.es\\\/blog\\\/ideas-para-incorporar-los-arcos-y-circulos-a-la-decoracion-de-tu-hogar\\\/#primaryimage\"},\"image\":{\"@id\":\"https:\\\/\\\/www.motif.es\\\/blog\\\/ideas-para-incorporar-los-arcos-y-circulos-a-la-decoracion-de-tu-hogar\\\/#primaryimage\"},\"thumbnailUrl\":\"https:\\\/\\\/www.motif.es\\\/blog\\\/wp-content\\\/uploads\\\/2022\\\/04\\\/AMBIENTE-CIRCULO-VERDE-salvia_132.jpg\",\"datePublished\":\"2022-03-25T15:05:23+00:00\",\"dateModified\":\"2022-04-19T15:06:58+00:00\",\"description\":\"Los arcos y c\u00edrculos son tendencia en decoraci\u00f3n de interiores este a\u00f1o y parece, por su versatilidad, que han llegado para quedarse y para que te sea\",\"breadcrumb\":{\"@id\":\"https:\\\/\\\/www.motif.es\\\/blog\\\/ideas-para-incorporar-los-arcos-y-circulos-a-la-decoracion-de-tu-hogar\\\/#breadcrumb\"},\"inLanguage\":\"es\",\"potentialAction\":[{\"@type\":\"ReadAction\",\"target\":[\"https:\\\/\\\/www.motif.es\\\/blog\\\/ideas-para-incorporar-los-arcos-y-circulos-a-la-decoracion-de-tu-hogar\\\/\"]}]},{\"@type\":\"ImageObject\",\"inLanguage\":\"es\",\"@id\":\"https:\\\/\\\/www.motif.es\\\/blog\\\/ideas-para-incorporar-los-arcos-y-circulos-a-la-decoracion-de-tu-hogar\\\/#primaryimage\",\"url\":\"https:\\\/\\\/www.motif.es\\\/blog\\\/wp-content\\\/uploads\\\/2022\\\/04\\\/AMBIENTE-CIRCULO-VERDE-salvia_132.jpg\",\"contentUrl\":\"https:\\\/\\\/www.motif.es\\\/blog\\\/wp-content\\\/uploads\\\/2022\\\/04\\\/AMBIENTE-CIRCULO-VERDE-salvia_132.jpg\",\"width\":2000,\"height\":2000},{\"@type\":\"BreadcrumbList\",\"@id\":\"https:\\\/\\\/www.motif.es\\\/blog\\\/ideas-para-incorporar-los-arcos-y-circulos-a-la-decoracion-de-tu-hogar\\\/#breadcrumb\",\"itemListElement\":[{\"@type\":\"ListItem\",\"position\":1,\"name\":\"Blog\",\"item\":\"https:\\\/\\\/www.motif.es\\\/blog\\\/\"},{\"@type\":\"ListItem\",\"position\":2,\"name\":\"insp\u00edrate\",\"item\":\"https:\\\/\\\/www.motif.es\\\/blog\\\/category\\\/inspirate\\\/\"},{\"@type\":\"ListItem\",\"position\":3,\"name\":\"Ideas para incorporar los arcos y c\u00edrculos a la decoraci\u00f3n de tu hogar\"}]},{\"@type\":\"WebSite\",\"@id\":\"https:\\\/\\\/www.motif.es\\\/blog\\\/#website\",\"url\":\"https:\\\/\\\/www.motif.es\\\/blog\\\/\",\"name\":\"Blog Motif\",\"description\":\"nuestro rinc\u00f3n para inspirarte\",\"publisher\":{\"@id\":\"https:\\\/\\\/www.motif.es\\\/blog\\\/#organization\"},\"potentialAction\":[{\"@type\":\"SearchAction\",\"target\":{\"@type\":\"EntryPoint\",\"urlTemplate\":\"https:\\\/\\\/www.motif.es\\\/blog\\\/?s={search_term_string}\"},\"query-input\":{\"@type\":\"PropertyValueSpecification\",\"valueRequired\":true,\"valueName\":\"search_term_string\"}}],\"inLanguage\":\"es\"},{\"@type\":\"Organization\",\"@id\":\"https:\\\/\\\/www.motif.es\\\/blog\\\/#organization\",\"name\":\"Motif Wallpapers S.L.U.\",\"url\":\"https:\\\/\\\/www.motif.es\\\/blog\\\/\",\"logo\":{\"@type\":\"ImageObject\",\"inLanguage\":\"es\",\"@id\":\"https:\\\/\\\/www.motif.es\\\/blog\\\/#\\\/schema\\\/logo\\\/image\\\/\",\"url\":\"https:\\\/\\\/motif.es\\\/blog\\\/wp-content\\\/uploads\\\/2021\\\/06\\\/logo-motif.jpg\",\"contentUrl\":\"https:\\\/\\\/motif.es\\\/blog\\\/wp-content\\\/uploads\\\/2021\\\/06\\\/logo-motif.jpg\",\"width\":464,\"height\":464,\"caption\":\"Motif Wallpapers S.L.U.\"},\"image\":{\"@id\":\"https:\\\/\\\/www.motif.es\\\/blog\\\/#\\\/schema\\\/logo\\\/image\\\/\"},\"sameAs\":[\"https:\\\/\\\/www.facebook.com\\\/motifmorethanwalls\\\/\",\"https:\\\/\\\/www.instagram.com\\\/motif_es\\\/?hl=es\",\"https:\\\/\\\/www.pinterest.es\\\/motifwallpapers\\\/\",\"https:\\\/\\\/www.youtube.com\\\/channel\\\/UCNaOmbxD6LjcQNj4vmfVIUg\"]},{\"@type\":\"Person\",\"@id\":\"https:\\\/\\\/www.motif.es\\\/blog\\\/#\\\/schema\\\/person\\\/aac26ed80d8e02fb9525ec6b569d75e9\",\"name\":\"Comunicaci\u00f3n Motif\",\"image\":{\"@type\":\"ImageObject\",\"inLanguage\":\"es\",\"@id\":\"https:\\\/\\\/secure.gravatar.com\\\/avatar\\\/93b2fb49a03bd7a57b5f5e8c3b740113f14f25da86b090887d9353672de2d9b5?s=96&d=mm&r=g\",\"url\":\"https:\\\/\\\/secure.gravatar.com\\\/avatar\\\/93b2fb49a03bd7a57b5f5e8c3b740113f14f25da86b090887d9353672de2d9b5?s=96&d=mm&r=g\",\"contentUrl\":\"https:\\\/\\\/secure.gravatar.com\\\/avatar\\\/93b2fb49a03bd7a57b5f5e8c3b740113f14f25da86b090887d9353672de2d9b5?s=96&d=mm&r=g\",\"caption\":\"Comunicaci\u00f3n Motif\"},\"url\":\"https:\\\/\\\/www.motif.es\\\/blog\\\/author\\\/comunicacion\\\/\"}]}<\/script>\n<!-- \/ Yoast SEO plugin. -->","yoast_head_json":{"title":"Ideas para incorporar los arcos y c\u00edrculos a la decoraci\u00f3n de tu hogar - Blog Motif","description":"Los arcos y c\u00edrculos son tendencia en decoraci\u00f3n de interiores este a\u00f1o y parece, por su versatilidad, que han llegado para quedarse y para que te sea","robots":{"index":"index","follow":"follow","max-snippet":"max-snippet:-1","max-image-preview":"max-image-preview:large","max-video-preview":"max-video-preview:-1"},"canonical":"https:\/\/www.motif.es\/blog\/ideas-para-incorporar-los-arcos-y-circulos-a-la-decoracion-de-tu-hogar\/","og_locale":"es_ES","og_type":"article","og_title":"Ideas para incorporar los arcos y c\u00edrculos a la decoraci\u00f3n de tu hogar - Blog Motif","og_description":"Los arcos y c\u00edrculos son tendencia en decoraci\u00f3n de interiores este a\u00f1o y parece, por su versatilidad, que han llegado para quedarse y para que te sea","og_url":"https:\/\/www.motif.es\/blog\/ideas-para-incorporar-los-arcos-y-circulos-a-la-decoracion-de-tu-hogar\/","og_site_name":"Blog Motif","article_publisher":"https:\/\/www.facebook.com\/motifmorethanwalls\/","article_published_time":"2022-03-25T15:05:23+00:00","article_modified_time":"2022-04-19T15:06:58+00:00","og_image":[{"width":2000,"height":2000,"url":"https:\/\/www.motif.es\/blog\/wp-content\/uploads\/2022\/04\/AMBIENTE-CIRCULO-VERDE-salvia_132.jpg","type":"image\/jpeg"}],"author":"Comunicaci\u00f3n Motif","twitter_card":"summary_large_image","twitter_misc":{"Escrito por":"Comunicaci\u00f3n Motif","Tiempo de lectura":"1 minuto"},"schema":{"@context":"https:\/\/schema.org","@graph":[{"@type":"Article","@id":"https:\/\/www.motif.es\/blog\/ideas-para-incorporar-los-arcos-y-circulos-a-la-decoracion-de-tu-hogar\/#article","isPartOf":{"@id":"https:\/\/www.motif.es\/blog\/ideas-para-incorporar-los-arcos-y-circulos-a-la-decoracion-de-tu-hogar\/"},"author":{"name":"Comunicaci\u00f3n Motif","@id":"https:\/\/www.motif.es\/blog\/#\/schema\/person\/aac26ed80d8e02fb9525ec6b569d75e9"},"headline":"Ideas para incorporar los arcos y c\u00edrculos a la decoraci\u00f3n de tu hogar","datePublished":"2022-03-25T15:05:23+00:00","dateModified":"2022-04-19T15:06:58+00:00","mainEntityOfPage":{"@id":"https:\/\/www.motif.es\/blog\/ideas-para-incorporar-los-arcos-y-circulos-a-la-decoracion-de-tu-hogar\/"},"wordCount":163,"commentCount":0,"publisher":{"@id":"https:\/\/www.motif.es\/blog\/#organization"},"image":{"@id":"https:\/\/www.motif.es\/blog\/ideas-para-incorporar-los-arcos-y-circulos-a-la-decoracion-de-tu-hogar\/#primaryimage"},"thumbnailUrl":"https:\/\/www.motif.es\/blog\/wp-content\/uploads\/2022\/04\/AMBIENTE-CIRCULO-VERDE-salvia_132.jpg","articleSection":["insp\u00edrate","sobre arcos y c\u00edrculos para pared"],"inLanguage":"es","potentialAction":[{"@type":"CommentAction","name":"Comment","target":["https:\/\/www.motif.es\/blog\/ideas-para-incorporar-los-arcos-y-circulos-a-la-decoracion-de-tu-hogar\/#respond"]}]},{"@type":"WebPage","@id":"https:\/\/www.motif.es\/blog\/ideas-para-incorporar-los-arcos-y-circulos-a-la-decoracion-de-tu-hogar\/","url":"https:\/\/www.motif.es\/blog\/ideas-para-incorporar-los-arcos-y-circulos-a-la-decoracion-de-tu-hogar\/","name":"Ideas para incorporar los arcos y c\u00edrculos a la decoraci\u00f3n de tu hogar - Blog Motif","isPartOf":{"@id":"https:\/\/www.motif.es\/blog\/#website"},"primaryImageOfPage":{"@id":"https:\/\/www.motif.es\/blog\/ideas-para-incorporar-los-arcos-y-circulos-a-la-decoracion-de-tu-hogar\/#primaryimage"},"image":{"@id":"https:\/\/www.motif.es\/blog\/ideas-para-incorporar-los-arcos-y-circulos-a-la-decoracion-de-tu-hogar\/#primaryimage"},"thumbnailUrl":"https:\/\/www.motif.es\/blog\/wp-content\/uploads\/2022\/04\/AMBIENTE-CIRCULO-VERDE-salvia_132.jpg","datePublished":"2022-03-25T15:05:23+00:00","dateModified":"2022-04-19T15:06:58+00:00","description":"Los arcos y c\u00edrculos son tendencia en decoraci\u00f3n de interiores este a\u00f1o y parece, por su versatilidad, que han llegado para quedarse y para que te sea","breadcrumb":{"@id":"https:\/\/www.motif.es\/blog\/ideas-para-incorporar-los-arcos-y-circulos-a-la-decoracion-de-tu-hogar\/#breadcrumb"},"inLanguage":"es","potentialAction":[{"@type":"ReadAction","target":["https:\/\/www.motif.es\/blog\/ideas-para-incorporar-los-arcos-y-circulos-a-la-decoracion-de-tu-hogar\/"]}]},{"@type":"ImageObject","inLanguage":"es","@id":"https:\/\/www.motif.es\/blog\/ideas-para-incorporar-los-arcos-y-circulos-a-la-decoracion-de-tu-hogar\/#primaryimage","url":"https:\/\/www.motif.es\/blog\/wp-content\/uploads\/2022\/04\/AMBIENTE-CIRCULO-VERDE-salvia_132.jpg","contentUrl":"https:\/\/www.motif.es\/blog\/wp-content\/uploads\/2022\/04\/AMBIENTE-CIRCULO-VERDE-salvia_132.jpg","width":2000,"height":2000},{"@type":"BreadcrumbList","@id":"https:\/\/www.motif.es\/blog\/ideas-para-incorporar-los-arcos-y-circulos-a-la-decoracion-de-tu-hogar\/#breadcrumb","itemListElement":[{"@type":"ListItem","position":1,"name":"Blog","item":"https:\/\/www.motif.es\/blog\/"},{"@type":"ListItem","position":2,"name":"insp\u00edrate","item":"https:\/\/www.motif.es\/blog\/category\/inspirate\/"},{"@type":"ListItem","position":3,"name":"Ideas para incorporar los arcos y c\u00edrculos a la decoraci\u00f3n de tu hogar"}]},{"@type":"WebSite","@id":"https:\/\/www.motif.es\/blog\/#website","url":"https:\/\/www.motif.es\/blog\/","name":"Blog Motif","description":"nuestro rinc\u00f3n para inspirarte","publisher":{"@id":"https:\/\/www.motif.es\/blog\/#organization"},"potentialAction":[{"@type":"SearchAction","target":{"@type":"EntryPoint","urlTemplate":"https:\/\/www.motif.es\/blog\/?s={search_term_string}"},"query-input":{"@type":"PropertyValueSpecification","valueRequired":true,"valueName":"search_term_string"}}],"inLanguage":"es"},{"@type":"Organization","@id":"https:\/\/www.motif.es\/blog\/#organization","name":"Motif Wallpapers S.L.U.","url":"https:\/\/www.motif.es\/blog\/","logo":{"@type":"ImageObject","inLanguage":"es","@id":"https:\/\/www.motif.es\/blog\/#\/schema\/logo\/image\/","url":"https:\/\/motif.es\/blog\/wp-content\/uploads\/2021\/06\/logo-motif.jpg","contentUrl":"https:\/\/motif.es\/blog\/wp-content\/uploads\/2021\/06\/logo-motif.jpg","width":464,"height":464,"caption":"Motif Wallpapers S.L.U."},"image":{"@id":"https:\/\/www.motif.es\/blog\/#\/schema\/logo\/image\/"},"sameAs":["https:\/\/www.facebook.com\/motifmorethanwalls\/","https:\/\/www.instagram.com\/motif_es\/?hl=es","https:\/\/www.pinterest.es\/motifwallpapers\/","https:\/\/www.youtube.com\/channel\/UCNaOmbxD6LjcQNj4vmfVIUg"]},{"@type":"Person","@id":"https:\/\/www.motif.es\/blog\/#\/schema\/person\/aac26ed80d8e02fb9525ec6b569d75e9","name":"Comunicaci\u00f3n Motif","image":{"@type":"ImageObject","inLanguage":"es","@id":"https:\/\/secure.gravatar.com\/avatar\/93b2fb49a03bd7a57b5f5e8c3b740113f14f25da86b090887d9353672de2d9b5?s=96&d=mm&r=g","url":"https:\/\/secure.gravatar.com\/avatar\/93b2fb49a03bd7a57b5f5e8c3b740113f14f25da86b090887d9353672de2d9b5?s=96&d=mm&r=g","contentUrl":"https:\/\/secure.gravatar.com\/avatar\/93b2fb49a03bd7a57b5f5e8c3b740113f14f25da86b090887d9353672de2d9b5?s=96&d=mm&r=g","caption":"Comunicaci\u00f3n Motif"},"url":"https:\/\/www.motif.es\/blog\/author\/comunicacion\/"}]}},"_links":{"self":[{"href":"https:\/\/www.motif.es\/blog\/wp-json\/wp\/v2\/posts\/1407","targetHints":{"allow":["GET"]}}],"collection":[{"href":"https:\/\/www.motif.es\/blog\/wp-json\/wp\/v2\/posts"}],"about":[{"href":"https:\/\/www.motif.es\/blog\/wp-json\/wp\/v2\/types\/post"}],"author":[{"embeddable":true,"href":"https:\/\/www.motif.es\/blog\/wp-json\/wp\/v2\/users\/2"}],"replies":[{"embeddable":true,"href":"https:\/\/www.motif.es\/blog\/wp-json\/wp\/v2\/comments?post=1407"}],"version-history":[{"count":2,"href":"https:\/\/www.motif.es\/blog\/wp-json\/wp\/v2\/posts\/1407\/revisions"}],"predecessor-version":[{"id":1453,"href":"https:\/\/www.motif.es\/blog\/wp-json\/wp\/v2\/posts\/1407\/revisions\/1453"}],"wp:featuredmedia":[{"embeddable":true,"href":"https:\/\/www.motif.es\/blog\/wp-json\/wp\/v2\/media\/1454"}],"wp:attachment":[{"href":"https:\/\/www.motif.es\/blog\/wp-json\/wp\/v2\/media?parent=1407"}],"wp:term":[{"taxonomy":"category","embeddable":true,"href":"https:\/\/www.motif.es\/blog\/wp-json\/wp\/v2\/categories?post=1407"},{"taxonomy":"post_tag","embeddable":true,"href":"https:\/\/www.motif.es\/blog\/wp-json\/wp\/v2\/tags?post=1407"}],"curies":[{"name":"wp","href":"https:\/\/api.w.org\/{rel}","templated":true}]}}