{"id":1413,"date":"2022-02-17T09:06:30","date_gmt":"2022-02-17T09:06:30","guid":{"rendered":"https:\/\/motif.es\/blog\/?p=1413"},"modified":"2022-04-01T10:07:18","modified_gmt":"2022-04-01T10:07:18","slug":"trucos-para-acertar-al-colocar-una-alfombra-en-la-decoracion-de-tu-salon","status":"publish","type":"post","link":"https:\/\/www.motif.es\/blog\/trucos-para-acertar-al-colocar-una-alfombra-en-la-decoracion-de-tu-salon\/","title":{"rendered":"Trucos para acertar al colocar una alfombra en la decoraci\u00f3n de tu sal\u00f3n"},"content":{"rendered":"<p>En cuesti\u00f3n de <strong>decoraci\u00f3n de interiores<\/strong>, las alfombras siempre han tenido un papel muy importante aunque tambi\u00e9n es cierto, que la dificultad en su limpieza y la facilidad para retener polvo, hicieron que muchos, a pesar de gustarles el toque que aportaban, decidieran no tenerlas. \u00a1Hasta que aparecieron las alfombras vin\u00edlicas!<\/p>\n<p style=\"text-align: center;\"><img loading=\"lazy\" decoding=\"async\" class=\"alignnone size-full wp-image-1417\" src=\"https:\/\/motif.es\/blog\/wp-content\/uploads\/2022\/04\/AMBIENTE_COCONUT-2.jpg\" alt=\"\" width=\"1000\" height=\"1000\" srcset=\"https:\/\/www.motif.es\/blog\/wp-content\/uploads\/2022\/04\/AMBIENTE_COCONUT-2.jpg 1000w, https:\/\/www.motif.es\/blog\/wp-content\/uploads\/2022\/04\/AMBIENTE_COCONUT-2-300x300.jpg 300w, https:\/\/www.motif.es\/blog\/wp-content\/uploads\/2022\/04\/AMBIENTE_COCONUT-2-150x150.jpg 150w, https:\/\/www.motif.es\/blog\/wp-content\/uploads\/2022\/04\/AMBIENTE_COCONUT-2-768x768.jpg 768w, https:\/\/www.motif.es\/blog\/wp-content\/uploads\/2022\/04\/AMBIENTE_COCONUT-2-400x400.jpg 400w, https:\/\/www.motif.es\/blog\/wp-content\/uploads\/2022\/04\/AMBIENTE_COCONUT-2-96x96.jpg 96w\" sizes=\"auto, (max-width: 1000px) 100vw, 1000px\" \/><\/p>\n<p style=\"text-align: center;\"><em>Alfombra vin\u00edlica coconut<\/em><\/p>\n<p>Con la llegada de las <strong>alfombras vin\u00edlicas<\/strong> se acab\u00f3 el problema de la limpieza y del polvo, y las ganas de apostar por ellas y sus m\u00faltiples ventajas en la decoraci\u00f3n de cualquier estancia de la casa.<\/p>\n<p>Ahora bien, \u00bfsabes c\u00f3mo<strong> acertar para colocar una alfombra<\/strong>?<\/p>\n<p>Si tienes dudas, no debes dejar de leer estos sencillos trucos.<\/p>\n<p>Lo primero a tener en cuenta para <strong>decidir d\u00f3nde colocar tu alfombra vin\u00edlica<\/strong>, es el tama\u00f1o de la estancia donde se va a colocar porque influir\u00e1 tambi\u00e9n en el tama\u00f1o de la alfombra que vas a elegir. Si quieres saber m\u00e1s sobre c\u00f3mo elegir la alfombra perfecta para cada espacio, puedes ampliar m\u00e1s informaci\u00f3n <a href=\"https:\/\/motif.es\/blog\/como-elegir-la-alfombra-perfecta-segun-tu-espacio\/\" target=\"_blank\" rel=\"noopener\">AQU\u00cd<\/a>.<\/p>\n<p>Y lo segundo, teniendo en cuenta que una alfombra adem\u00e1s de para decorar sirve para delimitar espacios dentro de una misma habitaci\u00f3n, es si quieres tenerla en la zona de sof\u00e1 o si tienes mesa de comedor en la misma habitaci\u00f3n, en la zona donde esta est\u00e1.<\/p>\n<p>Si has decidido ponerla debajo de la mesa, ten en cuenta que ha de caber sobre ella y sobrar un poco alrededor, tanto mesas como sillas han de caber sobre ella, pero adem\u00e1s, los profesionales recomiendan optar por una alfombra que tenga la misma forma que la mesa. Es decir, si la mesa es redonda, se recomienda elegir una alfombra redonda, si es rectangular, igual, etc.<\/p>\n<p style=\"text-align: center;\"><img loading=\"lazy\" decoding=\"async\" class=\"alignnone size-full wp-image-1416\" src=\"https:\/\/motif.es\/blog\/wp-content\/uploads\/2022\/04\/AMBIENTE_ALFOMBRA_TUJAR-GREEN_3.jpg\" alt=\"\" width=\"1000\" height=\"1000\" srcset=\"https:\/\/www.motif.es\/blog\/wp-content\/uploads\/2022\/04\/AMBIENTE_ALFOMBRA_TUJAR-GREEN_3.jpg 1000w, https:\/\/www.motif.es\/blog\/wp-content\/uploads\/2022\/04\/AMBIENTE_ALFOMBRA_TUJAR-GREEN_3-300x300.jpg 300w, https:\/\/www.motif.es\/blog\/wp-content\/uploads\/2022\/04\/AMBIENTE_ALFOMBRA_TUJAR-GREEN_3-150x150.jpg 150w, https:\/\/www.motif.es\/blog\/wp-content\/uploads\/2022\/04\/AMBIENTE_ALFOMBRA_TUJAR-GREEN_3-768x768.jpg 768w, https:\/\/www.motif.es\/blog\/wp-content\/uploads\/2022\/04\/AMBIENTE_ALFOMBRA_TUJAR-GREEN_3-400x400.jpg 400w, https:\/\/www.motif.es\/blog\/wp-content\/uploads\/2022\/04\/AMBIENTE_ALFOMBRA_TUJAR-GREEN_3-96x96.jpg 96w\" sizes=\"auto, (max-width: 1000px) 100vw, 1000px\" \/><\/p>\n<p style=\"text-align: center;\"><em>Alfombr vin\u00edlica Tujar<\/em><\/p>\n<p>\u00bfQu\u00e9 pasa si quiero poner la alfombra en la zona del sof\u00e1?<\/p>\n<p>Tambi\u00e9n es una zona perfecta. Solo recuerda que para elegir el <strong>tama\u00f1o de la alfombra <\/strong>siempre ser\u00e1 mejor que sobre que no falte. Adem\u00e1s, elige alfombras de la forma de la estancia y para colocarlas es recomendable que las patas delanteras del sof\u00e1 y butacas est\u00e9n colocadas sobre la misma, de este modo quedar\u00e1 m\u00e1s fija en el suelo y se evitar\u00e1n tropezones, ayudando a la vez que el sal\u00f3n de sensaci\u00f3n de amplitud. Y si tienes mesa, siempre dentro de ella.<\/p>\n<p style=\"text-align: center;\"><img loading=\"lazy\" decoding=\"async\" class=\"alignnone size-full wp-image-1415\" src=\"https:\/\/motif.es\/blog\/wp-content\/uploads\/2022\/04\/alfombra-vinilica-filigrana.jpg\" alt=\"\" width=\"1000\" height=\"1000\" srcset=\"https:\/\/www.motif.es\/blog\/wp-content\/uploads\/2022\/04\/alfombra-vinilica-filigrana.jpg 1000w, https:\/\/www.motif.es\/blog\/wp-content\/uploads\/2022\/04\/alfombra-vinilica-filigrana-300x300.jpg 300w, https:\/\/www.motif.es\/blog\/wp-content\/uploads\/2022\/04\/alfombra-vinilica-filigrana-150x150.jpg 150w, https:\/\/www.motif.es\/blog\/wp-content\/uploads\/2022\/04\/alfombra-vinilica-filigrana-768x768.jpg 768w, https:\/\/www.motif.es\/blog\/wp-content\/uploads\/2022\/04\/alfombra-vinilica-filigrana-400x400.jpg 400w, https:\/\/www.motif.es\/blog\/wp-content\/uploads\/2022\/04\/alfombra-vinilica-filigrana-96x96.jpg 96w\" sizes=\"auto, (max-width: 1000px) 100vw, 1000px\" \/><\/p>\n<p style=\"text-align: center;\"><em>Alfombra vin\u00edlica filigrana<\/em><\/p>\n<p>\u00bfEs la \u00fanica manera de hacerlo?<\/p>\n<p>No, esto es lo que m\u00e1s recomiendan los profesionales pero sin duda que cambiar las reglas y arriesgarse con otras cosas, tambi\u00e9n nos deja resultados sorprendentes.<\/p>\n<p>\u00bfTe animas a poner un alfombra en tu vida?<\/p>\n<p>&nbsp;<\/p>\n<p>&nbsp;<\/p>\n<p>&nbsp;<\/p>\n","protected":false},"excerpt":{"rendered":"<p>En cuesti\u00f3n de decoraci\u00f3n de interiores, las alfombras siempre han tenido un papel muy importante aunque tambi\u00e9n es cierto, que la dificultad en su limpieza y la facilidad para retener polvo, hicieron que muchos, a pesar de gustarles el toque que aportaban, decidieran no tenerlas. \u00a1Hasta que aparecieron las alfombras vin\u00edlicas! Alfombra vin\u00edlica coconut Con [&#8230;]<\/p>\n","protected":false},"author":2,"featured_media":1416,"comment_status":"open","ping_status":"open","sticky":false,"template":"","format":"standard","meta":{"_acf_changed":false,"footnotes":""},"categories":[9,8],"tags":[],"class_list":["post-1413","post","type-post","status-publish","format-standard","has-post-thumbnail","hentry","category-inspirate","category-sobre-alfombras-vinilicas"],"acf":[],"yoast_head":"<!-- This site is optimized with the Yoast SEO plugin v27.5 - https:\/\/yoast.com\/product\/yoast-seo-wordpress\/ -->\n<title>Trucos para acertar al colocar una alfombra en la decoraci\u00f3n de tu sal\u00f3n - Blog Motif<\/title>\n<meta name=\"description\" content=\"En cuesti\u00f3n de decoraci\u00f3n de interiores, las alfombras siempre han tenido un papel muy importante aunque tambi\u00e9n es cierto, que la dificultad en su\" \/>\n<meta name=\"robots\" content=\"index, follow, max-snippet:-1, max-image-preview:large, max-video-preview:-1\" \/>\n<link rel=\"canonical\" href=\"https:\/\/www.motif.es\/blog\/trucos-para-acertar-al-colocar-una-alfombra-en-la-decoracion-de-tu-salon\/\" \/>\n<meta property=\"og:locale\" content=\"es_ES\" \/>\n<meta property=\"og:type\" content=\"article\" \/>\n<meta property=\"og:title\" content=\"Trucos para acertar al colocar una alfombra en la decoraci\u00f3n de tu sal\u00f3n - Blog Motif\" \/>\n<meta property=\"og:description\" content=\"En cuesti\u00f3n de decoraci\u00f3n de interiores, las alfombras siempre han tenido un papel muy importante aunque tambi\u00e9n es cierto, que la dificultad en su\" \/>\n<meta property=\"og:url\" content=\"https:\/\/www.motif.es\/blog\/trucos-para-acertar-al-colocar-una-alfombra-en-la-decoracion-de-tu-salon\/\" \/>\n<meta property=\"og:site_name\" content=\"Blog Motif\" \/>\n<meta property=\"article:publisher\" content=\"https:\/\/www.facebook.com\/motifmorethanwalls\/\" \/>\n<meta property=\"article:published_time\" content=\"2022-02-17T09:06:30+00:00\" \/>\n<meta property=\"article:modified_time\" content=\"2022-04-01T10:07:18+00:00\" \/>\n<meta property=\"og:image\" content=\"https:\/\/www.motif.es\/blog\/wp-content\/uploads\/2022\/04\/AMBIENTE_ALFOMBRA_TUJAR-GREEN_3.jpg\" \/>\n\t<meta property=\"og:image:width\" content=\"1000\" \/>\n\t<meta property=\"og:image:height\" content=\"1000\" \/>\n\t<meta property=\"og:image:type\" content=\"image\/jpeg\" \/>\n<meta name=\"author\" content=\"Comunicaci\u00f3n Motif\" \/>\n<meta name=\"twitter:card\" content=\"summary_large_image\" \/>\n<meta name=\"twitter:label1\" content=\"Escrito por\" \/>\n\t<meta name=\"twitter:data1\" content=\"Comunicaci\u00f3n Motif\" \/>\n\t<meta name=\"twitter:label2\" content=\"Tiempo de lectura\" \/>\n\t<meta name=\"twitter:data2\" content=\"2 minutos\" \/>\n<script type=\"application\/ld+json\" class=\"yoast-schema-graph\">{\"@context\":\"https:\\\/\\\/schema.org\",\"@graph\":[{\"@type\":\"Article\",\"@id\":\"https:\\\/\\\/www.motif.es\\\/blog\\\/trucos-para-acertar-al-colocar-una-alfombra-en-la-decoracion-de-tu-salon\\\/#article\",\"isPartOf\":{\"@id\":\"https:\\\/\\\/www.motif.es\\\/blog\\\/trucos-para-acertar-al-colocar-una-alfombra-en-la-decoracion-de-tu-salon\\\/\"},\"author\":{\"name\":\"Comunicaci\u00f3n Motif\",\"@id\":\"https:\\\/\\\/www.motif.es\\\/blog\\\/#\\\/schema\\\/person\\\/aac26ed80d8e02fb9525ec6b569d75e9\"},\"headline\":\"Trucos para acertar al colocar una alfombra en la decoraci\u00f3n de tu sal\u00f3n\",\"datePublished\":\"2022-02-17T09:06:30+00:00\",\"dateModified\":\"2022-04-01T10:07:18+00:00\",\"mainEntityOfPage\":{\"@id\":\"https:\\\/\\\/www.motif.es\\\/blog\\\/trucos-para-acertar-al-colocar-una-alfombra-en-la-decoracion-de-tu-salon\\\/\"},\"wordCount\":472,\"commentCount\":0,\"publisher\":{\"@id\":\"https:\\\/\\\/www.motif.es\\\/blog\\\/#organization\"},\"image\":{\"@id\":\"https:\\\/\\\/www.motif.es\\\/blog\\\/trucos-para-acertar-al-colocar-una-alfombra-en-la-decoracion-de-tu-salon\\\/#primaryimage\"},\"thumbnailUrl\":\"https:\\\/\\\/www.motif.es\\\/blog\\\/wp-content\\\/uploads\\\/2022\\\/04\\\/AMBIENTE_ALFOMBRA_TUJAR-GREEN_3.jpg\",\"articleSection\":[\"insp\u00edrate\",\"sobre alfombras vin\u00edlicas\"],\"inLanguage\":\"es\",\"potentialAction\":[{\"@type\":\"CommentAction\",\"name\":\"Comment\",\"target\":[\"https:\\\/\\\/www.motif.es\\\/blog\\\/trucos-para-acertar-al-colocar-una-alfombra-en-la-decoracion-de-tu-salon\\\/#respond\"]}]},{\"@type\":\"WebPage\",\"@id\":\"https:\\\/\\\/www.motif.es\\\/blog\\\/trucos-para-acertar-al-colocar-una-alfombra-en-la-decoracion-de-tu-salon\\\/\",\"url\":\"https:\\\/\\\/www.motif.es\\\/blog\\\/trucos-para-acertar-al-colocar-una-alfombra-en-la-decoracion-de-tu-salon\\\/\",\"name\":\"Trucos para acertar al colocar una alfombra en la decoraci\u00f3n de tu sal\u00f3n - Blog Motif\",\"isPartOf\":{\"@id\":\"https:\\\/\\\/www.motif.es\\\/blog\\\/#website\"},\"primaryImageOfPage\":{\"@id\":\"https:\\\/\\\/www.motif.es\\\/blog\\\/trucos-para-acertar-al-colocar-una-alfombra-en-la-decoracion-de-tu-salon\\\/#primaryimage\"},\"image\":{\"@id\":\"https:\\\/\\\/www.motif.es\\\/blog\\\/trucos-para-acertar-al-colocar-una-alfombra-en-la-decoracion-de-tu-salon\\\/#primaryimage\"},\"thumbnailUrl\":\"https:\\\/\\\/www.motif.es\\\/blog\\\/wp-content\\\/uploads\\\/2022\\\/04\\\/AMBIENTE_ALFOMBRA_TUJAR-GREEN_3.jpg\",\"datePublished\":\"2022-02-17T09:06:30+00:00\",\"dateModified\":\"2022-04-01T10:07:18+00:00\",\"description\":\"En cuesti\u00f3n de decoraci\u00f3n de interiores, las alfombras siempre han tenido un papel muy importante aunque tambi\u00e9n es cierto, que la dificultad en su\",\"breadcrumb\":{\"@id\":\"https:\\\/\\\/www.motif.es\\\/blog\\\/trucos-para-acertar-al-colocar-una-alfombra-en-la-decoracion-de-tu-salon\\\/#breadcrumb\"},\"inLanguage\":\"es\",\"potentialAction\":[{\"@type\":\"ReadAction\",\"target\":[\"https:\\\/\\\/www.motif.es\\\/blog\\\/trucos-para-acertar-al-colocar-una-alfombra-en-la-decoracion-de-tu-salon\\\/\"]}]},{\"@type\":\"ImageObject\",\"inLanguage\":\"es\",\"@id\":\"https:\\\/\\\/www.motif.es\\\/blog\\\/trucos-para-acertar-al-colocar-una-alfombra-en-la-decoracion-de-tu-salon\\\/#primaryimage\",\"url\":\"https:\\\/\\\/www.motif.es\\\/blog\\\/wp-content\\\/uploads\\\/2022\\\/04\\\/AMBIENTE_ALFOMBRA_TUJAR-GREEN_3.jpg\",\"contentUrl\":\"https:\\\/\\\/www.motif.es\\\/blog\\\/wp-content\\\/uploads\\\/2022\\\/04\\\/AMBIENTE_ALFOMBRA_TUJAR-GREEN_3.jpg\",\"width\":1000,\"height\":1000},{\"@type\":\"BreadcrumbList\",\"@id\":\"https:\\\/\\\/www.motif.es\\\/blog\\\/trucos-para-acertar-al-colocar-una-alfombra-en-la-decoracion-de-tu-salon\\\/#breadcrumb\",\"itemListElement\":[{\"@type\":\"ListItem\",\"position\":1,\"name\":\"Blog\",\"item\":\"https:\\\/\\\/www.motif.es\\\/blog\\\/\"},{\"@type\":\"ListItem\",\"position\":2,\"name\":\"insp\u00edrate\",\"item\":\"https:\\\/\\\/www.motif.es\\\/blog\\\/category\\\/inspirate\\\/\"},{\"@type\":\"ListItem\",\"position\":3,\"name\":\"Trucos para acertar al colocar una alfombra en la decoraci\u00f3n de tu sal\u00f3n\"}]},{\"@type\":\"WebSite\",\"@id\":\"https:\\\/\\\/www.motif.es\\\/blog\\\/#website\",\"url\":\"https:\\\/\\\/www.motif.es\\\/blog\\\/\",\"name\":\"Blog Motif\",\"description\":\"nuestro rinc\u00f3n para inspirarte\",\"publisher\":{\"@id\":\"https:\\\/\\\/www.motif.es\\\/blog\\\/#organization\"},\"potentialAction\":[{\"@type\":\"SearchAction\",\"target\":{\"@type\":\"EntryPoint\",\"urlTemplate\":\"https:\\\/\\\/www.motif.es\\\/blog\\\/?s={search_term_string}\"},\"query-input\":{\"@type\":\"PropertyValueSpecification\",\"valueRequired\":true,\"valueName\":\"search_term_string\"}}],\"inLanguage\":\"es\"},{\"@type\":\"Organization\",\"@id\":\"https:\\\/\\\/www.motif.es\\\/blog\\\/#organization\",\"name\":\"Motif Wallpapers S.L.U.\",\"url\":\"https:\\\/\\\/www.motif.es\\\/blog\\\/\",\"logo\":{\"@type\":\"ImageObject\",\"inLanguage\":\"es\",\"@id\":\"https:\\\/\\\/www.motif.es\\\/blog\\\/#\\\/schema\\\/logo\\\/image\\\/\",\"url\":\"https:\\\/\\\/motif.es\\\/blog\\\/wp-content\\\/uploads\\\/2021\\\/06\\\/logo-motif.jpg\",\"contentUrl\":\"https:\\\/\\\/motif.es\\\/blog\\\/wp-content\\\/uploads\\\/2021\\\/06\\\/logo-motif.jpg\",\"width\":464,\"height\":464,\"caption\":\"Motif Wallpapers S.L.U.\"},\"image\":{\"@id\":\"https:\\\/\\\/www.motif.es\\\/blog\\\/#\\\/schema\\\/logo\\\/image\\\/\"},\"sameAs\":[\"https:\\\/\\\/www.facebook.com\\\/motifmorethanwalls\\\/\",\"https:\\\/\\\/www.instagram.com\\\/motif_es\\\/?hl=es\",\"https:\\\/\\\/www.pinterest.es\\\/motifwallpapers\\\/\",\"https:\\\/\\\/www.youtube.com\\\/channel\\\/UCNaOmbxD6LjcQNj4vmfVIUg\"]},{\"@type\":\"Person\",\"@id\":\"https:\\\/\\\/www.motif.es\\\/blog\\\/#\\\/schema\\\/person\\\/aac26ed80d8e02fb9525ec6b569d75e9\",\"name\":\"Comunicaci\u00f3n Motif\",\"image\":{\"@type\":\"ImageObject\",\"inLanguage\":\"es\",\"@id\":\"https:\\\/\\\/secure.gravatar.com\\\/avatar\\\/93b2fb49a03bd7a57b5f5e8c3b740113f14f25da86b090887d9353672de2d9b5?s=96&d=mm&r=g\",\"url\":\"https:\\\/\\\/secure.gravatar.com\\\/avatar\\\/93b2fb49a03bd7a57b5f5e8c3b740113f14f25da86b090887d9353672de2d9b5?s=96&d=mm&r=g\",\"contentUrl\":\"https:\\\/\\\/secure.gravatar.com\\\/avatar\\\/93b2fb49a03bd7a57b5f5e8c3b740113f14f25da86b090887d9353672de2d9b5?s=96&d=mm&r=g\",\"caption\":\"Comunicaci\u00f3n Motif\"},\"url\":\"https:\\\/\\\/www.motif.es\\\/blog\\\/author\\\/comunicacion\\\/\"}]}<\/script>\n<!-- \/ Yoast SEO plugin. -->","yoast_head_json":{"title":"Trucos para acertar al colocar una alfombra en la decoraci\u00f3n de tu sal\u00f3n - Blog Motif","description":"En cuesti\u00f3n de decoraci\u00f3n de interiores, las alfombras siempre han tenido un papel muy importante aunque tambi\u00e9n es cierto, que la dificultad en su","robots":{"index":"index","follow":"follow","max-snippet":"max-snippet:-1","max-image-preview":"max-image-preview:large","max-video-preview":"max-video-preview:-1"},"canonical":"https:\/\/www.motif.es\/blog\/trucos-para-acertar-al-colocar-una-alfombra-en-la-decoracion-de-tu-salon\/","og_locale":"es_ES","og_type":"article","og_title":"Trucos para acertar al colocar una alfombra en la decoraci\u00f3n de tu sal\u00f3n - Blog Motif","og_description":"En cuesti\u00f3n de decoraci\u00f3n de interiores, las alfombras siempre han tenido un papel muy importante aunque tambi\u00e9n es cierto, que la dificultad en su","og_url":"https:\/\/www.motif.es\/blog\/trucos-para-acertar-al-colocar-una-alfombra-en-la-decoracion-de-tu-salon\/","og_site_name":"Blog Motif","article_publisher":"https:\/\/www.facebook.com\/motifmorethanwalls\/","article_published_time":"2022-02-17T09:06:30+00:00","article_modified_time":"2022-04-01T10:07:18+00:00","og_image":[{"width":1000,"height":1000,"url":"https:\/\/www.motif.es\/blog\/wp-content\/uploads\/2022\/04\/AMBIENTE_ALFOMBRA_TUJAR-GREEN_3.jpg","type":"image\/jpeg"}],"author":"Comunicaci\u00f3n Motif","twitter_card":"summary_large_image","twitter_misc":{"Escrito por":"Comunicaci\u00f3n Motif","Tiempo de lectura":"2 minutos"},"schema":{"@context":"https:\/\/schema.org","@graph":[{"@type":"Article","@id":"https:\/\/www.motif.es\/blog\/trucos-para-acertar-al-colocar-una-alfombra-en-la-decoracion-de-tu-salon\/#article","isPartOf":{"@id":"https:\/\/www.motif.es\/blog\/trucos-para-acertar-al-colocar-una-alfombra-en-la-decoracion-de-tu-salon\/"},"author":{"name":"Comunicaci\u00f3n Motif","@id":"https:\/\/www.motif.es\/blog\/#\/schema\/person\/aac26ed80d8e02fb9525ec6b569d75e9"},"headline":"Trucos para acertar al colocar una alfombra en la decoraci\u00f3n de tu sal\u00f3n","datePublished":"2022-02-17T09:06:30+00:00","dateModified":"2022-04-01T10:07:18+00:00","mainEntityOfPage":{"@id":"https:\/\/www.motif.es\/blog\/trucos-para-acertar-al-colocar-una-alfombra-en-la-decoracion-de-tu-salon\/"},"wordCount":472,"commentCount":0,"publisher":{"@id":"https:\/\/www.motif.es\/blog\/#organization"},"image":{"@id":"https:\/\/www.motif.es\/blog\/trucos-para-acertar-al-colocar-una-alfombra-en-la-decoracion-de-tu-salon\/#primaryimage"},"thumbnailUrl":"https:\/\/www.motif.es\/blog\/wp-content\/uploads\/2022\/04\/AMBIENTE_ALFOMBRA_TUJAR-GREEN_3.jpg","articleSection":["insp\u00edrate","sobre alfombras vin\u00edlicas"],"inLanguage":"es","potentialAction":[{"@type":"CommentAction","name":"Comment","target":["https:\/\/www.motif.es\/blog\/trucos-para-acertar-al-colocar-una-alfombra-en-la-decoracion-de-tu-salon\/#respond"]}]},{"@type":"WebPage","@id":"https:\/\/www.motif.es\/blog\/trucos-para-acertar-al-colocar-una-alfombra-en-la-decoracion-de-tu-salon\/","url":"https:\/\/www.motif.es\/blog\/trucos-para-acertar-al-colocar-una-alfombra-en-la-decoracion-de-tu-salon\/","name":"Trucos para acertar al colocar una alfombra en la decoraci\u00f3n de tu sal\u00f3n - Blog Motif","isPartOf":{"@id":"https:\/\/www.motif.es\/blog\/#website"},"primaryImageOfPage":{"@id":"https:\/\/www.motif.es\/blog\/trucos-para-acertar-al-colocar-una-alfombra-en-la-decoracion-de-tu-salon\/#primaryimage"},"image":{"@id":"https:\/\/www.motif.es\/blog\/trucos-para-acertar-al-colocar-una-alfombra-en-la-decoracion-de-tu-salon\/#primaryimage"},"thumbnailUrl":"https:\/\/www.motif.es\/blog\/wp-content\/uploads\/2022\/04\/AMBIENTE_ALFOMBRA_TUJAR-GREEN_3.jpg","datePublished":"2022-02-17T09:06:30+00:00","dateModified":"2022-04-01T10:07:18+00:00","description":"En cuesti\u00f3n de decoraci\u00f3n de interiores, las alfombras siempre han tenido un papel muy importante aunque tambi\u00e9n es cierto, que la dificultad en su","breadcrumb":{"@id":"https:\/\/www.motif.es\/blog\/trucos-para-acertar-al-colocar-una-alfombra-en-la-decoracion-de-tu-salon\/#breadcrumb"},"inLanguage":"es","potentialAction":[{"@type":"ReadAction","target":["https:\/\/www.motif.es\/blog\/trucos-para-acertar-al-colocar-una-alfombra-en-la-decoracion-de-tu-salon\/"]}]},{"@type":"ImageObject","inLanguage":"es","@id":"https:\/\/www.motif.es\/blog\/trucos-para-acertar-al-colocar-una-alfombra-en-la-decoracion-de-tu-salon\/#primaryimage","url":"https:\/\/www.motif.es\/blog\/wp-content\/uploads\/2022\/04\/AMBIENTE_ALFOMBRA_TUJAR-GREEN_3.jpg","contentUrl":"https:\/\/www.motif.es\/blog\/wp-content\/uploads\/2022\/04\/AMBIENTE_ALFOMBRA_TUJAR-GREEN_3.jpg","width":1000,"height":1000},{"@type":"BreadcrumbList","@id":"https:\/\/www.motif.es\/blog\/trucos-para-acertar-al-colocar-una-alfombra-en-la-decoracion-de-tu-salon\/#breadcrumb","itemListElement":[{"@type":"ListItem","position":1,"name":"Blog","item":"https:\/\/www.motif.es\/blog\/"},{"@type":"ListItem","position":2,"name":"insp\u00edrate","item":"https:\/\/www.motif.es\/blog\/category\/inspirate\/"},{"@type":"ListItem","position":3,"name":"Trucos para acertar al colocar una alfombra en la decoraci\u00f3n de tu sal\u00f3n"}]},{"@type":"WebSite","@id":"https:\/\/www.motif.es\/blog\/#website","url":"https:\/\/www.motif.es\/blog\/","name":"Blog Motif","description":"nuestro rinc\u00f3n para inspirarte","publisher":{"@id":"https:\/\/www.motif.es\/blog\/#organization"},"potentialAction":[{"@type":"SearchAction","target":{"@type":"EntryPoint","urlTemplate":"https:\/\/www.motif.es\/blog\/?s={search_term_string}"},"query-input":{"@type":"PropertyValueSpecification","valueRequired":true,"valueName":"search_term_string"}}],"inLanguage":"es"},{"@type":"Organization","@id":"https:\/\/www.motif.es\/blog\/#organization","name":"Motif Wallpapers S.L.U.","url":"https:\/\/www.motif.es\/blog\/","logo":{"@type":"ImageObject","inLanguage":"es","@id":"https:\/\/www.motif.es\/blog\/#\/schema\/logo\/image\/","url":"https:\/\/motif.es\/blog\/wp-content\/uploads\/2021\/06\/logo-motif.jpg","contentUrl":"https:\/\/motif.es\/blog\/wp-content\/uploads\/2021\/06\/logo-motif.jpg","width":464,"height":464,"caption":"Motif Wallpapers S.L.U."},"image":{"@id":"https:\/\/www.motif.es\/blog\/#\/schema\/logo\/image\/"},"sameAs":["https:\/\/www.facebook.com\/motifmorethanwalls\/","https:\/\/www.instagram.com\/motif_es\/?hl=es","https:\/\/www.pinterest.es\/motifwallpapers\/","https:\/\/www.youtube.com\/channel\/UCNaOmbxD6LjcQNj4vmfVIUg"]},{"@type":"Person","@id":"https:\/\/www.motif.es\/blog\/#\/schema\/person\/aac26ed80d8e02fb9525ec6b569d75e9","name":"Comunicaci\u00f3n Motif","image":{"@type":"ImageObject","inLanguage":"es","@id":"https:\/\/secure.gravatar.com\/avatar\/93b2fb49a03bd7a57b5f5e8c3b740113f14f25da86b090887d9353672de2d9b5?s=96&d=mm&r=g","url":"https:\/\/secure.gravatar.com\/avatar\/93b2fb49a03bd7a57b5f5e8c3b740113f14f25da86b090887d9353672de2d9b5?s=96&d=mm&r=g","contentUrl":"https:\/\/secure.gravatar.com\/avatar\/93b2fb49a03bd7a57b5f5e8c3b740113f14f25da86b090887d9353672de2d9b5?s=96&d=mm&r=g","caption":"Comunicaci\u00f3n Motif"},"url":"https:\/\/www.motif.es\/blog\/author\/comunicacion\/"}]}},"_links":{"self":[{"href":"https:\/\/www.motif.es\/blog\/wp-json\/wp\/v2\/posts\/1413","targetHints":{"allow":["GET"]}}],"collection":[{"href":"https:\/\/www.motif.es\/blog\/wp-json\/wp\/v2\/posts"}],"about":[{"href":"https:\/\/www.motif.es\/blog\/wp-json\/wp\/v2\/types\/post"}],"author":[{"embeddable":true,"href":"https:\/\/www.motif.es\/blog\/wp-json\/wp\/v2\/users\/2"}],"replies":[{"embeddable":true,"href":"https:\/\/www.motif.es\/blog\/wp-json\/wp\/v2\/comments?post=1413"}],"version-history":[{"count":1,"href":"https:\/\/www.motif.es\/blog\/wp-json\/wp\/v2\/posts\/1413\/revisions"}],"predecessor-version":[{"id":1418,"href":"https:\/\/www.motif.es\/blog\/wp-json\/wp\/v2\/posts\/1413\/revisions\/1418"}],"wp:featuredmedia":[{"embeddable":true,"href":"https:\/\/www.motif.es\/blog\/wp-json\/wp\/v2\/media\/1416"}],"wp:attachment":[{"href":"https:\/\/www.motif.es\/blog\/wp-json\/wp\/v2\/media?parent=1413"}],"wp:term":[{"taxonomy":"category","embeddable":true,"href":"https:\/\/www.motif.es\/blog\/wp-json\/wp\/v2\/categories?post=1413"},{"taxonomy":"post_tag","embeddable":true,"href":"https:\/\/www.motif.es\/blog\/wp-json\/wp\/v2\/tags?post=1413"}],"curies":[{"name":"wp","href":"https:\/\/api.w.org\/{rel}","templated":true}]}}