{"id":1588,"date":"2022-06-30T15:15:02","date_gmt":"2022-06-30T15:15:02","guid":{"rendered":"https:\/\/motif.es\/blog\/?p=1588"},"modified":"2022-06-30T15:15:02","modified_gmt":"2022-06-30T15:15:02","slug":"descubre-los-nuevos-arcos-pintados-autoadhesivos-de-la-coleccion-infantil","status":"publish","type":"post","link":"https:\/\/www.motif.es\/blog\/descubre-los-nuevos-arcos-pintados-autoadhesivos-de-la-coleccion-infantil\/","title":{"rendered":"Descubre los nuevos arcos pintados autoadhesivos de la colecci\u00f3n infantil"},"content":{"rendered":"<p>Llegan novedades a la web en forma de maravillosos a<strong>rcos pintados autoadhesivos infantiles<\/strong>.<\/p>\n<p style=\"text-align: center;\"><img loading=\"lazy\" decoding=\"async\" class=\"alignnone size-full wp-image-1590\" src=\"https:\/\/motif.es\/blog\/wp-content\/uploads\/2022\/06\/BANNER_ARCO-INFANTIL_FLORAL.jpg\" alt=\"\" width=\"2000\" height=\"2000\" srcset=\"https:\/\/www.motif.es\/blog\/wp-content\/uploads\/2022\/06\/BANNER_ARCO-INFANTIL_FLORAL.jpg 2000w, https:\/\/www.motif.es\/blog\/wp-content\/uploads\/2022\/06\/BANNER_ARCO-INFANTIL_FLORAL-300x300.jpg 300w, https:\/\/www.motif.es\/blog\/wp-content\/uploads\/2022\/06\/BANNER_ARCO-INFANTIL_FLORAL-1024x1024.jpg 1024w, https:\/\/www.motif.es\/blog\/wp-content\/uploads\/2022\/06\/BANNER_ARCO-INFANTIL_FLORAL-150x150.jpg 150w, https:\/\/www.motif.es\/blog\/wp-content\/uploads\/2022\/06\/BANNER_ARCO-INFANTIL_FLORAL-768x768.jpg 768w, https:\/\/www.motif.es\/blog\/wp-content\/uploads\/2022\/06\/BANNER_ARCO-INFANTIL_FLORAL-1536x1536.jpg 1536w, https:\/\/www.motif.es\/blog\/wp-content\/uploads\/2022\/06\/BANNER_ARCO-INFANTIL_FLORAL-1200x1200.jpg 1200w, https:\/\/www.motif.es\/blog\/wp-content\/uploads\/2022\/06\/BANNER_ARCO-INFANTIL_FLORAL-1980x1980.jpg 1980w, https:\/\/www.motif.es\/blog\/wp-content\/uploads\/2022\/06\/BANNER_ARCO-INFANTIL_FLORAL-400x400.jpg 400w, https:\/\/www.motif.es\/blog\/wp-content\/uploads\/2022\/06\/BANNER_ARCO-INFANTIL_FLORAL-96x96.jpg 96w\" sizes=\"auto, (max-width: 2000px) 100vw, 2000px\" \/><\/p>\n<p>Estos nuevos arcos infantiles, al igual que los anteriores, est\u00e1n fabricados en material CANVAS y gracias a su autoadhesivo vas a poder decorar de manera muy f\u00e1cil la habitaci\u00f3n de un beb\u00e9, una cuarto de juegos o aquella pared que t\u00fa quieras.<\/p>\n<p>Entre los nuevos dise\u00f1os que puedes encontrar en la web est\u00e1n:<\/p>\n<ul>\n<li><a href=\"https:\/\/www.motif.es\/arcos-y-circulos-pintados-autoadhesivos\/20945-25265-arco-pintado-autoadhesivo-floral.html#\/material-canvas\/color-verde\/tamano_arcos_y_circulos-110x132cm_ideal_cabecero_cama_90cm\">Arco pintado autoadhesivo Floral<\/a><\/li>\n<\/ul>\n<p style=\"text-align: center;\"><img loading=\"lazy\" decoding=\"async\" class=\"alignnone size-full wp-image-1591\" src=\"https:\/\/motif.es\/blog\/wp-content\/uploads\/2022\/06\/arco-pintado-autoadhesivo-floral.jpg\" alt=\"\" width=\"1000\" height=\"1000\" srcset=\"https:\/\/www.motif.es\/blog\/wp-content\/uploads\/2022\/06\/arco-pintado-autoadhesivo-floral.jpg 1000w, https:\/\/www.motif.es\/blog\/wp-content\/uploads\/2022\/06\/arco-pintado-autoadhesivo-floral-300x300.jpg 300w, https:\/\/www.motif.es\/blog\/wp-content\/uploads\/2022\/06\/arco-pintado-autoadhesivo-floral-150x150.jpg 150w, https:\/\/www.motif.es\/blog\/wp-content\/uploads\/2022\/06\/arco-pintado-autoadhesivo-floral-768x768.jpg 768w, https:\/\/www.motif.es\/blog\/wp-content\/uploads\/2022\/06\/arco-pintado-autoadhesivo-floral-400x400.jpg 400w, https:\/\/www.motif.es\/blog\/wp-content\/uploads\/2022\/06\/arco-pintado-autoadhesivo-floral-96x96.jpg 96w\" sizes=\"auto, (max-width: 1000px) 100vw, 1000px\" \/><\/p>\n<p>Los <strong>estampados verdes y los florales<\/strong> siguen siendo tendencia, y cuando los unes como en este maravilloso arco, son apuesta segura.<\/p>\n<p>Col\u00f3calo como cabecero en la habitaci\u00f3n de tu peque o simplemente como decoraci\u00f3n para conseguir un ambiente como este.<\/p>\n<ul>\n<li><a href=\"https:\/\/www.motif.es\/arcos-y-circulos-pintados-autoadhesivos\/20947-25268-arco-pintado-autoadhesivo-arcoiris-pastel.html#\/material-canvas\/color-rosa\/tamano_arcos_y_circulos-110x132cm_ideal_cabecero_cama_90cm\">Arco pintado autoadhesivo Arcoiris pastel.<\/a><\/li>\n<\/ul>\n<p style=\"text-align: center;\"><img loading=\"lazy\" decoding=\"async\" class=\"alignnone size-full wp-image-1592\" src=\"https:\/\/motif.es\/blog\/wp-content\/uploads\/2022\/06\/arco-pintado-autoadhesivo-arcoiris-pastel.jpg\" alt=\"\" width=\"1000\" height=\"1000\" srcset=\"https:\/\/www.motif.es\/blog\/wp-content\/uploads\/2022\/06\/arco-pintado-autoadhesivo-arcoiris-pastel.jpg 1000w, https:\/\/www.motif.es\/blog\/wp-content\/uploads\/2022\/06\/arco-pintado-autoadhesivo-arcoiris-pastel-300x300.jpg 300w, https:\/\/www.motif.es\/blog\/wp-content\/uploads\/2022\/06\/arco-pintado-autoadhesivo-arcoiris-pastel-150x150.jpg 150w, https:\/\/www.motif.es\/blog\/wp-content\/uploads\/2022\/06\/arco-pintado-autoadhesivo-arcoiris-pastel-768x768.jpg 768w, https:\/\/www.motif.es\/blog\/wp-content\/uploads\/2022\/06\/arco-pintado-autoadhesivo-arcoiris-pastel-400x400.jpg 400w, https:\/\/www.motif.es\/blog\/wp-content\/uploads\/2022\/06\/arco-pintado-autoadhesivo-arcoiris-pastel-96x96.jpg 96w\" sizes=\"auto, (max-width: 1000px) 100vw, 1000px\" \/><\/p>\n<p>\u00bfTe gustan los tonos neutros y <a href=\"https:\/\/www.westwing.es\/inspiration\/decoracion\/decoracion-con-colores\/colores-pastel\/\" target=\"_blank\" rel=\"noopener\">pastel<\/a>?<\/p>\n<p>Este puede ser entonces tu arco perfecto. En este se mezclan rosas, tejas, o melocot\u00f3n, creando una gama crom\u00e1tica incre\u00edble ideal para convertirse en un simb\u00f3lico cabecero de la cama de tu peque o decorar su sala de juegos, un ba\u00f1o o donde t\u00fa quieras, porque<strong> su estilo boho<\/strong> le dar\u00e1 un toque muy especial a la estancia que elijas.<\/p>\n<ul>\n<li><a href=\"https:\/\/www.motif.es\/arcos-y-circulos-pintados-autoadhesivos\/20950-25272-arco-pintado-autoadhesivo-green-houses.html#\/material-canvas\/color-verde\/tamano_arcos_y_circulos-110x132cm_ideal_cabecero_cama_90cm\">Arco pintado autoadhesivo Green houses.<\/a><\/li>\n<\/ul>\n<p style=\"text-align: center;\"><img loading=\"lazy\" decoding=\"async\" class=\"alignnone size-full wp-image-1593\" src=\"https:\/\/motif.es\/blog\/wp-content\/uploads\/2022\/06\/arco-pintado-autoadhesivo-green-houses.jpg\" alt=\"\" width=\"1000\" height=\"1000\" srcset=\"https:\/\/www.motif.es\/blog\/wp-content\/uploads\/2022\/06\/arco-pintado-autoadhesivo-green-houses.jpg 1000w, https:\/\/www.motif.es\/blog\/wp-content\/uploads\/2022\/06\/arco-pintado-autoadhesivo-green-houses-300x300.jpg 300w, https:\/\/www.motif.es\/blog\/wp-content\/uploads\/2022\/06\/arco-pintado-autoadhesivo-green-houses-150x150.jpg 150w, https:\/\/www.motif.es\/blog\/wp-content\/uploads\/2022\/06\/arco-pintado-autoadhesivo-green-houses-768x768.jpg 768w, https:\/\/www.motif.es\/blog\/wp-content\/uploads\/2022\/06\/arco-pintado-autoadhesivo-green-houses-400x400.jpg 400w, https:\/\/www.motif.es\/blog\/wp-content\/uploads\/2022\/06\/arco-pintado-autoadhesivo-green-houses-96x96.jpg 96w\" sizes=\"auto, (max-width: 1000px) 100vw, 1000px\" \/><\/p>\n<p>Esta original ilustraci\u00f3n llevar\u00e1 un estilo muy propio a la habitaci\u00f3n donde decidas ponerla.<\/p>\n<p>Su gama de rosas y verdes, est\u00e1n muy de <strong>tendencia en la decoraci\u00f3n de interiores<\/strong> y har\u00e1 resaltar esa pared que te est\u00e1 pidiendo un cambio.<\/p>\n<ul>\n<li><a href=\"https:\/\/www.motif.es\/arcos-y-circulos-pintados-autoadhesivos\/20946-25267-arco-pintado-autoadhesivo-pua-rosa.html#\/material-canvas\/color-rosa\/tamano_arcos_y_circulos-110x132cm_ideal_cabecero_cama_90cm\">Arco pintado autoadhesivo Pua rosa<\/a>.<\/li>\n<\/ul>\n<p style=\"text-align: center;\"><img loading=\"lazy\" decoding=\"async\" class=\"alignnone size-full wp-image-1594\" src=\"https:\/\/motif.es\/blog\/wp-content\/uploads\/2022\/06\/arco-pintado-autoadhesivo-pua-rosa.jpg\" alt=\"\" width=\"1000\" height=\"1000\" srcset=\"https:\/\/www.motif.es\/blog\/wp-content\/uploads\/2022\/06\/arco-pintado-autoadhesivo-pua-rosa.jpg 1000w, https:\/\/www.motif.es\/blog\/wp-content\/uploads\/2022\/06\/arco-pintado-autoadhesivo-pua-rosa-300x300.jpg 300w, https:\/\/www.motif.es\/blog\/wp-content\/uploads\/2022\/06\/arco-pintado-autoadhesivo-pua-rosa-150x150.jpg 150w, https:\/\/www.motif.es\/blog\/wp-content\/uploads\/2022\/06\/arco-pintado-autoadhesivo-pua-rosa-768x768.jpg 768w, https:\/\/www.motif.es\/blog\/wp-content\/uploads\/2022\/06\/arco-pintado-autoadhesivo-pua-rosa-400x400.jpg 400w, https:\/\/www.motif.es\/blog\/wp-content\/uploads\/2022\/06\/arco-pintado-autoadhesivo-pua-rosa-96x96.jpg 96w\" sizes=\"auto, (max-width: 1000px) 100vw, 1000px\" \/><\/p>\n<p>Los arco\u00edris gustan por toda la magia que pueden llevar a una habitaci\u00f3n infantil y m\u00e1s ahora que, con este <strong>nuevo arco pintado autoadhesivo<\/strong>, podr\u00e1 convertirse en el cabecero de la cama de tu peque. De estilo boho y con tonos preciosos en paleta de rosas y marrones, puede hacer un antes y despu\u00e9s muy de tendencia en cualquier habitaci\u00f3n.<\/p>\n<ul>\n<li><a href=\"https:\/\/www.motif.es\/arcos-y-circulos-pintados-autoadhesivos\/20949-25271-arco-pintado-autoadhesivo-roses-houses.html#\/material-canvas\/color-rosa\/tamano_arcos_y_circulos-110x132cm_ideal_cabecero_cama_90cm\">Arco pintado autoadhesivo Roses houses.<\/a><\/li>\n<\/ul>\n<p style=\"text-align: center;\"><img loading=\"lazy\" decoding=\"async\" class=\"alignnone size-full wp-image-1595\" src=\"https:\/\/motif.es\/blog\/wp-content\/uploads\/2022\/06\/arco-pintado-autoadhesivo-roses-houses.jpg\" alt=\"\" width=\"1000\" height=\"1000\" srcset=\"https:\/\/www.motif.es\/blog\/wp-content\/uploads\/2022\/06\/arco-pintado-autoadhesivo-roses-houses.jpg 1000w, https:\/\/www.motif.es\/blog\/wp-content\/uploads\/2022\/06\/arco-pintado-autoadhesivo-roses-houses-300x300.jpg 300w, https:\/\/www.motif.es\/blog\/wp-content\/uploads\/2022\/06\/arco-pintado-autoadhesivo-roses-houses-150x150.jpg 150w, https:\/\/www.motif.es\/blog\/wp-content\/uploads\/2022\/06\/arco-pintado-autoadhesivo-roses-houses-768x768.jpg 768w, https:\/\/www.motif.es\/blog\/wp-content\/uploads\/2022\/06\/arco-pintado-autoadhesivo-roses-houses-400x400.jpg 400w, https:\/\/www.motif.es\/blog\/wp-content\/uploads\/2022\/06\/arco-pintado-autoadhesivo-roses-houses-96x96.jpg 96w\" sizes=\"auto, (max-width: 1000px) 100vw, 1000px\" \/><\/p>\n<p>\u00bfTe gustaban las casitas pero buscabas algo rosa?<\/p>\n<p>Esta es tu alternativa, unas casitas en tonos rosas <strong>totalmente autoadhesivas<\/strong>\u00a0\u00a0<strong>y con un bonito texturizado simulando\u00a0 la tela de un lienzo<\/strong> que para colocar s\u00f3lo tienes que despegar la trasera y pegar, \u00a1as\u00ed de f\u00e1cil!<\/p>\n<ul>\n<li><a href=\"https:\/\/www.motif.es\/arcos-y-circulos-pintados-autoadhesivos\/20951-25273-arco-pintado-autoadhesivo-luna-estrellada.html#\/material-canvas\/color-rosa\/tamano_arcos_y_circulos-110x132cm_ideal_cabecero_cama_90cm\">Arco pintado autoadhesivo Luna estrellada.<\/a><\/li>\n<\/ul>\n<p style=\"text-align: center;\"><img loading=\"lazy\" decoding=\"async\" class=\"alignnone size-full wp-image-1596\" src=\"https:\/\/motif.es\/blog\/wp-content\/uploads\/2022\/06\/arco-pintado-autoadhesivo-luna-estrellada.jpg\" alt=\"\" width=\"1000\" height=\"1000\" srcset=\"https:\/\/www.motif.es\/blog\/wp-content\/uploads\/2022\/06\/arco-pintado-autoadhesivo-luna-estrellada.jpg 1000w, https:\/\/www.motif.es\/blog\/wp-content\/uploads\/2022\/06\/arco-pintado-autoadhesivo-luna-estrellada-300x300.jpg 300w, https:\/\/www.motif.es\/blog\/wp-content\/uploads\/2022\/06\/arco-pintado-autoadhesivo-luna-estrellada-150x150.jpg 150w, https:\/\/www.motif.es\/blog\/wp-content\/uploads\/2022\/06\/arco-pintado-autoadhesivo-luna-estrellada-768x768.jpg 768w, https:\/\/www.motif.es\/blog\/wp-content\/uploads\/2022\/06\/arco-pintado-autoadhesivo-luna-estrellada-400x400.jpg 400w, https:\/\/www.motif.es\/blog\/wp-content\/uploads\/2022\/06\/arco-pintado-autoadhesivo-luna-estrellada-96x96.jpg 96w\" sizes=\"auto, (max-width: 1000px) 100vw, 1000px\" \/><\/p>\n<p>Luna, constelaci\u00f3n, arco\u00edris, estrellas&#8230; para todo ellos hay que mirar hacia el cielo para verlo a no ser que coloques este arco pintado autoadhesivo, envuelto en una gama crom\u00e1tica preciosa y ahumada, con rosas, grises y un tono arcilla precioso,\u00a0 que har\u00e1 de la habitaci\u00f3n de tu peque, un lugar m\u00e1gico.<\/p>\n<p>\u00bfCon cu\u00e1l te quedas? \ud83d\ude09<\/p>\n<p>&nbsp;<\/p>\n","protected":false},"excerpt":{"rendered":"<p>Llegan novedades a la web en forma de maravillosos arcos pintados autoadhesivos infantiles. Estos nuevos arcos infantiles, al igual que los anteriores, est\u00e1n fabricados en material CANVAS y gracias a su autoadhesivo vas a poder decorar de manera muy f\u00e1cil la habitaci\u00f3n de un beb\u00e9, una cuarto de juegos o aquella pared que t\u00fa quieras. [&#8230;]<\/p>\n","protected":false},"author":2,"featured_media":1590,"comment_status":"open","ping_status":"open","sticky":false,"template":"","format":"standard","meta":{"_acf_changed":false,"footnotes":""},"categories":[24],"tags":[],"class_list":["post-1588","post","type-post","status-publish","format-standard","has-post-thumbnail","hentry","category-sobre-arcos-y-circulos-para-pared"],"acf":[],"yoast_head":"<!-- This site is optimized with the Yoast SEO plugin v27.5 - https:\/\/yoast.com\/product\/yoast-seo-wordpress\/ -->\n<title>Descubre los nuevos arcos pintados autoadhesivos de la colecci\u00f3n infantil - Blog Motif<\/title>\n<meta name=\"description\" content=\"Llegan novedades a la web en forma de maravillosos arcos pintados autoadhesivos infantiles. Estos nuevos arcos infantiles, al igual que los anteriores,\" \/>\n<meta name=\"robots\" content=\"index, follow, max-snippet:-1, max-image-preview:large, max-video-preview:-1\" \/>\n<link rel=\"canonical\" href=\"https:\/\/www.motif.es\/blog\/descubre-los-nuevos-arcos-pintados-autoadhesivos-de-la-coleccion-infantil\/\" \/>\n<meta property=\"og:locale\" content=\"es_ES\" \/>\n<meta property=\"og:type\" content=\"article\" \/>\n<meta property=\"og:title\" content=\"Descubre los nuevos arcos pintados autoadhesivos de la colecci\u00f3n infantil - Blog Motif\" \/>\n<meta property=\"og:description\" content=\"Llegan novedades a la web en forma de maravillosos arcos pintados autoadhesivos infantiles. Estos nuevos arcos infantiles, al igual que los anteriores,\" \/>\n<meta property=\"og:url\" content=\"https:\/\/www.motif.es\/blog\/descubre-los-nuevos-arcos-pintados-autoadhesivos-de-la-coleccion-infantil\/\" \/>\n<meta property=\"og:site_name\" content=\"Blog Motif\" \/>\n<meta property=\"article:publisher\" content=\"https:\/\/www.facebook.com\/motifmorethanwalls\/\" \/>\n<meta property=\"article:published_time\" content=\"2022-06-30T15:15:02+00:00\" \/>\n<meta property=\"og:image\" content=\"https:\/\/www.motif.es\/blog\/wp-content\/uploads\/2022\/06\/BANNER_ARCO-INFANTIL_FLORAL.jpg\" \/>\n\t<meta property=\"og:image:width\" content=\"2000\" \/>\n\t<meta property=\"og:image:height\" content=\"2000\" \/>\n\t<meta property=\"og:image:type\" content=\"image\/jpeg\" \/>\n<meta name=\"author\" content=\"Comunicaci\u00f3n Motif\" \/>\n<meta name=\"twitter:card\" content=\"summary_large_image\" \/>\n<meta name=\"twitter:label1\" content=\"Escrito por\" \/>\n\t<meta name=\"twitter:data1\" content=\"Comunicaci\u00f3n Motif\" \/>\n\t<meta name=\"twitter:label2\" content=\"Tiempo de lectura\" \/>\n\t<meta name=\"twitter:data2\" content=\"2 minutos\" \/>\n<script type=\"application\/ld+json\" class=\"yoast-schema-graph\">{\"@context\":\"https:\\\/\\\/schema.org\",\"@graph\":[{\"@type\":\"Article\",\"@id\":\"https:\\\/\\\/www.motif.es\\\/blog\\\/descubre-los-nuevos-arcos-pintados-autoadhesivos-de-la-coleccion-infantil\\\/#article\",\"isPartOf\":{\"@id\":\"https:\\\/\\\/www.motif.es\\\/blog\\\/descubre-los-nuevos-arcos-pintados-autoadhesivos-de-la-coleccion-infantil\\\/\"},\"author\":{\"name\":\"Comunicaci\u00f3n Motif\",\"@id\":\"https:\\\/\\\/www.motif.es\\\/blog\\\/#\\\/schema\\\/person\\\/aac26ed80d8e02fb9525ec6b569d75e9\"},\"headline\":\"Descubre los nuevos arcos pintados autoadhesivos de la colecci\u00f3n infantil\",\"datePublished\":\"2022-06-30T15:15:02+00:00\",\"mainEntityOfPage\":{\"@id\":\"https:\\\/\\\/www.motif.es\\\/blog\\\/descubre-los-nuevos-arcos-pintados-autoadhesivos-de-la-coleccion-infantil\\\/\"},\"wordCount\":443,\"commentCount\":0,\"publisher\":{\"@id\":\"https:\\\/\\\/www.motif.es\\\/blog\\\/#organization\"},\"image\":{\"@id\":\"https:\\\/\\\/www.motif.es\\\/blog\\\/descubre-los-nuevos-arcos-pintados-autoadhesivos-de-la-coleccion-infantil\\\/#primaryimage\"},\"thumbnailUrl\":\"https:\\\/\\\/www.motif.es\\\/blog\\\/wp-content\\\/uploads\\\/2022\\\/06\\\/BANNER_ARCO-INFANTIL_FLORAL.jpg\",\"articleSection\":[\"sobre arcos y c\u00edrculos para pared\"],\"inLanguage\":\"es\",\"potentialAction\":[{\"@type\":\"CommentAction\",\"name\":\"Comment\",\"target\":[\"https:\\\/\\\/www.motif.es\\\/blog\\\/descubre-los-nuevos-arcos-pintados-autoadhesivos-de-la-coleccion-infantil\\\/#respond\"]}]},{\"@type\":\"WebPage\",\"@id\":\"https:\\\/\\\/www.motif.es\\\/blog\\\/descubre-los-nuevos-arcos-pintados-autoadhesivos-de-la-coleccion-infantil\\\/\",\"url\":\"https:\\\/\\\/www.motif.es\\\/blog\\\/descubre-los-nuevos-arcos-pintados-autoadhesivos-de-la-coleccion-infantil\\\/\",\"name\":\"Descubre los nuevos arcos pintados autoadhesivos de la colecci\u00f3n infantil - Blog Motif\",\"isPartOf\":{\"@id\":\"https:\\\/\\\/www.motif.es\\\/blog\\\/#website\"},\"primaryImageOfPage\":{\"@id\":\"https:\\\/\\\/www.motif.es\\\/blog\\\/descubre-los-nuevos-arcos-pintados-autoadhesivos-de-la-coleccion-infantil\\\/#primaryimage\"},\"image\":{\"@id\":\"https:\\\/\\\/www.motif.es\\\/blog\\\/descubre-los-nuevos-arcos-pintados-autoadhesivos-de-la-coleccion-infantil\\\/#primaryimage\"},\"thumbnailUrl\":\"https:\\\/\\\/www.motif.es\\\/blog\\\/wp-content\\\/uploads\\\/2022\\\/06\\\/BANNER_ARCO-INFANTIL_FLORAL.jpg\",\"datePublished\":\"2022-06-30T15:15:02+00:00\",\"description\":\"Llegan novedades a la web en forma de maravillosos arcos pintados autoadhesivos infantiles. Estos nuevos arcos infantiles, al igual que los anteriores,\",\"breadcrumb\":{\"@id\":\"https:\\\/\\\/www.motif.es\\\/blog\\\/descubre-los-nuevos-arcos-pintados-autoadhesivos-de-la-coleccion-infantil\\\/#breadcrumb\"},\"inLanguage\":\"es\",\"potentialAction\":[{\"@type\":\"ReadAction\",\"target\":[\"https:\\\/\\\/www.motif.es\\\/blog\\\/descubre-los-nuevos-arcos-pintados-autoadhesivos-de-la-coleccion-infantil\\\/\"]}]},{\"@type\":\"ImageObject\",\"inLanguage\":\"es\",\"@id\":\"https:\\\/\\\/www.motif.es\\\/blog\\\/descubre-los-nuevos-arcos-pintados-autoadhesivos-de-la-coleccion-infantil\\\/#primaryimage\",\"url\":\"https:\\\/\\\/www.motif.es\\\/blog\\\/wp-content\\\/uploads\\\/2022\\\/06\\\/BANNER_ARCO-INFANTIL_FLORAL.jpg\",\"contentUrl\":\"https:\\\/\\\/www.motif.es\\\/blog\\\/wp-content\\\/uploads\\\/2022\\\/06\\\/BANNER_ARCO-INFANTIL_FLORAL.jpg\",\"width\":2000,\"height\":2000},{\"@type\":\"BreadcrumbList\",\"@id\":\"https:\\\/\\\/www.motif.es\\\/blog\\\/descubre-los-nuevos-arcos-pintados-autoadhesivos-de-la-coleccion-infantil\\\/#breadcrumb\",\"itemListElement\":[{\"@type\":\"ListItem\",\"position\":1,\"name\":\"Blog\",\"item\":\"https:\\\/\\\/www.motif.es\\\/blog\\\/\"},{\"@type\":\"ListItem\",\"position\":2,\"name\":\"sobre arcos y c\u00edrculos para pared\",\"item\":\"https:\\\/\\\/www.motif.es\\\/blog\\\/category\\\/sobre-arcos-y-circulos-para-pared\\\/\"},{\"@type\":\"ListItem\",\"position\":3,\"name\":\"Descubre los nuevos arcos pintados autoadhesivos de la colecci\u00f3n infantil\"}]},{\"@type\":\"WebSite\",\"@id\":\"https:\\\/\\\/www.motif.es\\\/blog\\\/#website\",\"url\":\"https:\\\/\\\/www.motif.es\\\/blog\\\/\",\"name\":\"Blog Motif\",\"description\":\"nuestro rinc\u00f3n para inspirarte\",\"publisher\":{\"@id\":\"https:\\\/\\\/www.motif.es\\\/blog\\\/#organization\"},\"potentialAction\":[{\"@type\":\"SearchAction\",\"target\":{\"@type\":\"EntryPoint\",\"urlTemplate\":\"https:\\\/\\\/www.motif.es\\\/blog\\\/?s={search_term_string}\"},\"query-input\":{\"@type\":\"PropertyValueSpecification\",\"valueRequired\":true,\"valueName\":\"search_term_string\"}}],\"inLanguage\":\"es\"},{\"@type\":\"Organization\",\"@id\":\"https:\\\/\\\/www.motif.es\\\/blog\\\/#organization\",\"name\":\"Motif Wallpapers S.L.U.\",\"url\":\"https:\\\/\\\/www.motif.es\\\/blog\\\/\",\"logo\":{\"@type\":\"ImageObject\",\"inLanguage\":\"es\",\"@id\":\"https:\\\/\\\/www.motif.es\\\/blog\\\/#\\\/schema\\\/logo\\\/image\\\/\",\"url\":\"https:\\\/\\\/motif.es\\\/blog\\\/wp-content\\\/uploads\\\/2021\\\/06\\\/logo-motif.jpg\",\"contentUrl\":\"https:\\\/\\\/motif.es\\\/blog\\\/wp-content\\\/uploads\\\/2021\\\/06\\\/logo-motif.jpg\",\"width\":464,\"height\":464,\"caption\":\"Motif Wallpapers S.L.U.\"},\"image\":{\"@id\":\"https:\\\/\\\/www.motif.es\\\/blog\\\/#\\\/schema\\\/logo\\\/image\\\/\"},\"sameAs\":[\"https:\\\/\\\/www.facebook.com\\\/motifmorethanwalls\\\/\",\"https:\\\/\\\/www.instagram.com\\\/motif_es\\\/?hl=es\",\"https:\\\/\\\/www.pinterest.es\\\/motifwallpapers\\\/\",\"https:\\\/\\\/www.youtube.com\\\/channel\\\/UCNaOmbxD6LjcQNj4vmfVIUg\"]},{\"@type\":\"Person\",\"@id\":\"https:\\\/\\\/www.motif.es\\\/blog\\\/#\\\/schema\\\/person\\\/aac26ed80d8e02fb9525ec6b569d75e9\",\"name\":\"Comunicaci\u00f3n Motif\",\"image\":{\"@type\":\"ImageObject\",\"inLanguage\":\"es\",\"@id\":\"https:\\\/\\\/secure.gravatar.com\\\/avatar\\\/93b2fb49a03bd7a57b5f5e8c3b740113f14f25da86b090887d9353672de2d9b5?s=96&d=mm&r=g\",\"url\":\"https:\\\/\\\/secure.gravatar.com\\\/avatar\\\/93b2fb49a03bd7a57b5f5e8c3b740113f14f25da86b090887d9353672de2d9b5?s=96&d=mm&r=g\",\"contentUrl\":\"https:\\\/\\\/secure.gravatar.com\\\/avatar\\\/93b2fb49a03bd7a57b5f5e8c3b740113f14f25da86b090887d9353672de2d9b5?s=96&d=mm&r=g\",\"caption\":\"Comunicaci\u00f3n Motif\"},\"url\":\"https:\\\/\\\/www.motif.es\\\/blog\\\/author\\\/comunicacion\\\/\"}]}<\/script>\n<!-- \/ Yoast SEO plugin. -->","yoast_head_json":{"title":"Descubre los nuevos arcos pintados autoadhesivos de la colecci\u00f3n infantil - Blog Motif","description":"Llegan novedades a la web en forma de maravillosos arcos pintados autoadhesivos infantiles. Estos nuevos arcos infantiles, al igual que los anteriores,","robots":{"index":"index","follow":"follow","max-snippet":"max-snippet:-1","max-image-preview":"max-image-preview:large","max-video-preview":"max-video-preview:-1"},"canonical":"https:\/\/www.motif.es\/blog\/descubre-los-nuevos-arcos-pintados-autoadhesivos-de-la-coleccion-infantil\/","og_locale":"es_ES","og_type":"article","og_title":"Descubre los nuevos arcos pintados autoadhesivos de la colecci\u00f3n infantil - Blog Motif","og_description":"Llegan novedades a la web en forma de maravillosos arcos pintados autoadhesivos infantiles. Estos nuevos arcos infantiles, al igual que los anteriores,","og_url":"https:\/\/www.motif.es\/blog\/descubre-los-nuevos-arcos-pintados-autoadhesivos-de-la-coleccion-infantil\/","og_site_name":"Blog Motif","article_publisher":"https:\/\/www.facebook.com\/motifmorethanwalls\/","article_published_time":"2022-06-30T15:15:02+00:00","og_image":[{"width":2000,"height":2000,"url":"https:\/\/www.motif.es\/blog\/wp-content\/uploads\/2022\/06\/BANNER_ARCO-INFANTIL_FLORAL.jpg","type":"image\/jpeg"}],"author":"Comunicaci\u00f3n Motif","twitter_card":"summary_large_image","twitter_misc":{"Escrito por":"Comunicaci\u00f3n Motif","Tiempo de lectura":"2 minutos"},"schema":{"@context":"https:\/\/schema.org","@graph":[{"@type":"Article","@id":"https:\/\/www.motif.es\/blog\/descubre-los-nuevos-arcos-pintados-autoadhesivos-de-la-coleccion-infantil\/#article","isPartOf":{"@id":"https:\/\/www.motif.es\/blog\/descubre-los-nuevos-arcos-pintados-autoadhesivos-de-la-coleccion-infantil\/"},"author":{"name":"Comunicaci\u00f3n Motif","@id":"https:\/\/www.motif.es\/blog\/#\/schema\/person\/aac26ed80d8e02fb9525ec6b569d75e9"},"headline":"Descubre los nuevos arcos pintados autoadhesivos de la colecci\u00f3n infantil","datePublished":"2022-06-30T15:15:02+00:00","mainEntityOfPage":{"@id":"https:\/\/www.motif.es\/blog\/descubre-los-nuevos-arcos-pintados-autoadhesivos-de-la-coleccion-infantil\/"},"wordCount":443,"commentCount":0,"publisher":{"@id":"https:\/\/www.motif.es\/blog\/#organization"},"image":{"@id":"https:\/\/www.motif.es\/blog\/descubre-los-nuevos-arcos-pintados-autoadhesivos-de-la-coleccion-infantil\/#primaryimage"},"thumbnailUrl":"https:\/\/www.motif.es\/blog\/wp-content\/uploads\/2022\/06\/BANNER_ARCO-INFANTIL_FLORAL.jpg","articleSection":["sobre arcos y c\u00edrculos para pared"],"inLanguage":"es","potentialAction":[{"@type":"CommentAction","name":"Comment","target":["https:\/\/www.motif.es\/blog\/descubre-los-nuevos-arcos-pintados-autoadhesivos-de-la-coleccion-infantil\/#respond"]}]},{"@type":"WebPage","@id":"https:\/\/www.motif.es\/blog\/descubre-los-nuevos-arcos-pintados-autoadhesivos-de-la-coleccion-infantil\/","url":"https:\/\/www.motif.es\/blog\/descubre-los-nuevos-arcos-pintados-autoadhesivos-de-la-coleccion-infantil\/","name":"Descubre los nuevos arcos pintados autoadhesivos de la colecci\u00f3n infantil - Blog Motif","isPartOf":{"@id":"https:\/\/www.motif.es\/blog\/#website"},"primaryImageOfPage":{"@id":"https:\/\/www.motif.es\/blog\/descubre-los-nuevos-arcos-pintados-autoadhesivos-de-la-coleccion-infantil\/#primaryimage"},"image":{"@id":"https:\/\/www.motif.es\/blog\/descubre-los-nuevos-arcos-pintados-autoadhesivos-de-la-coleccion-infantil\/#primaryimage"},"thumbnailUrl":"https:\/\/www.motif.es\/blog\/wp-content\/uploads\/2022\/06\/BANNER_ARCO-INFANTIL_FLORAL.jpg","datePublished":"2022-06-30T15:15:02+00:00","description":"Llegan novedades a la web en forma de maravillosos arcos pintados autoadhesivos infantiles. Estos nuevos arcos infantiles, al igual que los anteriores,","breadcrumb":{"@id":"https:\/\/www.motif.es\/blog\/descubre-los-nuevos-arcos-pintados-autoadhesivos-de-la-coleccion-infantil\/#breadcrumb"},"inLanguage":"es","potentialAction":[{"@type":"ReadAction","target":["https:\/\/www.motif.es\/blog\/descubre-los-nuevos-arcos-pintados-autoadhesivos-de-la-coleccion-infantil\/"]}]},{"@type":"ImageObject","inLanguage":"es","@id":"https:\/\/www.motif.es\/blog\/descubre-los-nuevos-arcos-pintados-autoadhesivos-de-la-coleccion-infantil\/#primaryimage","url":"https:\/\/www.motif.es\/blog\/wp-content\/uploads\/2022\/06\/BANNER_ARCO-INFANTIL_FLORAL.jpg","contentUrl":"https:\/\/www.motif.es\/blog\/wp-content\/uploads\/2022\/06\/BANNER_ARCO-INFANTIL_FLORAL.jpg","width":2000,"height":2000},{"@type":"BreadcrumbList","@id":"https:\/\/www.motif.es\/blog\/descubre-los-nuevos-arcos-pintados-autoadhesivos-de-la-coleccion-infantil\/#breadcrumb","itemListElement":[{"@type":"ListItem","position":1,"name":"Blog","item":"https:\/\/www.motif.es\/blog\/"},{"@type":"ListItem","position":2,"name":"sobre arcos y c\u00edrculos para pared","item":"https:\/\/www.motif.es\/blog\/category\/sobre-arcos-y-circulos-para-pared\/"},{"@type":"ListItem","position":3,"name":"Descubre los nuevos arcos pintados autoadhesivos de la colecci\u00f3n infantil"}]},{"@type":"WebSite","@id":"https:\/\/www.motif.es\/blog\/#website","url":"https:\/\/www.motif.es\/blog\/","name":"Blog Motif","description":"nuestro rinc\u00f3n para inspirarte","publisher":{"@id":"https:\/\/www.motif.es\/blog\/#organization"},"potentialAction":[{"@type":"SearchAction","target":{"@type":"EntryPoint","urlTemplate":"https:\/\/www.motif.es\/blog\/?s={search_term_string}"},"query-input":{"@type":"PropertyValueSpecification","valueRequired":true,"valueName":"search_term_string"}}],"inLanguage":"es"},{"@type":"Organization","@id":"https:\/\/www.motif.es\/blog\/#organization","name":"Motif Wallpapers S.L.U.","url":"https:\/\/www.motif.es\/blog\/","logo":{"@type":"ImageObject","inLanguage":"es","@id":"https:\/\/www.motif.es\/blog\/#\/schema\/logo\/image\/","url":"https:\/\/motif.es\/blog\/wp-content\/uploads\/2021\/06\/logo-motif.jpg","contentUrl":"https:\/\/motif.es\/blog\/wp-content\/uploads\/2021\/06\/logo-motif.jpg","width":464,"height":464,"caption":"Motif Wallpapers S.L.U."},"image":{"@id":"https:\/\/www.motif.es\/blog\/#\/schema\/logo\/image\/"},"sameAs":["https:\/\/www.facebook.com\/motifmorethanwalls\/","https:\/\/www.instagram.com\/motif_es\/?hl=es","https:\/\/www.pinterest.es\/motifwallpapers\/","https:\/\/www.youtube.com\/channel\/UCNaOmbxD6LjcQNj4vmfVIUg"]},{"@type":"Person","@id":"https:\/\/www.motif.es\/blog\/#\/schema\/person\/aac26ed80d8e02fb9525ec6b569d75e9","name":"Comunicaci\u00f3n Motif","image":{"@type":"ImageObject","inLanguage":"es","@id":"https:\/\/secure.gravatar.com\/avatar\/93b2fb49a03bd7a57b5f5e8c3b740113f14f25da86b090887d9353672de2d9b5?s=96&d=mm&r=g","url":"https:\/\/secure.gravatar.com\/avatar\/93b2fb49a03bd7a57b5f5e8c3b740113f14f25da86b090887d9353672de2d9b5?s=96&d=mm&r=g","contentUrl":"https:\/\/secure.gravatar.com\/avatar\/93b2fb49a03bd7a57b5f5e8c3b740113f14f25da86b090887d9353672de2d9b5?s=96&d=mm&r=g","caption":"Comunicaci\u00f3n Motif"},"url":"https:\/\/www.motif.es\/blog\/author\/comunicacion\/"}]}},"_links":{"self":[{"href":"https:\/\/www.motif.es\/blog\/wp-json\/wp\/v2\/posts\/1588","targetHints":{"allow":["GET"]}}],"collection":[{"href":"https:\/\/www.motif.es\/blog\/wp-json\/wp\/v2\/posts"}],"about":[{"href":"https:\/\/www.motif.es\/blog\/wp-json\/wp\/v2\/types\/post"}],"author":[{"embeddable":true,"href":"https:\/\/www.motif.es\/blog\/wp-json\/wp\/v2\/users\/2"}],"replies":[{"embeddable":true,"href":"https:\/\/www.motif.es\/blog\/wp-json\/wp\/v2\/comments?post=1588"}],"version-history":[{"count":1,"href":"https:\/\/www.motif.es\/blog\/wp-json\/wp\/v2\/posts\/1588\/revisions"}],"predecessor-version":[{"id":1597,"href":"https:\/\/www.motif.es\/blog\/wp-json\/wp\/v2\/posts\/1588\/revisions\/1597"}],"wp:featuredmedia":[{"embeddable":true,"href":"https:\/\/www.motif.es\/blog\/wp-json\/wp\/v2\/media\/1590"}],"wp:attachment":[{"href":"https:\/\/www.motif.es\/blog\/wp-json\/wp\/v2\/media?parent=1588"}],"wp:term":[{"taxonomy":"category","embeddable":true,"href":"https:\/\/www.motif.es\/blog\/wp-json\/wp\/v2\/categories?post=1588"},{"taxonomy":"post_tag","embeddable":true,"href":"https:\/\/www.motif.es\/blog\/wp-json\/wp\/v2\/tags?post=1588"}],"curies":[{"name":"wp","href":"https:\/\/api.w.org\/{rel}","templated":true}]}}