{"id":1612,"date":"2022-07-01T08:31:47","date_gmt":"2022-07-01T08:31:47","guid":{"rendered":"https:\/\/motif.es\/blog\/?p=1612"},"modified":"2022-08-01T08:55:35","modified_gmt":"2022-08-01T08:55:35","slug":"crece-la-familia-de-los-arcos-pintados-infantiles","status":"publish","type":"post","link":"https:\/\/www.motif.es\/blog\/crece-la-familia-de-los-arcos-pintados-infantiles\/","title":{"rendered":"Crece la familia de los arcos pintados infantiles"},"content":{"rendered":"<p>S\u00ed, la <strong>tendencia de los arcos pintados<\/strong> va en aumento, tambi\u00e9n en decoraci\u00f3n infantil, pero sabemos que no todos somos unos manitas capaces de crear nuestro propio arco, as\u00ed que queremos ayudarte a que si quieres lo tengas, y para ello creamos nuestra <a href=\"https:\/\/www.motif.es\/167-arcos-y-circulos-pintados-autoadhesivos\" target=\"_blank\" rel=\"noopener\">colecci\u00f3n de arcos y c\u00edrculos autoadhesivos pintados<\/a> que ha ido creciendo con una colecci\u00f3n infantil que empez\u00f3 con 6 dise\u00f1os y que ahora lo complementan otros nuevos que os queremos presentar aqu\u00ed. Estos son los que ya puedes encontrar en nuestra web:<\/p>\n<ul>\n<li><a href=\"https:\/\/www.motif.es\/arcos-y-circulos-pintados-autoadhesivos\/20978-25731-arco-pintado-autoadhesivo-unicornio-floral.html#\/2-material-canvas\/62-color-blanco\/164-tamano_arcos_y_circulos-110x132cm_ideal_cabecero_cama_90cm\">Arco pintado autoadhesivo Unicornio Floral<\/a>.<\/li>\n<\/ul>\n<p style=\"text-align: center;\"><img loading=\"lazy\" decoding=\"async\" class=\"alignnone size-full wp-image-1614\" src=\"https:\/\/motif.es\/blog\/wp-content\/uploads\/2022\/08\/arco-pintado-autoadhesivo-unicornio-floral.jpg\" alt=\"\" width=\"1000\" height=\"1000\" srcset=\"https:\/\/www.motif.es\/blog\/wp-content\/uploads\/2022\/08\/arco-pintado-autoadhesivo-unicornio-floral.jpg 1000w, https:\/\/www.motif.es\/blog\/wp-content\/uploads\/2022\/08\/arco-pintado-autoadhesivo-unicornio-floral-300x300.jpg 300w, https:\/\/www.motif.es\/blog\/wp-content\/uploads\/2022\/08\/arco-pintado-autoadhesivo-unicornio-floral-150x150.jpg 150w, https:\/\/www.motif.es\/blog\/wp-content\/uploads\/2022\/08\/arco-pintado-autoadhesivo-unicornio-floral-768x768.jpg 768w, https:\/\/www.motif.es\/blog\/wp-content\/uploads\/2022\/08\/arco-pintado-autoadhesivo-unicornio-floral-400x400.jpg 400w, https:\/\/www.motif.es\/blog\/wp-content\/uploads\/2022\/08\/arco-pintado-autoadhesivo-unicornio-floral-96x96.jpg 96w\" sizes=\"auto, (max-width: 1000px) 100vw, 1000px\" \/><\/p>\n<p>Retira el autoadhesivo y coloca este arco pintado donde quieras. As\u00ed de sencillo es crear un <a href=\"https:\/\/www.hogarmania.com\/decoracion\/soluciones\/distribucion\/consejos-decorar-habitacion-infantil-16449.html\" target=\"_blank\" rel=\"noopener\">espacio especial para los m\u00e1s peque\u00f1os de la casa<\/a>, y este es perfecto para los fans de los unicornio.\u00a0A\u00f1ade nuestro arco Unicornio Floral para crear una habitaci\u00f3n\u00a0llena de magia.<\/p>\n<ul>\n<li>\u00a0<a href=\"https:\/\/www.motif.es\/arcos-y-circulos-pintados-autoadhesivos\/20977-25729-arco-pintado-autoadhesivo-ciervo.html#\/2-material-canvas\/61-color-marron\/164-tamano_arcos_y_circulos-110x132cm_ideal_cabecero_cama_90cm\">Arco pintado autoadhesivo Ciervo.<\/a><\/li>\n<\/ul>\n<p style=\"text-align: center;\"><img loading=\"lazy\" decoding=\"async\" class=\"alignnone size-full wp-image-1615\" src=\"https:\/\/motif.es\/blog\/wp-content\/uploads\/2022\/08\/arco-pintado-autoadhesivo-ciervo.jpg\" alt=\"\" width=\"1000\" height=\"1000\" srcset=\"https:\/\/www.motif.es\/blog\/wp-content\/uploads\/2022\/08\/arco-pintado-autoadhesivo-ciervo.jpg 1000w, https:\/\/www.motif.es\/blog\/wp-content\/uploads\/2022\/08\/arco-pintado-autoadhesivo-ciervo-300x300.jpg 300w, https:\/\/www.motif.es\/blog\/wp-content\/uploads\/2022\/08\/arco-pintado-autoadhesivo-ciervo-150x150.jpg 150w, https:\/\/www.motif.es\/blog\/wp-content\/uploads\/2022\/08\/arco-pintado-autoadhesivo-ciervo-768x768.jpg 768w, https:\/\/www.motif.es\/blog\/wp-content\/uploads\/2022\/08\/arco-pintado-autoadhesivo-ciervo-400x400.jpg 400w, https:\/\/www.motif.es\/blog\/wp-content\/uploads\/2022\/08\/arco-pintado-autoadhesivo-ciervo-96x96.jpg 96w\" sizes=\"auto, (max-width: 1000px) 100vw, 1000px\" \/><\/p>\n<p>La otra novedad que acaba de sumarse a la <strong>colecci\u00f3n de arcos pintados infantiles<\/strong> que adem\u00e1s son autoadhesivos.<\/p>\n<p>A\u00f1ade un toque salvaje a tu habitaci\u00f3n con nuestro arco Ciervo.<\/p>\n<p>Todos los arcos y c\u00edrculos est\u00e1n fabricados en material CANVAS. Un material impermeable que vas a poder colocar incluso en zonas de la ducha si est\u00e1s buscando personalizar un cuarto de ba\u00f1o para los peques de la casa, sin hacer reforma. Hay mil posibilidades: \u00fasalos como cabeceros de cama, debajo de una estanter\u00eda, detr\u00e1s de una c\u00f3moda, para enmarcar una zona, la mesita de noche o c\u00f3mo m\u00e1s te guste y lo mejor de todo, de manera muy f\u00e1cil.<\/p>\n<p>&nbsp;<\/p>\n","protected":false},"excerpt":{"rendered":"<p>S\u00ed, la tendencia de los arcos pintados va en aumento, tambi\u00e9n en decoraci\u00f3n infantil, pero sabemos que no todos somos unos manitas capaces de crear nuestro propio arco, as\u00ed que queremos ayudarte a que si quieres lo tengas, y para ello creamos nuestra colecci\u00f3n de arcos y c\u00edrculos autoadhesivos pintados que ha ido creciendo con [&#8230;]<\/p>\n","protected":false},"author":2,"featured_media":1615,"comment_status":"open","ping_status":"open","sticky":false,"template":"","format":"standard","meta":{"_acf_changed":false,"footnotes":""},"categories":[24],"tags":[],"class_list":["post-1612","post","type-post","status-publish","format-standard","has-post-thumbnail","hentry","category-sobre-arcos-y-circulos-para-pared"],"acf":[],"yoast_head":"<!-- This site is optimized with the Yoast SEO plugin v27.5 - https:\/\/yoast.com\/product\/yoast-seo-wordpress\/ -->\n<title>Crece la familia de los arcos pintados infantiles - Blog Motif<\/title>\n<meta name=\"description\" content=\"S\u00ed, la tendencia de los arcos pintados va en aumento, tambi\u00e9n en decoraci\u00f3n infantil, pero sabemos que no todos somos unos manitas capaces de crear\" \/>\n<meta name=\"robots\" content=\"index, follow, max-snippet:-1, max-image-preview:large, max-video-preview:-1\" \/>\n<link rel=\"canonical\" href=\"https:\/\/www.motif.es\/blog\/crece-la-familia-de-los-arcos-pintados-infantiles\/\" \/>\n<meta property=\"og:locale\" content=\"es_ES\" \/>\n<meta property=\"og:type\" content=\"article\" \/>\n<meta property=\"og:title\" content=\"Crece la familia de los arcos pintados infantiles - Blog Motif\" \/>\n<meta property=\"og:description\" content=\"S\u00ed, la tendencia de los arcos pintados va en aumento, tambi\u00e9n en decoraci\u00f3n infantil, pero sabemos que no todos somos unos manitas capaces de crear\" \/>\n<meta property=\"og:url\" content=\"https:\/\/www.motif.es\/blog\/crece-la-familia-de-los-arcos-pintados-infantiles\/\" \/>\n<meta property=\"og:site_name\" content=\"Blog Motif\" \/>\n<meta property=\"article:publisher\" content=\"https:\/\/www.facebook.com\/motifmorethanwalls\/\" \/>\n<meta property=\"article:published_time\" content=\"2022-07-01T08:31:47+00:00\" \/>\n<meta property=\"article:modified_time\" content=\"2022-08-01T08:55:35+00:00\" \/>\n<meta property=\"og:image\" content=\"https:\/\/www.motif.es\/blog\/wp-content\/uploads\/2022\/08\/arco-pintado-autoadhesivo-ciervo.jpg\" \/>\n\t<meta property=\"og:image:width\" content=\"1000\" \/>\n\t<meta property=\"og:image:height\" content=\"1000\" \/>\n\t<meta property=\"og:image:type\" content=\"image\/jpeg\" \/>\n<meta name=\"author\" content=\"Comunicaci\u00f3n Motif\" \/>\n<meta name=\"twitter:card\" content=\"summary_large_image\" \/>\n<meta name=\"twitter:label1\" content=\"Escrito por\" \/>\n\t<meta name=\"twitter:data1\" content=\"Comunicaci\u00f3n Motif\" \/>\n\t<meta name=\"twitter:label2\" content=\"Tiempo de lectura\" \/>\n\t<meta name=\"twitter:data2\" content=\"2 minutos\" \/>\n<script type=\"application\/ld+json\" class=\"yoast-schema-graph\">{\"@context\":\"https:\\\/\\\/schema.org\",\"@graph\":[{\"@type\":\"Article\",\"@id\":\"https:\\\/\\\/www.motif.es\\\/blog\\\/crece-la-familia-de-los-arcos-pintados-infantiles\\\/#article\",\"isPartOf\":{\"@id\":\"https:\\\/\\\/www.motif.es\\\/blog\\\/crece-la-familia-de-los-arcos-pintados-infantiles\\\/\"},\"author\":{\"name\":\"Comunicaci\u00f3n Motif\",\"@id\":\"https:\\\/\\\/www.motif.es\\\/blog\\\/#\\\/schema\\\/person\\\/aac26ed80d8e02fb9525ec6b569d75e9\"},\"headline\":\"Crece la familia de los arcos pintados infantiles\",\"datePublished\":\"2022-07-01T08:31:47+00:00\",\"dateModified\":\"2022-08-01T08:55:35+00:00\",\"mainEntityOfPage\":{\"@id\":\"https:\\\/\\\/www.motif.es\\\/blog\\\/crece-la-familia-de-los-arcos-pintados-infantiles\\\/\"},\"wordCount\":281,\"commentCount\":0,\"publisher\":{\"@id\":\"https:\\\/\\\/www.motif.es\\\/blog\\\/#organization\"},\"image\":{\"@id\":\"https:\\\/\\\/www.motif.es\\\/blog\\\/crece-la-familia-de-los-arcos-pintados-infantiles\\\/#primaryimage\"},\"thumbnailUrl\":\"https:\\\/\\\/www.motif.es\\\/blog\\\/wp-content\\\/uploads\\\/2022\\\/08\\\/arco-pintado-autoadhesivo-ciervo.jpg\",\"articleSection\":[\"sobre arcos y c\u00edrculos para pared\"],\"inLanguage\":\"es\",\"potentialAction\":[{\"@type\":\"CommentAction\",\"name\":\"Comment\",\"target\":[\"https:\\\/\\\/www.motif.es\\\/blog\\\/crece-la-familia-de-los-arcos-pintados-infantiles\\\/#respond\"]}]},{\"@type\":\"WebPage\",\"@id\":\"https:\\\/\\\/www.motif.es\\\/blog\\\/crece-la-familia-de-los-arcos-pintados-infantiles\\\/\",\"url\":\"https:\\\/\\\/www.motif.es\\\/blog\\\/crece-la-familia-de-los-arcos-pintados-infantiles\\\/\",\"name\":\"Crece la familia de los arcos pintados infantiles - Blog Motif\",\"isPartOf\":{\"@id\":\"https:\\\/\\\/www.motif.es\\\/blog\\\/#website\"},\"primaryImageOfPage\":{\"@id\":\"https:\\\/\\\/www.motif.es\\\/blog\\\/crece-la-familia-de-los-arcos-pintados-infantiles\\\/#primaryimage\"},\"image\":{\"@id\":\"https:\\\/\\\/www.motif.es\\\/blog\\\/crece-la-familia-de-los-arcos-pintados-infantiles\\\/#primaryimage\"},\"thumbnailUrl\":\"https:\\\/\\\/www.motif.es\\\/blog\\\/wp-content\\\/uploads\\\/2022\\\/08\\\/arco-pintado-autoadhesivo-ciervo.jpg\",\"datePublished\":\"2022-07-01T08:31:47+00:00\",\"dateModified\":\"2022-08-01T08:55:35+00:00\",\"description\":\"S\u00ed, la tendencia de los arcos pintados va en aumento, tambi\u00e9n en decoraci\u00f3n infantil, pero sabemos que no todos somos unos manitas capaces de crear\",\"breadcrumb\":{\"@id\":\"https:\\\/\\\/www.motif.es\\\/blog\\\/crece-la-familia-de-los-arcos-pintados-infantiles\\\/#breadcrumb\"},\"inLanguage\":\"es\",\"potentialAction\":[{\"@type\":\"ReadAction\",\"target\":[\"https:\\\/\\\/www.motif.es\\\/blog\\\/crece-la-familia-de-los-arcos-pintados-infantiles\\\/\"]}]},{\"@type\":\"ImageObject\",\"inLanguage\":\"es\",\"@id\":\"https:\\\/\\\/www.motif.es\\\/blog\\\/crece-la-familia-de-los-arcos-pintados-infantiles\\\/#primaryimage\",\"url\":\"https:\\\/\\\/www.motif.es\\\/blog\\\/wp-content\\\/uploads\\\/2022\\\/08\\\/arco-pintado-autoadhesivo-ciervo.jpg\",\"contentUrl\":\"https:\\\/\\\/www.motif.es\\\/blog\\\/wp-content\\\/uploads\\\/2022\\\/08\\\/arco-pintado-autoadhesivo-ciervo.jpg\",\"width\":1000,\"height\":1000},{\"@type\":\"BreadcrumbList\",\"@id\":\"https:\\\/\\\/www.motif.es\\\/blog\\\/crece-la-familia-de-los-arcos-pintados-infantiles\\\/#breadcrumb\",\"itemListElement\":[{\"@type\":\"ListItem\",\"position\":1,\"name\":\"Blog\",\"item\":\"https:\\\/\\\/www.motif.es\\\/blog\\\/\"},{\"@type\":\"ListItem\",\"position\":2,\"name\":\"sobre arcos y c\u00edrculos para pared\",\"item\":\"https:\\\/\\\/www.motif.es\\\/blog\\\/category\\\/sobre-arcos-y-circulos-para-pared\\\/\"},{\"@type\":\"ListItem\",\"position\":3,\"name\":\"Crece la familia de los arcos pintados infantiles\"}]},{\"@type\":\"WebSite\",\"@id\":\"https:\\\/\\\/www.motif.es\\\/blog\\\/#website\",\"url\":\"https:\\\/\\\/www.motif.es\\\/blog\\\/\",\"name\":\"Blog Motif\",\"description\":\"nuestro rinc\u00f3n para inspirarte\",\"publisher\":{\"@id\":\"https:\\\/\\\/www.motif.es\\\/blog\\\/#organization\"},\"potentialAction\":[{\"@type\":\"SearchAction\",\"target\":{\"@type\":\"EntryPoint\",\"urlTemplate\":\"https:\\\/\\\/www.motif.es\\\/blog\\\/?s={search_term_string}\"},\"query-input\":{\"@type\":\"PropertyValueSpecification\",\"valueRequired\":true,\"valueName\":\"search_term_string\"}}],\"inLanguage\":\"es\"},{\"@type\":\"Organization\",\"@id\":\"https:\\\/\\\/www.motif.es\\\/blog\\\/#organization\",\"name\":\"Motif Wallpapers S.L.U.\",\"url\":\"https:\\\/\\\/www.motif.es\\\/blog\\\/\",\"logo\":{\"@type\":\"ImageObject\",\"inLanguage\":\"es\",\"@id\":\"https:\\\/\\\/www.motif.es\\\/blog\\\/#\\\/schema\\\/logo\\\/image\\\/\",\"url\":\"https:\\\/\\\/motif.es\\\/blog\\\/wp-content\\\/uploads\\\/2021\\\/06\\\/logo-motif.jpg\",\"contentUrl\":\"https:\\\/\\\/motif.es\\\/blog\\\/wp-content\\\/uploads\\\/2021\\\/06\\\/logo-motif.jpg\",\"width\":464,\"height\":464,\"caption\":\"Motif Wallpapers S.L.U.\"},\"image\":{\"@id\":\"https:\\\/\\\/www.motif.es\\\/blog\\\/#\\\/schema\\\/logo\\\/image\\\/\"},\"sameAs\":[\"https:\\\/\\\/www.facebook.com\\\/motifmorethanwalls\\\/\",\"https:\\\/\\\/www.instagram.com\\\/motif_es\\\/?hl=es\",\"https:\\\/\\\/www.pinterest.es\\\/motifwallpapers\\\/\",\"https:\\\/\\\/www.youtube.com\\\/channel\\\/UCNaOmbxD6LjcQNj4vmfVIUg\"]},{\"@type\":\"Person\",\"@id\":\"https:\\\/\\\/www.motif.es\\\/blog\\\/#\\\/schema\\\/person\\\/aac26ed80d8e02fb9525ec6b569d75e9\",\"name\":\"Comunicaci\u00f3n Motif\",\"image\":{\"@type\":\"ImageObject\",\"inLanguage\":\"es\",\"@id\":\"https:\\\/\\\/secure.gravatar.com\\\/avatar\\\/93b2fb49a03bd7a57b5f5e8c3b740113f14f25da86b090887d9353672de2d9b5?s=96&d=mm&r=g\",\"url\":\"https:\\\/\\\/secure.gravatar.com\\\/avatar\\\/93b2fb49a03bd7a57b5f5e8c3b740113f14f25da86b090887d9353672de2d9b5?s=96&d=mm&r=g\",\"contentUrl\":\"https:\\\/\\\/secure.gravatar.com\\\/avatar\\\/93b2fb49a03bd7a57b5f5e8c3b740113f14f25da86b090887d9353672de2d9b5?s=96&d=mm&r=g\",\"caption\":\"Comunicaci\u00f3n Motif\"},\"url\":\"https:\\\/\\\/www.motif.es\\\/blog\\\/author\\\/comunicacion\\\/\"}]}<\/script>\n<!-- \/ Yoast SEO plugin. -->","yoast_head_json":{"title":"Crece la familia de los arcos pintados infantiles - Blog Motif","description":"S\u00ed, la tendencia de los arcos pintados va en aumento, tambi\u00e9n en decoraci\u00f3n infantil, pero sabemos que no todos somos unos manitas capaces de crear","robots":{"index":"index","follow":"follow","max-snippet":"max-snippet:-1","max-image-preview":"max-image-preview:large","max-video-preview":"max-video-preview:-1"},"canonical":"https:\/\/www.motif.es\/blog\/crece-la-familia-de-los-arcos-pintados-infantiles\/","og_locale":"es_ES","og_type":"article","og_title":"Crece la familia de los arcos pintados infantiles - Blog Motif","og_description":"S\u00ed, la tendencia de los arcos pintados va en aumento, tambi\u00e9n en decoraci\u00f3n infantil, pero sabemos que no todos somos unos manitas capaces de crear","og_url":"https:\/\/www.motif.es\/blog\/crece-la-familia-de-los-arcos-pintados-infantiles\/","og_site_name":"Blog Motif","article_publisher":"https:\/\/www.facebook.com\/motifmorethanwalls\/","article_published_time":"2022-07-01T08:31:47+00:00","article_modified_time":"2022-08-01T08:55:35+00:00","og_image":[{"width":1000,"height":1000,"url":"https:\/\/www.motif.es\/blog\/wp-content\/uploads\/2022\/08\/arco-pintado-autoadhesivo-ciervo.jpg","type":"image\/jpeg"}],"author":"Comunicaci\u00f3n Motif","twitter_card":"summary_large_image","twitter_misc":{"Escrito por":"Comunicaci\u00f3n Motif","Tiempo de lectura":"2 minutos"},"schema":{"@context":"https:\/\/schema.org","@graph":[{"@type":"Article","@id":"https:\/\/www.motif.es\/blog\/crece-la-familia-de-los-arcos-pintados-infantiles\/#article","isPartOf":{"@id":"https:\/\/www.motif.es\/blog\/crece-la-familia-de-los-arcos-pintados-infantiles\/"},"author":{"name":"Comunicaci\u00f3n Motif","@id":"https:\/\/www.motif.es\/blog\/#\/schema\/person\/aac26ed80d8e02fb9525ec6b569d75e9"},"headline":"Crece la familia de los arcos pintados infantiles","datePublished":"2022-07-01T08:31:47+00:00","dateModified":"2022-08-01T08:55:35+00:00","mainEntityOfPage":{"@id":"https:\/\/www.motif.es\/blog\/crece-la-familia-de-los-arcos-pintados-infantiles\/"},"wordCount":281,"commentCount":0,"publisher":{"@id":"https:\/\/www.motif.es\/blog\/#organization"},"image":{"@id":"https:\/\/www.motif.es\/blog\/crece-la-familia-de-los-arcos-pintados-infantiles\/#primaryimage"},"thumbnailUrl":"https:\/\/www.motif.es\/blog\/wp-content\/uploads\/2022\/08\/arco-pintado-autoadhesivo-ciervo.jpg","articleSection":["sobre arcos y c\u00edrculos para pared"],"inLanguage":"es","potentialAction":[{"@type":"CommentAction","name":"Comment","target":["https:\/\/www.motif.es\/blog\/crece-la-familia-de-los-arcos-pintados-infantiles\/#respond"]}]},{"@type":"WebPage","@id":"https:\/\/www.motif.es\/blog\/crece-la-familia-de-los-arcos-pintados-infantiles\/","url":"https:\/\/www.motif.es\/blog\/crece-la-familia-de-los-arcos-pintados-infantiles\/","name":"Crece la familia de los arcos pintados infantiles - Blog Motif","isPartOf":{"@id":"https:\/\/www.motif.es\/blog\/#website"},"primaryImageOfPage":{"@id":"https:\/\/www.motif.es\/blog\/crece-la-familia-de-los-arcos-pintados-infantiles\/#primaryimage"},"image":{"@id":"https:\/\/www.motif.es\/blog\/crece-la-familia-de-los-arcos-pintados-infantiles\/#primaryimage"},"thumbnailUrl":"https:\/\/www.motif.es\/blog\/wp-content\/uploads\/2022\/08\/arco-pintado-autoadhesivo-ciervo.jpg","datePublished":"2022-07-01T08:31:47+00:00","dateModified":"2022-08-01T08:55:35+00:00","description":"S\u00ed, la tendencia de los arcos pintados va en aumento, tambi\u00e9n en decoraci\u00f3n infantil, pero sabemos que no todos somos unos manitas capaces de crear","breadcrumb":{"@id":"https:\/\/www.motif.es\/blog\/crece-la-familia-de-los-arcos-pintados-infantiles\/#breadcrumb"},"inLanguage":"es","potentialAction":[{"@type":"ReadAction","target":["https:\/\/www.motif.es\/blog\/crece-la-familia-de-los-arcos-pintados-infantiles\/"]}]},{"@type":"ImageObject","inLanguage":"es","@id":"https:\/\/www.motif.es\/blog\/crece-la-familia-de-los-arcos-pintados-infantiles\/#primaryimage","url":"https:\/\/www.motif.es\/blog\/wp-content\/uploads\/2022\/08\/arco-pintado-autoadhesivo-ciervo.jpg","contentUrl":"https:\/\/www.motif.es\/blog\/wp-content\/uploads\/2022\/08\/arco-pintado-autoadhesivo-ciervo.jpg","width":1000,"height":1000},{"@type":"BreadcrumbList","@id":"https:\/\/www.motif.es\/blog\/crece-la-familia-de-los-arcos-pintados-infantiles\/#breadcrumb","itemListElement":[{"@type":"ListItem","position":1,"name":"Blog","item":"https:\/\/www.motif.es\/blog\/"},{"@type":"ListItem","position":2,"name":"sobre arcos y c\u00edrculos para pared","item":"https:\/\/www.motif.es\/blog\/category\/sobre-arcos-y-circulos-para-pared\/"},{"@type":"ListItem","position":3,"name":"Crece la familia de los arcos pintados infantiles"}]},{"@type":"WebSite","@id":"https:\/\/www.motif.es\/blog\/#website","url":"https:\/\/www.motif.es\/blog\/","name":"Blog Motif","description":"nuestro rinc\u00f3n para inspirarte","publisher":{"@id":"https:\/\/www.motif.es\/blog\/#organization"},"potentialAction":[{"@type":"SearchAction","target":{"@type":"EntryPoint","urlTemplate":"https:\/\/www.motif.es\/blog\/?s={search_term_string}"},"query-input":{"@type":"PropertyValueSpecification","valueRequired":true,"valueName":"search_term_string"}}],"inLanguage":"es"},{"@type":"Organization","@id":"https:\/\/www.motif.es\/blog\/#organization","name":"Motif Wallpapers S.L.U.","url":"https:\/\/www.motif.es\/blog\/","logo":{"@type":"ImageObject","inLanguage":"es","@id":"https:\/\/www.motif.es\/blog\/#\/schema\/logo\/image\/","url":"https:\/\/motif.es\/blog\/wp-content\/uploads\/2021\/06\/logo-motif.jpg","contentUrl":"https:\/\/motif.es\/blog\/wp-content\/uploads\/2021\/06\/logo-motif.jpg","width":464,"height":464,"caption":"Motif Wallpapers S.L.U."},"image":{"@id":"https:\/\/www.motif.es\/blog\/#\/schema\/logo\/image\/"},"sameAs":["https:\/\/www.facebook.com\/motifmorethanwalls\/","https:\/\/www.instagram.com\/motif_es\/?hl=es","https:\/\/www.pinterest.es\/motifwallpapers\/","https:\/\/www.youtube.com\/channel\/UCNaOmbxD6LjcQNj4vmfVIUg"]},{"@type":"Person","@id":"https:\/\/www.motif.es\/blog\/#\/schema\/person\/aac26ed80d8e02fb9525ec6b569d75e9","name":"Comunicaci\u00f3n Motif","image":{"@type":"ImageObject","inLanguage":"es","@id":"https:\/\/secure.gravatar.com\/avatar\/93b2fb49a03bd7a57b5f5e8c3b740113f14f25da86b090887d9353672de2d9b5?s=96&d=mm&r=g","url":"https:\/\/secure.gravatar.com\/avatar\/93b2fb49a03bd7a57b5f5e8c3b740113f14f25da86b090887d9353672de2d9b5?s=96&d=mm&r=g","contentUrl":"https:\/\/secure.gravatar.com\/avatar\/93b2fb49a03bd7a57b5f5e8c3b740113f14f25da86b090887d9353672de2d9b5?s=96&d=mm&r=g","caption":"Comunicaci\u00f3n Motif"},"url":"https:\/\/www.motif.es\/blog\/author\/comunicacion\/"}]}},"_links":{"self":[{"href":"https:\/\/www.motif.es\/blog\/wp-json\/wp\/v2\/posts\/1612","targetHints":{"allow":["GET"]}}],"collection":[{"href":"https:\/\/www.motif.es\/blog\/wp-json\/wp\/v2\/posts"}],"about":[{"href":"https:\/\/www.motif.es\/blog\/wp-json\/wp\/v2\/types\/post"}],"author":[{"embeddable":true,"href":"https:\/\/www.motif.es\/blog\/wp-json\/wp\/v2\/users\/2"}],"replies":[{"embeddable":true,"href":"https:\/\/www.motif.es\/blog\/wp-json\/wp\/v2\/comments?post=1612"}],"version-history":[{"count":1,"href":"https:\/\/www.motif.es\/blog\/wp-json\/wp\/v2\/posts\/1612\/revisions"}],"predecessor-version":[{"id":1616,"href":"https:\/\/www.motif.es\/blog\/wp-json\/wp\/v2\/posts\/1612\/revisions\/1616"}],"wp:featuredmedia":[{"embeddable":true,"href":"https:\/\/www.motif.es\/blog\/wp-json\/wp\/v2\/media\/1615"}],"wp:attachment":[{"href":"https:\/\/www.motif.es\/blog\/wp-json\/wp\/v2\/media?parent=1612"}],"wp:term":[{"taxonomy":"category","embeddable":true,"href":"https:\/\/www.motif.es\/blog\/wp-json\/wp\/v2\/categories?post=1612"},{"taxonomy":"post_tag","embeddable":true,"href":"https:\/\/www.motif.es\/blog\/wp-json\/wp\/v2\/tags?post=1612"}],"curies":[{"name":"wp","href":"https:\/\/api.w.org\/{rel}","templated":true}]}}