{"id":1680,"date":"2022-08-02T07:39:46","date_gmt":"2022-08-02T07:39:46","guid":{"rendered":"https:\/\/motif.es\/blog\/?p=1680"},"modified":"2022-08-30T10:49:43","modified_gmt":"2022-08-30T10:49:43","slug":"quieres-dar-un-cambio-a-tu-pared-sin-necesidad-de-pintura-asi-se-lanza-cris-de-tastet_dedeco","status":"publish","type":"post","link":"https:\/\/www.motif.es\/blog\/quieres-dar-un-cambio-a-tu-pared-sin-necesidad-de-pintura-asi-se-lanza-cris-de-tastet_dedeco\/","title":{"rendered":"\u00bfQuieres dar un cambio a tu pared sin necesidad de pintura? As\u00ed se lanza Cris de @tastet_dedeco"},"content":{"rendered":"<p><strong>Tener una casa bonita<\/strong> es algo que la mayor\u00eda desea pero tambi\u00e9n es cierto que puede que creamos que conseguirlo puede costar m\u00e1s de lo que queremos. \u00bfTe ha pasado?<\/p>\n<p>Si es s\u00ed, tenemos buenas noticias porque peque\u00f1os detalles pueden suponer grandes cambios en <strong>la decoraci\u00f3n de tu casa<\/strong>, y lo mejor, sin casi esfuerzos, y muestra de ello son los <strong>arcos pintados autoadhesivos<\/strong>, y no hay nada como que lo comprob\u00e9is vosotros mismos con ejemplos tan TOP como el que comparte con nosotros <a href=\"https:\/\/www.instagram.com\/tastet_dedeco\/?hl=es\" target=\"_blank\" rel=\"noopener\">Cris de @tastet_dedeco<\/a>.<\/p>\n<blockquote class=\"instagram-media\" style=\"background: #FFF; border: 0; border-radius: 3px; box-shadow: 0 0 1px 0 rgba(0,0,0,0.5),0 1px 10px 0 rgba(0,0,0,0.15); margin: 1px; max-width: 540px; min-width: 326px; padding: 0; width: calc(100% - 2px);\" data-instgrm-captioned=\"\" data-instgrm-permalink=\"https:\/\/www.instagram.com\/reel\/CeGXdlPKq6T\/?utm_source=ig_embed&amp;utm_campaign=loading\" data-instgrm-version=\"14\">\n<div style=\"padding: 16px;\">\n<p>&nbsp;<\/p>\n<div style=\"display: flex; flex-direction: row; align-items: center;\">\n<div style=\"background-color: #f4f4f4; border-radius: 50%; flex-grow: 0; height: 40px; margin-right: 14px; width: 40px;\"><\/div>\n<div style=\"display: flex; flex-direction: column; flex-grow: 1; justify-content: center;\">\n<div style=\"background-color: #f4f4f4; border-radius: 4px; flex-grow: 0; height: 14px; margin-bottom: 6px; width: 100px;\"><\/div>\n<div style=\"background-color: #f4f4f4; border-radius: 4px; flex-grow: 0; height: 14px; width: 60px;\"><\/div>\n<\/div>\n<\/div>\n<div style=\"padding: 19% 0;\"><\/div>\n<div style=\"display: block; height: 50px; margin: 0 auto 12px; width: 50px;\"><\/div>\n<div style=\"padding-top: 8px;\">\n<div style=\"color: #3897f0; font-family: Arial,sans-serif; font-size: 14px; font-style: normal; font-weight: 550; line-height: 18px;\">Ver esta publicaci\u00f3n en Instagram<\/div>\n<\/div>\n<div style=\"padding: 12.5% 0;\"><\/div>\n<div style=\"display: flex; flex-direction: row; margin-bottom: 14px; align-items: center;\">\n<div>\n<div style=\"background-color: #f4f4f4; border-radius: 50%; height: 12.5px; width: 12.5px; transform: translateX(0px) translateY(7px);\"><\/div>\n<div style=\"background-color: #f4f4f4; height: 12.5px; transform: rotate(-45deg) translateX(3px) translateY(1px); width: 12.5px; flex-grow: 0; margin-right: 14px; margin-left: 2px;\"><\/div>\n<div style=\"background-color: #f4f4f4; border-radius: 50%; height: 12.5px; width: 12.5px; transform: translateX(9px) translateY(-18px);\"><\/div>\n<\/div>\n<div style=\"margin-left: 8px;\">\n<div style=\"background-color: #f4f4f4; border-radius: 50%; flex-grow: 0; height: 20px; width: 20px;\"><\/div>\n<div style=\"width: 0; height: 0; border-top: 2px solid transparent; border-left: 6px solid #f4f4f4; border-bottom: 2px solid transparent; transform: translateX(16px) translateY(-4px) rotate(30deg);\"><\/div>\n<\/div>\n<div style=\"margin-left: auto;\">\n<div style=\"width: 0px; border-top: 8px solid #F4F4F4; border-right: 8px solid transparent; transform: translateY(16px);\"><\/div>\n<div style=\"background-color: #f4f4f4; flex-grow: 0; height: 12px; width: 16px; transform: translateY(-4px);\"><\/div>\n<div style=\"width: 0; height: 0; border-top: 8px solid #F4F4F4; border-left: 8px solid transparent; transform: translateY(-4px) translateX(8px);\"><\/div>\n<\/div>\n<\/div>\n<div style=\"display: flex; flex-direction: column; flex-grow: 1; justify-content: center; margin-bottom: 24px;\">\n<div style=\"background-color: #f4f4f4; border-radius: 4px; flex-grow: 0; height: 14px; margin-bottom: 6px; width: 224px;\"><\/div>\n<div style=\"background-color: #f4f4f4; border-radius: 4px; flex-grow: 0; height: 14px; width: 144px;\"><\/div>\n<\/div>\n<p>&nbsp;<\/p>\n<p style=\"color: #c9c8cd; font-family: Arial,sans-serif; font-size: 14px; line-height: 17px; margin-bottom: 0; margin-top: 8px; overflow: hidden; padding: 8px 0 7px; text-align: center; text-overflow: ellipsis; white-space: nowrap;\"><a style=\"color: #c9c8cd; font-family: Arial,sans-serif; font-size: 14px; font-style: normal; font-weight: normal; line-height: 17px; text-decoration: none;\" href=\"https:\/\/www.instagram.com\/reel\/CeGXdlPKq6T\/?utm_source=ig_embed&amp;utm_campaign=loading\" target=\"_blank\" rel=\"noopener\">Una publicaci\u00f3n compartida de Motif &#8211; more than walls &#8211; (@motif_es)<\/a><\/p>\n<\/div>\n<\/blockquote>\n<p><script async src=\"\/\/www.instagram.com\/embed.js\"><\/script><\/p>\n<p>\u00bfQu\u00e9 te parece?<\/p>\n<p>Pues hay algo m\u00e1s que te va a sorprender, s\u00f3lo tardo 3 minutos en colocarlo.<\/p>\n<p>Nuestros arcos pintados autoadhesivos est\u00e1n fabricados en material canvas, lo que los convierte en impermeables y aptos no s\u00f3lo para paredes sino que tambi\u00e9n para zonas de contacto directo con agua, pero adem\u00e1s est\u00e1n disponibles en una amplia variedad de colores para adaptarse a cualquier <strong>estilo de decoraci\u00f3n<\/strong>.<\/p>\n<p style=\"text-align: left;\"><img loading=\"lazy\" decoding=\"async\" class=\"alignnone size-full wp-image-1682\" src=\"https:\/\/motif.es\/blog\/wp-content\/uploads\/2022\/08\/arco-pintado-autoadhesivo-teja.jpg\" alt=\"\" width=\"1000\" height=\"1000\" srcset=\"https:\/\/www.motif.es\/blog\/wp-content\/uploads\/2022\/08\/arco-pintado-autoadhesivo-teja.jpg 1000w, https:\/\/www.motif.es\/blog\/wp-content\/uploads\/2022\/08\/arco-pintado-autoadhesivo-teja-300x300.jpg 300w, https:\/\/www.motif.es\/blog\/wp-content\/uploads\/2022\/08\/arco-pintado-autoadhesivo-teja-150x150.jpg 150w, https:\/\/www.motif.es\/blog\/wp-content\/uploads\/2022\/08\/arco-pintado-autoadhesivo-teja-768x768.jpg 768w, https:\/\/www.motif.es\/blog\/wp-content\/uploads\/2022\/08\/arco-pintado-autoadhesivo-teja-400x400.jpg 400w, https:\/\/www.motif.es\/blog\/wp-content\/uploads\/2022\/08\/arco-pintado-autoadhesivo-teja-96x96.jpg 96w\" sizes=\"auto, (max-width: 1000px) 100vw, 1000px\" \/> \u00bfCu\u00e1l es el color qu\u00e9 m\u00e1s te gusta?<\/p>\n<p>Elige tu preferido desde <a href=\"https:\/\/www.motif.es\/167-arcos-y-circulos-pintados-autoadhesivos\" target=\"_blank\" rel=\"noopener\">aqu\u00ed<\/a> y ponte manos a la obra.<\/p>\n<p>&nbsp;<\/p>\n","protected":false},"excerpt":{"rendered":"<p>Tener una casa bonita es algo que la mayor\u00eda desea pero tambi\u00e9n es cierto que puede que creamos que conseguirlo puede costar m\u00e1s de lo que queremos. \u00bfTe ha pasado? Si es s\u00ed, tenemos buenas noticias porque peque\u00f1os detalles pueden suponer grandes cambios en la decoraci\u00f3n de tu casa, y lo mejor, sin casi esfuerzos, [&#8230;]<\/p>\n","protected":false},"author":2,"featured_media":1684,"comment_status":"open","ping_status":"open","sticky":false,"template":"","format":"standard","meta":{"_acf_changed":false,"footnotes":""},"categories":[19,9],"tags":[],"class_list":["post-1680","post","type-post","status-publish","format-standard","has-post-thumbnail","hentry","category-embajadores-motif","category-inspirate"],"acf":[],"yoast_head":"<!-- This site is optimized with the Yoast SEO plugin v27.5 - https:\/\/yoast.com\/product\/yoast-seo-wordpress\/ -->\n<title>\u00bfQuieres dar un cambio a tu pared sin necesidad de pintura? As\u00ed se lanza Cris de @tastet_dedeco - Blog Motif<\/title>\n<meta name=\"description\" content=\"Tener una casa bonita es algo que la mayor\u00eda desea pero tambi\u00e9n es cierto que puede que creamos que conseguirlo puede costar m\u00e1s de lo que queremos. \u00bfTe\" \/>\n<meta name=\"robots\" content=\"index, follow, max-snippet:-1, max-image-preview:large, max-video-preview:-1\" \/>\n<link rel=\"canonical\" href=\"https:\/\/www.motif.es\/blog\/quieres-dar-un-cambio-a-tu-pared-sin-necesidad-de-pintura-asi-se-lanza-cris-de-tastet_dedeco\/\" \/>\n<meta property=\"og:locale\" content=\"es_ES\" \/>\n<meta property=\"og:type\" content=\"article\" \/>\n<meta property=\"og:title\" content=\"\u00bfQuieres dar un cambio a tu pared sin necesidad de pintura? As\u00ed se lanza Cris de @tastet_dedeco - Blog Motif\" \/>\n<meta property=\"og:description\" content=\"Tener una casa bonita es algo que la mayor\u00eda desea pero tambi\u00e9n es cierto que puede que creamos que conseguirlo puede costar m\u00e1s de lo que queremos. \u00bfTe\" \/>\n<meta property=\"og:url\" content=\"https:\/\/www.motif.es\/blog\/quieres-dar-un-cambio-a-tu-pared-sin-necesidad-de-pintura-asi-se-lanza-cris-de-tastet_dedeco\/\" \/>\n<meta property=\"og:site_name\" content=\"Blog Motif\" \/>\n<meta property=\"article:publisher\" content=\"https:\/\/www.facebook.com\/motifmorethanwalls\/\" \/>\n<meta property=\"article:published_time\" content=\"2022-08-02T07:39:46+00:00\" \/>\n<meta property=\"article:modified_time\" content=\"2022-08-30T10:49:43+00:00\" \/>\n<meta property=\"og:image\" content=\"https:\/\/www.motif.es\/blog\/wp-content\/uploads\/2022\/08\/tastet.png\" \/>\n\t<meta property=\"og:image:width\" content=\"426\" \/>\n\t<meta property=\"og:image:height\" content=\"625\" \/>\n\t<meta property=\"og:image:type\" content=\"image\/png\" \/>\n<meta name=\"author\" content=\"Comunicaci\u00f3n Motif\" \/>\n<meta name=\"twitter:card\" content=\"summary_large_image\" \/>\n<meta name=\"twitter:label1\" content=\"Escrito por\" \/>\n\t<meta name=\"twitter:data1\" content=\"Comunicaci\u00f3n Motif\" \/>\n\t<meta name=\"twitter:label2\" content=\"Tiempo de lectura\" \/>\n\t<meta name=\"twitter:data2\" content=\"2 minutos\" \/>\n<script type=\"application\/ld+json\" class=\"yoast-schema-graph\">{\"@context\":\"https:\\\/\\\/schema.org\",\"@graph\":[{\"@type\":\"Article\",\"@id\":\"https:\\\/\\\/www.motif.es\\\/blog\\\/quieres-dar-un-cambio-a-tu-pared-sin-necesidad-de-pintura-asi-se-lanza-cris-de-tastet_dedeco\\\/#article\",\"isPartOf\":{\"@id\":\"https:\\\/\\\/www.motif.es\\\/blog\\\/quieres-dar-un-cambio-a-tu-pared-sin-necesidad-de-pintura-asi-se-lanza-cris-de-tastet_dedeco\\\/\"},\"author\":{\"name\":\"Comunicaci\u00f3n Motif\",\"@id\":\"https:\\\/\\\/www.motif.es\\\/blog\\\/#\\\/schema\\\/person\\\/aac26ed80d8e02fb9525ec6b569d75e9\"},\"headline\":\"\u00bfQuieres dar un cambio a tu pared sin necesidad de pintura? As\u00ed se lanza Cris de @tastet_dedeco\",\"datePublished\":\"2022-08-02T07:39:46+00:00\",\"dateModified\":\"2022-08-30T10:49:43+00:00\",\"mainEntityOfPage\":{\"@id\":\"https:\\\/\\\/www.motif.es\\\/blog\\\/quieres-dar-un-cambio-a-tu-pared-sin-necesidad-de-pintura-asi-se-lanza-cris-de-tastet_dedeco\\\/\"},\"wordCount\":228,\"commentCount\":0,\"publisher\":{\"@id\":\"https:\\\/\\\/www.motif.es\\\/blog\\\/#organization\"},\"image\":{\"@id\":\"https:\\\/\\\/www.motif.es\\\/blog\\\/quieres-dar-un-cambio-a-tu-pared-sin-necesidad-de-pintura-asi-se-lanza-cris-de-tastet_dedeco\\\/#primaryimage\"},\"thumbnailUrl\":\"https:\\\/\\\/www.motif.es\\\/blog\\\/wp-content\\\/uploads\\\/2022\\\/08\\\/tastet.png\",\"articleSection\":[\"embajadores Motif\",\"insp\u00edrate\"],\"inLanguage\":\"es\",\"potentialAction\":[{\"@type\":\"CommentAction\",\"name\":\"Comment\",\"target\":[\"https:\\\/\\\/www.motif.es\\\/blog\\\/quieres-dar-un-cambio-a-tu-pared-sin-necesidad-de-pintura-asi-se-lanza-cris-de-tastet_dedeco\\\/#respond\"]}]},{\"@type\":\"WebPage\",\"@id\":\"https:\\\/\\\/www.motif.es\\\/blog\\\/quieres-dar-un-cambio-a-tu-pared-sin-necesidad-de-pintura-asi-se-lanza-cris-de-tastet_dedeco\\\/\",\"url\":\"https:\\\/\\\/www.motif.es\\\/blog\\\/quieres-dar-un-cambio-a-tu-pared-sin-necesidad-de-pintura-asi-se-lanza-cris-de-tastet_dedeco\\\/\",\"name\":\"\u00bfQuieres dar un cambio a tu pared sin necesidad de pintura? As\u00ed se lanza Cris de @tastet_dedeco - Blog Motif\",\"isPartOf\":{\"@id\":\"https:\\\/\\\/www.motif.es\\\/blog\\\/#website\"},\"primaryImageOfPage\":{\"@id\":\"https:\\\/\\\/www.motif.es\\\/blog\\\/quieres-dar-un-cambio-a-tu-pared-sin-necesidad-de-pintura-asi-se-lanza-cris-de-tastet_dedeco\\\/#primaryimage\"},\"image\":{\"@id\":\"https:\\\/\\\/www.motif.es\\\/blog\\\/quieres-dar-un-cambio-a-tu-pared-sin-necesidad-de-pintura-asi-se-lanza-cris-de-tastet_dedeco\\\/#primaryimage\"},\"thumbnailUrl\":\"https:\\\/\\\/www.motif.es\\\/blog\\\/wp-content\\\/uploads\\\/2022\\\/08\\\/tastet.png\",\"datePublished\":\"2022-08-02T07:39:46+00:00\",\"dateModified\":\"2022-08-30T10:49:43+00:00\",\"description\":\"Tener una casa bonita es algo que la mayor\u00eda desea pero tambi\u00e9n es cierto que puede que creamos que conseguirlo puede costar m\u00e1s de lo que queremos. \u00bfTe\",\"breadcrumb\":{\"@id\":\"https:\\\/\\\/www.motif.es\\\/blog\\\/quieres-dar-un-cambio-a-tu-pared-sin-necesidad-de-pintura-asi-se-lanza-cris-de-tastet_dedeco\\\/#breadcrumb\"},\"inLanguage\":\"es\",\"potentialAction\":[{\"@type\":\"ReadAction\",\"target\":[\"https:\\\/\\\/www.motif.es\\\/blog\\\/quieres-dar-un-cambio-a-tu-pared-sin-necesidad-de-pintura-asi-se-lanza-cris-de-tastet_dedeco\\\/\"]}]},{\"@type\":\"ImageObject\",\"inLanguage\":\"es\",\"@id\":\"https:\\\/\\\/www.motif.es\\\/blog\\\/quieres-dar-un-cambio-a-tu-pared-sin-necesidad-de-pintura-asi-se-lanza-cris-de-tastet_dedeco\\\/#primaryimage\",\"url\":\"https:\\\/\\\/www.motif.es\\\/blog\\\/wp-content\\\/uploads\\\/2022\\\/08\\\/tastet.png\",\"contentUrl\":\"https:\\\/\\\/www.motif.es\\\/blog\\\/wp-content\\\/uploads\\\/2022\\\/08\\\/tastet.png\",\"width\":426,\"height\":625},{\"@type\":\"BreadcrumbList\",\"@id\":\"https:\\\/\\\/www.motif.es\\\/blog\\\/quieres-dar-un-cambio-a-tu-pared-sin-necesidad-de-pintura-asi-se-lanza-cris-de-tastet_dedeco\\\/#breadcrumb\",\"itemListElement\":[{\"@type\":\"ListItem\",\"position\":1,\"name\":\"Blog\",\"item\":\"https:\\\/\\\/www.motif.es\\\/blog\\\/\"},{\"@type\":\"ListItem\",\"position\":2,\"name\":\"embajadores Motif\",\"item\":\"https:\\\/\\\/www.motif.es\\\/blog\\\/category\\\/embajadores-motif\\\/\"},{\"@type\":\"ListItem\",\"position\":3,\"name\":\"\u00bfQuieres dar un cambio a tu pared sin necesidad de pintura? As\u00ed se lanza Cris de @tastet_dedeco\"}]},{\"@type\":\"WebSite\",\"@id\":\"https:\\\/\\\/www.motif.es\\\/blog\\\/#website\",\"url\":\"https:\\\/\\\/www.motif.es\\\/blog\\\/\",\"name\":\"Blog Motif\",\"description\":\"nuestro rinc\u00f3n para inspirarte\",\"publisher\":{\"@id\":\"https:\\\/\\\/www.motif.es\\\/blog\\\/#organization\"},\"potentialAction\":[{\"@type\":\"SearchAction\",\"target\":{\"@type\":\"EntryPoint\",\"urlTemplate\":\"https:\\\/\\\/www.motif.es\\\/blog\\\/?s={search_term_string}\"},\"query-input\":{\"@type\":\"PropertyValueSpecification\",\"valueRequired\":true,\"valueName\":\"search_term_string\"}}],\"inLanguage\":\"es\"},{\"@type\":\"Organization\",\"@id\":\"https:\\\/\\\/www.motif.es\\\/blog\\\/#organization\",\"name\":\"Motif Wallpapers S.L.U.\",\"url\":\"https:\\\/\\\/www.motif.es\\\/blog\\\/\",\"logo\":{\"@type\":\"ImageObject\",\"inLanguage\":\"es\",\"@id\":\"https:\\\/\\\/www.motif.es\\\/blog\\\/#\\\/schema\\\/logo\\\/image\\\/\",\"url\":\"https:\\\/\\\/motif.es\\\/blog\\\/wp-content\\\/uploads\\\/2021\\\/06\\\/logo-motif.jpg\",\"contentUrl\":\"https:\\\/\\\/motif.es\\\/blog\\\/wp-content\\\/uploads\\\/2021\\\/06\\\/logo-motif.jpg\",\"width\":464,\"height\":464,\"caption\":\"Motif Wallpapers S.L.U.\"},\"image\":{\"@id\":\"https:\\\/\\\/www.motif.es\\\/blog\\\/#\\\/schema\\\/logo\\\/image\\\/\"},\"sameAs\":[\"https:\\\/\\\/www.facebook.com\\\/motifmorethanwalls\\\/\",\"https:\\\/\\\/www.instagram.com\\\/motif_es\\\/?hl=es\",\"https:\\\/\\\/www.pinterest.es\\\/motifwallpapers\\\/\",\"https:\\\/\\\/www.youtube.com\\\/channel\\\/UCNaOmbxD6LjcQNj4vmfVIUg\"]},{\"@type\":\"Person\",\"@id\":\"https:\\\/\\\/www.motif.es\\\/blog\\\/#\\\/schema\\\/person\\\/aac26ed80d8e02fb9525ec6b569d75e9\",\"name\":\"Comunicaci\u00f3n Motif\",\"image\":{\"@type\":\"ImageObject\",\"inLanguage\":\"es\",\"@id\":\"https:\\\/\\\/secure.gravatar.com\\\/avatar\\\/93b2fb49a03bd7a57b5f5e8c3b740113f14f25da86b090887d9353672de2d9b5?s=96&d=mm&r=g\",\"url\":\"https:\\\/\\\/secure.gravatar.com\\\/avatar\\\/93b2fb49a03bd7a57b5f5e8c3b740113f14f25da86b090887d9353672de2d9b5?s=96&d=mm&r=g\",\"contentUrl\":\"https:\\\/\\\/secure.gravatar.com\\\/avatar\\\/93b2fb49a03bd7a57b5f5e8c3b740113f14f25da86b090887d9353672de2d9b5?s=96&d=mm&r=g\",\"caption\":\"Comunicaci\u00f3n Motif\"},\"url\":\"https:\\\/\\\/www.motif.es\\\/blog\\\/author\\\/comunicacion\\\/\"}]}<\/script>\n<!-- \/ Yoast SEO plugin. -->","yoast_head_json":{"title":"\u00bfQuieres dar un cambio a tu pared sin necesidad de pintura? As\u00ed se lanza Cris de @tastet_dedeco - Blog Motif","description":"Tener una casa bonita es algo que la mayor\u00eda desea pero tambi\u00e9n es cierto que puede que creamos que conseguirlo puede costar m\u00e1s de lo que queremos. \u00bfTe","robots":{"index":"index","follow":"follow","max-snippet":"max-snippet:-1","max-image-preview":"max-image-preview:large","max-video-preview":"max-video-preview:-1"},"canonical":"https:\/\/www.motif.es\/blog\/quieres-dar-un-cambio-a-tu-pared-sin-necesidad-de-pintura-asi-se-lanza-cris-de-tastet_dedeco\/","og_locale":"es_ES","og_type":"article","og_title":"\u00bfQuieres dar un cambio a tu pared sin necesidad de pintura? As\u00ed se lanza Cris de @tastet_dedeco - Blog Motif","og_description":"Tener una casa bonita es algo que la mayor\u00eda desea pero tambi\u00e9n es cierto que puede que creamos que conseguirlo puede costar m\u00e1s de lo que queremos. \u00bfTe","og_url":"https:\/\/www.motif.es\/blog\/quieres-dar-un-cambio-a-tu-pared-sin-necesidad-de-pintura-asi-se-lanza-cris-de-tastet_dedeco\/","og_site_name":"Blog Motif","article_publisher":"https:\/\/www.facebook.com\/motifmorethanwalls\/","article_published_time":"2022-08-02T07:39:46+00:00","article_modified_time":"2022-08-30T10:49:43+00:00","og_image":[{"width":426,"height":625,"url":"https:\/\/www.motif.es\/blog\/wp-content\/uploads\/2022\/08\/tastet.png","type":"image\/png"}],"author":"Comunicaci\u00f3n Motif","twitter_card":"summary_large_image","twitter_misc":{"Escrito por":"Comunicaci\u00f3n Motif","Tiempo de lectura":"2 minutos"},"schema":{"@context":"https:\/\/schema.org","@graph":[{"@type":"Article","@id":"https:\/\/www.motif.es\/blog\/quieres-dar-un-cambio-a-tu-pared-sin-necesidad-de-pintura-asi-se-lanza-cris-de-tastet_dedeco\/#article","isPartOf":{"@id":"https:\/\/www.motif.es\/blog\/quieres-dar-un-cambio-a-tu-pared-sin-necesidad-de-pintura-asi-se-lanza-cris-de-tastet_dedeco\/"},"author":{"name":"Comunicaci\u00f3n Motif","@id":"https:\/\/www.motif.es\/blog\/#\/schema\/person\/aac26ed80d8e02fb9525ec6b569d75e9"},"headline":"\u00bfQuieres dar un cambio a tu pared sin necesidad de pintura? As\u00ed se lanza Cris de @tastet_dedeco","datePublished":"2022-08-02T07:39:46+00:00","dateModified":"2022-08-30T10:49:43+00:00","mainEntityOfPage":{"@id":"https:\/\/www.motif.es\/blog\/quieres-dar-un-cambio-a-tu-pared-sin-necesidad-de-pintura-asi-se-lanza-cris-de-tastet_dedeco\/"},"wordCount":228,"commentCount":0,"publisher":{"@id":"https:\/\/www.motif.es\/blog\/#organization"},"image":{"@id":"https:\/\/www.motif.es\/blog\/quieres-dar-un-cambio-a-tu-pared-sin-necesidad-de-pintura-asi-se-lanza-cris-de-tastet_dedeco\/#primaryimage"},"thumbnailUrl":"https:\/\/www.motif.es\/blog\/wp-content\/uploads\/2022\/08\/tastet.png","articleSection":["embajadores Motif","insp\u00edrate"],"inLanguage":"es","potentialAction":[{"@type":"CommentAction","name":"Comment","target":["https:\/\/www.motif.es\/blog\/quieres-dar-un-cambio-a-tu-pared-sin-necesidad-de-pintura-asi-se-lanza-cris-de-tastet_dedeco\/#respond"]}]},{"@type":"WebPage","@id":"https:\/\/www.motif.es\/blog\/quieres-dar-un-cambio-a-tu-pared-sin-necesidad-de-pintura-asi-se-lanza-cris-de-tastet_dedeco\/","url":"https:\/\/www.motif.es\/blog\/quieres-dar-un-cambio-a-tu-pared-sin-necesidad-de-pintura-asi-se-lanza-cris-de-tastet_dedeco\/","name":"\u00bfQuieres dar un cambio a tu pared sin necesidad de pintura? As\u00ed se lanza Cris de @tastet_dedeco - Blog Motif","isPartOf":{"@id":"https:\/\/www.motif.es\/blog\/#website"},"primaryImageOfPage":{"@id":"https:\/\/www.motif.es\/blog\/quieres-dar-un-cambio-a-tu-pared-sin-necesidad-de-pintura-asi-se-lanza-cris-de-tastet_dedeco\/#primaryimage"},"image":{"@id":"https:\/\/www.motif.es\/blog\/quieres-dar-un-cambio-a-tu-pared-sin-necesidad-de-pintura-asi-se-lanza-cris-de-tastet_dedeco\/#primaryimage"},"thumbnailUrl":"https:\/\/www.motif.es\/blog\/wp-content\/uploads\/2022\/08\/tastet.png","datePublished":"2022-08-02T07:39:46+00:00","dateModified":"2022-08-30T10:49:43+00:00","description":"Tener una casa bonita es algo que la mayor\u00eda desea pero tambi\u00e9n es cierto que puede que creamos que conseguirlo puede costar m\u00e1s de lo que queremos. \u00bfTe","breadcrumb":{"@id":"https:\/\/www.motif.es\/blog\/quieres-dar-un-cambio-a-tu-pared-sin-necesidad-de-pintura-asi-se-lanza-cris-de-tastet_dedeco\/#breadcrumb"},"inLanguage":"es","potentialAction":[{"@type":"ReadAction","target":["https:\/\/www.motif.es\/blog\/quieres-dar-un-cambio-a-tu-pared-sin-necesidad-de-pintura-asi-se-lanza-cris-de-tastet_dedeco\/"]}]},{"@type":"ImageObject","inLanguage":"es","@id":"https:\/\/www.motif.es\/blog\/quieres-dar-un-cambio-a-tu-pared-sin-necesidad-de-pintura-asi-se-lanza-cris-de-tastet_dedeco\/#primaryimage","url":"https:\/\/www.motif.es\/blog\/wp-content\/uploads\/2022\/08\/tastet.png","contentUrl":"https:\/\/www.motif.es\/blog\/wp-content\/uploads\/2022\/08\/tastet.png","width":426,"height":625},{"@type":"BreadcrumbList","@id":"https:\/\/www.motif.es\/blog\/quieres-dar-un-cambio-a-tu-pared-sin-necesidad-de-pintura-asi-se-lanza-cris-de-tastet_dedeco\/#breadcrumb","itemListElement":[{"@type":"ListItem","position":1,"name":"Blog","item":"https:\/\/www.motif.es\/blog\/"},{"@type":"ListItem","position":2,"name":"embajadores Motif","item":"https:\/\/www.motif.es\/blog\/category\/embajadores-motif\/"},{"@type":"ListItem","position":3,"name":"\u00bfQuieres dar un cambio a tu pared sin necesidad de pintura? As\u00ed se lanza Cris de @tastet_dedeco"}]},{"@type":"WebSite","@id":"https:\/\/www.motif.es\/blog\/#website","url":"https:\/\/www.motif.es\/blog\/","name":"Blog Motif","description":"nuestro rinc\u00f3n para inspirarte","publisher":{"@id":"https:\/\/www.motif.es\/blog\/#organization"},"potentialAction":[{"@type":"SearchAction","target":{"@type":"EntryPoint","urlTemplate":"https:\/\/www.motif.es\/blog\/?s={search_term_string}"},"query-input":{"@type":"PropertyValueSpecification","valueRequired":true,"valueName":"search_term_string"}}],"inLanguage":"es"},{"@type":"Organization","@id":"https:\/\/www.motif.es\/blog\/#organization","name":"Motif Wallpapers S.L.U.","url":"https:\/\/www.motif.es\/blog\/","logo":{"@type":"ImageObject","inLanguage":"es","@id":"https:\/\/www.motif.es\/blog\/#\/schema\/logo\/image\/","url":"https:\/\/motif.es\/blog\/wp-content\/uploads\/2021\/06\/logo-motif.jpg","contentUrl":"https:\/\/motif.es\/blog\/wp-content\/uploads\/2021\/06\/logo-motif.jpg","width":464,"height":464,"caption":"Motif Wallpapers S.L.U."},"image":{"@id":"https:\/\/www.motif.es\/blog\/#\/schema\/logo\/image\/"},"sameAs":["https:\/\/www.facebook.com\/motifmorethanwalls\/","https:\/\/www.instagram.com\/motif_es\/?hl=es","https:\/\/www.pinterest.es\/motifwallpapers\/","https:\/\/www.youtube.com\/channel\/UCNaOmbxD6LjcQNj4vmfVIUg"]},{"@type":"Person","@id":"https:\/\/www.motif.es\/blog\/#\/schema\/person\/aac26ed80d8e02fb9525ec6b569d75e9","name":"Comunicaci\u00f3n Motif","image":{"@type":"ImageObject","inLanguage":"es","@id":"https:\/\/secure.gravatar.com\/avatar\/93b2fb49a03bd7a57b5f5e8c3b740113f14f25da86b090887d9353672de2d9b5?s=96&d=mm&r=g","url":"https:\/\/secure.gravatar.com\/avatar\/93b2fb49a03bd7a57b5f5e8c3b740113f14f25da86b090887d9353672de2d9b5?s=96&d=mm&r=g","contentUrl":"https:\/\/secure.gravatar.com\/avatar\/93b2fb49a03bd7a57b5f5e8c3b740113f14f25da86b090887d9353672de2d9b5?s=96&d=mm&r=g","caption":"Comunicaci\u00f3n Motif"},"url":"https:\/\/www.motif.es\/blog\/author\/comunicacion\/"}]}},"_links":{"self":[{"href":"https:\/\/www.motif.es\/blog\/wp-json\/wp\/v2\/posts\/1680","targetHints":{"allow":["GET"]}}],"collection":[{"href":"https:\/\/www.motif.es\/blog\/wp-json\/wp\/v2\/posts"}],"about":[{"href":"https:\/\/www.motif.es\/blog\/wp-json\/wp\/v2\/types\/post"}],"author":[{"embeddable":true,"href":"https:\/\/www.motif.es\/blog\/wp-json\/wp\/v2\/users\/2"}],"replies":[{"embeddable":true,"href":"https:\/\/www.motif.es\/blog\/wp-json\/wp\/v2\/comments?post=1680"}],"version-history":[{"count":1,"href":"https:\/\/www.motif.es\/blog\/wp-json\/wp\/v2\/posts\/1680\/revisions"}],"predecessor-version":[{"id":1685,"href":"https:\/\/www.motif.es\/blog\/wp-json\/wp\/v2\/posts\/1680\/revisions\/1685"}],"wp:featuredmedia":[{"embeddable":true,"href":"https:\/\/www.motif.es\/blog\/wp-json\/wp\/v2\/media\/1684"}],"wp:attachment":[{"href":"https:\/\/www.motif.es\/blog\/wp-json\/wp\/v2\/media?parent=1680"}],"wp:term":[{"taxonomy":"category","embeddable":true,"href":"https:\/\/www.motif.es\/blog\/wp-json\/wp\/v2\/categories?post=1680"},{"taxonomy":"post_tag","embeddable":true,"href":"https:\/\/www.motif.es\/blog\/wp-json\/wp\/v2\/tags?post=1680"}],"curies":[{"name":"wp","href":"https:\/\/api.w.org\/{rel}","templated":true}]}}