{"id":1686,"date":"2022-08-26T10:34:00","date_gmt":"2022-08-26T10:34:00","guid":{"rendered":"https:\/\/motif.es\/blog\/?p=1686"},"modified":"2022-08-30T10:49:24","modified_gmt":"2022-08-30T10:49:24","slug":"mas-novedades-llegan-los-vinilos-para-cristales","status":"publish","type":"post","link":"https:\/\/www.motif.es\/blog\/mas-novedades-llegan-los-vinilos-para-cristales\/","title":{"rendered":"\u00a1M\u00e1s novedades! Llegan los vinilos para cristales"},"content":{"rendered":"<p>En MOTIF seguimos innovando para que conviertas tu casa en tu rinc\u00f3n especial, \u00a0siempre con la comodidad y las <strong>\u00faltimas tendencias de decoraci\u00f3n<\/strong> en mente, porque creemos firmemente que todas los espacios del hogar son importantes, tambi\u00e9n los cristales de tu casa como por ejemplo mamparas de la ducha y ventanas. Y para ello hemos creado una nueva l\u00ednea de productos, los <strong>vinilos para cristales<\/strong>.<\/p>\n<p style=\"text-align: center;\"><img loading=\"lazy\" decoding=\"async\" class=\"alignnone size-full wp-image-1688\" src=\"https:\/\/motif.es\/blog\/wp-content\/uploads\/2022\/08\/PROPUESTA-1-VINILOS-PARA-CRISTALES.jpg\" alt=\"\" width=\"2000\" height=\"2000\" srcset=\"https:\/\/www.motif.es\/blog\/wp-content\/uploads\/2022\/08\/PROPUESTA-1-VINILOS-PARA-CRISTALES.jpg 2000w, https:\/\/www.motif.es\/blog\/wp-content\/uploads\/2022\/08\/PROPUESTA-1-VINILOS-PARA-CRISTALES-300x300.jpg 300w, https:\/\/www.motif.es\/blog\/wp-content\/uploads\/2022\/08\/PROPUESTA-1-VINILOS-PARA-CRISTALES-1024x1024.jpg 1024w, https:\/\/www.motif.es\/blog\/wp-content\/uploads\/2022\/08\/PROPUESTA-1-VINILOS-PARA-CRISTALES-150x150.jpg 150w, https:\/\/www.motif.es\/blog\/wp-content\/uploads\/2022\/08\/PROPUESTA-1-VINILOS-PARA-CRISTALES-768x768.jpg 768w, https:\/\/www.motif.es\/blog\/wp-content\/uploads\/2022\/08\/PROPUESTA-1-VINILOS-PARA-CRISTALES-1536x1536.jpg 1536w, https:\/\/www.motif.es\/blog\/wp-content\/uploads\/2022\/08\/PROPUESTA-1-VINILOS-PARA-CRISTALES-1200x1200.jpg 1200w, https:\/\/www.motif.es\/blog\/wp-content\/uploads\/2022\/08\/PROPUESTA-1-VINILOS-PARA-CRISTALES-1980x1980.jpg 1980w, https:\/\/www.motif.es\/blog\/wp-content\/uploads\/2022\/08\/PROPUESTA-1-VINILOS-PARA-CRISTALES-400x400.jpg 400w, https:\/\/www.motif.es\/blog\/wp-content\/uploads\/2022\/08\/PROPUESTA-1-VINILOS-PARA-CRISTALES-96x96.jpg 96w\" sizes=\"auto, (max-width: 2000px) 100vw, 2000px\" \/><\/p>\n<h5>\u00bfC\u00f3mo son estos vinilos?<\/h5>\n<p>Las nuevos\u00a0<strong>vinilos para cristales MOTIF\u00a0<\/strong>est\u00e1n elaborados con tecnolog\u00eda de \u00faltima generaci\u00f3n. Y es que en la b\u00fasqueda de hacer vuestra vida m\u00e1s sencilla, os traemos estos vinilos totalmente libres de colas. Su adhesivo siliconado (que funciona con electricidad est\u00e1tica) facilita su instalaci\u00f3n, ya que permite corregir su posici\u00f3n durante su colocaci\u00f3n tantas veces como necesites. Adem\u00e1s, al no presentar ning\u00fan tipo de cola, tampoco tendr\u00e1s que preocuparte de los residuos a la hora de retirarlo, ya que no dejar\u00e1 ninguno. \u00a1R\u00e1pido y sencillo!<\/p>\n<p>Pero no es todo, adem\u00e1s tienen otras fant\u00e1sticas ventajas:<\/p>\n<ul>\n<li>Son <strong>totalmente impermeables<\/strong>. Esto significa que van a poder estar en contacto directo con agua sin problema.<\/li>\n<li>Se <strong>pueden limpiar<\/strong>. Ten la tranquilidad a la hora de hacerlo. La impermeabilidad ayuda a que no les pase nada y se mantengan en buen estado.<\/li>\n<li>\u00a0Y son <strong>resistentes a la luz.\u00a0<\/strong>Es decir, podr\u00e1s colocarlos en cualquier ventana de tu casa sin que te deba preocupar el calor del sol.<\/li>\n<\/ul>\n<p style=\"text-align: center;\"><img loading=\"lazy\" decoding=\"async\" class=\"alignnone size-full wp-image-1689\" src=\"https:\/\/motif.es\/blog\/wp-content\/uploads\/2022\/08\/vinilo-cristal-palmiers.jpg\" alt=\"\" width=\"1000\" height=\"1000\" srcset=\"https:\/\/www.motif.es\/blog\/wp-content\/uploads\/2022\/08\/vinilo-cristal-palmiers.jpg 1000w, https:\/\/www.motif.es\/blog\/wp-content\/uploads\/2022\/08\/vinilo-cristal-palmiers-300x300.jpg 300w, https:\/\/www.motif.es\/blog\/wp-content\/uploads\/2022\/08\/vinilo-cristal-palmiers-150x150.jpg 150w, https:\/\/www.motif.es\/blog\/wp-content\/uploads\/2022\/08\/vinilo-cristal-palmiers-768x768.jpg 768w, https:\/\/www.motif.es\/blog\/wp-content\/uploads\/2022\/08\/vinilo-cristal-palmiers-400x400.jpg 400w, https:\/\/www.motif.es\/blog\/wp-content\/uploads\/2022\/08\/vinilo-cristal-palmiers-96x96.jpg 96w\" sizes=\"auto, (max-width: 1000px) 100vw, 1000px\" \/><\/p>\n<p>Descubre todos los dise\u00f1os desde <a href=\"https:\/\/www.motif.es\/176-vinilos-para-cristales\" target=\"_blank\" rel=\"noopener\">aqu\u00ed<\/a>.<\/p>\n<p>Las posibilidades son infinitas, \u00fanicamente necesitas dejar volar tu imaginaci\u00f3n.<\/p>\n<p>&nbsp;<\/p>\n","protected":false},"excerpt":{"rendered":"<p>En MOTIF seguimos innovando para que conviertas tu casa en tu rinc\u00f3n especial, \u00a0siempre con la comodidad y las \u00faltimas tendencias de decoraci\u00f3n en mente, porque creemos firmemente que todas los espacios del hogar son importantes, tambi\u00e9n los cristales de tu casa como por ejemplo mamparas de la ducha y ventanas. Y para ello hemos [&#8230;]<\/p>\n","protected":false},"author":2,"featured_media":1690,"comment_status":"open","ping_status":"open","sticky":false,"template":"","format":"standard","meta":{"_acf_changed":false,"footnotes":""},"categories":[28],"tags":[],"class_list":["post-1686","post","type-post","status-publish","format-standard","has-post-thumbnail","hentry","category-sobre-vinilos-para-cristales"],"acf":[],"yoast_head":"<!-- This site is optimized with the Yoast SEO plugin v27.4 - https:\/\/yoast.com\/product\/yoast-seo-wordpress\/ -->\n<title>\u00a1M\u00e1s novedades! Llegan los vinilos para cristales - Blog Motif<\/title>\n<meta name=\"description\" content=\"En MOTIF seguimos innovando para que conviertas tu casa en tu rinc\u00f3n especial, \u00a0siempre con la comodidad y las \u00faltimas tendencias de decoraci\u00f3n en mente,\" \/>\n<meta name=\"robots\" content=\"index, follow, max-snippet:-1, max-image-preview:large, max-video-preview:-1\" \/>\n<link rel=\"canonical\" href=\"https:\/\/www.motif.es\/blog\/mas-novedades-llegan-los-vinilos-para-cristales\/\" \/>\n<meta property=\"og:locale\" content=\"es_ES\" \/>\n<meta property=\"og:type\" content=\"article\" \/>\n<meta property=\"og:title\" content=\"\u00a1M\u00e1s novedades! Llegan los vinilos para cristales - Blog Motif\" \/>\n<meta property=\"og:description\" content=\"En MOTIF seguimos innovando para que conviertas tu casa en tu rinc\u00f3n especial, \u00a0siempre con la comodidad y las \u00faltimas tendencias de decoraci\u00f3n en mente,\" \/>\n<meta property=\"og:url\" content=\"https:\/\/www.motif.es\/blog\/mas-novedades-llegan-los-vinilos-para-cristales\/\" \/>\n<meta property=\"og:site_name\" content=\"Blog Motif\" \/>\n<meta property=\"article:publisher\" content=\"https:\/\/www.facebook.com\/motifmorethanwalls\/\" \/>\n<meta property=\"article:published_time\" content=\"2022-08-26T10:34:00+00:00\" \/>\n<meta property=\"article:modified_time\" content=\"2022-08-30T10:49:24+00:00\" \/>\n<meta property=\"og:image\" content=\"https:\/\/www.motif.es\/blog\/wp-content\/uploads\/2022\/08\/vinilo-cristal-gardenia.jpg\" \/>\n\t<meta property=\"og:image:width\" content=\"1000\" \/>\n\t<meta property=\"og:image:height\" content=\"1000\" \/>\n\t<meta property=\"og:image:type\" content=\"image\/jpeg\" \/>\n<meta name=\"author\" content=\"Comunicaci\u00f3n Motif\" \/>\n<meta name=\"twitter:card\" content=\"summary_large_image\" \/>\n<meta name=\"twitter:label1\" content=\"Escrito por\" \/>\n\t<meta name=\"twitter:data1\" content=\"Comunicaci\u00f3n Motif\" \/>\n\t<meta name=\"twitter:label2\" content=\"Tiempo de lectura\" \/>\n\t<meta name=\"twitter:data2\" content=\"2 minutos\" \/>\n<script type=\"application\/ld+json\" class=\"yoast-schema-graph\">{\"@context\":\"https:\\\/\\\/schema.org\",\"@graph\":[{\"@type\":\"Article\",\"@id\":\"https:\\\/\\\/www.motif.es\\\/blog\\\/mas-novedades-llegan-los-vinilos-para-cristales\\\/#article\",\"isPartOf\":{\"@id\":\"https:\\\/\\\/www.motif.es\\\/blog\\\/mas-novedades-llegan-los-vinilos-para-cristales\\\/\"},\"author\":{\"name\":\"Comunicaci\u00f3n Motif\",\"@id\":\"https:\\\/\\\/www.motif.es\\\/blog\\\/#\\\/schema\\\/person\\\/aac26ed80d8e02fb9525ec6b569d75e9\"},\"headline\":\"\u00a1M\u00e1s novedades! Llegan los vinilos para cristales\",\"datePublished\":\"2022-08-26T10:34:00+00:00\",\"dateModified\":\"2022-08-30T10:49:24+00:00\",\"mainEntityOfPage\":{\"@id\":\"https:\\\/\\\/www.motif.es\\\/blog\\\/mas-novedades-llegan-los-vinilos-para-cristales\\\/\"},\"wordCount\":279,\"commentCount\":0,\"publisher\":{\"@id\":\"https:\\\/\\\/www.motif.es\\\/blog\\\/#organization\"},\"image\":{\"@id\":\"https:\\\/\\\/www.motif.es\\\/blog\\\/mas-novedades-llegan-los-vinilos-para-cristales\\\/#primaryimage\"},\"thumbnailUrl\":\"https:\\\/\\\/www.motif.es\\\/blog\\\/wp-content\\\/uploads\\\/2022\\\/08\\\/vinilo-cristal-gardenia.jpg\",\"articleSection\":[\"sobre vinilos para cristales\"],\"inLanguage\":\"es\",\"potentialAction\":[{\"@type\":\"CommentAction\",\"name\":\"Comment\",\"target\":[\"https:\\\/\\\/www.motif.es\\\/blog\\\/mas-novedades-llegan-los-vinilos-para-cristales\\\/#respond\"]}]},{\"@type\":\"WebPage\",\"@id\":\"https:\\\/\\\/www.motif.es\\\/blog\\\/mas-novedades-llegan-los-vinilos-para-cristales\\\/\",\"url\":\"https:\\\/\\\/www.motif.es\\\/blog\\\/mas-novedades-llegan-los-vinilos-para-cristales\\\/\",\"name\":\"\u00a1M\u00e1s novedades! Llegan los vinilos para cristales - Blog Motif\",\"isPartOf\":{\"@id\":\"https:\\\/\\\/www.motif.es\\\/blog\\\/#website\"},\"primaryImageOfPage\":{\"@id\":\"https:\\\/\\\/www.motif.es\\\/blog\\\/mas-novedades-llegan-los-vinilos-para-cristales\\\/#primaryimage\"},\"image\":{\"@id\":\"https:\\\/\\\/www.motif.es\\\/blog\\\/mas-novedades-llegan-los-vinilos-para-cristales\\\/#primaryimage\"},\"thumbnailUrl\":\"https:\\\/\\\/www.motif.es\\\/blog\\\/wp-content\\\/uploads\\\/2022\\\/08\\\/vinilo-cristal-gardenia.jpg\",\"datePublished\":\"2022-08-26T10:34:00+00:00\",\"dateModified\":\"2022-08-30T10:49:24+00:00\",\"description\":\"En MOTIF seguimos innovando para que conviertas tu casa en tu rinc\u00f3n especial, \u00a0siempre con la comodidad y las \u00faltimas tendencias de decoraci\u00f3n en mente,\",\"breadcrumb\":{\"@id\":\"https:\\\/\\\/www.motif.es\\\/blog\\\/mas-novedades-llegan-los-vinilos-para-cristales\\\/#breadcrumb\"},\"inLanguage\":\"es\",\"potentialAction\":[{\"@type\":\"ReadAction\",\"target\":[\"https:\\\/\\\/www.motif.es\\\/blog\\\/mas-novedades-llegan-los-vinilos-para-cristales\\\/\"]}]},{\"@type\":\"ImageObject\",\"inLanguage\":\"es\",\"@id\":\"https:\\\/\\\/www.motif.es\\\/blog\\\/mas-novedades-llegan-los-vinilos-para-cristales\\\/#primaryimage\",\"url\":\"https:\\\/\\\/www.motif.es\\\/blog\\\/wp-content\\\/uploads\\\/2022\\\/08\\\/vinilo-cristal-gardenia.jpg\",\"contentUrl\":\"https:\\\/\\\/www.motif.es\\\/blog\\\/wp-content\\\/uploads\\\/2022\\\/08\\\/vinilo-cristal-gardenia.jpg\",\"width\":1000,\"height\":1000},{\"@type\":\"BreadcrumbList\",\"@id\":\"https:\\\/\\\/www.motif.es\\\/blog\\\/mas-novedades-llegan-los-vinilos-para-cristales\\\/#breadcrumb\",\"itemListElement\":[{\"@type\":\"ListItem\",\"position\":1,\"name\":\"Blog\",\"item\":\"https:\\\/\\\/www.motif.es\\\/blog\\\/\"},{\"@type\":\"ListItem\",\"position\":2,\"name\":\"sobre vinilos para cristales\",\"item\":\"https:\\\/\\\/www.motif.es\\\/blog\\\/category\\\/sobre-vinilos-para-cristales\\\/\"},{\"@type\":\"ListItem\",\"position\":3,\"name\":\"\u00a1M\u00e1s novedades! Llegan los vinilos para cristales\"}]},{\"@type\":\"WebSite\",\"@id\":\"https:\\\/\\\/www.motif.es\\\/blog\\\/#website\",\"url\":\"https:\\\/\\\/www.motif.es\\\/blog\\\/\",\"name\":\"Blog Motif\",\"description\":\"nuestro rinc\u00f3n para inspirarte\",\"publisher\":{\"@id\":\"https:\\\/\\\/www.motif.es\\\/blog\\\/#organization\"},\"potentialAction\":[{\"@type\":\"SearchAction\",\"target\":{\"@type\":\"EntryPoint\",\"urlTemplate\":\"https:\\\/\\\/www.motif.es\\\/blog\\\/?s={search_term_string}\"},\"query-input\":{\"@type\":\"PropertyValueSpecification\",\"valueRequired\":true,\"valueName\":\"search_term_string\"}}],\"inLanguage\":\"es\"},{\"@type\":\"Organization\",\"@id\":\"https:\\\/\\\/www.motif.es\\\/blog\\\/#organization\",\"name\":\"Motif Wallpapers S.L.U.\",\"url\":\"https:\\\/\\\/www.motif.es\\\/blog\\\/\",\"logo\":{\"@type\":\"ImageObject\",\"inLanguage\":\"es\",\"@id\":\"https:\\\/\\\/www.motif.es\\\/blog\\\/#\\\/schema\\\/logo\\\/image\\\/\",\"url\":\"https:\\\/\\\/motif.es\\\/blog\\\/wp-content\\\/uploads\\\/2021\\\/06\\\/logo-motif.jpg\",\"contentUrl\":\"https:\\\/\\\/motif.es\\\/blog\\\/wp-content\\\/uploads\\\/2021\\\/06\\\/logo-motif.jpg\",\"width\":464,\"height\":464,\"caption\":\"Motif Wallpapers S.L.U.\"},\"image\":{\"@id\":\"https:\\\/\\\/www.motif.es\\\/blog\\\/#\\\/schema\\\/logo\\\/image\\\/\"},\"sameAs\":[\"https:\\\/\\\/www.facebook.com\\\/motifmorethanwalls\\\/\",\"https:\\\/\\\/www.instagram.com\\\/motif_es\\\/?hl=es\",\"https:\\\/\\\/www.pinterest.es\\\/motifwallpapers\\\/\",\"https:\\\/\\\/www.youtube.com\\\/channel\\\/UCNaOmbxD6LjcQNj4vmfVIUg\"]},{\"@type\":\"Person\",\"@id\":\"https:\\\/\\\/www.motif.es\\\/blog\\\/#\\\/schema\\\/person\\\/aac26ed80d8e02fb9525ec6b569d75e9\",\"name\":\"Comunicaci\u00f3n Motif\",\"image\":{\"@type\":\"ImageObject\",\"inLanguage\":\"es\",\"@id\":\"https:\\\/\\\/secure.gravatar.com\\\/avatar\\\/93b2fb49a03bd7a57b5f5e8c3b740113f14f25da86b090887d9353672de2d9b5?s=96&d=mm&r=g\",\"url\":\"https:\\\/\\\/secure.gravatar.com\\\/avatar\\\/93b2fb49a03bd7a57b5f5e8c3b740113f14f25da86b090887d9353672de2d9b5?s=96&d=mm&r=g\",\"contentUrl\":\"https:\\\/\\\/secure.gravatar.com\\\/avatar\\\/93b2fb49a03bd7a57b5f5e8c3b740113f14f25da86b090887d9353672de2d9b5?s=96&d=mm&r=g\",\"caption\":\"Comunicaci\u00f3n Motif\"},\"url\":\"https:\\\/\\\/www.motif.es\\\/blog\\\/author\\\/comunicacion\\\/\"}]}<\/script>\n<!-- \/ Yoast SEO plugin. -->","yoast_head_json":{"title":"\u00a1M\u00e1s novedades! Llegan los vinilos para cristales - Blog Motif","description":"En MOTIF seguimos innovando para que conviertas tu casa en tu rinc\u00f3n especial, \u00a0siempre con la comodidad y las \u00faltimas tendencias de decoraci\u00f3n en mente,","robots":{"index":"index","follow":"follow","max-snippet":"max-snippet:-1","max-image-preview":"max-image-preview:large","max-video-preview":"max-video-preview:-1"},"canonical":"https:\/\/www.motif.es\/blog\/mas-novedades-llegan-los-vinilos-para-cristales\/","og_locale":"es_ES","og_type":"article","og_title":"\u00a1M\u00e1s novedades! Llegan los vinilos para cristales - Blog Motif","og_description":"En MOTIF seguimos innovando para que conviertas tu casa en tu rinc\u00f3n especial, \u00a0siempre con la comodidad y las \u00faltimas tendencias de decoraci\u00f3n en mente,","og_url":"https:\/\/www.motif.es\/blog\/mas-novedades-llegan-los-vinilos-para-cristales\/","og_site_name":"Blog Motif","article_publisher":"https:\/\/www.facebook.com\/motifmorethanwalls\/","article_published_time":"2022-08-26T10:34:00+00:00","article_modified_time":"2022-08-30T10:49:24+00:00","og_image":[{"width":1000,"height":1000,"url":"https:\/\/www.motif.es\/blog\/wp-content\/uploads\/2022\/08\/vinilo-cristal-gardenia.jpg","type":"image\/jpeg"}],"author":"Comunicaci\u00f3n Motif","twitter_card":"summary_large_image","twitter_misc":{"Escrito por":"Comunicaci\u00f3n Motif","Tiempo de lectura":"2 minutos"},"schema":{"@context":"https:\/\/schema.org","@graph":[{"@type":"Article","@id":"https:\/\/www.motif.es\/blog\/mas-novedades-llegan-los-vinilos-para-cristales\/#article","isPartOf":{"@id":"https:\/\/www.motif.es\/blog\/mas-novedades-llegan-los-vinilos-para-cristales\/"},"author":{"name":"Comunicaci\u00f3n Motif","@id":"https:\/\/www.motif.es\/blog\/#\/schema\/person\/aac26ed80d8e02fb9525ec6b569d75e9"},"headline":"\u00a1M\u00e1s novedades! Llegan los vinilos para cristales","datePublished":"2022-08-26T10:34:00+00:00","dateModified":"2022-08-30T10:49:24+00:00","mainEntityOfPage":{"@id":"https:\/\/www.motif.es\/blog\/mas-novedades-llegan-los-vinilos-para-cristales\/"},"wordCount":279,"commentCount":0,"publisher":{"@id":"https:\/\/www.motif.es\/blog\/#organization"},"image":{"@id":"https:\/\/www.motif.es\/blog\/mas-novedades-llegan-los-vinilos-para-cristales\/#primaryimage"},"thumbnailUrl":"https:\/\/www.motif.es\/blog\/wp-content\/uploads\/2022\/08\/vinilo-cristal-gardenia.jpg","articleSection":["sobre vinilos para cristales"],"inLanguage":"es","potentialAction":[{"@type":"CommentAction","name":"Comment","target":["https:\/\/www.motif.es\/blog\/mas-novedades-llegan-los-vinilos-para-cristales\/#respond"]}]},{"@type":"WebPage","@id":"https:\/\/www.motif.es\/blog\/mas-novedades-llegan-los-vinilos-para-cristales\/","url":"https:\/\/www.motif.es\/blog\/mas-novedades-llegan-los-vinilos-para-cristales\/","name":"\u00a1M\u00e1s novedades! Llegan los vinilos para cristales - Blog Motif","isPartOf":{"@id":"https:\/\/www.motif.es\/blog\/#website"},"primaryImageOfPage":{"@id":"https:\/\/www.motif.es\/blog\/mas-novedades-llegan-los-vinilos-para-cristales\/#primaryimage"},"image":{"@id":"https:\/\/www.motif.es\/blog\/mas-novedades-llegan-los-vinilos-para-cristales\/#primaryimage"},"thumbnailUrl":"https:\/\/www.motif.es\/blog\/wp-content\/uploads\/2022\/08\/vinilo-cristal-gardenia.jpg","datePublished":"2022-08-26T10:34:00+00:00","dateModified":"2022-08-30T10:49:24+00:00","description":"En MOTIF seguimos innovando para que conviertas tu casa en tu rinc\u00f3n especial, \u00a0siempre con la comodidad y las \u00faltimas tendencias de decoraci\u00f3n en mente,","breadcrumb":{"@id":"https:\/\/www.motif.es\/blog\/mas-novedades-llegan-los-vinilos-para-cristales\/#breadcrumb"},"inLanguage":"es","potentialAction":[{"@type":"ReadAction","target":["https:\/\/www.motif.es\/blog\/mas-novedades-llegan-los-vinilos-para-cristales\/"]}]},{"@type":"ImageObject","inLanguage":"es","@id":"https:\/\/www.motif.es\/blog\/mas-novedades-llegan-los-vinilos-para-cristales\/#primaryimage","url":"https:\/\/www.motif.es\/blog\/wp-content\/uploads\/2022\/08\/vinilo-cristal-gardenia.jpg","contentUrl":"https:\/\/www.motif.es\/blog\/wp-content\/uploads\/2022\/08\/vinilo-cristal-gardenia.jpg","width":1000,"height":1000},{"@type":"BreadcrumbList","@id":"https:\/\/www.motif.es\/blog\/mas-novedades-llegan-los-vinilos-para-cristales\/#breadcrumb","itemListElement":[{"@type":"ListItem","position":1,"name":"Blog","item":"https:\/\/www.motif.es\/blog\/"},{"@type":"ListItem","position":2,"name":"sobre vinilos para cristales","item":"https:\/\/www.motif.es\/blog\/category\/sobre-vinilos-para-cristales\/"},{"@type":"ListItem","position":3,"name":"\u00a1M\u00e1s novedades! Llegan los vinilos para cristales"}]},{"@type":"WebSite","@id":"https:\/\/www.motif.es\/blog\/#website","url":"https:\/\/www.motif.es\/blog\/","name":"Blog Motif","description":"nuestro rinc\u00f3n para inspirarte","publisher":{"@id":"https:\/\/www.motif.es\/blog\/#organization"},"potentialAction":[{"@type":"SearchAction","target":{"@type":"EntryPoint","urlTemplate":"https:\/\/www.motif.es\/blog\/?s={search_term_string}"},"query-input":{"@type":"PropertyValueSpecification","valueRequired":true,"valueName":"search_term_string"}}],"inLanguage":"es"},{"@type":"Organization","@id":"https:\/\/www.motif.es\/blog\/#organization","name":"Motif Wallpapers S.L.U.","url":"https:\/\/www.motif.es\/blog\/","logo":{"@type":"ImageObject","inLanguage":"es","@id":"https:\/\/www.motif.es\/blog\/#\/schema\/logo\/image\/","url":"https:\/\/motif.es\/blog\/wp-content\/uploads\/2021\/06\/logo-motif.jpg","contentUrl":"https:\/\/motif.es\/blog\/wp-content\/uploads\/2021\/06\/logo-motif.jpg","width":464,"height":464,"caption":"Motif Wallpapers S.L.U."},"image":{"@id":"https:\/\/www.motif.es\/blog\/#\/schema\/logo\/image\/"},"sameAs":["https:\/\/www.facebook.com\/motifmorethanwalls\/","https:\/\/www.instagram.com\/motif_es\/?hl=es","https:\/\/www.pinterest.es\/motifwallpapers\/","https:\/\/www.youtube.com\/channel\/UCNaOmbxD6LjcQNj4vmfVIUg"]},{"@type":"Person","@id":"https:\/\/www.motif.es\/blog\/#\/schema\/person\/aac26ed80d8e02fb9525ec6b569d75e9","name":"Comunicaci\u00f3n Motif","image":{"@type":"ImageObject","inLanguage":"es","@id":"https:\/\/secure.gravatar.com\/avatar\/93b2fb49a03bd7a57b5f5e8c3b740113f14f25da86b090887d9353672de2d9b5?s=96&d=mm&r=g","url":"https:\/\/secure.gravatar.com\/avatar\/93b2fb49a03bd7a57b5f5e8c3b740113f14f25da86b090887d9353672de2d9b5?s=96&d=mm&r=g","contentUrl":"https:\/\/secure.gravatar.com\/avatar\/93b2fb49a03bd7a57b5f5e8c3b740113f14f25da86b090887d9353672de2d9b5?s=96&d=mm&r=g","caption":"Comunicaci\u00f3n Motif"},"url":"https:\/\/www.motif.es\/blog\/author\/comunicacion\/"}]}},"_links":{"self":[{"href":"https:\/\/www.motif.es\/blog\/wp-json\/wp\/v2\/posts\/1686","targetHints":{"allow":["GET"]}}],"collection":[{"href":"https:\/\/www.motif.es\/blog\/wp-json\/wp\/v2\/posts"}],"about":[{"href":"https:\/\/www.motif.es\/blog\/wp-json\/wp\/v2\/types\/post"}],"author":[{"embeddable":true,"href":"https:\/\/www.motif.es\/blog\/wp-json\/wp\/v2\/users\/2"}],"replies":[{"embeddable":true,"href":"https:\/\/www.motif.es\/blog\/wp-json\/wp\/v2\/comments?post=1686"}],"version-history":[{"count":1,"href":"https:\/\/www.motif.es\/blog\/wp-json\/wp\/v2\/posts\/1686\/revisions"}],"predecessor-version":[{"id":1691,"href":"https:\/\/www.motif.es\/blog\/wp-json\/wp\/v2\/posts\/1686\/revisions\/1691"}],"wp:featuredmedia":[{"embeddable":true,"href":"https:\/\/www.motif.es\/blog\/wp-json\/wp\/v2\/media\/1690"}],"wp:attachment":[{"href":"https:\/\/www.motif.es\/blog\/wp-json\/wp\/v2\/media?parent=1686"}],"wp:term":[{"taxonomy":"category","embeddable":true,"href":"https:\/\/www.motif.es\/blog\/wp-json\/wp\/v2\/categories?post=1686"},{"taxonomy":"post_tag","embeddable":true,"href":"https:\/\/www.motif.es\/blog\/wp-json\/wp\/v2\/tags?post=1686"}],"curies":[{"name":"wp","href":"https:\/\/api.w.org\/{rel}","templated":true}]}}