{"id":1813,"date":"2022-11-15T10:35:13","date_gmt":"2022-11-15T10:35:13","guid":{"rendered":"https:\/\/motif.es\/blog\/?p=1813"},"modified":"2022-11-25T10:43:36","modified_gmt":"2022-11-25T10:43:36","slug":"mi-casa-revista-elena-tablada-ha-decorado-la-casa-que-compartia-con-javier-ungria-en-la-moraleja","status":"publish","type":"post","link":"https:\/\/www.motif.es\/blog\/mi-casa-revista-elena-tablada-ha-decorado-la-casa-que-compartia-con-javier-ungria-en-la-moraleja\/","title":{"rendered":"Mi casa Revista: ELENA TABLADA HA DECORADO LA CASA QUE COMPART\u00cdA CON JAVIER UNGR\u00cdA EN LA MORALEJA"},"content":{"rendered":"<p>Elena Tablada vuelve a ser noticia, pero est\u00e1 vez por el <strong>cambio de decoraci\u00f3n<\/strong> que est\u00e1 haciendo en algunas habitaciones de su casa con algunos de los papeles que forman parte de la <a href=\"https:\/\/www.motif.es\/179-coleccion-by-elena-tablada\" target=\"_blank\" rel=\"noopener\">colecci\u00f3n que ha dise\u00f1ado para MOTIF<\/a>.<\/p>\n<p style=\"text-align: center;\"><img loading=\"lazy\" decoding=\"async\" class=\"alignnone size-full wp-image-1815\" src=\"https:\/\/motif.es\/blog\/wp-content\/uploads\/2022\/11\/mi-casa-elena-tablaga.png\" alt=\"\" width=\"704\" height=\"761\" srcset=\"https:\/\/www.motif.es\/blog\/wp-content\/uploads\/2022\/11\/mi-casa-elena-tablaga.png 704w, https:\/\/www.motif.es\/blog\/wp-content\/uploads\/2022\/11\/mi-casa-elena-tablaga-278x300.png 278w, https:\/\/www.motif.es\/blog\/wp-content\/uploads\/2022\/11\/mi-casa-elena-tablaga-150x162.png 150w\" sizes=\"auto, (max-width: 704px) 100vw, 704px\" \/><\/p>\n<p>Leer el art\u00edculo completo <a href=\"https:\/\/www.micasarevista.com\/casas\/a40857246\/elena-tablada-casa-javier-ungria-moraleja\/\" target=\"_blank\" rel=\"noopener\">AQUI<\/a>.<\/p>\n<p>&nbsp;<\/p>\n","protected":false},"excerpt":{"rendered":"<p>Elena Tablada vuelve a ser noticia, pero est\u00e1 vez por el cambio de decoraci\u00f3n que est\u00e1 haciendo en algunas habitaciones de su casa con algunos de los papeles que forman parte de la colecci\u00f3n que ha dise\u00f1ado para MOTIF. Leer el art\u00edculo completo AQUI. &nbsp;<\/p>\n","protected":false},"author":2,"featured_media":1816,"comment_status":"open","ping_status":"open","sticky":false,"template":"","format":"standard","meta":{"_acf_changed":false,"footnotes":""},"categories":[10],"tags":[],"class_list":["post-1813","post","type-post","status-publish","format-standard","has-post-thumbnail","hentry","category-prensa"],"acf":[],"yoast_head":"<!-- This site is optimized with the Yoast SEO plugin v27.5 - https:\/\/yoast.com\/product\/yoast-seo-wordpress\/ -->\n<title>Mi casa Revista: ELENA TABLADA HA DECORADO LA CASA QUE COMPART\u00cdA CON JAVIER UNGR\u00cdA EN LA MORALEJA - Blog Motif<\/title>\n<meta name=\"description\" content=\"Elena Tablada vuelve a ser noticia, pero est\u00e1 vez por el cambio de decoraci\u00f3n que est\u00e1 haciendo en algunas habitaciones de su casa con algunos de los\" \/>\n<meta name=\"robots\" content=\"index, follow, max-snippet:-1, max-image-preview:large, max-video-preview:-1\" \/>\n<link rel=\"canonical\" href=\"https:\/\/www.motif.es\/blog\/mi-casa-revista-elena-tablada-ha-decorado-la-casa-que-compartia-con-javier-ungria-en-la-moraleja\/\" \/>\n<meta property=\"og:locale\" content=\"es_ES\" \/>\n<meta property=\"og:type\" content=\"article\" \/>\n<meta property=\"og:title\" content=\"Mi casa Revista: ELENA TABLADA HA DECORADO LA CASA QUE COMPART\u00cdA CON JAVIER UNGR\u00cdA EN LA MORALEJA - Blog Motif\" \/>\n<meta property=\"og:description\" content=\"Elena Tablada vuelve a ser noticia, pero est\u00e1 vez por el cambio de decoraci\u00f3n que est\u00e1 haciendo en algunas habitaciones de su casa con algunos de los\" \/>\n<meta property=\"og:url\" content=\"https:\/\/www.motif.es\/blog\/mi-casa-revista-elena-tablada-ha-decorado-la-casa-que-compartia-con-javier-ungria-en-la-moraleja\/\" \/>\n<meta property=\"og:site_name\" content=\"Blog Motif\" \/>\n<meta property=\"article:publisher\" content=\"https:\/\/www.facebook.com\/motifmorethanwalls\/\" \/>\n<meta property=\"article:published_time\" content=\"2022-11-15T10:35:13+00:00\" \/>\n<meta property=\"article:modified_time\" content=\"2022-11-25T10:43:36+00:00\" \/>\n<meta property=\"og:image\" content=\"https:\/\/www.motif.es\/blog\/wp-content\/uploads\/2022\/11\/elena-tablada-decora-su-casa-1662982792.jpg\" \/>\n\t<meta property=\"og:image:width\" content=\"980\" \/>\n\t<meta property=\"og:image:height\" content=\"821\" \/>\n\t<meta property=\"og:image:type\" content=\"image\/jpeg\" \/>\n<meta name=\"author\" content=\"Comunicaci\u00f3n Motif\" \/>\n<meta name=\"twitter:card\" content=\"summary_large_image\" \/>\n<meta name=\"twitter:label1\" content=\"Escrito por\" \/>\n\t<meta name=\"twitter:data1\" content=\"Comunicaci\u00f3n Motif\" \/>\n\t<meta name=\"twitter:label2\" content=\"Tiempo de lectura\" \/>\n\t<meta name=\"twitter:data2\" content=\"1 minuto\" \/>\n<script type=\"application\/ld+json\" class=\"yoast-schema-graph\">{\"@context\":\"https:\\\/\\\/schema.org\",\"@graph\":[{\"@type\":\"Article\",\"@id\":\"https:\\\/\\\/www.motif.es\\\/blog\\\/mi-casa-revista-elena-tablada-ha-decorado-la-casa-que-compartia-con-javier-ungria-en-la-moraleja\\\/#article\",\"isPartOf\":{\"@id\":\"https:\\\/\\\/www.motif.es\\\/blog\\\/mi-casa-revista-elena-tablada-ha-decorado-la-casa-que-compartia-con-javier-ungria-en-la-moraleja\\\/\"},\"author\":{\"name\":\"Comunicaci\u00f3n Motif\",\"@id\":\"https:\\\/\\\/www.motif.es\\\/blog\\\/#\\\/schema\\\/person\\\/aac26ed80d8e02fb9525ec6b569d75e9\"},\"headline\":\"Mi casa Revista: ELENA TABLADA HA DECORADO LA CASA QUE COMPART\u00cdA CON JAVIER UNGR\u00cdA EN LA MORALEJA\",\"datePublished\":\"2022-11-15T10:35:13+00:00\",\"dateModified\":\"2022-11-25T10:43:36+00:00\",\"mainEntityOfPage\":{\"@id\":\"https:\\\/\\\/www.motif.es\\\/blog\\\/mi-casa-revista-elena-tablada-ha-decorado-la-casa-que-compartia-con-javier-ungria-en-la-moraleja\\\/\"},\"wordCount\":68,\"commentCount\":0,\"publisher\":{\"@id\":\"https:\\\/\\\/www.motif.es\\\/blog\\\/#organization\"},\"image\":{\"@id\":\"https:\\\/\\\/www.motif.es\\\/blog\\\/mi-casa-revista-elena-tablada-ha-decorado-la-casa-que-compartia-con-javier-ungria-en-la-moraleja\\\/#primaryimage\"},\"thumbnailUrl\":\"https:\\\/\\\/www.motif.es\\\/blog\\\/wp-content\\\/uploads\\\/2022\\\/11\\\/elena-tablada-decora-su-casa-1662982792.jpg\",\"articleSection\":[\"prensa\"],\"inLanguage\":\"es\",\"potentialAction\":[{\"@type\":\"CommentAction\",\"name\":\"Comment\",\"target\":[\"https:\\\/\\\/www.motif.es\\\/blog\\\/mi-casa-revista-elena-tablada-ha-decorado-la-casa-que-compartia-con-javier-ungria-en-la-moraleja\\\/#respond\"]}]},{\"@type\":\"WebPage\",\"@id\":\"https:\\\/\\\/www.motif.es\\\/blog\\\/mi-casa-revista-elena-tablada-ha-decorado-la-casa-que-compartia-con-javier-ungria-en-la-moraleja\\\/\",\"url\":\"https:\\\/\\\/www.motif.es\\\/blog\\\/mi-casa-revista-elena-tablada-ha-decorado-la-casa-que-compartia-con-javier-ungria-en-la-moraleja\\\/\",\"name\":\"Mi casa Revista: ELENA TABLADA HA DECORADO LA CASA QUE COMPART\u00cdA CON JAVIER UNGR\u00cdA EN LA MORALEJA - Blog Motif\",\"isPartOf\":{\"@id\":\"https:\\\/\\\/www.motif.es\\\/blog\\\/#website\"},\"primaryImageOfPage\":{\"@id\":\"https:\\\/\\\/www.motif.es\\\/blog\\\/mi-casa-revista-elena-tablada-ha-decorado-la-casa-que-compartia-con-javier-ungria-en-la-moraleja\\\/#primaryimage\"},\"image\":{\"@id\":\"https:\\\/\\\/www.motif.es\\\/blog\\\/mi-casa-revista-elena-tablada-ha-decorado-la-casa-que-compartia-con-javier-ungria-en-la-moraleja\\\/#primaryimage\"},\"thumbnailUrl\":\"https:\\\/\\\/www.motif.es\\\/blog\\\/wp-content\\\/uploads\\\/2022\\\/11\\\/elena-tablada-decora-su-casa-1662982792.jpg\",\"datePublished\":\"2022-11-15T10:35:13+00:00\",\"dateModified\":\"2022-11-25T10:43:36+00:00\",\"description\":\"Elena Tablada vuelve a ser noticia, pero est\u00e1 vez por el cambio de decoraci\u00f3n que est\u00e1 haciendo en algunas habitaciones de su casa con algunos de los\",\"breadcrumb\":{\"@id\":\"https:\\\/\\\/www.motif.es\\\/blog\\\/mi-casa-revista-elena-tablada-ha-decorado-la-casa-que-compartia-con-javier-ungria-en-la-moraleja\\\/#breadcrumb\"},\"inLanguage\":\"es\",\"potentialAction\":[{\"@type\":\"ReadAction\",\"target\":[\"https:\\\/\\\/www.motif.es\\\/blog\\\/mi-casa-revista-elena-tablada-ha-decorado-la-casa-que-compartia-con-javier-ungria-en-la-moraleja\\\/\"]}]},{\"@type\":\"ImageObject\",\"inLanguage\":\"es\",\"@id\":\"https:\\\/\\\/www.motif.es\\\/blog\\\/mi-casa-revista-elena-tablada-ha-decorado-la-casa-que-compartia-con-javier-ungria-en-la-moraleja\\\/#primaryimage\",\"url\":\"https:\\\/\\\/www.motif.es\\\/blog\\\/wp-content\\\/uploads\\\/2022\\\/11\\\/elena-tablada-decora-su-casa-1662982792.jpg\",\"contentUrl\":\"https:\\\/\\\/www.motif.es\\\/blog\\\/wp-content\\\/uploads\\\/2022\\\/11\\\/elena-tablada-decora-su-casa-1662982792.jpg\",\"width\":980,\"height\":821},{\"@type\":\"BreadcrumbList\",\"@id\":\"https:\\\/\\\/www.motif.es\\\/blog\\\/mi-casa-revista-elena-tablada-ha-decorado-la-casa-que-compartia-con-javier-ungria-en-la-moraleja\\\/#breadcrumb\",\"itemListElement\":[{\"@type\":\"ListItem\",\"position\":1,\"name\":\"Blog\",\"item\":\"https:\\\/\\\/www.motif.es\\\/blog\\\/\"},{\"@type\":\"ListItem\",\"position\":2,\"name\":\"prensa\",\"item\":\"https:\\\/\\\/www.motif.es\\\/blog\\\/category\\\/prensa\\\/\"},{\"@type\":\"ListItem\",\"position\":3,\"name\":\"Mi casa Revista: ELENA TABLADA HA DECORADO LA CASA QUE COMPART\u00cdA CON JAVIER UNGR\u00cdA EN LA MORALEJA\"}]},{\"@type\":\"WebSite\",\"@id\":\"https:\\\/\\\/www.motif.es\\\/blog\\\/#website\",\"url\":\"https:\\\/\\\/www.motif.es\\\/blog\\\/\",\"name\":\"Blog Motif\",\"description\":\"nuestro rinc\u00f3n para inspirarte\",\"publisher\":{\"@id\":\"https:\\\/\\\/www.motif.es\\\/blog\\\/#organization\"},\"potentialAction\":[{\"@type\":\"SearchAction\",\"target\":{\"@type\":\"EntryPoint\",\"urlTemplate\":\"https:\\\/\\\/www.motif.es\\\/blog\\\/?s={search_term_string}\"},\"query-input\":{\"@type\":\"PropertyValueSpecification\",\"valueRequired\":true,\"valueName\":\"search_term_string\"}}],\"inLanguage\":\"es\"},{\"@type\":\"Organization\",\"@id\":\"https:\\\/\\\/www.motif.es\\\/blog\\\/#organization\",\"name\":\"Motif Wallpapers S.L.U.\",\"url\":\"https:\\\/\\\/www.motif.es\\\/blog\\\/\",\"logo\":{\"@type\":\"ImageObject\",\"inLanguage\":\"es\",\"@id\":\"https:\\\/\\\/www.motif.es\\\/blog\\\/#\\\/schema\\\/logo\\\/image\\\/\",\"url\":\"https:\\\/\\\/motif.es\\\/blog\\\/wp-content\\\/uploads\\\/2021\\\/06\\\/logo-motif.jpg\",\"contentUrl\":\"https:\\\/\\\/motif.es\\\/blog\\\/wp-content\\\/uploads\\\/2021\\\/06\\\/logo-motif.jpg\",\"width\":464,\"height\":464,\"caption\":\"Motif Wallpapers S.L.U.\"},\"image\":{\"@id\":\"https:\\\/\\\/www.motif.es\\\/blog\\\/#\\\/schema\\\/logo\\\/image\\\/\"},\"sameAs\":[\"https:\\\/\\\/www.facebook.com\\\/motifmorethanwalls\\\/\",\"https:\\\/\\\/www.instagram.com\\\/motif_es\\\/?hl=es\",\"https:\\\/\\\/www.pinterest.es\\\/motifwallpapers\\\/\",\"https:\\\/\\\/www.youtube.com\\\/channel\\\/UCNaOmbxD6LjcQNj4vmfVIUg\"]},{\"@type\":\"Person\",\"@id\":\"https:\\\/\\\/www.motif.es\\\/blog\\\/#\\\/schema\\\/person\\\/aac26ed80d8e02fb9525ec6b569d75e9\",\"name\":\"Comunicaci\u00f3n Motif\",\"image\":{\"@type\":\"ImageObject\",\"inLanguage\":\"es\",\"@id\":\"https:\\\/\\\/secure.gravatar.com\\\/avatar\\\/93b2fb49a03bd7a57b5f5e8c3b740113f14f25da86b090887d9353672de2d9b5?s=96&d=mm&r=g\",\"url\":\"https:\\\/\\\/secure.gravatar.com\\\/avatar\\\/93b2fb49a03bd7a57b5f5e8c3b740113f14f25da86b090887d9353672de2d9b5?s=96&d=mm&r=g\",\"contentUrl\":\"https:\\\/\\\/secure.gravatar.com\\\/avatar\\\/93b2fb49a03bd7a57b5f5e8c3b740113f14f25da86b090887d9353672de2d9b5?s=96&d=mm&r=g\",\"caption\":\"Comunicaci\u00f3n Motif\"},\"url\":\"https:\\\/\\\/www.motif.es\\\/blog\\\/author\\\/comunicacion\\\/\"}]}<\/script>\n<!-- \/ Yoast SEO plugin. -->","yoast_head_json":{"title":"Mi casa Revista: ELENA TABLADA HA DECORADO LA CASA QUE COMPART\u00cdA CON JAVIER UNGR\u00cdA EN LA MORALEJA - Blog Motif","description":"Elena Tablada vuelve a ser noticia, pero est\u00e1 vez por el cambio de decoraci\u00f3n que est\u00e1 haciendo en algunas habitaciones de su casa con algunos de los","robots":{"index":"index","follow":"follow","max-snippet":"max-snippet:-1","max-image-preview":"max-image-preview:large","max-video-preview":"max-video-preview:-1"},"canonical":"https:\/\/www.motif.es\/blog\/mi-casa-revista-elena-tablada-ha-decorado-la-casa-que-compartia-con-javier-ungria-en-la-moraleja\/","og_locale":"es_ES","og_type":"article","og_title":"Mi casa Revista: ELENA TABLADA HA DECORADO LA CASA QUE COMPART\u00cdA CON JAVIER UNGR\u00cdA EN LA MORALEJA - Blog Motif","og_description":"Elena Tablada vuelve a ser noticia, pero est\u00e1 vez por el cambio de decoraci\u00f3n que est\u00e1 haciendo en algunas habitaciones de su casa con algunos de los","og_url":"https:\/\/www.motif.es\/blog\/mi-casa-revista-elena-tablada-ha-decorado-la-casa-que-compartia-con-javier-ungria-en-la-moraleja\/","og_site_name":"Blog Motif","article_publisher":"https:\/\/www.facebook.com\/motifmorethanwalls\/","article_published_time":"2022-11-15T10:35:13+00:00","article_modified_time":"2022-11-25T10:43:36+00:00","og_image":[{"width":980,"height":821,"url":"https:\/\/www.motif.es\/blog\/wp-content\/uploads\/2022\/11\/elena-tablada-decora-su-casa-1662982792.jpg","type":"image\/jpeg"}],"author":"Comunicaci\u00f3n Motif","twitter_card":"summary_large_image","twitter_misc":{"Escrito por":"Comunicaci\u00f3n Motif","Tiempo de lectura":"1 minuto"},"schema":{"@context":"https:\/\/schema.org","@graph":[{"@type":"Article","@id":"https:\/\/www.motif.es\/blog\/mi-casa-revista-elena-tablada-ha-decorado-la-casa-que-compartia-con-javier-ungria-en-la-moraleja\/#article","isPartOf":{"@id":"https:\/\/www.motif.es\/blog\/mi-casa-revista-elena-tablada-ha-decorado-la-casa-que-compartia-con-javier-ungria-en-la-moraleja\/"},"author":{"name":"Comunicaci\u00f3n Motif","@id":"https:\/\/www.motif.es\/blog\/#\/schema\/person\/aac26ed80d8e02fb9525ec6b569d75e9"},"headline":"Mi casa Revista: ELENA TABLADA HA DECORADO LA CASA QUE COMPART\u00cdA CON JAVIER UNGR\u00cdA EN LA MORALEJA","datePublished":"2022-11-15T10:35:13+00:00","dateModified":"2022-11-25T10:43:36+00:00","mainEntityOfPage":{"@id":"https:\/\/www.motif.es\/blog\/mi-casa-revista-elena-tablada-ha-decorado-la-casa-que-compartia-con-javier-ungria-en-la-moraleja\/"},"wordCount":68,"commentCount":0,"publisher":{"@id":"https:\/\/www.motif.es\/blog\/#organization"},"image":{"@id":"https:\/\/www.motif.es\/blog\/mi-casa-revista-elena-tablada-ha-decorado-la-casa-que-compartia-con-javier-ungria-en-la-moraleja\/#primaryimage"},"thumbnailUrl":"https:\/\/www.motif.es\/blog\/wp-content\/uploads\/2022\/11\/elena-tablada-decora-su-casa-1662982792.jpg","articleSection":["prensa"],"inLanguage":"es","potentialAction":[{"@type":"CommentAction","name":"Comment","target":["https:\/\/www.motif.es\/blog\/mi-casa-revista-elena-tablada-ha-decorado-la-casa-que-compartia-con-javier-ungria-en-la-moraleja\/#respond"]}]},{"@type":"WebPage","@id":"https:\/\/www.motif.es\/blog\/mi-casa-revista-elena-tablada-ha-decorado-la-casa-que-compartia-con-javier-ungria-en-la-moraleja\/","url":"https:\/\/www.motif.es\/blog\/mi-casa-revista-elena-tablada-ha-decorado-la-casa-que-compartia-con-javier-ungria-en-la-moraleja\/","name":"Mi casa Revista: ELENA TABLADA HA DECORADO LA CASA QUE COMPART\u00cdA CON JAVIER UNGR\u00cdA EN LA MORALEJA - Blog Motif","isPartOf":{"@id":"https:\/\/www.motif.es\/blog\/#website"},"primaryImageOfPage":{"@id":"https:\/\/www.motif.es\/blog\/mi-casa-revista-elena-tablada-ha-decorado-la-casa-que-compartia-con-javier-ungria-en-la-moraleja\/#primaryimage"},"image":{"@id":"https:\/\/www.motif.es\/blog\/mi-casa-revista-elena-tablada-ha-decorado-la-casa-que-compartia-con-javier-ungria-en-la-moraleja\/#primaryimage"},"thumbnailUrl":"https:\/\/www.motif.es\/blog\/wp-content\/uploads\/2022\/11\/elena-tablada-decora-su-casa-1662982792.jpg","datePublished":"2022-11-15T10:35:13+00:00","dateModified":"2022-11-25T10:43:36+00:00","description":"Elena Tablada vuelve a ser noticia, pero est\u00e1 vez por el cambio de decoraci\u00f3n que est\u00e1 haciendo en algunas habitaciones de su casa con algunos de los","breadcrumb":{"@id":"https:\/\/www.motif.es\/blog\/mi-casa-revista-elena-tablada-ha-decorado-la-casa-que-compartia-con-javier-ungria-en-la-moraleja\/#breadcrumb"},"inLanguage":"es","potentialAction":[{"@type":"ReadAction","target":["https:\/\/www.motif.es\/blog\/mi-casa-revista-elena-tablada-ha-decorado-la-casa-que-compartia-con-javier-ungria-en-la-moraleja\/"]}]},{"@type":"ImageObject","inLanguage":"es","@id":"https:\/\/www.motif.es\/blog\/mi-casa-revista-elena-tablada-ha-decorado-la-casa-que-compartia-con-javier-ungria-en-la-moraleja\/#primaryimage","url":"https:\/\/www.motif.es\/blog\/wp-content\/uploads\/2022\/11\/elena-tablada-decora-su-casa-1662982792.jpg","contentUrl":"https:\/\/www.motif.es\/blog\/wp-content\/uploads\/2022\/11\/elena-tablada-decora-su-casa-1662982792.jpg","width":980,"height":821},{"@type":"BreadcrumbList","@id":"https:\/\/www.motif.es\/blog\/mi-casa-revista-elena-tablada-ha-decorado-la-casa-que-compartia-con-javier-ungria-en-la-moraleja\/#breadcrumb","itemListElement":[{"@type":"ListItem","position":1,"name":"Blog","item":"https:\/\/www.motif.es\/blog\/"},{"@type":"ListItem","position":2,"name":"prensa","item":"https:\/\/www.motif.es\/blog\/category\/prensa\/"},{"@type":"ListItem","position":3,"name":"Mi casa Revista: ELENA TABLADA HA DECORADO LA CASA QUE COMPART\u00cdA CON JAVIER UNGR\u00cdA EN LA MORALEJA"}]},{"@type":"WebSite","@id":"https:\/\/www.motif.es\/blog\/#website","url":"https:\/\/www.motif.es\/blog\/","name":"Blog Motif","description":"nuestro rinc\u00f3n para inspirarte","publisher":{"@id":"https:\/\/www.motif.es\/blog\/#organization"},"potentialAction":[{"@type":"SearchAction","target":{"@type":"EntryPoint","urlTemplate":"https:\/\/www.motif.es\/blog\/?s={search_term_string}"},"query-input":{"@type":"PropertyValueSpecification","valueRequired":true,"valueName":"search_term_string"}}],"inLanguage":"es"},{"@type":"Organization","@id":"https:\/\/www.motif.es\/blog\/#organization","name":"Motif Wallpapers S.L.U.","url":"https:\/\/www.motif.es\/blog\/","logo":{"@type":"ImageObject","inLanguage":"es","@id":"https:\/\/www.motif.es\/blog\/#\/schema\/logo\/image\/","url":"https:\/\/motif.es\/blog\/wp-content\/uploads\/2021\/06\/logo-motif.jpg","contentUrl":"https:\/\/motif.es\/blog\/wp-content\/uploads\/2021\/06\/logo-motif.jpg","width":464,"height":464,"caption":"Motif Wallpapers S.L.U."},"image":{"@id":"https:\/\/www.motif.es\/blog\/#\/schema\/logo\/image\/"},"sameAs":["https:\/\/www.facebook.com\/motifmorethanwalls\/","https:\/\/www.instagram.com\/motif_es\/?hl=es","https:\/\/www.pinterest.es\/motifwallpapers\/","https:\/\/www.youtube.com\/channel\/UCNaOmbxD6LjcQNj4vmfVIUg"]},{"@type":"Person","@id":"https:\/\/www.motif.es\/blog\/#\/schema\/person\/aac26ed80d8e02fb9525ec6b569d75e9","name":"Comunicaci\u00f3n Motif","image":{"@type":"ImageObject","inLanguage":"es","@id":"https:\/\/secure.gravatar.com\/avatar\/93b2fb49a03bd7a57b5f5e8c3b740113f14f25da86b090887d9353672de2d9b5?s=96&d=mm&r=g","url":"https:\/\/secure.gravatar.com\/avatar\/93b2fb49a03bd7a57b5f5e8c3b740113f14f25da86b090887d9353672de2d9b5?s=96&d=mm&r=g","contentUrl":"https:\/\/secure.gravatar.com\/avatar\/93b2fb49a03bd7a57b5f5e8c3b740113f14f25da86b090887d9353672de2d9b5?s=96&d=mm&r=g","caption":"Comunicaci\u00f3n Motif"},"url":"https:\/\/www.motif.es\/blog\/author\/comunicacion\/"}]}},"_links":{"self":[{"href":"https:\/\/www.motif.es\/blog\/wp-json\/wp\/v2\/posts\/1813","targetHints":{"allow":["GET"]}}],"collection":[{"href":"https:\/\/www.motif.es\/blog\/wp-json\/wp\/v2\/posts"}],"about":[{"href":"https:\/\/www.motif.es\/blog\/wp-json\/wp\/v2\/types\/post"}],"author":[{"embeddable":true,"href":"https:\/\/www.motif.es\/blog\/wp-json\/wp\/v2\/users\/2"}],"replies":[{"embeddable":true,"href":"https:\/\/www.motif.es\/blog\/wp-json\/wp\/v2\/comments?post=1813"}],"version-history":[{"count":2,"href":"https:\/\/www.motif.es\/blog\/wp-json\/wp\/v2\/posts\/1813\/revisions"}],"predecessor-version":[{"id":1818,"href":"https:\/\/www.motif.es\/blog\/wp-json\/wp\/v2\/posts\/1813\/revisions\/1818"}],"wp:featuredmedia":[{"embeddable":true,"href":"https:\/\/www.motif.es\/blog\/wp-json\/wp\/v2\/media\/1816"}],"wp:attachment":[{"href":"https:\/\/www.motif.es\/blog\/wp-json\/wp\/v2\/media?parent=1813"}],"wp:term":[{"taxonomy":"category","embeddable":true,"href":"https:\/\/www.motif.es\/blog\/wp-json\/wp\/v2\/categories?post=1813"},{"taxonomy":"post_tag","embeddable":true,"href":"https:\/\/www.motif.es\/blog\/wp-json\/wp\/v2\/tags?post=1813"}],"curies":[{"name":"wp","href":"https:\/\/api.w.org\/{rel}","templated":true}]}}