{"id":1852,"date":"2022-11-17T16:45:05","date_gmt":"2022-11-17T16:45:05","guid":{"rendered":"https:\/\/motif.es\/blog\/?p=1852"},"modified":"2023-01-09T17:00:39","modified_gmt":"2023-01-09T17:00:39","slug":"sigue-creciendo-la-coleccion-de-los-arcos-pintados-autoadhesivos-infantiles","status":"publish","type":"post","link":"https:\/\/www.motif.es\/blog\/sigue-creciendo-la-coleccion-de-los-arcos-pintados-autoadhesivos-infantiles\/","title":{"rendered":"Sigue creciendo la colecci\u00f3n de los arcos pintados autoadhesivos infantiles"},"content":{"rendered":"<p>Los <strong>arcos pintados autoadhesivos<\/strong> han sido uno de los productos estrella desde que se lanzaron y algunas de las razones son son versatilidad a la hora de incluirlos en la decoraci\u00f3n de cualquier parte de su casa y la facilidad con que se pueden instalar. Pero sin duda donde m\u00e1s est\u00e1 gustando es a la hora de incluirlos en una decoraci\u00f3n infantil.<\/p>\n<p>As\u00ed que a los que ya incluimos en web durante el verano y que puedes recordar desde <a href=\"https:\/\/motif.es\/blog\/crece-la-familia-de-los-arcos-pintados-infantiles\/\" target=\"_blank\" rel=\"noopener\">aqu\u00ed<\/a>. Se unen los siguientes:<\/p>\n<blockquote class=\"instagram-media\" style=\"background: #FFF; border: 0; border-radius: 3px; box-shadow: 0 0 1px 0 rgba(0,0,0,0.5),0 1px 10px 0 rgba(0,0,0,0.15); margin: 1px; max-width: 540px; min-width: 326px; padding: 0; width: calc(100% - 2px);\" data-instgrm-captioned=\"\" data-instgrm-permalink=\"https:\/\/www.instagram.com\/p\/CkxlM8AILtp\/?utm_source=ig_embed&amp;utm_campaign=loading\" data-instgrm-version=\"14\">\n<div style=\"padding: 16px;\">\n<p>&nbsp;<\/p>\n<div style=\"display: flex; flex-direction: row; align-items: center;\">\n<div style=\"background-color: #f4f4f4; border-radius: 50%; flex-grow: 0; height: 40px; margin-right: 14px; width: 40px;\"><\/div>\n<div style=\"display: flex; flex-direction: column; flex-grow: 1; justify-content: center;\">\n<div style=\"background-color: #f4f4f4; border-radius: 4px; flex-grow: 0; height: 14px; margin-bottom: 6px; width: 100px;\"><\/div>\n<div style=\"background-color: #f4f4f4; border-radius: 4px; flex-grow: 0; height: 14px; width: 60px;\"><\/div>\n<\/div>\n<\/div>\n<div style=\"padding: 19% 0;\"><\/div>\n<div style=\"display: block; height: 50px; margin: 0 auto 12px; width: 50px;\"><\/div>\n<div style=\"padding-top: 8px;\">\n<div style=\"color: #3897f0; font-family: Arial,sans-serif; font-size: 14px; font-style: normal; font-weight: 550; line-height: 18px;\">Ver esta publicaci\u00f3n en Instagram<\/div>\n<\/div>\n<div style=\"padding: 12.5% 0;\"><\/div>\n<div style=\"display: flex; flex-direction: row; margin-bottom: 14px; align-items: center;\">\n<div>\n<div style=\"background-color: #f4f4f4; border-radius: 50%; height: 12.5px; width: 12.5px; transform: translateX(0px) translateY(7px);\"><\/div>\n<div style=\"background-color: #f4f4f4; height: 12.5px; transform: rotate(-45deg) translateX(3px) translateY(1px); width: 12.5px; flex-grow: 0; margin-right: 14px; margin-left: 2px;\"><\/div>\n<div style=\"background-color: #f4f4f4; border-radius: 50%; height: 12.5px; width: 12.5px; transform: translateX(9px) translateY(-18px);\"><\/div>\n<\/div>\n<div style=\"margin-left: 8px;\">\n<div style=\"background-color: #f4f4f4; border-radius: 50%; flex-grow: 0; height: 20px; width: 20px;\"><\/div>\n<div style=\"width: 0; height: 0; border-top: 2px solid transparent; border-left: 6px solid #f4f4f4; border-bottom: 2px solid transparent; transform: translateX(16px) translateY(-4px) rotate(30deg);\"><\/div>\n<\/div>\n<div style=\"margin-left: auto;\">\n<div style=\"width: 0px; border-top: 8px solid #F4F4F4; border-right: 8px solid transparent; transform: translateY(16px);\"><\/div>\n<div style=\"background-color: #f4f4f4; flex-grow: 0; height: 12px; width: 16px; transform: translateY(-4px);\"><\/div>\n<div style=\"width: 0; height: 0; border-top: 8px solid #F4F4F4; border-left: 8px solid transparent; transform: translateY(-4px) translateX(8px);\"><\/div>\n<\/div>\n<\/div>\n<div style=\"display: flex; flex-direction: column; flex-grow: 1; justify-content: center; margin-bottom: 24px;\">\n<div style=\"background-color: #f4f4f4; border-radius: 4px; flex-grow: 0; height: 14px; margin-bottom: 6px; width: 224px;\"><\/div>\n<div style=\"background-color: #f4f4f4; border-radius: 4px; flex-grow: 0; height: 14px; width: 144px;\"><\/div>\n<\/div>\n<p>&nbsp;<\/p>\n<p style=\"color: #c9c8cd; font-family: Arial,sans-serif; font-size: 14px; line-height: 17px; margin-bottom: 0; margin-top: 8px; overflow: hidden; padding: 8px 0 7px; text-align: center; text-overflow: ellipsis; white-space: nowrap;\"><a style=\"color: #c9c8cd; font-family: Arial,sans-serif; font-size: 14px; font-style: normal; font-weight: normal; line-height: 17px; text-decoration: none;\" href=\"https:\/\/www.instagram.com\/p\/CkxlM8AILtp\/?utm_source=ig_embed&amp;utm_campaign=loading\" target=\"_blank\" rel=\"noopener\">Una publicaci\u00f3n compartida de Motif &#8211; more than walls &#8211; (@motif_es)<\/a><\/p>\n<\/div>\n<\/blockquote>\n<p><script async src=\"\/\/www.instagram.com\/embed.js\"><\/script><\/p>\n<p>Dise\u00f1os florales, simp\u00e1ticos animales y precisos arco\u00edris son algunos de los m\u00e1s llamativos, pero no son los \u00fanicos. Podr\u00e1s encontrar dise\u00f1os para todos los gustos en nuestra web con las que crear cabeceros originales para camas o destacar una parte de la estancia.<\/p>\n<p style=\"text-align: center;\"><img loading=\"lazy\" decoding=\"async\" class=\"alignnone size-full wp-image-1854\" src=\"https:\/\/motif.es\/blog\/wp-content\/uploads\/2023\/01\/arco-pintado-autoadhesivo-fluffy.jpg\" alt=\"\" width=\"1000\" height=\"1000\" srcset=\"https:\/\/www.motif.es\/blog\/wp-content\/uploads\/2023\/01\/arco-pintado-autoadhesivo-fluffy.jpg 1000w, https:\/\/www.motif.es\/blog\/wp-content\/uploads\/2023\/01\/arco-pintado-autoadhesivo-fluffy-300x300.jpg 300w, https:\/\/www.motif.es\/blog\/wp-content\/uploads\/2023\/01\/arco-pintado-autoadhesivo-fluffy-150x150.jpg 150w, https:\/\/www.motif.es\/blog\/wp-content\/uploads\/2023\/01\/arco-pintado-autoadhesivo-fluffy-768x768.jpg 768w, https:\/\/www.motif.es\/blog\/wp-content\/uploads\/2023\/01\/arco-pintado-autoadhesivo-fluffy-400x400.jpg 400w, https:\/\/www.motif.es\/blog\/wp-content\/uploads\/2023\/01\/arco-pintado-autoadhesivo-fluffy-96x96.jpg 96w\" sizes=\"auto, (max-width: 1000px) 100vw, 1000px\" \/><\/p>\n<p style=\"text-align: center;\"><em> Arco Pintado Autoadhesivo Fluffy<\/em><\/p>\n<p>Nuestros <strong>arcos pintados autoadhesivos<\/strong>, est\u00e1n fabricados con nuestro material Canvas, de base 100% vin\u00edlica y adhesivo permanente. Al tratarse de un material impermeable, podr\u00e1s instalarlo en zonas donde est\u00e9n en contacto directo con el agua como por ejemplo el interior de la ducha, o zonas con mucha intensidad de limpieza, como suele ser el caso donde los ni\u00f1os pasan mucho tiempo.<\/p>\n<p>Deja volar tu imaginaci\u00f3n y crea un espacio para que tus peques sue\u00f1en.<\/p>\n<p>&nbsp;<\/p>\n","protected":false},"excerpt":{"rendered":"<p>Los arcos pintados autoadhesivos han sido uno de los productos estrella desde que se lanzaron y algunas de las razones son son versatilidad a la hora de incluirlos en la decoraci\u00f3n de cualquier parte de su casa y la facilidad con que se pueden instalar. Pero sin duda donde m\u00e1s est\u00e1 gustando es a la [&#8230;]<\/p>\n","protected":false},"author":2,"featured_media":1854,"comment_status":"open","ping_status":"open","sticky":false,"template":"","format":"standard","meta":{"_acf_changed":false,"footnotes":""},"categories":[24],"tags":[],"class_list":["post-1852","post","type-post","status-publish","format-standard","has-post-thumbnail","hentry","category-sobre-arcos-y-circulos-para-pared"],"acf":[],"yoast_head":"<!-- This site is optimized with the Yoast SEO plugin v27.5 - https:\/\/yoast.com\/product\/yoast-seo-wordpress\/ -->\n<title>Sigue creciendo la colecci\u00f3n de los arcos pintados autoadhesivos infantiles - Blog Motif<\/title>\n<meta name=\"description\" content=\"Los arcos pintados autoadhesivos han sido uno de los productos estrella desde que se lanzaron y algunas de las razones son son versatilidad a la hora de\" \/>\n<meta name=\"robots\" content=\"index, follow, max-snippet:-1, max-image-preview:large, max-video-preview:-1\" \/>\n<link rel=\"canonical\" href=\"https:\/\/www.motif.es\/blog\/sigue-creciendo-la-coleccion-de-los-arcos-pintados-autoadhesivos-infantiles\/\" \/>\n<meta property=\"og:locale\" content=\"es_ES\" \/>\n<meta property=\"og:type\" content=\"article\" \/>\n<meta property=\"og:title\" content=\"Sigue creciendo la colecci\u00f3n de los arcos pintados autoadhesivos infantiles - Blog Motif\" \/>\n<meta property=\"og:description\" content=\"Los arcos pintados autoadhesivos han sido uno de los productos estrella desde que se lanzaron y algunas de las razones son son versatilidad a la hora de\" \/>\n<meta property=\"og:url\" content=\"https:\/\/www.motif.es\/blog\/sigue-creciendo-la-coleccion-de-los-arcos-pintados-autoadhesivos-infantiles\/\" \/>\n<meta property=\"og:site_name\" content=\"Blog Motif\" \/>\n<meta property=\"article:publisher\" content=\"https:\/\/www.facebook.com\/motifmorethanwalls\/\" \/>\n<meta property=\"article:published_time\" content=\"2022-11-17T16:45:05+00:00\" \/>\n<meta property=\"article:modified_time\" content=\"2023-01-09T17:00:39+00:00\" \/>\n<meta property=\"og:image\" content=\"https:\/\/www.motif.es\/blog\/wp-content\/uploads\/2023\/01\/arco-pintado-autoadhesivo-fluffy.jpg\" \/>\n\t<meta property=\"og:image:width\" content=\"1000\" \/>\n\t<meta property=\"og:image:height\" content=\"1000\" \/>\n\t<meta property=\"og:image:type\" content=\"image\/jpeg\" \/>\n<meta name=\"author\" content=\"Comunicaci\u00f3n Motif\" \/>\n<meta name=\"twitter:card\" content=\"summary_large_image\" \/>\n<meta name=\"twitter:label1\" content=\"Escrito por\" \/>\n\t<meta name=\"twitter:data1\" content=\"Comunicaci\u00f3n Motif\" \/>\n\t<meta name=\"twitter:label2\" content=\"Tiempo de lectura\" \/>\n\t<meta name=\"twitter:data2\" content=\"2 minutos\" \/>\n<script type=\"application\/ld+json\" class=\"yoast-schema-graph\">{\"@context\":\"https:\\\/\\\/schema.org\",\"@graph\":[{\"@type\":\"Article\",\"@id\":\"https:\\\/\\\/www.motif.es\\\/blog\\\/sigue-creciendo-la-coleccion-de-los-arcos-pintados-autoadhesivos-infantiles\\\/#article\",\"isPartOf\":{\"@id\":\"https:\\\/\\\/www.motif.es\\\/blog\\\/sigue-creciendo-la-coleccion-de-los-arcos-pintados-autoadhesivos-infantiles\\\/\"},\"author\":{\"name\":\"Comunicaci\u00f3n Motif\",\"@id\":\"https:\\\/\\\/www.motif.es\\\/blog\\\/#\\\/schema\\\/person\\\/aac26ed80d8e02fb9525ec6b569d75e9\"},\"headline\":\"Sigue creciendo la colecci\u00f3n de los arcos pintados autoadhesivos infantiles\",\"datePublished\":\"2022-11-17T16:45:05+00:00\",\"dateModified\":\"2023-01-09T17:00:39+00:00\",\"mainEntityOfPage\":{\"@id\":\"https:\\\/\\\/www.motif.es\\\/blog\\\/sigue-creciendo-la-coleccion-de-los-arcos-pintados-autoadhesivos-infantiles\\\/\"},\"wordCount\":253,\"commentCount\":0,\"publisher\":{\"@id\":\"https:\\\/\\\/www.motif.es\\\/blog\\\/#organization\"},\"image\":{\"@id\":\"https:\\\/\\\/www.motif.es\\\/blog\\\/sigue-creciendo-la-coleccion-de-los-arcos-pintados-autoadhesivos-infantiles\\\/#primaryimage\"},\"thumbnailUrl\":\"https:\\\/\\\/www.motif.es\\\/blog\\\/wp-content\\\/uploads\\\/2023\\\/01\\\/arco-pintado-autoadhesivo-fluffy.jpg\",\"articleSection\":[\"sobre arcos y c\u00edrculos para pared\"],\"inLanguage\":\"es\",\"potentialAction\":[{\"@type\":\"CommentAction\",\"name\":\"Comment\",\"target\":[\"https:\\\/\\\/www.motif.es\\\/blog\\\/sigue-creciendo-la-coleccion-de-los-arcos-pintados-autoadhesivos-infantiles\\\/#respond\"]}]},{\"@type\":\"WebPage\",\"@id\":\"https:\\\/\\\/www.motif.es\\\/blog\\\/sigue-creciendo-la-coleccion-de-los-arcos-pintados-autoadhesivos-infantiles\\\/\",\"url\":\"https:\\\/\\\/www.motif.es\\\/blog\\\/sigue-creciendo-la-coleccion-de-los-arcos-pintados-autoadhesivos-infantiles\\\/\",\"name\":\"Sigue creciendo la colecci\u00f3n de los arcos pintados autoadhesivos infantiles - Blog Motif\",\"isPartOf\":{\"@id\":\"https:\\\/\\\/www.motif.es\\\/blog\\\/#website\"},\"primaryImageOfPage\":{\"@id\":\"https:\\\/\\\/www.motif.es\\\/blog\\\/sigue-creciendo-la-coleccion-de-los-arcos-pintados-autoadhesivos-infantiles\\\/#primaryimage\"},\"image\":{\"@id\":\"https:\\\/\\\/www.motif.es\\\/blog\\\/sigue-creciendo-la-coleccion-de-los-arcos-pintados-autoadhesivos-infantiles\\\/#primaryimage\"},\"thumbnailUrl\":\"https:\\\/\\\/www.motif.es\\\/blog\\\/wp-content\\\/uploads\\\/2023\\\/01\\\/arco-pintado-autoadhesivo-fluffy.jpg\",\"datePublished\":\"2022-11-17T16:45:05+00:00\",\"dateModified\":\"2023-01-09T17:00:39+00:00\",\"description\":\"Los arcos pintados autoadhesivos han sido uno de los productos estrella desde que se lanzaron y algunas de las razones son son versatilidad a la hora de\",\"breadcrumb\":{\"@id\":\"https:\\\/\\\/www.motif.es\\\/blog\\\/sigue-creciendo-la-coleccion-de-los-arcos-pintados-autoadhesivos-infantiles\\\/#breadcrumb\"},\"inLanguage\":\"es\",\"potentialAction\":[{\"@type\":\"ReadAction\",\"target\":[\"https:\\\/\\\/www.motif.es\\\/blog\\\/sigue-creciendo-la-coleccion-de-los-arcos-pintados-autoadhesivos-infantiles\\\/\"]}]},{\"@type\":\"ImageObject\",\"inLanguage\":\"es\",\"@id\":\"https:\\\/\\\/www.motif.es\\\/blog\\\/sigue-creciendo-la-coleccion-de-los-arcos-pintados-autoadhesivos-infantiles\\\/#primaryimage\",\"url\":\"https:\\\/\\\/www.motif.es\\\/blog\\\/wp-content\\\/uploads\\\/2023\\\/01\\\/arco-pintado-autoadhesivo-fluffy.jpg\",\"contentUrl\":\"https:\\\/\\\/www.motif.es\\\/blog\\\/wp-content\\\/uploads\\\/2023\\\/01\\\/arco-pintado-autoadhesivo-fluffy.jpg\",\"width\":1000,\"height\":1000},{\"@type\":\"BreadcrumbList\",\"@id\":\"https:\\\/\\\/www.motif.es\\\/blog\\\/sigue-creciendo-la-coleccion-de-los-arcos-pintados-autoadhesivos-infantiles\\\/#breadcrumb\",\"itemListElement\":[{\"@type\":\"ListItem\",\"position\":1,\"name\":\"Blog\",\"item\":\"https:\\\/\\\/www.motif.es\\\/blog\\\/\"},{\"@type\":\"ListItem\",\"position\":2,\"name\":\"sobre arcos y c\u00edrculos para pared\",\"item\":\"https:\\\/\\\/www.motif.es\\\/blog\\\/category\\\/sobre-arcos-y-circulos-para-pared\\\/\"},{\"@type\":\"ListItem\",\"position\":3,\"name\":\"Sigue creciendo la colecci\u00f3n de los arcos pintados autoadhesivos infantiles\"}]},{\"@type\":\"WebSite\",\"@id\":\"https:\\\/\\\/www.motif.es\\\/blog\\\/#website\",\"url\":\"https:\\\/\\\/www.motif.es\\\/blog\\\/\",\"name\":\"Blog Motif\",\"description\":\"nuestro rinc\u00f3n para inspirarte\",\"publisher\":{\"@id\":\"https:\\\/\\\/www.motif.es\\\/blog\\\/#organization\"},\"potentialAction\":[{\"@type\":\"SearchAction\",\"target\":{\"@type\":\"EntryPoint\",\"urlTemplate\":\"https:\\\/\\\/www.motif.es\\\/blog\\\/?s={search_term_string}\"},\"query-input\":{\"@type\":\"PropertyValueSpecification\",\"valueRequired\":true,\"valueName\":\"search_term_string\"}}],\"inLanguage\":\"es\"},{\"@type\":\"Organization\",\"@id\":\"https:\\\/\\\/www.motif.es\\\/blog\\\/#organization\",\"name\":\"Motif Wallpapers S.L.U.\",\"url\":\"https:\\\/\\\/www.motif.es\\\/blog\\\/\",\"logo\":{\"@type\":\"ImageObject\",\"inLanguage\":\"es\",\"@id\":\"https:\\\/\\\/www.motif.es\\\/blog\\\/#\\\/schema\\\/logo\\\/image\\\/\",\"url\":\"https:\\\/\\\/motif.es\\\/blog\\\/wp-content\\\/uploads\\\/2021\\\/06\\\/logo-motif.jpg\",\"contentUrl\":\"https:\\\/\\\/motif.es\\\/blog\\\/wp-content\\\/uploads\\\/2021\\\/06\\\/logo-motif.jpg\",\"width\":464,\"height\":464,\"caption\":\"Motif Wallpapers S.L.U.\"},\"image\":{\"@id\":\"https:\\\/\\\/www.motif.es\\\/blog\\\/#\\\/schema\\\/logo\\\/image\\\/\"},\"sameAs\":[\"https:\\\/\\\/www.facebook.com\\\/motifmorethanwalls\\\/\",\"https:\\\/\\\/www.instagram.com\\\/motif_es\\\/?hl=es\",\"https:\\\/\\\/www.pinterest.es\\\/motifwallpapers\\\/\",\"https:\\\/\\\/www.youtube.com\\\/channel\\\/UCNaOmbxD6LjcQNj4vmfVIUg\"]},{\"@type\":\"Person\",\"@id\":\"https:\\\/\\\/www.motif.es\\\/blog\\\/#\\\/schema\\\/person\\\/aac26ed80d8e02fb9525ec6b569d75e9\",\"name\":\"Comunicaci\u00f3n Motif\",\"image\":{\"@type\":\"ImageObject\",\"inLanguage\":\"es\",\"@id\":\"https:\\\/\\\/secure.gravatar.com\\\/avatar\\\/93b2fb49a03bd7a57b5f5e8c3b740113f14f25da86b090887d9353672de2d9b5?s=96&d=mm&r=g\",\"url\":\"https:\\\/\\\/secure.gravatar.com\\\/avatar\\\/93b2fb49a03bd7a57b5f5e8c3b740113f14f25da86b090887d9353672de2d9b5?s=96&d=mm&r=g\",\"contentUrl\":\"https:\\\/\\\/secure.gravatar.com\\\/avatar\\\/93b2fb49a03bd7a57b5f5e8c3b740113f14f25da86b090887d9353672de2d9b5?s=96&d=mm&r=g\",\"caption\":\"Comunicaci\u00f3n Motif\"},\"url\":\"https:\\\/\\\/www.motif.es\\\/blog\\\/author\\\/comunicacion\\\/\"}]}<\/script>\n<!-- \/ Yoast SEO plugin. -->","yoast_head_json":{"title":"Sigue creciendo la colecci\u00f3n de los arcos pintados autoadhesivos infantiles - Blog Motif","description":"Los arcos pintados autoadhesivos han sido uno de los productos estrella desde que se lanzaron y algunas de las razones son son versatilidad a la hora de","robots":{"index":"index","follow":"follow","max-snippet":"max-snippet:-1","max-image-preview":"max-image-preview:large","max-video-preview":"max-video-preview:-1"},"canonical":"https:\/\/www.motif.es\/blog\/sigue-creciendo-la-coleccion-de-los-arcos-pintados-autoadhesivos-infantiles\/","og_locale":"es_ES","og_type":"article","og_title":"Sigue creciendo la colecci\u00f3n de los arcos pintados autoadhesivos infantiles - Blog Motif","og_description":"Los arcos pintados autoadhesivos han sido uno de los productos estrella desde que se lanzaron y algunas de las razones son son versatilidad a la hora de","og_url":"https:\/\/www.motif.es\/blog\/sigue-creciendo-la-coleccion-de-los-arcos-pintados-autoadhesivos-infantiles\/","og_site_name":"Blog Motif","article_publisher":"https:\/\/www.facebook.com\/motifmorethanwalls\/","article_published_time":"2022-11-17T16:45:05+00:00","article_modified_time":"2023-01-09T17:00:39+00:00","og_image":[{"width":1000,"height":1000,"url":"https:\/\/www.motif.es\/blog\/wp-content\/uploads\/2023\/01\/arco-pintado-autoadhesivo-fluffy.jpg","type":"image\/jpeg"}],"author":"Comunicaci\u00f3n Motif","twitter_card":"summary_large_image","twitter_misc":{"Escrito por":"Comunicaci\u00f3n Motif","Tiempo de lectura":"2 minutos"},"schema":{"@context":"https:\/\/schema.org","@graph":[{"@type":"Article","@id":"https:\/\/www.motif.es\/blog\/sigue-creciendo-la-coleccion-de-los-arcos-pintados-autoadhesivos-infantiles\/#article","isPartOf":{"@id":"https:\/\/www.motif.es\/blog\/sigue-creciendo-la-coleccion-de-los-arcos-pintados-autoadhesivos-infantiles\/"},"author":{"name":"Comunicaci\u00f3n Motif","@id":"https:\/\/www.motif.es\/blog\/#\/schema\/person\/aac26ed80d8e02fb9525ec6b569d75e9"},"headline":"Sigue creciendo la colecci\u00f3n de los arcos pintados autoadhesivos infantiles","datePublished":"2022-11-17T16:45:05+00:00","dateModified":"2023-01-09T17:00:39+00:00","mainEntityOfPage":{"@id":"https:\/\/www.motif.es\/blog\/sigue-creciendo-la-coleccion-de-los-arcos-pintados-autoadhesivos-infantiles\/"},"wordCount":253,"commentCount":0,"publisher":{"@id":"https:\/\/www.motif.es\/blog\/#organization"},"image":{"@id":"https:\/\/www.motif.es\/blog\/sigue-creciendo-la-coleccion-de-los-arcos-pintados-autoadhesivos-infantiles\/#primaryimage"},"thumbnailUrl":"https:\/\/www.motif.es\/blog\/wp-content\/uploads\/2023\/01\/arco-pintado-autoadhesivo-fluffy.jpg","articleSection":["sobre arcos y c\u00edrculos para pared"],"inLanguage":"es","potentialAction":[{"@type":"CommentAction","name":"Comment","target":["https:\/\/www.motif.es\/blog\/sigue-creciendo-la-coleccion-de-los-arcos-pintados-autoadhesivos-infantiles\/#respond"]}]},{"@type":"WebPage","@id":"https:\/\/www.motif.es\/blog\/sigue-creciendo-la-coleccion-de-los-arcos-pintados-autoadhesivos-infantiles\/","url":"https:\/\/www.motif.es\/blog\/sigue-creciendo-la-coleccion-de-los-arcos-pintados-autoadhesivos-infantiles\/","name":"Sigue creciendo la colecci\u00f3n de los arcos pintados autoadhesivos infantiles - Blog Motif","isPartOf":{"@id":"https:\/\/www.motif.es\/blog\/#website"},"primaryImageOfPage":{"@id":"https:\/\/www.motif.es\/blog\/sigue-creciendo-la-coleccion-de-los-arcos-pintados-autoadhesivos-infantiles\/#primaryimage"},"image":{"@id":"https:\/\/www.motif.es\/blog\/sigue-creciendo-la-coleccion-de-los-arcos-pintados-autoadhesivos-infantiles\/#primaryimage"},"thumbnailUrl":"https:\/\/www.motif.es\/blog\/wp-content\/uploads\/2023\/01\/arco-pintado-autoadhesivo-fluffy.jpg","datePublished":"2022-11-17T16:45:05+00:00","dateModified":"2023-01-09T17:00:39+00:00","description":"Los arcos pintados autoadhesivos han sido uno de los productos estrella desde que se lanzaron y algunas de las razones son son versatilidad a la hora de","breadcrumb":{"@id":"https:\/\/www.motif.es\/blog\/sigue-creciendo-la-coleccion-de-los-arcos-pintados-autoadhesivos-infantiles\/#breadcrumb"},"inLanguage":"es","potentialAction":[{"@type":"ReadAction","target":["https:\/\/www.motif.es\/blog\/sigue-creciendo-la-coleccion-de-los-arcos-pintados-autoadhesivos-infantiles\/"]}]},{"@type":"ImageObject","inLanguage":"es","@id":"https:\/\/www.motif.es\/blog\/sigue-creciendo-la-coleccion-de-los-arcos-pintados-autoadhesivos-infantiles\/#primaryimage","url":"https:\/\/www.motif.es\/blog\/wp-content\/uploads\/2023\/01\/arco-pintado-autoadhesivo-fluffy.jpg","contentUrl":"https:\/\/www.motif.es\/blog\/wp-content\/uploads\/2023\/01\/arco-pintado-autoadhesivo-fluffy.jpg","width":1000,"height":1000},{"@type":"BreadcrumbList","@id":"https:\/\/www.motif.es\/blog\/sigue-creciendo-la-coleccion-de-los-arcos-pintados-autoadhesivos-infantiles\/#breadcrumb","itemListElement":[{"@type":"ListItem","position":1,"name":"Blog","item":"https:\/\/www.motif.es\/blog\/"},{"@type":"ListItem","position":2,"name":"sobre arcos y c\u00edrculos para pared","item":"https:\/\/www.motif.es\/blog\/category\/sobre-arcos-y-circulos-para-pared\/"},{"@type":"ListItem","position":3,"name":"Sigue creciendo la colecci\u00f3n de los arcos pintados autoadhesivos infantiles"}]},{"@type":"WebSite","@id":"https:\/\/www.motif.es\/blog\/#website","url":"https:\/\/www.motif.es\/blog\/","name":"Blog Motif","description":"nuestro rinc\u00f3n para inspirarte","publisher":{"@id":"https:\/\/www.motif.es\/blog\/#organization"},"potentialAction":[{"@type":"SearchAction","target":{"@type":"EntryPoint","urlTemplate":"https:\/\/www.motif.es\/blog\/?s={search_term_string}"},"query-input":{"@type":"PropertyValueSpecification","valueRequired":true,"valueName":"search_term_string"}}],"inLanguage":"es"},{"@type":"Organization","@id":"https:\/\/www.motif.es\/blog\/#organization","name":"Motif Wallpapers S.L.U.","url":"https:\/\/www.motif.es\/blog\/","logo":{"@type":"ImageObject","inLanguage":"es","@id":"https:\/\/www.motif.es\/blog\/#\/schema\/logo\/image\/","url":"https:\/\/motif.es\/blog\/wp-content\/uploads\/2021\/06\/logo-motif.jpg","contentUrl":"https:\/\/motif.es\/blog\/wp-content\/uploads\/2021\/06\/logo-motif.jpg","width":464,"height":464,"caption":"Motif Wallpapers S.L.U."},"image":{"@id":"https:\/\/www.motif.es\/blog\/#\/schema\/logo\/image\/"},"sameAs":["https:\/\/www.facebook.com\/motifmorethanwalls\/","https:\/\/www.instagram.com\/motif_es\/?hl=es","https:\/\/www.pinterest.es\/motifwallpapers\/","https:\/\/www.youtube.com\/channel\/UCNaOmbxD6LjcQNj4vmfVIUg"]},{"@type":"Person","@id":"https:\/\/www.motif.es\/blog\/#\/schema\/person\/aac26ed80d8e02fb9525ec6b569d75e9","name":"Comunicaci\u00f3n Motif","image":{"@type":"ImageObject","inLanguage":"es","@id":"https:\/\/secure.gravatar.com\/avatar\/93b2fb49a03bd7a57b5f5e8c3b740113f14f25da86b090887d9353672de2d9b5?s=96&d=mm&r=g","url":"https:\/\/secure.gravatar.com\/avatar\/93b2fb49a03bd7a57b5f5e8c3b740113f14f25da86b090887d9353672de2d9b5?s=96&d=mm&r=g","contentUrl":"https:\/\/secure.gravatar.com\/avatar\/93b2fb49a03bd7a57b5f5e8c3b740113f14f25da86b090887d9353672de2d9b5?s=96&d=mm&r=g","caption":"Comunicaci\u00f3n Motif"},"url":"https:\/\/www.motif.es\/blog\/author\/comunicacion\/"}]}},"_links":{"self":[{"href":"https:\/\/www.motif.es\/blog\/wp-json\/wp\/v2\/posts\/1852","targetHints":{"allow":["GET"]}}],"collection":[{"href":"https:\/\/www.motif.es\/blog\/wp-json\/wp\/v2\/posts"}],"about":[{"href":"https:\/\/www.motif.es\/blog\/wp-json\/wp\/v2\/types\/post"}],"author":[{"embeddable":true,"href":"https:\/\/www.motif.es\/blog\/wp-json\/wp\/v2\/users\/2"}],"replies":[{"embeddable":true,"href":"https:\/\/www.motif.es\/blog\/wp-json\/wp\/v2\/comments?post=1852"}],"version-history":[{"count":1,"href":"https:\/\/www.motif.es\/blog\/wp-json\/wp\/v2\/posts\/1852\/revisions"}],"predecessor-version":[{"id":1855,"href":"https:\/\/www.motif.es\/blog\/wp-json\/wp\/v2\/posts\/1852\/revisions\/1855"}],"wp:featuredmedia":[{"embeddable":true,"href":"https:\/\/www.motif.es\/blog\/wp-json\/wp\/v2\/media\/1854"}],"wp:attachment":[{"href":"https:\/\/www.motif.es\/blog\/wp-json\/wp\/v2\/media?parent=1852"}],"wp:term":[{"taxonomy":"category","embeddable":true,"href":"https:\/\/www.motif.es\/blog\/wp-json\/wp\/v2\/categories?post=1852"},{"taxonomy":"post_tag","embeddable":true,"href":"https:\/\/www.motif.es\/blog\/wp-json\/wp\/v2\/tags?post=1852"}],"curies":[{"name":"wp","href":"https:\/\/api.w.org\/{rel}","templated":true}]}}