{"id":1940,"date":"2023-01-19T11:31:04","date_gmt":"2023-01-19T11:31:04","guid":{"rendered":"https:\/\/motif.es\/blog\/?p=1940"},"modified":"2023-01-31T11:52:46","modified_gmt":"2023-01-31T11:52:46","slug":"ohmamiblue-decora-la-habitacion-de-su-bebe-con-el-papel-autoadhesivo-cute-forest-by-elena-tablada","status":"publish","type":"post","link":"https:\/\/www.motif.es\/blog\/ohmamiblue-decora-la-habitacion-de-su-bebe-con-el-papel-autoadhesivo-cute-forest-by-elena-tablada\/","title":{"rendered":"Oh!Mamiblue, decora la habitaci\u00f3n de su beb\u00e9 con el  Papel Autoadhesivo Cute Forest by Elena Tablada"},"content":{"rendered":"<p>La llegada de un beb\u00e9 a una familia, es sin duda una de las mayores ilusiones con las que nos topamos, y desde el momento en que lo descubrimos empezamos a preparar con mucho amor, todo lo que van a necesitar, incluida su habitaci\u00f3n.<\/p>\n<p>Y as\u00ed lo est\u00e1 haciendo Ver\u00f3nica S\u00e1nchez, <a href=\"https:\/\/www.instagram.com\/oh.mamiblue\/\" target=\"_blank\" rel=\"noopener\">Oh!Mamiblue<\/a> para sus seguidores de Instagram, para recibir a Lara, la que ser\u00e1 su segundo hijo.<\/p>\n<p>En su cuenta de Instagram hemos podido seguir todas las emociones que va experimentando durante el embarazo y tambi\u00e9n algunos de los preparativos que va haciendo para cuando nazca la beb\u00e9, entre ellas la preciosa habitaci\u00f3n infantil que recientemente empez\u00f3 a decorar y para la que cont\u00f3 con el papel <a href=\"https:\/\/www.motif.es\/papeles-para-pared-autoadhesivos\/21063-27136-papel-autoadhesivo-cute-forest-by-elena-tablada.html#\/3-altura_papel_pintado-260cm\/5-material-texart\/54-color-verde\" target=\"_blank\" rel=\"noopener\">Papel Autoadhesivo Cute Forest by Elena Tablada.<\/a><\/p>\n<p style=\"text-align: center;\"><img loading=\"lazy\" decoding=\"async\" class=\"alignnone size-full wp-image-1943\" src=\"https:\/\/motif.es\/blog\/wp-content\/uploads\/2023\/01\/oh-mamy-blue.png\" alt=\"\" width=\"538\" height=\"526\" srcset=\"https:\/\/www.motif.es\/blog\/wp-content\/uploads\/2023\/01\/oh-mamy-blue.png 538w, https:\/\/www.motif.es\/blog\/wp-content\/uploads\/2023\/01\/oh-mamy-blue-300x293.png 300w, https:\/\/www.motif.es\/blog\/wp-content\/uploads\/2023\/01\/oh-mamy-blue-150x147.png 150w\" sizes=\"auto, (max-width: 538px) 100vw, 538px\" \/><\/p>\n<p style=\"text-align: center;\"><em>Ver\u00f3nica Sanchez con su hijo en la colocaci\u00f3n del papel.<\/em><\/p>\n<p>En este momento, la habitaci\u00f3n de Lara estaba en proceso, y como bien dice ella, otro momento inolvidable es que \u00abest\u00e1 siendo precioso colaborar los tres sin prisa en cada detalle\u00bb en su <strong>decoraci\u00f3n<\/strong>.<\/p>\n<p>Tal y como ella nos cuenta en su perfil de Instagram, han optado por una habitaci\u00f3n funcional, el que encaja a la perfecci\u00f3n el papel pintado que han elegido.<\/p>\n<p>Un <strong>papel pintado c\u00e1lido, de un dise\u00f1o bot\u00e1nico<\/strong> suave con dulces zorritos y bonitas ardillas que parecen convivir en armon\u00eda y cuya colocaci\u00f3n es s\u00faper sencilla como pod\u00e9is ver:<\/p>\n<blockquote class=\"instagram-media\" style=\"background: #FFF; border: 0; border-radius: 3px; box-shadow: 0 0 1px 0 rgba(0,0,0,0.5),0 1px 10px 0 rgba(0,0,0,0.15); margin: 1px; max-width: 540px; min-width: 326px; padding: 0; width: calc(100% - 2px);\" data-instgrm-captioned=\"\" data-instgrm-permalink=\"https:\/\/www.instagram.com\/reel\/CnhzXKGhU3L\/?utm_source=ig_embed&amp;utm_campaign=loading\" data-instgrm-version=\"14\">\n<div style=\"padding: 16px;\">\n<p>&nbsp;<\/p>\n<div style=\"display: flex; flex-direction: row; align-items: center;\">\n<div style=\"background-color: #f4f4f4; border-radius: 50%; flex-grow: 0; height: 40px; margin-right: 14px; width: 40px;\"><\/div>\n<div style=\"display: flex; flex-direction: column; flex-grow: 1; justify-content: center;\">\n<div style=\"background-color: #f4f4f4; border-radius: 4px; flex-grow: 0; height: 14px; margin-bottom: 6px; width: 100px;\"><\/div>\n<div style=\"background-color: #f4f4f4; border-radius: 4px; flex-grow: 0; height: 14px; width: 60px;\"><\/div>\n<\/div>\n<\/div>\n<div style=\"padding: 19% 0;\"><\/div>\n<div style=\"display: block; height: 50px; margin: 0 auto 12px; width: 50px;\"><\/div>\n<div style=\"padding-top: 8px;\">\n<div style=\"color: #3897f0; font-family: Arial,sans-serif; font-size: 14px; font-style: normal; font-weight: 550; line-height: 18px;\">Ver esta publicaci\u00f3n en Instagram<\/div>\n<\/div>\n<div style=\"padding: 12.5% 0;\"><\/div>\n<div style=\"display: flex; flex-direction: row; margin-bottom: 14px; align-items: center;\">\n<div>\n<div style=\"background-color: #f4f4f4; border-radius: 50%; height: 12.5px; width: 12.5px; transform: translateX(0px) translateY(7px);\"><\/div>\n<div style=\"background-color: #f4f4f4; height: 12.5px; transform: rotate(-45deg) translateX(3px) translateY(1px); width: 12.5px; flex-grow: 0; margin-right: 14px; margin-left: 2px;\"><\/div>\n<div style=\"background-color: #f4f4f4; border-radius: 50%; height: 12.5px; width: 12.5px; transform: translateX(9px) translateY(-18px);\"><\/div>\n<\/div>\n<div style=\"margin-left: 8px;\">\n<div style=\"background-color: #f4f4f4; border-radius: 50%; flex-grow: 0; height: 20px; width: 20px;\"><\/div>\n<div style=\"width: 0; height: 0; border-top: 2px solid transparent; border-left: 6px solid #f4f4f4; border-bottom: 2px solid transparent; transform: translateX(16px) translateY(-4px) rotate(30deg);\"><\/div>\n<\/div>\n<div style=\"margin-left: auto;\">\n<div style=\"width: 0px; border-top: 8px solid #F4F4F4; border-right: 8px solid transparent; transform: translateY(16px);\"><\/div>\n<div style=\"background-color: #f4f4f4; flex-grow: 0; height: 12px; width: 16px; transform: translateY(-4px);\"><\/div>\n<div style=\"width: 0; height: 0; border-top: 8px solid #F4F4F4; border-left: 8px solid transparent; transform: translateY(-4px) translateX(8px);\"><\/div>\n<\/div>\n<\/div>\n<div style=\"display: flex; flex-direction: column; flex-grow: 1; justify-content: center; margin-bottom: 24px;\">\n<div style=\"background-color: #f4f4f4; border-radius: 4px; flex-grow: 0; height: 14px; margin-bottom: 6px; width: 224px;\"><\/div>\n<div style=\"background-color: #f4f4f4; border-radius: 4px; flex-grow: 0; height: 14px; width: 144px;\"><\/div>\n<\/div>\n<p>&nbsp;<\/p>\n<p style=\"color: #c9c8cd; font-family: Arial,sans-serif; font-size: 14px; line-height: 17px; margin-bottom: 0; margin-top: 8px; overflow: hidden; padding: 8px 0 7px; text-align: center; text-overflow: ellipsis; white-space: nowrap;\"><a style=\"color: #c9c8cd; font-family: Arial,sans-serif; font-size: 14px; font-style: normal; font-weight: normal; line-height: 17px; text-decoration: none;\" href=\"https:\/\/www.instagram.com\/reel\/CnhzXKGhU3L\/?utm_source=ig_embed&amp;utm_campaign=loading\" target=\"_blank\" rel=\"noopener\">Una publicaci\u00f3n compartida de Oh!Mamiblue (@oh.mamiblue)<\/a><\/p>\n<\/div>\n<\/blockquote>\n<p><script async src=\"\/\/www.instagram.com\/embed.js\"><\/script><\/p>\n<p>Estamos convencidos de que va a quedar genial.<\/p>\n<p>&nbsp;<\/p>\n<p>&nbsp;<\/p>\n","protected":false},"excerpt":{"rendered":"<p>La llegada de un beb\u00e9 a una familia, es sin duda una de las mayores ilusiones con las que nos topamos, y desde el momento en que lo descubrimos empezamos a preparar con mucho amor, todo lo que van a necesitar, incluida su habitaci\u00f3n. Y as\u00ed lo est\u00e1 haciendo Ver\u00f3nica S\u00e1nchez, Oh!Mamiblue para sus seguidores [&#8230;]<\/p>\n","protected":false},"author":2,"featured_media":1943,"comment_status":"open","ping_status":"open","sticky":false,"template":"","format":"standard","meta":{"_acf_changed":false,"footnotes":""},"categories":[19],"tags":[],"class_list":["post-1940","post","type-post","status-publish","format-standard","has-post-thumbnail","hentry","category-embajadores-motif"],"acf":[],"yoast_head":"<!-- This site is optimized with the Yoast SEO plugin v27.5 - https:\/\/yoast.com\/product\/yoast-seo-wordpress\/ -->\n<title>Oh!Mamiblue, decora la habitaci\u00f3n de su beb\u00e9 con el Papel Autoadhesivo Cute Forest by Elena Tablada - Blog Motif<\/title>\n<meta name=\"description\" content=\"La llegada de un beb\u00e9 a una familia, es sin duda una de las mayores ilusiones con las que nos topamos, y desde el momento en que lo descubrimos empezamos\" \/>\n<meta name=\"robots\" content=\"index, follow, max-snippet:-1, max-image-preview:large, max-video-preview:-1\" \/>\n<link rel=\"canonical\" href=\"https:\/\/www.motif.es\/blog\/ohmamiblue-decora-la-habitacion-de-su-bebe-con-el-papel-autoadhesivo-cute-forest-by-elena-tablada\/\" \/>\n<meta property=\"og:locale\" content=\"es_ES\" \/>\n<meta property=\"og:type\" content=\"article\" \/>\n<meta property=\"og:title\" content=\"Oh!Mamiblue, decora la habitaci\u00f3n de su beb\u00e9 con el Papel Autoadhesivo Cute Forest by Elena Tablada - Blog Motif\" \/>\n<meta property=\"og:description\" content=\"La llegada de un beb\u00e9 a una familia, es sin duda una de las mayores ilusiones con las que nos topamos, y desde el momento en que lo descubrimos empezamos\" \/>\n<meta property=\"og:url\" content=\"https:\/\/www.motif.es\/blog\/ohmamiblue-decora-la-habitacion-de-su-bebe-con-el-papel-autoadhesivo-cute-forest-by-elena-tablada\/\" \/>\n<meta property=\"og:site_name\" content=\"Blog Motif\" \/>\n<meta property=\"article:publisher\" content=\"https:\/\/www.facebook.com\/motifmorethanwalls\/\" \/>\n<meta property=\"article:published_time\" content=\"2023-01-19T11:31:04+00:00\" \/>\n<meta property=\"article:modified_time\" content=\"2023-01-31T11:52:46+00:00\" \/>\n<meta property=\"og:image\" content=\"https:\/\/www.motif.es\/blog\/wp-content\/uploads\/2023\/01\/oh-mamy-blue.png\" \/>\n\t<meta property=\"og:image:width\" content=\"538\" \/>\n\t<meta property=\"og:image:height\" content=\"526\" \/>\n\t<meta property=\"og:image:type\" content=\"image\/png\" \/>\n<meta name=\"author\" content=\"Comunicaci\u00f3n Motif\" \/>\n<meta name=\"twitter:card\" content=\"summary_large_image\" \/>\n<meta name=\"twitter:label1\" content=\"Escrito por\" \/>\n\t<meta name=\"twitter:data1\" content=\"Comunicaci\u00f3n Motif\" \/>\n\t<meta name=\"twitter:label2\" content=\"Tiempo de lectura\" \/>\n\t<meta name=\"twitter:data2\" content=\"2 minutos\" \/>\n<script type=\"application\/ld+json\" class=\"yoast-schema-graph\">{\"@context\":\"https:\\\/\\\/schema.org\",\"@graph\":[{\"@type\":\"Article\",\"@id\":\"https:\\\/\\\/www.motif.es\\\/blog\\\/ohmamiblue-decora-la-habitacion-de-su-bebe-con-el-papel-autoadhesivo-cute-forest-by-elena-tablada\\\/#article\",\"isPartOf\":{\"@id\":\"https:\\\/\\\/www.motif.es\\\/blog\\\/ohmamiblue-decora-la-habitacion-de-su-bebe-con-el-papel-autoadhesivo-cute-forest-by-elena-tablada\\\/\"},\"author\":{\"name\":\"Comunicaci\u00f3n Motif\",\"@id\":\"https:\\\/\\\/www.motif.es\\\/blog\\\/#\\\/schema\\\/person\\\/aac26ed80d8e02fb9525ec6b569d75e9\"},\"headline\":\"Oh!Mamiblue, decora la habitaci\u00f3n de su beb\u00e9 con el Papel Autoadhesivo Cute Forest by Elena Tablada\",\"datePublished\":\"2023-01-19T11:31:04+00:00\",\"dateModified\":\"2023-01-31T11:52:46+00:00\",\"mainEntityOfPage\":{\"@id\":\"https:\\\/\\\/www.motif.es\\\/blog\\\/ohmamiblue-decora-la-habitacion-de-su-bebe-con-el-papel-autoadhesivo-cute-forest-by-elena-tablada\\\/\"},\"wordCount\":290,\"commentCount\":0,\"publisher\":{\"@id\":\"https:\\\/\\\/www.motif.es\\\/blog\\\/#organization\"},\"image\":{\"@id\":\"https:\\\/\\\/www.motif.es\\\/blog\\\/ohmamiblue-decora-la-habitacion-de-su-bebe-con-el-papel-autoadhesivo-cute-forest-by-elena-tablada\\\/#primaryimage\"},\"thumbnailUrl\":\"https:\\\/\\\/www.motif.es\\\/blog\\\/wp-content\\\/uploads\\\/2023\\\/01\\\/oh-mamy-blue.png\",\"articleSection\":[\"embajadores Motif\"],\"inLanguage\":\"es\",\"potentialAction\":[{\"@type\":\"CommentAction\",\"name\":\"Comment\",\"target\":[\"https:\\\/\\\/www.motif.es\\\/blog\\\/ohmamiblue-decora-la-habitacion-de-su-bebe-con-el-papel-autoadhesivo-cute-forest-by-elena-tablada\\\/#respond\"]}]},{\"@type\":\"WebPage\",\"@id\":\"https:\\\/\\\/www.motif.es\\\/blog\\\/ohmamiblue-decora-la-habitacion-de-su-bebe-con-el-papel-autoadhesivo-cute-forest-by-elena-tablada\\\/\",\"url\":\"https:\\\/\\\/www.motif.es\\\/blog\\\/ohmamiblue-decora-la-habitacion-de-su-bebe-con-el-papel-autoadhesivo-cute-forest-by-elena-tablada\\\/\",\"name\":\"Oh!Mamiblue, decora la habitaci\u00f3n de su beb\u00e9 con el Papel Autoadhesivo Cute Forest by Elena Tablada - Blog Motif\",\"isPartOf\":{\"@id\":\"https:\\\/\\\/www.motif.es\\\/blog\\\/#website\"},\"primaryImageOfPage\":{\"@id\":\"https:\\\/\\\/www.motif.es\\\/blog\\\/ohmamiblue-decora-la-habitacion-de-su-bebe-con-el-papel-autoadhesivo-cute-forest-by-elena-tablada\\\/#primaryimage\"},\"image\":{\"@id\":\"https:\\\/\\\/www.motif.es\\\/blog\\\/ohmamiblue-decora-la-habitacion-de-su-bebe-con-el-papel-autoadhesivo-cute-forest-by-elena-tablada\\\/#primaryimage\"},\"thumbnailUrl\":\"https:\\\/\\\/www.motif.es\\\/blog\\\/wp-content\\\/uploads\\\/2023\\\/01\\\/oh-mamy-blue.png\",\"datePublished\":\"2023-01-19T11:31:04+00:00\",\"dateModified\":\"2023-01-31T11:52:46+00:00\",\"description\":\"La llegada de un beb\u00e9 a una familia, es sin duda una de las mayores ilusiones con las que nos topamos, y desde el momento en que lo descubrimos empezamos\",\"breadcrumb\":{\"@id\":\"https:\\\/\\\/www.motif.es\\\/blog\\\/ohmamiblue-decora-la-habitacion-de-su-bebe-con-el-papel-autoadhesivo-cute-forest-by-elena-tablada\\\/#breadcrumb\"},\"inLanguage\":\"es\",\"potentialAction\":[{\"@type\":\"ReadAction\",\"target\":[\"https:\\\/\\\/www.motif.es\\\/blog\\\/ohmamiblue-decora-la-habitacion-de-su-bebe-con-el-papel-autoadhesivo-cute-forest-by-elena-tablada\\\/\"]}]},{\"@type\":\"ImageObject\",\"inLanguage\":\"es\",\"@id\":\"https:\\\/\\\/www.motif.es\\\/blog\\\/ohmamiblue-decora-la-habitacion-de-su-bebe-con-el-papel-autoadhesivo-cute-forest-by-elena-tablada\\\/#primaryimage\",\"url\":\"https:\\\/\\\/www.motif.es\\\/blog\\\/wp-content\\\/uploads\\\/2023\\\/01\\\/oh-mamy-blue.png\",\"contentUrl\":\"https:\\\/\\\/www.motif.es\\\/blog\\\/wp-content\\\/uploads\\\/2023\\\/01\\\/oh-mamy-blue.png\",\"width\":538,\"height\":526},{\"@type\":\"BreadcrumbList\",\"@id\":\"https:\\\/\\\/www.motif.es\\\/blog\\\/ohmamiblue-decora-la-habitacion-de-su-bebe-con-el-papel-autoadhesivo-cute-forest-by-elena-tablada\\\/#breadcrumb\",\"itemListElement\":[{\"@type\":\"ListItem\",\"position\":1,\"name\":\"Blog\",\"item\":\"https:\\\/\\\/www.motif.es\\\/blog\\\/\"},{\"@type\":\"ListItem\",\"position\":2,\"name\":\"embajadores Motif\",\"item\":\"https:\\\/\\\/www.motif.es\\\/blog\\\/category\\\/embajadores-motif\\\/\"},{\"@type\":\"ListItem\",\"position\":3,\"name\":\"Oh!Mamiblue, decora la habitaci\u00f3n de su beb\u00e9 con el Papel Autoadhesivo Cute Forest by Elena Tablada\"}]},{\"@type\":\"WebSite\",\"@id\":\"https:\\\/\\\/www.motif.es\\\/blog\\\/#website\",\"url\":\"https:\\\/\\\/www.motif.es\\\/blog\\\/\",\"name\":\"Blog Motif\",\"description\":\"nuestro rinc\u00f3n para inspirarte\",\"publisher\":{\"@id\":\"https:\\\/\\\/www.motif.es\\\/blog\\\/#organization\"},\"potentialAction\":[{\"@type\":\"SearchAction\",\"target\":{\"@type\":\"EntryPoint\",\"urlTemplate\":\"https:\\\/\\\/www.motif.es\\\/blog\\\/?s={search_term_string}\"},\"query-input\":{\"@type\":\"PropertyValueSpecification\",\"valueRequired\":true,\"valueName\":\"search_term_string\"}}],\"inLanguage\":\"es\"},{\"@type\":\"Organization\",\"@id\":\"https:\\\/\\\/www.motif.es\\\/blog\\\/#organization\",\"name\":\"Motif Wallpapers S.L.U.\",\"url\":\"https:\\\/\\\/www.motif.es\\\/blog\\\/\",\"logo\":{\"@type\":\"ImageObject\",\"inLanguage\":\"es\",\"@id\":\"https:\\\/\\\/www.motif.es\\\/blog\\\/#\\\/schema\\\/logo\\\/image\\\/\",\"url\":\"https:\\\/\\\/motif.es\\\/blog\\\/wp-content\\\/uploads\\\/2021\\\/06\\\/logo-motif.jpg\",\"contentUrl\":\"https:\\\/\\\/motif.es\\\/blog\\\/wp-content\\\/uploads\\\/2021\\\/06\\\/logo-motif.jpg\",\"width\":464,\"height\":464,\"caption\":\"Motif Wallpapers S.L.U.\"},\"image\":{\"@id\":\"https:\\\/\\\/www.motif.es\\\/blog\\\/#\\\/schema\\\/logo\\\/image\\\/\"},\"sameAs\":[\"https:\\\/\\\/www.facebook.com\\\/motifmorethanwalls\\\/\",\"https:\\\/\\\/www.instagram.com\\\/motif_es\\\/?hl=es\",\"https:\\\/\\\/www.pinterest.es\\\/motifwallpapers\\\/\",\"https:\\\/\\\/www.youtube.com\\\/channel\\\/UCNaOmbxD6LjcQNj4vmfVIUg\"]},{\"@type\":\"Person\",\"@id\":\"https:\\\/\\\/www.motif.es\\\/blog\\\/#\\\/schema\\\/person\\\/aac26ed80d8e02fb9525ec6b569d75e9\",\"name\":\"Comunicaci\u00f3n Motif\",\"image\":{\"@type\":\"ImageObject\",\"inLanguage\":\"es\",\"@id\":\"https:\\\/\\\/secure.gravatar.com\\\/avatar\\\/93b2fb49a03bd7a57b5f5e8c3b740113f14f25da86b090887d9353672de2d9b5?s=96&d=mm&r=g\",\"url\":\"https:\\\/\\\/secure.gravatar.com\\\/avatar\\\/93b2fb49a03bd7a57b5f5e8c3b740113f14f25da86b090887d9353672de2d9b5?s=96&d=mm&r=g\",\"contentUrl\":\"https:\\\/\\\/secure.gravatar.com\\\/avatar\\\/93b2fb49a03bd7a57b5f5e8c3b740113f14f25da86b090887d9353672de2d9b5?s=96&d=mm&r=g\",\"caption\":\"Comunicaci\u00f3n Motif\"},\"url\":\"https:\\\/\\\/www.motif.es\\\/blog\\\/author\\\/comunicacion\\\/\"}]}<\/script>\n<!-- \/ Yoast SEO plugin. -->","yoast_head_json":{"title":"Oh!Mamiblue, decora la habitaci\u00f3n de su beb\u00e9 con el Papel Autoadhesivo Cute Forest by Elena Tablada - Blog Motif","description":"La llegada de un beb\u00e9 a una familia, es sin duda una de las mayores ilusiones con las que nos topamos, y desde el momento en que lo descubrimos empezamos","robots":{"index":"index","follow":"follow","max-snippet":"max-snippet:-1","max-image-preview":"max-image-preview:large","max-video-preview":"max-video-preview:-1"},"canonical":"https:\/\/www.motif.es\/blog\/ohmamiblue-decora-la-habitacion-de-su-bebe-con-el-papel-autoadhesivo-cute-forest-by-elena-tablada\/","og_locale":"es_ES","og_type":"article","og_title":"Oh!Mamiblue, decora la habitaci\u00f3n de su beb\u00e9 con el Papel Autoadhesivo Cute Forest by Elena Tablada - Blog Motif","og_description":"La llegada de un beb\u00e9 a una familia, es sin duda una de las mayores ilusiones con las que nos topamos, y desde el momento en que lo descubrimos empezamos","og_url":"https:\/\/www.motif.es\/blog\/ohmamiblue-decora-la-habitacion-de-su-bebe-con-el-papel-autoadhesivo-cute-forest-by-elena-tablada\/","og_site_name":"Blog Motif","article_publisher":"https:\/\/www.facebook.com\/motifmorethanwalls\/","article_published_time":"2023-01-19T11:31:04+00:00","article_modified_time":"2023-01-31T11:52:46+00:00","og_image":[{"width":538,"height":526,"url":"https:\/\/www.motif.es\/blog\/wp-content\/uploads\/2023\/01\/oh-mamy-blue.png","type":"image\/png"}],"author":"Comunicaci\u00f3n Motif","twitter_card":"summary_large_image","twitter_misc":{"Escrito por":"Comunicaci\u00f3n Motif","Tiempo de lectura":"2 minutos"},"schema":{"@context":"https:\/\/schema.org","@graph":[{"@type":"Article","@id":"https:\/\/www.motif.es\/blog\/ohmamiblue-decora-la-habitacion-de-su-bebe-con-el-papel-autoadhesivo-cute-forest-by-elena-tablada\/#article","isPartOf":{"@id":"https:\/\/www.motif.es\/blog\/ohmamiblue-decora-la-habitacion-de-su-bebe-con-el-papel-autoadhesivo-cute-forest-by-elena-tablada\/"},"author":{"name":"Comunicaci\u00f3n Motif","@id":"https:\/\/www.motif.es\/blog\/#\/schema\/person\/aac26ed80d8e02fb9525ec6b569d75e9"},"headline":"Oh!Mamiblue, decora la habitaci\u00f3n de su beb\u00e9 con el Papel Autoadhesivo Cute Forest by Elena Tablada","datePublished":"2023-01-19T11:31:04+00:00","dateModified":"2023-01-31T11:52:46+00:00","mainEntityOfPage":{"@id":"https:\/\/www.motif.es\/blog\/ohmamiblue-decora-la-habitacion-de-su-bebe-con-el-papel-autoadhesivo-cute-forest-by-elena-tablada\/"},"wordCount":290,"commentCount":0,"publisher":{"@id":"https:\/\/www.motif.es\/blog\/#organization"},"image":{"@id":"https:\/\/www.motif.es\/blog\/ohmamiblue-decora-la-habitacion-de-su-bebe-con-el-papel-autoadhesivo-cute-forest-by-elena-tablada\/#primaryimage"},"thumbnailUrl":"https:\/\/www.motif.es\/blog\/wp-content\/uploads\/2023\/01\/oh-mamy-blue.png","articleSection":["embajadores Motif"],"inLanguage":"es","potentialAction":[{"@type":"CommentAction","name":"Comment","target":["https:\/\/www.motif.es\/blog\/ohmamiblue-decora-la-habitacion-de-su-bebe-con-el-papel-autoadhesivo-cute-forest-by-elena-tablada\/#respond"]}]},{"@type":"WebPage","@id":"https:\/\/www.motif.es\/blog\/ohmamiblue-decora-la-habitacion-de-su-bebe-con-el-papel-autoadhesivo-cute-forest-by-elena-tablada\/","url":"https:\/\/www.motif.es\/blog\/ohmamiblue-decora-la-habitacion-de-su-bebe-con-el-papel-autoadhesivo-cute-forest-by-elena-tablada\/","name":"Oh!Mamiblue, decora la habitaci\u00f3n de su beb\u00e9 con el Papel Autoadhesivo Cute Forest by Elena Tablada - Blog Motif","isPartOf":{"@id":"https:\/\/www.motif.es\/blog\/#website"},"primaryImageOfPage":{"@id":"https:\/\/www.motif.es\/blog\/ohmamiblue-decora-la-habitacion-de-su-bebe-con-el-papel-autoadhesivo-cute-forest-by-elena-tablada\/#primaryimage"},"image":{"@id":"https:\/\/www.motif.es\/blog\/ohmamiblue-decora-la-habitacion-de-su-bebe-con-el-papel-autoadhesivo-cute-forest-by-elena-tablada\/#primaryimage"},"thumbnailUrl":"https:\/\/www.motif.es\/blog\/wp-content\/uploads\/2023\/01\/oh-mamy-blue.png","datePublished":"2023-01-19T11:31:04+00:00","dateModified":"2023-01-31T11:52:46+00:00","description":"La llegada de un beb\u00e9 a una familia, es sin duda una de las mayores ilusiones con las que nos topamos, y desde el momento en que lo descubrimos empezamos","breadcrumb":{"@id":"https:\/\/www.motif.es\/blog\/ohmamiblue-decora-la-habitacion-de-su-bebe-con-el-papel-autoadhesivo-cute-forest-by-elena-tablada\/#breadcrumb"},"inLanguage":"es","potentialAction":[{"@type":"ReadAction","target":["https:\/\/www.motif.es\/blog\/ohmamiblue-decora-la-habitacion-de-su-bebe-con-el-papel-autoadhesivo-cute-forest-by-elena-tablada\/"]}]},{"@type":"ImageObject","inLanguage":"es","@id":"https:\/\/www.motif.es\/blog\/ohmamiblue-decora-la-habitacion-de-su-bebe-con-el-papel-autoadhesivo-cute-forest-by-elena-tablada\/#primaryimage","url":"https:\/\/www.motif.es\/blog\/wp-content\/uploads\/2023\/01\/oh-mamy-blue.png","contentUrl":"https:\/\/www.motif.es\/blog\/wp-content\/uploads\/2023\/01\/oh-mamy-blue.png","width":538,"height":526},{"@type":"BreadcrumbList","@id":"https:\/\/www.motif.es\/blog\/ohmamiblue-decora-la-habitacion-de-su-bebe-con-el-papel-autoadhesivo-cute-forest-by-elena-tablada\/#breadcrumb","itemListElement":[{"@type":"ListItem","position":1,"name":"Blog","item":"https:\/\/www.motif.es\/blog\/"},{"@type":"ListItem","position":2,"name":"embajadores Motif","item":"https:\/\/www.motif.es\/blog\/category\/embajadores-motif\/"},{"@type":"ListItem","position":3,"name":"Oh!Mamiblue, decora la habitaci\u00f3n de su beb\u00e9 con el Papel Autoadhesivo Cute Forest by Elena Tablada"}]},{"@type":"WebSite","@id":"https:\/\/www.motif.es\/blog\/#website","url":"https:\/\/www.motif.es\/blog\/","name":"Blog Motif","description":"nuestro rinc\u00f3n para inspirarte","publisher":{"@id":"https:\/\/www.motif.es\/blog\/#organization"},"potentialAction":[{"@type":"SearchAction","target":{"@type":"EntryPoint","urlTemplate":"https:\/\/www.motif.es\/blog\/?s={search_term_string}"},"query-input":{"@type":"PropertyValueSpecification","valueRequired":true,"valueName":"search_term_string"}}],"inLanguage":"es"},{"@type":"Organization","@id":"https:\/\/www.motif.es\/blog\/#organization","name":"Motif Wallpapers S.L.U.","url":"https:\/\/www.motif.es\/blog\/","logo":{"@type":"ImageObject","inLanguage":"es","@id":"https:\/\/www.motif.es\/blog\/#\/schema\/logo\/image\/","url":"https:\/\/motif.es\/blog\/wp-content\/uploads\/2021\/06\/logo-motif.jpg","contentUrl":"https:\/\/motif.es\/blog\/wp-content\/uploads\/2021\/06\/logo-motif.jpg","width":464,"height":464,"caption":"Motif Wallpapers S.L.U."},"image":{"@id":"https:\/\/www.motif.es\/blog\/#\/schema\/logo\/image\/"},"sameAs":["https:\/\/www.facebook.com\/motifmorethanwalls\/","https:\/\/www.instagram.com\/motif_es\/?hl=es","https:\/\/www.pinterest.es\/motifwallpapers\/","https:\/\/www.youtube.com\/channel\/UCNaOmbxD6LjcQNj4vmfVIUg"]},{"@type":"Person","@id":"https:\/\/www.motif.es\/blog\/#\/schema\/person\/aac26ed80d8e02fb9525ec6b569d75e9","name":"Comunicaci\u00f3n Motif","image":{"@type":"ImageObject","inLanguage":"es","@id":"https:\/\/secure.gravatar.com\/avatar\/93b2fb49a03bd7a57b5f5e8c3b740113f14f25da86b090887d9353672de2d9b5?s=96&d=mm&r=g","url":"https:\/\/secure.gravatar.com\/avatar\/93b2fb49a03bd7a57b5f5e8c3b740113f14f25da86b090887d9353672de2d9b5?s=96&d=mm&r=g","contentUrl":"https:\/\/secure.gravatar.com\/avatar\/93b2fb49a03bd7a57b5f5e8c3b740113f14f25da86b090887d9353672de2d9b5?s=96&d=mm&r=g","caption":"Comunicaci\u00f3n Motif"},"url":"https:\/\/www.motif.es\/blog\/author\/comunicacion\/"}]}},"_links":{"self":[{"href":"https:\/\/www.motif.es\/blog\/wp-json\/wp\/v2\/posts\/1940","targetHints":{"allow":["GET"]}}],"collection":[{"href":"https:\/\/www.motif.es\/blog\/wp-json\/wp\/v2\/posts"}],"about":[{"href":"https:\/\/www.motif.es\/blog\/wp-json\/wp\/v2\/types\/post"}],"author":[{"embeddable":true,"href":"https:\/\/www.motif.es\/blog\/wp-json\/wp\/v2\/users\/2"}],"replies":[{"embeddable":true,"href":"https:\/\/www.motif.es\/blog\/wp-json\/wp\/v2\/comments?post=1940"}],"version-history":[{"count":1,"href":"https:\/\/www.motif.es\/blog\/wp-json\/wp\/v2\/posts\/1940\/revisions"}],"predecessor-version":[{"id":1945,"href":"https:\/\/www.motif.es\/blog\/wp-json\/wp\/v2\/posts\/1940\/revisions\/1945"}],"wp:featuredmedia":[{"embeddable":true,"href":"https:\/\/www.motif.es\/blog\/wp-json\/wp\/v2\/media\/1943"}],"wp:attachment":[{"href":"https:\/\/www.motif.es\/blog\/wp-json\/wp\/v2\/media?parent=1940"}],"wp:term":[{"taxonomy":"category","embeddable":true,"href":"https:\/\/www.motif.es\/blog\/wp-json\/wp\/v2\/categories?post=1940"},{"taxonomy":"post_tag","embeddable":true,"href":"https:\/\/www.motif.es\/blog\/wp-json\/wp\/v2\/tags?post=1940"}],"curies":[{"name":"wp","href":"https:\/\/api.w.org\/{rel}","templated":true}]}}