{"id":1952,"date":"2023-01-26T12:12:56","date_gmt":"2023-01-26T12:12:56","guid":{"rendered":"https:\/\/motif.es\/blog\/?p=1952"},"modified":"2023-01-31T12:32:55","modified_gmt":"2023-01-31T12:32:55","slug":"motifpro-miriammimesis-redecora-un-estudio-de-tatuaje","status":"publish","type":"post","link":"https:\/\/www.motif.es\/blog\/motifpro-miriammimesis-redecora-un-estudio-de-tatuaje\/","title":{"rendered":"#MotifPRO | @miriammimesis redecora un estudio de tatuaje"},"content":{"rendered":"<p>Como ya sabr\u00e9is, <a href=\"https:\/\/motif.es\/blog\/embajadora-motif-miriam-mimesis-sigue-atrayendo-seguidores-en-sus-redes-sociales\/\" target=\"_blank\" rel=\"noopener\">Miriam Mimesis es una de nuestras embajadoras favoritas<\/a>, y esto es as\u00ed porque nos enamora con cada uno de sus proyectos, y en muchos de ellos nos elige para formar parte de la trasformaci\u00f3n.<\/p>\n<p>Hemos participado con ella en much\u00edsimos proyectos en los que pone todo su saber hacer para <strong>llevar tu propio estilo a tu casa con equilibrio<\/strong>, porque como ella dice, ese es el m\u00e1s importante.<\/p>\n<p>Pues bien, adem\u00e1s de hogares, tambi\u00e9n tiene proyectos tan bonitos como el que hoy queremos mostraros. Ni m\u00e1s ni menos que el de un estudio de tatuaje.<\/p>\n<p style=\"text-align: left;\"><img loading=\"lazy\" decoding=\"async\" class=\"alignnone size-full wp-image-1954\" src=\"https:\/\/motif.es\/blog\/wp-content\/uploads\/2023\/01\/319656104_516352150525326_3575161741565756518_n.jpg\" alt=\"\" width=\"1080\" height=\"1350\" srcset=\"https:\/\/www.motif.es\/blog\/wp-content\/uploads\/2023\/01\/319656104_516352150525326_3575161741565756518_n.jpg 1080w, https:\/\/www.motif.es\/blog\/wp-content\/uploads\/2023\/01\/319656104_516352150525326_3575161741565756518_n-240x300.jpg 240w, https:\/\/www.motif.es\/blog\/wp-content\/uploads\/2023\/01\/319656104_516352150525326_3575161741565756518_n-819x1024.jpg 819w, https:\/\/www.motif.es\/blog\/wp-content\/uploads\/2023\/01\/319656104_516352150525326_3575161741565756518_n-768x960.jpg 768w, https:\/\/www.motif.es\/blog\/wp-content\/uploads\/2023\/01\/319656104_516352150525326_3575161741565756518_n-150x188.jpg 150w\" sizes=\"auto, (max-width: 1080px) 100vw, 1080px\" \/>Para este proyecto ha optado por dar protagonismo en la decoraci\u00f3n, a dos colores, el negro y el blanco, consiguiendo un resultado de impacto\ud83e\udd0d<\/p>\n<p>Es este estudio de tatuaje, EMEJOTA TATTOO, trabaj\u00f3 con la est\u00e9tica limpia y cuidada de su trabajo, para proyectarla en su nuevo espacio.<\/p>\n<p>Como ella nos cuenta en su cuenta de Instagram, sin duda, toda la atenci\u00f3n se la lleva el incre\u00edble techo visto que descubrieron para dejarlo en bruto y que adem\u00e1s, pintaron tambi\u00e9n en negro. Y que lejos de empeque\u00f1ecer, en este caso le dio al estudio, una aspecto de profundidad y sensaci\u00f3n infinita , que adem\u00e1s se potencia con el juego de iluminaci\u00f3n y contrastes.<\/p>\n<p>Dentro de esta combinaci\u00f3n de colores, tambi\u00e9n introdujo dos de nuestros murales autoadhesivos:<\/p>\n<ul>\n<li>En mostrador y paredes centrales, se puede ver el <a href=\"https:\/\/www.motif.es\/murales-autoadhesivos\/20875-23775-mural-autoadhesivo-himarb.html#\/5-material-texart\/6-tamano_mural-132x260cm\/58-color-gris\" target=\"_blank\" rel=\"noopener\">MURAL AUTOADHESIVO HIMARB<\/a><\/li>\n<\/ul>\n<p><img loading=\"lazy\" decoding=\"async\" class=\"alignnone size-full wp-image-1958\" src=\"https:\/\/motif.es\/blog\/wp-content\/uploads\/2023\/01\/319686150_3317358605188757_6908365981974057413_n.jpg\" alt=\"\" width=\"1080\" height=\"1350\" srcset=\"https:\/\/www.motif.es\/blog\/wp-content\/uploads\/2023\/01\/319686150_3317358605188757_6908365981974057413_n.jpg 1080w, https:\/\/www.motif.es\/blog\/wp-content\/uploads\/2023\/01\/319686150_3317358605188757_6908365981974057413_n-240x300.jpg 240w, https:\/\/www.motif.es\/blog\/wp-content\/uploads\/2023\/01\/319686150_3317358605188757_6908365981974057413_n-819x1024.jpg 819w, https:\/\/www.motif.es\/blog\/wp-content\/uploads\/2023\/01\/319686150_3317358605188757_6908365981974057413_n-768x960.jpg 768w, https:\/\/www.motif.es\/blog\/wp-content\/uploads\/2023\/01\/319686150_3317358605188757_6908365981974057413_n-150x188.jpg 150w\" sizes=\"auto, (max-width: 1080px) 100vw, 1080px\" \/><\/p>\n<ul>\n<li>Y en las paredes del ba\u00f1o, el <a href=\"https:\/\/www.motif.es\/murales-autoadhesivos\/20500-14985-mural-autoadhesivo-pietra-black.html#\/5-material-texart\/6-tamano_mural-132x260cm\/81-color-blanco_y_negro\" target=\"_blank\" rel=\"noopener\">MURAL AUTOADHESIVO PIETRA BLACK<\/a>.<\/li>\n<\/ul>\n<p><img loading=\"lazy\" decoding=\"async\" class=\"alignnone size-full wp-image-1957\" src=\"https:\/\/motif.es\/blog\/wp-content\/uploads\/2023\/01\/319123546_843397700082484_7374841014209097076_n.jpg\" alt=\"\" width=\"1080\" height=\"1350\" srcset=\"https:\/\/www.motif.es\/blog\/wp-content\/uploads\/2023\/01\/319123546_843397700082484_7374841014209097076_n.jpg 1080w, https:\/\/www.motif.es\/blog\/wp-content\/uploads\/2023\/01\/319123546_843397700082484_7374841014209097076_n-240x300.jpg 240w, https:\/\/www.motif.es\/blog\/wp-content\/uploads\/2023\/01\/319123546_843397700082484_7374841014209097076_n-819x1024.jpg 819w, https:\/\/www.motif.es\/blog\/wp-content\/uploads\/2023\/01\/319123546_843397700082484_7374841014209097076_n-768x960.jpg 768w, https:\/\/www.motif.es\/blog\/wp-content\/uploads\/2023\/01\/319123546_843397700082484_7374841014209097076_n-150x188.jpg 150w\" sizes=\"auto, (max-width: 1080px) 100vw, 1080px\" \/><\/p>\n<p>El resultado, \u00a1espectacular!<\/p>\n","protected":false},"excerpt":{"rendered":"<p>Como ya sabr\u00e9is, Miriam Mimesis es una de nuestras embajadoras favoritas, y esto es as\u00ed porque nos enamora con cada uno de sus proyectos, y en muchos de ellos nos elige para formar parte de la trasformaci\u00f3n. Hemos participado con ella en much\u00edsimos proyectos en los que pone todo su saber hacer para llevar tu [&#8230;]<\/p>\n","protected":false},"author":2,"featured_media":1958,"comment_status":"open","ping_status":"open","sticky":false,"template":"","format":"standard","meta":{"_acf_changed":false,"footnotes":""},"categories":[18],"tags":[],"class_list":["post-1952","post","type-post","status-publish","format-standard","has-post-thumbnail","hentry","category-interioristas"],"acf":[],"yoast_head":"<!-- This site is optimized with the Yoast SEO plugin v27.5 - https:\/\/yoast.com\/product\/yoast-seo-wordpress\/ -->\n<title>#MotifPRO | @miriammimesis redecora un estudio de tatuaje - Blog Motif<\/title>\n<meta name=\"description\" content=\"Como ya sabr\u00e9is, Miriam Mimesis es una de nuestras embajadoras favoritas, y esto es as\u00ed porque nos enamora con cada uno de sus proyectos, y en muchos de\" \/>\n<meta name=\"robots\" content=\"index, follow, max-snippet:-1, max-image-preview:large, max-video-preview:-1\" \/>\n<link rel=\"canonical\" href=\"https:\/\/www.motif.es\/blog\/motifpro-miriammimesis-redecora-un-estudio-de-tatuaje\/\" \/>\n<meta property=\"og:locale\" content=\"es_ES\" \/>\n<meta property=\"og:type\" content=\"article\" \/>\n<meta property=\"og:title\" content=\"#MotifPRO | @miriammimesis redecora un estudio de tatuaje - Blog Motif\" \/>\n<meta property=\"og:description\" content=\"Como ya sabr\u00e9is, Miriam Mimesis es una de nuestras embajadoras favoritas, y esto es as\u00ed porque nos enamora con cada uno de sus proyectos, y en muchos de\" \/>\n<meta property=\"og:url\" content=\"https:\/\/www.motif.es\/blog\/motifpro-miriammimesis-redecora-un-estudio-de-tatuaje\/\" \/>\n<meta property=\"og:site_name\" content=\"Blog Motif\" \/>\n<meta property=\"article:publisher\" content=\"https:\/\/www.facebook.com\/motifmorethanwalls\/\" \/>\n<meta property=\"article:published_time\" content=\"2023-01-26T12:12:56+00:00\" \/>\n<meta property=\"article:modified_time\" content=\"2023-01-31T12:32:55+00:00\" \/>\n<meta property=\"og:image\" content=\"https:\/\/www.motif.es\/blog\/wp-content\/uploads\/2023\/01\/319686150_3317358605188757_6908365981974057413_n.jpg\" \/>\n\t<meta property=\"og:image:width\" content=\"1080\" \/>\n\t<meta property=\"og:image:height\" content=\"1350\" \/>\n\t<meta property=\"og:image:type\" content=\"image\/jpeg\" \/>\n<meta name=\"author\" content=\"Comunicaci\u00f3n Motif\" \/>\n<meta name=\"twitter:card\" content=\"summary_large_image\" \/>\n<meta name=\"twitter:label1\" content=\"Escrito por\" \/>\n\t<meta name=\"twitter:data1\" content=\"Comunicaci\u00f3n Motif\" \/>\n\t<meta name=\"twitter:label2\" content=\"Tiempo de lectura\" \/>\n\t<meta name=\"twitter:data2\" content=\"2 minutos\" \/>\n<script type=\"application\/ld+json\" class=\"yoast-schema-graph\">{\"@context\":\"https:\\\/\\\/schema.org\",\"@graph\":[{\"@type\":\"Article\",\"@id\":\"https:\\\/\\\/www.motif.es\\\/blog\\\/motifpro-miriammimesis-redecora-un-estudio-de-tatuaje\\\/#article\",\"isPartOf\":{\"@id\":\"https:\\\/\\\/www.motif.es\\\/blog\\\/motifpro-miriammimesis-redecora-un-estudio-de-tatuaje\\\/\"},\"author\":{\"name\":\"Comunicaci\u00f3n Motif\",\"@id\":\"https:\\\/\\\/www.motif.es\\\/blog\\\/#\\\/schema\\\/person\\\/aac26ed80d8e02fb9525ec6b569d75e9\"},\"headline\":\"#MotifPRO | @miriammimesis redecora un estudio de tatuaje\",\"datePublished\":\"2023-01-26T12:12:56+00:00\",\"dateModified\":\"2023-01-31T12:32:55+00:00\",\"mainEntityOfPage\":{\"@id\":\"https:\\\/\\\/www.motif.es\\\/blog\\\/motifpro-miriammimesis-redecora-un-estudio-de-tatuaje\\\/\"},\"wordCount\":275,\"commentCount\":0,\"publisher\":{\"@id\":\"https:\\\/\\\/www.motif.es\\\/blog\\\/#organization\"},\"image\":{\"@id\":\"https:\\\/\\\/www.motif.es\\\/blog\\\/motifpro-miriammimesis-redecora-un-estudio-de-tatuaje\\\/#primaryimage\"},\"thumbnailUrl\":\"https:\\\/\\\/www.motif.es\\\/blog\\\/wp-content\\\/uploads\\\/2023\\\/01\\\/319686150_3317358605188757_6908365981974057413_n.jpg\",\"articleSection\":[\"interioristas\"],\"inLanguage\":\"es\",\"potentialAction\":[{\"@type\":\"CommentAction\",\"name\":\"Comment\",\"target\":[\"https:\\\/\\\/www.motif.es\\\/blog\\\/motifpro-miriammimesis-redecora-un-estudio-de-tatuaje\\\/#respond\"]}]},{\"@type\":\"WebPage\",\"@id\":\"https:\\\/\\\/www.motif.es\\\/blog\\\/motifpro-miriammimesis-redecora-un-estudio-de-tatuaje\\\/\",\"url\":\"https:\\\/\\\/www.motif.es\\\/blog\\\/motifpro-miriammimesis-redecora-un-estudio-de-tatuaje\\\/\",\"name\":\"#MotifPRO | @miriammimesis redecora un estudio de tatuaje - Blog Motif\",\"isPartOf\":{\"@id\":\"https:\\\/\\\/www.motif.es\\\/blog\\\/#website\"},\"primaryImageOfPage\":{\"@id\":\"https:\\\/\\\/www.motif.es\\\/blog\\\/motifpro-miriammimesis-redecora-un-estudio-de-tatuaje\\\/#primaryimage\"},\"image\":{\"@id\":\"https:\\\/\\\/www.motif.es\\\/blog\\\/motifpro-miriammimesis-redecora-un-estudio-de-tatuaje\\\/#primaryimage\"},\"thumbnailUrl\":\"https:\\\/\\\/www.motif.es\\\/blog\\\/wp-content\\\/uploads\\\/2023\\\/01\\\/319686150_3317358605188757_6908365981974057413_n.jpg\",\"datePublished\":\"2023-01-26T12:12:56+00:00\",\"dateModified\":\"2023-01-31T12:32:55+00:00\",\"description\":\"Como ya sabr\u00e9is, Miriam Mimesis es una de nuestras embajadoras favoritas, y esto es as\u00ed porque nos enamora con cada uno de sus proyectos, y en muchos de\",\"breadcrumb\":{\"@id\":\"https:\\\/\\\/www.motif.es\\\/blog\\\/motifpro-miriammimesis-redecora-un-estudio-de-tatuaje\\\/#breadcrumb\"},\"inLanguage\":\"es\",\"potentialAction\":[{\"@type\":\"ReadAction\",\"target\":[\"https:\\\/\\\/www.motif.es\\\/blog\\\/motifpro-miriammimesis-redecora-un-estudio-de-tatuaje\\\/\"]}]},{\"@type\":\"ImageObject\",\"inLanguage\":\"es\",\"@id\":\"https:\\\/\\\/www.motif.es\\\/blog\\\/motifpro-miriammimesis-redecora-un-estudio-de-tatuaje\\\/#primaryimage\",\"url\":\"https:\\\/\\\/www.motif.es\\\/blog\\\/wp-content\\\/uploads\\\/2023\\\/01\\\/319686150_3317358605188757_6908365981974057413_n.jpg\",\"contentUrl\":\"https:\\\/\\\/www.motif.es\\\/blog\\\/wp-content\\\/uploads\\\/2023\\\/01\\\/319686150_3317358605188757_6908365981974057413_n.jpg\",\"width\":1080,\"height\":1350},{\"@type\":\"BreadcrumbList\",\"@id\":\"https:\\\/\\\/www.motif.es\\\/blog\\\/motifpro-miriammimesis-redecora-un-estudio-de-tatuaje\\\/#breadcrumb\",\"itemListElement\":[{\"@type\":\"ListItem\",\"position\":1,\"name\":\"Blog\",\"item\":\"https:\\\/\\\/www.motif.es\\\/blog\\\/\"},{\"@type\":\"ListItem\",\"position\":2,\"name\":\"interioristas\",\"item\":\"https:\\\/\\\/www.motif.es\\\/blog\\\/category\\\/interioristas\\\/\"},{\"@type\":\"ListItem\",\"position\":3,\"name\":\"#MotifPRO | @miriammimesis redecora un estudio de tatuaje\"}]},{\"@type\":\"WebSite\",\"@id\":\"https:\\\/\\\/www.motif.es\\\/blog\\\/#website\",\"url\":\"https:\\\/\\\/www.motif.es\\\/blog\\\/\",\"name\":\"Blog Motif\",\"description\":\"nuestro rinc\u00f3n para inspirarte\",\"publisher\":{\"@id\":\"https:\\\/\\\/www.motif.es\\\/blog\\\/#organization\"},\"potentialAction\":[{\"@type\":\"SearchAction\",\"target\":{\"@type\":\"EntryPoint\",\"urlTemplate\":\"https:\\\/\\\/www.motif.es\\\/blog\\\/?s={search_term_string}\"},\"query-input\":{\"@type\":\"PropertyValueSpecification\",\"valueRequired\":true,\"valueName\":\"search_term_string\"}}],\"inLanguage\":\"es\"},{\"@type\":\"Organization\",\"@id\":\"https:\\\/\\\/www.motif.es\\\/blog\\\/#organization\",\"name\":\"Motif Wallpapers S.L.U.\",\"url\":\"https:\\\/\\\/www.motif.es\\\/blog\\\/\",\"logo\":{\"@type\":\"ImageObject\",\"inLanguage\":\"es\",\"@id\":\"https:\\\/\\\/www.motif.es\\\/blog\\\/#\\\/schema\\\/logo\\\/image\\\/\",\"url\":\"https:\\\/\\\/motif.es\\\/blog\\\/wp-content\\\/uploads\\\/2021\\\/06\\\/logo-motif.jpg\",\"contentUrl\":\"https:\\\/\\\/motif.es\\\/blog\\\/wp-content\\\/uploads\\\/2021\\\/06\\\/logo-motif.jpg\",\"width\":464,\"height\":464,\"caption\":\"Motif Wallpapers S.L.U.\"},\"image\":{\"@id\":\"https:\\\/\\\/www.motif.es\\\/blog\\\/#\\\/schema\\\/logo\\\/image\\\/\"},\"sameAs\":[\"https:\\\/\\\/www.facebook.com\\\/motifmorethanwalls\\\/\",\"https:\\\/\\\/www.instagram.com\\\/motif_es\\\/?hl=es\",\"https:\\\/\\\/www.pinterest.es\\\/motifwallpapers\\\/\",\"https:\\\/\\\/www.youtube.com\\\/channel\\\/UCNaOmbxD6LjcQNj4vmfVIUg\"]},{\"@type\":\"Person\",\"@id\":\"https:\\\/\\\/www.motif.es\\\/blog\\\/#\\\/schema\\\/person\\\/aac26ed80d8e02fb9525ec6b569d75e9\",\"name\":\"Comunicaci\u00f3n Motif\",\"image\":{\"@type\":\"ImageObject\",\"inLanguage\":\"es\",\"@id\":\"https:\\\/\\\/secure.gravatar.com\\\/avatar\\\/93b2fb49a03bd7a57b5f5e8c3b740113f14f25da86b090887d9353672de2d9b5?s=96&d=mm&r=g\",\"url\":\"https:\\\/\\\/secure.gravatar.com\\\/avatar\\\/93b2fb49a03bd7a57b5f5e8c3b740113f14f25da86b090887d9353672de2d9b5?s=96&d=mm&r=g\",\"contentUrl\":\"https:\\\/\\\/secure.gravatar.com\\\/avatar\\\/93b2fb49a03bd7a57b5f5e8c3b740113f14f25da86b090887d9353672de2d9b5?s=96&d=mm&r=g\",\"caption\":\"Comunicaci\u00f3n Motif\"},\"url\":\"https:\\\/\\\/www.motif.es\\\/blog\\\/author\\\/comunicacion\\\/\"}]}<\/script>\n<!-- \/ Yoast SEO plugin. -->","yoast_head_json":{"title":"#MotifPRO | @miriammimesis redecora un estudio de tatuaje - Blog Motif","description":"Como ya sabr\u00e9is, Miriam Mimesis es una de nuestras embajadoras favoritas, y esto es as\u00ed porque nos enamora con cada uno de sus proyectos, y en muchos de","robots":{"index":"index","follow":"follow","max-snippet":"max-snippet:-1","max-image-preview":"max-image-preview:large","max-video-preview":"max-video-preview:-1"},"canonical":"https:\/\/www.motif.es\/blog\/motifpro-miriammimesis-redecora-un-estudio-de-tatuaje\/","og_locale":"es_ES","og_type":"article","og_title":"#MotifPRO | @miriammimesis redecora un estudio de tatuaje - Blog Motif","og_description":"Como ya sabr\u00e9is, Miriam Mimesis es una de nuestras embajadoras favoritas, y esto es as\u00ed porque nos enamora con cada uno de sus proyectos, y en muchos de","og_url":"https:\/\/www.motif.es\/blog\/motifpro-miriammimesis-redecora-un-estudio-de-tatuaje\/","og_site_name":"Blog Motif","article_publisher":"https:\/\/www.facebook.com\/motifmorethanwalls\/","article_published_time":"2023-01-26T12:12:56+00:00","article_modified_time":"2023-01-31T12:32:55+00:00","og_image":[{"width":1080,"height":1350,"url":"https:\/\/www.motif.es\/blog\/wp-content\/uploads\/2023\/01\/319686150_3317358605188757_6908365981974057413_n.jpg","type":"image\/jpeg"}],"author":"Comunicaci\u00f3n Motif","twitter_card":"summary_large_image","twitter_misc":{"Escrito por":"Comunicaci\u00f3n Motif","Tiempo de lectura":"2 minutos"},"schema":{"@context":"https:\/\/schema.org","@graph":[{"@type":"Article","@id":"https:\/\/www.motif.es\/blog\/motifpro-miriammimesis-redecora-un-estudio-de-tatuaje\/#article","isPartOf":{"@id":"https:\/\/www.motif.es\/blog\/motifpro-miriammimesis-redecora-un-estudio-de-tatuaje\/"},"author":{"name":"Comunicaci\u00f3n Motif","@id":"https:\/\/www.motif.es\/blog\/#\/schema\/person\/aac26ed80d8e02fb9525ec6b569d75e9"},"headline":"#MotifPRO | @miriammimesis redecora un estudio de tatuaje","datePublished":"2023-01-26T12:12:56+00:00","dateModified":"2023-01-31T12:32:55+00:00","mainEntityOfPage":{"@id":"https:\/\/www.motif.es\/blog\/motifpro-miriammimesis-redecora-un-estudio-de-tatuaje\/"},"wordCount":275,"commentCount":0,"publisher":{"@id":"https:\/\/www.motif.es\/blog\/#organization"},"image":{"@id":"https:\/\/www.motif.es\/blog\/motifpro-miriammimesis-redecora-un-estudio-de-tatuaje\/#primaryimage"},"thumbnailUrl":"https:\/\/www.motif.es\/blog\/wp-content\/uploads\/2023\/01\/319686150_3317358605188757_6908365981974057413_n.jpg","articleSection":["interioristas"],"inLanguage":"es","potentialAction":[{"@type":"CommentAction","name":"Comment","target":["https:\/\/www.motif.es\/blog\/motifpro-miriammimesis-redecora-un-estudio-de-tatuaje\/#respond"]}]},{"@type":"WebPage","@id":"https:\/\/www.motif.es\/blog\/motifpro-miriammimesis-redecora-un-estudio-de-tatuaje\/","url":"https:\/\/www.motif.es\/blog\/motifpro-miriammimesis-redecora-un-estudio-de-tatuaje\/","name":"#MotifPRO | @miriammimesis redecora un estudio de tatuaje - Blog Motif","isPartOf":{"@id":"https:\/\/www.motif.es\/blog\/#website"},"primaryImageOfPage":{"@id":"https:\/\/www.motif.es\/blog\/motifpro-miriammimesis-redecora-un-estudio-de-tatuaje\/#primaryimage"},"image":{"@id":"https:\/\/www.motif.es\/blog\/motifpro-miriammimesis-redecora-un-estudio-de-tatuaje\/#primaryimage"},"thumbnailUrl":"https:\/\/www.motif.es\/blog\/wp-content\/uploads\/2023\/01\/319686150_3317358605188757_6908365981974057413_n.jpg","datePublished":"2023-01-26T12:12:56+00:00","dateModified":"2023-01-31T12:32:55+00:00","description":"Como ya sabr\u00e9is, Miriam Mimesis es una de nuestras embajadoras favoritas, y esto es as\u00ed porque nos enamora con cada uno de sus proyectos, y en muchos de","breadcrumb":{"@id":"https:\/\/www.motif.es\/blog\/motifpro-miriammimesis-redecora-un-estudio-de-tatuaje\/#breadcrumb"},"inLanguage":"es","potentialAction":[{"@type":"ReadAction","target":["https:\/\/www.motif.es\/blog\/motifpro-miriammimesis-redecora-un-estudio-de-tatuaje\/"]}]},{"@type":"ImageObject","inLanguage":"es","@id":"https:\/\/www.motif.es\/blog\/motifpro-miriammimesis-redecora-un-estudio-de-tatuaje\/#primaryimage","url":"https:\/\/www.motif.es\/blog\/wp-content\/uploads\/2023\/01\/319686150_3317358605188757_6908365981974057413_n.jpg","contentUrl":"https:\/\/www.motif.es\/blog\/wp-content\/uploads\/2023\/01\/319686150_3317358605188757_6908365981974057413_n.jpg","width":1080,"height":1350},{"@type":"BreadcrumbList","@id":"https:\/\/www.motif.es\/blog\/motifpro-miriammimesis-redecora-un-estudio-de-tatuaje\/#breadcrumb","itemListElement":[{"@type":"ListItem","position":1,"name":"Blog","item":"https:\/\/www.motif.es\/blog\/"},{"@type":"ListItem","position":2,"name":"interioristas","item":"https:\/\/www.motif.es\/blog\/category\/interioristas\/"},{"@type":"ListItem","position":3,"name":"#MotifPRO | @miriammimesis redecora un estudio de tatuaje"}]},{"@type":"WebSite","@id":"https:\/\/www.motif.es\/blog\/#website","url":"https:\/\/www.motif.es\/blog\/","name":"Blog Motif","description":"nuestro rinc\u00f3n para inspirarte","publisher":{"@id":"https:\/\/www.motif.es\/blog\/#organization"},"potentialAction":[{"@type":"SearchAction","target":{"@type":"EntryPoint","urlTemplate":"https:\/\/www.motif.es\/blog\/?s={search_term_string}"},"query-input":{"@type":"PropertyValueSpecification","valueRequired":true,"valueName":"search_term_string"}}],"inLanguage":"es"},{"@type":"Organization","@id":"https:\/\/www.motif.es\/blog\/#organization","name":"Motif Wallpapers S.L.U.","url":"https:\/\/www.motif.es\/blog\/","logo":{"@type":"ImageObject","inLanguage":"es","@id":"https:\/\/www.motif.es\/blog\/#\/schema\/logo\/image\/","url":"https:\/\/motif.es\/blog\/wp-content\/uploads\/2021\/06\/logo-motif.jpg","contentUrl":"https:\/\/motif.es\/blog\/wp-content\/uploads\/2021\/06\/logo-motif.jpg","width":464,"height":464,"caption":"Motif Wallpapers S.L.U."},"image":{"@id":"https:\/\/www.motif.es\/blog\/#\/schema\/logo\/image\/"},"sameAs":["https:\/\/www.facebook.com\/motifmorethanwalls\/","https:\/\/www.instagram.com\/motif_es\/?hl=es","https:\/\/www.pinterest.es\/motifwallpapers\/","https:\/\/www.youtube.com\/channel\/UCNaOmbxD6LjcQNj4vmfVIUg"]},{"@type":"Person","@id":"https:\/\/www.motif.es\/blog\/#\/schema\/person\/aac26ed80d8e02fb9525ec6b569d75e9","name":"Comunicaci\u00f3n Motif","image":{"@type":"ImageObject","inLanguage":"es","@id":"https:\/\/secure.gravatar.com\/avatar\/93b2fb49a03bd7a57b5f5e8c3b740113f14f25da86b090887d9353672de2d9b5?s=96&d=mm&r=g","url":"https:\/\/secure.gravatar.com\/avatar\/93b2fb49a03bd7a57b5f5e8c3b740113f14f25da86b090887d9353672de2d9b5?s=96&d=mm&r=g","contentUrl":"https:\/\/secure.gravatar.com\/avatar\/93b2fb49a03bd7a57b5f5e8c3b740113f14f25da86b090887d9353672de2d9b5?s=96&d=mm&r=g","caption":"Comunicaci\u00f3n Motif"},"url":"https:\/\/www.motif.es\/blog\/author\/comunicacion\/"}]}},"_links":{"self":[{"href":"https:\/\/www.motif.es\/blog\/wp-json\/wp\/v2\/posts\/1952","targetHints":{"allow":["GET"]}}],"collection":[{"href":"https:\/\/www.motif.es\/blog\/wp-json\/wp\/v2\/posts"}],"about":[{"href":"https:\/\/www.motif.es\/blog\/wp-json\/wp\/v2\/types\/post"}],"author":[{"embeddable":true,"href":"https:\/\/www.motif.es\/blog\/wp-json\/wp\/v2\/users\/2"}],"replies":[{"embeddable":true,"href":"https:\/\/www.motif.es\/blog\/wp-json\/wp\/v2\/comments?post=1952"}],"version-history":[{"count":1,"href":"https:\/\/www.motif.es\/blog\/wp-json\/wp\/v2\/posts\/1952\/revisions"}],"predecessor-version":[{"id":1959,"href":"https:\/\/www.motif.es\/blog\/wp-json\/wp\/v2\/posts\/1952\/revisions\/1959"}],"wp:featuredmedia":[{"embeddable":true,"href":"https:\/\/www.motif.es\/blog\/wp-json\/wp\/v2\/media\/1958"}],"wp:attachment":[{"href":"https:\/\/www.motif.es\/blog\/wp-json\/wp\/v2\/media?parent=1952"}],"wp:term":[{"taxonomy":"category","embeddable":true,"href":"https:\/\/www.motif.es\/blog\/wp-json\/wp\/v2\/categories?post=1952"},{"taxonomy":"post_tag","embeddable":true,"href":"https:\/\/www.motif.es\/blog\/wp-json\/wp\/v2\/tags?post=1952"}],"curies":[{"name":"wp","href":"https:\/\/api.w.org\/{rel}","templated":true}]}}