{"id":1960,"date":"2023-01-03T12:34:19","date_gmt":"2023-01-03T12:34:19","guid":{"rendered":"https:\/\/motif.es\/blog\/?p=1960"},"modified":"2023-01-31T12:59:33","modified_gmt":"2023-01-31T12:59:33","slug":"el-diseno-pietra-black-realismo-en-estado-puro","status":"publish","type":"post","link":"https:\/\/www.motif.es\/blog\/el-diseno-pietra-black-realismo-en-estado-puro\/","title":{"rendered":"El dise\u00f1o Pietra Black, realismo en estado puro"},"content":{"rendered":"<p>\u00a1El m\u00e1rmol se lleva! La <strong>decoraci\u00f3n con m\u00e1rmol<\/strong> sigue siendo tendencia, pero no solo para incluirlo en cocinas o ba\u00f1os, sino en cualquier estancia de una casa. Las posibilidades que ofrece son infinitas, aunque a veces no est\u00e1 al alcance de todos o no es momento para hacer una reforma e incorporarlo.<\/p>\n<p>Si este es tu caso, tenemos una alternativa m\u00e1s limpia, econ\u00f3mica y que en la que no vas a necesitar obra; optar por murales pintados, vinilos entre otros, y uno de nuestros dise\u00f1os estrella para conseguirlo es el Pietra Black.<\/p>\n<p style=\"text-align: center;\"><img loading=\"lazy\" decoding=\"async\" class=\"alignnone size-full wp-image-1962\" src=\"https:\/\/motif.es\/blog\/wp-content\/uploads\/2023\/01\/vinilo-pietra-black-1.jpg\" alt=\"\" width=\"1000\" height=\"1000\" srcset=\"https:\/\/www.motif.es\/blog\/wp-content\/uploads\/2023\/01\/vinilo-pietra-black-1.jpg 1000w, https:\/\/www.motif.es\/blog\/wp-content\/uploads\/2023\/01\/vinilo-pietra-black-1-300x300.jpg 300w, https:\/\/www.motif.es\/blog\/wp-content\/uploads\/2023\/01\/vinilo-pietra-black-1-150x150.jpg 150w, https:\/\/www.motif.es\/blog\/wp-content\/uploads\/2023\/01\/vinilo-pietra-black-1-768x768.jpg 768w, https:\/\/www.motif.es\/blog\/wp-content\/uploads\/2023\/01\/vinilo-pietra-black-1-400x400.jpg 400w, https:\/\/www.motif.es\/blog\/wp-content\/uploads\/2023\/01\/vinilo-pietra-black-1-96x96.jpg 96w\" sizes=\"auto, (max-width: 1000px) 100vw, 1000px\" \/><\/p>\n<p>Este elegante dise\u00f1o, hiper realista, imita a un m\u00e1rmol negro y es tan aut\u00e9ntico que no te extra\u00f1e que cuando alguien vaya a tu casa se acerque directo a tocarlo, esperando notar una helada placa de m\u00e1rmol y se gire sorprendido hacia ti y te diga \u00ab\u00a1\u00bfPero bueno, c\u00f3mo puede ser?!\u00bb.<\/p>\n<h5>\u00bfEn qu\u00e9 productos est\u00e1 disponible este dise\u00f1o?<\/h5>\n<p>Este precioso dise\u00f1o est\u00e1 disponible actualmente en tres de nuestros productos estrella: un mural autoadhesivo, un vinilo autoadhesivo y un salpicadero de cocina.<\/p>\n<ul>\n<li><strong>Mural Autoadhesivo Pietra Black:<\/strong><\/li>\n<\/ul>\n<p style=\"text-align: center;\"><img loading=\"lazy\" decoding=\"async\" class=\"alignnone size-full wp-image-1963\" src=\"https:\/\/motif.es\/blog\/wp-content\/uploads\/2023\/01\/mural-autoadhesivo-pietra-black-1.jpg\" alt=\"\" width=\"1000\" height=\"1000\" srcset=\"https:\/\/www.motif.es\/blog\/wp-content\/uploads\/2023\/01\/mural-autoadhesivo-pietra-black-1.jpg 1000w, https:\/\/www.motif.es\/blog\/wp-content\/uploads\/2023\/01\/mural-autoadhesivo-pietra-black-1-300x300.jpg 300w, https:\/\/www.motif.es\/blog\/wp-content\/uploads\/2023\/01\/mural-autoadhesivo-pietra-black-1-150x150.jpg 150w, https:\/\/www.motif.es\/blog\/wp-content\/uploads\/2023\/01\/mural-autoadhesivo-pietra-black-1-768x768.jpg 768w, https:\/\/www.motif.es\/blog\/wp-content\/uploads\/2023\/01\/mural-autoadhesivo-pietra-black-1-400x400.jpg 400w, https:\/\/www.motif.es\/blog\/wp-content\/uploads\/2023\/01\/mural-autoadhesivo-pietra-black-1-96x96.jpg 96w\" sizes=\"auto, (max-width: 1000px) 100vw, 1000px\" \/><\/p>\n<p>Al igual que todos nuestros murales, est\u00e1 disponible tanto en material TEXART como en CANVAS (puedes ver m\u00e1s sobre las caracter\u00edsticas de cada uno <a href=\"https:\/\/motif.es\/blog\/que-papel-elijo-canvas-o-texart\/\" target=\"_blank\" rel=\"noopener\">aqu\u00ed<\/a>).<\/p>\n<p>Para que se f\u00e1cil su colocaci\u00f3n, se dividen en piezas de 65 cm, y con una montura entre ellos de 1 cm, para que el dibujo case a la perfecci\u00f3n y no se abran las juntas con el paso del tiempo a causa del polvo.<\/p>\n<p>Una opci\u00f3n perfecta para cocinas, salones, ba\u00f1os (incluso la zona de la ducha) o d\u00f3nde t\u00fa quieras.<\/p>\n<ul>\n<li><a href=\"https:\/\/www.motif.es\/vinilos-autoadhesivos\/20569-22782-vinilo-pietra-black.html#\/21-tamano_vinilo_autoadhesivo-100x100_cm\/60-color-negro\/160-tipo_vinilo_autoadhesivo-premium\/161-acabado-mate\" target=\"_blank\" rel=\"noopener\"><strong>Vinilo Autoadhesivo Pietra Black<\/strong><\/a><\/li>\n<\/ul>\n<p style=\"text-align: center;\"><img loading=\"lazy\" decoding=\"async\" class=\"alignnone size-full wp-image-1964\" src=\"https:\/\/motif.es\/blog\/wp-content\/uploads\/2023\/01\/vinilo-pietra-black-2.jpg\" alt=\"\" width=\"1000\" height=\"1000\" srcset=\"https:\/\/www.motif.es\/blog\/wp-content\/uploads\/2023\/01\/vinilo-pietra-black-2.jpg 1000w, https:\/\/www.motif.es\/blog\/wp-content\/uploads\/2023\/01\/vinilo-pietra-black-2-300x300.jpg 300w, https:\/\/www.motif.es\/blog\/wp-content\/uploads\/2023\/01\/vinilo-pietra-black-2-150x150.jpg 150w, https:\/\/www.motif.es\/blog\/wp-content\/uploads\/2023\/01\/vinilo-pietra-black-2-768x768.jpg 768w, https:\/\/www.motif.es\/blog\/wp-content\/uploads\/2023\/01\/vinilo-pietra-black-2-400x400.jpg 400w, https:\/\/www.motif.es\/blog\/wp-content\/uploads\/2023\/01\/vinilo-pietra-black-2-96x96.jpg 96w\" sizes=\"auto, (max-width: 1000px) 100vw, 1000px\" \/><\/p>\n<p>Gracias a nuestros\u00a0<strong>vinilos autoadhesivos para muebles y paredes\u00a0<\/strong>podr\u00e1s crear el mueble de tus sue\u00f1os o darle un aspecto totalmente nuevo a ese antiguo aparador, mesa, c\u00f3moda, o donde quieras, ya que este vinilo es apto para todos estos lugares. Pero adem\u00e1s, los podr\u00e1s usar para decorar tu cocina, ba\u00f1o o cualquier pared de tu casa, incluidas paredes de azulejos.<\/p>\n<ul>\n<li><a href=\"https:\/\/www.motif.es\/salpicaderos-de-cocina\/21047-27025-salpicadero-de-cocina-pietra-black.html#\/60-color-negro\/197-tamanos_salpicaderos_cocina-60x60cm\" target=\"_blank\" rel=\"noopener\"><strong>Salpicadero para Cocina Pietra Black.<\/strong><\/a><\/li>\n<\/ul>\n<p style=\"text-align: center;\"><img loading=\"lazy\" decoding=\"async\" class=\"alignnone size-full wp-image-1965\" src=\"https:\/\/motif.es\/blog\/wp-content\/uploads\/2023\/01\/salpicadero-de-cocina-pietra-black-1.jpg\" alt=\"\" width=\"1000\" height=\"1000\" srcset=\"https:\/\/www.motif.es\/blog\/wp-content\/uploads\/2023\/01\/salpicadero-de-cocina-pietra-black-1.jpg 1000w, https:\/\/www.motif.es\/blog\/wp-content\/uploads\/2023\/01\/salpicadero-de-cocina-pietra-black-1-300x300.jpg 300w, https:\/\/www.motif.es\/blog\/wp-content\/uploads\/2023\/01\/salpicadero-de-cocina-pietra-black-1-150x150.jpg 150w, https:\/\/www.motif.es\/blog\/wp-content\/uploads\/2023\/01\/salpicadero-de-cocina-pietra-black-1-768x768.jpg 768w, https:\/\/www.motif.es\/blog\/wp-content\/uploads\/2023\/01\/salpicadero-de-cocina-pietra-black-1-400x400.jpg 400w, https:\/\/www.motif.es\/blog\/wp-content\/uploads\/2023\/01\/salpicadero-de-cocina-pietra-black-1-96x96.jpg 96w\" sizes=\"auto, (max-width: 1000px) 100vw, 1000px\" \/><\/p>\n<p>Nuestros salpicaderos son placas de 3 mm de espesor, formadas por dos finas capas de aluminio de 0,20 mm de espesor cada una de ellas y unidas entre s\u00ed por n\u00facleo de polietileno.<\/p>\n<p>Un salpicadero de cocina facilita en gran medida la limpieza diaria, pero adem\u00e1s, son perfectos para la cocina por su alta resistencia a la abrasi\u00f3n y a la corrosi\u00f3n.<\/p>\n<p>\u00bfImaginabas que era tan f\u00e1cil llevar la elegancia del m\u00e1rmol a tu hogar?<\/p>\n<p>&nbsp;<\/p>\n<p>&nbsp;<\/p>\n","protected":false},"excerpt":{"rendered":"<p>\u00a1El m\u00e1rmol se lleva! La decoraci\u00f3n con m\u00e1rmol sigue siendo tendencia, pero no solo para incluirlo en cocinas o ba\u00f1os, sino en cualquier estancia de una casa. Las posibilidades que ofrece son infinitas, aunque a veces no est\u00e1 al alcance de todos o no es momento para hacer una reforma e incorporarlo. Si este es [&#8230;]<\/p>\n","protected":false},"author":2,"featured_media":1963,"comment_status":"open","ping_status":"open","sticky":false,"template":"","format":"standard","meta":{"_acf_changed":false,"footnotes":""},"categories":[9,4,29,7],"tags":[],"class_list":["post-1960","post","type-post","status-publish","format-standard","has-post-thumbnail","hentry","category-inspirate","category-sobre-murales-autoadhesivos","category-sobre-salpicaderos-para-cocina","category-sobre-vinilos-para-muebles"],"acf":[],"yoast_head":"<!-- This site is optimized with the Yoast SEO plugin v27.4 - https:\/\/yoast.com\/product\/yoast-seo-wordpress\/ -->\n<title>El dise\u00f1o Pietra Black, realismo en estado puro - Blog Motif<\/title>\n<meta name=\"description\" content=\"\u00a1El m\u00e1rmol se lleva! La decoraci\u00f3n con m\u00e1rmol sigue siendo tendencia, pero no solo para incluirlo en cocinas o ba\u00f1os, sino en cualquier estancia de una\" \/>\n<meta name=\"robots\" content=\"index, follow, max-snippet:-1, max-image-preview:large, max-video-preview:-1\" \/>\n<link rel=\"canonical\" href=\"https:\/\/www.motif.es\/blog\/el-diseno-pietra-black-realismo-en-estado-puro\/\" \/>\n<meta property=\"og:locale\" content=\"es_ES\" \/>\n<meta property=\"og:type\" content=\"article\" \/>\n<meta property=\"og:title\" content=\"El dise\u00f1o Pietra Black, realismo en estado puro - Blog Motif\" \/>\n<meta property=\"og:description\" content=\"\u00a1El m\u00e1rmol se lleva! La decoraci\u00f3n con m\u00e1rmol sigue siendo tendencia, pero no solo para incluirlo en cocinas o ba\u00f1os, sino en cualquier estancia de una\" \/>\n<meta property=\"og:url\" content=\"https:\/\/www.motif.es\/blog\/el-diseno-pietra-black-realismo-en-estado-puro\/\" \/>\n<meta property=\"og:site_name\" content=\"Blog Motif\" \/>\n<meta property=\"article:publisher\" content=\"https:\/\/www.facebook.com\/motifmorethanwalls\/\" \/>\n<meta property=\"article:published_time\" content=\"2023-01-03T12:34:19+00:00\" \/>\n<meta property=\"article:modified_time\" content=\"2023-01-31T12:59:33+00:00\" \/>\n<meta property=\"og:image\" content=\"https:\/\/www.motif.es\/blog\/wp-content\/uploads\/2023\/01\/mural-autoadhesivo-pietra-black-1.jpg\" \/>\n\t<meta property=\"og:image:width\" content=\"1000\" \/>\n\t<meta property=\"og:image:height\" content=\"1000\" \/>\n\t<meta property=\"og:image:type\" content=\"image\/jpeg\" \/>\n<meta name=\"author\" content=\"Comunicaci\u00f3n Motif\" \/>\n<meta name=\"twitter:card\" content=\"summary_large_image\" \/>\n<meta name=\"twitter:label1\" content=\"Escrito por\" \/>\n\t<meta name=\"twitter:data1\" content=\"Comunicaci\u00f3n Motif\" \/>\n\t<meta name=\"twitter:label2\" content=\"Tiempo de lectura\" \/>\n\t<meta name=\"twitter:data2\" content=\"3 minutos\" \/>\n<script type=\"application\/ld+json\" class=\"yoast-schema-graph\">{\"@context\":\"https:\\\/\\\/schema.org\",\"@graph\":[{\"@type\":\"Article\",\"@id\":\"https:\\\/\\\/www.motif.es\\\/blog\\\/el-diseno-pietra-black-realismo-en-estado-puro\\\/#article\",\"isPartOf\":{\"@id\":\"https:\\\/\\\/www.motif.es\\\/blog\\\/el-diseno-pietra-black-realismo-en-estado-puro\\\/\"},\"author\":{\"name\":\"Comunicaci\u00f3n Motif\",\"@id\":\"https:\\\/\\\/www.motif.es\\\/blog\\\/#\\\/schema\\\/person\\\/aac26ed80d8e02fb9525ec6b569d75e9\"},\"headline\":\"El dise\u00f1o Pietra Black, realismo en estado puro\",\"datePublished\":\"2023-01-03T12:34:19+00:00\",\"dateModified\":\"2023-01-31T12:59:33+00:00\",\"mainEntityOfPage\":{\"@id\":\"https:\\\/\\\/www.motif.es\\\/blog\\\/el-diseno-pietra-black-realismo-en-estado-puro\\\/\"},\"wordCount\":451,\"commentCount\":0,\"publisher\":{\"@id\":\"https:\\\/\\\/www.motif.es\\\/blog\\\/#organization\"},\"image\":{\"@id\":\"https:\\\/\\\/www.motif.es\\\/blog\\\/el-diseno-pietra-black-realismo-en-estado-puro\\\/#primaryimage\"},\"thumbnailUrl\":\"https:\\\/\\\/www.motif.es\\\/blog\\\/wp-content\\\/uploads\\\/2023\\\/01\\\/mural-autoadhesivo-pietra-black-1.jpg\",\"articleSection\":[\"insp\u00edrate\",\"sobre murales autoadhesivos\",\"sobre salpicaderos para cocina\",\"sobre vinilos para muebles\"],\"inLanguage\":\"es\",\"potentialAction\":[{\"@type\":\"CommentAction\",\"name\":\"Comment\",\"target\":[\"https:\\\/\\\/www.motif.es\\\/blog\\\/el-diseno-pietra-black-realismo-en-estado-puro\\\/#respond\"]}]},{\"@type\":\"WebPage\",\"@id\":\"https:\\\/\\\/www.motif.es\\\/blog\\\/el-diseno-pietra-black-realismo-en-estado-puro\\\/\",\"url\":\"https:\\\/\\\/www.motif.es\\\/blog\\\/el-diseno-pietra-black-realismo-en-estado-puro\\\/\",\"name\":\"El dise\u00f1o Pietra Black, realismo en estado puro - Blog Motif\",\"isPartOf\":{\"@id\":\"https:\\\/\\\/www.motif.es\\\/blog\\\/#website\"},\"primaryImageOfPage\":{\"@id\":\"https:\\\/\\\/www.motif.es\\\/blog\\\/el-diseno-pietra-black-realismo-en-estado-puro\\\/#primaryimage\"},\"image\":{\"@id\":\"https:\\\/\\\/www.motif.es\\\/blog\\\/el-diseno-pietra-black-realismo-en-estado-puro\\\/#primaryimage\"},\"thumbnailUrl\":\"https:\\\/\\\/www.motif.es\\\/blog\\\/wp-content\\\/uploads\\\/2023\\\/01\\\/mural-autoadhesivo-pietra-black-1.jpg\",\"datePublished\":\"2023-01-03T12:34:19+00:00\",\"dateModified\":\"2023-01-31T12:59:33+00:00\",\"description\":\"\u00a1El m\u00e1rmol se lleva! La decoraci\u00f3n con m\u00e1rmol sigue siendo tendencia, pero no solo para incluirlo en cocinas o ba\u00f1os, sino en cualquier estancia de una\",\"breadcrumb\":{\"@id\":\"https:\\\/\\\/www.motif.es\\\/blog\\\/el-diseno-pietra-black-realismo-en-estado-puro\\\/#breadcrumb\"},\"inLanguage\":\"es\",\"potentialAction\":[{\"@type\":\"ReadAction\",\"target\":[\"https:\\\/\\\/www.motif.es\\\/blog\\\/el-diseno-pietra-black-realismo-en-estado-puro\\\/\"]}]},{\"@type\":\"ImageObject\",\"inLanguage\":\"es\",\"@id\":\"https:\\\/\\\/www.motif.es\\\/blog\\\/el-diseno-pietra-black-realismo-en-estado-puro\\\/#primaryimage\",\"url\":\"https:\\\/\\\/www.motif.es\\\/blog\\\/wp-content\\\/uploads\\\/2023\\\/01\\\/mural-autoadhesivo-pietra-black-1.jpg\",\"contentUrl\":\"https:\\\/\\\/www.motif.es\\\/blog\\\/wp-content\\\/uploads\\\/2023\\\/01\\\/mural-autoadhesivo-pietra-black-1.jpg\",\"width\":1000,\"height\":1000},{\"@type\":\"BreadcrumbList\",\"@id\":\"https:\\\/\\\/www.motif.es\\\/blog\\\/el-diseno-pietra-black-realismo-en-estado-puro\\\/#breadcrumb\",\"itemListElement\":[{\"@type\":\"ListItem\",\"position\":1,\"name\":\"Blog\",\"item\":\"https:\\\/\\\/www.motif.es\\\/blog\\\/\"},{\"@type\":\"ListItem\",\"position\":2,\"name\":\"insp\u00edrate\",\"item\":\"https:\\\/\\\/www.motif.es\\\/blog\\\/category\\\/inspirate\\\/\"},{\"@type\":\"ListItem\",\"position\":3,\"name\":\"El dise\u00f1o Pietra Black, realismo en estado puro\"}]},{\"@type\":\"WebSite\",\"@id\":\"https:\\\/\\\/www.motif.es\\\/blog\\\/#website\",\"url\":\"https:\\\/\\\/www.motif.es\\\/blog\\\/\",\"name\":\"Blog Motif\",\"description\":\"nuestro rinc\u00f3n para inspirarte\",\"publisher\":{\"@id\":\"https:\\\/\\\/www.motif.es\\\/blog\\\/#organization\"},\"potentialAction\":[{\"@type\":\"SearchAction\",\"target\":{\"@type\":\"EntryPoint\",\"urlTemplate\":\"https:\\\/\\\/www.motif.es\\\/blog\\\/?s={search_term_string}\"},\"query-input\":{\"@type\":\"PropertyValueSpecification\",\"valueRequired\":true,\"valueName\":\"search_term_string\"}}],\"inLanguage\":\"es\"},{\"@type\":\"Organization\",\"@id\":\"https:\\\/\\\/www.motif.es\\\/blog\\\/#organization\",\"name\":\"Motif Wallpapers S.L.U.\",\"url\":\"https:\\\/\\\/www.motif.es\\\/blog\\\/\",\"logo\":{\"@type\":\"ImageObject\",\"inLanguage\":\"es\",\"@id\":\"https:\\\/\\\/www.motif.es\\\/blog\\\/#\\\/schema\\\/logo\\\/image\\\/\",\"url\":\"https:\\\/\\\/motif.es\\\/blog\\\/wp-content\\\/uploads\\\/2021\\\/06\\\/logo-motif.jpg\",\"contentUrl\":\"https:\\\/\\\/motif.es\\\/blog\\\/wp-content\\\/uploads\\\/2021\\\/06\\\/logo-motif.jpg\",\"width\":464,\"height\":464,\"caption\":\"Motif Wallpapers S.L.U.\"},\"image\":{\"@id\":\"https:\\\/\\\/www.motif.es\\\/blog\\\/#\\\/schema\\\/logo\\\/image\\\/\"},\"sameAs\":[\"https:\\\/\\\/www.facebook.com\\\/motifmorethanwalls\\\/\",\"https:\\\/\\\/www.instagram.com\\\/motif_es\\\/?hl=es\",\"https:\\\/\\\/www.pinterest.es\\\/motifwallpapers\\\/\",\"https:\\\/\\\/www.youtube.com\\\/channel\\\/UCNaOmbxD6LjcQNj4vmfVIUg\"]},{\"@type\":\"Person\",\"@id\":\"https:\\\/\\\/www.motif.es\\\/blog\\\/#\\\/schema\\\/person\\\/aac26ed80d8e02fb9525ec6b569d75e9\",\"name\":\"Comunicaci\u00f3n Motif\",\"image\":{\"@type\":\"ImageObject\",\"inLanguage\":\"es\",\"@id\":\"https:\\\/\\\/secure.gravatar.com\\\/avatar\\\/93b2fb49a03bd7a57b5f5e8c3b740113f14f25da86b090887d9353672de2d9b5?s=96&d=mm&r=g\",\"url\":\"https:\\\/\\\/secure.gravatar.com\\\/avatar\\\/93b2fb49a03bd7a57b5f5e8c3b740113f14f25da86b090887d9353672de2d9b5?s=96&d=mm&r=g\",\"contentUrl\":\"https:\\\/\\\/secure.gravatar.com\\\/avatar\\\/93b2fb49a03bd7a57b5f5e8c3b740113f14f25da86b090887d9353672de2d9b5?s=96&d=mm&r=g\",\"caption\":\"Comunicaci\u00f3n Motif\"},\"url\":\"https:\\\/\\\/www.motif.es\\\/blog\\\/author\\\/comunicacion\\\/\"}]}<\/script>\n<!-- \/ Yoast SEO plugin. -->","yoast_head_json":{"title":"El dise\u00f1o Pietra Black, realismo en estado puro - Blog Motif","description":"\u00a1El m\u00e1rmol se lleva! La decoraci\u00f3n con m\u00e1rmol sigue siendo tendencia, pero no solo para incluirlo en cocinas o ba\u00f1os, sino en cualquier estancia de una","robots":{"index":"index","follow":"follow","max-snippet":"max-snippet:-1","max-image-preview":"max-image-preview:large","max-video-preview":"max-video-preview:-1"},"canonical":"https:\/\/www.motif.es\/blog\/el-diseno-pietra-black-realismo-en-estado-puro\/","og_locale":"es_ES","og_type":"article","og_title":"El dise\u00f1o Pietra Black, realismo en estado puro - Blog Motif","og_description":"\u00a1El m\u00e1rmol se lleva! La decoraci\u00f3n con m\u00e1rmol sigue siendo tendencia, pero no solo para incluirlo en cocinas o ba\u00f1os, sino en cualquier estancia de una","og_url":"https:\/\/www.motif.es\/blog\/el-diseno-pietra-black-realismo-en-estado-puro\/","og_site_name":"Blog Motif","article_publisher":"https:\/\/www.facebook.com\/motifmorethanwalls\/","article_published_time":"2023-01-03T12:34:19+00:00","article_modified_time":"2023-01-31T12:59:33+00:00","og_image":[{"width":1000,"height":1000,"url":"https:\/\/www.motif.es\/blog\/wp-content\/uploads\/2023\/01\/mural-autoadhesivo-pietra-black-1.jpg","type":"image\/jpeg"}],"author":"Comunicaci\u00f3n Motif","twitter_card":"summary_large_image","twitter_misc":{"Escrito por":"Comunicaci\u00f3n Motif","Tiempo de lectura":"3 minutos"},"schema":{"@context":"https:\/\/schema.org","@graph":[{"@type":"Article","@id":"https:\/\/www.motif.es\/blog\/el-diseno-pietra-black-realismo-en-estado-puro\/#article","isPartOf":{"@id":"https:\/\/www.motif.es\/blog\/el-diseno-pietra-black-realismo-en-estado-puro\/"},"author":{"name":"Comunicaci\u00f3n Motif","@id":"https:\/\/www.motif.es\/blog\/#\/schema\/person\/aac26ed80d8e02fb9525ec6b569d75e9"},"headline":"El dise\u00f1o Pietra Black, realismo en estado puro","datePublished":"2023-01-03T12:34:19+00:00","dateModified":"2023-01-31T12:59:33+00:00","mainEntityOfPage":{"@id":"https:\/\/www.motif.es\/blog\/el-diseno-pietra-black-realismo-en-estado-puro\/"},"wordCount":451,"commentCount":0,"publisher":{"@id":"https:\/\/www.motif.es\/blog\/#organization"},"image":{"@id":"https:\/\/www.motif.es\/blog\/el-diseno-pietra-black-realismo-en-estado-puro\/#primaryimage"},"thumbnailUrl":"https:\/\/www.motif.es\/blog\/wp-content\/uploads\/2023\/01\/mural-autoadhesivo-pietra-black-1.jpg","articleSection":["insp\u00edrate","sobre murales autoadhesivos","sobre salpicaderos para cocina","sobre vinilos para muebles"],"inLanguage":"es","potentialAction":[{"@type":"CommentAction","name":"Comment","target":["https:\/\/www.motif.es\/blog\/el-diseno-pietra-black-realismo-en-estado-puro\/#respond"]}]},{"@type":"WebPage","@id":"https:\/\/www.motif.es\/blog\/el-diseno-pietra-black-realismo-en-estado-puro\/","url":"https:\/\/www.motif.es\/blog\/el-diseno-pietra-black-realismo-en-estado-puro\/","name":"El dise\u00f1o Pietra Black, realismo en estado puro - Blog Motif","isPartOf":{"@id":"https:\/\/www.motif.es\/blog\/#website"},"primaryImageOfPage":{"@id":"https:\/\/www.motif.es\/blog\/el-diseno-pietra-black-realismo-en-estado-puro\/#primaryimage"},"image":{"@id":"https:\/\/www.motif.es\/blog\/el-diseno-pietra-black-realismo-en-estado-puro\/#primaryimage"},"thumbnailUrl":"https:\/\/www.motif.es\/blog\/wp-content\/uploads\/2023\/01\/mural-autoadhesivo-pietra-black-1.jpg","datePublished":"2023-01-03T12:34:19+00:00","dateModified":"2023-01-31T12:59:33+00:00","description":"\u00a1El m\u00e1rmol se lleva! La decoraci\u00f3n con m\u00e1rmol sigue siendo tendencia, pero no solo para incluirlo en cocinas o ba\u00f1os, sino en cualquier estancia de una","breadcrumb":{"@id":"https:\/\/www.motif.es\/blog\/el-diseno-pietra-black-realismo-en-estado-puro\/#breadcrumb"},"inLanguage":"es","potentialAction":[{"@type":"ReadAction","target":["https:\/\/www.motif.es\/blog\/el-diseno-pietra-black-realismo-en-estado-puro\/"]}]},{"@type":"ImageObject","inLanguage":"es","@id":"https:\/\/www.motif.es\/blog\/el-diseno-pietra-black-realismo-en-estado-puro\/#primaryimage","url":"https:\/\/www.motif.es\/blog\/wp-content\/uploads\/2023\/01\/mural-autoadhesivo-pietra-black-1.jpg","contentUrl":"https:\/\/www.motif.es\/blog\/wp-content\/uploads\/2023\/01\/mural-autoadhesivo-pietra-black-1.jpg","width":1000,"height":1000},{"@type":"BreadcrumbList","@id":"https:\/\/www.motif.es\/blog\/el-diseno-pietra-black-realismo-en-estado-puro\/#breadcrumb","itemListElement":[{"@type":"ListItem","position":1,"name":"Blog","item":"https:\/\/www.motif.es\/blog\/"},{"@type":"ListItem","position":2,"name":"insp\u00edrate","item":"https:\/\/www.motif.es\/blog\/category\/inspirate\/"},{"@type":"ListItem","position":3,"name":"El dise\u00f1o Pietra Black, realismo en estado puro"}]},{"@type":"WebSite","@id":"https:\/\/www.motif.es\/blog\/#website","url":"https:\/\/www.motif.es\/blog\/","name":"Blog Motif","description":"nuestro rinc\u00f3n para inspirarte","publisher":{"@id":"https:\/\/www.motif.es\/blog\/#organization"},"potentialAction":[{"@type":"SearchAction","target":{"@type":"EntryPoint","urlTemplate":"https:\/\/www.motif.es\/blog\/?s={search_term_string}"},"query-input":{"@type":"PropertyValueSpecification","valueRequired":true,"valueName":"search_term_string"}}],"inLanguage":"es"},{"@type":"Organization","@id":"https:\/\/www.motif.es\/blog\/#organization","name":"Motif Wallpapers S.L.U.","url":"https:\/\/www.motif.es\/blog\/","logo":{"@type":"ImageObject","inLanguage":"es","@id":"https:\/\/www.motif.es\/blog\/#\/schema\/logo\/image\/","url":"https:\/\/motif.es\/blog\/wp-content\/uploads\/2021\/06\/logo-motif.jpg","contentUrl":"https:\/\/motif.es\/blog\/wp-content\/uploads\/2021\/06\/logo-motif.jpg","width":464,"height":464,"caption":"Motif Wallpapers S.L.U."},"image":{"@id":"https:\/\/www.motif.es\/blog\/#\/schema\/logo\/image\/"},"sameAs":["https:\/\/www.facebook.com\/motifmorethanwalls\/","https:\/\/www.instagram.com\/motif_es\/?hl=es","https:\/\/www.pinterest.es\/motifwallpapers\/","https:\/\/www.youtube.com\/channel\/UCNaOmbxD6LjcQNj4vmfVIUg"]},{"@type":"Person","@id":"https:\/\/www.motif.es\/blog\/#\/schema\/person\/aac26ed80d8e02fb9525ec6b569d75e9","name":"Comunicaci\u00f3n Motif","image":{"@type":"ImageObject","inLanguage":"es","@id":"https:\/\/secure.gravatar.com\/avatar\/93b2fb49a03bd7a57b5f5e8c3b740113f14f25da86b090887d9353672de2d9b5?s=96&d=mm&r=g","url":"https:\/\/secure.gravatar.com\/avatar\/93b2fb49a03bd7a57b5f5e8c3b740113f14f25da86b090887d9353672de2d9b5?s=96&d=mm&r=g","contentUrl":"https:\/\/secure.gravatar.com\/avatar\/93b2fb49a03bd7a57b5f5e8c3b740113f14f25da86b090887d9353672de2d9b5?s=96&d=mm&r=g","caption":"Comunicaci\u00f3n Motif"},"url":"https:\/\/www.motif.es\/blog\/author\/comunicacion\/"}]}},"_links":{"self":[{"href":"https:\/\/www.motif.es\/blog\/wp-json\/wp\/v2\/posts\/1960","targetHints":{"allow":["GET"]}}],"collection":[{"href":"https:\/\/www.motif.es\/blog\/wp-json\/wp\/v2\/posts"}],"about":[{"href":"https:\/\/www.motif.es\/blog\/wp-json\/wp\/v2\/types\/post"}],"author":[{"embeddable":true,"href":"https:\/\/www.motif.es\/blog\/wp-json\/wp\/v2\/users\/2"}],"replies":[{"embeddable":true,"href":"https:\/\/www.motif.es\/blog\/wp-json\/wp\/v2\/comments?post=1960"}],"version-history":[{"count":1,"href":"https:\/\/www.motif.es\/blog\/wp-json\/wp\/v2\/posts\/1960\/revisions"}],"predecessor-version":[{"id":1966,"href":"https:\/\/www.motif.es\/blog\/wp-json\/wp\/v2\/posts\/1960\/revisions\/1966"}],"wp:featuredmedia":[{"embeddable":true,"href":"https:\/\/www.motif.es\/blog\/wp-json\/wp\/v2\/media\/1963"}],"wp:attachment":[{"href":"https:\/\/www.motif.es\/blog\/wp-json\/wp\/v2\/media?parent=1960"}],"wp:term":[{"taxonomy":"category","embeddable":true,"href":"https:\/\/www.motif.es\/blog\/wp-json\/wp\/v2\/categories?post=1960"},{"taxonomy":"post_tag","embeddable":true,"href":"https:\/\/www.motif.es\/blog\/wp-json\/wp\/v2\/tags?post=1960"}],"curies":[{"name":"wp","href":"https:\/\/api.w.org\/{rel}","templated":true}]}}