{"id":2037,"date":"2023-03-02T08:36:55","date_gmt":"2023-03-02T08:36:55","guid":{"rendered":"https:\/\/motif.es\/blog\/?p=2037"},"modified":"2023-03-14T15:58:57","modified_gmt":"2023-03-14T15:58:57","slug":"como-decorar-una-terraza-urbana-para-disfrutar-del-buen-tiempo","status":"publish","type":"post","link":"https:\/\/www.motif.es\/blog\/como-decorar-una-terraza-urbana-para-disfrutar-del-buen-tiempo\/","title":{"rendered":"C\u00f3mo decorar una terraza urbana"},"content":{"rendered":"<p>A medida que los d\u00edas se alargan y la temperatura se vuelve m\u00e1s c\u00e1lida, muchos so\u00f1amos con disfrutar del buen tiempo en nuestras propias <strong>terrazas urbanas<\/strong>. Tanto si vives en un piso como en una casa, podr\u00e1s crearte un espacio especial que puedes convertir en un para\u00edso con la decoraci\u00f3n y los accesorios adecuados. Aqu\u00ed te explicamos c\u00f3mo <strong>decorar una terraza urbana<\/strong>, ya sea peque\u00f1a o grande, para que disfrutes de todos los placeres y beneficios de la vida al aire libre en plena ciudad.<\/p>\n<h5>Crear un ambiente relajante<\/h5>\n<p>Para crear un ambiente relajante, la vegetaci\u00f3n puede ser una gran aliada. Los jardines son un <strong>complemento ideal para una terraza<\/strong>, le dan vida y a\u00f1aden un toque de color. Si no tienes mucho espacio, puedes optar por flores en macetas, o si tienes una terraza grande puedes <a href=\"https:\/\/www.fotocasa.es\/fotocasa-life\/hogar\/decoracion\/los-beneficios-de-tener-plantas-en-casa\/#:~:text=Las%20plantas%20expulsan%20di%C3%B3xido%20de,la%20sequedad%20al%20desprender%20humedad.\" target=\"_blank\" rel=\"noopener\">crear un jard\u00edn con plantas variadas.<\/a> Puedes experimentar con diferentes texturas, a\u00f1adiendo arbustos y \u00e1rboles para crear un agradable ruido de fondo y hacer un oasis verde en la ciudad. Adem\u00e1s, puedes completar la terraza con una alfombra vin\u00edlica con motivos vegetales para reforzar esta sensaci\u00f3n de relax.<\/p>\n<p style=\"text-align: center;\"><img loading=\"lazy\" decoding=\"async\" class=\"alignnone size-full wp-image-2039\" src=\"https:\/\/motif.es\/blog\/wp-content\/uploads\/2023\/03\/alfombra-vinilica-paradise-terraza-urbana.jpg\" alt=\"\" width=\"1000\" height=\"1000\" srcset=\"https:\/\/www.motif.es\/blog\/wp-content\/uploads\/2023\/03\/alfombra-vinilica-paradise-terraza-urbana.jpg 1000w, https:\/\/www.motif.es\/blog\/wp-content\/uploads\/2023\/03\/alfombra-vinilica-paradise-terraza-urbana-300x300.jpg 300w, https:\/\/www.motif.es\/blog\/wp-content\/uploads\/2023\/03\/alfombra-vinilica-paradise-terraza-urbana-150x150.jpg 150w, https:\/\/www.motif.es\/blog\/wp-content\/uploads\/2023\/03\/alfombra-vinilica-paradise-terraza-urbana-768x768.jpg 768w, https:\/\/www.motif.es\/blog\/wp-content\/uploads\/2023\/03\/alfombra-vinilica-paradise-terraza-urbana-400x400.jpg 400w, https:\/\/www.motif.es\/blog\/wp-content\/uploads\/2023\/03\/alfombra-vinilica-paradise-terraza-urbana-96x96.jpg 96w\" sizes=\"auto, (max-width: 1000px) 100vw, 1000px\" \/><\/p>\n<p style=\"text-align: center;\"><em>Alfombra vin\u00edlica Paradise<\/em><\/p>\n<h5>Amueblando La Terraza: Elige el tama\u00f1o adecuado<\/h5>\n<p>Para <strong>disfrutar de tu terraza durante m\u00e1s horas<\/strong>, es importante incluir alg\u00fan tipo de sombra: sombrillas, toldos, persianas, etc. Elige lo que mejor se adapte a tu espacio y a la orientaci\u00f3n de tu balc\u00f3n o terraza, ya que esto afectar\u00e1 a la cantidad de sol que recibir\u00e1 tu terraza.<\/p>\n<p>A la hora de amueblar tu terraza, es importante elegir el tama\u00f1o adecuado. Si tu terraza es peque\u00f1a, opta por muebles polivalentes que no ocupen demasiado espacio, como sillas plegables o un sof\u00e1 que pueda transformarse en cama. Para terrazas m\u00e1s amplias, elige piezas m\u00e1s grandes que ofrezcan m\u00e1s comodidad y espacio, como sof\u00e1s y sillones.<\/p>\n<p>Si lo que quieres es ahorrar dinero, puedes restaurar tus muebles viejos para adaptarlos al estilo de decoraci\u00f3n que est\u00e1s buscando, usando <a href=\"https:\/\/www.motif.es\/8-vinilos-autoadhesivos\" target=\"_blank\" rel=\"noopener\"><strong>vinilos autoadhesivos para mueble y pared<\/strong><\/a>, que en MOTIF adem\u00e1s, son impermeables.<\/p>\n<p style=\"text-align: center;\"><img loading=\"lazy\" decoding=\"async\" class=\"alignnone size-full wp-image-2040\" src=\"https:\/\/motif.es\/blog\/wp-content\/uploads\/2023\/03\/vinilo-hidraulico-fossano.jpg\" alt=\"\" width=\"1000\" height=\"1000\" srcset=\"https:\/\/www.motif.es\/blog\/wp-content\/uploads\/2023\/03\/vinilo-hidraulico-fossano.jpg 1000w, https:\/\/www.motif.es\/blog\/wp-content\/uploads\/2023\/03\/vinilo-hidraulico-fossano-300x300.jpg 300w, https:\/\/www.motif.es\/blog\/wp-content\/uploads\/2023\/03\/vinilo-hidraulico-fossano-150x150.jpg 150w, https:\/\/www.motif.es\/blog\/wp-content\/uploads\/2023\/03\/vinilo-hidraulico-fossano-768x768.jpg 768w, https:\/\/www.motif.es\/blog\/wp-content\/uploads\/2023\/03\/vinilo-hidraulico-fossano-400x400.jpg 400w, https:\/\/www.motif.es\/blog\/wp-content\/uploads\/2023\/03\/vinilo-hidraulico-fossano-96x96.jpg 96w\" sizes=\"auto, (max-width: 1000px) 100vw, 1000px\" \/><\/p>\n<p style=\"text-align: center;\"><em>Mesa de terraza forrada con el vin\u00edlo hidr\u00e1ulico Fossana de Motif<\/em><\/p>\n<h5>Decorar la terraza como una extensi\u00f3n del hogar<\/h5>\n<p>Tambi\u00e9n puedes <strong>decorar tu terraza<\/strong> como si fuera una extensi\u00f3n de tu casa. Para ello, puedes a\u00f1adir una mesa de centro, un sof\u00e1 y un par de sillas. El estilo marroqu\u00ed es una gran opci\u00f3n porque aporta mucho car\u00e1cter a la terraza. Las alfombras tambi\u00e9n ayudan a crear un ambiente agradable y acogedor, as\u00ed como decorar las paredes con <strong>l\u00e1minas decorativas<\/strong> y otros accesorios.<\/p>\n<p>\u00bfTe animas a ir preparando tu terraza y empezar a disfrutar del tiempo?<\/p>\n","protected":false},"excerpt":{"rendered":"<p>A medida que los d\u00edas se alargan y la temperatura se vuelve m\u00e1s c\u00e1lida, muchos so\u00f1amos con disfrutar del buen tiempo en nuestras propias terrazas urbanas. Tanto si vives en un piso como en una casa, podr\u00e1s crearte un espacio especial que puedes convertir en un para\u00edso con la decoraci\u00f3n y los accesorios adecuados. Aqu\u00ed [&#8230;]<\/p>\n","protected":false},"author":2,"featured_media":2039,"comment_status":"open","ping_status":"open","sticky":false,"template":"","format":"standard","meta":{"_acf_changed":false,"footnotes":""},"categories":[9,8,7],"tags":[],"class_list":["post-2037","post","type-post","status-publish","format-standard","has-post-thumbnail","hentry","category-inspirate","category-sobre-alfombras-vinilicas","category-sobre-vinilos-para-muebles"],"acf":[],"yoast_head":"<!-- This site is optimized with the Yoast SEO plugin v27.4 - https:\/\/yoast.com\/product\/yoast-seo-wordpress\/ -->\n<title>C\u00f3mo decorar una terraza urbana - Blog Motif<\/title>\n<meta name=\"description\" content=\"A medida que los d\u00edas se alargan y la temperatura se vuelve m\u00e1s c\u00e1lida, muchos so\u00f1amos con disfrutar del buen tiempo en nuestras propias terrazas urbanas.\" \/>\n<meta name=\"robots\" content=\"index, follow, max-snippet:-1, max-image-preview:large, max-video-preview:-1\" \/>\n<link rel=\"canonical\" href=\"https:\/\/www.motif.es\/blog\/como-decorar-una-terraza-urbana-para-disfrutar-del-buen-tiempo\/\" \/>\n<meta property=\"og:locale\" content=\"es_ES\" \/>\n<meta property=\"og:type\" content=\"article\" \/>\n<meta property=\"og:title\" content=\"C\u00f3mo decorar una terraza urbana - Blog Motif\" \/>\n<meta property=\"og:description\" content=\"A medida que los d\u00edas se alargan y la temperatura se vuelve m\u00e1s c\u00e1lida, muchos so\u00f1amos con disfrutar del buen tiempo en nuestras propias terrazas urbanas.\" \/>\n<meta property=\"og:url\" content=\"https:\/\/www.motif.es\/blog\/como-decorar-una-terraza-urbana-para-disfrutar-del-buen-tiempo\/\" \/>\n<meta property=\"og:site_name\" content=\"Blog Motif\" \/>\n<meta property=\"article:publisher\" content=\"https:\/\/www.facebook.com\/motifmorethanwalls\/\" \/>\n<meta property=\"article:published_time\" content=\"2023-03-02T08:36:55+00:00\" \/>\n<meta property=\"article:modified_time\" content=\"2023-03-14T15:58:57+00:00\" \/>\n<meta property=\"og:image\" content=\"https:\/\/www.motif.es\/blog\/wp-content\/uploads\/2023\/03\/alfombra-vinilica-paradise-terraza-urbana.jpg\" \/>\n\t<meta property=\"og:image:width\" content=\"1000\" \/>\n\t<meta property=\"og:image:height\" content=\"1000\" \/>\n\t<meta property=\"og:image:type\" content=\"image\/jpeg\" \/>\n<meta name=\"author\" content=\"Comunicaci\u00f3n Motif\" \/>\n<meta name=\"twitter:card\" content=\"summary_large_image\" \/>\n<meta name=\"twitter:label1\" content=\"Escrito por\" \/>\n\t<meta name=\"twitter:data1\" content=\"Comunicaci\u00f3n Motif\" \/>\n\t<meta name=\"twitter:label2\" content=\"Tiempo de lectura\" \/>\n\t<meta name=\"twitter:data2\" content=\"3 minutos\" \/>\n<script type=\"application\/ld+json\" class=\"yoast-schema-graph\">{\"@context\":\"https:\\\/\\\/schema.org\",\"@graph\":[{\"@type\":\"Article\",\"@id\":\"https:\\\/\\\/www.motif.es\\\/blog\\\/como-decorar-una-terraza-urbana-para-disfrutar-del-buen-tiempo\\\/#article\",\"isPartOf\":{\"@id\":\"https:\\\/\\\/www.motif.es\\\/blog\\\/como-decorar-una-terraza-urbana-para-disfrutar-del-buen-tiempo\\\/\"},\"author\":{\"name\":\"Comunicaci\u00f3n Motif\",\"@id\":\"https:\\\/\\\/www.motif.es\\\/blog\\\/#\\\/schema\\\/person\\\/aac26ed80d8e02fb9525ec6b569d75e9\"},\"headline\":\"C\u00f3mo decorar una terraza urbana\",\"datePublished\":\"2023-03-02T08:36:55+00:00\",\"dateModified\":\"2023-03-14T15:58:57+00:00\",\"mainEntityOfPage\":{\"@id\":\"https:\\\/\\\/www.motif.es\\\/blog\\\/como-decorar-una-terraza-urbana-para-disfrutar-del-buen-tiempo\\\/\"},\"wordCount\":478,\"commentCount\":0,\"publisher\":{\"@id\":\"https:\\\/\\\/www.motif.es\\\/blog\\\/#organization\"},\"image\":{\"@id\":\"https:\\\/\\\/www.motif.es\\\/blog\\\/como-decorar-una-terraza-urbana-para-disfrutar-del-buen-tiempo\\\/#primaryimage\"},\"thumbnailUrl\":\"https:\\\/\\\/www.motif.es\\\/blog\\\/wp-content\\\/uploads\\\/2023\\\/03\\\/alfombra-vinilica-paradise-terraza-urbana.jpg\",\"articleSection\":[\"insp\u00edrate\",\"sobre alfombras vin\u00edlicas\",\"sobre vinilos para muebles\"],\"inLanguage\":\"es\",\"potentialAction\":[{\"@type\":\"CommentAction\",\"name\":\"Comment\",\"target\":[\"https:\\\/\\\/www.motif.es\\\/blog\\\/como-decorar-una-terraza-urbana-para-disfrutar-del-buen-tiempo\\\/#respond\"]}]},{\"@type\":\"WebPage\",\"@id\":\"https:\\\/\\\/www.motif.es\\\/blog\\\/como-decorar-una-terraza-urbana-para-disfrutar-del-buen-tiempo\\\/\",\"url\":\"https:\\\/\\\/www.motif.es\\\/blog\\\/como-decorar-una-terraza-urbana-para-disfrutar-del-buen-tiempo\\\/\",\"name\":\"C\u00f3mo decorar una terraza urbana - Blog Motif\",\"isPartOf\":{\"@id\":\"https:\\\/\\\/www.motif.es\\\/blog\\\/#website\"},\"primaryImageOfPage\":{\"@id\":\"https:\\\/\\\/www.motif.es\\\/blog\\\/como-decorar-una-terraza-urbana-para-disfrutar-del-buen-tiempo\\\/#primaryimage\"},\"image\":{\"@id\":\"https:\\\/\\\/www.motif.es\\\/blog\\\/como-decorar-una-terraza-urbana-para-disfrutar-del-buen-tiempo\\\/#primaryimage\"},\"thumbnailUrl\":\"https:\\\/\\\/www.motif.es\\\/blog\\\/wp-content\\\/uploads\\\/2023\\\/03\\\/alfombra-vinilica-paradise-terraza-urbana.jpg\",\"datePublished\":\"2023-03-02T08:36:55+00:00\",\"dateModified\":\"2023-03-14T15:58:57+00:00\",\"description\":\"A medida que los d\u00edas se alargan y la temperatura se vuelve m\u00e1s c\u00e1lida, muchos so\u00f1amos con disfrutar del buen tiempo en nuestras propias terrazas urbanas.\",\"breadcrumb\":{\"@id\":\"https:\\\/\\\/www.motif.es\\\/blog\\\/como-decorar-una-terraza-urbana-para-disfrutar-del-buen-tiempo\\\/#breadcrumb\"},\"inLanguage\":\"es\",\"potentialAction\":[{\"@type\":\"ReadAction\",\"target\":[\"https:\\\/\\\/www.motif.es\\\/blog\\\/como-decorar-una-terraza-urbana-para-disfrutar-del-buen-tiempo\\\/\"]}]},{\"@type\":\"ImageObject\",\"inLanguage\":\"es\",\"@id\":\"https:\\\/\\\/www.motif.es\\\/blog\\\/como-decorar-una-terraza-urbana-para-disfrutar-del-buen-tiempo\\\/#primaryimage\",\"url\":\"https:\\\/\\\/www.motif.es\\\/blog\\\/wp-content\\\/uploads\\\/2023\\\/03\\\/alfombra-vinilica-paradise-terraza-urbana.jpg\",\"contentUrl\":\"https:\\\/\\\/www.motif.es\\\/blog\\\/wp-content\\\/uploads\\\/2023\\\/03\\\/alfombra-vinilica-paradise-terraza-urbana.jpg\",\"width\":1000,\"height\":1000},{\"@type\":\"BreadcrumbList\",\"@id\":\"https:\\\/\\\/www.motif.es\\\/blog\\\/como-decorar-una-terraza-urbana-para-disfrutar-del-buen-tiempo\\\/#breadcrumb\",\"itemListElement\":[{\"@type\":\"ListItem\",\"position\":1,\"name\":\"Blog\",\"item\":\"https:\\\/\\\/www.motif.es\\\/blog\\\/\"},{\"@type\":\"ListItem\",\"position\":2,\"name\":\"insp\u00edrate\",\"item\":\"https:\\\/\\\/www.motif.es\\\/blog\\\/category\\\/inspirate\\\/\"},{\"@type\":\"ListItem\",\"position\":3,\"name\":\"C\u00f3mo decorar una terraza urbana\"}]},{\"@type\":\"WebSite\",\"@id\":\"https:\\\/\\\/www.motif.es\\\/blog\\\/#website\",\"url\":\"https:\\\/\\\/www.motif.es\\\/blog\\\/\",\"name\":\"Blog Motif\",\"description\":\"nuestro rinc\u00f3n para inspirarte\",\"publisher\":{\"@id\":\"https:\\\/\\\/www.motif.es\\\/blog\\\/#organization\"},\"potentialAction\":[{\"@type\":\"SearchAction\",\"target\":{\"@type\":\"EntryPoint\",\"urlTemplate\":\"https:\\\/\\\/www.motif.es\\\/blog\\\/?s={search_term_string}\"},\"query-input\":{\"@type\":\"PropertyValueSpecification\",\"valueRequired\":true,\"valueName\":\"search_term_string\"}}],\"inLanguage\":\"es\"},{\"@type\":\"Organization\",\"@id\":\"https:\\\/\\\/www.motif.es\\\/blog\\\/#organization\",\"name\":\"Motif Wallpapers S.L.U.\",\"url\":\"https:\\\/\\\/www.motif.es\\\/blog\\\/\",\"logo\":{\"@type\":\"ImageObject\",\"inLanguage\":\"es\",\"@id\":\"https:\\\/\\\/www.motif.es\\\/blog\\\/#\\\/schema\\\/logo\\\/image\\\/\",\"url\":\"https:\\\/\\\/motif.es\\\/blog\\\/wp-content\\\/uploads\\\/2021\\\/06\\\/logo-motif.jpg\",\"contentUrl\":\"https:\\\/\\\/motif.es\\\/blog\\\/wp-content\\\/uploads\\\/2021\\\/06\\\/logo-motif.jpg\",\"width\":464,\"height\":464,\"caption\":\"Motif Wallpapers S.L.U.\"},\"image\":{\"@id\":\"https:\\\/\\\/www.motif.es\\\/blog\\\/#\\\/schema\\\/logo\\\/image\\\/\"},\"sameAs\":[\"https:\\\/\\\/www.facebook.com\\\/motifmorethanwalls\\\/\",\"https:\\\/\\\/www.instagram.com\\\/motif_es\\\/?hl=es\",\"https:\\\/\\\/www.pinterest.es\\\/motifwallpapers\\\/\",\"https:\\\/\\\/www.youtube.com\\\/channel\\\/UCNaOmbxD6LjcQNj4vmfVIUg\"]},{\"@type\":\"Person\",\"@id\":\"https:\\\/\\\/www.motif.es\\\/blog\\\/#\\\/schema\\\/person\\\/aac26ed80d8e02fb9525ec6b569d75e9\",\"name\":\"Comunicaci\u00f3n Motif\",\"image\":{\"@type\":\"ImageObject\",\"inLanguage\":\"es\",\"@id\":\"https:\\\/\\\/secure.gravatar.com\\\/avatar\\\/93b2fb49a03bd7a57b5f5e8c3b740113f14f25da86b090887d9353672de2d9b5?s=96&d=mm&r=g\",\"url\":\"https:\\\/\\\/secure.gravatar.com\\\/avatar\\\/93b2fb49a03bd7a57b5f5e8c3b740113f14f25da86b090887d9353672de2d9b5?s=96&d=mm&r=g\",\"contentUrl\":\"https:\\\/\\\/secure.gravatar.com\\\/avatar\\\/93b2fb49a03bd7a57b5f5e8c3b740113f14f25da86b090887d9353672de2d9b5?s=96&d=mm&r=g\",\"caption\":\"Comunicaci\u00f3n Motif\"},\"url\":\"https:\\\/\\\/www.motif.es\\\/blog\\\/author\\\/comunicacion\\\/\"}]}<\/script>\n<!-- \/ Yoast SEO plugin. -->","yoast_head_json":{"title":"C\u00f3mo decorar una terraza urbana - Blog Motif","description":"A medida que los d\u00edas se alargan y la temperatura se vuelve m\u00e1s c\u00e1lida, muchos so\u00f1amos con disfrutar del buen tiempo en nuestras propias terrazas urbanas.","robots":{"index":"index","follow":"follow","max-snippet":"max-snippet:-1","max-image-preview":"max-image-preview:large","max-video-preview":"max-video-preview:-1"},"canonical":"https:\/\/www.motif.es\/blog\/como-decorar-una-terraza-urbana-para-disfrutar-del-buen-tiempo\/","og_locale":"es_ES","og_type":"article","og_title":"C\u00f3mo decorar una terraza urbana - Blog Motif","og_description":"A medida que los d\u00edas se alargan y la temperatura se vuelve m\u00e1s c\u00e1lida, muchos so\u00f1amos con disfrutar del buen tiempo en nuestras propias terrazas urbanas.","og_url":"https:\/\/www.motif.es\/blog\/como-decorar-una-terraza-urbana-para-disfrutar-del-buen-tiempo\/","og_site_name":"Blog Motif","article_publisher":"https:\/\/www.facebook.com\/motifmorethanwalls\/","article_published_time":"2023-03-02T08:36:55+00:00","article_modified_time":"2023-03-14T15:58:57+00:00","og_image":[{"width":1000,"height":1000,"url":"https:\/\/www.motif.es\/blog\/wp-content\/uploads\/2023\/03\/alfombra-vinilica-paradise-terraza-urbana.jpg","type":"image\/jpeg"}],"author":"Comunicaci\u00f3n Motif","twitter_card":"summary_large_image","twitter_misc":{"Escrito por":"Comunicaci\u00f3n Motif","Tiempo de lectura":"3 minutos"},"schema":{"@context":"https:\/\/schema.org","@graph":[{"@type":"Article","@id":"https:\/\/www.motif.es\/blog\/como-decorar-una-terraza-urbana-para-disfrutar-del-buen-tiempo\/#article","isPartOf":{"@id":"https:\/\/www.motif.es\/blog\/como-decorar-una-terraza-urbana-para-disfrutar-del-buen-tiempo\/"},"author":{"name":"Comunicaci\u00f3n Motif","@id":"https:\/\/www.motif.es\/blog\/#\/schema\/person\/aac26ed80d8e02fb9525ec6b569d75e9"},"headline":"C\u00f3mo decorar una terraza urbana","datePublished":"2023-03-02T08:36:55+00:00","dateModified":"2023-03-14T15:58:57+00:00","mainEntityOfPage":{"@id":"https:\/\/www.motif.es\/blog\/como-decorar-una-terraza-urbana-para-disfrutar-del-buen-tiempo\/"},"wordCount":478,"commentCount":0,"publisher":{"@id":"https:\/\/www.motif.es\/blog\/#organization"},"image":{"@id":"https:\/\/www.motif.es\/blog\/como-decorar-una-terraza-urbana-para-disfrutar-del-buen-tiempo\/#primaryimage"},"thumbnailUrl":"https:\/\/www.motif.es\/blog\/wp-content\/uploads\/2023\/03\/alfombra-vinilica-paradise-terraza-urbana.jpg","articleSection":["insp\u00edrate","sobre alfombras vin\u00edlicas","sobre vinilos para muebles"],"inLanguage":"es","potentialAction":[{"@type":"CommentAction","name":"Comment","target":["https:\/\/www.motif.es\/blog\/como-decorar-una-terraza-urbana-para-disfrutar-del-buen-tiempo\/#respond"]}]},{"@type":"WebPage","@id":"https:\/\/www.motif.es\/blog\/como-decorar-una-terraza-urbana-para-disfrutar-del-buen-tiempo\/","url":"https:\/\/www.motif.es\/blog\/como-decorar-una-terraza-urbana-para-disfrutar-del-buen-tiempo\/","name":"C\u00f3mo decorar una terraza urbana - Blog Motif","isPartOf":{"@id":"https:\/\/www.motif.es\/blog\/#website"},"primaryImageOfPage":{"@id":"https:\/\/www.motif.es\/blog\/como-decorar-una-terraza-urbana-para-disfrutar-del-buen-tiempo\/#primaryimage"},"image":{"@id":"https:\/\/www.motif.es\/blog\/como-decorar-una-terraza-urbana-para-disfrutar-del-buen-tiempo\/#primaryimage"},"thumbnailUrl":"https:\/\/www.motif.es\/blog\/wp-content\/uploads\/2023\/03\/alfombra-vinilica-paradise-terraza-urbana.jpg","datePublished":"2023-03-02T08:36:55+00:00","dateModified":"2023-03-14T15:58:57+00:00","description":"A medida que los d\u00edas se alargan y la temperatura se vuelve m\u00e1s c\u00e1lida, muchos so\u00f1amos con disfrutar del buen tiempo en nuestras propias terrazas urbanas.","breadcrumb":{"@id":"https:\/\/www.motif.es\/blog\/como-decorar-una-terraza-urbana-para-disfrutar-del-buen-tiempo\/#breadcrumb"},"inLanguage":"es","potentialAction":[{"@type":"ReadAction","target":["https:\/\/www.motif.es\/blog\/como-decorar-una-terraza-urbana-para-disfrutar-del-buen-tiempo\/"]}]},{"@type":"ImageObject","inLanguage":"es","@id":"https:\/\/www.motif.es\/blog\/como-decorar-una-terraza-urbana-para-disfrutar-del-buen-tiempo\/#primaryimage","url":"https:\/\/www.motif.es\/blog\/wp-content\/uploads\/2023\/03\/alfombra-vinilica-paradise-terraza-urbana.jpg","contentUrl":"https:\/\/www.motif.es\/blog\/wp-content\/uploads\/2023\/03\/alfombra-vinilica-paradise-terraza-urbana.jpg","width":1000,"height":1000},{"@type":"BreadcrumbList","@id":"https:\/\/www.motif.es\/blog\/como-decorar-una-terraza-urbana-para-disfrutar-del-buen-tiempo\/#breadcrumb","itemListElement":[{"@type":"ListItem","position":1,"name":"Blog","item":"https:\/\/www.motif.es\/blog\/"},{"@type":"ListItem","position":2,"name":"insp\u00edrate","item":"https:\/\/www.motif.es\/blog\/category\/inspirate\/"},{"@type":"ListItem","position":3,"name":"C\u00f3mo decorar una terraza urbana"}]},{"@type":"WebSite","@id":"https:\/\/www.motif.es\/blog\/#website","url":"https:\/\/www.motif.es\/blog\/","name":"Blog Motif","description":"nuestro rinc\u00f3n para inspirarte","publisher":{"@id":"https:\/\/www.motif.es\/blog\/#organization"},"potentialAction":[{"@type":"SearchAction","target":{"@type":"EntryPoint","urlTemplate":"https:\/\/www.motif.es\/blog\/?s={search_term_string}"},"query-input":{"@type":"PropertyValueSpecification","valueRequired":true,"valueName":"search_term_string"}}],"inLanguage":"es"},{"@type":"Organization","@id":"https:\/\/www.motif.es\/blog\/#organization","name":"Motif Wallpapers S.L.U.","url":"https:\/\/www.motif.es\/blog\/","logo":{"@type":"ImageObject","inLanguage":"es","@id":"https:\/\/www.motif.es\/blog\/#\/schema\/logo\/image\/","url":"https:\/\/motif.es\/blog\/wp-content\/uploads\/2021\/06\/logo-motif.jpg","contentUrl":"https:\/\/motif.es\/blog\/wp-content\/uploads\/2021\/06\/logo-motif.jpg","width":464,"height":464,"caption":"Motif Wallpapers S.L.U."},"image":{"@id":"https:\/\/www.motif.es\/blog\/#\/schema\/logo\/image\/"},"sameAs":["https:\/\/www.facebook.com\/motifmorethanwalls\/","https:\/\/www.instagram.com\/motif_es\/?hl=es","https:\/\/www.pinterest.es\/motifwallpapers\/","https:\/\/www.youtube.com\/channel\/UCNaOmbxD6LjcQNj4vmfVIUg"]},{"@type":"Person","@id":"https:\/\/www.motif.es\/blog\/#\/schema\/person\/aac26ed80d8e02fb9525ec6b569d75e9","name":"Comunicaci\u00f3n Motif","image":{"@type":"ImageObject","inLanguage":"es","@id":"https:\/\/secure.gravatar.com\/avatar\/93b2fb49a03bd7a57b5f5e8c3b740113f14f25da86b090887d9353672de2d9b5?s=96&d=mm&r=g","url":"https:\/\/secure.gravatar.com\/avatar\/93b2fb49a03bd7a57b5f5e8c3b740113f14f25da86b090887d9353672de2d9b5?s=96&d=mm&r=g","contentUrl":"https:\/\/secure.gravatar.com\/avatar\/93b2fb49a03bd7a57b5f5e8c3b740113f14f25da86b090887d9353672de2d9b5?s=96&d=mm&r=g","caption":"Comunicaci\u00f3n Motif"},"url":"https:\/\/www.motif.es\/blog\/author\/comunicacion\/"}]}},"_links":{"self":[{"href":"https:\/\/www.motif.es\/blog\/wp-json\/wp\/v2\/posts\/2037","targetHints":{"allow":["GET"]}}],"collection":[{"href":"https:\/\/www.motif.es\/blog\/wp-json\/wp\/v2\/posts"}],"about":[{"href":"https:\/\/www.motif.es\/blog\/wp-json\/wp\/v2\/types\/post"}],"author":[{"embeddable":true,"href":"https:\/\/www.motif.es\/blog\/wp-json\/wp\/v2\/users\/2"}],"replies":[{"embeddable":true,"href":"https:\/\/www.motif.es\/blog\/wp-json\/wp\/v2\/comments?post=2037"}],"version-history":[{"count":2,"href":"https:\/\/www.motif.es\/blog\/wp-json\/wp\/v2\/posts\/2037\/revisions"}],"predecessor-version":[{"id":2048,"href":"https:\/\/www.motif.es\/blog\/wp-json\/wp\/v2\/posts\/2037\/revisions\/2048"}],"wp:featuredmedia":[{"embeddable":true,"href":"https:\/\/www.motif.es\/blog\/wp-json\/wp\/v2\/media\/2039"}],"wp:attachment":[{"href":"https:\/\/www.motif.es\/blog\/wp-json\/wp\/v2\/media?parent=2037"}],"wp:term":[{"taxonomy":"category","embeddable":true,"href":"https:\/\/www.motif.es\/blog\/wp-json\/wp\/v2\/categories?post=2037"},{"taxonomy":"post_tag","embeddable":true,"href":"https:\/\/www.motif.es\/blog\/wp-json\/wp\/v2\/tags?post=2037"}],"curies":[{"name":"wp","href":"https:\/\/api.w.org\/{rel}","templated":true}]}}