{"id":2208,"date":"2023-06-15T15:30:19","date_gmt":"2023-06-15T15:30:19","guid":{"rendered":"https:\/\/motif.es\/blog\/?p=2208"},"modified":"2023-06-15T15:30:19","modified_gmt":"2023-06-15T15:30:19","slug":"decora-tu-salon-en-verano-ideas-sencillas-y-frescas","status":"publish","type":"post","link":"https:\/\/www.motif.es\/blog\/decora-tu-salon-en-verano-ideas-sencillas-y-frescas\/","title":{"rendered":"Decora tu sal\u00f3n en verano: Ideas sencillas y frescas"},"content":{"rendered":"<p>El verano es el momento perfecto para <strong>renovar el espacio de tu sal\u00f3n<\/strong>. Es la estaci\u00f3n del calor, el color y la luminosidad. Nuestros espacios vitales se han vuelto a\u00fan m\u00e1s cruciales en los \u00faltimos meses, \u00a1y qu\u00e9 mejor manera de a\u00f1adir un poco de alegr\u00eda que <strong>decorando tu sal\u00f3n para el verano<\/strong>! Aqu\u00ed tienes algunas ideas sencillas y frescas para darle a tu sal\u00f3n un aire veraniego.<\/p>\n<h5>Introduce colores m\u00e1s vivos<\/h5>\n<p>El verano es sin\u00f3nimo de colores vivos. Es hora de deshacerte de los colores oscuros y pesados de tu sal\u00f3n e introducir tonos m\u00e1s claros que hagan que el espacio parezca m\u00e1s grande, luminoso y acogedor. Puedes introducir colores como tonos amarillos, naranjas, azules, rosas y verdes con accesorios como cojines, obras de arte, flores, cortinas y alfombras vin\u00edlicas.<strong><img loading=\"lazy\" decoding=\"async\" class=\"alignnone size-full wp-image-2210\" src=\"https:\/\/motif.es\/blog\/wp-content\/uploads\/2023\/06\/alfombra-vinilica-waterflower.jpg\" alt=\"\" width=\"1000\" height=\"1000\" srcset=\"https:\/\/www.motif.es\/blog\/wp-content\/uploads\/2023\/06\/alfombra-vinilica-waterflower.jpg 1000w, https:\/\/www.motif.es\/blog\/wp-content\/uploads\/2023\/06\/alfombra-vinilica-waterflower-300x300.jpg 300w, https:\/\/www.motif.es\/blog\/wp-content\/uploads\/2023\/06\/alfombra-vinilica-waterflower-150x150.jpg 150w, https:\/\/www.motif.es\/blog\/wp-content\/uploads\/2023\/06\/alfombra-vinilica-waterflower-768x768.jpg 768w, https:\/\/www.motif.es\/blog\/wp-content\/uploads\/2023\/06\/alfombra-vinilica-waterflower-400x400.jpg 400w, https:\/\/www.motif.es\/blog\/wp-content\/uploads\/2023\/06\/alfombra-vinilica-waterflower-96x96.jpg 96w\" sizes=\"auto, (max-width: 1000px) 100vw, 1000px\" \/><\/strong><\/p>\n<p style=\"text-align: center;\"><em>Alfombra Vin\u00edlica Waterflower de MOTIF<\/em><\/p>\n<p><strong>Consejo:<\/strong> Elige una combinaci\u00f3n de colores que complemente el mobiliario y el entorno, para conseguir un aspecto cohesionado.<\/p>\n<p>Los colores tendencia de este a\u00f1o puedes recordarlos <a href=\"https:\/\/www.elledecor.com\/es\/decoracion\/a41175225\/colores-tendencia-decoracion\/\" target=\"_blank\" rel=\"noopener\">aqu\u00ed<\/a> en un art\u00edculo de Elle Decor.<\/p>\n<h5>Introduce elementos naturales<\/h5>\n<p>La naturaleza est\u00e1 en su m\u00e1ximo esplendor durante el verano y a\u00f1adir algunos elementos naturales como plantas, flores o un jarr\u00f3n con frutas frescas puede ayudarte a llevar un trozo de esa belleza al interior de tu sal\u00f3n. Puedes incorporar texturas naturales y tejidos como el algod\u00f3n, el yute o el lino para a\u00f1adir una sensaci\u00f3n de ligereza veraniega.<\/p>\n<p><strong>Pro-consejo:<\/strong> Aseg\u00farate de elegir plantas que sean f\u00e1ciles de cuidar y que se adapten a las condiciones de luz y temperatura de tu sal\u00f3n.<\/p>\n<h5>Adopta telas m\u00e1s ligeras<\/h5>\n<p>Durante el verano, las telas gruesas y pesadas pueden hacer que tu sal\u00f3n resulte agobiante y c\u00e1lido. Cambia las cortinas gruesas por unas ligeras y transparentes que dejen entrar la luz natural y hagan que el sal\u00f3n parezca m\u00e1s amplio y acogedor.<\/p>\n<p><strong>Pro-tip:<\/strong> Considera la posibilidad de comprar fundas de sof\u00e1 extra\u00edbles que puedan cambiarse f\u00e1cilmente seg\u00fan la estaci\u00f3n.<\/p>\n<h5>A\u00f1ade aromas veraniegos<\/h5>\n<p><strong>Crea un ambiente relajante y veraniego<\/strong> introduciendo un aroma refrescante en el sal\u00f3n. Considera la posibilidad de utilizar velas, difusores o aceites esenciales con fragancias naturales. Elige aromas como el lim\u00f3n, la lavanda o el eucalipto para elevar tu estado de \u00e1nimo y ayudarte a relajarte.<\/p>\n<p><strong>Pro-consejo:<\/strong> Utiliza una combinaci\u00f3n de distintos aromas y c\u00e1mbialos seg\u00fan tu estado de \u00e1nimo y tus preferencias.<\/p>\n<h5>Incorpora acentos playeros<\/h5>\n<p>Los acentos playeros, como conchas, coral, estrellas de mar o cristal de mar, pueden dar un toque veraniego a tu sal\u00f3n. Coloca velas o difusores con aroma a playa en la mesa de centro, mientras que una obra de arte o un coj\u00edn inspirados en el oc\u00e9ano pueden marcar la diferencia en el sof\u00e1. Incluso puedes hacer un centro de mesa playero llenando un jarr\u00f3n de cristal con arena y conchas. Las l\u00e1minas decorativas son otro recurso que puede ayudar.<strong><img loading=\"lazy\" decoding=\"async\" class=\"alignnone size-full wp-image-2211\" src=\"https:\/\/motif.es\/blog\/wp-content\/uploads\/2023\/06\/coleccion-laminas-caryota.jpg\" alt=\"\" width=\"1000\" height=\"1000\" srcset=\"https:\/\/www.motif.es\/blog\/wp-content\/uploads\/2023\/06\/coleccion-laminas-caryota.jpg 1000w, https:\/\/www.motif.es\/blog\/wp-content\/uploads\/2023\/06\/coleccion-laminas-caryota-300x300.jpg 300w, https:\/\/www.motif.es\/blog\/wp-content\/uploads\/2023\/06\/coleccion-laminas-caryota-150x150.jpg 150w, https:\/\/www.motif.es\/blog\/wp-content\/uploads\/2023\/06\/coleccion-laminas-caryota-768x768.jpg 768w, https:\/\/www.motif.es\/blog\/wp-content\/uploads\/2023\/06\/coleccion-laminas-caryota-400x400.jpg 400w, https:\/\/www.motif.es\/blog\/wp-content\/uploads\/2023\/06\/coleccion-laminas-caryota-96x96.jpg 96w\" sizes=\"auto, (max-width: 1000px) 100vw, 1000px\" \/><\/strong><\/p>\n<p style=\"text-align: center;\"><a href=\"https:\/\/www.motif.es\/sets-de-laminas\/20771-18556-coleccion-laminas-caryota.html#\/90-tamano_laminas-30x40cm\" target=\"_blank\" rel=\"noopener\"><em>L\u00e1minas decorativas para pared Caryota de MOTIF<\/em><\/a><\/p>\n<p><strong>Consejo profesional:<\/strong> Aseg\u00farate de no exagerar con el tema playero y hazlo sencillo para obtener mejores resultados.<\/p>\n<h5>Reorganiza los muebles<\/h5>\n<p>Cambiar la disposici\u00f3n de tu sal\u00f3n puede darte una nueva perspectiva y hacer que tu espacio parezca nuevo y emocionante. En verano, intenta colocar los muebles de forma que aprovechen al m\u00e1ximo la luz natural. Tambi\u00e9n puedes orientar los muebles hacia el exterior para conectar con la naturaleza.<\/p>\n<p><strong>Pro-tip:<\/strong> Experimenta con distintas disposiciones antes de decidirte por una, aunque sea cambiando los muebles de sitio unas cuantas veces.<\/p>\n<h5>Deja que el exterior entre<\/h5>\n<p>El verano es el momento perfecto para abrir las ventanas y dejar que hable la naturaleza. Aprovecha la luz del sol y la brisa colocando los muebles de forma que te resulte f\u00e1cil disfrutar del exterior, como colocar una silla c\u00f3moda cerca de una ventana o instalar puertas correderas que den a un jard\u00edn o balc\u00f3n.<\/p>\n<p><strong>Pro-consejo:<\/strong> Ajusta tus muebles con frecuencia para aprovechar al m\u00e1ximo la luz natural y las vistas al exterior.<\/p>\n<p>En definitiva, <strong>decorar tu sal\u00f3n para el verano<\/strong> puede ser un proceso sencillo y divertido. Si incorporas algunas de estas ideas, podr\u00e1s transformar tu sal\u00f3n en un oasis de ligereza, calidez y luminosidad estivales. Recuerda divertirte con tus elecciones decorativas, juega con los colores, las texturas y los olores, y no tengas miedo de probar cosas nuevas. \u00a1Feliz decoraci\u00f3n de verano!<\/p>\n","protected":false},"excerpt":{"rendered":"<p>El verano es el momento perfecto para renovar el espacio de tu sal\u00f3n. Es la estaci\u00f3n del calor, el color y la luminosidad. Nuestros espacios vitales se han vuelto a\u00fan m\u00e1s cruciales en los \u00faltimos meses, \u00a1y qu\u00e9 mejor manera de a\u00f1adir un poco de alegr\u00eda que decorando tu sal\u00f3n para el verano! Aqu\u00ed tienes [&#8230;]<\/p>\n","protected":false},"author":2,"featured_media":2210,"comment_status":"open","ping_status":"open","sticky":false,"template":"","format":"standard","meta":{"_acf_changed":false,"footnotes":""},"categories":[9,8,13],"tags":[],"class_list":["post-2208","post","type-post","status-publish","format-standard","has-post-thumbnail","hentry","category-inspirate","category-sobre-alfombras-vinilicas","category-sobre-laminas-decoracion"],"acf":[],"yoast_head":"<!-- This site is optimized with the Yoast SEO plugin v27.5 - https:\/\/yoast.com\/product\/yoast-seo-wordpress\/ -->\n<title>Decora tu sal\u00f3n en verano: Ideas sencillas y frescas - Blog Motif<\/title>\n<meta name=\"description\" content=\"El verano es el momento perfecto para renovar el espacio de tu sal\u00f3n. Es la estaci\u00f3n del calor, el color y la luminosidad. Nuestros espacios vitales se\" \/>\n<meta name=\"robots\" content=\"index, follow, max-snippet:-1, max-image-preview:large, max-video-preview:-1\" \/>\n<link rel=\"canonical\" href=\"https:\/\/www.motif.es\/blog\/decora-tu-salon-en-verano-ideas-sencillas-y-frescas\/\" \/>\n<meta property=\"og:locale\" content=\"es_ES\" \/>\n<meta property=\"og:type\" content=\"article\" \/>\n<meta property=\"og:title\" content=\"Decora tu sal\u00f3n en verano: Ideas sencillas y frescas - Blog Motif\" \/>\n<meta property=\"og:description\" content=\"El verano es el momento perfecto para renovar el espacio de tu sal\u00f3n. Es la estaci\u00f3n del calor, el color y la luminosidad. Nuestros espacios vitales se\" \/>\n<meta property=\"og:url\" content=\"https:\/\/www.motif.es\/blog\/decora-tu-salon-en-verano-ideas-sencillas-y-frescas\/\" \/>\n<meta property=\"og:site_name\" content=\"Blog Motif\" \/>\n<meta property=\"article:publisher\" content=\"https:\/\/www.facebook.com\/motifmorethanwalls\/\" \/>\n<meta property=\"article:published_time\" content=\"2023-06-15T15:30:19+00:00\" \/>\n<meta property=\"og:image\" content=\"https:\/\/www.motif.es\/blog\/wp-content\/uploads\/2023\/06\/alfombra-vinilica-waterflower.jpg\" \/>\n\t<meta property=\"og:image:width\" content=\"1000\" \/>\n\t<meta property=\"og:image:height\" content=\"1000\" \/>\n\t<meta property=\"og:image:type\" content=\"image\/jpeg\" \/>\n<meta name=\"author\" content=\"Comunicaci\u00f3n Motif\" \/>\n<meta name=\"twitter:card\" content=\"summary_large_image\" \/>\n<meta name=\"twitter:label1\" content=\"Escrito por\" \/>\n\t<meta name=\"twitter:data1\" content=\"Comunicaci\u00f3n Motif\" \/>\n\t<meta name=\"twitter:label2\" content=\"Tiempo de lectura\" \/>\n\t<meta name=\"twitter:data2\" content=\"4 minutos\" \/>\n<script type=\"application\/ld+json\" class=\"yoast-schema-graph\">{\"@context\":\"https:\\\/\\\/schema.org\",\"@graph\":[{\"@type\":\"Article\",\"@id\":\"https:\\\/\\\/www.motif.es\\\/blog\\\/decora-tu-salon-en-verano-ideas-sencillas-y-frescas\\\/#article\",\"isPartOf\":{\"@id\":\"https:\\\/\\\/www.motif.es\\\/blog\\\/decora-tu-salon-en-verano-ideas-sencillas-y-frescas\\\/\"},\"author\":{\"name\":\"Comunicaci\u00f3n Motif\",\"@id\":\"https:\\\/\\\/www.motif.es\\\/blog\\\/#\\\/schema\\\/person\\\/aac26ed80d8e02fb9525ec6b569d75e9\"},\"headline\":\"Decora tu sal\u00f3n en verano: Ideas sencillas y frescas\",\"datePublished\":\"2023-06-15T15:30:19+00:00\",\"mainEntityOfPage\":{\"@id\":\"https:\\\/\\\/www.motif.es\\\/blog\\\/decora-tu-salon-en-verano-ideas-sencillas-y-frescas\\\/\"},\"wordCount\":775,\"commentCount\":0,\"publisher\":{\"@id\":\"https:\\\/\\\/www.motif.es\\\/blog\\\/#organization\"},\"image\":{\"@id\":\"https:\\\/\\\/www.motif.es\\\/blog\\\/decora-tu-salon-en-verano-ideas-sencillas-y-frescas\\\/#primaryimage\"},\"thumbnailUrl\":\"https:\\\/\\\/www.motif.es\\\/blog\\\/wp-content\\\/uploads\\\/2023\\\/06\\\/alfombra-vinilica-waterflower.jpg\",\"articleSection\":[\"insp\u00edrate\",\"sobre alfombras vin\u00edlicas\",\"sobre l\u00e1minas decoraci\u00f3n\"],\"inLanguage\":\"es\",\"potentialAction\":[{\"@type\":\"CommentAction\",\"name\":\"Comment\",\"target\":[\"https:\\\/\\\/www.motif.es\\\/blog\\\/decora-tu-salon-en-verano-ideas-sencillas-y-frescas\\\/#respond\"]}]},{\"@type\":\"WebPage\",\"@id\":\"https:\\\/\\\/www.motif.es\\\/blog\\\/decora-tu-salon-en-verano-ideas-sencillas-y-frescas\\\/\",\"url\":\"https:\\\/\\\/www.motif.es\\\/blog\\\/decora-tu-salon-en-verano-ideas-sencillas-y-frescas\\\/\",\"name\":\"Decora tu sal\u00f3n en verano: Ideas sencillas y frescas - Blog Motif\",\"isPartOf\":{\"@id\":\"https:\\\/\\\/www.motif.es\\\/blog\\\/#website\"},\"primaryImageOfPage\":{\"@id\":\"https:\\\/\\\/www.motif.es\\\/blog\\\/decora-tu-salon-en-verano-ideas-sencillas-y-frescas\\\/#primaryimage\"},\"image\":{\"@id\":\"https:\\\/\\\/www.motif.es\\\/blog\\\/decora-tu-salon-en-verano-ideas-sencillas-y-frescas\\\/#primaryimage\"},\"thumbnailUrl\":\"https:\\\/\\\/www.motif.es\\\/blog\\\/wp-content\\\/uploads\\\/2023\\\/06\\\/alfombra-vinilica-waterflower.jpg\",\"datePublished\":\"2023-06-15T15:30:19+00:00\",\"description\":\"El verano es el momento perfecto para renovar el espacio de tu sal\u00f3n. Es la estaci\u00f3n del calor, el color y la luminosidad. Nuestros espacios vitales se\",\"breadcrumb\":{\"@id\":\"https:\\\/\\\/www.motif.es\\\/blog\\\/decora-tu-salon-en-verano-ideas-sencillas-y-frescas\\\/#breadcrumb\"},\"inLanguage\":\"es\",\"potentialAction\":[{\"@type\":\"ReadAction\",\"target\":[\"https:\\\/\\\/www.motif.es\\\/blog\\\/decora-tu-salon-en-verano-ideas-sencillas-y-frescas\\\/\"]}]},{\"@type\":\"ImageObject\",\"inLanguage\":\"es\",\"@id\":\"https:\\\/\\\/www.motif.es\\\/blog\\\/decora-tu-salon-en-verano-ideas-sencillas-y-frescas\\\/#primaryimage\",\"url\":\"https:\\\/\\\/www.motif.es\\\/blog\\\/wp-content\\\/uploads\\\/2023\\\/06\\\/alfombra-vinilica-waterflower.jpg\",\"contentUrl\":\"https:\\\/\\\/www.motif.es\\\/blog\\\/wp-content\\\/uploads\\\/2023\\\/06\\\/alfombra-vinilica-waterflower.jpg\",\"width\":1000,\"height\":1000},{\"@type\":\"BreadcrumbList\",\"@id\":\"https:\\\/\\\/www.motif.es\\\/blog\\\/decora-tu-salon-en-verano-ideas-sencillas-y-frescas\\\/#breadcrumb\",\"itemListElement\":[{\"@type\":\"ListItem\",\"position\":1,\"name\":\"Blog\",\"item\":\"https:\\\/\\\/www.motif.es\\\/blog\\\/\"},{\"@type\":\"ListItem\",\"position\":2,\"name\":\"insp\u00edrate\",\"item\":\"https:\\\/\\\/www.motif.es\\\/blog\\\/category\\\/inspirate\\\/\"},{\"@type\":\"ListItem\",\"position\":3,\"name\":\"Decora tu sal\u00f3n en verano: Ideas sencillas y frescas\"}]},{\"@type\":\"WebSite\",\"@id\":\"https:\\\/\\\/www.motif.es\\\/blog\\\/#website\",\"url\":\"https:\\\/\\\/www.motif.es\\\/blog\\\/\",\"name\":\"Blog Motif\",\"description\":\"nuestro rinc\u00f3n para inspirarte\",\"publisher\":{\"@id\":\"https:\\\/\\\/www.motif.es\\\/blog\\\/#organization\"},\"potentialAction\":[{\"@type\":\"SearchAction\",\"target\":{\"@type\":\"EntryPoint\",\"urlTemplate\":\"https:\\\/\\\/www.motif.es\\\/blog\\\/?s={search_term_string}\"},\"query-input\":{\"@type\":\"PropertyValueSpecification\",\"valueRequired\":true,\"valueName\":\"search_term_string\"}}],\"inLanguage\":\"es\"},{\"@type\":\"Organization\",\"@id\":\"https:\\\/\\\/www.motif.es\\\/blog\\\/#organization\",\"name\":\"Motif Wallpapers S.L.U.\",\"url\":\"https:\\\/\\\/www.motif.es\\\/blog\\\/\",\"logo\":{\"@type\":\"ImageObject\",\"inLanguage\":\"es\",\"@id\":\"https:\\\/\\\/www.motif.es\\\/blog\\\/#\\\/schema\\\/logo\\\/image\\\/\",\"url\":\"https:\\\/\\\/motif.es\\\/blog\\\/wp-content\\\/uploads\\\/2021\\\/06\\\/logo-motif.jpg\",\"contentUrl\":\"https:\\\/\\\/motif.es\\\/blog\\\/wp-content\\\/uploads\\\/2021\\\/06\\\/logo-motif.jpg\",\"width\":464,\"height\":464,\"caption\":\"Motif Wallpapers S.L.U.\"},\"image\":{\"@id\":\"https:\\\/\\\/www.motif.es\\\/blog\\\/#\\\/schema\\\/logo\\\/image\\\/\"},\"sameAs\":[\"https:\\\/\\\/www.facebook.com\\\/motifmorethanwalls\\\/\",\"https:\\\/\\\/www.instagram.com\\\/motif_es\\\/?hl=es\",\"https:\\\/\\\/www.pinterest.es\\\/motifwallpapers\\\/\",\"https:\\\/\\\/www.youtube.com\\\/channel\\\/UCNaOmbxD6LjcQNj4vmfVIUg\"]},{\"@type\":\"Person\",\"@id\":\"https:\\\/\\\/www.motif.es\\\/blog\\\/#\\\/schema\\\/person\\\/aac26ed80d8e02fb9525ec6b569d75e9\",\"name\":\"Comunicaci\u00f3n Motif\",\"image\":{\"@type\":\"ImageObject\",\"inLanguage\":\"es\",\"@id\":\"https:\\\/\\\/secure.gravatar.com\\\/avatar\\\/93b2fb49a03bd7a57b5f5e8c3b740113f14f25da86b090887d9353672de2d9b5?s=96&d=mm&r=g\",\"url\":\"https:\\\/\\\/secure.gravatar.com\\\/avatar\\\/93b2fb49a03bd7a57b5f5e8c3b740113f14f25da86b090887d9353672de2d9b5?s=96&d=mm&r=g\",\"contentUrl\":\"https:\\\/\\\/secure.gravatar.com\\\/avatar\\\/93b2fb49a03bd7a57b5f5e8c3b740113f14f25da86b090887d9353672de2d9b5?s=96&d=mm&r=g\",\"caption\":\"Comunicaci\u00f3n Motif\"},\"url\":\"https:\\\/\\\/www.motif.es\\\/blog\\\/author\\\/comunicacion\\\/\"}]}<\/script>\n<!-- \/ Yoast SEO plugin. -->","yoast_head_json":{"title":"Decora tu sal\u00f3n en verano: Ideas sencillas y frescas - Blog Motif","description":"El verano es el momento perfecto para renovar el espacio de tu sal\u00f3n. Es la estaci\u00f3n del calor, el color y la luminosidad. Nuestros espacios vitales se","robots":{"index":"index","follow":"follow","max-snippet":"max-snippet:-1","max-image-preview":"max-image-preview:large","max-video-preview":"max-video-preview:-1"},"canonical":"https:\/\/www.motif.es\/blog\/decora-tu-salon-en-verano-ideas-sencillas-y-frescas\/","og_locale":"es_ES","og_type":"article","og_title":"Decora tu sal\u00f3n en verano: Ideas sencillas y frescas - Blog Motif","og_description":"El verano es el momento perfecto para renovar el espacio de tu sal\u00f3n. Es la estaci\u00f3n del calor, el color y la luminosidad. Nuestros espacios vitales se","og_url":"https:\/\/www.motif.es\/blog\/decora-tu-salon-en-verano-ideas-sencillas-y-frescas\/","og_site_name":"Blog Motif","article_publisher":"https:\/\/www.facebook.com\/motifmorethanwalls\/","article_published_time":"2023-06-15T15:30:19+00:00","og_image":[{"width":1000,"height":1000,"url":"https:\/\/www.motif.es\/blog\/wp-content\/uploads\/2023\/06\/alfombra-vinilica-waterflower.jpg","type":"image\/jpeg"}],"author":"Comunicaci\u00f3n Motif","twitter_card":"summary_large_image","twitter_misc":{"Escrito por":"Comunicaci\u00f3n Motif","Tiempo de lectura":"4 minutos"},"schema":{"@context":"https:\/\/schema.org","@graph":[{"@type":"Article","@id":"https:\/\/www.motif.es\/blog\/decora-tu-salon-en-verano-ideas-sencillas-y-frescas\/#article","isPartOf":{"@id":"https:\/\/www.motif.es\/blog\/decora-tu-salon-en-verano-ideas-sencillas-y-frescas\/"},"author":{"name":"Comunicaci\u00f3n Motif","@id":"https:\/\/www.motif.es\/blog\/#\/schema\/person\/aac26ed80d8e02fb9525ec6b569d75e9"},"headline":"Decora tu sal\u00f3n en verano: Ideas sencillas y frescas","datePublished":"2023-06-15T15:30:19+00:00","mainEntityOfPage":{"@id":"https:\/\/www.motif.es\/blog\/decora-tu-salon-en-verano-ideas-sencillas-y-frescas\/"},"wordCount":775,"commentCount":0,"publisher":{"@id":"https:\/\/www.motif.es\/blog\/#organization"},"image":{"@id":"https:\/\/www.motif.es\/blog\/decora-tu-salon-en-verano-ideas-sencillas-y-frescas\/#primaryimage"},"thumbnailUrl":"https:\/\/www.motif.es\/blog\/wp-content\/uploads\/2023\/06\/alfombra-vinilica-waterflower.jpg","articleSection":["insp\u00edrate","sobre alfombras vin\u00edlicas","sobre l\u00e1minas decoraci\u00f3n"],"inLanguage":"es","potentialAction":[{"@type":"CommentAction","name":"Comment","target":["https:\/\/www.motif.es\/blog\/decora-tu-salon-en-verano-ideas-sencillas-y-frescas\/#respond"]}]},{"@type":"WebPage","@id":"https:\/\/www.motif.es\/blog\/decora-tu-salon-en-verano-ideas-sencillas-y-frescas\/","url":"https:\/\/www.motif.es\/blog\/decora-tu-salon-en-verano-ideas-sencillas-y-frescas\/","name":"Decora tu sal\u00f3n en verano: Ideas sencillas y frescas - Blog Motif","isPartOf":{"@id":"https:\/\/www.motif.es\/blog\/#website"},"primaryImageOfPage":{"@id":"https:\/\/www.motif.es\/blog\/decora-tu-salon-en-verano-ideas-sencillas-y-frescas\/#primaryimage"},"image":{"@id":"https:\/\/www.motif.es\/blog\/decora-tu-salon-en-verano-ideas-sencillas-y-frescas\/#primaryimage"},"thumbnailUrl":"https:\/\/www.motif.es\/blog\/wp-content\/uploads\/2023\/06\/alfombra-vinilica-waterflower.jpg","datePublished":"2023-06-15T15:30:19+00:00","description":"El verano es el momento perfecto para renovar el espacio de tu sal\u00f3n. Es la estaci\u00f3n del calor, el color y la luminosidad. Nuestros espacios vitales se","breadcrumb":{"@id":"https:\/\/www.motif.es\/blog\/decora-tu-salon-en-verano-ideas-sencillas-y-frescas\/#breadcrumb"},"inLanguage":"es","potentialAction":[{"@type":"ReadAction","target":["https:\/\/www.motif.es\/blog\/decora-tu-salon-en-verano-ideas-sencillas-y-frescas\/"]}]},{"@type":"ImageObject","inLanguage":"es","@id":"https:\/\/www.motif.es\/blog\/decora-tu-salon-en-verano-ideas-sencillas-y-frescas\/#primaryimage","url":"https:\/\/www.motif.es\/blog\/wp-content\/uploads\/2023\/06\/alfombra-vinilica-waterflower.jpg","contentUrl":"https:\/\/www.motif.es\/blog\/wp-content\/uploads\/2023\/06\/alfombra-vinilica-waterflower.jpg","width":1000,"height":1000},{"@type":"BreadcrumbList","@id":"https:\/\/www.motif.es\/blog\/decora-tu-salon-en-verano-ideas-sencillas-y-frescas\/#breadcrumb","itemListElement":[{"@type":"ListItem","position":1,"name":"Blog","item":"https:\/\/www.motif.es\/blog\/"},{"@type":"ListItem","position":2,"name":"insp\u00edrate","item":"https:\/\/www.motif.es\/blog\/category\/inspirate\/"},{"@type":"ListItem","position":3,"name":"Decora tu sal\u00f3n en verano: Ideas sencillas y frescas"}]},{"@type":"WebSite","@id":"https:\/\/www.motif.es\/blog\/#website","url":"https:\/\/www.motif.es\/blog\/","name":"Blog Motif","description":"nuestro rinc\u00f3n para inspirarte","publisher":{"@id":"https:\/\/www.motif.es\/blog\/#organization"},"potentialAction":[{"@type":"SearchAction","target":{"@type":"EntryPoint","urlTemplate":"https:\/\/www.motif.es\/blog\/?s={search_term_string}"},"query-input":{"@type":"PropertyValueSpecification","valueRequired":true,"valueName":"search_term_string"}}],"inLanguage":"es"},{"@type":"Organization","@id":"https:\/\/www.motif.es\/blog\/#organization","name":"Motif Wallpapers S.L.U.","url":"https:\/\/www.motif.es\/blog\/","logo":{"@type":"ImageObject","inLanguage":"es","@id":"https:\/\/www.motif.es\/blog\/#\/schema\/logo\/image\/","url":"https:\/\/motif.es\/blog\/wp-content\/uploads\/2021\/06\/logo-motif.jpg","contentUrl":"https:\/\/motif.es\/blog\/wp-content\/uploads\/2021\/06\/logo-motif.jpg","width":464,"height":464,"caption":"Motif Wallpapers S.L.U."},"image":{"@id":"https:\/\/www.motif.es\/blog\/#\/schema\/logo\/image\/"},"sameAs":["https:\/\/www.facebook.com\/motifmorethanwalls\/","https:\/\/www.instagram.com\/motif_es\/?hl=es","https:\/\/www.pinterest.es\/motifwallpapers\/","https:\/\/www.youtube.com\/channel\/UCNaOmbxD6LjcQNj4vmfVIUg"]},{"@type":"Person","@id":"https:\/\/www.motif.es\/blog\/#\/schema\/person\/aac26ed80d8e02fb9525ec6b569d75e9","name":"Comunicaci\u00f3n Motif","image":{"@type":"ImageObject","inLanguage":"es","@id":"https:\/\/secure.gravatar.com\/avatar\/93b2fb49a03bd7a57b5f5e8c3b740113f14f25da86b090887d9353672de2d9b5?s=96&d=mm&r=g","url":"https:\/\/secure.gravatar.com\/avatar\/93b2fb49a03bd7a57b5f5e8c3b740113f14f25da86b090887d9353672de2d9b5?s=96&d=mm&r=g","contentUrl":"https:\/\/secure.gravatar.com\/avatar\/93b2fb49a03bd7a57b5f5e8c3b740113f14f25da86b090887d9353672de2d9b5?s=96&d=mm&r=g","caption":"Comunicaci\u00f3n Motif"},"url":"https:\/\/www.motif.es\/blog\/author\/comunicacion\/"}]}},"_links":{"self":[{"href":"https:\/\/www.motif.es\/blog\/wp-json\/wp\/v2\/posts\/2208","targetHints":{"allow":["GET"]}}],"collection":[{"href":"https:\/\/www.motif.es\/blog\/wp-json\/wp\/v2\/posts"}],"about":[{"href":"https:\/\/www.motif.es\/blog\/wp-json\/wp\/v2\/types\/post"}],"author":[{"embeddable":true,"href":"https:\/\/www.motif.es\/blog\/wp-json\/wp\/v2\/users\/2"}],"replies":[{"embeddable":true,"href":"https:\/\/www.motif.es\/blog\/wp-json\/wp\/v2\/comments?post=2208"}],"version-history":[{"count":1,"href":"https:\/\/www.motif.es\/blog\/wp-json\/wp\/v2\/posts\/2208\/revisions"}],"predecessor-version":[{"id":2212,"href":"https:\/\/www.motif.es\/blog\/wp-json\/wp\/v2\/posts\/2208\/revisions\/2212"}],"wp:featuredmedia":[{"embeddable":true,"href":"https:\/\/www.motif.es\/blog\/wp-json\/wp\/v2\/media\/2210"}],"wp:attachment":[{"href":"https:\/\/www.motif.es\/blog\/wp-json\/wp\/v2\/media?parent=2208"}],"wp:term":[{"taxonomy":"category","embeddable":true,"href":"https:\/\/www.motif.es\/blog\/wp-json\/wp\/v2\/categories?post=2208"},{"taxonomy":"post_tag","embeddable":true,"href":"https:\/\/www.motif.es\/blog\/wp-json\/wp\/v2\/tags?post=2208"}],"curies":[{"name":"wp","href":"https:\/\/api.w.org\/{rel}","templated":true}]}}