{"id":2220,"date":"2023-06-19T15:34:39","date_gmt":"2023-06-19T15:34:39","guid":{"rendered":"https:\/\/motif.es\/blog\/?p=2220"},"modified":"2023-07-03T15:48:33","modified_gmt":"2023-07-03T15:48:33","slug":"nueva-coleccion-de-alfombras-vinilicas-infantiles-de-motif","status":"publish","type":"post","link":"https:\/\/www.motif.es\/blog\/nueva-coleccion-de-alfombras-vinilicas-infantiles-de-motif\/","title":{"rendered":"NUEVA COLECCI\u00d3N DE ALFOMBRAS VIN\u00cdLICAS INFANTILES DE MOTIF"},"content":{"rendered":"<p>Cuando se trata de crear un espacio l\u00fadico y seguro para tus peque\u00f1os, MOTIF acabamos de lanzar su \u00faltima colecci\u00f3n de <strong>alfombras vin\u00edlicas especialmente dise\u00f1adas para ni\u00f1os<\/strong>. Estas alfombras ofrecen practicidad y durabilidad, lo que las convierte en el complemento perfecto para cualquier habitaci\u00f3n infantil.<\/p>\n<h5>\u00bfPor qu\u00e9 elegir las alfombras de vinilo para ni\u00f1os de MOTIF?<\/h5>\n<p>MOTIF es famosa por su compromiso con la calidad y la innovaci\u00f3n, y su nueva gama de alfombras de vinilo para ni\u00f1os no es una excepci\u00f3n. He aqu\u00ed algunas razones de peso por las que deber\u00edas considerar MOTIF para el espacio de tu peque\u00f1o:<\/p>\n<h5>1. La seguridad ante todo<\/h5>\n<p>La seguridad es una prioridad absoluta cuando se trata de productos para ni\u00f1os. Las <strong>alfombras vin\u00edlicas de MOTIF<\/strong> cumplen las normas de seguridad m\u00e1s estrictas, garantizando un entorno libre de t\u00f3xicos y adecuado para los ni\u00f1os. Puedes estar tranquilo sabiendo que estas alfombras est\u00e1n libres de productos qu\u00edmicos nocivos y son seguras para que tus peque\u00f1os jueguen y gateen sobre ellas.<\/p>\n<h5>2. F\u00e1cil limpieza y mantenimiento<\/h5>\n<p>Acept\u00e9moslo, \u00a1los ni\u00f1os pueden ser muy desordenados! Con las alfombras de vinilo MOTIF, ya no tendr\u00e1s que preocuparte por los derrames, las manchas o la suciedad. Estas alfombras son resistentes al agua y f\u00e1ciles de limpiar con un pa\u00f1o h\u00famedo o incluso con lej\u00eda. \u00a1Desp\u00eddete de pasar horas quitando manchas de las alfombras tradicionales! Adem\u00e1s, su durabilidad significa que pueden soportar el desgaste de las actividades de juego diarias.<\/p>\n<h5>3. Dise\u00f1os cautivadores<\/h5>\n<p>La nueva colecci\u00f3n presenta una amplia gama de dise\u00f1os cautivadores. Estas alfombras vin\u00edlicas vibrantes y visualmente atractivas no s\u00f3lo mejorar\u00e1n el aspecto general de la habitaci\u00f3n, sino que tambi\u00e9n despertar\u00e1n la creatividad y la imaginaci\u00f3n.<\/p>\n<p style=\"text-align: center;\"><img loading=\"lazy\" decoding=\"async\" class=\"alignnone size-full wp-image-2222\" src=\"https:\/\/motif.es\/blog\/wp-content\/uploads\/2023\/07\/nuevas-alfombras-vinilicas-infantiles-de-motif.jpg\" alt=\"\" width=\"2000\" height=\"2000\" srcset=\"https:\/\/www.motif.es\/blog\/wp-content\/uploads\/2023\/07\/nuevas-alfombras-vinilicas-infantiles-de-motif.jpg 2000w, https:\/\/www.motif.es\/blog\/wp-content\/uploads\/2023\/07\/nuevas-alfombras-vinilicas-infantiles-de-motif-300x300.jpg 300w, https:\/\/www.motif.es\/blog\/wp-content\/uploads\/2023\/07\/nuevas-alfombras-vinilicas-infantiles-de-motif-1024x1024.jpg 1024w, https:\/\/www.motif.es\/blog\/wp-content\/uploads\/2023\/07\/nuevas-alfombras-vinilicas-infantiles-de-motif-150x150.jpg 150w, https:\/\/www.motif.es\/blog\/wp-content\/uploads\/2023\/07\/nuevas-alfombras-vinilicas-infantiles-de-motif-768x768.jpg 768w, https:\/\/www.motif.es\/blog\/wp-content\/uploads\/2023\/07\/nuevas-alfombras-vinilicas-infantiles-de-motif-1536x1536.jpg 1536w, https:\/\/www.motif.es\/blog\/wp-content\/uploads\/2023\/07\/nuevas-alfombras-vinilicas-infantiles-de-motif-1200x1200.jpg 1200w, https:\/\/www.motif.es\/blog\/wp-content\/uploads\/2023\/07\/nuevas-alfombras-vinilicas-infantiles-de-motif-1980x1980.jpg 1980w, https:\/\/www.motif.es\/blog\/wp-content\/uploads\/2023\/07\/nuevas-alfombras-vinilicas-infantiles-de-motif-400x400.jpg 400w, https:\/\/www.motif.es\/blog\/wp-content\/uploads\/2023\/07\/nuevas-alfombras-vinilicas-infantiles-de-motif-96x96.jpg 96w\" sizes=\"auto, (max-width: 2000px) 100vw, 2000px\" \/><\/p>\n<p>Puedes ver todos los dise\u00f1os <a href=\"https:\/\/www.motif.es\/102-productos-infantiles\" target=\"_blank\" rel=\"noopener\">aqu\u00ed<\/a>.<\/p>\n<h5>4. Versatilidad<\/h5>\n<p>Una de las principales ventajas de las alfombras de vinilo MOTIF es su versatilidad. Tanto si tienes suelo de madera, baldosa o moqueta, estas alfombras pueden colocarse f\u00e1cilmente en cualquier sitio, a\u00f1adiendo un toque de color y comodidad. Su reverso antideslizante proporciona estabilidad y garantiza que permanezcan en su sitio, incluso durante sesiones de juego.<\/p>\n<p>Decora su habitaci\u00f3n y despierta su curiosidad con nuestra nueva colecci\u00f3n de alfombras vin\u00edlicas.<\/p>\n<p style=\"text-align: center;\"><img loading=\"lazy\" decoding=\"async\" class=\"alignnone size-full wp-image-2223\" src=\"https:\/\/motif.es\/blog\/wp-content\/uploads\/2023\/07\/alfombra-vinilica-clima.jpg\" alt=\"\" width=\"1000\" height=\"1000\" srcset=\"https:\/\/www.motif.es\/blog\/wp-content\/uploads\/2023\/07\/alfombra-vinilica-clima.jpg 1000w, https:\/\/www.motif.es\/blog\/wp-content\/uploads\/2023\/07\/alfombra-vinilica-clima-300x300.jpg 300w, https:\/\/www.motif.es\/blog\/wp-content\/uploads\/2023\/07\/alfombra-vinilica-clima-150x150.jpg 150w, https:\/\/www.motif.es\/blog\/wp-content\/uploads\/2023\/07\/alfombra-vinilica-clima-768x768.jpg 768w, https:\/\/www.motif.es\/blog\/wp-content\/uploads\/2023\/07\/alfombra-vinilica-clima-400x400.jpg 400w, https:\/\/www.motif.es\/blog\/wp-content\/uploads\/2023\/07\/alfombra-vinilica-clima-96x96.jpg 96w\" sizes=\"auto, (max-width: 1000px) 100vw, 1000px\" \/><\/p>\n<p>&nbsp;<\/p>\n<p>&nbsp;<\/p>\n","protected":false},"excerpt":{"rendered":"<p>Cuando se trata de crear un espacio l\u00fadico y seguro para tus peque\u00f1os, MOTIF acabamos de lanzar su \u00faltima colecci\u00f3n de alfombras vin\u00edlicas especialmente dise\u00f1adas para ni\u00f1os. Estas alfombras ofrecen practicidad y durabilidad, lo que las convierte en el complemento perfecto para cualquier habitaci\u00f3n infantil. \u00bfPor qu\u00e9 elegir las alfombras de vinilo para ni\u00f1os de [&#8230;]<\/p>\n","protected":false},"author":2,"featured_media":2222,"comment_status":"open","ping_status":"open","sticky":false,"template":"","format":"standard","meta":{"_acf_changed":false,"footnotes":""},"categories":[8],"tags":[],"class_list":["post-2220","post","type-post","status-publish","format-standard","has-post-thumbnail","hentry","category-sobre-alfombras-vinilicas"],"acf":[],"yoast_head":"<!-- This site is optimized with the Yoast SEO plugin v27.4 - https:\/\/yoast.com\/product\/yoast-seo-wordpress\/ -->\n<title>NUEVA COLECCI\u00d3N DE ALFOMBRAS VIN\u00cdLICAS INFANTILES DE MOTIF - Blog Motif<\/title>\n<meta name=\"description\" content=\"Cuando se trata de crear un espacio l\u00fadico y seguro para tus peque\u00f1os, MOTIF acabamos de lanzar su \u00faltima colecci\u00f3n de alfombras vin\u00edlicas especialmente\" \/>\n<meta name=\"robots\" content=\"index, follow, max-snippet:-1, max-image-preview:large, max-video-preview:-1\" \/>\n<link rel=\"canonical\" href=\"https:\/\/www.motif.es\/blog\/nueva-coleccion-de-alfombras-vinilicas-infantiles-de-motif\/\" \/>\n<meta property=\"og:locale\" content=\"es_ES\" \/>\n<meta property=\"og:type\" content=\"article\" \/>\n<meta property=\"og:title\" content=\"NUEVA COLECCI\u00d3N DE ALFOMBRAS VIN\u00cdLICAS INFANTILES DE MOTIF - Blog Motif\" \/>\n<meta property=\"og:description\" content=\"Cuando se trata de crear un espacio l\u00fadico y seguro para tus peque\u00f1os, MOTIF acabamos de lanzar su \u00faltima colecci\u00f3n de alfombras vin\u00edlicas especialmente\" \/>\n<meta property=\"og:url\" content=\"https:\/\/www.motif.es\/blog\/nueva-coleccion-de-alfombras-vinilicas-infantiles-de-motif\/\" \/>\n<meta property=\"og:site_name\" content=\"Blog Motif\" \/>\n<meta property=\"article:publisher\" content=\"https:\/\/www.facebook.com\/motifmorethanwalls\/\" \/>\n<meta property=\"article:published_time\" content=\"2023-06-19T15:34:39+00:00\" \/>\n<meta property=\"article:modified_time\" content=\"2023-07-03T15:48:33+00:00\" \/>\n<meta property=\"og:image\" content=\"https:\/\/www.motif.es\/blog\/wp-content\/uploads\/2023\/07\/nuevas-alfombras-vinilicas-infantiles-de-motif.jpg\" \/>\n\t<meta property=\"og:image:width\" content=\"2000\" \/>\n\t<meta property=\"og:image:height\" content=\"2000\" \/>\n\t<meta property=\"og:image:type\" content=\"image\/jpeg\" \/>\n<meta name=\"author\" content=\"Comunicaci\u00f3n Motif\" \/>\n<meta name=\"twitter:card\" content=\"summary_large_image\" \/>\n<meta name=\"twitter:label1\" content=\"Escrito por\" \/>\n\t<meta name=\"twitter:data1\" content=\"Comunicaci\u00f3n Motif\" \/>\n\t<meta name=\"twitter:label2\" content=\"Tiempo de lectura\" \/>\n\t<meta name=\"twitter:data2\" content=\"3 minutos\" \/>\n<script type=\"application\/ld+json\" class=\"yoast-schema-graph\">{\"@context\":\"https:\\\/\\\/schema.org\",\"@graph\":[{\"@type\":\"Article\",\"@id\":\"https:\\\/\\\/www.motif.es\\\/blog\\\/nueva-coleccion-de-alfombras-vinilicas-infantiles-de-motif\\\/#article\",\"isPartOf\":{\"@id\":\"https:\\\/\\\/www.motif.es\\\/blog\\\/nueva-coleccion-de-alfombras-vinilicas-infantiles-de-motif\\\/\"},\"author\":{\"name\":\"Comunicaci\u00f3n Motif\",\"@id\":\"https:\\\/\\\/www.motif.es\\\/blog\\\/#\\\/schema\\\/person\\\/aac26ed80d8e02fb9525ec6b569d75e9\"},\"headline\":\"NUEVA COLECCI\u00d3N DE ALFOMBRAS VIN\u00cdLICAS INFANTILES DE MOTIF\",\"datePublished\":\"2023-06-19T15:34:39+00:00\",\"dateModified\":\"2023-07-03T15:48:33+00:00\",\"mainEntityOfPage\":{\"@id\":\"https:\\\/\\\/www.motif.es\\\/blog\\\/nueva-coleccion-de-alfombras-vinilicas-infantiles-de-motif\\\/\"},\"wordCount\":410,\"commentCount\":0,\"publisher\":{\"@id\":\"https:\\\/\\\/www.motif.es\\\/blog\\\/#organization\"},\"image\":{\"@id\":\"https:\\\/\\\/www.motif.es\\\/blog\\\/nueva-coleccion-de-alfombras-vinilicas-infantiles-de-motif\\\/#primaryimage\"},\"thumbnailUrl\":\"https:\\\/\\\/www.motif.es\\\/blog\\\/wp-content\\\/uploads\\\/2023\\\/07\\\/nuevas-alfombras-vinilicas-infantiles-de-motif.jpg\",\"articleSection\":[\"sobre alfombras vin\u00edlicas\"],\"inLanguage\":\"es\",\"potentialAction\":[{\"@type\":\"CommentAction\",\"name\":\"Comment\",\"target\":[\"https:\\\/\\\/www.motif.es\\\/blog\\\/nueva-coleccion-de-alfombras-vinilicas-infantiles-de-motif\\\/#respond\"]}]},{\"@type\":\"WebPage\",\"@id\":\"https:\\\/\\\/www.motif.es\\\/blog\\\/nueva-coleccion-de-alfombras-vinilicas-infantiles-de-motif\\\/\",\"url\":\"https:\\\/\\\/www.motif.es\\\/blog\\\/nueva-coleccion-de-alfombras-vinilicas-infantiles-de-motif\\\/\",\"name\":\"NUEVA COLECCI\u00d3N DE ALFOMBRAS VIN\u00cdLICAS INFANTILES DE MOTIF - Blog Motif\",\"isPartOf\":{\"@id\":\"https:\\\/\\\/www.motif.es\\\/blog\\\/#website\"},\"primaryImageOfPage\":{\"@id\":\"https:\\\/\\\/www.motif.es\\\/blog\\\/nueva-coleccion-de-alfombras-vinilicas-infantiles-de-motif\\\/#primaryimage\"},\"image\":{\"@id\":\"https:\\\/\\\/www.motif.es\\\/blog\\\/nueva-coleccion-de-alfombras-vinilicas-infantiles-de-motif\\\/#primaryimage\"},\"thumbnailUrl\":\"https:\\\/\\\/www.motif.es\\\/blog\\\/wp-content\\\/uploads\\\/2023\\\/07\\\/nuevas-alfombras-vinilicas-infantiles-de-motif.jpg\",\"datePublished\":\"2023-06-19T15:34:39+00:00\",\"dateModified\":\"2023-07-03T15:48:33+00:00\",\"description\":\"Cuando se trata de crear un espacio l\u00fadico y seguro para tus peque\u00f1os, MOTIF acabamos de lanzar su \u00faltima colecci\u00f3n de alfombras vin\u00edlicas especialmente\",\"breadcrumb\":{\"@id\":\"https:\\\/\\\/www.motif.es\\\/blog\\\/nueva-coleccion-de-alfombras-vinilicas-infantiles-de-motif\\\/#breadcrumb\"},\"inLanguage\":\"es\",\"potentialAction\":[{\"@type\":\"ReadAction\",\"target\":[\"https:\\\/\\\/www.motif.es\\\/blog\\\/nueva-coleccion-de-alfombras-vinilicas-infantiles-de-motif\\\/\"]}]},{\"@type\":\"ImageObject\",\"inLanguage\":\"es\",\"@id\":\"https:\\\/\\\/www.motif.es\\\/blog\\\/nueva-coleccion-de-alfombras-vinilicas-infantiles-de-motif\\\/#primaryimage\",\"url\":\"https:\\\/\\\/www.motif.es\\\/blog\\\/wp-content\\\/uploads\\\/2023\\\/07\\\/nuevas-alfombras-vinilicas-infantiles-de-motif.jpg\",\"contentUrl\":\"https:\\\/\\\/www.motif.es\\\/blog\\\/wp-content\\\/uploads\\\/2023\\\/07\\\/nuevas-alfombras-vinilicas-infantiles-de-motif.jpg\",\"width\":2000,\"height\":2000},{\"@type\":\"BreadcrumbList\",\"@id\":\"https:\\\/\\\/www.motif.es\\\/blog\\\/nueva-coleccion-de-alfombras-vinilicas-infantiles-de-motif\\\/#breadcrumb\",\"itemListElement\":[{\"@type\":\"ListItem\",\"position\":1,\"name\":\"Blog\",\"item\":\"https:\\\/\\\/www.motif.es\\\/blog\\\/\"},{\"@type\":\"ListItem\",\"position\":2,\"name\":\"sobre alfombras vin\u00edlicas\",\"item\":\"https:\\\/\\\/www.motif.es\\\/blog\\\/category\\\/sobre-alfombras-vinilicas\\\/\"},{\"@type\":\"ListItem\",\"position\":3,\"name\":\"NUEVA COLECCI\u00d3N DE ALFOMBRAS VIN\u00cdLICAS INFANTILES DE MOTIF\"}]},{\"@type\":\"WebSite\",\"@id\":\"https:\\\/\\\/www.motif.es\\\/blog\\\/#website\",\"url\":\"https:\\\/\\\/www.motif.es\\\/blog\\\/\",\"name\":\"Blog Motif\",\"description\":\"nuestro rinc\u00f3n para inspirarte\",\"publisher\":{\"@id\":\"https:\\\/\\\/www.motif.es\\\/blog\\\/#organization\"},\"potentialAction\":[{\"@type\":\"SearchAction\",\"target\":{\"@type\":\"EntryPoint\",\"urlTemplate\":\"https:\\\/\\\/www.motif.es\\\/blog\\\/?s={search_term_string}\"},\"query-input\":{\"@type\":\"PropertyValueSpecification\",\"valueRequired\":true,\"valueName\":\"search_term_string\"}}],\"inLanguage\":\"es\"},{\"@type\":\"Organization\",\"@id\":\"https:\\\/\\\/www.motif.es\\\/blog\\\/#organization\",\"name\":\"Motif Wallpapers S.L.U.\",\"url\":\"https:\\\/\\\/www.motif.es\\\/blog\\\/\",\"logo\":{\"@type\":\"ImageObject\",\"inLanguage\":\"es\",\"@id\":\"https:\\\/\\\/www.motif.es\\\/blog\\\/#\\\/schema\\\/logo\\\/image\\\/\",\"url\":\"https:\\\/\\\/motif.es\\\/blog\\\/wp-content\\\/uploads\\\/2021\\\/06\\\/logo-motif.jpg\",\"contentUrl\":\"https:\\\/\\\/motif.es\\\/blog\\\/wp-content\\\/uploads\\\/2021\\\/06\\\/logo-motif.jpg\",\"width\":464,\"height\":464,\"caption\":\"Motif Wallpapers S.L.U.\"},\"image\":{\"@id\":\"https:\\\/\\\/www.motif.es\\\/blog\\\/#\\\/schema\\\/logo\\\/image\\\/\"},\"sameAs\":[\"https:\\\/\\\/www.facebook.com\\\/motifmorethanwalls\\\/\",\"https:\\\/\\\/www.instagram.com\\\/motif_es\\\/?hl=es\",\"https:\\\/\\\/www.pinterest.es\\\/motifwallpapers\\\/\",\"https:\\\/\\\/www.youtube.com\\\/channel\\\/UCNaOmbxD6LjcQNj4vmfVIUg\"]},{\"@type\":\"Person\",\"@id\":\"https:\\\/\\\/www.motif.es\\\/blog\\\/#\\\/schema\\\/person\\\/aac26ed80d8e02fb9525ec6b569d75e9\",\"name\":\"Comunicaci\u00f3n Motif\",\"image\":{\"@type\":\"ImageObject\",\"inLanguage\":\"es\",\"@id\":\"https:\\\/\\\/secure.gravatar.com\\\/avatar\\\/93b2fb49a03bd7a57b5f5e8c3b740113f14f25da86b090887d9353672de2d9b5?s=96&d=mm&r=g\",\"url\":\"https:\\\/\\\/secure.gravatar.com\\\/avatar\\\/93b2fb49a03bd7a57b5f5e8c3b740113f14f25da86b090887d9353672de2d9b5?s=96&d=mm&r=g\",\"contentUrl\":\"https:\\\/\\\/secure.gravatar.com\\\/avatar\\\/93b2fb49a03bd7a57b5f5e8c3b740113f14f25da86b090887d9353672de2d9b5?s=96&d=mm&r=g\",\"caption\":\"Comunicaci\u00f3n Motif\"},\"url\":\"https:\\\/\\\/www.motif.es\\\/blog\\\/author\\\/comunicacion\\\/\"}]}<\/script>\n<!-- \/ Yoast SEO plugin. -->","yoast_head_json":{"title":"NUEVA COLECCI\u00d3N DE ALFOMBRAS VIN\u00cdLICAS INFANTILES DE MOTIF - Blog Motif","description":"Cuando se trata de crear un espacio l\u00fadico y seguro para tus peque\u00f1os, MOTIF acabamos de lanzar su \u00faltima colecci\u00f3n de alfombras vin\u00edlicas especialmente","robots":{"index":"index","follow":"follow","max-snippet":"max-snippet:-1","max-image-preview":"max-image-preview:large","max-video-preview":"max-video-preview:-1"},"canonical":"https:\/\/www.motif.es\/blog\/nueva-coleccion-de-alfombras-vinilicas-infantiles-de-motif\/","og_locale":"es_ES","og_type":"article","og_title":"NUEVA COLECCI\u00d3N DE ALFOMBRAS VIN\u00cdLICAS INFANTILES DE MOTIF - Blog Motif","og_description":"Cuando se trata de crear un espacio l\u00fadico y seguro para tus peque\u00f1os, MOTIF acabamos de lanzar su \u00faltima colecci\u00f3n de alfombras vin\u00edlicas especialmente","og_url":"https:\/\/www.motif.es\/blog\/nueva-coleccion-de-alfombras-vinilicas-infantiles-de-motif\/","og_site_name":"Blog Motif","article_publisher":"https:\/\/www.facebook.com\/motifmorethanwalls\/","article_published_time":"2023-06-19T15:34:39+00:00","article_modified_time":"2023-07-03T15:48:33+00:00","og_image":[{"width":2000,"height":2000,"url":"https:\/\/www.motif.es\/blog\/wp-content\/uploads\/2023\/07\/nuevas-alfombras-vinilicas-infantiles-de-motif.jpg","type":"image\/jpeg"}],"author":"Comunicaci\u00f3n Motif","twitter_card":"summary_large_image","twitter_misc":{"Escrito por":"Comunicaci\u00f3n Motif","Tiempo de lectura":"3 minutos"},"schema":{"@context":"https:\/\/schema.org","@graph":[{"@type":"Article","@id":"https:\/\/www.motif.es\/blog\/nueva-coleccion-de-alfombras-vinilicas-infantiles-de-motif\/#article","isPartOf":{"@id":"https:\/\/www.motif.es\/blog\/nueva-coleccion-de-alfombras-vinilicas-infantiles-de-motif\/"},"author":{"name":"Comunicaci\u00f3n Motif","@id":"https:\/\/www.motif.es\/blog\/#\/schema\/person\/aac26ed80d8e02fb9525ec6b569d75e9"},"headline":"NUEVA COLECCI\u00d3N DE ALFOMBRAS VIN\u00cdLICAS INFANTILES DE MOTIF","datePublished":"2023-06-19T15:34:39+00:00","dateModified":"2023-07-03T15:48:33+00:00","mainEntityOfPage":{"@id":"https:\/\/www.motif.es\/blog\/nueva-coleccion-de-alfombras-vinilicas-infantiles-de-motif\/"},"wordCount":410,"commentCount":0,"publisher":{"@id":"https:\/\/www.motif.es\/blog\/#organization"},"image":{"@id":"https:\/\/www.motif.es\/blog\/nueva-coleccion-de-alfombras-vinilicas-infantiles-de-motif\/#primaryimage"},"thumbnailUrl":"https:\/\/www.motif.es\/blog\/wp-content\/uploads\/2023\/07\/nuevas-alfombras-vinilicas-infantiles-de-motif.jpg","articleSection":["sobre alfombras vin\u00edlicas"],"inLanguage":"es","potentialAction":[{"@type":"CommentAction","name":"Comment","target":["https:\/\/www.motif.es\/blog\/nueva-coleccion-de-alfombras-vinilicas-infantiles-de-motif\/#respond"]}]},{"@type":"WebPage","@id":"https:\/\/www.motif.es\/blog\/nueva-coleccion-de-alfombras-vinilicas-infantiles-de-motif\/","url":"https:\/\/www.motif.es\/blog\/nueva-coleccion-de-alfombras-vinilicas-infantiles-de-motif\/","name":"NUEVA COLECCI\u00d3N DE ALFOMBRAS VIN\u00cdLICAS INFANTILES DE MOTIF - Blog Motif","isPartOf":{"@id":"https:\/\/www.motif.es\/blog\/#website"},"primaryImageOfPage":{"@id":"https:\/\/www.motif.es\/blog\/nueva-coleccion-de-alfombras-vinilicas-infantiles-de-motif\/#primaryimage"},"image":{"@id":"https:\/\/www.motif.es\/blog\/nueva-coleccion-de-alfombras-vinilicas-infantiles-de-motif\/#primaryimage"},"thumbnailUrl":"https:\/\/www.motif.es\/blog\/wp-content\/uploads\/2023\/07\/nuevas-alfombras-vinilicas-infantiles-de-motif.jpg","datePublished":"2023-06-19T15:34:39+00:00","dateModified":"2023-07-03T15:48:33+00:00","description":"Cuando se trata de crear un espacio l\u00fadico y seguro para tus peque\u00f1os, MOTIF acabamos de lanzar su \u00faltima colecci\u00f3n de alfombras vin\u00edlicas especialmente","breadcrumb":{"@id":"https:\/\/www.motif.es\/blog\/nueva-coleccion-de-alfombras-vinilicas-infantiles-de-motif\/#breadcrumb"},"inLanguage":"es","potentialAction":[{"@type":"ReadAction","target":["https:\/\/www.motif.es\/blog\/nueva-coleccion-de-alfombras-vinilicas-infantiles-de-motif\/"]}]},{"@type":"ImageObject","inLanguage":"es","@id":"https:\/\/www.motif.es\/blog\/nueva-coleccion-de-alfombras-vinilicas-infantiles-de-motif\/#primaryimage","url":"https:\/\/www.motif.es\/blog\/wp-content\/uploads\/2023\/07\/nuevas-alfombras-vinilicas-infantiles-de-motif.jpg","contentUrl":"https:\/\/www.motif.es\/blog\/wp-content\/uploads\/2023\/07\/nuevas-alfombras-vinilicas-infantiles-de-motif.jpg","width":2000,"height":2000},{"@type":"BreadcrumbList","@id":"https:\/\/www.motif.es\/blog\/nueva-coleccion-de-alfombras-vinilicas-infantiles-de-motif\/#breadcrumb","itemListElement":[{"@type":"ListItem","position":1,"name":"Blog","item":"https:\/\/www.motif.es\/blog\/"},{"@type":"ListItem","position":2,"name":"sobre alfombras vin\u00edlicas","item":"https:\/\/www.motif.es\/blog\/category\/sobre-alfombras-vinilicas\/"},{"@type":"ListItem","position":3,"name":"NUEVA COLECCI\u00d3N DE ALFOMBRAS VIN\u00cdLICAS INFANTILES DE MOTIF"}]},{"@type":"WebSite","@id":"https:\/\/www.motif.es\/blog\/#website","url":"https:\/\/www.motif.es\/blog\/","name":"Blog Motif","description":"nuestro rinc\u00f3n para inspirarte","publisher":{"@id":"https:\/\/www.motif.es\/blog\/#organization"},"potentialAction":[{"@type":"SearchAction","target":{"@type":"EntryPoint","urlTemplate":"https:\/\/www.motif.es\/blog\/?s={search_term_string}"},"query-input":{"@type":"PropertyValueSpecification","valueRequired":true,"valueName":"search_term_string"}}],"inLanguage":"es"},{"@type":"Organization","@id":"https:\/\/www.motif.es\/blog\/#organization","name":"Motif Wallpapers S.L.U.","url":"https:\/\/www.motif.es\/blog\/","logo":{"@type":"ImageObject","inLanguage":"es","@id":"https:\/\/www.motif.es\/blog\/#\/schema\/logo\/image\/","url":"https:\/\/motif.es\/blog\/wp-content\/uploads\/2021\/06\/logo-motif.jpg","contentUrl":"https:\/\/motif.es\/blog\/wp-content\/uploads\/2021\/06\/logo-motif.jpg","width":464,"height":464,"caption":"Motif Wallpapers S.L.U."},"image":{"@id":"https:\/\/www.motif.es\/blog\/#\/schema\/logo\/image\/"},"sameAs":["https:\/\/www.facebook.com\/motifmorethanwalls\/","https:\/\/www.instagram.com\/motif_es\/?hl=es","https:\/\/www.pinterest.es\/motifwallpapers\/","https:\/\/www.youtube.com\/channel\/UCNaOmbxD6LjcQNj4vmfVIUg"]},{"@type":"Person","@id":"https:\/\/www.motif.es\/blog\/#\/schema\/person\/aac26ed80d8e02fb9525ec6b569d75e9","name":"Comunicaci\u00f3n Motif","image":{"@type":"ImageObject","inLanguage":"es","@id":"https:\/\/secure.gravatar.com\/avatar\/93b2fb49a03bd7a57b5f5e8c3b740113f14f25da86b090887d9353672de2d9b5?s=96&d=mm&r=g","url":"https:\/\/secure.gravatar.com\/avatar\/93b2fb49a03bd7a57b5f5e8c3b740113f14f25da86b090887d9353672de2d9b5?s=96&d=mm&r=g","contentUrl":"https:\/\/secure.gravatar.com\/avatar\/93b2fb49a03bd7a57b5f5e8c3b740113f14f25da86b090887d9353672de2d9b5?s=96&d=mm&r=g","caption":"Comunicaci\u00f3n Motif"},"url":"https:\/\/www.motif.es\/blog\/author\/comunicacion\/"}]}},"_links":{"self":[{"href":"https:\/\/www.motif.es\/blog\/wp-json\/wp\/v2\/posts\/2220","targetHints":{"allow":["GET"]}}],"collection":[{"href":"https:\/\/www.motif.es\/blog\/wp-json\/wp\/v2\/posts"}],"about":[{"href":"https:\/\/www.motif.es\/blog\/wp-json\/wp\/v2\/types\/post"}],"author":[{"embeddable":true,"href":"https:\/\/www.motif.es\/blog\/wp-json\/wp\/v2\/users\/2"}],"replies":[{"embeddable":true,"href":"https:\/\/www.motif.es\/blog\/wp-json\/wp\/v2\/comments?post=2220"}],"version-history":[{"count":1,"href":"https:\/\/www.motif.es\/blog\/wp-json\/wp\/v2\/posts\/2220\/revisions"}],"predecessor-version":[{"id":2224,"href":"https:\/\/www.motif.es\/blog\/wp-json\/wp\/v2\/posts\/2220\/revisions\/2224"}],"wp:featuredmedia":[{"embeddable":true,"href":"https:\/\/www.motif.es\/blog\/wp-json\/wp\/v2\/media\/2222"}],"wp:attachment":[{"href":"https:\/\/www.motif.es\/blog\/wp-json\/wp\/v2\/media?parent=2220"}],"wp:term":[{"taxonomy":"category","embeddable":true,"href":"https:\/\/www.motif.es\/blog\/wp-json\/wp\/v2\/categories?post=2220"},{"taxonomy":"post_tag","embeddable":true,"href":"https:\/\/www.motif.es\/blog\/wp-json\/wp\/v2\/tags?post=2220"}],"curies":[{"name":"wp","href":"https:\/\/api.w.org\/{rel}","templated":true}]}}