{"id":2232,"date":"2023-06-25T16:19:16","date_gmt":"2023-06-25T16:19:16","guid":{"rendered":"https:\/\/motif.es\/blog\/?p=2232"},"modified":"2023-07-03T16:24:36","modified_gmt":"2023-07-03T16:24:36","slug":"nueva-coleccion-de-motif-de-baldosas-de-vinilo-autoadhesivas-para-banos-y-cocinas","status":"publish","type":"post","link":"https:\/\/www.motif.es\/blog\/nueva-coleccion-de-motif-de-baldosas-de-vinilo-autoadhesivas-para-banos-y-cocinas\/","title":{"rendered":"Nueva colecci\u00f3n de MOTIF de baldosas de vinilo autoadhesivas para ba\u00f1os y cocinas"},"content":{"rendered":"<p>Presentamos la <strong>\u00faltima colecci\u00f3n de MOTIF para la decoraci\u00f3n del hogar<\/strong>: nuestra nueva colecci\u00f3n de <strong>vinilos autoadhesivas para ba\u00f1os y cocinas<\/strong> con dise\u00f1os de baldosas. Estos vinilos son de alta calidad y no s\u00f3lo son f\u00e1ciles de instalar, sino que tambi\u00e9n ofrecen una soluci\u00f3n rentable para mejorar tu espacio con estilo. Tanto si quieres a\u00f1adir un toque de elegancia como un estallido de color, nuestra amplia gama de dise\u00f1os y motivos seguro que se adapta a tus gustos. Di adi\u00f3s a las costosas reformas y hola a un aspecto totalmente nuevo para tu hogar.<\/p>\n<p style=\"text-align: center;\"><img loading=\"lazy\" decoding=\"async\" class=\"alignnone size-full wp-image-2234\" src=\"https:\/\/motif.es\/blog\/wp-content\/uploads\/2023\/07\/356118450_711371881001339_4007205599847783082_n.jpg\" alt=\"\" width=\"1600\" height=\"1600\" srcset=\"https:\/\/www.motif.es\/blog\/wp-content\/uploads\/2023\/07\/356118450_711371881001339_4007205599847783082_n.jpg 1600w, https:\/\/www.motif.es\/blog\/wp-content\/uploads\/2023\/07\/356118450_711371881001339_4007205599847783082_n-300x300.jpg 300w, https:\/\/www.motif.es\/blog\/wp-content\/uploads\/2023\/07\/356118450_711371881001339_4007205599847783082_n-1024x1024.jpg 1024w, https:\/\/www.motif.es\/blog\/wp-content\/uploads\/2023\/07\/356118450_711371881001339_4007205599847783082_n-150x150.jpg 150w, https:\/\/www.motif.es\/blog\/wp-content\/uploads\/2023\/07\/356118450_711371881001339_4007205599847783082_n-768x768.jpg 768w, https:\/\/www.motif.es\/blog\/wp-content\/uploads\/2023\/07\/356118450_711371881001339_4007205599847783082_n-1536x1536.jpg 1536w, https:\/\/www.motif.es\/blog\/wp-content\/uploads\/2023\/07\/356118450_711371881001339_4007205599847783082_n-1200x1200.jpg 1200w, https:\/\/www.motif.es\/blog\/wp-content\/uploads\/2023\/07\/356118450_711371881001339_4007205599847783082_n-400x400.jpg 400w, https:\/\/www.motif.es\/blog\/wp-content\/uploads\/2023\/07\/356118450_711371881001339_4007205599847783082_n-96x96.jpg 96w\" sizes=\"auto, (max-width: 1600px) 100vw, 1600px\" \/><\/p>\n<p>Para quienes buscan <strong>arreglar sus cuartos de ba\u00f1o y cocinas<\/strong>, la nueva colecci\u00f3n de vinilos autoadhesivos de MOTIF con un dise\u00f1o hiper realista de baldosas, es una opci\u00f3n econ\u00f3mica y f\u00e1cil de instalar y que pueden ayudarte a transformar tu espacio de manera muy significativa. Adem\u00e1s, son impermeables y f\u00e1ciles de limpiar.<\/p>\n<p>Esta nueva colecci\u00f3n te ofrecen la posibilidad de personalizar el motivo y el color y crear un espacio verdaderamente \u00fanico e individual que refleje tu estilo personal. El \u00fanico l\u00edmite es tu imaginaci\u00f3n, as\u00ed que \u00bfpor qu\u00e9 no te pones creativo y te expresas a trav\u00e9s de estos nuevos dise\u00f1os?<\/p>\n<p style=\"text-align: center;\"><img loading=\"lazy\" decoding=\"async\" class=\"alignnone size-full wp-image-2235\" src=\"https:\/\/motif.es\/blog\/wp-content\/uploads\/2023\/07\/356067726_711371947667999_1131323709470227022_n.jpg\" alt=\"\" width=\"1000\" height=\"1000\" srcset=\"https:\/\/www.motif.es\/blog\/wp-content\/uploads\/2023\/07\/356067726_711371947667999_1131323709470227022_n.jpg 1000w, https:\/\/www.motif.es\/blog\/wp-content\/uploads\/2023\/07\/356067726_711371947667999_1131323709470227022_n-300x300.jpg 300w, https:\/\/www.motif.es\/blog\/wp-content\/uploads\/2023\/07\/356067726_711371947667999_1131323709470227022_n-150x150.jpg 150w, https:\/\/www.motif.es\/blog\/wp-content\/uploads\/2023\/07\/356067726_711371947667999_1131323709470227022_n-768x768.jpg 768w, https:\/\/www.motif.es\/blog\/wp-content\/uploads\/2023\/07\/356067726_711371947667999_1131323709470227022_n-400x400.jpg 400w, https:\/\/www.motif.es\/blog\/wp-content\/uploads\/2023\/07\/356067726_711371947667999_1131323709470227022_n-96x96.jpg 96w\" sizes=\"auto, (max-width: 1000px) 100vw, 1000px\" \/><\/p>\n<p>La nueva colecci\u00f3n de <strong>vinilos autoadhesivos para ba\u00f1o y cocina<\/strong> de MOTIF seguro que a\u00f1ade un toque fresco a tu hogar.\u00a0 Sin duda son una forma perfecta de actualizar tu ba\u00f1o o cocina. As\u00ed que no lo dudes; da rienda suelta a tu lado de interiorista y elige los dise\u00f1os que m\u00e1s se ajusten a tu estilo.<\/p>\n<p>El\u00edgelos desde <a href=\"https:\/\/www.motif.es\/8-vinilos-autoadhesivos?page=11\" target=\"_blank\" rel=\"noopener\">aqu\u00ed<\/a>.<\/p>\n<p>&nbsp;<\/p>\n<p>&nbsp;<\/p>\n","protected":false},"excerpt":{"rendered":"<p>Presentamos la \u00faltima colecci\u00f3n de MOTIF para la decoraci\u00f3n del hogar: nuestra nueva colecci\u00f3n de vinilos autoadhesivas para ba\u00f1os y cocinas con dise\u00f1os de baldosas. Estos vinilos son de alta calidad y no s\u00f3lo son f\u00e1ciles de instalar, sino que tambi\u00e9n ofrecen una soluci\u00f3n rentable para mejorar tu espacio con estilo. Tanto si quieres a\u00f1adir [&#8230;]<\/p>\n","protected":false},"author":2,"featured_media":2234,"comment_status":"open","ping_status":"open","sticky":false,"template":"","format":"standard","meta":{"_acf_changed":false,"footnotes":""},"categories":[32],"tags":[],"class_list":["post-2232","post","type-post","status-publish","format-standard","has-post-thumbnail","hentry","category-sobre-vinilos-para-cocina-y-bano"],"acf":[],"yoast_head":"<!-- This site is optimized with the Yoast SEO plugin v27.4 - https:\/\/yoast.com\/product\/yoast-seo-wordpress\/ -->\n<title>Nueva colecci\u00f3n de MOTIF de baldosas de vinilo autoadhesivas para ba\u00f1os y cocinas - Blog Motif<\/title>\n<meta name=\"description\" content=\"Presentamos la \u00faltima colecci\u00f3n de MOTIF para la decoraci\u00f3n del hogar: nuestra nueva colecci\u00f3n de vinilos autoadhesivas para ba\u00f1os y cocinas con dise\u00f1os\" \/>\n<meta name=\"robots\" content=\"index, follow, max-snippet:-1, max-image-preview:large, max-video-preview:-1\" \/>\n<link rel=\"canonical\" href=\"https:\/\/www.motif.es\/blog\/nueva-coleccion-de-motif-de-baldosas-de-vinilo-autoadhesivas-para-banos-y-cocinas\/\" \/>\n<meta property=\"og:locale\" content=\"es_ES\" \/>\n<meta property=\"og:type\" content=\"article\" \/>\n<meta property=\"og:title\" content=\"Nueva colecci\u00f3n de MOTIF de baldosas de vinilo autoadhesivas para ba\u00f1os y cocinas - Blog Motif\" \/>\n<meta property=\"og:description\" content=\"Presentamos la \u00faltima colecci\u00f3n de MOTIF para la decoraci\u00f3n del hogar: nuestra nueva colecci\u00f3n de vinilos autoadhesivas para ba\u00f1os y cocinas con dise\u00f1os\" \/>\n<meta property=\"og:url\" content=\"https:\/\/www.motif.es\/blog\/nueva-coleccion-de-motif-de-baldosas-de-vinilo-autoadhesivas-para-banos-y-cocinas\/\" \/>\n<meta property=\"og:site_name\" content=\"Blog Motif\" \/>\n<meta property=\"article:publisher\" content=\"https:\/\/www.facebook.com\/motifmorethanwalls\/\" \/>\n<meta property=\"article:published_time\" content=\"2023-06-25T16:19:16+00:00\" \/>\n<meta property=\"article:modified_time\" content=\"2023-07-03T16:24:36+00:00\" \/>\n<meta property=\"og:image\" content=\"https:\/\/www.motif.es\/blog\/wp-content\/uploads\/2023\/07\/356118450_711371881001339_4007205599847783082_n.jpg\" \/>\n\t<meta property=\"og:image:width\" content=\"1600\" \/>\n\t<meta property=\"og:image:height\" content=\"1600\" \/>\n\t<meta property=\"og:image:type\" content=\"image\/jpeg\" \/>\n<meta name=\"author\" content=\"Comunicaci\u00f3n Motif\" \/>\n<meta name=\"twitter:card\" content=\"summary_large_image\" \/>\n<meta name=\"twitter:label1\" content=\"Escrito por\" \/>\n\t<meta name=\"twitter:data1\" content=\"Comunicaci\u00f3n Motif\" \/>\n\t<meta name=\"twitter:label2\" content=\"Tiempo de lectura\" \/>\n\t<meta name=\"twitter:data2\" content=\"2 minutos\" \/>\n<script type=\"application\/ld+json\" class=\"yoast-schema-graph\">{\"@context\":\"https:\\\/\\\/schema.org\",\"@graph\":[{\"@type\":\"Article\",\"@id\":\"https:\\\/\\\/www.motif.es\\\/blog\\\/nueva-coleccion-de-motif-de-baldosas-de-vinilo-autoadhesivas-para-banos-y-cocinas\\\/#article\",\"isPartOf\":{\"@id\":\"https:\\\/\\\/www.motif.es\\\/blog\\\/nueva-coleccion-de-motif-de-baldosas-de-vinilo-autoadhesivas-para-banos-y-cocinas\\\/\"},\"author\":{\"name\":\"Comunicaci\u00f3n Motif\",\"@id\":\"https:\\\/\\\/www.motif.es\\\/blog\\\/#\\\/schema\\\/person\\\/aac26ed80d8e02fb9525ec6b569d75e9\"},\"headline\":\"Nueva colecci\u00f3n de MOTIF de baldosas de vinilo autoadhesivas para ba\u00f1os y cocinas\",\"datePublished\":\"2023-06-25T16:19:16+00:00\",\"dateModified\":\"2023-07-03T16:24:36+00:00\",\"mainEntityOfPage\":{\"@id\":\"https:\\\/\\\/www.motif.es\\\/blog\\\/nueva-coleccion-de-motif-de-baldosas-de-vinilo-autoadhesivas-para-banos-y-cocinas\\\/\"},\"wordCount\":305,\"commentCount\":0,\"publisher\":{\"@id\":\"https:\\\/\\\/www.motif.es\\\/blog\\\/#organization\"},\"image\":{\"@id\":\"https:\\\/\\\/www.motif.es\\\/blog\\\/nueva-coleccion-de-motif-de-baldosas-de-vinilo-autoadhesivas-para-banos-y-cocinas\\\/#primaryimage\"},\"thumbnailUrl\":\"https:\\\/\\\/www.motif.es\\\/blog\\\/wp-content\\\/uploads\\\/2023\\\/07\\\/356118450_711371881001339_4007205599847783082_n.jpg\",\"articleSection\":[\"sobre vinilos para cocina y ba\u00f1o\"],\"inLanguage\":\"es\",\"potentialAction\":[{\"@type\":\"CommentAction\",\"name\":\"Comment\",\"target\":[\"https:\\\/\\\/www.motif.es\\\/blog\\\/nueva-coleccion-de-motif-de-baldosas-de-vinilo-autoadhesivas-para-banos-y-cocinas\\\/#respond\"]}]},{\"@type\":\"WebPage\",\"@id\":\"https:\\\/\\\/www.motif.es\\\/blog\\\/nueva-coleccion-de-motif-de-baldosas-de-vinilo-autoadhesivas-para-banos-y-cocinas\\\/\",\"url\":\"https:\\\/\\\/www.motif.es\\\/blog\\\/nueva-coleccion-de-motif-de-baldosas-de-vinilo-autoadhesivas-para-banos-y-cocinas\\\/\",\"name\":\"Nueva colecci\u00f3n de MOTIF de baldosas de vinilo autoadhesivas para ba\u00f1os y cocinas - Blog Motif\",\"isPartOf\":{\"@id\":\"https:\\\/\\\/www.motif.es\\\/blog\\\/#website\"},\"primaryImageOfPage\":{\"@id\":\"https:\\\/\\\/www.motif.es\\\/blog\\\/nueva-coleccion-de-motif-de-baldosas-de-vinilo-autoadhesivas-para-banos-y-cocinas\\\/#primaryimage\"},\"image\":{\"@id\":\"https:\\\/\\\/www.motif.es\\\/blog\\\/nueva-coleccion-de-motif-de-baldosas-de-vinilo-autoadhesivas-para-banos-y-cocinas\\\/#primaryimage\"},\"thumbnailUrl\":\"https:\\\/\\\/www.motif.es\\\/blog\\\/wp-content\\\/uploads\\\/2023\\\/07\\\/356118450_711371881001339_4007205599847783082_n.jpg\",\"datePublished\":\"2023-06-25T16:19:16+00:00\",\"dateModified\":\"2023-07-03T16:24:36+00:00\",\"description\":\"Presentamos la \u00faltima colecci\u00f3n de MOTIF para la decoraci\u00f3n del hogar: nuestra nueva colecci\u00f3n de vinilos autoadhesivas para ba\u00f1os y cocinas con dise\u00f1os\",\"breadcrumb\":{\"@id\":\"https:\\\/\\\/www.motif.es\\\/blog\\\/nueva-coleccion-de-motif-de-baldosas-de-vinilo-autoadhesivas-para-banos-y-cocinas\\\/#breadcrumb\"},\"inLanguage\":\"es\",\"potentialAction\":[{\"@type\":\"ReadAction\",\"target\":[\"https:\\\/\\\/www.motif.es\\\/blog\\\/nueva-coleccion-de-motif-de-baldosas-de-vinilo-autoadhesivas-para-banos-y-cocinas\\\/\"]}]},{\"@type\":\"ImageObject\",\"inLanguage\":\"es\",\"@id\":\"https:\\\/\\\/www.motif.es\\\/blog\\\/nueva-coleccion-de-motif-de-baldosas-de-vinilo-autoadhesivas-para-banos-y-cocinas\\\/#primaryimage\",\"url\":\"https:\\\/\\\/www.motif.es\\\/blog\\\/wp-content\\\/uploads\\\/2023\\\/07\\\/356118450_711371881001339_4007205599847783082_n.jpg\",\"contentUrl\":\"https:\\\/\\\/www.motif.es\\\/blog\\\/wp-content\\\/uploads\\\/2023\\\/07\\\/356118450_711371881001339_4007205599847783082_n.jpg\",\"width\":1600,\"height\":1600},{\"@type\":\"BreadcrumbList\",\"@id\":\"https:\\\/\\\/www.motif.es\\\/blog\\\/nueva-coleccion-de-motif-de-baldosas-de-vinilo-autoadhesivas-para-banos-y-cocinas\\\/#breadcrumb\",\"itemListElement\":[{\"@type\":\"ListItem\",\"position\":1,\"name\":\"Blog\",\"item\":\"https:\\\/\\\/www.motif.es\\\/blog\\\/\"},{\"@type\":\"ListItem\",\"position\":2,\"name\":\"sobre vinilos para cocina y ba\u00f1o\",\"item\":\"https:\\\/\\\/www.motif.es\\\/blog\\\/category\\\/sobre-vinilos-para-cocina-y-bano\\\/\"},{\"@type\":\"ListItem\",\"position\":3,\"name\":\"Nueva colecci\u00f3n de MOTIF de baldosas de vinilo autoadhesivas para ba\u00f1os y cocinas\"}]},{\"@type\":\"WebSite\",\"@id\":\"https:\\\/\\\/www.motif.es\\\/blog\\\/#website\",\"url\":\"https:\\\/\\\/www.motif.es\\\/blog\\\/\",\"name\":\"Blog Motif\",\"description\":\"nuestro rinc\u00f3n para inspirarte\",\"publisher\":{\"@id\":\"https:\\\/\\\/www.motif.es\\\/blog\\\/#organization\"},\"potentialAction\":[{\"@type\":\"SearchAction\",\"target\":{\"@type\":\"EntryPoint\",\"urlTemplate\":\"https:\\\/\\\/www.motif.es\\\/blog\\\/?s={search_term_string}\"},\"query-input\":{\"@type\":\"PropertyValueSpecification\",\"valueRequired\":true,\"valueName\":\"search_term_string\"}}],\"inLanguage\":\"es\"},{\"@type\":\"Organization\",\"@id\":\"https:\\\/\\\/www.motif.es\\\/blog\\\/#organization\",\"name\":\"Motif Wallpapers S.L.U.\",\"url\":\"https:\\\/\\\/www.motif.es\\\/blog\\\/\",\"logo\":{\"@type\":\"ImageObject\",\"inLanguage\":\"es\",\"@id\":\"https:\\\/\\\/www.motif.es\\\/blog\\\/#\\\/schema\\\/logo\\\/image\\\/\",\"url\":\"https:\\\/\\\/motif.es\\\/blog\\\/wp-content\\\/uploads\\\/2021\\\/06\\\/logo-motif.jpg\",\"contentUrl\":\"https:\\\/\\\/motif.es\\\/blog\\\/wp-content\\\/uploads\\\/2021\\\/06\\\/logo-motif.jpg\",\"width\":464,\"height\":464,\"caption\":\"Motif Wallpapers S.L.U.\"},\"image\":{\"@id\":\"https:\\\/\\\/www.motif.es\\\/blog\\\/#\\\/schema\\\/logo\\\/image\\\/\"},\"sameAs\":[\"https:\\\/\\\/www.facebook.com\\\/motifmorethanwalls\\\/\",\"https:\\\/\\\/www.instagram.com\\\/motif_es\\\/?hl=es\",\"https:\\\/\\\/www.pinterest.es\\\/motifwallpapers\\\/\",\"https:\\\/\\\/www.youtube.com\\\/channel\\\/UCNaOmbxD6LjcQNj4vmfVIUg\"]},{\"@type\":\"Person\",\"@id\":\"https:\\\/\\\/www.motif.es\\\/blog\\\/#\\\/schema\\\/person\\\/aac26ed80d8e02fb9525ec6b569d75e9\",\"name\":\"Comunicaci\u00f3n Motif\",\"image\":{\"@type\":\"ImageObject\",\"inLanguage\":\"es\",\"@id\":\"https:\\\/\\\/secure.gravatar.com\\\/avatar\\\/93b2fb49a03bd7a57b5f5e8c3b740113f14f25da86b090887d9353672de2d9b5?s=96&d=mm&r=g\",\"url\":\"https:\\\/\\\/secure.gravatar.com\\\/avatar\\\/93b2fb49a03bd7a57b5f5e8c3b740113f14f25da86b090887d9353672de2d9b5?s=96&d=mm&r=g\",\"contentUrl\":\"https:\\\/\\\/secure.gravatar.com\\\/avatar\\\/93b2fb49a03bd7a57b5f5e8c3b740113f14f25da86b090887d9353672de2d9b5?s=96&d=mm&r=g\",\"caption\":\"Comunicaci\u00f3n Motif\"},\"url\":\"https:\\\/\\\/www.motif.es\\\/blog\\\/author\\\/comunicacion\\\/\"}]}<\/script>\n<!-- \/ Yoast SEO plugin. -->","yoast_head_json":{"title":"Nueva colecci\u00f3n de MOTIF de baldosas de vinilo autoadhesivas para ba\u00f1os y cocinas - Blog Motif","description":"Presentamos la \u00faltima colecci\u00f3n de MOTIF para la decoraci\u00f3n del hogar: nuestra nueva colecci\u00f3n de vinilos autoadhesivas para ba\u00f1os y cocinas con dise\u00f1os","robots":{"index":"index","follow":"follow","max-snippet":"max-snippet:-1","max-image-preview":"max-image-preview:large","max-video-preview":"max-video-preview:-1"},"canonical":"https:\/\/www.motif.es\/blog\/nueva-coleccion-de-motif-de-baldosas-de-vinilo-autoadhesivas-para-banos-y-cocinas\/","og_locale":"es_ES","og_type":"article","og_title":"Nueva colecci\u00f3n de MOTIF de baldosas de vinilo autoadhesivas para ba\u00f1os y cocinas - Blog Motif","og_description":"Presentamos la \u00faltima colecci\u00f3n de MOTIF para la decoraci\u00f3n del hogar: nuestra nueva colecci\u00f3n de vinilos autoadhesivas para ba\u00f1os y cocinas con dise\u00f1os","og_url":"https:\/\/www.motif.es\/blog\/nueva-coleccion-de-motif-de-baldosas-de-vinilo-autoadhesivas-para-banos-y-cocinas\/","og_site_name":"Blog Motif","article_publisher":"https:\/\/www.facebook.com\/motifmorethanwalls\/","article_published_time":"2023-06-25T16:19:16+00:00","article_modified_time":"2023-07-03T16:24:36+00:00","og_image":[{"width":1600,"height":1600,"url":"https:\/\/www.motif.es\/blog\/wp-content\/uploads\/2023\/07\/356118450_711371881001339_4007205599847783082_n.jpg","type":"image\/jpeg"}],"author":"Comunicaci\u00f3n Motif","twitter_card":"summary_large_image","twitter_misc":{"Escrito por":"Comunicaci\u00f3n Motif","Tiempo de lectura":"2 minutos"},"schema":{"@context":"https:\/\/schema.org","@graph":[{"@type":"Article","@id":"https:\/\/www.motif.es\/blog\/nueva-coleccion-de-motif-de-baldosas-de-vinilo-autoadhesivas-para-banos-y-cocinas\/#article","isPartOf":{"@id":"https:\/\/www.motif.es\/blog\/nueva-coleccion-de-motif-de-baldosas-de-vinilo-autoadhesivas-para-banos-y-cocinas\/"},"author":{"name":"Comunicaci\u00f3n Motif","@id":"https:\/\/www.motif.es\/blog\/#\/schema\/person\/aac26ed80d8e02fb9525ec6b569d75e9"},"headline":"Nueva colecci\u00f3n de MOTIF de baldosas de vinilo autoadhesivas para ba\u00f1os y cocinas","datePublished":"2023-06-25T16:19:16+00:00","dateModified":"2023-07-03T16:24:36+00:00","mainEntityOfPage":{"@id":"https:\/\/www.motif.es\/blog\/nueva-coleccion-de-motif-de-baldosas-de-vinilo-autoadhesivas-para-banos-y-cocinas\/"},"wordCount":305,"commentCount":0,"publisher":{"@id":"https:\/\/www.motif.es\/blog\/#organization"},"image":{"@id":"https:\/\/www.motif.es\/blog\/nueva-coleccion-de-motif-de-baldosas-de-vinilo-autoadhesivas-para-banos-y-cocinas\/#primaryimage"},"thumbnailUrl":"https:\/\/www.motif.es\/blog\/wp-content\/uploads\/2023\/07\/356118450_711371881001339_4007205599847783082_n.jpg","articleSection":["sobre vinilos para cocina y ba\u00f1o"],"inLanguage":"es","potentialAction":[{"@type":"CommentAction","name":"Comment","target":["https:\/\/www.motif.es\/blog\/nueva-coleccion-de-motif-de-baldosas-de-vinilo-autoadhesivas-para-banos-y-cocinas\/#respond"]}]},{"@type":"WebPage","@id":"https:\/\/www.motif.es\/blog\/nueva-coleccion-de-motif-de-baldosas-de-vinilo-autoadhesivas-para-banos-y-cocinas\/","url":"https:\/\/www.motif.es\/blog\/nueva-coleccion-de-motif-de-baldosas-de-vinilo-autoadhesivas-para-banos-y-cocinas\/","name":"Nueva colecci\u00f3n de MOTIF de baldosas de vinilo autoadhesivas para ba\u00f1os y cocinas - Blog Motif","isPartOf":{"@id":"https:\/\/www.motif.es\/blog\/#website"},"primaryImageOfPage":{"@id":"https:\/\/www.motif.es\/blog\/nueva-coleccion-de-motif-de-baldosas-de-vinilo-autoadhesivas-para-banos-y-cocinas\/#primaryimage"},"image":{"@id":"https:\/\/www.motif.es\/blog\/nueva-coleccion-de-motif-de-baldosas-de-vinilo-autoadhesivas-para-banos-y-cocinas\/#primaryimage"},"thumbnailUrl":"https:\/\/www.motif.es\/blog\/wp-content\/uploads\/2023\/07\/356118450_711371881001339_4007205599847783082_n.jpg","datePublished":"2023-06-25T16:19:16+00:00","dateModified":"2023-07-03T16:24:36+00:00","description":"Presentamos la \u00faltima colecci\u00f3n de MOTIF para la decoraci\u00f3n del hogar: nuestra nueva colecci\u00f3n de vinilos autoadhesivas para ba\u00f1os y cocinas con dise\u00f1os","breadcrumb":{"@id":"https:\/\/www.motif.es\/blog\/nueva-coleccion-de-motif-de-baldosas-de-vinilo-autoadhesivas-para-banos-y-cocinas\/#breadcrumb"},"inLanguage":"es","potentialAction":[{"@type":"ReadAction","target":["https:\/\/www.motif.es\/blog\/nueva-coleccion-de-motif-de-baldosas-de-vinilo-autoadhesivas-para-banos-y-cocinas\/"]}]},{"@type":"ImageObject","inLanguage":"es","@id":"https:\/\/www.motif.es\/blog\/nueva-coleccion-de-motif-de-baldosas-de-vinilo-autoadhesivas-para-banos-y-cocinas\/#primaryimage","url":"https:\/\/www.motif.es\/blog\/wp-content\/uploads\/2023\/07\/356118450_711371881001339_4007205599847783082_n.jpg","contentUrl":"https:\/\/www.motif.es\/blog\/wp-content\/uploads\/2023\/07\/356118450_711371881001339_4007205599847783082_n.jpg","width":1600,"height":1600},{"@type":"BreadcrumbList","@id":"https:\/\/www.motif.es\/blog\/nueva-coleccion-de-motif-de-baldosas-de-vinilo-autoadhesivas-para-banos-y-cocinas\/#breadcrumb","itemListElement":[{"@type":"ListItem","position":1,"name":"Blog","item":"https:\/\/www.motif.es\/blog\/"},{"@type":"ListItem","position":2,"name":"sobre vinilos para cocina y ba\u00f1o","item":"https:\/\/www.motif.es\/blog\/category\/sobre-vinilos-para-cocina-y-bano\/"},{"@type":"ListItem","position":3,"name":"Nueva colecci\u00f3n de MOTIF de baldosas de vinilo autoadhesivas para ba\u00f1os y cocinas"}]},{"@type":"WebSite","@id":"https:\/\/www.motif.es\/blog\/#website","url":"https:\/\/www.motif.es\/blog\/","name":"Blog Motif","description":"nuestro rinc\u00f3n para inspirarte","publisher":{"@id":"https:\/\/www.motif.es\/blog\/#organization"},"potentialAction":[{"@type":"SearchAction","target":{"@type":"EntryPoint","urlTemplate":"https:\/\/www.motif.es\/blog\/?s={search_term_string}"},"query-input":{"@type":"PropertyValueSpecification","valueRequired":true,"valueName":"search_term_string"}}],"inLanguage":"es"},{"@type":"Organization","@id":"https:\/\/www.motif.es\/blog\/#organization","name":"Motif Wallpapers S.L.U.","url":"https:\/\/www.motif.es\/blog\/","logo":{"@type":"ImageObject","inLanguage":"es","@id":"https:\/\/www.motif.es\/blog\/#\/schema\/logo\/image\/","url":"https:\/\/motif.es\/blog\/wp-content\/uploads\/2021\/06\/logo-motif.jpg","contentUrl":"https:\/\/motif.es\/blog\/wp-content\/uploads\/2021\/06\/logo-motif.jpg","width":464,"height":464,"caption":"Motif Wallpapers S.L.U."},"image":{"@id":"https:\/\/www.motif.es\/blog\/#\/schema\/logo\/image\/"},"sameAs":["https:\/\/www.facebook.com\/motifmorethanwalls\/","https:\/\/www.instagram.com\/motif_es\/?hl=es","https:\/\/www.pinterest.es\/motifwallpapers\/","https:\/\/www.youtube.com\/channel\/UCNaOmbxD6LjcQNj4vmfVIUg"]},{"@type":"Person","@id":"https:\/\/www.motif.es\/blog\/#\/schema\/person\/aac26ed80d8e02fb9525ec6b569d75e9","name":"Comunicaci\u00f3n Motif","image":{"@type":"ImageObject","inLanguage":"es","@id":"https:\/\/secure.gravatar.com\/avatar\/93b2fb49a03bd7a57b5f5e8c3b740113f14f25da86b090887d9353672de2d9b5?s=96&d=mm&r=g","url":"https:\/\/secure.gravatar.com\/avatar\/93b2fb49a03bd7a57b5f5e8c3b740113f14f25da86b090887d9353672de2d9b5?s=96&d=mm&r=g","contentUrl":"https:\/\/secure.gravatar.com\/avatar\/93b2fb49a03bd7a57b5f5e8c3b740113f14f25da86b090887d9353672de2d9b5?s=96&d=mm&r=g","caption":"Comunicaci\u00f3n Motif"},"url":"https:\/\/www.motif.es\/blog\/author\/comunicacion\/"}]}},"_links":{"self":[{"href":"https:\/\/www.motif.es\/blog\/wp-json\/wp\/v2\/posts\/2232","targetHints":{"allow":["GET"]}}],"collection":[{"href":"https:\/\/www.motif.es\/blog\/wp-json\/wp\/v2\/posts"}],"about":[{"href":"https:\/\/www.motif.es\/blog\/wp-json\/wp\/v2\/types\/post"}],"author":[{"embeddable":true,"href":"https:\/\/www.motif.es\/blog\/wp-json\/wp\/v2\/users\/2"}],"replies":[{"embeddable":true,"href":"https:\/\/www.motif.es\/blog\/wp-json\/wp\/v2\/comments?post=2232"}],"version-history":[{"count":1,"href":"https:\/\/www.motif.es\/blog\/wp-json\/wp\/v2\/posts\/2232\/revisions"}],"predecessor-version":[{"id":2236,"href":"https:\/\/www.motif.es\/blog\/wp-json\/wp\/v2\/posts\/2232\/revisions\/2236"}],"wp:featuredmedia":[{"embeddable":true,"href":"https:\/\/www.motif.es\/blog\/wp-json\/wp\/v2\/media\/2234"}],"wp:attachment":[{"href":"https:\/\/www.motif.es\/blog\/wp-json\/wp\/v2\/media?parent=2232"}],"wp:term":[{"taxonomy":"category","embeddable":true,"href":"https:\/\/www.motif.es\/blog\/wp-json\/wp\/v2\/categories?post=2232"},{"taxonomy":"post_tag","embeddable":true,"href":"https:\/\/www.motif.es\/blog\/wp-json\/wp\/v2\/tags?post=2232"}],"curies":[{"name":"wp","href":"https:\/\/api.w.org\/{rel}","templated":true}]}}