{"id":2283,"date":"2023-07-13T07:55:02","date_gmt":"2023-07-13T07:55:02","guid":{"rendered":"https:\/\/motif.es\/blog\/?p=2283"},"modified":"2023-07-06T08:00:58","modified_gmt":"2023-07-06T08:00:58","slug":"dos-inspiraciones-para-decorar-el-bano-de-tu-caravana","status":"publish","type":"post","link":"https:\/\/www.motif.es\/blog\/dos-inspiraciones-para-decorar-el-bano-de-tu-caravana\/","title":{"rendered":"Dos inspiraciones para decorar el ba\u00f1o de tu caravana"},"content":{"rendered":"<p>Cuando se trata de <strong>decorar tu caravana<\/strong>, todos los rincones merecen atenci\u00f3n, incluido el ba\u00f1o. <strong>Dise\u00f1ar un ba\u00f1o elegante y funcional en tu caravana<\/strong> puede mejorar mucho tu experiencia general de acampada. En este art\u00edculo, te traemos dos ideas inspiradoras para decorar el ba\u00f1o de tu caravana.<\/p>\n<h5>Oasis inspirado en la naturaleza<\/h5>\n<p><strong>Lleva la tranquilidad de la naturaleza al cuarto de ba\u00f1o de tu caravana<\/strong> con un tema inspirado en la naturaleza. Este tema se centra en los tonos terrosos, las texturas org\u00e1nicas y los elementos que imitan el aire libre.<\/p>\n<p style=\"text-align: center;\"><img loading=\"lazy\" decoding=\"async\" class=\"alignnone size-full wp-image-2285\" src=\"https:\/\/motif.es\/blog\/wp-content\/uploads\/2023\/07\/CARAVANA_7-1.jpg\" alt=\"\" width=\"1000\" height=\"1000\" srcset=\"https:\/\/www.motif.es\/blog\/wp-content\/uploads\/2023\/07\/CARAVANA_7-1.jpg 1000w, https:\/\/www.motif.es\/blog\/wp-content\/uploads\/2023\/07\/CARAVANA_7-1-300x300.jpg 300w, https:\/\/www.motif.es\/blog\/wp-content\/uploads\/2023\/07\/CARAVANA_7-1-150x150.jpg 150w, https:\/\/www.motif.es\/blog\/wp-content\/uploads\/2023\/07\/CARAVANA_7-1-768x768.jpg 768w, https:\/\/www.motif.es\/blog\/wp-content\/uploads\/2023\/07\/CARAVANA_7-1-400x400.jpg 400w, https:\/\/www.motif.es\/blog\/wp-content\/uploads\/2023\/07\/CARAVANA_7-1-96x96.jpg 96w\" sizes=\"auto, (max-width: 1000px) 100vw, 1000px\" \/><\/p>\n<p>Empieza eligiendo una paleta de colores que refleje la naturaleza, como verdes suaves, marrones terrosos o azules tranquilizadores. Considera la posibilidad de utilizar materiales naturales como la madera para los accesorios del ba\u00f1o. Integra elementos como baldosas de guijarros para el suelo de la ducha o encimeras de piedra natural para realzar la sensaci\u00f3n r\u00fastica.<\/p>\n<p>Decora con plantas vivas o flores frescas para a\u00f1adir un toque de verdor y vida al espacio. Colgar eucaliptos o helechos puede crear una atm\u00f3sfera de spa e infundir una fragancia natural en el aire.<\/p>\n<p>Recuerda mantener el cuarto de ba\u00f1o despejado y opta por soluciones de almacenamiento que combinen a la perfecci\u00f3n con el tema natural. Las cestas de mimbre o las estanter\u00edas de madera pueden ser pr\u00e1cticas y est\u00e9ticamente agradables.<\/p>\n<h5>Ba\u00f1o minimalista moderno y zen<\/h5>\n<p style=\"text-align: center;\"><img loading=\"lazy\" decoding=\"async\" class=\"alignnone size-full wp-image-2286\" src=\"https:\/\/motif.es\/blog\/wp-content\/uploads\/2023\/07\/CARAVANA_20.jpg\" alt=\"\" width=\"1000\" height=\"1000\" srcset=\"https:\/\/www.motif.es\/blog\/wp-content\/uploads\/2023\/07\/CARAVANA_20.jpg 1000w, https:\/\/www.motif.es\/blog\/wp-content\/uploads\/2023\/07\/CARAVANA_20-300x300.jpg 300w, https:\/\/www.motif.es\/blog\/wp-content\/uploads\/2023\/07\/CARAVANA_20-150x150.jpg 150w, https:\/\/www.motif.es\/blog\/wp-content\/uploads\/2023\/07\/CARAVANA_20-768x768.jpg 768w, https:\/\/www.motif.es\/blog\/wp-content\/uploads\/2023\/07\/CARAVANA_20-400x400.jpg 400w, https:\/\/www.motif.es\/blog\/wp-content\/uploads\/2023\/07\/CARAVANA_20-96x96.jpg 96w\" sizes=\"auto, (max-width: 1000px) 100vw, 1000px\" \/><\/p>\n<p>Si prefieres un aspecto elegante y contempor\u00e1neo, un <strong>tema minimalista moderno para el cuarto de ba\u00f1o de tu caravana<\/strong> puede ser la opci\u00f3n perfecta. La clave para conseguir este estilo es la sencillez, las l\u00edneas limpias y un espacio despejado.<\/p>\n<p>Mant\u00e9n la paleta de colores de este tema neutra y monocrom\u00e1tica. Utiliza tonos blancos, beige, grises o negros para crear una decoraci\u00f3n minimalista. Considera la posibilidad de incorporar toques de color o met\u00e1licos para darle inter\u00e9s visual.<\/p>\n<p>Opta por soluciones de almacenamiento minimalistas, ocultas o integradas, para mantener un aspecto despejado. Aprovecha el espacio vertical con unidades de almacenamiento altas o estantes empotrados.<\/p>\n<p>Para los toques finales, elige accesorios sencillos y elegantes. Un espejo de pared con un marco minimalista o una l\u00e1mpara llamativa pueden a\u00f1adir un toque de sofisticaci\u00f3n al espacio.<\/p>\n<p>Otra idea puede ser la de instalar luces con sensor de movimiento o un sistema de altavoces Bluetooth para mayor comodidad y ambiente.<\/p>\n<p>Resumiendo, el ba\u00f1o de tu caravana merece atenci\u00f3n y un dise\u00f1o cuidadoso para maximizar su funcionalidad y est\u00e9tica. Tanto si optas por un oasis inspirado en la naturaleza como por un moderno refugio minimalista, estas dos inspiraciones pueden t<strong>ransformar tu ba\u00f1o de tu caravana<\/strong> en un elegante refugio sobre ruedas.<\/p>\n<p>&nbsp;<\/p>\n","protected":false},"excerpt":{"rendered":"<p>Cuando se trata de decorar tu caravana, todos los rincones merecen atenci\u00f3n, incluido el ba\u00f1o. Dise\u00f1ar un ba\u00f1o elegante y funcional en tu caravana puede mejorar mucho tu experiencia general de acampada. En este art\u00edculo, te traemos dos ideas inspiradoras para decorar el ba\u00f1o de tu caravana. Oasis inspirado en la naturaleza Lleva la tranquilidad [&#8230;]<\/p>\n","protected":false},"author":2,"featured_media":2285,"comment_status":"open","ping_status":"open","sticky":false,"template":"","format":"standard","meta":{"_acf_changed":false,"footnotes":""},"categories":[9,33],"tags":[],"class_list":["post-2283","post","type-post","status-publish","format-standard","has-post-thumbnail","hentry","category-inspirate","category-sobre-decoracion-para-caravanas"],"acf":[],"yoast_head":"<!-- This site is optimized with the Yoast SEO plugin v27.4 - https:\/\/yoast.com\/product\/yoast-seo-wordpress\/ -->\n<title>Dos inspiraciones para decorar el ba\u00f1o de tu caravana - Blog Motif<\/title>\n<meta name=\"description\" content=\"Cuando se trata de decorar tu caravana, todos los rincones merecen atenci\u00f3n, incluido el ba\u00f1o. Dise\u00f1ar un ba\u00f1o elegante y funcional en tu caravana puede\" \/>\n<meta name=\"robots\" content=\"index, follow, max-snippet:-1, max-image-preview:large, max-video-preview:-1\" \/>\n<link rel=\"canonical\" href=\"https:\/\/www.motif.es\/blog\/dos-inspiraciones-para-decorar-el-bano-de-tu-caravana\/\" \/>\n<meta property=\"og:locale\" content=\"es_ES\" \/>\n<meta property=\"og:type\" content=\"article\" \/>\n<meta property=\"og:title\" content=\"Dos inspiraciones para decorar el ba\u00f1o de tu caravana - Blog Motif\" \/>\n<meta property=\"og:description\" content=\"Cuando se trata de decorar tu caravana, todos los rincones merecen atenci\u00f3n, incluido el ba\u00f1o. Dise\u00f1ar un ba\u00f1o elegante y funcional en tu caravana puede\" \/>\n<meta property=\"og:url\" content=\"https:\/\/www.motif.es\/blog\/dos-inspiraciones-para-decorar-el-bano-de-tu-caravana\/\" \/>\n<meta property=\"og:site_name\" content=\"Blog Motif\" \/>\n<meta property=\"article:publisher\" content=\"https:\/\/www.facebook.com\/motifmorethanwalls\/\" \/>\n<meta property=\"article:published_time\" content=\"2023-07-13T07:55:02+00:00\" \/>\n<meta property=\"og:image\" content=\"https:\/\/www.motif.es\/blog\/wp-content\/uploads\/2023\/07\/CARAVANA_7-1.jpg\" \/>\n\t<meta property=\"og:image:width\" content=\"1000\" \/>\n\t<meta property=\"og:image:height\" content=\"1000\" \/>\n\t<meta property=\"og:image:type\" content=\"image\/jpeg\" \/>\n<meta name=\"author\" content=\"Comunicaci\u00f3n Motif\" \/>\n<meta name=\"twitter:card\" content=\"summary_large_image\" \/>\n<meta name=\"twitter:label1\" content=\"Escrito por\" \/>\n\t<meta name=\"twitter:data1\" content=\"Comunicaci\u00f3n Motif\" \/>\n\t<meta name=\"twitter:label2\" content=\"Tiempo de lectura\" \/>\n\t<meta name=\"twitter:data2\" content=\"3 minutos\" \/>\n<script type=\"application\/ld+json\" class=\"yoast-schema-graph\">{\"@context\":\"https:\\\/\\\/schema.org\",\"@graph\":[{\"@type\":\"Article\",\"@id\":\"https:\\\/\\\/www.motif.es\\\/blog\\\/dos-inspiraciones-para-decorar-el-bano-de-tu-caravana\\\/#article\",\"isPartOf\":{\"@id\":\"https:\\\/\\\/www.motif.es\\\/blog\\\/dos-inspiraciones-para-decorar-el-bano-de-tu-caravana\\\/\"},\"author\":{\"name\":\"Comunicaci\u00f3n Motif\",\"@id\":\"https:\\\/\\\/www.motif.es\\\/blog\\\/#\\\/schema\\\/person\\\/aac26ed80d8e02fb9525ec6b569d75e9\"},\"headline\":\"Dos inspiraciones para decorar el ba\u00f1o de tu caravana\",\"datePublished\":\"2023-07-13T07:55:02+00:00\",\"mainEntityOfPage\":{\"@id\":\"https:\\\/\\\/www.motif.es\\\/blog\\\/dos-inspiraciones-para-decorar-el-bano-de-tu-caravana\\\/\"},\"wordCount\":475,\"commentCount\":0,\"publisher\":{\"@id\":\"https:\\\/\\\/www.motif.es\\\/blog\\\/#organization\"},\"image\":{\"@id\":\"https:\\\/\\\/www.motif.es\\\/blog\\\/dos-inspiraciones-para-decorar-el-bano-de-tu-caravana\\\/#primaryimage\"},\"thumbnailUrl\":\"https:\\\/\\\/www.motif.es\\\/blog\\\/wp-content\\\/uploads\\\/2023\\\/07\\\/CARAVANA_7-1.jpg\",\"articleSection\":[\"insp\u00edrate\",\"sobre decoraci\u00f3n para caravanas\"],\"inLanguage\":\"es\",\"potentialAction\":[{\"@type\":\"CommentAction\",\"name\":\"Comment\",\"target\":[\"https:\\\/\\\/www.motif.es\\\/blog\\\/dos-inspiraciones-para-decorar-el-bano-de-tu-caravana\\\/#respond\"]}]},{\"@type\":\"WebPage\",\"@id\":\"https:\\\/\\\/www.motif.es\\\/blog\\\/dos-inspiraciones-para-decorar-el-bano-de-tu-caravana\\\/\",\"url\":\"https:\\\/\\\/www.motif.es\\\/blog\\\/dos-inspiraciones-para-decorar-el-bano-de-tu-caravana\\\/\",\"name\":\"Dos inspiraciones para decorar el ba\u00f1o de tu caravana - Blog Motif\",\"isPartOf\":{\"@id\":\"https:\\\/\\\/www.motif.es\\\/blog\\\/#website\"},\"primaryImageOfPage\":{\"@id\":\"https:\\\/\\\/www.motif.es\\\/blog\\\/dos-inspiraciones-para-decorar-el-bano-de-tu-caravana\\\/#primaryimage\"},\"image\":{\"@id\":\"https:\\\/\\\/www.motif.es\\\/blog\\\/dos-inspiraciones-para-decorar-el-bano-de-tu-caravana\\\/#primaryimage\"},\"thumbnailUrl\":\"https:\\\/\\\/www.motif.es\\\/blog\\\/wp-content\\\/uploads\\\/2023\\\/07\\\/CARAVANA_7-1.jpg\",\"datePublished\":\"2023-07-13T07:55:02+00:00\",\"description\":\"Cuando se trata de decorar tu caravana, todos los rincones merecen atenci\u00f3n, incluido el ba\u00f1o. Dise\u00f1ar un ba\u00f1o elegante y funcional en tu caravana puede\",\"breadcrumb\":{\"@id\":\"https:\\\/\\\/www.motif.es\\\/blog\\\/dos-inspiraciones-para-decorar-el-bano-de-tu-caravana\\\/#breadcrumb\"},\"inLanguage\":\"es\",\"potentialAction\":[{\"@type\":\"ReadAction\",\"target\":[\"https:\\\/\\\/www.motif.es\\\/blog\\\/dos-inspiraciones-para-decorar-el-bano-de-tu-caravana\\\/\"]}]},{\"@type\":\"ImageObject\",\"inLanguage\":\"es\",\"@id\":\"https:\\\/\\\/www.motif.es\\\/blog\\\/dos-inspiraciones-para-decorar-el-bano-de-tu-caravana\\\/#primaryimage\",\"url\":\"https:\\\/\\\/www.motif.es\\\/blog\\\/wp-content\\\/uploads\\\/2023\\\/07\\\/CARAVANA_7-1.jpg\",\"contentUrl\":\"https:\\\/\\\/www.motif.es\\\/blog\\\/wp-content\\\/uploads\\\/2023\\\/07\\\/CARAVANA_7-1.jpg\",\"width\":1000,\"height\":1000},{\"@type\":\"BreadcrumbList\",\"@id\":\"https:\\\/\\\/www.motif.es\\\/blog\\\/dos-inspiraciones-para-decorar-el-bano-de-tu-caravana\\\/#breadcrumb\",\"itemListElement\":[{\"@type\":\"ListItem\",\"position\":1,\"name\":\"Blog\",\"item\":\"https:\\\/\\\/www.motif.es\\\/blog\\\/\"},{\"@type\":\"ListItem\",\"position\":2,\"name\":\"sobre decoraci\u00f3n para caravanas\",\"item\":\"https:\\\/\\\/www.motif.es\\\/blog\\\/category\\\/sobre-decoracion-para-caravanas\\\/\"},{\"@type\":\"ListItem\",\"position\":3,\"name\":\"Dos inspiraciones para decorar el ba\u00f1o de tu caravana\"}]},{\"@type\":\"WebSite\",\"@id\":\"https:\\\/\\\/www.motif.es\\\/blog\\\/#website\",\"url\":\"https:\\\/\\\/www.motif.es\\\/blog\\\/\",\"name\":\"Blog Motif\",\"description\":\"nuestro rinc\u00f3n para inspirarte\",\"publisher\":{\"@id\":\"https:\\\/\\\/www.motif.es\\\/blog\\\/#organization\"},\"potentialAction\":[{\"@type\":\"SearchAction\",\"target\":{\"@type\":\"EntryPoint\",\"urlTemplate\":\"https:\\\/\\\/www.motif.es\\\/blog\\\/?s={search_term_string}\"},\"query-input\":{\"@type\":\"PropertyValueSpecification\",\"valueRequired\":true,\"valueName\":\"search_term_string\"}}],\"inLanguage\":\"es\"},{\"@type\":\"Organization\",\"@id\":\"https:\\\/\\\/www.motif.es\\\/blog\\\/#organization\",\"name\":\"Motif Wallpapers S.L.U.\",\"url\":\"https:\\\/\\\/www.motif.es\\\/blog\\\/\",\"logo\":{\"@type\":\"ImageObject\",\"inLanguage\":\"es\",\"@id\":\"https:\\\/\\\/www.motif.es\\\/blog\\\/#\\\/schema\\\/logo\\\/image\\\/\",\"url\":\"https:\\\/\\\/motif.es\\\/blog\\\/wp-content\\\/uploads\\\/2021\\\/06\\\/logo-motif.jpg\",\"contentUrl\":\"https:\\\/\\\/motif.es\\\/blog\\\/wp-content\\\/uploads\\\/2021\\\/06\\\/logo-motif.jpg\",\"width\":464,\"height\":464,\"caption\":\"Motif Wallpapers S.L.U.\"},\"image\":{\"@id\":\"https:\\\/\\\/www.motif.es\\\/blog\\\/#\\\/schema\\\/logo\\\/image\\\/\"},\"sameAs\":[\"https:\\\/\\\/www.facebook.com\\\/motifmorethanwalls\\\/\",\"https:\\\/\\\/www.instagram.com\\\/motif_es\\\/?hl=es\",\"https:\\\/\\\/www.pinterest.es\\\/motifwallpapers\\\/\",\"https:\\\/\\\/www.youtube.com\\\/channel\\\/UCNaOmbxD6LjcQNj4vmfVIUg\"]},{\"@type\":\"Person\",\"@id\":\"https:\\\/\\\/www.motif.es\\\/blog\\\/#\\\/schema\\\/person\\\/aac26ed80d8e02fb9525ec6b569d75e9\",\"name\":\"Comunicaci\u00f3n Motif\",\"image\":{\"@type\":\"ImageObject\",\"inLanguage\":\"es\",\"@id\":\"https:\\\/\\\/secure.gravatar.com\\\/avatar\\\/93b2fb49a03bd7a57b5f5e8c3b740113f14f25da86b090887d9353672de2d9b5?s=96&d=mm&r=g\",\"url\":\"https:\\\/\\\/secure.gravatar.com\\\/avatar\\\/93b2fb49a03bd7a57b5f5e8c3b740113f14f25da86b090887d9353672de2d9b5?s=96&d=mm&r=g\",\"contentUrl\":\"https:\\\/\\\/secure.gravatar.com\\\/avatar\\\/93b2fb49a03bd7a57b5f5e8c3b740113f14f25da86b090887d9353672de2d9b5?s=96&d=mm&r=g\",\"caption\":\"Comunicaci\u00f3n Motif\"},\"url\":\"https:\\\/\\\/www.motif.es\\\/blog\\\/author\\\/comunicacion\\\/\"}]}<\/script>\n<!-- \/ Yoast SEO plugin. -->","yoast_head_json":{"title":"Dos inspiraciones para decorar el ba\u00f1o de tu caravana - Blog Motif","description":"Cuando se trata de decorar tu caravana, todos los rincones merecen atenci\u00f3n, incluido el ba\u00f1o. Dise\u00f1ar un ba\u00f1o elegante y funcional en tu caravana puede","robots":{"index":"index","follow":"follow","max-snippet":"max-snippet:-1","max-image-preview":"max-image-preview:large","max-video-preview":"max-video-preview:-1"},"canonical":"https:\/\/www.motif.es\/blog\/dos-inspiraciones-para-decorar-el-bano-de-tu-caravana\/","og_locale":"es_ES","og_type":"article","og_title":"Dos inspiraciones para decorar el ba\u00f1o de tu caravana - Blog Motif","og_description":"Cuando se trata de decorar tu caravana, todos los rincones merecen atenci\u00f3n, incluido el ba\u00f1o. Dise\u00f1ar un ba\u00f1o elegante y funcional en tu caravana puede","og_url":"https:\/\/www.motif.es\/blog\/dos-inspiraciones-para-decorar-el-bano-de-tu-caravana\/","og_site_name":"Blog Motif","article_publisher":"https:\/\/www.facebook.com\/motifmorethanwalls\/","article_published_time":"2023-07-13T07:55:02+00:00","og_image":[{"width":1000,"height":1000,"url":"https:\/\/www.motif.es\/blog\/wp-content\/uploads\/2023\/07\/CARAVANA_7-1.jpg","type":"image\/jpeg"}],"author":"Comunicaci\u00f3n Motif","twitter_card":"summary_large_image","twitter_misc":{"Escrito por":"Comunicaci\u00f3n Motif","Tiempo de lectura":"3 minutos"},"schema":{"@context":"https:\/\/schema.org","@graph":[{"@type":"Article","@id":"https:\/\/www.motif.es\/blog\/dos-inspiraciones-para-decorar-el-bano-de-tu-caravana\/#article","isPartOf":{"@id":"https:\/\/www.motif.es\/blog\/dos-inspiraciones-para-decorar-el-bano-de-tu-caravana\/"},"author":{"name":"Comunicaci\u00f3n Motif","@id":"https:\/\/www.motif.es\/blog\/#\/schema\/person\/aac26ed80d8e02fb9525ec6b569d75e9"},"headline":"Dos inspiraciones para decorar el ba\u00f1o de tu caravana","datePublished":"2023-07-13T07:55:02+00:00","mainEntityOfPage":{"@id":"https:\/\/www.motif.es\/blog\/dos-inspiraciones-para-decorar-el-bano-de-tu-caravana\/"},"wordCount":475,"commentCount":0,"publisher":{"@id":"https:\/\/www.motif.es\/blog\/#organization"},"image":{"@id":"https:\/\/www.motif.es\/blog\/dos-inspiraciones-para-decorar-el-bano-de-tu-caravana\/#primaryimage"},"thumbnailUrl":"https:\/\/www.motif.es\/blog\/wp-content\/uploads\/2023\/07\/CARAVANA_7-1.jpg","articleSection":["insp\u00edrate","sobre decoraci\u00f3n para caravanas"],"inLanguage":"es","potentialAction":[{"@type":"CommentAction","name":"Comment","target":["https:\/\/www.motif.es\/blog\/dos-inspiraciones-para-decorar-el-bano-de-tu-caravana\/#respond"]}]},{"@type":"WebPage","@id":"https:\/\/www.motif.es\/blog\/dos-inspiraciones-para-decorar-el-bano-de-tu-caravana\/","url":"https:\/\/www.motif.es\/blog\/dos-inspiraciones-para-decorar-el-bano-de-tu-caravana\/","name":"Dos inspiraciones para decorar el ba\u00f1o de tu caravana - Blog Motif","isPartOf":{"@id":"https:\/\/www.motif.es\/blog\/#website"},"primaryImageOfPage":{"@id":"https:\/\/www.motif.es\/blog\/dos-inspiraciones-para-decorar-el-bano-de-tu-caravana\/#primaryimage"},"image":{"@id":"https:\/\/www.motif.es\/blog\/dos-inspiraciones-para-decorar-el-bano-de-tu-caravana\/#primaryimage"},"thumbnailUrl":"https:\/\/www.motif.es\/blog\/wp-content\/uploads\/2023\/07\/CARAVANA_7-1.jpg","datePublished":"2023-07-13T07:55:02+00:00","description":"Cuando se trata de decorar tu caravana, todos los rincones merecen atenci\u00f3n, incluido el ba\u00f1o. Dise\u00f1ar un ba\u00f1o elegante y funcional en tu caravana puede","breadcrumb":{"@id":"https:\/\/www.motif.es\/blog\/dos-inspiraciones-para-decorar-el-bano-de-tu-caravana\/#breadcrumb"},"inLanguage":"es","potentialAction":[{"@type":"ReadAction","target":["https:\/\/www.motif.es\/blog\/dos-inspiraciones-para-decorar-el-bano-de-tu-caravana\/"]}]},{"@type":"ImageObject","inLanguage":"es","@id":"https:\/\/www.motif.es\/blog\/dos-inspiraciones-para-decorar-el-bano-de-tu-caravana\/#primaryimage","url":"https:\/\/www.motif.es\/blog\/wp-content\/uploads\/2023\/07\/CARAVANA_7-1.jpg","contentUrl":"https:\/\/www.motif.es\/blog\/wp-content\/uploads\/2023\/07\/CARAVANA_7-1.jpg","width":1000,"height":1000},{"@type":"BreadcrumbList","@id":"https:\/\/www.motif.es\/blog\/dos-inspiraciones-para-decorar-el-bano-de-tu-caravana\/#breadcrumb","itemListElement":[{"@type":"ListItem","position":1,"name":"Blog","item":"https:\/\/www.motif.es\/blog\/"},{"@type":"ListItem","position":2,"name":"sobre decoraci\u00f3n para caravanas","item":"https:\/\/www.motif.es\/blog\/category\/sobre-decoracion-para-caravanas\/"},{"@type":"ListItem","position":3,"name":"Dos inspiraciones para decorar el ba\u00f1o de tu caravana"}]},{"@type":"WebSite","@id":"https:\/\/www.motif.es\/blog\/#website","url":"https:\/\/www.motif.es\/blog\/","name":"Blog Motif","description":"nuestro rinc\u00f3n para inspirarte","publisher":{"@id":"https:\/\/www.motif.es\/blog\/#organization"},"potentialAction":[{"@type":"SearchAction","target":{"@type":"EntryPoint","urlTemplate":"https:\/\/www.motif.es\/blog\/?s={search_term_string}"},"query-input":{"@type":"PropertyValueSpecification","valueRequired":true,"valueName":"search_term_string"}}],"inLanguage":"es"},{"@type":"Organization","@id":"https:\/\/www.motif.es\/blog\/#organization","name":"Motif Wallpapers S.L.U.","url":"https:\/\/www.motif.es\/blog\/","logo":{"@type":"ImageObject","inLanguage":"es","@id":"https:\/\/www.motif.es\/blog\/#\/schema\/logo\/image\/","url":"https:\/\/motif.es\/blog\/wp-content\/uploads\/2021\/06\/logo-motif.jpg","contentUrl":"https:\/\/motif.es\/blog\/wp-content\/uploads\/2021\/06\/logo-motif.jpg","width":464,"height":464,"caption":"Motif Wallpapers S.L.U."},"image":{"@id":"https:\/\/www.motif.es\/blog\/#\/schema\/logo\/image\/"},"sameAs":["https:\/\/www.facebook.com\/motifmorethanwalls\/","https:\/\/www.instagram.com\/motif_es\/?hl=es","https:\/\/www.pinterest.es\/motifwallpapers\/","https:\/\/www.youtube.com\/channel\/UCNaOmbxD6LjcQNj4vmfVIUg"]},{"@type":"Person","@id":"https:\/\/www.motif.es\/blog\/#\/schema\/person\/aac26ed80d8e02fb9525ec6b569d75e9","name":"Comunicaci\u00f3n Motif","image":{"@type":"ImageObject","inLanguage":"es","@id":"https:\/\/secure.gravatar.com\/avatar\/93b2fb49a03bd7a57b5f5e8c3b740113f14f25da86b090887d9353672de2d9b5?s=96&d=mm&r=g","url":"https:\/\/secure.gravatar.com\/avatar\/93b2fb49a03bd7a57b5f5e8c3b740113f14f25da86b090887d9353672de2d9b5?s=96&d=mm&r=g","contentUrl":"https:\/\/secure.gravatar.com\/avatar\/93b2fb49a03bd7a57b5f5e8c3b740113f14f25da86b090887d9353672de2d9b5?s=96&d=mm&r=g","caption":"Comunicaci\u00f3n Motif"},"url":"https:\/\/www.motif.es\/blog\/author\/comunicacion\/"}]}},"_links":{"self":[{"href":"https:\/\/www.motif.es\/blog\/wp-json\/wp\/v2\/posts\/2283","targetHints":{"allow":["GET"]}}],"collection":[{"href":"https:\/\/www.motif.es\/blog\/wp-json\/wp\/v2\/posts"}],"about":[{"href":"https:\/\/www.motif.es\/blog\/wp-json\/wp\/v2\/types\/post"}],"author":[{"embeddable":true,"href":"https:\/\/www.motif.es\/blog\/wp-json\/wp\/v2\/users\/2"}],"replies":[{"embeddable":true,"href":"https:\/\/www.motif.es\/blog\/wp-json\/wp\/v2\/comments?post=2283"}],"version-history":[{"count":1,"href":"https:\/\/www.motif.es\/blog\/wp-json\/wp\/v2\/posts\/2283\/revisions"}],"predecessor-version":[{"id":2287,"href":"https:\/\/www.motif.es\/blog\/wp-json\/wp\/v2\/posts\/2283\/revisions\/2287"}],"wp:featuredmedia":[{"embeddable":true,"href":"https:\/\/www.motif.es\/blog\/wp-json\/wp\/v2\/media\/2285"}],"wp:attachment":[{"href":"https:\/\/www.motif.es\/blog\/wp-json\/wp\/v2\/media?parent=2283"}],"wp:term":[{"taxonomy":"category","embeddable":true,"href":"https:\/\/www.motif.es\/blog\/wp-json\/wp\/v2\/categories?post=2283"},{"taxonomy":"post_tag","embeddable":true,"href":"https:\/\/www.motif.es\/blog\/wp-json\/wp\/v2\/tags?post=2283"}],"curies":[{"name":"wp","href":"https:\/\/api.w.org\/{rel}","templated":true}]}}