{"id":2326,"date":"2023-08-04T16:38:56","date_gmt":"2023-08-04T16:38:56","guid":{"rendered":"https:\/\/motif.es\/blog\/?p=2326"},"modified":"2023-08-21T16:59:03","modified_gmt":"2023-08-21T16:59:03","slug":"las-tendencias-de-decoracion-2023-para-terrazas-creando-oasis-al-aire-libre","status":"publish","type":"post","link":"https:\/\/www.motif.es\/blog\/las-tendencias-de-decoracion-2023-para-terrazas-creando-oasis-al-aire-libre\/","title":{"rendered":"Las Tendencias de Decoraci\u00f3n 2023 para Terrazas: Creando Oasis al Aire Libre"},"content":{"rendered":"<p>En el mundo de la <strong>decoraci\u00f3n y el dise\u00f1o del hogar<\/strong>, los espacios exteriores se han convertido cada vez m\u00e1s en una extensi\u00f3n de nuestras zonas de estar. Con el a\u00f1o 2023 y la llegada del verano, ha llegado el momento de explorar las \u00faltimas tendencias que marcar\u00e1n la forma en que decoramos nuestras terrazas. Desde acogedoras zonas de descanso hasta vibrantes rincones para comer, descubramos las principales tendencias en decoraci\u00f3n de terrazas para el a\u00f1o que viene.<\/p>\n<p style=\"text-align: center;\"><img loading=\"lazy\" decoding=\"async\" class=\"alignnone size-full wp-image-2328\" src=\"https:\/\/motif.es\/blog\/wp-content\/uploads\/2023\/08\/alfombra-vinilica-llum.jpg\" alt=\"\" width=\"1000\" height=\"1000\" srcset=\"https:\/\/www.motif.es\/blog\/wp-content\/uploads\/2023\/08\/alfombra-vinilica-llum.jpg 1000w, https:\/\/www.motif.es\/blog\/wp-content\/uploads\/2023\/08\/alfombra-vinilica-llum-300x300.jpg 300w, https:\/\/www.motif.es\/blog\/wp-content\/uploads\/2023\/08\/alfombra-vinilica-llum-150x150.jpg 150w, https:\/\/www.motif.es\/blog\/wp-content\/uploads\/2023\/08\/alfombra-vinilica-llum-768x768.jpg 768w, https:\/\/www.motif.es\/blog\/wp-content\/uploads\/2023\/08\/alfombra-vinilica-llum-400x400.jpg 400w, https:\/\/www.motif.es\/blog\/wp-content\/uploads\/2023\/08\/alfombra-vinilica-llum-96x96.jpg 96w\" sizes=\"auto, (max-width: 1000px) 100vw, 1000px\" \/><\/p>\n<p style=\"text-align: center;\"><em>Alfombra vin\u00edlica LLUM de MOTIF<\/em><\/p>\n<h5>1. Materiales naturales y vibraciones org\u00e1nicas<\/h5>\n<p>Los materiales naturales y las vibraciones org\u00e1nicas son la <strong>base de la decoraci\u00f3n de terrazas<\/strong>.<\/p>\n<p>Cuando se trata de decorar tu terraza, abrazar la naturaleza es clave. En 2023, ha habido un auge del uso de materiales naturales como el rat\u00e1n, el bamb\u00fa y la teca. Estos materiales no s\u00f3lo a\u00f1aden un toque de elegancia, sino que tambi\u00e9n evocan una sensaci\u00f3n de tranquilidad y serenidad general.<\/p>\n<p>Combina tus muebles naturales con accesorios de formas org\u00e1nicas, como maceteros de piedra, esculturas de madera flotante o macetas de terracota, para conseguir un ambiente terrenal. Incorporar plantas y flores completar\u00e1 el look, creando un peque\u00f1o oasis en tu terraza, e incluso opta por una <a href=\"https:\/\/www.motif.es\/185-vinilicas-primavera-verano\"><strong>alfombra vin\u00edlica con dise\u00f1os naturales<\/strong><\/a>.<\/p>\n<p style=\"text-align: center;\"><img loading=\"lazy\" decoding=\"async\" class=\"alignnone size-full wp-image-2329\" src=\"https:\/\/motif.es\/blog\/wp-content\/uploads\/2023\/08\/alfombra-vinilica-jules.jpg\" alt=\"\" width=\"1000\" height=\"1000\" srcset=\"https:\/\/www.motif.es\/blog\/wp-content\/uploads\/2023\/08\/alfombra-vinilica-jules.jpg 1000w, https:\/\/www.motif.es\/blog\/wp-content\/uploads\/2023\/08\/alfombra-vinilica-jules-300x300.jpg 300w, https:\/\/www.motif.es\/blog\/wp-content\/uploads\/2023\/08\/alfombra-vinilica-jules-150x150.jpg 150w, https:\/\/www.motif.es\/blog\/wp-content\/uploads\/2023\/08\/alfombra-vinilica-jules-768x768.jpg 768w, https:\/\/www.motif.es\/blog\/wp-content\/uploads\/2023\/08\/alfombra-vinilica-jules-400x400.jpg 400w, https:\/\/www.motif.es\/blog\/wp-content\/uploads\/2023\/08\/alfombra-vinilica-jules-96x96.jpg 96w\" sizes=\"auto, (max-width: 1000px) 100vw, 1000px\" \/><\/p>\n<p style=\"text-align: center;\"><em>Alfombra Vin\u00edlica JULES de MOTIF<\/em><\/p>\n<h5>2. Piezas impactantes y elementos art\u00edsticos<\/h5>\n<p>Cuando se trate de la <strong>decoraci\u00f3n de terrazas en 2023<\/strong>, las piezas impactantes y llamativas est\u00e1n dominando la escena. Piensa en esculturas de exterior de gran tama\u00f1o, baldosas art\u00edsticas o incluso una impresionante fuente de agua siempre que el espacio de tu terraza te lo permita.<\/p>\n<p>Considera accesorios de iluminaci\u00f3n \u00fanicos y grandes espejos decorativos para crear un ambiente visualmente impactante durante las horas nocturnas. Jugar con texturas, colores y dise\u00f1os abstractos a\u00f1adir\u00e1 un toque de personalidad y estilo art\u00edstico al espacio de tu terraza.<\/p>\n<h5>3. Pr\u00e1cticas sostenibles y ecol\u00f3gicas<\/h5>\n<p>El mundo est\u00e1 cada vez m\u00e1s concienciado con el medio ambiente, y nuestras elecciones de decoraci\u00f3n de terrazas est\u00e1n reflejando esta mentalidad. En 2023, las <a href=\"https:\/\/viaagora.com\/consejos-decoracion-sostenible-en-tu-hogar\/\" target=\"_blank\" rel=\"noopener\">pr\u00e1cticas sostenibles<\/a> ocupan un lugar central en la <strong>decoraci\u00f3n de exteriores<\/strong>.<\/p>\n<p>Opta por materiales ecol\u00f3gicos siempre que sea posible, como muebles reciclados (puedes ver ideas para hacerlo t\u00fa mismo <a href=\"https:\/\/motif.es\/blog\/reformar-muebles-con-vinilos-totalmente-posible\/\">aqu\u00ed<\/a>), madera recuperada o accesorios reciclados. Incorpora plantas de bajo mantenimiento que requieran menos agua y utiliza iluminaci\u00f3n exterior solar para reducir el consumo de energ\u00eda.<\/p>\n<h5>4. Cocinas y salones al aire libre<\/h5>\n<p>Los espacios al aire libre ya no son s\u00f3lo para descansar o cultivar un huerto. En 2023, el concepto de vida al aire libre ha alcanzado nuevas cotas con el auge de las <strong>cocinas de exterior y las zonas de estar en terrazas<\/strong>.<\/p>\n<p>Invierte en una cocina de exterior funcional y con estilo, completa con parrilla, encimera y opciones de almacenamiento. Crea una acogedora zona de estar con c\u00f3modos asientos, <strong>alfombras de exterior como las vin\u00edlicas<\/strong> y cojines resistentes a la intemperie para entretener a los invitados o disfrutar de una relajante velada bajo las estrellas.<\/p>\n<h5>5. Acentos de color y motivos divertidos<\/h5>\n<p>Aporta alegr\u00eda y vitalidad a tu terraza con colores llamativos y motivos divertidos. En 2023, se ha visto una mayor afluencia de tonos brillantes como el coral, el azul cobalto y el verde esmeralda.<\/p>\n<p>Considera incorporar estos colores en la tapicer\u00eda de tus muebles, cojines o incluso mediante el uso de azulejos de mosaico de colores. Opta por motivos de inspiraci\u00f3n tropical, dise\u00f1os geom\u00e9tricos o incluso mezcla distintos motivos para crear un ambiente visualmente estimulante y din\u00e1mico.<\/p>\n<p style=\"text-align: center;\"><img loading=\"lazy\" decoding=\"async\" class=\"alignnone size-full wp-image-2330\" src=\"https:\/\/motif.es\/blog\/wp-content\/uploads\/2023\/08\/alfombra-vinilica-alhambra-mar.jpg\" alt=\"\" width=\"1000\" height=\"1000\" srcset=\"https:\/\/www.motif.es\/blog\/wp-content\/uploads\/2023\/08\/alfombra-vinilica-alhambra-mar.jpg 1000w, https:\/\/www.motif.es\/blog\/wp-content\/uploads\/2023\/08\/alfombra-vinilica-alhambra-mar-300x300.jpg 300w, https:\/\/www.motif.es\/blog\/wp-content\/uploads\/2023\/08\/alfombra-vinilica-alhambra-mar-150x150.jpg 150w, https:\/\/www.motif.es\/blog\/wp-content\/uploads\/2023\/08\/alfombra-vinilica-alhambra-mar-768x768.jpg 768w, https:\/\/www.motif.es\/blog\/wp-content\/uploads\/2023\/08\/alfombra-vinilica-alhambra-mar-400x400.jpg 400w, https:\/\/www.motif.es\/blog\/wp-content\/uploads\/2023\/08\/alfombra-vinilica-alhambra-mar-96x96.jpg 96w\" sizes=\"auto, (max-width: 1000px) 100vw, 1000px\" \/><\/p>\n<p style=\"text-align: center;\"><em>Alfombra Vin\u00edlica Alhambra Mar de MOTIF<\/em><\/p>\n<h5>6. Muebles multifuncionales y compactos<\/h5>\n<p>Incluir muebles multifuncionales y compactos es imprescindible para las terrazas o balcones peque\u00f1os. En 2023, la atenci\u00f3n se ha centrado en muebles que sirvan para m\u00faltiples prop\u00f3sitos.<\/p>\n<p>Elige sillas plegables, mesas nido o un banco de almacenamiento vers\u00e1til que tambi\u00e9n pueda utilizarse como zona de asientos. Estas ingeniosas soluciones para ahorrar espacio te permitir\u00e1n aprovechar al m\u00e1ximo tu terraza, sea cual sea su tama\u00f1o.<\/p>\n<p>A medida que avanzamos en el 2023, est\u00e1 claro que las tendencias en decoraci\u00f3n de terrazas se han inclinado hacia la creaci\u00f3n de refugios personales al aire libre.<\/p>\n","protected":false},"excerpt":{"rendered":"<p>En el mundo de la decoraci\u00f3n y el dise\u00f1o del hogar, los espacios exteriores se han convertido cada vez m\u00e1s en una extensi\u00f3n de nuestras zonas de estar. Con el a\u00f1o 2023 y la llegada del verano, ha llegado el momento de explorar las \u00faltimas tendencias que marcar\u00e1n la forma en que decoramos nuestras terrazas. [&#8230;]<\/p>\n","protected":false},"author":2,"featured_media":2330,"comment_status":"open","ping_status":"open","sticky":false,"template":"","format":"standard","meta":{"_acf_changed":false,"footnotes":""},"categories":[9,8],"tags":[],"class_list":["post-2326","post","type-post","status-publish","format-standard","has-post-thumbnail","hentry","category-inspirate","category-sobre-alfombras-vinilicas"],"acf":[],"yoast_head":"<!-- This site is optimized with the Yoast SEO plugin v27.5 - https:\/\/yoast.com\/product\/yoast-seo-wordpress\/ -->\n<title>Las Tendencias de Decoraci\u00f3n 2023 para Terrazas: Creando Oasis al Aire Libre - Blog Motif<\/title>\n<meta name=\"description\" content=\"En el mundo de la decoraci\u00f3n y el dise\u00f1o del hogar, los espacios exteriores se han convertido cada vez m\u00e1s en una extensi\u00f3n de nuestras zonas de estar.\" \/>\n<meta name=\"robots\" content=\"index, follow, max-snippet:-1, max-image-preview:large, max-video-preview:-1\" \/>\n<link rel=\"canonical\" href=\"https:\/\/www.motif.es\/blog\/las-tendencias-de-decoracion-2023-para-terrazas-creando-oasis-al-aire-libre\/\" \/>\n<meta property=\"og:locale\" content=\"es_ES\" \/>\n<meta property=\"og:type\" content=\"article\" \/>\n<meta property=\"og:title\" content=\"Las Tendencias de Decoraci\u00f3n 2023 para Terrazas: Creando Oasis al Aire Libre - Blog Motif\" \/>\n<meta property=\"og:description\" content=\"En el mundo de la decoraci\u00f3n y el dise\u00f1o del hogar, los espacios exteriores se han convertido cada vez m\u00e1s en una extensi\u00f3n de nuestras zonas de estar.\" \/>\n<meta property=\"og:url\" content=\"https:\/\/www.motif.es\/blog\/las-tendencias-de-decoracion-2023-para-terrazas-creando-oasis-al-aire-libre\/\" \/>\n<meta property=\"og:site_name\" content=\"Blog Motif\" \/>\n<meta property=\"article:publisher\" content=\"https:\/\/www.facebook.com\/motifmorethanwalls\/\" \/>\n<meta property=\"article:published_time\" content=\"2023-08-04T16:38:56+00:00\" \/>\n<meta property=\"article:modified_time\" content=\"2023-08-21T16:59:03+00:00\" \/>\n<meta property=\"og:image\" content=\"https:\/\/www.motif.es\/blog\/wp-content\/uploads\/2023\/08\/alfombra-vinilica-alhambra-mar.jpg\" \/>\n\t<meta property=\"og:image:width\" content=\"1000\" \/>\n\t<meta property=\"og:image:height\" content=\"1000\" \/>\n\t<meta property=\"og:image:type\" content=\"image\/jpeg\" \/>\n<meta name=\"author\" content=\"Comunicaci\u00f3n Motif\" \/>\n<meta name=\"twitter:card\" content=\"summary_large_image\" \/>\n<meta name=\"twitter:label1\" content=\"Escrito por\" \/>\n\t<meta name=\"twitter:data1\" content=\"Comunicaci\u00f3n Motif\" \/>\n\t<meta name=\"twitter:label2\" content=\"Tiempo de lectura\" \/>\n\t<meta name=\"twitter:data2\" content=\"4 minutos\" \/>\n<script type=\"application\/ld+json\" class=\"yoast-schema-graph\">{\"@context\":\"https:\\\/\\\/schema.org\",\"@graph\":[{\"@type\":\"Article\",\"@id\":\"https:\\\/\\\/www.motif.es\\\/blog\\\/las-tendencias-de-decoracion-2023-para-terrazas-creando-oasis-al-aire-libre\\\/#article\",\"isPartOf\":{\"@id\":\"https:\\\/\\\/www.motif.es\\\/blog\\\/las-tendencias-de-decoracion-2023-para-terrazas-creando-oasis-al-aire-libre\\\/\"},\"author\":{\"name\":\"Comunicaci\u00f3n Motif\",\"@id\":\"https:\\\/\\\/www.motif.es\\\/blog\\\/#\\\/schema\\\/person\\\/aac26ed80d8e02fb9525ec6b569d75e9\"},\"headline\":\"Las Tendencias de Decoraci\u00f3n 2023 para Terrazas: Creando Oasis al Aire Libre\",\"datePublished\":\"2023-08-04T16:38:56+00:00\",\"dateModified\":\"2023-08-21T16:59:03+00:00\",\"mainEntityOfPage\":{\"@id\":\"https:\\\/\\\/www.motif.es\\\/blog\\\/las-tendencias-de-decoracion-2023-para-terrazas-creando-oasis-al-aire-libre\\\/\"},\"wordCount\":736,\"commentCount\":0,\"publisher\":{\"@id\":\"https:\\\/\\\/www.motif.es\\\/blog\\\/#organization\"},\"image\":{\"@id\":\"https:\\\/\\\/www.motif.es\\\/blog\\\/las-tendencias-de-decoracion-2023-para-terrazas-creando-oasis-al-aire-libre\\\/#primaryimage\"},\"thumbnailUrl\":\"https:\\\/\\\/www.motif.es\\\/blog\\\/wp-content\\\/uploads\\\/2023\\\/08\\\/alfombra-vinilica-alhambra-mar.jpg\",\"articleSection\":[\"insp\u00edrate\",\"sobre alfombras vin\u00edlicas\"],\"inLanguage\":\"es\",\"potentialAction\":[{\"@type\":\"CommentAction\",\"name\":\"Comment\",\"target\":[\"https:\\\/\\\/www.motif.es\\\/blog\\\/las-tendencias-de-decoracion-2023-para-terrazas-creando-oasis-al-aire-libre\\\/#respond\"]}]},{\"@type\":\"WebPage\",\"@id\":\"https:\\\/\\\/www.motif.es\\\/blog\\\/las-tendencias-de-decoracion-2023-para-terrazas-creando-oasis-al-aire-libre\\\/\",\"url\":\"https:\\\/\\\/www.motif.es\\\/blog\\\/las-tendencias-de-decoracion-2023-para-terrazas-creando-oasis-al-aire-libre\\\/\",\"name\":\"Las Tendencias de Decoraci\u00f3n 2023 para Terrazas: Creando Oasis al Aire Libre - Blog Motif\",\"isPartOf\":{\"@id\":\"https:\\\/\\\/www.motif.es\\\/blog\\\/#website\"},\"primaryImageOfPage\":{\"@id\":\"https:\\\/\\\/www.motif.es\\\/blog\\\/las-tendencias-de-decoracion-2023-para-terrazas-creando-oasis-al-aire-libre\\\/#primaryimage\"},\"image\":{\"@id\":\"https:\\\/\\\/www.motif.es\\\/blog\\\/las-tendencias-de-decoracion-2023-para-terrazas-creando-oasis-al-aire-libre\\\/#primaryimage\"},\"thumbnailUrl\":\"https:\\\/\\\/www.motif.es\\\/blog\\\/wp-content\\\/uploads\\\/2023\\\/08\\\/alfombra-vinilica-alhambra-mar.jpg\",\"datePublished\":\"2023-08-04T16:38:56+00:00\",\"dateModified\":\"2023-08-21T16:59:03+00:00\",\"description\":\"En el mundo de la decoraci\u00f3n y el dise\u00f1o del hogar, los espacios exteriores se han convertido cada vez m\u00e1s en una extensi\u00f3n de nuestras zonas de estar.\",\"breadcrumb\":{\"@id\":\"https:\\\/\\\/www.motif.es\\\/blog\\\/las-tendencias-de-decoracion-2023-para-terrazas-creando-oasis-al-aire-libre\\\/#breadcrumb\"},\"inLanguage\":\"es\",\"potentialAction\":[{\"@type\":\"ReadAction\",\"target\":[\"https:\\\/\\\/www.motif.es\\\/blog\\\/las-tendencias-de-decoracion-2023-para-terrazas-creando-oasis-al-aire-libre\\\/\"]}]},{\"@type\":\"ImageObject\",\"inLanguage\":\"es\",\"@id\":\"https:\\\/\\\/www.motif.es\\\/blog\\\/las-tendencias-de-decoracion-2023-para-terrazas-creando-oasis-al-aire-libre\\\/#primaryimage\",\"url\":\"https:\\\/\\\/www.motif.es\\\/blog\\\/wp-content\\\/uploads\\\/2023\\\/08\\\/alfombra-vinilica-alhambra-mar.jpg\",\"contentUrl\":\"https:\\\/\\\/www.motif.es\\\/blog\\\/wp-content\\\/uploads\\\/2023\\\/08\\\/alfombra-vinilica-alhambra-mar.jpg\",\"width\":1000,\"height\":1000},{\"@type\":\"BreadcrumbList\",\"@id\":\"https:\\\/\\\/www.motif.es\\\/blog\\\/las-tendencias-de-decoracion-2023-para-terrazas-creando-oasis-al-aire-libre\\\/#breadcrumb\",\"itemListElement\":[{\"@type\":\"ListItem\",\"position\":1,\"name\":\"Blog\",\"item\":\"https:\\\/\\\/www.motif.es\\\/blog\\\/\"},{\"@type\":\"ListItem\",\"position\":2,\"name\":\"insp\u00edrate\",\"item\":\"https:\\\/\\\/www.motif.es\\\/blog\\\/category\\\/inspirate\\\/\"},{\"@type\":\"ListItem\",\"position\":3,\"name\":\"Las Tendencias de Decoraci\u00f3n 2023 para Terrazas: Creando Oasis al Aire Libre\"}]},{\"@type\":\"WebSite\",\"@id\":\"https:\\\/\\\/www.motif.es\\\/blog\\\/#website\",\"url\":\"https:\\\/\\\/www.motif.es\\\/blog\\\/\",\"name\":\"Blog Motif\",\"description\":\"nuestro rinc\u00f3n para inspirarte\",\"publisher\":{\"@id\":\"https:\\\/\\\/www.motif.es\\\/blog\\\/#organization\"},\"potentialAction\":[{\"@type\":\"SearchAction\",\"target\":{\"@type\":\"EntryPoint\",\"urlTemplate\":\"https:\\\/\\\/www.motif.es\\\/blog\\\/?s={search_term_string}\"},\"query-input\":{\"@type\":\"PropertyValueSpecification\",\"valueRequired\":true,\"valueName\":\"search_term_string\"}}],\"inLanguage\":\"es\"},{\"@type\":\"Organization\",\"@id\":\"https:\\\/\\\/www.motif.es\\\/blog\\\/#organization\",\"name\":\"Motif Wallpapers S.L.U.\",\"url\":\"https:\\\/\\\/www.motif.es\\\/blog\\\/\",\"logo\":{\"@type\":\"ImageObject\",\"inLanguage\":\"es\",\"@id\":\"https:\\\/\\\/www.motif.es\\\/blog\\\/#\\\/schema\\\/logo\\\/image\\\/\",\"url\":\"https:\\\/\\\/motif.es\\\/blog\\\/wp-content\\\/uploads\\\/2021\\\/06\\\/logo-motif.jpg\",\"contentUrl\":\"https:\\\/\\\/motif.es\\\/blog\\\/wp-content\\\/uploads\\\/2021\\\/06\\\/logo-motif.jpg\",\"width\":464,\"height\":464,\"caption\":\"Motif Wallpapers S.L.U.\"},\"image\":{\"@id\":\"https:\\\/\\\/www.motif.es\\\/blog\\\/#\\\/schema\\\/logo\\\/image\\\/\"},\"sameAs\":[\"https:\\\/\\\/www.facebook.com\\\/motifmorethanwalls\\\/\",\"https:\\\/\\\/www.instagram.com\\\/motif_es\\\/?hl=es\",\"https:\\\/\\\/www.pinterest.es\\\/motifwallpapers\\\/\",\"https:\\\/\\\/www.youtube.com\\\/channel\\\/UCNaOmbxD6LjcQNj4vmfVIUg\"]},{\"@type\":\"Person\",\"@id\":\"https:\\\/\\\/www.motif.es\\\/blog\\\/#\\\/schema\\\/person\\\/aac26ed80d8e02fb9525ec6b569d75e9\",\"name\":\"Comunicaci\u00f3n Motif\",\"image\":{\"@type\":\"ImageObject\",\"inLanguage\":\"es\",\"@id\":\"https:\\\/\\\/secure.gravatar.com\\\/avatar\\\/93b2fb49a03bd7a57b5f5e8c3b740113f14f25da86b090887d9353672de2d9b5?s=96&d=mm&r=g\",\"url\":\"https:\\\/\\\/secure.gravatar.com\\\/avatar\\\/93b2fb49a03bd7a57b5f5e8c3b740113f14f25da86b090887d9353672de2d9b5?s=96&d=mm&r=g\",\"contentUrl\":\"https:\\\/\\\/secure.gravatar.com\\\/avatar\\\/93b2fb49a03bd7a57b5f5e8c3b740113f14f25da86b090887d9353672de2d9b5?s=96&d=mm&r=g\",\"caption\":\"Comunicaci\u00f3n Motif\"},\"url\":\"https:\\\/\\\/www.motif.es\\\/blog\\\/author\\\/comunicacion\\\/\"}]}<\/script>\n<!-- \/ Yoast SEO plugin. -->","yoast_head_json":{"title":"Las Tendencias de Decoraci\u00f3n 2023 para Terrazas: Creando Oasis al Aire Libre - Blog Motif","description":"En el mundo de la decoraci\u00f3n y el dise\u00f1o del hogar, los espacios exteriores se han convertido cada vez m\u00e1s en una extensi\u00f3n de nuestras zonas de estar.","robots":{"index":"index","follow":"follow","max-snippet":"max-snippet:-1","max-image-preview":"max-image-preview:large","max-video-preview":"max-video-preview:-1"},"canonical":"https:\/\/www.motif.es\/blog\/las-tendencias-de-decoracion-2023-para-terrazas-creando-oasis-al-aire-libre\/","og_locale":"es_ES","og_type":"article","og_title":"Las Tendencias de Decoraci\u00f3n 2023 para Terrazas: Creando Oasis al Aire Libre - Blog Motif","og_description":"En el mundo de la decoraci\u00f3n y el dise\u00f1o del hogar, los espacios exteriores se han convertido cada vez m\u00e1s en una extensi\u00f3n de nuestras zonas de estar.","og_url":"https:\/\/www.motif.es\/blog\/las-tendencias-de-decoracion-2023-para-terrazas-creando-oasis-al-aire-libre\/","og_site_name":"Blog Motif","article_publisher":"https:\/\/www.facebook.com\/motifmorethanwalls\/","article_published_time":"2023-08-04T16:38:56+00:00","article_modified_time":"2023-08-21T16:59:03+00:00","og_image":[{"width":1000,"height":1000,"url":"https:\/\/www.motif.es\/blog\/wp-content\/uploads\/2023\/08\/alfombra-vinilica-alhambra-mar.jpg","type":"image\/jpeg"}],"author":"Comunicaci\u00f3n Motif","twitter_card":"summary_large_image","twitter_misc":{"Escrito por":"Comunicaci\u00f3n Motif","Tiempo de lectura":"4 minutos"},"schema":{"@context":"https:\/\/schema.org","@graph":[{"@type":"Article","@id":"https:\/\/www.motif.es\/blog\/las-tendencias-de-decoracion-2023-para-terrazas-creando-oasis-al-aire-libre\/#article","isPartOf":{"@id":"https:\/\/www.motif.es\/blog\/las-tendencias-de-decoracion-2023-para-terrazas-creando-oasis-al-aire-libre\/"},"author":{"name":"Comunicaci\u00f3n Motif","@id":"https:\/\/www.motif.es\/blog\/#\/schema\/person\/aac26ed80d8e02fb9525ec6b569d75e9"},"headline":"Las Tendencias de Decoraci\u00f3n 2023 para Terrazas: Creando Oasis al Aire Libre","datePublished":"2023-08-04T16:38:56+00:00","dateModified":"2023-08-21T16:59:03+00:00","mainEntityOfPage":{"@id":"https:\/\/www.motif.es\/blog\/las-tendencias-de-decoracion-2023-para-terrazas-creando-oasis-al-aire-libre\/"},"wordCount":736,"commentCount":0,"publisher":{"@id":"https:\/\/www.motif.es\/blog\/#organization"},"image":{"@id":"https:\/\/www.motif.es\/blog\/las-tendencias-de-decoracion-2023-para-terrazas-creando-oasis-al-aire-libre\/#primaryimage"},"thumbnailUrl":"https:\/\/www.motif.es\/blog\/wp-content\/uploads\/2023\/08\/alfombra-vinilica-alhambra-mar.jpg","articleSection":["insp\u00edrate","sobre alfombras vin\u00edlicas"],"inLanguage":"es","potentialAction":[{"@type":"CommentAction","name":"Comment","target":["https:\/\/www.motif.es\/blog\/las-tendencias-de-decoracion-2023-para-terrazas-creando-oasis-al-aire-libre\/#respond"]}]},{"@type":"WebPage","@id":"https:\/\/www.motif.es\/blog\/las-tendencias-de-decoracion-2023-para-terrazas-creando-oasis-al-aire-libre\/","url":"https:\/\/www.motif.es\/blog\/las-tendencias-de-decoracion-2023-para-terrazas-creando-oasis-al-aire-libre\/","name":"Las Tendencias de Decoraci\u00f3n 2023 para Terrazas: Creando Oasis al Aire Libre - Blog Motif","isPartOf":{"@id":"https:\/\/www.motif.es\/blog\/#website"},"primaryImageOfPage":{"@id":"https:\/\/www.motif.es\/blog\/las-tendencias-de-decoracion-2023-para-terrazas-creando-oasis-al-aire-libre\/#primaryimage"},"image":{"@id":"https:\/\/www.motif.es\/blog\/las-tendencias-de-decoracion-2023-para-terrazas-creando-oasis-al-aire-libre\/#primaryimage"},"thumbnailUrl":"https:\/\/www.motif.es\/blog\/wp-content\/uploads\/2023\/08\/alfombra-vinilica-alhambra-mar.jpg","datePublished":"2023-08-04T16:38:56+00:00","dateModified":"2023-08-21T16:59:03+00:00","description":"En el mundo de la decoraci\u00f3n y el dise\u00f1o del hogar, los espacios exteriores se han convertido cada vez m\u00e1s en una extensi\u00f3n de nuestras zonas de estar.","breadcrumb":{"@id":"https:\/\/www.motif.es\/blog\/las-tendencias-de-decoracion-2023-para-terrazas-creando-oasis-al-aire-libre\/#breadcrumb"},"inLanguage":"es","potentialAction":[{"@type":"ReadAction","target":["https:\/\/www.motif.es\/blog\/las-tendencias-de-decoracion-2023-para-terrazas-creando-oasis-al-aire-libre\/"]}]},{"@type":"ImageObject","inLanguage":"es","@id":"https:\/\/www.motif.es\/blog\/las-tendencias-de-decoracion-2023-para-terrazas-creando-oasis-al-aire-libre\/#primaryimage","url":"https:\/\/www.motif.es\/blog\/wp-content\/uploads\/2023\/08\/alfombra-vinilica-alhambra-mar.jpg","contentUrl":"https:\/\/www.motif.es\/blog\/wp-content\/uploads\/2023\/08\/alfombra-vinilica-alhambra-mar.jpg","width":1000,"height":1000},{"@type":"BreadcrumbList","@id":"https:\/\/www.motif.es\/blog\/las-tendencias-de-decoracion-2023-para-terrazas-creando-oasis-al-aire-libre\/#breadcrumb","itemListElement":[{"@type":"ListItem","position":1,"name":"Blog","item":"https:\/\/www.motif.es\/blog\/"},{"@type":"ListItem","position":2,"name":"insp\u00edrate","item":"https:\/\/www.motif.es\/blog\/category\/inspirate\/"},{"@type":"ListItem","position":3,"name":"Las Tendencias de Decoraci\u00f3n 2023 para Terrazas: Creando Oasis al Aire Libre"}]},{"@type":"WebSite","@id":"https:\/\/www.motif.es\/blog\/#website","url":"https:\/\/www.motif.es\/blog\/","name":"Blog Motif","description":"nuestro rinc\u00f3n para inspirarte","publisher":{"@id":"https:\/\/www.motif.es\/blog\/#organization"},"potentialAction":[{"@type":"SearchAction","target":{"@type":"EntryPoint","urlTemplate":"https:\/\/www.motif.es\/blog\/?s={search_term_string}"},"query-input":{"@type":"PropertyValueSpecification","valueRequired":true,"valueName":"search_term_string"}}],"inLanguage":"es"},{"@type":"Organization","@id":"https:\/\/www.motif.es\/blog\/#organization","name":"Motif Wallpapers S.L.U.","url":"https:\/\/www.motif.es\/blog\/","logo":{"@type":"ImageObject","inLanguage":"es","@id":"https:\/\/www.motif.es\/blog\/#\/schema\/logo\/image\/","url":"https:\/\/motif.es\/blog\/wp-content\/uploads\/2021\/06\/logo-motif.jpg","contentUrl":"https:\/\/motif.es\/blog\/wp-content\/uploads\/2021\/06\/logo-motif.jpg","width":464,"height":464,"caption":"Motif Wallpapers S.L.U."},"image":{"@id":"https:\/\/www.motif.es\/blog\/#\/schema\/logo\/image\/"},"sameAs":["https:\/\/www.facebook.com\/motifmorethanwalls\/","https:\/\/www.instagram.com\/motif_es\/?hl=es","https:\/\/www.pinterest.es\/motifwallpapers\/","https:\/\/www.youtube.com\/channel\/UCNaOmbxD6LjcQNj4vmfVIUg"]},{"@type":"Person","@id":"https:\/\/www.motif.es\/blog\/#\/schema\/person\/aac26ed80d8e02fb9525ec6b569d75e9","name":"Comunicaci\u00f3n Motif","image":{"@type":"ImageObject","inLanguage":"es","@id":"https:\/\/secure.gravatar.com\/avatar\/93b2fb49a03bd7a57b5f5e8c3b740113f14f25da86b090887d9353672de2d9b5?s=96&d=mm&r=g","url":"https:\/\/secure.gravatar.com\/avatar\/93b2fb49a03bd7a57b5f5e8c3b740113f14f25da86b090887d9353672de2d9b5?s=96&d=mm&r=g","contentUrl":"https:\/\/secure.gravatar.com\/avatar\/93b2fb49a03bd7a57b5f5e8c3b740113f14f25da86b090887d9353672de2d9b5?s=96&d=mm&r=g","caption":"Comunicaci\u00f3n Motif"},"url":"https:\/\/www.motif.es\/blog\/author\/comunicacion\/"}]}},"_links":{"self":[{"href":"https:\/\/www.motif.es\/blog\/wp-json\/wp\/v2\/posts\/2326","targetHints":{"allow":["GET"]}}],"collection":[{"href":"https:\/\/www.motif.es\/blog\/wp-json\/wp\/v2\/posts"}],"about":[{"href":"https:\/\/www.motif.es\/blog\/wp-json\/wp\/v2\/types\/post"}],"author":[{"embeddable":true,"href":"https:\/\/www.motif.es\/blog\/wp-json\/wp\/v2\/users\/2"}],"replies":[{"embeddable":true,"href":"https:\/\/www.motif.es\/blog\/wp-json\/wp\/v2\/comments?post=2326"}],"version-history":[{"count":1,"href":"https:\/\/www.motif.es\/blog\/wp-json\/wp\/v2\/posts\/2326\/revisions"}],"predecessor-version":[{"id":2331,"href":"https:\/\/www.motif.es\/blog\/wp-json\/wp\/v2\/posts\/2326\/revisions\/2331"}],"wp:featuredmedia":[{"embeddable":true,"href":"https:\/\/www.motif.es\/blog\/wp-json\/wp\/v2\/media\/2330"}],"wp:attachment":[{"href":"https:\/\/www.motif.es\/blog\/wp-json\/wp\/v2\/media?parent=2326"}],"wp:term":[{"taxonomy":"category","embeddable":true,"href":"https:\/\/www.motif.es\/blog\/wp-json\/wp\/v2\/categories?post=2326"},{"taxonomy":"post_tag","embeddable":true,"href":"https:\/\/www.motif.es\/blog\/wp-json\/wp\/v2\/tags?post=2326"}],"curies":[{"name":"wp","href":"https:\/\/api.w.org\/{rel}","templated":true}]}}