{"id":2390,"date":"2023-09-11T08:55:10","date_gmt":"2023-09-11T08:55:10","guid":{"rendered":"https:\/\/motif.es\/blog\/?p=2390"},"modified":"2023-09-15T09:09:49","modified_gmt":"2023-09-15T09:09:49","slug":"nuevos-arco-pintados-autoadhesivos-en-la-coleccion-infantil-de-motif","status":"publish","type":"post","link":"https:\/\/www.motif.es\/blog\/nuevos-arco-pintados-autoadhesivos-en-la-coleccion-infantil-de-motif\/","title":{"rendered":"Nuevos Arco Pintados Autoadhesivos en la Colecci\u00f3n Infantil de MOTIF"},"content":{"rendered":"<p>Cuando se trata de <strong>decorar habitaciones infantiles<\/strong>, encontrar el equilibrio perfecto entre funcionalidad y estilo puede ser un desaf\u00edo. En MOTIF comprendemos <a href=\"https:\/\/www.educapeques.com\/familia-y-ninos\/la-importancia-que-los-ninos-tengan-su-propio-espacio.html\" target=\"_blank\" rel=\"noopener\">la importancia de crear espacios<\/a> que no solo sean visualmente atractivos, sino tambi\u00e9n pr\u00e1cticos para los ni\u00f1os. Es por ello que con la &#8216;Vuelta al cole&#8217;, presentamos nuestra \u00faltima incorporaci\u00f3n a la colecci\u00f3n infantil: los <strong>nuevos arcos pintados autoadhesivos<\/strong>.<\/p>\n<h5>A\u00f1adiendo Encanto a las Habitaciones Infantiles<\/h5>\n<p>Los ni\u00f1os suelen tener una imaginaci\u00f3n desbordante y se sienten atra\u00eddos por dise\u00f1os caprichosos. Los <strong>nuevos arcos pintados autoadhesivos de MOTIF<\/strong> brindan un toque de magia a cualquier <strong>habitaci\u00f3n infantil<\/strong>, transform\u00e1ndola en un espacio lleno de asombro y creatividad.<\/p>\n<p style=\"text-align: center;\"><img loading=\"lazy\" decoding=\"async\" class=\"alignnone size-full wp-image-2392\" src=\"https:\/\/motif.es\/blog\/wp-content\/uploads\/2023\/09\/arco-pintado-autoadhesivo-mundo-dino-soft.jpg\" alt=\"\" width=\"1000\" height=\"1000\" srcset=\"https:\/\/www.motif.es\/blog\/wp-content\/uploads\/2023\/09\/arco-pintado-autoadhesivo-mundo-dino-soft.jpg 1000w, https:\/\/www.motif.es\/blog\/wp-content\/uploads\/2023\/09\/arco-pintado-autoadhesivo-mundo-dino-soft-300x300.jpg 300w, https:\/\/www.motif.es\/blog\/wp-content\/uploads\/2023\/09\/arco-pintado-autoadhesivo-mundo-dino-soft-150x150.jpg 150w, https:\/\/www.motif.es\/blog\/wp-content\/uploads\/2023\/09\/arco-pintado-autoadhesivo-mundo-dino-soft-768x768.jpg 768w, https:\/\/www.motif.es\/blog\/wp-content\/uploads\/2023\/09\/arco-pintado-autoadhesivo-mundo-dino-soft-400x400.jpg 400w, https:\/\/www.motif.es\/blog\/wp-content\/uploads\/2023\/09\/arco-pintado-autoadhesivo-mundo-dino-soft-96x96.jpg 96w\" sizes=\"auto, (max-width: 1000px) 100vw, 1000px\" \/><\/p>\n<p style=\"text-align: center;\"><em>Nuevo Arco Autoadhesivo &#8216;Mundo Dino Soft&#8217;<\/em><\/p>\n<p>Fabricados con materiales de alta calidad y cuidadosamente elaborados prestando atenci\u00f3n a los detalles, estos arcos no solo son est\u00e9ticamente agradables, sino tambi\u00e9n duraderos. Su respaldo autoadhesivo facilita la instalaci\u00f3n, eliminando la necesidad de clavos u otras herramientas que podr\u00edan da\u00f1ar las paredes. Es por ello que puedes conseguir una decoraci\u00f3n preciosa en cuesti\u00f3n de minutos.<\/p>\n<p style=\"text-align: center;\"><img loading=\"lazy\" decoding=\"async\" class=\"alignnone size-full wp-image-2393\" src=\"https:\/\/motif.es\/blog\/wp-content\/uploads\/2023\/09\/arco-pintado-autoadhesivo-lion.jpg\" alt=\"\" width=\"1000\" height=\"1000\" srcset=\"https:\/\/www.motif.es\/blog\/wp-content\/uploads\/2023\/09\/arco-pintado-autoadhesivo-lion.jpg 1000w, https:\/\/www.motif.es\/blog\/wp-content\/uploads\/2023\/09\/arco-pintado-autoadhesivo-lion-300x300.jpg 300w, https:\/\/www.motif.es\/blog\/wp-content\/uploads\/2023\/09\/arco-pintado-autoadhesivo-lion-150x150.jpg 150w, https:\/\/www.motif.es\/blog\/wp-content\/uploads\/2023\/09\/arco-pintado-autoadhesivo-lion-768x768.jpg 768w, https:\/\/www.motif.es\/blog\/wp-content\/uploads\/2023\/09\/arco-pintado-autoadhesivo-lion-400x400.jpg 400w, https:\/\/www.motif.es\/blog\/wp-content\/uploads\/2023\/09\/arco-pintado-autoadhesivo-lion-96x96.jpg 96w\" sizes=\"auto, (max-width: 1000px) 100vw, 1000px\" \/><\/p>\n<p style=\"text-align: center;\"><em>Nuevo arco pintado autoadhesivo \u00abLion\u00bb<\/em><\/p>\n<h5>Dise\u00f1os Audaces y Vers\u00e1tiles<\/h5>\n<p>La colecci\u00f3n cuenta con una amplia gama de dise\u00f1os para adaptarse a diferentes temas y preferencias. Desde alegres arco\u00edris hasta encantadores cuentos de hadas, hay un arco que complementa la personalidad e intereses \u00fanicos de cada ni\u00f1o. Estos dise\u00f1os est\u00e1n impresos con tintas seguras para los ni\u00f1os y no t\u00f3xicas, garantizando la seguridad de los m\u00e1s peque\u00f1os.<\/p>\n<p style=\"text-align: center;\"><img loading=\"lazy\" decoding=\"async\" class=\"alignnone size-full wp-image-2394\" src=\"https:\/\/motif.es\/blog\/wp-content\/uploads\/2023\/09\/arco-pintado-autoadhesivo-doni.jpg\" alt=\"\" width=\"1000\" height=\"1000\" srcset=\"https:\/\/www.motif.es\/blog\/wp-content\/uploads\/2023\/09\/arco-pintado-autoadhesivo-doni.jpg 1000w, https:\/\/www.motif.es\/blog\/wp-content\/uploads\/2023\/09\/arco-pintado-autoadhesivo-doni-300x300.jpg 300w, https:\/\/www.motif.es\/blog\/wp-content\/uploads\/2023\/09\/arco-pintado-autoadhesivo-doni-150x150.jpg 150w, https:\/\/www.motif.es\/blog\/wp-content\/uploads\/2023\/09\/arco-pintado-autoadhesivo-doni-768x768.jpg 768w, https:\/\/www.motif.es\/blog\/wp-content\/uploads\/2023\/09\/arco-pintado-autoadhesivo-doni-400x400.jpg 400w, https:\/\/www.motif.es\/blog\/wp-content\/uploads\/2023\/09\/arco-pintado-autoadhesivo-doni-96x96.jpg 96w\" sizes=\"auto, (max-width: 1000px) 100vw, 1000px\" \/><\/p>\n<p style=\"text-align: center;\"><em>Nuevo arco pintado autoadhesivo &#8216;Doni&#8217;<\/em><\/p>\n<p>MOTIF comprende que los gustos de los ni\u00f1os a menudo cambian a medida que crecen. Por eso, estos arcos pintados autoadhesivos est\u00e1n dise\u00f1ados para ser f\u00e1cilmente removibles. Esto significa que puedes <strong>renovar la habitaci\u00f3n de tu hijo<\/strong> sin la molestia de repintar o redecorar todo el espacio por completo.<\/p>\n<p style=\"text-align: center;\"><img loading=\"lazy\" decoding=\"async\" class=\"alignnone size-full wp-image-2395\" src=\"https:\/\/motif.es\/blog\/wp-content\/uploads\/2023\/09\/arco-pintado-autoadhesivo-swimmy.jpg\" alt=\"\" width=\"1000\" height=\"1000\" srcset=\"https:\/\/www.motif.es\/blog\/wp-content\/uploads\/2023\/09\/arco-pintado-autoadhesivo-swimmy.jpg 1000w, https:\/\/www.motif.es\/blog\/wp-content\/uploads\/2023\/09\/arco-pintado-autoadhesivo-swimmy-300x300.jpg 300w, https:\/\/www.motif.es\/blog\/wp-content\/uploads\/2023\/09\/arco-pintado-autoadhesivo-swimmy-150x150.jpg 150w, https:\/\/www.motif.es\/blog\/wp-content\/uploads\/2023\/09\/arco-pintado-autoadhesivo-swimmy-768x768.jpg 768w, https:\/\/www.motif.es\/blog\/wp-content\/uploads\/2023\/09\/arco-pintado-autoadhesivo-swimmy-400x400.jpg 400w, https:\/\/www.motif.es\/blog\/wp-content\/uploads\/2023\/09\/arco-pintado-autoadhesivo-swimmy-96x96.jpg 96w\" sizes=\"auto, (max-width: 1000px) 100vw, 1000px\" \/><\/p>\n<p style=\"text-align: center;\"><em>Nuevo arco pintado &#8216;Swimmy&#8217;<\/em><\/p>\n<h5>Despierta la Creatividad de tu Hijo<\/h5>\n<p>Adem\u00e1s de <strong>agregar estilo a la habitaci\u00f3n de tu hijo<\/strong>, los arcos pintados autoadhesivos de MOTIF animan a tu peque\u00f1o a desatar su imaginaci\u00f3n.<\/p>\n<p style=\"text-align: center;\"><img loading=\"lazy\" decoding=\"async\" class=\"alignnone size-full wp-image-2396\" src=\"https:\/\/motif.es\/blog\/wp-content\/uploads\/2023\/09\/arco-pintado-autoadhesivo-prehistoric.jpg\" alt=\"\" width=\"1000\" height=\"1000\" srcset=\"https:\/\/www.motif.es\/blog\/wp-content\/uploads\/2023\/09\/arco-pintado-autoadhesivo-prehistoric.jpg 1000w, https:\/\/www.motif.es\/blog\/wp-content\/uploads\/2023\/09\/arco-pintado-autoadhesivo-prehistoric-300x300.jpg 300w, https:\/\/www.motif.es\/blog\/wp-content\/uploads\/2023\/09\/arco-pintado-autoadhesivo-prehistoric-150x150.jpg 150w, https:\/\/www.motif.es\/blog\/wp-content\/uploads\/2023\/09\/arco-pintado-autoadhesivo-prehistoric-768x768.jpg 768w, https:\/\/www.motif.es\/blog\/wp-content\/uploads\/2023\/09\/arco-pintado-autoadhesivo-prehistoric-400x400.jpg 400w, https:\/\/www.motif.es\/blog\/wp-content\/uploads\/2023\/09\/arco-pintado-autoadhesivo-prehistoric-96x96.jpg 96w\" sizes=\"auto, (max-width: 1000px) 100vw, 1000px\" \/><\/p>\n<p style=\"text-align: center;\"><em>Arco pintado autoadhesivo &#8216;Prehistoric&#8217;<\/em><\/p>\n<p>Adem\u00e1s, puedes <strong>involucrar a tu hijo en el proceso de decoraci\u00f3n de su habitaci\u00f3n o espacio de juego<\/strong>, creando un espacio que verdaderamente refleja su personalidad y fomenta su esp\u00edritu creativo.<\/p>\n<h5>La Habitaci\u00f3n de Ensue\u00f1o de tu Hijo est\u00e1 a solo un Paso de Distancia<\/h5>\n<p>Los <strong>nuevos arcos pintados autoadhesivos<\/strong> de MOTIF ofrecen una forma simple pero efectiva de <strong>transformar la habitaci\u00f3n de tu hijo en su espacio de ensue\u00f1o<\/strong>. Con distintas gamas de colores, materiales duraderos y dise\u00f1os vers\u00e1tiles, estos arcos agregan sin esfuerzo un toque de magia y capricho a cualquier habitaci\u00f3n infantil.<\/p>\n<p style=\"text-align: center;\"><img loading=\"lazy\" decoding=\"async\" class=\"alignnone size-full wp-image-2397\" src=\"https:\/\/motif.es\/blog\/wp-content\/uploads\/2023\/09\/arco-pintado-autoadhesivo-t-rex.jpg\" alt=\"\" width=\"1000\" height=\"1000\" srcset=\"https:\/\/www.motif.es\/blog\/wp-content\/uploads\/2023\/09\/arco-pintado-autoadhesivo-t-rex.jpg 1000w, https:\/\/www.motif.es\/blog\/wp-content\/uploads\/2023\/09\/arco-pintado-autoadhesivo-t-rex-300x300.jpg 300w, https:\/\/www.motif.es\/blog\/wp-content\/uploads\/2023\/09\/arco-pintado-autoadhesivo-t-rex-150x150.jpg 150w, https:\/\/www.motif.es\/blog\/wp-content\/uploads\/2023\/09\/arco-pintado-autoadhesivo-t-rex-768x768.jpg 768w, https:\/\/www.motif.es\/blog\/wp-content\/uploads\/2023\/09\/arco-pintado-autoadhesivo-t-rex-400x400.jpg 400w, https:\/\/www.motif.es\/blog\/wp-content\/uploads\/2023\/09\/arco-pintado-autoadhesivo-t-rex-96x96.jpg 96w\" sizes=\"auto, (max-width: 1000px) 100vw, 1000px\" \/><em>Nuevo arco pintado autoadhesivo &#8216;T-Rex&#8217;<\/em><\/p>\n<p>\u00a1Adquiere tus propios <strong>arcos pintados autoadhesivos de MOTIF<\/strong> y emprende un viaje de decoraci\u00f3n que seguramente inspirar\u00e1 a tu hijo y har\u00e1 que su habitaci\u00f3n luzca extraordinaria!<\/p>\n<p>Puedes ver todos los nuevos dise\u00f1os <a href=\"https:\/\/www.motif.es\/167-arcos-y-circulos-pintados-autoadhesivos?page=1\" target=\"_blank\" rel=\"noopener\">aqu\u00ed<\/a>.<\/p>\n","protected":false},"excerpt":{"rendered":"<p>Cuando se trata de decorar habitaciones infantiles, encontrar el equilibrio perfecto entre funcionalidad y estilo puede ser un desaf\u00edo. En MOTIF comprendemos la importancia de crear espacios que no solo sean visualmente atractivos, sino tambi\u00e9n pr\u00e1cticos para los ni\u00f1os. Es por ello que con la &#8216;Vuelta al cole&#8217;, presentamos nuestra \u00faltima incorporaci\u00f3n a la colecci\u00f3n [&#8230;]<\/p>\n","protected":false},"author":2,"featured_media":2393,"comment_status":"open","ping_status":"open","sticky":false,"template":"","format":"standard","meta":{"_acf_changed":false,"footnotes":""},"categories":[9,24],"tags":[],"class_list":["post-2390","post","type-post","status-publish","format-standard","has-post-thumbnail","hentry","category-inspirate","category-sobre-arcos-y-circulos-para-pared"],"acf":[],"yoast_head":"<!-- This site is optimized with the Yoast SEO plugin v27.5 - https:\/\/yoast.com\/product\/yoast-seo-wordpress\/ -->\n<title>Nuevos Arco Pintados Autoadhesivos en la Colecci\u00f3n Infantil de MOTIF - Blog Motif<\/title>\n<meta name=\"description\" content=\"Cuando se trata de decorar habitaciones infantiles, encontrar el equilibrio perfecto entre funcionalidad y estilo puede ser un desaf\u00edo. En MOTIF\" \/>\n<meta name=\"robots\" content=\"index, follow, max-snippet:-1, max-image-preview:large, max-video-preview:-1\" \/>\n<link rel=\"canonical\" href=\"https:\/\/www.motif.es\/blog\/nuevos-arco-pintados-autoadhesivos-en-la-coleccion-infantil-de-motif\/\" \/>\n<meta property=\"og:locale\" content=\"es_ES\" \/>\n<meta property=\"og:type\" content=\"article\" \/>\n<meta property=\"og:title\" content=\"Nuevos Arco Pintados Autoadhesivos en la Colecci\u00f3n Infantil de MOTIF - Blog Motif\" \/>\n<meta property=\"og:description\" content=\"Cuando se trata de decorar habitaciones infantiles, encontrar el equilibrio perfecto entre funcionalidad y estilo puede ser un desaf\u00edo. En MOTIF\" \/>\n<meta property=\"og:url\" content=\"https:\/\/www.motif.es\/blog\/nuevos-arco-pintados-autoadhesivos-en-la-coleccion-infantil-de-motif\/\" \/>\n<meta property=\"og:site_name\" content=\"Blog Motif\" \/>\n<meta property=\"article:publisher\" content=\"https:\/\/www.facebook.com\/motifmorethanwalls\/\" \/>\n<meta property=\"article:published_time\" content=\"2023-09-11T08:55:10+00:00\" \/>\n<meta property=\"article:modified_time\" content=\"2023-09-15T09:09:49+00:00\" \/>\n<meta property=\"og:image\" content=\"https:\/\/www.motif.es\/blog\/wp-content\/uploads\/2023\/09\/arco-pintado-autoadhesivo-lion.jpg\" \/>\n\t<meta property=\"og:image:width\" content=\"1000\" \/>\n\t<meta property=\"og:image:height\" content=\"1000\" \/>\n\t<meta property=\"og:image:type\" content=\"image\/jpeg\" \/>\n<meta name=\"author\" content=\"Comunicaci\u00f3n Motif\" \/>\n<meta name=\"twitter:card\" content=\"summary_large_image\" \/>\n<meta name=\"twitter:label1\" content=\"Escrito por\" \/>\n\t<meta name=\"twitter:data1\" content=\"Comunicaci\u00f3n Motif\" \/>\n\t<meta name=\"twitter:label2\" content=\"Tiempo de lectura\" \/>\n\t<meta name=\"twitter:data2\" content=\"4 minutos\" \/>\n<script type=\"application\/ld+json\" class=\"yoast-schema-graph\">{\"@context\":\"https:\\\/\\\/schema.org\",\"@graph\":[{\"@type\":\"Article\",\"@id\":\"https:\\\/\\\/www.motif.es\\\/blog\\\/nuevos-arco-pintados-autoadhesivos-en-la-coleccion-infantil-de-motif\\\/#article\",\"isPartOf\":{\"@id\":\"https:\\\/\\\/www.motif.es\\\/blog\\\/nuevos-arco-pintados-autoadhesivos-en-la-coleccion-infantil-de-motif\\\/\"},\"author\":{\"name\":\"Comunicaci\u00f3n Motif\",\"@id\":\"https:\\\/\\\/www.motif.es\\\/blog\\\/#\\\/schema\\\/person\\\/aac26ed80d8e02fb9525ec6b569d75e9\"},\"headline\":\"Nuevos Arco Pintados Autoadhesivos en la Colecci\u00f3n Infantil de MOTIF\",\"datePublished\":\"2023-09-11T08:55:10+00:00\",\"dateModified\":\"2023-09-15T09:09:49+00:00\",\"mainEntityOfPage\":{\"@id\":\"https:\\\/\\\/www.motif.es\\\/blog\\\/nuevos-arco-pintados-autoadhesivos-en-la-coleccion-infantil-de-motif\\\/\"},\"wordCount\":527,\"commentCount\":0,\"publisher\":{\"@id\":\"https:\\\/\\\/www.motif.es\\\/blog\\\/#organization\"},\"image\":{\"@id\":\"https:\\\/\\\/www.motif.es\\\/blog\\\/nuevos-arco-pintados-autoadhesivos-en-la-coleccion-infantil-de-motif\\\/#primaryimage\"},\"thumbnailUrl\":\"https:\\\/\\\/www.motif.es\\\/blog\\\/wp-content\\\/uploads\\\/2023\\\/09\\\/arco-pintado-autoadhesivo-lion.jpg\",\"articleSection\":[\"insp\u00edrate\",\"sobre arcos y c\u00edrculos para pared\"],\"inLanguage\":\"es\",\"potentialAction\":[{\"@type\":\"CommentAction\",\"name\":\"Comment\",\"target\":[\"https:\\\/\\\/www.motif.es\\\/blog\\\/nuevos-arco-pintados-autoadhesivos-en-la-coleccion-infantil-de-motif\\\/#respond\"]}]},{\"@type\":\"WebPage\",\"@id\":\"https:\\\/\\\/www.motif.es\\\/blog\\\/nuevos-arco-pintados-autoadhesivos-en-la-coleccion-infantil-de-motif\\\/\",\"url\":\"https:\\\/\\\/www.motif.es\\\/blog\\\/nuevos-arco-pintados-autoadhesivos-en-la-coleccion-infantil-de-motif\\\/\",\"name\":\"Nuevos Arco Pintados Autoadhesivos en la Colecci\u00f3n Infantil de MOTIF - Blog Motif\",\"isPartOf\":{\"@id\":\"https:\\\/\\\/www.motif.es\\\/blog\\\/#website\"},\"primaryImageOfPage\":{\"@id\":\"https:\\\/\\\/www.motif.es\\\/blog\\\/nuevos-arco-pintados-autoadhesivos-en-la-coleccion-infantil-de-motif\\\/#primaryimage\"},\"image\":{\"@id\":\"https:\\\/\\\/www.motif.es\\\/blog\\\/nuevos-arco-pintados-autoadhesivos-en-la-coleccion-infantil-de-motif\\\/#primaryimage\"},\"thumbnailUrl\":\"https:\\\/\\\/www.motif.es\\\/blog\\\/wp-content\\\/uploads\\\/2023\\\/09\\\/arco-pintado-autoadhesivo-lion.jpg\",\"datePublished\":\"2023-09-11T08:55:10+00:00\",\"dateModified\":\"2023-09-15T09:09:49+00:00\",\"description\":\"Cuando se trata de decorar habitaciones infantiles, encontrar el equilibrio perfecto entre funcionalidad y estilo puede ser un desaf\u00edo. En MOTIF\",\"breadcrumb\":{\"@id\":\"https:\\\/\\\/www.motif.es\\\/blog\\\/nuevos-arco-pintados-autoadhesivos-en-la-coleccion-infantil-de-motif\\\/#breadcrumb\"},\"inLanguage\":\"es\",\"potentialAction\":[{\"@type\":\"ReadAction\",\"target\":[\"https:\\\/\\\/www.motif.es\\\/blog\\\/nuevos-arco-pintados-autoadhesivos-en-la-coleccion-infantil-de-motif\\\/\"]}]},{\"@type\":\"ImageObject\",\"inLanguage\":\"es\",\"@id\":\"https:\\\/\\\/www.motif.es\\\/blog\\\/nuevos-arco-pintados-autoadhesivos-en-la-coleccion-infantil-de-motif\\\/#primaryimage\",\"url\":\"https:\\\/\\\/www.motif.es\\\/blog\\\/wp-content\\\/uploads\\\/2023\\\/09\\\/arco-pintado-autoadhesivo-lion.jpg\",\"contentUrl\":\"https:\\\/\\\/www.motif.es\\\/blog\\\/wp-content\\\/uploads\\\/2023\\\/09\\\/arco-pintado-autoadhesivo-lion.jpg\",\"width\":1000,\"height\":1000},{\"@type\":\"BreadcrumbList\",\"@id\":\"https:\\\/\\\/www.motif.es\\\/blog\\\/nuevos-arco-pintados-autoadhesivos-en-la-coleccion-infantil-de-motif\\\/#breadcrumb\",\"itemListElement\":[{\"@type\":\"ListItem\",\"position\":1,\"name\":\"Blog\",\"item\":\"https:\\\/\\\/www.motif.es\\\/blog\\\/\"},{\"@type\":\"ListItem\",\"position\":2,\"name\":\"sobre arcos y c\u00edrculos para pared\",\"item\":\"https:\\\/\\\/www.motif.es\\\/blog\\\/category\\\/sobre-arcos-y-circulos-para-pared\\\/\"},{\"@type\":\"ListItem\",\"position\":3,\"name\":\"Nuevos Arco Pintados Autoadhesivos en la Colecci\u00f3n Infantil de MOTIF\"}]},{\"@type\":\"WebSite\",\"@id\":\"https:\\\/\\\/www.motif.es\\\/blog\\\/#website\",\"url\":\"https:\\\/\\\/www.motif.es\\\/blog\\\/\",\"name\":\"Blog Motif\",\"description\":\"nuestro rinc\u00f3n para inspirarte\",\"publisher\":{\"@id\":\"https:\\\/\\\/www.motif.es\\\/blog\\\/#organization\"},\"potentialAction\":[{\"@type\":\"SearchAction\",\"target\":{\"@type\":\"EntryPoint\",\"urlTemplate\":\"https:\\\/\\\/www.motif.es\\\/blog\\\/?s={search_term_string}\"},\"query-input\":{\"@type\":\"PropertyValueSpecification\",\"valueRequired\":true,\"valueName\":\"search_term_string\"}}],\"inLanguage\":\"es\"},{\"@type\":\"Organization\",\"@id\":\"https:\\\/\\\/www.motif.es\\\/blog\\\/#organization\",\"name\":\"Motif Wallpapers S.L.U.\",\"url\":\"https:\\\/\\\/www.motif.es\\\/blog\\\/\",\"logo\":{\"@type\":\"ImageObject\",\"inLanguage\":\"es\",\"@id\":\"https:\\\/\\\/www.motif.es\\\/blog\\\/#\\\/schema\\\/logo\\\/image\\\/\",\"url\":\"https:\\\/\\\/motif.es\\\/blog\\\/wp-content\\\/uploads\\\/2021\\\/06\\\/logo-motif.jpg\",\"contentUrl\":\"https:\\\/\\\/motif.es\\\/blog\\\/wp-content\\\/uploads\\\/2021\\\/06\\\/logo-motif.jpg\",\"width\":464,\"height\":464,\"caption\":\"Motif Wallpapers S.L.U.\"},\"image\":{\"@id\":\"https:\\\/\\\/www.motif.es\\\/blog\\\/#\\\/schema\\\/logo\\\/image\\\/\"},\"sameAs\":[\"https:\\\/\\\/www.facebook.com\\\/motifmorethanwalls\\\/\",\"https:\\\/\\\/www.instagram.com\\\/motif_es\\\/?hl=es\",\"https:\\\/\\\/www.pinterest.es\\\/motifwallpapers\\\/\",\"https:\\\/\\\/www.youtube.com\\\/channel\\\/UCNaOmbxD6LjcQNj4vmfVIUg\"]},{\"@type\":\"Person\",\"@id\":\"https:\\\/\\\/www.motif.es\\\/blog\\\/#\\\/schema\\\/person\\\/aac26ed80d8e02fb9525ec6b569d75e9\",\"name\":\"Comunicaci\u00f3n Motif\",\"image\":{\"@type\":\"ImageObject\",\"inLanguage\":\"es\",\"@id\":\"https:\\\/\\\/secure.gravatar.com\\\/avatar\\\/93b2fb49a03bd7a57b5f5e8c3b740113f14f25da86b090887d9353672de2d9b5?s=96&d=mm&r=g\",\"url\":\"https:\\\/\\\/secure.gravatar.com\\\/avatar\\\/93b2fb49a03bd7a57b5f5e8c3b740113f14f25da86b090887d9353672de2d9b5?s=96&d=mm&r=g\",\"contentUrl\":\"https:\\\/\\\/secure.gravatar.com\\\/avatar\\\/93b2fb49a03bd7a57b5f5e8c3b740113f14f25da86b090887d9353672de2d9b5?s=96&d=mm&r=g\",\"caption\":\"Comunicaci\u00f3n Motif\"},\"url\":\"https:\\\/\\\/www.motif.es\\\/blog\\\/author\\\/comunicacion\\\/\"}]}<\/script>\n<!-- \/ Yoast SEO plugin. -->","yoast_head_json":{"title":"Nuevos Arco Pintados Autoadhesivos en la Colecci\u00f3n Infantil de MOTIF - Blog Motif","description":"Cuando se trata de decorar habitaciones infantiles, encontrar el equilibrio perfecto entre funcionalidad y estilo puede ser un desaf\u00edo. En MOTIF","robots":{"index":"index","follow":"follow","max-snippet":"max-snippet:-1","max-image-preview":"max-image-preview:large","max-video-preview":"max-video-preview:-1"},"canonical":"https:\/\/www.motif.es\/blog\/nuevos-arco-pintados-autoadhesivos-en-la-coleccion-infantil-de-motif\/","og_locale":"es_ES","og_type":"article","og_title":"Nuevos Arco Pintados Autoadhesivos en la Colecci\u00f3n Infantil de MOTIF - Blog Motif","og_description":"Cuando se trata de decorar habitaciones infantiles, encontrar el equilibrio perfecto entre funcionalidad y estilo puede ser un desaf\u00edo. En MOTIF","og_url":"https:\/\/www.motif.es\/blog\/nuevos-arco-pintados-autoadhesivos-en-la-coleccion-infantil-de-motif\/","og_site_name":"Blog Motif","article_publisher":"https:\/\/www.facebook.com\/motifmorethanwalls\/","article_published_time":"2023-09-11T08:55:10+00:00","article_modified_time":"2023-09-15T09:09:49+00:00","og_image":[{"width":1000,"height":1000,"url":"https:\/\/www.motif.es\/blog\/wp-content\/uploads\/2023\/09\/arco-pintado-autoadhesivo-lion.jpg","type":"image\/jpeg"}],"author":"Comunicaci\u00f3n Motif","twitter_card":"summary_large_image","twitter_misc":{"Escrito por":"Comunicaci\u00f3n Motif","Tiempo de lectura":"4 minutos"},"schema":{"@context":"https:\/\/schema.org","@graph":[{"@type":"Article","@id":"https:\/\/www.motif.es\/blog\/nuevos-arco-pintados-autoadhesivos-en-la-coleccion-infantil-de-motif\/#article","isPartOf":{"@id":"https:\/\/www.motif.es\/blog\/nuevos-arco-pintados-autoadhesivos-en-la-coleccion-infantil-de-motif\/"},"author":{"name":"Comunicaci\u00f3n Motif","@id":"https:\/\/www.motif.es\/blog\/#\/schema\/person\/aac26ed80d8e02fb9525ec6b569d75e9"},"headline":"Nuevos Arco Pintados Autoadhesivos en la Colecci\u00f3n Infantil de MOTIF","datePublished":"2023-09-11T08:55:10+00:00","dateModified":"2023-09-15T09:09:49+00:00","mainEntityOfPage":{"@id":"https:\/\/www.motif.es\/blog\/nuevos-arco-pintados-autoadhesivos-en-la-coleccion-infantil-de-motif\/"},"wordCount":527,"commentCount":0,"publisher":{"@id":"https:\/\/www.motif.es\/blog\/#organization"},"image":{"@id":"https:\/\/www.motif.es\/blog\/nuevos-arco-pintados-autoadhesivos-en-la-coleccion-infantil-de-motif\/#primaryimage"},"thumbnailUrl":"https:\/\/www.motif.es\/blog\/wp-content\/uploads\/2023\/09\/arco-pintado-autoadhesivo-lion.jpg","articleSection":["insp\u00edrate","sobre arcos y c\u00edrculos para pared"],"inLanguage":"es","potentialAction":[{"@type":"CommentAction","name":"Comment","target":["https:\/\/www.motif.es\/blog\/nuevos-arco-pintados-autoadhesivos-en-la-coleccion-infantil-de-motif\/#respond"]}]},{"@type":"WebPage","@id":"https:\/\/www.motif.es\/blog\/nuevos-arco-pintados-autoadhesivos-en-la-coleccion-infantil-de-motif\/","url":"https:\/\/www.motif.es\/blog\/nuevos-arco-pintados-autoadhesivos-en-la-coleccion-infantil-de-motif\/","name":"Nuevos Arco Pintados Autoadhesivos en la Colecci\u00f3n Infantil de MOTIF - Blog Motif","isPartOf":{"@id":"https:\/\/www.motif.es\/blog\/#website"},"primaryImageOfPage":{"@id":"https:\/\/www.motif.es\/blog\/nuevos-arco-pintados-autoadhesivos-en-la-coleccion-infantil-de-motif\/#primaryimage"},"image":{"@id":"https:\/\/www.motif.es\/blog\/nuevos-arco-pintados-autoadhesivos-en-la-coleccion-infantil-de-motif\/#primaryimage"},"thumbnailUrl":"https:\/\/www.motif.es\/blog\/wp-content\/uploads\/2023\/09\/arco-pintado-autoadhesivo-lion.jpg","datePublished":"2023-09-11T08:55:10+00:00","dateModified":"2023-09-15T09:09:49+00:00","description":"Cuando se trata de decorar habitaciones infantiles, encontrar el equilibrio perfecto entre funcionalidad y estilo puede ser un desaf\u00edo. En MOTIF","breadcrumb":{"@id":"https:\/\/www.motif.es\/blog\/nuevos-arco-pintados-autoadhesivos-en-la-coleccion-infantil-de-motif\/#breadcrumb"},"inLanguage":"es","potentialAction":[{"@type":"ReadAction","target":["https:\/\/www.motif.es\/blog\/nuevos-arco-pintados-autoadhesivos-en-la-coleccion-infantil-de-motif\/"]}]},{"@type":"ImageObject","inLanguage":"es","@id":"https:\/\/www.motif.es\/blog\/nuevos-arco-pintados-autoadhesivos-en-la-coleccion-infantil-de-motif\/#primaryimage","url":"https:\/\/www.motif.es\/blog\/wp-content\/uploads\/2023\/09\/arco-pintado-autoadhesivo-lion.jpg","contentUrl":"https:\/\/www.motif.es\/blog\/wp-content\/uploads\/2023\/09\/arco-pintado-autoadhesivo-lion.jpg","width":1000,"height":1000},{"@type":"BreadcrumbList","@id":"https:\/\/www.motif.es\/blog\/nuevos-arco-pintados-autoadhesivos-en-la-coleccion-infantil-de-motif\/#breadcrumb","itemListElement":[{"@type":"ListItem","position":1,"name":"Blog","item":"https:\/\/www.motif.es\/blog\/"},{"@type":"ListItem","position":2,"name":"sobre arcos y c\u00edrculos para pared","item":"https:\/\/www.motif.es\/blog\/category\/sobre-arcos-y-circulos-para-pared\/"},{"@type":"ListItem","position":3,"name":"Nuevos Arco Pintados Autoadhesivos en la Colecci\u00f3n Infantil de MOTIF"}]},{"@type":"WebSite","@id":"https:\/\/www.motif.es\/blog\/#website","url":"https:\/\/www.motif.es\/blog\/","name":"Blog Motif","description":"nuestro rinc\u00f3n para inspirarte","publisher":{"@id":"https:\/\/www.motif.es\/blog\/#organization"},"potentialAction":[{"@type":"SearchAction","target":{"@type":"EntryPoint","urlTemplate":"https:\/\/www.motif.es\/blog\/?s={search_term_string}"},"query-input":{"@type":"PropertyValueSpecification","valueRequired":true,"valueName":"search_term_string"}}],"inLanguage":"es"},{"@type":"Organization","@id":"https:\/\/www.motif.es\/blog\/#organization","name":"Motif Wallpapers S.L.U.","url":"https:\/\/www.motif.es\/blog\/","logo":{"@type":"ImageObject","inLanguage":"es","@id":"https:\/\/www.motif.es\/blog\/#\/schema\/logo\/image\/","url":"https:\/\/motif.es\/blog\/wp-content\/uploads\/2021\/06\/logo-motif.jpg","contentUrl":"https:\/\/motif.es\/blog\/wp-content\/uploads\/2021\/06\/logo-motif.jpg","width":464,"height":464,"caption":"Motif Wallpapers S.L.U."},"image":{"@id":"https:\/\/www.motif.es\/blog\/#\/schema\/logo\/image\/"},"sameAs":["https:\/\/www.facebook.com\/motifmorethanwalls\/","https:\/\/www.instagram.com\/motif_es\/?hl=es","https:\/\/www.pinterest.es\/motifwallpapers\/","https:\/\/www.youtube.com\/channel\/UCNaOmbxD6LjcQNj4vmfVIUg"]},{"@type":"Person","@id":"https:\/\/www.motif.es\/blog\/#\/schema\/person\/aac26ed80d8e02fb9525ec6b569d75e9","name":"Comunicaci\u00f3n Motif","image":{"@type":"ImageObject","inLanguage":"es","@id":"https:\/\/secure.gravatar.com\/avatar\/93b2fb49a03bd7a57b5f5e8c3b740113f14f25da86b090887d9353672de2d9b5?s=96&d=mm&r=g","url":"https:\/\/secure.gravatar.com\/avatar\/93b2fb49a03bd7a57b5f5e8c3b740113f14f25da86b090887d9353672de2d9b5?s=96&d=mm&r=g","contentUrl":"https:\/\/secure.gravatar.com\/avatar\/93b2fb49a03bd7a57b5f5e8c3b740113f14f25da86b090887d9353672de2d9b5?s=96&d=mm&r=g","caption":"Comunicaci\u00f3n Motif"},"url":"https:\/\/www.motif.es\/blog\/author\/comunicacion\/"}]}},"_links":{"self":[{"href":"https:\/\/www.motif.es\/blog\/wp-json\/wp\/v2\/posts\/2390","targetHints":{"allow":["GET"]}}],"collection":[{"href":"https:\/\/www.motif.es\/blog\/wp-json\/wp\/v2\/posts"}],"about":[{"href":"https:\/\/www.motif.es\/blog\/wp-json\/wp\/v2\/types\/post"}],"author":[{"embeddable":true,"href":"https:\/\/www.motif.es\/blog\/wp-json\/wp\/v2\/users\/2"}],"replies":[{"embeddable":true,"href":"https:\/\/www.motif.es\/blog\/wp-json\/wp\/v2\/comments?post=2390"}],"version-history":[{"count":1,"href":"https:\/\/www.motif.es\/blog\/wp-json\/wp\/v2\/posts\/2390\/revisions"}],"predecessor-version":[{"id":2398,"href":"https:\/\/www.motif.es\/blog\/wp-json\/wp\/v2\/posts\/2390\/revisions\/2398"}],"wp:featuredmedia":[{"embeddable":true,"href":"https:\/\/www.motif.es\/blog\/wp-json\/wp\/v2\/media\/2393"}],"wp:attachment":[{"href":"https:\/\/www.motif.es\/blog\/wp-json\/wp\/v2\/media?parent=2390"}],"wp:term":[{"taxonomy":"category","embeddable":true,"href":"https:\/\/www.motif.es\/blog\/wp-json\/wp\/v2\/categories?post=2390"},{"taxonomy":"post_tag","embeddable":true,"href":"https:\/\/www.motif.es\/blog\/wp-json\/wp\/v2\/tags?post=2390"}],"curies":[{"name":"wp","href":"https:\/\/api.w.org\/{rel}","templated":true}]}}