{"id":2399,"date":"2023-09-13T09:19:52","date_gmt":"2023-09-13T09:19:52","guid":{"rendered":"https:\/\/motif.es\/blog\/?p=2399"},"modified":"2023-09-15T09:35:55","modified_gmt":"2023-09-15T09:35:55","slug":"mas-novedades-motif-llegan-nuevos-planificadores-de-pared","status":"publish","type":"post","link":"https:\/\/www.motif.es\/blog\/mas-novedades-motif-llegan-nuevos-planificadores-de-pared\/","title":{"rendered":"M\u00e1s Novedades MOTIF: Llegan Nuevos Planificadores de Pared"},"content":{"rendered":"<p><strong>Planificar y organizar nuestras tareas diarias<\/strong> es esencial para llevar una vida productiva y eficiente. Con la introducci\u00f3n del \u00faltimo lanzamiento de MOTIF, nuestras opciones de planificadores y organizaci\u00f3n se han ampliado. En MOTIF hemos lanzado recientemente una <strong>nuevos dise\u00f1os dentro de nuestra gama de planificadores de pared<\/strong>, que se suman a los que ya ten\u00edamos.<\/p>\n<p style=\"text-align: center;\"><img loading=\"lazy\" decoding=\"async\" class=\"alignnone size-full wp-image-2401\" src=\"https:\/\/motif.es\/blog\/wp-content\/uploads\/2023\/09\/planificador-de-pared-mensual-onna.jpg\" alt=\"\" width=\"1000\" height=\"1000\" srcset=\"https:\/\/www.motif.es\/blog\/wp-content\/uploads\/2023\/09\/planificador-de-pared-mensual-onna.jpg 1000w, https:\/\/www.motif.es\/blog\/wp-content\/uploads\/2023\/09\/planificador-de-pared-mensual-onna-300x300.jpg 300w, https:\/\/www.motif.es\/blog\/wp-content\/uploads\/2023\/09\/planificador-de-pared-mensual-onna-150x150.jpg 150w, https:\/\/www.motif.es\/blog\/wp-content\/uploads\/2023\/09\/planificador-de-pared-mensual-onna-768x768.jpg 768w, https:\/\/www.motif.es\/blog\/wp-content\/uploads\/2023\/09\/planificador-de-pared-mensual-onna-400x400.jpg 400w, https:\/\/www.motif.es\/blog\/wp-content\/uploads\/2023\/09\/planificador-de-pared-mensual-onna-96x96.jpg 96w\" sizes=\"auto, (max-width: 1000px) 100vw, 1000px\" \/><\/p>\n<p style=\"text-align: center;\"><em>Nuevo planificador de pared mensual &#8216;ONNA&#8217;<\/em><\/p>\n<h5>Nuevos Planificadores de Pared de MOTIF<\/h5>\n<p>Dise\u00f1ados para mejorar la productividad y dar estilo a cualquier espacio de trabajo, cocina, despacho o donde quieras, los planificadores de pared de MOTIF son una excelente adici\u00f3n a su l\u00ednea existente. La nueva gama ofrece una variedad de opciones para adaptarse a diferentes necesidades y preferencias, asegurando que encuentres la soluci\u00f3n perfecta para planificar tus d\u00edas, semanas y meses. Con ellos podr\u00e1s planificar tu semana, repartir tareas en casa, tener a la vista la lista de la compra, o componer tu men\u00fa semanal.<\/p>\n<p style=\"text-align: center;\"><img loading=\"lazy\" decoding=\"async\" class=\"alignnone size-full wp-image-2402\" src=\"https:\/\/motif.es\/blog\/wp-content\/uploads\/2023\/09\/planificador-de-pared-menu-semanal-noelia.jpg\" alt=\"\" width=\"1000\" height=\"1000\" srcset=\"https:\/\/www.motif.es\/blog\/wp-content\/uploads\/2023\/09\/planificador-de-pared-menu-semanal-noelia.jpg 1000w, https:\/\/www.motif.es\/blog\/wp-content\/uploads\/2023\/09\/planificador-de-pared-menu-semanal-noelia-300x300.jpg 300w, https:\/\/www.motif.es\/blog\/wp-content\/uploads\/2023\/09\/planificador-de-pared-menu-semanal-noelia-150x150.jpg 150w, https:\/\/www.motif.es\/blog\/wp-content\/uploads\/2023\/09\/planificador-de-pared-menu-semanal-noelia-768x768.jpg 768w, https:\/\/www.motif.es\/blog\/wp-content\/uploads\/2023\/09\/planificador-de-pared-menu-semanal-noelia-400x400.jpg 400w, https:\/\/www.motif.es\/blog\/wp-content\/uploads\/2023\/09\/planificador-de-pared-menu-semanal-noelia-96x96.jpg 96w\" sizes=\"auto, (max-width: 1000px) 100vw, 1000px\" \/><\/p>\n<p style=\"text-align: center;\"><em>Nuevo planificador de pared semanal &#8216;NOELIA&#8217;<\/em><\/p>\n<p>Ya seas estudiante, profesional o una persona ocupada en casa,<strong> los planificadores de pared de MOTIF proporcionan una herramienta visualmente atractiva y altamente funcional<\/strong> para mantener organizadas tus tareas y citas. Estos planificadores est\u00e1n dise\u00f1ados con gran atenci\u00f3n al detalle para satisfacer los diversos requisitos de las personas.<\/p>\n<h5>Mantente Organizado con los Planificadores de Pared de MOTIF<\/h5>\n<p>Con sus nuevos planificadores de pared, puedes mantener f\u00e1cilmente el control de tus objetivos, plazos y eventos importantes, adem\u00e1s de planificar comidas. La gama incluye diferentes tama\u00f1os y formatos, cada uno ofreciendo caracter\u00edsticas \u00fanicas que se adaptan a diferentes estilos de planificaci\u00f3n.<\/p>\n<p style=\"text-align: center;\"><img loading=\"lazy\" decoding=\"async\" class=\"alignnone size-full wp-image-2403\" src=\"https:\/\/motif.es\/blog\/wp-content\/uploads\/2023\/09\/planificador-de-pared-semanal-seth.jpg\" alt=\"\" width=\"1000\" height=\"1000\" srcset=\"https:\/\/www.motif.es\/blog\/wp-content\/uploads\/2023\/09\/planificador-de-pared-semanal-seth.jpg 1000w, https:\/\/www.motif.es\/blog\/wp-content\/uploads\/2023\/09\/planificador-de-pared-semanal-seth-300x300.jpg 300w, https:\/\/www.motif.es\/blog\/wp-content\/uploads\/2023\/09\/planificador-de-pared-semanal-seth-150x150.jpg 150w, https:\/\/www.motif.es\/blog\/wp-content\/uploads\/2023\/09\/planificador-de-pared-semanal-seth-768x768.jpg 768w, https:\/\/www.motif.es\/blog\/wp-content\/uploads\/2023\/09\/planificador-de-pared-semanal-seth-400x400.jpg 400w, https:\/\/www.motif.es\/blog\/wp-content\/uploads\/2023\/09\/planificador-de-pared-semanal-seth-96x96.jpg 96w\" sizes=\"auto, (max-width: 1000px) 100vw, 1000px\" \/><\/p>\n<p style=\"text-align: center;\"><em>Nuevo planificador de pared &#8216;SETH&#8217;<\/em><\/p>\n<p>Ya prefieras un dise\u00f1o de planificaci\u00f3n semanal o mensual, en MOTIF lo tienes cubierto. Nuestros planificadores de pared est\u00e1n dise\u00f1ados para priorizar la simplicidad sin comprometer la funcionalidad.<\/p>\n<p style=\"text-align: center;\"><img loading=\"lazy\" decoding=\"async\" class=\"alignnone size-full wp-image-2404\" src=\"https:\/\/motif.es\/blog\/wp-content\/uploads\/2023\/09\/planificador-de-pared-menu-semanal-genya.jpg\" alt=\"\" width=\"1000\" height=\"1000\" srcset=\"https:\/\/www.motif.es\/blog\/wp-content\/uploads\/2023\/09\/planificador-de-pared-menu-semanal-genya.jpg 1000w, https:\/\/www.motif.es\/blog\/wp-content\/uploads\/2023\/09\/planificador-de-pared-menu-semanal-genya-300x300.jpg 300w, https:\/\/www.motif.es\/blog\/wp-content\/uploads\/2023\/09\/planificador-de-pared-menu-semanal-genya-150x150.jpg 150w, https:\/\/www.motif.es\/blog\/wp-content\/uploads\/2023\/09\/planificador-de-pared-menu-semanal-genya-768x768.jpg 768w, https:\/\/www.motif.es\/blog\/wp-content\/uploads\/2023\/09\/planificador-de-pared-menu-semanal-genya-400x400.jpg 400w, https:\/\/www.motif.es\/blog\/wp-content\/uploads\/2023\/09\/planificador-de-pared-menu-semanal-genya-96x96.jpg 96w\" sizes=\"auto, (max-width: 1000px) 100vw, 1000px\" \/><em>Planificador de pared semanal &#8216;GENYA&#8217;<\/em><\/p>\n<p>Con colores tendencia y dise\u00f1os elegantes, los planificadores de pared de MOTIF mejoran el atractivo est\u00e9tico de la estancia donde los coloques. Estos llamativos planificadores sin duda agregar\u00e1n un toque de elegancia y estilo a cualquier pared que adornen.<\/p>\n<p style=\"text-align: center;\"><img loading=\"lazy\" decoding=\"async\" class=\"alignnone size-full wp-image-2405\" src=\"https:\/\/motif.es\/blog\/wp-content\/uploads\/2023\/09\/planificador-de-pared-semanal-arcadia.jpg\" alt=\"\" width=\"1000\" height=\"1000\" srcset=\"https:\/\/www.motif.es\/blog\/wp-content\/uploads\/2023\/09\/planificador-de-pared-semanal-arcadia.jpg 1000w, https:\/\/www.motif.es\/blog\/wp-content\/uploads\/2023\/09\/planificador-de-pared-semanal-arcadia-300x300.jpg 300w, https:\/\/www.motif.es\/blog\/wp-content\/uploads\/2023\/09\/planificador-de-pared-semanal-arcadia-150x150.jpg 150w, https:\/\/www.motif.es\/blog\/wp-content\/uploads\/2023\/09\/planificador-de-pared-semanal-arcadia-768x768.jpg 768w, https:\/\/www.motif.es\/blog\/wp-content\/uploads\/2023\/09\/planificador-de-pared-semanal-arcadia-400x400.jpg 400w, https:\/\/www.motif.es\/blog\/wp-content\/uploads\/2023\/09\/planificador-de-pared-semanal-arcadia-96x96.jpg 96w\" sizes=\"auto, (max-width: 1000px) 100vw, 1000px\" \/><\/p>\n<p style=\"text-align: center;\"><em>Nuevo planificador de pared &#8216;ARCADIA&#8217;<\/em><\/p>\n<h5>Desata tu Potencial de Productividad<\/h5>\n<p>En un mundo cada vez m\u00e1s digital, los planificadores f\u00edsicos tienen un encanto y efectividad \u00fanicos. Te permiten disfrutar del proceso meditativo de escribir, lo que ayuda a mejorar la memoria y retenci\u00f3n. Los <strong>nuevos planificadores de pared de MOTIF<\/strong> crean una experiencia de planificaci\u00f3n inmersiva que puede ayudarte a desatar tu potencial de productividad.<\/p>\n<p>Ya prefieras apuntar ideas, establecer recordatorios o rastrear tu progreso, estos planificadores de pared ofrecen una forma tangible y efectiva de mantener la organizaci\u00f3n. Desp\u00eddete de las distracciones digitales y dale la bienvenida al enfoque y claridad que brinda el uso de un planificador f\u00edsico.<\/p>\n<p style=\"text-align: center;\"><img loading=\"lazy\" decoding=\"async\" class=\"alignnone size-full wp-image-2406\" src=\"https:\/\/motif.es\/blog\/wp-content\/uploads\/2023\/09\/planificador-de-pared-mensual-belly.jpg\" alt=\"\" width=\"1000\" height=\"1000\" srcset=\"https:\/\/www.motif.es\/blog\/wp-content\/uploads\/2023\/09\/planificador-de-pared-mensual-belly.jpg 1000w, https:\/\/www.motif.es\/blog\/wp-content\/uploads\/2023\/09\/planificador-de-pared-mensual-belly-300x300.jpg 300w, https:\/\/www.motif.es\/blog\/wp-content\/uploads\/2023\/09\/planificador-de-pared-mensual-belly-150x150.jpg 150w, https:\/\/www.motif.es\/blog\/wp-content\/uploads\/2023\/09\/planificador-de-pared-mensual-belly-768x768.jpg 768w, https:\/\/www.motif.es\/blog\/wp-content\/uploads\/2023\/09\/planificador-de-pared-mensual-belly-400x400.jpg 400w, https:\/\/www.motif.es\/blog\/wp-content\/uploads\/2023\/09\/planificador-de-pared-mensual-belly-96x96.jpg 96w\" sizes=\"auto, (max-width: 1000px) 100vw, 1000px\" \/><\/p>\n<p style=\"text-align: center;\"><em>Nuevo planificador de pared mensual &#8216;BELLY&#8217;<\/em><\/p>\n<h5>MOTIF: Una Marca Confiada por su Calidad<\/h5>\n<p>En MOTIF la calidad de los productos es una prioridad por lo que nuestra nueva gama de planificadores de pared sigue la misma tendencia, ofreciendo gran durabilidad y un excelente servicio de atenci\u00f3n al detalle.<\/p>\n<p>Con la llegada de los planificadores de pared de MOTIF, planificar y organizar nunca ha sido tan elegante o eficiente. Adapt\u00e1ndose a diferentes preferencias y necesidades de planificaci\u00f3n, estos planificadores ofrecen una combinaci\u00f3n perfecta de funcionalidad y est\u00e9tica.<\/p>\n<p>Acepta el poder de la planificaci\u00f3n f\u00edsica, potencia tu potencial de productividad y <strong>a\u00f1ade un toque de elegancia a tu espacio de trabajo<\/strong> con la nueva colecci\u00f3n de <strong>planificadores de pared<\/strong> de MOTIF.<\/p>\n<p>Puedes ver los nuevos dise\u00f1os <a href=\"https:\/\/www.motif.es\/183-planificadores-de-pared\" target=\"_blank\" rel=\"noopener\">aqu\u00ed<\/a>.<\/p>\n","protected":false},"excerpt":{"rendered":"<p>Planificar y organizar nuestras tareas diarias es esencial para llevar una vida productiva y eficiente. Con la introducci\u00f3n del \u00faltimo lanzamiento de MOTIF, nuestras opciones de planificadores y organizaci\u00f3n se han ampliado. En MOTIF hemos lanzado recientemente una nuevos dise\u00f1os dentro de nuestra gama de planificadores de pared, que se suman a los que ya [&#8230;]<\/p>\n","protected":false},"author":2,"featured_media":2405,"comment_status":"open","ping_status":"open","sticky":false,"template":"","format":"standard","meta":{"_acf_changed":false,"footnotes":""},"categories":[9,35],"tags":[],"class_list":["post-2399","post","type-post","status-publish","format-standard","has-post-thumbnail","hentry","category-inspirate","category-sobre-planificadores-de-pared"],"acf":[],"yoast_head":"<!-- This site is optimized with the Yoast SEO plugin v27.5 - https:\/\/yoast.com\/product\/yoast-seo-wordpress\/ -->\n<title>M\u00e1s Novedades MOTIF: Llegan Nuevos Planificadores de Pared - Blog Motif<\/title>\n<meta name=\"description\" content=\"Planificar y organizar nuestras tareas diarias es esencial para llevar una vida productiva y eficiente. Con la introducci\u00f3n del \u00faltimo lanzamiento de\" \/>\n<meta name=\"robots\" content=\"index, follow, max-snippet:-1, max-image-preview:large, max-video-preview:-1\" \/>\n<link rel=\"canonical\" href=\"https:\/\/www.motif.es\/blog\/mas-novedades-motif-llegan-nuevos-planificadores-de-pared\/\" \/>\n<meta property=\"og:locale\" content=\"es_ES\" \/>\n<meta property=\"og:type\" content=\"article\" \/>\n<meta property=\"og:title\" content=\"M\u00e1s Novedades MOTIF: Llegan Nuevos Planificadores de Pared - Blog Motif\" \/>\n<meta property=\"og:description\" content=\"Planificar y organizar nuestras tareas diarias es esencial para llevar una vida productiva y eficiente. Con la introducci\u00f3n del \u00faltimo lanzamiento de\" \/>\n<meta property=\"og:url\" content=\"https:\/\/www.motif.es\/blog\/mas-novedades-motif-llegan-nuevos-planificadores-de-pared\/\" \/>\n<meta property=\"og:site_name\" content=\"Blog Motif\" \/>\n<meta property=\"article:publisher\" content=\"https:\/\/www.facebook.com\/motifmorethanwalls\/\" \/>\n<meta property=\"article:published_time\" content=\"2023-09-13T09:19:52+00:00\" \/>\n<meta property=\"article:modified_time\" content=\"2023-09-15T09:35:55+00:00\" \/>\n<meta property=\"og:image\" content=\"https:\/\/www.motif.es\/blog\/wp-content\/uploads\/2023\/09\/planificador-de-pared-semanal-arcadia.jpg\" \/>\n\t<meta property=\"og:image:width\" content=\"1000\" \/>\n\t<meta property=\"og:image:height\" content=\"1000\" \/>\n\t<meta property=\"og:image:type\" content=\"image\/jpeg\" \/>\n<meta name=\"author\" content=\"Comunicaci\u00f3n Motif\" \/>\n<meta name=\"twitter:card\" content=\"summary_large_image\" \/>\n<meta name=\"twitter:label1\" content=\"Escrito por\" \/>\n\t<meta name=\"twitter:data1\" content=\"Comunicaci\u00f3n Motif\" \/>\n\t<meta name=\"twitter:label2\" content=\"Tiempo de lectura\" \/>\n\t<meta name=\"twitter:data2\" content=\"4 minutos\" \/>\n<script type=\"application\/ld+json\" class=\"yoast-schema-graph\">{\"@context\":\"https:\\\/\\\/schema.org\",\"@graph\":[{\"@type\":\"Article\",\"@id\":\"https:\\\/\\\/www.motif.es\\\/blog\\\/mas-novedades-motif-llegan-nuevos-planificadores-de-pared\\\/#article\",\"isPartOf\":{\"@id\":\"https:\\\/\\\/www.motif.es\\\/blog\\\/mas-novedades-motif-llegan-nuevos-planificadores-de-pared\\\/\"},\"author\":{\"name\":\"Comunicaci\u00f3n Motif\",\"@id\":\"https:\\\/\\\/www.motif.es\\\/blog\\\/#\\\/schema\\\/person\\\/aac26ed80d8e02fb9525ec6b569d75e9\"},\"headline\":\"M\u00e1s Novedades MOTIF: Llegan Nuevos Planificadores de Pared\",\"datePublished\":\"2023-09-13T09:19:52+00:00\",\"dateModified\":\"2023-09-15T09:35:55+00:00\",\"mainEntityOfPage\":{\"@id\":\"https:\\\/\\\/www.motif.es\\\/blog\\\/mas-novedades-motif-llegan-nuevos-planificadores-de-pared\\\/\"},\"wordCount\":620,\"commentCount\":0,\"publisher\":{\"@id\":\"https:\\\/\\\/www.motif.es\\\/blog\\\/#organization\"},\"image\":{\"@id\":\"https:\\\/\\\/www.motif.es\\\/blog\\\/mas-novedades-motif-llegan-nuevos-planificadores-de-pared\\\/#primaryimage\"},\"thumbnailUrl\":\"https:\\\/\\\/www.motif.es\\\/blog\\\/wp-content\\\/uploads\\\/2023\\\/09\\\/planificador-de-pared-semanal-arcadia.jpg\",\"articleSection\":[\"insp\u00edrate\",\"sobre planificadores de pared\"],\"inLanguage\":\"es\",\"potentialAction\":[{\"@type\":\"CommentAction\",\"name\":\"Comment\",\"target\":[\"https:\\\/\\\/www.motif.es\\\/blog\\\/mas-novedades-motif-llegan-nuevos-planificadores-de-pared\\\/#respond\"]}]},{\"@type\":\"WebPage\",\"@id\":\"https:\\\/\\\/www.motif.es\\\/blog\\\/mas-novedades-motif-llegan-nuevos-planificadores-de-pared\\\/\",\"url\":\"https:\\\/\\\/www.motif.es\\\/blog\\\/mas-novedades-motif-llegan-nuevos-planificadores-de-pared\\\/\",\"name\":\"M\u00e1s Novedades MOTIF: Llegan Nuevos Planificadores de Pared - Blog Motif\",\"isPartOf\":{\"@id\":\"https:\\\/\\\/www.motif.es\\\/blog\\\/#website\"},\"primaryImageOfPage\":{\"@id\":\"https:\\\/\\\/www.motif.es\\\/blog\\\/mas-novedades-motif-llegan-nuevos-planificadores-de-pared\\\/#primaryimage\"},\"image\":{\"@id\":\"https:\\\/\\\/www.motif.es\\\/blog\\\/mas-novedades-motif-llegan-nuevos-planificadores-de-pared\\\/#primaryimage\"},\"thumbnailUrl\":\"https:\\\/\\\/www.motif.es\\\/blog\\\/wp-content\\\/uploads\\\/2023\\\/09\\\/planificador-de-pared-semanal-arcadia.jpg\",\"datePublished\":\"2023-09-13T09:19:52+00:00\",\"dateModified\":\"2023-09-15T09:35:55+00:00\",\"description\":\"Planificar y organizar nuestras tareas diarias es esencial para llevar una vida productiva y eficiente. Con la introducci\u00f3n del \u00faltimo lanzamiento de\",\"breadcrumb\":{\"@id\":\"https:\\\/\\\/www.motif.es\\\/blog\\\/mas-novedades-motif-llegan-nuevos-planificadores-de-pared\\\/#breadcrumb\"},\"inLanguage\":\"es\",\"potentialAction\":[{\"@type\":\"ReadAction\",\"target\":[\"https:\\\/\\\/www.motif.es\\\/blog\\\/mas-novedades-motif-llegan-nuevos-planificadores-de-pared\\\/\"]}]},{\"@type\":\"ImageObject\",\"inLanguage\":\"es\",\"@id\":\"https:\\\/\\\/www.motif.es\\\/blog\\\/mas-novedades-motif-llegan-nuevos-planificadores-de-pared\\\/#primaryimage\",\"url\":\"https:\\\/\\\/www.motif.es\\\/blog\\\/wp-content\\\/uploads\\\/2023\\\/09\\\/planificador-de-pared-semanal-arcadia.jpg\",\"contentUrl\":\"https:\\\/\\\/www.motif.es\\\/blog\\\/wp-content\\\/uploads\\\/2023\\\/09\\\/planificador-de-pared-semanal-arcadia.jpg\",\"width\":1000,\"height\":1000},{\"@type\":\"BreadcrumbList\",\"@id\":\"https:\\\/\\\/www.motif.es\\\/blog\\\/mas-novedades-motif-llegan-nuevos-planificadores-de-pared\\\/#breadcrumb\",\"itemListElement\":[{\"@type\":\"ListItem\",\"position\":1,\"name\":\"Blog\",\"item\":\"https:\\\/\\\/www.motif.es\\\/blog\\\/\"},{\"@type\":\"ListItem\",\"position\":2,\"name\":\"sobre planificadores de pared\",\"item\":\"https:\\\/\\\/www.motif.es\\\/blog\\\/category\\\/sobre-planificadores-de-pared\\\/\"},{\"@type\":\"ListItem\",\"position\":3,\"name\":\"M\u00e1s Novedades MOTIF: Llegan Nuevos Planificadores de Pared\"}]},{\"@type\":\"WebSite\",\"@id\":\"https:\\\/\\\/www.motif.es\\\/blog\\\/#website\",\"url\":\"https:\\\/\\\/www.motif.es\\\/blog\\\/\",\"name\":\"Blog Motif\",\"description\":\"nuestro rinc\u00f3n para inspirarte\",\"publisher\":{\"@id\":\"https:\\\/\\\/www.motif.es\\\/blog\\\/#organization\"},\"potentialAction\":[{\"@type\":\"SearchAction\",\"target\":{\"@type\":\"EntryPoint\",\"urlTemplate\":\"https:\\\/\\\/www.motif.es\\\/blog\\\/?s={search_term_string}\"},\"query-input\":{\"@type\":\"PropertyValueSpecification\",\"valueRequired\":true,\"valueName\":\"search_term_string\"}}],\"inLanguage\":\"es\"},{\"@type\":\"Organization\",\"@id\":\"https:\\\/\\\/www.motif.es\\\/blog\\\/#organization\",\"name\":\"Motif Wallpapers S.L.U.\",\"url\":\"https:\\\/\\\/www.motif.es\\\/blog\\\/\",\"logo\":{\"@type\":\"ImageObject\",\"inLanguage\":\"es\",\"@id\":\"https:\\\/\\\/www.motif.es\\\/blog\\\/#\\\/schema\\\/logo\\\/image\\\/\",\"url\":\"https:\\\/\\\/motif.es\\\/blog\\\/wp-content\\\/uploads\\\/2021\\\/06\\\/logo-motif.jpg\",\"contentUrl\":\"https:\\\/\\\/motif.es\\\/blog\\\/wp-content\\\/uploads\\\/2021\\\/06\\\/logo-motif.jpg\",\"width\":464,\"height\":464,\"caption\":\"Motif Wallpapers S.L.U.\"},\"image\":{\"@id\":\"https:\\\/\\\/www.motif.es\\\/blog\\\/#\\\/schema\\\/logo\\\/image\\\/\"},\"sameAs\":[\"https:\\\/\\\/www.facebook.com\\\/motifmorethanwalls\\\/\",\"https:\\\/\\\/www.instagram.com\\\/motif_es\\\/?hl=es\",\"https:\\\/\\\/www.pinterest.es\\\/motifwallpapers\\\/\",\"https:\\\/\\\/www.youtube.com\\\/channel\\\/UCNaOmbxD6LjcQNj4vmfVIUg\"]},{\"@type\":\"Person\",\"@id\":\"https:\\\/\\\/www.motif.es\\\/blog\\\/#\\\/schema\\\/person\\\/aac26ed80d8e02fb9525ec6b569d75e9\",\"name\":\"Comunicaci\u00f3n Motif\",\"image\":{\"@type\":\"ImageObject\",\"inLanguage\":\"es\",\"@id\":\"https:\\\/\\\/secure.gravatar.com\\\/avatar\\\/93b2fb49a03bd7a57b5f5e8c3b740113f14f25da86b090887d9353672de2d9b5?s=96&d=mm&r=g\",\"url\":\"https:\\\/\\\/secure.gravatar.com\\\/avatar\\\/93b2fb49a03bd7a57b5f5e8c3b740113f14f25da86b090887d9353672de2d9b5?s=96&d=mm&r=g\",\"contentUrl\":\"https:\\\/\\\/secure.gravatar.com\\\/avatar\\\/93b2fb49a03bd7a57b5f5e8c3b740113f14f25da86b090887d9353672de2d9b5?s=96&d=mm&r=g\",\"caption\":\"Comunicaci\u00f3n Motif\"},\"url\":\"https:\\\/\\\/www.motif.es\\\/blog\\\/author\\\/comunicacion\\\/\"}]}<\/script>\n<!-- \/ Yoast SEO plugin. -->","yoast_head_json":{"title":"M\u00e1s Novedades MOTIF: Llegan Nuevos Planificadores de Pared - Blog Motif","description":"Planificar y organizar nuestras tareas diarias es esencial para llevar una vida productiva y eficiente. Con la introducci\u00f3n del \u00faltimo lanzamiento de","robots":{"index":"index","follow":"follow","max-snippet":"max-snippet:-1","max-image-preview":"max-image-preview:large","max-video-preview":"max-video-preview:-1"},"canonical":"https:\/\/www.motif.es\/blog\/mas-novedades-motif-llegan-nuevos-planificadores-de-pared\/","og_locale":"es_ES","og_type":"article","og_title":"M\u00e1s Novedades MOTIF: Llegan Nuevos Planificadores de Pared - Blog Motif","og_description":"Planificar y organizar nuestras tareas diarias es esencial para llevar una vida productiva y eficiente. Con la introducci\u00f3n del \u00faltimo lanzamiento de","og_url":"https:\/\/www.motif.es\/blog\/mas-novedades-motif-llegan-nuevos-planificadores-de-pared\/","og_site_name":"Blog Motif","article_publisher":"https:\/\/www.facebook.com\/motifmorethanwalls\/","article_published_time":"2023-09-13T09:19:52+00:00","article_modified_time":"2023-09-15T09:35:55+00:00","og_image":[{"width":1000,"height":1000,"url":"https:\/\/www.motif.es\/blog\/wp-content\/uploads\/2023\/09\/planificador-de-pared-semanal-arcadia.jpg","type":"image\/jpeg"}],"author":"Comunicaci\u00f3n Motif","twitter_card":"summary_large_image","twitter_misc":{"Escrito por":"Comunicaci\u00f3n Motif","Tiempo de lectura":"4 minutos"},"schema":{"@context":"https:\/\/schema.org","@graph":[{"@type":"Article","@id":"https:\/\/www.motif.es\/blog\/mas-novedades-motif-llegan-nuevos-planificadores-de-pared\/#article","isPartOf":{"@id":"https:\/\/www.motif.es\/blog\/mas-novedades-motif-llegan-nuevos-planificadores-de-pared\/"},"author":{"name":"Comunicaci\u00f3n Motif","@id":"https:\/\/www.motif.es\/blog\/#\/schema\/person\/aac26ed80d8e02fb9525ec6b569d75e9"},"headline":"M\u00e1s Novedades MOTIF: Llegan Nuevos Planificadores de Pared","datePublished":"2023-09-13T09:19:52+00:00","dateModified":"2023-09-15T09:35:55+00:00","mainEntityOfPage":{"@id":"https:\/\/www.motif.es\/blog\/mas-novedades-motif-llegan-nuevos-planificadores-de-pared\/"},"wordCount":620,"commentCount":0,"publisher":{"@id":"https:\/\/www.motif.es\/blog\/#organization"},"image":{"@id":"https:\/\/www.motif.es\/blog\/mas-novedades-motif-llegan-nuevos-planificadores-de-pared\/#primaryimage"},"thumbnailUrl":"https:\/\/www.motif.es\/blog\/wp-content\/uploads\/2023\/09\/planificador-de-pared-semanal-arcadia.jpg","articleSection":["insp\u00edrate","sobre planificadores de pared"],"inLanguage":"es","potentialAction":[{"@type":"CommentAction","name":"Comment","target":["https:\/\/www.motif.es\/blog\/mas-novedades-motif-llegan-nuevos-planificadores-de-pared\/#respond"]}]},{"@type":"WebPage","@id":"https:\/\/www.motif.es\/blog\/mas-novedades-motif-llegan-nuevos-planificadores-de-pared\/","url":"https:\/\/www.motif.es\/blog\/mas-novedades-motif-llegan-nuevos-planificadores-de-pared\/","name":"M\u00e1s Novedades MOTIF: Llegan Nuevos Planificadores de Pared - Blog Motif","isPartOf":{"@id":"https:\/\/www.motif.es\/blog\/#website"},"primaryImageOfPage":{"@id":"https:\/\/www.motif.es\/blog\/mas-novedades-motif-llegan-nuevos-planificadores-de-pared\/#primaryimage"},"image":{"@id":"https:\/\/www.motif.es\/blog\/mas-novedades-motif-llegan-nuevos-planificadores-de-pared\/#primaryimage"},"thumbnailUrl":"https:\/\/www.motif.es\/blog\/wp-content\/uploads\/2023\/09\/planificador-de-pared-semanal-arcadia.jpg","datePublished":"2023-09-13T09:19:52+00:00","dateModified":"2023-09-15T09:35:55+00:00","description":"Planificar y organizar nuestras tareas diarias es esencial para llevar una vida productiva y eficiente. Con la introducci\u00f3n del \u00faltimo lanzamiento de","breadcrumb":{"@id":"https:\/\/www.motif.es\/blog\/mas-novedades-motif-llegan-nuevos-planificadores-de-pared\/#breadcrumb"},"inLanguage":"es","potentialAction":[{"@type":"ReadAction","target":["https:\/\/www.motif.es\/blog\/mas-novedades-motif-llegan-nuevos-planificadores-de-pared\/"]}]},{"@type":"ImageObject","inLanguage":"es","@id":"https:\/\/www.motif.es\/blog\/mas-novedades-motif-llegan-nuevos-planificadores-de-pared\/#primaryimage","url":"https:\/\/www.motif.es\/blog\/wp-content\/uploads\/2023\/09\/planificador-de-pared-semanal-arcadia.jpg","contentUrl":"https:\/\/www.motif.es\/blog\/wp-content\/uploads\/2023\/09\/planificador-de-pared-semanal-arcadia.jpg","width":1000,"height":1000},{"@type":"BreadcrumbList","@id":"https:\/\/www.motif.es\/blog\/mas-novedades-motif-llegan-nuevos-planificadores-de-pared\/#breadcrumb","itemListElement":[{"@type":"ListItem","position":1,"name":"Blog","item":"https:\/\/www.motif.es\/blog\/"},{"@type":"ListItem","position":2,"name":"sobre planificadores de pared","item":"https:\/\/www.motif.es\/blog\/category\/sobre-planificadores-de-pared\/"},{"@type":"ListItem","position":3,"name":"M\u00e1s Novedades MOTIF: Llegan Nuevos Planificadores de Pared"}]},{"@type":"WebSite","@id":"https:\/\/www.motif.es\/blog\/#website","url":"https:\/\/www.motif.es\/blog\/","name":"Blog Motif","description":"nuestro rinc\u00f3n para inspirarte","publisher":{"@id":"https:\/\/www.motif.es\/blog\/#organization"},"potentialAction":[{"@type":"SearchAction","target":{"@type":"EntryPoint","urlTemplate":"https:\/\/www.motif.es\/blog\/?s={search_term_string}"},"query-input":{"@type":"PropertyValueSpecification","valueRequired":true,"valueName":"search_term_string"}}],"inLanguage":"es"},{"@type":"Organization","@id":"https:\/\/www.motif.es\/blog\/#organization","name":"Motif Wallpapers S.L.U.","url":"https:\/\/www.motif.es\/blog\/","logo":{"@type":"ImageObject","inLanguage":"es","@id":"https:\/\/www.motif.es\/blog\/#\/schema\/logo\/image\/","url":"https:\/\/motif.es\/blog\/wp-content\/uploads\/2021\/06\/logo-motif.jpg","contentUrl":"https:\/\/motif.es\/blog\/wp-content\/uploads\/2021\/06\/logo-motif.jpg","width":464,"height":464,"caption":"Motif Wallpapers S.L.U."},"image":{"@id":"https:\/\/www.motif.es\/blog\/#\/schema\/logo\/image\/"},"sameAs":["https:\/\/www.facebook.com\/motifmorethanwalls\/","https:\/\/www.instagram.com\/motif_es\/?hl=es","https:\/\/www.pinterest.es\/motifwallpapers\/","https:\/\/www.youtube.com\/channel\/UCNaOmbxD6LjcQNj4vmfVIUg"]},{"@type":"Person","@id":"https:\/\/www.motif.es\/blog\/#\/schema\/person\/aac26ed80d8e02fb9525ec6b569d75e9","name":"Comunicaci\u00f3n Motif","image":{"@type":"ImageObject","inLanguage":"es","@id":"https:\/\/secure.gravatar.com\/avatar\/93b2fb49a03bd7a57b5f5e8c3b740113f14f25da86b090887d9353672de2d9b5?s=96&d=mm&r=g","url":"https:\/\/secure.gravatar.com\/avatar\/93b2fb49a03bd7a57b5f5e8c3b740113f14f25da86b090887d9353672de2d9b5?s=96&d=mm&r=g","contentUrl":"https:\/\/secure.gravatar.com\/avatar\/93b2fb49a03bd7a57b5f5e8c3b740113f14f25da86b090887d9353672de2d9b5?s=96&d=mm&r=g","caption":"Comunicaci\u00f3n Motif"},"url":"https:\/\/www.motif.es\/blog\/author\/comunicacion\/"}]}},"_links":{"self":[{"href":"https:\/\/www.motif.es\/blog\/wp-json\/wp\/v2\/posts\/2399","targetHints":{"allow":["GET"]}}],"collection":[{"href":"https:\/\/www.motif.es\/blog\/wp-json\/wp\/v2\/posts"}],"about":[{"href":"https:\/\/www.motif.es\/blog\/wp-json\/wp\/v2\/types\/post"}],"author":[{"embeddable":true,"href":"https:\/\/www.motif.es\/blog\/wp-json\/wp\/v2\/users\/2"}],"replies":[{"embeddable":true,"href":"https:\/\/www.motif.es\/blog\/wp-json\/wp\/v2\/comments?post=2399"}],"version-history":[{"count":1,"href":"https:\/\/www.motif.es\/blog\/wp-json\/wp\/v2\/posts\/2399\/revisions"}],"predecessor-version":[{"id":2407,"href":"https:\/\/www.motif.es\/blog\/wp-json\/wp\/v2\/posts\/2399\/revisions\/2407"}],"wp:featuredmedia":[{"embeddable":true,"href":"https:\/\/www.motif.es\/blog\/wp-json\/wp\/v2\/media\/2405"}],"wp:attachment":[{"href":"https:\/\/www.motif.es\/blog\/wp-json\/wp\/v2\/media?parent=2399"}],"wp:term":[{"taxonomy":"category","embeddable":true,"href":"https:\/\/www.motif.es\/blog\/wp-json\/wp\/v2\/categories?post=2399"},{"taxonomy":"post_tag","embeddable":true,"href":"https:\/\/www.motif.es\/blog\/wp-json\/wp\/v2\/tags?post=2399"}],"curies":[{"name":"wp","href":"https:\/\/api.w.org\/{rel}","templated":true}]}}