{"id":2434,"date":"2023-09-29T10:51:56","date_gmt":"2023-09-29T10:51:56","guid":{"rendered":"https:\/\/motif.es\/blog\/?p=2434"},"modified":"2023-09-20T11:05:40","modified_gmt":"2023-09-20T11:05:40","slug":"que-es-la-decoracion-emocional-y-como-hacer-que-cobre-vida-en-tu-hogar","status":"publish","type":"post","link":"https:\/\/www.motif.es\/blog\/que-es-la-decoracion-emocional-y-como-hacer-que-cobre-vida-en-tu-hogar\/","title":{"rendered":"\u00bfQu\u00e9 es la decoraci\u00f3n emocional y c\u00f3mo hacer que cobre vida en tu hogar?"},"content":{"rendered":"<p>Cuando se trata de dise\u00f1ar nuestros hogares, a menudo nos enfocamos en la est\u00e9tica y la funcionalidad. Sin embargo, <strong>\u00bfalguna vez has considerado c\u00f3mo tu entorno puede evocar emociones y afectar tu estado de \u00e1nimo? <\/strong>Aqu\u00ed es donde entra en juego la <strong>decoraci\u00f3n emocional<\/strong>, transformando tu espacio habitable en un santuario de energ\u00eda positiva y bienestar. En este art\u00edculo repasaremos el concepto de la decoraci\u00f3n emocional y te proporcionaremos consejos pr\u00e1cticos para crear un ambiente verdaderamente emotivo y armonioso.<\/p>\n<h4>Comprendiendo la decoraci\u00f3n emocional<\/h4>\n<p>La decoraci\u00f3n emocional es el arte de <strong>usar elementos de dise\u00f1o, colores y texturas para crear una atm\u00f3sfera que resuene con tus emociones<\/strong>, mejore tu bienestar y promueva un estado mental positivo. Va m\u00e1s all\u00e1 de simplemente organizar muebles y elegir objetos decorativos; tiene como objetivo evocar un sentimiento o emoci\u00f3n espec\u00edficos a trav\u00e9s de elecciones de dise\u00f1o intencionales.<\/p>\n<h5>El poder de los colores<\/h5>\n<p>Los colores desempe\u00f1an un papel crucial en establecer el tono emocional de un espacio. Cada color tiene su propio impacto psicol\u00f3gico \u00fanico. Por ejemplo, los colores c\u00e1lidos como el rojo, naranja y amarillo pueden estimular la energ\u00eda y crear una sensaci\u00f3n de comodidad. Por otro lado, los colores fr\u00edos como el azul y el verde promueven la calma y la tranquilidad. Es importante <strong>elegir colores que se alineen con el estado de \u00e1nimo<\/strong> que quieres crear en cada habitaci\u00f3n de tu hogar.<\/p>\n<p>Cuando incorpores colores en tu decoraci\u00f3n emocional, considera utilizar una variedad de tonos y matices para crear profundidad e inter\u00e9s visual. Experimenta con combinaciones de colores que se complementen entre s\u00ed y reflejen el ambiente deseado.<\/p>\n<p>Hay muchas formas de llevar estos colores a tu casa: textiles, <strong>alfombras vin\u00edlicas, papeles para pared, cuadros o l\u00e1minas decorativas<\/strong>. Una gran cantidad de recursos que est\u00e1n a tu alcance de manera econ\u00f3mica.<\/p>\n<p style=\"text-align: center;\"><img loading=\"lazy\" decoding=\"async\" class=\"alignnone size-full wp-image-2439\" src=\"https:\/\/motif.es\/blog\/wp-content\/uploads\/2023\/09\/alfombra-vinilica-zimbabue.jpg\" alt=\"\" width=\"1000\" height=\"1000\" srcset=\"https:\/\/www.motif.es\/blog\/wp-content\/uploads\/2023\/09\/alfombra-vinilica-zimbabue.jpg 1000w, https:\/\/www.motif.es\/blog\/wp-content\/uploads\/2023\/09\/alfombra-vinilica-zimbabue-300x300.jpg 300w, https:\/\/www.motif.es\/blog\/wp-content\/uploads\/2023\/09\/alfombra-vinilica-zimbabue-150x150.jpg 150w, https:\/\/www.motif.es\/blog\/wp-content\/uploads\/2023\/09\/alfombra-vinilica-zimbabue-768x768.jpg 768w, https:\/\/www.motif.es\/blog\/wp-content\/uploads\/2023\/09\/alfombra-vinilica-zimbabue-400x400.jpg 400w, https:\/\/www.motif.es\/blog\/wp-content\/uploads\/2023\/09\/alfombra-vinilica-zimbabue-96x96.jpg 96w\" sizes=\"auto, (max-width: 1000px) 100vw, 1000px\" \/><\/p>\n<p style=\"text-align: center;\"><em>Alfombra Vin\u00edlica Zimbaue<\/em><\/p>\n<h5>Texturas y materiales<\/h5>\n<p>Las texturas y materiales tambi\u00e9n pueden contribuir al ambiente emocional de un espacio. Los materiales suaves y mullidos como terciopelo o piel sint\u00e9tica pueden crear una sensaci\u00f3n de comodidad y relajaci\u00f3n, mientras que las texturas rugosas como ladrillo expuesto o madera reciclada pueden a\u00f1adir un toque de calidez r\u00fastica (al igual que su versi\u00f3n \u00ablow cost\u00bb en papeles y murales pintados). Ten en cuenta las texturas o dise\u00f1o que elijas y las emociones que evocan, ya que pueden influir en gran medida en el ambiente general de tu hogar.<\/p>\n<p style=\"text-align: center;\"><img loading=\"lazy\" decoding=\"async\" class=\"alignnone size-full wp-image-2438\" src=\"https:\/\/motif.es\/blog\/wp-content\/uploads\/2023\/09\/AMBIENTE_MURAL_LATORRE_321.jpg\" alt=\"\" width=\"1000\" height=\"1000\" srcset=\"https:\/\/www.motif.es\/blog\/wp-content\/uploads\/2023\/09\/AMBIENTE_MURAL_LATORRE_321.jpg 1000w, https:\/\/www.motif.es\/blog\/wp-content\/uploads\/2023\/09\/AMBIENTE_MURAL_LATORRE_321-300x300.jpg 300w, https:\/\/www.motif.es\/blog\/wp-content\/uploads\/2023\/09\/AMBIENTE_MURAL_LATORRE_321-150x150.jpg 150w, https:\/\/www.motif.es\/blog\/wp-content\/uploads\/2023\/09\/AMBIENTE_MURAL_LATORRE_321-768x768.jpg 768w, https:\/\/www.motif.es\/blog\/wp-content\/uploads\/2023\/09\/AMBIENTE_MURAL_LATORRE_321-400x400.jpg 400w, https:\/\/www.motif.es\/blog\/wp-content\/uploads\/2023\/09\/AMBIENTE_MURAL_LATORRE_321-96x96.jpg 96w\" sizes=\"auto, (max-width: 1000px) 100vw, 1000px\" \/><\/p>\n<p style=\"text-align: center;\"><em>Mural Autoadhesivo Latorre<\/em><\/p>\n<h4>Creando un espacio habitable emotivo<\/h4>\n<h5>La personalizaci\u00f3n es clave<\/h5>\n<p><strong>Incorporar toques personales en tu hogar es esencial<\/strong> para la decoraci\u00f3n emocional. Mostrar objetos sentimentales, fotos familiares o obras de arte puede infundir un espacio con significado y evocar recuerdos positivos. Rod\u00e9ate con objetos que tengan un valor sentimental y reflejen tu personalidad, ayud\u00e1ndote a sentirte m\u00e1s conectado y enraizado en tu entorno.<\/p>\n<h5>Deja que la naturaleza entre<\/h5>\n<p>Darle un lugar a la naturaleza en tu hogar puede tener un impacto profundo en tu bienestar emocional. Las plantas de interior no solo purifican el aire, sino que tambi\u00e9n aportan vida y vitalidad a tu espacio habitable. Incorpora plantas que sean f\u00e1ciles de cuidar y que se adapten a tu estilo personal. Adem\u00e1s, la luz natural es esencial para crear un ambiente positivo. Permite que entre la mayor cantidad posible de luz natural en tu hogar utilizando cortinas ligeras o manteniendo las ventanas despejadas.<\/p>\n<p>Adem\u00e1s, tambi\u00e9n puedes hacer uso de recurso como papeles pintados que lleven naturaleza a tus paredes.<\/p>\n<p style=\"text-align: center;\"><img loading=\"lazy\" decoding=\"async\" class=\"alignnone size-full wp-image-2436\" src=\"https:\/\/motif.es\/blog\/wp-content\/uploads\/2023\/09\/AMBIENTE-BLOOM-ZEN-COMEDOR.jpg\" alt=\"\" width=\"2000\" height=\"2000\" srcset=\"https:\/\/www.motif.es\/blog\/wp-content\/uploads\/2023\/09\/AMBIENTE-BLOOM-ZEN-COMEDOR.jpg 2000w, https:\/\/www.motif.es\/blog\/wp-content\/uploads\/2023\/09\/AMBIENTE-BLOOM-ZEN-COMEDOR-300x300.jpg 300w, https:\/\/www.motif.es\/blog\/wp-content\/uploads\/2023\/09\/AMBIENTE-BLOOM-ZEN-COMEDOR-1024x1024.jpg 1024w, https:\/\/www.motif.es\/blog\/wp-content\/uploads\/2023\/09\/AMBIENTE-BLOOM-ZEN-COMEDOR-150x150.jpg 150w, https:\/\/www.motif.es\/blog\/wp-content\/uploads\/2023\/09\/AMBIENTE-BLOOM-ZEN-COMEDOR-768x768.jpg 768w, https:\/\/www.motif.es\/blog\/wp-content\/uploads\/2023\/09\/AMBIENTE-BLOOM-ZEN-COMEDOR-1536x1536.jpg 1536w, https:\/\/www.motif.es\/blog\/wp-content\/uploads\/2023\/09\/AMBIENTE-BLOOM-ZEN-COMEDOR-1200x1200.jpg 1200w, https:\/\/www.motif.es\/blog\/wp-content\/uploads\/2023\/09\/AMBIENTE-BLOOM-ZEN-COMEDOR-1980x1980.jpg 1980w, https:\/\/www.motif.es\/blog\/wp-content\/uploads\/2023\/09\/AMBIENTE-BLOOM-ZEN-COMEDOR-400x400.jpg 400w, https:\/\/www.motif.es\/blog\/wp-content\/uploads\/2023\/09\/AMBIENTE-BLOOM-ZEN-COMEDOR-96x96.jpg 96w\" sizes=\"auto, (max-width: 2000px) 100vw, 2000px\" \/><\/p>\n<p style=\"text-align: center;\"><em>Mural Autoadhesivo Bloom Zen<\/em><\/p>\n<p style=\"text-align: center;\"><img loading=\"lazy\" decoding=\"async\" class=\"alignnone size-full wp-image-2437\" src=\"https:\/\/motif.es\/blog\/wp-content\/uploads\/2023\/09\/AMBIENTE-GARLAND-4.jpg\" alt=\"\" width=\"2000\" height=\"2000\" srcset=\"https:\/\/www.motif.es\/blog\/wp-content\/uploads\/2023\/09\/AMBIENTE-GARLAND-4.jpg 2000w, https:\/\/www.motif.es\/blog\/wp-content\/uploads\/2023\/09\/AMBIENTE-GARLAND-4-300x300.jpg 300w, https:\/\/www.motif.es\/blog\/wp-content\/uploads\/2023\/09\/AMBIENTE-GARLAND-4-1024x1024.jpg 1024w, https:\/\/www.motif.es\/blog\/wp-content\/uploads\/2023\/09\/AMBIENTE-GARLAND-4-150x150.jpg 150w, https:\/\/www.motif.es\/blog\/wp-content\/uploads\/2023\/09\/AMBIENTE-GARLAND-4-768x768.jpg 768w, https:\/\/www.motif.es\/blog\/wp-content\/uploads\/2023\/09\/AMBIENTE-GARLAND-4-1536x1536.jpg 1536w, https:\/\/www.motif.es\/blog\/wp-content\/uploads\/2023\/09\/AMBIENTE-GARLAND-4-1200x1200.jpg 1200w, https:\/\/www.motif.es\/blog\/wp-content\/uploads\/2023\/09\/AMBIENTE-GARLAND-4-1980x1980.jpg 1980w, https:\/\/www.motif.es\/blog\/wp-content\/uploads\/2023\/09\/AMBIENTE-GARLAND-4-400x400.jpg 400w, https:\/\/www.motif.es\/blog\/wp-content\/uploads\/2023\/09\/AMBIENTE-GARLAND-4-96x96.jpg 96w\" sizes=\"auto, (max-width: 2000px) 100vw, 2000px\" \/><\/p>\n<p style=\"text-align: center;\"><em>Mural Autoadhesivo Garland<\/em><\/p>\n<h5>Aromaterapia y fragancias<\/h5>\n<p>Nuestro sentido del olfato est\u00e1 estrechamente relacionado con las emociones y los recuerdos. Introduce la aromaterapia en tu decoraci\u00f3n emocional utilizando velas perfumadas, difusores de aceites esenciales o flores frescas para crear un ambiente agradable y relajante. Considera utilizar fragancias como lavanda para la relajaci\u00f3n o c\u00edtricos para un efecto refrescante y energizante.<\/p>\n<p>&nbsp;<\/p>\n<p>En resumen, la decoraci\u00f3n emocional ofrece una perspectiva fresca para dise\u00f1ar tu espacio habitable, permiti\u00e9ndote crear un entorno que apoye tu bienestar y nutra tus emociones.<\/p>\n<p>Recuerda, <strong>la decoraci\u00f3n emocional es un viaje personal y no hay reglas estrictas<\/strong>. Conf\u00eda en tus instintos y crea un espacio que resuene con tu estilo \u00fanico, necesidades y emociones. Con un poco de creatividad y conciencia, puedes convertir tu hogar en un refugio de bienestar emocional.<\/p>\n","protected":false},"excerpt":{"rendered":"<p>Cuando se trata de dise\u00f1ar nuestros hogares, a menudo nos enfocamos en la est\u00e9tica y la funcionalidad. Sin embargo, \u00bfalguna vez has considerado c\u00f3mo tu entorno puede evocar emociones y afectar tu estado de \u00e1nimo? Aqu\u00ed es donde entra en juego la decoraci\u00f3n emocional, transformando tu espacio habitable en un santuario de energ\u00eda positiva y [&#8230;]<\/p>\n","protected":false},"author":2,"featured_media":2438,"comment_status":"open","ping_status":"open","sticky":false,"template":"","format":"standard","meta":{"_acf_changed":false,"footnotes":""},"categories":[9,8,5],"tags":[],"class_list":["post-2434","post","type-post","status-publish","format-standard","has-post-thumbnail","hentry","category-inspirate","category-sobre-alfombras-vinilicas","category-sobre-papeles-pintados"],"acf":[],"yoast_head":"<!-- This site is optimized with the Yoast SEO plugin v27.5 - https:\/\/yoast.com\/product\/yoast-seo-wordpress\/ -->\n<title>\u00bfQu\u00e9 es la decoraci\u00f3n emocional y c\u00f3mo hacer que cobre vida en tu hogar? - Blog Motif<\/title>\n<meta name=\"description\" content=\"Cuando se trata de dise\u00f1ar nuestros hogares, a menudo nos enfocamos en la est\u00e9tica y la funcionalidad. Sin embargo, \u00bfalguna vez has considerado c\u00f3mo tu\" \/>\n<meta name=\"robots\" content=\"index, follow, max-snippet:-1, max-image-preview:large, max-video-preview:-1\" \/>\n<link rel=\"canonical\" href=\"https:\/\/www.motif.es\/blog\/que-es-la-decoracion-emocional-y-como-hacer-que-cobre-vida-en-tu-hogar\/\" \/>\n<meta property=\"og:locale\" content=\"es_ES\" \/>\n<meta property=\"og:type\" content=\"article\" \/>\n<meta property=\"og:title\" content=\"\u00bfQu\u00e9 es la decoraci\u00f3n emocional y c\u00f3mo hacer que cobre vida en tu hogar? - Blog Motif\" \/>\n<meta property=\"og:description\" content=\"Cuando se trata de dise\u00f1ar nuestros hogares, a menudo nos enfocamos en la est\u00e9tica y la funcionalidad. Sin embargo, \u00bfalguna vez has considerado c\u00f3mo tu\" \/>\n<meta property=\"og:url\" content=\"https:\/\/www.motif.es\/blog\/que-es-la-decoracion-emocional-y-como-hacer-que-cobre-vida-en-tu-hogar\/\" \/>\n<meta property=\"og:site_name\" content=\"Blog Motif\" \/>\n<meta property=\"article:publisher\" content=\"https:\/\/www.facebook.com\/motifmorethanwalls\/\" \/>\n<meta property=\"article:published_time\" content=\"2023-09-29T10:51:56+00:00\" \/>\n<meta property=\"og:image\" content=\"https:\/\/www.motif.es\/blog\/wp-content\/uploads\/2023\/09\/AMBIENTE_MURAL_LATORRE_321.jpg\" \/>\n\t<meta property=\"og:image:width\" content=\"1000\" \/>\n\t<meta property=\"og:image:height\" content=\"1000\" \/>\n\t<meta property=\"og:image:type\" content=\"image\/jpeg\" \/>\n<meta name=\"author\" content=\"Comunicaci\u00f3n Motif\" \/>\n<meta name=\"twitter:card\" content=\"summary_large_image\" \/>\n<meta name=\"twitter:label1\" content=\"Escrito por\" \/>\n\t<meta name=\"twitter:data1\" content=\"Comunicaci\u00f3n Motif\" \/>\n\t<meta name=\"twitter:label2\" content=\"Tiempo de lectura\" \/>\n\t<meta name=\"twitter:data2\" content=\"5 minutos\" \/>\n<script type=\"application\/ld+json\" class=\"yoast-schema-graph\">{\"@context\":\"https:\\\/\\\/schema.org\",\"@graph\":[{\"@type\":\"Article\",\"@id\":\"https:\\\/\\\/www.motif.es\\\/blog\\\/que-es-la-decoracion-emocional-y-como-hacer-que-cobre-vida-en-tu-hogar\\\/#article\",\"isPartOf\":{\"@id\":\"https:\\\/\\\/www.motif.es\\\/blog\\\/que-es-la-decoracion-emocional-y-como-hacer-que-cobre-vida-en-tu-hogar\\\/\"},\"author\":{\"name\":\"Comunicaci\u00f3n Motif\",\"@id\":\"https:\\\/\\\/www.motif.es\\\/blog\\\/#\\\/schema\\\/person\\\/aac26ed80d8e02fb9525ec6b569d75e9\"},\"headline\":\"\u00bfQu\u00e9 es la decoraci\u00f3n emocional y c\u00f3mo hacer que cobre vida en tu hogar?\",\"datePublished\":\"2023-09-29T10:51:56+00:00\",\"mainEntityOfPage\":{\"@id\":\"https:\\\/\\\/www.motif.es\\\/blog\\\/que-es-la-decoracion-emocional-y-como-hacer-que-cobre-vida-en-tu-hogar\\\/\"},\"wordCount\":774,\"commentCount\":0,\"publisher\":{\"@id\":\"https:\\\/\\\/www.motif.es\\\/blog\\\/#organization\"},\"image\":{\"@id\":\"https:\\\/\\\/www.motif.es\\\/blog\\\/que-es-la-decoracion-emocional-y-como-hacer-que-cobre-vida-en-tu-hogar\\\/#primaryimage\"},\"thumbnailUrl\":\"https:\\\/\\\/www.motif.es\\\/blog\\\/wp-content\\\/uploads\\\/2023\\\/09\\\/AMBIENTE_MURAL_LATORRE_321.jpg\",\"articleSection\":[\"insp\u00edrate\",\"sobre alfombras vin\u00edlicas\",\"sobre papeles pintados\"],\"inLanguage\":\"es\",\"potentialAction\":[{\"@type\":\"CommentAction\",\"name\":\"Comment\",\"target\":[\"https:\\\/\\\/www.motif.es\\\/blog\\\/que-es-la-decoracion-emocional-y-como-hacer-que-cobre-vida-en-tu-hogar\\\/#respond\"]}]},{\"@type\":\"WebPage\",\"@id\":\"https:\\\/\\\/www.motif.es\\\/blog\\\/que-es-la-decoracion-emocional-y-como-hacer-que-cobre-vida-en-tu-hogar\\\/\",\"url\":\"https:\\\/\\\/www.motif.es\\\/blog\\\/que-es-la-decoracion-emocional-y-como-hacer-que-cobre-vida-en-tu-hogar\\\/\",\"name\":\"\u00bfQu\u00e9 es la decoraci\u00f3n emocional y c\u00f3mo hacer que cobre vida en tu hogar? - Blog Motif\",\"isPartOf\":{\"@id\":\"https:\\\/\\\/www.motif.es\\\/blog\\\/#website\"},\"primaryImageOfPage\":{\"@id\":\"https:\\\/\\\/www.motif.es\\\/blog\\\/que-es-la-decoracion-emocional-y-como-hacer-que-cobre-vida-en-tu-hogar\\\/#primaryimage\"},\"image\":{\"@id\":\"https:\\\/\\\/www.motif.es\\\/blog\\\/que-es-la-decoracion-emocional-y-como-hacer-que-cobre-vida-en-tu-hogar\\\/#primaryimage\"},\"thumbnailUrl\":\"https:\\\/\\\/www.motif.es\\\/blog\\\/wp-content\\\/uploads\\\/2023\\\/09\\\/AMBIENTE_MURAL_LATORRE_321.jpg\",\"datePublished\":\"2023-09-29T10:51:56+00:00\",\"description\":\"Cuando se trata de dise\u00f1ar nuestros hogares, a menudo nos enfocamos en la est\u00e9tica y la funcionalidad. Sin embargo, \u00bfalguna vez has considerado c\u00f3mo tu\",\"breadcrumb\":{\"@id\":\"https:\\\/\\\/www.motif.es\\\/blog\\\/que-es-la-decoracion-emocional-y-como-hacer-que-cobre-vida-en-tu-hogar\\\/#breadcrumb\"},\"inLanguage\":\"es\",\"potentialAction\":[{\"@type\":\"ReadAction\",\"target\":[\"https:\\\/\\\/www.motif.es\\\/blog\\\/que-es-la-decoracion-emocional-y-como-hacer-que-cobre-vida-en-tu-hogar\\\/\"]}]},{\"@type\":\"ImageObject\",\"inLanguage\":\"es\",\"@id\":\"https:\\\/\\\/www.motif.es\\\/blog\\\/que-es-la-decoracion-emocional-y-como-hacer-que-cobre-vida-en-tu-hogar\\\/#primaryimage\",\"url\":\"https:\\\/\\\/www.motif.es\\\/blog\\\/wp-content\\\/uploads\\\/2023\\\/09\\\/AMBIENTE_MURAL_LATORRE_321.jpg\",\"contentUrl\":\"https:\\\/\\\/www.motif.es\\\/blog\\\/wp-content\\\/uploads\\\/2023\\\/09\\\/AMBIENTE_MURAL_LATORRE_321.jpg\",\"width\":1000,\"height\":1000},{\"@type\":\"BreadcrumbList\",\"@id\":\"https:\\\/\\\/www.motif.es\\\/blog\\\/que-es-la-decoracion-emocional-y-como-hacer-que-cobre-vida-en-tu-hogar\\\/#breadcrumb\",\"itemListElement\":[{\"@type\":\"ListItem\",\"position\":1,\"name\":\"Blog\",\"item\":\"https:\\\/\\\/www.motif.es\\\/blog\\\/\"},{\"@type\":\"ListItem\",\"position\":2,\"name\":\"insp\u00edrate\",\"item\":\"https:\\\/\\\/www.motif.es\\\/blog\\\/category\\\/inspirate\\\/\"},{\"@type\":\"ListItem\",\"position\":3,\"name\":\"\u00bfQu\u00e9 es la decoraci\u00f3n emocional y c\u00f3mo hacer que cobre vida en tu hogar?\"}]},{\"@type\":\"WebSite\",\"@id\":\"https:\\\/\\\/www.motif.es\\\/blog\\\/#website\",\"url\":\"https:\\\/\\\/www.motif.es\\\/blog\\\/\",\"name\":\"Blog Motif\",\"description\":\"nuestro rinc\u00f3n para inspirarte\",\"publisher\":{\"@id\":\"https:\\\/\\\/www.motif.es\\\/blog\\\/#organization\"},\"potentialAction\":[{\"@type\":\"SearchAction\",\"target\":{\"@type\":\"EntryPoint\",\"urlTemplate\":\"https:\\\/\\\/www.motif.es\\\/blog\\\/?s={search_term_string}\"},\"query-input\":{\"@type\":\"PropertyValueSpecification\",\"valueRequired\":true,\"valueName\":\"search_term_string\"}}],\"inLanguage\":\"es\"},{\"@type\":\"Organization\",\"@id\":\"https:\\\/\\\/www.motif.es\\\/blog\\\/#organization\",\"name\":\"Motif Wallpapers S.L.U.\",\"url\":\"https:\\\/\\\/www.motif.es\\\/blog\\\/\",\"logo\":{\"@type\":\"ImageObject\",\"inLanguage\":\"es\",\"@id\":\"https:\\\/\\\/www.motif.es\\\/blog\\\/#\\\/schema\\\/logo\\\/image\\\/\",\"url\":\"https:\\\/\\\/motif.es\\\/blog\\\/wp-content\\\/uploads\\\/2021\\\/06\\\/logo-motif.jpg\",\"contentUrl\":\"https:\\\/\\\/motif.es\\\/blog\\\/wp-content\\\/uploads\\\/2021\\\/06\\\/logo-motif.jpg\",\"width\":464,\"height\":464,\"caption\":\"Motif Wallpapers S.L.U.\"},\"image\":{\"@id\":\"https:\\\/\\\/www.motif.es\\\/blog\\\/#\\\/schema\\\/logo\\\/image\\\/\"},\"sameAs\":[\"https:\\\/\\\/www.facebook.com\\\/motifmorethanwalls\\\/\",\"https:\\\/\\\/www.instagram.com\\\/motif_es\\\/?hl=es\",\"https:\\\/\\\/www.pinterest.es\\\/motifwallpapers\\\/\",\"https:\\\/\\\/www.youtube.com\\\/channel\\\/UCNaOmbxD6LjcQNj4vmfVIUg\"]},{\"@type\":\"Person\",\"@id\":\"https:\\\/\\\/www.motif.es\\\/blog\\\/#\\\/schema\\\/person\\\/aac26ed80d8e02fb9525ec6b569d75e9\",\"name\":\"Comunicaci\u00f3n Motif\",\"image\":{\"@type\":\"ImageObject\",\"inLanguage\":\"es\",\"@id\":\"https:\\\/\\\/secure.gravatar.com\\\/avatar\\\/93b2fb49a03bd7a57b5f5e8c3b740113f14f25da86b090887d9353672de2d9b5?s=96&d=mm&r=g\",\"url\":\"https:\\\/\\\/secure.gravatar.com\\\/avatar\\\/93b2fb49a03bd7a57b5f5e8c3b740113f14f25da86b090887d9353672de2d9b5?s=96&d=mm&r=g\",\"contentUrl\":\"https:\\\/\\\/secure.gravatar.com\\\/avatar\\\/93b2fb49a03bd7a57b5f5e8c3b740113f14f25da86b090887d9353672de2d9b5?s=96&d=mm&r=g\",\"caption\":\"Comunicaci\u00f3n Motif\"},\"url\":\"https:\\\/\\\/www.motif.es\\\/blog\\\/author\\\/comunicacion\\\/\"}]}<\/script>\n<!-- \/ Yoast SEO plugin. -->","yoast_head_json":{"title":"\u00bfQu\u00e9 es la decoraci\u00f3n emocional y c\u00f3mo hacer que cobre vida en tu hogar? - Blog Motif","description":"Cuando se trata de dise\u00f1ar nuestros hogares, a menudo nos enfocamos en la est\u00e9tica y la funcionalidad. Sin embargo, \u00bfalguna vez has considerado c\u00f3mo tu","robots":{"index":"index","follow":"follow","max-snippet":"max-snippet:-1","max-image-preview":"max-image-preview:large","max-video-preview":"max-video-preview:-1"},"canonical":"https:\/\/www.motif.es\/blog\/que-es-la-decoracion-emocional-y-como-hacer-que-cobre-vida-en-tu-hogar\/","og_locale":"es_ES","og_type":"article","og_title":"\u00bfQu\u00e9 es la decoraci\u00f3n emocional y c\u00f3mo hacer que cobre vida en tu hogar? - Blog Motif","og_description":"Cuando se trata de dise\u00f1ar nuestros hogares, a menudo nos enfocamos en la est\u00e9tica y la funcionalidad. Sin embargo, \u00bfalguna vez has considerado c\u00f3mo tu","og_url":"https:\/\/www.motif.es\/blog\/que-es-la-decoracion-emocional-y-como-hacer-que-cobre-vida-en-tu-hogar\/","og_site_name":"Blog Motif","article_publisher":"https:\/\/www.facebook.com\/motifmorethanwalls\/","article_published_time":"2023-09-29T10:51:56+00:00","og_image":[{"width":1000,"height":1000,"url":"https:\/\/www.motif.es\/blog\/wp-content\/uploads\/2023\/09\/AMBIENTE_MURAL_LATORRE_321.jpg","type":"image\/jpeg"}],"author":"Comunicaci\u00f3n Motif","twitter_card":"summary_large_image","twitter_misc":{"Escrito por":"Comunicaci\u00f3n Motif","Tiempo de lectura":"5 minutos"},"schema":{"@context":"https:\/\/schema.org","@graph":[{"@type":"Article","@id":"https:\/\/www.motif.es\/blog\/que-es-la-decoracion-emocional-y-como-hacer-que-cobre-vida-en-tu-hogar\/#article","isPartOf":{"@id":"https:\/\/www.motif.es\/blog\/que-es-la-decoracion-emocional-y-como-hacer-que-cobre-vida-en-tu-hogar\/"},"author":{"name":"Comunicaci\u00f3n Motif","@id":"https:\/\/www.motif.es\/blog\/#\/schema\/person\/aac26ed80d8e02fb9525ec6b569d75e9"},"headline":"\u00bfQu\u00e9 es la decoraci\u00f3n emocional y c\u00f3mo hacer que cobre vida en tu hogar?","datePublished":"2023-09-29T10:51:56+00:00","mainEntityOfPage":{"@id":"https:\/\/www.motif.es\/blog\/que-es-la-decoracion-emocional-y-como-hacer-que-cobre-vida-en-tu-hogar\/"},"wordCount":774,"commentCount":0,"publisher":{"@id":"https:\/\/www.motif.es\/blog\/#organization"},"image":{"@id":"https:\/\/www.motif.es\/blog\/que-es-la-decoracion-emocional-y-como-hacer-que-cobre-vida-en-tu-hogar\/#primaryimage"},"thumbnailUrl":"https:\/\/www.motif.es\/blog\/wp-content\/uploads\/2023\/09\/AMBIENTE_MURAL_LATORRE_321.jpg","articleSection":["insp\u00edrate","sobre alfombras vin\u00edlicas","sobre papeles pintados"],"inLanguage":"es","potentialAction":[{"@type":"CommentAction","name":"Comment","target":["https:\/\/www.motif.es\/blog\/que-es-la-decoracion-emocional-y-como-hacer-que-cobre-vida-en-tu-hogar\/#respond"]}]},{"@type":"WebPage","@id":"https:\/\/www.motif.es\/blog\/que-es-la-decoracion-emocional-y-como-hacer-que-cobre-vida-en-tu-hogar\/","url":"https:\/\/www.motif.es\/blog\/que-es-la-decoracion-emocional-y-como-hacer-que-cobre-vida-en-tu-hogar\/","name":"\u00bfQu\u00e9 es la decoraci\u00f3n emocional y c\u00f3mo hacer que cobre vida en tu hogar? - Blog Motif","isPartOf":{"@id":"https:\/\/www.motif.es\/blog\/#website"},"primaryImageOfPage":{"@id":"https:\/\/www.motif.es\/blog\/que-es-la-decoracion-emocional-y-como-hacer-que-cobre-vida-en-tu-hogar\/#primaryimage"},"image":{"@id":"https:\/\/www.motif.es\/blog\/que-es-la-decoracion-emocional-y-como-hacer-que-cobre-vida-en-tu-hogar\/#primaryimage"},"thumbnailUrl":"https:\/\/www.motif.es\/blog\/wp-content\/uploads\/2023\/09\/AMBIENTE_MURAL_LATORRE_321.jpg","datePublished":"2023-09-29T10:51:56+00:00","description":"Cuando se trata de dise\u00f1ar nuestros hogares, a menudo nos enfocamos en la est\u00e9tica y la funcionalidad. Sin embargo, \u00bfalguna vez has considerado c\u00f3mo tu","breadcrumb":{"@id":"https:\/\/www.motif.es\/blog\/que-es-la-decoracion-emocional-y-como-hacer-que-cobre-vida-en-tu-hogar\/#breadcrumb"},"inLanguage":"es","potentialAction":[{"@type":"ReadAction","target":["https:\/\/www.motif.es\/blog\/que-es-la-decoracion-emocional-y-como-hacer-que-cobre-vida-en-tu-hogar\/"]}]},{"@type":"ImageObject","inLanguage":"es","@id":"https:\/\/www.motif.es\/blog\/que-es-la-decoracion-emocional-y-como-hacer-que-cobre-vida-en-tu-hogar\/#primaryimage","url":"https:\/\/www.motif.es\/blog\/wp-content\/uploads\/2023\/09\/AMBIENTE_MURAL_LATORRE_321.jpg","contentUrl":"https:\/\/www.motif.es\/blog\/wp-content\/uploads\/2023\/09\/AMBIENTE_MURAL_LATORRE_321.jpg","width":1000,"height":1000},{"@type":"BreadcrumbList","@id":"https:\/\/www.motif.es\/blog\/que-es-la-decoracion-emocional-y-como-hacer-que-cobre-vida-en-tu-hogar\/#breadcrumb","itemListElement":[{"@type":"ListItem","position":1,"name":"Blog","item":"https:\/\/www.motif.es\/blog\/"},{"@type":"ListItem","position":2,"name":"insp\u00edrate","item":"https:\/\/www.motif.es\/blog\/category\/inspirate\/"},{"@type":"ListItem","position":3,"name":"\u00bfQu\u00e9 es la decoraci\u00f3n emocional y c\u00f3mo hacer que cobre vida en tu hogar?"}]},{"@type":"WebSite","@id":"https:\/\/www.motif.es\/blog\/#website","url":"https:\/\/www.motif.es\/blog\/","name":"Blog Motif","description":"nuestro rinc\u00f3n para inspirarte","publisher":{"@id":"https:\/\/www.motif.es\/blog\/#organization"},"potentialAction":[{"@type":"SearchAction","target":{"@type":"EntryPoint","urlTemplate":"https:\/\/www.motif.es\/blog\/?s={search_term_string}"},"query-input":{"@type":"PropertyValueSpecification","valueRequired":true,"valueName":"search_term_string"}}],"inLanguage":"es"},{"@type":"Organization","@id":"https:\/\/www.motif.es\/blog\/#organization","name":"Motif Wallpapers S.L.U.","url":"https:\/\/www.motif.es\/blog\/","logo":{"@type":"ImageObject","inLanguage":"es","@id":"https:\/\/www.motif.es\/blog\/#\/schema\/logo\/image\/","url":"https:\/\/motif.es\/blog\/wp-content\/uploads\/2021\/06\/logo-motif.jpg","contentUrl":"https:\/\/motif.es\/blog\/wp-content\/uploads\/2021\/06\/logo-motif.jpg","width":464,"height":464,"caption":"Motif Wallpapers S.L.U."},"image":{"@id":"https:\/\/www.motif.es\/blog\/#\/schema\/logo\/image\/"},"sameAs":["https:\/\/www.facebook.com\/motifmorethanwalls\/","https:\/\/www.instagram.com\/motif_es\/?hl=es","https:\/\/www.pinterest.es\/motifwallpapers\/","https:\/\/www.youtube.com\/channel\/UCNaOmbxD6LjcQNj4vmfVIUg"]},{"@type":"Person","@id":"https:\/\/www.motif.es\/blog\/#\/schema\/person\/aac26ed80d8e02fb9525ec6b569d75e9","name":"Comunicaci\u00f3n Motif","image":{"@type":"ImageObject","inLanguage":"es","@id":"https:\/\/secure.gravatar.com\/avatar\/93b2fb49a03bd7a57b5f5e8c3b740113f14f25da86b090887d9353672de2d9b5?s=96&d=mm&r=g","url":"https:\/\/secure.gravatar.com\/avatar\/93b2fb49a03bd7a57b5f5e8c3b740113f14f25da86b090887d9353672de2d9b5?s=96&d=mm&r=g","contentUrl":"https:\/\/secure.gravatar.com\/avatar\/93b2fb49a03bd7a57b5f5e8c3b740113f14f25da86b090887d9353672de2d9b5?s=96&d=mm&r=g","caption":"Comunicaci\u00f3n Motif"},"url":"https:\/\/www.motif.es\/blog\/author\/comunicacion\/"}]}},"_links":{"self":[{"href":"https:\/\/www.motif.es\/blog\/wp-json\/wp\/v2\/posts\/2434","targetHints":{"allow":["GET"]}}],"collection":[{"href":"https:\/\/www.motif.es\/blog\/wp-json\/wp\/v2\/posts"}],"about":[{"href":"https:\/\/www.motif.es\/blog\/wp-json\/wp\/v2\/types\/post"}],"author":[{"embeddable":true,"href":"https:\/\/www.motif.es\/blog\/wp-json\/wp\/v2\/users\/2"}],"replies":[{"embeddable":true,"href":"https:\/\/www.motif.es\/blog\/wp-json\/wp\/v2\/comments?post=2434"}],"version-history":[{"count":1,"href":"https:\/\/www.motif.es\/blog\/wp-json\/wp\/v2\/posts\/2434\/revisions"}],"predecessor-version":[{"id":2440,"href":"https:\/\/www.motif.es\/blog\/wp-json\/wp\/v2\/posts\/2434\/revisions\/2440"}],"wp:featuredmedia":[{"embeddable":true,"href":"https:\/\/www.motif.es\/blog\/wp-json\/wp\/v2\/media\/2438"}],"wp:attachment":[{"href":"https:\/\/www.motif.es\/blog\/wp-json\/wp\/v2\/media?parent=2434"}],"wp:term":[{"taxonomy":"category","embeddable":true,"href":"https:\/\/www.motif.es\/blog\/wp-json\/wp\/v2\/categories?post=2434"},{"taxonomy":"post_tag","embeddable":true,"href":"https:\/\/www.motif.es\/blog\/wp-json\/wp\/v2\/tags?post=2434"}],"curies":[{"name":"wp","href":"https:\/\/api.w.org\/{rel}","templated":true}]}}