{"id":2516,"date":"2023-11-24T10:35:18","date_gmt":"2023-11-24T10:35:18","guid":{"rendered":"https:\/\/motif.es\/blog\/?p=2516"},"modified":"2023-11-27T10:52:36","modified_gmt":"2023-11-27T10:52:36","slug":"ideas-para-crear-un-calendario-de-adviento-original-la-cuenta-atras-para-la-navidad","status":"publish","type":"post","link":"https:\/\/www.motif.es\/blog\/ideas-para-crear-un-calendario-de-adviento-original-la-cuenta-atras-para-la-navidad\/","title":{"rendered":"Ideas para crear un calendario de Adviento original: la cuenta atr\u00e1s para la Navidad"},"content":{"rendered":"<p>La temporada navide\u00f1a est\u00e1 a la vuelta de la esquina y una de las tradiciones m\u00e1s emocionantes tanto para ni\u00f1os como para adultos es contar los d\u00edas hasta Navidad con un calendario de Adviento. Sin embargo, \u00bfpor qu\u00e9 conformarse con una versi\u00f3n tradicional cuando puedes crear un calendario de Adviento \u00fanico y original este a\u00f1o? En este art\u00edculo, te proporcionaremos una gran idea creativa para ayudarte a dise\u00f1ar un calendario de Adviento \u00fanico que brindar\u00e1 alegr\u00eda y anticipaci\u00f3n a tus celebraciones navide\u00f1as. Y lo mejor, es muy f\u00e1cil y puedes hacerlo t\u00fa misma o tu mismo.<\/p>\n<h5>Crear un Calendario de Adviendo con stickers decorativos autoadhesivos.<\/h5>\n<p>\u00bfQu\u00e9 mejor manera de apreciar recuerdos especiales que combinarlos con la emoci\u00f3n del Adviento? Crea un calendario de Adviento personalizado con stickers decorativos. Para ello solo necesitas un <strong>sticker de un \u00e1rbol de navidad<\/strong> que te guste y unos stickers de calendario de adviendo.<\/p>\n<p style=\"text-align: center;\"><img loading=\"lazy\" decoding=\"async\" class=\"alignnone size-full wp-image-2519\" src=\"https:\/\/motif.es\/blog\/wp-content\/uploads\/2023\/11\/sticker-white-pine.jpg\" alt=\"\" width=\"1000\" height=\"1000\" srcset=\"https:\/\/www.motif.es\/blog\/wp-content\/uploads\/2023\/11\/sticker-white-pine.jpg 1000w, https:\/\/www.motif.es\/blog\/wp-content\/uploads\/2023\/11\/sticker-white-pine-300x300.jpg 300w, https:\/\/www.motif.es\/blog\/wp-content\/uploads\/2023\/11\/sticker-white-pine-150x150.jpg 150w, https:\/\/www.motif.es\/blog\/wp-content\/uploads\/2023\/11\/sticker-white-pine-768x768.jpg 768w, https:\/\/www.motif.es\/blog\/wp-content\/uploads\/2023\/11\/sticker-white-pine-400x400.jpg 400w, https:\/\/www.motif.es\/blog\/wp-content\/uploads\/2023\/11\/sticker-white-pine-96x96.jpg 96w\" sizes=\"auto, (max-width: 1000px) 100vw, 1000px\" \/><\/p>\n<p style=\"text-align: center;\"><a href=\"https:\/\/www.motif.es\/stickers-decorativos\/21484-30363-sticker-white-pine.html#\/30-tamano_sticker_decorativo-32x200cm\/64-color-multicolor\" target=\"_blank\" rel=\"noopener\"><em>Sticker White Pine<\/em><\/a><\/p>\n<p>Primero coloca el sticker del \u00e1rbol, en la pared o donde lo quieras poner y depu\u00e9s adjunta cada sticker del calendario de adviento a un sobre peque\u00f1o y ll\u00e9nalos de golosinas festivas o mensajes reflexivos, o cualquier detalle bonito y original que quieras. Colo\u00f3calos sobre el \u00e1rbol muestra este calendario \u00fanico de manera destacada en tu hogar.<\/p>\n<p>As\u00ed de sencillo puedes crear un <strong>\u00e1rbol de navidad con stickers decorativos.<\/strong><\/p>\n<blockquote class=\"instagram-media\" style=\"background: #FFF; border: 0; border-radius: 3px; box-shadow: 0 0 1px 0 rgba(0,0,0,0.5),0 1px 10px 0 rgba(0,0,0,0.15); margin: 1px; max-width: 540px; min-width: 326px; padding: 0; width: calc(100% - 2px);\" data-instgrm-captioned=\"\" data-instgrm-permalink=\"https:\/\/www.instagram.com\/reel\/Cz8N5LyPMcp\/?utm_source=ig_embed&amp;utm_campaign=loading\" data-instgrm-version=\"14\">\n<div style=\"padding: 16px;\">\n<p>&nbsp;<\/p>\n<div style=\"display: flex; flex-direction: row; align-items: center;\">\n<div style=\"background-color: #f4f4f4; border-radius: 50%; flex-grow: 0; height: 40px; margin-right: 14px; width: 40px;\"><\/div>\n<div style=\"display: flex; flex-direction: column; flex-grow: 1; justify-content: center;\">\n<div style=\"background-color: #f4f4f4; border-radius: 4px; flex-grow: 0; height: 14px; margin-bottom: 6px; width: 100px;\"><\/div>\n<div style=\"background-color: #f4f4f4; border-radius: 4px; flex-grow: 0; height: 14px; width: 60px;\"><\/div>\n<\/div>\n<\/div>\n<div style=\"padding: 19% 0;\"><\/div>\n<div style=\"display: block; height: 50px; margin: 0 auto 12px; width: 50px;\"><\/div>\n<div style=\"padding-top: 8px;\">\n<div style=\"color: #3897f0; font-family: Arial,sans-serif; font-size: 14px; font-style: normal; font-weight: 550; line-height: 18px;\">Ver esta publicaci\u00f3n en Instagram<\/div>\n<\/div>\n<div style=\"padding: 12.5% 0;\"><\/div>\n<div style=\"display: flex; flex-direction: row; margin-bottom: 14px; align-items: center;\">\n<div>\n<div style=\"background-color: #f4f4f4; border-radius: 50%; height: 12.5px; width: 12.5px; transform: translateX(0px) translateY(7px);\"><\/div>\n<div style=\"background-color: #f4f4f4; height: 12.5px; transform: rotate(-45deg) translateX(3px) translateY(1px); width: 12.5px; flex-grow: 0; margin-right: 14px; margin-left: 2px;\"><\/div>\n<div style=\"background-color: #f4f4f4; border-radius: 50%; height: 12.5px; width: 12.5px; transform: translateX(9px) translateY(-18px);\"><\/div>\n<\/div>\n<div style=\"margin-left: 8px;\">\n<div style=\"background-color: #f4f4f4; border-radius: 50%; flex-grow: 0; height: 20px; width: 20px;\"><\/div>\n<div style=\"width: 0; height: 0; border-top: 2px solid transparent; border-left: 6px solid #f4f4f4; border-bottom: 2px solid transparent; transform: translateX(16px) translateY(-4px) rotate(30deg);\"><\/div>\n<\/div>\n<div style=\"margin-left: auto;\">\n<div style=\"width: 0px; border-top: 8px solid #F4F4F4; border-right: 8px solid transparent; transform: translateY(16px);\"><\/div>\n<div style=\"background-color: #f4f4f4; flex-grow: 0; height: 12px; width: 16px; transform: translateY(-4px);\"><\/div>\n<div style=\"width: 0; height: 0; border-top: 8px solid #F4F4F4; border-left: 8px solid transparent; transform: translateY(-4px) translateX(8px);\"><\/div>\n<\/div>\n<\/div>\n<div style=\"display: flex; flex-direction: column; flex-grow: 1; justify-content: center; margin-bottom: 24px;\">\n<div style=\"background-color: #f4f4f4; border-radius: 4px; flex-grow: 0; height: 14px; margin-bottom: 6px; width: 224px;\"><\/div>\n<div style=\"background-color: #f4f4f4; border-radius: 4px; flex-grow: 0; height: 14px; width: 144px;\"><\/div>\n<\/div>\n<p>&nbsp;<\/p>\n<p style=\"color: #c9c8cd; font-family: Arial,sans-serif; font-size: 14px; line-height: 17px; margin-bottom: 0; margin-top: 8px; overflow: hidden; padding: 8px 0 7px; text-align: center; text-overflow: ellipsis; white-space: nowrap;\"><a style=\"color: #c9c8cd; font-family: Arial,sans-serif; font-size: 14px; font-style: normal; font-weight: normal; line-height: 17px; text-decoration: none;\" href=\"https:\/\/www.instagram.com\/reel\/Cz8N5LyPMcp\/?utm_source=ig_embed&amp;utm_campaign=loading\" target=\"_blank\" rel=\"noopener\">Una publicaci\u00f3n compartida de Motif &#8211; more than walls &#8211; (@motif_es)<\/a><\/p>\n<\/div>\n<\/blockquote>\n<p><script async src=\"\/\/www.instagram.com\/embed.js\"><\/script><\/p>\n<h5>Convi\u00e9rtelo en un Calendario de Adviento tem\u00e1tico de aventuras<\/h5>\n<p>Adem\u00e1s, para a\u00f1adirle emoci\u00f3n puedes agregar un elemento de emoci\u00f3n y aventura a tu cuenta regresiva navide\u00f1a convirti\u00e9ndolo un calendario de Adviento tem\u00e1tico. Cada d\u00eda, proporciona una pista o acertijo que conduzca a una sorpresa escondida: un peque\u00f1o regalo, una actividad o un antojo. Por ejemplo, la pista puede llevar a una b\u00fasqueda del tesoro o una actividad al aire libre que recuerde la temporada navide\u00f1a. Este <strong>calendario de Adviento<\/strong> mantendr\u00e1 a todos ilusionados y crear\u00e1 recuerdos duraderos.<\/p>\n<p style=\"text-align: center;\"><img loading=\"lazy\" decoding=\"async\" class=\"alignnone wp-image-2518 size-full\" src=\"https:\/\/motif.es\/blog\/wp-content\/uploads\/2023\/11\/sticker-adviento-con-48-stickers-e1701082186579.jpg\" alt=\"\" width=\"1000\" height=\"671\" srcset=\"https:\/\/www.motif.es\/blog\/wp-content\/uploads\/2023\/11\/sticker-adviento-con-48-stickers-e1701082186579.jpg 1000w, https:\/\/www.motif.es\/blog\/wp-content\/uploads\/2023\/11\/sticker-adviento-con-48-stickers-e1701082186579-300x201.jpg 300w, https:\/\/www.motif.es\/blog\/wp-content\/uploads\/2023\/11\/sticker-adviento-con-48-stickers-e1701082186579-768x515.jpg 768w, https:\/\/www.motif.es\/blog\/wp-content\/uploads\/2023\/11\/sticker-adviento-con-48-stickers-e1701082186579-150x101.jpg 150w\" sizes=\"auto, (max-width: 1000px) 100vw, 1000px\" \/><\/p>\n<p style=\"text-align: center;\"><a href=\"https:\/\/www.motif.es\/stickers-decorativos\/21483-30362-sticker-adviento-con-48-stickers.html#\/30-tamano_sticker_decorativo-32x200cm\/64-color-multicolor\" target=\"_blank\" rel=\"noopener\"><em>Stickers Adviento<\/em><\/a><\/p>\n<p>Como puedes ver, en lugar de conformarte con un calendario de Adviento convencional este a\u00f1o, es muy f\u00e1cil liberar tu creatividad y constuir uno original con nuestros<strong> stickers decorativos autoadhesivos<\/strong> que agregue un toque \u00fanico a tus festividades navide\u00f1as. Deja volar tu imaginaci\u00f3n y sorprende a tus seres queridos con una cuenta regresiva verdaderamente memorable hasta Navidad!<\/p>\n","protected":false},"excerpt":{"rendered":"<p>La temporada navide\u00f1a est\u00e1 a la vuelta de la esquina y una de las tradiciones m\u00e1s emocionantes tanto para ni\u00f1os como para adultos es contar los d\u00edas hasta Navidad con un calendario de Adviento. Sin embargo, \u00bfpor qu\u00e9 conformarse con una versi\u00f3n tradicional cuando puedes crear un calendario de Adviento \u00fanico y original este a\u00f1o? [&#8230;]<\/p>\n","protected":false},"author":2,"featured_media":2518,"comment_status":"open","ping_status":"open","sticky":false,"template":"","format":"standard","meta":{"_acf_changed":false,"footnotes":""},"categories":[9,12],"tags":[],"class_list":["post-2516","post","type-post","status-publish","format-standard","has-post-thumbnail","hentry","category-inspirate","category-sobre-stikers"],"acf":[],"yoast_head":"<!-- This site is optimized with the Yoast SEO plugin v27.5 - https:\/\/yoast.com\/product\/yoast-seo-wordpress\/ -->\n<title>Ideas para crear un calendario de Adviento original: la cuenta atr\u00e1s para la Navidad - Blog Motif<\/title>\n<meta name=\"description\" content=\"La temporada navide\u00f1a est\u00e1 a la vuelta de la esquina y una de las tradiciones m\u00e1s emocionantes tanto para ni\u00f1os como para adultos es contar los d\u00edas hasta\" \/>\n<meta name=\"robots\" content=\"index, follow, max-snippet:-1, max-image-preview:large, max-video-preview:-1\" \/>\n<link rel=\"canonical\" href=\"https:\/\/www.motif.es\/blog\/ideas-para-crear-un-calendario-de-adviento-original-la-cuenta-atras-para-la-navidad\/\" \/>\n<meta property=\"og:locale\" content=\"es_ES\" \/>\n<meta property=\"og:type\" content=\"article\" \/>\n<meta property=\"og:title\" content=\"Ideas para crear un calendario de Adviento original: la cuenta atr\u00e1s para la Navidad - Blog Motif\" \/>\n<meta property=\"og:description\" content=\"La temporada navide\u00f1a est\u00e1 a la vuelta de la esquina y una de las tradiciones m\u00e1s emocionantes tanto para ni\u00f1os como para adultos es contar los d\u00edas hasta\" \/>\n<meta property=\"og:url\" content=\"https:\/\/www.motif.es\/blog\/ideas-para-crear-un-calendario-de-adviento-original-la-cuenta-atras-para-la-navidad\/\" \/>\n<meta property=\"og:site_name\" content=\"Blog Motif\" \/>\n<meta property=\"article:publisher\" content=\"https:\/\/www.facebook.com\/motifmorethanwalls\/\" \/>\n<meta property=\"article:published_time\" content=\"2023-11-24T10:35:18+00:00\" \/>\n<meta property=\"article:modified_time\" content=\"2023-11-27T10:52:36+00:00\" \/>\n<meta property=\"og:image\" content=\"https:\/\/www.motif.es\/blog\/wp-content\/uploads\/2023\/11\/sticker-adviento-con-48-stickers-e1701082186579.jpg\" \/>\n\t<meta property=\"og:image:width\" content=\"1000\" \/>\n\t<meta property=\"og:image:height\" content=\"671\" \/>\n\t<meta property=\"og:image:type\" content=\"image\/jpeg\" \/>\n<meta name=\"author\" content=\"Comunicaci\u00f3n Motif\" \/>\n<meta name=\"twitter:card\" content=\"summary_large_image\" \/>\n<meta name=\"twitter:label1\" content=\"Escrito por\" \/>\n\t<meta name=\"twitter:data1\" content=\"Comunicaci\u00f3n Motif\" \/>\n\t<meta name=\"twitter:label2\" content=\"Tiempo de lectura\" \/>\n\t<meta name=\"twitter:data2\" content=\"3 minutos\" \/>\n<script type=\"application\/ld+json\" class=\"yoast-schema-graph\">{\"@context\":\"https:\\\/\\\/schema.org\",\"@graph\":[{\"@type\":\"Article\",\"@id\":\"https:\\\/\\\/www.motif.es\\\/blog\\\/ideas-para-crear-un-calendario-de-adviento-original-la-cuenta-atras-para-la-navidad\\\/#article\",\"isPartOf\":{\"@id\":\"https:\\\/\\\/www.motif.es\\\/blog\\\/ideas-para-crear-un-calendario-de-adviento-original-la-cuenta-atras-para-la-navidad\\\/\"},\"author\":{\"name\":\"Comunicaci\u00f3n Motif\",\"@id\":\"https:\\\/\\\/www.motif.es\\\/blog\\\/#\\\/schema\\\/person\\\/aac26ed80d8e02fb9525ec6b569d75e9\"},\"headline\":\"Ideas para crear un calendario de Adviento original: la cuenta atr\u00e1s para la Navidad\",\"datePublished\":\"2023-11-24T10:35:18+00:00\",\"dateModified\":\"2023-11-27T10:52:36+00:00\",\"mainEntityOfPage\":{\"@id\":\"https:\\\/\\\/www.motif.es\\\/blog\\\/ideas-para-crear-un-calendario-de-adviento-original-la-cuenta-atras-para-la-navidad\\\/\"},\"wordCount\":437,\"commentCount\":0,\"publisher\":{\"@id\":\"https:\\\/\\\/www.motif.es\\\/blog\\\/#organization\"},\"image\":{\"@id\":\"https:\\\/\\\/www.motif.es\\\/blog\\\/ideas-para-crear-un-calendario-de-adviento-original-la-cuenta-atras-para-la-navidad\\\/#primaryimage\"},\"thumbnailUrl\":\"https:\\\/\\\/www.motif.es\\\/blog\\\/wp-content\\\/uploads\\\/2023\\\/11\\\/sticker-adviento-con-48-stickers-e1701082186579.jpg\",\"articleSection\":[\"insp\u00edrate\",\"sobre stikers\"],\"inLanguage\":\"es\",\"potentialAction\":[{\"@type\":\"CommentAction\",\"name\":\"Comment\",\"target\":[\"https:\\\/\\\/www.motif.es\\\/blog\\\/ideas-para-crear-un-calendario-de-adviento-original-la-cuenta-atras-para-la-navidad\\\/#respond\"]}]},{\"@type\":\"WebPage\",\"@id\":\"https:\\\/\\\/www.motif.es\\\/blog\\\/ideas-para-crear-un-calendario-de-adviento-original-la-cuenta-atras-para-la-navidad\\\/\",\"url\":\"https:\\\/\\\/www.motif.es\\\/blog\\\/ideas-para-crear-un-calendario-de-adviento-original-la-cuenta-atras-para-la-navidad\\\/\",\"name\":\"Ideas para crear un calendario de Adviento original: la cuenta atr\u00e1s para la Navidad - Blog Motif\",\"isPartOf\":{\"@id\":\"https:\\\/\\\/www.motif.es\\\/blog\\\/#website\"},\"primaryImageOfPage\":{\"@id\":\"https:\\\/\\\/www.motif.es\\\/blog\\\/ideas-para-crear-un-calendario-de-adviento-original-la-cuenta-atras-para-la-navidad\\\/#primaryimage\"},\"image\":{\"@id\":\"https:\\\/\\\/www.motif.es\\\/blog\\\/ideas-para-crear-un-calendario-de-adviento-original-la-cuenta-atras-para-la-navidad\\\/#primaryimage\"},\"thumbnailUrl\":\"https:\\\/\\\/www.motif.es\\\/blog\\\/wp-content\\\/uploads\\\/2023\\\/11\\\/sticker-adviento-con-48-stickers-e1701082186579.jpg\",\"datePublished\":\"2023-11-24T10:35:18+00:00\",\"dateModified\":\"2023-11-27T10:52:36+00:00\",\"description\":\"La temporada navide\u00f1a est\u00e1 a la vuelta de la esquina y una de las tradiciones m\u00e1s emocionantes tanto para ni\u00f1os como para adultos es contar los d\u00edas hasta\",\"breadcrumb\":{\"@id\":\"https:\\\/\\\/www.motif.es\\\/blog\\\/ideas-para-crear-un-calendario-de-adviento-original-la-cuenta-atras-para-la-navidad\\\/#breadcrumb\"},\"inLanguage\":\"es\",\"potentialAction\":[{\"@type\":\"ReadAction\",\"target\":[\"https:\\\/\\\/www.motif.es\\\/blog\\\/ideas-para-crear-un-calendario-de-adviento-original-la-cuenta-atras-para-la-navidad\\\/\"]}]},{\"@type\":\"ImageObject\",\"inLanguage\":\"es\",\"@id\":\"https:\\\/\\\/www.motif.es\\\/blog\\\/ideas-para-crear-un-calendario-de-adviento-original-la-cuenta-atras-para-la-navidad\\\/#primaryimage\",\"url\":\"https:\\\/\\\/www.motif.es\\\/blog\\\/wp-content\\\/uploads\\\/2023\\\/11\\\/sticker-adviento-con-48-stickers-e1701082186579.jpg\",\"contentUrl\":\"https:\\\/\\\/www.motif.es\\\/blog\\\/wp-content\\\/uploads\\\/2023\\\/11\\\/sticker-adviento-con-48-stickers-e1701082186579.jpg\",\"width\":1000,\"height\":671},{\"@type\":\"BreadcrumbList\",\"@id\":\"https:\\\/\\\/www.motif.es\\\/blog\\\/ideas-para-crear-un-calendario-de-adviento-original-la-cuenta-atras-para-la-navidad\\\/#breadcrumb\",\"itemListElement\":[{\"@type\":\"ListItem\",\"position\":1,\"name\":\"Blog\",\"item\":\"https:\\\/\\\/www.motif.es\\\/blog\\\/\"},{\"@type\":\"ListItem\",\"position\":2,\"name\":\"insp\u00edrate\",\"item\":\"https:\\\/\\\/www.motif.es\\\/blog\\\/category\\\/inspirate\\\/\"},{\"@type\":\"ListItem\",\"position\":3,\"name\":\"Ideas para crear un calendario de Adviento original: la cuenta atr\u00e1s para la Navidad\"}]},{\"@type\":\"WebSite\",\"@id\":\"https:\\\/\\\/www.motif.es\\\/blog\\\/#website\",\"url\":\"https:\\\/\\\/www.motif.es\\\/blog\\\/\",\"name\":\"Blog Motif\",\"description\":\"nuestro rinc\u00f3n para inspirarte\",\"publisher\":{\"@id\":\"https:\\\/\\\/www.motif.es\\\/blog\\\/#organization\"},\"potentialAction\":[{\"@type\":\"SearchAction\",\"target\":{\"@type\":\"EntryPoint\",\"urlTemplate\":\"https:\\\/\\\/www.motif.es\\\/blog\\\/?s={search_term_string}\"},\"query-input\":{\"@type\":\"PropertyValueSpecification\",\"valueRequired\":true,\"valueName\":\"search_term_string\"}}],\"inLanguage\":\"es\"},{\"@type\":\"Organization\",\"@id\":\"https:\\\/\\\/www.motif.es\\\/blog\\\/#organization\",\"name\":\"Motif Wallpapers S.L.U.\",\"url\":\"https:\\\/\\\/www.motif.es\\\/blog\\\/\",\"logo\":{\"@type\":\"ImageObject\",\"inLanguage\":\"es\",\"@id\":\"https:\\\/\\\/www.motif.es\\\/blog\\\/#\\\/schema\\\/logo\\\/image\\\/\",\"url\":\"https:\\\/\\\/motif.es\\\/blog\\\/wp-content\\\/uploads\\\/2021\\\/06\\\/logo-motif.jpg\",\"contentUrl\":\"https:\\\/\\\/motif.es\\\/blog\\\/wp-content\\\/uploads\\\/2021\\\/06\\\/logo-motif.jpg\",\"width\":464,\"height\":464,\"caption\":\"Motif Wallpapers S.L.U.\"},\"image\":{\"@id\":\"https:\\\/\\\/www.motif.es\\\/blog\\\/#\\\/schema\\\/logo\\\/image\\\/\"},\"sameAs\":[\"https:\\\/\\\/www.facebook.com\\\/motifmorethanwalls\\\/\",\"https:\\\/\\\/www.instagram.com\\\/motif_es\\\/?hl=es\",\"https:\\\/\\\/www.pinterest.es\\\/motifwallpapers\\\/\",\"https:\\\/\\\/www.youtube.com\\\/channel\\\/UCNaOmbxD6LjcQNj4vmfVIUg\"]},{\"@type\":\"Person\",\"@id\":\"https:\\\/\\\/www.motif.es\\\/blog\\\/#\\\/schema\\\/person\\\/aac26ed80d8e02fb9525ec6b569d75e9\",\"name\":\"Comunicaci\u00f3n Motif\",\"image\":{\"@type\":\"ImageObject\",\"inLanguage\":\"es\",\"@id\":\"https:\\\/\\\/secure.gravatar.com\\\/avatar\\\/93b2fb49a03bd7a57b5f5e8c3b740113f14f25da86b090887d9353672de2d9b5?s=96&d=mm&r=g\",\"url\":\"https:\\\/\\\/secure.gravatar.com\\\/avatar\\\/93b2fb49a03bd7a57b5f5e8c3b740113f14f25da86b090887d9353672de2d9b5?s=96&d=mm&r=g\",\"contentUrl\":\"https:\\\/\\\/secure.gravatar.com\\\/avatar\\\/93b2fb49a03bd7a57b5f5e8c3b740113f14f25da86b090887d9353672de2d9b5?s=96&d=mm&r=g\",\"caption\":\"Comunicaci\u00f3n Motif\"},\"url\":\"https:\\\/\\\/www.motif.es\\\/blog\\\/author\\\/comunicacion\\\/\"}]}<\/script>\n<!-- \/ Yoast SEO plugin. -->","yoast_head_json":{"title":"Ideas para crear un calendario de Adviento original: la cuenta atr\u00e1s para la Navidad - Blog Motif","description":"La temporada navide\u00f1a est\u00e1 a la vuelta de la esquina y una de las tradiciones m\u00e1s emocionantes tanto para ni\u00f1os como para adultos es contar los d\u00edas hasta","robots":{"index":"index","follow":"follow","max-snippet":"max-snippet:-1","max-image-preview":"max-image-preview:large","max-video-preview":"max-video-preview:-1"},"canonical":"https:\/\/www.motif.es\/blog\/ideas-para-crear-un-calendario-de-adviento-original-la-cuenta-atras-para-la-navidad\/","og_locale":"es_ES","og_type":"article","og_title":"Ideas para crear un calendario de Adviento original: la cuenta atr\u00e1s para la Navidad - Blog Motif","og_description":"La temporada navide\u00f1a est\u00e1 a la vuelta de la esquina y una de las tradiciones m\u00e1s emocionantes tanto para ni\u00f1os como para adultos es contar los d\u00edas hasta","og_url":"https:\/\/www.motif.es\/blog\/ideas-para-crear-un-calendario-de-adviento-original-la-cuenta-atras-para-la-navidad\/","og_site_name":"Blog Motif","article_publisher":"https:\/\/www.facebook.com\/motifmorethanwalls\/","article_published_time":"2023-11-24T10:35:18+00:00","article_modified_time":"2023-11-27T10:52:36+00:00","og_image":[{"width":1000,"height":671,"url":"https:\/\/www.motif.es\/blog\/wp-content\/uploads\/2023\/11\/sticker-adviento-con-48-stickers-e1701082186579.jpg","type":"image\/jpeg"}],"author":"Comunicaci\u00f3n Motif","twitter_card":"summary_large_image","twitter_misc":{"Escrito por":"Comunicaci\u00f3n Motif","Tiempo de lectura":"3 minutos"},"schema":{"@context":"https:\/\/schema.org","@graph":[{"@type":"Article","@id":"https:\/\/www.motif.es\/blog\/ideas-para-crear-un-calendario-de-adviento-original-la-cuenta-atras-para-la-navidad\/#article","isPartOf":{"@id":"https:\/\/www.motif.es\/blog\/ideas-para-crear-un-calendario-de-adviento-original-la-cuenta-atras-para-la-navidad\/"},"author":{"name":"Comunicaci\u00f3n Motif","@id":"https:\/\/www.motif.es\/blog\/#\/schema\/person\/aac26ed80d8e02fb9525ec6b569d75e9"},"headline":"Ideas para crear un calendario de Adviento original: la cuenta atr\u00e1s para la Navidad","datePublished":"2023-11-24T10:35:18+00:00","dateModified":"2023-11-27T10:52:36+00:00","mainEntityOfPage":{"@id":"https:\/\/www.motif.es\/blog\/ideas-para-crear-un-calendario-de-adviento-original-la-cuenta-atras-para-la-navidad\/"},"wordCount":437,"commentCount":0,"publisher":{"@id":"https:\/\/www.motif.es\/blog\/#organization"},"image":{"@id":"https:\/\/www.motif.es\/blog\/ideas-para-crear-un-calendario-de-adviento-original-la-cuenta-atras-para-la-navidad\/#primaryimage"},"thumbnailUrl":"https:\/\/www.motif.es\/blog\/wp-content\/uploads\/2023\/11\/sticker-adviento-con-48-stickers-e1701082186579.jpg","articleSection":["insp\u00edrate","sobre stikers"],"inLanguage":"es","potentialAction":[{"@type":"CommentAction","name":"Comment","target":["https:\/\/www.motif.es\/blog\/ideas-para-crear-un-calendario-de-adviento-original-la-cuenta-atras-para-la-navidad\/#respond"]}]},{"@type":"WebPage","@id":"https:\/\/www.motif.es\/blog\/ideas-para-crear-un-calendario-de-adviento-original-la-cuenta-atras-para-la-navidad\/","url":"https:\/\/www.motif.es\/blog\/ideas-para-crear-un-calendario-de-adviento-original-la-cuenta-atras-para-la-navidad\/","name":"Ideas para crear un calendario de Adviento original: la cuenta atr\u00e1s para la Navidad - Blog Motif","isPartOf":{"@id":"https:\/\/www.motif.es\/blog\/#website"},"primaryImageOfPage":{"@id":"https:\/\/www.motif.es\/blog\/ideas-para-crear-un-calendario-de-adviento-original-la-cuenta-atras-para-la-navidad\/#primaryimage"},"image":{"@id":"https:\/\/www.motif.es\/blog\/ideas-para-crear-un-calendario-de-adviento-original-la-cuenta-atras-para-la-navidad\/#primaryimage"},"thumbnailUrl":"https:\/\/www.motif.es\/blog\/wp-content\/uploads\/2023\/11\/sticker-adviento-con-48-stickers-e1701082186579.jpg","datePublished":"2023-11-24T10:35:18+00:00","dateModified":"2023-11-27T10:52:36+00:00","description":"La temporada navide\u00f1a est\u00e1 a la vuelta de la esquina y una de las tradiciones m\u00e1s emocionantes tanto para ni\u00f1os como para adultos es contar los d\u00edas hasta","breadcrumb":{"@id":"https:\/\/www.motif.es\/blog\/ideas-para-crear-un-calendario-de-adviento-original-la-cuenta-atras-para-la-navidad\/#breadcrumb"},"inLanguage":"es","potentialAction":[{"@type":"ReadAction","target":["https:\/\/www.motif.es\/blog\/ideas-para-crear-un-calendario-de-adviento-original-la-cuenta-atras-para-la-navidad\/"]}]},{"@type":"ImageObject","inLanguage":"es","@id":"https:\/\/www.motif.es\/blog\/ideas-para-crear-un-calendario-de-adviento-original-la-cuenta-atras-para-la-navidad\/#primaryimage","url":"https:\/\/www.motif.es\/blog\/wp-content\/uploads\/2023\/11\/sticker-adviento-con-48-stickers-e1701082186579.jpg","contentUrl":"https:\/\/www.motif.es\/blog\/wp-content\/uploads\/2023\/11\/sticker-adviento-con-48-stickers-e1701082186579.jpg","width":1000,"height":671},{"@type":"BreadcrumbList","@id":"https:\/\/www.motif.es\/blog\/ideas-para-crear-un-calendario-de-adviento-original-la-cuenta-atras-para-la-navidad\/#breadcrumb","itemListElement":[{"@type":"ListItem","position":1,"name":"Blog","item":"https:\/\/www.motif.es\/blog\/"},{"@type":"ListItem","position":2,"name":"insp\u00edrate","item":"https:\/\/www.motif.es\/blog\/category\/inspirate\/"},{"@type":"ListItem","position":3,"name":"Ideas para crear un calendario de Adviento original: la cuenta atr\u00e1s para la Navidad"}]},{"@type":"WebSite","@id":"https:\/\/www.motif.es\/blog\/#website","url":"https:\/\/www.motif.es\/blog\/","name":"Blog Motif","description":"nuestro rinc\u00f3n para inspirarte","publisher":{"@id":"https:\/\/www.motif.es\/blog\/#organization"},"potentialAction":[{"@type":"SearchAction","target":{"@type":"EntryPoint","urlTemplate":"https:\/\/www.motif.es\/blog\/?s={search_term_string}"},"query-input":{"@type":"PropertyValueSpecification","valueRequired":true,"valueName":"search_term_string"}}],"inLanguage":"es"},{"@type":"Organization","@id":"https:\/\/www.motif.es\/blog\/#organization","name":"Motif Wallpapers S.L.U.","url":"https:\/\/www.motif.es\/blog\/","logo":{"@type":"ImageObject","inLanguage":"es","@id":"https:\/\/www.motif.es\/blog\/#\/schema\/logo\/image\/","url":"https:\/\/motif.es\/blog\/wp-content\/uploads\/2021\/06\/logo-motif.jpg","contentUrl":"https:\/\/motif.es\/blog\/wp-content\/uploads\/2021\/06\/logo-motif.jpg","width":464,"height":464,"caption":"Motif Wallpapers S.L.U."},"image":{"@id":"https:\/\/www.motif.es\/blog\/#\/schema\/logo\/image\/"},"sameAs":["https:\/\/www.facebook.com\/motifmorethanwalls\/","https:\/\/www.instagram.com\/motif_es\/?hl=es","https:\/\/www.pinterest.es\/motifwallpapers\/","https:\/\/www.youtube.com\/channel\/UCNaOmbxD6LjcQNj4vmfVIUg"]},{"@type":"Person","@id":"https:\/\/www.motif.es\/blog\/#\/schema\/person\/aac26ed80d8e02fb9525ec6b569d75e9","name":"Comunicaci\u00f3n Motif","image":{"@type":"ImageObject","inLanguage":"es","@id":"https:\/\/secure.gravatar.com\/avatar\/93b2fb49a03bd7a57b5f5e8c3b740113f14f25da86b090887d9353672de2d9b5?s=96&d=mm&r=g","url":"https:\/\/secure.gravatar.com\/avatar\/93b2fb49a03bd7a57b5f5e8c3b740113f14f25da86b090887d9353672de2d9b5?s=96&d=mm&r=g","contentUrl":"https:\/\/secure.gravatar.com\/avatar\/93b2fb49a03bd7a57b5f5e8c3b740113f14f25da86b090887d9353672de2d9b5?s=96&d=mm&r=g","caption":"Comunicaci\u00f3n Motif"},"url":"https:\/\/www.motif.es\/blog\/author\/comunicacion\/"}]}},"_links":{"self":[{"href":"https:\/\/www.motif.es\/blog\/wp-json\/wp\/v2\/posts\/2516","targetHints":{"allow":["GET"]}}],"collection":[{"href":"https:\/\/www.motif.es\/blog\/wp-json\/wp\/v2\/posts"}],"about":[{"href":"https:\/\/www.motif.es\/blog\/wp-json\/wp\/v2\/types\/post"}],"author":[{"embeddable":true,"href":"https:\/\/www.motif.es\/blog\/wp-json\/wp\/v2\/users\/2"}],"replies":[{"embeddable":true,"href":"https:\/\/www.motif.es\/blog\/wp-json\/wp\/v2\/comments?post=2516"}],"version-history":[{"count":1,"href":"https:\/\/www.motif.es\/blog\/wp-json\/wp\/v2\/posts\/2516\/revisions"}],"predecessor-version":[{"id":2520,"href":"https:\/\/www.motif.es\/blog\/wp-json\/wp\/v2\/posts\/2516\/revisions\/2520"}],"wp:featuredmedia":[{"embeddable":true,"href":"https:\/\/www.motif.es\/blog\/wp-json\/wp\/v2\/media\/2518"}],"wp:attachment":[{"href":"https:\/\/www.motif.es\/blog\/wp-json\/wp\/v2\/media?parent=2516"}],"wp:term":[{"taxonomy":"category","embeddable":true,"href":"https:\/\/www.motif.es\/blog\/wp-json\/wp\/v2\/categories?post=2516"},{"taxonomy":"post_tag","embeddable":true,"href":"https:\/\/www.motif.es\/blog\/wp-json\/wp\/v2\/tags?post=2516"}],"curies":[{"name":"wp","href":"https:\/\/api.w.org\/{rel}","templated":true}]}}