{"id":252,"date":"2019-02-07T17:33:43","date_gmt":"2019-02-07T17:33:43","guid":{"rendered":"https:\/\/motif.es\/blog\/?p=252"},"modified":"2020-11-30T12:13:35","modified_gmt":"2020-11-30T12:13:35","slug":"por-que-los-manteles-individuales-de-motif-son-la-mejor-opcion-para-tu-mesa","status":"publish","type":"post","link":"https:\/\/www.motif.es\/blog\/por-que-los-manteles-individuales-de-motif-son-la-mejor-opcion-para-tu-mesa\/","title":{"rendered":"\u00bfPor qu\u00e9 los manteles individuales de Motif son la mejor opci\u00f3n para tu mesa?"},"content":{"rendered":"<p><strong>1. Olv\u00eddate del quita manchas<\/strong><\/p>\n<p>\u00bfT\u00fa tambi\u00e9n eres de las que despu\u00e9s de cada comida ten\u00eda que sacar el quitamanchas para evitar cercos imborrables en tu mantel de tela? Con los manteles individuales <span style=\"text-decoration: underline;\">solo tendr\u00e1s que pasar una bayeta<\/span>, que se llevar\u00e1 de un plumazo cualquier residuo \u00a1y listo!<\/p>\n<p>Son antibacterianos e <strong>impermeables<\/strong>, si se derrama algo sobre el no traspasar\u00e1.<\/p>\n<p><img loading=\"lazy\" decoding=\"async\" src=\"https:\/\/www.motif.es\/img\/cms\/pack-de-2-manteles-ancient-gris.jpg\" alt=\"\" width=\"1000\" height=\"1000\" \/><\/p>\n<p style=\"text-align: right;\"><a href=\"https:\/\/www.motif.es\/manteles-individuales\/10604-3147-pack-de-2-manteles-ancient-gris.html#\/32-tamano-48x33_cm\" target=\"_blank\" rel=\"noreferrer noopener\">Mantel individual Terrazo Emotions\u00a0<\/a><\/p>\n<p><strong>2. Hay cosas que los manteles no pueden evitar<\/strong><\/p>\n<p>Otro de los motivos por los que nos encantan nuestro manteles individuales es porque <span style=\"text-decoration: underline;\">tienen s\u00faper poderes<\/span>. S\u00ed s\u00ed, como lees. \u00bfQue un peque da un golpe con sus cubiertos sobre el mantel? El da\u00f1o <strong>no llegar\u00e1 a la mesa<\/strong> \u00bfQu\u00e9 dejas algo muy caliente sobre \u00e9l? El calor no llegar\u00e1 a la mesa. <span style=\"text-decoration: underline;\">Protegen la superficie donde lo pongas<\/span> como nadie.<\/p>\n<p>Adem\u00e1s son <strong>antideslizantes<\/strong> \u00a1Olv\u00eddate de accidentes tontos que echen a perder ese ratito tan agradable!<\/p>\n<p><img loading=\"lazy\" decoding=\"async\" src=\"https:\/\/www.motif.es\/img\/cms\/pack-de-2-manteles-bushes.jpg\" alt=\"\" width=\"1000\" height=\"1000\" \/><\/p>\n<p style=\"text-align: right;\"><a href=\"https:\/\/www.motif.es\/manteles-individuales\/10621-3150-pack-de-2-manteles-bushes.html#\/32-tamano-48x33_cm\" target=\"_blank\" rel=\"noreferrer noopener\">Mantel individual Hidr\u00e1ulico Colores<\/a><\/p>\n<p><strong>3. Sin fin de opciones<\/strong><\/p>\n<p>Y por \u00faltimo, lo que m\u00e1s no enamora de nuestros manteles individuales es que tienes <a href=\"https:\/\/www.motif.es\/20-manteles-individuales\" target=\"_blank\" rel=\"noreferrer noopener\">multitud de dise\u00f1os entre los que elegir<\/a>. Y puedes complementar la decoraci\u00f3n de tu casa con ellos&#8230;o viceversa. <strong>No volver\u00e1s a tener una mesa aburrida<\/strong>.<\/p>\n<p>Elige entre todos nuestros estampados el que m\u00e1s te guste \u00a1o comb\u00ednalos entre si!<\/p>\n<p>Cuando los quieras guardarlos podr\u00e1s hacerlo f\u00e1cilmente en un caj\u00f3n, tanto enrollados como en plano, o los puedes dejar sobre la mesa&#8230; son tan bonitos que tambi\u00e9n sirven de decoraci\u00f3n.<\/p>\n<p><img loading=\"lazy\" decoding=\"async\" src=\"https:\/\/www.motif.es\/img\/cms\/pack-de-2-manteles-red-flowers.jpg\" alt=\"\" width=\"1000\" height=\"1000\" \/><\/p>\n<p style=\"text-align: right;\"><a href=\"https:\/\/www.motif.es\/manteles-individuales\/166-3094-pack-de-2-manteles-red-flowers.html#\/32-tamano-48x33_cm\" target=\"_blank\" rel=\"noreferrer noopener\">Mantel individual Red Flowers<\/a><\/p>\n","protected":false},"excerpt":{"rendered":"<p>1. Olv\u00eddate del quita manchas \u00bfT\u00fa tambi\u00e9n eres de las que despu\u00e9s de cada comida ten\u00eda que sacar el quitamanchas para evitar cercos imborrables en tu mantel de tela? Con los manteles individuales solo tendr\u00e1s que pasar una bayeta, que se llevar\u00e1 de un plumazo cualquier residuo \u00a1y listo! Son antibacterianos e impermeables, si se [&#8230;]<\/p>\n","protected":false},"author":2,"featured_media":253,"comment_status":"open","ping_status":"open","sticky":false,"template":"","format":"standard","meta":{"_acf_changed":false,"footnotes":""},"categories":[2],"tags":[],"class_list":["post-252","post","type-post","status-publish","format-standard","has-post-thumbnail","hentry","category-sobre-manteles-individuales"],"acf":[],"yoast_head":"<!-- This site is optimized with the Yoast SEO plugin v27.5 - https:\/\/yoast.com\/product\/yoast-seo-wordpress\/ -->\n<title>\u00bfPor qu\u00e9 los manteles individuales de Motif son la mejor opci\u00f3n para tu mesa? - Blog Motif<\/title>\n<meta name=\"description\" content=\"1. Olv\u00eddate del quita manchas \u00bfT\u00fa tambi\u00e9n eres de las que despu\u00e9s de cada comida ten\u00eda que sacar el quitamanchas para evitar cercos imborrables en tu\" \/>\n<meta name=\"robots\" content=\"index, follow, max-snippet:-1, max-image-preview:large, max-video-preview:-1\" \/>\n<link rel=\"canonical\" href=\"https:\/\/www.motif.es\/blog\/por-que-los-manteles-individuales-de-motif-son-la-mejor-opcion-para-tu-mesa\/\" \/>\n<meta property=\"og:locale\" content=\"es_ES\" \/>\n<meta property=\"og:type\" content=\"article\" \/>\n<meta property=\"og:title\" content=\"\u00bfPor qu\u00e9 los manteles individuales de Motif son la mejor opci\u00f3n para tu mesa? - Blog Motif\" \/>\n<meta property=\"og:description\" content=\"1. Olv\u00eddate del quita manchas \u00bfT\u00fa tambi\u00e9n eres de las que despu\u00e9s de cada comida ten\u00eda que sacar el quitamanchas para evitar cercos imborrables en tu\" \/>\n<meta property=\"og:url\" content=\"https:\/\/www.motif.es\/blog\/por-que-los-manteles-individuales-de-motif-son-la-mejor-opcion-para-tu-mesa\/\" \/>\n<meta property=\"og:site_name\" content=\"Blog Motif\" \/>\n<meta property=\"article:publisher\" content=\"https:\/\/www.facebook.com\/motifmorethanwalls\/\" \/>\n<meta property=\"article:published_time\" content=\"2019-02-07T17:33:43+00:00\" \/>\n<meta property=\"article:modified_time\" content=\"2020-11-30T12:13:35+00:00\" \/>\n<meta property=\"og:image\" content=\"https:\/\/www.motif.es\/blog\/wp-content\/uploads\/2020\/11\/b-captura-de-pantalla-2020-02-07-a-las-12.11.53.jpg\" \/>\n\t<meta property=\"og:image:width\" content=\"586\" \/>\n\t<meta property=\"og:image:height\" content=\"584\" \/>\n\t<meta property=\"og:image:type\" content=\"image\/jpeg\" \/>\n<meta name=\"author\" content=\"Comunicaci\u00f3n Motif\" \/>\n<meta name=\"twitter:card\" content=\"summary_large_image\" \/>\n<meta name=\"twitter:label1\" content=\"Escrito por\" \/>\n\t<meta name=\"twitter:data1\" content=\"Comunicaci\u00f3n Motif\" \/>\n\t<meta name=\"twitter:label2\" content=\"Tiempo de lectura\" \/>\n\t<meta name=\"twitter:data2\" content=\"1 minuto\" \/>\n<script type=\"application\/ld+json\" class=\"yoast-schema-graph\">{\"@context\":\"https:\\\/\\\/schema.org\",\"@graph\":[{\"@type\":\"Article\",\"@id\":\"https:\\\/\\\/www.motif.es\\\/blog\\\/por-que-los-manteles-individuales-de-motif-son-la-mejor-opcion-para-tu-mesa\\\/#article\",\"isPartOf\":{\"@id\":\"https:\\\/\\\/www.motif.es\\\/blog\\\/por-que-los-manteles-individuales-de-motif-son-la-mejor-opcion-para-tu-mesa\\\/\"},\"author\":{\"name\":\"Comunicaci\u00f3n Motif\",\"@id\":\"https:\\\/\\\/www.motif.es\\\/blog\\\/#\\\/schema\\\/person\\\/aac26ed80d8e02fb9525ec6b569d75e9\"},\"headline\":\"\u00bfPor qu\u00e9 los manteles individuales de Motif son la mejor opci\u00f3n para tu mesa?\",\"datePublished\":\"2019-02-07T17:33:43+00:00\",\"dateModified\":\"2020-11-30T12:13:35+00:00\",\"mainEntityOfPage\":{\"@id\":\"https:\\\/\\\/www.motif.es\\\/blog\\\/por-que-los-manteles-individuales-de-motif-son-la-mejor-opcion-para-tu-mesa\\\/\"},\"wordCount\":282,\"commentCount\":0,\"publisher\":{\"@id\":\"https:\\\/\\\/www.motif.es\\\/blog\\\/#organization\"},\"image\":{\"@id\":\"https:\\\/\\\/www.motif.es\\\/blog\\\/por-que-los-manteles-individuales-de-motif-son-la-mejor-opcion-para-tu-mesa\\\/#primaryimage\"},\"thumbnailUrl\":\"https:\\\/\\\/www.motif.es\\\/blog\\\/wp-content\\\/uploads\\\/2020\\\/11\\\/b-captura-de-pantalla-2020-02-07-a-las-12.11.53.jpg\",\"articleSection\":[\"sobre manteles individuales\"],\"inLanguage\":\"es\",\"potentialAction\":[{\"@type\":\"CommentAction\",\"name\":\"Comment\",\"target\":[\"https:\\\/\\\/www.motif.es\\\/blog\\\/por-que-los-manteles-individuales-de-motif-son-la-mejor-opcion-para-tu-mesa\\\/#respond\"]}]},{\"@type\":\"WebPage\",\"@id\":\"https:\\\/\\\/www.motif.es\\\/blog\\\/por-que-los-manteles-individuales-de-motif-son-la-mejor-opcion-para-tu-mesa\\\/\",\"url\":\"https:\\\/\\\/www.motif.es\\\/blog\\\/por-que-los-manteles-individuales-de-motif-son-la-mejor-opcion-para-tu-mesa\\\/\",\"name\":\"\u00bfPor qu\u00e9 los manteles individuales de Motif son la mejor opci\u00f3n para tu mesa? - Blog Motif\",\"isPartOf\":{\"@id\":\"https:\\\/\\\/www.motif.es\\\/blog\\\/#website\"},\"primaryImageOfPage\":{\"@id\":\"https:\\\/\\\/www.motif.es\\\/blog\\\/por-que-los-manteles-individuales-de-motif-son-la-mejor-opcion-para-tu-mesa\\\/#primaryimage\"},\"image\":{\"@id\":\"https:\\\/\\\/www.motif.es\\\/blog\\\/por-que-los-manteles-individuales-de-motif-son-la-mejor-opcion-para-tu-mesa\\\/#primaryimage\"},\"thumbnailUrl\":\"https:\\\/\\\/www.motif.es\\\/blog\\\/wp-content\\\/uploads\\\/2020\\\/11\\\/b-captura-de-pantalla-2020-02-07-a-las-12.11.53.jpg\",\"datePublished\":\"2019-02-07T17:33:43+00:00\",\"dateModified\":\"2020-11-30T12:13:35+00:00\",\"description\":\"1. Olv\u00eddate del quita manchas \u00bfT\u00fa tambi\u00e9n eres de las que despu\u00e9s de cada comida ten\u00eda que sacar el quitamanchas para evitar cercos imborrables en tu\",\"breadcrumb\":{\"@id\":\"https:\\\/\\\/www.motif.es\\\/blog\\\/por-que-los-manteles-individuales-de-motif-son-la-mejor-opcion-para-tu-mesa\\\/#breadcrumb\"},\"inLanguage\":\"es\",\"potentialAction\":[{\"@type\":\"ReadAction\",\"target\":[\"https:\\\/\\\/www.motif.es\\\/blog\\\/por-que-los-manteles-individuales-de-motif-son-la-mejor-opcion-para-tu-mesa\\\/\"]}]},{\"@type\":\"ImageObject\",\"inLanguage\":\"es\",\"@id\":\"https:\\\/\\\/www.motif.es\\\/blog\\\/por-que-los-manteles-individuales-de-motif-son-la-mejor-opcion-para-tu-mesa\\\/#primaryimage\",\"url\":\"https:\\\/\\\/www.motif.es\\\/blog\\\/wp-content\\\/uploads\\\/2020\\\/11\\\/b-captura-de-pantalla-2020-02-07-a-las-12.11.53.jpg\",\"contentUrl\":\"https:\\\/\\\/www.motif.es\\\/blog\\\/wp-content\\\/uploads\\\/2020\\\/11\\\/b-captura-de-pantalla-2020-02-07-a-las-12.11.53.jpg\",\"width\":586,\"height\":584},{\"@type\":\"BreadcrumbList\",\"@id\":\"https:\\\/\\\/www.motif.es\\\/blog\\\/por-que-los-manteles-individuales-de-motif-son-la-mejor-opcion-para-tu-mesa\\\/#breadcrumb\",\"itemListElement\":[{\"@type\":\"ListItem\",\"position\":1,\"name\":\"Blog\",\"item\":\"https:\\\/\\\/www.motif.es\\\/blog\\\/\"},{\"@type\":\"ListItem\",\"position\":2,\"name\":\"sobre manteles individuales\",\"item\":\"https:\\\/\\\/www.motif.es\\\/blog\\\/category\\\/sobre-manteles-individuales\\\/\"},{\"@type\":\"ListItem\",\"position\":3,\"name\":\"\u00bfPor qu\u00e9 los manteles individuales de Motif son la mejor opci\u00f3n para tu mesa?\"}]},{\"@type\":\"WebSite\",\"@id\":\"https:\\\/\\\/www.motif.es\\\/blog\\\/#website\",\"url\":\"https:\\\/\\\/www.motif.es\\\/blog\\\/\",\"name\":\"Blog Motif\",\"description\":\"nuestro rinc\u00f3n para inspirarte\",\"publisher\":{\"@id\":\"https:\\\/\\\/www.motif.es\\\/blog\\\/#organization\"},\"potentialAction\":[{\"@type\":\"SearchAction\",\"target\":{\"@type\":\"EntryPoint\",\"urlTemplate\":\"https:\\\/\\\/www.motif.es\\\/blog\\\/?s={search_term_string}\"},\"query-input\":{\"@type\":\"PropertyValueSpecification\",\"valueRequired\":true,\"valueName\":\"search_term_string\"}}],\"inLanguage\":\"es\"},{\"@type\":\"Organization\",\"@id\":\"https:\\\/\\\/www.motif.es\\\/blog\\\/#organization\",\"name\":\"Motif Wallpapers S.L.U.\",\"url\":\"https:\\\/\\\/www.motif.es\\\/blog\\\/\",\"logo\":{\"@type\":\"ImageObject\",\"inLanguage\":\"es\",\"@id\":\"https:\\\/\\\/www.motif.es\\\/blog\\\/#\\\/schema\\\/logo\\\/image\\\/\",\"url\":\"https:\\\/\\\/motif.es\\\/blog\\\/wp-content\\\/uploads\\\/2021\\\/06\\\/logo-motif.jpg\",\"contentUrl\":\"https:\\\/\\\/motif.es\\\/blog\\\/wp-content\\\/uploads\\\/2021\\\/06\\\/logo-motif.jpg\",\"width\":464,\"height\":464,\"caption\":\"Motif Wallpapers S.L.U.\"},\"image\":{\"@id\":\"https:\\\/\\\/www.motif.es\\\/blog\\\/#\\\/schema\\\/logo\\\/image\\\/\"},\"sameAs\":[\"https:\\\/\\\/www.facebook.com\\\/motifmorethanwalls\\\/\",\"https:\\\/\\\/www.instagram.com\\\/motif_es\\\/?hl=es\",\"https:\\\/\\\/www.pinterest.es\\\/motifwallpapers\\\/\",\"https:\\\/\\\/www.youtube.com\\\/channel\\\/UCNaOmbxD6LjcQNj4vmfVIUg\"]},{\"@type\":\"Person\",\"@id\":\"https:\\\/\\\/www.motif.es\\\/blog\\\/#\\\/schema\\\/person\\\/aac26ed80d8e02fb9525ec6b569d75e9\",\"name\":\"Comunicaci\u00f3n Motif\",\"image\":{\"@type\":\"ImageObject\",\"inLanguage\":\"es\",\"@id\":\"https:\\\/\\\/secure.gravatar.com\\\/avatar\\\/93b2fb49a03bd7a57b5f5e8c3b740113f14f25da86b090887d9353672de2d9b5?s=96&d=mm&r=g\",\"url\":\"https:\\\/\\\/secure.gravatar.com\\\/avatar\\\/93b2fb49a03bd7a57b5f5e8c3b740113f14f25da86b090887d9353672de2d9b5?s=96&d=mm&r=g\",\"contentUrl\":\"https:\\\/\\\/secure.gravatar.com\\\/avatar\\\/93b2fb49a03bd7a57b5f5e8c3b740113f14f25da86b090887d9353672de2d9b5?s=96&d=mm&r=g\",\"caption\":\"Comunicaci\u00f3n Motif\"},\"url\":\"https:\\\/\\\/www.motif.es\\\/blog\\\/author\\\/comunicacion\\\/\"}]}<\/script>\n<!-- \/ Yoast SEO plugin. -->","yoast_head_json":{"title":"\u00bfPor qu\u00e9 los manteles individuales de Motif son la mejor opci\u00f3n para tu mesa? - Blog Motif","description":"1. Olv\u00eddate del quita manchas \u00bfT\u00fa tambi\u00e9n eres de las que despu\u00e9s de cada comida ten\u00eda que sacar el quitamanchas para evitar cercos imborrables en tu","robots":{"index":"index","follow":"follow","max-snippet":"max-snippet:-1","max-image-preview":"max-image-preview:large","max-video-preview":"max-video-preview:-1"},"canonical":"https:\/\/www.motif.es\/blog\/por-que-los-manteles-individuales-de-motif-son-la-mejor-opcion-para-tu-mesa\/","og_locale":"es_ES","og_type":"article","og_title":"\u00bfPor qu\u00e9 los manteles individuales de Motif son la mejor opci\u00f3n para tu mesa? - Blog Motif","og_description":"1. Olv\u00eddate del quita manchas \u00bfT\u00fa tambi\u00e9n eres de las que despu\u00e9s de cada comida ten\u00eda que sacar el quitamanchas para evitar cercos imborrables en tu","og_url":"https:\/\/www.motif.es\/blog\/por-que-los-manteles-individuales-de-motif-son-la-mejor-opcion-para-tu-mesa\/","og_site_name":"Blog Motif","article_publisher":"https:\/\/www.facebook.com\/motifmorethanwalls\/","article_published_time":"2019-02-07T17:33:43+00:00","article_modified_time":"2020-11-30T12:13:35+00:00","og_image":[{"width":586,"height":584,"url":"https:\/\/www.motif.es\/blog\/wp-content\/uploads\/2020\/11\/b-captura-de-pantalla-2020-02-07-a-las-12.11.53.jpg","type":"image\/jpeg"}],"author":"Comunicaci\u00f3n Motif","twitter_card":"summary_large_image","twitter_misc":{"Escrito por":"Comunicaci\u00f3n Motif","Tiempo de lectura":"1 minuto"},"schema":{"@context":"https:\/\/schema.org","@graph":[{"@type":"Article","@id":"https:\/\/www.motif.es\/blog\/por-que-los-manteles-individuales-de-motif-son-la-mejor-opcion-para-tu-mesa\/#article","isPartOf":{"@id":"https:\/\/www.motif.es\/blog\/por-que-los-manteles-individuales-de-motif-son-la-mejor-opcion-para-tu-mesa\/"},"author":{"name":"Comunicaci\u00f3n Motif","@id":"https:\/\/www.motif.es\/blog\/#\/schema\/person\/aac26ed80d8e02fb9525ec6b569d75e9"},"headline":"\u00bfPor qu\u00e9 los manteles individuales de Motif son la mejor opci\u00f3n para tu mesa?","datePublished":"2019-02-07T17:33:43+00:00","dateModified":"2020-11-30T12:13:35+00:00","mainEntityOfPage":{"@id":"https:\/\/www.motif.es\/blog\/por-que-los-manteles-individuales-de-motif-son-la-mejor-opcion-para-tu-mesa\/"},"wordCount":282,"commentCount":0,"publisher":{"@id":"https:\/\/www.motif.es\/blog\/#organization"},"image":{"@id":"https:\/\/www.motif.es\/blog\/por-que-los-manteles-individuales-de-motif-son-la-mejor-opcion-para-tu-mesa\/#primaryimage"},"thumbnailUrl":"https:\/\/www.motif.es\/blog\/wp-content\/uploads\/2020\/11\/b-captura-de-pantalla-2020-02-07-a-las-12.11.53.jpg","articleSection":["sobre manteles individuales"],"inLanguage":"es","potentialAction":[{"@type":"CommentAction","name":"Comment","target":["https:\/\/www.motif.es\/blog\/por-que-los-manteles-individuales-de-motif-son-la-mejor-opcion-para-tu-mesa\/#respond"]}]},{"@type":"WebPage","@id":"https:\/\/www.motif.es\/blog\/por-que-los-manteles-individuales-de-motif-son-la-mejor-opcion-para-tu-mesa\/","url":"https:\/\/www.motif.es\/blog\/por-que-los-manteles-individuales-de-motif-son-la-mejor-opcion-para-tu-mesa\/","name":"\u00bfPor qu\u00e9 los manteles individuales de Motif son la mejor opci\u00f3n para tu mesa? - Blog Motif","isPartOf":{"@id":"https:\/\/www.motif.es\/blog\/#website"},"primaryImageOfPage":{"@id":"https:\/\/www.motif.es\/blog\/por-que-los-manteles-individuales-de-motif-son-la-mejor-opcion-para-tu-mesa\/#primaryimage"},"image":{"@id":"https:\/\/www.motif.es\/blog\/por-que-los-manteles-individuales-de-motif-son-la-mejor-opcion-para-tu-mesa\/#primaryimage"},"thumbnailUrl":"https:\/\/www.motif.es\/blog\/wp-content\/uploads\/2020\/11\/b-captura-de-pantalla-2020-02-07-a-las-12.11.53.jpg","datePublished":"2019-02-07T17:33:43+00:00","dateModified":"2020-11-30T12:13:35+00:00","description":"1. Olv\u00eddate del quita manchas \u00bfT\u00fa tambi\u00e9n eres de las que despu\u00e9s de cada comida ten\u00eda que sacar el quitamanchas para evitar cercos imborrables en tu","breadcrumb":{"@id":"https:\/\/www.motif.es\/blog\/por-que-los-manteles-individuales-de-motif-son-la-mejor-opcion-para-tu-mesa\/#breadcrumb"},"inLanguage":"es","potentialAction":[{"@type":"ReadAction","target":["https:\/\/www.motif.es\/blog\/por-que-los-manteles-individuales-de-motif-son-la-mejor-opcion-para-tu-mesa\/"]}]},{"@type":"ImageObject","inLanguage":"es","@id":"https:\/\/www.motif.es\/blog\/por-que-los-manteles-individuales-de-motif-son-la-mejor-opcion-para-tu-mesa\/#primaryimage","url":"https:\/\/www.motif.es\/blog\/wp-content\/uploads\/2020\/11\/b-captura-de-pantalla-2020-02-07-a-las-12.11.53.jpg","contentUrl":"https:\/\/www.motif.es\/blog\/wp-content\/uploads\/2020\/11\/b-captura-de-pantalla-2020-02-07-a-las-12.11.53.jpg","width":586,"height":584},{"@type":"BreadcrumbList","@id":"https:\/\/www.motif.es\/blog\/por-que-los-manteles-individuales-de-motif-son-la-mejor-opcion-para-tu-mesa\/#breadcrumb","itemListElement":[{"@type":"ListItem","position":1,"name":"Blog","item":"https:\/\/www.motif.es\/blog\/"},{"@type":"ListItem","position":2,"name":"sobre manteles individuales","item":"https:\/\/www.motif.es\/blog\/category\/sobre-manteles-individuales\/"},{"@type":"ListItem","position":3,"name":"\u00bfPor qu\u00e9 los manteles individuales de Motif son la mejor opci\u00f3n para tu mesa?"}]},{"@type":"WebSite","@id":"https:\/\/www.motif.es\/blog\/#website","url":"https:\/\/www.motif.es\/blog\/","name":"Blog Motif","description":"nuestro rinc\u00f3n para inspirarte","publisher":{"@id":"https:\/\/www.motif.es\/blog\/#organization"},"potentialAction":[{"@type":"SearchAction","target":{"@type":"EntryPoint","urlTemplate":"https:\/\/www.motif.es\/blog\/?s={search_term_string}"},"query-input":{"@type":"PropertyValueSpecification","valueRequired":true,"valueName":"search_term_string"}}],"inLanguage":"es"},{"@type":"Organization","@id":"https:\/\/www.motif.es\/blog\/#organization","name":"Motif Wallpapers S.L.U.","url":"https:\/\/www.motif.es\/blog\/","logo":{"@type":"ImageObject","inLanguage":"es","@id":"https:\/\/www.motif.es\/blog\/#\/schema\/logo\/image\/","url":"https:\/\/motif.es\/blog\/wp-content\/uploads\/2021\/06\/logo-motif.jpg","contentUrl":"https:\/\/motif.es\/blog\/wp-content\/uploads\/2021\/06\/logo-motif.jpg","width":464,"height":464,"caption":"Motif Wallpapers S.L.U."},"image":{"@id":"https:\/\/www.motif.es\/blog\/#\/schema\/logo\/image\/"},"sameAs":["https:\/\/www.facebook.com\/motifmorethanwalls\/","https:\/\/www.instagram.com\/motif_es\/?hl=es","https:\/\/www.pinterest.es\/motifwallpapers\/","https:\/\/www.youtube.com\/channel\/UCNaOmbxD6LjcQNj4vmfVIUg"]},{"@type":"Person","@id":"https:\/\/www.motif.es\/blog\/#\/schema\/person\/aac26ed80d8e02fb9525ec6b569d75e9","name":"Comunicaci\u00f3n Motif","image":{"@type":"ImageObject","inLanguage":"es","@id":"https:\/\/secure.gravatar.com\/avatar\/93b2fb49a03bd7a57b5f5e8c3b740113f14f25da86b090887d9353672de2d9b5?s=96&d=mm&r=g","url":"https:\/\/secure.gravatar.com\/avatar\/93b2fb49a03bd7a57b5f5e8c3b740113f14f25da86b090887d9353672de2d9b5?s=96&d=mm&r=g","contentUrl":"https:\/\/secure.gravatar.com\/avatar\/93b2fb49a03bd7a57b5f5e8c3b740113f14f25da86b090887d9353672de2d9b5?s=96&d=mm&r=g","caption":"Comunicaci\u00f3n Motif"},"url":"https:\/\/www.motif.es\/blog\/author\/comunicacion\/"}]}},"_links":{"self":[{"href":"https:\/\/www.motif.es\/blog\/wp-json\/wp\/v2\/posts\/252","targetHints":{"allow":["GET"]}}],"collection":[{"href":"https:\/\/www.motif.es\/blog\/wp-json\/wp\/v2\/posts"}],"about":[{"href":"https:\/\/www.motif.es\/blog\/wp-json\/wp\/v2\/types\/post"}],"author":[{"embeddable":true,"href":"https:\/\/www.motif.es\/blog\/wp-json\/wp\/v2\/users\/2"}],"replies":[{"embeddable":true,"href":"https:\/\/www.motif.es\/blog\/wp-json\/wp\/v2\/comments?post=252"}],"version-history":[{"count":1,"href":"https:\/\/www.motif.es\/blog\/wp-json\/wp\/v2\/posts\/252\/revisions"}],"predecessor-version":[{"id":255,"href":"https:\/\/www.motif.es\/blog\/wp-json\/wp\/v2\/posts\/252\/revisions\/255"}],"wp:featuredmedia":[{"embeddable":true,"href":"https:\/\/www.motif.es\/blog\/wp-json\/wp\/v2\/media\/253"}],"wp:attachment":[{"href":"https:\/\/www.motif.es\/blog\/wp-json\/wp\/v2\/media?parent=252"}],"wp:term":[{"taxonomy":"category","embeddable":true,"href":"https:\/\/www.motif.es\/blog\/wp-json\/wp\/v2\/categories?post=252"},{"taxonomy":"post_tag","embeddable":true,"href":"https:\/\/www.motif.es\/blog\/wp-json\/wp\/v2\/tags?post=252"}],"curies":[{"name":"wp","href":"https:\/\/api.w.org\/{rel}","templated":true}]}}