{"id":2532,"date":"2023-12-21T11:47:42","date_gmt":"2023-12-21T11:47:42","guid":{"rendered":"https:\/\/motif.es\/blog\/?p=2532"},"modified":"2024-04-09T12:01:20","modified_gmt":"2024-04-09T12:01:20","slug":"marta-lopez-elige-a-motif-para-la-decoracion-de-su-nuevo-local-le-club-somosaguas","status":"publish","type":"post","link":"https:\/\/www.motif.es\/blog\/marta-lopez-elige-a-motif-para-la-decoracion-de-su-nuevo-local-le-club-somosaguas\/","title":{"rendered":"Marta L\u00f3pez elige a MOTIF para la decoraci\u00f3n de su nuevo local \u201cLe Club Somosaguas\u201d"},"content":{"rendered":"<p>Marta L\u00f3pez nos llam\u00f3 hace unos meses cont\u00e1ndonos un secreto: iba a montar un s\u00faper club en Pozuelo y necesitaba que le ayud\u00e1ramos con la decoraci\u00f3n. Ten\u00eda un estampado muy claro en mente y con el quer\u00eda forrar ciertas partes de su local.<\/p>\n<p>Finalmente creamos un dise\u00f1o en exlusiva para ella. Para ello utilizamos mas de <strong>600 m2 de Canvas, nuestro papel autoadhesivo vin\u00edlico<\/strong>, con el que <strong>se forr\u00f3 paredes, techo, puertas y hasta los marcos de mismas. Y para el suelo, 160 m2 de nuestro suelo vin\u00edlico acolchado.<\/strong><\/p>\n<p style=\"text-align: center;\"><img loading=\"lazy\" decoding=\"async\" class=\"alignnone size-full wp-image-2534\" src=\"https:\/\/motif.es\/blog\/wp-content\/uploads\/2023\/12\/patron-conjunto-azul_-scaled.jpg\" alt=\"\" width=\"2560\" height=\"1707\" srcset=\"https:\/\/www.motif.es\/blog\/wp-content\/uploads\/2023\/12\/patron-conjunto-azul_-scaled.jpg 2560w, https:\/\/www.motif.es\/blog\/wp-content\/uploads\/2023\/12\/patron-conjunto-azul_-300x200.jpg 300w, https:\/\/www.motif.es\/blog\/wp-content\/uploads\/2023\/12\/patron-conjunto-azul_-1024x683.jpg 1024w, https:\/\/www.motif.es\/blog\/wp-content\/uploads\/2023\/12\/patron-conjunto-azul_-768x512.jpg 768w, https:\/\/www.motif.es\/blog\/wp-content\/uploads\/2023\/12\/patron-conjunto-azul_-1536x1024.jpg 1536w, https:\/\/www.motif.es\/blog\/wp-content\/uploads\/2023\/12\/patron-conjunto-azul_-2048x1365.jpg 2048w, https:\/\/www.motif.es\/blog\/wp-content\/uploads\/2023\/12\/patron-conjunto-azul_-1200x800.jpg 1200w, https:\/\/www.motif.es\/blog\/wp-content\/uploads\/2023\/12\/patron-conjunto-azul_-1980x1320.jpg 1980w, https:\/\/www.motif.es\/blog\/wp-content\/uploads\/2023\/12\/patron-conjunto-azul_-150x100.jpg 150w\" sizes=\"auto, (max-width: 2560px) 100vw, 2560px\" \/> <img loading=\"lazy\" decoding=\"async\" class=\"alignnone size-full wp-image-2535\" src=\"https:\/\/motif.es\/blog\/wp-content\/uploads\/2023\/12\/pattern-rojo-montado-scaled.jpg\" alt=\"\" width=\"2560\" height=\"1707\" srcset=\"https:\/\/www.motif.es\/blog\/wp-content\/uploads\/2023\/12\/pattern-rojo-montado-scaled.jpg 2560w, https:\/\/www.motif.es\/blog\/wp-content\/uploads\/2023\/12\/pattern-rojo-montado-300x200.jpg 300w, https:\/\/www.motif.es\/blog\/wp-content\/uploads\/2023\/12\/pattern-rojo-montado-1024x683.jpg 1024w, https:\/\/www.motif.es\/blog\/wp-content\/uploads\/2023\/12\/pattern-rojo-montado-768x512.jpg 768w, https:\/\/www.motif.es\/blog\/wp-content\/uploads\/2023\/12\/pattern-rojo-montado-1536x1024.jpg 1536w, https:\/\/www.motif.es\/blog\/wp-content\/uploads\/2023\/12\/pattern-rojo-montado-2048x1365.jpg 2048w, https:\/\/www.motif.es\/blog\/wp-content\/uploads\/2023\/12\/pattern-rojo-montado-1200x800.jpg 1200w, https:\/\/www.motif.es\/blog\/wp-content\/uploads\/2023\/12\/pattern-rojo-montado-1980x1320.jpg 1980w, https:\/\/www.motif.es\/blog\/wp-content\/uploads\/2023\/12\/pattern-rojo-montado-150x100.jpg 150w\" sizes=\"auto, (max-width: 2560px) 100vw, 2560px\" \/><\/p>\n<p style=\"text-align: center;\"><em>Dise\u00f1os Exclusivos para LeClub de Marta L\u00f3pez<\/em><\/p>\n<p>Y as\u00ed naci\u00f3 LeClub de Somosaguas, que abri\u00f3 sus puertas el pasado \u00a014 de diciembre en una inauguraci\u00f3n por todo lo alto a la que asistieron muchos conocidos del panorama espa\u00f1ol y compa\u00f1eros de la colaboradora de Tele5 y ex concursante de \u2018Gran Hermano\u2019. Entre ellos pudimos ver caras conocidas como Kiko Hern\u00e1ndez, Makoke, \u00a0Arantxa de Benito con quien tambi\u00e9n colaboramos en el pasado,\u00a0 Liz Emiliano y muchos m\u00e1s.<\/p>\n<p style=\"text-align: center;\"><img loading=\"lazy\" decoding=\"async\" class=\"alignnone size-full wp-image-2536\" src=\"https:\/\/motif.es\/blog\/wp-content\/uploads\/2023\/12\/WhatsApp-Image-2023-12-15-at-10.53.11.jpeg\" alt=\"\" width=\"1194\" height=\"2048\" srcset=\"https:\/\/www.motif.es\/blog\/wp-content\/uploads\/2023\/12\/WhatsApp-Image-2023-12-15-at-10.53.11.jpeg 1194w, https:\/\/www.motif.es\/blog\/wp-content\/uploads\/2023\/12\/WhatsApp-Image-2023-12-15-at-10.53.11-175x300.jpeg 175w, https:\/\/www.motif.es\/blog\/wp-content\/uploads\/2023\/12\/WhatsApp-Image-2023-12-15-at-10.53.11-597x1024.jpeg 597w, https:\/\/www.motif.es\/blog\/wp-content\/uploads\/2023\/12\/WhatsApp-Image-2023-12-15-at-10.53.11-768x1317.jpeg 768w, https:\/\/www.motif.es\/blog\/wp-content\/uploads\/2023\/12\/WhatsApp-Image-2023-12-15-at-10.53.11-896x1536.jpeg 896w, https:\/\/www.motif.es\/blog\/wp-content\/uploads\/2023\/12\/WhatsApp-Image-2023-12-15-at-10.53.11-150x257.jpeg 150w\" sizes=\"auto, (max-width: 1194px) 100vw, 1194px\" \/><\/p>\n<p>&nbsp;<\/p>\n<p>Para todo el equipo MOTIF &amp; PROMOPUBLIC \u00a0ha sido un placer formar parte de este importante proyecto e inundar con nuestros materiales fabricados y trabajados a medida para ellos.<\/p>\n<p>Marta, te deseamos mucho mucho \u00e9xito y gracias por confiar en MOTIF para\u00a0 tu proyecto m\u00e1s personal y especial.<\/p>\n<p style=\"text-align: center;\"><img loading=\"lazy\" decoding=\"async\" class=\"alignnone size-full wp-image-2537\" src=\"https:\/\/motif.es\/blog\/wp-content\/uploads\/2023\/12\/WhatsApp-Image-2023-12-15-at-10.53.14.jpeg\" alt=\"\" width=\"1126\" height=\"2048\" \/><\/p>\n<p>&nbsp;<\/p>\n","protected":false},"excerpt":{"rendered":"<p>Marta L\u00f3pez nos llam\u00f3 hace unos meses cont\u00e1ndonos un secreto: iba a montar un s\u00faper club en Pozuelo y necesitaba que le ayud\u00e1ramos con la decoraci\u00f3n. Ten\u00eda un estampado muy claro en mente y con el quer\u00eda forrar ciertas partes de su local. Finalmente creamos un dise\u00f1o en exlusiva para ella. Para ello utilizamos mas [&#8230;]<\/p>\n","protected":false},"author":2,"featured_media":2537,"comment_status":"open","ping_status":"open","sticky":false,"template":"","format":"standard","meta":{"_acf_changed":false,"footnotes":""},"categories":[19],"tags":[],"class_list":["post-2532","post","type-post","status-publish","format-standard","has-post-thumbnail","hentry","category-embajadores-motif"],"acf":[],"yoast_head":"<!-- This site is optimized with the Yoast SEO plugin v27.5 - https:\/\/yoast.com\/product\/yoast-seo-wordpress\/ -->\n<title>Marta L\u00f3pez elige a MOTIF para la decoraci\u00f3n de su nuevo local \u201cLe Club Somosaguas\u201d - Blog Motif<\/title>\n<meta name=\"description\" content=\"Marta L\u00f3pez nos llam\u00f3 hace unos meses cont\u00e1ndonos un secreto: iba a montar un s\u00faper club en Pozuelo y necesitaba que le ayud\u00e1ramos con la decoraci\u00f3n.\" \/>\n<meta name=\"robots\" content=\"index, follow, max-snippet:-1, max-image-preview:large, max-video-preview:-1\" \/>\n<link rel=\"canonical\" href=\"https:\/\/www.motif.es\/blog\/marta-lopez-elige-a-motif-para-la-decoracion-de-su-nuevo-local-le-club-somosaguas\/\" \/>\n<meta property=\"og:locale\" content=\"es_ES\" \/>\n<meta property=\"og:type\" content=\"article\" \/>\n<meta property=\"og:title\" content=\"Marta L\u00f3pez elige a MOTIF para la decoraci\u00f3n de su nuevo local \u201cLe Club Somosaguas\u201d - Blog Motif\" \/>\n<meta property=\"og:description\" content=\"Marta L\u00f3pez nos llam\u00f3 hace unos meses cont\u00e1ndonos un secreto: iba a montar un s\u00faper club en Pozuelo y necesitaba que le ayud\u00e1ramos con la decoraci\u00f3n.\" \/>\n<meta property=\"og:url\" content=\"https:\/\/www.motif.es\/blog\/marta-lopez-elige-a-motif-para-la-decoracion-de-su-nuevo-local-le-club-somosaguas\/\" \/>\n<meta property=\"og:site_name\" content=\"Blog Motif\" \/>\n<meta property=\"article:publisher\" content=\"https:\/\/www.facebook.com\/motifmorethanwalls\/\" \/>\n<meta property=\"article:published_time\" content=\"2023-12-21T11:47:42+00:00\" \/>\n<meta property=\"article:modified_time\" content=\"2024-04-09T12:01:20+00:00\" \/>\n<meta property=\"og:image\" content=\"https:\/\/www.motif.es\/blog\/wp-content\/uploads\/2023\/12\/WhatsApp-Image-2023-12-15-at-10.53.14-e1703159129476.jpeg\" \/>\n\t<meta property=\"og:image:width\" content=\"1102\" \/>\n\t<meta property=\"og:image:height\" content=\"1621\" \/>\n\t<meta property=\"og:image:type\" content=\"image\/jpeg\" \/>\n<meta name=\"author\" content=\"Comunicaci\u00f3n Motif\" \/>\n<meta name=\"twitter:card\" content=\"summary_large_image\" \/>\n<meta name=\"twitter:label1\" content=\"Escrito por\" \/>\n\t<meta name=\"twitter:data1\" content=\"Comunicaci\u00f3n Motif\" \/>\n\t<meta name=\"twitter:label2\" content=\"Tiempo de lectura\" \/>\n\t<meta name=\"twitter:data2\" content=\"2 minutos\" \/>\n<script type=\"application\/ld+json\" class=\"yoast-schema-graph\">{\"@context\":\"https:\\\/\\\/schema.org\",\"@graph\":[{\"@type\":\"Article\",\"@id\":\"https:\\\/\\\/www.motif.es\\\/blog\\\/marta-lopez-elige-a-motif-para-la-decoracion-de-su-nuevo-local-le-club-somosaguas\\\/#article\",\"isPartOf\":{\"@id\":\"https:\\\/\\\/www.motif.es\\\/blog\\\/marta-lopez-elige-a-motif-para-la-decoracion-de-su-nuevo-local-le-club-somosaguas\\\/\"},\"author\":{\"name\":\"Comunicaci\u00f3n Motif\",\"@id\":\"https:\\\/\\\/www.motif.es\\\/blog\\\/#\\\/schema\\\/person\\\/aac26ed80d8e02fb9525ec6b569d75e9\"},\"headline\":\"Marta L\u00f3pez elige a MOTIF para la decoraci\u00f3n de su nuevo local \u201cLe Club Somosaguas\u201d\",\"datePublished\":\"2023-12-21T11:47:42+00:00\",\"dateModified\":\"2024-04-09T12:01:20+00:00\",\"mainEntityOfPage\":{\"@id\":\"https:\\\/\\\/www.motif.es\\\/blog\\\/marta-lopez-elige-a-motif-para-la-decoracion-de-su-nuevo-local-le-club-somosaguas\\\/\"},\"wordCount\":248,\"commentCount\":0,\"publisher\":{\"@id\":\"https:\\\/\\\/www.motif.es\\\/blog\\\/#organization\"},\"image\":{\"@id\":\"https:\\\/\\\/www.motif.es\\\/blog\\\/marta-lopez-elige-a-motif-para-la-decoracion-de-su-nuevo-local-le-club-somosaguas\\\/#primaryimage\"},\"thumbnailUrl\":\"https:\\\/\\\/www.motif.es\\\/blog\\\/wp-content\\\/uploads\\\/2023\\\/12\\\/WhatsApp-Image-2023-12-15-at-10.53.14-e1703159129476.jpeg\",\"articleSection\":[\"embajadores Motif\"],\"inLanguage\":\"es\",\"potentialAction\":[{\"@type\":\"CommentAction\",\"name\":\"Comment\",\"target\":[\"https:\\\/\\\/www.motif.es\\\/blog\\\/marta-lopez-elige-a-motif-para-la-decoracion-de-su-nuevo-local-le-club-somosaguas\\\/#respond\"]}]},{\"@type\":\"WebPage\",\"@id\":\"https:\\\/\\\/www.motif.es\\\/blog\\\/marta-lopez-elige-a-motif-para-la-decoracion-de-su-nuevo-local-le-club-somosaguas\\\/\",\"url\":\"https:\\\/\\\/www.motif.es\\\/blog\\\/marta-lopez-elige-a-motif-para-la-decoracion-de-su-nuevo-local-le-club-somosaguas\\\/\",\"name\":\"Marta L\u00f3pez elige a MOTIF para la decoraci\u00f3n de su nuevo local \u201cLe Club Somosaguas\u201d - Blog Motif\",\"isPartOf\":{\"@id\":\"https:\\\/\\\/www.motif.es\\\/blog\\\/#website\"},\"primaryImageOfPage\":{\"@id\":\"https:\\\/\\\/www.motif.es\\\/blog\\\/marta-lopez-elige-a-motif-para-la-decoracion-de-su-nuevo-local-le-club-somosaguas\\\/#primaryimage\"},\"image\":{\"@id\":\"https:\\\/\\\/www.motif.es\\\/blog\\\/marta-lopez-elige-a-motif-para-la-decoracion-de-su-nuevo-local-le-club-somosaguas\\\/#primaryimage\"},\"thumbnailUrl\":\"https:\\\/\\\/www.motif.es\\\/blog\\\/wp-content\\\/uploads\\\/2023\\\/12\\\/WhatsApp-Image-2023-12-15-at-10.53.14-e1703159129476.jpeg\",\"datePublished\":\"2023-12-21T11:47:42+00:00\",\"dateModified\":\"2024-04-09T12:01:20+00:00\",\"description\":\"Marta L\u00f3pez nos llam\u00f3 hace unos meses cont\u00e1ndonos un secreto: iba a montar un s\u00faper club en Pozuelo y necesitaba que le ayud\u00e1ramos con la decoraci\u00f3n.\",\"breadcrumb\":{\"@id\":\"https:\\\/\\\/www.motif.es\\\/blog\\\/marta-lopez-elige-a-motif-para-la-decoracion-de-su-nuevo-local-le-club-somosaguas\\\/#breadcrumb\"},\"inLanguage\":\"es\",\"potentialAction\":[{\"@type\":\"ReadAction\",\"target\":[\"https:\\\/\\\/www.motif.es\\\/blog\\\/marta-lopez-elige-a-motif-para-la-decoracion-de-su-nuevo-local-le-club-somosaguas\\\/\"]}]},{\"@type\":\"ImageObject\",\"inLanguage\":\"es\",\"@id\":\"https:\\\/\\\/www.motif.es\\\/blog\\\/marta-lopez-elige-a-motif-para-la-decoracion-de-su-nuevo-local-le-club-somosaguas\\\/#primaryimage\",\"url\":\"https:\\\/\\\/www.motif.es\\\/blog\\\/wp-content\\\/uploads\\\/2023\\\/12\\\/WhatsApp-Image-2023-12-15-at-10.53.14-e1703159129476.jpeg\",\"contentUrl\":\"https:\\\/\\\/www.motif.es\\\/blog\\\/wp-content\\\/uploads\\\/2023\\\/12\\\/WhatsApp-Image-2023-12-15-at-10.53.14-e1703159129476.jpeg\",\"width\":1102,\"height\":1621},{\"@type\":\"BreadcrumbList\",\"@id\":\"https:\\\/\\\/www.motif.es\\\/blog\\\/marta-lopez-elige-a-motif-para-la-decoracion-de-su-nuevo-local-le-club-somosaguas\\\/#breadcrumb\",\"itemListElement\":[{\"@type\":\"ListItem\",\"position\":1,\"name\":\"Blog\",\"item\":\"https:\\\/\\\/www.motif.es\\\/blog\\\/\"},{\"@type\":\"ListItem\",\"position\":2,\"name\":\"embajadores Motif\",\"item\":\"https:\\\/\\\/www.motif.es\\\/blog\\\/category\\\/embajadores-motif\\\/\"},{\"@type\":\"ListItem\",\"position\":3,\"name\":\"Marta L\u00f3pez elige a MOTIF para la decoraci\u00f3n de su nuevo local \u201cLe Club Somosaguas\u201d\"}]},{\"@type\":\"WebSite\",\"@id\":\"https:\\\/\\\/www.motif.es\\\/blog\\\/#website\",\"url\":\"https:\\\/\\\/www.motif.es\\\/blog\\\/\",\"name\":\"Blog Motif\",\"description\":\"nuestro rinc\u00f3n para inspirarte\",\"publisher\":{\"@id\":\"https:\\\/\\\/www.motif.es\\\/blog\\\/#organization\"},\"potentialAction\":[{\"@type\":\"SearchAction\",\"target\":{\"@type\":\"EntryPoint\",\"urlTemplate\":\"https:\\\/\\\/www.motif.es\\\/blog\\\/?s={search_term_string}\"},\"query-input\":{\"@type\":\"PropertyValueSpecification\",\"valueRequired\":true,\"valueName\":\"search_term_string\"}}],\"inLanguage\":\"es\"},{\"@type\":\"Organization\",\"@id\":\"https:\\\/\\\/www.motif.es\\\/blog\\\/#organization\",\"name\":\"Motif Wallpapers S.L.U.\",\"url\":\"https:\\\/\\\/www.motif.es\\\/blog\\\/\",\"logo\":{\"@type\":\"ImageObject\",\"inLanguage\":\"es\",\"@id\":\"https:\\\/\\\/www.motif.es\\\/blog\\\/#\\\/schema\\\/logo\\\/image\\\/\",\"url\":\"https:\\\/\\\/motif.es\\\/blog\\\/wp-content\\\/uploads\\\/2021\\\/06\\\/logo-motif.jpg\",\"contentUrl\":\"https:\\\/\\\/motif.es\\\/blog\\\/wp-content\\\/uploads\\\/2021\\\/06\\\/logo-motif.jpg\",\"width\":464,\"height\":464,\"caption\":\"Motif Wallpapers S.L.U.\"},\"image\":{\"@id\":\"https:\\\/\\\/www.motif.es\\\/blog\\\/#\\\/schema\\\/logo\\\/image\\\/\"},\"sameAs\":[\"https:\\\/\\\/www.facebook.com\\\/motifmorethanwalls\\\/\",\"https:\\\/\\\/www.instagram.com\\\/motif_es\\\/?hl=es\",\"https:\\\/\\\/www.pinterest.es\\\/motifwallpapers\\\/\",\"https:\\\/\\\/www.youtube.com\\\/channel\\\/UCNaOmbxD6LjcQNj4vmfVIUg\"]},{\"@type\":\"Person\",\"@id\":\"https:\\\/\\\/www.motif.es\\\/blog\\\/#\\\/schema\\\/person\\\/aac26ed80d8e02fb9525ec6b569d75e9\",\"name\":\"Comunicaci\u00f3n Motif\",\"image\":{\"@type\":\"ImageObject\",\"inLanguage\":\"es\",\"@id\":\"https:\\\/\\\/secure.gravatar.com\\\/avatar\\\/93b2fb49a03bd7a57b5f5e8c3b740113f14f25da86b090887d9353672de2d9b5?s=96&d=mm&r=g\",\"url\":\"https:\\\/\\\/secure.gravatar.com\\\/avatar\\\/93b2fb49a03bd7a57b5f5e8c3b740113f14f25da86b090887d9353672de2d9b5?s=96&d=mm&r=g\",\"contentUrl\":\"https:\\\/\\\/secure.gravatar.com\\\/avatar\\\/93b2fb49a03bd7a57b5f5e8c3b740113f14f25da86b090887d9353672de2d9b5?s=96&d=mm&r=g\",\"caption\":\"Comunicaci\u00f3n Motif\"},\"url\":\"https:\\\/\\\/www.motif.es\\\/blog\\\/author\\\/comunicacion\\\/\"}]}<\/script>\n<!-- \/ Yoast SEO plugin. -->","yoast_head_json":{"title":"Marta L\u00f3pez elige a MOTIF para la decoraci\u00f3n de su nuevo local \u201cLe Club Somosaguas\u201d - Blog Motif","description":"Marta L\u00f3pez nos llam\u00f3 hace unos meses cont\u00e1ndonos un secreto: iba a montar un s\u00faper club en Pozuelo y necesitaba que le ayud\u00e1ramos con la decoraci\u00f3n.","robots":{"index":"index","follow":"follow","max-snippet":"max-snippet:-1","max-image-preview":"max-image-preview:large","max-video-preview":"max-video-preview:-1"},"canonical":"https:\/\/www.motif.es\/blog\/marta-lopez-elige-a-motif-para-la-decoracion-de-su-nuevo-local-le-club-somosaguas\/","og_locale":"es_ES","og_type":"article","og_title":"Marta L\u00f3pez elige a MOTIF para la decoraci\u00f3n de su nuevo local \u201cLe Club Somosaguas\u201d - Blog Motif","og_description":"Marta L\u00f3pez nos llam\u00f3 hace unos meses cont\u00e1ndonos un secreto: iba a montar un s\u00faper club en Pozuelo y necesitaba que le ayud\u00e1ramos con la decoraci\u00f3n.","og_url":"https:\/\/www.motif.es\/blog\/marta-lopez-elige-a-motif-para-la-decoracion-de-su-nuevo-local-le-club-somosaguas\/","og_site_name":"Blog Motif","article_publisher":"https:\/\/www.facebook.com\/motifmorethanwalls\/","article_published_time":"2023-12-21T11:47:42+00:00","article_modified_time":"2024-04-09T12:01:20+00:00","og_image":[{"width":1102,"height":1621,"url":"https:\/\/www.motif.es\/blog\/wp-content\/uploads\/2023\/12\/WhatsApp-Image-2023-12-15-at-10.53.14-e1703159129476.jpeg","type":"image\/jpeg"}],"author":"Comunicaci\u00f3n Motif","twitter_card":"summary_large_image","twitter_misc":{"Escrito por":"Comunicaci\u00f3n Motif","Tiempo de lectura":"2 minutos"},"schema":{"@context":"https:\/\/schema.org","@graph":[{"@type":"Article","@id":"https:\/\/www.motif.es\/blog\/marta-lopez-elige-a-motif-para-la-decoracion-de-su-nuevo-local-le-club-somosaguas\/#article","isPartOf":{"@id":"https:\/\/www.motif.es\/blog\/marta-lopez-elige-a-motif-para-la-decoracion-de-su-nuevo-local-le-club-somosaguas\/"},"author":{"name":"Comunicaci\u00f3n Motif","@id":"https:\/\/www.motif.es\/blog\/#\/schema\/person\/aac26ed80d8e02fb9525ec6b569d75e9"},"headline":"Marta L\u00f3pez elige a MOTIF para la decoraci\u00f3n de su nuevo local \u201cLe Club Somosaguas\u201d","datePublished":"2023-12-21T11:47:42+00:00","dateModified":"2024-04-09T12:01:20+00:00","mainEntityOfPage":{"@id":"https:\/\/www.motif.es\/blog\/marta-lopez-elige-a-motif-para-la-decoracion-de-su-nuevo-local-le-club-somosaguas\/"},"wordCount":248,"commentCount":0,"publisher":{"@id":"https:\/\/www.motif.es\/blog\/#organization"},"image":{"@id":"https:\/\/www.motif.es\/blog\/marta-lopez-elige-a-motif-para-la-decoracion-de-su-nuevo-local-le-club-somosaguas\/#primaryimage"},"thumbnailUrl":"https:\/\/www.motif.es\/blog\/wp-content\/uploads\/2023\/12\/WhatsApp-Image-2023-12-15-at-10.53.14-e1703159129476.jpeg","articleSection":["embajadores Motif"],"inLanguage":"es","potentialAction":[{"@type":"CommentAction","name":"Comment","target":["https:\/\/www.motif.es\/blog\/marta-lopez-elige-a-motif-para-la-decoracion-de-su-nuevo-local-le-club-somosaguas\/#respond"]}]},{"@type":"WebPage","@id":"https:\/\/www.motif.es\/blog\/marta-lopez-elige-a-motif-para-la-decoracion-de-su-nuevo-local-le-club-somosaguas\/","url":"https:\/\/www.motif.es\/blog\/marta-lopez-elige-a-motif-para-la-decoracion-de-su-nuevo-local-le-club-somosaguas\/","name":"Marta L\u00f3pez elige a MOTIF para la decoraci\u00f3n de su nuevo local \u201cLe Club Somosaguas\u201d - Blog Motif","isPartOf":{"@id":"https:\/\/www.motif.es\/blog\/#website"},"primaryImageOfPage":{"@id":"https:\/\/www.motif.es\/blog\/marta-lopez-elige-a-motif-para-la-decoracion-de-su-nuevo-local-le-club-somosaguas\/#primaryimage"},"image":{"@id":"https:\/\/www.motif.es\/blog\/marta-lopez-elige-a-motif-para-la-decoracion-de-su-nuevo-local-le-club-somosaguas\/#primaryimage"},"thumbnailUrl":"https:\/\/www.motif.es\/blog\/wp-content\/uploads\/2023\/12\/WhatsApp-Image-2023-12-15-at-10.53.14-e1703159129476.jpeg","datePublished":"2023-12-21T11:47:42+00:00","dateModified":"2024-04-09T12:01:20+00:00","description":"Marta L\u00f3pez nos llam\u00f3 hace unos meses cont\u00e1ndonos un secreto: iba a montar un s\u00faper club en Pozuelo y necesitaba que le ayud\u00e1ramos con la decoraci\u00f3n.","breadcrumb":{"@id":"https:\/\/www.motif.es\/blog\/marta-lopez-elige-a-motif-para-la-decoracion-de-su-nuevo-local-le-club-somosaguas\/#breadcrumb"},"inLanguage":"es","potentialAction":[{"@type":"ReadAction","target":["https:\/\/www.motif.es\/blog\/marta-lopez-elige-a-motif-para-la-decoracion-de-su-nuevo-local-le-club-somosaguas\/"]}]},{"@type":"ImageObject","inLanguage":"es","@id":"https:\/\/www.motif.es\/blog\/marta-lopez-elige-a-motif-para-la-decoracion-de-su-nuevo-local-le-club-somosaguas\/#primaryimage","url":"https:\/\/www.motif.es\/blog\/wp-content\/uploads\/2023\/12\/WhatsApp-Image-2023-12-15-at-10.53.14-e1703159129476.jpeg","contentUrl":"https:\/\/www.motif.es\/blog\/wp-content\/uploads\/2023\/12\/WhatsApp-Image-2023-12-15-at-10.53.14-e1703159129476.jpeg","width":1102,"height":1621},{"@type":"BreadcrumbList","@id":"https:\/\/www.motif.es\/blog\/marta-lopez-elige-a-motif-para-la-decoracion-de-su-nuevo-local-le-club-somosaguas\/#breadcrumb","itemListElement":[{"@type":"ListItem","position":1,"name":"Blog","item":"https:\/\/www.motif.es\/blog\/"},{"@type":"ListItem","position":2,"name":"embajadores Motif","item":"https:\/\/www.motif.es\/blog\/category\/embajadores-motif\/"},{"@type":"ListItem","position":3,"name":"Marta L\u00f3pez elige a MOTIF para la decoraci\u00f3n de su nuevo local \u201cLe Club Somosaguas\u201d"}]},{"@type":"WebSite","@id":"https:\/\/www.motif.es\/blog\/#website","url":"https:\/\/www.motif.es\/blog\/","name":"Blog Motif","description":"nuestro rinc\u00f3n para inspirarte","publisher":{"@id":"https:\/\/www.motif.es\/blog\/#organization"},"potentialAction":[{"@type":"SearchAction","target":{"@type":"EntryPoint","urlTemplate":"https:\/\/www.motif.es\/blog\/?s={search_term_string}"},"query-input":{"@type":"PropertyValueSpecification","valueRequired":true,"valueName":"search_term_string"}}],"inLanguage":"es"},{"@type":"Organization","@id":"https:\/\/www.motif.es\/blog\/#organization","name":"Motif Wallpapers S.L.U.","url":"https:\/\/www.motif.es\/blog\/","logo":{"@type":"ImageObject","inLanguage":"es","@id":"https:\/\/www.motif.es\/blog\/#\/schema\/logo\/image\/","url":"https:\/\/motif.es\/blog\/wp-content\/uploads\/2021\/06\/logo-motif.jpg","contentUrl":"https:\/\/motif.es\/blog\/wp-content\/uploads\/2021\/06\/logo-motif.jpg","width":464,"height":464,"caption":"Motif Wallpapers S.L.U."},"image":{"@id":"https:\/\/www.motif.es\/blog\/#\/schema\/logo\/image\/"},"sameAs":["https:\/\/www.facebook.com\/motifmorethanwalls\/","https:\/\/www.instagram.com\/motif_es\/?hl=es","https:\/\/www.pinterest.es\/motifwallpapers\/","https:\/\/www.youtube.com\/channel\/UCNaOmbxD6LjcQNj4vmfVIUg"]},{"@type":"Person","@id":"https:\/\/www.motif.es\/blog\/#\/schema\/person\/aac26ed80d8e02fb9525ec6b569d75e9","name":"Comunicaci\u00f3n Motif","image":{"@type":"ImageObject","inLanguage":"es","@id":"https:\/\/secure.gravatar.com\/avatar\/93b2fb49a03bd7a57b5f5e8c3b740113f14f25da86b090887d9353672de2d9b5?s=96&d=mm&r=g","url":"https:\/\/secure.gravatar.com\/avatar\/93b2fb49a03bd7a57b5f5e8c3b740113f14f25da86b090887d9353672de2d9b5?s=96&d=mm&r=g","contentUrl":"https:\/\/secure.gravatar.com\/avatar\/93b2fb49a03bd7a57b5f5e8c3b740113f14f25da86b090887d9353672de2d9b5?s=96&d=mm&r=g","caption":"Comunicaci\u00f3n Motif"},"url":"https:\/\/www.motif.es\/blog\/author\/comunicacion\/"}]}},"_links":{"self":[{"href":"https:\/\/www.motif.es\/blog\/wp-json\/wp\/v2\/posts\/2532","targetHints":{"allow":["GET"]}}],"collection":[{"href":"https:\/\/www.motif.es\/blog\/wp-json\/wp\/v2\/posts"}],"about":[{"href":"https:\/\/www.motif.es\/blog\/wp-json\/wp\/v2\/types\/post"}],"author":[{"embeddable":true,"href":"https:\/\/www.motif.es\/blog\/wp-json\/wp\/v2\/users\/2"}],"replies":[{"embeddable":true,"href":"https:\/\/www.motif.es\/blog\/wp-json\/wp\/v2\/comments?post=2532"}],"version-history":[{"count":5,"href":"https:\/\/www.motif.es\/blog\/wp-json\/wp\/v2\/posts\/2532\/revisions"}],"predecessor-version":[{"id":2684,"href":"https:\/\/www.motif.es\/blog\/wp-json\/wp\/v2\/posts\/2532\/revisions\/2684"}],"wp:featuredmedia":[{"embeddable":true,"href":"https:\/\/www.motif.es\/blog\/wp-json\/wp\/v2\/media\/2537"}],"wp:attachment":[{"href":"https:\/\/www.motif.es\/blog\/wp-json\/wp\/v2\/media?parent=2532"}],"wp:term":[{"taxonomy":"category","embeddable":true,"href":"https:\/\/www.motif.es\/blog\/wp-json\/wp\/v2\/categories?post=2532"},{"taxonomy":"post_tag","embeddable":true,"href":"https:\/\/www.motif.es\/blog\/wp-json\/wp\/v2\/tags?post=2532"}],"curies":[{"name":"wp","href":"https:\/\/api.w.org\/{rel}","templated":true}]}}