{"id":2557,"date":"2023-12-11T21:49:50","date_gmt":"2023-12-11T21:49:50","guid":{"rendered":"https:\/\/www.motif.es\/blog\/?p=2557"},"modified":"2024-01-08T22:02:55","modified_gmt":"2024-01-08T22:02:55","slug":"estos-son-algunos-de-los-colores-de-tendencia-para-el-ano-2024","status":"publish","type":"post","link":"https:\/\/www.motif.es\/blog\/estos-son-algunos-de-los-colores-de-tendencia-para-el-ano-2024\/","title":{"rendered":"Estos son algunos de los colores de tendencia para el a\u00f1o 2024"},"content":{"rendered":"<p>\u00bfPuedes imaginarte tu vida sin colores? Los colores pueden hacerte sentir emociones y despertar la creatividad que llevas dentro. De hecho, los colores son una forma de expresarte y realzar tu entorno.<\/p>\n<p>Veamos algunos de los colores de tendencia para el a\u00f1o 2024 y c\u00f3mo pueden realzar tu entorno.<\/p>\n<h5>Amarillo pastel<\/h5>\n<p>Una tendencia observada en diversos rincones del planeta es el amarillo pastel, que parece volver a estar de moda. Este color puede a\u00f1adir un toque juguet\u00f3n y alegre a cualquier espacio. El amarillo pastel es un color vers\u00e1til que puede utilizarse para paredes, muebles y accesorios. Puede utilizarse en combinaci\u00f3n con otros colores atrevidos o pastel, creando un aspecto animado y vibrante.<\/p>\n<p style=\"text-align: center;\"><img loading=\"lazy\" decoding=\"async\" class=\"alignnone size-full wp-image-2559\" src=\"https:\/\/www.motif.es\/blog\/wp-content\/uploads\/2024\/01\/papel-autoadhesivo-pine-summer.jpg\" alt=\"\" width=\"1000\" height=\"1000\" srcset=\"https:\/\/www.motif.es\/blog\/wp-content\/uploads\/2024\/01\/papel-autoadhesivo-pine-summer.jpg 1000w, https:\/\/www.motif.es\/blog\/wp-content\/uploads\/2024\/01\/papel-autoadhesivo-pine-summer-300x300.jpg 300w, https:\/\/www.motif.es\/blog\/wp-content\/uploads\/2024\/01\/papel-autoadhesivo-pine-summer-150x150.jpg 150w, https:\/\/www.motif.es\/blog\/wp-content\/uploads\/2024\/01\/papel-autoadhesivo-pine-summer-768x768.jpg 768w, https:\/\/www.motif.es\/blog\/wp-content\/uploads\/2024\/01\/papel-autoadhesivo-pine-summer-400x400.jpg 400w, https:\/\/www.motif.es\/blog\/wp-content\/uploads\/2024\/01\/papel-autoadhesivo-pine-summer-96x96.jpg 96w\" sizes=\"auto, (max-width: 1000px) 100vw, 1000px\" \/><\/p>\n<p style=\"text-align: center;\"><em>Papel Autoadhesivo Pine Summer<\/em><\/p>\n<h5>Verde ahumado<\/h5>\n<p>El verde ahumado es otro color que est\u00e1 captando la atenci\u00f3n en 2024. Este color aterciopelado puede a\u00f1adir calidez y profundidad a cualquier habitaci\u00f3n. El verde ahumado puede utilizarse para crear un aspecto sofisticado, terroso y elegante. Es un gran color para utilizar si quieres a\u00f1adir una sensaci\u00f3n de calma y relajaci\u00f3n a una habitaci\u00f3n.<\/p>\n<p style=\"text-align: center;\"><img loading=\"lazy\" decoding=\"async\" class=\"alignnone size-full wp-image-2560\" src=\"https:\/\/www.motif.es\/blog\/wp-content\/uploads\/2024\/01\/mural-autoadhesivo-smoke-dream.jpg\" alt=\"\" width=\"1000\" height=\"1000\" srcset=\"https:\/\/www.motif.es\/blog\/wp-content\/uploads\/2024\/01\/mural-autoadhesivo-smoke-dream.jpg 1000w, https:\/\/www.motif.es\/blog\/wp-content\/uploads\/2024\/01\/mural-autoadhesivo-smoke-dream-300x300.jpg 300w, https:\/\/www.motif.es\/blog\/wp-content\/uploads\/2024\/01\/mural-autoadhesivo-smoke-dream-150x150.jpg 150w, https:\/\/www.motif.es\/blog\/wp-content\/uploads\/2024\/01\/mural-autoadhesivo-smoke-dream-768x768.jpg 768w, https:\/\/www.motif.es\/blog\/wp-content\/uploads\/2024\/01\/mural-autoadhesivo-smoke-dream-400x400.jpg 400w, https:\/\/www.motif.es\/blog\/wp-content\/uploads\/2024\/01\/mural-autoadhesivo-smoke-dream-96x96.jpg 96w\" sizes=\"auto, (max-width: 1000px) 100vw, 1000px\" \/><\/p>\n<p style=\"text-align: center;\"><em>Mural Autoadhesivo Smoke Dream<\/em><\/p>\n<h5>Rosa coral<\/h5>\n<p>El rosa coral es un color de tendencia en 2024 y puede a\u00f1adir una pizca de emoci\u00f3n a cualquier espacio. Este color aporta mucha energ\u00eda, optimismo y fomenta la creatividad. El coral es un color que puede utilizarse en combinaci\u00f3n con otros colores atrevidos, como el naranja, el lima o el rosa fuerte, creando un aspecto divertido y juguet\u00f3n. Adem\u00e1s, tambi\u00e9n puede funcionar como color complementario para tonos m\u00e1s suaves, como la lavanda o la menta.<\/p>\n<p style=\"text-align: center;\"><img loading=\"lazy\" decoding=\"async\" class=\"alignnone size-full wp-image-2561\" src=\"https:\/\/www.motif.es\/blog\/wp-content\/uploads\/2024\/01\/papel-autoadhesivo-mermaid-by-elena-tablada.jpg\" alt=\"\" width=\"1000\" height=\"1000\" srcset=\"https:\/\/www.motif.es\/blog\/wp-content\/uploads\/2024\/01\/papel-autoadhesivo-mermaid-by-elena-tablada.jpg 1000w, https:\/\/www.motif.es\/blog\/wp-content\/uploads\/2024\/01\/papel-autoadhesivo-mermaid-by-elena-tablada-300x300.jpg 300w, https:\/\/www.motif.es\/blog\/wp-content\/uploads\/2024\/01\/papel-autoadhesivo-mermaid-by-elena-tablada-150x150.jpg 150w, https:\/\/www.motif.es\/blog\/wp-content\/uploads\/2024\/01\/papel-autoadhesivo-mermaid-by-elena-tablada-768x768.jpg 768w, https:\/\/www.motif.es\/blog\/wp-content\/uploads\/2024\/01\/papel-autoadhesivo-mermaid-by-elena-tablada-400x400.jpg 400w, https:\/\/www.motif.es\/blog\/wp-content\/uploads\/2024\/01\/papel-autoadhesivo-mermaid-by-elena-tablada-96x96.jpg 96w\" sizes=\"auto, (max-width: 1000px) 100vw, 1000px\" \/><\/p>\n<p style=\"text-align: center;\"><em>Papel Autoadhesivo Mermaid by Elena Tablada<\/em><\/p>\n<h5>Lila oscuro<\/h5>\n<p>El lila oscuro es un color atrevido que puede a\u00f1adir un toque de sofisticaci\u00f3n a cualquier habitaci\u00f3n. Este hermoso tono crea una sensaci\u00f3n de calma y tranquilidad, por lo que es perfecto para dormitorios y zonas de relax. El lila profundo puede pintarse en las paredes, usarse en los muebles o incluso como color de acento. Combinado con grises suaves, aporta un aspecto moderno y contempor\u00e1neo.<\/p>\n<h5>Verde Oliva<\/h5>\n<p>A medida que crece el deseo de productos ecol\u00f3gicos y la conciencia medioambiental, el verde oliva suave se est\u00e1 convirtiendo en una opci\u00f3n de color muy popular. Este color de tono c\u00e1lido puede utilizarse para <strong>crear una sensaci\u00f3n natural y apacible en una habitaci\u00f3n<\/strong>. El olivo suave puede utilizarse para muebles, paredes o elementos decorativos, por lo que es un color vers\u00e1til para todo tipo de espacios.<\/p>\n<p style=\"text-align: center;\"><img loading=\"lazy\" decoding=\"async\" class=\"alignnone size-full wp-image-2562\" src=\"https:\/\/www.motif.es\/blog\/wp-content\/uploads\/2024\/01\/papel-autoadhesivo-cornelia.jpg\" alt=\"\" width=\"1000\" height=\"1000\" srcset=\"https:\/\/www.motif.es\/blog\/wp-content\/uploads\/2024\/01\/papel-autoadhesivo-cornelia.jpg 1000w, https:\/\/www.motif.es\/blog\/wp-content\/uploads\/2024\/01\/papel-autoadhesivo-cornelia-300x300.jpg 300w, https:\/\/www.motif.es\/blog\/wp-content\/uploads\/2024\/01\/papel-autoadhesivo-cornelia-150x150.jpg 150w, https:\/\/www.motif.es\/blog\/wp-content\/uploads\/2024\/01\/papel-autoadhesivo-cornelia-768x768.jpg 768w, https:\/\/www.motif.es\/blog\/wp-content\/uploads\/2024\/01\/papel-autoadhesivo-cornelia-400x400.jpg 400w, https:\/\/www.motif.es\/blog\/wp-content\/uploads\/2024\/01\/papel-autoadhesivo-cornelia-96x96.jpg 96w\" sizes=\"auto, (max-width: 1000px) 100vw, 1000px\" \/><\/p>\n<p style=\"text-align: center;\"><a href=\"https:\/\/www.motif.es\/papeles-para-pared-autoadhesivos\/20889-24154-papel-autoadhesivo-cornelia.html#\/2-material-canvas\/3-altura_papel_pintado-260cm\/54-color-verde\" target=\"_blank\" rel=\"noopener\"><em>Papel Autoadhesivo Cornelia<\/em><\/a><\/p>\n<h5>Azul zafiro<\/h5>\n<p>El azul zafiro es un color dram\u00e1tico que puede causar un gran impacto en una habitaci\u00f3n. Este tono de azul resalta unas texturas y dibujos \u00fanicos y atrevidos. El azul zafiro puede utilizarse en combinaci\u00f3n con blancos o cremas para crear un aspecto limpio y sofisticado. Adem\u00e1s, puede equilibrarse con tonos m\u00e1s suaves, como el rubor o el amarillo, para crear un conjunto armonioso.<\/p>\n<h5>Crema intenso<\/h5>\n<p>El crema intenso es un color que puede a\u00f1adir un aspecto elegante y atemporal a cualquier espacio. Este tono cremoso forma parte de la tendencia, los nuevos neutros. Puede utilizarse en dormitorios y salones para crear un espacio c\u00e1lido y acogedor. Este tono es muy flexible y combina bien con otros tonos profundos o brillantes para crear un aspecto equilibrado.<\/p>\n<h5>Terracota<\/h5>\n<p>La terracota es un color que puede a\u00f1adir un toque de calidez terrosa a cualquier habitaci\u00f3n. Este tono anaranjado tiene una est\u00e9tica atemporal y puede utilizarse como color de acento o principal. La terracota puede usarse en combinaci\u00f3n con colores atrevidos para crear un aspecto ardiente, o puede usarse en combinaci\u00f3n con tonos cremosos para crear un look discreto.<\/p>\n<p><a href=\"https:\/\/www.elmueble.com\/decoracion\/estilistas-coinciden-5-colores-que-se-llevaran-2024-y-3-que-saldran-nuestras-casas_52724\" target=\"_blank\" rel=\"noopener\">El 2024 inaugurar\u00e1 una gama de colores<\/a> que pueden ayudarte a crear un look vibrante y lujoso en cualquier espacio. Cada color tiene su propia personalidad y significado, as\u00ed que elige el que refleje tu estilo y visi\u00f3n personal.<\/p>\n","protected":false},"excerpt":{"rendered":"<p>\u00bfPuedes imaginarte tu vida sin colores? Los colores pueden hacerte sentir emociones y despertar la creatividad que llevas dentro. De hecho, los colores son una forma de expresarte y realzar tu entorno. Veamos algunos de los colores de tendencia para el a\u00f1o 2024 y c\u00f3mo pueden realzar tu entorno. Amarillo pastel Una tendencia observada en [&#8230;]<\/p>\n","protected":false},"author":2,"featured_media":2562,"comment_status":"open","ping_status":"open","sticky":false,"template":"","format":"standard","meta":{"_acf_changed":false,"footnotes":""},"categories":[9],"tags":[],"class_list":["post-2557","post","type-post","status-publish","format-standard","has-post-thumbnail","hentry","category-inspirate"],"acf":[],"yoast_head":"<!-- This site is optimized with the Yoast SEO plugin v27.5 - https:\/\/yoast.com\/product\/yoast-seo-wordpress\/ -->\n<title>Estos son algunos de los colores de tendencia para el a\u00f1o 2024 - Blog Motif<\/title>\n<meta name=\"description\" content=\"\u00bfPuedes imaginarte tu vida sin colores? Los colores pueden hacerte sentir emociones y despertar la creatividad que llevas dentro. De hecho, los colores\" \/>\n<meta name=\"robots\" content=\"index, follow, max-snippet:-1, max-image-preview:large, max-video-preview:-1\" \/>\n<link rel=\"canonical\" href=\"https:\/\/www.motif.es\/blog\/estos-son-algunos-de-los-colores-de-tendencia-para-el-ano-2024\/\" \/>\n<meta property=\"og:locale\" content=\"es_ES\" \/>\n<meta property=\"og:type\" content=\"article\" \/>\n<meta property=\"og:title\" content=\"Estos son algunos de los colores de tendencia para el a\u00f1o 2024 - Blog Motif\" \/>\n<meta property=\"og:description\" content=\"\u00bfPuedes imaginarte tu vida sin colores? Los colores pueden hacerte sentir emociones y despertar la creatividad que llevas dentro. De hecho, los colores\" \/>\n<meta property=\"og:url\" content=\"https:\/\/www.motif.es\/blog\/estos-son-algunos-de-los-colores-de-tendencia-para-el-ano-2024\/\" \/>\n<meta property=\"og:site_name\" content=\"Blog Motif\" \/>\n<meta property=\"article:publisher\" content=\"https:\/\/www.facebook.com\/motifmorethanwalls\/\" \/>\n<meta property=\"article:published_time\" content=\"2023-12-11T21:49:50+00:00\" \/>\n<meta property=\"article:modified_time\" content=\"2024-01-08T22:02:55+00:00\" \/>\n<meta property=\"og:image\" content=\"https:\/\/www.motif.es\/blog\/wp-content\/uploads\/2024\/01\/papel-autoadhesivo-cornelia.jpg\" \/>\n\t<meta property=\"og:image:width\" content=\"1000\" \/>\n\t<meta property=\"og:image:height\" content=\"1000\" \/>\n\t<meta property=\"og:image:type\" content=\"image\/jpeg\" \/>\n<meta name=\"author\" content=\"Comunicaci\u00f3n Motif\" \/>\n<meta name=\"twitter:card\" content=\"summary_large_image\" \/>\n<meta name=\"twitter:label1\" content=\"Escrito por\" \/>\n\t<meta name=\"twitter:data1\" content=\"Comunicaci\u00f3n Motif\" \/>\n\t<meta name=\"twitter:label2\" content=\"Tiempo de lectura\" \/>\n\t<meta name=\"twitter:data2\" content=\"4 minutos\" \/>\n<script type=\"application\/ld+json\" class=\"yoast-schema-graph\">{\"@context\":\"https:\\\/\\\/schema.org\",\"@graph\":[{\"@type\":\"Article\",\"@id\":\"https:\\\/\\\/www.motif.es\\\/blog\\\/estos-son-algunos-de-los-colores-de-tendencia-para-el-ano-2024\\\/#article\",\"isPartOf\":{\"@id\":\"https:\\\/\\\/www.motif.es\\\/blog\\\/estos-son-algunos-de-los-colores-de-tendencia-para-el-ano-2024\\\/\"},\"author\":{\"name\":\"Comunicaci\u00f3n Motif\",\"@id\":\"https:\\\/\\\/www.motif.es\\\/blog\\\/#\\\/schema\\\/person\\\/aac26ed80d8e02fb9525ec6b569d75e9\"},\"headline\":\"Estos son algunos de los colores de tendencia para el a\u00f1o 2024\",\"datePublished\":\"2023-12-11T21:49:50+00:00\",\"dateModified\":\"2024-01-08T22:02:55+00:00\",\"mainEntityOfPage\":{\"@id\":\"https:\\\/\\\/www.motif.es\\\/blog\\\/estos-son-algunos-de-los-colores-de-tendencia-para-el-ano-2024\\\/\"},\"wordCount\":682,\"commentCount\":1,\"publisher\":{\"@id\":\"https:\\\/\\\/www.motif.es\\\/blog\\\/#organization\"},\"image\":{\"@id\":\"https:\\\/\\\/www.motif.es\\\/blog\\\/estos-son-algunos-de-los-colores-de-tendencia-para-el-ano-2024\\\/#primaryimage\"},\"thumbnailUrl\":\"https:\\\/\\\/www.motif.es\\\/blog\\\/wp-content\\\/uploads\\\/2024\\\/01\\\/papel-autoadhesivo-cornelia.jpg\",\"articleSection\":[\"insp\u00edrate\"],\"inLanguage\":\"es\",\"potentialAction\":[{\"@type\":\"CommentAction\",\"name\":\"Comment\",\"target\":[\"https:\\\/\\\/www.motif.es\\\/blog\\\/estos-son-algunos-de-los-colores-de-tendencia-para-el-ano-2024\\\/#respond\"]}]},{\"@type\":\"WebPage\",\"@id\":\"https:\\\/\\\/www.motif.es\\\/blog\\\/estos-son-algunos-de-los-colores-de-tendencia-para-el-ano-2024\\\/\",\"url\":\"https:\\\/\\\/www.motif.es\\\/blog\\\/estos-son-algunos-de-los-colores-de-tendencia-para-el-ano-2024\\\/\",\"name\":\"Estos son algunos de los colores de tendencia para el a\u00f1o 2024 - Blog Motif\",\"isPartOf\":{\"@id\":\"https:\\\/\\\/www.motif.es\\\/blog\\\/#website\"},\"primaryImageOfPage\":{\"@id\":\"https:\\\/\\\/www.motif.es\\\/blog\\\/estos-son-algunos-de-los-colores-de-tendencia-para-el-ano-2024\\\/#primaryimage\"},\"image\":{\"@id\":\"https:\\\/\\\/www.motif.es\\\/blog\\\/estos-son-algunos-de-los-colores-de-tendencia-para-el-ano-2024\\\/#primaryimage\"},\"thumbnailUrl\":\"https:\\\/\\\/www.motif.es\\\/blog\\\/wp-content\\\/uploads\\\/2024\\\/01\\\/papel-autoadhesivo-cornelia.jpg\",\"datePublished\":\"2023-12-11T21:49:50+00:00\",\"dateModified\":\"2024-01-08T22:02:55+00:00\",\"description\":\"\u00bfPuedes imaginarte tu vida sin colores? Los colores pueden hacerte sentir emociones y despertar la creatividad que llevas dentro. De hecho, los colores\",\"breadcrumb\":{\"@id\":\"https:\\\/\\\/www.motif.es\\\/blog\\\/estos-son-algunos-de-los-colores-de-tendencia-para-el-ano-2024\\\/#breadcrumb\"},\"inLanguage\":\"es\",\"potentialAction\":[{\"@type\":\"ReadAction\",\"target\":[\"https:\\\/\\\/www.motif.es\\\/blog\\\/estos-son-algunos-de-los-colores-de-tendencia-para-el-ano-2024\\\/\"]}]},{\"@type\":\"ImageObject\",\"inLanguage\":\"es\",\"@id\":\"https:\\\/\\\/www.motif.es\\\/blog\\\/estos-son-algunos-de-los-colores-de-tendencia-para-el-ano-2024\\\/#primaryimage\",\"url\":\"https:\\\/\\\/www.motif.es\\\/blog\\\/wp-content\\\/uploads\\\/2024\\\/01\\\/papel-autoadhesivo-cornelia.jpg\",\"contentUrl\":\"https:\\\/\\\/www.motif.es\\\/blog\\\/wp-content\\\/uploads\\\/2024\\\/01\\\/papel-autoadhesivo-cornelia.jpg\",\"width\":1000,\"height\":1000},{\"@type\":\"BreadcrumbList\",\"@id\":\"https:\\\/\\\/www.motif.es\\\/blog\\\/estos-son-algunos-de-los-colores-de-tendencia-para-el-ano-2024\\\/#breadcrumb\",\"itemListElement\":[{\"@type\":\"ListItem\",\"position\":1,\"name\":\"Blog\",\"item\":\"https:\\\/\\\/www.motif.es\\\/blog\\\/\"},{\"@type\":\"ListItem\",\"position\":2,\"name\":\"insp\u00edrate\",\"item\":\"https:\\\/\\\/www.motif.es\\\/blog\\\/category\\\/inspirate\\\/\"},{\"@type\":\"ListItem\",\"position\":3,\"name\":\"Estos son algunos de los colores de tendencia para el a\u00f1o 2024\"}]},{\"@type\":\"WebSite\",\"@id\":\"https:\\\/\\\/www.motif.es\\\/blog\\\/#website\",\"url\":\"https:\\\/\\\/www.motif.es\\\/blog\\\/\",\"name\":\"Blog Motif\",\"description\":\"nuestro rinc\u00f3n para inspirarte\",\"publisher\":{\"@id\":\"https:\\\/\\\/www.motif.es\\\/blog\\\/#organization\"},\"potentialAction\":[{\"@type\":\"SearchAction\",\"target\":{\"@type\":\"EntryPoint\",\"urlTemplate\":\"https:\\\/\\\/www.motif.es\\\/blog\\\/?s={search_term_string}\"},\"query-input\":{\"@type\":\"PropertyValueSpecification\",\"valueRequired\":true,\"valueName\":\"search_term_string\"}}],\"inLanguage\":\"es\"},{\"@type\":\"Organization\",\"@id\":\"https:\\\/\\\/www.motif.es\\\/blog\\\/#organization\",\"name\":\"Motif Wallpapers S.L.U.\",\"url\":\"https:\\\/\\\/www.motif.es\\\/blog\\\/\",\"logo\":{\"@type\":\"ImageObject\",\"inLanguage\":\"es\",\"@id\":\"https:\\\/\\\/www.motif.es\\\/blog\\\/#\\\/schema\\\/logo\\\/image\\\/\",\"url\":\"https:\\\/\\\/motif.es\\\/blog\\\/wp-content\\\/uploads\\\/2021\\\/06\\\/logo-motif.jpg\",\"contentUrl\":\"https:\\\/\\\/motif.es\\\/blog\\\/wp-content\\\/uploads\\\/2021\\\/06\\\/logo-motif.jpg\",\"width\":464,\"height\":464,\"caption\":\"Motif Wallpapers S.L.U.\"},\"image\":{\"@id\":\"https:\\\/\\\/www.motif.es\\\/blog\\\/#\\\/schema\\\/logo\\\/image\\\/\"},\"sameAs\":[\"https:\\\/\\\/www.facebook.com\\\/motifmorethanwalls\\\/\",\"https:\\\/\\\/www.instagram.com\\\/motif_es\\\/?hl=es\",\"https:\\\/\\\/www.pinterest.es\\\/motifwallpapers\\\/\",\"https:\\\/\\\/www.youtube.com\\\/channel\\\/UCNaOmbxD6LjcQNj4vmfVIUg\"]},{\"@type\":\"Person\",\"@id\":\"https:\\\/\\\/www.motif.es\\\/blog\\\/#\\\/schema\\\/person\\\/aac26ed80d8e02fb9525ec6b569d75e9\",\"name\":\"Comunicaci\u00f3n Motif\",\"image\":{\"@type\":\"ImageObject\",\"inLanguage\":\"es\",\"@id\":\"https:\\\/\\\/secure.gravatar.com\\\/avatar\\\/93b2fb49a03bd7a57b5f5e8c3b740113f14f25da86b090887d9353672de2d9b5?s=96&d=mm&r=g\",\"url\":\"https:\\\/\\\/secure.gravatar.com\\\/avatar\\\/93b2fb49a03bd7a57b5f5e8c3b740113f14f25da86b090887d9353672de2d9b5?s=96&d=mm&r=g\",\"contentUrl\":\"https:\\\/\\\/secure.gravatar.com\\\/avatar\\\/93b2fb49a03bd7a57b5f5e8c3b740113f14f25da86b090887d9353672de2d9b5?s=96&d=mm&r=g\",\"caption\":\"Comunicaci\u00f3n Motif\"},\"url\":\"https:\\\/\\\/www.motif.es\\\/blog\\\/author\\\/comunicacion\\\/\"}]}<\/script>\n<!-- \/ Yoast SEO plugin. -->","yoast_head_json":{"title":"Estos son algunos de los colores de tendencia para el a\u00f1o 2024 - Blog Motif","description":"\u00bfPuedes imaginarte tu vida sin colores? Los colores pueden hacerte sentir emociones y despertar la creatividad que llevas dentro. De hecho, los colores","robots":{"index":"index","follow":"follow","max-snippet":"max-snippet:-1","max-image-preview":"max-image-preview:large","max-video-preview":"max-video-preview:-1"},"canonical":"https:\/\/www.motif.es\/blog\/estos-son-algunos-de-los-colores-de-tendencia-para-el-ano-2024\/","og_locale":"es_ES","og_type":"article","og_title":"Estos son algunos de los colores de tendencia para el a\u00f1o 2024 - Blog Motif","og_description":"\u00bfPuedes imaginarte tu vida sin colores? Los colores pueden hacerte sentir emociones y despertar la creatividad que llevas dentro. De hecho, los colores","og_url":"https:\/\/www.motif.es\/blog\/estos-son-algunos-de-los-colores-de-tendencia-para-el-ano-2024\/","og_site_name":"Blog Motif","article_publisher":"https:\/\/www.facebook.com\/motifmorethanwalls\/","article_published_time":"2023-12-11T21:49:50+00:00","article_modified_time":"2024-01-08T22:02:55+00:00","og_image":[{"width":1000,"height":1000,"url":"https:\/\/www.motif.es\/blog\/wp-content\/uploads\/2024\/01\/papel-autoadhesivo-cornelia.jpg","type":"image\/jpeg"}],"author":"Comunicaci\u00f3n Motif","twitter_card":"summary_large_image","twitter_misc":{"Escrito por":"Comunicaci\u00f3n Motif","Tiempo de lectura":"4 minutos"},"schema":{"@context":"https:\/\/schema.org","@graph":[{"@type":"Article","@id":"https:\/\/www.motif.es\/blog\/estos-son-algunos-de-los-colores-de-tendencia-para-el-ano-2024\/#article","isPartOf":{"@id":"https:\/\/www.motif.es\/blog\/estos-son-algunos-de-los-colores-de-tendencia-para-el-ano-2024\/"},"author":{"name":"Comunicaci\u00f3n Motif","@id":"https:\/\/www.motif.es\/blog\/#\/schema\/person\/aac26ed80d8e02fb9525ec6b569d75e9"},"headline":"Estos son algunos de los colores de tendencia para el a\u00f1o 2024","datePublished":"2023-12-11T21:49:50+00:00","dateModified":"2024-01-08T22:02:55+00:00","mainEntityOfPage":{"@id":"https:\/\/www.motif.es\/blog\/estos-son-algunos-de-los-colores-de-tendencia-para-el-ano-2024\/"},"wordCount":682,"commentCount":1,"publisher":{"@id":"https:\/\/www.motif.es\/blog\/#organization"},"image":{"@id":"https:\/\/www.motif.es\/blog\/estos-son-algunos-de-los-colores-de-tendencia-para-el-ano-2024\/#primaryimage"},"thumbnailUrl":"https:\/\/www.motif.es\/blog\/wp-content\/uploads\/2024\/01\/papel-autoadhesivo-cornelia.jpg","articleSection":["insp\u00edrate"],"inLanguage":"es","potentialAction":[{"@type":"CommentAction","name":"Comment","target":["https:\/\/www.motif.es\/blog\/estos-son-algunos-de-los-colores-de-tendencia-para-el-ano-2024\/#respond"]}]},{"@type":"WebPage","@id":"https:\/\/www.motif.es\/blog\/estos-son-algunos-de-los-colores-de-tendencia-para-el-ano-2024\/","url":"https:\/\/www.motif.es\/blog\/estos-son-algunos-de-los-colores-de-tendencia-para-el-ano-2024\/","name":"Estos son algunos de los colores de tendencia para el a\u00f1o 2024 - Blog Motif","isPartOf":{"@id":"https:\/\/www.motif.es\/blog\/#website"},"primaryImageOfPage":{"@id":"https:\/\/www.motif.es\/blog\/estos-son-algunos-de-los-colores-de-tendencia-para-el-ano-2024\/#primaryimage"},"image":{"@id":"https:\/\/www.motif.es\/blog\/estos-son-algunos-de-los-colores-de-tendencia-para-el-ano-2024\/#primaryimage"},"thumbnailUrl":"https:\/\/www.motif.es\/blog\/wp-content\/uploads\/2024\/01\/papel-autoadhesivo-cornelia.jpg","datePublished":"2023-12-11T21:49:50+00:00","dateModified":"2024-01-08T22:02:55+00:00","description":"\u00bfPuedes imaginarte tu vida sin colores? Los colores pueden hacerte sentir emociones y despertar la creatividad que llevas dentro. De hecho, los colores","breadcrumb":{"@id":"https:\/\/www.motif.es\/blog\/estos-son-algunos-de-los-colores-de-tendencia-para-el-ano-2024\/#breadcrumb"},"inLanguage":"es","potentialAction":[{"@type":"ReadAction","target":["https:\/\/www.motif.es\/blog\/estos-son-algunos-de-los-colores-de-tendencia-para-el-ano-2024\/"]}]},{"@type":"ImageObject","inLanguage":"es","@id":"https:\/\/www.motif.es\/blog\/estos-son-algunos-de-los-colores-de-tendencia-para-el-ano-2024\/#primaryimage","url":"https:\/\/www.motif.es\/blog\/wp-content\/uploads\/2024\/01\/papel-autoadhesivo-cornelia.jpg","contentUrl":"https:\/\/www.motif.es\/blog\/wp-content\/uploads\/2024\/01\/papel-autoadhesivo-cornelia.jpg","width":1000,"height":1000},{"@type":"BreadcrumbList","@id":"https:\/\/www.motif.es\/blog\/estos-son-algunos-de-los-colores-de-tendencia-para-el-ano-2024\/#breadcrumb","itemListElement":[{"@type":"ListItem","position":1,"name":"Blog","item":"https:\/\/www.motif.es\/blog\/"},{"@type":"ListItem","position":2,"name":"insp\u00edrate","item":"https:\/\/www.motif.es\/blog\/category\/inspirate\/"},{"@type":"ListItem","position":3,"name":"Estos son algunos de los colores de tendencia para el a\u00f1o 2024"}]},{"@type":"WebSite","@id":"https:\/\/www.motif.es\/blog\/#website","url":"https:\/\/www.motif.es\/blog\/","name":"Blog Motif","description":"nuestro rinc\u00f3n para inspirarte","publisher":{"@id":"https:\/\/www.motif.es\/blog\/#organization"},"potentialAction":[{"@type":"SearchAction","target":{"@type":"EntryPoint","urlTemplate":"https:\/\/www.motif.es\/blog\/?s={search_term_string}"},"query-input":{"@type":"PropertyValueSpecification","valueRequired":true,"valueName":"search_term_string"}}],"inLanguage":"es"},{"@type":"Organization","@id":"https:\/\/www.motif.es\/blog\/#organization","name":"Motif Wallpapers S.L.U.","url":"https:\/\/www.motif.es\/blog\/","logo":{"@type":"ImageObject","inLanguage":"es","@id":"https:\/\/www.motif.es\/blog\/#\/schema\/logo\/image\/","url":"https:\/\/motif.es\/blog\/wp-content\/uploads\/2021\/06\/logo-motif.jpg","contentUrl":"https:\/\/motif.es\/blog\/wp-content\/uploads\/2021\/06\/logo-motif.jpg","width":464,"height":464,"caption":"Motif Wallpapers S.L.U."},"image":{"@id":"https:\/\/www.motif.es\/blog\/#\/schema\/logo\/image\/"},"sameAs":["https:\/\/www.facebook.com\/motifmorethanwalls\/","https:\/\/www.instagram.com\/motif_es\/?hl=es","https:\/\/www.pinterest.es\/motifwallpapers\/","https:\/\/www.youtube.com\/channel\/UCNaOmbxD6LjcQNj4vmfVIUg"]},{"@type":"Person","@id":"https:\/\/www.motif.es\/blog\/#\/schema\/person\/aac26ed80d8e02fb9525ec6b569d75e9","name":"Comunicaci\u00f3n Motif","image":{"@type":"ImageObject","inLanguage":"es","@id":"https:\/\/secure.gravatar.com\/avatar\/93b2fb49a03bd7a57b5f5e8c3b740113f14f25da86b090887d9353672de2d9b5?s=96&d=mm&r=g","url":"https:\/\/secure.gravatar.com\/avatar\/93b2fb49a03bd7a57b5f5e8c3b740113f14f25da86b090887d9353672de2d9b5?s=96&d=mm&r=g","contentUrl":"https:\/\/secure.gravatar.com\/avatar\/93b2fb49a03bd7a57b5f5e8c3b740113f14f25da86b090887d9353672de2d9b5?s=96&d=mm&r=g","caption":"Comunicaci\u00f3n Motif"},"url":"https:\/\/www.motif.es\/blog\/author\/comunicacion\/"}]}},"_links":{"self":[{"href":"https:\/\/www.motif.es\/blog\/wp-json\/wp\/v2\/posts\/2557","targetHints":{"allow":["GET"]}}],"collection":[{"href":"https:\/\/www.motif.es\/blog\/wp-json\/wp\/v2\/posts"}],"about":[{"href":"https:\/\/www.motif.es\/blog\/wp-json\/wp\/v2\/types\/post"}],"author":[{"embeddable":true,"href":"https:\/\/www.motif.es\/blog\/wp-json\/wp\/v2\/users\/2"}],"replies":[{"embeddable":true,"href":"https:\/\/www.motif.es\/blog\/wp-json\/wp\/v2\/comments?post=2557"}],"version-history":[{"count":1,"href":"https:\/\/www.motif.es\/blog\/wp-json\/wp\/v2\/posts\/2557\/revisions"}],"predecessor-version":[{"id":2563,"href":"https:\/\/www.motif.es\/blog\/wp-json\/wp\/v2\/posts\/2557\/revisions\/2563"}],"wp:featuredmedia":[{"embeddable":true,"href":"https:\/\/www.motif.es\/blog\/wp-json\/wp\/v2\/media\/2562"}],"wp:attachment":[{"href":"https:\/\/www.motif.es\/blog\/wp-json\/wp\/v2\/media?parent=2557"}],"wp:term":[{"taxonomy":"category","embeddable":true,"href":"https:\/\/www.motif.es\/blog\/wp-json\/wp\/v2\/categories?post=2557"},{"taxonomy":"post_tag","embeddable":true,"href":"https:\/\/www.motif.es\/blog\/wp-json\/wp\/v2\/tags?post=2557"}],"curies":[{"name":"wp","href":"https:\/\/api.w.org\/{rel}","templated":true}]}}