{"id":2771,"date":"2024-05-17T09:11:07","date_gmt":"2024-05-17T09:11:07","guid":{"rendered":"https:\/\/www.motif.es\/blog\/?p=2771"},"modified":"2024-05-21T09:22:38","modified_gmt":"2024-05-21T09:22:38","slug":"sigue-creciendo-la-coleccion-de-murales-para-pared-de-motif","status":"publish","type":"post","link":"https:\/\/www.motif.es\/blog\/sigue-creciendo-la-coleccion-de-murales-para-pared-de-motif\/","title":{"rendered":"Sigue creciendo la colecci\u00f3n de Murales para Pared de MOTIF"},"content":{"rendered":"<p>MOTIF vuelve a presentar su \u00faltima <strong>colecci\u00f3n de murales para pared<\/strong>. Esta vez, hemos apostado por <strong>dise\u00f1os de est\u00e9tica tropical<\/strong> ofreciendo una amplia gama de murales para adaptarse a cualquier estilo y presupuesto en la decoraci\u00f3n de interiores.<\/p>\n<h5>Dise\u00f1os impartir nuevos ambientes<\/h5>\n<p>Los <strong>nuevos murales de MOTIF<\/strong> tienen la capacidad de mejorar el aspecto y el feeling de cualquier espacio interior. Desde paisajes ex\u00f3ticos hasta preciosas im\u00e1genes en tonos soft y acuarelados.<\/p>\n<p>Estos nuevos murales\u00a0 permiten sumar a la decoraci\u00f3n de un espacio personalidad a cualquier estilo y convertir la habitaci\u00f3n en un rinc\u00f3n de tendencia.<\/p>\n<p style=\"text-align: center;\"><img loading=\"lazy\" decoding=\"async\" class=\"alignnone size-full wp-image-2773\" src=\"https:\/\/www.motif.es\/blog\/wp-content\/uploads\/2024\/05\/mural-autoadhesivo-lilo-1.jpg\" alt=\"\" width=\"1000\" height=\"1000\" srcset=\"https:\/\/www.motif.es\/blog\/wp-content\/uploads\/2024\/05\/mural-autoadhesivo-lilo-1.jpg 1000w, https:\/\/www.motif.es\/blog\/wp-content\/uploads\/2024\/05\/mural-autoadhesivo-lilo-1-300x300.jpg 300w, https:\/\/www.motif.es\/blog\/wp-content\/uploads\/2024\/05\/mural-autoadhesivo-lilo-1-150x150.jpg 150w, https:\/\/www.motif.es\/blog\/wp-content\/uploads\/2024\/05\/mural-autoadhesivo-lilo-1-768x768.jpg 768w, https:\/\/www.motif.es\/blog\/wp-content\/uploads\/2024\/05\/mural-autoadhesivo-lilo-1-400x400.jpg 400w\" sizes=\"auto, (max-width: 1000px) 100vw, 1000px\" \/><\/p>\n<p style=\"text-align: center;\"><em>Mural Autoadhesivo DEAN<\/em><\/p>\n<p style=\"text-align: center;\"><img loading=\"lazy\" decoding=\"async\" class=\"alignnone size-full wp-image-2774\" src=\"https:\/\/www.motif.es\/blog\/wp-content\/uploads\/2024\/05\/mural-autoadhesivo-dean.jpg\" alt=\"\" width=\"1000\" height=\"1000\" srcset=\"https:\/\/www.motif.es\/blog\/wp-content\/uploads\/2024\/05\/mural-autoadhesivo-dean.jpg 1000w, https:\/\/www.motif.es\/blog\/wp-content\/uploads\/2024\/05\/mural-autoadhesivo-dean-300x300.jpg 300w, https:\/\/www.motif.es\/blog\/wp-content\/uploads\/2024\/05\/mural-autoadhesivo-dean-150x150.jpg 150w, https:\/\/www.motif.es\/blog\/wp-content\/uploads\/2024\/05\/mural-autoadhesivo-dean-768x768.jpg 768w, https:\/\/www.motif.es\/blog\/wp-content\/uploads\/2024\/05\/mural-autoadhesivo-dean-400x400.jpg 400w\" sizes=\"auto, (max-width: 1000px) 100vw, 1000px\" \/><\/p>\n<p style=\"text-align: center;\"><em>Mural Autoadhesivo DEAN<\/em><\/p>\n<h5>Evoluciando para satisfacer las necesidades del cliente<\/h5>\n<p>Todos los murales de la marca se imprimen con t\u00e9cnicas de la \u00faltima generaci\u00f3n para garantizar colores duraderos y n\u00edtidos. Los murales tambi\u00e9n est\u00e1n hechos para durar, ya que el papel de calidad resistente a los rayos UV de los murales mantendr\u00e1 los colores vibrantes a lo largo del tiempo sin decolorarse.<\/p>\n<p>Adem\u00e1s, nuestros murales para pared son\u00a0<strong>autoadhesivos <\/strong>y\u00a0est\u00e1n\u00a0<strong>impresos con tintas ecol\u00f3gicas <\/strong> y fabricados con los mejores materiales del mercado, y todos ellos los dise\u00f1amos y fabricamos nosotros en Castell\u00f3n.<\/p>\n<p>La \u00faltima <strong>colecci\u00f3n de murales para pared de MOTIF<\/strong> est\u00e1 preparada para mejorar el aspecto de cualquier espacio mientras se asegura de que el impacto ambiental sea m\u00ednimo. Los nuevos dise\u00f1os y mejoras t\u00e9cnicas de la marca ofrecen a los clientes muchas formas diferentes de adaptar los murales a sus necesidades \u00fanicas, lo que significa que hay algo para todos en la \u00faltima colecci\u00f3n de MOTIF, trabajando para garantizar que sus murales ofrezcan <strong>opciones de decoraci\u00f3n de la m\u00e1s alta calidad<\/strong> a un precio asequible.<\/p>\n<p>Descubre los nuevos dise\u00f1os <a href=\"https:\/\/www.motif.es\/91-murales-autoadhesivos\" target=\"_blank\" rel=\"noopener\">aqu\u00ed<\/a>.<\/p>\n","protected":false},"excerpt":{"rendered":"<p>MOTIF vuelve a presentar su \u00faltima colecci\u00f3n de murales para pared. Esta vez, hemos apostado por dise\u00f1os de est\u00e9tica tropical ofreciendo una amplia gama de murales para adaptarse a cualquier estilo y presupuesto en la decoraci\u00f3n de interiores. Dise\u00f1os impartir nuevos ambientes Los nuevos murales de MOTIF tienen la capacidad de mejorar el aspecto y [&#8230;]<\/p>\n","protected":false},"author":2,"featured_media":2774,"comment_status":"open","ping_status":"open","sticky":false,"template":"","format":"standard","meta":{"_acf_changed":false,"footnotes":""},"categories":[4],"tags":[],"class_list":["post-2771","post","type-post","status-publish","format-standard","has-post-thumbnail","hentry","category-sobre-murales-autoadhesivos"],"acf":[],"yoast_head":"<!-- This site is optimized with the Yoast SEO plugin v27.4 - https:\/\/yoast.com\/product\/yoast-seo-wordpress\/ -->\n<title>Sigue creciendo la colecci\u00f3n de Murales para Pared de MOTIF - Blog Motif<\/title>\n<meta name=\"description\" content=\"MOTIF vuelve a presentar su \u00faltima colecci\u00f3n de murales para pared. Esta vez, hemos apostado por dise\u00f1os de est\u00e9tica tropical ofreciendo una amplia gama\" \/>\n<meta name=\"robots\" content=\"index, follow, max-snippet:-1, max-image-preview:large, max-video-preview:-1\" \/>\n<link rel=\"canonical\" href=\"https:\/\/www.motif.es\/blog\/sigue-creciendo-la-coleccion-de-murales-para-pared-de-motif\/\" \/>\n<meta property=\"og:locale\" content=\"es_ES\" \/>\n<meta property=\"og:type\" content=\"article\" \/>\n<meta property=\"og:title\" content=\"Sigue creciendo la colecci\u00f3n de Murales para Pared de MOTIF - Blog Motif\" \/>\n<meta property=\"og:description\" content=\"MOTIF vuelve a presentar su \u00faltima colecci\u00f3n de murales para pared. Esta vez, hemos apostado por dise\u00f1os de est\u00e9tica tropical ofreciendo una amplia gama\" \/>\n<meta property=\"og:url\" content=\"https:\/\/www.motif.es\/blog\/sigue-creciendo-la-coleccion-de-murales-para-pared-de-motif\/\" \/>\n<meta property=\"og:site_name\" content=\"Blog Motif\" \/>\n<meta property=\"article:publisher\" content=\"https:\/\/www.facebook.com\/motifmorethanwalls\/\" \/>\n<meta property=\"article:published_time\" content=\"2024-05-17T09:11:07+00:00\" \/>\n<meta property=\"article:modified_time\" content=\"2024-05-21T09:22:38+00:00\" \/>\n<meta property=\"og:image\" content=\"https:\/\/www.motif.es\/blog\/wp-content\/uploads\/2024\/05\/mural-autoadhesivo-dean.jpg\" \/>\n\t<meta property=\"og:image:width\" content=\"1000\" \/>\n\t<meta property=\"og:image:height\" content=\"1000\" \/>\n\t<meta property=\"og:image:type\" content=\"image\/jpeg\" \/>\n<meta name=\"author\" content=\"Comunicaci\u00f3n Motif\" \/>\n<meta name=\"twitter:card\" content=\"summary_large_image\" \/>\n<meta name=\"twitter:label1\" content=\"Escrito por\" \/>\n\t<meta name=\"twitter:data1\" content=\"Comunicaci\u00f3n Motif\" \/>\n\t<meta name=\"twitter:label2\" content=\"Tiempo de lectura\" \/>\n\t<meta name=\"twitter:data2\" content=\"2 minutos\" \/>\n<script type=\"application\/ld+json\" class=\"yoast-schema-graph\">{\"@context\":\"https:\\\/\\\/schema.org\",\"@graph\":[{\"@type\":\"Article\",\"@id\":\"https:\\\/\\\/www.motif.es\\\/blog\\\/sigue-creciendo-la-coleccion-de-murales-para-pared-de-motif\\\/#article\",\"isPartOf\":{\"@id\":\"https:\\\/\\\/www.motif.es\\\/blog\\\/sigue-creciendo-la-coleccion-de-murales-para-pared-de-motif\\\/\"},\"author\":{\"name\":\"Comunicaci\u00f3n Motif\",\"@id\":\"https:\\\/\\\/www.motif.es\\\/blog\\\/#\\\/schema\\\/person\\\/aac26ed80d8e02fb9525ec6b569d75e9\"},\"headline\":\"Sigue creciendo la colecci\u00f3n de Murales para Pared de MOTIF\",\"datePublished\":\"2024-05-17T09:11:07+00:00\",\"dateModified\":\"2024-05-21T09:22:38+00:00\",\"mainEntityOfPage\":{\"@id\":\"https:\\\/\\\/www.motif.es\\\/blog\\\/sigue-creciendo-la-coleccion-de-murales-para-pared-de-motif\\\/\"},\"wordCount\":321,\"commentCount\":0,\"publisher\":{\"@id\":\"https:\\\/\\\/www.motif.es\\\/blog\\\/#organization\"},\"image\":{\"@id\":\"https:\\\/\\\/www.motif.es\\\/blog\\\/sigue-creciendo-la-coleccion-de-murales-para-pared-de-motif\\\/#primaryimage\"},\"thumbnailUrl\":\"https:\\\/\\\/www.motif.es\\\/blog\\\/wp-content\\\/uploads\\\/2024\\\/05\\\/mural-autoadhesivo-dean.jpg\",\"articleSection\":[\"sobre murales autoadhesivos\"],\"inLanguage\":\"es\",\"potentialAction\":[{\"@type\":\"CommentAction\",\"name\":\"Comment\",\"target\":[\"https:\\\/\\\/www.motif.es\\\/blog\\\/sigue-creciendo-la-coleccion-de-murales-para-pared-de-motif\\\/#respond\"]}]},{\"@type\":\"WebPage\",\"@id\":\"https:\\\/\\\/www.motif.es\\\/blog\\\/sigue-creciendo-la-coleccion-de-murales-para-pared-de-motif\\\/\",\"url\":\"https:\\\/\\\/www.motif.es\\\/blog\\\/sigue-creciendo-la-coleccion-de-murales-para-pared-de-motif\\\/\",\"name\":\"Sigue creciendo la colecci\u00f3n de Murales para Pared de MOTIF - Blog Motif\",\"isPartOf\":{\"@id\":\"https:\\\/\\\/www.motif.es\\\/blog\\\/#website\"},\"primaryImageOfPage\":{\"@id\":\"https:\\\/\\\/www.motif.es\\\/blog\\\/sigue-creciendo-la-coleccion-de-murales-para-pared-de-motif\\\/#primaryimage\"},\"image\":{\"@id\":\"https:\\\/\\\/www.motif.es\\\/blog\\\/sigue-creciendo-la-coleccion-de-murales-para-pared-de-motif\\\/#primaryimage\"},\"thumbnailUrl\":\"https:\\\/\\\/www.motif.es\\\/blog\\\/wp-content\\\/uploads\\\/2024\\\/05\\\/mural-autoadhesivo-dean.jpg\",\"datePublished\":\"2024-05-17T09:11:07+00:00\",\"dateModified\":\"2024-05-21T09:22:38+00:00\",\"description\":\"MOTIF vuelve a presentar su \u00faltima colecci\u00f3n de murales para pared. Esta vez, hemos apostado por dise\u00f1os de est\u00e9tica tropical ofreciendo una amplia gama\",\"breadcrumb\":{\"@id\":\"https:\\\/\\\/www.motif.es\\\/blog\\\/sigue-creciendo-la-coleccion-de-murales-para-pared-de-motif\\\/#breadcrumb\"},\"inLanguage\":\"es\",\"potentialAction\":[{\"@type\":\"ReadAction\",\"target\":[\"https:\\\/\\\/www.motif.es\\\/blog\\\/sigue-creciendo-la-coleccion-de-murales-para-pared-de-motif\\\/\"]}]},{\"@type\":\"ImageObject\",\"inLanguage\":\"es\",\"@id\":\"https:\\\/\\\/www.motif.es\\\/blog\\\/sigue-creciendo-la-coleccion-de-murales-para-pared-de-motif\\\/#primaryimage\",\"url\":\"https:\\\/\\\/www.motif.es\\\/blog\\\/wp-content\\\/uploads\\\/2024\\\/05\\\/mural-autoadhesivo-dean.jpg\",\"contentUrl\":\"https:\\\/\\\/www.motif.es\\\/blog\\\/wp-content\\\/uploads\\\/2024\\\/05\\\/mural-autoadhesivo-dean.jpg\",\"width\":1000,\"height\":1000},{\"@type\":\"BreadcrumbList\",\"@id\":\"https:\\\/\\\/www.motif.es\\\/blog\\\/sigue-creciendo-la-coleccion-de-murales-para-pared-de-motif\\\/#breadcrumb\",\"itemListElement\":[{\"@type\":\"ListItem\",\"position\":1,\"name\":\"Blog\",\"item\":\"https:\\\/\\\/www.motif.es\\\/blog\\\/\"},{\"@type\":\"ListItem\",\"position\":2,\"name\":\"sobre murales autoadhesivos\",\"item\":\"https:\\\/\\\/www.motif.es\\\/blog\\\/category\\\/sobre-murales-autoadhesivos\\\/\"},{\"@type\":\"ListItem\",\"position\":3,\"name\":\"Sigue creciendo la colecci\u00f3n de Murales para Pared de MOTIF\"}]},{\"@type\":\"WebSite\",\"@id\":\"https:\\\/\\\/www.motif.es\\\/blog\\\/#website\",\"url\":\"https:\\\/\\\/www.motif.es\\\/blog\\\/\",\"name\":\"Blog Motif\",\"description\":\"nuestro rinc\u00f3n para inspirarte\",\"publisher\":{\"@id\":\"https:\\\/\\\/www.motif.es\\\/blog\\\/#organization\"},\"potentialAction\":[{\"@type\":\"SearchAction\",\"target\":{\"@type\":\"EntryPoint\",\"urlTemplate\":\"https:\\\/\\\/www.motif.es\\\/blog\\\/?s={search_term_string}\"},\"query-input\":{\"@type\":\"PropertyValueSpecification\",\"valueRequired\":true,\"valueName\":\"search_term_string\"}}],\"inLanguage\":\"es\"},{\"@type\":\"Organization\",\"@id\":\"https:\\\/\\\/www.motif.es\\\/blog\\\/#organization\",\"name\":\"Motif Wallpapers S.L.U.\",\"url\":\"https:\\\/\\\/www.motif.es\\\/blog\\\/\",\"logo\":{\"@type\":\"ImageObject\",\"inLanguage\":\"es\",\"@id\":\"https:\\\/\\\/www.motif.es\\\/blog\\\/#\\\/schema\\\/logo\\\/image\\\/\",\"url\":\"https:\\\/\\\/motif.es\\\/blog\\\/wp-content\\\/uploads\\\/2021\\\/06\\\/logo-motif.jpg\",\"contentUrl\":\"https:\\\/\\\/motif.es\\\/blog\\\/wp-content\\\/uploads\\\/2021\\\/06\\\/logo-motif.jpg\",\"width\":464,\"height\":464,\"caption\":\"Motif Wallpapers S.L.U.\"},\"image\":{\"@id\":\"https:\\\/\\\/www.motif.es\\\/blog\\\/#\\\/schema\\\/logo\\\/image\\\/\"},\"sameAs\":[\"https:\\\/\\\/www.facebook.com\\\/motifmorethanwalls\\\/\",\"https:\\\/\\\/www.instagram.com\\\/motif_es\\\/?hl=es\",\"https:\\\/\\\/www.pinterest.es\\\/motifwallpapers\\\/\",\"https:\\\/\\\/www.youtube.com\\\/channel\\\/UCNaOmbxD6LjcQNj4vmfVIUg\"]},{\"@type\":\"Person\",\"@id\":\"https:\\\/\\\/www.motif.es\\\/blog\\\/#\\\/schema\\\/person\\\/aac26ed80d8e02fb9525ec6b569d75e9\",\"name\":\"Comunicaci\u00f3n Motif\",\"image\":{\"@type\":\"ImageObject\",\"inLanguage\":\"es\",\"@id\":\"https:\\\/\\\/secure.gravatar.com\\\/avatar\\\/93b2fb49a03bd7a57b5f5e8c3b740113f14f25da86b090887d9353672de2d9b5?s=96&d=mm&r=g\",\"url\":\"https:\\\/\\\/secure.gravatar.com\\\/avatar\\\/93b2fb49a03bd7a57b5f5e8c3b740113f14f25da86b090887d9353672de2d9b5?s=96&d=mm&r=g\",\"contentUrl\":\"https:\\\/\\\/secure.gravatar.com\\\/avatar\\\/93b2fb49a03bd7a57b5f5e8c3b740113f14f25da86b090887d9353672de2d9b5?s=96&d=mm&r=g\",\"caption\":\"Comunicaci\u00f3n Motif\"},\"url\":\"https:\\\/\\\/www.motif.es\\\/blog\\\/author\\\/comunicacion\\\/\"}]}<\/script>\n<!-- \/ Yoast SEO plugin. -->","yoast_head_json":{"title":"Sigue creciendo la colecci\u00f3n de Murales para Pared de MOTIF - Blog Motif","description":"MOTIF vuelve a presentar su \u00faltima colecci\u00f3n de murales para pared. Esta vez, hemos apostado por dise\u00f1os de est\u00e9tica tropical ofreciendo una amplia gama","robots":{"index":"index","follow":"follow","max-snippet":"max-snippet:-1","max-image-preview":"max-image-preview:large","max-video-preview":"max-video-preview:-1"},"canonical":"https:\/\/www.motif.es\/blog\/sigue-creciendo-la-coleccion-de-murales-para-pared-de-motif\/","og_locale":"es_ES","og_type":"article","og_title":"Sigue creciendo la colecci\u00f3n de Murales para Pared de MOTIF - Blog Motif","og_description":"MOTIF vuelve a presentar su \u00faltima colecci\u00f3n de murales para pared. Esta vez, hemos apostado por dise\u00f1os de est\u00e9tica tropical ofreciendo una amplia gama","og_url":"https:\/\/www.motif.es\/blog\/sigue-creciendo-la-coleccion-de-murales-para-pared-de-motif\/","og_site_name":"Blog Motif","article_publisher":"https:\/\/www.facebook.com\/motifmorethanwalls\/","article_published_time":"2024-05-17T09:11:07+00:00","article_modified_time":"2024-05-21T09:22:38+00:00","og_image":[{"width":1000,"height":1000,"url":"https:\/\/www.motif.es\/blog\/wp-content\/uploads\/2024\/05\/mural-autoadhesivo-dean.jpg","type":"image\/jpeg"}],"author":"Comunicaci\u00f3n Motif","twitter_card":"summary_large_image","twitter_misc":{"Escrito por":"Comunicaci\u00f3n Motif","Tiempo de lectura":"2 minutos"},"schema":{"@context":"https:\/\/schema.org","@graph":[{"@type":"Article","@id":"https:\/\/www.motif.es\/blog\/sigue-creciendo-la-coleccion-de-murales-para-pared-de-motif\/#article","isPartOf":{"@id":"https:\/\/www.motif.es\/blog\/sigue-creciendo-la-coleccion-de-murales-para-pared-de-motif\/"},"author":{"name":"Comunicaci\u00f3n Motif","@id":"https:\/\/www.motif.es\/blog\/#\/schema\/person\/aac26ed80d8e02fb9525ec6b569d75e9"},"headline":"Sigue creciendo la colecci\u00f3n de Murales para Pared de MOTIF","datePublished":"2024-05-17T09:11:07+00:00","dateModified":"2024-05-21T09:22:38+00:00","mainEntityOfPage":{"@id":"https:\/\/www.motif.es\/blog\/sigue-creciendo-la-coleccion-de-murales-para-pared-de-motif\/"},"wordCount":321,"commentCount":0,"publisher":{"@id":"https:\/\/www.motif.es\/blog\/#organization"},"image":{"@id":"https:\/\/www.motif.es\/blog\/sigue-creciendo-la-coleccion-de-murales-para-pared-de-motif\/#primaryimage"},"thumbnailUrl":"https:\/\/www.motif.es\/blog\/wp-content\/uploads\/2024\/05\/mural-autoadhesivo-dean.jpg","articleSection":["sobre murales autoadhesivos"],"inLanguage":"es","potentialAction":[{"@type":"CommentAction","name":"Comment","target":["https:\/\/www.motif.es\/blog\/sigue-creciendo-la-coleccion-de-murales-para-pared-de-motif\/#respond"]}]},{"@type":"WebPage","@id":"https:\/\/www.motif.es\/blog\/sigue-creciendo-la-coleccion-de-murales-para-pared-de-motif\/","url":"https:\/\/www.motif.es\/blog\/sigue-creciendo-la-coleccion-de-murales-para-pared-de-motif\/","name":"Sigue creciendo la colecci\u00f3n de Murales para Pared de MOTIF - Blog Motif","isPartOf":{"@id":"https:\/\/www.motif.es\/blog\/#website"},"primaryImageOfPage":{"@id":"https:\/\/www.motif.es\/blog\/sigue-creciendo-la-coleccion-de-murales-para-pared-de-motif\/#primaryimage"},"image":{"@id":"https:\/\/www.motif.es\/blog\/sigue-creciendo-la-coleccion-de-murales-para-pared-de-motif\/#primaryimage"},"thumbnailUrl":"https:\/\/www.motif.es\/blog\/wp-content\/uploads\/2024\/05\/mural-autoadhesivo-dean.jpg","datePublished":"2024-05-17T09:11:07+00:00","dateModified":"2024-05-21T09:22:38+00:00","description":"MOTIF vuelve a presentar su \u00faltima colecci\u00f3n de murales para pared. Esta vez, hemos apostado por dise\u00f1os de est\u00e9tica tropical ofreciendo una amplia gama","breadcrumb":{"@id":"https:\/\/www.motif.es\/blog\/sigue-creciendo-la-coleccion-de-murales-para-pared-de-motif\/#breadcrumb"},"inLanguage":"es","potentialAction":[{"@type":"ReadAction","target":["https:\/\/www.motif.es\/blog\/sigue-creciendo-la-coleccion-de-murales-para-pared-de-motif\/"]}]},{"@type":"ImageObject","inLanguage":"es","@id":"https:\/\/www.motif.es\/blog\/sigue-creciendo-la-coleccion-de-murales-para-pared-de-motif\/#primaryimage","url":"https:\/\/www.motif.es\/blog\/wp-content\/uploads\/2024\/05\/mural-autoadhesivo-dean.jpg","contentUrl":"https:\/\/www.motif.es\/blog\/wp-content\/uploads\/2024\/05\/mural-autoadhesivo-dean.jpg","width":1000,"height":1000},{"@type":"BreadcrumbList","@id":"https:\/\/www.motif.es\/blog\/sigue-creciendo-la-coleccion-de-murales-para-pared-de-motif\/#breadcrumb","itemListElement":[{"@type":"ListItem","position":1,"name":"Blog","item":"https:\/\/www.motif.es\/blog\/"},{"@type":"ListItem","position":2,"name":"sobre murales autoadhesivos","item":"https:\/\/www.motif.es\/blog\/category\/sobre-murales-autoadhesivos\/"},{"@type":"ListItem","position":3,"name":"Sigue creciendo la colecci\u00f3n de Murales para Pared de MOTIF"}]},{"@type":"WebSite","@id":"https:\/\/www.motif.es\/blog\/#website","url":"https:\/\/www.motif.es\/blog\/","name":"Blog Motif","description":"nuestro rinc\u00f3n para inspirarte","publisher":{"@id":"https:\/\/www.motif.es\/blog\/#organization"},"potentialAction":[{"@type":"SearchAction","target":{"@type":"EntryPoint","urlTemplate":"https:\/\/www.motif.es\/blog\/?s={search_term_string}"},"query-input":{"@type":"PropertyValueSpecification","valueRequired":true,"valueName":"search_term_string"}}],"inLanguage":"es"},{"@type":"Organization","@id":"https:\/\/www.motif.es\/blog\/#organization","name":"Motif Wallpapers S.L.U.","url":"https:\/\/www.motif.es\/blog\/","logo":{"@type":"ImageObject","inLanguage":"es","@id":"https:\/\/www.motif.es\/blog\/#\/schema\/logo\/image\/","url":"https:\/\/motif.es\/blog\/wp-content\/uploads\/2021\/06\/logo-motif.jpg","contentUrl":"https:\/\/motif.es\/blog\/wp-content\/uploads\/2021\/06\/logo-motif.jpg","width":464,"height":464,"caption":"Motif Wallpapers S.L.U."},"image":{"@id":"https:\/\/www.motif.es\/blog\/#\/schema\/logo\/image\/"},"sameAs":["https:\/\/www.facebook.com\/motifmorethanwalls\/","https:\/\/www.instagram.com\/motif_es\/?hl=es","https:\/\/www.pinterest.es\/motifwallpapers\/","https:\/\/www.youtube.com\/channel\/UCNaOmbxD6LjcQNj4vmfVIUg"]},{"@type":"Person","@id":"https:\/\/www.motif.es\/blog\/#\/schema\/person\/aac26ed80d8e02fb9525ec6b569d75e9","name":"Comunicaci\u00f3n Motif","image":{"@type":"ImageObject","inLanguage":"es","@id":"https:\/\/secure.gravatar.com\/avatar\/93b2fb49a03bd7a57b5f5e8c3b740113f14f25da86b090887d9353672de2d9b5?s=96&d=mm&r=g","url":"https:\/\/secure.gravatar.com\/avatar\/93b2fb49a03bd7a57b5f5e8c3b740113f14f25da86b090887d9353672de2d9b5?s=96&d=mm&r=g","contentUrl":"https:\/\/secure.gravatar.com\/avatar\/93b2fb49a03bd7a57b5f5e8c3b740113f14f25da86b090887d9353672de2d9b5?s=96&d=mm&r=g","caption":"Comunicaci\u00f3n Motif"},"url":"https:\/\/www.motif.es\/blog\/author\/comunicacion\/"}]}},"_links":{"self":[{"href":"https:\/\/www.motif.es\/blog\/wp-json\/wp\/v2\/posts\/2771","targetHints":{"allow":["GET"]}}],"collection":[{"href":"https:\/\/www.motif.es\/blog\/wp-json\/wp\/v2\/posts"}],"about":[{"href":"https:\/\/www.motif.es\/blog\/wp-json\/wp\/v2\/types\/post"}],"author":[{"embeddable":true,"href":"https:\/\/www.motif.es\/blog\/wp-json\/wp\/v2\/users\/2"}],"replies":[{"embeddable":true,"href":"https:\/\/www.motif.es\/blog\/wp-json\/wp\/v2\/comments?post=2771"}],"version-history":[{"count":1,"href":"https:\/\/www.motif.es\/blog\/wp-json\/wp\/v2\/posts\/2771\/revisions"}],"predecessor-version":[{"id":2775,"href":"https:\/\/www.motif.es\/blog\/wp-json\/wp\/v2\/posts\/2771\/revisions\/2775"}],"wp:featuredmedia":[{"embeddable":true,"href":"https:\/\/www.motif.es\/blog\/wp-json\/wp\/v2\/media\/2774"}],"wp:attachment":[{"href":"https:\/\/www.motif.es\/blog\/wp-json\/wp\/v2\/media?parent=2771"}],"wp:term":[{"taxonomy":"category","embeddable":true,"href":"https:\/\/www.motif.es\/blog\/wp-json\/wp\/v2\/categories?post=2771"},{"taxonomy":"post_tag","embeddable":true,"href":"https:\/\/www.motif.es\/blog\/wp-json\/wp\/v2\/tags?post=2771"}],"curies":[{"name":"wp","href":"https:\/\/api.w.org\/{rel}","templated":true}]}}