{"id":2849,"date":"2024-06-25T09:34:27","date_gmt":"2024-06-25T09:34:27","guid":{"rendered":"https:\/\/www.motif.es\/blog\/?p=2849"},"modified":"2024-07-02T10:14:59","modified_gmt":"2024-07-02T10:14:59","slug":"razones-para-usar-alfombras-vinilicas-en-la-decoracion-de-tu-terraza","status":"publish","type":"post","link":"https:\/\/www.motif.es\/blog\/razones-para-usar-alfombras-vinilicas-en-la-decoracion-de-tu-terraza\/","title":{"rendered":"Razones para usar alfombras vin\u00edlicas en la decoraci\u00f3n de tu terraza"},"content":{"rendered":"<p><strong>Al decorar tu terraza, \u00bfpor qu\u00e9 no considerar el uso de alfombras vin\u00edlicas como una alternativa con estilo?<\/strong><\/p>\n<p>Las alfombras vin\u00edlicas se han hecho incre\u00edblemente populares por su durabilidad, comodidad y flexibilidad de dise\u00f1o. En este art\u00edculo, exploraremos las razones por las que deber\u00edas considerar el <strong>uso de alfombras vin\u00edlicas en la decoraci\u00f3n de tu terraza<\/strong>.<\/p>\n<h5>Durabilidad<\/h5>\n<p>Las <strong>alfombras vin\u00edlicas<\/strong> son muy duraderas, lo que las hace ideales para su uso en exteriores. Son resistentes a las altas temperaturas, los rayos UV y otros factores ambientales que pueden da\u00f1ar o desgastar otros tipos de alfombras. Esta durabilidad tambi\u00e9n hace que sean f\u00e1ciles de limpiar. Las alfombras vin\u00edlicas pueden limpiarse con un pa\u00f1o h\u00famedo o simplemente roci\u00e1ndolas y aclar\u00e1ndolas con una manguera de jard\u00edn y los productos de limpieza habituales. Adem\u00e1s, son resistentes a los ara\u00f1azos, no se decoloran ni encogen, y es poco probable que desarrollen un olor a humedad con el paso del tiempo.<\/p>\n<p style=\"text-align: center;\"><img loading=\"lazy\" decoding=\"async\" class=\"alignnone size-full wp-image-2851\" src=\"https:\/\/www.motif.es\/blog\/wp-content\/uploads\/2024\/07\/alfombra-vinilica-llum.jpg\" alt=\"Aldombras para Terrazas\" width=\"1000\" height=\"1000\" srcset=\"https:\/\/www.motif.es\/blog\/wp-content\/uploads\/2024\/07\/alfombra-vinilica-llum.jpg 1000w, https:\/\/www.motif.es\/blog\/wp-content\/uploads\/2024\/07\/alfombra-vinilica-llum-300x300.jpg 300w, https:\/\/www.motif.es\/blog\/wp-content\/uploads\/2024\/07\/alfombra-vinilica-llum-150x150.jpg 150w, https:\/\/www.motif.es\/blog\/wp-content\/uploads\/2024\/07\/alfombra-vinilica-llum-768x768.jpg 768w, https:\/\/www.motif.es\/blog\/wp-content\/uploads\/2024\/07\/alfombra-vinilica-llum-400x400.jpg 400w\" sizes=\"auto, (max-width: 1000px) 100vw, 1000px\" \/><\/p>\n<h5>Comodidad<\/h5>\n<p><strong>Las alfombras vin\u00edlicas tambi\u00e9n son c\u00f3modas<\/strong>. A diferencia de otros tipos de alfombras, las de vinilo est\u00e1n fabricadas con un n\u00facleo de espuma que proporciona una superficie acolchada para tus pies. Este nivel de comodidad puede ser especialmente importante si pasas mucho tiempo en tu terraza o recibes a grupos grandes. Adem\u00e1s, proporcionan cierto aislamiento, manteniendo tu terraza m\u00e1s fresca en verano y m\u00e1s c\u00e1lida en invierno.<\/p>\n<p style=\"text-align: center;\"><img loading=\"lazy\" decoding=\"async\" class=\"alignnone size-full wp-image-2852\" src=\"https:\/\/www.motif.es\/blog\/wp-content\/uploads\/2024\/07\/alfombra-vinilica-jules.jpg\" alt=\"\" width=\"1000\" height=\"1000\" srcset=\"https:\/\/www.motif.es\/blog\/wp-content\/uploads\/2024\/07\/alfombra-vinilica-jules.jpg 1000w, https:\/\/www.motif.es\/blog\/wp-content\/uploads\/2024\/07\/alfombra-vinilica-jules-300x300.jpg 300w, https:\/\/www.motif.es\/blog\/wp-content\/uploads\/2024\/07\/alfombra-vinilica-jules-150x150.jpg 150w, https:\/\/www.motif.es\/blog\/wp-content\/uploads\/2024\/07\/alfombra-vinilica-jules-768x768.jpg 768w, https:\/\/www.motif.es\/blog\/wp-content\/uploads\/2024\/07\/alfombra-vinilica-jules-400x400.jpg 400w\" sizes=\"auto, (max-width: 1000px) 100vw, 1000px\" \/><\/p>\n<p style=\"text-align: center;\"><em>Alfombra Vin\u00edlica Jules<\/em><\/p>\n<h5>Opciones de dise\u00f1o<\/h5>\n<p>Las alfombras vin\u00edlicas se presentan en una amplia variedad de dise\u00f1os, estilos y colores, lo que las hace <strong>ideales para cualquier decoraci\u00f3n<\/strong>. Puedes encontrar alfombras de todo tipo, desde tradicionales a modernas, y en colores vibrantes o tenues. Tambi\u00e9n pueden personalizarse seg\u00fan tus especificaciones exactas. Estas alfombras se pueden imprimir con dise\u00f1os, dibujos o im\u00e1genes, y se pueden hacer de cualquier tama\u00f1o y forma. <strong>La versatilidad y flexibilidad de las alfombras vin\u00edlicas las convierten en una opci\u00f3n excelente para a\u00f1adir un toque de color o textura a tu terraza.<\/strong><\/p>\n<p style=\"text-align: center;\"><img loading=\"lazy\" decoding=\"async\" class=\"alignnone size-full wp-image-2853\" src=\"https:\/\/www.motif.es\/blog\/wp-content\/uploads\/2024\/07\/BAEZA_1.jpg\" alt=\"\" width=\"2000\" height=\"2000\" srcset=\"https:\/\/www.motif.es\/blog\/wp-content\/uploads\/2024\/07\/BAEZA_1.jpg 2000w, https:\/\/www.motif.es\/blog\/wp-content\/uploads\/2024\/07\/BAEZA_1-300x300.jpg 300w, https:\/\/www.motif.es\/blog\/wp-content\/uploads\/2024\/07\/BAEZA_1-1024x1024.jpg 1024w, https:\/\/www.motif.es\/blog\/wp-content\/uploads\/2024\/07\/BAEZA_1-150x150.jpg 150w, https:\/\/www.motif.es\/blog\/wp-content\/uploads\/2024\/07\/BAEZA_1-768x768.jpg 768w, https:\/\/www.motif.es\/blog\/wp-content\/uploads\/2024\/07\/BAEZA_1-1536x1536.jpg 1536w, https:\/\/www.motif.es\/blog\/wp-content\/uploads\/2024\/07\/BAEZA_1-1200x1200.jpg 1200w, https:\/\/www.motif.es\/blog\/wp-content\/uploads\/2024\/07\/BAEZA_1-1980x1980.jpg 1980w, https:\/\/www.motif.es\/blog\/wp-content\/uploads\/2024\/07\/BAEZA_1-400x400.jpg 400w\" sizes=\"auto, (max-width: 2000px) 100vw, 2000px\" \/><\/p>\n<p style=\"text-align: center;\"><a href=\"https:\/\/www.motif.es\/alfombras-vinilicas\/10561-24359-alfombra-vinilica-baeza.html#\/44-tamano_alfombra_vinilica-48x75cm\/64-color-multicolor\" target=\"_blank\" rel=\"noopener\"><em>Alfombra Vin\u00edlica Baeza<\/em><\/a><\/p>\n<h5>Asequibilidad<\/h5>\n<p>Las alfombras vin\u00edlicas tambi\u00e9n son muy asequibles. Estas alfombras suelen tener un precio muy econ\u00f3mico, lo que las convierte en una opci\u00f3n excelente para quienes tienen un presupuesto ajustado. Adem\u00e1s, gracias a su durabilidad, no tendr\u00e1s que sustituirlas con tanta frecuencia como otros tipos de alfombras.<\/p>\n<h5>Veredicto<\/h5>\n<p>A la hora de <a href=\"https:\/\/www.leroymerlin.es\/ideas-y-consejos\/estancias\/inspiracion-para-jardin-terraza-y-balcon\/ideas-para-decorar-terrazas-modernas.html\" target=\"_blank\" rel=\"noopener\"><strong>decorar tu terraza<\/strong><\/a>, las alfombras vin\u00edlicas son una opci\u00f3n duradera, c\u00f3moda y asequible. Con tantos beneficios, \u00bfpor qu\u00e9 no consideras a\u00f1adir una a tu terraza?<\/p>\n<p>Descubre m\u00e1s ventajas de nuestras alfombras vin\u00edlicas <a href=\"https:\/\/www.motif.es\/content\/category\/6-dudas-sobre-alfombras-vinilicas\" target=\"_blank\" rel=\"noopener\">AQU\u00cd<\/a>.<\/p>\n","protected":false},"excerpt":{"rendered":"<p>Al decorar tu terraza, \u00bfpor qu\u00e9 no considerar el uso de alfombras vin\u00edlicas como una alternativa con estilo? Las alfombras vin\u00edlicas se han hecho incre\u00edblemente populares por su durabilidad, comodidad y flexibilidad de dise\u00f1o. En este art\u00edculo, exploraremos las razones por las que deber\u00edas considerar el uso de alfombras vin\u00edlicas en la decoraci\u00f3n de tu [&#8230;]<\/p>\n","protected":false},"author":2,"featured_media":2852,"comment_status":"open","ping_status":"open","sticky":false,"template":"","format":"standard","meta":{"_acf_changed":false,"footnotes":""},"categories":[8],"tags":[],"class_list":["post-2849","post","type-post","status-publish","format-standard","has-post-thumbnail","hentry","category-sobre-alfombras-vinilicas"],"acf":[],"yoast_head":"<!-- This site is optimized with the Yoast SEO plugin v27.4 - https:\/\/yoast.com\/product\/yoast-seo-wordpress\/ -->\n<title>Razones para usar alfombras vin\u00edlicas en la decoraci\u00f3n de tu terraza - Blog Motif<\/title>\n<meta name=\"description\" content=\"Al decorar tu terraza, \u00bfpor qu\u00e9 no considerar el uso de alfombras vin\u00edlicas como una alternativa con estilo? Las alfombras vin\u00edlicas se han hecho\" \/>\n<meta name=\"robots\" content=\"index, follow, max-snippet:-1, max-image-preview:large, max-video-preview:-1\" \/>\n<link rel=\"canonical\" href=\"https:\/\/www.motif.es\/blog\/razones-para-usar-alfombras-vinilicas-en-la-decoracion-de-tu-terraza\/\" \/>\n<meta property=\"og:locale\" content=\"es_ES\" \/>\n<meta property=\"og:type\" content=\"article\" \/>\n<meta property=\"og:title\" content=\"Razones para usar alfombras vin\u00edlicas en la decoraci\u00f3n de tu terraza - Blog Motif\" \/>\n<meta property=\"og:description\" content=\"Al decorar tu terraza, \u00bfpor qu\u00e9 no considerar el uso de alfombras vin\u00edlicas como una alternativa con estilo? Las alfombras vin\u00edlicas se han hecho\" \/>\n<meta property=\"og:url\" content=\"https:\/\/www.motif.es\/blog\/razones-para-usar-alfombras-vinilicas-en-la-decoracion-de-tu-terraza\/\" \/>\n<meta property=\"og:site_name\" content=\"Blog Motif\" \/>\n<meta property=\"article:publisher\" content=\"https:\/\/www.facebook.com\/motifmorethanwalls\/\" \/>\n<meta property=\"article:published_time\" content=\"2024-06-25T09:34:27+00:00\" \/>\n<meta property=\"article:modified_time\" content=\"2024-07-02T10:14:59+00:00\" \/>\n<meta property=\"og:image\" content=\"https:\/\/www.motif.es\/blog\/wp-content\/uploads\/2024\/07\/alfombra-vinilica-jules.jpg\" \/>\n\t<meta property=\"og:image:width\" content=\"1000\" \/>\n\t<meta property=\"og:image:height\" content=\"1000\" \/>\n\t<meta property=\"og:image:type\" content=\"image\/jpeg\" \/>\n<meta name=\"author\" content=\"Comunicaci\u00f3n Motif\" \/>\n<meta name=\"twitter:card\" content=\"summary_large_image\" \/>\n<meta name=\"twitter:label1\" content=\"Escrito por\" \/>\n\t<meta name=\"twitter:data1\" content=\"Comunicaci\u00f3n Motif\" \/>\n\t<meta name=\"twitter:label2\" content=\"Tiempo de lectura\" \/>\n\t<meta name=\"twitter:data2\" content=\"3 minutos\" \/>\n<script type=\"application\/ld+json\" class=\"yoast-schema-graph\">{\"@context\":\"https:\\\/\\\/schema.org\",\"@graph\":[{\"@type\":\"Article\",\"@id\":\"https:\\\/\\\/www.motif.es\\\/blog\\\/razones-para-usar-alfombras-vinilicas-en-la-decoracion-de-tu-terraza\\\/#article\",\"isPartOf\":{\"@id\":\"https:\\\/\\\/www.motif.es\\\/blog\\\/razones-para-usar-alfombras-vinilicas-en-la-decoracion-de-tu-terraza\\\/\"},\"author\":{\"name\":\"Comunicaci\u00f3n Motif\",\"@id\":\"https:\\\/\\\/www.motif.es\\\/blog\\\/#\\\/schema\\\/person\\\/aac26ed80d8e02fb9525ec6b569d75e9\"},\"headline\":\"Razones para usar alfombras vin\u00edlicas en la decoraci\u00f3n de tu terraza\",\"datePublished\":\"2024-06-25T09:34:27+00:00\",\"dateModified\":\"2024-07-02T10:14:59+00:00\",\"mainEntityOfPage\":{\"@id\":\"https:\\\/\\\/www.motif.es\\\/blog\\\/razones-para-usar-alfombras-vinilicas-en-la-decoracion-de-tu-terraza\\\/\"},\"wordCount\":474,\"commentCount\":0,\"publisher\":{\"@id\":\"https:\\\/\\\/www.motif.es\\\/blog\\\/#organization\"},\"image\":{\"@id\":\"https:\\\/\\\/www.motif.es\\\/blog\\\/razones-para-usar-alfombras-vinilicas-en-la-decoracion-de-tu-terraza\\\/#primaryimage\"},\"thumbnailUrl\":\"https:\\\/\\\/www.motif.es\\\/blog\\\/wp-content\\\/uploads\\\/2024\\\/07\\\/alfombra-vinilica-jules.jpg\",\"articleSection\":[\"sobre alfombras vin\u00edlicas\"],\"inLanguage\":\"es\",\"potentialAction\":[{\"@type\":\"CommentAction\",\"name\":\"Comment\",\"target\":[\"https:\\\/\\\/www.motif.es\\\/blog\\\/razones-para-usar-alfombras-vinilicas-en-la-decoracion-de-tu-terraza\\\/#respond\"]}]},{\"@type\":\"WebPage\",\"@id\":\"https:\\\/\\\/www.motif.es\\\/blog\\\/razones-para-usar-alfombras-vinilicas-en-la-decoracion-de-tu-terraza\\\/\",\"url\":\"https:\\\/\\\/www.motif.es\\\/blog\\\/razones-para-usar-alfombras-vinilicas-en-la-decoracion-de-tu-terraza\\\/\",\"name\":\"Razones para usar alfombras vin\u00edlicas en la decoraci\u00f3n de tu terraza - Blog Motif\",\"isPartOf\":{\"@id\":\"https:\\\/\\\/www.motif.es\\\/blog\\\/#website\"},\"primaryImageOfPage\":{\"@id\":\"https:\\\/\\\/www.motif.es\\\/blog\\\/razones-para-usar-alfombras-vinilicas-en-la-decoracion-de-tu-terraza\\\/#primaryimage\"},\"image\":{\"@id\":\"https:\\\/\\\/www.motif.es\\\/blog\\\/razones-para-usar-alfombras-vinilicas-en-la-decoracion-de-tu-terraza\\\/#primaryimage\"},\"thumbnailUrl\":\"https:\\\/\\\/www.motif.es\\\/blog\\\/wp-content\\\/uploads\\\/2024\\\/07\\\/alfombra-vinilica-jules.jpg\",\"datePublished\":\"2024-06-25T09:34:27+00:00\",\"dateModified\":\"2024-07-02T10:14:59+00:00\",\"description\":\"Al decorar tu terraza, \u00bfpor qu\u00e9 no considerar el uso de alfombras vin\u00edlicas como una alternativa con estilo? Las alfombras vin\u00edlicas se han hecho\",\"breadcrumb\":{\"@id\":\"https:\\\/\\\/www.motif.es\\\/blog\\\/razones-para-usar-alfombras-vinilicas-en-la-decoracion-de-tu-terraza\\\/#breadcrumb\"},\"inLanguage\":\"es\",\"potentialAction\":[{\"@type\":\"ReadAction\",\"target\":[\"https:\\\/\\\/www.motif.es\\\/blog\\\/razones-para-usar-alfombras-vinilicas-en-la-decoracion-de-tu-terraza\\\/\"]}]},{\"@type\":\"ImageObject\",\"inLanguage\":\"es\",\"@id\":\"https:\\\/\\\/www.motif.es\\\/blog\\\/razones-para-usar-alfombras-vinilicas-en-la-decoracion-de-tu-terraza\\\/#primaryimage\",\"url\":\"https:\\\/\\\/www.motif.es\\\/blog\\\/wp-content\\\/uploads\\\/2024\\\/07\\\/alfombra-vinilica-jules.jpg\",\"contentUrl\":\"https:\\\/\\\/www.motif.es\\\/blog\\\/wp-content\\\/uploads\\\/2024\\\/07\\\/alfombra-vinilica-jules.jpg\",\"width\":1000,\"height\":1000},{\"@type\":\"BreadcrumbList\",\"@id\":\"https:\\\/\\\/www.motif.es\\\/blog\\\/razones-para-usar-alfombras-vinilicas-en-la-decoracion-de-tu-terraza\\\/#breadcrumb\",\"itemListElement\":[{\"@type\":\"ListItem\",\"position\":1,\"name\":\"Blog\",\"item\":\"https:\\\/\\\/www.motif.es\\\/blog\\\/\"},{\"@type\":\"ListItem\",\"position\":2,\"name\":\"sobre alfombras vin\u00edlicas\",\"item\":\"https:\\\/\\\/www.motif.es\\\/blog\\\/category\\\/sobre-alfombras-vinilicas\\\/\"},{\"@type\":\"ListItem\",\"position\":3,\"name\":\"Razones para usar alfombras vin\u00edlicas en la decoraci\u00f3n de tu terraza\"}]},{\"@type\":\"WebSite\",\"@id\":\"https:\\\/\\\/www.motif.es\\\/blog\\\/#website\",\"url\":\"https:\\\/\\\/www.motif.es\\\/blog\\\/\",\"name\":\"Blog Motif\",\"description\":\"nuestro rinc\u00f3n para inspirarte\",\"publisher\":{\"@id\":\"https:\\\/\\\/www.motif.es\\\/blog\\\/#organization\"},\"potentialAction\":[{\"@type\":\"SearchAction\",\"target\":{\"@type\":\"EntryPoint\",\"urlTemplate\":\"https:\\\/\\\/www.motif.es\\\/blog\\\/?s={search_term_string}\"},\"query-input\":{\"@type\":\"PropertyValueSpecification\",\"valueRequired\":true,\"valueName\":\"search_term_string\"}}],\"inLanguage\":\"es\"},{\"@type\":\"Organization\",\"@id\":\"https:\\\/\\\/www.motif.es\\\/blog\\\/#organization\",\"name\":\"Motif Wallpapers S.L.U.\",\"url\":\"https:\\\/\\\/www.motif.es\\\/blog\\\/\",\"logo\":{\"@type\":\"ImageObject\",\"inLanguage\":\"es\",\"@id\":\"https:\\\/\\\/www.motif.es\\\/blog\\\/#\\\/schema\\\/logo\\\/image\\\/\",\"url\":\"https:\\\/\\\/motif.es\\\/blog\\\/wp-content\\\/uploads\\\/2021\\\/06\\\/logo-motif.jpg\",\"contentUrl\":\"https:\\\/\\\/motif.es\\\/blog\\\/wp-content\\\/uploads\\\/2021\\\/06\\\/logo-motif.jpg\",\"width\":464,\"height\":464,\"caption\":\"Motif Wallpapers S.L.U.\"},\"image\":{\"@id\":\"https:\\\/\\\/www.motif.es\\\/blog\\\/#\\\/schema\\\/logo\\\/image\\\/\"},\"sameAs\":[\"https:\\\/\\\/www.facebook.com\\\/motifmorethanwalls\\\/\",\"https:\\\/\\\/www.instagram.com\\\/motif_es\\\/?hl=es\",\"https:\\\/\\\/www.pinterest.es\\\/motifwallpapers\\\/\",\"https:\\\/\\\/www.youtube.com\\\/channel\\\/UCNaOmbxD6LjcQNj4vmfVIUg\"]},{\"@type\":\"Person\",\"@id\":\"https:\\\/\\\/www.motif.es\\\/blog\\\/#\\\/schema\\\/person\\\/aac26ed80d8e02fb9525ec6b569d75e9\",\"name\":\"Comunicaci\u00f3n Motif\",\"image\":{\"@type\":\"ImageObject\",\"inLanguage\":\"es\",\"@id\":\"https:\\\/\\\/secure.gravatar.com\\\/avatar\\\/93b2fb49a03bd7a57b5f5e8c3b740113f14f25da86b090887d9353672de2d9b5?s=96&d=mm&r=g\",\"url\":\"https:\\\/\\\/secure.gravatar.com\\\/avatar\\\/93b2fb49a03bd7a57b5f5e8c3b740113f14f25da86b090887d9353672de2d9b5?s=96&d=mm&r=g\",\"contentUrl\":\"https:\\\/\\\/secure.gravatar.com\\\/avatar\\\/93b2fb49a03bd7a57b5f5e8c3b740113f14f25da86b090887d9353672de2d9b5?s=96&d=mm&r=g\",\"caption\":\"Comunicaci\u00f3n Motif\"},\"url\":\"https:\\\/\\\/www.motif.es\\\/blog\\\/author\\\/comunicacion\\\/\"}]}<\/script>\n<!-- \/ Yoast SEO plugin. -->","yoast_head_json":{"title":"Razones para usar alfombras vin\u00edlicas en la decoraci\u00f3n de tu terraza - Blog Motif","description":"Al decorar tu terraza, \u00bfpor qu\u00e9 no considerar el uso de alfombras vin\u00edlicas como una alternativa con estilo? Las alfombras vin\u00edlicas se han hecho","robots":{"index":"index","follow":"follow","max-snippet":"max-snippet:-1","max-image-preview":"max-image-preview:large","max-video-preview":"max-video-preview:-1"},"canonical":"https:\/\/www.motif.es\/blog\/razones-para-usar-alfombras-vinilicas-en-la-decoracion-de-tu-terraza\/","og_locale":"es_ES","og_type":"article","og_title":"Razones para usar alfombras vin\u00edlicas en la decoraci\u00f3n de tu terraza - Blog Motif","og_description":"Al decorar tu terraza, \u00bfpor qu\u00e9 no considerar el uso de alfombras vin\u00edlicas como una alternativa con estilo? Las alfombras vin\u00edlicas se han hecho","og_url":"https:\/\/www.motif.es\/blog\/razones-para-usar-alfombras-vinilicas-en-la-decoracion-de-tu-terraza\/","og_site_name":"Blog Motif","article_publisher":"https:\/\/www.facebook.com\/motifmorethanwalls\/","article_published_time":"2024-06-25T09:34:27+00:00","article_modified_time":"2024-07-02T10:14:59+00:00","og_image":[{"width":1000,"height":1000,"url":"https:\/\/www.motif.es\/blog\/wp-content\/uploads\/2024\/07\/alfombra-vinilica-jules.jpg","type":"image\/jpeg"}],"author":"Comunicaci\u00f3n Motif","twitter_card":"summary_large_image","twitter_misc":{"Escrito por":"Comunicaci\u00f3n Motif","Tiempo de lectura":"3 minutos"},"schema":{"@context":"https:\/\/schema.org","@graph":[{"@type":"Article","@id":"https:\/\/www.motif.es\/blog\/razones-para-usar-alfombras-vinilicas-en-la-decoracion-de-tu-terraza\/#article","isPartOf":{"@id":"https:\/\/www.motif.es\/blog\/razones-para-usar-alfombras-vinilicas-en-la-decoracion-de-tu-terraza\/"},"author":{"name":"Comunicaci\u00f3n Motif","@id":"https:\/\/www.motif.es\/blog\/#\/schema\/person\/aac26ed80d8e02fb9525ec6b569d75e9"},"headline":"Razones para usar alfombras vin\u00edlicas en la decoraci\u00f3n de tu terraza","datePublished":"2024-06-25T09:34:27+00:00","dateModified":"2024-07-02T10:14:59+00:00","mainEntityOfPage":{"@id":"https:\/\/www.motif.es\/blog\/razones-para-usar-alfombras-vinilicas-en-la-decoracion-de-tu-terraza\/"},"wordCount":474,"commentCount":0,"publisher":{"@id":"https:\/\/www.motif.es\/blog\/#organization"},"image":{"@id":"https:\/\/www.motif.es\/blog\/razones-para-usar-alfombras-vinilicas-en-la-decoracion-de-tu-terraza\/#primaryimage"},"thumbnailUrl":"https:\/\/www.motif.es\/blog\/wp-content\/uploads\/2024\/07\/alfombra-vinilica-jules.jpg","articleSection":["sobre alfombras vin\u00edlicas"],"inLanguage":"es","potentialAction":[{"@type":"CommentAction","name":"Comment","target":["https:\/\/www.motif.es\/blog\/razones-para-usar-alfombras-vinilicas-en-la-decoracion-de-tu-terraza\/#respond"]}]},{"@type":"WebPage","@id":"https:\/\/www.motif.es\/blog\/razones-para-usar-alfombras-vinilicas-en-la-decoracion-de-tu-terraza\/","url":"https:\/\/www.motif.es\/blog\/razones-para-usar-alfombras-vinilicas-en-la-decoracion-de-tu-terraza\/","name":"Razones para usar alfombras vin\u00edlicas en la decoraci\u00f3n de tu terraza - Blog Motif","isPartOf":{"@id":"https:\/\/www.motif.es\/blog\/#website"},"primaryImageOfPage":{"@id":"https:\/\/www.motif.es\/blog\/razones-para-usar-alfombras-vinilicas-en-la-decoracion-de-tu-terraza\/#primaryimage"},"image":{"@id":"https:\/\/www.motif.es\/blog\/razones-para-usar-alfombras-vinilicas-en-la-decoracion-de-tu-terraza\/#primaryimage"},"thumbnailUrl":"https:\/\/www.motif.es\/blog\/wp-content\/uploads\/2024\/07\/alfombra-vinilica-jules.jpg","datePublished":"2024-06-25T09:34:27+00:00","dateModified":"2024-07-02T10:14:59+00:00","description":"Al decorar tu terraza, \u00bfpor qu\u00e9 no considerar el uso de alfombras vin\u00edlicas como una alternativa con estilo? Las alfombras vin\u00edlicas se han hecho","breadcrumb":{"@id":"https:\/\/www.motif.es\/blog\/razones-para-usar-alfombras-vinilicas-en-la-decoracion-de-tu-terraza\/#breadcrumb"},"inLanguage":"es","potentialAction":[{"@type":"ReadAction","target":["https:\/\/www.motif.es\/blog\/razones-para-usar-alfombras-vinilicas-en-la-decoracion-de-tu-terraza\/"]}]},{"@type":"ImageObject","inLanguage":"es","@id":"https:\/\/www.motif.es\/blog\/razones-para-usar-alfombras-vinilicas-en-la-decoracion-de-tu-terraza\/#primaryimage","url":"https:\/\/www.motif.es\/blog\/wp-content\/uploads\/2024\/07\/alfombra-vinilica-jules.jpg","contentUrl":"https:\/\/www.motif.es\/blog\/wp-content\/uploads\/2024\/07\/alfombra-vinilica-jules.jpg","width":1000,"height":1000},{"@type":"BreadcrumbList","@id":"https:\/\/www.motif.es\/blog\/razones-para-usar-alfombras-vinilicas-en-la-decoracion-de-tu-terraza\/#breadcrumb","itemListElement":[{"@type":"ListItem","position":1,"name":"Blog","item":"https:\/\/www.motif.es\/blog\/"},{"@type":"ListItem","position":2,"name":"sobre alfombras vin\u00edlicas","item":"https:\/\/www.motif.es\/blog\/category\/sobre-alfombras-vinilicas\/"},{"@type":"ListItem","position":3,"name":"Razones para usar alfombras vin\u00edlicas en la decoraci\u00f3n de tu terraza"}]},{"@type":"WebSite","@id":"https:\/\/www.motif.es\/blog\/#website","url":"https:\/\/www.motif.es\/blog\/","name":"Blog Motif","description":"nuestro rinc\u00f3n para inspirarte","publisher":{"@id":"https:\/\/www.motif.es\/blog\/#organization"},"potentialAction":[{"@type":"SearchAction","target":{"@type":"EntryPoint","urlTemplate":"https:\/\/www.motif.es\/blog\/?s={search_term_string}"},"query-input":{"@type":"PropertyValueSpecification","valueRequired":true,"valueName":"search_term_string"}}],"inLanguage":"es"},{"@type":"Organization","@id":"https:\/\/www.motif.es\/blog\/#organization","name":"Motif Wallpapers S.L.U.","url":"https:\/\/www.motif.es\/blog\/","logo":{"@type":"ImageObject","inLanguage":"es","@id":"https:\/\/www.motif.es\/blog\/#\/schema\/logo\/image\/","url":"https:\/\/motif.es\/blog\/wp-content\/uploads\/2021\/06\/logo-motif.jpg","contentUrl":"https:\/\/motif.es\/blog\/wp-content\/uploads\/2021\/06\/logo-motif.jpg","width":464,"height":464,"caption":"Motif Wallpapers S.L.U."},"image":{"@id":"https:\/\/www.motif.es\/blog\/#\/schema\/logo\/image\/"},"sameAs":["https:\/\/www.facebook.com\/motifmorethanwalls\/","https:\/\/www.instagram.com\/motif_es\/?hl=es","https:\/\/www.pinterest.es\/motifwallpapers\/","https:\/\/www.youtube.com\/channel\/UCNaOmbxD6LjcQNj4vmfVIUg"]},{"@type":"Person","@id":"https:\/\/www.motif.es\/blog\/#\/schema\/person\/aac26ed80d8e02fb9525ec6b569d75e9","name":"Comunicaci\u00f3n Motif","image":{"@type":"ImageObject","inLanguage":"es","@id":"https:\/\/secure.gravatar.com\/avatar\/93b2fb49a03bd7a57b5f5e8c3b740113f14f25da86b090887d9353672de2d9b5?s=96&d=mm&r=g","url":"https:\/\/secure.gravatar.com\/avatar\/93b2fb49a03bd7a57b5f5e8c3b740113f14f25da86b090887d9353672de2d9b5?s=96&d=mm&r=g","contentUrl":"https:\/\/secure.gravatar.com\/avatar\/93b2fb49a03bd7a57b5f5e8c3b740113f14f25da86b090887d9353672de2d9b5?s=96&d=mm&r=g","caption":"Comunicaci\u00f3n Motif"},"url":"https:\/\/www.motif.es\/blog\/author\/comunicacion\/"}]}},"_links":{"self":[{"href":"https:\/\/www.motif.es\/blog\/wp-json\/wp\/v2\/posts\/2849","targetHints":{"allow":["GET"]}}],"collection":[{"href":"https:\/\/www.motif.es\/blog\/wp-json\/wp\/v2\/posts"}],"about":[{"href":"https:\/\/www.motif.es\/blog\/wp-json\/wp\/v2\/types\/post"}],"author":[{"embeddable":true,"href":"https:\/\/www.motif.es\/blog\/wp-json\/wp\/v2\/users\/2"}],"replies":[{"embeddable":true,"href":"https:\/\/www.motif.es\/blog\/wp-json\/wp\/v2\/comments?post=2849"}],"version-history":[{"count":1,"href":"https:\/\/www.motif.es\/blog\/wp-json\/wp\/v2\/posts\/2849\/revisions"}],"predecessor-version":[{"id":2854,"href":"https:\/\/www.motif.es\/blog\/wp-json\/wp\/v2\/posts\/2849\/revisions\/2854"}],"wp:featuredmedia":[{"embeddable":true,"href":"https:\/\/www.motif.es\/blog\/wp-json\/wp\/v2\/media\/2852"}],"wp:attachment":[{"href":"https:\/\/www.motif.es\/blog\/wp-json\/wp\/v2\/media?parent=2849"}],"wp:term":[{"taxonomy":"category","embeddable":true,"href":"https:\/\/www.motif.es\/blog\/wp-json\/wp\/v2\/categories?post=2849"},{"taxonomy":"post_tag","embeddable":true,"href":"https:\/\/www.motif.es\/blog\/wp-json\/wp\/v2\/tags?post=2849"}],"curies":[{"name":"wp","href":"https:\/\/api.w.org\/{rel}","templated":true}]}}