{"id":2901,"date":"2024-08-06T09:19:47","date_gmt":"2024-08-06T09:19:47","guid":{"rendered":"https:\/\/www.motif.es\/blog\/?p=2901"},"modified":"2024-08-21T09:38:17","modified_gmt":"2024-08-21T09:38:17","slug":"saray-godoy-de-myworld_deco-renueva-su-taller-de-bricolaje-con-un-suelo-motif","status":"publish","type":"post","link":"https:\/\/www.motif.es\/blog\/saray-godoy-de-myworld_deco-renueva-su-taller-de-bricolaje-con-un-suelo-motif\/","title":{"rendered":"Saray Godoy de @myworld_deco renueva su taller de bricolaje con un suelo MOTIF"},"content":{"rendered":"<p>Saray Godoy, o @myworld_deco en Instagram, cuya cuenta est\u00e1 enfocada a aportar ideas a su inmensa comunidad para decorar reciclando, cada vez nos engancha m\u00e1s con sus maravillosos contenidos y originales ideas. Entre ellas la de arreglarse su talles de bricolage.<\/p>\n<p>Para esta ocasi\u00f3n, Saray cont\u00f3 con un <strong>suelo vin\u00edlico acolchado de MOTIF<\/strong>. Esto es lo que dijo de esta elecci\u00f3n: \u00abEl suelo bonito de mi futuro taller de bricolaje, no me dig\u00e1is que no es una aut\u00e9ntica monada. Este suelo vin\u00edlico le da un toque que me chifla!!\ud83d\ude0del modelo de suelo que he elegido es el CALTEC d\u00e1ndole un toque moderno a la misma vez que artesanal sin ning\u00fan tipo de obras\u00bb.<\/p>\n<blockquote class=\"instagram-media\" style=\"background: #FFF; border: 0; border-radius: 3px; box-shadow: 0 0 1px 0 rgba(0,0,0,0.5),0 1px 10px 0 rgba(0,0,0,0.15); margin: 1px; max-width: 540px; min-width: 326px; padding: 0; width: calc(100% - 2px);\" data-instgrm-captioned=\"\" data-instgrm-permalink=\"https:\/\/www.instagram.com\/reel\/C7cCiIOtBVw\/?utm_source=ig_embed&amp;utm_campaign=loading\" data-instgrm-version=\"14\">\n<div style=\"padding: 16px;\">\n<p>&nbsp;<\/p>\n<div style=\"display: flex; flex-direction: row; align-items: center;\">\n<div style=\"background-color: #f4f4f4; border-radius: 50%; flex-grow: 0; height: 40px; margin-right: 14px; width: 40px;\"><\/div>\n<div style=\"display: flex; flex-direction: column; flex-grow: 1; justify-content: center;\">\n<div style=\"background-color: #f4f4f4; border-radius: 4px; flex-grow: 0; height: 14px; margin-bottom: 6px; width: 100px;\"><\/div>\n<div style=\"background-color: #f4f4f4; border-radius: 4px; flex-grow: 0; height: 14px; width: 60px;\"><\/div>\n<\/div>\n<\/div>\n<div style=\"padding: 19% 0;\"><\/div>\n<div style=\"display: block; height: 50px; margin: 0 auto 12px; width: 50px;\"><\/div>\n<div style=\"padding-top: 8px;\">\n<div style=\"color: #3897f0; font-family: Arial,sans-serif; font-size: 14px; font-style: normal; font-weight: 550; line-height: 18px;\">Ver esta publicaci\u00f3n en Instagram<\/div>\n<\/div>\n<div style=\"padding: 12.5% 0;\"><\/div>\n<div style=\"display: flex; flex-direction: row; margin-bottom: 14px; align-items: center;\">\n<div>\n<div style=\"background-color: #f4f4f4; border-radius: 50%; height: 12.5px; width: 12.5px; transform: translateX(0px) translateY(7px);\"><\/div>\n<div style=\"background-color: #f4f4f4; height: 12.5px; transform: rotate(-45deg) translateX(3px) translateY(1px); width: 12.5px; flex-grow: 0; margin-right: 14px; margin-left: 2px;\"><\/div>\n<div style=\"background-color: #f4f4f4; border-radius: 50%; height: 12.5px; width: 12.5px; transform: translateX(9px) translateY(-18px);\"><\/div>\n<\/div>\n<div style=\"margin-left: 8px;\">\n<div style=\"background-color: #f4f4f4; border-radius: 50%; flex-grow: 0; height: 20px; width: 20px;\"><\/div>\n<div style=\"width: 0; height: 0; border-top: 2px solid transparent; border-left: 6px solid #f4f4f4; border-bottom: 2px solid transparent; transform: translateX(16px) translateY(-4px) rotate(30deg);\"><\/div>\n<\/div>\n<div style=\"margin-left: auto;\">\n<div style=\"width: 0px; border-top: 8px solid #F4F4F4; border-right: 8px solid transparent; transform: translateY(16px);\"><\/div>\n<div style=\"background-color: #f4f4f4; flex-grow: 0; height: 12px; width: 16px; transform: translateY(-4px);\"><\/div>\n<div style=\"width: 0; height: 0; border-top: 8px solid #F4F4F4; border-left: 8px solid transparent; transform: translateY(-4px) translateX(8px);\"><\/div>\n<\/div>\n<\/div>\n<div style=\"display: flex; flex-direction: column; flex-grow: 1; justify-content: center; margin-bottom: 24px;\">\n<div style=\"background-color: #f4f4f4; border-radius: 4px; flex-grow: 0; height: 14px; margin-bottom: 6px; width: 224px;\"><\/div>\n<div style=\"background-color: #f4f4f4; border-radius: 4px; flex-grow: 0; height: 14px; width: 144px;\"><\/div>\n<\/div>\n<p>&nbsp;<\/p>\n<p style=\"color: #c9c8cd; font-family: Arial,sans-serif; font-size: 14px; line-height: 17px; margin-bottom: 0; margin-top: 8px; overflow: hidden; padding: 8px 0 7px; text-align: center; text-overflow: ellipsis; white-space: nowrap;\"><a style=\"color: #c9c8cd; font-family: Arial,sans-serif; font-size: 14px; font-style: normal; font-weight: normal; line-height: 17px; text-decoration: none;\" href=\"https:\/\/www.instagram.com\/reel\/C7cCiIOtBVw\/?utm_source=ig_embed&amp;utm_campaign=loading\" target=\"_blank\" rel=\"noopener\">Una publicaci\u00f3n compartida de Saray Godoy (@myworld_deco)<\/a><\/p>\n<\/div>\n<\/blockquote>\n<p><script async src=\"\/\/www.instagram.com\/embed.js\"><\/script><\/p>\n<p>El resultado es un espacio c\u00e1lido y confortable en el que poder estar c\u00f3modamente. Tanto que a d\u00eda de hoy su peque se ha acomodado en ella pasando largas horas jugando, algo que ha hecho que se la preste provisionalmente durante un tiempo.<\/p>\n<p>Entre las ventajas de nuestros suelos vin\u00edlicos acolchados est\u00e1n:<\/p>\n<ul>\n<li>NO acumulan polvo ni \u00e1caros.<\/li>\n<li>Son F\u00c1CILES de limpiar, pudiendo usar hasta productos como lej\u00eda.<\/li>\n<li>Son impermeables.<\/li>\n<li>Y tienen un acabado antideslizante, entre <a href=\"https:\/\/www.motif.es\/157-suelos-vinilicos?page=2\" target=\"_blank\" rel=\"noopener\">otras ventajas<\/a>.<\/li>\n<\/ul>\n<p style=\"text-align: center;\"><img loading=\"lazy\" decoding=\"async\" class=\"alignnone size-full wp-image-2904\" src=\"https:\/\/www.motif.es\/blog\/wp-content\/uploads\/2024\/08\/suelo-vinilico-caltec.jpg\" alt=\"\" width=\"1000\" height=\"1000\" srcset=\"https:\/\/www.motif.es\/blog\/wp-content\/uploads\/2024\/08\/suelo-vinilico-caltec.jpg 1000w, https:\/\/www.motif.es\/blog\/wp-content\/uploads\/2024\/08\/suelo-vinilico-caltec-300x300.jpg 300w, https:\/\/www.motif.es\/blog\/wp-content\/uploads\/2024\/08\/suelo-vinilico-caltec-150x150.jpg 150w, https:\/\/www.motif.es\/blog\/wp-content\/uploads\/2024\/08\/suelo-vinilico-caltec-768x768.jpg 768w, https:\/\/www.motif.es\/blog\/wp-content\/uploads\/2024\/08\/suelo-vinilico-caltec-400x400.jpg 400w\" sizes=\"auto, (max-width: 1000px) 100vw, 1000px\" \/><\/p>\n<p style=\"text-align: center;\"><em>Suelo Vin\u00edlico Acolchado Caltec de MOTIF<\/em><\/p>\n<p>&nbsp;<\/p>\n<p>&nbsp;<\/p>\n<p>&nbsp;<\/p>\n","protected":false},"excerpt":{"rendered":"<p>Saray Godoy, o @myworld_deco en Instagram, cuya cuenta est\u00e1 enfocada a aportar ideas a su inmensa comunidad para decorar reciclando, cada vez nos engancha m\u00e1s con sus maravillosos contenidos y originales ideas. Entre ellas la de arreglarse su talles de bricolage. Para esta ocasi\u00f3n, Saray cont\u00f3 con un suelo vin\u00edlico acolchado de MOTIF. Esto es [&#8230;]<\/p>\n","protected":false},"author":2,"featured_media":2904,"comment_status":"open","ping_status":"open","sticky":false,"template":"","format":"standard","meta":{"_acf_changed":false,"footnotes":""},"categories":[19],"tags":[],"class_list":["post-2901","post","type-post","status-publish","format-standard","has-post-thumbnail","hentry","category-embajadores-motif"],"acf":[],"yoast_head":"<!-- This site is optimized with the Yoast SEO plugin v27.5 - https:\/\/yoast.com\/product\/yoast-seo-wordpress\/ -->\n<title>Saray Godoy de @myworld_deco renueva su taller de bricolaje con un suelo MOTIF - Blog Motif<\/title>\n<meta name=\"description\" content=\"Saray Godoy, o @myworld_deco en Instagram, cuya cuenta est\u00e1 enfocada a aportar ideas a su inmensa comunidad para decorar reciclando, cada vez nos engancha\" \/>\n<meta name=\"robots\" content=\"index, follow, max-snippet:-1, max-image-preview:large, max-video-preview:-1\" \/>\n<link rel=\"canonical\" href=\"https:\/\/www.motif.es\/blog\/saray-godoy-de-myworld_deco-renueva-su-taller-de-bricolaje-con-un-suelo-motif\/\" \/>\n<meta property=\"og:locale\" content=\"es_ES\" \/>\n<meta property=\"og:type\" content=\"article\" \/>\n<meta property=\"og:title\" content=\"Saray Godoy de @myworld_deco renueva su taller de bricolaje con un suelo MOTIF - Blog Motif\" \/>\n<meta property=\"og:description\" content=\"Saray Godoy, o @myworld_deco en Instagram, cuya cuenta est\u00e1 enfocada a aportar ideas a su inmensa comunidad para decorar reciclando, cada vez nos engancha\" \/>\n<meta property=\"og:url\" content=\"https:\/\/www.motif.es\/blog\/saray-godoy-de-myworld_deco-renueva-su-taller-de-bricolaje-con-un-suelo-motif\/\" \/>\n<meta property=\"og:site_name\" content=\"Blog Motif\" \/>\n<meta property=\"article:publisher\" content=\"https:\/\/www.facebook.com\/motifmorethanwalls\/\" \/>\n<meta property=\"article:published_time\" content=\"2024-08-06T09:19:47+00:00\" \/>\n<meta property=\"article:modified_time\" content=\"2024-08-21T09:38:17+00:00\" \/>\n<meta property=\"og:image\" content=\"https:\/\/www.motif.es\/blog\/wp-content\/uploads\/2024\/08\/suelo-vinilico-caltec.jpg\" \/>\n\t<meta property=\"og:image:width\" content=\"1000\" \/>\n\t<meta property=\"og:image:height\" content=\"1000\" \/>\n\t<meta property=\"og:image:type\" content=\"image\/jpeg\" \/>\n<meta name=\"author\" content=\"Comunicaci\u00f3n Motif\" \/>\n<meta name=\"twitter:card\" content=\"summary_large_image\" \/>\n<meta name=\"twitter:label1\" content=\"Escrito por\" \/>\n\t<meta name=\"twitter:data1\" content=\"Comunicaci\u00f3n Motif\" \/>\n\t<meta name=\"twitter:label2\" content=\"Tiempo de lectura\" \/>\n\t<meta name=\"twitter:data2\" content=\"2 minutos\" \/>\n<script type=\"application\/ld+json\" class=\"yoast-schema-graph\">{\"@context\":\"https:\\\/\\\/schema.org\",\"@graph\":[{\"@type\":\"Article\",\"@id\":\"https:\\\/\\\/www.motif.es\\\/blog\\\/saray-godoy-de-myworld_deco-renueva-su-taller-de-bricolaje-con-un-suelo-motif\\\/#article\",\"isPartOf\":{\"@id\":\"https:\\\/\\\/www.motif.es\\\/blog\\\/saray-godoy-de-myworld_deco-renueva-su-taller-de-bricolaje-con-un-suelo-motif\\\/\"},\"author\":{\"name\":\"Comunicaci\u00f3n Motif\",\"@id\":\"https:\\\/\\\/www.motif.es\\\/blog\\\/#\\\/schema\\\/person\\\/aac26ed80d8e02fb9525ec6b569d75e9\"},\"headline\":\"Saray Godoy de @myworld_deco renueva su taller de bricolaje con un suelo MOTIF\",\"datePublished\":\"2024-08-06T09:19:47+00:00\",\"dateModified\":\"2024-08-21T09:38:17+00:00\",\"mainEntityOfPage\":{\"@id\":\"https:\\\/\\\/www.motif.es\\\/blog\\\/saray-godoy-de-myworld_deco-renueva-su-taller-de-bricolaje-con-un-suelo-motif\\\/\"},\"wordCount\":249,\"commentCount\":0,\"publisher\":{\"@id\":\"https:\\\/\\\/www.motif.es\\\/blog\\\/#organization\"},\"image\":{\"@id\":\"https:\\\/\\\/www.motif.es\\\/blog\\\/saray-godoy-de-myworld_deco-renueva-su-taller-de-bricolaje-con-un-suelo-motif\\\/#primaryimage\"},\"thumbnailUrl\":\"https:\\\/\\\/www.motif.es\\\/blog\\\/wp-content\\\/uploads\\\/2024\\\/08\\\/suelo-vinilico-caltec.jpg\",\"articleSection\":[\"embajadores Motif\"],\"inLanguage\":\"es\",\"potentialAction\":[{\"@type\":\"CommentAction\",\"name\":\"Comment\",\"target\":[\"https:\\\/\\\/www.motif.es\\\/blog\\\/saray-godoy-de-myworld_deco-renueva-su-taller-de-bricolaje-con-un-suelo-motif\\\/#respond\"]}]},{\"@type\":\"WebPage\",\"@id\":\"https:\\\/\\\/www.motif.es\\\/blog\\\/saray-godoy-de-myworld_deco-renueva-su-taller-de-bricolaje-con-un-suelo-motif\\\/\",\"url\":\"https:\\\/\\\/www.motif.es\\\/blog\\\/saray-godoy-de-myworld_deco-renueva-su-taller-de-bricolaje-con-un-suelo-motif\\\/\",\"name\":\"Saray Godoy de @myworld_deco renueva su taller de bricolaje con un suelo MOTIF - Blog Motif\",\"isPartOf\":{\"@id\":\"https:\\\/\\\/www.motif.es\\\/blog\\\/#website\"},\"primaryImageOfPage\":{\"@id\":\"https:\\\/\\\/www.motif.es\\\/blog\\\/saray-godoy-de-myworld_deco-renueva-su-taller-de-bricolaje-con-un-suelo-motif\\\/#primaryimage\"},\"image\":{\"@id\":\"https:\\\/\\\/www.motif.es\\\/blog\\\/saray-godoy-de-myworld_deco-renueva-su-taller-de-bricolaje-con-un-suelo-motif\\\/#primaryimage\"},\"thumbnailUrl\":\"https:\\\/\\\/www.motif.es\\\/blog\\\/wp-content\\\/uploads\\\/2024\\\/08\\\/suelo-vinilico-caltec.jpg\",\"datePublished\":\"2024-08-06T09:19:47+00:00\",\"dateModified\":\"2024-08-21T09:38:17+00:00\",\"description\":\"Saray Godoy, o @myworld_deco en Instagram, cuya cuenta est\u00e1 enfocada a aportar ideas a su inmensa comunidad para decorar reciclando, cada vez nos engancha\",\"breadcrumb\":{\"@id\":\"https:\\\/\\\/www.motif.es\\\/blog\\\/saray-godoy-de-myworld_deco-renueva-su-taller-de-bricolaje-con-un-suelo-motif\\\/#breadcrumb\"},\"inLanguage\":\"es\",\"potentialAction\":[{\"@type\":\"ReadAction\",\"target\":[\"https:\\\/\\\/www.motif.es\\\/blog\\\/saray-godoy-de-myworld_deco-renueva-su-taller-de-bricolaje-con-un-suelo-motif\\\/\"]}]},{\"@type\":\"ImageObject\",\"inLanguage\":\"es\",\"@id\":\"https:\\\/\\\/www.motif.es\\\/blog\\\/saray-godoy-de-myworld_deco-renueva-su-taller-de-bricolaje-con-un-suelo-motif\\\/#primaryimage\",\"url\":\"https:\\\/\\\/www.motif.es\\\/blog\\\/wp-content\\\/uploads\\\/2024\\\/08\\\/suelo-vinilico-caltec.jpg\",\"contentUrl\":\"https:\\\/\\\/www.motif.es\\\/blog\\\/wp-content\\\/uploads\\\/2024\\\/08\\\/suelo-vinilico-caltec.jpg\",\"width\":1000,\"height\":1000},{\"@type\":\"BreadcrumbList\",\"@id\":\"https:\\\/\\\/www.motif.es\\\/blog\\\/saray-godoy-de-myworld_deco-renueva-su-taller-de-bricolaje-con-un-suelo-motif\\\/#breadcrumb\",\"itemListElement\":[{\"@type\":\"ListItem\",\"position\":1,\"name\":\"Blog\",\"item\":\"https:\\\/\\\/www.motif.es\\\/blog\\\/\"},{\"@type\":\"ListItem\",\"position\":2,\"name\":\"embajadores Motif\",\"item\":\"https:\\\/\\\/www.motif.es\\\/blog\\\/category\\\/embajadores-motif\\\/\"},{\"@type\":\"ListItem\",\"position\":3,\"name\":\"Saray Godoy de @myworld_deco renueva su taller de bricolaje con un suelo MOTIF\"}]},{\"@type\":\"WebSite\",\"@id\":\"https:\\\/\\\/www.motif.es\\\/blog\\\/#website\",\"url\":\"https:\\\/\\\/www.motif.es\\\/blog\\\/\",\"name\":\"Blog Motif\",\"description\":\"nuestro rinc\u00f3n para inspirarte\",\"publisher\":{\"@id\":\"https:\\\/\\\/www.motif.es\\\/blog\\\/#organization\"},\"potentialAction\":[{\"@type\":\"SearchAction\",\"target\":{\"@type\":\"EntryPoint\",\"urlTemplate\":\"https:\\\/\\\/www.motif.es\\\/blog\\\/?s={search_term_string}\"},\"query-input\":{\"@type\":\"PropertyValueSpecification\",\"valueRequired\":true,\"valueName\":\"search_term_string\"}}],\"inLanguage\":\"es\"},{\"@type\":\"Organization\",\"@id\":\"https:\\\/\\\/www.motif.es\\\/blog\\\/#organization\",\"name\":\"Motif Wallpapers S.L.U.\",\"url\":\"https:\\\/\\\/www.motif.es\\\/blog\\\/\",\"logo\":{\"@type\":\"ImageObject\",\"inLanguage\":\"es\",\"@id\":\"https:\\\/\\\/www.motif.es\\\/blog\\\/#\\\/schema\\\/logo\\\/image\\\/\",\"url\":\"https:\\\/\\\/motif.es\\\/blog\\\/wp-content\\\/uploads\\\/2021\\\/06\\\/logo-motif.jpg\",\"contentUrl\":\"https:\\\/\\\/motif.es\\\/blog\\\/wp-content\\\/uploads\\\/2021\\\/06\\\/logo-motif.jpg\",\"width\":464,\"height\":464,\"caption\":\"Motif Wallpapers S.L.U.\"},\"image\":{\"@id\":\"https:\\\/\\\/www.motif.es\\\/blog\\\/#\\\/schema\\\/logo\\\/image\\\/\"},\"sameAs\":[\"https:\\\/\\\/www.facebook.com\\\/motifmorethanwalls\\\/\",\"https:\\\/\\\/www.instagram.com\\\/motif_es\\\/?hl=es\",\"https:\\\/\\\/www.pinterest.es\\\/motifwallpapers\\\/\",\"https:\\\/\\\/www.youtube.com\\\/channel\\\/UCNaOmbxD6LjcQNj4vmfVIUg\"]},{\"@type\":\"Person\",\"@id\":\"https:\\\/\\\/www.motif.es\\\/blog\\\/#\\\/schema\\\/person\\\/aac26ed80d8e02fb9525ec6b569d75e9\",\"name\":\"Comunicaci\u00f3n Motif\",\"image\":{\"@type\":\"ImageObject\",\"inLanguage\":\"es\",\"@id\":\"https:\\\/\\\/secure.gravatar.com\\\/avatar\\\/93b2fb49a03bd7a57b5f5e8c3b740113f14f25da86b090887d9353672de2d9b5?s=96&d=mm&r=g\",\"url\":\"https:\\\/\\\/secure.gravatar.com\\\/avatar\\\/93b2fb49a03bd7a57b5f5e8c3b740113f14f25da86b090887d9353672de2d9b5?s=96&d=mm&r=g\",\"contentUrl\":\"https:\\\/\\\/secure.gravatar.com\\\/avatar\\\/93b2fb49a03bd7a57b5f5e8c3b740113f14f25da86b090887d9353672de2d9b5?s=96&d=mm&r=g\",\"caption\":\"Comunicaci\u00f3n Motif\"},\"url\":\"https:\\\/\\\/www.motif.es\\\/blog\\\/author\\\/comunicacion\\\/\"}]}<\/script>\n<!-- \/ Yoast SEO plugin. -->","yoast_head_json":{"title":"Saray Godoy de @myworld_deco renueva su taller de bricolaje con un suelo MOTIF - Blog Motif","description":"Saray Godoy, o @myworld_deco en Instagram, cuya cuenta est\u00e1 enfocada a aportar ideas a su inmensa comunidad para decorar reciclando, cada vez nos engancha","robots":{"index":"index","follow":"follow","max-snippet":"max-snippet:-1","max-image-preview":"max-image-preview:large","max-video-preview":"max-video-preview:-1"},"canonical":"https:\/\/www.motif.es\/blog\/saray-godoy-de-myworld_deco-renueva-su-taller-de-bricolaje-con-un-suelo-motif\/","og_locale":"es_ES","og_type":"article","og_title":"Saray Godoy de @myworld_deco renueva su taller de bricolaje con un suelo MOTIF - Blog Motif","og_description":"Saray Godoy, o @myworld_deco en Instagram, cuya cuenta est\u00e1 enfocada a aportar ideas a su inmensa comunidad para decorar reciclando, cada vez nos engancha","og_url":"https:\/\/www.motif.es\/blog\/saray-godoy-de-myworld_deco-renueva-su-taller-de-bricolaje-con-un-suelo-motif\/","og_site_name":"Blog Motif","article_publisher":"https:\/\/www.facebook.com\/motifmorethanwalls\/","article_published_time":"2024-08-06T09:19:47+00:00","article_modified_time":"2024-08-21T09:38:17+00:00","og_image":[{"width":1000,"height":1000,"url":"https:\/\/www.motif.es\/blog\/wp-content\/uploads\/2024\/08\/suelo-vinilico-caltec.jpg","type":"image\/jpeg"}],"author":"Comunicaci\u00f3n Motif","twitter_card":"summary_large_image","twitter_misc":{"Escrito por":"Comunicaci\u00f3n Motif","Tiempo de lectura":"2 minutos"},"schema":{"@context":"https:\/\/schema.org","@graph":[{"@type":"Article","@id":"https:\/\/www.motif.es\/blog\/saray-godoy-de-myworld_deco-renueva-su-taller-de-bricolaje-con-un-suelo-motif\/#article","isPartOf":{"@id":"https:\/\/www.motif.es\/blog\/saray-godoy-de-myworld_deco-renueva-su-taller-de-bricolaje-con-un-suelo-motif\/"},"author":{"name":"Comunicaci\u00f3n Motif","@id":"https:\/\/www.motif.es\/blog\/#\/schema\/person\/aac26ed80d8e02fb9525ec6b569d75e9"},"headline":"Saray Godoy de @myworld_deco renueva su taller de bricolaje con un suelo MOTIF","datePublished":"2024-08-06T09:19:47+00:00","dateModified":"2024-08-21T09:38:17+00:00","mainEntityOfPage":{"@id":"https:\/\/www.motif.es\/blog\/saray-godoy-de-myworld_deco-renueva-su-taller-de-bricolaje-con-un-suelo-motif\/"},"wordCount":249,"commentCount":0,"publisher":{"@id":"https:\/\/www.motif.es\/blog\/#organization"},"image":{"@id":"https:\/\/www.motif.es\/blog\/saray-godoy-de-myworld_deco-renueva-su-taller-de-bricolaje-con-un-suelo-motif\/#primaryimage"},"thumbnailUrl":"https:\/\/www.motif.es\/blog\/wp-content\/uploads\/2024\/08\/suelo-vinilico-caltec.jpg","articleSection":["embajadores Motif"],"inLanguage":"es","potentialAction":[{"@type":"CommentAction","name":"Comment","target":["https:\/\/www.motif.es\/blog\/saray-godoy-de-myworld_deco-renueva-su-taller-de-bricolaje-con-un-suelo-motif\/#respond"]}]},{"@type":"WebPage","@id":"https:\/\/www.motif.es\/blog\/saray-godoy-de-myworld_deco-renueva-su-taller-de-bricolaje-con-un-suelo-motif\/","url":"https:\/\/www.motif.es\/blog\/saray-godoy-de-myworld_deco-renueva-su-taller-de-bricolaje-con-un-suelo-motif\/","name":"Saray Godoy de @myworld_deco renueva su taller de bricolaje con un suelo MOTIF - Blog Motif","isPartOf":{"@id":"https:\/\/www.motif.es\/blog\/#website"},"primaryImageOfPage":{"@id":"https:\/\/www.motif.es\/blog\/saray-godoy-de-myworld_deco-renueva-su-taller-de-bricolaje-con-un-suelo-motif\/#primaryimage"},"image":{"@id":"https:\/\/www.motif.es\/blog\/saray-godoy-de-myworld_deco-renueva-su-taller-de-bricolaje-con-un-suelo-motif\/#primaryimage"},"thumbnailUrl":"https:\/\/www.motif.es\/blog\/wp-content\/uploads\/2024\/08\/suelo-vinilico-caltec.jpg","datePublished":"2024-08-06T09:19:47+00:00","dateModified":"2024-08-21T09:38:17+00:00","description":"Saray Godoy, o @myworld_deco en Instagram, cuya cuenta est\u00e1 enfocada a aportar ideas a su inmensa comunidad para decorar reciclando, cada vez nos engancha","breadcrumb":{"@id":"https:\/\/www.motif.es\/blog\/saray-godoy-de-myworld_deco-renueva-su-taller-de-bricolaje-con-un-suelo-motif\/#breadcrumb"},"inLanguage":"es","potentialAction":[{"@type":"ReadAction","target":["https:\/\/www.motif.es\/blog\/saray-godoy-de-myworld_deco-renueva-su-taller-de-bricolaje-con-un-suelo-motif\/"]}]},{"@type":"ImageObject","inLanguage":"es","@id":"https:\/\/www.motif.es\/blog\/saray-godoy-de-myworld_deco-renueva-su-taller-de-bricolaje-con-un-suelo-motif\/#primaryimage","url":"https:\/\/www.motif.es\/blog\/wp-content\/uploads\/2024\/08\/suelo-vinilico-caltec.jpg","contentUrl":"https:\/\/www.motif.es\/blog\/wp-content\/uploads\/2024\/08\/suelo-vinilico-caltec.jpg","width":1000,"height":1000},{"@type":"BreadcrumbList","@id":"https:\/\/www.motif.es\/blog\/saray-godoy-de-myworld_deco-renueva-su-taller-de-bricolaje-con-un-suelo-motif\/#breadcrumb","itemListElement":[{"@type":"ListItem","position":1,"name":"Blog","item":"https:\/\/www.motif.es\/blog\/"},{"@type":"ListItem","position":2,"name":"embajadores Motif","item":"https:\/\/www.motif.es\/blog\/category\/embajadores-motif\/"},{"@type":"ListItem","position":3,"name":"Saray Godoy de @myworld_deco renueva su taller de bricolaje con un suelo MOTIF"}]},{"@type":"WebSite","@id":"https:\/\/www.motif.es\/blog\/#website","url":"https:\/\/www.motif.es\/blog\/","name":"Blog Motif","description":"nuestro rinc\u00f3n para inspirarte","publisher":{"@id":"https:\/\/www.motif.es\/blog\/#organization"},"potentialAction":[{"@type":"SearchAction","target":{"@type":"EntryPoint","urlTemplate":"https:\/\/www.motif.es\/blog\/?s={search_term_string}"},"query-input":{"@type":"PropertyValueSpecification","valueRequired":true,"valueName":"search_term_string"}}],"inLanguage":"es"},{"@type":"Organization","@id":"https:\/\/www.motif.es\/blog\/#organization","name":"Motif Wallpapers S.L.U.","url":"https:\/\/www.motif.es\/blog\/","logo":{"@type":"ImageObject","inLanguage":"es","@id":"https:\/\/www.motif.es\/blog\/#\/schema\/logo\/image\/","url":"https:\/\/motif.es\/blog\/wp-content\/uploads\/2021\/06\/logo-motif.jpg","contentUrl":"https:\/\/motif.es\/blog\/wp-content\/uploads\/2021\/06\/logo-motif.jpg","width":464,"height":464,"caption":"Motif Wallpapers S.L.U."},"image":{"@id":"https:\/\/www.motif.es\/blog\/#\/schema\/logo\/image\/"},"sameAs":["https:\/\/www.facebook.com\/motifmorethanwalls\/","https:\/\/www.instagram.com\/motif_es\/?hl=es","https:\/\/www.pinterest.es\/motifwallpapers\/","https:\/\/www.youtube.com\/channel\/UCNaOmbxD6LjcQNj4vmfVIUg"]},{"@type":"Person","@id":"https:\/\/www.motif.es\/blog\/#\/schema\/person\/aac26ed80d8e02fb9525ec6b569d75e9","name":"Comunicaci\u00f3n Motif","image":{"@type":"ImageObject","inLanguage":"es","@id":"https:\/\/secure.gravatar.com\/avatar\/93b2fb49a03bd7a57b5f5e8c3b740113f14f25da86b090887d9353672de2d9b5?s=96&d=mm&r=g","url":"https:\/\/secure.gravatar.com\/avatar\/93b2fb49a03bd7a57b5f5e8c3b740113f14f25da86b090887d9353672de2d9b5?s=96&d=mm&r=g","contentUrl":"https:\/\/secure.gravatar.com\/avatar\/93b2fb49a03bd7a57b5f5e8c3b740113f14f25da86b090887d9353672de2d9b5?s=96&d=mm&r=g","caption":"Comunicaci\u00f3n Motif"},"url":"https:\/\/www.motif.es\/blog\/author\/comunicacion\/"}]}},"_links":{"self":[{"href":"https:\/\/www.motif.es\/blog\/wp-json\/wp\/v2\/posts\/2901","targetHints":{"allow":["GET"]}}],"collection":[{"href":"https:\/\/www.motif.es\/blog\/wp-json\/wp\/v2\/posts"}],"about":[{"href":"https:\/\/www.motif.es\/blog\/wp-json\/wp\/v2\/types\/post"}],"author":[{"embeddable":true,"href":"https:\/\/www.motif.es\/blog\/wp-json\/wp\/v2\/users\/2"}],"replies":[{"embeddable":true,"href":"https:\/\/www.motif.es\/blog\/wp-json\/wp\/v2\/comments?post=2901"}],"version-history":[{"count":1,"href":"https:\/\/www.motif.es\/blog\/wp-json\/wp\/v2\/posts\/2901\/revisions"}],"predecessor-version":[{"id":2905,"href":"https:\/\/www.motif.es\/blog\/wp-json\/wp\/v2\/posts\/2901\/revisions\/2905"}],"wp:featuredmedia":[{"embeddable":true,"href":"https:\/\/www.motif.es\/blog\/wp-json\/wp\/v2\/media\/2904"}],"wp:attachment":[{"href":"https:\/\/www.motif.es\/blog\/wp-json\/wp\/v2\/media?parent=2901"}],"wp:term":[{"taxonomy":"category","embeddable":true,"href":"https:\/\/www.motif.es\/blog\/wp-json\/wp\/v2\/categories?post=2901"},{"taxonomy":"post_tag","embeddable":true,"href":"https:\/\/www.motif.es\/blog\/wp-json\/wp\/v2\/tags?post=2901"}],"curies":[{"name":"wp","href":"https:\/\/api.w.org\/{rel}","templated":true}]}}