{"id":2942,"date":"2024-08-29T10:27:07","date_gmt":"2024-08-29T10:27:07","guid":{"rendered":"https:\/\/www.motif.es\/blog\/?p=2942"},"modified":"2024-08-23T10:36:15","modified_gmt":"2024-08-23T10:36:15","slug":"poner-alfombras-vinilicas-en-tu-terraza-es-una-gran-idea-aqui-tienes-las-razones","status":"publish","type":"post","link":"https:\/\/www.motif.es\/blog\/poner-alfombras-vinilicas-en-tu-terraza-es-una-gran-idea-aqui-tienes-las-razones\/","title":{"rendered":"Poner alfombras vin\u00edlicas en tu terraza es una gran idea. \u00a1Aqu\u00ed tienes las razones!"},"content":{"rendered":"<p>Las <strong>alfombras de exterior<\/strong> son un gran complemento para cualquier terraza. Con estilo y comodidad, pueden ayudar a transformar el espacio y a\u00f1adir una sensaci\u00f3n de calidez y car\u00e1cter. Desde la creaci\u00f3n de c\u00f3modas zonas de descanso hasta la definici\u00f3n de espacios, hay varias razones por las que <strong>a\u00f1adir una alfombra vinilica a tu terraza<\/strong> es una gran elecci\u00f3n. En este art\u00edculo, exploraremos algunos de los principales beneficios y c\u00f3mo conseguir los mejores resultados.<\/p>\n<h5>Zonas de asientos acogedoras y c\u00f3modas<\/h5>\n<p>Las alfombras vin\u00edlicas son perfectas para crear zonas de asiento acogedoras y c\u00f3modas en exteriores. En una terraza, hay pocas oportunidades de definir espacios y crear una atm\u00f3sfera \u00edntima y acogedora. Una alfombra puede ayudar a crear un punto focal y proporcionar una zona c\u00f3moda y relajante para que los invitados la disfruten. Las alfombras tambi\u00e9n ayudan a que la zona resulte m\u00e1s c\u00e1lida y, por tanto, m\u00e1s acogedora, incluso en las noches m\u00e1s frescas.<\/p>\n<h5>Estilo y car\u00e1cter<\/h5>\n<p><strong>Una alfombra de exterior es la forma perfecta de a\u00f1adir un toque de estilo y car\u00e1cter a tu terraza<\/strong>. Tanto si eliges un dise\u00f1o moderno como tradicional, una alfombra vin\u00edlica puede ayudar a unir el espacio. Desde colores y patrones vibrantes a neutros sofisticados, las opciones son infinitas y seguro que hay una alfombra que se adapte a tu gusto y al estilo de tu terraza.<\/p>\n<p style=\"text-align: center;\"><img loading=\"lazy\" decoding=\"async\" class=\"alignnone size-full wp-image-2945\" src=\"https:\/\/www.motif.es\/blog\/wp-content\/uploads\/2024\/08\/alfombra-vinilica-claudia.jpg\" alt=\"\" width=\"1000\" height=\"1000\" srcset=\"https:\/\/www.motif.es\/blog\/wp-content\/uploads\/2024\/08\/alfombra-vinilica-claudia.jpg 1000w, https:\/\/www.motif.es\/blog\/wp-content\/uploads\/2024\/08\/alfombra-vinilica-claudia-300x300.jpg 300w, https:\/\/www.motif.es\/blog\/wp-content\/uploads\/2024\/08\/alfombra-vinilica-claudia-150x150.jpg 150w, https:\/\/www.motif.es\/blog\/wp-content\/uploads\/2024\/08\/alfombra-vinilica-claudia-768x768.jpg 768w, https:\/\/www.motif.es\/blog\/wp-content\/uploads\/2024\/08\/alfombra-vinilica-claudia-400x400.jpg 400w\" sizes=\"auto, (max-width: 1000px) 100vw, 1000px\" \/><\/p>\n<p style=\"text-align: center;\"><em>Alfombra Vin\u00edlica Claudia<\/em><\/p>\n<h5>Protecci\u00f3n de los elementos<\/h5>\n<p>Las alfombras vinilicas son una gran elecci\u00f3n para proteger tanto tu terraza como los muebles de los elementos. Proporcionan una barrera entre el suelo y tus muebles, ayudando a evitar da\u00f1os por humedad y manchas. Del mismo modo,<strong> las alfombras de exterior est\u00e1n dise\u00f1adas con un acabado resistente al agua y a las manchas<\/strong>, lo que las hace ideales para su uso en exteriores.<\/p>\n<h5>F\u00e1ciles de limpiar y mantener<\/h5>\n<p>Con las alfombras vin\u00edlicas, la limpieza y el mantenimiento son f\u00e1ciles. Estas alfombras se pueden limpiar f\u00e1cilmente con agua y un detergentes, hasta incluso con lej\u00eda.<\/p>\n<h5>Asequibles y vers\u00e1tiles<\/h5>\n<p><strong>Las alfombras vin\u00edlicas pueden ser una forma asequible de actualizar y a\u00f1adir car\u00e1cter a tu terraza<\/strong>. Hay muchos estilos y tama\u00f1os disponibles, por lo que es f\u00e1cil encontrar uno que se adapte a tu presupuesto y a tus necesidades en nuestra <a href=\"https:\/\/www.motif.es\/18-alfombras-vinilicas\" target=\"_blank\" rel=\"noopener\">web<\/a>. Adem\u00e1s, las alfombras de exterior son vers\u00e1tiles y se pueden utilizar de muchas formas diferentes. Desde definir espacios hasta crear una bonita base para una mesa, una alfombra de exterior puede proporcionar la base perfecta para una amplia gama de actividades al aire libre.<\/p>\n<p style=\"text-align: center;\"><img loading=\"lazy\" decoding=\"async\" class=\"alignnone size-full wp-image-2944\" src=\"https:\/\/www.motif.es\/blog\/wp-content\/uploads\/2024\/08\/alfombra-vinilica-ariel.jpg\" alt=\"\" width=\"1000\" height=\"1000\" srcset=\"https:\/\/www.motif.es\/blog\/wp-content\/uploads\/2024\/08\/alfombra-vinilica-ariel.jpg 1000w, https:\/\/www.motif.es\/blog\/wp-content\/uploads\/2024\/08\/alfombra-vinilica-ariel-300x300.jpg 300w, https:\/\/www.motif.es\/blog\/wp-content\/uploads\/2024\/08\/alfombra-vinilica-ariel-150x150.jpg 150w, https:\/\/www.motif.es\/blog\/wp-content\/uploads\/2024\/08\/alfombra-vinilica-ariel-768x768.jpg 768w, https:\/\/www.motif.es\/blog\/wp-content\/uploads\/2024\/08\/alfombra-vinilica-ariel-400x400.jpg 400w\" sizes=\"auto, (max-width: 1000px) 100vw, 1000px\" \/><\/p>\n<p style=\"text-align: center;\"><em>Alfombra vin\u00edlica ARIEL<\/em><\/p>\n<p>Las alfombras de exterior son una gran elecci\u00f3n para a\u00f1adir estilo, comodidad y car\u00e1cter a tu terraza. Con tantos estilos y colores para elegir, seguro que hay una alfombra que se adapta a tu gusto. As\u00ed que, \u00bfpor qu\u00e9 no invertir en una alfombra de exterior y transformar tu terraza hoy mismo?<\/p>\n","protected":false},"excerpt":{"rendered":"<p>Las alfombras de exterior son un gran complemento para cualquier terraza. Con estilo y comodidad, pueden ayudar a transformar el espacio y a\u00f1adir una sensaci\u00f3n de calidez y car\u00e1cter. Desde la creaci\u00f3n de c\u00f3modas zonas de descanso hasta la definici\u00f3n de espacios, hay varias razones por las que a\u00f1adir una alfombra vinilica a tu terraza [&#8230;]<\/p>\n","protected":false},"author":2,"featured_media":2944,"comment_status":"open","ping_status":"open","sticky":false,"template":"","format":"standard","meta":{"_acf_changed":false,"footnotes":""},"categories":[9,8],"tags":[],"class_list":["post-2942","post","type-post","status-publish","format-standard","has-post-thumbnail","hentry","category-inspirate","category-sobre-alfombras-vinilicas"],"acf":[],"yoast_head":"<!-- This site is optimized with the Yoast SEO plugin v27.5 - https:\/\/yoast.com\/product\/yoast-seo-wordpress\/ -->\n<title>Poner alfombras vin\u00edlicas en tu terraza es una gran idea. \u00a1Aqu\u00ed tienes las razones! - Blog Motif<\/title>\n<meta name=\"description\" content=\"Las alfombras de exterior son un gran complemento para cualquier terraza. Con estilo y comodidad, pueden ayudar a transformar el espacio y a\u00f1adir una\" \/>\n<meta name=\"robots\" content=\"index, follow, max-snippet:-1, max-image-preview:large, max-video-preview:-1\" \/>\n<link rel=\"canonical\" href=\"https:\/\/www.motif.es\/blog\/poner-alfombras-vinilicas-en-tu-terraza-es-una-gran-idea-aqui-tienes-las-razones\/\" \/>\n<meta property=\"og:locale\" content=\"es_ES\" \/>\n<meta property=\"og:type\" content=\"article\" \/>\n<meta property=\"og:title\" content=\"Poner alfombras vin\u00edlicas en tu terraza es una gran idea. \u00a1Aqu\u00ed tienes las razones! - Blog Motif\" \/>\n<meta property=\"og:description\" content=\"Las alfombras de exterior son un gran complemento para cualquier terraza. Con estilo y comodidad, pueden ayudar a transformar el espacio y a\u00f1adir una\" \/>\n<meta property=\"og:url\" content=\"https:\/\/www.motif.es\/blog\/poner-alfombras-vinilicas-en-tu-terraza-es-una-gran-idea-aqui-tienes-las-razones\/\" \/>\n<meta property=\"og:site_name\" content=\"Blog Motif\" \/>\n<meta property=\"article:publisher\" content=\"https:\/\/www.facebook.com\/motifmorethanwalls\/\" \/>\n<meta property=\"article:published_time\" content=\"2024-08-29T10:27:07+00:00\" \/>\n<meta property=\"og:image\" content=\"https:\/\/www.motif.es\/blog\/wp-content\/uploads\/2024\/08\/alfombra-vinilica-ariel.jpg\" \/>\n\t<meta property=\"og:image:width\" content=\"1000\" \/>\n\t<meta property=\"og:image:height\" content=\"1000\" \/>\n\t<meta property=\"og:image:type\" content=\"image\/jpeg\" \/>\n<meta name=\"author\" content=\"Comunicaci\u00f3n Motif\" \/>\n<meta name=\"twitter:card\" content=\"summary_large_image\" \/>\n<meta name=\"twitter:label1\" content=\"Escrito por\" \/>\n\t<meta name=\"twitter:data1\" content=\"Comunicaci\u00f3n Motif\" \/>\n\t<meta name=\"twitter:label2\" content=\"Tiempo de lectura\" \/>\n\t<meta name=\"twitter:data2\" content=\"3 minutos\" \/>\n<script type=\"application\/ld+json\" class=\"yoast-schema-graph\">{\"@context\":\"https:\\\/\\\/schema.org\",\"@graph\":[{\"@type\":\"Article\",\"@id\":\"https:\\\/\\\/www.motif.es\\\/blog\\\/poner-alfombras-vinilicas-en-tu-terraza-es-una-gran-idea-aqui-tienes-las-razones\\\/#article\",\"isPartOf\":{\"@id\":\"https:\\\/\\\/www.motif.es\\\/blog\\\/poner-alfombras-vinilicas-en-tu-terraza-es-una-gran-idea-aqui-tienes-las-razones\\\/\"},\"author\":{\"name\":\"Comunicaci\u00f3n Motif\",\"@id\":\"https:\\\/\\\/www.motif.es\\\/blog\\\/#\\\/schema\\\/person\\\/aac26ed80d8e02fb9525ec6b569d75e9\"},\"headline\":\"Poner alfombras vin\u00edlicas en tu terraza es una gran idea. \u00a1Aqu\u00ed tienes las razones!\",\"datePublished\":\"2024-08-29T10:27:07+00:00\",\"mainEntityOfPage\":{\"@id\":\"https:\\\/\\\/www.motif.es\\\/blog\\\/poner-alfombras-vinilicas-en-tu-terraza-es-una-gran-idea-aqui-tienes-las-razones\\\/\"},\"wordCount\":533,\"commentCount\":2,\"publisher\":{\"@id\":\"https:\\\/\\\/www.motif.es\\\/blog\\\/#organization\"},\"image\":{\"@id\":\"https:\\\/\\\/www.motif.es\\\/blog\\\/poner-alfombras-vinilicas-en-tu-terraza-es-una-gran-idea-aqui-tienes-las-razones\\\/#primaryimage\"},\"thumbnailUrl\":\"https:\\\/\\\/www.motif.es\\\/blog\\\/wp-content\\\/uploads\\\/2024\\\/08\\\/alfombra-vinilica-ariel.jpg\",\"articleSection\":[\"insp\u00edrate\",\"sobre alfombras vin\u00edlicas\"],\"inLanguage\":\"es\",\"potentialAction\":[{\"@type\":\"CommentAction\",\"name\":\"Comment\",\"target\":[\"https:\\\/\\\/www.motif.es\\\/blog\\\/poner-alfombras-vinilicas-en-tu-terraza-es-una-gran-idea-aqui-tienes-las-razones\\\/#respond\"]}]},{\"@type\":\"WebPage\",\"@id\":\"https:\\\/\\\/www.motif.es\\\/blog\\\/poner-alfombras-vinilicas-en-tu-terraza-es-una-gran-idea-aqui-tienes-las-razones\\\/\",\"url\":\"https:\\\/\\\/www.motif.es\\\/blog\\\/poner-alfombras-vinilicas-en-tu-terraza-es-una-gran-idea-aqui-tienes-las-razones\\\/\",\"name\":\"Poner alfombras vin\u00edlicas en tu terraza es una gran idea. \u00a1Aqu\u00ed tienes las razones! - Blog Motif\",\"isPartOf\":{\"@id\":\"https:\\\/\\\/www.motif.es\\\/blog\\\/#website\"},\"primaryImageOfPage\":{\"@id\":\"https:\\\/\\\/www.motif.es\\\/blog\\\/poner-alfombras-vinilicas-en-tu-terraza-es-una-gran-idea-aqui-tienes-las-razones\\\/#primaryimage\"},\"image\":{\"@id\":\"https:\\\/\\\/www.motif.es\\\/blog\\\/poner-alfombras-vinilicas-en-tu-terraza-es-una-gran-idea-aqui-tienes-las-razones\\\/#primaryimage\"},\"thumbnailUrl\":\"https:\\\/\\\/www.motif.es\\\/blog\\\/wp-content\\\/uploads\\\/2024\\\/08\\\/alfombra-vinilica-ariel.jpg\",\"datePublished\":\"2024-08-29T10:27:07+00:00\",\"description\":\"Las alfombras de exterior son un gran complemento para cualquier terraza. Con estilo y comodidad, pueden ayudar a transformar el espacio y a\u00f1adir una\",\"breadcrumb\":{\"@id\":\"https:\\\/\\\/www.motif.es\\\/blog\\\/poner-alfombras-vinilicas-en-tu-terraza-es-una-gran-idea-aqui-tienes-las-razones\\\/#breadcrumb\"},\"inLanguage\":\"es\",\"potentialAction\":[{\"@type\":\"ReadAction\",\"target\":[\"https:\\\/\\\/www.motif.es\\\/blog\\\/poner-alfombras-vinilicas-en-tu-terraza-es-una-gran-idea-aqui-tienes-las-razones\\\/\"]}]},{\"@type\":\"ImageObject\",\"inLanguage\":\"es\",\"@id\":\"https:\\\/\\\/www.motif.es\\\/blog\\\/poner-alfombras-vinilicas-en-tu-terraza-es-una-gran-idea-aqui-tienes-las-razones\\\/#primaryimage\",\"url\":\"https:\\\/\\\/www.motif.es\\\/blog\\\/wp-content\\\/uploads\\\/2024\\\/08\\\/alfombra-vinilica-ariel.jpg\",\"contentUrl\":\"https:\\\/\\\/www.motif.es\\\/blog\\\/wp-content\\\/uploads\\\/2024\\\/08\\\/alfombra-vinilica-ariel.jpg\",\"width\":1000,\"height\":1000},{\"@type\":\"BreadcrumbList\",\"@id\":\"https:\\\/\\\/www.motif.es\\\/blog\\\/poner-alfombras-vinilicas-en-tu-terraza-es-una-gran-idea-aqui-tienes-las-razones\\\/#breadcrumb\",\"itemListElement\":[{\"@type\":\"ListItem\",\"position\":1,\"name\":\"Blog\",\"item\":\"https:\\\/\\\/www.motif.es\\\/blog\\\/\"},{\"@type\":\"ListItem\",\"position\":2,\"name\":\"insp\u00edrate\",\"item\":\"https:\\\/\\\/www.motif.es\\\/blog\\\/category\\\/inspirate\\\/\"},{\"@type\":\"ListItem\",\"position\":3,\"name\":\"Poner alfombras vin\u00edlicas en tu terraza es una gran idea. \u00a1Aqu\u00ed tienes las razones!\"}]},{\"@type\":\"WebSite\",\"@id\":\"https:\\\/\\\/www.motif.es\\\/blog\\\/#website\",\"url\":\"https:\\\/\\\/www.motif.es\\\/blog\\\/\",\"name\":\"Blog Motif\",\"description\":\"nuestro rinc\u00f3n para inspirarte\",\"publisher\":{\"@id\":\"https:\\\/\\\/www.motif.es\\\/blog\\\/#organization\"},\"potentialAction\":[{\"@type\":\"SearchAction\",\"target\":{\"@type\":\"EntryPoint\",\"urlTemplate\":\"https:\\\/\\\/www.motif.es\\\/blog\\\/?s={search_term_string}\"},\"query-input\":{\"@type\":\"PropertyValueSpecification\",\"valueRequired\":true,\"valueName\":\"search_term_string\"}}],\"inLanguage\":\"es\"},{\"@type\":\"Organization\",\"@id\":\"https:\\\/\\\/www.motif.es\\\/blog\\\/#organization\",\"name\":\"Motif Wallpapers S.L.U.\",\"url\":\"https:\\\/\\\/www.motif.es\\\/blog\\\/\",\"logo\":{\"@type\":\"ImageObject\",\"inLanguage\":\"es\",\"@id\":\"https:\\\/\\\/www.motif.es\\\/blog\\\/#\\\/schema\\\/logo\\\/image\\\/\",\"url\":\"https:\\\/\\\/motif.es\\\/blog\\\/wp-content\\\/uploads\\\/2021\\\/06\\\/logo-motif.jpg\",\"contentUrl\":\"https:\\\/\\\/motif.es\\\/blog\\\/wp-content\\\/uploads\\\/2021\\\/06\\\/logo-motif.jpg\",\"width\":464,\"height\":464,\"caption\":\"Motif Wallpapers S.L.U.\"},\"image\":{\"@id\":\"https:\\\/\\\/www.motif.es\\\/blog\\\/#\\\/schema\\\/logo\\\/image\\\/\"},\"sameAs\":[\"https:\\\/\\\/www.facebook.com\\\/motifmorethanwalls\\\/\",\"https:\\\/\\\/www.instagram.com\\\/motif_es\\\/?hl=es\",\"https:\\\/\\\/www.pinterest.es\\\/motifwallpapers\\\/\",\"https:\\\/\\\/www.youtube.com\\\/channel\\\/UCNaOmbxD6LjcQNj4vmfVIUg\"]},{\"@type\":\"Person\",\"@id\":\"https:\\\/\\\/www.motif.es\\\/blog\\\/#\\\/schema\\\/person\\\/aac26ed80d8e02fb9525ec6b569d75e9\",\"name\":\"Comunicaci\u00f3n Motif\",\"image\":{\"@type\":\"ImageObject\",\"inLanguage\":\"es\",\"@id\":\"https:\\\/\\\/secure.gravatar.com\\\/avatar\\\/93b2fb49a03bd7a57b5f5e8c3b740113f14f25da86b090887d9353672de2d9b5?s=96&d=mm&r=g\",\"url\":\"https:\\\/\\\/secure.gravatar.com\\\/avatar\\\/93b2fb49a03bd7a57b5f5e8c3b740113f14f25da86b090887d9353672de2d9b5?s=96&d=mm&r=g\",\"contentUrl\":\"https:\\\/\\\/secure.gravatar.com\\\/avatar\\\/93b2fb49a03bd7a57b5f5e8c3b740113f14f25da86b090887d9353672de2d9b5?s=96&d=mm&r=g\",\"caption\":\"Comunicaci\u00f3n Motif\"},\"url\":\"https:\\\/\\\/www.motif.es\\\/blog\\\/author\\\/comunicacion\\\/\"}]}<\/script>\n<!-- \/ Yoast SEO plugin. -->","yoast_head_json":{"title":"Poner alfombras vin\u00edlicas en tu terraza es una gran idea. \u00a1Aqu\u00ed tienes las razones! - Blog Motif","description":"Las alfombras de exterior son un gran complemento para cualquier terraza. Con estilo y comodidad, pueden ayudar a transformar el espacio y a\u00f1adir una","robots":{"index":"index","follow":"follow","max-snippet":"max-snippet:-1","max-image-preview":"max-image-preview:large","max-video-preview":"max-video-preview:-1"},"canonical":"https:\/\/www.motif.es\/blog\/poner-alfombras-vinilicas-en-tu-terraza-es-una-gran-idea-aqui-tienes-las-razones\/","og_locale":"es_ES","og_type":"article","og_title":"Poner alfombras vin\u00edlicas en tu terraza es una gran idea. \u00a1Aqu\u00ed tienes las razones! - Blog Motif","og_description":"Las alfombras de exterior son un gran complemento para cualquier terraza. Con estilo y comodidad, pueden ayudar a transformar el espacio y a\u00f1adir una","og_url":"https:\/\/www.motif.es\/blog\/poner-alfombras-vinilicas-en-tu-terraza-es-una-gran-idea-aqui-tienes-las-razones\/","og_site_name":"Blog Motif","article_publisher":"https:\/\/www.facebook.com\/motifmorethanwalls\/","article_published_time":"2024-08-29T10:27:07+00:00","og_image":[{"width":1000,"height":1000,"url":"https:\/\/www.motif.es\/blog\/wp-content\/uploads\/2024\/08\/alfombra-vinilica-ariel.jpg","type":"image\/jpeg"}],"author":"Comunicaci\u00f3n Motif","twitter_card":"summary_large_image","twitter_misc":{"Escrito por":"Comunicaci\u00f3n Motif","Tiempo de lectura":"3 minutos"},"schema":{"@context":"https:\/\/schema.org","@graph":[{"@type":"Article","@id":"https:\/\/www.motif.es\/blog\/poner-alfombras-vinilicas-en-tu-terraza-es-una-gran-idea-aqui-tienes-las-razones\/#article","isPartOf":{"@id":"https:\/\/www.motif.es\/blog\/poner-alfombras-vinilicas-en-tu-terraza-es-una-gran-idea-aqui-tienes-las-razones\/"},"author":{"name":"Comunicaci\u00f3n Motif","@id":"https:\/\/www.motif.es\/blog\/#\/schema\/person\/aac26ed80d8e02fb9525ec6b569d75e9"},"headline":"Poner alfombras vin\u00edlicas en tu terraza es una gran idea. \u00a1Aqu\u00ed tienes las razones!","datePublished":"2024-08-29T10:27:07+00:00","mainEntityOfPage":{"@id":"https:\/\/www.motif.es\/blog\/poner-alfombras-vinilicas-en-tu-terraza-es-una-gran-idea-aqui-tienes-las-razones\/"},"wordCount":533,"commentCount":2,"publisher":{"@id":"https:\/\/www.motif.es\/blog\/#organization"},"image":{"@id":"https:\/\/www.motif.es\/blog\/poner-alfombras-vinilicas-en-tu-terraza-es-una-gran-idea-aqui-tienes-las-razones\/#primaryimage"},"thumbnailUrl":"https:\/\/www.motif.es\/blog\/wp-content\/uploads\/2024\/08\/alfombra-vinilica-ariel.jpg","articleSection":["insp\u00edrate","sobre alfombras vin\u00edlicas"],"inLanguage":"es","potentialAction":[{"@type":"CommentAction","name":"Comment","target":["https:\/\/www.motif.es\/blog\/poner-alfombras-vinilicas-en-tu-terraza-es-una-gran-idea-aqui-tienes-las-razones\/#respond"]}]},{"@type":"WebPage","@id":"https:\/\/www.motif.es\/blog\/poner-alfombras-vinilicas-en-tu-terraza-es-una-gran-idea-aqui-tienes-las-razones\/","url":"https:\/\/www.motif.es\/blog\/poner-alfombras-vinilicas-en-tu-terraza-es-una-gran-idea-aqui-tienes-las-razones\/","name":"Poner alfombras vin\u00edlicas en tu terraza es una gran idea. \u00a1Aqu\u00ed tienes las razones! - Blog Motif","isPartOf":{"@id":"https:\/\/www.motif.es\/blog\/#website"},"primaryImageOfPage":{"@id":"https:\/\/www.motif.es\/blog\/poner-alfombras-vinilicas-en-tu-terraza-es-una-gran-idea-aqui-tienes-las-razones\/#primaryimage"},"image":{"@id":"https:\/\/www.motif.es\/blog\/poner-alfombras-vinilicas-en-tu-terraza-es-una-gran-idea-aqui-tienes-las-razones\/#primaryimage"},"thumbnailUrl":"https:\/\/www.motif.es\/blog\/wp-content\/uploads\/2024\/08\/alfombra-vinilica-ariel.jpg","datePublished":"2024-08-29T10:27:07+00:00","description":"Las alfombras de exterior son un gran complemento para cualquier terraza. Con estilo y comodidad, pueden ayudar a transformar el espacio y a\u00f1adir una","breadcrumb":{"@id":"https:\/\/www.motif.es\/blog\/poner-alfombras-vinilicas-en-tu-terraza-es-una-gran-idea-aqui-tienes-las-razones\/#breadcrumb"},"inLanguage":"es","potentialAction":[{"@type":"ReadAction","target":["https:\/\/www.motif.es\/blog\/poner-alfombras-vinilicas-en-tu-terraza-es-una-gran-idea-aqui-tienes-las-razones\/"]}]},{"@type":"ImageObject","inLanguage":"es","@id":"https:\/\/www.motif.es\/blog\/poner-alfombras-vinilicas-en-tu-terraza-es-una-gran-idea-aqui-tienes-las-razones\/#primaryimage","url":"https:\/\/www.motif.es\/blog\/wp-content\/uploads\/2024\/08\/alfombra-vinilica-ariel.jpg","contentUrl":"https:\/\/www.motif.es\/blog\/wp-content\/uploads\/2024\/08\/alfombra-vinilica-ariel.jpg","width":1000,"height":1000},{"@type":"BreadcrumbList","@id":"https:\/\/www.motif.es\/blog\/poner-alfombras-vinilicas-en-tu-terraza-es-una-gran-idea-aqui-tienes-las-razones\/#breadcrumb","itemListElement":[{"@type":"ListItem","position":1,"name":"Blog","item":"https:\/\/www.motif.es\/blog\/"},{"@type":"ListItem","position":2,"name":"insp\u00edrate","item":"https:\/\/www.motif.es\/blog\/category\/inspirate\/"},{"@type":"ListItem","position":3,"name":"Poner alfombras vin\u00edlicas en tu terraza es una gran idea. \u00a1Aqu\u00ed tienes las razones!"}]},{"@type":"WebSite","@id":"https:\/\/www.motif.es\/blog\/#website","url":"https:\/\/www.motif.es\/blog\/","name":"Blog Motif","description":"nuestro rinc\u00f3n para inspirarte","publisher":{"@id":"https:\/\/www.motif.es\/blog\/#organization"},"potentialAction":[{"@type":"SearchAction","target":{"@type":"EntryPoint","urlTemplate":"https:\/\/www.motif.es\/blog\/?s={search_term_string}"},"query-input":{"@type":"PropertyValueSpecification","valueRequired":true,"valueName":"search_term_string"}}],"inLanguage":"es"},{"@type":"Organization","@id":"https:\/\/www.motif.es\/blog\/#organization","name":"Motif Wallpapers S.L.U.","url":"https:\/\/www.motif.es\/blog\/","logo":{"@type":"ImageObject","inLanguage":"es","@id":"https:\/\/www.motif.es\/blog\/#\/schema\/logo\/image\/","url":"https:\/\/motif.es\/blog\/wp-content\/uploads\/2021\/06\/logo-motif.jpg","contentUrl":"https:\/\/motif.es\/blog\/wp-content\/uploads\/2021\/06\/logo-motif.jpg","width":464,"height":464,"caption":"Motif Wallpapers S.L.U."},"image":{"@id":"https:\/\/www.motif.es\/blog\/#\/schema\/logo\/image\/"},"sameAs":["https:\/\/www.facebook.com\/motifmorethanwalls\/","https:\/\/www.instagram.com\/motif_es\/?hl=es","https:\/\/www.pinterest.es\/motifwallpapers\/","https:\/\/www.youtube.com\/channel\/UCNaOmbxD6LjcQNj4vmfVIUg"]},{"@type":"Person","@id":"https:\/\/www.motif.es\/blog\/#\/schema\/person\/aac26ed80d8e02fb9525ec6b569d75e9","name":"Comunicaci\u00f3n Motif","image":{"@type":"ImageObject","inLanguage":"es","@id":"https:\/\/secure.gravatar.com\/avatar\/93b2fb49a03bd7a57b5f5e8c3b740113f14f25da86b090887d9353672de2d9b5?s=96&d=mm&r=g","url":"https:\/\/secure.gravatar.com\/avatar\/93b2fb49a03bd7a57b5f5e8c3b740113f14f25da86b090887d9353672de2d9b5?s=96&d=mm&r=g","contentUrl":"https:\/\/secure.gravatar.com\/avatar\/93b2fb49a03bd7a57b5f5e8c3b740113f14f25da86b090887d9353672de2d9b5?s=96&d=mm&r=g","caption":"Comunicaci\u00f3n Motif"},"url":"https:\/\/www.motif.es\/blog\/author\/comunicacion\/"}]}},"_links":{"self":[{"href":"https:\/\/www.motif.es\/blog\/wp-json\/wp\/v2\/posts\/2942","targetHints":{"allow":["GET"]}}],"collection":[{"href":"https:\/\/www.motif.es\/blog\/wp-json\/wp\/v2\/posts"}],"about":[{"href":"https:\/\/www.motif.es\/blog\/wp-json\/wp\/v2\/types\/post"}],"author":[{"embeddable":true,"href":"https:\/\/www.motif.es\/blog\/wp-json\/wp\/v2\/users\/2"}],"replies":[{"embeddable":true,"href":"https:\/\/www.motif.es\/blog\/wp-json\/wp\/v2\/comments?post=2942"}],"version-history":[{"count":1,"href":"https:\/\/www.motif.es\/blog\/wp-json\/wp\/v2\/posts\/2942\/revisions"}],"predecessor-version":[{"id":2946,"href":"https:\/\/www.motif.es\/blog\/wp-json\/wp\/v2\/posts\/2942\/revisions\/2946"}],"wp:featuredmedia":[{"embeddable":true,"href":"https:\/\/www.motif.es\/blog\/wp-json\/wp\/v2\/media\/2944"}],"wp:attachment":[{"href":"https:\/\/www.motif.es\/blog\/wp-json\/wp\/v2\/media?parent=2942"}],"wp:term":[{"taxonomy":"category","embeddable":true,"href":"https:\/\/www.motif.es\/blog\/wp-json\/wp\/v2\/categories?post=2942"},{"taxonomy":"post_tag","embeddable":true,"href":"https:\/\/www.motif.es\/blog\/wp-json\/wp\/v2\/tags?post=2942"}],"curies":[{"name":"wp","href":"https:\/\/api.w.org\/{rel}","templated":true}]}}