{"id":3046,"date":"2024-12-03T10:48:43","date_gmt":"2024-12-03T10:48:43","guid":{"rendered":"https:\/\/www.motif.es\/blog\/?p=3046"},"modified":"2025-01-03T10:57:59","modified_gmt":"2025-01-03T10:57:59","slug":"los-tonos-terrosos-entre-las-tendencias-deco-de-2025","status":"publish","type":"post","link":"https:\/\/www.motif.es\/blog\/los-tonos-terrosos-entre-las-tendencias-deco-de-2025\/","title":{"rendered":"Los tonos terrosos entre las tendencias DECO de 2025"},"content":{"rendered":"<p>\u00bfQuieres mantener fresca y actual la decoraci\u00f3n de tu interior? Si es as\u00ed, no busques m\u00e1s all\u00e1 de las <strong>tendencias de dise\u00f1o de interiores 2025<\/strong>. Las tendencias deco para el pr\u00f3ximo a\u00f1o est\u00e1n repletas de tonos marrones naturales, tranquilos y apacibles, que pasan a toda velocidad junto a nosotros como una c\u00e1lida brisa primaveral. Del comedor al sal\u00f3n, e incluso al dormitorio, los tonos terrosos tienen su momento de protagonismo. Estos tonos c\u00e1lidos y acogedores pueden proporcionar una sensaci\u00f3n acogedora, a la vez que son incre\u00edblemente atemporales.<\/p>\n<ul>\n<li><strong>Buscar la Paleta de Colores Terrosos Perfecta para tu Casa<\/strong><\/li>\n<\/ul>\n<p>Cuando se trata de seleccionar una paleta de colores para tu casa, un enfoque \u00fatil es empezar con los colores que ya tienes en tu casa o con los que piensas conservar. Ap\u00fantate esos colores, y luego busca tonos complementarios de la misma familia crom\u00e1tica. \u00c9stos son los tonos que pueden proporcionar un efecto calmante y armonioso, al tiempo que ayudan a crear un aspecto \u00fanico.<\/p>\n<p>Las tendencias deco 2025 pronostican algunos tipos particulares de tonos terrosos que probablemente ser\u00e1n los m\u00e1s populares. El mousse moka se perfila como el tono del momento, ya que combina bien con los dem\u00e1s tonos terrosos. Tambi\u00e9n puedes considerar el \u00f3xido, un tono c\u00e1lido que puede crear un ambiente acogedor y agradable. Tambi\u00e9n puedes optar por tonos chocolate oscuros y ricos, que pueden a\u00f1adir un toque de sofisticaci\u00f3n a tu espacio. Por \u00faltimo, busca grises humeantes y apagados, que pueden a\u00f1adir un poco de contraste y profundidad a tu espacio.<\/p>\n<p style=\"text-align: center;\"><img loading=\"lazy\" decoding=\"async\" class=\"alignnone size-full wp-image-3049\" src=\"https:\/\/www.motif.es\/blog\/wp-content\/uploads\/2025\/01\/mural-autoadhesivo-cies-by-elena-tablada.jpg\" alt=\"\" width=\"1000\" height=\"1000\" srcset=\"https:\/\/www.motif.es\/blog\/wp-content\/uploads\/2025\/01\/mural-autoadhesivo-cies-by-elena-tablada.jpg 1000w, https:\/\/www.motif.es\/blog\/wp-content\/uploads\/2025\/01\/mural-autoadhesivo-cies-by-elena-tablada-300x300.jpg 300w, https:\/\/www.motif.es\/blog\/wp-content\/uploads\/2025\/01\/mural-autoadhesivo-cies-by-elena-tablada-150x150.jpg 150w, https:\/\/www.motif.es\/blog\/wp-content\/uploads\/2025\/01\/mural-autoadhesivo-cies-by-elena-tablada-768x768.jpg 768w, https:\/\/www.motif.es\/blog\/wp-content\/uploads\/2025\/01\/mural-autoadhesivo-cies-by-elena-tablada-400x400.jpg 400w\" sizes=\"auto, (max-width: 1000px) 100vw, 1000px\" \/><\/p>\n<p style=\"text-align: center;\"><em>Mural Autoadhesivo Cies by Hellen Tablada de MOTIF<\/em><\/p>\n<ul>\n<li><strong>C\u00f3mo incorporar los tonos terrosos a tu decoraci\u00f3n<\/strong><\/li>\n<\/ul>\n<p>Cuando se trata de incorporar las <a href=\"https:\/\/www.westwing.es\/inspiration\/tendencias\/interiorismo-de-moda\/tendencias-decoracion\/\" target=\"_blank\" rel=\"noopener\">tendencias deco 2025<\/a> de tonos terrosos profundos a tu casa, s\u00f3lo te limita la imaginaci\u00f3n. Si te gustan los maderas oscuras y ricas, considera utilizarlas para enmarcar tu decoraci\u00f3n. Si quieres hacer una declaraci\u00f3n espectacular, tal vez debas <strong>colocar papeles pintados en las paredes<\/strong> de un marr\u00f3n intenso o suave. Tambi\u00e9n podr\u00edas optar por a\u00f1adir algunos cojines o mantas en tus tonos terrosos favoritos para infundir a la habitaci\u00f3n un poco de color y textura. Si prefieres un enfoque m\u00e1s sutil, puedes probar a colgar algunas obras de arte monocrom\u00e1ticas con tonos terrosos.<\/p>\n<p style=\"text-align: center;\"><img loading=\"lazy\" decoding=\"async\" class=\"alignnone size-full wp-image-3048\" src=\"https:\/\/www.motif.es\/blog\/wp-content\/uploads\/2025\/01\/mural-autoadhesivo-fibras.jpg\" alt=\"\" width=\"1000\" height=\"1000\" srcset=\"https:\/\/www.motif.es\/blog\/wp-content\/uploads\/2025\/01\/mural-autoadhesivo-fibras.jpg 1000w, https:\/\/www.motif.es\/blog\/wp-content\/uploads\/2025\/01\/mural-autoadhesivo-fibras-300x300.jpg 300w, https:\/\/www.motif.es\/blog\/wp-content\/uploads\/2025\/01\/mural-autoadhesivo-fibras-150x150.jpg 150w, https:\/\/www.motif.es\/blog\/wp-content\/uploads\/2025\/01\/mural-autoadhesivo-fibras-768x768.jpg 768w, https:\/\/www.motif.es\/blog\/wp-content\/uploads\/2025\/01\/mural-autoadhesivo-fibras-400x400.jpg 400w\" sizes=\"auto, (max-width: 1000px) 100vw, 1000px\" \/><\/p>\n<p style=\"text-align: center;\"><a href=\"https:\/\/www.motif.es\/murales-autoadhesivos\/20527-16657-mural-autoadhesivo-fibras.html#\/5-material-texart\/6-tamano_mural-132x260cm\/61-color-marron\" target=\"_blank\" rel=\"noopener\"><em>Mural Autoadhesivo FIBRAS en marr\u00f3n<\/em><\/a><\/p>\n<ul>\n<li><strong>M\u00e9zclate las tendencias de decoraci\u00f3n 2025 con tu estilo personal<\/strong><\/li>\n<\/ul>\n<p>Una de las grandes cosas de las tendencias de decoraci\u00f3n 2025 es que se pueden adaptar a tu estilo \u00fanico. Tanto si prefieres estilos decorativos bohemios, tradicionales, modernos o incluso industriales, sin duda hay una manera de incorporar los tonos terrosos para que tu espacio destaque de verdad. Considera entretejer tonos terrosos con colores m\u00e1s brillantes como azules, verdes y naranjas para a\u00f1adir profundidad y vitalidad a tus estancias. Tambi\u00e9n puedes a\u00f1adir toques met\u00e1licos o neutros para a<strong>portar una sensaci\u00f3n de equilibrio y continuidad a tu decoraci\u00f3n<\/strong>.<\/p>\n<p>&nbsp;<\/p>\n","protected":false},"excerpt":{"rendered":"<p>\u00bfQuieres mantener fresca y actual la decoraci\u00f3n de tu interior? Si es as\u00ed, no busques m\u00e1s all\u00e1 de las tendencias de dise\u00f1o de interiores 2025. Las tendencias deco para el pr\u00f3ximo a\u00f1o est\u00e1n repletas de tonos marrones naturales, tranquilos y apacibles, que pasan a toda velocidad junto a nosotros como una c\u00e1lida brisa primaveral. Del [&#8230;]<\/p>\n","protected":false},"author":2,"featured_media":3049,"comment_status":"open","ping_status":"open","sticky":false,"template":"","format":"standard","meta":{"_acf_changed":false,"footnotes":""},"categories":[9],"tags":[],"class_list":["post-3046","post","type-post","status-publish","format-standard","has-post-thumbnail","hentry","category-inspirate"],"acf":[],"yoast_head":"<!-- This site is optimized with the Yoast SEO plugin v27.4 - https:\/\/yoast.com\/product\/yoast-seo-wordpress\/ -->\n<title>Los tonos terrosos entre las tendencias DECO de 2025 - Blog Motif<\/title>\n<meta name=\"description\" content=\"\u00bfQuieres mantener fresca y actual la decoraci\u00f3n de tu interior? Si es as\u00ed, no busques m\u00e1s all\u00e1 de las tendencias de dise\u00f1o de interiores 2025. Las\" \/>\n<meta name=\"robots\" content=\"index, follow, max-snippet:-1, max-image-preview:large, max-video-preview:-1\" \/>\n<link rel=\"canonical\" href=\"https:\/\/www.motif.es\/blog\/los-tonos-terrosos-entre-las-tendencias-deco-de-2025\/\" \/>\n<meta property=\"og:locale\" content=\"es_ES\" \/>\n<meta property=\"og:type\" content=\"article\" \/>\n<meta property=\"og:title\" content=\"Los tonos terrosos entre las tendencias DECO de 2025 - Blog Motif\" \/>\n<meta property=\"og:description\" content=\"\u00bfQuieres mantener fresca y actual la decoraci\u00f3n de tu interior? Si es as\u00ed, no busques m\u00e1s all\u00e1 de las tendencias de dise\u00f1o de interiores 2025. Las\" \/>\n<meta property=\"og:url\" content=\"https:\/\/www.motif.es\/blog\/los-tonos-terrosos-entre-las-tendencias-deco-de-2025\/\" \/>\n<meta property=\"og:site_name\" content=\"Blog Motif\" \/>\n<meta property=\"article:publisher\" content=\"https:\/\/www.facebook.com\/motifmorethanwalls\/\" \/>\n<meta property=\"article:published_time\" content=\"2024-12-03T10:48:43+00:00\" \/>\n<meta property=\"article:modified_time\" content=\"2025-01-03T10:57:59+00:00\" \/>\n<meta property=\"og:image\" content=\"https:\/\/www.motif.es\/blog\/wp-content\/uploads\/2025\/01\/mural-autoadhesivo-cies-by-elena-tablada.jpg\" \/>\n\t<meta property=\"og:image:width\" content=\"1000\" \/>\n\t<meta property=\"og:image:height\" content=\"1000\" \/>\n\t<meta property=\"og:image:type\" content=\"image\/jpeg\" \/>\n<meta name=\"author\" content=\"Comunicaci\u00f3n Motif\" \/>\n<meta name=\"twitter:card\" content=\"summary_large_image\" \/>\n<meta name=\"twitter:label1\" content=\"Escrito por\" \/>\n\t<meta name=\"twitter:data1\" content=\"Comunicaci\u00f3n Motif\" \/>\n\t<meta name=\"twitter:label2\" content=\"Tiempo de lectura\" \/>\n\t<meta name=\"twitter:data2\" content=\"3 minutos\" \/>\n<script type=\"application\/ld+json\" class=\"yoast-schema-graph\">{\"@context\":\"https:\\\/\\\/schema.org\",\"@graph\":[{\"@type\":\"Article\",\"@id\":\"https:\\\/\\\/www.motif.es\\\/blog\\\/los-tonos-terrosos-entre-las-tendencias-deco-de-2025\\\/#article\",\"isPartOf\":{\"@id\":\"https:\\\/\\\/www.motif.es\\\/blog\\\/los-tonos-terrosos-entre-las-tendencias-deco-de-2025\\\/\"},\"author\":{\"name\":\"Comunicaci\u00f3n Motif\",\"@id\":\"https:\\\/\\\/www.motif.es\\\/blog\\\/#\\\/schema\\\/person\\\/aac26ed80d8e02fb9525ec6b569d75e9\"},\"headline\":\"Los tonos terrosos entre las tendencias DECO de 2025\",\"datePublished\":\"2024-12-03T10:48:43+00:00\",\"dateModified\":\"2025-01-03T10:57:59+00:00\",\"mainEntityOfPage\":{\"@id\":\"https:\\\/\\\/www.motif.es\\\/blog\\\/los-tonos-terrosos-entre-las-tendencias-deco-de-2025\\\/\"},\"wordCount\":520,\"commentCount\":0,\"publisher\":{\"@id\":\"https:\\\/\\\/www.motif.es\\\/blog\\\/#organization\"},\"image\":{\"@id\":\"https:\\\/\\\/www.motif.es\\\/blog\\\/los-tonos-terrosos-entre-las-tendencias-deco-de-2025\\\/#primaryimage\"},\"thumbnailUrl\":\"https:\\\/\\\/www.motif.es\\\/blog\\\/wp-content\\\/uploads\\\/2025\\\/01\\\/mural-autoadhesivo-cies-by-elena-tablada.jpg\",\"articleSection\":[\"insp\u00edrate\"],\"inLanguage\":\"es\",\"potentialAction\":[{\"@type\":\"CommentAction\",\"name\":\"Comment\",\"target\":[\"https:\\\/\\\/www.motif.es\\\/blog\\\/los-tonos-terrosos-entre-las-tendencias-deco-de-2025\\\/#respond\"]}]},{\"@type\":\"WebPage\",\"@id\":\"https:\\\/\\\/www.motif.es\\\/blog\\\/los-tonos-terrosos-entre-las-tendencias-deco-de-2025\\\/\",\"url\":\"https:\\\/\\\/www.motif.es\\\/blog\\\/los-tonos-terrosos-entre-las-tendencias-deco-de-2025\\\/\",\"name\":\"Los tonos terrosos entre las tendencias DECO de 2025 - Blog Motif\",\"isPartOf\":{\"@id\":\"https:\\\/\\\/www.motif.es\\\/blog\\\/#website\"},\"primaryImageOfPage\":{\"@id\":\"https:\\\/\\\/www.motif.es\\\/blog\\\/los-tonos-terrosos-entre-las-tendencias-deco-de-2025\\\/#primaryimage\"},\"image\":{\"@id\":\"https:\\\/\\\/www.motif.es\\\/blog\\\/los-tonos-terrosos-entre-las-tendencias-deco-de-2025\\\/#primaryimage\"},\"thumbnailUrl\":\"https:\\\/\\\/www.motif.es\\\/blog\\\/wp-content\\\/uploads\\\/2025\\\/01\\\/mural-autoadhesivo-cies-by-elena-tablada.jpg\",\"datePublished\":\"2024-12-03T10:48:43+00:00\",\"dateModified\":\"2025-01-03T10:57:59+00:00\",\"description\":\"\u00bfQuieres mantener fresca y actual la decoraci\u00f3n de tu interior? Si es as\u00ed, no busques m\u00e1s all\u00e1 de las tendencias de dise\u00f1o de interiores 2025. Las\",\"breadcrumb\":{\"@id\":\"https:\\\/\\\/www.motif.es\\\/blog\\\/los-tonos-terrosos-entre-las-tendencias-deco-de-2025\\\/#breadcrumb\"},\"inLanguage\":\"es\",\"potentialAction\":[{\"@type\":\"ReadAction\",\"target\":[\"https:\\\/\\\/www.motif.es\\\/blog\\\/los-tonos-terrosos-entre-las-tendencias-deco-de-2025\\\/\"]}]},{\"@type\":\"ImageObject\",\"inLanguage\":\"es\",\"@id\":\"https:\\\/\\\/www.motif.es\\\/blog\\\/los-tonos-terrosos-entre-las-tendencias-deco-de-2025\\\/#primaryimage\",\"url\":\"https:\\\/\\\/www.motif.es\\\/blog\\\/wp-content\\\/uploads\\\/2025\\\/01\\\/mural-autoadhesivo-cies-by-elena-tablada.jpg\",\"contentUrl\":\"https:\\\/\\\/www.motif.es\\\/blog\\\/wp-content\\\/uploads\\\/2025\\\/01\\\/mural-autoadhesivo-cies-by-elena-tablada.jpg\",\"width\":1000,\"height\":1000},{\"@type\":\"BreadcrumbList\",\"@id\":\"https:\\\/\\\/www.motif.es\\\/blog\\\/los-tonos-terrosos-entre-las-tendencias-deco-de-2025\\\/#breadcrumb\",\"itemListElement\":[{\"@type\":\"ListItem\",\"position\":1,\"name\":\"Blog\",\"item\":\"https:\\\/\\\/www.motif.es\\\/blog\\\/\"},{\"@type\":\"ListItem\",\"position\":2,\"name\":\"insp\u00edrate\",\"item\":\"https:\\\/\\\/www.motif.es\\\/blog\\\/category\\\/inspirate\\\/\"},{\"@type\":\"ListItem\",\"position\":3,\"name\":\"Los tonos terrosos entre las tendencias DECO de 2025\"}]},{\"@type\":\"WebSite\",\"@id\":\"https:\\\/\\\/www.motif.es\\\/blog\\\/#website\",\"url\":\"https:\\\/\\\/www.motif.es\\\/blog\\\/\",\"name\":\"Blog Motif\",\"description\":\"nuestro rinc\u00f3n para inspirarte\",\"publisher\":{\"@id\":\"https:\\\/\\\/www.motif.es\\\/blog\\\/#organization\"},\"potentialAction\":[{\"@type\":\"SearchAction\",\"target\":{\"@type\":\"EntryPoint\",\"urlTemplate\":\"https:\\\/\\\/www.motif.es\\\/blog\\\/?s={search_term_string}\"},\"query-input\":{\"@type\":\"PropertyValueSpecification\",\"valueRequired\":true,\"valueName\":\"search_term_string\"}}],\"inLanguage\":\"es\"},{\"@type\":\"Organization\",\"@id\":\"https:\\\/\\\/www.motif.es\\\/blog\\\/#organization\",\"name\":\"Motif Wallpapers S.L.U.\",\"url\":\"https:\\\/\\\/www.motif.es\\\/blog\\\/\",\"logo\":{\"@type\":\"ImageObject\",\"inLanguage\":\"es\",\"@id\":\"https:\\\/\\\/www.motif.es\\\/blog\\\/#\\\/schema\\\/logo\\\/image\\\/\",\"url\":\"https:\\\/\\\/motif.es\\\/blog\\\/wp-content\\\/uploads\\\/2021\\\/06\\\/logo-motif.jpg\",\"contentUrl\":\"https:\\\/\\\/motif.es\\\/blog\\\/wp-content\\\/uploads\\\/2021\\\/06\\\/logo-motif.jpg\",\"width\":464,\"height\":464,\"caption\":\"Motif Wallpapers S.L.U.\"},\"image\":{\"@id\":\"https:\\\/\\\/www.motif.es\\\/blog\\\/#\\\/schema\\\/logo\\\/image\\\/\"},\"sameAs\":[\"https:\\\/\\\/www.facebook.com\\\/motifmorethanwalls\\\/\",\"https:\\\/\\\/www.instagram.com\\\/motif_es\\\/?hl=es\",\"https:\\\/\\\/www.pinterest.es\\\/motifwallpapers\\\/\",\"https:\\\/\\\/www.youtube.com\\\/channel\\\/UCNaOmbxD6LjcQNj4vmfVIUg\"]},{\"@type\":\"Person\",\"@id\":\"https:\\\/\\\/www.motif.es\\\/blog\\\/#\\\/schema\\\/person\\\/aac26ed80d8e02fb9525ec6b569d75e9\",\"name\":\"Comunicaci\u00f3n Motif\",\"image\":{\"@type\":\"ImageObject\",\"inLanguage\":\"es\",\"@id\":\"https:\\\/\\\/secure.gravatar.com\\\/avatar\\\/93b2fb49a03bd7a57b5f5e8c3b740113f14f25da86b090887d9353672de2d9b5?s=96&d=mm&r=g\",\"url\":\"https:\\\/\\\/secure.gravatar.com\\\/avatar\\\/93b2fb49a03bd7a57b5f5e8c3b740113f14f25da86b090887d9353672de2d9b5?s=96&d=mm&r=g\",\"contentUrl\":\"https:\\\/\\\/secure.gravatar.com\\\/avatar\\\/93b2fb49a03bd7a57b5f5e8c3b740113f14f25da86b090887d9353672de2d9b5?s=96&d=mm&r=g\",\"caption\":\"Comunicaci\u00f3n Motif\"},\"url\":\"https:\\\/\\\/www.motif.es\\\/blog\\\/author\\\/comunicacion\\\/\"}]}<\/script>\n<!-- \/ Yoast SEO plugin. -->","yoast_head_json":{"title":"Los tonos terrosos entre las tendencias DECO de 2025 - Blog Motif","description":"\u00bfQuieres mantener fresca y actual la decoraci\u00f3n de tu interior? Si es as\u00ed, no busques m\u00e1s all\u00e1 de las tendencias de dise\u00f1o de interiores 2025. Las","robots":{"index":"index","follow":"follow","max-snippet":"max-snippet:-1","max-image-preview":"max-image-preview:large","max-video-preview":"max-video-preview:-1"},"canonical":"https:\/\/www.motif.es\/blog\/los-tonos-terrosos-entre-las-tendencias-deco-de-2025\/","og_locale":"es_ES","og_type":"article","og_title":"Los tonos terrosos entre las tendencias DECO de 2025 - Blog Motif","og_description":"\u00bfQuieres mantener fresca y actual la decoraci\u00f3n de tu interior? Si es as\u00ed, no busques m\u00e1s all\u00e1 de las tendencias de dise\u00f1o de interiores 2025. Las","og_url":"https:\/\/www.motif.es\/blog\/los-tonos-terrosos-entre-las-tendencias-deco-de-2025\/","og_site_name":"Blog Motif","article_publisher":"https:\/\/www.facebook.com\/motifmorethanwalls\/","article_published_time":"2024-12-03T10:48:43+00:00","article_modified_time":"2025-01-03T10:57:59+00:00","og_image":[{"width":1000,"height":1000,"url":"https:\/\/www.motif.es\/blog\/wp-content\/uploads\/2025\/01\/mural-autoadhesivo-cies-by-elena-tablada.jpg","type":"image\/jpeg"}],"author":"Comunicaci\u00f3n Motif","twitter_card":"summary_large_image","twitter_misc":{"Escrito por":"Comunicaci\u00f3n Motif","Tiempo de lectura":"3 minutos"},"schema":{"@context":"https:\/\/schema.org","@graph":[{"@type":"Article","@id":"https:\/\/www.motif.es\/blog\/los-tonos-terrosos-entre-las-tendencias-deco-de-2025\/#article","isPartOf":{"@id":"https:\/\/www.motif.es\/blog\/los-tonos-terrosos-entre-las-tendencias-deco-de-2025\/"},"author":{"name":"Comunicaci\u00f3n Motif","@id":"https:\/\/www.motif.es\/blog\/#\/schema\/person\/aac26ed80d8e02fb9525ec6b569d75e9"},"headline":"Los tonos terrosos entre las tendencias DECO de 2025","datePublished":"2024-12-03T10:48:43+00:00","dateModified":"2025-01-03T10:57:59+00:00","mainEntityOfPage":{"@id":"https:\/\/www.motif.es\/blog\/los-tonos-terrosos-entre-las-tendencias-deco-de-2025\/"},"wordCount":520,"commentCount":0,"publisher":{"@id":"https:\/\/www.motif.es\/blog\/#organization"},"image":{"@id":"https:\/\/www.motif.es\/blog\/los-tonos-terrosos-entre-las-tendencias-deco-de-2025\/#primaryimage"},"thumbnailUrl":"https:\/\/www.motif.es\/blog\/wp-content\/uploads\/2025\/01\/mural-autoadhesivo-cies-by-elena-tablada.jpg","articleSection":["insp\u00edrate"],"inLanguage":"es","potentialAction":[{"@type":"CommentAction","name":"Comment","target":["https:\/\/www.motif.es\/blog\/los-tonos-terrosos-entre-las-tendencias-deco-de-2025\/#respond"]}]},{"@type":"WebPage","@id":"https:\/\/www.motif.es\/blog\/los-tonos-terrosos-entre-las-tendencias-deco-de-2025\/","url":"https:\/\/www.motif.es\/blog\/los-tonos-terrosos-entre-las-tendencias-deco-de-2025\/","name":"Los tonos terrosos entre las tendencias DECO de 2025 - Blog Motif","isPartOf":{"@id":"https:\/\/www.motif.es\/blog\/#website"},"primaryImageOfPage":{"@id":"https:\/\/www.motif.es\/blog\/los-tonos-terrosos-entre-las-tendencias-deco-de-2025\/#primaryimage"},"image":{"@id":"https:\/\/www.motif.es\/blog\/los-tonos-terrosos-entre-las-tendencias-deco-de-2025\/#primaryimage"},"thumbnailUrl":"https:\/\/www.motif.es\/blog\/wp-content\/uploads\/2025\/01\/mural-autoadhesivo-cies-by-elena-tablada.jpg","datePublished":"2024-12-03T10:48:43+00:00","dateModified":"2025-01-03T10:57:59+00:00","description":"\u00bfQuieres mantener fresca y actual la decoraci\u00f3n de tu interior? Si es as\u00ed, no busques m\u00e1s all\u00e1 de las tendencias de dise\u00f1o de interiores 2025. Las","breadcrumb":{"@id":"https:\/\/www.motif.es\/blog\/los-tonos-terrosos-entre-las-tendencias-deco-de-2025\/#breadcrumb"},"inLanguage":"es","potentialAction":[{"@type":"ReadAction","target":["https:\/\/www.motif.es\/blog\/los-tonos-terrosos-entre-las-tendencias-deco-de-2025\/"]}]},{"@type":"ImageObject","inLanguage":"es","@id":"https:\/\/www.motif.es\/blog\/los-tonos-terrosos-entre-las-tendencias-deco-de-2025\/#primaryimage","url":"https:\/\/www.motif.es\/blog\/wp-content\/uploads\/2025\/01\/mural-autoadhesivo-cies-by-elena-tablada.jpg","contentUrl":"https:\/\/www.motif.es\/blog\/wp-content\/uploads\/2025\/01\/mural-autoadhesivo-cies-by-elena-tablada.jpg","width":1000,"height":1000},{"@type":"BreadcrumbList","@id":"https:\/\/www.motif.es\/blog\/los-tonos-terrosos-entre-las-tendencias-deco-de-2025\/#breadcrumb","itemListElement":[{"@type":"ListItem","position":1,"name":"Blog","item":"https:\/\/www.motif.es\/blog\/"},{"@type":"ListItem","position":2,"name":"insp\u00edrate","item":"https:\/\/www.motif.es\/blog\/category\/inspirate\/"},{"@type":"ListItem","position":3,"name":"Los tonos terrosos entre las tendencias DECO de 2025"}]},{"@type":"WebSite","@id":"https:\/\/www.motif.es\/blog\/#website","url":"https:\/\/www.motif.es\/blog\/","name":"Blog Motif","description":"nuestro rinc\u00f3n para inspirarte","publisher":{"@id":"https:\/\/www.motif.es\/blog\/#organization"},"potentialAction":[{"@type":"SearchAction","target":{"@type":"EntryPoint","urlTemplate":"https:\/\/www.motif.es\/blog\/?s={search_term_string}"},"query-input":{"@type":"PropertyValueSpecification","valueRequired":true,"valueName":"search_term_string"}}],"inLanguage":"es"},{"@type":"Organization","@id":"https:\/\/www.motif.es\/blog\/#organization","name":"Motif Wallpapers S.L.U.","url":"https:\/\/www.motif.es\/blog\/","logo":{"@type":"ImageObject","inLanguage":"es","@id":"https:\/\/www.motif.es\/blog\/#\/schema\/logo\/image\/","url":"https:\/\/motif.es\/blog\/wp-content\/uploads\/2021\/06\/logo-motif.jpg","contentUrl":"https:\/\/motif.es\/blog\/wp-content\/uploads\/2021\/06\/logo-motif.jpg","width":464,"height":464,"caption":"Motif Wallpapers S.L.U."},"image":{"@id":"https:\/\/www.motif.es\/blog\/#\/schema\/logo\/image\/"},"sameAs":["https:\/\/www.facebook.com\/motifmorethanwalls\/","https:\/\/www.instagram.com\/motif_es\/?hl=es","https:\/\/www.pinterest.es\/motifwallpapers\/","https:\/\/www.youtube.com\/channel\/UCNaOmbxD6LjcQNj4vmfVIUg"]},{"@type":"Person","@id":"https:\/\/www.motif.es\/blog\/#\/schema\/person\/aac26ed80d8e02fb9525ec6b569d75e9","name":"Comunicaci\u00f3n Motif","image":{"@type":"ImageObject","inLanguage":"es","@id":"https:\/\/secure.gravatar.com\/avatar\/93b2fb49a03bd7a57b5f5e8c3b740113f14f25da86b090887d9353672de2d9b5?s=96&d=mm&r=g","url":"https:\/\/secure.gravatar.com\/avatar\/93b2fb49a03bd7a57b5f5e8c3b740113f14f25da86b090887d9353672de2d9b5?s=96&d=mm&r=g","contentUrl":"https:\/\/secure.gravatar.com\/avatar\/93b2fb49a03bd7a57b5f5e8c3b740113f14f25da86b090887d9353672de2d9b5?s=96&d=mm&r=g","caption":"Comunicaci\u00f3n Motif"},"url":"https:\/\/www.motif.es\/blog\/author\/comunicacion\/"}]}},"_links":{"self":[{"href":"https:\/\/www.motif.es\/blog\/wp-json\/wp\/v2\/posts\/3046","targetHints":{"allow":["GET"]}}],"collection":[{"href":"https:\/\/www.motif.es\/blog\/wp-json\/wp\/v2\/posts"}],"about":[{"href":"https:\/\/www.motif.es\/blog\/wp-json\/wp\/v2\/types\/post"}],"author":[{"embeddable":true,"href":"https:\/\/www.motif.es\/blog\/wp-json\/wp\/v2\/users\/2"}],"replies":[{"embeddable":true,"href":"https:\/\/www.motif.es\/blog\/wp-json\/wp\/v2\/comments?post=3046"}],"version-history":[{"count":1,"href":"https:\/\/www.motif.es\/blog\/wp-json\/wp\/v2\/posts\/3046\/revisions"}],"predecessor-version":[{"id":3050,"href":"https:\/\/www.motif.es\/blog\/wp-json\/wp\/v2\/posts\/3046\/revisions\/3050"}],"wp:featuredmedia":[{"embeddable":true,"href":"https:\/\/www.motif.es\/blog\/wp-json\/wp\/v2\/media\/3049"}],"wp:attachment":[{"href":"https:\/\/www.motif.es\/blog\/wp-json\/wp\/v2\/media?parent=3046"}],"wp:term":[{"taxonomy":"category","embeddable":true,"href":"https:\/\/www.motif.es\/blog\/wp-json\/wp\/v2\/categories?post=3046"},{"taxonomy":"post_tag","embeddable":true,"href":"https:\/\/www.motif.es\/blog\/wp-json\/wp\/v2\/tags?post=3046"}],"curies":[{"name":"wp","href":"https:\/\/api.w.org\/{rel}","templated":true}]}}