{"id":3139,"date":"2025-04-14T10:56:55","date_gmt":"2025-04-14T10:56:55","guid":{"rendered":"https:\/\/www.motif.es\/blog\/?p=3139"},"modified":"2025-05-06T11:04:26","modified_gmt":"2025-05-06T11:04:26","slug":"motif-viste-el-plato-de-maestros-de-la-costura-diseno-calidad-y-tendencia-en-la-television","status":"publish","type":"post","link":"https:\/\/www.motif.es\/blog\/motif-viste-el-plato-de-maestros-de-la-costura-diseno-calidad-y-tendencia-en-la-television\/","title":{"rendered":"MOTIF viste el plat\u00f3 de \u201cMaestros de la Costura\u201d: dise\u00f1o, calidad y tendencia en la televisi\u00f3n"},"content":{"rendered":"<p>Hay colaboraciones que marcan la diferencia y, para MOTIF, formar parte del universo de <a href=\"https:\/\/www.rtve.es\/play\/videos\/maestros-de-la-costura-celebrity\/\" target=\"_blank\" rel=\"noopener\"><strong>\u201cMaestros de la Costura\u201d<\/strong><\/a> es una de ellas. Esta temporada, nuestros productos han sido elegidos para dar vida y personalidad al plat\u00f3 de uno de los programas m\u00e1s ic\u00f3nicos de Televisi\u00f3n Espa\u00f1ola.<\/p>\n<p>Desde la organizaci\u00f3n del programa confiaron en MOTIF para aportar ese toque especial que solo los materiales bien elegidos pueden ofrecer. El resultado salta a la vista: el Vinilo Feid Cotto, con su aire artesanal y c\u00e1lido; el Vinilo Feid Blanco, que aporta luminosidad y amplitud al espacio; y el Suelo Vin\u00edlico Acolchado NEPI, que combina resistencia, comodidad y un dise\u00f1o muy actual, han sido parte protagonista en la <strong>decoraci\u00f3n del set<\/strong>.<\/p>\n<p style=\"text-align: center;\"><img loading=\"lazy\" decoding=\"async\" class=\"alignnone size-full wp-image-3141\" src=\"https:\/\/www.motif.es\/blog\/wp-content\/uploads\/2025\/05\/motif-en-maestros-de-la-costura.jpg\" alt=\"\" width=\"1065\" height=\"710\" srcset=\"https:\/\/www.motif.es\/blog\/wp-content\/uploads\/2025\/05\/motif-en-maestros-de-la-costura.jpg 1065w, https:\/\/www.motif.es\/blog\/wp-content\/uploads\/2025\/05\/motif-en-maestros-de-la-costura-300x200.jpg 300w, https:\/\/www.motif.es\/blog\/wp-content\/uploads\/2025\/05\/motif-en-maestros-de-la-costura-1024x683.jpg 1024w, https:\/\/www.motif.es\/blog\/wp-content\/uploads\/2025\/05\/motif-en-maestros-de-la-costura-768x512.jpg 768w\" sizes=\"auto, (max-width: 1065px) 100vw, 1065px\" \/><\/p>\n<p>Cada uno de estos productos ha sido seleccionado no solo por su est\u00e9tica, sino por las ventajas que ofrecen. El Vinilo Feid Cotto destaca por su dise\u00f1o que evoca la tradici\u00f3n, pero con un giro contempor\u00e1neo, ideal para crear ambientes acogedores y llenos de car\u00e1cter. El Vinilo Feid Blanco, por su parte, es sin\u00f3nimo de versatilidad: su elegancia y facilidad de limpieza lo convierten en la <strong>opci\u00f3n perfecta para espacios que buscan modernidad y frescura, sin renunciar a la practicidad<\/strong>. El Suelo Vin\u00edlico Acolchado NEPI suma a todo esto una resistencia total y estilo original a la vez que actual.<\/p>\n<p>No es la primera vez que MOTIF se cuela en la televisi\u00f3n:tambi\u00e9n hemos estado presentes en varias <a href=\"https:\/\/www.motif.es\/blog\/motif-conquista-las-cocinas-de-masterchef\/\">ediciones de \u201cMasterChef\u201d<\/a>, donde nuestros dise\u00f1os tambi\u00e9n fueron parte esencial de la ambientaci\u00f3n de sus plat\u00f3s. Para nosotros, la confianza que nos han depositado es un reconocimiento al trabajo bien hecho y a nuestra apuesta constante por la innovaci\u00f3n y la tendencia.<\/p>\n<p>Solo podemos dar las gracias a \u201cMaestros de la Costura\u201d por contar con nosotros para vestir su plat\u00f3.<\/p>\n","protected":false},"excerpt":{"rendered":"<p>Hay colaboraciones que marcan la diferencia y, para MOTIF, formar parte del universo de \u201cMaestros de la Costura\u201d es una de ellas. Esta temporada, nuestros productos han sido elegidos para dar vida y personalidad al plat\u00f3 de uno de los programas m\u00e1s ic\u00f3nicos de Televisi\u00f3n Espa\u00f1ola. Desde la organizaci\u00f3n del programa confiaron en MOTIF para [&#8230;]<\/p>\n","protected":false},"author":2,"featured_media":3141,"comment_status":"open","ping_status":"open","sticky":false,"template":"","format":"standard","meta":{"_acf_changed":false,"footnotes":""},"categories":[15],"tags":[],"class_list":["post-3139","post","type-post","status-publish","format-standard","has-post-thumbnail","hentry","category-sobre-motif"],"acf":[],"yoast_head":"<!-- This site is optimized with the Yoast SEO plugin v27.5 - https:\/\/yoast.com\/product\/yoast-seo-wordpress\/ -->\n<title>MOTIF viste el plat\u00f3 de \u201cMaestros de la Costura\u201d: dise\u00f1o, calidad y tendencia en la televisi\u00f3n - Blog Motif<\/title>\n<meta name=\"description\" content=\"Hay colaboraciones que marcan la diferencia y, para MOTIF, formar parte del universo de \u201cMaestros de la Costura\u201d es una de ellas. Esta temporada, nuestros\" \/>\n<meta name=\"robots\" content=\"index, follow, max-snippet:-1, max-image-preview:large, max-video-preview:-1\" \/>\n<link rel=\"canonical\" href=\"https:\/\/www.motif.es\/blog\/motif-viste-el-plato-de-maestros-de-la-costura-diseno-calidad-y-tendencia-en-la-television\/\" \/>\n<meta property=\"og:locale\" content=\"es_ES\" \/>\n<meta property=\"og:type\" content=\"article\" \/>\n<meta property=\"og:title\" content=\"MOTIF viste el plat\u00f3 de \u201cMaestros de la Costura\u201d: dise\u00f1o, calidad y tendencia en la televisi\u00f3n - Blog Motif\" \/>\n<meta property=\"og:description\" content=\"Hay colaboraciones que marcan la diferencia y, para MOTIF, formar parte del universo de \u201cMaestros de la Costura\u201d es una de ellas. Esta temporada, nuestros\" \/>\n<meta property=\"og:url\" content=\"https:\/\/www.motif.es\/blog\/motif-viste-el-plato-de-maestros-de-la-costura-diseno-calidad-y-tendencia-en-la-television\/\" \/>\n<meta property=\"og:site_name\" content=\"Blog Motif\" \/>\n<meta property=\"article:publisher\" content=\"https:\/\/www.facebook.com\/motifmorethanwalls\/\" \/>\n<meta property=\"article:published_time\" content=\"2025-04-14T10:56:55+00:00\" \/>\n<meta property=\"article:modified_time\" content=\"2025-05-06T11:04:26+00:00\" \/>\n<meta property=\"og:image\" content=\"https:\/\/www.motif.es\/blog\/wp-content\/uploads\/2025\/05\/motif-en-maestros-de-la-costura.jpg\" \/>\n\t<meta property=\"og:image:width\" content=\"1065\" \/>\n\t<meta property=\"og:image:height\" content=\"710\" \/>\n\t<meta property=\"og:image:type\" content=\"image\/jpeg\" \/>\n<meta name=\"author\" content=\"Comunicaci\u00f3n Motif\" \/>\n<meta name=\"twitter:card\" content=\"summary_large_image\" \/>\n<meta name=\"twitter:label1\" content=\"Escrito por\" \/>\n\t<meta name=\"twitter:data1\" content=\"Comunicaci\u00f3n Motif\" \/>\n\t<meta name=\"twitter:label2\" content=\"Tiempo de lectura\" \/>\n\t<meta name=\"twitter:data2\" content=\"2 minutos\" \/>\n<script type=\"application\/ld+json\" class=\"yoast-schema-graph\">{\"@context\":\"https:\\\/\\\/schema.org\",\"@graph\":[{\"@type\":\"Article\",\"@id\":\"https:\\\/\\\/www.motif.es\\\/blog\\\/motif-viste-el-plato-de-maestros-de-la-costura-diseno-calidad-y-tendencia-en-la-television\\\/#article\",\"isPartOf\":{\"@id\":\"https:\\\/\\\/www.motif.es\\\/blog\\\/motif-viste-el-plato-de-maestros-de-la-costura-diseno-calidad-y-tendencia-en-la-television\\\/\"},\"author\":{\"name\":\"Comunicaci\u00f3n Motif\",\"@id\":\"https:\\\/\\\/www.motif.es\\\/blog\\\/#\\\/schema\\\/person\\\/aac26ed80d8e02fb9525ec6b569d75e9\"},\"headline\":\"MOTIF viste el plat\u00f3 de \u201cMaestros de la Costura\u201d: dise\u00f1o, calidad y tendencia en la televisi\u00f3n\",\"datePublished\":\"2025-04-14T10:56:55+00:00\",\"dateModified\":\"2025-05-06T11:04:26+00:00\",\"mainEntityOfPage\":{\"@id\":\"https:\\\/\\\/www.motif.es\\\/blog\\\/motif-viste-el-plato-de-maestros-de-la-costura-diseno-calidad-y-tendencia-en-la-television\\\/\"},\"wordCount\":338,\"commentCount\":0,\"publisher\":{\"@id\":\"https:\\\/\\\/www.motif.es\\\/blog\\\/#organization\"},\"image\":{\"@id\":\"https:\\\/\\\/www.motif.es\\\/blog\\\/motif-viste-el-plato-de-maestros-de-la-costura-diseno-calidad-y-tendencia-en-la-television\\\/#primaryimage\"},\"thumbnailUrl\":\"https:\\\/\\\/www.motif.es\\\/blog\\\/wp-content\\\/uploads\\\/2025\\\/05\\\/motif-en-maestros-de-la-costura.jpg\",\"articleSection\":[\"sobre MOTIF\"],\"inLanguage\":\"es\",\"potentialAction\":[{\"@type\":\"CommentAction\",\"name\":\"Comment\",\"target\":[\"https:\\\/\\\/www.motif.es\\\/blog\\\/motif-viste-el-plato-de-maestros-de-la-costura-diseno-calidad-y-tendencia-en-la-television\\\/#respond\"]}]},{\"@type\":\"WebPage\",\"@id\":\"https:\\\/\\\/www.motif.es\\\/blog\\\/motif-viste-el-plato-de-maestros-de-la-costura-diseno-calidad-y-tendencia-en-la-television\\\/\",\"url\":\"https:\\\/\\\/www.motif.es\\\/blog\\\/motif-viste-el-plato-de-maestros-de-la-costura-diseno-calidad-y-tendencia-en-la-television\\\/\",\"name\":\"MOTIF viste el plat\u00f3 de \u201cMaestros de la Costura\u201d: dise\u00f1o, calidad y tendencia en la televisi\u00f3n - Blog Motif\",\"isPartOf\":{\"@id\":\"https:\\\/\\\/www.motif.es\\\/blog\\\/#website\"},\"primaryImageOfPage\":{\"@id\":\"https:\\\/\\\/www.motif.es\\\/blog\\\/motif-viste-el-plato-de-maestros-de-la-costura-diseno-calidad-y-tendencia-en-la-television\\\/#primaryimage\"},\"image\":{\"@id\":\"https:\\\/\\\/www.motif.es\\\/blog\\\/motif-viste-el-plato-de-maestros-de-la-costura-diseno-calidad-y-tendencia-en-la-television\\\/#primaryimage\"},\"thumbnailUrl\":\"https:\\\/\\\/www.motif.es\\\/blog\\\/wp-content\\\/uploads\\\/2025\\\/05\\\/motif-en-maestros-de-la-costura.jpg\",\"datePublished\":\"2025-04-14T10:56:55+00:00\",\"dateModified\":\"2025-05-06T11:04:26+00:00\",\"description\":\"Hay colaboraciones que marcan la diferencia y, para MOTIF, formar parte del universo de \u201cMaestros de la Costura\u201d es una de ellas. Esta temporada, nuestros\",\"breadcrumb\":{\"@id\":\"https:\\\/\\\/www.motif.es\\\/blog\\\/motif-viste-el-plato-de-maestros-de-la-costura-diseno-calidad-y-tendencia-en-la-television\\\/#breadcrumb\"},\"inLanguage\":\"es\",\"potentialAction\":[{\"@type\":\"ReadAction\",\"target\":[\"https:\\\/\\\/www.motif.es\\\/blog\\\/motif-viste-el-plato-de-maestros-de-la-costura-diseno-calidad-y-tendencia-en-la-television\\\/\"]}]},{\"@type\":\"ImageObject\",\"inLanguage\":\"es\",\"@id\":\"https:\\\/\\\/www.motif.es\\\/blog\\\/motif-viste-el-plato-de-maestros-de-la-costura-diseno-calidad-y-tendencia-en-la-television\\\/#primaryimage\",\"url\":\"https:\\\/\\\/www.motif.es\\\/blog\\\/wp-content\\\/uploads\\\/2025\\\/05\\\/motif-en-maestros-de-la-costura.jpg\",\"contentUrl\":\"https:\\\/\\\/www.motif.es\\\/blog\\\/wp-content\\\/uploads\\\/2025\\\/05\\\/motif-en-maestros-de-la-costura.jpg\",\"width\":1065,\"height\":710},{\"@type\":\"BreadcrumbList\",\"@id\":\"https:\\\/\\\/www.motif.es\\\/blog\\\/motif-viste-el-plato-de-maestros-de-la-costura-diseno-calidad-y-tendencia-en-la-television\\\/#breadcrumb\",\"itemListElement\":[{\"@type\":\"ListItem\",\"position\":1,\"name\":\"Blog\",\"item\":\"https:\\\/\\\/www.motif.es\\\/blog\\\/\"},{\"@type\":\"ListItem\",\"position\":2,\"name\":\"sobre MOTIF\",\"item\":\"https:\\\/\\\/www.motif.es\\\/blog\\\/category\\\/sobre-motif\\\/\"},{\"@type\":\"ListItem\",\"position\":3,\"name\":\"MOTIF viste el plat\u00f3 de \u201cMaestros de la Costura\u201d: dise\u00f1o, calidad y tendencia en la televisi\u00f3n\"}]},{\"@type\":\"WebSite\",\"@id\":\"https:\\\/\\\/www.motif.es\\\/blog\\\/#website\",\"url\":\"https:\\\/\\\/www.motif.es\\\/blog\\\/\",\"name\":\"Blog Motif\",\"description\":\"nuestro rinc\u00f3n para inspirarte\",\"publisher\":{\"@id\":\"https:\\\/\\\/www.motif.es\\\/blog\\\/#organization\"},\"potentialAction\":[{\"@type\":\"SearchAction\",\"target\":{\"@type\":\"EntryPoint\",\"urlTemplate\":\"https:\\\/\\\/www.motif.es\\\/blog\\\/?s={search_term_string}\"},\"query-input\":{\"@type\":\"PropertyValueSpecification\",\"valueRequired\":true,\"valueName\":\"search_term_string\"}}],\"inLanguage\":\"es\"},{\"@type\":\"Organization\",\"@id\":\"https:\\\/\\\/www.motif.es\\\/blog\\\/#organization\",\"name\":\"Motif Wallpapers S.L.U.\",\"url\":\"https:\\\/\\\/www.motif.es\\\/blog\\\/\",\"logo\":{\"@type\":\"ImageObject\",\"inLanguage\":\"es\",\"@id\":\"https:\\\/\\\/www.motif.es\\\/blog\\\/#\\\/schema\\\/logo\\\/image\\\/\",\"url\":\"https:\\\/\\\/motif.es\\\/blog\\\/wp-content\\\/uploads\\\/2021\\\/06\\\/logo-motif.jpg\",\"contentUrl\":\"https:\\\/\\\/motif.es\\\/blog\\\/wp-content\\\/uploads\\\/2021\\\/06\\\/logo-motif.jpg\",\"width\":464,\"height\":464,\"caption\":\"Motif Wallpapers S.L.U.\"},\"image\":{\"@id\":\"https:\\\/\\\/www.motif.es\\\/blog\\\/#\\\/schema\\\/logo\\\/image\\\/\"},\"sameAs\":[\"https:\\\/\\\/www.facebook.com\\\/motifmorethanwalls\\\/\",\"https:\\\/\\\/www.instagram.com\\\/motif_es\\\/?hl=es\",\"https:\\\/\\\/www.pinterest.es\\\/motifwallpapers\\\/\",\"https:\\\/\\\/www.youtube.com\\\/channel\\\/UCNaOmbxD6LjcQNj4vmfVIUg\"]},{\"@type\":\"Person\",\"@id\":\"https:\\\/\\\/www.motif.es\\\/blog\\\/#\\\/schema\\\/person\\\/aac26ed80d8e02fb9525ec6b569d75e9\",\"name\":\"Comunicaci\u00f3n Motif\",\"image\":{\"@type\":\"ImageObject\",\"inLanguage\":\"es\",\"@id\":\"https:\\\/\\\/secure.gravatar.com\\\/avatar\\\/93b2fb49a03bd7a57b5f5e8c3b740113f14f25da86b090887d9353672de2d9b5?s=96&d=mm&r=g\",\"url\":\"https:\\\/\\\/secure.gravatar.com\\\/avatar\\\/93b2fb49a03bd7a57b5f5e8c3b740113f14f25da86b090887d9353672de2d9b5?s=96&d=mm&r=g\",\"contentUrl\":\"https:\\\/\\\/secure.gravatar.com\\\/avatar\\\/93b2fb49a03bd7a57b5f5e8c3b740113f14f25da86b090887d9353672de2d9b5?s=96&d=mm&r=g\",\"caption\":\"Comunicaci\u00f3n Motif\"},\"url\":\"https:\\\/\\\/www.motif.es\\\/blog\\\/author\\\/comunicacion\\\/\"}]}<\/script>\n<!-- \/ Yoast SEO plugin. -->","yoast_head_json":{"title":"MOTIF viste el plat\u00f3 de \u201cMaestros de la Costura\u201d: dise\u00f1o, calidad y tendencia en la televisi\u00f3n - Blog Motif","description":"Hay colaboraciones que marcan la diferencia y, para MOTIF, formar parte del universo de \u201cMaestros de la Costura\u201d es una de ellas. Esta temporada, nuestros","robots":{"index":"index","follow":"follow","max-snippet":"max-snippet:-1","max-image-preview":"max-image-preview:large","max-video-preview":"max-video-preview:-1"},"canonical":"https:\/\/www.motif.es\/blog\/motif-viste-el-plato-de-maestros-de-la-costura-diseno-calidad-y-tendencia-en-la-television\/","og_locale":"es_ES","og_type":"article","og_title":"MOTIF viste el plat\u00f3 de \u201cMaestros de la Costura\u201d: dise\u00f1o, calidad y tendencia en la televisi\u00f3n - Blog Motif","og_description":"Hay colaboraciones que marcan la diferencia y, para MOTIF, formar parte del universo de \u201cMaestros de la Costura\u201d es una de ellas. Esta temporada, nuestros","og_url":"https:\/\/www.motif.es\/blog\/motif-viste-el-plato-de-maestros-de-la-costura-diseno-calidad-y-tendencia-en-la-television\/","og_site_name":"Blog Motif","article_publisher":"https:\/\/www.facebook.com\/motifmorethanwalls\/","article_published_time":"2025-04-14T10:56:55+00:00","article_modified_time":"2025-05-06T11:04:26+00:00","og_image":[{"width":1065,"height":710,"url":"https:\/\/www.motif.es\/blog\/wp-content\/uploads\/2025\/05\/motif-en-maestros-de-la-costura.jpg","type":"image\/jpeg"}],"author":"Comunicaci\u00f3n Motif","twitter_card":"summary_large_image","twitter_misc":{"Escrito por":"Comunicaci\u00f3n Motif","Tiempo de lectura":"2 minutos"},"schema":{"@context":"https:\/\/schema.org","@graph":[{"@type":"Article","@id":"https:\/\/www.motif.es\/blog\/motif-viste-el-plato-de-maestros-de-la-costura-diseno-calidad-y-tendencia-en-la-television\/#article","isPartOf":{"@id":"https:\/\/www.motif.es\/blog\/motif-viste-el-plato-de-maestros-de-la-costura-diseno-calidad-y-tendencia-en-la-television\/"},"author":{"name":"Comunicaci\u00f3n Motif","@id":"https:\/\/www.motif.es\/blog\/#\/schema\/person\/aac26ed80d8e02fb9525ec6b569d75e9"},"headline":"MOTIF viste el plat\u00f3 de \u201cMaestros de la Costura\u201d: dise\u00f1o, calidad y tendencia en la televisi\u00f3n","datePublished":"2025-04-14T10:56:55+00:00","dateModified":"2025-05-06T11:04:26+00:00","mainEntityOfPage":{"@id":"https:\/\/www.motif.es\/blog\/motif-viste-el-plato-de-maestros-de-la-costura-diseno-calidad-y-tendencia-en-la-television\/"},"wordCount":338,"commentCount":0,"publisher":{"@id":"https:\/\/www.motif.es\/blog\/#organization"},"image":{"@id":"https:\/\/www.motif.es\/blog\/motif-viste-el-plato-de-maestros-de-la-costura-diseno-calidad-y-tendencia-en-la-television\/#primaryimage"},"thumbnailUrl":"https:\/\/www.motif.es\/blog\/wp-content\/uploads\/2025\/05\/motif-en-maestros-de-la-costura.jpg","articleSection":["sobre MOTIF"],"inLanguage":"es","potentialAction":[{"@type":"CommentAction","name":"Comment","target":["https:\/\/www.motif.es\/blog\/motif-viste-el-plato-de-maestros-de-la-costura-diseno-calidad-y-tendencia-en-la-television\/#respond"]}]},{"@type":"WebPage","@id":"https:\/\/www.motif.es\/blog\/motif-viste-el-plato-de-maestros-de-la-costura-diseno-calidad-y-tendencia-en-la-television\/","url":"https:\/\/www.motif.es\/blog\/motif-viste-el-plato-de-maestros-de-la-costura-diseno-calidad-y-tendencia-en-la-television\/","name":"MOTIF viste el plat\u00f3 de \u201cMaestros de la Costura\u201d: dise\u00f1o, calidad y tendencia en la televisi\u00f3n - Blog Motif","isPartOf":{"@id":"https:\/\/www.motif.es\/blog\/#website"},"primaryImageOfPage":{"@id":"https:\/\/www.motif.es\/blog\/motif-viste-el-plato-de-maestros-de-la-costura-diseno-calidad-y-tendencia-en-la-television\/#primaryimage"},"image":{"@id":"https:\/\/www.motif.es\/blog\/motif-viste-el-plato-de-maestros-de-la-costura-diseno-calidad-y-tendencia-en-la-television\/#primaryimage"},"thumbnailUrl":"https:\/\/www.motif.es\/blog\/wp-content\/uploads\/2025\/05\/motif-en-maestros-de-la-costura.jpg","datePublished":"2025-04-14T10:56:55+00:00","dateModified":"2025-05-06T11:04:26+00:00","description":"Hay colaboraciones que marcan la diferencia y, para MOTIF, formar parte del universo de \u201cMaestros de la Costura\u201d es una de ellas. Esta temporada, nuestros","breadcrumb":{"@id":"https:\/\/www.motif.es\/blog\/motif-viste-el-plato-de-maestros-de-la-costura-diseno-calidad-y-tendencia-en-la-television\/#breadcrumb"},"inLanguage":"es","potentialAction":[{"@type":"ReadAction","target":["https:\/\/www.motif.es\/blog\/motif-viste-el-plato-de-maestros-de-la-costura-diseno-calidad-y-tendencia-en-la-television\/"]}]},{"@type":"ImageObject","inLanguage":"es","@id":"https:\/\/www.motif.es\/blog\/motif-viste-el-plato-de-maestros-de-la-costura-diseno-calidad-y-tendencia-en-la-television\/#primaryimage","url":"https:\/\/www.motif.es\/blog\/wp-content\/uploads\/2025\/05\/motif-en-maestros-de-la-costura.jpg","contentUrl":"https:\/\/www.motif.es\/blog\/wp-content\/uploads\/2025\/05\/motif-en-maestros-de-la-costura.jpg","width":1065,"height":710},{"@type":"BreadcrumbList","@id":"https:\/\/www.motif.es\/blog\/motif-viste-el-plato-de-maestros-de-la-costura-diseno-calidad-y-tendencia-en-la-television\/#breadcrumb","itemListElement":[{"@type":"ListItem","position":1,"name":"Blog","item":"https:\/\/www.motif.es\/blog\/"},{"@type":"ListItem","position":2,"name":"sobre MOTIF","item":"https:\/\/www.motif.es\/blog\/category\/sobre-motif\/"},{"@type":"ListItem","position":3,"name":"MOTIF viste el plat\u00f3 de \u201cMaestros de la Costura\u201d: dise\u00f1o, calidad y tendencia en la televisi\u00f3n"}]},{"@type":"WebSite","@id":"https:\/\/www.motif.es\/blog\/#website","url":"https:\/\/www.motif.es\/blog\/","name":"Blog Motif","description":"nuestro rinc\u00f3n para inspirarte","publisher":{"@id":"https:\/\/www.motif.es\/blog\/#organization"},"potentialAction":[{"@type":"SearchAction","target":{"@type":"EntryPoint","urlTemplate":"https:\/\/www.motif.es\/blog\/?s={search_term_string}"},"query-input":{"@type":"PropertyValueSpecification","valueRequired":true,"valueName":"search_term_string"}}],"inLanguage":"es"},{"@type":"Organization","@id":"https:\/\/www.motif.es\/blog\/#organization","name":"Motif Wallpapers S.L.U.","url":"https:\/\/www.motif.es\/blog\/","logo":{"@type":"ImageObject","inLanguage":"es","@id":"https:\/\/www.motif.es\/blog\/#\/schema\/logo\/image\/","url":"https:\/\/motif.es\/blog\/wp-content\/uploads\/2021\/06\/logo-motif.jpg","contentUrl":"https:\/\/motif.es\/blog\/wp-content\/uploads\/2021\/06\/logo-motif.jpg","width":464,"height":464,"caption":"Motif Wallpapers S.L.U."},"image":{"@id":"https:\/\/www.motif.es\/blog\/#\/schema\/logo\/image\/"},"sameAs":["https:\/\/www.facebook.com\/motifmorethanwalls\/","https:\/\/www.instagram.com\/motif_es\/?hl=es","https:\/\/www.pinterest.es\/motifwallpapers\/","https:\/\/www.youtube.com\/channel\/UCNaOmbxD6LjcQNj4vmfVIUg"]},{"@type":"Person","@id":"https:\/\/www.motif.es\/blog\/#\/schema\/person\/aac26ed80d8e02fb9525ec6b569d75e9","name":"Comunicaci\u00f3n Motif","image":{"@type":"ImageObject","inLanguage":"es","@id":"https:\/\/secure.gravatar.com\/avatar\/93b2fb49a03bd7a57b5f5e8c3b740113f14f25da86b090887d9353672de2d9b5?s=96&d=mm&r=g","url":"https:\/\/secure.gravatar.com\/avatar\/93b2fb49a03bd7a57b5f5e8c3b740113f14f25da86b090887d9353672de2d9b5?s=96&d=mm&r=g","contentUrl":"https:\/\/secure.gravatar.com\/avatar\/93b2fb49a03bd7a57b5f5e8c3b740113f14f25da86b090887d9353672de2d9b5?s=96&d=mm&r=g","caption":"Comunicaci\u00f3n Motif"},"url":"https:\/\/www.motif.es\/blog\/author\/comunicacion\/"}]}},"_links":{"self":[{"href":"https:\/\/www.motif.es\/blog\/wp-json\/wp\/v2\/posts\/3139","targetHints":{"allow":["GET"]}}],"collection":[{"href":"https:\/\/www.motif.es\/blog\/wp-json\/wp\/v2\/posts"}],"about":[{"href":"https:\/\/www.motif.es\/blog\/wp-json\/wp\/v2\/types\/post"}],"author":[{"embeddable":true,"href":"https:\/\/www.motif.es\/blog\/wp-json\/wp\/v2\/users\/2"}],"replies":[{"embeddable":true,"href":"https:\/\/www.motif.es\/blog\/wp-json\/wp\/v2\/comments?post=3139"}],"version-history":[{"count":1,"href":"https:\/\/www.motif.es\/blog\/wp-json\/wp\/v2\/posts\/3139\/revisions"}],"predecessor-version":[{"id":3142,"href":"https:\/\/www.motif.es\/blog\/wp-json\/wp\/v2\/posts\/3139\/revisions\/3142"}],"wp:featuredmedia":[{"embeddable":true,"href":"https:\/\/www.motif.es\/blog\/wp-json\/wp\/v2\/media\/3141"}],"wp:attachment":[{"href":"https:\/\/www.motif.es\/blog\/wp-json\/wp\/v2\/media?parent=3139"}],"wp:term":[{"taxonomy":"category","embeddable":true,"href":"https:\/\/www.motif.es\/blog\/wp-json\/wp\/v2\/categories?post=3139"},{"taxonomy":"post_tag","embeddable":true,"href":"https:\/\/www.motif.es\/blog\/wp-json\/wp\/v2\/tags?post=3139"}],"curies":[{"name":"wp","href":"https:\/\/api.w.org\/{rel}","templated":true}]}}