{"id":3153,"date":"2025-05-08T07:44:28","date_gmt":"2025-05-08T07:44:28","guid":{"rendered":"https:\/\/www.motif.es\/blog\/?p=3153"},"modified":"2025-05-26T07:54:25","modified_gmt":"2025-05-26T07:54:25","slug":"los-suelos-vinilicos-acolchados-de-motif-tengo-que-rebajar-puertas","status":"publish","type":"post","link":"https:\/\/www.motif.es\/blog\/los-suelos-vinilicos-acolchados-de-motif-tengo-que-rebajar-puertas\/","title":{"rendered":"Los suelos vin\u00edlicos acolchados de Motif: \u00bftengo que rebajar puertas?"},"content":{"rendered":"<p class=\"my-0\">\u00bfRecuerdas esa sensaci\u00f3n de mirar tu suelo y pensar que necesita un cambio, pero luego te imaginas el caos de una reforma y te entra pereza? \u00a1Te entendemos perfectamente! Por eso queremos contarte que <strong>suelos vin\u00edlicos acolchados de MOTIF<\/strong> son la soluci\u00f3n perfecta para estas situaciones: transforman cualquier espacio en un abrir y cerrar de ojos, y sin obras.<\/p>\n<p data-sourcepos=\"9:1-9:374\">Los <a href=\"https:\/\/www.motif.es\/157-suelos-vinilicos\">suelos vin\u00edlicos de MOTIF<\/a> son como poner una alfombra elegante y resistente que se integra a la perfecci\u00f3n pero por si te quedan dudas, te contamos una de las dudas m\u00e1s frecuentes: \u00bfTendr\u00e9 que cortar las puertas? Con los suelos vin\u00edlicos acolchados, la respuesta es, en la <strong>mayor\u00eda de los casos, \u00a1no!<\/strong> Su <strong>grosor es de tan solo 2,4 mm<\/strong>, lo que permite que las puertas sigan abriendo y cerrando sin problemas. Es como poner una alfombra elegante y resistente que se integra a la perfecci\u00f3n.<\/p>\n<p class=\"my-0\">\u00bfSabes <strong>ese momento en el que decides cambiar el suelo<\/strong> y te preguntas si tendr\u00e1s que cortar las puertas para que encajen? Pues con MOTIF, en la mayor\u00eda de los casos, \u00a1ni siquiera tienes que preocuparte por eso! Su grosor es de apenas 2,4 mm, as\u00ed que las puertas siguen abriendo y cerrando sin problemas.<\/p>\n<p style=\"text-align: center;\"><img loading=\"lazy\" decoding=\"async\" class=\"alignnone size-full wp-image-3155\" src=\"https:\/\/www.motif.es\/blog\/wp-content\/uploads\/2025\/05\/suelo-vinilico-clarisa.jpg\" alt=\"\" width=\"1000\" height=\"1000\" srcset=\"https:\/\/www.motif.es\/blog\/wp-content\/uploads\/2025\/05\/suelo-vinilico-clarisa.jpg 1000w, https:\/\/www.motif.es\/blog\/wp-content\/uploads\/2025\/05\/suelo-vinilico-clarisa-300x300.jpg 300w, https:\/\/www.motif.es\/blog\/wp-content\/uploads\/2025\/05\/suelo-vinilico-clarisa-150x150.jpg 150w, https:\/\/www.motif.es\/blog\/wp-content\/uploads\/2025\/05\/suelo-vinilico-clarisa-768x768.jpg 768w, https:\/\/www.motif.es\/blog\/wp-content\/uploads\/2025\/05\/suelo-vinilico-clarisa-400x400.jpg 400w\" sizes=\"auto, (max-width: 1000px) 100vw, 1000px\" \/><\/p>\n<p class=\"my-0\">\u00bfY si la puerta roza un poco? \u00a1Tranquilidad!<\/p>\n<p class=\"my-0\">Imagina que, despu\u00e9s de instalar tu nuevo suelo Motif, notas que una puerta roza un poquito o no se desliza tan bien como antes. \u00a1No te asustes! Es algo que puedes solucionar t\u00fa mismo en casa, sin necesidad de llamar a un profesional. Te cuento c\u00f3mo:<\/p>\n<ol class=\"marker:text-textOff list-decimal\">\n<li>\n<p class=\"my-0\">Mide lo que necesitas rebajar:\u00a0Cierra la puerta y desliza una hoja de papel o una cartulina por debajo. Si no pasa, ya sabes cu\u00e1nto espacio tienes que ganar.<\/p>\n<\/li>\n<li>\n<p class=\"my-0\">Desmonta la puerta (si te resulta m\u00e1s f\u00e1cil):\u00a0A veces puedes hacerlo sin quitarla, pero si la desmontas de las bisagras (\u00a1con cuidado!), tendr\u00e1s m\u00e1s libertad para trabajar.<\/p>\n<\/li>\n<li>\n<p class=\"my-0\">Lija o corta la parte inferior:<\/p>\n<ul class=\"marker:text-textOff list-disc\">\n<li>\n<p class=\"my-0\">Para ajustes peque\u00f1os:\u00a0<a href=\"https:\/\/www.cadena88.com\/es\/proyecto\/tipos-de-lijas#:~:text=Lija%20gruesa%3A%20grano%20de%2060,acabado%20sino%20retirar%20un%20material.\" target=\"_blank\" rel=\"noopener\">Usa una lija de grano grueso<\/a> o una lima para madera y ve quitando poco a poco.<\/p>\n<\/li>\n<li>\n<p class=\"my-0\">Si necesitas quitar m\u00e1s:\u00a0Un cepillo manual para madera o una sierra de calar con hoja fina te ayudar\u00e1n a hacerlo de forma limpia.<\/p>\n<\/li>\n<\/ul>\n<\/li>\n<li>\n<p class=\"my-0\">Dale un acabado perfecto:\u00a0Cuando ya tengas la altura deseada, pasa una lija de grano fino para suavizar los bordes y evitar astillas. Si la puerta est\u00e1 pintada o barnizada, aplica un poco de pintura o barniz en la zona que has rebajado para protegerla.<\/p>\n<\/li>\n<li>\n<p class=\"my-0\">Vuelve a colgar la puerta:\u00a0\u00a1Y listo! Comprueba que abre y cierra sin problemas.<\/p>\n<\/li>\n<\/ol>\n<p class=\"my-0\">As\u00ed que ya sabes: cambiar el suelo puede ser una experiencia sencilla, r\u00e1pida y, sobre todo, sin quebraderos de cabeza. \u00a1Tu casa se lo merece!<\/p>\n","protected":false},"excerpt":{"rendered":"<p>\u00bfRecuerdas esa sensaci\u00f3n de mirar tu suelo y pensar que necesita un cambio, pero luego te imaginas el caos de una reforma y te entra pereza? \u00a1Te entendemos perfectamente! Por eso queremos contarte que suelos vin\u00edlicos acolchados de MOTIF son la soluci\u00f3n perfecta para estas situaciones: transforman cualquier espacio en un abrir y cerrar de [&#8230;]<\/p>\n","protected":false},"author":2,"featured_media":3155,"comment_status":"open","ping_status":"open","sticky":false,"template":"","format":"standard","meta":{"_acf_changed":false,"footnotes":""},"categories":[23],"tags":[],"class_list":["post-3153","post","type-post","status-publish","format-standard","has-post-thumbnail","hentry","category-sobre-suelos-vinilicos"],"acf":[],"yoast_head":"<!-- This site is optimized with the Yoast SEO plugin v27.5 - https:\/\/yoast.com\/product\/yoast-seo-wordpress\/ -->\n<title>Los suelos vin\u00edlicos acolchados de Motif: \u00bftengo que rebajar puertas? - Blog Motif<\/title>\n<meta name=\"description\" content=\"\u00bfRecuerdas esa sensaci\u00f3n de mirar tu suelo y pensar que necesita un cambio, pero luego te imaginas el caos de una reforma y te entra pereza? \u00a1Te\" \/>\n<meta name=\"robots\" content=\"index, follow, max-snippet:-1, max-image-preview:large, max-video-preview:-1\" \/>\n<link rel=\"canonical\" href=\"https:\/\/www.motif.es\/blog\/los-suelos-vinilicos-acolchados-de-motif-tengo-que-rebajar-puertas\/\" \/>\n<meta property=\"og:locale\" content=\"es_ES\" \/>\n<meta property=\"og:type\" content=\"article\" \/>\n<meta property=\"og:title\" content=\"Los suelos vin\u00edlicos acolchados de Motif: \u00bftengo que rebajar puertas? - Blog Motif\" \/>\n<meta property=\"og:description\" content=\"\u00bfRecuerdas esa sensaci\u00f3n de mirar tu suelo y pensar que necesita un cambio, pero luego te imaginas el caos de una reforma y te entra pereza? \u00a1Te\" \/>\n<meta property=\"og:url\" content=\"https:\/\/www.motif.es\/blog\/los-suelos-vinilicos-acolchados-de-motif-tengo-que-rebajar-puertas\/\" \/>\n<meta property=\"og:site_name\" content=\"Blog Motif\" \/>\n<meta property=\"article:publisher\" content=\"https:\/\/www.facebook.com\/motifmorethanwalls\/\" \/>\n<meta property=\"article:published_time\" content=\"2025-05-08T07:44:28+00:00\" \/>\n<meta property=\"article:modified_time\" content=\"2025-05-26T07:54:25+00:00\" \/>\n<meta property=\"og:image\" content=\"https:\/\/www.motif.es\/blog\/wp-content\/uploads\/2025\/05\/suelo-vinilico-clarisa.jpg\" \/>\n\t<meta property=\"og:image:width\" content=\"1000\" \/>\n\t<meta property=\"og:image:height\" content=\"1000\" \/>\n\t<meta property=\"og:image:type\" content=\"image\/jpeg\" \/>\n<meta name=\"author\" content=\"Comunicaci\u00f3n Motif\" \/>\n<meta name=\"twitter:card\" content=\"summary_large_image\" \/>\n<meta name=\"twitter:label1\" content=\"Escrito por\" \/>\n\t<meta name=\"twitter:data1\" content=\"Comunicaci\u00f3n Motif\" \/>\n\t<meta name=\"twitter:label2\" content=\"Tiempo de lectura\" \/>\n\t<meta name=\"twitter:data2\" content=\"3 minutos\" \/>\n<script type=\"application\/ld+json\" class=\"yoast-schema-graph\">{\"@context\":\"https:\\\/\\\/schema.org\",\"@graph\":[{\"@type\":\"Article\",\"@id\":\"https:\\\/\\\/www.motif.es\\\/blog\\\/los-suelos-vinilicos-acolchados-de-motif-tengo-que-rebajar-puertas\\\/#article\",\"isPartOf\":{\"@id\":\"https:\\\/\\\/www.motif.es\\\/blog\\\/los-suelos-vinilicos-acolchados-de-motif-tengo-que-rebajar-puertas\\\/\"},\"author\":{\"name\":\"Comunicaci\u00f3n Motif\",\"@id\":\"https:\\\/\\\/www.motif.es\\\/blog\\\/#\\\/schema\\\/person\\\/aac26ed80d8e02fb9525ec6b569d75e9\"},\"headline\":\"Los suelos vin\u00edlicos acolchados de Motif: \u00bftengo que rebajar puertas?\",\"datePublished\":\"2025-05-08T07:44:28+00:00\",\"dateModified\":\"2025-05-26T07:54:25+00:00\",\"mainEntityOfPage\":{\"@id\":\"https:\\\/\\\/www.motif.es\\\/blog\\\/los-suelos-vinilicos-acolchados-de-motif-tengo-que-rebajar-puertas\\\/\"},\"wordCount\":477,\"commentCount\":0,\"publisher\":{\"@id\":\"https:\\\/\\\/www.motif.es\\\/blog\\\/#organization\"},\"image\":{\"@id\":\"https:\\\/\\\/www.motif.es\\\/blog\\\/los-suelos-vinilicos-acolchados-de-motif-tengo-que-rebajar-puertas\\\/#primaryimage\"},\"thumbnailUrl\":\"https:\\\/\\\/www.motif.es\\\/blog\\\/wp-content\\\/uploads\\\/2025\\\/05\\\/suelo-vinilico-clarisa.jpg\",\"articleSection\":[\"sobre suelos vin\u00edlicos\"],\"inLanguage\":\"es\",\"potentialAction\":[{\"@type\":\"CommentAction\",\"name\":\"Comment\",\"target\":[\"https:\\\/\\\/www.motif.es\\\/blog\\\/los-suelos-vinilicos-acolchados-de-motif-tengo-que-rebajar-puertas\\\/#respond\"]}]},{\"@type\":\"WebPage\",\"@id\":\"https:\\\/\\\/www.motif.es\\\/blog\\\/los-suelos-vinilicos-acolchados-de-motif-tengo-que-rebajar-puertas\\\/\",\"url\":\"https:\\\/\\\/www.motif.es\\\/blog\\\/los-suelos-vinilicos-acolchados-de-motif-tengo-que-rebajar-puertas\\\/\",\"name\":\"Los suelos vin\u00edlicos acolchados de Motif: \u00bftengo que rebajar puertas? - Blog Motif\",\"isPartOf\":{\"@id\":\"https:\\\/\\\/www.motif.es\\\/blog\\\/#website\"},\"primaryImageOfPage\":{\"@id\":\"https:\\\/\\\/www.motif.es\\\/blog\\\/los-suelos-vinilicos-acolchados-de-motif-tengo-que-rebajar-puertas\\\/#primaryimage\"},\"image\":{\"@id\":\"https:\\\/\\\/www.motif.es\\\/blog\\\/los-suelos-vinilicos-acolchados-de-motif-tengo-que-rebajar-puertas\\\/#primaryimage\"},\"thumbnailUrl\":\"https:\\\/\\\/www.motif.es\\\/blog\\\/wp-content\\\/uploads\\\/2025\\\/05\\\/suelo-vinilico-clarisa.jpg\",\"datePublished\":\"2025-05-08T07:44:28+00:00\",\"dateModified\":\"2025-05-26T07:54:25+00:00\",\"description\":\"\u00bfRecuerdas esa sensaci\u00f3n de mirar tu suelo y pensar que necesita un cambio, pero luego te imaginas el caos de una reforma y te entra pereza? \u00a1Te\",\"breadcrumb\":{\"@id\":\"https:\\\/\\\/www.motif.es\\\/blog\\\/los-suelos-vinilicos-acolchados-de-motif-tengo-que-rebajar-puertas\\\/#breadcrumb\"},\"inLanguage\":\"es\",\"potentialAction\":[{\"@type\":\"ReadAction\",\"target\":[\"https:\\\/\\\/www.motif.es\\\/blog\\\/los-suelos-vinilicos-acolchados-de-motif-tengo-que-rebajar-puertas\\\/\"]}]},{\"@type\":\"ImageObject\",\"inLanguage\":\"es\",\"@id\":\"https:\\\/\\\/www.motif.es\\\/blog\\\/los-suelos-vinilicos-acolchados-de-motif-tengo-que-rebajar-puertas\\\/#primaryimage\",\"url\":\"https:\\\/\\\/www.motif.es\\\/blog\\\/wp-content\\\/uploads\\\/2025\\\/05\\\/suelo-vinilico-clarisa.jpg\",\"contentUrl\":\"https:\\\/\\\/www.motif.es\\\/blog\\\/wp-content\\\/uploads\\\/2025\\\/05\\\/suelo-vinilico-clarisa.jpg\",\"width\":1000,\"height\":1000},{\"@type\":\"BreadcrumbList\",\"@id\":\"https:\\\/\\\/www.motif.es\\\/blog\\\/los-suelos-vinilicos-acolchados-de-motif-tengo-que-rebajar-puertas\\\/#breadcrumb\",\"itemListElement\":[{\"@type\":\"ListItem\",\"position\":1,\"name\":\"Blog\",\"item\":\"https:\\\/\\\/www.motif.es\\\/blog\\\/\"},{\"@type\":\"ListItem\",\"position\":2,\"name\":\"sobre suelos vin\u00edlicos\",\"item\":\"https:\\\/\\\/www.motif.es\\\/blog\\\/category\\\/sobre-suelos-vinilicos\\\/\"},{\"@type\":\"ListItem\",\"position\":3,\"name\":\"Los suelos vin\u00edlicos acolchados de Motif: \u00bftengo que rebajar puertas?\"}]},{\"@type\":\"WebSite\",\"@id\":\"https:\\\/\\\/www.motif.es\\\/blog\\\/#website\",\"url\":\"https:\\\/\\\/www.motif.es\\\/blog\\\/\",\"name\":\"Blog Motif\",\"description\":\"nuestro rinc\u00f3n para inspirarte\",\"publisher\":{\"@id\":\"https:\\\/\\\/www.motif.es\\\/blog\\\/#organization\"},\"potentialAction\":[{\"@type\":\"SearchAction\",\"target\":{\"@type\":\"EntryPoint\",\"urlTemplate\":\"https:\\\/\\\/www.motif.es\\\/blog\\\/?s={search_term_string}\"},\"query-input\":{\"@type\":\"PropertyValueSpecification\",\"valueRequired\":true,\"valueName\":\"search_term_string\"}}],\"inLanguage\":\"es\"},{\"@type\":\"Organization\",\"@id\":\"https:\\\/\\\/www.motif.es\\\/blog\\\/#organization\",\"name\":\"Motif Wallpapers S.L.U.\",\"url\":\"https:\\\/\\\/www.motif.es\\\/blog\\\/\",\"logo\":{\"@type\":\"ImageObject\",\"inLanguage\":\"es\",\"@id\":\"https:\\\/\\\/www.motif.es\\\/blog\\\/#\\\/schema\\\/logo\\\/image\\\/\",\"url\":\"https:\\\/\\\/motif.es\\\/blog\\\/wp-content\\\/uploads\\\/2021\\\/06\\\/logo-motif.jpg\",\"contentUrl\":\"https:\\\/\\\/motif.es\\\/blog\\\/wp-content\\\/uploads\\\/2021\\\/06\\\/logo-motif.jpg\",\"width\":464,\"height\":464,\"caption\":\"Motif Wallpapers S.L.U.\"},\"image\":{\"@id\":\"https:\\\/\\\/www.motif.es\\\/blog\\\/#\\\/schema\\\/logo\\\/image\\\/\"},\"sameAs\":[\"https:\\\/\\\/www.facebook.com\\\/motifmorethanwalls\\\/\",\"https:\\\/\\\/www.instagram.com\\\/motif_es\\\/?hl=es\",\"https:\\\/\\\/www.pinterest.es\\\/motifwallpapers\\\/\",\"https:\\\/\\\/www.youtube.com\\\/channel\\\/UCNaOmbxD6LjcQNj4vmfVIUg\"]},{\"@type\":\"Person\",\"@id\":\"https:\\\/\\\/www.motif.es\\\/blog\\\/#\\\/schema\\\/person\\\/aac26ed80d8e02fb9525ec6b569d75e9\",\"name\":\"Comunicaci\u00f3n Motif\",\"image\":{\"@type\":\"ImageObject\",\"inLanguage\":\"es\",\"@id\":\"https:\\\/\\\/secure.gravatar.com\\\/avatar\\\/93b2fb49a03bd7a57b5f5e8c3b740113f14f25da86b090887d9353672de2d9b5?s=96&d=mm&r=g\",\"url\":\"https:\\\/\\\/secure.gravatar.com\\\/avatar\\\/93b2fb49a03bd7a57b5f5e8c3b740113f14f25da86b090887d9353672de2d9b5?s=96&d=mm&r=g\",\"contentUrl\":\"https:\\\/\\\/secure.gravatar.com\\\/avatar\\\/93b2fb49a03bd7a57b5f5e8c3b740113f14f25da86b090887d9353672de2d9b5?s=96&d=mm&r=g\",\"caption\":\"Comunicaci\u00f3n Motif\"},\"url\":\"https:\\\/\\\/www.motif.es\\\/blog\\\/author\\\/comunicacion\\\/\"}]}<\/script>\n<!-- \/ Yoast SEO plugin. -->","yoast_head_json":{"title":"Los suelos vin\u00edlicos acolchados de Motif: \u00bftengo que rebajar puertas? - Blog Motif","description":"\u00bfRecuerdas esa sensaci\u00f3n de mirar tu suelo y pensar que necesita un cambio, pero luego te imaginas el caos de una reforma y te entra pereza? \u00a1Te","robots":{"index":"index","follow":"follow","max-snippet":"max-snippet:-1","max-image-preview":"max-image-preview:large","max-video-preview":"max-video-preview:-1"},"canonical":"https:\/\/www.motif.es\/blog\/los-suelos-vinilicos-acolchados-de-motif-tengo-que-rebajar-puertas\/","og_locale":"es_ES","og_type":"article","og_title":"Los suelos vin\u00edlicos acolchados de Motif: \u00bftengo que rebajar puertas? - Blog Motif","og_description":"\u00bfRecuerdas esa sensaci\u00f3n de mirar tu suelo y pensar que necesita un cambio, pero luego te imaginas el caos de una reforma y te entra pereza? \u00a1Te","og_url":"https:\/\/www.motif.es\/blog\/los-suelos-vinilicos-acolchados-de-motif-tengo-que-rebajar-puertas\/","og_site_name":"Blog Motif","article_publisher":"https:\/\/www.facebook.com\/motifmorethanwalls\/","article_published_time":"2025-05-08T07:44:28+00:00","article_modified_time":"2025-05-26T07:54:25+00:00","og_image":[{"width":1000,"height":1000,"url":"https:\/\/www.motif.es\/blog\/wp-content\/uploads\/2025\/05\/suelo-vinilico-clarisa.jpg","type":"image\/jpeg"}],"author":"Comunicaci\u00f3n Motif","twitter_card":"summary_large_image","twitter_misc":{"Escrito por":"Comunicaci\u00f3n Motif","Tiempo de lectura":"3 minutos"},"schema":{"@context":"https:\/\/schema.org","@graph":[{"@type":"Article","@id":"https:\/\/www.motif.es\/blog\/los-suelos-vinilicos-acolchados-de-motif-tengo-que-rebajar-puertas\/#article","isPartOf":{"@id":"https:\/\/www.motif.es\/blog\/los-suelos-vinilicos-acolchados-de-motif-tengo-que-rebajar-puertas\/"},"author":{"name":"Comunicaci\u00f3n Motif","@id":"https:\/\/www.motif.es\/blog\/#\/schema\/person\/aac26ed80d8e02fb9525ec6b569d75e9"},"headline":"Los suelos vin\u00edlicos acolchados de Motif: \u00bftengo que rebajar puertas?","datePublished":"2025-05-08T07:44:28+00:00","dateModified":"2025-05-26T07:54:25+00:00","mainEntityOfPage":{"@id":"https:\/\/www.motif.es\/blog\/los-suelos-vinilicos-acolchados-de-motif-tengo-que-rebajar-puertas\/"},"wordCount":477,"commentCount":0,"publisher":{"@id":"https:\/\/www.motif.es\/blog\/#organization"},"image":{"@id":"https:\/\/www.motif.es\/blog\/los-suelos-vinilicos-acolchados-de-motif-tengo-que-rebajar-puertas\/#primaryimage"},"thumbnailUrl":"https:\/\/www.motif.es\/blog\/wp-content\/uploads\/2025\/05\/suelo-vinilico-clarisa.jpg","articleSection":["sobre suelos vin\u00edlicos"],"inLanguage":"es","potentialAction":[{"@type":"CommentAction","name":"Comment","target":["https:\/\/www.motif.es\/blog\/los-suelos-vinilicos-acolchados-de-motif-tengo-que-rebajar-puertas\/#respond"]}]},{"@type":"WebPage","@id":"https:\/\/www.motif.es\/blog\/los-suelos-vinilicos-acolchados-de-motif-tengo-que-rebajar-puertas\/","url":"https:\/\/www.motif.es\/blog\/los-suelos-vinilicos-acolchados-de-motif-tengo-que-rebajar-puertas\/","name":"Los suelos vin\u00edlicos acolchados de Motif: \u00bftengo que rebajar puertas? - Blog Motif","isPartOf":{"@id":"https:\/\/www.motif.es\/blog\/#website"},"primaryImageOfPage":{"@id":"https:\/\/www.motif.es\/blog\/los-suelos-vinilicos-acolchados-de-motif-tengo-que-rebajar-puertas\/#primaryimage"},"image":{"@id":"https:\/\/www.motif.es\/blog\/los-suelos-vinilicos-acolchados-de-motif-tengo-que-rebajar-puertas\/#primaryimage"},"thumbnailUrl":"https:\/\/www.motif.es\/blog\/wp-content\/uploads\/2025\/05\/suelo-vinilico-clarisa.jpg","datePublished":"2025-05-08T07:44:28+00:00","dateModified":"2025-05-26T07:54:25+00:00","description":"\u00bfRecuerdas esa sensaci\u00f3n de mirar tu suelo y pensar que necesita un cambio, pero luego te imaginas el caos de una reforma y te entra pereza? \u00a1Te","breadcrumb":{"@id":"https:\/\/www.motif.es\/blog\/los-suelos-vinilicos-acolchados-de-motif-tengo-que-rebajar-puertas\/#breadcrumb"},"inLanguage":"es","potentialAction":[{"@type":"ReadAction","target":["https:\/\/www.motif.es\/blog\/los-suelos-vinilicos-acolchados-de-motif-tengo-que-rebajar-puertas\/"]}]},{"@type":"ImageObject","inLanguage":"es","@id":"https:\/\/www.motif.es\/blog\/los-suelos-vinilicos-acolchados-de-motif-tengo-que-rebajar-puertas\/#primaryimage","url":"https:\/\/www.motif.es\/blog\/wp-content\/uploads\/2025\/05\/suelo-vinilico-clarisa.jpg","contentUrl":"https:\/\/www.motif.es\/blog\/wp-content\/uploads\/2025\/05\/suelo-vinilico-clarisa.jpg","width":1000,"height":1000},{"@type":"BreadcrumbList","@id":"https:\/\/www.motif.es\/blog\/los-suelos-vinilicos-acolchados-de-motif-tengo-que-rebajar-puertas\/#breadcrumb","itemListElement":[{"@type":"ListItem","position":1,"name":"Blog","item":"https:\/\/www.motif.es\/blog\/"},{"@type":"ListItem","position":2,"name":"sobre suelos vin\u00edlicos","item":"https:\/\/www.motif.es\/blog\/category\/sobre-suelos-vinilicos\/"},{"@type":"ListItem","position":3,"name":"Los suelos vin\u00edlicos acolchados de Motif: \u00bftengo que rebajar puertas?"}]},{"@type":"WebSite","@id":"https:\/\/www.motif.es\/blog\/#website","url":"https:\/\/www.motif.es\/blog\/","name":"Blog Motif","description":"nuestro rinc\u00f3n para inspirarte","publisher":{"@id":"https:\/\/www.motif.es\/blog\/#organization"},"potentialAction":[{"@type":"SearchAction","target":{"@type":"EntryPoint","urlTemplate":"https:\/\/www.motif.es\/blog\/?s={search_term_string}"},"query-input":{"@type":"PropertyValueSpecification","valueRequired":true,"valueName":"search_term_string"}}],"inLanguage":"es"},{"@type":"Organization","@id":"https:\/\/www.motif.es\/blog\/#organization","name":"Motif Wallpapers S.L.U.","url":"https:\/\/www.motif.es\/blog\/","logo":{"@type":"ImageObject","inLanguage":"es","@id":"https:\/\/www.motif.es\/blog\/#\/schema\/logo\/image\/","url":"https:\/\/motif.es\/blog\/wp-content\/uploads\/2021\/06\/logo-motif.jpg","contentUrl":"https:\/\/motif.es\/blog\/wp-content\/uploads\/2021\/06\/logo-motif.jpg","width":464,"height":464,"caption":"Motif Wallpapers S.L.U."},"image":{"@id":"https:\/\/www.motif.es\/blog\/#\/schema\/logo\/image\/"},"sameAs":["https:\/\/www.facebook.com\/motifmorethanwalls\/","https:\/\/www.instagram.com\/motif_es\/?hl=es","https:\/\/www.pinterest.es\/motifwallpapers\/","https:\/\/www.youtube.com\/channel\/UCNaOmbxD6LjcQNj4vmfVIUg"]},{"@type":"Person","@id":"https:\/\/www.motif.es\/blog\/#\/schema\/person\/aac26ed80d8e02fb9525ec6b569d75e9","name":"Comunicaci\u00f3n Motif","image":{"@type":"ImageObject","inLanguage":"es","@id":"https:\/\/secure.gravatar.com\/avatar\/93b2fb49a03bd7a57b5f5e8c3b740113f14f25da86b090887d9353672de2d9b5?s=96&d=mm&r=g","url":"https:\/\/secure.gravatar.com\/avatar\/93b2fb49a03bd7a57b5f5e8c3b740113f14f25da86b090887d9353672de2d9b5?s=96&d=mm&r=g","contentUrl":"https:\/\/secure.gravatar.com\/avatar\/93b2fb49a03bd7a57b5f5e8c3b740113f14f25da86b090887d9353672de2d9b5?s=96&d=mm&r=g","caption":"Comunicaci\u00f3n Motif"},"url":"https:\/\/www.motif.es\/blog\/author\/comunicacion\/"}]}},"_links":{"self":[{"href":"https:\/\/www.motif.es\/blog\/wp-json\/wp\/v2\/posts\/3153","targetHints":{"allow":["GET"]}}],"collection":[{"href":"https:\/\/www.motif.es\/blog\/wp-json\/wp\/v2\/posts"}],"about":[{"href":"https:\/\/www.motif.es\/blog\/wp-json\/wp\/v2\/types\/post"}],"author":[{"embeddable":true,"href":"https:\/\/www.motif.es\/blog\/wp-json\/wp\/v2\/users\/2"}],"replies":[{"embeddable":true,"href":"https:\/\/www.motif.es\/blog\/wp-json\/wp\/v2\/comments?post=3153"}],"version-history":[{"count":1,"href":"https:\/\/www.motif.es\/blog\/wp-json\/wp\/v2\/posts\/3153\/revisions"}],"predecessor-version":[{"id":3156,"href":"https:\/\/www.motif.es\/blog\/wp-json\/wp\/v2\/posts\/3153\/revisions\/3156"}],"wp:featuredmedia":[{"embeddable":true,"href":"https:\/\/www.motif.es\/blog\/wp-json\/wp\/v2\/media\/3155"}],"wp:attachment":[{"href":"https:\/\/www.motif.es\/blog\/wp-json\/wp\/v2\/media?parent=3153"}],"wp:term":[{"taxonomy":"category","embeddable":true,"href":"https:\/\/www.motif.es\/blog\/wp-json\/wp\/v2\/categories?post=3153"},{"taxonomy":"post_tag","embeddable":true,"href":"https:\/\/www.motif.es\/blog\/wp-json\/wp\/v2\/tags?post=3153"}],"curies":[{"name":"wp","href":"https:\/\/api.w.org\/{rel}","templated":true}]}}