{"id":3240,"date":"2025-09-12T10:47:09","date_gmt":"2025-09-12T10:47:09","guid":{"rendered":"https:\/\/www.motif.es\/blog\/?p=3240"},"modified":"2025-09-05T10:57:29","modified_gmt":"2025-09-05T10:57:29","slug":"como-elegir-la-alfombra-vinilica-perfecta-segun-cada-estancia-de-tu-casa","status":"publish","type":"post","link":"https:\/\/www.motif.es\/blog\/como-elegir-la-alfombra-vinilica-perfecta-segun-cada-estancia-de-tu-casa\/","title":{"rendered":"C\u00f3mo elegir la alfombra vin\u00edlica perfecta seg\u00fan cada estancia de tu casa"},"content":{"rendered":"<p data-start=\"366\" data-end=\"817\">Las <strong data-start=\"370\" data-end=\"393\">alfombras vin\u00edlicas<\/strong> han pasado de ser una tendencia puntual a convertirse en un <strong>imprescindible en decoraci\u00f3n e interiorismo<\/strong>. Y no es para menos: son resistentes, f\u00e1ciles de limpiar, antideslizantes y, adem\u00e1s, ofrecen dise\u00f1os capaces de competir con las mejores piezas textiles. Pero para sacarles todo el partido, no basta con enamorarse de un estampado: tambi\u00e9n es importante saber <strong data-start=\"757\" data-end=\"814\">d\u00f3nde colocarla y qu\u00e9 tama\u00f1o elegir seg\u00fan la estancia<\/strong>.<\/p>\n<h5 data-start=\"819\" data-end=\"858\">En la cocina: resistencia y estilo<\/h5>\n<p data-start=\"859\" data-end=\"1386\">La cocina es probablemente el lugar donde m\u00e1s partido le sacar\u00e1s a una alfombra vin\u00edlica. Entre manchas, salpicaduras y tr\u00e1nsito constante, necesitas un material que aguante el ritmo sin renunciar a la est\u00e9tica. Los <strong>dise\u00f1os de inspiraci\u00f3n<\/strong> <strong data-start=\"1098\" data-end=\"1112\">hidr\u00e1ulica<\/strong> son todo un acierto, ya que aportan car\u00e1cter mediterr\u00e1neo y un aire renovado al instante. \u00bfD\u00f3nde colocarla? Lo ideal es en la zona de trabajo, justo frente a la encimera o la isla. En cuanto a formatos, los modelos alargados tipo \u201ccamino\u201d son los que m\u00e1s se eligen.<\/p>\n<p style=\"text-align: center;\" data-start=\"859\" data-end=\"1386\"><img loading=\"lazy\" decoding=\"async\" class=\"alignnone size-full wp-image-3241\" src=\"https:\/\/www.motif.es\/blog\/wp-content\/uploads\/2025\/09\/alfombra-vinilica-wes.jpg\" alt=\"\" width=\"1000\" height=\"1000\" srcset=\"https:\/\/www.motif.es\/blog\/wp-content\/uploads\/2025\/09\/alfombra-vinilica-wes.jpg 1000w, https:\/\/www.motif.es\/blog\/wp-content\/uploads\/2025\/09\/alfombra-vinilica-wes-300x300.jpg 300w, https:\/\/www.motif.es\/blog\/wp-content\/uploads\/2025\/09\/alfombra-vinilica-wes-150x150.jpg 150w, https:\/\/www.motif.es\/blog\/wp-content\/uploads\/2025\/09\/alfombra-vinilica-wes-768x768.jpg 768w, https:\/\/www.motif.es\/blog\/wp-content\/uploads\/2025\/09\/alfombra-vinilica-wes-400x400.jpg 400w\" sizes=\"auto, (max-width: 1000px) 100vw, 1000px\" \/><\/p>\n<p style=\"text-align: center;\" data-start=\"859\" data-end=\"1386\"><a href=\"https:\/\/www.motif.es\/alfombras-vinilicas\/21629-31473-alfombra-vinilica-wes.html#\/11-tamano_alfombra_vinilica-50x97cm\/81-color-blanco_y_negro\" target=\"_blank\" rel=\"noopener\"><em>Alfombra vin\u00edlica Wes<\/em><\/a><\/p>\n<h5 data-start=\"1388\" data-end=\"1433\">En el sal\u00f3n: delimitar y aportar calidez<\/h5>\n<p data-start=\"1434\" data-end=\"2061\">El sal\u00f3n pide <strong>una alfombra que estructure el espacio y aporte confort visual<\/strong>. Aqu\u00ed funcionan muy bien los dise\u00f1os geom\u00e9tricos o los tonos neutros, que ayudan a marcar zonas. Por ejemplo, la del sof\u00e1 o la mesa de centro, etc., sin necesidad de grandes cambios. La clave est\u00e1 en el tama\u00f1o: si la colocas bajo la mesa de centro, procura que sobresalga unos 20 cm a cada lado para que se vea integrada. Y si es bajo la mesa de comedor, lo recomendable es que cubra toda la superficie, incluyendo el espacio de las sillas incluso cuando est\u00e1n abiertas. De esta forma, todo el conjunto queda equilibrado y mucho m\u00e1s acogedor.<\/p>\n<p style=\"text-align: center;\" data-start=\"1434\" data-end=\"2061\"><img loading=\"lazy\" decoding=\"async\" class=\"alignnone size-full wp-image-3242\" src=\"https:\/\/www.motif.es\/blog\/wp-content\/uploads\/2025\/09\/alfombra-vinilica-lagertha.jpg\" alt=\"\" width=\"1000\" height=\"1000\" srcset=\"https:\/\/www.motif.es\/blog\/wp-content\/uploads\/2025\/09\/alfombra-vinilica-lagertha.jpg 1000w, https:\/\/www.motif.es\/blog\/wp-content\/uploads\/2025\/09\/alfombra-vinilica-lagertha-300x300.jpg 300w, https:\/\/www.motif.es\/blog\/wp-content\/uploads\/2025\/09\/alfombra-vinilica-lagertha-150x150.jpg 150w, https:\/\/www.motif.es\/blog\/wp-content\/uploads\/2025\/09\/alfombra-vinilica-lagertha-768x768.jpg 768w, https:\/\/www.motif.es\/blog\/wp-content\/uploads\/2025\/09\/alfombra-vinilica-lagertha-400x400.jpg 400w\" sizes=\"auto, (max-width: 1000px) 100vw, 1000px\" \/><\/p>\n<p style=\"text-align: center;\" data-start=\"1434\" data-end=\"2061\"><a href=\"https:\/\/www.motif.es\/alfombras-vinilicas\/10662-11191-alfombra-vinilica-lagertha.html#\/12-tamano_alfombra_vinilica-63x150cm\/58-color-gris\" target=\"_blank\" rel=\"noopener\"><em>Alfombra vin\u00edlica Lagertha<\/em><\/a><\/p>\n<h5 data-start=\"2063\" data-end=\"2111\">En el pasillo: practicidad con personalidad<\/h5>\n<p data-start=\"2112\" data-end=\"2616\">Los pasillos suelen ser los grandes olvidados de la decoraci\u00f3n, y sin embargo, una <strong data-start=\"2195\" data-end=\"2236\">alfombra vin\u00edlica estrecha y alargada<\/strong> puede marcar la diferencia. Adem\u00e1s de proteger el suelo del desgaste, aporta dinamismo y estilo. Si buscas amplitud, apuesta por rayas longitudinales o dise\u00f1os minimalistas; si prefieres arriesgar, un estampado colorido convertir\u00e1 el pasillo en protagonista. Col\u00f3cala siempre dejando unos cent\u00edmetros libres a cada lado, para que el suelo act\u00fae como marco y no quede recargado.<\/p>\n<p><img loading=\"lazy\" decoding=\"async\" class=\"alignnone wp-image-3243 size-full\" src=\"https:\/\/www.motif.es\/blog\/wp-content\/uploads\/2025\/09\/NATUREL-DARK_63X150cm.jpg\" alt=\"\" width=\"2000\" height=\"2000\" srcset=\"https:\/\/www.motif.es\/blog\/wp-content\/uploads\/2025\/09\/NATUREL-DARK_63X150cm.jpg 2000w, https:\/\/www.motif.es\/blog\/wp-content\/uploads\/2025\/09\/NATUREL-DARK_63X150cm-300x300.jpg 300w, https:\/\/www.motif.es\/blog\/wp-content\/uploads\/2025\/09\/NATUREL-DARK_63X150cm-1024x1024.jpg 1024w, https:\/\/www.motif.es\/blog\/wp-content\/uploads\/2025\/09\/NATUREL-DARK_63X150cm-150x150.jpg 150w, https:\/\/www.motif.es\/blog\/wp-content\/uploads\/2025\/09\/NATUREL-DARK_63X150cm-768x768.jpg 768w, https:\/\/www.motif.es\/blog\/wp-content\/uploads\/2025\/09\/NATUREL-DARK_63X150cm-1536x1536.jpg 1536w, https:\/\/www.motif.es\/blog\/wp-content\/uploads\/2025\/09\/NATUREL-DARK_63X150cm-1200x1200.jpg 1200w, https:\/\/www.motif.es\/blog\/wp-content\/uploads\/2025\/09\/NATUREL-DARK_63X150cm-1980x1980.jpg 1980w, https:\/\/www.motif.es\/blog\/wp-content\/uploads\/2025\/09\/NATUREL-DARK_63X150cm-400x400.jpg 400w\" sizes=\"auto, (max-width: 2000px) 100vw, 2000px\" \/><\/p>\n<p style=\"text-align: center;\"><a href=\"https:\/\/www.motif.es\/alfombras-vinilicas\/20516-16486-alfombra-vinilica-naturel-dark.html#\/11-tamano_alfombra_vinilica-50x97cm\/61-color-marron\" target=\"_blank\" rel=\"noopener\"><em>Alfombra Dark Naturel<\/em><\/a><\/p>\n<h5 data-start=\"2618\" data-end=\"2656\">En exteriores: la aliada perfecta<\/h5>\n<p data-start=\"2657\" data-end=\"3095\">S\u00ed, l<strong>as alfombras vin\u00edlicas tambi\u00e9n tienen su sitio en terrazas, balcones o porches<\/strong>. Gracias a su <strong data-start=\"2755\" data-end=\"2800\">protecci\u00f3n UVI y resistencia a la humedad<\/strong>, se mantienen impecables incluso con el uso diario al aire libre. Funcionan especialmente bien en la zona de comedor exterior o en un rinc\u00f3n chill out con butacas. Aqu\u00ed, los formatos grandes son los m\u00e1s recomendables, ya que ayudan a unificar el espacio y a crear una atm\u00f3sfera acogedora.<\/p>\n<p style=\"text-align: center;\" data-start=\"2657\" data-end=\"3095\"><img loading=\"lazy\" decoding=\"async\" class=\"alignnone size-full wp-image-3244\" src=\"https:\/\/www.motif.es\/blog\/wp-content\/uploads\/2025\/09\/alfombra-vinilica-lola.jpg\" alt=\"\" width=\"1000\" height=\"1000\" srcset=\"https:\/\/www.motif.es\/blog\/wp-content\/uploads\/2025\/09\/alfombra-vinilica-lola.jpg 1000w, https:\/\/www.motif.es\/blog\/wp-content\/uploads\/2025\/09\/alfombra-vinilica-lola-300x300.jpg 300w, https:\/\/www.motif.es\/blog\/wp-content\/uploads\/2025\/09\/alfombra-vinilica-lola-150x150.jpg 150w, https:\/\/www.motif.es\/blog\/wp-content\/uploads\/2025\/09\/alfombra-vinilica-lola-768x768.jpg 768w, https:\/\/www.motif.es\/blog\/wp-content\/uploads\/2025\/09\/alfombra-vinilica-lola-400x400.jpg 400w\" sizes=\"auto, (max-width: 1000px) 100vw, 1000px\" \/><\/p>\n<p style=\"text-align: center;\" data-start=\"2657\" data-end=\"3095\"><a href=\"https:\/\/www.motif.es\/alfombras-vinilicas\/21231-28651-alfombra-vinilica-lola.html#\/11-tamano_alfombra_vinilica-50x97cm\/58-color-gris\" target=\"_blank\" rel=\"noopener\"><em>Alfombra vin\u00edlica Lola<\/em><\/a><\/p>\n<p data-start=\"3104\" data-end=\"3492\">En definitiva, las <strong data-start=\"3123\" data-end=\"3146\">alfombras vin\u00edlicas<\/strong> son mucho m\u00e1s que un accesorio: ordenan los espacios, aportan estilo y resuelven necesidades pr\u00e1cticas en cualquier estancia de la casa. Elegir bien el dise\u00f1o, el tama\u00f1o y la ubicaci\u00f3n es lo que convierte una simple alfombra en la pieza clave que transforma tu hogar (o el de tus clientes) en un lugar m\u00e1s bonito, funcional y con personalidad.<\/p>\n","protected":false},"excerpt":{"rendered":"<p>Las alfombras vin\u00edlicas han pasado de ser una tendencia puntual a convertirse en un imprescindible en decoraci\u00f3n e interiorismo. Y no es para menos: son resistentes, f\u00e1ciles de limpiar, antideslizantes y, adem\u00e1s, ofrecen dise\u00f1os capaces de competir con las mejores piezas textiles. Pero para sacarles todo el partido, no basta con enamorarse de un estampado: [&#8230;]<\/p>\n","protected":false},"author":2,"featured_media":3241,"comment_status":"open","ping_status":"open","sticky":false,"template":"","format":"standard","meta":{"_acf_changed":false,"footnotes":""},"categories":[9,8],"tags":[],"class_list":["post-3240","post","type-post","status-publish","format-standard","has-post-thumbnail","hentry","category-inspirate","category-sobre-alfombras-vinilicas"],"acf":[],"yoast_head":"<!-- This site is optimized with the Yoast SEO plugin v27.5 - https:\/\/yoast.com\/product\/yoast-seo-wordpress\/ -->\n<title>C\u00f3mo elegir la alfombra vin\u00edlica perfecta seg\u00fan cada estancia de tu casa - Blog Motif<\/title>\n<meta name=\"description\" content=\"Las alfombras vin\u00edlicas han pasado de ser una tendencia puntual a convertirse en un imprescindible en decoraci\u00f3n e interiorismo. Y no es para menos: son\" \/>\n<meta name=\"robots\" content=\"index, follow, max-snippet:-1, max-image-preview:large, max-video-preview:-1\" \/>\n<link rel=\"canonical\" href=\"https:\/\/www.motif.es\/blog\/como-elegir-la-alfombra-vinilica-perfecta-segun-cada-estancia-de-tu-casa\/\" \/>\n<meta property=\"og:locale\" content=\"es_ES\" \/>\n<meta property=\"og:type\" content=\"article\" \/>\n<meta property=\"og:title\" content=\"C\u00f3mo elegir la alfombra vin\u00edlica perfecta seg\u00fan cada estancia de tu casa - Blog Motif\" \/>\n<meta property=\"og:description\" content=\"Las alfombras vin\u00edlicas han pasado de ser una tendencia puntual a convertirse en un imprescindible en decoraci\u00f3n e interiorismo. Y no es para menos: son\" \/>\n<meta property=\"og:url\" content=\"https:\/\/www.motif.es\/blog\/como-elegir-la-alfombra-vinilica-perfecta-segun-cada-estancia-de-tu-casa\/\" \/>\n<meta property=\"og:site_name\" content=\"Blog Motif\" \/>\n<meta property=\"article:publisher\" content=\"https:\/\/www.facebook.com\/motifmorethanwalls\/\" \/>\n<meta property=\"article:published_time\" content=\"2025-09-12T10:47:09+00:00\" \/>\n<meta property=\"og:image\" content=\"https:\/\/www.motif.es\/blog\/wp-content\/uploads\/2025\/09\/alfombra-vinilica-wes.jpg\" \/>\n\t<meta property=\"og:image:width\" content=\"1000\" \/>\n\t<meta property=\"og:image:height\" content=\"1000\" \/>\n\t<meta property=\"og:image:type\" content=\"image\/jpeg\" \/>\n<meta name=\"author\" content=\"Comunicaci\u00f3n Motif\" \/>\n<meta name=\"twitter:card\" content=\"summary_large_image\" \/>\n<meta name=\"twitter:label1\" content=\"Escrito por\" \/>\n\t<meta name=\"twitter:data1\" content=\"Comunicaci\u00f3n Motif\" \/>\n\t<meta name=\"twitter:label2\" content=\"Tiempo de lectura\" \/>\n\t<meta name=\"twitter:data2\" content=\"4 minutos\" \/>\n<script type=\"application\/ld+json\" class=\"yoast-schema-graph\">{\"@context\":\"https:\\\/\\\/schema.org\",\"@graph\":[{\"@type\":\"Article\",\"@id\":\"https:\\\/\\\/www.motif.es\\\/blog\\\/como-elegir-la-alfombra-vinilica-perfecta-segun-cada-estancia-de-tu-casa\\\/#article\",\"isPartOf\":{\"@id\":\"https:\\\/\\\/www.motif.es\\\/blog\\\/como-elegir-la-alfombra-vinilica-perfecta-segun-cada-estancia-de-tu-casa\\\/\"},\"author\":{\"name\":\"Comunicaci\u00f3n Motif\",\"@id\":\"https:\\\/\\\/www.motif.es\\\/blog\\\/#\\\/schema\\\/person\\\/aac26ed80d8e02fb9525ec6b569d75e9\"},\"headline\":\"C\u00f3mo elegir la alfombra vin\u00edlica perfecta seg\u00fan cada estancia de tu casa\",\"datePublished\":\"2025-09-12T10:47:09+00:00\",\"mainEntityOfPage\":{\"@id\":\"https:\\\/\\\/www.motif.es\\\/blog\\\/como-elegir-la-alfombra-vinilica-perfecta-segun-cada-estancia-de-tu-casa\\\/\"},\"wordCount\":577,\"commentCount\":0,\"publisher\":{\"@id\":\"https:\\\/\\\/www.motif.es\\\/blog\\\/#organization\"},\"image\":{\"@id\":\"https:\\\/\\\/www.motif.es\\\/blog\\\/como-elegir-la-alfombra-vinilica-perfecta-segun-cada-estancia-de-tu-casa\\\/#primaryimage\"},\"thumbnailUrl\":\"https:\\\/\\\/www.motif.es\\\/blog\\\/wp-content\\\/uploads\\\/2025\\\/09\\\/alfombra-vinilica-wes.jpg\",\"articleSection\":[\"insp\u00edrate\",\"sobre alfombras vin\u00edlicas\"],\"inLanguage\":\"es\",\"potentialAction\":[{\"@type\":\"CommentAction\",\"name\":\"Comment\",\"target\":[\"https:\\\/\\\/www.motif.es\\\/blog\\\/como-elegir-la-alfombra-vinilica-perfecta-segun-cada-estancia-de-tu-casa\\\/#respond\"]}]},{\"@type\":\"WebPage\",\"@id\":\"https:\\\/\\\/www.motif.es\\\/blog\\\/como-elegir-la-alfombra-vinilica-perfecta-segun-cada-estancia-de-tu-casa\\\/\",\"url\":\"https:\\\/\\\/www.motif.es\\\/blog\\\/como-elegir-la-alfombra-vinilica-perfecta-segun-cada-estancia-de-tu-casa\\\/\",\"name\":\"C\u00f3mo elegir la alfombra vin\u00edlica perfecta seg\u00fan cada estancia de tu casa - Blog Motif\",\"isPartOf\":{\"@id\":\"https:\\\/\\\/www.motif.es\\\/blog\\\/#website\"},\"primaryImageOfPage\":{\"@id\":\"https:\\\/\\\/www.motif.es\\\/blog\\\/como-elegir-la-alfombra-vinilica-perfecta-segun-cada-estancia-de-tu-casa\\\/#primaryimage\"},\"image\":{\"@id\":\"https:\\\/\\\/www.motif.es\\\/blog\\\/como-elegir-la-alfombra-vinilica-perfecta-segun-cada-estancia-de-tu-casa\\\/#primaryimage\"},\"thumbnailUrl\":\"https:\\\/\\\/www.motif.es\\\/blog\\\/wp-content\\\/uploads\\\/2025\\\/09\\\/alfombra-vinilica-wes.jpg\",\"datePublished\":\"2025-09-12T10:47:09+00:00\",\"description\":\"Las alfombras vin\u00edlicas han pasado de ser una tendencia puntual a convertirse en un imprescindible en decoraci\u00f3n e interiorismo. Y no es para menos: son\",\"breadcrumb\":{\"@id\":\"https:\\\/\\\/www.motif.es\\\/blog\\\/como-elegir-la-alfombra-vinilica-perfecta-segun-cada-estancia-de-tu-casa\\\/#breadcrumb\"},\"inLanguage\":\"es\",\"potentialAction\":[{\"@type\":\"ReadAction\",\"target\":[\"https:\\\/\\\/www.motif.es\\\/blog\\\/como-elegir-la-alfombra-vinilica-perfecta-segun-cada-estancia-de-tu-casa\\\/\"]}]},{\"@type\":\"ImageObject\",\"inLanguage\":\"es\",\"@id\":\"https:\\\/\\\/www.motif.es\\\/blog\\\/como-elegir-la-alfombra-vinilica-perfecta-segun-cada-estancia-de-tu-casa\\\/#primaryimage\",\"url\":\"https:\\\/\\\/www.motif.es\\\/blog\\\/wp-content\\\/uploads\\\/2025\\\/09\\\/alfombra-vinilica-wes.jpg\",\"contentUrl\":\"https:\\\/\\\/www.motif.es\\\/blog\\\/wp-content\\\/uploads\\\/2025\\\/09\\\/alfombra-vinilica-wes.jpg\",\"width\":1000,\"height\":1000},{\"@type\":\"BreadcrumbList\",\"@id\":\"https:\\\/\\\/www.motif.es\\\/blog\\\/como-elegir-la-alfombra-vinilica-perfecta-segun-cada-estancia-de-tu-casa\\\/#breadcrumb\",\"itemListElement\":[{\"@type\":\"ListItem\",\"position\":1,\"name\":\"Blog\",\"item\":\"https:\\\/\\\/www.motif.es\\\/blog\\\/\"},{\"@type\":\"ListItem\",\"position\":2,\"name\":\"insp\u00edrate\",\"item\":\"https:\\\/\\\/www.motif.es\\\/blog\\\/category\\\/inspirate\\\/\"},{\"@type\":\"ListItem\",\"position\":3,\"name\":\"C\u00f3mo elegir la alfombra vin\u00edlica perfecta seg\u00fan cada estancia de tu casa\"}]},{\"@type\":\"WebSite\",\"@id\":\"https:\\\/\\\/www.motif.es\\\/blog\\\/#website\",\"url\":\"https:\\\/\\\/www.motif.es\\\/blog\\\/\",\"name\":\"Blog Motif\",\"description\":\"nuestro rinc\u00f3n para inspirarte\",\"publisher\":{\"@id\":\"https:\\\/\\\/www.motif.es\\\/blog\\\/#organization\"},\"potentialAction\":[{\"@type\":\"SearchAction\",\"target\":{\"@type\":\"EntryPoint\",\"urlTemplate\":\"https:\\\/\\\/www.motif.es\\\/blog\\\/?s={search_term_string}\"},\"query-input\":{\"@type\":\"PropertyValueSpecification\",\"valueRequired\":true,\"valueName\":\"search_term_string\"}}],\"inLanguage\":\"es\"},{\"@type\":\"Organization\",\"@id\":\"https:\\\/\\\/www.motif.es\\\/blog\\\/#organization\",\"name\":\"Motif Wallpapers S.L.U.\",\"url\":\"https:\\\/\\\/www.motif.es\\\/blog\\\/\",\"logo\":{\"@type\":\"ImageObject\",\"inLanguage\":\"es\",\"@id\":\"https:\\\/\\\/www.motif.es\\\/blog\\\/#\\\/schema\\\/logo\\\/image\\\/\",\"url\":\"https:\\\/\\\/motif.es\\\/blog\\\/wp-content\\\/uploads\\\/2021\\\/06\\\/logo-motif.jpg\",\"contentUrl\":\"https:\\\/\\\/motif.es\\\/blog\\\/wp-content\\\/uploads\\\/2021\\\/06\\\/logo-motif.jpg\",\"width\":464,\"height\":464,\"caption\":\"Motif Wallpapers S.L.U.\"},\"image\":{\"@id\":\"https:\\\/\\\/www.motif.es\\\/blog\\\/#\\\/schema\\\/logo\\\/image\\\/\"},\"sameAs\":[\"https:\\\/\\\/www.facebook.com\\\/motifmorethanwalls\\\/\",\"https:\\\/\\\/www.instagram.com\\\/motif_es\\\/?hl=es\",\"https:\\\/\\\/www.pinterest.es\\\/motifwallpapers\\\/\",\"https:\\\/\\\/www.youtube.com\\\/channel\\\/UCNaOmbxD6LjcQNj4vmfVIUg\"]},{\"@type\":\"Person\",\"@id\":\"https:\\\/\\\/www.motif.es\\\/blog\\\/#\\\/schema\\\/person\\\/aac26ed80d8e02fb9525ec6b569d75e9\",\"name\":\"Comunicaci\u00f3n Motif\",\"image\":{\"@type\":\"ImageObject\",\"inLanguage\":\"es\",\"@id\":\"https:\\\/\\\/secure.gravatar.com\\\/avatar\\\/93b2fb49a03bd7a57b5f5e8c3b740113f14f25da86b090887d9353672de2d9b5?s=96&d=mm&r=g\",\"url\":\"https:\\\/\\\/secure.gravatar.com\\\/avatar\\\/93b2fb49a03bd7a57b5f5e8c3b740113f14f25da86b090887d9353672de2d9b5?s=96&d=mm&r=g\",\"contentUrl\":\"https:\\\/\\\/secure.gravatar.com\\\/avatar\\\/93b2fb49a03bd7a57b5f5e8c3b740113f14f25da86b090887d9353672de2d9b5?s=96&d=mm&r=g\",\"caption\":\"Comunicaci\u00f3n Motif\"},\"url\":\"https:\\\/\\\/www.motif.es\\\/blog\\\/author\\\/comunicacion\\\/\"}]}<\/script>\n<!-- \/ Yoast SEO plugin. -->","yoast_head_json":{"title":"C\u00f3mo elegir la alfombra vin\u00edlica perfecta seg\u00fan cada estancia de tu casa - Blog Motif","description":"Las alfombras vin\u00edlicas han pasado de ser una tendencia puntual a convertirse en un imprescindible en decoraci\u00f3n e interiorismo. Y no es para menos: son","robots":{"index":"index","follow":"follow","max-snippet":"max-snippet:-1","max-image-preview":"max-image-preview:large","max-video-preview":"max-video-preview:-1"},"canonical":"https:\/\/www.motif.es\/blog\/como-elegir-la-alfombra-vinilica-perfecta-segun-cada-estancia-de-tu-casa\/","og_locale":"es_ES","og_type":"article","og_title":"C\u00f3mo elegir la alfombra vin\u00edlica perfecta seg\u00fan cada estancia de tu casa - Blog Motif","og_description":"Las alfombras vin\u00edlicas han pasado de ser una tendencia puntual a convertirse en un imprescindible en decoraci\u00f3n e interiorismo. Y no es para menos: son","og_url":"https:\/\/www.motif.es\/blog\/como-elegir-la-alfombra-vinilica-perfecta-segun-cada-estancia-de-tu-casa\/","og_site_name":"Blog Motif","article_publisher":"https:\/\/www.facebook.com\/motifmorethanwalls\/","article_published_time":"2025-09-12T10:47:09+00:00","og_image":[{"width":1000,"height":1000,"url":"https:\/\/www.motif.es\/blog\/wp-content\/uploads\/2025\/09\/alfombra-vinilica-wes.jpg","type":"image\/jpeg"}],"author":"Comunicaci\u00f3n Motif","twitter_card":"summary_large_image","twitter_misc":{"Escrito por":"Comunicaci\u00f3n Motif","Tiempo de lectura":"4 minutos"},"schema":{"@context":"https:\/\/schema.org","@graph":[{"@type":"Article","@id":"https:\/\/www.motif.es\/blog\/como-elegir-la-alfombra-vinilica-perfecta-segun-cada-estancia-de-tu-casa\/#article","isPartOf":{"@id":"https:\/\/www.motif.es\/blog\/como-elegir-la-alfombra-vinilica-perfecta-segun-cada-estancia-de-tu-casa\/"},"author":{"name":"Comunicaci\u00f3n Motif","@id":"https:\/\/www.motif.es\/blog\/#\/schema\/person\/aac26ed80d8e02fb9525ec6b569d75e9"},"headline":"C\u00f3mo elegir la alfombra vin\u00edlica perfecta seg\u00fan cada estancia de tu casa","datePublished":"2025-09-12T10:47:09+00:00","mainEntityOfPage":{"@id":"https:\/\/www.motif.es\/blog\/como-elegir-la-alfombra-vinilica-perfecta-segun-cada-estancia-de-tu-casa\/"},"wordCount":577,"commentCount":0,"publisher":{"@id":"https:\/\/www.motif.es\/blog\/#organization"},"image":{"@id":"https:\/\/www.motif.es\/blog\/como-elegir-la-alfombra-vinilica-perfecta-segun-cada-estancia-de-tu-casa\/#primaryimage"},"thumbnailUrl":"https:\/\/www.motif.es\/blog\/wp-content\/uploads\/2025\/09\/alfombra-vinilica-wes.jpg","articleSection":["insp\u00edrate","sobre alfombras vin\u00edlicas"],"inLanguage":"es","potentialAction":[{"@type":"CommentAction","name":"Comment","target":["https:\/\/www.motif.es\/blog\/como-elegir-la-alfombra-vinilica-perfecta-segun-cada-estancia-de-tu-casa\/#respond"]}]},{"@type":"WebPage","@id":"https:\/\/www.motif.es\/blog\/como-elegir-la-alfombra-vinilica-perfecta-segun-cada-estancia-de-tu-casa\/","url":"https:\/\/www.motif.es\/blog\/como-elegir-la-alfombra-vinilica-perfecta-segun-cada-estancia-de-tu-casa\/","name":"C\u00f3mo elegir la alfombra vin\u00edlica perfecta seg\u00fan cada estancia de tu casa - Blog Motif","isPartOf":{"@id":"https:\/\/www.motif.es\/blog\/#website"},"primaryImageOfPage":{"@id":"https:\/\/www.motif.es\/blog\/como-elegir-la-alfombra-vinilica-perfecta-segun-cada-estancia-de-tu-casa\/#primaryimage"},"image":{"@id":"https:\/\/www.motif.es\/blog\/como-elegir-la-alfombra-vinilica-perfecta-segun-cada-estancia-de-tu-casa\/#primaryimage"},"thumbnailUrl":"https:\/\/www.motif.es\/blog\/wp-content\/uploads\/2025\/09\/alfombra-vinilica-wes.jpg","datePublished":"2025-09-12T10:47:09+00:00","description":"Las alfombras vin\u00edlicas han pasado de ser una tendencia puntual a convertirse en un imprescindible en decoraci\u00f3n e interiorismo. Y no es para menos: son","breadcrumb":{"@id":"https:\/\/www.motif.es\/blog\/como-elegir-la-alfombra-vinilica-perfecta-segun-cada-estancia-de-tu-casa\/#breadcrumb"},"inLanguage":"es","potentialAction":[{"@type":"ReadAction","target":["https:\/\/www.motif.es\/blog\/como-elegir-la-alfombra-vinilica-perfecta-segun-cada-estancia-de-tu-casa\/"]}]},{"@type":"ImageObject","inLanguage":"es","@id":"https:\/\/www.motif.es\/blog\/como-elegir-la-alfombra-vinilica-perfecta-segun-cada-estancia-de-tu-casa\/#primaryimage","url":"https:\/\/www.motif.es\/blog\/wp-content\/uploads\/2025\/09\/alfombra-vinilica-wes.jpg","contentUrl":"https:\/\/www.motif.es\/blog\/wp-content\/uploads\/2025\/09\/alfombra-vinilica-wes.jpg","width":1000,"height":1000},{"@type":"BreadcrumbList","@id":"https:\/\/www.motif.es\/blog\/como-elegir-la-alfombra-vinilica-perfecta-segun-cada-estancia-de-tu-casa\/#breadcrumb","itemListElement":[{"@type":"ListItem","position":1,"name":"Blog","item":"https:\/\/www.motif.es\/blog\/"},{"@type":"ListItem","position":2,"name":"insp\u00edrate","item":"https:\/\/www.motif.es\/blog\/category\/inspirate\/"},{"@type":"ListItem","position":3,"name":"C\u00f3mo elegir la alfombra vin\u00edlica perfecta seg\u00fan cada estancia de tu casa"}]},{"@type":"WebSite","@id":"https:\/\/www.motif.es\/blog\/#website","url":"https:\/\/www.motif.es\/blog\/","name":"Blog Motif","description":"nuestro rinc\u00f3n para inspirarte","publisher":{"@id":"https:\/\/www.motif.es\/blog\/#organization"},"potentialAction":[{"@type":"SearchAction","target":{"@type":"EntryPoint","urlTemplate":"https:\/\/www.motif.es\/blog\/?s={search_term_string}"},"query-input":{"@type":"PropertyValueSpecification","valueRequired":true,"valueName":"search_term_string"}}],"inLanguage":"es"},{"@type":"Organization","@id":"https:\/\/www.motif.es\/blog\/#organization","name":"Motif Wallpapers S.L.U.","url":"https:\/\/www.motif.es\/blog\/","logo":{"@type":"ImageObject","inLanguage":"es","@id":"https:\/\/www.motif.es\/blog\/#\/schema\/logo\/image\/","url":"https:\/\/motif.es\/blog\/wp-content\/uploads\/2021\/06\/logo-motif.jpg","contentUrl":"https:\/\/motif.es\/blog\/wp-content\/uploads\/2021\/06\/logo-motif.jpg","width":464,"height":464,"caption":"Motif Wallpapers S.L.U."},"image":{"@id":"https:\/\/www.motif.es\/blog\/#\/schema\/logo\/image\/"},"sameAs":["https:\/\/www.facebook.com\/motifmorethanwalls\/","https:\/\/www.instagram.com\/motif_es\/?hl=es","https:\/\/www.pinterest.es\/motifwallpapers\/","https:\/\/www.youtube.com\/channel\/UCNaOmbxD6LjcQNj4vmfVIUg"]},{"@type":"Person","@id":"https:\/\/www.motif.es\/blog\/#\/schema\/person\/aac26ed80d8e02fb9525ec6b569d75e9","name":"Comunicaci\u00f3n Motif","image":{"@type":"ImageObject","inLanguage":"es","@id":"https:\/\/secure.gravatar.com\/avatar\/93b2fb49a03bd7a57b5f5e8c3b740113f14f25da86b090887d9353672de2d9b5?s=96&d=mm&r=g","url":"https:\/\/secure.gravatar.com\/avatar\/93b2fb49a03bd7a57b5f5e8c3b740113f14f25da86b090887d9353672de2d9b5?s=96&d=mm&r=g","contentUrl":"https:\/\/secure.gravatar.com\/avatar\/93b2fb49a03bd7a57b5f5e8c3b740113f14f25da86b090887d9353672de2d9b5?s=96&d=mm&r=g","caption":"Comunicaci\u00f3n Motif"},"url":"https:\/\/www.motif.es\/blog\/author\/comunicacion\/"}]}},"_links":{"self":[{"href":"https:\/\/www.motif.es\/blog\/wp-json\/wp\/v2\/posts\/3240","targetHints":{"allow":["GET"]}}],"collection":[{"href":"https:\/\/www.motif.es\/blog\/wp-json\/wp\/v2\/posts"}],"about":[{"href":"https:\/\/www.motif.es\/blog\/wp-json\/wp\/v2\/types\/post"}],"author":[{"embeddable":true,"href":"https:\/\/www.motif.es\/blog\/wp-json\/wp\/v2\/users\/2"}],"replies":[{"embeddable":true,"href":"https:\/\/www.motif.es\/blog\/wp-json\/wp\/v2\/comments?post=3240"}],"version-history":[{"count":1,"href":"https:\/\/www.motif.es\/blog\/wp-json\/wp\/v2\/posts\/3240\/revisions"}],"predecessor-version":[{"id":3245,"href":"https:\/\/www.motif.es\/blog\/wp-json\/wp\/v2\/posts\/3240\/revisions\/3245"}],"wp:featuredmedia":[{"embeddable":true,"href":"https:\/\/www.motif.es\/blog\/wp-json\/wp\/v2\/media\/3241"}],"wp:attachment":[{"href":"https:\/\/www.motif.es\/blog\/wp-json\/wp\/v2\/media?parent=3240"}],"wp:term":[{"taxonomy":"category","embeddable":true,"href":"https:\/\/www.motif.es\/blog\/wp-json\/wp\/v2\/categories?post=3240"},{"taxonomy":"post_tag","embeddable":true,"href":"https:\/\/www.motif.es\/blog\/wp-json\/wp\/v2\/tags?post=3240"}],"curies":[{"name":"wp","href":"https:\/\/api.w.org\/{rel}","templated":true}]}}