{"id":3316,"date":"2025-11-07T12:36:04","date_gmt":"2025-11-07T12:36:04","guid":{"rendered":"https:\/\/www.motif.es\/blog\/?p=3316"},"modified":"2025-11-10T12:48:05","modified_gmt":"2025-11-10T12:48:05","slug":"la-tendencia-de-decoracion-que-arrasa-este-otono-acogedora-elegante-y-muy-facil-de-aplicar","status":"publish","type":"post","link":"https:\/\/www.motif.es\/blog\/la-tendencia-de-decoracion-que-arrasa-este-otono-acogedora-elegante-y-muy-facil-de-aplicar\/","title":{"rendered":"La tendencia de decoraci\u00f3n que arrasa este oto\u00f1o: acogedora, elegante y muy f\u00e1cil de aplicar"},"content":{"rendered":"<p>El oto\u00f1o siempre invita a quedarse m\u00e1s en casa, y este a\u00f1o la decoraci\u00f3n sigue ese mismo impulso: crear espacios que se sientan c\u00e1lidos, agradables y reales. Seg\u00fan revistas como <a href=\"https:\/\/www.revistaad.es\/\" target=\"_blank\" rel=\"noopener\">AD Espa\u00f1a<\/a> o <a href=\"https:\/\/www.elmueble.com\/\" target=\"_blank\" rel=\"noopener\">El Mueble<\/a>, <strong>las tendencias de 2025 apuestan por ambientes que transmiten calma<\/strong>, con colores inspirados en la naturaleza, materiales aut\u00e9nticos y un toque de elegancia sencilla que no exige grandes reformas.<\/p>\n<h5>Colores que abrigan<\/h5>\n<p>La paleta de la temporada gira en torno a los tonos tierra, los matices c\u00e1lidos y los verdes apagados. Marrones suaves, ocres, terracotas o beige con fondo gris son los protagonistas. Son colores que dan sensaci\u00f3n de abrigo y funcionan bien en cualquier estancia. Un <strong>papel pintado con textura natural o un vinilo de imitaci\u00f3n madera<\/strong> puede transformar por completo un espacio sin necesidad de pintar ni hacer obras.<\/p>\n<p>En MOTIF, los papeles con efecto lino o fibras vegetales son una forma sencilla de seguir esta l\u00ednea. Funcionan tanto en un sal\u00f3n como en un dormitorio y ayudan a crear ese ambiente envolvente que ahora domina las tendencias.<\/p>\n<p style=\"text-align: center;\"><img loading=\"lazy\" decoding=\"async\" class=\"alignnone size-full wp-image-3317\" src=\"https:\/\/www.motif.es\/blog\/wp-content\/uploads\/2025\/11\/2000-2000-max.jpg\" alt=\"\" width=\"2000\" height=\"2000\" srcset=\"https:\/\/www.motif.es\/blog\/wp-content\/uploads\/2025\/11\/2000-2000-max.jpg 2000w, https:\/\/www.motif.es\/blog\/wp-content\/uploads\/2025\/11\/2000-2000-max-300x300.jpg 300w, https:\/\/www.motif.es\/blog\/wp-content\/uploads\/2025\/11\/2000-2000-max-1024x1024.jpg 1024w, https:\/\/www.motif.es\/blog\/wp-content\/uploads\/2025\/11\/2000-2000-max-150x150.jpg 150w, https:\/\/www.motif.es\/blog\/wp-content\/uploads\/2025\/11\/2000-2000-max-768x768.jpg 768w, https:\/\/www.motif.es\/blog\/wp-content\/uploads\/2025\/11\/2000-2000-max-1536x1536.jpg 1536w, https:\/\/www.motif.es\/blog\/wp-content\/uploads\/2025\/11\/2000-2000-max-1200x1200.jpg 1200w, https:\/\/www.motif.es\/blog\/wp-content\/uploads\/2025\/11\/2000-2000-max-1980x1980.jpg 1980w, https:\/\/www.motif.es\/blog\/wp-content\/uploads\/2025\/11\/2000-2000-max-400x400.jpg 400w\" sizes=\"auto, (max-width: 2000px) 100vw, 2000px\" \/><\/p>\n<p>&nbsp;<\/p>\n<p style=\"text-align: center;\"><em>Laminas decorativas para pared: Flower ends, vinilo Cannage blanco para muebles y papel pintaro Balma Topo de MOTIF<\/em><\/p>\n<h5>Texturas que invitan a quedarse<\/h5>\n<p>Otro de los ejes de esta temporada son las texturas. Los interiores buscan ser m\u00e1s t\u00e1ctiles: tejidos gruesos, superficies que se notan al pasar la mano, suelos o paredes con presencia visual. <strong>Las alfombras vin\u00edlicas son perfectas<\/strong> para conseguirlo, porque aportan sensaci\u00f3n de confort sin complicaciones. Adem\u00e1s, su mantenimiento es m\u00ednimo y hay dise\u00f1os con patrones geom\u00e9tricos o motivos cl\u00e1sicos reinterpretados que encajan con este estilo oto\u00f1al.<\/p>\n<p style=\"text-align: center;\"><img loading=\"lazy\" decoding=\"async\" class=\"alignnone size-full wp-image-3318\" src=\"https:\/\/www.motif.es\/blog\/wp-content\/uploads\/2025\/11\/alfombra-vinilica-caly.jpg\" alt=\"\" width=\"1000\" height=\"1000\" srcset=\"https:\/\/www.motif.es\/blog\/wp-content\/uploads\/2025\/11\/alfombra-vinilica-caly.jpg 1000w, https:\/\/www.motif.es\/blog\/wp-content\/uploads\/2025\/11\/alfombra-vinilica-caly-300x300.jpg 300w, https:\/\/www.motif.es\/blog\/wp-content\/uploads\/2025\/11\/alfombra-vinilica-caly-150x150.jpg 150w, https:\/\/www.motif.es\/blog\/wp-content\/uploads\/2025\/11\/alfombra-vinilica-caly-768x768.jpg 768w, https:\/\/www.motif.es\/blog\/wp-content\/uploads\/2025\/11\/alfombra-vinilica-caly-400x400.jpg 400w\" sizes=\"auto, (max-width: 1000px) 100vw, 1000px\" \/><\/p>\n<p style=\"text-align: center;\"><em>Alfombra vin\u00edlica Caly<\/em><\/p>\n<p style=\"text-align: center;\"><img loading=\"lazy\" decoding=\"async\" class=\"alignnone size-full wp-image-3319\" src=\"https:\/\/www.motif.es\/blog\/wp-content\/uploads\/2025\/11\/alfombra-vinilica-valencia.jpg\" alt=\"\" width=\"1000\" height=\"1000\" srcset=\"https:\/\/www.motif.es\/blog\/wp-content\/uploads\/2025\/11\/alfombra-vinilica-valencia.jpg 1000w, https:\/\/www.motif.es\/blog\/wp-content\/uploads\/2025\/11\/alfombra-vinilica-valencia-300x300.jpg 300w, https:\/\/www.motif.es\/blog\/wp-content\/uploads\/2025\/11\/alfombra-vinilica-valencia-150x150.jpg 150w, https:\/\/www.motif.es\/blog\/wp-content\/uploads\/2025\/11\/alfombra-vinilica-valencia-768x768.jpg 768w, https:\/\/www.motif.es\/blog\/wp-content\/uploads\/2025\/11\/alfombra-vinilica-valencia-400x400.jpg 400w\" sizes=\"auto, (max-width: 1000px) 100vw, 1000px\" \/><\/p>\n<p style=\"text-align: center;\"><a href=\"https:\/\/www.motif.es\/alfombras-vinilicas\/234-alfombra-vinilica-valencia.html?utm_source=chatgpt.com\" target=\"_blank\" rel=\"noopener\"><em>Alfombra vin\u00edlica Valencia<\/em><\/a><\/p>\n<h5>Elegancia sencilla y pr\u00e1ctica<\/h5>\n<p>La decoraci\u00f3n actual no busca impresionar, sino acompa\u00f1ar. La clave est\u00e1 en peque\u00f1os cambios con mucho efecto visual: un <strong>vinilo con dise\u00f1o gr\u00e1fico<\/strong> en una pared lisa, <strong>una alfombra vin\u00edlica que defina una zona del sal\u00f3n o un papel pintado que aporte profundidad<\/strong>. Todo sin obras, sin polvo y con la posibilidad de retirarlo cuando quieras cambiar.<\/p>\n<p>Los vinilos autoadhesivos de MOTIF permiten aplicar esta tendencia de forma r\u00e1pida. Los hay con acabados marmoleados, de madera oscura o con dibujos suaves que aportan ese punto de distinci\u00f3n sin perder naturalidad.<\/p>\n<h5>Un oto\u00f1o que se vive en casa<\/h5>\n<p>La<strong> decoraci\u00f3n de este oto\u00f1o<\/strong> no busca un cambio total, sino un ajuste que haga m\u00e1s confortable cualquier estancia. Una casa c\u00e1lida no se define por lo que tiene, sino por c\u00f3mo se siente. Y ah\u00ed, los materiales, los colores y los peque\u00f1os detalles son los que marcan la diferencia.<\/p>\n<p>Si te apetece renovar, empieza por un rinc\u00f3n: una pared con papel pintado, una alfombra vin\u00edlica bajo la mesa o un mueble cubierto con vinilo decorativo. Son gestos sencillos, pero suficientes para que el oto\u00f1o tambi\u00e9n se note en casa.<\/p>\n","protected":false},"excerpt":{"rendered":"<p>El oto\u00f1o siempre invita a quedarse m\u00e1s en casa, y este a\u00f1o la decoraci\u00f3n sigue ese mismo impulso: crear espacios que se sientan c\u00e1lidos, agradables y reales. Seg\u00fan revistas como AD Espa\u00f1a o El Mueble, las tendencias de 2025 apuestan por ambientes que transmiten calma, con colores inspirados en la naturaleza, materiales aut\u00e9nticos y un [&#8230;]<\/p>\n","protected":false},"author":2,"featured_media":3319,"comment_status":"open","ping_status":"open","sticky":false,"template":"","format":"standard","meta":{"_acf_changed":false,"footnotes":""},"categories":[9,8,5],"tags":[],"class_list":["post-3316","post","type-post","status-publish","format-standard","has-post-thumbnail","hentry","category-inspirate","category-sobre-alfombras-vinilicas","category-sobre-papeles-pintados"],"acf":[],"yoast_head":"<!-- This site is optimized with the Yoast SEO plugin v27.5 - https:\/\/yoast.com\/product\/yoast-seo-wordpress\/ -->\n<title>La tendencia de decoraci\u00f3n que arrasa este oto\u00f1o: acogedora, elegante y muy f\u00e1cil de aplicar - Blog Motif<\/title>\n<meta name=\"description\" content=\"El oto\u00f1o siempre invita a quedarse m\u00e1s en casa, y este a\u00f1o la decoraci\u00f3n sigue ese mismo impulso: crear espacios que se sientan c\u00e1lidos, agradables y\" \/>\n<meta name=\"robots\" content=\"index, follow, max-snippet:-1, max-image-preview:large, max-video-preview:-1\" \/>\n<link rel=\"canonical\" href=\"https:\/\/www.motif.es\/blog\/la-tendencia-de-decoracion-que-arrasa-este-otono-acogedora-elegante-y-muy-facil-de-aplicar\/\" \/>\n<meta property=\"og:locale\" content=\"es_ES\" \/>\n<meta property=\"og:type\" content=\"article\" \/>\n<meta property=\"og:title\" content=\"La tendencia de decoraci\u00f3n que arrasa este oto\u00f1o: acogedora, elegante y muy f\u00e1cil de aplicar - Blog Motif\" \/>\n<meta property=\"og:description\" content=\"El oto\u00f1o siempre invita a quedarse m\u00e1s en casa, y este a\u00f1o la decoraci\u00f3n sigue ese mismo impulso: crear espacios que se sientan c\u00e1lidos, agradables y\" \/>\n<meta property=\"og:url\" content=\"https:\/\/www.motif.es\/blog\/la-tendencia-de-decoracion-que-arrasa-este-otono-acogedora-elegante-y-muy-facil-de-aplicar\/\" \/>\n<meta property=\"og:site_name\" content=\"Blog Motif\" \/>\n<meta property=\"article:publisher\" content=\"https:\/\/www.facebook.com\/motifmorethanwalls\/\" \/>\n<meta property=\"article:published_time\" content=\"2025-11-07T12:36:04+00:00\" \/>\n<meta property=\"article:modified_time\" content=\"2025-11-10T12:48:05+00:00\" \/>\n<meta property=\"og:image\" content=\"https:\/\/www.motif.es\/blog\/wp-content\/uploads\/2025\/11\/alfombra-vinilica-valencia.jpg\" \/>\n\t<meta property=\"og:image:width\" content=\"1000\" \/>\n\t<meta property=\"og:image:height\" content=\"1000\" \/>\n\t<meta property=\"og:image:type\" content=\"image\/jpeg\" \/>\n<meta name=\"author\" content=\"Comunicaci\u00f3n Motif\" \/>\n<meta name=\"twitter:card\" content=\"summary_large_image\" \/>\n<meta name=\"twitter:label1\" content=\"Escrito por\" \/>\n\t<meta name=\"twitter:data1\" content=\"Comunicaci\u00f3n Motif\" \/>\n\t<meta name=\"twitter:label2\" content=\"Tiempo de lectura\" \/>\n\t<meta name=\"twitter:data2\" content=\"3 minutos\" \/>\n<script type=\"application\/ld+json\" class=\"yoast-schema-graph\">{\"@context\":\"https:\\\/\\\/schema.org\",\"@graph\":[{\"@type\":\"Article\",\"@id\":\"https:\\\/\\\/www.motif.es\\\/blog\\\/la-tendencia-de-decoracion-que-arrasa-este-otono-acogedora-elegante-y-muy-facil-de-aplicar\\\/#article\",\"isPartOf\":{\"@id\":\"https:\\\/\\\/www.motif.es\\\/blog\\\/la-tendencia-de-decoracion-que-arrasa-este-otono-acogedora-elegante-y-muy-facil-de-aplicar\\\/\"},\"author\":{\"name\":\"Comunicaci\u00f3n Motif\",\"@id\":\"https:\\\/\\\/www.motif.es\\\/blog\\\/#\\\/schema\\\/person\\\/aac26ed80d8e02fb9525ec6b569d75e9\"},\"headline\":\"La tendencia de decoraci\u00f3n que arrasa este oto\u00f1o: acogedora, elegante y muy f\u00e1cil de aplicar\",\"datePublished\":\"2025-11-07T12:36:04+00:00\",\"dateModified\":\"2025-11-10T12:48:05+00:00\",\"mainEntityOfPage\":{\"@id\":\"https:\\\/\\\/www.motif.es\\\/blog\\\/la-tendencia-de-decoracion-que-arrasa-este-otono-acogedora-elegante-y-muy-facil-de-aplicar\\\/\"},\"wordCount\":526,\"commentCount\":0,\"publisher\":{\"@id\":\"https:\\\/\\\/www.motif.es\\\/blog\\\/#organization\"},\"image\":{\"@id\":\"https:\\\/\\\/www.motif.es\\\/blog\\\/la-tendencia-de-decoracion-que-arrasa-este-otono-acogedora-elegante-y-muy-facil-de-aplicar\\\/#primaryimage\"},\"thumbnailUrl\":\"https:\\\/\\\/www.motif.es\\\/blog\\\/wp-content\\\/uploads\\\/2025\\\/11\\\/alfombra-vinilica-valencia.jpg\",\"articleSection\":[\"insp\u00edrate\",\"sobre alfombras vin\u00edlicas\",\"sobre papeles pintados\"],\"inLanguage\":\"es\",\"potentialAction\":[{\"@type\":\"CommentAction\",\"name\":\"Comment\",\"target\":[\"https:\\\/\\\/www.motif.es\\\/blog\\\/la-tendencia-de-decoracion-que-arrasa-este-otono-acogedora-elegante-y-muy-facil-de-aplicar\\\/#respond\"]}]},{\"@type\":\"WebPage\",\"@id\":\"https:\\\/\\\/www.motif.es\\\/blog\\\/la-tendencia-de-decoracion-que-arrasa-este-otono-acogedora-elegante-y-muy-facil-de-aplicar\\\/\",\"url\":\"https:\\\/\\\/www.motif.es\\\/blog\\\/la-tendencia-de-decoracion-que-arrasa-este-otono-acogedora-elegante-y-muy-facil-de-aplicar\\\/\",\"name\":\"La tendencia de decoraci\u00f3n que arrasa este oto\u00f1o: acogedora, elegante y muy f\u00e1cil de aplicar - Blog Motif\",\"isPartOf\":{\"@id\":\"https:\\\/\\\/www.motif.es\\\/blog\\\/#website\"},\"primaryImageOfPage\":{\"@id\":\"https:\\\/\\\/www.motif.es\\\/blog\\\/la-tendencia-de-decoracion-que-arrasa-este-otono-acogedora-elegante-y-muy-facil-de-aplicar\\\/#primaryimage\"},\"image\":{\"@id\":\"https:\\\/\\\/www.motif.es\\\/blog\\\/la-tendencia-de-decoracion-que-arrasa-este-otono-acogedora-elegante-y-muy-facil-de-aplicar\\\/#primaryimage\"},\"thumbnailUrl\":\"https:\\\/\\\/www.motif.es\\\/blog\\\/wp-content\\\/uploads\\\/2025\\\/11\\\/alfombra-vinilica-valencia.jpg\",\"datePublished\":\"2025-11-07T12:36:04+00:00\",\"dateModified\":\"2025-11-10T12:48:05+00:00\",\"description\":\"El oto\u00f1o siempre invita a quedarse m\u00e1s en casa, y este a\u00f1o la decoraci\u00f3n sigue ese mismo impulso: crear espacios que se sientan c\u00e1lidos, agradables y\",\"breadcrumb\":{\"@id\":\"https:\\\/\\\/www.motif.es\\\/blog\\\/la-tendencia-de-decoracion-que-arrasa-este-otono-acogedora-elegante-y-muy-facil-de-aplicar\\\/#breadcrumb\"},\"inLanguage\":\"es\",\"potentialAction\":[{\"@type\":\"ReadAction\",\"target\":[\"https:\\\/\\\/www.motif.es\\\/blog\\\/la-tendencia-de-decoracion-que-arrasa-este-otono-acogedora-elegante-y-muy-facil-de-aplicar\\\/\"]}]},{\"@type\":\"ImageObject\",\"inLanguage\":\"es\",\"@id\":\"https:\\\/\\\/www.motif.es\\\/blog\\\/la-tendencia-de-decoracion-que-arrasa-este-otono-acogedora-elegante-y-muy-facil-de-aplicar\\\/#primaryimage\",\"url\":\"https:\\\/\\\/www.motif.es\\\/blog\\\/wp-content\\\/uploads\\\/2025\\\/11\\\/alfombra-vinilica-valencia.jpg\",\"contentUrl\":\"https:\\\/\\\/www.motif.es\\\/blog\\\/wp-content\\\/uploads\\\/2025\\\/11\\\/alfombra-vinilica-valencia.jpg\",\"width\":1000,\"height\":1000},{\"@type\":\"BreadcrumbList\",\"@id\":\"https:\\\/\\\/www.motif.es\\\/blog\\\/la-tendencia-de-decoracion-que-arrasa-este-otono-acogedora-elegante-y-muy-facil-de-aplicar\\\/#breadcrumb\",\"itemListElement\":[{\"@type\":\"ListItem\",\"position\":1,\"name\":\"Blog\",\"item\":\"https:\\\/\\\/www.motif.es\\\/blog\\\/\"},{\"@type\":\"ListItem\",\"position\":2,\"name\":\"insp\u00edrate\",\"item\":\"https:\\\/\\\/www.motif.es\\\/blog\\\/category\\\/inspirate\\\/\"},{\"@type\":\"ListItem\",\"position\":3,\"name\":\"La tendencia de decoraci\u00f3n que arrasa este oto\u00f1o: acogedora, elegante y muy f\u00e1cil de aplicar\"}]},{\"@type\":\"WebSite\",\"@id\":\"https:\\\/\\\/www.motif.es\\\/blog\\\/#website\",\"url\":\"https:\\\/\\\/www.motif.es\\\/blog\\\/\",\"name\":\"Blog Motif\",\"description\":\"nuestro rinc\u00f3n para inspirarte\",\"publisher\":{\"@id\":\"https:\\\/\\\/www.motif.es\\\/blog\\\/#organization\"},\"potentialAction\":[{\"@type\":\"SearchAction\",\"target\":{\"@type\":\"EntryPoint\",\"urlTemplate\":\"https:\\\/\\\/www.motif.es\\\/blog\\\/?s={search_term_string}\"},\"query-input\":{\"@type\":\"PropertyValueSpecification\",\"valueRequired\":true,\"valueName\":\"search_term_string\"}}],\"inLanguage\":\"es\"},{\"@type\":\"Organization\",\"@id\":\"https:\\\/\\\/www.motif.es\\\/blog\\\/#organization\",\"name\":\"Motif Wallpapers S.L.U.\",\"url\":\"https:\\\/\\\/www.motif.es\\\/blog\\\/\",\"logo\":{\"@type\":\"ImageObject\",\"inLanguage\":\"es\",\"@id\":\"https:\\\/\\\/www.motif.es\\\/blog\\\/#\\\/schema\\\/logo\\\/image\\\/\",\"url\":\"https:\\\/\\\/motif.es\\\/blog\\\/wp-content\\\/uploads\\\/2021\\\/06\\\/logo-motif.jpg\",\"contentUrl\":\"https:\\\/\\\/motif.es\\\/blog\\\/wp-content\\\/uploads\\\/2021\\\/06\\\/logo-motif.jpg\",\"width\":464,\"height\":464,\"caption\":\"Motif Wallpapers S.L.U.\"},\"image\":{\"@id\":\"https:\\\/\\\/www.motif.es\\\/blog\\\/#\\\/schema\\\/logo\\\/image\\\/\"},\"sameAs\":[\"https:\\\/\\\/www.facebook.com\\\/motifmorethanwalls\\\/\",\"https:\\\/\\\/www.instagram.com\\\/motif_es\\\/?hl=es\",\"https:\\\/\\\/www.pinterest.es\\\/motifwallpapers\\\/\",\"https:\\\/\\\/www.youtube.com\\\/channel\\\/UCNaOmbxD6LjcQNj4vmfVIUg\"]},{\"@type\":\"Person\",\"@id\":\"https:\\\/\\\/www.motif.es\\\/blog\\\/#\\\/schema\\\/person\\\/aac26ed80d8e02fb9525ec6b569d75e9\",\"name\":\"Comunicaci\u00f3n Motif\",\"image\":{\"@type\":\"ImageObject\",\"inLanguage\":\"es\",\"@id\":\"https:\\\/\\\/secure.gravatar.com\\\/avatar\\\/93b2fb49a03bd7a57b5f5e8c3b740113f14f25da86b090887d9353672de2d9b5?s=96&d=mm&r=g\",\"url\":\"https:\\\/\\\/secure.gravatar.com\\\/avatar\\\/93b2fb49a03bd7a57b5f5e8c3b740113f14f25da86b090887d9353672de2d9b5?s=96&d=mm&r=g\",\"contentUrl\":\"https:\\\/\\\/secure.gravatar.com\\\/avatar\\\/93b2fb49a03bd7a57b5f5e8c3b740113f14f25da86b090887d9353672de2d9b5?s=96&d=mm&r=g\",\"caption\":\"Comunicaci\u00f3n Motif\"},\"url\":\"https:\\\/\\\/www.motif.es\\\/blog\\\/author\\\/comunicacion\\\/\"}]}<\/script>\n<!-- \/ Yoast SEO plugin. -->","yoast_head_json":{"title":"La tendencia de decoraci\u00f3n que arrasa este oto\u00f1o: acogedora, elegante y muy f\u00e1cil de aplicar - Blog Motif","description":"El oto\u00f1o siempre invita a quedarse m\u00e1s en casa, y este a\u00f1o la decoraci\u00f3n sigue ese mismo impulso: crear espacios que se sientan c\u00e1lidos, agradables y","robots":{"index":"index","follow":"follow","max-snippet":"max-snippet:-1","max-image-preview":"max-image-preview:large","max-video-preview":"max-video-preview:-1"},"canonical":"https:\/\/www.motif.es\/blog\/la-tendencia-de-decoracion-que-arrasa-este-otono-acogedora-elegante-y-muy-facil-de-aplicar\/","og_locale":"es_ES","og_type":"article","og_title":"La tendencia de decoraci\u00f3n que arrasa este oto\u00f1o: acogedora, elegante y muy f\u00e1cil de aplicar - Blog Motif","og_description":"El oto\u00f1o siempre invita a quedarse m\u00e1s en casa, y este a\u00f1o la decoraci\u00f3n sigue ese mismo impulso: crear espacios que se sientan c\u00e1lidos, agradables y","og_url":"https:\/\/www.motif.es\/blog\/la-tendencia-de-decoracion-que-arrasa-este-otono-acogedora-elegante-y-muy-facil-de-aplicar\/","og_site_name":"Blog Motif","article_publisher":"https:\/\/www.facebook.com\/motifmorethanwalls\/","article_published_time":"2025-11-07T12:36:04+00:00","article_modified_time":"2025-11-10T12:48:05+00:00","og_image":[{"width":1000,"height":1000,"url":"https:\/\/www.motif.es\/blog\/wp-content\/uploads\/2025\/11\/alfombra-vinilica-valencia.jpg","type":"image\/jpeg"}],"author":"Comunicaci\u00f3n Motif","twitter_card":"summary_large_image","twitter_misc":{"Escrito por":"Comunicaci\u00f3n Motif","Tiempo de lectura":"3 minutos"},"schema":{"@context":"https:\/\/schema.org","@graph":[{"@type":"Article","@id":"https:\/\/www.motif.es\/blog\/la-tendencia-de-decoracion-que-arrasa-este-otono-acogedora-elegante-y-muy-facil-de-aplicar\/#article","isPartOf":{"@id":"https:\/\/www.motif.es\/blog\/la-tendencia-de-decoracion-que-arrasa-este-otono-acogedora-elegante-y-muy-facil-de-aplicar\/"},"author":{"name":"Comunicaci\u00f3n Motif","@id":"https:\/\/www.motif.es\/blog\/#\/schema\/person\/aac26ed80d8e02fb9525ec6b569d75e9"},"headline":"La tendencia de decoraci\u00f3n que arrasa este oto\u00f1o: acogedora, elegante y muy f\u00e1cil de aplicar","datePublished":"2025-11-07T12:36:04+00:00","dateModified":"2025-11-10T12:48:05+00:00","mainEntityOfPage":{"@id":"https:\/\/www.motif.es\/blog\/la-tendencia-de-decoracion-que-arrasa-este-otono-acogedora-elegante-y-muy-facil-de-aplicar\/"},"wordCount":526,"commentCount":0,"publisher":{"@id":"https:\/\/www.motif.es\/blog\/#organization"},"image":{"@id":"https:\/\/www.motif.es\/blog\/la-tendencia-de-decoracion-que-arrasa-este-otono-acogedora-elegante-y-muy-facil-de-aplicar\/#primaryimage"},"thumbnailUrl":"https:\/\/www.motif.es\/blog\/wp-content\/uploads\/2025\/11\/alfombra-vinilica-valencia.jpg","articleSection":["insp\u00edrate","sobre alfombras vin\u00edlicas","sobre papeles pintados"],"inLanguage":"es","potentialAction":[{"@type":"CommentAction","name":"Comment","target":["https:\/\/www.motif.es\/blog\/la-tendencia-de-decoracion-que-arrasa-este-otono-acogedora-elegante-y-muy-facil-de-aplicar\/#respond"]}]},{"@type":"WebPage","@id":"https:\/\/www.motif.es\/blog\/la-tendencia-de-decoracion-que-arrasa-este-otono-acogedora-elegante-y-muy-facil-de-aplicar\/","url":"https:\/\/www.motif.es\/blog\/la-tendencia-de-decoracion-que-arrasa-este-otono-acogedora-elegante-y-muy-facil-de-aplicar\/","name":"La tendencia de decoraci\u00f3n que arrasa este oto\u00f1o: acogedora, elegante y muy f\u00e1cil de aplicar - Blog Motif","isPartOf":{"@id":"https:\/\/www.motif.es\/blog\/#website"},"primaryImageOfPage":{"@id":"https:\/\/www.motif.es\/blog\/la-tendencia-de-decoracion-que-arrasa-este-otono-acogedora-elegante-y-muy-facil-de-aplicar\/#primaryimage"},"image":{"@id":"https:\/\/www.motif.es\/blog\/la-tendencia-de-decoracion-que-arrasa-este-otono-acogedora-elegante-y-muy-facil-de-aplicar\/#primaryimage"},"thumbnailUrl":"https:\/\/www.motif.es\/blog\/wp-content\/uploads\/2025\/11\/alfombra-vinilica-valencia.jpg","datePublished":"2025-11-07T12:36:04+00:00","dateModified":"2025-11-10T12:48:05+00:00","description":"El oto\u00f1o siempre invita a quedarse m\u00e1s en casa, y este a\u00f1o la decoraci\u00f3n sigue ese mismo impulso: crear espacios que se sientan c\u00e1lidos, agradables y","breadcrumb":{"@id":"https:\/\/www.motif.es\/blog\/la-tendencia-de-decoracion-que-arrasa-este-otono-acogedora-elegante-y-muy-facil-de-aplicar\/#breadcrumb"},"inLanguage":"es","potentialAction":[{"@type":"ReadAction","target":["https:\/\/www.motif.es\/blog\/la-tendencia-de-decoracion-que-arrasa-este-otono-acogedora-elegante-y-muy-facil-de-aplicar\/"]}]},{"@type":"ImageObject","inLanguage":"es","@id":"https:\/\/www.motif.es\/blog\/la-tendencia-de-decoracion-que-arrasa-este-otono-acogedora-elegante-y-muy-facil-de-aplicar\/#primaryimage","url":"https:\/\/www.motif.es\/blog\/wp-content\/uploads\/2025\/11\/alfombra-vinilica-valencia.jpg","contentUrl":"https:\/\/www.motif.es\/blog\/wp-content\/uploads\/2025\/11\/alfombra-vinilica-valencia.jpg","width":1000,"height":1000},{"@type":"BreadcrumbList","@id":"https:\/\/www.motif.es\/blog\/la-tendencia-de-decoracion-que-arrasa-este-otono-acogedora-elegante-y-muy-facil-de-aplicar\/#breadcrumb","itemListElement":[{"@type":"ListItem","position":1,"name":"Blog","item":"https:\/\/www.motif.es\/blog\/"},{"@type":"ListItem","position":2,"name":"insp\u00edrate","item":"https:\/\/www.motif.es\/blog\/category\/inspirate\/"},{"@type":"ListItem","position":3,"name":"La tendencia de decoraci\u00f3n que arrasa este oto\u00f1o: acogedora, elegante y muy f\u00e1cil de aplicar"}]},{"@type":"WebSite","@id":"https:\/\/www.motif.es\/blog\/#website","url":"https:\/\/www.motif.es\/blog\/","name":"Blog Motif","description":"nuestro rinc\u00f3n para inspirarte","publisher":{"@id":"https:\/\/www.motif.es\/blog\/#organization"},"potentialAction":[{"@type":"SearchAction","target":{"@type":"EntryPoint","urlTemplate":"https:\/\/www.motif.es\/blog\/?s={search_term_string}"},"query-input":{"@type":"PropertyValueSpecification","valueRequired":true,"valueName":"search_term_string"}}],"inLanguage":"es"},{"@type":"Organization","@id":"https:\/\/www.motif.es\/blog\/#organization","name":"Motif Wallpapers S.L.U.","url":"https:\/\/www.motif.es\/blog\/","logo":{"@type":"ImageObject","inLanguage":"es","@id":"https:\/\/www.motif.es\/blog\/#\/schema\/logo\/image\/","url":"https:\/\/motif.es\/blog\/wp-content\/uploads\/2021\/06\/logo-motif.jpg","contentUrl":"https:\/\/motif.es\/blog\/wp-content\/uploads\/2021\/06\/logo-motif.jpg","width":464,"height":464,"caption":"Motif Wallpapers S.L.U."},"image":{"@id":"https:\/\/www.motif.es\/blog\/#\/schema\/logo\/image\/"},"sameAs":["https:\/\/www.facebook.com\/motifmorethanwalls\/","https:\/\/www.instagram.com\/motif_es\/?hl=es","https:\/\/www.pinterest.es\/motifwallpapers\/","https:\/\/www.youtube.com\/channel\/UCNaOmbxD6LjcQNj4vmfVIUg"]},{"@type":"Person","@id":"https:\/\/www.motif.es\/blog\/#\/schema\/person\/aac26ed80d8e02fb9525ec6b569d75e9","name":"Comunicaci\u00f3n Motif","image":{"@type":"ImageObject","inLanguage":"es","@id":"https:\/\/secure.gravatar.com\/avatar\/93b2fb49a03bd7a57b5f5e8c3b740113f14f25da86b090887d9353672de2d9b5?s=96&d=mm&r=g","url":"https:\/\/secure.gravatar.com\/avatar\/93b2fb49a03bd7a57b5f5e8c3b740113f14f25da86b090887d9353672de2d9b5?s=96&d=mm&r=g","contentUrl":"https:\/\/secure.gravatar.com\/avatar\/93b2fb49a03bd7a57b5f5e8c3b740113f14f25da86b090887d9353672de2d9b5?s=96&d=mm&r=g","caption":"Comunicaci\u00f3n Motif"},"url":"https:\/\/www.motif.es\/blog\/author\/comunicacion\/"}]}},"_links":{"self":[{"href":"https:\/\/www.motif.es\/blog\/wp-json\/wp\/v2\/posts\/3316","targetHints":{"allow":["GET"]}}],"collection":[{"href":"https:\/\/www.motif.es\/blog\/wp-json\/wp\/v2\/posts"}],"about":[{"href":"https:\/\/www.motif.es\/blog\/wp-json\/wp\/v2\/types\/post"}],"author":[{"embeddable":true,"href":"https:\/\/www.motif.es\/blog\/wp-json\/wp\/v2\/users\/2"}],"replies":[{"embeddable":true,"href":"https:\/\/www.motif.es\/blog\/wp-json\/wp\/v2\/comments?post=3316"}],"version-history":[{"count":2,"href":"https:\/\/www.motif.es\/blog\/wp-json\/wp\/v2\/posts\/3316\/revisions"}],"predecessor-version":[{"id":3321,"href":"https:\/\/www.motif.es\/blog\/wp-json\/wp\/v2\/posts\/3316\/revisions\/3321"}],"wp:featuredmedia":[{"embeddable":true,"href":"https:\/\/www.motif.es\/blog\/wp-json\/wp\/v2\/media\/3319"}],"wp:attachment":[{"href":"https:\/\/www.motif.es\/blog\/wp-json\/wp\/v2\/media?parent=3316"}],"wp:term":[{"taxonomy":"category","embeddable":true,"href":"https:\/\/www.motif.es\/blog\/wp-json\/wp\/v2\/categories?post=3316"},{"taxonomy":"post_tag","embeddable":true,"href":"https:\/\/www.motif.es\/blog\/wp-json\/wp\/v2\/tags?post=3316"}],"curies":[{"name":"wp","href":"https:\/\/api.w.org\/{rel}","templated":true}]}}