{"id":3323,"date":"2025-11-14T11:50:00","date_gmt":"2025-11-14T11:50:00","guid":{"rendered":"https:\/\/www.motif.es\/blog\/?p=3323"},"modified":"2025-11-21T12:17:31","modified_gmt":"2025-11-21T12:17:31","slug":"los-colores-que-triunfan-ahora-en-cocinas-y-las-combinaciones-que-vienen-pisando-fuerte","status":"publish","type":"post","link":"https:\/\/www.motif.es\/blog\/los-colores-que-triunfan-ahora-en-cocinas-y-las-combinaciones-que-vienen-pisando-fuerte\/","title":{"rendered":"Los colores que triunfan ahora en cocinas y las combinaciones que vienen pisando fuerte"},"content":{"rendered":"<p data-start=\"298\" data-end=\"725\">Las cocinas adem\u00e1s de ser un espacio funcional, han pasado a ser una <strong>parte esencial del estilo de la casa<\/strong>. Y en ese cambio, el color est\u00e1 jugando un papel decisivo. No hace falta reformar, cambiar muebles o meterte en obras interminables para actualizarla. A veces, basta con introducir tonos que aporten calma, luz o personalidad, y ah\u00ed las <strong>soluciones decorativas adhesivas y vin\u00edlicas<\/strong> se han convertido en una herramienta muy agradecida.<\/p>\n<p data-start=\"727\" data-end=\"878\">Hoy repasamos los <strong>colores que est\u00e1n marcando tendencia<\/strong> y c\u00f3mo puedes integrarlos en tu cocina de forma r\u00e1pida y bonita con recursos f\u00e1ciles de aplicar.<\/p>\n<h5 data-start=\"885\" data-end=\"933\"><strong data-start=\"889\" data-end=\"933\">Verdes suaves: frescura sin estridencias<\/strong><\/h5>\n<p data-start=\"935\" data-end=\"1220\">El verde lleva tiempo subiendo posiciones, pero ahora lo hace en versiones mucho m\u00e1s calmadas. Los verdes suaves, ligeramente gris\u00e1ceos o con matices apagados, aportan sensaci\u00f3n de limpieza y amplitud sin resultar fr\u00edos. <strong>Funcionan especialmente bien en cocinas peque\u00f1as o con poca luz<\/strong>.<\/p>\n<p data-start=\"1222\" data-end=\"1548\">Una forma sencilla de incorporarlos es utilizarlos en zonas puntuales: una pared de apoyo, el lateral de una barra, un frente sin azulejo o incluso en tus muebles. Y para hacerlo sin renovar todo por completo, <strong>los murales y papeles autoadhesivos en tonos verdes suaves<\/strong> son una opci\u00f3n muy agradecida: crean un efecto fresco sin saturar y, adem\u00e1s, combinan muy bien con madera, blanco o toques met\u00e1licos c\u00e1lidos.<\/p>\n<p style=\"text-align: center;\" data-start=\"1222\" data-end=\"1548\"><img loading=\"lazy\" decoding=\"async\" class=\"alignnone size-full wp-image-3324\" src=\"https:\/\/www.motif.es\/blog\/wp-content\/uploads\/2025\/11\/vinilo-verde-salvia.jpg\" alt=\"\" width=\"1000\" height=\"1000\" srcset=\"https:\/\/www.motif.es\/blog\/wp-content\/uploads\/2025\/11\/vinilo-verde-salvia.jpg 1000w, https:\/\/www.motif.es\/blog\/wp-content\/uploads\/2025\/11\/vinilo-verde-salvia-300x300.jpg 300w, https:\/\/www.motif.es\/blog\/wp-content\/uploads\/2025\/11\/vinilo-verde-salvia-150x150.jpg 150w, https:\/\/www.motif.es\/blog\/wp-content\/uploads\/2025\/11\/vinilo-verde-salvia-768x768.jpg 768w, https:\/\/www.motif.es\/blog\/wp-content\/uploads\/2025\/11\/vinilo-verde-salvia-400x400.jpg 400w\" sizes=\"auto, (max-width: 1000px) 100vw, 1000px\" \/><\/p>\n<p style=\"text-align: center;\" data-start=\"1222\" data-end=\"1548\"><a href=\"https:\/\/www.motif.es\/vinilos-autoadhesivos\/20755-20885-vinilo-verde-salvia.html#\/21-tamano_vinilo_autoadhesivo-100x100_cm\/54-color-verde\/160-tipo_vinilo_autoadhesivo-premium\/161-acabado-mate\" target=\"_blank\" rel=\"noopener\"><em>Armario forrado con el vinilo Verde Salvia de MOTIF<\/em><\/a><\/p>\n<h5 style=\"text-align: center;\" data-start=\"1555\" data-end=\"1603\"><img loading=\"lazy\" decoding=\"async\" class=\"alignnone size-full wp-image-3325\" src=\"https:\/\/www.motif.es\/blog\/wp-content\/uploads\/2025\/11\/vinilo-feid-verde-mint-4.jpg\" alt=\"\" width=\"1000\" height=\"1000\" srcset=\"https:\/\/www.motif.es\/blog\/wp-content\/uploads\/2025\/11\/vinilo-feid-verde-mint-4.jpg 1000w, https:\/\/www.motif.es\/blog\/wp-content\/uploads\/2025\/11\/vinilo-feid-verde-mint-4-300x300.jpg 300w, https:\/\/www.motif.es\/blog\/wp-content\/uploads\/2025\/11\/vinilo-feid-verde-mint-4-150x150.jpg 150w, https:\/\/www.motif.es\/blog\/wp-content\/uploads\/2025\/11\/vinilo-feid-verde-mint-4-768x768.jpg 768w, https:\/\/www.motif.es\/blog\/wp-content\/uploads\/2025\/11\/vinilo-feid-verde-mint-4-400x400.jpg 400w\" sizes=\"auto, (max-width: 1000px) 100vw, 1000px\" \/><\/h5>\n<p style=\"text-align: center;\"><em>Vinilo Feid Verde Mint<\/em><\/p>\n<h5 data-start=\"1555\" data-end=\"1603\"><strong data-start=\"1559\" data-end=\"1603\">Terracotas y tostados: calidez inmediata<\/strong><\/h5>\n<p data-start=\"1605\" data-end=\"1822\"><strong>Los colores tierra o <a href=\"https:\/\/www.westwing.es\/inspiration\/tendencias\/colores-de-moda\/color-terracota\/#:~:text=El%20color%20terracota%20es%20una,y%20evitar%20sobrecargar%20los%20espacios.\" target=\"_blank\" rel=\"noopener\">terracota<\/a> siguen creciendo, especialmente en cocinas<\/strong> donde se busca un ambiente m\u00e1s c\u00e1lido y acogedor. Matices como terracota suave, arena, caf\u00e9 con leche o tejas muy claras aportan profundidad sin oscurecer.<\/p>\n<p data-start=\"1824\" data-end=\"2173\">Este tipo de tonos funciona genial en rincones donde quieres generar contraste: detr\u00e1s de una estanter\u00eda abierta, en el frontal de una zona de desayunos o en alg\u00fan pa\u00f1o de pared que ahora mismo sientas \u201cvac\u00edo\u201d. Adem\u00e1s, <strong>combinan muy bien con alfombras vin\u00edlicas<\/strong> en colores neutros que suavizan el conjunto y a\u00f1aden un punto decorativo sin restar luz.<\/p>\n<p style=\"text-align: center;\" data-start=\"1824\" data-end=\"2173\"><img loading=\"lazy\" decoding=\"async\" class=\"alignnone size-full wp-image-3326\" src=\"https:\/\/www.motif.es\/blog\/wp-content\/uploads\/2025\/11\/planificador-de-pared-menu-semanal-cam.jpg\" alt=\"\" width=\"1000\" height=\"1000\" srcset=\"https:\/\/www.motif.es\/blog\/wp-content\/uploads\/2025\/11\/planificador-de-pared-menu-semanal-cam.jpg 1000w, https:\/\/www.motif.es\/blog\/wp-content\/uploads\/2025\/11\/planificador-de-pared-menu-semanal-cam-300x300.jpg 300w, https:\/\/www.motif.es\/blog\/wp-content\/uploads\/2025\/11\/planificador-de-pared-menu-semanal-cam-150x150.jpg 150w, https:\/\/www.motif.es\/blog\/wp-content\/uploads\/2025\/11\/planificador-de-pared-menu-semanal-cam-768x768.jpg 768w, https:\/\/www.motif.es\/blog\/wp-content\/uploads\/2025\/11\/planificador-de-pared-menu-semanal-cam-400x400.jpg 400w\" sizes=\"auto, (max-width: 1000px) 100vw, 1000px\" \/><\/p>\n<p style=\"text-align: center;\" data-start=\"1824\" data-end=\"2173\"><em>Arco autoadhesivo KOTO, combinado con el <a href=\"https:\/\/www.motif.es\/planificadores-de-pared\/21434-29786-planificador-de-pared-menu-semanal-cam.html#\/53-color-azul\" target=\"_blank\" rel=\"noopener\">planificador men\u00fa semanal Calm<\/a><\/em><\/p>\n<h5 style=\"text-align: center;\" data-start=\"2180\" data-end=\"2241\"><img loading=\"lazy\" decoding=\"async\" class=\"alignnone size-full wp-image-3327\" src=\"https:\/\/www.motif.es\/blog\/wp-content\/uploads\/2025\/11\/alfombra-vinilica-wicker-4.jpg\" alt=\"\" width=\"1000\" height=\"1000\" srcset=\"https:\/\/www.motif.es\/blog\/wp-content\/uploads\/2025\/11\/alfombra-vinilica-wicker-4.jpg 1000w, https:\/\/www.motif.es\/blog\/wp-content\/uploads\/2025\/11\/alfombra-vinilica-wicker-4-300x300.jpg 300w, https:\/\/www.motif.es\/blog\/wp-content\/uploads\/2025\/11\/alfombra-vinilica-wicker-4-150x150.jpg 150w, https:\/\/www.motif.es\/blog\/wp-content\/uploads\/2025\/11\/alfombra-vinilica-wicker-4-768x768.jpg 768w, https:\/\/www.motif.es\/blog\/wp-content\/uploads\/2025\/11\/alfombra-vinilica-wicker-4-400x400.jpg 400w\" sizes=\"auto, (max-width: 1000px) 100vw, 1000px\" \/><\/h5>\n<p style=\"text-align: center;\"><em>Alfombra vin\u00edlica Wicker<\/em><\/p>\n<h5 data-start=\"2180\" data-end=\"2241\"><strong data-start=\"2184\" data-end=\"2241\">Grises c\u00e1lidos: el nuevo neutro que lo equilibra todo<\/strong><\/h5>\n<p data-start=\"2243\" data-end=\"2514\">El gris nunca se fue, pero ahora vuelve con versi\u00f3n c\u00e1lida, m\u00e1s suave, menos fr\u00eda. Es <strong>perfecto para quienes quieren una cocina actual sin probar colores demasiado atrevidos<\/strong>. Sirve de base, combina con absolutamente todo y aporta esa sensaci\u00f3n de orden que tanto buscamos.<\/p>\n<p data-start=\"2516\" data-end=\"2802\">Puedes introducirlo en bloques verticales si quieres equilibrar visualmente la estancia, o usarlo en murales con textura para dar un toque moderno sin necesidad de reformar. Tambi\u00e9n es un color que se lleva especialmente bien con tonalidades madera y con suelos vin\u00edlicos efecto piedra.<\/p>\n<h5 data-start=\"2809\" data-end=\"2861\"><strong data-start=\"2813\" data-end=\"2861\">Azules tranquilos: elegantes y muy luminosos<\/strong><\/h5>\n<p data-start=\"2863\" data-end=\"3111\">El azul sigue siendo un cl\u00e1sico en cocinas, pero los tonos que ahora marcan tendencia son los apagados, entre gris y azul. Son elegantes, f\u00e1ciles de combinar y aportan una calma sorprendente. Van bien en <strong>espacios modernos, mediterr\u00e1neos o n\u00f3rdicos.<\/strong><\/p>\n<p data-start=\"3113\" data-end=\"3369\">Puedes probarlo en un tramo de pared, en un falso cabecero detr\u00e1s de una mesa auxiliar o en un arco adhesivo que d\u00e9 un punto focal a una zona de uso frecuente, o incluso en el frontal de la cocina. Un azul suave colocado en el lugar adecuado hace que la cocina se sienta m\u00e1s cuidada y especial.<\/p>\n<p style=\"text-align: center;\" data-start=\"3113\" data-end=\"3369\"><img loading=\"lazy\" decoding=\"async\" class=\"alignnone size-full wp-image-3328\" src=\"https:\/\/www.motif.es\/blog\/wp-content\/uploads\/2025\/11\/vinilo-eixample.jpg\" alt=\"\" width=\"1000\" height=\"1000\" srcset=\"https:\/\/www.motif.es\/blog\/wp-content\/uploads\/2025\/11\/vinilo-eixample.jpg 1000w, https:\/\/www.motif.es\/blog\/wp-content\/uploads\/2025\/11\/vinilo-eixample-300x300.jpg 300w, https:\/\/www.motif.es\/blog\/wp-content\/uploads\/2025\/11\/vinilo-eixample-150x150.jpg 150w, https:\/\/www.motif.es\/blog\/wp-content\/uploads\/2025\/11\/vinilo-eixample-768x768.jpg 768w, https:\/\/www.motif.es\/blog\/wp-content\/uploads\/2025\/11\/vinilo-eixample-400x400.jpg 400w\" sizes=\"auto, (max-width: 1000px) 100vw, 1000px\" \/><\/p>\n<p style=\"text-align: center;\" data-start=\"3113\" data-end=\"3369\"><a href=\"https:\/\/www.motif.es\/vinilos-autoadhesivos\/20193-22424-vinilo-eixample.html#\/21-tamano_vinilo_autoadhesivo-100x100_cm\/53-color-azul\/160-tipo_vinilo_autoadhesivo-premium\/161-acabado-mate\" target=\"_blank\" rel=\"noopener\"><em>Vinilo Eixample de MOTIF<\/em><\/a><\/p>\n<h5 data-start=\"3376\" data-end=\"3439\"><strong data-start=\"3380\" data-end=\"3439\">Neutros c\u00e1lidos: la apuesta segura (pero nada aburrida)<\/strong><\/h5>\n<p data-start=\"3441\" data-end=\"3709\">Si quieres mantener la esencia de tu cocina pero darle un aire m\u00e1s fresco, los neutros c\u00e1lidos son una apuesta infalible. El beige ligero, el marfil o los blancos rotos aportan luz y homogeneidad, y son el lienzo perfecto para integrar detalles decorativos.<\/p>\n<p data-start=\"3711\" data-end=\"3970\">Aqu\u00ed funcionan especialmente bien las <strong>cenefas autoadhesivas o murales de l\u00edneas finas y tonos sutiles<\/strong>. Ayudan a dar ritmo a la pared sin saturar y aportan un acabado m\u00e1s pulido. Adem\u00e1s, son la opci\u00f3n perfecta si tienes muchos elementos de madera o encimera clara.<\/p>\n<p style=\"text-align: center;\" data-start=\"3711\" data-end=\"3970\"><img loading=\"lazy\" decoding=\"async\" class=\"alignnone size-full wp-image-3329\" src=\"https:\/\/www.motif.es\/blog\/wp-content\/uploads\/2025\/11\/pack-de-cenefas-dama-nut.jpg\" alt=\"\" width=\"1000\" height=\"1000\" srcset=\"https:\/\/www.motif.es\/blog\/wp-content\/uploads\/2025\/11\/pack-de-cenefas-dama-nut.jpg 1000w, https:\/\/www.motif.es\/blog\/wp-content\/uploads\/2025\/11\/pack-de-cenefas-dama-nut-300x300.jpg 300w, https:\/\/www.motif.es\/blog\/wp-content\/uploads\/2025\/11\/pack-de-cenefas-dama-nut-150x150.jpg 150w, https:\/\/www.motif.es\/blog\/wp-content\/uploads\/2025\/11\/pack-de-cenefas-dama-nut-768x768.jpg 768w, https:\/\/www.motif.es\/blog\/wp-content\/uploads\/2025\/11\/pack-de-cenefas-dama-nut-400x400.jpg 400w\" sizes=\"auto, (max-width: 1000px) 100vw, 1000px\" \/><\/p>\n<p style=\"text-align: center;\" data-start=\"3711\" data-end=\"3970\"><em>Cenefa Dama Nutt<\/em><\/p>\n<h5 data-start=\"3977\" data-end=\"4029\"><strong data-start=\"3981\" data-end=\"4029\">C\u00f3mo elegir el color adecuado para tu cocina<\/strong><\/h5>\n<p data-start=\"4031\" data-end=\"4366\">A la hora de decidir, piensa en dos cosas: la luz y el uso del espacio. <strong>Cocinas peque\u00f1as o interiores agradecen tonos suaves<\/strong> que ampl\u00eden visualmente; las m\u00e1s grandes permiten jugar con colores tierra o incluso con contrastes. Y si te da miedo cansarte, prueba primero en un pa\u00f1o peque\u00f1o o en una zona que no ocupe todo el campo visual.<\/p>\n<p data-start=\"4368\" data-end=\"4507\">Lo importante es que el color trabaje para ti: que aporte sensaci\u00f3n de orden, limpieza, amplitud o calidez seg\u00fan lo que tu cocina necesite.<\/p>\n","protected":false},"excerpt":{"rendered":"<p>Las cocinas adem\u00e1s de ser un espacio funcional, han pasado a ser una parte esencial del estilo de la casa. Y en ese cambio, el color est\u00e1 jugando un papel decisivo. No hace falta reformar, cambiar muebles o meterte en obras interminables para actualizarla. A veces, basta con introducir tonos que aporten calma, luz o [&#8230;]<\/p>\n","protected":false},"author":2,"featured_media":3324,"comment_status":"open","ping_status":"open","sticky":false,"template":"","format":"standard","meta":{"_acf_changed":false,"footnotes":""},"categories":[9,24,27],"tags":[],"class_list":["post-3323","post","type-post","status-publish","format-standard","has-post-thumbnail","hentry","category-inspirate","category-sobre-arcos-y-circulos-para-pared","category-sobre-cenefas-autoadhesivas"],"acf":[],"yoast_head":"<!-- This site is optimized with the Yoast SEO plugin v27.5 - https:\/\/yoast.com\/product\/yoast-seo-wordpress\/ -->\n<title>Los colores que triunfan ahora en cocinas y las combinaciones que vienen pisando fuerte - Blog Motif<\/title>\n<meta name=\"description\" content=\"Las cocinas adem\u00e1s de ser un espacio funcional, han pasado a ser una parte esencial del estilo de la casa. Y en ese cambio, el color est\u00e1 jugando un papel\" \/>\n<meta name=\"robots\" content=\"index, follow, max-snippet:-1, max-image-preview:large, max-video-preview:-1\" \/>\n<link rel=\"canonical\" href=\"https:\/\/www.motif.es\/blog\/los-colores-que-triunfan-ahora-en-cocinas-y-las-combinaciones-que-vienen-pisando-fuerte\/\" \/>\n<meta property=\"og:locale\" content=\"es_ES\" \/>\n<meta property=\"og:type\" content=\"article\" \/>\n<meta property=\"og:title\" content=\"Los colores que triunfan ahora en cocinas y las combinaciones que vienen pisando fuerte - Blog Motif\" \/>\n<meta property=\"og:description\" content=\"Las cocinas adem\u00e1s de ser un espacio funcional, han pasado a ser una parte esencial del estilo de la casa. Y en ese cambio, el color est\u00e1 jugando un papel\" \/>\n<meta property=\"og:url\" content=\"https:\/\/www.motif.es\/blog\/los-colores-que-triunfan-ahora-en-cocinas-y-las-combinaciones-que-vienen-pisando-fuerte\/\" \/>\n<meta property=\"og:site_name\" content=\"Blog Motif\" \/>\n<meta property=\"article:publisher\" content=\"https:\/\/www.facebook.com\/motifmorethanwalls\/\" \/>\n<meta property=\"article:published_time\" content=\"2025-11-14T11:50:00+00:00\" \/>\n<meta property=\"article:modified_time\" content=\"2025-11-21T12:17:31+00:00\" \/>\n<meta property=\"og:image\" content=\"https:\/\/www.motif.es\/blog\/wp-content\/uploads\/2025\/11\/vinilo-verde-salvia.jpg\" \/>\n\t<meta property=\"og:image:width\" content=\"1000\" \/>\n\t<meta property=\"og:image:height\" content=\"1000\" \/>\n\t<meta property=\"og:image:type\" content=\"image\/jpeg\" \/>\n<meta name=\"author\" content=\"Comunicaci\u00f3n Motif\" \/>\n<meta name=\"twitter:card\" content=\"summary_large_image\" \/>\n<meta name=\"twitter:label1\" content=\"Escrito por\" \/>\n\t<meta name=\"twitter:data1\" content=\"Comunicaci\u00f3n Motif\" \/>\n\t<meta name=\"twitter:label2\" content=\"Tiempo de lectura\" \/>\n\t<meta name=\"twitter:data2\" content=\"5 minutos\" \/>\n<script type=\"application\/ld+json\" class=\"yoast-schema-graph\">{\"@context\":\"https:\\\/\\\/schema.org\",\"@graph\":[{\"@type\":\"Article\",\"@id\":\"https:\\\/\\\/www.motif.es\\\/blog\\\/los-colores-que-triunfan-ahora-en-cocinas-y-las-combinaciones-que-vienen-pisando-fuerte\\\/#article\",\"isPartOf\":{\"@id\":\"https:\\\/\\\/www.motif.es\\\/blog\\\/los-colores-que-triunfan-ahora-en-cocinas-y-las-combinaciones-que-vienen-pisando-fuerte\\\/\"},\"author\":{\"name\":\"Comunicaci\u00f3n Motif\",\"@id\":\"https:\\\/\\\/www.motif.es\\\/blog\\\/#\\\/schema\\\/person\\\/aac26ed80d8e02fb9525ec6b569d75e9\"},\"headline\":\"Los colores que triunfan ahora en cocinas y las combinaciones que vienen pisando fuerte\",\"datePublished\":\"2025-11-14T11:50:00+00:00\",\"dateModified\":\"2025-11-21T12:17:31+00:00\",\"mainEntityOfPage\":{\"@id\":\"https:\\\/\\\/www.motif.es\\\/blog\\\/los-colores-que-triunfan-ahora-en-cocinas-y-las-combinaciones-que-vienen-pisando-fuerte\\\/\"},\"wordCount\":802,\"commentCount\":0,\"publisher\":{\"@id\":\"https:\\\/\\\/www.motif.es\\\/blog\\\/#organization\"},\"image\":{\"@id\":\"https:\\\/\\\/www.motif.es\\\/blog\\\/los-colores-que-triunfan-ahora-en-cocinas-y-las-combinaciones-que-vienen-pisando-fuerte\\\/#primaryimage\"},\"thumbnailUrl\":\"https:\\\/\\\/www.motif.es\\\/blog\\\/wp-content\\\/uploads\\\/2025\\\/11\\\/vinilo-verde-salvia.jpg\",\"articleSection\":[\"insp\u00edrate\",\"sobre arcos y c\u00edrculos para pared\",\"sobre cenefas autoadhesivas\"],\"inLanguage\":\"es\",\"potentialAction\":[{\"@type\":\"CommentAction\",\"name\":\"Comment\",\"target\":[\"https:\\\/\\\/www.motif.es\\\/blog\\\/los-colores-que-triunfan-ahora-en-cocinas-y-las-combinaciones-que-vienen-pisando-fuerte\\\/#respond\"]}]},{\"@type\":\"WebPage\",\"@id\":\"https:\\\/\\\/www.motif.es\\\/blog\\\/los-colores-que-triunfan-ahora-en-cocinas-y-las-combinaciones-que-vienen-pisando-fuerte\\\/\",\"url\":\"https:\\\/\\\/www.motif.es\\\/blog\\\/los-colores-que-triunfan-ahora-en-cocinas-y-las-combinaciones-que-vienen-pisando-fuerte\\\/\",\"name\":\"Los colores que triunfan ahora en cocinas y las combinaciones que vienen pisando fuerte - Blog Motif\",\"isPartOf\":{\"@id\":\"https:\\\/\\\/www.motif.es\\\/blog\\\/#website\"},\"primaryImageOfPage\":{\"@id\":\"https:\\\/\\\/www.motif.es\\\/blog\\\/los-colores-que-triunfan-ahora-en-cocinas-y-las-combinaciones-que-vienen-pisando-fuerte\\\/#primaryimage\"},\"image\":{\"@id\":\"https:\\\/\\\/www.motif.es\\\/blog\\\/los-colores-que-triunfan-ahora-en-cocinas-y-las-combinaciones-que-vienen-pisando-fuerte\\\/#primaryimage\"},\"thumbnailUrl\":\"https:\\\/\\\/www.motif.es\\\/blog\\\/wp-content\\\/uploads\\\/2025\\\/11\\\/vinilo-verde-salvia.jpg\",\"datePublished\":\"2025-11-14T11:50:00+00:00\",\"dateModified\":\"2025-11-21T12:17:31+00:00\",\"description\":\"Las cocinas adem\u00e1s de ser un espacio funcional, han pasado a ser una parte esencial del estilo de la casa. Y en ese cambio, el color est\u00e1 jugando un papel\",\"breadcrumb\":{\"@id\":\"https:\\\/\\\/www.motif.es\\\/blog\\\/los-colores-que-triunfan-ahora-en-cocinas-y-las-combinaciones-que-vienen-pisando-fuerte\\\/#breadcrumb\"},\"inLanguage\":\"es\",\"potentialAction\":[{\"@type\":\"ReadAction\",\"target\":[\"https:\\\/\\\/www.motif.es\\\/blog\\\/los-colores-que-triunfan-ahora-en-cocinas-y-las-combinaciones-que-vienen-pisando-fuerte\\\/\"]}]},{\"@type\":\"ImageObject\",\"inLanguage\":\"es\",\"@id\":\"https:\\\/\\\/www.motif.es\\\/blog\\\/los-colores-que-triunfan-ahora-en-cocinas-y-las-combinaciones-que-vienen-pisando-fuerte\\\/#primaryimage\",\"url\":\"https:\\\/\\\/www.motif.es\\\/blog\\\/wp-content\\\/uploads\\\/2025\\\/11\\\/vinilo-verde-salvia.jpg\",\"contentUrl\":\"https:\\\/\\\/www.motif.es\\\/blog\\\/wp-content\\\/uploads\\\/2025\\\/11\\\/vinilo-verde-salvia.jpg\",\"width\":1000,\"height\":1000},{\"@type\":\"BreadcrumbList\",\"@id\":\"https:\\\/\\\/www.motif.es\\\/blog\\\/los-colores-que-triunfan-ahora-en-cocinas-y-las-combinaciones-que-vienen-pisando-fuerte\\\/#breadcrumb\",\"itemListElement\":[{\"@type\":\"ListItem\",\"position\":1,\"name\":\"Blog\",\"item\":\"https:\\\/\\\/www.motif.es\\\/blog\\\/\"},{\"@type\":\"ListItem\",\"position\":2,\"name\":\"insp\u00edrate\",\"item\":\"https:\\\/\\\/www.motif.es\\\/blog\\\/category\\\/inspirate\\\/\"},{\"@type\":\"ListItem\",\"position\":3,\"name\":\"Los colores que triunfan ahora en cocinas y las combinaciones que vienen pisando fuerte\"}]},{\"@type\":\"WebSite\",\"@id\":\"https:\\\/\\\/www.motif.es\\\/blog\\\/#website\",\"url\":\"https:\\\/\\\/www.motif.es\\\/blog\\\/\",\"name\":\"Blog Motif\",\"description\":\"nuestro rinc\u00f3n para inspirarte\",\"publisher\":{\"@id\":\"https:\\\/\\\/www.motif.es\\\/blog\\\/#organization\"},\"potentialAction\":[{\"@type\":\"SearchAction\",\"target\":{\"@type\":\"EntryPoint\",\"urlTemplate\":\"https:\\\/\\\/www.motif.es\\\/blog\\\/?s={search_term_string}\"},\"query-input\":{\"@type\":\"PropertyValueSpecification\",\"valueRequired\":true,\"valueName\":\"search_term_string\"}}],\"inLanguage\":\"es\"},{\"@type\":\"Organization\",\"@id\":\"https:\\\/\\\/www.motif.es\\\/blog\\\/#organization\",\"name\":\"Motif Wallpapers S.L.U.\",\"url\":\"https:\\\/\\\/www.motif.es\\\/blog\\\/\",\"logo\":{\"@type\":\"ImageObject\",\"inLanguage\":\"es\",\"@id\":\"https:\\\/\\\/www.motif.es\\\/blog\\\/#\\\/schema\\\/logo\\\/image\\\/\",\"url\":\"https:\\\/\\\/motif.es\\\/blog\\\/wp-content\\\/uploads\\\/2021\\\/06\\\/logo-motif.jpg\",\"contentUrl\":\"https:\\\/\\\/motif.es\\\/blog\\\/wp-content\\\/uploads\\\/2021\\\/06\\\/logo-motif.jpg\",\"width\":464,\"height\":464,\"caption\":\"Motif Wallpapers S.L.U.\"},\"image\":{\"@id\":\"https:\\\/\\\/www.motif.es\\\/blog\\\/#\\\/schema\\\/logo\\\/image\\\/\"},\"sameAs\":[\"https:\\\/\\\/www.facebook.com\\\/motifmorethanwalls\\\/\",\"https:\\\/\\\/www.instagram.com\\\/motif_es\\\/?hl=es\",\"https:\\\/\\\/www.pinterest.es\\\/motifwallpapers\\\/\",\"https:\\\/\\\/www.youtube.com\\\/channel\\\/UCNaOmbxD6LjcQNj4vmfVIUg\"]},{\"@type\":\"Person\",\"@id\":\"https:\\\/\\\/www.motif.es\\\/blog\\\/#\\\/schema\\\/person\\\/aac26ed80d8e02fb9525ec6b569d75e9\",\"name\":\"Comunicaci\u00f3n Motif\",\"image\":{\"@type\":\"ImageObject\",\"inLanguage\":\"es\",\"@id\":\"https:\\\/\\\/secure.gravatar.com\\\/avatar\\\/93b2fb49a03bd7a57b5f5e8c3b740113f14f25da86b090887d9353672de2d9b5?s=96&d=mm&r=g\",\"url\":\"https:\\\/\\\/secure.gravatar.com\\\/avatar\\\/93b2fb49a03bd7a57b5f5e8c3b740113f14f25da86b090887d9353672de2d9b5?s=96&d=mm&r=g\",\"contentUrl\":\"https:\\\/\\\/secure.gravatar.com\\\/avatar\\\/93b2fb49a03bd7a57b5f5e8c3b740113f14f25da86b090887d9353672de2d9b5?s=96&d=mm&r=g\",\"caption\":\"Comunicaci\u00f3n Motif\"},\"url\":\"https:\\\/\\\/www.motif.es\\\/blog\\\/author\\\/comunicacion\\\/\"}]}<\/script>\n<!-- \/ Yoast SEO plugin. -->","yoast_head_json":{"title":"Los colores que triunfan ahora en cocinas y las combinaciones que vienen pisando fuerte - Blog Motif","description":"Las cocinas adem\u00e1s de ser un espacio funcional, han pasado a ser una parte esencial del estilo de la casa. Y en ese cambio, el color est\u00e1 jugando un papel","robots":{"index":"index","follow":"follow","max-snippet":"max-snippet:-1","max-image-preview":"max-image-preview:large","max-video-preview":"max-video-preview:-1"},"canonical":"https:\/\/www.motif.es\/blog\/los-colores-que-triunfan-ahora-en-cocinas-y-las-combinaciones-que-vienen-pisando-fuerte\/","og_locale":"es_ES","og_type":"article","og_title":"Los colores que triunfan ahora en cocinas y las combinaciones que vienen pisando fuerte - Blog Motif","og_description":"Las cocinas adem\u00e1s de ser un espacio funcional, han pasado a ser una parte esencial del estilo de la casa. Y en ese cambio, el color est\u00e1 jugando un papel","og_url":"https:\/\/www.motif.es\/blog\/los-colores-que-triunfan-ahora-en-cocinas-y-las-combinaciones-que-vienen-pisando-fuerte\/","og_site_name":"Blog Motif","article_publisher":"https:\/\/www.facebook.com\/motifmorethanwalls\/","article_published_time":"2025-11-14T11:50:00+00:00","article_modified_time":"2025-11-21T12:17:31+00:00","og_image":[{"width":1000,"height":1000,"url":"https:\/\/www.motif.es\/blog\/wp-content\/uploads\/2025\/11\/vinilo-verde-salvia.jpg","type":"image\/jpeg"}],"author":"Comunicaci\u00f3n Motif","twitter_card":"summary_large_image","twitter_misc":{"Escrito por":"Comunicaci\u00f3n Motif","Tiempo de lectura":"5 minutos"},"schema":{"@context":"https:\/\/schema.org","@graph":[{"@type":"Article","@id":"https:\/\/www.motif.es\/blog\/los-colores-que-triunfan-ahora-en-cocinas-y-las-combinaciones-que-vienen-pisando-fuerte\/#article","isPartOf":{"@id":"https:\/\/www.motif.es\/blog\/los-colores-que-triunfan-ahora-en-cocinas-y-las-combinaciones-que-vienen-pisando-fuerte\/"},"author":{"name":"Comunicaci\u00f3n Motif","@id":"https:\/\/www.motif.es\/blog\/#\/schema\/person\/aac26ed80d8e02fb9525ec6b569d75e9"},"headline":"Los colores que triunfan ahora en cocinas y las combinaciones que vienen pisando fuerte","datePublished":"2025-11-14T11:50:00+00:00","dateModified":"2025-11-21T12:17:31+00:00","mainEntityOfPage":{"@id":"https:\/\/www.motif.es\/blog\/los-colores-que-triunfan-ahora-en-cocinas-y-las-combinaciones-que-vienen-pisando-fuerte\/"},"wordCount":802,"commentCount":0,"publisher":{"@id":"https:\/\/www.motif.es\/blog\/#organization"},"image":{"@id":"https:\/\/www.motif.es\/blog\/los-colores-que-triunfan-ahora-en-cocinas-y-las-combinaciones-que-vienen-pisando-fuerte\/#primaryimage"},"thumbnailUrl":"https:\/\/www.motif.es\/blog\/wp-content\/uploads\/2025\/11\/vinilo-verde-salvia.jpg","articleSection":["insp\u00edrate","sobre arcos y c\u00edrculos para pared","sobre cenefas autoadhesivas"],"inLanguage":"es","potentialAction":[{"@type":"CommentAction","name":"Comment","target":["https:\/\/www.motif.es\/blog\/los-colores-que-triunfan-ahora-en-cocinas-y-las-combinaciones-que-vienen-pisando-fuerte\/#respond"]}]},{"@type":"WebPage","@id":"https:\/\/www.motif.es\/blog\/los-colores-que-triunfan-ahora-en-cocinas-y-las-combinaciones-que-vienen-pisando-fuerte\/","url":"https:\/\/www.motif.es\/blog\/los-colores-que-triunfan-ahora-en-cocinas-y-las-combinaciones-que-vienen-pisando-fuerte\/","name":"Los colores que triunfan ahora en cocinas y las combinaciones que vienen pisando fuerte - Blog Motif","isPartOf":{"@id":"https:\/\/www.motif.es\/blog\/#website"},"primaryImageOfPage":{"@id":"https:\/\/www.motif.es\/blog\/los-colores-que-triunfan-ahora-en-cocinas-y-las-combinaciones-que-vienen-pisando-fuerte\/#primaryimage"},"image":{"@id":"https:\/\/www.motif.es\/blog\/los-colores-que-triunfan-ahora-en-cocinas-y-las-combinaciones-que-vienen-pisando-fuerte\/#primaryimage"},"thumbnailUrl":"https:\/\/www.motif.es\/blog\/wp-content\/uploads\/2025\/11\/vinilo-verde-salvia.jpg","datePublished":"2025-11-14T11:50:00+00:00","dateModified":"2025-11-21T12:17:31+00:00","description":"Las cocinas adem\u00e1s de ser un espacio funcional, han pasado a ser una parte esencial del estilo de la casa. Y en ese cambio, el color est\u00e1 jugando un papel","breadcrumb":{"@id":"https:\/\/www.motif.es\/blog\/los-colores-que-triunfan-ahora-en-cocinas-y-las-combinaciones-que-vienen-pisando-fuerte\/#breadcrumb"},"inLanguage":"es","potentialAction":[{"@type":"ReadAction","target":["https:\/\/www.motif.es\/blog\/los-colores-que-triunfan-ahora-en-cocinas-y-las-combinaciones-que-vienen-pisando-fuerte\/"]}]},{"@type":"ImageObject","inLanguage":"es","@id":"https:\/\/www.motif.es\/blog\/los-colores-que-triunfan-ahora-en-cocinas-y-las-combinaciones-que-vienen-pisando-fuerte\/#primaryimage","url":"https:\/\/www.motif.es\/blog\/wp-content\/uploads\/2025\/11\/vinilo-verde-salvia.jpg","contentUrl":"https:\/\/www.motif.es\/blog\/wp-content\/uploads\/2025\/11\/vinilo-verde-salvia.jpg","width":1000,"height":1000},{"@type":"BreadcrumbList","@id":"https:\/\/www.motif.es\/blog\/los-colores-que-triunfan-ahora-en-cocinas-y-las-combinaciones-que-vienen-pisando-fuerte\/#breadcrumb","itemListElement":[{"@type":"ListItem","position":1,"name":"Blog","item":"https:\/\/www.motif.es\/blog\/"},{"@type":"ListItem","position":2,"name":"insp\u00edrate","item":"https:\/\/www.motif.es\/blog\/category\/inspirate\/"},{"@type":"ListItem","position":3,"name":"Los colores que triunfan ahora en cocinas y las combinaciones que vienen pisando fuerte"}]},{"@type":"WebSite","@id":"https:\/\/www.motif.es\/blog\/#website","url":"https:\/\/www.motif.es\/blog\/","name":"Blog Motif","description":"nuestro rinc\u00f3n para inspirarte","publisher":{"@id":"https:\/\/www.motif.es\/blog\/#organization"},"potentialAction":[{"@type":"SearchAction","target":{"@type":"EntryPoint","urlTemplate":"https:\/\/www.motif.es\/blog\/?s={search_term_string}"},"query-input":{"@type":"PropertyValueSpecification","valueRequired":true,"valueName":"search_term_string"}}],"inLanguage":"es"},{"@type":"Organization","@id":"https:\/\/www.motif.es\/blog\/#organization","name":"Motif Wallpapers S.L.U.","url":"https:\/\/www.motif.es\/blog\/","logo":{"@type":"ImageObject","inLanguage":"es","@id":"https:\/\/www.motif.es\/blog\/#\/schema\/logo\/image\/","url":"https:\/\/motif.es\/blog\/wp-content\/uploads\/2021\/06\/logo-motif.jpg","contentUrl":"https:\/\/motif.es\/blog\/wp-content\/uploads\/2021\/06\/logo-motif.jpg","width":464,"height":464,"caption":"Motif Wallpapers S.L.U."},"image":{"@id":"https:\/\/www.motif.es\/blog\/#\/schema\/logo\/image\/"},"sameAs":["https:\/\/www.facebook.com\/motifmorethanwalls\/","https:\/\/www.instagram.com\/motif_es\/?hl=es","https:\/\/www.pinterest.es\/motifwallpapers\/","https:\/\/www.youtube.com\/channel\/UCNaOmbxD6LjcQNj4vmfVIUg"]},{"@type":"Person","@id":"https:\/\/www.motif.es\/blog\/#\/schema\/person\/aac26ed80d8e02fb9525ec6b569d75e9","name":"Comunicaci\u00f3n Motif","image":{"@type":"ImageObject","inLanguage":"es","@id":"https:\/\/secure.gravatar.com\/avatar\/93b2fb49a03bd7a57b5f5e8c3b740113f14f25da86b090887d9353672de2d9b5?s=96&d=mm&r=g","url":"https:\/\/secure.gravatar.com\/avatar\/93b2fb49a03bd7a57b5f5e8c3b740113f14f25da86b090887d9353672de2d9b5?s=96&d=mm&r=g","contentUrl":"https:\/\/secure.gravatar.com\/avatar\/93b2fb49a03bd7a57b5f5e8c3b740113f14f25da86b090887d9353672de2d9b5?s=96&d=mm&r=g","caption":"Comunicaci\u00f3n Motif"},"url":"https:\/\/www.motif.es\/blog\/author\/comunicacion\/"}]}},"_links":{"self":[{"href":"https:\/\/www.motif.es\/blog\/wp-json\/wp\/v2\/posts\/3323","targetHints":{"allow":["GET"]}}],"collection":[{"href":"https:\/\/www.motif.es\/blog\/wp-json\/wp\/v2\/posts"}],"about":[{"href":"https:\/\/www.motif.es\/blog\/wp-json\/wp\/v2\/types\/post"}],"author":[{"embeddable":true,"href":"https:\/\/www.motif.es\/blog\/wp-json\/wp\/v2\/users\/2"}],"replies":[{"embeddable":true,"href":"https:\/\/www.motif.es\/blog\/wp-json\/wp\/v2\/comments?post=3323"}],"version-history":[{"count":1,"href":"https:\/\/www.motif.es\/blog\/wp-json\/wp\/v2\/posts\/3323\/revisions"}],"predecessor-version":[{"id":3330,"href":"https:\/\/www.motif.es\/blog\/wp-json\/wp\/v2\/posts\/3323\/revisions\/3330"}],"wp:featuredmedia":[{"embeddable":true,"href":"https:\/\/www.motif.es\/blog\/wp-json\/wp\/v2\/media\/3324"}],"wp:attachment":[{"href":"https:\/\/www.motif.es\/blog\/wp-json\/wp\/v2\/media?parent=3323"}],"wp:term":[{"taxonomy":"category","embeddable":true,"href":"https:\/\/www.motif.es\/blog\/wp-json\/wp\/v2\/categories?post=3323"},{"taxonomy":"post_tag","embeddable":true,"href":"https:\/\/www.motif.es\/blog\/wp-json\/wp\/v2\/tags?post=3323"}],"curies":[{"name":"wp","href":"https:\/\/api.w.org\/{rel}","templated":true}]}}