{"id":3331,"date":"2025-11-21T12:44:58","date_gmt":"2025-11-21T12:44:58","guid":{"rendered":"https:\/\/www.motif.es\/blog\/?p=3331"},"modified":"2025-11-21T12:44:58","modified_gmt":"2025-11-21T12:44:58","slug":"los-estilos-deco-que-marcaran-2026-segun-los-interioristas","status":"publish","type":"post","link":"https:\/\/www.motif.es\/blog\/los-estilos-deco-que-marcaran-2026-segun-los-interioristas\/","title":{"rendered":"Los estilos deco que marcar\u00e1n 2026 seg\u00fan los interioristas"},"content":{"rendered":"<p data-start=\"622\" data-end=\"1033\">Las principales revistas espa\u00f1olas <strong>especializadas en interiorismo<\/strong> coinciden en una misma direcci\u00f3n: 2026 ser\u00e1 el a\u00f1o en el que la decoraci\u00f3n deje atr\u00e1s los espacios demasiado neutros para abrazar <strong>ambientes con m\u00e1s textura, m\u00e1s color y m\u00e1s intenci\u00f3n.<\/strong> Varios interioristas consultados por <a href=\"https:\/\/www.revistaad.es\/\" target=\"_blank\" rel=\"noopener\"><em data-start=\"909\" data-end=\"920\">AD Espa\u00f1a<\/em><\/a> han descrito esta transici\u00f3n como una b\u00fasqueda de <strong>casas \u201cm\u00e1s vividas\u201d<\/strong>, con un enfoque menos r\u00edgido y m\u00e1s humano.<\/p>\n<p data-start=\"1035\" data-end=\"1634\">Uno de los puntos que m\u00e1s se repite es <strong>la importancia de las texturas<\/strong>. En publicaciones como las de <a href=\"https:\/\/www.elmueble.com\/\" target=\"_blank\" rel=\"noopener\"><em data-start=\"1132\" data-end=\"1143\">El Mueble<\/em><\/a>, algunos profesionales se\u00f1alan que veremos \u201cm\u00e1s materiales que evocan calma y cercan\u00eda\u201d, especialmente en paredes y superficies verticales. Esta tendencia encaja perfectamente con <strong>soluciones adhesivas que imitan fibras naturales<\/strong>, yesos suaves o maderas claras. Un <strong>mural pintado autoadhesivo con efecto lino<\/strong> puede transformar una entrada o un sal\u00f3n en minutos, y al combinarlo con una <strong data-start=\"1520\" data-end=\"1558\">alfombra vin\u00edlica en tonos c\u00e1lidos<\/strong>, el espacio gana esa profundidad que antes solo se lograba con una reforma.<\/p>\n<p style=\"text-align: center;\" data-start=\"1035\" data-end=\"1634\"><img loading=\"lazy\" decoding=\"async\" class=\"alignnone size-full wp-image-3332\" src=\"https:\/\/www.motif.es\/blog\/wp-content\/uploads\/2025\/11\/mural-autoadhesivo-fibras.jpg\" alt=\"\" width=\"1000\" height=\"1000\" srcset=\"https:\/\/www.motif.es\/blog\/wp-content\/uploads\/2025\/11\/mural-autoadhesivo-fibras.jpg 1000w, https:\/\/www.motif.es\/blog\/wp-content\/uploads\/2025\/11\/mural-autoadhesivo-fibras-300x300.jpg 300w, https:\/\/www.motif.es\/blog\/wp-content\/uploads\/2025\/11\/mural-autoadhesivo-fibras-150x150.jpg 150w, https:\/\/www.motif.es\/blog\/wp-content\/uploads\/2025\/11\/mural-autoadhesivo-fibras-768x768.jpg 768w, https:\/\/www.motif.es\/blog\/wp-content\/uploads\/2025\/11\/mural-autoadhesivo-fibras-400x400.jpg 400w\" sizes=\"auto, (max-width: 1000px) 100vw, 1000px\" \/><\/p>\n<p style=\"text-align: center;\" data-start=\"1035\" data-end=\"1634\"><img loading=\"lazy\" decoding=\"async\" class=\"alignnone size-full wp-image-3333\" src=\"https:\/\/www.motif.es\/blog\/wp-content\/uploads\/2025\/11\/mural-autoadhesivo-fibras-1.jpg\" alt=\"\" width=\"1000\" height=\"1000\" srcset=\"https:\/\/www.motif.es\/blog\/wp-content\/uploads\/2025\/11\/mural-autoadhesivo-fibras-1.jpg 1000w, https:\/\/www.motif.es\/blog\/wp-content\/uploads\/2025\/11\/mural-autoadhesivo-fibras-1-300x300.jpg 300w, https:\/\/www.motif.es\/blog\/wp-content\/uploads\/2025\/11\/mural-autoadhesivo-fibras-1-150x150.jpg 150w, https:\/\/www.motif.es\/blog\/wp-content\/uploads\/2025\/11\/mural-autoadhesivo-fibras-1-768x768.jpg 768w, https:\/\/www.motif.es\/blog\/wp-content\/uploads\/2025\/11\/mural-autoadhesivo-fibras-1-400x400.jpg 400w\" sizes=\"auto, (max-width: 1000px) 100vw, 1000px\" \/><\/p>\n<p style=\"text-align: center;\" data-start=\"1035\" data-end=\"1634\"><em>Mural autoadhesivo Fibras de MOTIF<\/em><\/p>\n<p data-start=\"1636\" data-end=\"2263\">El <strong data-start=\"1639\" data-end=\"1648\">color<\/strong> tambi\u00e9n cambia de rumbo. En <a href=\"https:\/\/www.arquitecturaydiseno.es\/\" target=\"_blank\" rel=\"noopener\"><em data-start=\"1677\" data-end=\"1700\">Arquitectura y Dise\u00f1o<\/em><\/a> se empieza a hablar de una paleta m\u00e1s c\u00e1lida y matizada, alejada del gris fr\u00edo que domin\u00f3 durante a\u00f1os. Los interioristas destacan que <strong>los tonos tierra suaves, los verdes apagados y los azules empolvados aportan serenidad<\/strong> sin renunciar a la personalidad. Aplicar un <strong data-start=\"1967\" data-end=\"2030\">papel pintado autoadhesivo en terracota suave o verde oliva<\/strong> en una pared principal o en un peque\u00f1o pa\u00f1o de cocina es una forma r\u00e1pida de sumarse a esta tendencia sin perder equilibrio visual. Incluso una <strong data-start=\"2175\" data-end=\"2194\">cenefa adhesiva<\/strong> en tonos neutros puede actualizar un espacio sin tener que vaciarlo.<\/p>\n<p style=\"text-align: center;\" data-start=\"1636\" data-end=\"2263\"><img loading=\"lazy\" decoding=\"async\" class=\"alignnone size-full wp-image-3334\" src=\"https:\/\/www.motif.es\/blog\/wp-content\/uploads\/2025\/11\/pack-de-cenefas-livy.jpg\" alt=\"\" width=\"1000\" height=\"1000\" srcset=\"https:\/\/www.motif.es\/blog\/wp-content\/uploads\/2025\/11\/pack-de-cenefas-livy.jpg 1000w, https:\/\/www.motif.es\/blog\/wp-content\/uploads\/2025\/11\/pack-de-cenefas-livy-300x300.jpg 300w, https:\/\/www.motif.es\/blog\/wp-content\/uploads\/2025\/11\/pack-de-cenefas-livy-150x150.jpg 150w, https:\/\/www.motif.es\/blog\/wp-content\/uploads\/2025\/11\/pack-de-cenefas-livy-768x768.jpg 768w, https:\/\/www.motif.es\/blog\/wp-content\/uploads\/2025\/11\/pack-de-cenefas-livy-400x400.jpg 400w\" sizes=\"auto, (max-width: 1000px) 100vw, 1000px\" \/><\/p>\n<p style=\"text-align: center;\" data-start=\"1636\" data-end=\"2263\"><a href=\"https:\/\/www.motif.es\/cenefas-autoadhesivas\/21595-31389-pack-de-cenefas-livy.html#\/54-color-verde\/180-tipo_cenefa_autoadhesiva-vinilo_autoadhesivo_premium\/181-tamano_cenefa_autoadhesiva-115x115cm\" target=\"_blank\" rel=\"noopener\"><em>Cenefa autoadhesiva Livy de MOTIF<\/em><\/a><\/p>\n<p data-start=\"2265\" data-end=\"2890\">La tercera tendencia clara est\u00e1 relacionada con la creaci\u00f3n de <strong data-start=\"2328\" data-end=\"2351\">zonas con intenci\u00f3n<\/strong>. Seg\u00fan apuntan profesionales entrevistados en <em data-start=\"2398\" data-end=\"2409\">AD Espa\u00f1a<\/em>, el hogar tender\u00e1 a organizarse \u201cpor escenas\u201d m\u00e1s que por estancias cerradas. Esto significa que cobra importancia definir un rinc\u00f3n de lectura, un espacio de trabajo o un \u00e1rea de descanso, incluso dentro de una misma habitaci\u00f3n. Aqu\u00ed, los productos de MOTIF son especialmente \u00fatiles: una <strong data-start=\"2699\" data-end=\"2745\">alfombra vin\u00edlica puede delimitar una zona<\/strong>, un <strong data-start=\"2750\" data-end=\"2795\">arco adhesivo puede marcar un punto focal<\/strong> y un mural gr\u00e1fico puede convertirse en la pieza que gu\u00eda la decoraci\u00f3n del resto del espacio.<\/p>\n<p style=\"text-align: center;\" data-start=\"2265\" data-end=\"2890\"><img loading=\"lazy\" decoding=\"async\" class=\"alignnone size-full wp-image-3335\" src=\"https:\/\/www.motif.es\/blog\/wp-content\/uploads\/2025\/11\/arco-pintado-autoadhesivo-tropical-sage-v2.jpg\" alt=\"\" width=\"1000\" height=\"1000\" srcset=\"https:\/\/www.motif.es\/blog\/wp-content\/uploads\/2025\/11\/arco-pintado-autoadhesivo-tropical-sage-v2.jpg 1000w, https:\/\/www.motif.es\/blog\/wp-content\/uploads\/2025\/11\/arco-pintado-autoadhesivo-tropical-sage-v2-300x300.jpg 300w, https:\/\/www.motif.es\/blog\/wp-content\/uploads\/2025\/11\/arco-pintado-autoadhesivo-tropical-sage-v2-150x150.jpg 150w, https:\/\/www.motif.es\/blog\/wp-content\/uploads\/2025\/11\/arco-pintado-autoadhesivo-tropical-sage-v2-768x768.jpg 768w, https:\/\/www.motif.es\/blog\/wp-content\/uploads\/2025\/11\/arco-pintado-autoadhesivo-tropical-sage-v2-400x400.jpg 400w\" sizes=\"auto, (max-width: 1000px) 100vw, 1000px\" \/><\/p>\n<p style=\"text-align: center;\" data-start=\"2265\" data-end=\"2890\"><a href=\"https:\/\/www.motif.es\/arcos-y-circulos-pintados-autoadhesivos\/21509-30414-arco-pintado-autoadhesivo-tropical-sage-v2.html#\/2-material-canvas\/64-color-multicolor\/167-tamano_arcos_y_circulos-132x200cm\" target=\"_blank\" rel=\"noopener\"><em>Arco pintado autoadhesivo Tropical Sage V2<\/em><\/a><\/p>\n<p data-start=\"2892\" data-end=\"3291\">En conjunto, las tendencias que los interioristas espa\u00f1oles empiezan a anticipar para 2026 comparten un mismo objetivo: <strong>crear hogares que transmitan sensaciones y tengan coherencia visual sin renunciar a la funcionalidad<\/strong>. Gracias a las soluciones adhesivas y vin\u00edlicas, es posible adoptar estas l\u00edneas sin obras, de forma accesible y con cambios bien dirigidos que renuevan el ambiente por completo.<\/p>\n","protected":false},"excerpt":{"rendered":"<p>Las principales revistas espa\u00f1olas especializadas en interiorismo coinciden en una misma direcci\u00f3n: 2026 ser\u00e1 el a\u00f1o en el que la decoraci\u00f3n deje atr\u00e1s los espacios demasiado neutros para abrazar ambientes con m\u00e1s textura, m\u00e1s color y m\u00e1s intenci\u00f3n. Varios interioristas consultados por AD Espa\u00f1a han descrito esta transici\u00f3n como una b\u00fasqueda de casas \u201cm\u00e1s vividas\u201d, [&#8230;]<\/p>\n","protected":false},"author":2,"featured_media":3332,"comment_status":"open","ping_status":"open","sticky":false,"template":"","format":"standard","meta":{"_acf_changed":false,"footnotes":""},"categories":[9,18],"tags":[],"class_list":["post-3331","post","type-post","status-publish","format-standard","has-post-thumbnail","hentry","category-inspirate","category-interioristas"],"acf":[],"yoast_head":"<!-- This site is optimized with the Yoast SEO plugin v27.5 - https:\/\/yoast.com\/product\/yoast-seo-wordpress\/ -->\n<title>Los estilos deco que marcar\u00e1n 2026 seg\u00fan los interioristas - Blog Motif<\/title>\n<meta name=\"description\" content=\"Las principales revistas espa\u00f1olas especializadas en interiorismo coinciden en una misma direcci\u00f3n: 2026 ser\u00e1 el a\u00f1o en el que la decoraci\u00f3n deje atr\u00e1s\" \/>\n<meta name=\"robots\" content=\"index, follow, max-snippet:-1, max-image-preview:large, max-video-preview:-1\" \/>\n<link rel=\"canonical\" href=\"https:\/\/www.motif.es\/blog\/los-estilos-deco-que-marcaran-2026-segun-los-interioristas\/\" \/>\n<meta property=\"og:locale\" content=\"es_ES\" \/>\n<meta property=\"og:type\" content=\"article\" \/>\n<meta property=\"og:title\" content=\"Los estilos deco que marcar\u00e1n 2026 seg\u00fan los interioristas - Blog Motif\" \/>\n<meta property=\"og:description\" content=\"Las principales revistas espa\u00f1olas especializadas en interiorismo coinciden en una misma direcci\u00f3n: 2026 ser\u00e1 el a\u00f1o en el que la decoraci\u00f3n deje atr\u00e1s\" \/>\n<meta property=\"og:url\" content=\"https:\/\/www.motif.es\/blog\/los-estilos-deco-que-marcaran-2026-segun-los-interioristas\/\" \/>\n<meta property=\"og:site_name\" content=\"Blog Motif\" \/>\n<meta property=\"article:publisher\" content=\"https:\/\/www.facebook.com\/motifmorethanwalls\/\" \/>\n<meta property=\"article:published_time\" content=\"2025-11-21T12:44:58+00:00\" \/>\n<meta property=\"og:image\" content=\"https:\/\/www.motif.es\/blog\/wp-content\/uploads\/2025\/11\/mural-autoadhesivo-fibras.jpg\" \/>\n\t<meta property=\"og:image:width\" content=\"1000\" \/>\n\t<meta property=\"og:image:height\" content=\"1000\" \/>\n\t<meta property=\"og:image:type\" content=\"image\/jpeg\" \/>\n<meta name=\"author\" content=\"Comunicaci\u00f3n Motif\" \/>\n<meta name=\"twitter:card\" content=\"summary_large_image\" \/>\n<meta name=\"twitter:label1\" content=\"Escrito por\" \/>\n\t<meta name=\"twitter:data1\" content=\"Comunicaci\u00f3n Motif\" \/>\n\t<meta name=\"twitter:label2\" content=\"Tiempo de lectura\" \/>\n\t<meta name=\"twitter:data2\" content=\"3 minutos\" \/>\n<script type=\"application\/ld+json\" class=\"yoast-schema-graph\">{\"@context\":\"https:\\\/\\\/schema.org\",\"@graph\":[{\"@type\":\"Article\",\"@id\":\"https:\\\/\\\/www.motif.es\\\/blog\\\/los-estilos-deco-que-marcaran-2026-segun-los-interioristas\\\/#article\",\"isPartOf\":{\"@id\":\"https:\\\/\\\/www.motif.es\\\/blog\\\/los-estilos-deco-que-marcaran-2026-segun-los-interioristas\\\/\"},\"author\":{\"name\":\"Comunicaci\u00f3n Motif\",\"@id\":\"https:\\\/\\\/www.motif.es\\\/blog\\\/#\\\/schema\\\/person\\\/aac26ed80d8e02fb9525ec6b569d75e9\"},\"headline\":\"Los estilos deco que marcar\u00e1n 2026 seg\u00fan los interioristas\",\"datePublished\":\"2025-11-21T12:44:58+00:00\",\"mainEntityOfPage\":{\"@id\":\"https:\\\/\\\/www.motif.es\\\/blog\\\/los-estilos-deco-que-marcaran-2026-segun-los-interioristas\\\/\"},\"wordCount\":483,\"commentCount\":0,\"publisher\":{\"@id\":\"https:\\\/\\\/www.motif.es\\\/blog\\\/#organization\"},\"image\":{\"@id\":\"https:\\\/\\\/www.motif.es\\\/blog\\\/los-estilos-deco-que-marcaran-2026-segun-los-interioristas\\\/#primaryimage\"},\"thumbnailUrl\":\"https:\\\/\\\/www.motif.es\\\/blog\\\/wp-content\\\/uploads\\\/2025\\\/11\\\/mural-autoadhesivo-fibras.jpg\",\"articleSection\":[\"insp\u00edrate\",\"interioristas\"],\"inLanguage\":\"es\",\"potentialAction\":[{\"@type\":\"CommentAction\",\"name\":\"Comment\",\"target\":[\"https:\\\/\\\/www.motif.es\\\/blog\\\/los-estilos-deco-que-marcaran-2026-segun-los-interioristas\\\/#respond\"]}]},{\"@type\":\"WebPage\",\"@id\":\"https:\\\/\\\/www.motif.es\\\/blog\\\/los-estilos-deco-que-marcaran-2026-segun-los-interioristas\\\/\",\"url\":\"https:\\\/\\\/www.motif.es\\\/blog\\\/los-estilos-deco-que-marcaran-2026-segun-los-interioristas\\\/\",\"name\":\"Los estilos deco que marcar\u00e1n 2026 seg\u00fan los interioristas - Blog Motif\",\"isPartOf\":{\"@id\":\"https:\\\/\\\/www.motif.es\\\/blog\\\/#website\"},\"primaryImageOfPage\":{\"@id\":\"https:\\\/\\\/www.motif.es\\\/blog\\\/los-estilos-deco-que-marcaran-2026-segun-los-interioristas\\\/#primaryimage\"},\"image\":{\"@id\":\"https:\\\/\\\/www.motif.es\\\/blog\\\/los-estilos-deco-que-marcaran-2026-segun-los-interioristas\\\/#primaryimage\"},\"thumbnailUrl\":\"https:\\\/\\\/www.motif.es\\\/blog\\\/wp-content\\\/uploads\\\/2025\\\/11\\\/mural-autoadhesivo-fibras.jpg\",\"datePublished\":\"2025-11-21T12:44:58+00:00\",\"description\":\"Las principales revistas espa\u00f1olas especializadas en interiorismo coinciden en una misma direcci\u00f3n: 2026 ser\u00e1 el a\u00f1o en el que la decoraci\u00f3n deje atr\u00e1s\",\"breadcrumb\":{\"@id\":\"https:\\\/\\\/www.motif.es\\\/blog\\\/los-estilos-deco-que-marcaran-2026-segun-los-interioristas\\\/#breadcrumb\"},\"inLanguage\":\"es\",\"potentialAction\":[{\"@type\":\"ReadAction\",\"target\":[\"https:\\\/\\\/www.motif.es\\\/blog\\\/los-estilos-deco-que-marcaran-2026-segun-los-interioristas\\\/\"]}]},{\"@type\":\"ImageObject\",\"inLanguage\":\"es\",\"@id\":\"https:\\\/\\\/www.motif.es\\\/blog\\\/los-estilos-deco-que-marcaran-2026-segun-los-interioristas\\\/#primaryimage\",\"url\":\"https:\\\/\\\/www.motif.es\\\/blog\\\/wp-content\\\/uploads\\\/2025\\\/11\\\/mural-autoadhesivo-fibras.jpg\",\"contentUrl\":\"https:\\\/\\\/www.motif.es\\\/blog\\\/wp-content\\\/uploads\\\/2025\\\/11\\\/mural-autoadhesivo-fibras.jpg\",\"width\":1000,\"height\":1000},{\"@type\":\"BreadcrumbList\",\"@id\":\"https:\\\/\\\/www.motif.es\\\/blog\\\/los-estilos-deco-que-marcaran-2026-segun-los-interioristas\\\/#breadcrumb\",\"itemListElement\":[{\"@type\":\"ListItem\",\"position\":1,\"name\":\"Blog\",\"item\":\"https:\\\/\\\/www.motif.es\\\/blog\\\/\"},{\"@type\":\"ListItem\",\"position\":2,\"name\":\"insp\u00edrate\",\"item\":\"https:\\\/\\\/www.motif.es\\\/blog\\\/category\\\/inspirate\\\/\"},{\"@type\":\"ListItem\",\"position\":3,\"name\":\"Los estilos deco que marcar\u00e1n 2026 seg\u00fan los interioristas\"}]},{\"@type\":\"WebSite\",\"@id\":\"https:\\\/\\\/www.motif.es\\\/blog\\\/#website\",\"url\":\"https:\\\/\\\/www.motif.es\\\/blog\\\/\",\"name\":\"Blog Motif\",\"description\":\"nuestro rinc\u00f3n para inspirarte\",\"publisher\":{\"@id\":\"https:\\\/\\\/www.motif.es\\\/blog\\\/#organization\"},\"potentialAction\":[{\"@type\":\"SearchAction\",\"target\":{\"@type\":\"EntryPoint\",\"urlTemplate\":\"https:\\\/\\\/www.motif.es\\\/blog\\\/?s={search_term_string}\"},\"query-input\":{\"@type\":\"PropertyValueSpecification\",\"valueRequired\":true,\"valueName\":\"search_term_string\"}}],\"inLanguage\":\"es\"},{\"@type\":\"Organization\",\"@id\":\"https:\\\/\\\/www.motif.es\\\/blog\\\/#organization\",\"name\":\"Motif Wallpapers S.L.U.\",\"url\":\"https:\\\/\\\/www.motif.es\\\/blog\\\/\",\"logo\":{\"@type\":\"ImageObject\",\"inLanguage\":\"es\",\"@id\":\"https:\\\/\\\/www.motif.es\\\/blog\\\/#\\\/schema\\\/logo\\\/image\\\/\",\"url\":\"https:\\\/\\\/motif.es\\\/blog\\\/wp-content\\\/uploads\\\/2021\\\/06\\\/logo-motif.jpg\",\"contentUrl\":\"https:\\\/\\\/motif.es\\\/blog\\\/wp-content\\\/uploads\\\/2021\\\/06\\\/logo-motif.jpg\",\"width\":464,\"height\":464,\"caption\":\"Motif Wallpapers S.L.U.\"},\"image\":{\"@id\":\"https:\\\/\\\/www.motif.es\\\/blog\\\/#\\\/schema\\\/logo\\\/image\\\/\"},\"sameAs\":[\"https:\\\/\\\/www.facebook.com\\\/motifmorethanwalls\\\/\",\"https:\\\/\\\/www.instagram.com\\\/motif_es\\\/?hl=es\",\"https:\\\/\\\/www.pinterest.es\\\/motifwallpapers\\\/\",\"https:\\\/\\\/www.youtube.com\\\/channel\\\/UCNaOmbxD6LjcQNj4vmfVIUg\"]},{\"@type\":\"Person\",\"@id\":\"https:\\\/\\\/www.motif.es\\\/blog\\\/#\\\/schema\\\/person\\\/aac26ed80d8e02fb9525ec6b569d75e9\",\"name\":\"Comunicaci\u00f3n Motif\",\"image\":{\"@type\":\"ImageObject\",\"inLanguage\":\"es\",\"@id\":\"https:\\\/\\\/secure.gravatar.com\\\/avatar\\\/93b2fb49a03bd7a57b5f5e8c3b740113f14f25da86b090887d9353672de2d9b5?s=96&d=mm&r=g\",\"url\":\"https:\\\/\\\/secure.gravatar.com\\\/avatar\\\/93b2fb49a03bd7a57b5f5e8c3b740113f14f25da86b090887d9353672de2d9b5?s=96&d=mm&r=g\",\"contentUrl\":\"https:\\\/\\\/secure.gravatar.com\\\/avatar\\\/93b2fb49a03bd7a57b5f5e8c3b740113f14f25da86b090887d9353672de2d9b5?s=96&d=mm&r=g\",\"caption\":\"Comunicaci\u00f3n Motif\"},\"url\":\"https:\\\/\\\/www.motif.es\\\/blog\\\/author\\\/comunicacion\\\/\"}]}<\/script>\n<!-- \/ Yoast SEO plugin. -->","yoast_head_json":{"title":"Los estilos deco que marcar\u00e1n 2026 seg\u00fan los interioristas - Blog Motif","description":"Las principales revistas espa\u00f1olas especializadas en interiorismo coinciden en una misma direcci\u00f3n: 2026 ser\u00e1 el a\u00f1o en el que la decoraci\u00f3n deje atr\u00e1s","robots":{"index":"index","follow":"follow","max-snippet":"max-snippet:-1","max-image-preview":"max-image-preview:large","max-video-preview":"max-video-preview:-1"},"canonical":"https:\/\/www.motif.es\/blog\/los-estilos-deco-que-marcaran-2026-segun-los-interioristas\/","og_locale":"es_ES","og_type":"article","og_title":"Los estilos deco que marcar\u00e1n 2026 seg\u00fan los interioristas - Blog Motif","og_description":"Las principales revistas espa\u00f1olas especializadas en interiorismo coinciden en una misma direcci\u00f3n: 2026 ser\u00e1 el a\u00f1o en el que la decoraci\u00f3n deje atr\u00e1s","og_url":"https:\/\/www.motif.es\/blog\/los-estilos-deco-que-marcaran-2026-segun-los-interioristas\/","og_site_name":"Blog Motif","article_publisher":"https:\/\/www.facebook.com\/motifmorethanwalls\/","article_published_time":"2025-11-21T12:44:58+00:00","og_image":[{"width":1000,"height":1000,"url":"https:\/\/www.motif.es\/blog\/wp-content\/uploads\/2025\/11\/mural-autoadhesivo-fibras.jpg","type":"image\/jpeg"}],"author":"Comunicaci\u00f3n Motif","twitter_card":"summary_large_image","twitter_misc":{"Escrito por":"Comunicaci\u00f3n Motif","Tiempo de lectura":"3 minutos"},"schema":{"@context":"https:\/\/schema.org","@graph":[{"@type":"Article","@id":"https:\/\/www.motif.es\/blog\/los-estilos-deco-que-marcaran-2026-segun-los-interioristas\/#article","isPartOf":{"@id":"https:\/\/www.motif.es\/blog\/los-estilos-deco-que-marcaran-2026-segun-los-interioristas\/"},"author":{"name":"Comunicaci\u00f3n Motif","@id":"https:\/\/www.motif.es\/blog\/#\/schema\/person\/aac26ed80d8e02fb9525ec6b569d75e9"},"headline":"Los estilos deco que marcar\u00e1n 2026 seg\u00fan los interioristas","datePublished":"2025-11-21T12:44:58+00:00","mainEntityOfPage":{"@id":"https:\/\/www.motif.es\/blog\/los-estilos-deco-que-marcaran-2026-segun-los-interioristas\/"},"wordCount":483,"commentCount":0,"publisher":{"@id":"https:\/\/www.motif.es\/blog\/#organization"},"image":{"@id":"https:\/\/www.motif.es\/blog\/los-estilos-deco-que-marcaran-2026-segun-los-interioristas\/#primaryimage"},"thumbnailUrl":"https:\/\/www.motif.es\/blog\/wp-content\/uploads\/2025\/11\/mural-autoadhesivo-fibras.jpg","articleSection":["insp\u00edrate","interioristas"],"inLanguage":"es","potentialAction":[{"@type":"CommentAction","name":"Comment","target":["https:\/\/www.motif.es\/blog\/los-estilos-deco-que-marcaran-2026-segun-los-interioristas\/#respond"]}]},{"@type":"WebPage","@id":"https:\/\/www.motif.es\/blog\/los-estilos-deco-que-marcaran-2026-segun-los-interioristas\/","url":"https:\/\/www.motif.es\/blog\/los-estilos-deco-que-marcaran-2026-segun-los-interioristas\/","name":"Los estilos deco que marcar\u00e1n 2026 seg\u00fan los interioristas - Blog Motif","isPartOf":{"@id":"https:\/\/www.motif.es\/blog\/#website"},"primaryImageOfPage":{"@id":"https:\/\/www.motif.es\/blog\/los-estilos-deco-que-marcaran-2026-segun-los-interioristas\/#primaryimage"},"image":{"@id":"https:\/\/www.motif.es\/blog\/los-estilos-deco-que-marcaran-2026-segun-los-interioristas\/#primaryimage"},"thumbnailUrl":"https:\/\/www.motif.es\/blog\/wp-content\/uploads\/2025\/11\/mural-autoadhesivo-fibras.jpg","datePublished":"2025-11-21T12:44:58+00:00","description":"Las principales revistas espa\u00f1olas especializadas en interiorismo coinciden en una misma direcci\u00f3n: 2026 ser\u00e1 el a\u00f1o en el que la decoraci\u00f3n deje atr\u00e1s","breadcrumb":{"@id":"https:\/\/www.motif.es\/blog\/los-estilos-deco-que-marcaran-2026-segun-los-interioristas\/#breadcrumb"},"inLanguage":"es","potentialAction":[{"@type":"ReadAction","target":["https:\/\/www.motif.es\/blog\/los-estilos-deco-que-marcaran-2026-segun-los-interioristas\/"]}]},{"@type":"ImageObject","inLanguage":"es","@id":"https:\/\/www.motif.es\/blog\/los-estilos-deco-que-marcaran-2026-segun-los-interioristas\/#primaryimage","url":"https:\/\/www.motif.es\/blog\/wp-content\/uploads\/2025\/11\/mural-autoadhesivo-fibras.jpg","contentUrl":"https:\/\/www.motif.es\/blog\/wp-content\/uploads\/2025\/11\/mural-autoadhesivo-fibras.jpg","width":1000,"height":1000},{"@type":"BreadcrumbList","@id":"https:\/\/www.motif.es\/blog\/los-estilos-deco-que-marcaran-2026-segun-los-interioristas\/#breadcrumb","itemListElement":[{"@type":"ListItem","position":1,"name":"Blog","item":"https:\/\/www.motif.es\/blog\/"},{"@type":"ListItem","position":2,"name":"insp\u00edrate","item":"https:\/\/www.motif.es\/blog\/category\/inspirate\/"},{"@type":"ListItem","position":3,"name":"Los estilos deco que marcar\u00e1n 2026 seg\u00fan los interioristas"}]},{"@type":"WebSite","@id":"https:\/\/www.motif.es\/blog\/#website","url":"https:\/\/www.motif.es\/blog\/","name":"Blog Motif","description":"nuestro rinc\u00f3n para inspirarte","publisher":{"@id":"https:\/\/www.motif.es\/blog\/#organization"},"potentialAction":[{"@type":"SearchAction","target":{"@type":"EntryPoint","urlTemplate":"https:\/\/www.motif.es\/blog\/?s={search_term_string}"},"query-input":{"@type":"PropertyValueSpecification","valueRequired":true,"valueName":"search_term_string"}}],"inLanguage":"es"},{"@type":"Organization","@id":"https:\/\/www.motif.es\/blog\/#organization","name":"Motif Wallpapers S.L.U.","url":"https:\/\/www.motif.es\/blog\/","logo":{"@type":"ImageObject","inLanguage":"es","@id":"https:\/\/www.motif.es\/blog\/#\/schema\/logo\/image\/","url":"https:\/\/motif.es\/blog\/wp-content\/uploads\/2021\/06\/logo-motif.jpg","contentUrl":"https:\/\/motif.es\/blog\/wp-content\/uploads\/2021\/06\/logo-motif.jpg","width":464,"height":464,"caption":"Motif Wallpapers S.L.U."},"image":{"@id":"https:\/\/www.motif.es\/blog\/#\/schema\/logo\/image\/"},"sameAs":["https:\/\/www.facebook.com\/motifmorethanwalls\/","https:\/\/www.instagram.com\/motif_es\/?hl=es","https:\/\/www.pinterest.es\/motifwallpapers\/","https:\/\/www.youtube.com\/channel\/UCNaOmbxD6LjcQNj4vmfVIUg"]},{"@type":"Person","@id":"https:\/\/www.motif.es\/blog\/#\/schema\/person\/aac26ed80d8e02fb9525ec6b569d75e9","name":"Comunicaci\u00f3n Motif","image":{"@type":"ImageObject","inLanguage":"es","@id":"https:\/\/secure.gravatar.com\/avatar\/93b2fb49a03bd7a57b5f5e8c3b740113f14f25da86b090887d9353672de2d9b5?s=96&d=mm&r=g","url":"https:\/\/secure.gravatar.com\/avatar\/93b2fb49a03bd7a57b5f5e8c3b740113f14f25da86b090887d9353672de2d9b5?s=96&d=mm&r=g","contentUrl":"https:\/\/secure.gravatar.com\/avatar\/93b2fb49a03bd7a57b5f5e8c3b740113f14f25da86b090887d9353672de2d9b5?s=96&d=mm&r=g","caption":"Comunicaci\u00f3n Motif"},"url":"https:\/\/www.motif.es\/blog\/author\/comunicacion\/"}]}},"_links":{"self":[{"href":"https:\/\/www.motif.es\/blog\/wp-json\/wp\/v2\/posts\/3331","targetHints":{"allow":["GET"]}}],"collection":[{"href":"https:\/\/www.motif.es\/blog\/wp-json\/wp\/v2\/posts"}],"about":[{"href":"https:\/\/www.motif.es\/blog\/wp-json\/wp\/v2\/types\/post"}],"author":[{"embeddable":true,"href":"https:\/\/www.motif.es\/blog\/wp-json\/wp\/v2\/users\/2"}],"replies":[{"embeddable":true,"href":"https:\/\/www.motif.es\/blog\/wp-json\/wp\/v2\/comments?post=3331"}],"version-history":[{"count":1,"href":"https:\/\/www.motif.es\/blog\/wp-json\/wp\/v2\/posts\/3331\/revisions"}],"predecessor-version":[{"id":3336,"href":"https:\/\/www.motif.es\/blog\/wp-json\/wp\/v2\/posts\/3331\/revisions\/3336"}],"wp:featuredmedia":[{"embeddable":true,"href":"https:\/\/www.motif.es\/blog\/wp-json\/wp\/v2\/media\/3332"}],"wp:attachment":[{"href":"https:\/\/www.motif.es\/blog\/wp-json\/wp\/v2\/media?parent=3331"}],"wp:term":[{"taxonomy":"category","embeddable":true,"href":"https:\/\/www.motif.es\/blog\/wp-json\/wp\/v2\/categories?post=3331"},{"taxonomy":"post_tag","embeddable":true,"href":"https:\/\/www.motif.es\/blog\/wp-json\/wp\/v2\/tags?post=3331"}],"curies":[{"name":"wp","href":"https:\/\/api.w.org\/{rel}","templated":true}]}}