{"id":3343,"date":"2025-12-03T08:56:05","date_gmt":"2025-12-03T08:56:05","guid":{"rendered":"https:\/\/www.motif.es\/blog\/?p=3343"},"modified":"2025-12-02T09:24:32","modified_gmt":"2025-12-02T09:24:32","slug":"como-decorar-la-mesa-en-navidad-ideas-frescas-para-un-ambiente-calido-y-personal","status":"publish","type":"post","link":"https:\/\/www.motif.es\/blog\/como-decorar-la-mesa-en-navidad-ideas-frescas-para-un-ambiente-calido-y-personal\/","title":{"rendered":"C\u00f3mo decorar la mesa en Navidad: ideas frescas para un ambiente c\u00e1lido y personal"},"content":{"rendered":"<p data-start=\"350\" data-end=\"753\">La<strong> decoraci\u00f3n de la mesa de Navidad<\/strong> es, para muchas casas, el coraz\u00f3n de las fiestas. Es donde las conversaciones se alargan, donde los sabores brillan m\u00e1s y donde cada detalle puede transformar la experiencia. Este a\u00f1o, <strong>las tendencias apuntan hacia mesas m\u00e1s naturales<\/strong>, textiles que aportan textura y elementos flexibles que permiten jugar con la decoraci\u00f3n sin complicaciones. Aqu\u00ed van algunas claves para conseguirlo.<\/p>\n<h5 data-start=\"490\" data-end=\"1021\">1. Empieza por una base que encaje con tu estilo<\/h5>\n<p data-start=\"490\" data-end=\"1021\">La mesa de navidad permite jugar con distintas capas: mantel de tela, caminos de mesa o incluso la madera vista si quieres una est\u00e9tica m\u00e1s org\u00e1nica. Sobre esa base, l<strong>os manteles individuales se convierten en un apoyo perfecto para ordenar los espacios de cada comensal<\/strong> y dar un punto decorativo extra. Los modelos vin\u00edlicos acolchados son una gran opci\u00f3n para estas fechas, ya que son muy resistentes y permiten a\u00f1adir textura y dise\u00f1o sin preocuparte por manchas o marcas.<\/p>\n<p style=\"text-align: center;\" data-start=\"490\" data-end=\"1021\"><img loading=\"lazy\" decoding=\"async\" class=\"alignnone size-full wp-image-3344\" src=\"https:\/\/www.motif.es\/blog\/wp-content\/uploads\/2025\/12\/pack-de-6-manteles-tropic-38.jpg\" alt=\"\" width=\"1000\" height=\"1000\" srcset=\"https:\/\/www.motif.es\/blog\/wp-content\/uploads\/2025\/12\/pack-de-6-manteles-tropic-38.jpg 1000w, https:\/\/www.motif.es\/blog\/wp-content\/uploads\/2025\/12\/pack-de-6-manteles-tropic-38-300x300.jpg 300w, https:\/\/www.motif.es\/blog\/wp-content\/uploads\/2025\/12\/pack-de-6-manteles-tropic-38-150x150.jpg 150w, https:\/\/www.motif.es\/blog\/wp-content\/uploads\/2025\/12\/pack-de-6-manteles-tropic-38-768x768.jpg 768w, https:\/\/www.motif.es\/blog\/wp-content\/uploads\/2025\/12\/pack-de-6-manteles-tropic-38-400x400.jpg 400w\" sizes=\"auto, (max-width: 1000px) 100vw, 1000px\" \/><\/p>\n<p style=\"text-align: center;\" data-start=\"490\" data-end=\"1021\"><a href=\"https:\/\/www.motif.es\/posavasos\/20356-posavasos-tropical-pack-de-6.html\" target=\"_blank\" rel=\"noopener\">Manteles individuales Tropical de MOTIF<\/a><\/p>\n<h5 data-start=\"1232\" data-end=\"1638\"><strong data-start=\"1232\" data-end=\"1271\">2. Combina texturas sin sobrecargar<\/strong><\/h5>\n<p data-start=\"1232\" data-end=\"1638\">La clave est\u00e1 en equilibrar. Si eliges vajilla blanca o cristal transparente, apuesta por <strong>manteles individuales con dibujo o color<\/strong> o <strong>caminos de mesa<\/strong> para crear inter\u00e9s visual. Si tu vajilla ya tiene personalidad, opta por modelos de tonos lisos o patrones suaves. Las superficies acolchadas hacen que cada pieza destaque sin resultar r\u00edgida, aportando ese toque acogedor que pide la Navidad.<\/p>\n<p style=\"text-align: center;\" data-start=\"1232\" data-end=\"1638\"><img loading=\"lazy\" decoding=\"async\" class=\"alignnone size-full wp-image-3346\" src=\"https:\/\/www.motif.es\/blog\/wp-content\/uploads\/2025\/12\/camino-de-mesa-floral.jpg\" alt=\"\" width=\"1000\" height=\"1000\" srcset=\"https:\/\/www.motif.es\/blog\/wp-content\/uploads\/2025\/12\/camino-de-mesa-floral.jpg 1000w, https:\/\/www.motif.es\/blog\/wp-content\/uploads\/2025\/12\/camino-de-mesa-floral-300x300.jpg 300w, https:\/\/www.motif.es\/blog\/wp-content\/uploads\/2025\/12\/camino-de-mesa-floral-150x150.jpg 150w, https:\/\/www.motif.es\/blog\/wp-content\/uploads\/2025\/12\/camino-de-mesa-floral-768x768.jpg 768w, https:\/\/www.motif.es\/blog\/wp-content\/uploads\/2025\/12\/camino-de-mesa-floral-400x400.jpg 400w\" sizes=\"auto, (max-width: 1000px) 100vw, 1000px\" \/><\/p>\n<p style=\"text-align: center;\" data-start=\"1232\" data-end=\"1638\"><a href=\"https:\/\/www.motif.es\/caminos-de-mesa\/13-35-camino-de-mesa-floral.html#\/24-tamano_camino_de_mesa-38x100cm\/64-color-multicolor\" target=\"_blank\" rel=\"noopener\"><em>Camino de mesa Floral de MOTIF<\/em><\/a><\/p>\n<h5 data-start=\"1640\" data-end=\"1994\"><strong data-start=\"1640\" data-end=\"1671\">3. Crea capas con intenci\u00f3n<\/strong><\/h5>\n<p data-start=\"1640\" data-end=\"1994\">Superponer elementos es una t\u00e9cnica cl\u00e1sica del estilismo de mesa. Prueba a colocar una ramita de eucalipto sobre un plato, un peque\u00f1o detalle vegetal que funciona con cualquier estilo. A\u00f1ade servilletas de algod\u00f3n o lino plegadas con naturalidad y coloca los cubiertos en diagonal para un toque informal pero cuidado.<\/p>\n<p data-start=\"1640\" data-end=\"1994\"><img decoding=\"async\" src=\"https:\/\/www.motif.es\/blog\/wp-content\/uploads\/2025\/12\/pack-de-6-manteles-y-6-posavasos-flowers.jpg\" \/><\/p>\n<p style=\"text-align: center;\" data-start=\"1640\" data-end=\"1994\"><a href=\"https:\/\/www.motif.es\/pack-manteles-y-posavasos\/20925-pack-de-6-manteles-y-6-posavasos-flowers.html\" target=\"_blank\" rel=\"noopener\">Manteles y posavasos Flowers de MOTIF<\/a><\/p>\n<h5 data-start=\"1996\" data-end=\"2318\"><strong data-start=\"1996\" data-end=\"2049\">4. Apuesta por la luz que acompa\u00f1a, no que invade<\/strong><\/h5>\n<p data-start=\"1996\" data-end=\"2318\">Las velas siguen siendo protagonistas. Escoge unas finas para aportar verticalidad y otras m\u00e1s bajas para crear puntos c\u00e1lidos a lo largo de la mesa. Si tu decoraci\u00f3n incluye dorados o cobres, esta iluminaci\u00f3n suave har\u00e1 que brillen sin restar protagonismo al resto.<\/p>\n<p style=\"text-align: center;\" data-start=\"1996\" data-end=\"2318\"><img loading=\"lazy\" decoding=\"async\" class=\"alignnone size-full wp-image-3347\" src=\"https:\/\/www.motif.es\/blog\/wp-content\/uploads\/2025\/12\/pack-de-6-manteles-mirta.jpg\" alt=\"\" width=\"1000\" height=\"1000\" srcset=\"https:\/\/www.motif.es\/blog\/wp-content\/uploads\/2025\/12\/pack-de-6-manteles-mirta.jpg 1000w, https:\/\/www.motif.es\/blog\/wp-content\/uploads\/2025\/12\/pack-de-6-manteles-mirta-300x300.jpg 300w, https:\/\/www.motif.es\/blog\/wp-content\/uploads\/2025\/12\/pack-de-6-manteles-mirta-150x150.jpg 150w, https:\/\/www.motif.es\/blog\/wp-content\/uploads\/2025\/12\/pack-de-6-manteles-mirta-768x768.jpg 768w, https:\/\/www.motif.es\/blog\/wp-content\/uploads\/2025\/12\/pack-de-6-manteles-mirta-400x400.jpg 400w\" sizes=\"auto, (max-width: 1000px) 100vw, 1000px\" \/><\/p>\n<p style=\"text-align: center;\" data-start=\"1996\" data-end=\"2318\"><a href=\"https:\/\/www.motif.es\/manteles-individuales\/20965-25675-pack-de-6-manteles-mirta.html#\/31-tamano_mantel_individual-38cm_diametro\/54-color-verde\" target=\"_blank\" rel=\"noopener\"><em>Manteles individales Mirta de MOTIF<\/em><\/a><\/p>\n<h5 data-start=\"2320\" data-end=\"2656\"><strong data-start=\"2320\" data-end=\"2358\">5. Personaliza con peque\u00f1os gestos<\/strong><\/h5>\n<p data-start=\"2320\" data-end=\"2656\">Una tarjeta con el nombre, una mini esfera navide\u00f1a sobre el plato o un peque\u00f1o lazo en la servilleta marcan la diferencia sin esfuerzo. Con los <strong>manteles individuales en distintos formatos<\/strong>: redondos, rectangulares o incluso dise\u00f1os org\u00e1nicos, puedes jugar a crear composiciones adaptadas a cada invitado.<\/p>\n<p style=\"text-align: center;\" data-start=\"2320\" data-end=\"2656\"><img loading=\"lazy\" decoding=\"async\" class=\"alignnone size-full wp-image-3348\" src=\"https:\/\/www.motif.es\/blog\/wp-content\/uploads\/2025\/12\/pack-de-6-manteles-christmas-crown.jpg\" alt=\"\" width=\"1000\" height=\"1000\" srcset=\"https:\/\/www.motif.es\/blog\/wp-content\/uploads\/2025\/12\/pack-de-6-manteles-christmas-crown.jpg 1000w, https:\/\/www.motif.es\/blog\/wp-content\/uploads\/2025\/12\/pack-de-6-manteles-christmas-crown-300x300.jpg 300w, https:\/\/www.motif.es\/blog\/wp-content\/uploads\/2025\/12\/pack-de-6-manteles-christmas-crown-150x150.jpg 150w, https:\/\/www.motif.es\/blog\/wp-content\/uploads\/2025\/12\/pack-de-6-manteles-christmas-crown-768x768.jpg 768w, https:\/\/www.motif.es\/blog\/wp-content\/uploads\/2025\/12\/pack-de-6-manteles-christmas-crown-400x400.jpg 400w\" sizes=\"auto, (max-width: 1000px) 100vw, 1000px\" \/><\/p>\n<p style=\"text-align: center;\" data-start=\"2320\" data-end=\"2656\"><a href=\"https:\/\/www.motif.es\/especial-navidad\/20069-pack-de-6-manteles-christmas-crown.html\" target=\"_blank\" rel=\"noopener\"><em>Manteles individuales Christmas Crown de MOTIF<\/em><\/a><\/p>\n<h5 data-start=\"2658\" data-end=\"2969\"><strong data-start=\"2658\" data-end=\"2687\">6. Disfruta del resultado<\/strong><\/h5>\n<p data-start=\"2658\" data-end=\"2969\">La mesa perfecta no es la m\u00e1s recargada, sino aquella que invita a quedarse. Una <strong>decoraci\u00f3n pensada, funcional y bonita<\/strong> transforma cualquier reuni\u00f3n en un momento especial. Y cuando los elementos son resistentes, pr\u00e1cticos y con estilo, solo queda encender las velas y disfrutar.<\/p>\n<p style=\"text-align: center;\" data-start=\"2658\" data-end=\"2969\"><img loading=\"lazy\" decoding=\"async\" class=\"alignnone size-full wp-image-3349\" src=\"https:\/\/www.motif.es\/blog\/wp-content\/uploads\/2025\/12\/pack-de-6-manteles-thai.jpg\" alt=\"\" width=\"1000\" height=\"1000\" srcset=\"https:\/\/www.motif.es\/blog\/wp-content\/uploads\/2025\/12\/pack-de-6-manteles-thai.jpg 1000w, https:\/\/www.motif.es\/blog\/wp-content\/uploads\/2025\/12\/pack-de-6-manteles-thai-300x300.jpg 300w, https:\/\/www.motif.es\/blog\/wp-content\/uploads\/2025\/12\/pack-de-6-manteles-thai-150x150.jpg 150w, https:\/\/www.motif.es\/blog\/wp-content\/uploads\/2025\/12\/pack-de-6-manteles-thai-768x768.jpg 768w, https:\/\/www.motif.es\/blog\/wp-content\/uploads\/2025\/12\/pack-de-6-manteles-thai-400x400.jpg 400w\" sizes=\"auto, (max-width: 1000px) 100vw, 1000px\" \/><\/p>\n<p style=\"text-align: center;\" data-start=\"2658\" data-end=\"2969\"><a href=\"https:\/\/www.motif.es\/manteles-individuales\/20544-17009-pack-de-6-manteles-thai.html#\/32-tamano_mantel_individual-48x33cm\/57-color-beige\" target=\"_blank\" rel=\"noopener\"><em>Manteles individuales Thai de MOTIF<\/em><\/a><\/p>\n","protected":false},"excerpt":{"rendered":"<p>La decoraci\u00f3n de la mesa de Navidad es, para muchas casas, el coraz\u00f3n de las fiestas. Es donde las conversaciones se alargan, donde los sabores brillan m\u00e1s y donde cada detalle puede transformar la experiencia. Este a\u00f1o, las tendencias apuntan hacia mesas m\u00e1s naturales, textiles que aportan textura y elementos flexibles que permiten jugar con [&#8230;]<\/p>\n","protected":false},"author":2,"featured_media":3345,"comment_status":"open","ping_status":"open","sticky":false,"template":"","format":"standard","meta":{"_acf_changed":false,"footnotes":""},"categories":[9,3,2],"tags":[],"class_list":["post-3343","post","type-post","status-publish","format-standard","has-post-thumbnail","hentry","category-inspirate","category-sobre-caminos-de-mesa","category-sobre-manteles-individuales"],"acf":[],"yoast_head":"<!-- This site is optimized with the Yoast SEO plugin v27.5 - https:\/\/yoast.com\/product\/yoast-seo-wordpress\/ -->\n<title>C\u00f3mo decorar la mesa en Navidad: ideas frescas para un ambiente c\u00e1lido y personal - Blog Motif<\/title>\n<meta name=\"description\" content=\"La decoraci\u00f3n de la mesa de Navidad es, para muchas casas, el coraz\u00f3n de las fiestas. Es donde las conversaciones se alargan, donde los sabores brillan\" \/>\n<meta name=\"robots\" content=\"index, follow, max-snippet:-1, max-image-preview:large, max-video-preview:-1\" \/>\n<link rel=\"canonical\" href=\"https:\/\/www.motif.es\/blog\/como-decorar-la-mesa-en-navidad-ideas-frescas-para-un-ambiente-calido-y-personal\/\" \/>\n<meta property=\"og:locale\" content=\"es_ES\" \/>\n<meta property=\"og:type\" content=\"article\" \/>\n<meta property=\"og:title\" content=\"C\u00f3mo decorar la mesa en Navidad: ideas frescas para un ambiente c\u00e1lido y personal - Blog Motif\" \/>\n<meta property=\"og:description\" content=\"La decoraci\u00f3n de la mesa de Navidad es, para muchas casas, el coraz\u00f3n de las fiestas. Es donde las conversaciones se alargan, donde los sabores brillan\" \/>\n<meta property=\"og:url\" content=\"https:\/\/www.motif.es\/blog\/como-decorar-la-mesa-en-navidad-ideas-frescas-para-un-ambiente-calido-y-personal\/\" \/>\n<meta property=\"og:site_name\" content=\"Blog Motif\" \/>\n<meta property=\"article:publisher\" content=\"https:\/\/www.facebook.com\/motifmorethanwalls\/\" \/>\n<meta property=\"article:published_time\" content=\"2025-12-03T08:56:05+00:00\" \/>\n<meta property=\"og:image\" content=\"https:\/\/www.motif.es\/blog\/wp-content\/uploads\/2025\/12\/pack-de-6-manteles-y-6-posavasos-flowers.jpg\" \/>\n\t<meta property=\"og:image:width\" content=\"1000\" \/>\n\t<meta property=\"og:image:height\" content=\"1000\" \/>\n\t<meta property=\"og:image:type\" content=\"image\/jpeg\" \/>\n<meta name=\"author\" content=\"Comunicaci\u00f3n Motif\" \/>\n<meta name=\"twitter:card\" content=\"summary_large_image\" \/>\n<meta name=\"twitter:label1\" content=\"Escrito por\" \/>\n\t<meta name=\"twitter:data1\" content=\"Comunicaci\u00f3n Motif\" \/>\n\t<meta name=\"twitter:label2\" content=\"Tiempo de lectura\" \/>\n\t<meta name=\"twitter:data2\" content=\"4 minutos\" \/>\n<script type=\"application\/ld+json\" class=\"yoast-schema-graph\">{\"@context\":\"https:\\\/\\\/schema.org\",\"@graph\":[{\"@type\":\"Article\",\"@id\":\"https:\\\/\\\/www.motif.es\\\/blog\\\/como-decorar-la-mesa-en-navidad-ideas-frescas-para-un-ambiente-calido-y-personal\\\/#article\",\"isPartOf\":{\"@id\":\"https:\\\/\\\/www.motif.es\\\/blog\\\/como-decorar-la-mesa-en-navidad-ideas-frescas-para-un-ambiente-calido-y-personal\\\/\"},\"author\":{\"name\":\"Comunicaci\u00f3n Motif\",\"@id\":\"https:\\\/\\\/www.motif.es\\\/blog\\\/#\\\/schema\\\/person\\\/aac26ed80d8e02fb9525ec6b569d75e9\"},\"headline\":\"C\u00f3mo decorar la mesa en Navidad: ideas frescas para un ambiente c\u00e1lido y personal\",\"datePublished\":\"2025-12-03T08:56:05+00:00\",\"mainEntityOfPage\":{\"@id\":\"https:\\\/\\\/www.motif.es\\\/blog\\\/como-decorar-la-mesa-en-navidad-ideas-frescas-para-un-ambiente-calido-y-personal\\\/\"},\"wordCount\":506,\"commentCount\":0,\"publisher\":{\"@id\":\"https:\\\/\\\/www.motif.es\\\/blog\\\/#organization\"},\"image\":{\"@id\":\"https:\\\/\\\/www.motif.es\\\/blog\\\/como-decorar-la-mesa-en-navidad-ideas-frescas-para-un-ambiente-calido-y-personal\\\/#primaryimage\"},\"thumbnailUrl\":\"https:\\\/\\\/www.motif.es\\\/blog\\\/wp-content\\\/uploads\\\/2025\\\/12\\\/pack-de-6-manteles-y-6-posavasos-flowers.jpg\",\"articleSection\":[\"insp\u00edrate\",\"sobre caminos de mesa\",\"sobre manteles individuales\"],\"inLanguage\":\"es\",\"potentialAction\":[{\"@type\":\"CommentAction\",\"name\":\"Comment\",\"target\":[\"https:\\\/\\\/www.motif.es\\\/blog\\\/como-decorar-la-mesa-en-navidad-ideas-frescas-para-un-ambiente-calido-y-personal\\\/#respond\"]}]},{\"@type\":\"WebPage\",\"@id\":\"https:\\\/\\\/www.motif.es\\\/blog\\\/como-decorar-la-mesa-en-navidad-ideas-frescas-para-un-ambiente-calido-y-personal\\\/\",\"url\":\"https:\\\/\\\/www.motif.es\\\/blog\\\/como-decorar-la-mesa-en-navidad-ideas-frescas-para-un-ambiente-calido-y-personal\\\/\",\"name\":\"C\u00f3mo decorar la mesa en Navidad: ideas frescas para un ambiente c\u00e1lido y personal - Blog Motif\",\"isPartOf\":{\"@id\":\"https:\\\/\\\/www.motif.es\\\/blog\\\/#website\"},\"primaryImageOfPage\":{\"@id\":\"https:\\\/\\\/www.motif.es\\\/blog\\\/como-decorar-la-mesa-en-navidad-ideas-frescas-para-un-ambiente-calido-y-personal\\\/#primaryimage\"},\"image\":{\"@id\":\"https:\\\/\\\/www.motif.es\\\/blog\\\/como-decorar-la-mesa-en-navidad-ideas-frescas-para-un-ambiente-calido-y-personal\\\/#primaryimage\"},\"thumbnailUrl\":\"https:\\\/\\\/www.motif.es\\\/blog\\\/wp-content\\\/uploads\\\/2025\\\/12\\\/pack-de-6-manteles-y-6-posavasos-flowers.jpg\",\"datePublished\":\"2025-12-03T08:56:05+00:00\",\"description\":\"La decoraci\u00f3n de la mesa de Navidad es, para muchas casas, el coraz\u00f3n de las fiestas. Es donde las conversaciones se alargan, donde los sabores brillan\",\"breadcrumb\":{\"@id\":\"https:\\\/\\\/www.motif.es\\\/blog\\\/como-decorar-la-mesa-en-navidad-ideas-frescas-para-un-ambiente-calido-y-personal\\\/#breadcrumb\"},\"inLanguage\":\"es\",\"potentialAction\":[{\"@type\":\"ReadAction\",\"target\":[\"https:\\\/\\\/www.motif.es\\\/blog\\\/como-decorar-la-mesa-en-navidad-ideas-frescas-para-un-ambiente-calido-y-personal\\\/\"]}]},{\"@type\":\"ImageObject\",\"inLanguage\":\"es\",\"@id\":\"https:\\\/\\\/www.motif.es\\\/blog\\\/como-decorar-la-mesa-en-navidad-ideas-frescas-para-un-ambiente-calido-y-personal\\\/#primaryimage\",\"url\":\"https:\\\/\\\/www.motif.es\\\/blog\\\/wp-content\\\/uploads\\\/2025\\\/12\\\/pack-de-6-manteles-y-6-posavasos-flowers.jpg\",\"contentUrl\":\"https:\\\/\\\/www.motif.es\\\/blog\\\/wp-content\\\/uploads\\\/2025\\\/12\\\/pack-de-6-manteles-y-6-posavasos-flowers.jpg\",\"width\":1000,\"height\":1000},{\"@type\":\"BreadcrumbList\",\"@id\":\"https:\\\/\\\/www.motif.es\\\/blog\\\/como-decorar-la-mesa-en-navidad-ideas-frescas-para-un-ambiente-calido-y-personal\\\/#breadcrumb\",\"itemListElement\":[{\"@type\":\"ListItem\",\"position\":1,\"name\":\"Blog\",\"item\":\"https:\\\/\\\/www.motif.es\\\/blog\\\/\"},{\"@type\":\"ListItem\",\"position\":2,\"name\":\"insp\u00edrate\",\"item\":\"https:\\\/\\\/www.motif.es\\\/blog\\\/category\\\/inspirate\\\/\"},{\"@type\":\"ListItem\",\"position\":3,\"name\":\"C\u00f3mo decorar la mesa en Navidad: ideas frescas para un ambiente c\u00e1lido y personal\"}]},{\"@type\":\"WebSite\",\"@id\":\"https:\\\/\\\/www.motif.es\\\/blog\\\/#website\",\"url\":\"https:\\\/\\\/www.motif.es\\\/blog\\\/\",\"name\":\"Blog Motif\",\"description\":\"nuestro rinc\u00f3n para inspirarte\",\"publisher\":{\"@id\":\"https:\\\/\\\/www.motif.es\\\/blog\\\/#organization\"},\"potentialAction\":[{\"@type\":\"SearchAction\",\"target\":{\"@type\":\"EntryPoint\",\"urlTemplate\":\"https:\\\/\\\/www.motif.es\\\/blog\\\/?s={search_term_string}\"},\"query-input\":{\"@type\":\"PropertyValueSpecification\",\"valueRequired\":true,\"valueName\":\"search_term_string\"}}],\"inLanguage\":\"es\"},{\"@type\":\"Organization\",\"@id\":\"https:\\\/\\\/www.motif.es\\\/blog\\\/#organization\",\"name\":\"Motif Wallpapers S.L.U.\",\"url\":\"https:\\\/\\\/www.motif.es\\\/blog\\\/\",\"logo\":{\"@type\":\"ImageObject\",\"inLanguage\":\"es\",\"@id\":\"https:\\\/\\\/www.motif.es\\\/blog\\\/#\\\/schema\\\/logo\\\/image\\\/\",\"url\":\"https:\\\/\\\/motif.es\\\/blog\\\/wp-content\\\/uploads\\\/2021\\\/06\\\/logo-motif.jpg\",\"contentUrl\":\"https:\\\/\\\/motif.es\\\/blog\\\/wp-content\\\/uploads\\\/2021\\\/06\\\/logo-motif.jpg\",\"width\":464,\"height\":464,\"caption\":\"Motif Wallpapers S.L.U.\"},\"image\":{\"@id\":\"https:\\\/\\\/www.motif.es\\\/blog\\\/#\\\/schema\\\/logo\\\/image\\\/\"},\"sameAs\":[\"https:\\\/\\\/www.facebook.com\\\/motifmorethanwalls\\\/\",\"https:\\\/\\\/www.instagram.com\\\/motif_es\\\/?hl=es\",\"https:\\\/\\\/www.pinterest.es\\\/motifwallpapers\\\/\",\"https:\\\/\\\/www.youtube.com\\\/channel\\\/UCNaOmbxD6LjcQNj4vmfVIUg\"]},{\"@type\":\"Person\",\"@id\":\"https:\\\/\\\/www.motif.es\\\/blog\\\/#\\\/schema\\\/person\\\/aac26ed80d8e02fb9525ec6b569d75e9\",\"name\":\"Comunicaci\u00f3n Motif\",\"image\":{\"@type\":\"ImageObject\",\"inLanguage\":\"es\",\"@id\":\"https:\\\/\\\/secure.gravatar.com\\\/avatar\\\/93b2fb49a03bd7a57b5f5e8c3b740113f14f25da86b090887d9353672de2d9b5?s=96&d=mm&r=g\",\"url\":\"https:\\\/\\\/secure.gravatar.com\\\/avatar\\\/93b2fb49a03bd7a57b5f5e8c3b740113f14f25da86b090887d9353672de2d9b5?s=96&d=mm&r=g\",\"contentUrl\":\"https:\\\/\\\/secure.gravatar.com\\\/avatar\\\/93b2fb49a03bd7a57b5f5e8c3b740113f14f25da86b090887d9353672de2d9b5?s=96&d=mm&r=g\",\"caption\":\"Comunicaci\u00f3n Motif\"},\"url\":\"https:\\\/\\\/www.motif.es\\\/blog\\\/author\\\/comunicacion\\\/\"}]}<\/script>\n<!-- \/ Yoast SEO plugin. -->","yoast_head_json":{"title":"C\u00f3mo decorar la mesa en Navidad: ideas frescas para un ambiente c\u00e1lido y personal - Blog Motif","description":"La decoraci\u00f3n de la mesa de Navidad es, para muchas casas, el coraz\u00f3n de las fiestas. Es donde las conversaciones se alargan, donde los sabores brillan","robots":{"index":"index","follow":"follow","max-snippet":"max-snippet:-1","max-image-preview":"max-image-preview:large","max-video-preview":"max-video-preview:-1"},"canonical":"https:\/\/www.motif.es\/blog\/como-decorar-la-mesa-en-navidad-ideas-frescas-para-un-ambiente-calido-y-personal\/","og_locale":"es_ES","og_type":"article","og_title":"C\u00f3mo decorar la mesa en Navidad: ideas frescas para un ambiente c\u00e1lido y personal - Blog Motif","og_description":"La decoraci\u00f3n de la mesa de Navidad es, para muchas casas, el coraz\u00f3n de las fiestas. Es donde las conversaciones se alargan, donde los sabores brillan","og_url":"https:\/\/www.motif.es\/blog\/como-decorar-la-mesa-en-navidad-ideas-frescas-para-un-ambiente-calido-y-personal\/","og_site_name":"Blog Motif","article_publisher":"https:\/\/www.facebook.com\/motifmorethanwalls\/","article_published_time":"2025-12-03T08:56:05+00:00","og_image":[{"width":1000,"height":1000,"url":"https:\/\/www.motif.es\/blog\/wp-content\/uploads\/2025\/12\/pack-de-6-manteles-y-6-posavasos-flowers.jpg","type":"image\/jpeg"}],"author":"Comunicaci\u00f3n Motif","twitter_card":"summary_large_image","twitter_misc":{"Escrito por":"Comunicaci\u00f3n Motif","Tiempo de lectura":"4 minutos"},"schema":{"@context":"https:\/\/schema.org","@graph":[{"@type":"Article","@id":"https:\/\/www.motif.es\/blog\/como-decorar-la-mesa-en-navidad-ideas-frescas-para-un-ambiente-calido-y-personal\/#article","isPartOf":{"@id":"https:\/\/www.motif.es\/blog\/como-decorar-la-mesa-en-navidad-ideas-frescas-para-un-ambiente-calido-y-personal\/"},"author":{"name":"Comunicaci\u00f3n Motif","@id":"https:\/\/www.motif.es\/blog\/#\/schema\/person\/aac26ed80d8e02fb9525ec6b569d75e9"},"headline":"C\u00f3mo decorar la mesa en Navidad: ideas frescas para un ambiente c\u00e1lido y personal","datePublished":"2025-12-03T08:56:05+00:00","mainEntityOfPage":{"@id":"https:\/\/www.motif.es\/blog\/como-decorar-la-mesa-en-navidad-ideas-frescas-para-un-ambiente-calido-y-personal\/"},"wordCount":506,"commentCount":0,"publisher":{"@id":"https:\/\/www.motif.es\/blog\/#organization"},"image":{"@id":"https:\/\/www.motif.es\/blog\/como-decorar-la-mesa-en-navidad-ideas-frescas-para-un-ambiente-calido-y-personal\/#primaryimage"},"thumbnailUrl":"https:\/\/www.motif.es\/blog\/wp-content\/uploads\/2025\/12\/pack-de-6-manteles-y-6-posavasos-flowers.jpg","articleSection":["insp\u00edrate","sobre caminos de mesa","sobre manteles individuales"],"inLanguage":"es","potentialAction":[{"@type":"CommentAction","name":"Comment","target":["https:\/\/www.motif.es\/blog\/como-decorar-la-mesa-en-navidad-ideas-frescas-para-un-ambiente-calido-y-personal\/#respond"]}]},{"@type":"WebPage","@id":"https:\/\/www.motif.es\/blog\/como-decorar-la-mesa-en-navidad-ideas-frescas-para-un-ambiente-calido-y-personal\/","url":"https:\/\/www.motif.es\/blog\/como-decorar-la-mesa-en-navidad-ideas-frescas-para-un-ambiente-calido-y-personal\/","name":"C\u00f3mo decorar la mesa en Navidad: ideas frescas para un ambiente c\u00e1lido y personal - Blog Motif","isPartOf":{"@id":"https:\/\/www.motif.es\/blog\/#website"},"primaryImageOfPage":{"@id":"https:\/\/www.motif.es\/blog\/como-decorar-la-mesa-en-navidad-ideas-frescas-para-un-ambiente-calido-y-personal\/#primaryimage"},"image":{"@id":"https:\/\/www.motif.es\/blog\/como-decorar-la-mesa-en-navidad-ideas-frescas-para-un-ambiente-calido-y-personal\/#primaryimage"},"thumbnailUrl":"https:\/\/www.motif.es\/blog\/wp-content\/uploads\/2025\/12\/pack-de-6-manteles-y-6-posavasos-flowers.jpg","datePublished":"2025-12-03T08:56:05+00:00","description":"La decoraci\u00f3n de la mesa de Navidad es, para muchas casas, el coraz\u00f3n de las fiestas. Es donde las conversaciones se alargan, donde los sabores brillan","breadcrumb":{"@id":"https:\/\/www.motif.es\/blog\/como-decorar-la-mesa-en-navidad-ideas-frescas-para-un-ambiente-calido-y-personal\/#breadcrumb"},"inLanguage":"es","potentialAction":[{"@type":"ReadAction","target":["https:\/\/www.motif.es\/blog\/como-decorar-la-mesa-en-navidad-ideas-frescas-para-un-ambiente-calido-y-personal\/"]}]},{"@type":"ImageObject","inLanguage":"es","@id":"https:\/\/www.motif.es\/blog\/como-decorar-la-mesa-en-navidad-ideas-frescas-para-un-ambiente-calido-y-personal\/#primaryimage","url":"https:\/\/www.motif.es\/blog\/wp-content\/uploads\/2025\/12\/pack-de-6-manteles-y-6-posavasos-flowers.jpg","contentUrl":"https:\/\/www.motif.es\/blog\/wp-content\/uploads\/2025\/12\/pack-de-6-manteles-y-6-posavasos-flowers.jpg","width":1000,"height":1000},{"@type":"BreadcrumbList","@id":"https:\/\/www.motif.es\/blog\/como-decorar-la-mesa-en-navidad-ideas-frescas-para-un-ambiente-calido-y-personal\/#breadcrumb","itemListElement":[{"@type":"ListItem","position":1,"name":"Blog","item":"https:\/\/www.motif.es\/blog\/"},{"@type":"ListItem","position":2,"name":"insp\u00edrate","item":"https:\/\/www.motif.es\/blog\/category\/inspirate\/"},{"@type":"ListItem","position":3,"name":"C\u00f3mo decorar la mesa en Navidad: ideas frescas para un ambiente c\u00e1lido y personal"}]},{"@type":"WebSite","@id":"https:\/\/www.motif.es\/blog\/#website","url":"https:\/\/www.motif.es\/blog\/","name":"Blog Motif","description":"nuestro rinc\u00f3n para inspirarte","publisher":{"@id":"https:\/\/www.motif.es\/blog\/#organization"},"potentialAction":[{"@type":"SearchAction","target":{"@type":"EntryPoint","urlTemplate":"https:\/\/www.motif.es\/blog\/?s={search_term_string}"},"query-input":{"@type":"PropertyValueSpecification","valueRequired":true,"valueName":"search_term_string"}}],"inLanguage":"es"},{"@type":"Organization","@id":"https:\/\/www.motif.es\/blog\/#organization","name":"Motif Wallpapers S.L.U.","url":"https:\/\/www.motif.es\/blog\/","logo":{"@type":"ImageObject","inLanguage":"es","@id":"https:\/\/www.motif.es\/blog\/#\/schema\/logo\/image\/","url":"https:\/\/motif.es\/blog\/wp-content\/uploads\/2021\/06\/logo-motif.jpg","contentUrl":"https:\/\/motif.es\/blog\/wp-content\/uploads\/2021\/06\/logo-motif.jpg","width":464,"height":464,"caption":"Motif Wallpapers S.L.U."},"image":{"@id":"https:\/\/www.motif.es\/blog\/#\/schema\/logo\/image\/"},"sameAs":["https:\/\/www.facebook.com\/motifmorethanwalls\/","https:\/\/www.instagram.com\/motif_es\/?hl=es","https:\/\/www.pinterest.es\/motifwallpapers\/","https:\/\/www.youtube.com\/channel\/UCNaOmbxD6LjcQNj4vmfVIUg"]},{"@type":"Person","@id":"https:\/\/www.motif.es\/blog\/#\/schema\/person\/aac26ed80d8e02fb9525ec6b569d75e9","name":"Comunicaci\u00f3n Motif","image":{"@type":"ImageObject","inLanguage":"es","@id":"https:\/\/secure.gravatar.com\/avatar\/93b2fb49a03bd7a57b5f5e8c3b740113f14f25da86b090887d9353672de2d9b5?s=96&d=mm&r=g","url":"https:\/\/secure.gravatar.com\/avatar\/93b2fb49a03bd7a57b5f5e8c3b740113f14f25da86b090887d9353672de2d9b5?s=96&d=mm&r=g","contentUrl":"https:\/\/secure.gravatar.com\/avatar\/93b2fb49a03bd7a57b5f5e8c3b740113f14f25da86b090887d9353672de2d9b5?s=96&d=mm&r=g","caption":"Comunicaci\u00f3n Motif"},"url":"https:\/\/www.motif.es\/blog\/author\/comunicacion\/"}]}},"_links":{"self":[{"href":"https:\/\/www.motif.es\/blog\/wp-json\/wp\/v2\/posts\/3343","targetHints":{"allow":["GET"]}}],"collection":[{"href":"https:\/\/www.motif.es\/blog\/wp-json\/wp\/v2\/posts"}],"about":[{"href":"https:\/\/www.motif.es\/blog\/wp-json\/wp\/v2\/types\/post"}],"author":[{"embeddable":true,"href":"https:\/\/www.motif.es\/blog\/wp-json\/wp\/v2\/users\/2"}],"replies":[{"embeddable":true,"href":"https:\/\/www.motif.es\/blog\/wp-json\/wp\/v2\/comments?post=3343"}],"version-history":[{"count":1,"href":"https:\/\/www.motif.es\/blog\/wp-json\/wp\/v2\/posts\/3343\/revisions"}],"predecessor-version":[{"id":3350,"href":"https:\/\/www.motif.es\/blog\/wp-json\/wp\/v2\/posts\/3343\/revisions\/3350"}],"wp:featuredmedia":[{"embeddable":true,"href":"https:\/\/www.motif.es\/blog\/wp-json\/wp\/v2\/media\/3345"}],"wp:attachment":[{"href":"https:\/\/www.motif.es\/blog\/wp-json\/wp\/v2\/media?parent=3343"}],"wp:term":[{"taxonomy":"category","embeddable":true,"href":"https:\/\/www.motif.es\/blog\/wp-json\/wp\/v2\/categories?post=3343"},{"taxonomy":"post_tag","embeddable":true,"href":"https:\/\/www.motif.es\/blog\/wp-json\/wp\/v2\/tags?post=3343"}],"curies":[{"name":"wp","href":"https:\/\/api.w.org\/{rel}","templated":true}]}}