{"id":3399,"date":"2026-02-20T12:07:26","date_gmt":"2026-02-20T12:07:26","guid":{"rendered":"https:\/\/www.motif.es\/blog\/?p=3399"},"modified":"2026-02-13T12:17:44","modified_gmt":"2026-02-13T12:17:44","slug":"menos-muebles-mas-paredes-como-se-decoran-los-interiores-en-2026","status":"publish","type":"post","link":"https:\/\/www.motif.es\/blog\/menos-muebles-mas-paredes-como-se-decoran-los-interiores-en-2026\/","title":{"rendered":"Menos muebles, m\u00e1s paredes: c\u00f3mo se decoran los interiores en 2026"},"content":{"rendered":"<p>En 2026, la manera de pensar la <strong>decoraci\u00f3n de una casa<\/strong> ha cambiado. Ya no se busca llenar cada rinc\u00f3n con muebles o accesorios, sino aprovechar y realzar lo que ya existe: las paredes y los suelos. Este giro responde a dos necesidades claras del momento: vivir mejor en espacios reales y <strong>reducir la necesidad de reformas costosas<\/strong>.<\/p>\n<p>Un ejemplo de c\u00f3mo est\u00e1 evolucionando el dise\u00f1o lo recoge <a href=\"https:\/\/www.revistaad.es\/articulos\/tendencias-decoracion-2026\" target=\"_blank\" rel=\"noopener\">Tendencias en decoraci\u00f3n 2026: as\u00ed ser\u00e1 lo nuevo en dise\u00f1o y arquitectura<\/a> (seg\u00fan los expertos) en AD Espa\u00f1a, donde se destaca que los interiores actuales se alejan de lo uniforme y buscan una identidad m\u00e1s personal y visuales m\u00e1s potentes, especialmente a trav\u00e9s de materiales y revestimientos de gran impacto.<\/p>\n<h5>La pared como protagonista<\/h5>\n<p>Si antes una pared serv\u00eda simplemente como fondo neutro, en 2026 se utiliza como elemento activo de dise\u00f1o.<strong> Un papel pintado autoadhesivo con textura, un mural art\u00edstico en gran formato o incluso un arco pintado autoadhesivo pueden dotar a una habitaci\u00f3n de personalidad<\/strong> sin necesidad de a\u00f1adir muebles de m\u00e1s.<\/p>\n<p>Este enfoque no solo transforma visualmente los espacios, sino que tambi\u00e9n libera metros \u00fatiles. En pisos peque\u00f1os o de alquiler, donde cada cent\u00edmetro cuenta, intervenir la pared resulta una estrategia mucho m\u00e1s efectiva que acumular objetos decorativos.<\/p>\n<p style=\"text-align: center;\"><img loading=\"lazy\" decoding=\"async\" class=\"alignnone size-full wp-image-3400\" src=\"https:\/\/www.motif.es\/blog\/wp-content\/uploads\/2026\/02\/salon-papel-odesa.png\" alt=\"\" width=\"1024\" height=\"1024\" srcset=\"https:\/\/www.motif.es\/blog\/wp-content\/uploads\/2026\/02\/salon-papel-odesa.png 1024w, https:\/\/www.motif.es\/blog\/wp-content\/uploads\/2026\/02\/salon-papel-odesa-300x300.png 300w, https:\/\/www.motif.es\/blog\/wp-content\/uploads\/2026\/02\/salon-papel-odesa-150x150.png 150w, https:\/\/www.motif.es\/blog\/wp-content\/uploads\/2026\/02\/salon-papel-odesa-768x768.png 768w, https:\/\/www.motif.es\/blog\/wp-content\/uploads\/2026\/02\/salon-papel-odesa-400x400.png 400w\" sizes=\"auto, (max-width: 1024px) 100vw, 1024px\" \/><\/p>\n<p style=\"text-align: center;\"><a href=\"https:\/\/www.motif.es\/papeles-para-pared-autoadhesivos\/21781-32061-papel-autoadhesivo-odesa.html#\/3-altura_papel_pintado-260cm\/5-material-texart\/54-color-verde\" target=\"_blank\" rel=\"noopener\"><em>Papel pintado Odesa de MOTIF<\/em><\/a><\/p>\n<h5>Definir zonas sin ocupar espacio<\/h5>\n<p>La <strong>decoraci\u00f3n actual<\/strong> tambi\u00e9n se apoya en las paredes para organizar visualmente el espacio. En viviendas abiertas o estudios, un <strong>mural, un papel pintado o incluso un arco pintado autoadhesivo<\/strong> puede marcar la zona del comedor, la zona de trabajo o el rinc\u00f3n de lectura sin necesidad de tabiques ni muebles divisores.<\/p>\n<p style=\"text-align: center;\"><img loading=\"lazy\" decoding=\"async\" class=\"alignnone size-full wp-image-3401\" src=\"https:\/\/www.motif.es\/blog\/wp-content\/uploads\/2026\/02\/recibidor-arco-remo.png\" alt=\"\" width=\"1024\" height=\"1024\" srcset=\"https:\/\/www.motif.es\/blog\/wp-content\/uploads\/2026\/02\/recibidor-arco-remo.png 1024w, https:\/\/www.motif.es\/blog\/wp-content\/uploads\/2026\/02\/recibidor-arco-remo-300x300.png 300w, https:\/\/www.motif.es\/blog\/wp-content\/uploads\/2026\/02\/recibidor-arco-remo-150x150.png 150w, https:\/\/www.motif.es\/blog\/wp-content\/uploads\/2026\/02\/recibidor-arco-remo-768x768.png 768w, https:\/\/www.motif.es\/blog\/wp-content\/uploads\/2026\/02\/recibidor-arco-remo-400x400.png 400w\" sizes=\"auto, (max-width: 1024px) 100vw, 1024px\" \/><\/p>\n<p style=\"text-align: center;\"><em>Pared decorada con el arco pintado autoadhesivo Remo de MOTIF<\/em><\/p>\n<p>Este tipo de intervenci\u00f3n funciona mejor cuando el resto del espacio se mantiene limpio y ligero: <strong>paredes con intenci\u00f3n y suelos que acompa\u00f1an<\/strong>, no compiten.<\/p>\n<h5>Suelos que complementan la pared<\/h5>\n<p>Si las paredes adquieren mayor protagonismo, el suelo tiene que acompa\u00f1ar sin interrumpir. En 2026 gana fuerza la idea de superficies continuas y neutras que den cohesi\u00f3n al conjunto.<\/p>\n<div class=\"flex flex-col text-sm pb-25\">\n<article class=\"text-token-text-primary w-full focus:outline-none [--shadow-height:45px] has-data-writing-block:pointer-events-none has-data-writing-block:-mt-(--shadow-height) has-data-writing-block:pt-(--shadow-height) [&amp;:has([data-writing-block])&gt;*]:pointer-events-auto scroll-mt-[calc(var(--header-height)+min(200px,max(70px,20svh)))]\" dir=\"auto\" tabindex=\"-1\" data-turn-id=\"request-69775f17-15ec-8330-bb2b-0488a7b4cf99-26\" data-testid=\"conversation-turn-44\" data-scroll-anchor=\"true\" data-turn=\"assistant\">\n<div class=\"text-base my-auto mx-auto pb-10 [--thread-content-margin:--spacing(4)] @w-sm\/main:[--thread-content-margin:--spacing(6)] @w-lg\/main:[--thread-content-margin:--spacing(16)] px-(--thread-content-margin)\">\n<div class=\"[--thread-content-max-width:40rem] @w-lg\/main:[--thread-content-max-width:48rem] mx-auto max-w-(--thread-content-max-width) flex-1 group\/turn-messages focus-visible:outline-hidden relative flex w-full min-w-0 flex-col agent-turn\" tabindex=\"-1\">\n<div class=\"flex max-w-full flex-col grow\">\n<div class=\"min-h-8 text-message relative flex w-full flex-col items-end gap-2 text-start break-words whitespace-normal [.text-message+&amp;]:mt-1\" dir=\"auto\" data-message-author-role=\"assistant\" data-message-id=\"ece1049f-d600-4499-8990-c56823e116f3\" data-message-model-slug=\"gpt-5-2\">\n<div class=\"flex w-full flex-col gap-1 empty:hidden first:pt-[1px]\">\n<div class=\"markdown prose dark:prose-invert w-full wrap-break-word light markdown-new-styling\">\n<p data-start=\"0\" data-end=\"589\" data-is-last-node=\"\" data-is-only-node=\"\">Los <strong>suelos vin\u00edlicos flexibles<\/strong> permiten cubrir un pavimento existente, aportar continuidad visual y no romper la lectura del espacio sin necesidad de obra. Y si no quieres cubrir toda la superficie, las <strong data-start=\"207\" data-end=\"245\">alfombras vin\u00edlicas de gran tama\u00f1o<\/strong> se convierten en una alternativa muy alineada con las tendencias de 2026: delimitan zonas en espacios abiertos, aportan dise\u00f1o y estructura y, adem\u00e1s, se limpian f\u00e1cilmente y resisten el uso diario. En ambos casos, la clave es la misma: <strong>actualizar el suelo sin complicaciones<\/strong> y sin alterar el equilibrio visual del conjunto.<\/p>\n<p style=\"text-align: center;\" data-start=\"0\" data-end=\"589\" data-is-last-node=\"\" data-is-only-node=\"\"><img loading=\"lazy\" decoding=\"async\" class=\"alignnone size-full wp-image-3402\" src=\"https:\/\/www.motif.es\/blog\/wp-content\/uploads\/2026\/02\/ChatGPT-Image-11-feb-2026-13_42_18.png\" alt=\"\" width=\"1024\" height=\"1024\" srcset=\"https:\/\/www.motif.es\/blog\/wp-content\/uploads\/2026\/02\/ChatGPT-Image-11-feb-2026-13_42_18.png 1024w, https:\/\/www.motif.es\/blog\/wp-content\/uploads\/2026\/02\/ChatGPT-Image-11-feb-2026-13_42_18-300x300.png 300w, https:\/\/www.motif.es\/blog\/wp-content\/uploads\/2026\/02\/ChatGPT-Image-11-feb-2026-13_42_18-150x150.png 150w, https:\/\/www.motif.es\/blog\/wp-content\/uploads\/2026\/02\/ChatGPT-Image-11-feb-2026-13_42_18-768x768.png 768w, https:\/\/www.motif.es\/blog\/wp-content\/uploads\/2026\/02\/ChatGPT-Image-11-feb-2026-13_42_18-400x400.png 400w\" sizes=\"auto, (max-width: 1024px) 100vw, 1024px\" \/><\/p>\n<p style=\"text-align: center;\" data-start=\"0\" data-end=\"589\" data-is-last-node=\"\" data-is-only-node=\"\"><em>Alfombra vin\u00edlica Aurora y l\u00e1minas de pared Ephimeral de MOTIF<\/em><\/p>\n<\/div>\n<\/div>\n<\/div>\n<\/div>\n<h5 class=\"z-0 flex min-h-[46px] justify-start\"><span style=\"font-family: NonBreakingSpaceOverride, 'Hoefler Text', Garamond, 'Times New Roman', serif; letter-spacing: normal;\">Decorar desde lo esencial<\/span><\/h5>\n<\/div>\n<\/div>\n<\/article>\n<\/div>\n<p>La tendencia de 2026 no se basa en quitar muebles por sistema, sino en pensar mejor d\u00f3nde actuamos. Trabajar las superficies da m\u00e1s impacto con menos elementos.<\/p>\n<p>En este nuevo contexto, decorar bien no es sumar, sino elegir con calma.<\/p>\n","protected":false},"excerpt":{"rendered":"<p>En 2026, la manera de pensar la decoraci\u00f3n de una casa ha cambiado. Ya no se busca llenar cada rinc\u00f3n con muebles o accesorios, sino aprovechar y realzar lo que ya existe: las paredes y los suelos. Este giro responde a dos necesidades claras del momento: vivir mejor en espacios reales y reducir la necesidad [&#8230;]<\/p>\n","protected":false},"author":2,"featured_media":3400,"comment_status":"open","ping_status":"open","sticky":false,"template":"","format":"standard","meta":{"_acf_changed":false,"footnotes":""},"categories":[9,8,6,23],"tags":[],"class_list":["post-3399","post","type-post","status-publish","format-standard","has-post-thumbnail","hentry","category-inspirate","category-sobre-alfombras-vinilicas","category-sobre-papeles-para-pared-autoadhesivos","category-sobre-suelos-vinilicos"],"acf":[],"yoast_head":"<!-- This site is optimized with the Yoast SEO plugin v27.4 - https:\/\/yoast.com\/product\/yoast-seo-wordpress\/ -->\n<title>Menos muebles, m\u00e1s paredes: c\u00f3mo se decoran los interiores en 2026 - Blog Motif<\/title>\n<meta name=\"description\" content=\"En 2026, la manera de pensar la decoraci\u00f3n de una casa ha cambiado. Ya no se busca llenar cada rinc\u00f3n con muebles o accesorios, sino aprovechar y realzar\" \/>\n<meta name=\"robots\" content=\"index, follow, max-snippet:-1, max-image-preview:large, max-video-preview:-1\" \/>\n<link rel=\"canonical\" href=\"https:\/\/www.motif.es\/blog\/menos-muebles-mas-paredes-como-se-decoran-los-interiores-en-2026\/\" \/>\n<meta property=\"og:locale\" content=\"es_ES\" \/>\n<meta property=\"og:type\" content=\"article\" \/>\n<meta property=\"og:title\" content=\"Menos muebles, m\u00e1s paredes: c\u00f3mo se decoran los interiores en 2026 - Blog Motif\" \/>\n<meta property=\"og:description\" content=\"En 2026, la manera de pensar la decoraci\u00f3n de una casa ha cambiado. Ya no se busca llenar cada rinc\u00f3n con muebles o accesorios, sino aprovechar y realzar\" \/>\n<meta property=\"og:url\" content=\"https:\/\/www.motif.es\/blog\/menos-muebles-mas-paredes-como-se-decoran-los-interiores-en-2026\/\" \/>\n<meta property=\"og:site_name\" content=\"Blog Motif\" \/>\n<meta property=\"article:publisher\" content=\"https:\/\/www.facebook.com\/motifmorethanwalls\/\" \/>\n<meta property=\"article:published_time\" content=\"2026-02-20T12:07:26+00:00\" \/>\n<meta property=\"og:image\" content=\"https:\/\/www.motif.es\/blog\/wp-content\/uploads\/2026\/02\/salon-papel-odesa.png\" \/>\n\t<meta property=\"og:image:width\" content=\"1024\" \/>\n\t<meta property=\"og:image:height\" content=\"1024\" \/>\n\t<meta property=\"og:image:type\" content=\"image\/png\" \/>\n<meta name=\"author\" content=\"Comunicaci\u00f3n Motif\" \/>\n<meta name=\"twitter:card\" content=\"summary_large_image\" \/>\n<meta name=\"twitter:label1\" content=\"Escrito por\" \/>\n\t<meta name=\"twitter:data1\" content=\"Comunicaci\u00f3n Motif\" \/>\n\t<meta name=\"twitter:label2\" content=\"Tiempo de lectura\" \/>\n\t<meta name=\"twitter:data2\" content=\"4 minutos\" \/>\n<script type=\"application\/ld+json\" class=\"yoast-schema-graph\">{\"@context\":\"https:\\\/\\\/schema.org\",\"@graph\":[{\"@type\":\"Article\",\"@id\":\"https:\\\/\\\/www.motif.es\\\/blog\\\/menos-muebles-mas-paredes-como-se-decoran-los-interiores-en-2026\\\/#article\",\"isPartOf\":{\"@id\":\"https:\\\/\\\/www.motif.es\\\/blog\\\/menos-muebles-mas-paredes-como-se-decoran-los-interiores-en-2026\\\/\"},\"author\":{\"name\":\"Comunicaci\u00f3n Motif\",\"@id\":\"https:\\\/\\\/www.motif.es\\\/blog\\\/#\\\/schema\\\/person\\\/aac26ed80d8e02fb9525ec6b569d75e9\"},\"headline\":\"Menos muebles, m\u00e1s paredes: c\u00f3mo se decoran los interiores en 2026\",\"datePublished\":\"2026-02-20T12:07:26+00:00\",\"mainEntityOfPage\":{\"@id\":\"https:\\\/\\\/www.motif.es\\\/blog\\\/menos-muebles-mas-paredes-como-se-decoran-los-interiores-en-2026\\\/\"},\"wordCount\":528,\"commentCount\":0,\"publisher\":{\"@id\":\"https:\\\/\\\/www.motif.es\\\/blog\\\/#organization\"},\"image\":{\"@id\":\"https:\\\/\\\/www.motif.es\\\/blog\\\/menos-muebles-mas-paredes-como-se-decoran-los-interiores-en-2026\\\/#primaryimage\"},\"thumbnailUrl\":\"https:\\\/\\\/www.motif.es\\\/blog\\\/wp-content\\\/uploads\\\/2026\\\/02\\\/salon-papel-odesa.png\",\"articleSection\":[\"insp\u00edrate\",\"sobre alfombras vin\u00edlicas\",\"sobre papeles para pared autoadhesivos\",\"sobre suelos vin\u00edlicos\"],\"inLanguage\":\"es\",\"potentialAction\":[{\"@type\":\"CommentAction\",\"name\":\"Comment\",\"target\":[\"https:\\\/\\\/www.motif.es\\\/blog\\\/menos-muebles-mas-paredes-como-se-decoran-los-interiores-en-2026\\\/#respond\"]}]},{\"@type\":\"WebPage\",\"@id\":\"https:\\\/\\\/www.motif.es\\\/blog\\\/menos-muebles-mas-paredes-como-se-decoran-los-interiores-en-2026\\\/\",\"url\":\"https:\\\/\\\/www.motif.es\\\/blog\\\/menos-muebles-mas-paredes-como-se-decoran-los-interiores-en-2026\\\/\",\"name\":\"Menos muebles, m\u00e1s paredes: c\u00f3mo se decoran los interiores en 2026 - Blog Motif\",\"isPartOf\":{\"@id\":\"https:\\\/\\\/www.motif.es\\\/blog\\\/#website\"},\"primaryImageOfPage\":{\"@id\":\"https:\\\/\\\/www.motif.es\\\/blog\\\/menos-muebles-mas-paredes-como-se-decoran-los-interiores-en-2026\\\/#primaryimage\"},\"image\":{\"@id\":\"https:\\\/\\\/www.motif.es\\\/blog\\\/menos-muebles-mas-paredes-como-se-decoran-los-interiores-en-2026\\\/#primaryimage\"},\"thumbnailUrl\":\"https:\\\/\\\/www.motif.es\\\/blog\\\/wp-content\\\/uploads\\\/2026\\\/02\\\/salon-papel-odesa.png\",\"datePublished\":\"2026-02-20T12:07:26+00:00\",\"description\":\"En 2026, la manera de pensar la decoraci\u00f3n de una casa ha cambiado. Ya no se busca llenar cada rinc\u00f3n con muebles o accesorios, sino aprovechar y realzar\",\"breadcrumb\":{\"@id\":\"https:\\\/\\\/www.motif.es\\\/blog\\\/menos-muebles-mas-paredes-como-se-decoran-los-interiores-en-2026\\\/#breadcrumb\"},\"inLanguage\":\"es\",\"potentialAction\":[{\"@type\":\"ReadAction\",\"target\":[\"https:\\\/\\\/www.motif.es\\\/blog\\\/menos-muebles-mas-paredes-como-se-decoran-los-interiores-en-2026\\\/\"]}]},{\"@type\":\"ImageObject\",\"inLanguage\":\"es\",\"@id\":\"https:\\\/\\\/www.motif.es\\\/blog\\\/menos-muebles-mas-paredes-como-se-decoran-los-interiores-en-2026\\\/#primaryimage\",\"url\":\"https:\\\/\\\/www.motif.es\\\/blog\\\/wp-content\\\/uploads\\\/2026\\\/02\\\/salon-papel-odesa.png\",\"contentUrl\":\"https:\\\/\\\/www.motif.es\\\/blog\\\/wp-content\\\/uploads\\\/2026\\\/02\\\/salon-papel-odesa.png\",\"width\":1024,\"height\":1024},{\"@type\":\"BreadcrumbList\",\"@id\":\"https:\\\/\\\/www.motif.es\\\/blog\\\/menos-muebles-mas-paredes-como-se-decoran-los-interiores-en-2026\\\/#breadcrumb\",\"itemListElement\":[{\"@type\":\"ListItem\",\"position\":1,\"name\":\"Blog\",\"item\":\"https:\\\/\\\/www.motif.es\\\/blog\\\/\"},{\"@type\":\"ListItem\",\"position\":2,\"name\":\"insp\u00edrate\",\"item\":\"https:\\\/\\\/www.motif.es\\\/blog\\\/category\\\/inspirate\\\/\"},{\"@type\":\"ListItem\",\"position\":3,\"name\":\"Menos muebles, m\u00e1s paredes: c\u00f3mo se decoran los interiores en 2026\"}]},{\"@type\":\"WebSite\",\"@id\":\"https:\\\/\\\/www.motif.es\\\/blog\\\/#website\",\"url\":\"https:\\\/\\\/www.motif.es\\\/blog\\\/\",\"name\":\"Blog Motif\",\"description\":\"nuestro rinc\u00f3n para inspirarte\",\"publisher\":{\"@id\":\"https:\\\/\\\/www.motif.es\\\/blog\\\/#organization\"},\"potentialAction\":[{\"@type\":\"SearchAction\",\"target\":{\"@type\":\"EntryPoint\",\"urlTemplate\":\"https:\\\/\\\/www.motif.es\\\/blog\\\/?s={search_term_string}\"},\"query-input\":{\"@type\":\"PropertyValueSpecification\",\"valueRequired\":true,\"valueName\":\"search_term_string\"}}],\"inLanguage\":\"es\"},{\"@type\":\"Organization\",\"@id\":\"https:\\\/\\\/www.motif.es\\\/blog\\\/#organization\",\"name\":\"Motif Wallpapers S.L.U.\",\"url\":\"https:\\\/\\\/www.motif.es\\\/blog\\\/\",\"logo\":{\"@type\":\"ImageObject\",\"inLanguage\":\"es\",\"@id\":\"https:\\\/\\\/www.motif.es\\\/blog\\\/#\\\/schema\\\/logo\\\/image\\\/\",\"url\":\"https:\\\/\\\/motif.es\\\/blog\\\/wp-content\\\/uploads\\\/2021\\\/06\\\/logo-motif.jpg\",\"contentUrl\":\"https:\\\/\\\/motif.es\\\/blog\\\/wp-content\\\/uploads\\\/2021\\\/06\\\/logo-motif.jpg\",\"width\":464,\"height\":464,\"caption\":\"Motif Wallpapers S.L.U.\"},\"image\":{\"@id\":\"https:\\\/\\\/www.motif.es\\\/blog\\\/#\\\/schema\\\/logo\\\/image\\\/\"},\"sameAs\":[\"https:\\\/\\\/www.facebook.com\\\/motifmorethanwalls\\\/\",\"https:\\\/\\\/www.instagram.com\\\/motif_es\\\/?hl=es\",\"https:\\\/\\\/www.pinterest.es\\\/motifwallpapers\\\/\",\"https:\\\/\\\/www.youtube.com\\\/channel\\\/UCNaOmbxD6LjcQNj4vmfVIUg\"]},{\"@type\":\"Person\",\"@id\":\"https:\\\/\\\/www.motif.es\\\/blog\\\/#\\\/schema\\\/person\\\/aac26ed80d8e02fb9525ec6b569d75e9\",\"name\":\"Comunicaci\u00f3n Motif\",\"image\":{\"@type\":\"ImageObject\",\"inLanguage\":\"es\",\"@id\":\"https:\\\/\\\/secure.gravatar.com\\\/avatar\\\/93b2fb49a03bd7a57b5f5e8c3b740113f14f25da86b090887d9353672de2d9b5?s=96&d=mm&r=g\",\"url\":\"https:\\\/\\\/secure.gravatar.com\\\/avatar\\\/93b2fb49a03bd7a57b5f5e8c3b740113f14f25da86b090887d9353672de2d9b5?s=96&d=mm&r=g\",\"contentUrl\":\"https:\\\/\\\/secure.gravatar.com\\\/avatar\\\/93b2fb49a03bd7a57b5f5e8c3b740113f14f25da86b090887d9353672de2d9b5?s=96&d=mm&r=g\",\"caption\":\"Comunicaci\u00f3n Motif\"},\"url\":\"https:\\\/\\\/www.motif.es\\\/blog\\\/author\\\/comunicacion\\\/\"}]}<\/script>\n<!-- \/ Yoast SEO plugin. -->","yoast_head_json":{"title":"Menos muebles, m\u00e1s paredes: c\u00f3mo se decoran los interiores en 2026 - Blog Motif","description":"En 2026, la manera de pensar la decoraci\u00f3n de una casa ha cambiado. Ya no se busca llenar cada rinc\u00f3n con muebles o accesorios, sino aprovechar y realzar","robots":{"index":"index","follow":"follow","max-snippet":"max-snippet:-1","max-image-preview":"max-image-preview:large","max-video-preview":"max-video-preview:-1"},"canonical":"https:\/\/www.motif.es\/blog\/menos-muebles-mas-paredes-como-se-decoran-los-interiores-en-2026\/","og_locale":"es_ES","og_type":"article","og_title":"Menos muebles, m\u00e1s paredes: c\u00f3mo se decoran los interiores en 2026 - Blog Motif","og_description":"En 2026, la manera de pensar la decoraci\u00f3n de una casa ha cambiado. Ya no se busca llenar cada rinc\u00f3n con muebles o accesorios, sino aprovechar y realzar","og_url":"https:\/\/www.motif.es\/blog\/menos-muebles-mas-paredes-como-se-decoran-los-interiores-en-2026\/","og_site_name":"Blog Motif","article_publisher":"https:\/\/www.facebook.com\/motifmorethanwalls\/","article_published_time":"2026-02-20T12:07:26+00:00","og_image":[{"width":1024,"height":1024,"url":"https:\/\/www.motif.es\/blog\/wp-content\/uploads\/2026\/02\/salon-papel-odesa.png","type":"image\/png"}],"author":"Comunicaci\u00f3n Motif","twitter_card":"summary_large_image","twitter_misc":{"Escrito por":"Comunicaci\u00f3n Motif","Tiempo de lectura":"4 minutos"},"schema":{"@context":"https:\/\/schema.org","@graph":[{"@type":"Article","@id":"https:\/\/www.motif.es\/blog\/menos-muebles-mas-paredes-como-se-decoran-los-interiores-en-2026\/#article","isPartOf":{"@id":"https:\/\/www.motif.es\/blog\/menos-muebles-mas-paredes-como-se-decoran-los-interiores-en-2026\/"},"author":{"name":"Comunicaci\u00f3n Motif","@id":"https:\/\/www.motif.es\/blog\/#\/schema\/person\/aac26ed80d8e02fb9525ec6b569d75e9"},"headline":"Menos muebles, m\u00e1s paredes: c\u00f3mo se decoran los interiores en 2026","datePublished":"2026-02-20T12:07:26+00:00","mainEntityOfPage":{"@id":"https:\/\/www.motif.es\/blog\/menos-muebles-mas-paredes-como-se-decoran-los-interiores-en-2026\/"},"wordCount":528,"commentCount":0,"publisher":{"@id":"https:\/\/www.motif.es\/blog\/#organization"},"image":{"@id":"https:\/\/www.motif.es\/blog\/menos-muebles-mas-paredes-como-se-decoran-los-interiores-en-2026\/#primaryimage"},"thumbnailUrl":"https:\/\/www.motif.es\/blog\/wp-content\/uploads\/2026\/02\/salon-papel-odesa.png","articleSection":["insp\u00edrate","sobre alfombras vin\u00edlicas","sobre papeles para pared autoadhesivos","sobre suelos vin\u00edlicos"],"inLanguage":"es","potentialAction":[{"@type":"CommentAction","name":"Comment","target":["https:\/\/www.motif.es\/blog\/menos-muebles-mas-paredes-como-se-decoran-los-interiores-en-2026\/#respond"]}]},{"@type":"WebPage","@id":"https:\/\/www.motif.es\/blog\/menos-muebles-mas-paredes-como-se-decoran-los-interiores-en-2026\/","url":"https:\/\/www.motif.es\/blog\/menos-muebles-mas-paredes-como-se-decoran-los-interiores-en-2026\/","name":"Menos muebles, m\u00e1s paredes: c\u00f3mo se decoran los interiores en 2026 - Blog Motif","isPartOf":{"@id":"https:\/\/www.motif.es\/blog\/#website"},"primaryImageOfPage":{"@id":"https:\/\/www.motif.es\/blog\/menos-muebles-mas-paredes-como-se-decoran-los-interiores-en-2026\/#primaryimage"},"image":{"@id":"https:\/\/www.motif.es\/blog\/menos-muebles-mas-paredes-como-se-decoran-los-interiores-en-2026\/#primaryimage"},"thumbnailUrl":"https:\/\/www.motif.es\/blog\/wp-content\/uploads\/2026\/02\/salon-papel-odesa.png","datePublished":"2026-02-20T12:07:26+00:00","description":"En 2026, la manera de pensar la decoraci\u00f3n de una casa ha cambiado. Ya no se busca llenar cada rinc\u00f3n con muebles o accesorios, sino aprovechar y realzar","breadcrumb":{"@id":"https:\/\/www.motif.es\/blog\/menos-muebles-mas-paredes-como-se-decoran-los-interiores-en-2026\/#breadcrumb"},"inLanguage":"es","potentialAction":[{"@type":"ReadAction","target":["https:\/\/www.motif.es\/blog\/menos-muebles-mas-paredes-como-se-decoran-los-interiores-en-2026\/"]}]},{"@type":"ImageObject","inLanguage":"es","@id":"https:\/\/www.motif.es\/blog\/menos-muebles-mas-paredes-como-se-decoran-los-interiores-en-2026\/#primaryimage","url":"https:\/\/www.motif.es\/blog\/wp-content\/uploads\/2026\/02\/salon-papel-odesa.png","contentUrl":"https:\/\/www.motif.es\/blog\/wp-content\/uploads\/2026\/02\/salon-papel-odesa.png","width":1024,"height":1024},{"@type":"BreadcrumbList","@id":"https:\/\/www.motif.es\/blog\/menos-muebles-mas-paredes-como-se-decoran-los-interiores-en-2026\/#breadcrumb","itemListElement":[{"@type":"ListItem","position":1,"name":"Blog","item":"https:\/\/www.motif.es\/blog\/"},{"@type":"ListItem","position":2,"name":"insp\u00edrate","item":"https:\/\/www.motif.es\/blog\/category\/inspirate\/"},{"@type":"ListItem","position":3,"name":"Menos muebles, m\u00e1s paredes: c\u00f3mo se decoran los interiores en 2026"}]},{"@type":"WebSite","@id":"https:\/\/www.motif.es\/blog\/#website","url":"https:\/\/www.motif.es\/blog\/","name":"Blog Motif","description":"nuestro rinc\u00f3n para inspirarte","publisher":{"@id":"https:\/\/www.motif.es\/blog\/#organization"},"potentialAction":[{"@type":"SearchAction","target":{"@type":"EntryPoint","urlTemplate":"https:\/\/www.motif.es\/blog\/?s={search_term_string}"},"query-input":{"@type":"PropertyValueSpecification","valueRequired":true,"valueName":"search_term_string"}}],"inLanguage":"es"},{"@type":"Organization","@id":"https:\/\/www.motif.es\/blog\/#organization","name":"Motif Wallpapers S.L.U.","url":"https:\/\/www.motif.es\/blog\/","logo":{"@type":"ImageObject","inLanguage":"es","@id":"https:\/\/www.motif.es\/blog\/#\/schema\/logo\/image\/","url":"https:\/\/motif.es\/blog\/wp-content\/uploads\/2021\/06\/logo-motif.jpg","contentUrl":"https:\/\/motif.es\/blog\/wp-content\/uploads\/2021\/06\/logo-motif.jpg","width":464,"height":464,"caption":"Motif Wallpapers S.L.U."},"image":{"@id":"https:\/\/www.motif.es\/blog\/#\/schema\/logo\/image\/"},"sameAs":["https:\/\/www.facebook.com\/motifmorethanwalls\/","https:\/\/www.instagram.com\/motif_es\/?hl=es","https:\/\/www.pinterest.es\/motifwallpapers\/","https:\/\/www.youtube.com\/channel\/UCNaOmbxD6LjcQNj4vmfVIUg"]},{"@type":"Person","@id":"https:\/\/www.motif.es\/blog\/#\/schema\/person\/aac26ed80d8e02fb9525ec6b569d75e9","name":"Comunicaci\u00f3n Motif","image":{"@type":"ImageObject","inLanguage":"es","@id":"https:\/\/secure.gravatar.com\/avatar\/93b2fb49a03bd7a57b5f5e8c3b740113f14f25da86b090887d9353672de2d9b5?s=96&d=mm&r=g","url":"https:\/\/secure.gravatar.com\/avatar\/93b2fb49a03bd7a57b5f5e8c3b740113f14f25da86b090887d9353672de2d9b5?s=96&d=mm&r=g","contentUrl":"https:\/\/secure.gravatar.com\/avatar\/93b2fb49a03bd7a57b5f5e8c3b740113f14f25da86b090887d9353672de2d9b5?s=96&d=mm&r=g","caption":"Comunicaci\u00f3n Motif"},"url":"https:\/\/www.motif.es\/blog\/author\/comunicacion\/"}]}},"_links":{"self":[{"href":"https:\/\/www.motif.es\/blog\/wp-json\/wp\/v2\/posts\/3399","targetHints":{"allow":["GET"]}}],"collection":[{"href":"https:\/\/www.motif.es\/blog\/wp-json\/wp\/v2\/posts"}],"about":[{"href":"https:\/\/www.motif.es\/blog\/wp-json\/wp\/v2\/types\/post"}],"author":[{"embeddable":true,"href":"https:\/\/www.motif.es\/blog\/wp-json\/wp\/v2\/users\/2"}],"replies":[{"embeddable":true,"href":"https:\/\/www.motif.es\/blog\/wp-json\/wp\/v2\/comments?post=3399"}],"version-history":[{"count":1,"href":"https:\/\/www.motif.es\/blog\/wp-json\/wp\/v2\/posts\/3399\/revisions"}],"predecessor-version":[{"id":3403,"href":"https:\/\/www.motif.es\/blog\/wp-json\/wp\/v2\/posts\/3399\/revisions\/3403"}],"wp:featuredmedia":[{"embeddable":true,"href":"https:\/\/www.motif.es\/blog\/wp-json\/wp\/v2\/media\/3400"}],"wp:attachment":[{"href":"https:\/\/www.motif.es\/blog\/wp-json\/wp\/v2\/media?parent=3399"}],"wp:term":[{"taxonomy":"category","embeddable":true,"href":"https:\/\/www.motif.es\/blog\/wp-json\/wp\/v2\/categories?post=3399"},{"taxonomy":"post_tag","embeddable":true,"href":"https:\/\/www.motif.es\/blog\/wp-json\/wp\/v2\/tags?post=3399"}],"curies":[{"name":"wp","href":"https:\/\/api.w.org\/{rel}","templated":true}]}}