{"id":34,"date":"2020-09-15T22:12:11","date_gmt":"2020-09-15T22:12:11","guid":{"rendered":"https:\/\/motif.es\/blog\/?p=34"},"modified":"2020-11-30T12:13:27","modified_gmt":"2020-11-30T12:13:27","slug":"incluir-el-terrazo-en-tu-deco-muy-facil-con-motif","status":"publish","type":"post","link":"https:\/\/www.motif.es\/blog\/incluir-el-terrazo-en-tu-deco-muy-facil-con-motif\/","title":{"rendered":"Incluir el terrazo en tu deco, \u00a1muy f\u00e1cil con Motif!"},"content":{"rendered":"<p>\u00bfQu\u00e9 pensaste cuando los especialistas en decoraci\u00f3n empezaron a anunciar la vuelta del terrazo? Te lo confesamos, por aqu\u00ed nos asustamos y est\u00e1bamos algo incr\u00e9dulos. Tras a\u00f1os de tapar ese suelo que nos parec\u00eda horrible, \u00a1ahora van y dicen que vuelve!<\/p>\n<p ><span >Pero solo nos falt\u00f3 un poquito de tiempo para ver que <strong>nada era como esper\u00e1bamos<\/strong>. Ni volv\u00eda a cubrir todo el suelo ni nos atormentar\u00eda con feos colores. Ahora llegan en tonos tierra, pastel, contrastes intensos\u2026. Y adem\u00e1s a cubrir superficies inesperadas \u00a1Como la pared! O para sitios nunca antes vistos, como una alfombra o mantel individual.<\/span><\/p>\n<p ><span >\u00a0<\/span><\/p>\n<p ><span >Si te gusta lo que oyes pero no sabes muy bien c\u00f3mo introducir esta tendencia te ense\u00f1amos que <span style=\"text-decoration: underline;\">gracias a Motif es s\u00faper sencillo<\/span>:<\/span><\/p>\n<p ><span >\u00a0<\/span><\/p>\n<p ><span >Para darle un toque de terrazo a tu suelo puedes optar por una <a href=\"https:\/\/www.motif.es\/18-alfombras-vinilicas\" target=\"_blank\" rel=\"noreferrer noopener\">alfombra vin\u00edlica<\/a>. En este formato el vinilo llega con <strong>los colores m\u00e1s <em>in<\/em> del momento<\/strong> y con todas la facilidades de nuestras alfombras: <span style=\"text-decoration: underline;\">evitan que se estropee el suelo, ultra f\u00e1ciles de limpiar, muy resistentes\u2026<\/span><\/span><\/p>\n<p ><span >\u00a0<\/span><\/p>\n<p ><span ><img loading=\"lazy\" decoding=\"async\" src=\"https:\/\/www.motif.es\/img\/cms\/alfombra-vinilica-terrazo-emotions.jpg\" alt=\"\" width=\"1000\" height=\"1000\" \/><\/span><\/p>\n<p ><span >Adem\u00e1s, cuando te canses, <strong>enrollas y listo<\/strong>.<\/span><\/p>\n<p ><span >\u00a0<\/span><\/p>\n<p ><span >Algunas de nuestra favoritas son <a href=\"https:\/\/www.motif.es\/alfombras-vinilicas\/253-570-alfombra-vinilica-terrazo-emotions.html#\/11-tamano_alfombra-50x97_cm\/64-color-multicolor\" target=\"_blank\" rel=\"noreferrer noopener\">Terrazo Emotions<\/a> o <a href=\"https:\/\/www.motif.es\/alfombras-vinilicas\/252-561-alfombra-vinilica-terrazo-sweet-berry.html#\/11-tamano_alfombra-50x97_cm\/55-color-rosa\" target=\"_blank\" rel=\"noreferrer noopener\">Terrazo Sweet Berry<\/a>.<\/span><\/p>\n<p ><span >\u00a0<\/span><\/p>\n<p ><span >Otra de las cosas que m\u00e1s nos gustan de este nuevo terrazo es verlo en combinaci\u00f3n <span style=\"text-decoration: underline;\">con otros materiales creando un mueble<\/span>. Suena car\u00edsimo, \u00bfverdad? El truco est\u00e1 en decantarse por un <a href=\"https:\/\/www.motif.es\/8-vinilos-para-muebles-y-paredes\" target=\"_blank\" rel=\"noreferrer noopener\">vinilo Motif<\/a>. En este material tienes dise\u00f1os preciosos en <strong>tonos pastel<\/strong>, como el<a href=\"https:\/\/www.motif.es\/vinilos-para-muebles-y-paredes\/10403-1940-vinilo-para-mueble-terrazo-claude-blau.html#\/20-material-mate\/21-tamano_vinilo_para_mueble-100x100_cm\" target=\"_blank\" rel=\"noreferrer noopener\"> Terrazo Claude Blau<\/a> o versiones renovadas de su aspecto m\u00e1s cl\u00e1sico como el <a href=\"https:\/\/www.motif.es\/vinilos-para-muebles-y-paredes\/20183-3916-vinilo-Terrazo-matet.html#\/20-material-mate\/21-tamano_vinilo_para_mueble-100x100_cm\" target=\"_blank\" rel=\"noreferrer noopener\">vinilo Terrazo Matet<\/a>.<\/span><\/p>\n<p ><span >\u00a0<\/span><\/p>\n<p ><span >Para darle <strong>un toque de tendencia a tu mesa<\/strong> puedes a\u00f1adir estampados de terrazo en forma de <a href=\"https:\/\/www.motif.es\/133-posavasos\" target=\"_blank\" rel=\"noreferrer noopener\">posavasos<\/a>,amamos muy fuerte los <a href=\"https:\/\/www.motif.es\/posavasos\/20346-posavasos-Terrazo-Emotions.html\" target=\"_blank\" rel=\"noreferrer noopener\">Terrazo Emotions<\/a>,\u00a0 o mantel individual, Terrazo tiene un dise\u00f1o elegant\u00f3n que enamorara a todas tus visitas.<\/span><\/p>\n<p ><span ><img loading=\"lazy\" decoding=\"async\" src=\"https:\/\/www.motif.es\/img\/cms\/pack-de-2-manteles-ancient-gris.jpg\" alt=\"\" width=\"1000\" height=\"1000\" \/><\/span><\/p>\n<p ><span >\u00a0<\/span><\/p>\n<p dir=\"ltr\" style=\"line-height: 1.38; margin-top: 0pt; margin-bottom: 0pt; text-align: left;\"><span >Si quieres <span style=\"text-decoration: underline;\">ir a lo grande<\/span> y darle #otrorollo a tu pared tambi\u00e9n tenemos opciones para ti. <a href=\"https:\/\/www.motif.es\/papeles-autoadhesivos\/5107-1318-papel-autoadhesivo-terrazo-classic.html#\/1-altura_papel-110_cm\/2-material-canvas\/55-color-rosa\" target=\"_blank\" rel=\"noreferrer noopener\">Terrazo Classic<\/a> o <a href=\"https:\/\/www.motif.es\/papeles-autoadhesivos\/5108-1324-papel-autoadhesivo-terrazo-frio.html#\/1-altura_papel-110_cm\/2-material-canvas\/64-color-multicolor\" target=\"_blank\" rel=\"noreferrer noopener\">Terrazo fr\u00edo<\/a> son de <a href=\"https:\/\/www.motif.es\/90-papeles-autoadhesivos\" target=\"_blank\" rel=\"noreferrer noopener\">papeles pintados<\/a> que <strong>al instante transforman tu pared<\/strong> y la llenan de good vibes. Si quieres algo m\u00e1s sweet y con trazos m\u00e1s grandes el <a href=\"https:\/\/www.motif.es\/murales-autoadhesivos\/6003-1475-mural-autoadhesivo-terrazo-colorfull.html#\/6-tamano_murales-132x260_cm\/64-color-multicolor\" target=\"_blank\" rel=\"noreferrer noopener\">Mural Terrazo Colorfull<\/a> \u00a1no nos puede gustar m\u00e1s!<\/span><\/p>\n<p ><span >\u00a0<\/span><\/p>\n<p ><span >Y esto es solo una peque\u00f1a muestra de todo lo que hemos ido preparando estos a\u00f1os de <span style=\"text-decoration: underline;\">resurrecci\u00f3n de terrazo<\/span> para que puedas disfrutar de este dise\u00f1o a la \u00faltima de forma f\u00e1cil y econ\u00f3mica. Te dejamos aqu\u00ed un <a href=\"https:\/\/www.motif.es\/busqueda?controller=search&amp;s=terrazo\" target=\"_blank\" rel=\"noreferrer noopener\">link<\/a> con todos los dise\u00f1os de terrazo y esperamos tus comentarios dici\u00e9ndonos por d\u00f3nde vas a empezar.<\/span><\/p>\n","protected":false},"excerpt":{"rendered":"<p>\u00bfQu\u00e9 pensaste cuando los especialistas en decoraci\u00f3n empezaron a anunciar la vuelta del terrazo? Te lo confesamos, por aqu\u00ed nos asustamos y est\u00e1bamos algo incr\u00e9dulos. Tras a\u00f1os de tapar ese suelo que nos parec\u00eda horrible, \u00a1ahora van y dicen que vuelve! Pero solo nos falt\u00f3 un poquito de tiempo para ver que nada era como [&#8230;]<\/p>\n","protected":false},"author":2,"featured_media":35,"comment_status":"open","ping_status":"open","sticky":false,"template":"","format":"standard","meta":{"_acf_changed":false,"footnotes":""},"categories":[9,8,6,5],"tags":[],"class_list":["post-34","post","type-post","status-publish","format-standard","has-post-thumbnail","hentry","category-inspirate","category-sobre-alfombras-vinilicas","category-sobre-papeles-para-pared-autoadhesivos","category-sobre-papeles-pintados"],"acf":[],"yoast_head":"<!-- This site is optimized with the Yoast SEO plugin v27.4 - https:\/\/yoast.com\/product\/yoast-seo-wordpress\/ -->\n<title>Incluir el terrazo en tu deco, \u00a1muy f\u00e1cil con Motif! - Blog Motif<\/title>\n<meta name=\"description\" content=\"\u00bfQu\u00e9 pensaste cuando los especialistas en decoraci\u00f3n empezaron a anunciar la vuelta del terrazo? Te lo confesamos, por aqu\u00ed nos asustamos y est\u00e1bamos algo\" \/>\n<meta name=\"robots\" content=\"index, follow, max-snippet:-1, max-image-preview:large, max-video-preview:-1\" \/>\n<link rel=\"canonical\" href=\"https:\/\/www.motif.es\/blog\/incluir-el-terrazo-en-tu-deco-muy-facil-con-motif\/\" \/>\n<meta property=\"og:locale\" content=\"es_ES\" \/>\n<meta property=\"og:type\" content=\"article\" \/>\n<meta property=\"og:title\" content=\"Incluir el terrazo en tu deco, \u00a1muy f\u00e1cil con Motif! - Blog Motif\" \/>\n<meta property=\"og:description\" content=\"\u00bfQu\u00e9 pensaste cuando los especialistas en decoraci\u00f3n empezaron a anunciar la vuelta del terrazo? Te lo confesamos, por aqu\u00ed nos asustamos y est\u00e1bamos algo\" \/>\n<meta property=\"og:url\" content=\"https:\/\/www.motif.es\/blog\/incluir-el-terrazo-en-tu-deco-muy-facil-con-motif\/\" \/>\n<meta property=\"og:site_name\" content=\"Blog Motif\" \/>\n<meta property=\"article:publisher\" content=\"https:\/\/www.facebook.com\/motifmorethanwalls\/\" \/>\n<meta property=\"article:published_time\" content=\"2020-09-15T22:12:11+00:00\" \/>\n<meta property=\"article:modified_time\" content=\"2020-11-30T12:13:27+00:00\" \/>\n<meta property=\"og:image\" content=\"https:\/\/www.motif.es\/blog\/wp-content\/uploads\/2020\/10\/b-papel-autoadhesivo-terrazo-frio.jpg\" \/>\n\t<meta property=\"og:image:width\" content=\"1000\" \/>\n\t<meta property=\"og:image:height\" content=\"1000\" \/>\n\t<meta property=\"og:image:type\" content=\"image\/jpeg\" \/>\n<meta name=\"author\" content=\"Comunicaci\u00f3n Motif\" \/>\n<meta name=\"twitter:card\" content=\"summary_large_image\" \/>\n<meta name=\"twitter:label1\" content=\"Escrito por\" \/>\n\t<meta name=\"twitter:data1\" content=\"Comunicaci\u00f3n Motif\" \/>\n\t<meta name=\"twitter:label2\" content=\"Tiempo de lectura\" \/>\n\t<meta name=\"twitter:data2\" content=\"2 minutos\" \/>\n<script type=\"application\/ld+json\" class=\"yoast-schema-graph\">{\"@context\":\"https:\\\/\\\/schema.org\",\"@graph\":[{\"@type\":\"Article\",\"@id\":\"https:\\\/\\\/www.motif.es\\\/blog\\\/incluir-el-terrazo-en-tu-deco-muy-facil-con-motif\\\/#article\",\"isPartOf\":{\"@id\":\"https:\\\/\\\/www.motif.es\\\/blog\\\/incluir-el-terrazo-en-tu-deco-muy-facil-con-motif\\\/\"},\"author\":{\"name\":\"Comunicaci\u00f3n Motif\",\"@id\":\"https:\\\/\\\/www.motif.es\\\/blog\\\/#\\\/schema\\\/person\\\/aac26ed80d8e02fb9525ec6b569d75e9\"},\"headline\":\"Incluir el terrazo en tu deco, \u00a1muy f\u00e1cil con Motif!\",\"datePublished\":\"2020-09-15T22:12:11+00:00\",\"dateModified\":\"2020-11-30T12:13:27+00:00\",\"mainEntityOfPage\":{\"@id\":\"https:\\\/\\\/www.motif.es\\\/blog\\\/incluir-el-terrazo-en-tu-deco-muy-facil-con-motif\\\/\"},\"wordCount\":450,\"commentCount\":0,\"publisher\":{\"@id\":\"https:\\\/\\\/www.motif.es\\\/blog\\\/#organization\"},\"image\":{\"@id\":\"https:\\\/\\\/www.motif.es\\\/blog\\\/incluir-el-terrazo-en-tu-deco-muy-facil-con-motif\\\/#primaryimage\"},\"thumbnailUrl\":\"https:\\\/\\\/www.motif.es\\\/blog\\\/wp-content\\\/uploads\\\/2020\\\/10\\\/b-papel-autoadhesivo-terrazo-frio.jpg\",\"articleSection\":[\"insp\u00edrate\",\"sobre alfombras vin\u00edlicas\",\"sobre papeles para pared autoadhesivos\",\"sobre papeles pintados\"],\"inLanguage\":\"es\",\"potentialAction\":[{\"@type\":\"CommentAction\",\"name\":\"Comment\",\"target\":[\"https:\\\/\\\/www.motif.es\\\/blog\\\/incluir-el-terrazo-en-tu-deco-muy-facil-con-motif\\\/#respond\"]}]},{\"@type\":\"WebPage\",\"@id\":\"https:\\\/\\\/www.motif.es\\\/blog\\\/incluir-el-terrazo-en-tu-deco-muy-facil-con-motif\\\/\",\"url\":\"https:\\\/\\\/www.motif.es\\\/blog\\\/incluir-el-terrazo-en-tu-deco-muy-facil-con-motif\\\/\",\"name\":\"Incluir el terrazo en tu deco, \u00a1muy f\u00e1cil con Motif! - Blog Motif\",\"isPartOf\":{\"@id\":\"https:\\\/\\\/www.motif.es\\\/blog\\\/#website\"},\"primaryImageOfPage\":{\"@id\":\"https:\\\/\\\/www.motif.es\\\/blog\\\/incluir-el-terrazo-en-tu-deco-muy-facil-con-motif\\\/#primaryimage\"},\"image\":{\"@id\":\"https:\\\/\\\/www.motif.es\\\/blog\\\/incluir-el-terrazo-en-tu-deco-muy-facil-con-motif\\\/#primaryimage\"},\"thumbnailUrl\":\"https:\\\/\\\/www.motif.es\\\/blog\\\/wp-content\\\/uploads\\\/2020\\\/10\\\/b-papel-autoadhesivo-terrazo-frio.jpg\",\"datePublished\":\"2020-09-15T22:12:11+00:00\",\"dateModified\":\"2020-11-30T12:13:27+00:00\",\"description\":\"\u00bfQu\u00e9 pensaste cuando los especialistas en decoraci\u00f3n empezaron a anunciar la vuelta del terrazo? Te lo confesamos, por aqu\u00ed nos asustamos y est\u00e1bamos algo\",\"breadcrumb\":{\"@id\":\"https:\\\/\\\/www.motif.es\\\/blog\\\/incluir-el-terrazo-en-tu-deco-muy-facil-con-motif\\\/#breadcrumb\"},\"inLanguage\":\"es\",\"potentialAction\":[{\"@type\":\"ReadAction\",\"target\":[\"https:\\\/\\\/www.motif.es\\\/blog\\\/incluir-el-terrazo-en-tu-deco-muy-facil-con-motif\\\/\"]}]},{\"@type\":\"ImageObject\",\"inLanguage\":\"es\",\"@id\":\"https:\\\/\\\/www.motif.es\\\/blog\\\/incluir-el-terrazo-en-tu-deco-muy-facil-con-motif\\\/#primaryimage\",\"url\":\"https:\\\/\\\/www.motif.es\\\/blog\\\/wp-content\\\/uploads\\\/2020\\\/10\\\/b-papel-autoadhesivo-terrazo-frio.jpg\",\"contentUrl\":\"https:\\\/\\\/www.motif.es\\\/blog\\\/wp-content\\\/uploads\\\/2020\\\/10\\\/b-papel-autoadhesivo-terrazo-frio.jpg\",\"width\":1000,\"height\":1000},{\"@type\":\"BreadcrumbList\",\"@id\":\"https:\\\/\\\/www.motif.es\\\/blog\\\/incluir-el-terrazo-en-tu-deco-muy-facil-con-motif\\\/#breadcrumb\",\"itemListElement\":[{\"@type\":\"ListItem\",\"position\":1,\"name\":\"Blog\",\"item\":\"https:\\\/\\\/www.motif.es\\\/blog\\\/\"},{\"@type\":\"ListItem\",\"position\":2,\"name\":\"insp\u00edrate\",\"item\":\"https:\\\/\\\/www.motif.es\\\/blog\\\/category\\\/inspirate\\\/\"},{\"@type\":\"ListItem\",\"position\":3,\"name\":\"Incluir el terrazo en tu deco, \u00a1muy f\u00e1cil con Motif!\"}]},{\"@type\":\"WebSite\",\"@id\":\"https:\\\/\\\/www.motif.es\\\/blog\\\/#website\",\"url\":\"https:\\\/\\\/www.motif.es\\\/blog\\\/\",\"name\":\"Blog Motif\",\"description\":\"nuestro rinc\u00f3n para inspirarte\",\"publisher\":{\"@id\":\"https:\\\/\\\/www.motif.es\\\/blog\\\/#organization\"},\"potentialAction\":[{\"@type\":\"SearchAction\",\"target\":{\"@type\":\"EntryPoint\",\"urlTemplate\":\"https:\\\/\\\/www.motif.es\\\/blog\\\/?s={search_term_string}\"},\"query-input\":{\"@type\":\"PropertyValueSpecification\",\"valueRequired\":true,\"valueName\":\"search_term_string\"}}],\"inLanguage\":\"es\"},{\"@type\":\"Organization\",\"@id\":\"https:\\\/\\\/www.motif.es\\\/blog\\\/#organization\",\"name\":\"Motif Wallpapers S.L.U.\",\"url\":\"https:\\\/\\\/www.motif.es\\\/blog\\\/\",\"logo\":{\"@type\":\"ImageObject\",\"inLanguage\":\"es\",\"@id\":\"https:\\\/\\\/www.motif.es\\\/blog\\\/#\\\/schema\\\/logo\\\/image\\\/\",\"url\":\"https:\\\/\\\/motif.es\\\/blog\\\/wp-content\\\/uploads\\\/2021\\\/06\\\/logo-motif.jpg\",\"contentUrl\":\"https:\\\/\\\/motif.es\\\/blog\\\/wp-content\\\/uploads\\\/2021\\\/06\\\/logo-motif.jpg\",\"width\":464,\"height\":464,\"caption\":\"Motif Wallpapers S.L.U.\"},\"image\":{\"@id\":\"https:\\\/\\\/www.motif.es\\\/blog\\\/#\\\/schema\\\/logo\\\/image\\\/\"},\"sameAs\":[\"https:\\\/\\\/www.facebook.com\\\/motifmorethanwalls\\\/\",\"https:\\\/\\\/www.instagram.com\\\/motif_es\\\/?hl=es\",\"https:\\\/\\\/www.pinterest.es\\\/motifwallpapers\\\/\",\"https:\\\/\\\/www.youtube.com\\\/channel\\\/UCNaOmbxD6LjcQNj4vmfVIUg\"]},{\"@type\":\"Person\",\"@id\":\"https:\\\/\\\/www.motif.es\\\/blog\\\/#\\\/schema\\\/person\\\/aac26ed80d8e02fb9525ec6b569d75e9\",\"name\":\"Comunicaci\u00f3n Motif\",\"image\":{\"@type\":\"ImageObject\",\"inLanguage\":\"es\",\"@id\":\"https:\\\/\\\/secure.gravatar.com\\\/avatar\\\/93b2fb49a03bd7a57b5f5e8c3b740113f14f25da86b090887d9353672de2d9b5?s=96&d=mm&r=g\",\"url\":\"https:\\\/\\\/secure.gravatar.com\\\/avatar\\\/93b2fb49a03bd7a57b5f5e8c3b740113f14f25da86b090887d9353672de2d9b5?s=96&d=mm&r=g\",\"contentUrl\":\"https:\\\/\\\/secure.gravatar.com\\\/avatar\\\/93b2fb49a03bd7a57b5f5e8c3b740113f14f25da86b090887d9353672de2d9b5?s=96&d=mm&r=g\",\"caption\":\"Comunicaci\u00f3n Motif\"},\"url\":\"https:\\\/\\\/www.motif.es\\\/blog\\\/author\\\/comunicacion\\\/\"}]}<\/script>\n<!-- \/ Yoast SEO plugin. -->","yoast_head_json":{"title":"Incluir el terrazo en tu deco, \u00a1muy f\u00e1cil con Motif! - Blog Motif","description":"\u00bfQu\u00e9 pensaste cuando los especialistas en decoraci\u00f3n empezaron a anunciar la vuelta del terrazo? Te lo confesamos, por aqu\u00ed nos asustamos y est\u00e1bamos algo","robots":{"index":"index","follow":"follow","max-snippet":"max-snippet:-1","max-image-preview":"max-image-preview:large","max-video-preview":"max-video-preview:-1"},"canonical":"https:\/\/www.motif.es\/blog\/incluir-el-terrazo-en-tu-deco-muy-facil-con-motif\/","og_locale":"es_ES","og_type":"article","og_title":"Incluir el terrazo en tu deco, \u00a1muy f\u00e1cil con Motif! - Blog Motif","og_description":"\u00bfQu\u00e9 pensaste cuando los especialistas en decoraci\u00f3n empezaron a anunciar la vuelta del terrazo? Te lo confesamos, por aqu\u00ed nos asustamos y est\u00e1bamos algo","og_url":"https:\/\/www.motif.es\/blog\/incluir-el-terrazo-en-tu-deco-muy-facil-con-motif\/","og_site_name":"Blog Motif","article_publisher":"https:\/\/www.facebook.com\/motifmorethanwalls\/","article_published_time":"2020-09-15T22:12:11+00:00","article_modified_time":"2020-11-30T12:13:27+00:00","og_image":[{"width":1000,"height":1000,"url":"https:\/\/www.motif.es\/blog\/wp-content\/uploads\/2020\/10\/b-papel-autoadhesivo-terrazo-frio.jpg","type":"image\/jpeg"}],"author":"Comunicaci\u00f3n Motif","twitter_card":"summary_large_image","twitter_misc":{"Escrito por":"Comunicaci\u00f3n Motif","Tiempo de lectura":"2 minutos"},"schema":{"@context":"https:\/\/schema.org","@graph":[{"@type":"Article","@id":"https:\/\/www.motif.es\/blog\/incluir-el-terrazo-en-tu-deco-muy-facil-con-motif\/#article","isPartOf":{"@id":"https:\/\/www.motif.es\/blog\/incluir-el-terrazo-en-tu-deco-muy-facil-con-motif\/"},"author":{"name":"Comunicaci\u00f3n Motif","@id":"https:\/\/www.motif.es\/blog\/#\/schema\/person\/aac26ed80d8e02fb9525ec6b569d75e9"},"headline":"Incluir el terrazo en tu deco, \u00a1muy f\u00e1cil con Motif!","datePublished":"2020-09-15T22:12:11+00:00","dateModified":"2020-11-30T12:13:27+00:00","mainEntityOfPage":{"@id":"https:\/\/www.motif.es\/blog\/incluir-el-terrazo-en-tu-deco-muy-facil-con-motif\/"},"wordCount":450,"commentCount":0,"publisher":{"@id":"https:\/\/www.motif.es\/blog\/#organization"},"image":{"@id":"https:\/\/www.motif.es\/blog\/incluir-el-terrazo-en-tu-deco-muy-facil-con-motif\/#primaryimage"},"thumbnailUrl":"https:\/\/www.motif.es\/blog\/wp-content\/uploads\/2020\/10\/b-papel-autoadhesivo-terrazo-frio.jpg","articleSection":["insp\u00edrate","sobre alfombras vin\u00edlicas","sobre papeles para pared autoadhesivos","sobre papeles pintados"],"inLanguage":"es","potentialAction":[{"@type":"CommentAction","name":"Comment","target":["https:\/\/www.motif.es\/blog\/incluir-el-terrazo-en-tu-deco-muy-facil-con-motif\/#respond"]}]},{"@type":"WebPage","@id":"https:\/\/www.motif.es\/blog\/incluir-el-terrazo-en-tu-deco-muy-facil-con-motif\/","url":"https:\/\/www.motif.es\/blog\/incluir-el-terrazo-en-tu-deco-muy-facil-con-motif\/","name":"Incluir el terrazo en tu deco, \u00a1muy f\u00e1cil con Motif! - Blog Motif","isPartOf":{"@id":"https:\/\/www.motif.es\/blog\/#website"},"primaryImageOfPage":{"@id":"https:\/\/www.motif.es\/blog\/incluir-el-terrazo-en-tu-deco-muy-facil-con-motif\/#primaryimage"},"image":{"@id":"https:\/\/www.motif.es\/blog\/incluir-el-terrazo-en-tu-deco-muy-facil-con-motif\/#primaryimage"},"thumbnailUrl":"https:\/\/www.motif.es\/blog\/wp-content\/uploads\/2020\/10\/b-papel-autoadhesivo-terrazo-frio.jpg","datePublished":"2020-09-15T22:12:11+00:00","dateModified":"2020-11-30T12:13:27+00:00","description":"\u00bfQu\u00e9 pensaste cuando los especialistas en decoraci\u00f3n empezaron a anunciar la vuelta del terrazo? Te lo confesamos, por aqu\u00ed nos asustamos y est\u00e1bamos algo","breadcrumb":{"@id":"https:\/\/www.motif.es\/blog\/incluir-el-terrazo-en-tu-deco-muy-facil-con-motif\/#breadcrumb"},"inLanguage":"es","potentialAction":[{"@type":"ReadAction","target":["https:\/\/www.motif.es\/blog\/incluir-el-terrazo-en-tu-deco-muy-facil-con-motif\/"]}]},{"@type":"ImageObject","inLanguage":"es","@id":"https:\/\/www.motif.es\/blog\/incluir-el-terrazo-en-tu-deco-muy-facil-con-motif\/#primaryimage","url":"https:\/\/www.motif.es\/blog\/wp-content\/uploads\/2020\/10\/b-papel-autoadhesivo-terrazo-frio.jpg","contentUrl":"https:\/\/www.motif.es\/blog\/wp-content\/uploads\/2020\/10\/b-papel-autoadhesivo-terrazo-frio.jpg","width":1000,"height":1000},{"@type":"BreadcrumbList","@id":"https:\/\/www.motif.es\/blog\/incluir-el-terrazo-en-tu-deco-muy-facil-con-motif\/#breadcrumb","itemListElement":[{"@type":"ListItem","position":1,"name":"Blog","item":"https:\/\/www.motif.es\/blog\/"},{"@type":"ListItem","position":2,"name":"insp\u00edrate","item":"https:\/\/www.motif.es\/blog\/category\/inspirate\/"},{"@type":"ListItem","position":3,"name":"Incluir el terrazo en tu deco, \u00a1muy f\u00e1cil con Motif!"}]},{"@type":"WebSite","@id":"https:\/\/www.motif.es\/blog\/#website","url":"https:\/\/www.motif.es\/blog\/","name":"Blog Motif","description":"nuestro rinc\u00f3n para inspirarte","publisher":{"@id":"https:\/\/www.motif.es\/blog\/#organization"},"potentialAction":[{"@type":"SearchAction","target":{"@type":"EntryPoint","urlTemplate":"https:\/\/www.motif.es\/blog\/?s={search_term_string}"},"query-input":{"@type":"PropertyValueSpecification","valueRequired":true,"valueName":"search_term_string"}}],"inLanguage":"es"},{"@type":"Organization","@id":"https:\/\/www.motif.es\/blog\/#organization","name":"Motif Wallpapers S.L.U.","url":"https:\/\/www.motif.es\/blog\/","logo":{"@type":"ImageObject","inLanguage":"es","@id":"https:\/\/www.motif.es\/blog\/#\/schema\/logo\/image\/","url":"https:\/\/motif.es\/blog\/wp-content\/uploads\/2021\/06\/logo-motif.jpg","contentUrl":"https:\/\/motif.es\/blog\/wp-content\/uploads\/2021\/06\/logo-motif.jpg","width":464,"height":464,"caption":"Motif Wallpapers S.L.U."},"image":{"@id":"https:\/\/www.motif.es\/blog\/#\/schema\/logo\/image\/"},"sameAs":["https:\/\/www.facebook.com\/motifmorethanwalls\/","https:\/\/www.instagram.com\/motif_es\/?hl=es","https:\/\/www.pinterest.es\/motifwallpapers\/","https:\/\/www.youtube.com\/channel\/UCNaOmbxD6LjcQNj4vmfVIUg"]},{"@type":"Person","@id":"https:\/\/www.motif.es\/blog\/#\/schema\/person\/aac26ed80d8e02fb9525ec6b569d75e9","name":"Comunicaci\u00f3n Motif","image":{"@type":"ImageObject","inLanguage":"es","@id":"https:\/\/secure.gravatar.com\/avatar\/93b2fb49a03bd7a57b5f5e8c3b740113f14f25da86b090887d9353672de2d9b5?s=96&d=mm&r=g","url":"https:\/\/secure.gravatar.com\/avatar\/93b2fb49a03bd7a57b5f5e8c3b740113f14f25da86b090887d9353672de2d9b5?s=96&d=mm&r=g","contentUrl":"https:\/\/secure.gravatar.com\/avatar\/93b2fb49a03bd7a57b5f5e8c3b740113f14f25da86b090887d9353672de2d9b5?s=96&d=mm&r=g","caption":"Comunicaci\u00f3n Motif"},"url":"https:\/\/www.motif.es\/blog\/author\/comunicacion\/"}]}},"_links":{"self":[{"href":"https:\/\/www.motif.es\/blog\/wp-json\/wp\/v2\/posts\/34","targetHints":{"allow":["GET"]}}],"collection":[{"href":"https:\/\/www.motif.es\/blog\/wp-json\/wp\/v2\/posts"}],"about":[{"href":"https:\/\/www.motif.es\/blog\/wp-json\/wp\/v2\/types\/post"}],"author":[{"embeddable":true,"href":"https:\/\/www.motif.es\/blog\/wp-json\/wp\/v2\/users\/2"}],"replies":[{"embeddable":true,"href":"https:\/\/www.motif.es\/blog\/wp-json\/wp\/v2\/comments?post=34"}],"version-history":[{"count":2,"href":"https:\/\/www.motif.es\/blog\/wp-json\/wp\/v2\/posts\/34\/revisions"}],"predecessor-version":[{"id":364,"href":"https:\/\/www.motif.es\/blog\/wp-json\/wp\/v2\/posts\/34\/revisions\/364"}],"wp:featuredmedia":[{"embeddable":true,"href":"https:\/\/www.motif.es\/blog\/wp-json\/wp\/v2\/media\/35"}],"wp:attachment":[{"href":"https:\/\/www.motif.es\/blog\/wp-json\/wp\/v2\/media?parent=34"}],"wp:term":[{"taxonomy":"category","embeddable":true,"href":"https:\/\/www.motif.es\/blog\/wp-json\/wp\/v2\/categories?post=34"},{"taxonomy":"post_tag","embeddable":true,"href":"https:\/\/www.motif.es\/blog\/wp-json\/wp\/v2\/tags?post=34"}],"curies":[{"name":"wp","href":"https:\/\/api.w.org\/{rel}","templated":true}]}}