{"id":3417,"date":"2026-03-04T09:01:31","date_gmt":"2026-03-04T09:01:31","guid":{"rendered":"https:\/\/www.motif.es\/blog\/?p=3417"},"modified":"2026-03-04T09:01:31","modified_gmt":"2026-03-04T09:01:31","slug":"decoracion-emocional-cuando-la-casa-empieza-a-disenarse-pensando-en-como-te-hace-sentir","status":"publish","type":"post","link":"https:\/\/www.motif.es\/blog\/decoracion-emocional-cuando-la-casa-empieza-a-disenarse-pensando-en-como-te-hace-sentir\/","title":{"rendered":"Decoraci\u00f3n emocional: cuando la casa empieza a dise\u00f1arse pensando en c\u00f3mo te hace sentir"},"content":{"rendered":"<div class=\"flex flex-col text-sm pb-25\">\n<article class=\"text-token-text-primary w-full focus:outline-none [--shadow-height:45px] has-data-writing-block:pointer-events-none has-data-writing-block:-mt-(--shadow-height) has-data-writing-block:pt-(--shadow-height) [&amp;:has([data-writing-block])&gt;*]:pointer-events-auto scroll-mt-[calc(var(--header-height)+min(200px,max(70px,20svh)))]\" dir=\"auto\" tabindex=\"-1\" data-turn-id=\"request-69775f17-15ec-8330-bb2b-0488a7b4cf99-8\" data-testid=\"conversation-turn-64\" data-scroll-anchor=\"true\" data-turn=\"assistant\">\n<div class=\"text-base my-auto mx-auto pb-10 [--thread-content-margin:--spacing(4)] @w-sm\/main:[--thread-content-margin:--spacing(6)] @w-lg\/main:[--thread-content-margin:--spacing(16)] px-(--thread-content-margin)\">\n<div class=\"[--thread-content-max-width:40rem] @w-lg\/main:[--thread-content-max-width:48rem] mx-auto max-w-(--thread-content-max-width) flex-1 group\/turn-messages focus-visible:outline-hidden relative flex w-full min-w-0 flex-col agent-turn\" tabindex=\"-1\">\n<div class=\"flex max-w-full flex-col grow\">\n<div class=\"min-h-8 text-message relative flex w-full flex-col items-end gap-2 text-start break-words whitespace-normal [.text-message+&amp;]:mt-1\" dir=\"auto\" data-message-author-role=\"assistant\" data-message-id=\"be454812-87e2-4683-958d-458c85497858\" data-message-model-slug=\"gpt-5-3\">\n<div class=\"flex w-full flex-col gap-1 empty:hidden first:pt-[1px]\">\n<div class=\"markdown prose dark:prose-invert w-full wrap-break-word light markdown-new-styling\">\n<p data-start=\"358\" data-end=\"629\">Durante a\u00f1os, <strong>decorar una casa<\/strong> parec\u00eda una cuesti\u00f3n de estilo. Elegir colores, seguir tendencias, encontrar el sof\u00e1 adecuado. Sin embargo, algo est\u00e1 cambiando en el interiorismo reciente: cada vez se habla m\u00e1s de <strong data-start=\"571\" data-end=\"628\">c\u00f3mo influyen los espacios en nuestro estado de \u00e1nimo<\/strong>.<\/p>\n<p data-start=\"631\" data-end=\"831\">No es casual. Tras a\u00f1os en los que la vivienda ha asumido muchos roles \u2014casa, oficina, refugio\u2014 el dise\u00f1o interior empieza a centrarse en algo m\u00e1s profundo: <strong data-start=\"788\" data-end=\"830\">generar bienestar real en el d\u00eda a d\u00eda<\/strong>.<\/p>\n<p data-start=\"833\" data-end=\"1178\">Un ejemplo de esta tendencia aparece en el an\u00e1lisis de tendencias de <strong data-start=\"902\" data-end=\"943\"><span class=\"whitespace-normal\">AD Espa\u00f1a<\/span><\/strong>, donde se se\u00f1ala que los interiores actuales buscan autenticidad y conexi\u00f3n emocional con quienes los habitan.<br data-start=\"1054\" data-end=\"1057\" \/>Puedes leerlo <a href=\"https:\/\/www.revistaad.es\/articulos\/tendencias-decoracion-2026\" target=\"_blank\" rel=\"noopener\">aqu\u00ed<\/a><\/p>\n<h5 data-start=\"1180\" data-end=\"1227\">Cuando el interiorismo se vuelve m\u00e1s humano<\/h5>\n<p data-start=\"1229\" data-end=\"1417\">La llamada decoraci\u00f3n emocional no propone casas espectaculares, sino <strong data-start=\"1299\" data-end=\"1335\">casas que funcionan como refugio<\/strong>. Espacios donde la luz, los materiales y la distribuci\u00f3n ayudan a bajar el ritmo.<\/p>\n<p data-start=\"1419\" data-end=\"1691\">Por eso, una de las claves que m\u00e1s repiten los interioristas en 2026 es la vuelta a lo natural: madera, lino, piedra, fibras vegetales o tonos arena. Materiales honestos que aportan calidez sin necesidad de grandes gestos decorativos.<\/p>\n<p data-start=\"1693\" data-end=\"1783\">No se trata tanto de a\u00f1adir m\u00e1s objetos como de <strong data-start=\"1741\" data-end=\"1782\">cuidar las superficies que ya existen<\/strong>.<\/p>\n<h5 data-start=\"1785\" data-end=\"1821\">Paredes que cambian la atm\u00f3sfera<\/h5>\n<p data-start=\"1823\" data-end=\"2063\">Las paredes, por ejemplo, se han convertido en una herramienta poderosa para modificar la sensaci\u00f3n de una estancia. Un papel pintado con textura natural o un mural suave puede aportar profundidad y calidez sin llenar el espacio de muebles u otros objetos, que a veces, en vez de mejorar la decoraci\u00f3n, acaban creando una sensaci\u00f3n de ruido visual.<\/p>\n<p data-start=\"2065\" data-end=\"2193\">En muchos proyectos actuales, el foco est\u00e1 precisamente ah\u00ed: intervenir de forma sutil para que la casa se sienta m\u00e1s acogedora.<\/p>\n<p style=\"text-align: center;\" data-start=\"2065\" data-end=\"2193\"><img loading=\"lazy\" decoding=\"async\" class=\"alignnone size-full wp-image-3418\" src=\"https:\/\/www.motif.es\/blog\/wp-content\/uploads\/2026\/03\/papel-pintado-para-salon.png\" alt=\"\" width=\"1024\" height=\"1024\" srcset=\"https:\/\/www.motif.es\/blog\/wp-content\/uploads\/2026\/03\/papel-pintado-para-salon.png 1024w, https:\/\/www.motif.es\/blog\/wp-content\/uploads\/2026\/03\/papel-pintado-para-salon-300x300.png 300w, https:\/\/www.motif.es\/blog\/wp-content\/uploads\/2026\/03\/papel-pintado-para-salon-150x150.png 150w, https:\/\/www.motif.es\/blog\/wp-content\/uploads\/2026\/03\/papel-pintado-para-salon-768x768.png 768w, https:\/\/www.motif.es\/blog\/wp-content\/uploads\/2026\/03\/papel-pintado-para-salon-400x400.png 400w\" sizes=\"auto, (max-width: 1024px) 100vw, 1024px\" \/><\/p>\n<p style=\"text-align: center;\" data-start=\"2065\" data-end=\"2193\"><em>Papel pintado de MOTIF<\/em><\/p>\n<h5 data-start=\"2195\" data-end=\"2253\">El suelo tambi\u00e9n influye en c\u00f3mo se percibe el espacio<\/h5>\n<p data-start=\"2255\" data-end=\"2414\">Algo parecido ocurre con el suelo. Aunque muchas veces pasa desapercibido, es una de las superficies que m\u00e1s condiciona la atm\u00f3sfera general de una habitaci\u00f3n.<\/p>\n<p data-start=\"2416\" data-end=\"2751\">Cuando el pavimento es oscuro o fragmentado, la estancia puede sentirse m\u00e1s pesada. En cambio, superficies continuas y tonos naturales ayudan a crear una base visual m\u00e1s tranquila. Por eso, en muchas reformas ligeras se utilizan <strong>suelos vin\u00edlicos que permiten renovar el pavimento existente sin obras<\/strong> y aportar una sensaci\u00f3n m\u00e1s c\u00e1lida.<\/p>\n<p data-start=\"2753\" data-end=\"2955\">En estancias como el sal\u00f3n o el comedor, <strong data-start=\"2794\" data-end=\"2826\">una alfombra vin\u00edlica amplia<\/strong> tambi\u00e9n puede cumplir ese papel: delimitar el espacio, introducir textura visual y hacer que la estancia se sienta m\u00e1s recogida.<\/p>\n<p style=\"text-align: center;\" data-start=\"2753\" data-end=\"2955\"><img loading=\"lazy\" decoding=\"async\" class=\"alignnone size-full wp-image-3419\" src=\"https:\/\/www.motif.es\/blog\/wp-content\/uploads\/2026\/03\/alfombra-vinilica-para-salon-decoracion.png\" alt=\"\" width=\"1024\" height=\"1024\" srcset=\"https:\/\/www.motif.es\/blog\/wp-content\/uploads\/2026\/03\/alfombra-vinilica-para-salon-decoracion.png 1024w, https:\/\/www.motif.es\/blog\/wp-content\/uploads\/2026\/03\/alfombra-vinilica-para-salon-decoracion-300x300.png 300w, https:\/\/www.motif.es\/blog\/wp-content\/uploads\/2026\/03\/alfombra-vinilica-para-salon-decoracion-150x150.png 150w, https:\/\/www.motif.es\/blog\/wp-content\/uploads\/2026\/03\/alfombra-vinilica-para-salon-decoracion-768x768.png 768w, https:\/\/www.motif.es\/blog\/wp-content\/uploads\/2026\/03\/alfombra-vinilica-para-salon-decoracion-400x400.png 400w\" sizes=\"auto, (max-width: 1024px) 100vw, 1024px\" \/><\/p>\n<p style=\"text-align: center;\" data-start=\"2753\" data-end=\"2955\"><em><a href=\"https:\/\/www.motif.es\/alfombras-vinilicas\/20685-17749-alfombra-vinilica-wela.html#\/11-tamano_alfombra_vinilica-50x97cm\/57-color-beige\" target=\"_blank\" rel=\"noopener\">Alfombra vin\u00edlica Wella<\/a> y las l\u00e1minas de la Colecci\u00f3n Romance de MOTIF<\/em><\/p>\n<h5 data-start=\"2957\" data-end=\"3014\">Peque\u00f1os gestos que cambian la experiencia de la casa<\/h5>\n<p data-start=\"3016\" data-end=\"3173\">La <strong>decoraci\u00f3n emocional<\/strong> no busca transformar la vivienda por completo. Su l\u00f3gica es otra: intervenir en puntos clave que influyen en c\u00f3mo se vive el espacio.<\/p>\n<p data-start=\"3175\" data-end=\"3351\">Una pared que suaviza el ambiente, un suelo que aporta continuidad o una alfombra que recoge la zona de estar pueden cambiar la percepci\u00f3n de una estancia m\u00e1s de lo que parece.<\/p>\n<p data-start=\"3353\" data-end=\"3488\">Al final, decorar no consiste solo en que la casa se vea bien.<br data-start=\"3415\" data-end=\"3418\" \/>Consiste, sobre todo, en <strong data-start=\"3443\" data-end=\"3487\">que se sienta bien cuando entras en ella<\/strong>.<\/p>\n<\/div>\n<\/div>\n<\/div>\n<\/div>\n<div class=\"z-0 flex min-h-[46px] justify-start\"><\/div>\n<div class=\"mt-3 w-full empty:hidden\">\n<div class=\"text-center\"><\/div>\n<\/div>\n<\/div>\n<\/div>\n<\/article>\n<\/div>\n<div class=\"pointer-events-none h-px w-px absolute bottom-0\" aria-hidden=\"true\" data-edge=\"true\"><\/div>\n","protected":false},"excerpt":{"rendered":"<p>Durante a\u00f1os, decorar una casa parec\u00eda una cuesti\u00f3n de estilo. Elegir colores, seguir tendencias, encontrar el sof\u00e1 adecuado. Sin embargo, algo est\u00e1 cambiando en el interiorismo reciente: cada vez se habla m\u00e1s de c\u00f3mo influyen los espacios en nuestro estado de \u00e1nimo. No es casual. Tras a\u00f1os en los que la vivienda ha asumido muchos [&#8230;]<\/p>\n","protected":false},"author":2,"featured_media":3418,"comment_status":"open","ping_status":"open","sticky":false,"template":"","format":"standard","meta":{"_acf_changed":false,"footnotes":""},"categories":[8,13],"tags":[],"class_list":["post-3417","post","type-post","status-publish","format-standard","has-post-thumbnail","hentry","category-sobre-alfombras-vinilicas","category-sobre-laminas-decoracion"],"acf":[],"yoast_head":"<!-- This site is optimized with the Yoast SEO plugin v27.5 - https:\/\/yoast.com\/product\/yoast-seo-wordpress\/ -->\n<title>Decoraci\u00f3n emocional: cuando la casa empieza a dise\u00f1arse pensando en c\u00f3mo te hace sentir - Blog Motif<\/title>\n<meta name=\"description\" content=\"Durante a\u00f1os, decorar una casa parec\u00eda una cuesti\u00f3n de estilo. Elegir colores, seguir tendencias, encontrar el sof\u00e1 adecuado. Sin embargo, algo est\u00e1\" \/>\n<meta name=\"robots\" content=\"index, follow, max-snippet:-1, max-image-preview:large, max-video-preview:-1\" \/>\n<link rel=\"canonical\" href=\"https:\/\/www.motif.es\/blog\/decoracion-emocional-cuando-la-casa-empieza-a-disenarse-pensando-en-como-te-hace-sentir\/\" \/>\n<meta property=\"og:locale\" content=\"es_ES\" \/>\n<meta property=\"og:type\" content=\"article\" \/>\n<meta property=\"og:title\" content=\"Decoraci\u00f3n emocional: cuando la casa empieza a dise\u00f1arse pensando en c\u00f3mo te hace sentir - Blog Motif\" \/>\n<meta property=\"og:description\" content=\"Durante a\u00f1os, decorar una casa parec\u00eda una cuesti\u00f3n de estilo. Elegir colores, seguir tendencias, encontrar el sof\u00e1 adecuado. Sin embargo, algo est\u00e1\" \/>\n<meta property=\"og:url\" content=\"https:\/\/www.motif.es\/blog\/decoracion-emocional-cuando-la-casa-empieza-a-disenarse-pensando-en-como-te-hace-sentir\/\" \/>\n<meta property=\"og:site_name\" content=\"Blog Motif\" \/>\n<meta property=\"article:publisher\" content=\"https:\/\/www.facebook.com\/motifmorethanwalls\/\" \/>\n<meta property=\"article:published_time\" content=\"2026-03-04T09:01:31+00:00\" \/>\n<meta property=\"og:image\" content=\"https:\/\/www.motif.es\/blog\/wp-content\/uploads\/2026\/03\/papel-pintado-para-salon.png\" \/>\n\t<meta property=\"og:image:width\" content=\"1024\" \/>\n\t<meta property=\"og:image:height\" content=\"1024\" \/>\n\t<meta property=\"og:image:type\" content=\"image\/png\" \/>\n<meta name=\"author\" content=\"Comunicaci\u00f3n Motif\" \/>\n<meta name=\"twitter:card\" content=\"summary_large_image\" \/>\n<meta name=\"twitter:label1\" content=\"Escrito por\" \/>\n\t<meta name=\"twitter:data1\" content=\"Comunicaci\u00f3n Motif\" \/>\n\t<meta name=\"twitter:label2\" content=\"Tiempo de lectura\" \/>\n\t<meta name=\"twitter:data2\" content=\"3 minutos\" \/>\n<script type=\"application\/ld+json\" class=\"yoast-schema-graph\">{\"@context\":\"https:\\\/\\\/schema.org\",\"@graph\":[{\"@type\":\"Article\",\"@id\":\"https:\\\/\\\/www.motif.es\\\/blog\\\/decoracion-emocional-cuando-la-casa-empieza-a-disenarse-pensando-en-como-te-hace-sentir\\\/#article\",\"isPartOf\":{\"@id\":\"https:\\\/\\\/www.motif.es\\\/blog\\\/decoracion-emocional-cuando-la-casa-empieza-a-disenarse-pensando-en-como-te-hace-sentir\\\/\"},\"author\":{\"name\":\"Comunicaci\u00f3n Motif\",\"@id\":\"https:\\\/\\\/www.motif.es\\\/blog\\\/#\\\/schema\\\/person\\\/aac26ed80d8e02fb9525ec6b569d75e9\"},\"headline\":\"Decoraci\u00f3n emocional: cuando la casa empieza a dise\u00f1arse pensando en c\u00f3mo te hace sentir\",\"datePublished\":\"2026-03-04T09:01:31+00:00\",\"mainEntityOfPage\":{\"@id\":\"https:\\\/\\\/www.motif.es\\\/blog\\\/decoracion-emocional-cuando-la-casa-empieza-a-disenarse-pensando-en-como-te-hace-sentir\\\/\"},\"wordCount\":575,\"commentCount\":0,\"publisher\":{\"@id\":\"https:\\\/\\\/www.motif.es\\\/blog\\\/#organization\"},\"image\":{\"@id\":\"https:\\\/\\\/www.motif.es\\\/blog\\\/decoracion-emocional-cuando-la-casa-empieza-a-disenarse-pensando-en-como-te-hace-sentir\\\/#primaryimage\"},\"thumbnailUrl\":\"https:\\\/\\\/www.motif.es\\\/blog\\\/wp-content\\\/uploads\\\/2026\\\/03\\\/papel-pintado-para-salon.png\",\"articleSection\":[\"sobre alfombras vin\u00edlicas\",\"sobre l\u00e1minas decoraci\u00f3n\"],\"inLanguage\":\"es\",\"potentialAction\":[{\"@type\":\"CommentAction\",\"name\":\"Comment\",\"target\":[\"https:\\\/\\\/www.motif.es\\\/blog\\\/decoracion-emocional-cuando-la-casa-empieza-a-disenarse-pensando-en-como-te-hace-sentir\\\/#respond\"]}]},{\"@type\":\"WebPage\",\"@id\":\"https:\\\/\\\/www.motif.es\\\/blog\\\/decoracion-emocional-cuando-la-casa-empieza-a-disenarse-pensando-en-como-te-hace-sentir\\\/\",\"url\":\"https:\\\/\\\/www.motif.es\\\/blog\\\/decoracion-emocional-cuando-la-casa-empieza-a-disenarse-pensando-en-como-te-hace-sentir\\\/\",\"name\":\"Decoraci\u00f3n emocional: cuando la casa empieza a dise\u00f1arse pensando en c\u00f3mo te hace sentir - Blog Motif\",\"isPartOf\":{\"@id\":\"https:\\\/\\\/www.motif.es\\\/blog\\\/#website\"},\"primaryImageOfPage\":{\"@id\":\"https:\\\/\\\/www.motif.es\\\/blog\\\/decoracion-emocional-cuando-la-casa-empieza-a-disenarse-pensando-en-como-te-hace-sentir\\\/#primaryimage\"},\"image\":{\"@id\":\"https:\\\/\\\/www.motif.es\\\/blog\\\/decoracion-emocional-cuando-la-casa-empieza-a-disenarse-pensando-en-como-te-hace-sentir\\\/#primaryimage\"},\"thumbnailUrl\":\"https:\\\/\\\/www.motif.es\\\/blog\\\/wp-content\\\/uploads\\\/2026\\\/03\\\/papel-pintado-para-salon.png\",\"datePublished\":\"2026-03-04T09:01:31+00:00\",\"description\":\"Durante a\u00f1os, decorar una casa parec\u00eda una cuesti\u00f3n de estilo. Elegir colores, seguir tendencias, encontrar el sof\u00e1 adecuado. Sin embargo, algo est\u00e1\",\"breadcrumb\":{\"@id\":\"https:\\\/\\\/www.motif.es\\\/blog\\\/decoracion-emocional-cuando-la-casa-empieza-a-disenarse-pensando-en-como-te-hace-sentir\\\/#breadcrumb\"},\"inLanguage\":\"es\",\"potentialAction\":[{\"@type\":\"ReadAction\",\"target\":[\"https:\\\/\\\/www.motif.es\\\/blog\\\/decoracion-emocional-cuando-la-casa-empieza-a-disenarse-pensando-en-como-te-hace-sentir\\\/\"]}]},{\"@type\":\"ImageObject\",\"inLanguage\":\"es\",\"@id\":\"https:\\\/\\\/www.motif.es\\\/blog\\\/decoracion-emocional-cuando-la-casa-empieza-a-disenarse-pensando-en-como-te-hace-sentir\\\/#primaryimage\",\"url\":\"https:\\\/\\\/www.motif.es\\\/blog\\\/wp-content\\\/uploads\\\/2026\\\/03\\\/papel-pintado-para-salon.png\",\"contentUrl\":\"https:\\\/\\\/www.motif.es\\\/blog\\\/wp-content\\\/uploads\\\/2026\\\/03\\\/papel-pintado-para-salon.png\",\"width\":1024,\"height\":1024},{\"@type\":\"BreadcrumbList\",\"@id\":\"https:\\\/\\\/www.motif.es\\\/blog\\\/decoracion-emocional-cuando-la-casa-empieza-a-disenarse-pensando-en-como-te-hace-sentir\\\/#breadcrumb\",\"itemListElement\":[{\"@type\":\"ListItem\",\"position\":1,\"name\":\"Blog\",\"item\":\"https:\\\/\\\/www.motif.es\\\/blog\\\/\"},{\"@type\":\"ListItem\",\"position\":2,\"name\":\"sobre alfombras vin\u00edlicas\",\"item\":\"https:\\\/\\\/www.motif.es\\\/blog\\\/category\\\/sobre-alfombras-vinilicas\\\/\"},{\"@type\":\"ListItem\",\"position\":3,\"name\":\"Decoraci\u00f3n emocional: cuando la casa empieza a dise\u00f1arse pensando en c\u00f3mo te hace sentir\"}]},{\"@type\":\"WebSite\",\"@id\":\"https:\\\/\\\/www.motif.es\\\/blog\\\/#website\",\"url\":\"https:\\\/\\\/www.motif.es\\\/blog\\\/\",\"name\":\"Blog Motif\",\"description\":\"nuestro rinc\u00f3n para inspirarte\",\"publisher\":{\"@id\":\"https:\\\/\\\/www.motif.es\\\/blog\\\/#organization\"},\"potentialAction\":[{\"@type\":\"SearchAction\",\"target\":{\"@type\":\"EntryPoint\",\"urlTemplate\":\"https:\\\/\\\/www.motif.es\\\/blog\\\/?s={search_term_string}\"},\"query-input\":{\"@type\":\"PropertyValueSpecification\",\"valueRequired\":true,\"valueName\":\"search_term_string\"}}],\"inLanguage\":\"es\"},{\"@type\":\"Organization\",\"@id\":\"https:\\\/\\\/www.motif.es\\\/blog\\\/#organization\",\"name\":\"Motif Wallpapers S.L.U.\",\"url\":\"https:\\\/\\\/www.motif.es\\\/blog\\\/\",\"logo\":{\"@type\":\"ImageObject\",\"inLanguage\":\"es\",\"@id\":\"https:\\\/\\\/www.motif.es\\\/blog\\\/#\\\/schema\\\/logo\\\/image\\\/\",\"url\":\"https:\\\/\\\/motif.es\\\/blog\\\/wp-content\\\/uploads\\\/2021\\\/06\\\/logo-motif.jpg\",\"contentUrl\":\"https:\\\/\\\/motif.es\\\/blog\\\/wp-content\\\/uploads\\\/2021\\\/06\\\/logo-motif.jpg\",\"width\":464,\"height\":464,\"caption\":\"Motif Wallpapers S.L.U.\"},\"image\":{\"@id\":\"https:\\\/\\\/www.motif.es\\\/blog\\\/#\\\/schema\\\/logo\\\/image\\\/\"},\"sameAs\":[\"https:\\\/\\\/www.facebook.com\\\/motifmorethanwalls\\\/\",\"https:\\\/\\\/www.instagram.com\\\/motif_es\\\/?hl=es\",\"https:\\\/\\\/www.pinterest.es\\\/motifwallpapers\\\/\",\"https:\\\/\\\/www.youtube.com\\\/channel\\\/UCNaOmbxD6LjcQNj4vmfVIUg\"]},{\"@type\":\"Person\",\"@id\":\"https:\\\/\\\/www.motif.es\\\/blog\\\/#\\\/schema\\\/person\\\/aac26ed80d8e02fb9525ec6b569d75e9\",\"name\":\"Comunicaci\u00f3n Motif\",\"image\":{\"@type\":\"ImageObject\",\"inLanguage\":\"es\",\"@id\":\"https:\\\/\\\/secure.gravatar.com\\\/avatar\\\/93b2fb49a03bd7a57b5f5e8c3b740113f14f25da86b090887d9353672de2d9b5?s=96&d=mm&r=g\",\"url\":\"https:\\\/\\\/secure.gravatar.com\\\/avatar\\\/93b2fb49a03bd7a57b5f5e8c3b740113f14f25da86b090887d9353672de2d9b5?s=96&d=mm&r=g\",\"contentUrl\":\"https:\\\/\\\/secure.gravatar.com\\\/avatar\\\/93b2fb49a03bd7a57b5f5e8c3b740113f14f25da86b090887d9353672de2d9b5?s=96&d=mm&r=g\",\"caption\":\"Comunicaci\u00f3n Motif\"},\"url\":\"https:\\\/\\\/www.motif.es\\\/blog\\\/author\\\/comunicacion\\\/\"}]}<\/script>\n<!-- \/ Yoast SEO plugin. -->","yoast_head_json":{"title":"Decoraci\u00f3n emocional: cuando la casa empieza a dise\u00f1arse pensando en c\u00f3mo te hace sentir - Blog Motif","description":"Durante a\u00f1os, decorar una casa parec\u00eda una cuesti\u00f3n de estilo. Elegir colores, seguir tendencias, encontrar el sof\u00e1 adecuado. Sin embargo, algo est\u00e1","robots":{"index":"index","follow":"follow","max-snippet":"max-snippet:-1","max-image-preview":"max-image-preview:large","max-video-preview":"max-video-preview:-1"},"canonical":"https:\/\/www.motif.es\/blog\/decoracion-emocional-cuando-la-casa-empieza-a-disenarse-pensando-en-como-te-hace-sentir\/","og_locale":"es_ES","og_type":"article","og_title":"Decoraci\u00f3n emocional: cuando la casa empieza a dise\u00f1arse pensando en c\u00f3mo te hace sentir - Blog Motif","og_description":"Durante a\u00f1os, decorar una casa parec\u00eda una cuesti\u00f3n de estilo. Elegir colores, seguir tendencias, encontrar el sof\u00e1 adecuado. Sin embargo, algo est\u00e1","og_url":"https:\/\/www.motif.es\/blog\/decoracion-emocional-cuando-la-casa-empieza-a-disenarse-pensando-en-como-te-hace-sentir\/","og_site_name":"Blog Motif","article_publisher":"https:\/\/www.facebook.com\/motifmorethanwalls\/","article_published_time":"2026-03-04T09:01:31+00:00","og_image":[{"width":1024,"height":1024,"url":"https:\/\/www.motif.es\/blog\/wp-content\/uploads\/2026\/03\/papel-pintado-para-salon.png","type":"image\/png"}],"author":"Comunicaci\u00f3n Motif","twitter_card":"summary_large_image","twitter_misc":{"Escrito por":"Comunicaci\u00f3n Motif","Tiempo de lectura":"3 minutos"},"schema":{"@context":"https:\/\/schema.org","@graph":[{"@type":"Article","@id":"https:\/\/www.motif.es\/blog\/decoracion-emocional-cuando-la-casa-empieza-a-disenarse-pensando-en-como-te-hace-sentir\/#article","isPartOf":{"@id":"https:\/\/www.motif.es\/blog\/decoracion-emocional-cuando-la-casa-empieza-a-disenarse-pensando-en-como-te-hace-sentir\/"},"author":{"name":"Comunicaci\u00f3n Motif","@id":"https:\/\/www.motif.es\/blog\/#\/schema\/person\/aac26ed80d8e02fb9525ec6b569d75e9"},"headline":"Decoraci\u00f3n emocional: cuando la casa empieza a dise\u00f1arse pensando en c\u00f3mo te hace sentir","datePublished":"2026-03-04T09:01:31+00:00","mainEntityOfPage":{"@id":"https:\/\/www.motif.es\/blog\/decoracion-emocional-cuando-la-casa-empieza-a-disenarse-pensando-en-como-te-hace-sentir\/"},"wordCount":575,"commentCount":0,"publisher":{"@id":"https:\/\/www.motif.es\/blog\/#organization"},"image":{"@id":"https:\/\/www.motif.es\/blog\/decoracion-emocional-cuando-la-casa-empieza-a-disenarse-pensando-en-como-te-hace-sentir\/#primaryimage"},"thumbnailUrl":"https:\/\/www.motif.es\/blog\/wp-content\/uploads\/2026\/03\/papel-pintado-para-salon.png","articleSection":["sobre alfombras vin\u00edlicas","sobre l\u00e1minas decoraci\u00f3n"],"inLanguage":"es","potentialAction":[{"@type":"CommentAction","name":"Comment","target":["https:\/\/www.motif.es\/blog\/decoracion-emocional-cuando-la-casa-empieza-a-disenarse-pensando-en-como-te-hace-sentir\/#respond"]}]},{"@type":"WebPage","@id":"https:\/\/www.motif.es\/blog\/decoracion-emocional-cuando-la-casa-empieza-a-disenarse-pensando-en-como-te-hace-sentir\/","url":"https:\/\/www.motif.es\/blog\/decoracion-emocional-cuando-la-casa-empieza-a-disenarse-pensando-en-como-te-hace-sentir\/","name":"Decoraci\u00f3n emocional: cuando la casa empieza a dise\u00f1arse pensando en c\u00f3mo te hace sentir - Blog Motif","isPartOf":{"@id":"https:\/\/www.motif.es\/blog\/#website"},"primaryImageOfPage":{"@id":"https:\/\/www.motif.es\/blog\/decoracion-emocional-cuando-la-casa-empieza-a-disenarse-pensando-en-como-te-hace-sentir\/#primaryimage"},"image":{"@id":"https:\/\/www.motif.es\/blog\/decoracion-emocional-cuando-la-casa-empieza-a-disenarse-pensando-en-como-te-hace-sentir\/#primaryimage"},"thumbnailUrl":"https:\/\/www.motif.es\/blog\/wp-content\/uploads\/2026\/03\/papel-pintado-para-salon.png","datePublished":"2026-03-04T09:01:31+00:00","description":"Durante a\u00f1os, decorar una casa parec\u00eda una cuesti\u00f3n de estilo. Elegir colores, seguir tendencias, encontrar el sof\u00e1 adecuado. Sin embargo, algo est\u00e1","breadcrumb":{"@id":"https:\/\/www.motif.es\/blog\/decoracion-emocional-cuando-la-casa-empieza-a-disenarse-pensando-en-como-te-hace-sentir\/#breadcrumb"},"inLanguage":"es","potentialAction":[{"@type":"ReadAction","target":["https:\/\/www.motif.es\/blog\/decoracion-emocional-cuando-la-casa-empieza-a-disenarse-pensando-en-como-te-hace-sentir\/"]}]},{"@type":"ImageObject","inLanguage":"es","@id":"https:\/\/www.motif.es\/blog\/decoracion-emocional-cuando-la-casa-empieza-a-disenarse-pensando-en-como-te-hace-sentir\/#primaryimage","url":"https:\/\/www.motif.es\/blog\/wp-content\/uploads\/2026\/03\/papel-pintado-para-salon.png","contentUrl":"https:\/\/www.motif.es\/blog\/wp-content\/uploads\/2026\/03\/papel-pintado-para-salon.png","width":1024,"height":1024},{"@type":"BreadcrumbList","@id":"https:\/\/www.motif.es\/blog\/decoracion-emocional-cuando-la-casa-empieza-a-disenarse-pensando-en-como-te-hace-sentir\/#breadcrumb","itemListElement":[{"@type":"ListItem","position":1,"name":"Blog","item":"https:\/\/www.motif.es\/blog\/"},{"@type":"ListItem","position":2,"name":"sobre alfombras vin\u00edlicas","item":"https:\/\/www.motif.es\/blog\/category\/sobre-alfombras-vinilicas\/"},{"@type":"ListItem","position":3,"name":"Decoraci\u00f3n emocional: cuando la casa empieza a dise\u00f1arse pensando en c\u00f3mo te hace sentir"}]},{"@type":"WebSite","@id":"https:\/\/www.motif.es\/blog\/#website","url":"https:\/\/www.motif.es\/blog\/","name":"Blog Motif","description":"nuestro rinc\u00f3n para inspirarte","publisher":{"@id":"https:\/\/www.motif.es\/blog\/#organization"},"potentialAction":[{"@type":"SearchAction","target":{"@type":"EntryPoint","urlTemplate":"https:\/\/www.motif.es\/blog\/?s={search_term_string}"},"query-input":{"@type":"PropertyValueSpecification","valueRequired":true,"valueName":"search_term_string"}}],"inLanguage":"es"},{"@type":"Organization","@id":"https:\/\/www.motif.es\/blog\/#organization","name":"Motif Wallpapers S.L.U.","url":"https:\/\/www.motif.es\/blog\/","logo":{"@type":"ImageObject","inLanguage":"es","@id":"https:\/\/www.motif.es\/blog\/#\/schema\/logo\/image\/","url":"https:\/\/motif.es\/blog\/wp-content\/uploads\/2021\/06\/logo-motif.jpg","contentUrl":"https:\/\/motif.es\/blog\/wp-content\/uploads\/2021\/06\/logo-motif.jpg","width":464,"height":464,"caption":"Motif Wallpapers S.L.U."},"image":{"@id":"https:\/\/www.motif.es\/blog\/#\/schema\/logo\/image\/"},"sameAs":["https:\/\/www.facebook.com\/motifmorethanwalls\/","https:\/\/www.instagram.com\/motif_es\/?hl=es","https:\/\/www.pinterest.es\/motifwallpapers\/","https:\/\/www.youtube.com\/channel\/UCNaOmbxD6LjcQNj4vmfVIUg"]},{"@type":"Person","@id":"https:\/\/www.motif.es\/blog\/#\/schema\/person\/aac26ed80d8e02fb9525ec6b569d75e9","name":"Comunicaci\u00f3n Motif","image":{"@type":"ImageObject","inLanguage":"es","@id":"https:\/\/secure.gravatar.com\/avatar\/93b2fb49a03bd7a57b5f5e8c3b740113f14f25da86b090887d9353672de2d9b5?s=96&d=mm&r=g","url":"https:\/\/secure.gravatar.com\/avatar\/93b2fb49a03bd7a57b5f5e8c3b740113f14f25da86b090887d9353672de2d9b5?s=96&d=mm&r=g","contentUrl":"https:\/\/secure.gravatar.com\/avatar\/93b2fb49a03bd7a57b5f5e8c3b740113f14f25da86b090887d9353672de2d9b5?s=96&d=mm&r=g","caption":"Comunicaci\u00f3n Motif"},"url":"https:\/\/www.motif.es\/blog\/author\/comunicacion\/"}]}},"_links":{"self":[{"href":"https:\/\/www.motif.es\/blog\/wp-json\/wp\/v2\/posts\/3417","targetHints":{"allow":["GET"]}}],"collection":[{"href":"https:\/\/www.motif.es\/blog\/wp-json\/wp\/v2\/posts"}],"about":[{"href":"https:\/\/www.motif.es\/blog\/wp-json\/wp\/v2\/types\/post"}],"author":[{"embeddable":true,"href":"https:\/\/www.motif.es\/blog\/wp-json\/wp\/v2\/users\/2"}],"replies":[{"embeddable":true,"href":"https:\/\/www.motif.es\/blog\/wp-json\/wp\/v2\/comments?post=3417"}],"version-history":[{"count":1,"href":"https:\/\/www.motif.es\/blog\/wp-json\/wp\/v2\/posts\/3417\/revisions"}],"predecessor-version":[{"id":3420,"href":"https:\/\/www.motif.es\/blog\/wp-json\/wp\/v2\/posts\/3417\/revisions\/3420"}],"wp:featuredmedia":[{"embeddable":true,"href":"https:\/\/www.motif.es\/blog\/wp-json\/wp\/v2\/media\/3418"}],"wp:attachment":[{"href":"https:\/\/www.motif.es\/blog\/wp-json\/wp\/v2\/media?parent=3417"}],"wp:term":[{"taxonomy":"category","embeddable":true,"href":"https:\/\/www.motif.es\/blog\/wp-json\/wp\/v2\/categories?post=3417"},{"taxonomy":"post_tag","embeddable":true,"href":"https:\/\/www.motif.es\/blog\/wp-json\/wp\/v2\/tags?post=3417"}],"curies":[{"name":"wp","href":"https:\/\/api.w.org\/{rel}","templated":true}]}}