{"id":3421,"date":"2026-03-11T09:03:16","date_gmt":"2026-03-11T09:03:16","guid":{"rendered":"https:\/\/www.motif.es\/blog\/?p=3421"},"modified":"2026-03-04T09:16:20","modified_gmt":"2026-03-04T09:16:20","slug":"como-crear-espacios-serenos-en-2026-colores-texturas-y-suelos-que-lo-cambian-todo","status":"publish","type":"post","link":"https:\/\/www.motif.es\/blog\/como-crear-espacios-serenos-en-2026-colores-texturas-y-suelos-que-lo-cambian-todo\/","title":{"rendered":"C\u00f3mo crear espacios serenos en 2026: colores, texturas y suelos que lo cambian todo"},"content":{"rendered":"<p>Si algo caracteriza al <strong>interiorismo de 2026<\/strong> es una b\u00fasqueda bastante clara: la casa vuelve a pensarse como un lugar de calma. Despu\u00e9s de a\u00f1os de interiores muy estimulantes \u2014colores intensos, mezclas constantes, estilos superpuestos\u2014 parece que empieza a consolidarse <strong>otra forma de decorar<\/strong>. Menos ruido visual, m\u00e1s equilibrio.<\/p>\n<p>De hecho, algunos analistas de tendencias hablan incluso de cierto <a href=\"https:\/\/elpais.com\/icon-design\/2026-01-20\/ya-es-insoportable-no-se-quien-puede-vivir-en-un-lugar-asi-ha-llegado-el-fin-del-dopamine-decor.html\" target=\"_blank\" rel=\"noopener\">cansancio frente a estilos excesivamente llamativos, como el llamado <strong>dopamine decor<\/strong><\/a>, que apostaba por colores saturados y est\u00edmulos constantes. Seg\u00fan varios expertos citados en <strong>Icon Design (El Pa\u00eds)<\/strong>, el interiorismo est\u00e1 evolucionando hacia espacios emocionalmente m\u00e1s equilibrados y visualmente arm\u00f3nicos.<\/p>\n<p>Pero <strong>\u00bfc\u00f3mo se consigue realmente esa sensaci\u00f3n de serenidad en casa?<\/strong> En 2026, la respuesta suele encontrarse en tres elementos clave: color, textura y suelo.<\/p>\n<h5>Colores que acompa\u00f1an, no que compiten<\/h5>\n<p>La paleta dominante del a\u00f1o se mueve en tonos suaves y naturales. Blancos c\u00e1lidos, arenas, verdes oliva o azules empolvados crean ambientes m\u00e1s tranquilos porque no saturan la mirada. Incluso el color elegido por <strong>Pantone para 2026, el blanco Cloud Dancer<\/strong>, responde precisamente a esa necesidad de equilibrio y calma en los espacios dom\u00e9sticos.<\/p>\n<p style=\"text-align: center;\"><img loading=\"lazy\" decoding=\"async\" class=\"alignnone size-full wp-image-3422\" src=\"https:\/\/www.motif.es\/blog\/wp-content\/uploads\/2026\/03\/papel-autoadhesivo-filigrana.jpg\" alt=\"\" width=\"1000\" height=\"1000\" srcset=\"https:\/\/www.motif.es\/blog\/wp-content\/uploads\/2026\/03\/papel-autoadhesivo-filigrana.jpg 1000w, https:\/\/www.motif.es\/blog\/wp-content\/uploads\/2026\/03\/papel-autoadhesivo-filigrana-300x300.jpg 300w, https:\/\/www.motif.es\/blog\/wp-content\/uploads\/2026\/03\/papel-autoadhesivo-filigrana-150x150.jpg 150w, https:\/\/www.motif.es\/blog\/wp-content\/uploads\/2026\/03\/papel-autoadhesivo-filigrana-768x768.jpg 768w, https:\/\/www.motif.es\/blog\/wp-content\/uploads\/2026\/03\/papel-autoadhesivo-filigrana-400x400.jpg 400w\" sizes=\"auto, (max-width: 1000px) 100vw, 1000px\" \/><\/p>\n<p style=\"text-align: center;\"><a href=\"https:\/\/www.motif.es\/papeles-para-pared-autoadhesivos\/5037-914-papel-autoadhesivo-filigrana.html#\/3-altura_papel_pintado-260cm\/5-material-texart\/62-color-blanco\" target=\"_blank\" rel=\"noopener\"><em>Papel pintado FILIGRANA de MOTIF<\/em><\/a><\/p>\n<p>Adem\u00e1s, los expertos en color coinciden en que los tonos tierra y las gamas inspiradas en la naturaleza aportan una sensaci\u00f3n de refugio y estabilidad emocional dentro del hogar.<\/p>\n<p>Por eso cada vez se ven m\u00e1s paredes que trabajan desde la sutileza: <strong>papeles pintados con textura lino<\/strong>, murales suaves o revestimientos que a\u00f1aden profundidad sin generar contraste agresivo.<\/p>\n<h5>Texturas que se sienten, no solo se ven<\/h5>\n<p>Otro cambio interesante en el interiorismo actual es que la decoraci\u00f3n ya no se basa solo en el color. La textura est\u00e1 ganando protagonismo.<\/p>\n<p>Materiales como lino, madera natural, cer\u00e1mica mate o fibras vegetales aportan riqueza visual sin recargar el espacio. La clave no es llenar la habitaci\u00f3n de objetos, sino <strong>crear capas sensoriales que hagan que el ambiente resulte m\u00e1s acogedor<\/strong>.<\/p>\n<p>Por eso los revestimientos de pared vuelven a coger fuerza: un papel con textura natural o <strong>un mural discreto puede transformar una estancia<\/strong> sin a\u00f1adir muebles ni saturar el conjunto.<\/p>\n<p style=\"text-align: center;\"><img loading=\"lazy\" decoding=\"async\" class=\"alignnone size-full wp-image-3423\" src=\"https:\/\/www.motif.es\/blog\/wp-content\/uploads\/2026\/03\/mural-autoadhesivo-rel.jpg\" alt=\"\" width=\"1000\" height=\"1000\" srcset=\"https:\/\/www.motif.es\/blog\/wp-content\/uploads\/2026\/03\/mural-autoadhesivo-rel.jpg 1000w, https:\/\/www.motif.es\/blog\/wp-content\/uploads\/2026\/03\/mural-autoadhesivo-rel-300x300.jpg 300w, https:\/\/www.motif.es\/blog\/wp-content\/uploads\/2026\/03\/mural-autoadhesivo-rel-150x150.jpg 150w, https:\/\/www.motif.es\/blog\/wp-content\/uploads\/2026\/03\/mural-autoadhesivo-rel-768x768.jpg 768w, https:\/\/www.motif.es\/blog\/wp-content\/uploads\/2026\/03\/mural-autoadhesivo-rel-400x400.jpg 400w\" sizes=\"auto, (max-width: 1000px) 100vw, 1000px\" \/><\/p>\n<p style=\"text-align: center;\"><a href=\"https:\/\/www.motif.es\/murales-autoadhesivos\/21466-30042-mural-autoadhesivo-rel.html#\/5-material-texart\/8-tamano_mural-257x260cm\/58-color-gris\"><em>Mural autoadhesivo REL de MOTIF<\/em><\/a><\/p>\n<h5>El suelo como base de la calma visual<\/h5>\n<p>Sin embargo, hay un elemento que muchas veces se pasa por alto: el suelo. Y, en realidad, es una de las superficies que m\u00e1s condiciona la sensaci\u00f3n de un espacio.<\/p>\n<p>Cuando el pavimento es oscuro, muy fragmentado o tiene demasiados cortes visuales, el ambiente se vuelve m\u00e1s pesado. En cambio, los suelos continuos y en tonos naturales ayudan a que la estancia respire.<\/p>\n<p>Por eso, cuando se busca <strong>actualizar una estancia sin entrar en una reforma completa<\/strong>, muchas intervenciones empiezan por el suelo. Los <strong>suelos vin\u00edlicos en tonos madera clara<\/strong> o piedra natural permiten transformar la percepci\u00f3n del espacio de forma r\u00e1pida, suavizando el conjunto y aportando una base visual m\u00e1s ligera y coherente.<\/p>\n<p>En zonas como el sal\u00f3n o el comedor, tambi\u00e9n funcionan muy bien las <strong>alfombras vin\u00edlicas de gran formato<\/strong>. Adem\u00e1s de introducir un patr\u00f3n o una textura que aporte car\u00e1cter, ayudan a estructurar el ambiente \u2014por ejemplo bajo la mesa o la zona de estar\u2014 sin a\u00f1adir muebles de m\u00e1s ni exigir el mantenimiento que suelen requerir las alfombras textiles.<\/p>\n<p style=\"text-align: center;\"><img loading=\"lazy\" decoding=\"async\" class=\"alignnone size-full wp-image-3424\" src=\"https:\/\/www.motif.es\/blog\/wp-content\/uploads\/2026\/03\/alfombra-vinilica-jules.jpg\" alt=\"\" width=\"1000\" height=\"1000\" srcset=\"https:\/\/www.motif.es\/blog\/wp-content\/uploads\/2026\/03\/alfombra-vinilica-jules.jpg 1000w, https:\/\/www.motif.es\/blog\/wp-content\/uploads\/2026\/03\/alfombra-vinilica-jules-300x300.jpg 300w, https:\/\/www.motif.es\/blog\/wp-content\/uploads\/2026\/03\/alfombra-vinilica-jules-150x150.jpg 150w, https:\/\/www.motif.es\/blog\/wp-content\/uploads\/2026\/03\/alfombra-vinilica-jules-768x768.jpg 768w, https:\/\/www.motif.es\/blog\/wp-content\/uploads\/2026\/03\/alfombra-vinilica-jules-400x400.jpg 400w\" sizes=\"auto, (max-width: 1000px) 100vw, 1000px\" \/><\/p>\n<p style=\"text-align: center;\"><em>Alfombra vin\u00edlica JULES de MOTIF<\/em><\/p>\n<h5>Decorar para vivir mejor<\/h5>\n<p>La serenidad en el <strong>interiorismo de 2026<\/strong> no nace de una \u00fanica decisi\u00f3n, sino de la suma de peque\u00f1os gestos: colores que envuelven, materiales que transmiten calma y suelos que aportan continuidad.<\/p>\n<p>No se trata de vaciar la casa ni de seguir una est\u00e9tica concreta. Se trata, simplemente, de que el espacio funcione mejor para quien lo habita.<\/p>\n<p>Porque, al final, una casa serena no es la que sigue una tendencia.<br \/>\nEs la que te hace bajar el ritmo cuando entras por la puerta.<\/p>\n","protected":false},"excerpt":{"rendered":"<p>Si algo caracteriza al interiorismo de 2026 es una b\u00fasqueda bastante clara: la casa vuelve a pensarse como un lugar de calma. Despu\u00e9s de a\u00f1os de interiores muy estimulantes \u2014colores intensos, mezclas constantes, estilos superpuestos\u2014 parece que empieza a consolidarse otra forma de decorar. Menos ruido visual, m\u00e1s equilibrio. De hecho, algunos analistas de tendencias [&#8230;]<\/p>\n","protected":false},"author":2,"featured_media":3423,"comment_status":"open","ping_status":"open","sticky":false,"template":"","format":"standard","meta":{"_acf_changed":false,"footnotes":""},"categories":[8,6],"tags":[],"class_list":["post-3421","post","type-post","status-publish","format-standard","has-post-thumbnail","hentry","category-sobre-alfombras-vinilicas","category-sobre-papeles-para-pared-autoadhesivos"],"acf":[],"yoast_head":"<!-- This site is optimized with the Yoast SEO plugin v27.5 - https:\/\/yoast.com\/product\/yoast-seo-wordpress\/ -->\n<title>C\u00f3mo crear espacios serenos en 2026: colores, texturas y suelos que lo cambian todo - Blog Motif<\/title>\n<meta name=\"description\" content=\"Si algo caracteriza al interiorismo de 2026 es una b\u00fasqueda bastante clara: la casa vuelve a pensarse como un lugar de calma. Despu\u00e9s de a\u00f1os de\" \/>\n<meta name=\"robots\" content=\"index, follow, max-snippet:-1, max-image-preview:large, max-video-preview:-1\" \/>\n<link rel=\"canonical\" href=\"https:\/\/www.motif.es\/blog\/como-crear-espacios-serenos-en-2026-colores-texturas-y-suelos-que-lo-cambian-todo\/\" \/>\n<meta property=\"og:locale\" content=\"es_ES\" \/>\n<meta property=\"og:type\" content=\"article\" \/>\n<meta property=\"og:title\" content=\"C\u00f3mo crear espacios serenos en 2026: colores, texturas y suelos que lo cambian todo - Blog Motif\" \/>\n<meta property=\"og:description\" content=\"Si algo caracteriza al interiorismo de 2026 es una b\u00fasqueda bastante clara: la casa vuelve a pensarse como un lugar de calma. Despu\u00e9s de a\u00f1os de\" \/>\n<meta property=\"og:url\" content=\"https:\/\/www.motif.es\/blog\/como-crear-espacios-serenos-en-2026-colores-texturas-y-suelos-que-lo-cambian-todo\/\" \/>\n<meta property=\"og:site_name\" content=\"Blog Motif\" \/>\n<meta property=\"article:publisher\" content=\"https:\/\/www.facebook.com\/motifmorethanwalls\/\" \/>\n<meta property=\"article:published_time\" content=\"2026-03-11T09:03:16+00:00\" \/>\n<meta property=\"og:image\" content=\"https:\/\/www.motif.es\/blog\/wp-content\/uploads\/2026\/03\/mural-autoadhesivo-rel.jpg\" \/>\n\t<meta property=\"og:image:width\" content=\"1000\" \/>\n\t<meta property=\"og:image:height\" content=\"1000\" \/>\n\t<meta property=\"og:image:type\" content=\"image\/jpeg\" \/>\n<meta name=\"author\" content=\"Comunicaci\u00f3n Motif\" \/>\n<meta name=\"twitter:card\" content=\"summary_large_image\" \/>\n<meta name=\"twitter:label1\" content=\"Escrito por\" \/>\n\t<meta name=\"twitter:data1\" content=\"Comunicaci\u00f3n Motif\" \/>\n\t<meta name=\"twitter:label2\" content=\"Tiempo de lectura\" \/>\n\t<meta name=\"twitter:data2\" content=\"4 minutos\" \/>\n<script type=\"application\/ld+json\" class=\"yoast-schema-graph\">{\"@context\":\"https:\\\/\\\/schema.org\",\"@graph\":[{\"@type\":\"Article\",\"@id\":\"https:\\\/\\\/www.motif.es\\\/blog\\\/como-crear-espacios-serenos-en-2026-colores-texturas-y-suelos-que-lo-cambian-todo\\\/#article\",\"isPartOf\":{\"@id\":\"https:\\\/\\\/www.motif.es\\\/blog\\\/como-crear-espacios-serenos-en-2026-colores-texturas-y-suelos-que-lo-cambian-todo\\\/\"},\"author\":{\"name\":\"Comunicaci\u00f3n Motif\",\"@id\":\"https:\\\/\\\/www.motif.es\\\/blog\\\/#\\\/schema\\\/person\\\/aac26ed80d8e02fb9525ec6b569d75e9\"},\"headline\":\"C\u00f3mo crear espacios serenos en 2026: colores, texturas y suelos que lo cambian todo\",\"datePublished\":\"2026-03-11T09:03:16+00:00\",\"mainEntityOfPage\":{\"@id\":\"https:\\\/\\\/www.motif.es\\\/blog\\\/como-crear-espacios-serenos-en-2026-colores-texturas-y-suelos-que-lo-cambian-todo\\\/\"},\"wordCount\":680,\"commentCount\":0,\"publisher\":{\"@id\":\"https:\\\/\\\/www.motif.es\\\/blog\\\/#organization\"},\"image\":{\"@id\":\"https:\\\/\\\/www.motif.es\\\/blog\\\/como-crear-espacios-serenos-en-2026-colores-texturas-y-suelos-que-lo-cambian-todo\\\/#primaryimage\"},\"thumbnailUrl\":\"https:\\\/\\\/www.motif.es\\\/blog\\\/wp-content\\\/uploads\\\/2026\\\/03\\\/mural-autoadhesivo-rel.jpg\",\"articleSection\":[\"sobre alfombras vin\u00edlicas\",\"sobre papeles para pared autoadhesivos\"],\"inLanguage\":\"es\",\"potentialAction\":[{\"@type\":\"CommentAction\",\"name\":\"Comment\",\"target\":[\"https:\\\/\\\/www.motif.es\\\/blog\\\/como-crear-espacios-serenos-en-2026-colores-texturas-y-suelos-que-lo-cambian-todo\\\/#respond\"]}]},{\"@type\":\"WebPage\",\"@id\":\"https:\\\/\\\/www.motif.es\\\/blog\\\/como-crear-espacios-serenos-en-2026-colores-texturas-y-suelos-que-lo-cambian-todo\\\/\",\"url\":\"https:\\\/\\\/www.motif.es\\\/blog\\\/como-crear-espacios-serenos-en-2026-colores-texturas-y-suelos-que-lo-cambian-todo\\\/\",\"name\":\"C\u00f3mo crear espacios serenos en 2026: colores, texturas y suelos que lo cambian todo - Blog Motif\",\"isPartOf\":{\"@id\":\"https:\\\/\\\/www.motif.es\\\/blog\\\/#website\"},\"primaryImageOfPage\":{\"@id\":\"https:\\\/\\\/www.motif.es\\\/blog\\\/como-crear-espacios-serenos-en-2026-colores-texturas-y-suelos-que-lo-cambian-todo\\\/#primaryimage\"},\"image\":{\"@id\":\"https:\\\/\\\/www.motif.es\\\/blog\\\/como-crear-espacios-serenos-en-2026-colores-texturas-y-suelos-que-lo-cambian-todo\\\/#primaryimage\"},\"thumbnailUrl\":\"https:\\\/\\\/www.motif.es\\\/blog\\\/wp-content\\\/uploads\\\/2026\\\/03\\\/mural-autoadhesivo-rel.jpg\",\"datePublished\":\"2026-03-11T09:03:16+00:00\",\"description\":\"Si algo caracteriza al interiorismo de 2026 es una b\u00fasqueda bastante clara: la casa vuelve a pensarse como un lugar de calma. Despu\u00e9s de a\u00f1os de\",\"breadcrumb\":{\"@id\":\"https:\\\/\\\/www.motif.es\\\/blog\\\/como-crear-espacios-serenos-en-2026-colores-texturas-y-suelos-que-lo-cambian-todo\\\/#breadcrumb\"},\"inLanguage\":\"es\",\"potentialAction\":[{\"@type\":\"ReadAction\",\"target\":[\"https:\\\/\\\/www.motif.es\\\/blog\\\/como-crear-espacios-serenos-en-2026-colores-texturas-y-suelos-que-lo-cambian-todo\\\/\"]}]},{\"@type\":\"ImageObject\",\"inLanguage\":\"es\",\"@id\":\"https:\\\/\\\/www.motif.es\\\/blog\\\/como-crear-espacios-serenos-en-2026-colores-texturas-y-suelos-que-lo-cambian-todo\\\/#primaryimage\",\"url\":\"https:\\\/\\\/www.motif.es\\\/blog\\\/wp-content\\\/uploads\\\/2026\\\/03\\\/mural-autoadhesivo-rel.jpg\",\"contentUrl\":\"https:\\\/\\\/www.motif.es\\\/blog\\\/wp-content\\\/uploads\\\/2026\\\/03\\\/mural-autoadhesivo-rel.jpg\",\"width\":1000,\"height\":1000},{\"@type\":\"BreadcrumbList\",\"@id\":\"https:\\\/\\\/www.motif.es\\\/blog\\\/como-crear-espacios-serenos-en-2026-colores-texturas-y-suelos-que-lo-cambian-todo\\\/#breadcrumb\",\"itemListElement\":[{\"@type\":\"ListItem\",\"position\":1,\"name\":\"Blog\",\"item\":\"https:\\\/\\\/www.motif.es\\\/blog\\\/\"},{\"@type\":\"ListItem\",\"position\":2,\"name\":\"sobre papeles para pared autoadhesivos\",\"item\":\"https:\\\/\\\/www.motif.es\\\/blog\\\/category\\\/sobre-papeles-para-pared-autoadhesivos\\\/\"},{\"@type\":\"ListItem\",\"position\":3,\"name\":\"C\u00f3mo crear espacios serenos en 2026: colores, texturas y suelos que lo cambian todo\"}]},{\"@type\":\"WebSite\",\"@id\":\"https:\\\/\\\/www.motif.es\\\/blog\\\/#website\",\"url\":\"https:\\\/\\\/www.motif.es\\\/blog\\\/\",\"name\":\"Blog Motif\",\"description\":\"nuestro rinc\u00f3n para inspirarte\",\"publisher\":{\"@id\":\"https:\\\/\\\/www.motif.es\\\/blog\\\/#organization\"},\"potentialAction\":[{\"@type\":\"SearchAction\",\"target\":{\"@type\":\"EntryPoint\",\"urlTemplate\":\"https:\\\/\\\/www.motif.es\\\/blog\\\/?s={search_term_string}\"},\"query-input\":{\"@type\":\"PropertyValueSpecification\",\"valueRequired\":true,\"valueName\":\"search_term_string\"}}],\"inLanguage\":\"es\"},{\"@type\":\"Organization\",\"@id\":\"https:\\\/\\\/www.motif.es\\\/blog\\\/#organization\",\"name\":\"Motif Wallpapers S.L.U.\",\"url\":\"https:\\\/\\\/www.motif.es\\\/blog\\\/\",\"logo\":{\"@type\":\"ImageObject\",\"inLanguage\":\"es\",\"@id\":\"https:\\\/\\\/www.motif.es\\\/blog\\\/#\\\/schema\\\/logo\\\/image\\\/\",\"url\":\"https:\\\/\\\/motif.es\\\/blog\\\/wp-content\\\/uploads\\\/2021\\\/06\\\/logo-motif.jpg\",\"contentUrl\":\"https:\\\/\\\/motif.es\\\/blog\\\/wp-content\\\/uploads\\\/2021\\\/06\\\/logo-motif.jpg\",\"width\":464,\"height\":464,\"caption\":\"Motif Wallpapers S.L.U.\"},\"image\":{\"@id\":\"https:\\\/\\\/www.motif.es\\\/blog\\\/#\\\/schema\\\/logo\\\/image\\\/\"},\"sameAs\":[\"https:\\\/\\\/www.facebook.com\\\/motifmorethanwalls\\\/\",\"https:\\\/\\\/www.instagram.com\\\/motif_es\\\/?hl=es\",\"https:\\\/\\\/www.pinterest.es\\\/motifwallpapers\\\/\",\"https:\\\/\\\/www.youtube.com\\\/channel\\\/UCNaOmbxD6LjcQNj4vmfVIUg\"]},{\"@type\":\"Person\",\"@id\":\"https:\\\/\\\/www.motif.es\\\/blog\\\/#\\\/schema\\\/person\\\/aac26ed80d8e02fb9525ec6b569d75e9\",\"name\":\"Comunicaci\u00f3n Motif\",\"image\":{\"@type\":\"ImageObject\",\"inLanguage\":\"es\",\"@id\":\"https:\\\/\\\/secure.gravatar.com\\\/avatar\\\/93b2fb49a03bd7a57b5f5e8c3b740113f14f25da86b090887d9353672de2d9b5?s=96&d=mm&r=g\",\"url\":\"https:\\\/\\\/secure.gravatar.com\\\/avatar\\\/93b2fb49a03bd7a57b5f5e8c3b740113f14f25da86b090887d9353672de2d9b5?s=96&d=mm&r=g\",\"contentUrl\":\"https:\\\/\\\/secure.gravatar.com\\\/avatar\\\/93b2fb49a03bd7a57b5f5e8c3b740113f14f25da86b090887d9353672de2d9b5?s=96&d=mm&r=g\",\"caption\":\"Comunicaci\u00f3n Motif\"},\"url\":\"https:\\\/\\\/www.motif.es\\\/blog\\\/author\\\/comunicacion\\\/\"}]}<\/script>\n<!-- \/ Yoast SEO plugin. -->","yoast_head_json":{"title":"C\u00f3mo crear espacios serenos en 2026: colores, texturas y suelos que lo cambian todo - Blog Motif","description":"Si algo caracteriza al interiorismo de 2026 es una b\u00fasqueda bastante clara: la casa vuelve a pensarse como un lugar de calma. Despu\u00e9s de a\u00f1os de","robots":{"index":"index","follow":"follow","max-snippet":"max-snippet:-1","max-image-preview":"max-image-preview:large","max-video-preview":"max-video-preview:-1"},"canonical":"https:\/\/www.motif.es\/blog\/como-crear-espacios-serenos-en-2026-colores-texturas-y-suelos-que-lo-cambian-todo\/","og_locale":"es_ES","og_type":"article","og_title":"C\u00f3mo crear espacios serenos en 2026: colores, texturas y suelos que lo cambian todo - Blog Motif","og_description":"Si algo caracteriza al interiorismo de 2026 es una b\u00fasqueda bastante clara: la casa vuelve a pensarse como un lugar de calma. Despu\u00e9s de a\u00f1os de","og_url":"https:\/\/www.motif.es\/blog\/como-crear-espacios-serenos-en-2026-colores-texturas-y-suelos-que-lo-cambian-todo\/","og_site_name":"Blog Motif","article_publisher":"https:\/\/www.facebook.com\/motifmorethanwalls\/","article_published_time":"2026-03-11T09:03:16+00:00","og_image":[{"width":1000,"height":1000,"url":"https:\/\/www.motif.es\/blog\/wp-content\/uploads\/2026\/03\/mural-autoadhesivo-rel.jpg","type":"image\/jpeg"}],"author":"Comunicaci\u00f3n Motif","twitter_card":"summary_large_image","twitter_misc":{"Escrito por":"Comunicaci\u00f3n Motif","Tiempo de lectura":"4 minutos"},"schema":{"@context":"https:\/\/schema.org","@graph":[{"@type":"Article","@id":"https:\/\/www.motif.es\/blog\/como-crear-espacios-serenos-en-2026-colores-texturas-y-suelos-que-lo-cambian-todo\/#article","isPartOf":{"@id":"https:\/\/www.motif.es\/blog\/como-crear-espacios-serenos-en-2026-colores-texturas-y-suelos-que-lo-cambian-todo\/"},"author":{"name":"Comunicaci\u00f3n Motif","@id":"https:\/\/www.motif.es\/blog\/#\/schema\/person\/aac26ed80d8e02fb9525ec6b569d75e9"},"headline":"C\u00f3mo crear espacios serenos en 2026: colores, texturas y suelos que lo cambian todo","datePublished":"2026-03-11T09:03:16+00:00","mainEntityOfPage":{"@id":"https:\/\/www.motif.es\/blog\/como-crear-espacios-serenos-en-2026-colores-texturas-y-suelos-que-lo-cambian-todo\/"},"wordCount":680,"commentCount":0,"publisher":{"@id":"https:\/\/www.motif.es\/blog\/#organization"},"image":{"@id":"https:\/\/www.motif.es\/blog\/como-crear-espacios-serenos-en-2026-colores-texturas-y-suelos-que-lo-cambian-todo\/#primaryimage"},"thumbnailUrl":"https:\/\/www.motif.es\/blog\/wp-content\/uploads\/2026\/03\/mural-autoadhesivo-rel.jpg","articleSection":["sobre alfombras vin\u00edlicas","sobre papeles para pared autoadhesivos"],"inLanguage":"es","potentialAction":[{"@type":"CommentAction","name":"Comment","target":["https:\/\/www.motif.es\/blog\/como-crear-espacios-serenos-en-2026-colores-texturas-y-suelos-que-lo-cambian-todo\/#respond"]}]},{"@type":"WebPage","@id":"https:\/\/www.motif.es\/blog\/como-crear-espacios-serenos-en-2026-colores-texturas-y-suelos-que-lo-cambian-todo\/","url":"https:\/\/www.motif.es\/blog\/como-crear-espacios-serenos-en-2026-colores-texturas-y-suelos-que-lo-cambian-todo\/","name":"C\u00f3mo crear espacios serenos en 2026: colores, texturas y suelos que lo cambian todo - Blog Motif","isPartOf":{"@id":"https:\/\/www.motif.es\/blog\/#website"},"primaryImageOfPage":{"@id":"https:\/\/www.motif.es\/blog\/como-crear-espacios-serenos-en-2026-colores-texturas-y-suelos-que-lo-cambian-todo\/#primaryimage"},"image":{"@id":"https:\/\/www.motif.es\/blog\/como-crear-espacios-serenos-en-2026-colores-texturas-y-suelos-que-lo-cambian-todo\/#primaryimage"},"thumbnailUrl":"https:\/\/www.motif.es\/blog\/wp-content\/uploads\/2026\/03\/mural-autoadhesivo-rel.jpg","datePublished":"2026-03-11T09:03:16+00:00","description":"Si algo caracteriza al interiorismo de 2026 es una b\u00fasqueda bastante clara: la casa vuelve a pensarse como un lugar de calma. Despu\u00e9s de a\u00f1os de","breadcrumb":{"@id":"https:\/\/www.motif.es\/blog\/como-crear-espacios-serenos-en-2026-colores-texturas-y-suelos-que-lo-cambian-todo\/#breadcrumb"},"inLanguage":"es","potentialAction":[{"@type":"ReadAction","target":["https:\/\/www.motif.es\/blog\/como-crear-espacios-serenos-en-2026-colores-texturas-y-suelos-que-lo-cambian-todo\/"]}]},{"@type":"ImageObject","inLanguage":"es","@id":"https:\/\/www.motif.es\/blog\/como-crear-espacios-serenos-en-2026-colores-texturas-y-suelos-que-lo-cambian-todo\/#primaryimage","url":"https:\/\/www.motif.es\/blog\/wp-content\/uploads\/2026\/03\/mural-autoadhesivo-rel.jpg","contentUrl":"https:\/\/www.motif.es\/blog\/wp-content\/uploads\/2026\/03\/mural-autoadhesivo-rel.jpg","width":1000,"height":1000},{"@type":"BreadcrumbList","@id":"https:\/\/www.motif.es\/blog\/como-crear-espacios-serenos-en-2026-colores-texturas-y-suelos-que-lo-cambian-todo\/#breadcrumb","itemListElement":[{"@type":"ListItem","position":1,"name":"Blog","item":"https:\/\/www.motif.es\/blog\/"},{"@type":"ListItem","position":2,"name":"sobre papeles para pared autoadhesivos","item":"https:\/\/www.motif.es\/blog\/category\/sobre-papeles-para-pared-autoadhesivos\/"},{"@type":"ListItem","position":3,"name":"C\u00f3mo crear espacios serenos en 2026: colores, texturas y suelos que lo cambian todo"}]},{"@type":"WebSite","@id":"https:\/\/www.motif.es\/blog\/#website","url":"https:\/\/www.motif.es\/blog\/","name":"Blog Motif","description":"nuestro rinc\u00f3n para inspirarte","publisher":{"@id":"https:\/\/www.motif.es\/blog\/#organization"},"potentialAction":[{"@type":"SearchAction","target":{"@type":"EntryPoint","urlTemplate":"https:\/\/www.motif.es\/blog\/?s={search_term_string}"},"query-input":{"@type":"PropertyValueSpecification","valueRequired":true,"valueName":"search_term_string"}}],"inLanguage":"es"},{"@type":"Organization","@id":"https:\/\/www.motif.es\/blog\/#organization","name":"Motif Wallpapers S.L.U.","url":"https:\/\/www.motif.es\/blog\/","logo":{"@type":"ImageObject","inLanguage":"es","@id":"https:\/\/www.motif.es\/blog\/#\/schema\/logo\/image\/","url":"https:\/\/motif.es\/blog\/wp-content\/uploads\/2021\/06\/logo-motif.jpg","contentUrl":"https:\/\/motif.es\/blog\/wp-content\/uploads\/2021\/06\/logo-motif.jpg","width":464,"height":464,"caption":"Motif Wallpapers S.L.U."},"image":{"@id":"https:\/\/www.motif.es\/blog\/#\/schema\/logo\/image\/"},"sameAs":["https:\/\/www.facebook.com\/motifmorethanwalls\/","https:\/\/www.instagram.com\/motif_es\/?hl=es","https:\/\/www.pinterest.es\/motifwallpapers\/","https:\/\/www.youtube.com\/channel\/UCNaOmbxD6LjcQNj4vmfVIUg"]},{"@type":"Person","@id":"https:\/\/www.motif.es\/blog\/#\/schema\/person\/aac26ed80d8e02fb9525ec6b569d75e9","name":"Comunicaci\u00f3n Motif","image":{"@type":"ImageObject","inLanguage":"es","@id":"https:\/\/secure.gravatar.com\/avatar\/93b2fb49a03bd7a57b5f5e8c3b740113f14f25da86b090887d9353672de2d9b5?s=96&d=mm&r=g","url":"https:\/\/secure.gravatar.com\/avatar\/93b2fb49a03bd7a57b5f5e8c3b740113f14f25da86b090887d9353672de2d9b5?s=96&d=mm&r=g","contentUrl":"https:\/\/secure.gravatar.com\/avatar\/93b2fb49a03bd7a57b5f5e8c3b740113f14f25da86b090887d9353672de2d9b5?s=96&d=mm&r=g","caption":"Comunicaci\u00f3n Motif"},"url":"https:\/\/www.motif.es\/blog\/author\/comunicacion\/"}]}},"_links":{"self":[{"href":"https:\/\/www.motif.es\/blog\/wp-json\/wp\/v2\/posts\/3421","targetHints":{"allow":["GET"]}}],"collection":[{"href":"https:\/\/www.motif.es\/blog\/wp-json\/wp\/v2\/posts"}],"about":[{"href":"https:\/\/www.motif.es\/blog\/wp-json\/wp\/v2\/types\/post"}],"author":[{"embeddable":true,"href":"https:\/\/www.motif.es\/blog\/wp-json\/wp\/v2\/users\/2"}],"replies":[{"embeddable":true,"href":"https:\/\/www.motif.es\/blog\/wp-json\/wp\/v2\/comments?post=3421"}],"version-history":[{"count":1,"href":"https:\/\/www.motif.es\/blog\/wp-json\/wp\/v2\/posts\/3421\/revisions"}],"predecessor-version":[{"id":3425,"href":"https:\/\/www.motif.es\/blog\/wp-json\/wp\/v2\/posts\/3421\/revisions\/3425"}],"wp:featuredmedia":[{"embeddable":true,"href":"https:\/\/www.motif.es\/blog\/wp-json\/wp\/v2\/media\/3423"}],"wp:attachment":[{"href":"https:\/\/www.motif.es\/blog\/wp-json\/wp\/v2\/media?parent=3421"}],"wp:term":[{"taxonomy":"category","embeddable":true,"href":"https:\/\/www.motif.es\/blog\/wp-json\/wp\/v2\/categories?post=3421"},{"taxonomy":"post_tag","embeddable":true,"href":"https:\/\/www.motif.es\/blog\/wp-json\/wp\/v2\/tags?post=3421"}],"curies":[{"name":"wp","href":"https:\/\/api.w.org\/{rel}","templated":true}]}}