{"id":3426,"date":"2026-03-18T09:21:28","date_gmt":"2026-03-18T09:21:28","guid":{"rendered":"https:\/\/www.motif.es\/blog\/?p=3426"},"modified":"2026-03-04T09:30:26","modified_gmt":"2026-03-04T09:30:26","slug":"la-cocina-se-esta-convirtiendo-en-uno-de-los-espacios-mas-personales-de-la-casa","status":"publish","type":"post","link":"https:\/\/www.motif.es\/blog\/la-cocina-se-esta-convirtiendo-en-uno-de-los-espacios-mas-personales-de-la-casa\/","title":{"rendered":"La cocina se est\u00e1 convirtiendo en uno de los espacios m\u00e1s personales de la casa"},"content":{"rendered":"<p>Durante mucho tiempo, la cocina fue un espacio casi exclusivamente funcional. Un lugar pensado para cocinar, guardar utensilios y poco m\u00e1s. Sin embargo, en los \u00faltimos a\u00f1os algo ha cambiado: <strong>la cocina se ha convertido en una de las estancias con m\u00e1s personalidad de la casa<\/strong>.<\/p>\n<p>No es casual. Hoy la cocina se vive de otra manera. Se desayuna con calma, se improvisa una cena entre amigos, se convierte en lugar de conversaci\u00f3n mientras alguien termina de preparar algo. Y cuando un espacio empieza a vivirse as\u00ed, inevitablemente tambi\u00e9n empieza a decorarse de otra manera.<\/p>\n<p>De hecho, en un reciente <a href=\"https:\/\/www.revistaad.es\/articulos\/tendencias-cocinas-2026\" target=\"_blank\" rel=\"noopener\">art\u00edculo sobre tendencias de interiorismo<\/a>, <em>Architectural Digest Espa\u00f1a<\/em> se\u00f1alaba que las <strong>cocinas actuales<\/strong> se alejan de la est\u00e9tica puramente t\u00e9cnica y buscan integrarse m\u00e1s con el resto de la casa, apostando por materiales c\u00e1lidos y detalles decorativos que aporten identidad.<\/p>\n<h5>De espacio funcional a espacio vivido<\/h5>\n<p>Las cocinas actuales ya no buscan parecer laboratorios perfectos. Al contrario, se integran con el estilo general de la casa. Aparecen maderas claras, cer\u00e1micas con textura, colores suaves y superficies que aportan calidez.<\/p>\n<p>En ese contexto, peque\u00f1os <strong>cambios decorativos<\/strong> pueden transformar completamente el ambiente. Por ejemplo, intervenir <strong>una pared con un papel pintado adecuado para zonas de cocina<\/strong> puede aportar profundidad y car\u00e1cter sin necesidad de reformar el espacio.<\/p>\n<p style=\"text-align: center;\"><img loading=\"lazy\" decoding=\"async\" class=\"alignnone size-full wp-image-3427\" src=\"https:\/\/www.motif.es\/blog\/wp-content\/uploads\/2026\/03\/papel-pintado-para-cocinas.png\" alt=\"\" width=\"1080\" height=\"1350\" srcset=\"https:\/\/www.motif.es\/blog\/wp-content\/uploads\/2026\/03\/papel-pintado-para-cocinas.png 1080w, https:\/\/www.motif.es\/blog\/wp-content\/uploads\/2026\/03\/papel-pintado-para-cocinas-240x300.png 240w, https:\/\/www.motif.es\/blog\/wp-content\/uploads\/2026\/03\/papel-pintado-para-cocinas-819x1024.png 819w, https:\/\/www.motif.es\/blog\/wp-content\/uploads\/2026\/03\/papel-pintado-para-cocinas-768x960.png 768w\" sizes=\"auto, (max-width: 1080px) 100vw, 1080px\" \/><\/p>\n<p style=\"text-align: center;\"><a href=\"https:\/\/www.motif.es\/papeles-para-pared-autoadhesivos\/5128-23315-papel-autoadhesivo-ramas-paraiso.html#\/3-altura_papel_pintado-260cm\/5-material-texart\/54-color-verde\" target=\"_blank\" rel=\"noopener\"><em>Papel pintado autoadhesivo Ramas Para\u00edso de MOTIF\u00a0<\/em><\/a><\/p>\n<h5>El papel de las superficies<\/h5>\n<p>Uno de los recursos que m\u00e1s se est\u00e1 utilizando en las cocinas contempor\u00e1neas es trabajar bien las superficies. Las paredes y los suelos tienen una capacidad enorme para cambiar la percepci\u00f3n del espacio sin necesidad de sustituir muebles o electrodom\u00e9sticos.<\/p>\n<p>Un <strong>antisalpicaduras decorativo<\/strong> puede convertirse en un elemento visual muy potente, especialmente cuando introduce textura o patr\u00f3n. De la misma forma, un suelo vin\u00edlico con un tono m\u00e1s c\u00e1lido o una alfombra vin\u00edlica bajo la mesa o la isla puede ayudar a que la cocina se sienta m\u00e1s acogedora y menos t\u00e9cnica.<\/p>\n<p>Y si lo que quieres es renovar los muebles, tambi\u00e9n puedes sin cambiarlos. Solo tienes que ponerte manos a la obra con un vinilo autoadhesivo como en este reel.<\/p>\n<blockquote class=\"instagram-media\" style=\"background: #FFF; border: 0; border-radius: 3px; box-shadow: 0 0 1px 0 rgba(0,0,0,0.5),0 1px 10px 0 rgba(0,0,0,0.15); margin: 1px; max-width: 540px; min-width: 326px; padding: 0; width: calc(100% - 2px);\" data-instgrm-captioned=\"\" data-instgrm-permalink=\"https:\/\/www.instagram.com\/reel\/DNnjZo2PIoW\/?utm_source=ig_embed&amp;utm_campaign=loading\" data-instgrm-version=\"14\">\n<div style=\"padding: 16px;\">\n<p>&nbsp;<\/p>\n<div style=\"display: flex; flex-direction: row; align-items: center;\">\n<div style=\"background-color: #f4f4f4; border-radius: 50%; flex-grow: 0; height: 40px; margin-right: 14px; width: 40px;\"><\/div>\n<div style=\"display: flex; flex-direction: column; flex-grow: 1; justify-content: center;\">\n<div style=\"background-color: #f4f4f4; border-radius: 4px; flex-grow: 0; height: 14px; margin-bottom: 6px; width: 100px;\"><\/div>\n<div style=\"background-color: #f4f4f4; border-radius: 4px; flex-grow: 0; height: 14px; width: 60px;\"><\/div>\n<\/div>\n<\/div>\n<div style=\"padding: 19% 0;\"><\/div>\n<div style=\"display: block; height: 50px; margin: 0 auto 12px; width: 50px;\"><\/div>\n<div style=\"padding-top: 8px;\">\n<div style=\"color: #3897f0; font-family: Arial,sans-serif; font-size: 14px; font-style: normal; font-weight: 550; line-height: 18px;\">Ver esta publicaci\u00f3n en Instagram<\/div>\n<\/div>\n<div style=\"padding: 12.5% 0;\"><\/div>\n<div style=\"display: flex; flex-direction: row; margin-bottom: 14px; align-items: center;\">\n<div>\n<div style=\"background-color: #f4f4f4; border-radius: 50%; height: 12.5px; width: 12.5px; transform: translateX(0px) translateY(7px);\"><\/div>\n<div style=\"background-color: #f4f4f4; height: 12.5px; transform: rotate(-45deg) translateX(3px) translateY(1px); width: 12.5px; flex-grow: 0; margin-right: 14px; margin-left: 2px;\"><\/div>\n<div style=\"background-color: #f4f4f4; border-radius: 50%; height: 12.5px; width: 12.5px; transform: translateX(9px) translateY(-18px);\"><\/div>\n<\/div>\n<div style=\"margin-left: 8px;\">\n<div style=\"background-color: #f4f4f4; border-radius: 50%; flex-grow: 0; height: 20px; width: 20px;\"><\/div>\n<div style=\"width: 0; height: 0; border-top: 2px solid transparent; border-left: 6px solid #f4f4f4; border-bottom: 2px solid transparent; transform: translateX(16px) translateY(-4px) rotate(30deg);\"><\/div>\n<\/div>\n<div style=\"margin-left: auto;\">\n<div style=\"width: 0px; border-top: 8px solid #F4F4F4; border-right: 8px solid transparent; transform: translateY(16px);\"><\/div>\n<div style=\"background-color: #f4f4f4; flex-grow: 0; height: 12px; width: 16px; transform: translateY(-4px);\"><\/div>\n<div style=\"width: 0; height: 0; border-top: 8px solid #F4F4F4; border-left: 8px solid transparent; transform: translateY(-4px) translateX(8px);\"><\/div>\n<\/div>\n<\/div>\n<div style=\"display: flex; flex-direction: column; flex-grow: 1; justify-content: center; margin-bottom: 24px;\">\n<div style=\"background-color: #f4f4f4; border-radius: 4px; flex-grow: 0; height: 14px; margin-bottom: 6px; width: 224px;\"><\/div>\n<div style=\"background-color: #f4f4f4; border-radius: 4px; flex-grow: 0; height: 14px; width: 144px;\"><\/div>\n<\/div>\n<p>&nbsp;<\/p>\n<p style=\"color: #c9c8cd; font-family: Arial,sans-serif; font-size: 14px; line-height: 17px; margin-bottom: 0; margin-top: 8px; overflow: hidden; padding: 8px 0 7px; text-align: center; text-overflow: ellipsis; white-space: nowrap;\"><a style=\"color: #c9c8cd; font-family: Arial,sans-serif; font-size: 14px; font-style: normal; font-weight: normal; line-height: 17px; text-decoration: none;\" href=\"https:\/\/www.instagram.com\/reel\/DNnjZo2PIoW\/?utm_source=ig_embed&amp;utm_campaign=loading\" target=\"_blank\" rel=\"noopener\">Una publicaci\u00f3n compartida de Motif &#8211; more than walls &#8211; (@motif_es)<\/a><\/p>\n<\/div>\n<\/blockquote>\n<p><script async src=\"\/\/www.instagram.com\/embed.js\"><\/script><\/p>\n<h5>Cocinas con identidad<\/h5>\n<p>Lo interesante de esta evoluci\u00f3n es que la cocina ya no se dise\u00f1a solo para funcionar bien, sino tambi\u00e9n para reflejar el estilo de quienes viven en la casa.<\/p>\n<p>Algunas buscan una<strong> decoraci\u00f3n con un aire mediterr\u00e1neo<\/strong> luminoso, otras se inclinan por tonos naturales m\u00e1s calmados, y otras incorporan patrones gr\u00e1ficos que aportan energ\u00eda. No hay una \u00fanica f\u00f3rmula, pero s\u00ed una idea com\u00fan: la cocina ya no se esconde.<\/p>\n<p>&nbsp;<\/p>\n","protected":false},"excerpt":{"rendered":"<p>Durante mucho tiempo, la cocina fue un espacio casi exclusivamente funcional. Un lugar pensado para cocinar, guardar utensilios y poco m\u00e1s. Sin embargo, en los \u00faltimos a\u00f1os algo ha cambiado: la cocina se ha convertido en una de las estancias con m\u00e1s personalidad de la casa. No es casual. Hoy la cocina se vive de [&#8230;]<\/p>\n","protected":false},"author":2,"featured_media":3427,"comment_status":"open","ping_status":"open","sticky":false,"template":"","format":"standard","meta":{"_acf_changed":false,"footnotes":""},"categories":[9,5,32],"tags":[],"class_list":["post-3426","post","type-post","status-publish","format-standard","has-post-thumbnail","hentry","category-inspirate","category-sobre-papeles-pintados","category-sobre-vinilos-para-cocina-y-bano"],"acf":[],"yoast_head":"<!-- This site is optimized with the Yoast SEO plugin v27.5 - https:\/\/yoast.com\/product\/yoast-seo-wordpress\/ -->\n<title>La cocina se est\u00e1 convirtiendo en uno de los espacios m\u00e1s personales de la casa - Blog Motif<\/title>\n<meta name=\"description\" content=\"Durante mucho tiempo, la cocina fue un espacio casi exclusivamente funcional. Un lugar pensado para cocinar, guardar utensilios y poco m\u00e1s. Sin embargo,\" \/>\n<meta name=\"robots\" content=\"index, follow, max-snippet:-1, max-image-preview:large, max-video-preview:-1\" \/>\n<link rel=\"canonical\" href=\"https:\/\/www.motif.es\/blog\/la-cocina-se-esta-convirtiendo-en-uno-de-los-espacios-mas-personales-de-la-casa\/\" \/>\n<meta property=\"og:locale\" content=\"es_ES\" \/>\n<meta property=\"og:type\" content=\"article\" \/>\n<meta property=\"og:title\" content=\"La cocina se est\u00e1 convirtiendo en uno de los espacios m\u00e1s personales de la casa - Blog Motif\" \/>\n<meta property=\"og:description\" content=\"Durante mucho tiempo, la cocina fue un espacio casi exclusivamente funcional. Un lugar pensado para cocinar, guardar utensilios y poco m\u00e1s. Sin embargo,\" \/>\n<meta property=\"og:url\" content=\"https:\/\/www.motif.es\/blog\/la-cocina-se-esta-convirtiendo-en-uno-de-los-espacios-mas-personales-de-la-casa\/\" \/>\n<meta property=\"og:site_name\" content=\"Blog Motif\" \/>\n<meta property=\"article:publisher\" content=\"https:\/\/www.facebook.com\/motifmorethanwalls\/\" \/>\n<meta property=\"article:published_time\" content=\"2026-03-18T09:21:28+00:00\" \/>\n<meta property=\"og:image\" content=\"https:\/\/www.motif.es\/blog\/wp-content\/uploads\/2026\/03\/papel-pintado-para-cocinas.png\" \/>\n\t<meta property=\"og:image:width\" content=\"1080\" \/>\n\t<meta property=\"og:image:height\" content=\"1350\" \/>\n\t<meta property=\"og:image:type\" content=\"image\/png\" \/>\n<meta name=\"author\" content=\"Comunicaci\u00f3n Motif\" \/>\n<meta name=\"twitter:card\" content=\"summary_large_image\" \/>\n<meta name=\"twitter:label1\" content=\"Escrito por\" \/>\n\t<meta name=\"twitter:data1\" content=\"Comunicaci\u00f3n Motif\" \/>\n\t<meta name=\"twitter:label2\" content=\"Tiempo de lectura\" \/>\n\t<meta name=\"twitter:data2\" content=\"3 minutos\" \/>\n<script type=\"application\/ld+json\" class=\"yoast-schema-graph\">{\"@context\":\"https:\\\/\\\/schema.org\",\"@graph\":[{\"@type\":\"Article\",\"@id\":\"https:\\\/\\\/www.motif.es\\\/blog\\\/la-cocina-se-esta-convirtiendo-en-uno-de-los-espacios-mas-personales-de-la-casa\\\/#article\",\"isPartOf\":{\"@id\":\"https:\\\/\\\/www.motif.es\\\/blog\\\/la-cocina-se-esta-convirtiendo-en-uno-de-los-espacios-mas-personales-de-la-casa\\\/\"},\"author\":{\"name\":\"Comunicaci\u00f3n Motif\",\"@id\":\"https:\\\/\\\/www.motif.es\\\/blog\\\/#\\\/schema\\\/person\\\/aac26ed80d8e02fb9525ec6b569d75e9\"},\"headline\":\"La cocina se est\u00e1 convirtiendo en uno de los espacios m\u00e1s personales de la casa\",\"datePublished\":\"2026-03-18T09:21:28+00:00\",\"mainEntityOfPage\":{\"@id\":\"https:\\\/\\\/www.motif.es\\\/blog\\\/la-cocina-se-esta-convirtiendo-en-uno-de-los-espacios-mas-personales-de-la-casa\\\/\"},\"wordCount\":497,\"commentCount\":0,\"publisher\":{\"@id\":\"https:\\\/\\\/www.motif.es\\\/blog\\\/#organization\"},\"image\":{\"@id\":\"https:\\\/\\\/www.motif.es\\\/blog\\\/la-cocina-se-esta-convirtiendo-en-uno-de-los-espacios-mas-personales-de-la-casa\\\/#primaryimage\"},\"thumbnailUrl\":\"https:\\\/\\\/www.motif.es\\\/blog\\\/wp-content\\\/uploads\\\/2026\\\/03\\\/papel-pintado-para-cocinas.png\",\"articleSection\":[\"insp\u00edrate\",\"sobre papeles pintados\",\"sobre vinilos para cocina y ba\u00f1o\"],\"inLanguage\":\"es\",\"potentialAction\":[{\"@type\":\"CommentAction\",\"name\":\"Comment\",\"target\":[\"https:\\\/\\\/www.motif.es\\\/blog\\\/la-cocina-se-esta-convirtiendo-en-uno-de-los-espacios-mas-personales-de-la-casa\\\/#respond\"]}]},{\"@type\":\"WebPage\",\"@id\":\"https:\\\/\\\/www.motif.es\\\/blog\\\/la-cocina-se-esta-convirtiendo-en-uno-de-los-espacios-mas-personales-de-la-casa\\\/\",\"url\":\"https:\\\/\\\/www.motif.es\\\/blog\\\/la-cocina-se-esta-convirtiendo-en-uno-de-los-espacios-mas-personales-de-la-casa\\\/\",\"name\":\"La cocina se est\u00e1 convirtiendo en uno de los espacios m\u00e1s personales de la casa - Blog Motif\",\"isPartOf\":{\"@id\":\"https:\\\/\\\/www.motif.es\\\/blog\\\/#website\"},\"primaryImageOfPage\":{\"@id\":\"https:\\\/\\\/www.motif.es\\\/blog\\\/la-cocina-se-esta-convirtiendo-en-uno-de-los-espacios-mas-personales-de-la-casa\\\/#primaryimage\"},\"image\":{\"@id\":\"https:\\\/\\\/www.motif.es\\\/blog\\\/la-cocina-se-esta-convirtiendo-en-uno-de-los-espacios-mas-personales-de-la-casa\\\/#primaryimage\"},\"thumbnailUrl\":\"https:\\\/\\\/www.motif.es\\\/blog\\\/wp-content\\\/uploads\\\/2026\\\/03\\\/papel-pintado-para-cocinas.png\",\"datePublished\":\"2026-03-18T09:21:28+00:00\",\"description\":\"Durante mucho tiempo, la cocina fue un espacio casi exclusivamente funcional. Un lugar pensado para cocinar, guardar utensilios y poco m\u00e1s. Sin embargo,\",\"breadcrumb\":{\"@id\":\"https:\\\/\\\/www.motif.es\\\/blog\\\/la-cocina-se-esta-convirtiendo-en-uno-de-los-espacios-mas-personales-de-la-casa\\\/#breadcrumb\"},\"inLanguage\":\"es\",\"potentialAction\":[{\"@type\":\"ReadAction\",\"target\":[\"https:\\\/\\\/www.motif.es\\\/blog\\\/la-cocina-se-esta-convirtiendo-en-uno-de-los-espacios-mas-personales-de-la-casa\\\/\"]}]},{\"@type\":\"ImageObject\",\"inLanguage\":\"es\",\"@id\":\"https:\\\/\\\/www.motif.es\\\/blog\\\/la-cocina-se-esta-convirtiendo-en-uno-de-los-espacios-mas-personales-de-la-casa\\\/#primaryimage\",\"url\":\"https:\\\/\\\/www.motif.es\\\/blog\\\/wp-content\\\/uploads\\\/2026\\\/03\\\/papel-pintado-para-cocinas.png\",\"contentUrl\":\"https:\\\/\\\/www.motif.es\\\/blog\\\/wp-content\\\/uploads\\\/2026\\\/03\\\/papel-pintado-para-cocinas.png\",\"width\":1080,\"height\":1350},{\"@type\":\"BreadcrumbList\",\"@id\":\"https:\\\/\\\/www.motif.es\\\/blog\\\/la-cocina-se-esta-convirtiendo-en-uno-de-los-espacios-mas-personales-de-la-casa\\\/#breadcrumb\",\"itemListElement\":[{\"@type\":\"ListItem\",\"position\":1,\"name\":\"Blog\",\"item\":\"https:\\\/\\\/www.motif.es\\\/blog\\\/\"},{\"@type\":\"ListItem\",\"position\":2,\"name\":\"insp\u00edrate\",\"item\":\"https:\\\/\\\/www.motif.es\\\/blog\\\/category\\\/inspirate\\\/\"},{\"@type\":\"ListItem\",\"position\":3,\"name\":\"La cocina se est\u00e1 convirtiendo en uno de los espacios m\u00e1s personales de la casa\"}]},{\"@type\":\"WebSite\",\"@id\":\"https:\\\/\\\/www.motif.es\\\/blog\\\/#website\",\"url\":\"https:\\\/\\\/www.motif.es\\\/blog\\\/\",\"name\":\"Blog Motif\",\"description\":\"nuestro rinc\u00f3n para inspirarte\",\"publisher\":{\"@id\":\"https:\\\/\\\/www.motif.es\\\/blog\\\/#organization\"},\"potentialAction\":[{\"@type\":\"SearchAction\",\"target\":{\"@type\":\"EntryPoint\",\"urlTemplate\":\"https:\\\/\\\/www.motif.es\\\/blog\\\/?s={search_term_string}\"},\"query-input\":{\"@type\":\"PropertyValueSpecification\",\"valueRequired\":true,\"valueName\":\"search_term_string\"}}],\"inLanguage\":\"es\"},{\"@type\":\"Organization\",\"@id\":\"https:\\\/\\\/www.motif.es\\\/blog\\\/#organization\",\"name\":\"Motif Wallpapers S.L.U.\",\"url\":\"https:\\\/\\\/www.motif.es\\\/blog\\\/\",\"logo\":{\"@type\":\"ImageObject\",\"inLanguage\":\"es\",\"@id\":\"https:\\\/\\\/www.motif.es\\\/blog\\\/#\\\/schema\\\/logo\\\/image\\\/\",\"url\":\"https:\\\/\\\/motif.es\\\/blog\\\/wp-content\\\/uploads\\\/2021\\\/06\\\/logo-motif.jpg\",\"contentUrl\":\"https:\\\/\\\/motif.es\\\/blog\\\/wp-content\\\/uploads\\\/2021\\\/06\\\/logo-motif.jpg\",\"width\":464,\"height\":464,\"caption\":\"Motif Wallpapers S.L.U.\"},\"image\":{\"@id\":\"https:\\\/\\\/www.motif.es\\\/blog\\\/#\\\/schema\\\/logo\\\/image\\\/\"},\"sameAs\":[\"https:\\\/\\\/www.facebook.com\\\/motifmorethanwalls\\\/\",\"https:\\\/\\\/www.instagram.com\\\/motif_es\\\/?hl=es\",\"https:\\\/\\\/www.pinterest.es\\\/motifwallpapers\\\/\",\"https:\\\/\\\/www.youtube.com\\\/channel\\\/UCNaOmbxD6LjcQNj4vmfVIUg\"]},{\"@type\":\"Person\",\"@id\":\"https:\\\/\\\/www.motif.es\\\/blog\\\/#\\\/schema\\\/person\\\/aac26ed80d8e02fb9525ec6b569d75e9\",\"name\":\"Comunicaci\u00f3n Motif\",\"image\":{\"@type\":\"ImageObject\",\"inLanguage\":\"es\",\"@id\":\"https:\\\/\\\/secure.gravatar.com\\\/avatar\\\/93b2fb49a03bd7a57b5f5e8c3b740113f14f25da86b090887d9353672de2d9b5?s=96&d=mm&r=g\",\"url\":\"https:\\\/\\\/secure.gravatar.com\\\/avatar\\\/93b2fb49a03bd7a57b5f5e8c3b740113f14f25da86b090887d9353672de2d9b5?s=96&d=mm&r=g\",\"contentUrl\":\"https:\\\/\\\/secure.gravatar.com\\\/avatar\\\/93b2fb49a03bd7a57b5f5e8c3b740113f14f25da86b090887d9353672de2d9b5?s=96&d=mm&r=g\",\"caption\":\"Comunicaci\u00f3n Motif\"},\"url\":\"https:\\\/\\\/www.motif.es\\\/blog\\\/author\\\/comunicacion\\\/\"}]}<\/script>\n<!-- \/ Yoast SEO plugin. -->","yoast_head_json":{"title":"La cocina se est\u00e1 convirtiendo en uno de los espacios m\u00e1s personales de la casa - Blog Motif","description":"Durante mucho tiempo, la cocina fue un espacio casi exclusivamente funcional. Un lugar pensado para cocinar, guardar utensilios y poco m\u00e1s. Sin embargo,","robots":{"index":"index","follow":"follow","max-snippet":"max-snippet:-1","max-image-preview":"max-image-preview:large","max-video-preview":"max-video-preview:-1"},"canonical":"https:\/\/www.motif.es\/blog\/la-cocina-se-esta-convirtiendo-en-uno-de-los-espacios-mas-personales-de-la-casa\/","og_locale":"es_ES","og_type":"article","og_title":"La cocina se est\u00e1 convirtiendo en uno de los espacios m\u00e1s personales de la casa - Blog Motif","og_description":"Durante mucho tiempo, la cocina fue un espacio casi exclusivamente funcional. Un lugar pensado para cocinar, guardar utensilios y poco m\u00e1s. Sin embargo,","og_url":"https:\/\/www.motif.es\/blog\/la-cocina-se-esta-convirtiendo-en-uno-de-los-espacios-mas-personales-de-la-casa\/","og_site_name":"Blog Motif","article_publisher":"https:\/\/www.facebook.com\/motifmorethanwalls\/","article_published_time":"2026-03-18T09:21:28+00:00","og_image":[{"width":1080,"height":1350,"url":"https:\/\/www.motif.es\/blog\/wp-content\/uploads\/2026\/03\/papel-pintado-para-cocinas.png","type":"image\/png"}],"author":"Comunicaci\u00f3n Motif","twitter_card":"summary_large_image","twitter_misc":{"Escrito por":"Comunicaci\u00f3n Motif","Tiempo de lectura":"3 minutos"},"schema":{"@context":"https:\/\/schema.org","@graph":[{"@type":"Article","@id":"https:\/\/www.motif.es\/blog\/la-cocina-se-esta-convirtiendo-en-uno-de-los-espacios-mas-personales-de-la-casa\/#article","isPartOf":{"@id":"https:\/\/www.motif.es\/blog\/la-cocina-se-esta-convirtiendo-en-uno-de-los-espacios-mas-personales-de-la-casa\/"},"author":{"name":"Comunicaci\u00f3n Motif","@id":"https:\/\/www.motif.es\/blog\/#\/schema\/person\/aac26ed80d8e02fb9525ec6b569d75e9"},"headline":"La cocina se est\u00e1 convirtiendo en uno de los espacios m\u00e1s personales de la casa","datePublished":"2026-03-18T09:21:28+00:00","mainEntityOfPage":{"@id":"https:\/\/www.motif.es\/blog\/la-cocina-se-esta-convirtiendo-en-uno-de-los-espacios-mas-personales-de-la-casa\/"},"wordCount":497,"commentCount":0,"publisher":{"@id":"https:\/\/www.motif.es\/blog\/#organization"},"image":{"@id":"https:\/\/www.motif.es\/blog\/la-cocina-se-esta-convirtiendo-en-uno-de-los-espacios-mas-personales-de-la-casa\/#primaryimage"},"thumbnailUrl":"https:\/\/www.motif.es\/blog\/wp-content\/uploads\/2026\/03\/papel-pintado-para-cocinas.png","articleSection":["insp\u00edrate","sobre papeles pintados","sobre vinilos para cocina y ba\u00f1o"],"inLanguage":"es","potentialAction":[{"@type":"CommentAction","name":"Comment","target":["https:\/\/www.motif.es\/blog\/la-cocina-se-esta-convirtiendo-en-uno-de-los-espacios-mas-personales-de-la-casa\/#respond"]}]},{"@type":"WebPage","@id":"https:\/\/www.motif.es\/blog\/la-cocina-se-esta-convirtiendo-en-uno-de-los-espacios-mas-personales-de-la-casa\/","url":"https:\/\/www.motif.es\/blog\/la-cocina-se-esta-convirtiendo-en-uno-de-los-espacios-mas-personales-de-la-casa\/","name":"La cocina se est\u00e1 convirtiendo en uno de los espacios m\u00e1s personales de la casa - Blog Motif","isPartOf":{"@id":"https:\/\/www.motif.es\/blog\/#website"},"primaryImageOfPage":{"@id":"https:\/\/www.motif.es\/blog\/la-cocina-se-esta-convirtiendo-en-uno-de-los-espacios-mas-personales-de-la-casa\/#primaryimage"},"image":{"@id":"https:\/\/www.motif.es\/blog\/la-cocina-se-esta-convirtiendo-en-uno-de-los-espacios-mas-personales-de-la-casa\/#primaryimage"},"thumbnailUrl":"https:\/\/www.motif.es\/blog\/wp-content\/uploads\/2026\/03\/papel-pintado-para-cocinas.png","datePublished":"2026-03-18T09:21:28+00:00","description":"Durante mucho tiempo, la cocina fue un espacio casi exclusivamente funcional. Un lugar pensado para cocinar, guardar utensilios y poco m\u00e1s. Sin embargo,","breadcrumb":{"@id":"https:\/\/www.motif.es\/blog\/la-cocina-se-esta-convirtiendo-en-uno-de-los-espacios-mas-personales-de-la-casa\/#breadcrumb"},"inLanguage":"es","potentialAction":[{"@type":"ReadAction","target":["https:\/\/www.motif.es\/blog\/la-cocina-se-esta-convirtiendo-en-uno-de-los-espacios-mas-personales-de-la-casa\/"]}]},{"@type":"ImageObject","inLanguage":"es","@id":"https:\/\/www.motif.es\/blog\/la-cocina-se-esta-convirtiendo-en-uno-de-los-espacios-mas-personales-de-la-casa\/#primaryimage","url":"https:\/\/www.motif.es\/blog\/wp-content\/uploads\/2026\/03\/papel-pintado-para-cocinas.png","contentUrl":"https:\/\/www.motif.es\/blog\/wp-content\/uploads\/2026\/03\/papel-pintado-para-cocinas.png","width":1080,"height":1350},{"@type":"BreadcrumbList","@id":"https:\/\/www.motif.es\/blog\/la-cocina-se-esta-convirtiendo-en-uno-de-los-espacios-mas-personales-de-la-casa\/#breadcrumb","itemListElement":[{"@type":"ListItem","position":1,"name":"Blog","item":"https:\/\/www.motif.es\/blog\/"},{"@type":"ListItem","position":2,"name":"insp\u00edrate","item":"https:\/\/www.motif.es\/blog\/category\/inspirate\/"},{"@type":"ListItem","position":3,"name":"La cocina se est\u00e1 convirtiendo en uno de los espacios m\u00e1s personales de la casa"}]},{"@type":"WebSite","@id":"https:\/\/www.motif.es\/blog\/#website","url":"https:\/\/www.motif.es\/blog\/","name":"Blog Motif","description":"nuestro rinc\u00f3n para inspirarte","publisher":{"@id":"https:\/\/www.motif.es\/blog\/#organization"},"potentialAction":[{"@type":"SearchAction","target":{"@type":"EntryPoint","urlTemplate":"https:\/\/www.motif.es\/blog\/?s={search_term_string}"},"query-input":{"@type":"PropertyValueSpecification","valueRequired":true,"valueName":"search_term_string"}}],"inLanguage":"es"},{"@type":"Organization","@id":"https:\/\/www.motif.es\/blog\/#organization","name":"Motif Wallpapers S.L.U.","url":"https:\/\/www.motif.es\/blog\/","logo":{"@type":"ImageObject","inLanguage":"es","@id":"https:\/\/www.motif.es\/blog\/#\/schema\/logo\/image\/","url":"https:\/\/motif.es\/blog\/wp-content\/uploads\/2021\/06\/logo-motif.jpg","contentUrl":"https:\/\/motif.es\/blog\/wp-content\/uploads\/2021\/06\/logo-motif.jpg","width":464,"height":464,"caption":"Motif Wallpapers S.L.U."},"image":{"@id":"https:\/\/www.motif.es\/blog\/#\/schema\/logo\/image\/"},"sameAs":["https:\/\/www.facebook.com\/motifmorethanwalls\/","https:\/\/www.instagram.com\/motif_es\/?hl=es","https:\/\/www.pinterest.es\/motifwallpapers\/","https:\/\/www.youtube.com\/channel\/UCNaOmbxD6LjcQNj4vmfVIUg"]},{"@type":"Person","@id":"https:\/\/www.motif.es\/blog\/#\/schema\/person\/aac26ed80d8e02fb9525ec6b569d75e9","name":"Comunicaci\u00f3n Motif","image":{"@type":"ImageObject","inLanguage":"es","@id":"https:\/\/secure.gravatar.com\/avatar\/93b2fb49a03bd7a57b5f5e8c3b740113f14f25da86b090887d9353672de2d9b5?s=96&d=mm&r=g","url":"https:\/\/secure.gravatar.com\/avatar\/93b2fb49a03bd7a57b5f5e8c3b740113f14f25da86b090887d9353672de2d9b5?s=96&d=mm&r=g","contentUrl":"https:\/\/secure.gravatar.com\/avatar\/93b2fb49a03bd7a57b5f5e8c3b740113f14f25da86b090887d9353672de2d9b5?s=96&d=mm&r=g","caption":"Comunicaci\u00f3n Motif"},"url":"https:\/\/www.motif.es\/blog\/author\/comunicacion\/"}]}},"_links":{"self":[{"href":"https:\/\/www.motif.es\/blog\/wp-json\/wp\/v2\/posts\/3426","targetHints":{"allow":["GET"]}}],"collection":[{"href":"https:\/\/www.motif.es\/blog\/wp-json\/wp\/v2\/posts"}],"about":[{"href":"https:\/\/www.motif.es\/blog\/wp-json\/wp\/v2\/types\/post"}],"author":[{"embeddable":true,"href":"https:\/\/www.motif.es\/blog\/wp-json\/wp\/v2\/users\/2"}],"replies":[{"embeddable":true,"href":"https:\/\/www.motif.es\/blog\/wp-json\/wp\/v2\/comments?post=3426"}],"version-history":[{"count":1,"href":"https:\/\/www.motif.es\/blog\/wp-json\/wp\/v2\/posts\/3426\/revisions"}],"predecessor-version":[{"id":3428,"href":"https:\/\/www.motif.es\/blog\/wp-json\/wp\/v2\/posts\/3426\/revisions\/3428"}],"wp:featuredmedia":[{"embeddable":true,"href":"https:\/\/www.motif.es\/blog\/wp-json\/wp\/v2\/media\/3427"}],"wp:attachment":[{"href":"https:\/\/www.motif.es\/blog\/wp-json\/wp\/v2\/media?parent=3426"}],"wp:term":[{"taxonomy":"category","embeddable":true,"href":"https:\/\/www.motif.es\/blog\/wp-json\/wp\/v2\/categories?post=3426"},{"taxonomy":"post_tag","embeddable":true,"href":"https:\/\/www.motif.es\/blog\/wp-json\/wp\/v2\/tags?post=3426"}],"curies":[{"name":"wp","href":"https:\/\/api.w.org\/{rel}","templated":true}]}}