{"id":369,"date":"2020-05-28T08:39:29","date_gmt":"2020-05-28T08:39:29","guid":{"rendered":"https:\/\/motif.es\/blog\/?p=369"},"modified":"2020-11-30T12:13:29","modified_gmt":"2020-11-30T12:13:29","slug":"que-necesitas-para-tener-la-terraza-perfecta-para-el-verano-2020","status":"publish","type":"post","link":"https:\/\/www.motif.es\/blog\/que-necesitas-para-tener-la-terraza-perfecta-para-el-verano-2020\/","title":{"rendered":"\u00bfQu\u00e9 necesitas para tener la terraza perfecta para el verano 2020?"},"content":{"rendered":"<p><span id=\"docs-internal-guid-62a0fd8e-7fff-34a1-65d1-8a554fc91edc\"><span style=\"font-size: 12pt; font-family: Calibri, sans-serif; background-color: transparent; vertical-align: baseline; white-space: pre-wrap;\">Mientras vas trazando el plan que te permita encontrar la localizaci\u00f3n perfecta para tu retiro estival te vamos a ir diciendo qu\u00e9 cosas no pueden faltar para hacerlo perfecto:<\/span><\/span><\/p>\n<p><strong><span style=\"font-size: 12pt; font-family: Calibri, sans-serif; color: #000000; background-color: transparent; font-style: normal; font-variant: normal; text-decoration: none; vertical-align: baseline; white-space: pre-wrap;\">1.<\/span> <span style=\"font-size: 12pt; font-family: Calibri, sans-serif; color: #000000; background-color: transparent; font-style: normal; font-variant: normal; text-decoration: none; vertical-align: baseline; white-space: pre-wrap;\">M\u00fasica.<\/span><\/strong><\/p>\n<p dir=\"ltr\" style=\"line-height: 1.38; margin-top: 0pt; margin-bottom: 0pt;\"><span style=\"font-size: 12pt; font-family: Calibri, sans-serif; color: #000000; background-color: transparent; font-weight: 400; font-style: normal; font-variant: normal; text-decoration: none; vertical-align: baseline; white-space: pre-wrap;\"><span style=\"text-decoration: underline;\">B\u00e1sico pero imprescindible<\/span>. El elemento clave para pasar de reuni\u00f3n entre amigos a jarana controlada. Si no hay m\u00fasica parecer\u00e1 que simplemente has quedado a tomar algo, si pones banda sonora <strong>se convertir\u00e1 en momentazo<\/strong>.<\/span><\/p>\n<p dir=\"ltr\" style=\"line-height: 1.38; margin-top: 0pt; margin-bottom: 0pt;\"><span style=\"font-size: 12pt; font-family: Calibri, sans-serif; color: #000000; background-color: transparent; font-weight: 400; font-style: normal; font-variant: normal; text-decoration: none; vertical-align: baseline; white-space: pre-wrap;\">\u00a0<\/span><\/p>\n<p dir=\"ltr\" style=\"line-height: 1.38; margin-top: 0pt; margin-bottom: 0pt;\">Adem\u00e1s, siempre puedes medir el mood de tus amigos seg\u00fan el hilo musical que elijas. Pon hits en ac\u00fastico para esa copita de vino relajada, algo indie para la cervecita de despu\u00e9s de trabajar o lo ultimo en reggaeton si lo que quieres es darlo todo.<\/p>\n<p dir=\"ltr\" style=\"line-height: 1.38; margin-top: 0pt; margin-bottom: 0pt;\"><strong><span style=\"font-size: 12pt; font-family: Calibri, sans-serif; color: #000000; background-color: transparent; font-style: normal; font-variant: normal; text-decoration: none; vertical-align: baseline; white-space: pre-wrap;\">2.<\/span><span style=\"font-size: 12pt; font-family: Calibri, sans-serif; color: #000000; background-color: transparent; font-style: normal; font-variant: normal; text-decoration: none; vertical-align: baseline; white-space: pre-wrap;\">Mesa bonita<\/span><\/strong><\/p>\n<p dir=\"ltr\" style=\"line-height: 1.38; margin-top: 0pt; margin-bottom: 0pt;\"><span style=\"font-size: 12pt; font-family: Calibri, sans-serif; color: #000000; background-color: transparent; font-weight: 400; font-style: normal; font-variant: normal; text-decoration: none; vertical-align: baseline; white-space: pre-wrap;\">No es lo mismo reunirse alrededor de una mesa con platos de pl\u00e1sticos que montar uno de esos conjuntos que har\u00e1n a todas tus amigas querer subirlo a stories. Eso es as\u00ed y lo sabes.<\/span><\/p>\n<p dir=\"ltr\" style=\"line-height: 1.38; margin-top: 0pt; margin-bottom: 0pt;\"><span style=\"font-size: 12pt; font-family: Calibri, sans-serif; color: #000000; background-color: transparent; font-weight: 400; font-style: normal; font-variant: normal; text-decoration: none; vertical-align: baseline; white-space: pre-wrap;\">\u00a0<\/span><\/p>\n<p dir=\"ltr\" style=\"line-height: 1.38; margin-top: 0pt; margin-bottom: 0pt;\">Ponle un poco de mimo a la mesa donde vais a disfrutar, unos <a href=\"https:\/\/www.motif.es\/20-manteles-individuales\" target=\"_blank\" rel=\"noreferrer noopener\">manteles individuales<\/a> a juego, peque\u00f1os jarrones con flores silvestres o servilletas de colores pueden ser peque\u00f1os trucos que subir\u00e1n el nivel de tu mesa al instante.<\/p>\n<p dir=\"ltr\" style=\"line-height: 1.38; margin-top: 0pt; margin-bottom: 0pt;\"><img loading=\"lazy\" decoding=\"async\" src=\"https:\/\/www.motif.es\/img\/cms\/pack-de-2-manteles-fulles.jpg\" alt=\"\" width=\"1000\" height=\"1000\" \/><\/p>\n<p dir=\"ltr\" style=\"line-height: 1.38; margin-top: 0pt; margin-bottom: 0pt; text-align: right;\"><a href=\"motif.es\/manteles-individuales\/105-3033-pack-de-2-manteles-fulles.html#\/32-tamano-48x33_cm\" target=\"_blank\" rel=\"noreferrer noopener\">Manteles individuales Fulles<\/a><\/p>\n<p dir=\"ltr\" style=\"line-height: 1.38; margin-top: 0pt; margin-bottom: 0pt;\"><strong><span style=\"font-size: 12pt; font-family: Calibri, sans-serif; color: #000000; background-color: transparent; font-style: normal; font-variant: normal; text-decoration: none; vertical-align: baseline; white-space: pre-wrap;\">3.<\/span><span style=\"font-size: 12pt; font-family: Calibri, sans-serif; color: #000000; background-color: transparent; font-style: normal; font-variant: normal; text-decoration: none; vertical-align: baseline; white-space: pre-wrap;\">Rincones intagrameables<\/span><\/strong><\/p>\n<p dir=\"ltr\" style=\"line-height: 1.38; margin-top: 0pt; margin-bottom: 0pt;\"><span style=\"font-size: 12pt; font-family: Calibri, sans-serif; color: #000000; background-color: transparent; font-weight: 400; font-style: normal; font-variant: normal; text-decoration: none; vertical-align: baseline; white-space: pre-wrap;\">Quiz\u00e1s este verano sea distinto pero <span style=\"text-decoration: underline;\">el postureo no desaparece<\/span> \u00a1solo se transforma! Ahora m\u00e1s que nunca su versi\u00f3n casera es tendencia, para ello necesitas rincones en tu casa dignos de un buen post en redes sociales.<\/span><\/p>\n<p dir=\"ltr\" style=\"line-height: 1.38; margin-top: 0pt; margin-bottom: 0pt;\"><span style=\"font-size: 12pt; font-family: Calibri, sans-serif; color: #000000; background-color: transparent; font-weight: 400; font-style: normal; font-variant: normal; text-decoration: none; vertical-align: baseline; white-space: pre-wrap;\">\u00a0<\/span><\/p>\n<p dir=\"ltr\" style=\"line-height: 1.38; margin-top: 0pt; margin-bottom: 0pt;\"><span style=\"font-size: 12pt; font-family: Calibri, sans-serif; color: #000000; background-color: transparent; font-weight: 400; font-style: normal; font-variant: normal; text-decoration: none; vertical-align: baseline; white-space: pre-wrap;\">Para que tu terraza sea nivel influencer no hay nada m\u00e1s importante que unos buenos muebles. Si quieres renovar los tuyos puedes echar un ojo a nuestra nueva colecci\u00f3n de <a href=\"https:\/\/www.motif.es\/130-mobiliario-de-jardin\" target=\"_blank\" rel=\"noreferrer noopener\">muebles de jard\u00edn<\/a>.<\/span><\/p>\n<p dir=\"ltr\" style=\"line-height: 1.38; margin-top: 0pt; margin-bottom: 0pt;\"><span style=\"font-size: 12pt; font-family: Calibri, sans-serif; color: #000000; background-color: transparent; font-weight: 400; font-style: normal; font-variant: normal; text-decoration: none; vertical-align: baseline; white-space: pre-wrap;\"><img loading=\"lazy\" decoding=\"async\" src=\"https:\/\/www.motif.es\/img\/cms\/conjunto-jardin-morea-4-piezas.jpg\" alt=\"\" width=\"1000\" height=\"1000\" \/><\/span><\/p>\n<p dir=\"ltr\" style=\"line-height: 1.38; margin-top: 0pt; margin-bottom: 0pt; text-align: right;\"><a href=\"https:\/\/www.motif.es\/mobiliario-de-jardin\/20242-conjunto-jardin-morea-4-piezas.html\" target=\"_blank\" rel=\"noreferrer noopener\">Conjunto de jard\u00edn Morea Beige<\/a><\/p>\n<p dir=\"ltr\" style=\"line-height: 1.38; margin-top: 0pt; margin-bottom: 0pt;\"><strong><span style=\"font-size: 12pt; font-family: Calibri, sans-serif; color: #000000; background-color: transparent; font-style: normal; font-variant: normal; text-decoration: none; vertical-align: baseline; white-space: pre-wrap;\">4.<\/span> <span style=\"font-size: 12pt; font-family: Calibri, sans-serif; color: #000000; background-color: transparent; font-style: normal; font-variant: normal; text-decoration: none; vertical-align: baseline; white-space: pre-wrap;\">Amigos y mucho amor<\/span><\/strong><\/p>\n<p dir=\"ltr\" style=\"line-height: 1.38; margin-top: 0pt; margin-bottom: 0pt;\"><span style=\"font-size: 12pt; font-family: Calibri, sans-serif; color: #000000; background-color: transparent; font-weight: 400; font-style: normal; font-variant: normal; text-decoration: none; vertical-align: baseline; white-space: pre-wrap;\">\u00a0<\/span>Y ya sabes, <span style=\"text-decoration: underline;\">lo \u00fanico que no puede faltar es la buena compa\u00f1\u00eda<\/span>. Elige a tus personas favoritas para que este verano aunque sea diferente \u00a1siga siendo \u00fanico!<\/p>\n<p dir=\"ltr\" style=\"line-height: 1.38; margin-top: 0pt; margin-bottom: 0pt;\"><span style=\"font-size: 12pt; font-family: Calibri, sans-serif; color: #000000; background-color: transparent; font-weight: 400; font-style: normal; font-variant: normal; text-decoration: none; vertical-align: baseline; white-space: pre-wrap;\">\u00a0<\/span><\/p>\n","protected":false},"excerpt":{"rendered":"<p>Mientras vas trazando el plan que te permita encontrar la localizaci\u00f3n perfecta para tu retiro estival te vamos a ir diciendo qu\u00e9 cosas no pueden faltar para hacerlo perfecto: 1. M\u00fasica. B\u00e1sico pero imprescindible. El elemento clave para pasar de reuni\u00f3n entre amigos a jarana controlada. Si no hay m\u00fasica parecer\u00e1 que simplemente has quedado [&#8230;]<\/p>\n","protected":false},"author":2,"featured_media":370,"comment_status":"open","ping_status":"open","sticky":false,"template":"","format":"standard","meta":{"_acf_changed":false,"footnotes":""},"categories":[9],"tags":[],"class_list":["post-369","post","type-post","status-publish","format-standard","has-post-thumbnail","hentry","category-inspirate"],"acf":[],"yoast_head":"<!-- This site is optimized with the Yoast SEO plugin v27.4 - https:\/\/yoast.com\/product\/yoast-seo-wordpress\/ -->\n<title>\u00bfQu\u00e9 necesitas para tener la terraza perfecta para el verano 2020? - Blog Motif<\/title>\n<meta name=\"description\" content=\"Mientras vas trazando el plan que te permita encontrar la localizaci\u00f3n perfecta para tu retiro estival te vamos a ir diciendo qu\u00e9 cosas no pueden faltar\" \/>\n<meta name=\"robots\" content=\"index, follow, max-snippet:-1, max-image-preview:large, max-video-preview:-1\" \/>\n<link rel=\"canonical\" href=\"https:\/\/www.motif.es\/blog\/que-necesitas-para-tener-la-terraza-perfecta-para-el-verano-2020\/\" \/>\n<meta property=\"og:locale\" content=\"es_ES\" \/>\n<meta property=\"og:type\" content=\"article\" \/>\n<meta property=\"og:title\" content=\"\u00bfQu\u00e9 necesitas para tener la terraza perfecta para el verano 2020? - Blog Motif\" \/>\n<meta property=\"og:description\" content=\"Mientras vas trazando el plan que te permita encontrar la localizaci\u00f3n perfecta para tu retiro estival te vamos a ir diciendo qu\u00e9 cosas no pueden faltar\" \/>\n<meta property=\"og:url\" content=\"https:\/\/www.motif.es\/blog\/que-necesitas-para-tener-la-terraza-perfecta-para-el-verano-2020\/\" \/>\n<meta property=\"og:site_name\" content=\"Blog Motif\" \/>\n<meta property=\"article:publisher\" content=\"https:\/\/www.facebook.com\/motifmorethanwalls\/\" \/>\n<meta property=\"article:published_time\" content=\"2020-05-28T08:39:29+00:00\" \/>\n<meta property=\"article:modified_time\" content=\"2020-11-30T12:13:29+00:00\" \/>\n<meta property=\"og:image\" content=\"https:\/\/www.motif.es\/blog\/wp-content\/uploads\/2020\/11\/b-conjunto-jardin-malta-corner.jpg\" \/>\n\t<meta property=\"og:image:width\" content=\"1000\" \/>\n\t<meta property=\"og:image:height\" content=\"1000\" \/>\n\t<meta property=\"og:image:type\" content=\"image\/jpeg\" \/>\n<meta name=\"author\" content=\"Comunicaci\u00f3n Motif\" \/>\n<meta name=\"twitter:card\" content=\"summary_large_image\" \/>\n<meta name=\"twitter:label1\" content=\"Escrito por\" \/>\n\t<meta name=\"twitter:data1\" content=\"Comunicaci\u00f3n Motif\" \/>\n\t<meta name=\"twitter:label2\" content=\"Tiempo de lectura\" \/>\n\t<meta name=\"twitter:data2\" content=\"2 minutos\" \/>\n<script type=\"application\/ld+json\" class=\"yoast-schema-graph\">{\"@context\":\"https:\\\/\\\/schema.org\",\"@graph\":[{\"@type\":\"Article\",\"@id\":\"https:\\\/\\\/www.motif.es\\\/blog\\\/que-necesitas-para-tener-la-terraza-perfecta-para-el-verano-2020\\\/#article\",\"isPartOf\":{\"@id\":\"https:\\\/\\\/www.motif.es\\\/blog\\\/que-necesitas-para-tener-la-terraza-perfecta-para-el-verano-2020\\\/\"},\"author\":{\"name\":\"Comunicaci\u00f3n Motif\",\"@id\":\"https:\\\/\\\/www.motif.es\\\/blog\\\/#\\\/schema\\\/person\\\/aac26ed80d8e02fb9525ec6b569d75e9\"},\"headline\":\"\u00bfQu\u00e9 necesitas para tener la terraza perfecta para el verano 2020?\",\"datePublished\":\"2020-05-28T08:39:29+00:00\",\"dateModified\":\"2020-11-30T12:13:29+00:00\",\"mainEntityOfPage\":{\"@id\":\"https:\\\/\\\/www.motif.es\\\/blog\\\/que-necesitas-para-tener-la-terraza-perfecta-para-el-verano-2020\\\/\"},\"wordCount\":331,\"commentCount\":0,\"publisher\":{\"@id\":\"https:\\\/\\\/www.motif.es\\\/blog\\\/#organization\"},\"image\":{\"@id\":\"https:\\\/\\\/www.motif.es\\\/blog\\\/que-necesitas-para-tener-la-terraza-perfecta-para-el-verano-2020\\\/#primaryimage\"},\"thumbnailUrl\":\"https:\\\/\\\/www.motif.es\\\/blog\\\/wp-content\\\/uploads\\\/2020\\\/11\\\/b-conjunto-jardin-malta-corner.jpg\",\"articleSection\":[\"insp\u00edrate\"],\"inLanguage\":\"es\",\"potentialAction\":[{\"@type\":\"CommentAction\",\"name\":\"Comment\",\"target\":[\"https:\\\/\\\/www.motif.es\\\/blog\\\/que-necesitas-para-tener-la-terraza-perfecta-para-el-verano-2020\\\/#respond\"]}]},{\"@type\":\"WebPage\",\"@id\":\"https:\\\/\\\/www.motif.es\\\/blog\\\/que-necesitas-para-tener-la-terraza-perfecta-para-el-verano-2020\\\/\",\"url\":\"https:\\\/\\\/www.motif.es\\\/blog\\\/que-necesitas-para-tener-la-terraza-perfecta-para-el-verano-2020\\\/\",\"name\":\"\u00bfQu\u00e9 necesitas para tener la terraza perfecta para el verano 2020? - Blog Motif\",\"isPartOf\":{\"@id\":\"https:\\\/\\\/www.motif.es\\\/blog\\\/#website\"},\"primaryImageOfPage\":{\"@id\":\"https:\\\/\\\/www.motif.es\\\/blog\\\/que-necesitas-para-tener-la-terraza-perfecta-para-el-verano-2020\\\/#primaryimage\"},\"image\":{\"@id\":\"https:\\\/\\\/www.motif.es\\\/blog\\\/que-necesitas-para-tener-la-terraza-perfecta-para-el-verano-2020\\\/#primaryimage\"},\"thumbnailUrl\":\"https:\\\/\\\/www.motif.es\\\/blog\\\/wp-content\\\/uploads\\\/2020\\\/11\\\/b-conjunto-jardin-malta-corner.jpg\",\"datePublished\":\"2020-05-28T08:39:29+00:00\",\"dateModified\":\"2020-11-30T12:13:29+00:00\",\"description\":\"Mientras vas trazando el plan que te permita encontrar la localizaci\u00f3n perfecta para tu retiro estival te vamos a ir diciendo qu\u00e9 cosas no pueden faltar\",\"breadcrumb\":{\"@id\":\"https:\\\/\\\/www.motif.es\\\/blog\\\/que-necesitas-para-tener-la-terraza-perfecta-para-el-verano-2020\\\/#breadcrumb\"},\"inLanguage\":\"es\",\"potentialAction\":[{\"@type\":\"ReadAction\",\"target\":[\"https:\\\/\\\/www.motif.es\\\/blog\\\/que-necesitas-para-tener-la-terraza-perfecta-para-el-verano-2020\\\/\"]}]},{\"@type\":\"ImageObject\",\"inLanguage\":\"es\",\"@id\":\"https:\\\/\\\/www.motif.es\\\/blog\\\/que-necesitas-para-tener-la-terraza-perfecta-para-el-verano-2020\\\/#primaryimage\",\"url\":\"https:\\\/\\\/www.motif.es\\\/blog\\\/wp-content\\\/uploads\\\/2020\\\/11\\\/b-conjunto-jardin-malta-corner.jpg\",\"contentUrl\":\"https:\\\/\\\/www.motif.es\\\/blog\\\/wp-content\\\/uploads\\\/2020\\\/11\\\/b-conjunto-jardin-malta-corner.jpg\",\"width\":1000,\"height\":1000},{\"@type\":\"BreadcrumbList\",\"@id\":\"https:\\\/\\\/www.motif.es\\\/blog\\\/que-necesitas-para-tener-la-terraza-perfecta-para-el-verano-2020\\\/#breadcrumb\",\"itemListElement\":[{\"@type\":\"ListItem\",\"position\":1,\"name\":\"Blog\",\"item\":\"https:\\\/\\\/www.motif.es\\\/blog\\\/\"},{\"@type\":\"ListItem\",\"position\":2,\"name\":\"insp\u00edrate\",\"item\":\"https:\\\/\\\/www.motif.es\\\/blog\\\/category\\\/inspirate\\\/\"},{\"@type\":\"ListItem\",\"position\":3,\"name\":\"\u00bfQu\u00e9 necesitas para tener la terraza perfecta para el verano 2020?\"}]},{\"@type\":\"WebSite\",\"@id\":\"https:\\\/\\\/www.motif.es\\\/blog\\\/#website\",\"url\":\"https:\\\/\\\/www.motif.es\\\/blog\\\/\",\"name\":\"Blog Motif\",\"description\":\"nuestro rinc\u00f3n para inspirarte\",\"publisher\":{\"@id\":\"https:\\\/\\\/www.motif.es\\\/blog\\\/#organization\"},\"potentialAction\":[{\"@type\":\"SearchAction\",\"target\":{\"@type\":\"EntryPoint\",\"urlTemplate\":\"https:\\\/\\\/www.motif.es\\\/blog\\\/?s={search_term_string}\"},\"query-input\":{\"@type\":\"PropertyValueSpecification\",\"valueRequired\":true,\"valueName\":\"search_term_string\"}}],\"inLanguage\":\"es\"},{\"@type\":\"Organization\",\"@id\":\"https:\\\/\\\/www.motif.es\\\/blog\\\/#organization\",\"name\":\"Motif Wallpapers S.L.U.\",\"url\":\"https:\\\/\\\/www.motif.es\\\/blog\\\/\",\"logo\":{\"@type\":\"ImageObject\",\"inLanguage\":\"es\",\"@id\":\"https:\\\/\\\/www.motif.es\\\/blog\\\/#\\\/schema\\\/logo\\\/image\\\/\",\"url\":\"https:\\\/\\\/motif.es\\\/blog\\\/wp-content\\\/uploads\\\/2021\\\/06\\\/logo-motif.jpg\",\"contentUrl\":\"https:\\\/\\\/motif.es\\\/blog\\\/wp-content\\\/uploads\\\/2021\\\/06\\\/logo-motif.jpg\",\"width\":464,\"height\":464,\"caption\":\"Motif Wallpapers S.L.U.\"},\"image\":{\"@id\":\"https:\\\/\\\/www.motif.es\\\/blog\\\/#\\\/schema\\\/logo\\\/image\\\/\"},\"sameAs\":[\"https:\\\/\\\/www.facebook.com\\\/motifmorethanwalls\\\/\",\"https:\\\/\\\/www.instagram.com\\\/motif_es\\\/?hl=es\",\"https:\\\/\\\/www.pinterest.es\\\/motifwallpapers\\\/\",\"https:\\\/\\\/www.youtube.com\\\/channel\\\/UCNaOmbxD6LjcQNj4vmfVIUg\"]},{\"@type\":\"Person\",\"@id\":\"https:\\\/\\\/www.motif.es\\\/blog\\\/#\\\/schema\\\/person\\\/aac26ed80d8e02fb9525ec6b569d75e9\",\"name\":\"Comunicaci\u00f3n Motif\",\"image\":{\"@type\":\"ImageObject\",\"inLanguage\":\"es\",\"@id\":\"https:\\\/\\\/secure.gravatar.com\\\/avatar\\\/93b2fb49a03bd7a57b5f5e8c3b740113f14f25da86b090887d9353672de2d9b5?s=96&d=mm&r=g\",\"url\":\"https:\\\/\\\/secure.gravatar.com\\\/avatar\\\/93b2fb49a03bd7a57b5f5e8c3b740113f14f25da86b090887d9353672de2d9b5?s=96&d=mm&r=g\",\"contentUrl\":\"https:\\\/\\\/secure.gravatar.com\\\/avatar\\\/93b2fb49a03bd7a57b5f5e8c3b740113f14f25da86b090887d9353672de2d9b5?s=96&d=mm&r=g\",\"caption\":\"Comunicaci\u00f3n Motif\"},\"url\":\"https:\\\/\\\/www.motif.es\\\/blog\\\/author\\\/comunicacion\\\/\"}]}<\/script>\n<!-- \/ Yoast SEO plugin. -->","yoast_head_json":{"title":"\u00bfQu\u00e9 necesitas para tener la terraza perfecta para el verano 2020? - Blog Motif","description":"Mientras vas trazando el plan que te permita encontrar la localizaci\u00f3n perfecta para tu retiro estival te vamos a ir diciendo qu\u00e9 cosas no pueden faltar","robots":{"index":"index","follow":"follow","max-snippet":"max-snippet:-1","max-image-preview":"max-image-preview:large","max-video-preview":"max-video-preview:-1"},"canonical":"https:\/\/www.motif.es\/blog\/que-necesitas-para-tener-la-terraza-perfecta-para-el-verano-2020\/","og_locale":"es_ES","og_type":"article","og_title":"\u00bfQu\u00e9 necesitas para tener la terraza perfecta para el verano 2020? - Blog Motif","og_description":"Mientras vas trazando el plan que te permita encontrar la localizaci\u00f3n perfecta para tu retiro estival te vamos a ir diciendo qu\u00e9 cosas no pueden faltar","og_url":"https:\/\/www.motif.es\/blog\/que-necesitas-para-tener-la-terraza-perfecta-para-el-verano-2020\/","og_site_name":"Blog Motif","article_publisher":"https:\/\/www.facebook.com\/motifmorethanwalls\/","article_published_time":"2020-05-28T08:39:29+00:00","article_modified_time":"2020-11-30T12:13:29+00:00","og_image":[{"width":1000,"height":1000,"url":"https:\/\/www.motif.es\/blog\/wp-content\/uploads\/2020\/11\/b-conjunto-jardin-malta-corner.jpg","type":"image\/jpeg"}],"author":"Comunicaci\u00f3n Motif","twitter_card":"summary_large_image","twitter_misc":{"Escrito por":"Comunicaci\u00f3n Motif","Tiempo de lectura":"2 minutos"},"schema":{"@context":"https:\/\/schema.org","@graph":[{"@type":"Article","@id":"https:\/\/www.motif.es\/blog\/que-necesitas-para-tener-la-terraza-perfecta-para-el-verano-2020\/#article","isPartOf":{"@id":"https:\/\/www.motif.es\/blog\/que-necesitas-para-tener-la-terraza-perfecta-para-el-verano-2020\/"},"author":{"name":"Comunicaci\u00f3n Motif","@id":"https:\/\/www.motif.es\/blog\/#\/schema\/person\/aac26ed80d8e02fb9525ec6b569d75e9"},"headline":"\u00bfQu\u00e9 necesitas para tener la terraza perfecta para el verano 2020?","datePublished":"2020-05-28T08:39:29+00:00","dateModified":"2020-11-30T12:13:29+00:00","mainEntityOfPage":{"@id":"https:\/\/www.motif.es\/blog\/que-necesitas-para-tener-la-terraza-perfecta-para-el-verano-2020\/"},"wordCount":331,"commentCount":0,"publisher":{"@id":"https:\/\/www.motif.es\/blog\/#organization"},"image":{"@id":"https:\/\/www.motif.es\/blog\/que-necesitas-para-tener-la-terraza-perfecta-para-el-verano-2020\/#primaryimage"},"thumbnailUrl":"https:\/\/www.motif.es\/blog\/wp-content\/uploads\/2020\/11\/b-conjunto-jardin-malta-corner.jpg","articleSection":["insp\u00edrate"],"inLanguage":"es","potentialAction":[{"@type":"CommentAction","name":"Comment","target":["https:\/\/www.motif.es\/blog\/que-necesitas-para-tener-la-terraza-perfecta-para-el-verano-2020\/#respond"]}]},{"@type":"WebPage","@id":"https:\/\/www.motif.es\/blog\/que-necesitas-para-tener-la-terraza-perfecta-para-el-verano-2020\/","url":"https:\/\/www.motif.es\/blog\/que-necesitas-para-tener-la-terraza-perfecta-para-el-verano-2020\/","name":"\u00bfQu\u00e9 necesitas para tener la terraza perfecta para el verano 2020? - Blog Motif","isPartOf":{"@id":"https:\/\/www.motif.es\/blog\/#website"},"primaryImageOfPage":{"@id":"https:\/\/www.motif.es\/blog\/que-necesitas-para-tener-la-terraza-perfecta-para-el-verano-2020\/#primaryimage"},"image":{"@id":"https:\/\/www.motif.es\/blog\/que-necesitas-para-tener-la-terraza-perfecta-para-el-verano-2020\/#primaryimage"},"thumbnailUrl":"https:\/\/www.motif.es\/blog\/wp-content\/uploads\/2020\/11\/b-conjunto-jardin-malta-corner.jpg","datePublished":"2020-05-28T08:39:29+00:00","dateModified":"2020-11-30T12:13:29+00:00","description":"Mientras vas trazando el plan que te permita encontrar la localizaci\u00f3n perfecta para tu retiro estival te vamos a ir diciendo qu\u00e9 cosas no pueden faltar","breadcrumb":{"@id":"https:\/\/www.motif.es\/blog\/que-necesitas-para-tener-la-terraza-perfecta-para-el-verano-2020\/#breadcrumb"},"inLanguage":"es","potentialAction":[{"@type":"ReadAction","target":["https:\/\/www.motif.es\/blog\/que-necesitas-para-tener-la-terraza-perfecta-para-el-verano-2020\/"]}]},{"@type":"ImageObject","inLanguage":"es","@id":"https:\/\/www.motif.es\/blog\/que-necesitas-para-tener-la-terraza-perfecta-para-el-verano-2020\/#primaryimage","url":"https:\/\/www.motif.es\/blog\/wp-content\/uploads\/2020\/11\/b-conjunto-jardin-malta-corner.jpg","contentUrl":"https:\/\/www.motif.es\/blog\/wp-content\/uploads\/2020\/11\/b-conjunto-jardin-malta-corner.jpg","width":1000,"height":1000},{"@type":"BreadcrumbList","@id":"https:\/\/www.motif.es\/blog\/que-necesitas-para-tener-la-terraza-perfecta-para-el-verano-2020\/#breadcrumb","itemListElement":[{"@type":"ListItem","position":1,"name":"Blog","item":"https:\/\/www.motif.es\/blog\/"},{"@type":"ListItem","position":2,"name":"insp\u00edrate","item":"https:\/\/www.motif.es\/blog\/category\/inspirate\/"},{"@type":"ListItem","position":3,"name":"\u00bfQu\u00e9 necesitas para tener la terraza perfecta para el verano 2020?"}]},{"@type":"WebSite","@id":"https:\/\/www.motif.es\/blog\/#website","url":"https:\/\/www.motif.es\/blog\/","name":"Blog Motif","description":"nuestro rinc\u00f3n para inspirarte","publisher":{"@id":"https:\/\/www.motif.es\/blog\/#organization"},"potentialAction":[{"@type":"SearchAction","target":{"@type":"EntryPoint","urlTemplate":"https:\/\/www.motif.es\/blog\/?s={search_term_string}"},"query-input":{"@type":"PropertyValueSpecification","valueRequired":true,"valueName":"search_term_string"}}],"inLanguage":"es"},{"@type":"Organization","@id":"https:\/\/www.motif.es\/blog\/#organization","name":"Motif Wallpapers S.L.U.","url":"https:\/\/www.motif.es\/blog\/","logo":{"@type":"ImageObject","inLanguage":"es","@id":"https:\/\/www.motif.es\/blog\/#\/schema\/logo\/image\/","url":"https:\/\/motif.es\/blog\/wp-content\/uploads\/2021\/06\/logo-motif.jpg","contentUrl":"https:\/\/motif.es\/blog\/wp-content\/uploads\/2021\/06\/logo-motif.jpg","width":464,"height":464,"caption":"Motif Wallpapers S.L.U."},"image":{"@id":"https:\/\/www.motif.es\/blog\/#\/schema\/logo\/image\/"},"sameAs":["https:\/\/www.facebook.com\/motifmorethanwalls\/","https:\/\/www.instagram.com\/motif_es\/?hl=es","https:\/\/www.pinterest.es\/motifwallpapers\/","https:\/\/www.youtube.com\/channel\/UCNaOmbxD6LjcQNj4vmfVIUg"]},{"@type":"Person","@id":"https:\/\/www.motif.es\/blog\/#\/schema\/person\/aac26ed80d8e02fb9525ec6b569d75e9","name":"Comunicaci\u00f3n Motif","image":{"@type":"ImageObject","inLanguage":"es","@id":"https:\/\/secure.gravatar.com\/avatar\/93b2fb49a03bd7a57b5f5e8c3b740113f14f25da86b090887d9353672de2d9b5?s=96&d=mm&r=g","url":"https:\/\/secure.gravatar.com\/avatar\/93b2fb49a03bd7a57b5f5e8c3b740113f14f25da86b090887d9353672de2d9b5?s=96&d=mm&r=g","contentUrl":"https:\/\/secure.gravatar.com\/avatar\/93b2fb49a03bd7a57b5f5e8c3b740113f14f25da86b090887d9353672de2d9b5?s=96&d=mm&r=g","caption":"Comunicaci\u00f3n Motif"},"url":"https:\/\/www.motif.es\/blog\/author\/comunicacion\/"}]}},"_links":{"self":[{"href":"https:\/\/www.motif.es\/blog\/wp-json\/wp\/v2\/posts\/369","targetHints":{"allow":["GET"]}}],"collection":[{"href":"https:\/\/www.motif.es\/blog\/wp-json\/wp\/v2\/posts"}],"about":[{"href":"https:\/\/www.motif.es\/blog\/wp-json\/wp\/v2\/types\/post"}],"author":[{"embeddable":true,"href":"https:\/\/www.motif.es\/blog\/wp-json\/wp\/v2\/users\/2"}],"replies":[{"embeddable":true,"href":"https:\/\/www.motif.es\/blog\/wp-json\/wp\/v2\/comments?post=369"}],"version-history":[{"count":1,"href":"https:\/\/www.motif.es\/blog\/wp-json\/wp\/v2\/posts\/369\/revisions"}],"predecessor-version":[{"id":371,"href":"https:\/\/www.motif.es\/blog\/wp-json\/wp\/v2\/posts\/369\/revisions\/371"}],"wp:featuredmedia":[{"embeddable":true,"href":"https:\/\/www.motif.es\/blog\/wp-json\/wp\/v2\/media\/370"}],"wp:attachment":[{"href":"https:\/\/www.motif.es\/blog\/wp-json\/wp\/v2\/media?parent=369"}],"wp:term":[{"taxonomy":"category","embeddable":true,"href":"https:\/\/www.motif.es\/blog\/wp-json\/wp\/v2\/categories?post=369"},{"taxonomy":"post_tag","embeddable":true,"href":"https:\/\/www.motif.es\/blog\/wp-json\/wp\/v2\/tags?post=369"}],"curies":[{"name":"wp","href":"https:\/\/api.w.org\/{rel}","templated":true}]}}