{"id":378,"date":"2020-06-04T08:43:51","date_gmt":"2020-06-04T08:43:51","guid":{"rendered":"https:\/\/motif.es\/blog\/?p=378"},"modified":"2020-11-30T12:13:28","modified_gmt":"2020-11-30T12:13:28","slug":"los-dos-materiales-de-moda-para-tu-cuarto-de-bano","status":"publish","type":"post","link":"https:\/\/www.motif.es\/blog\/los-dos-materiales-de-moda-para-tu-cuarto-de-bano\/","title":{"rendered":"Los dos materiales de moda para tu cuarto de ba\u00f1o"},"content":{"rendered":"<p dir=\"ltr\" style=\"line-height: 1.38; margin-top: 0pt; margin-bottom: 0pt;\"><span style=\"font-size: 11pt; font-family: Arial; color: #000000; background-color: transparent; font-weight: 400; font-style: normal; font-variant: normal; text-decoration: none; vertical-align: baseline; white-space: pre-wrap;\">Sin embargo parece que progresivamente <strong>le estamos devolviendo al cuarto de ba\u00f1o el lugar que merece<\/strong>, convirti\u00e9ndolo en nuestra peque\u00f1a guarida para los rituales de belleza, para disfrutar de un ba\u00f1o relajante, o prepararnos para afrontar un nuevo d\u00eda frente al espejo.<\/span><\/p>\n<p dir=\"ltr\" style=\"line-height: 1.38; margin-top: 0pt; margin-bottom: 0pt;\"><span style=\"font-size: 11pt; font-family: Arial; color: #000000; background-color: transparent; font-weight: 400; font-style: normal; font-variant: normal; text-decoration: none; vertical-align: baseline; white-space: pre-wrap;\">\u00a0<\/span><\/p>\n<p dir=\"ltr\" style=\"line-height: 1.38; margin-top: 0pt; margin-bottom: 0pt;\"><span style=\"font-size: 11pt; font-family: Arial; color: #000000; background-color: transparent; font-weight: 400; font-style: normal; font-variant: normal; text-decoration: none; vertical-align: baseline; white-space: pre-wrap;\">Para ello es imprescindible convertir estos espacios en lugares que nos inspiren, que nos guste pasar rato en ellos e, incluso, que <span style=\"text-decoration: underline;\">se conviertan en una extensi\u00f3n de la decoraci\u00f3n del resto de nuestro hogar<\/span>.<\/span><\/p>\n<p dir=\"ltr\" style=\"line-height: 1.38; margin-top: 0pt; margin-bottom: 0pt;\"><span style=\"font-size: 11pt; font-family: Arial; color: #000000; background-color: transparent; font-weight: 400; font-style: normal; font-variant: normal; vertical-align: baseline; white-space: pre-wrap;\">\u00a0<\/span><\/p>\n<p dir=\"ltr\" style=\"line-height: 1.38; margin-top: 0pt; margin-bottom: 0pt;\"><span style=\"font-size: 11pt; font-family: Arial; color: #000000; background-color: transparent; font-weight: 400; font-style: normal; font-variant: normal; text-decoration: none; vertical-align: baseline; white-space: pre-wrap;\">Con el auge decorativo del ba\u00f1o tambi\u00e9n <strong>han renacido las tendencias para esta estancia<\/strong>. M\u00e1s all\u00e1 de los cuartos de ba\u00f1o id\u00edlicos de revista, nosotros queremos traeros dos tendencias realistas para todos los tama\u00f1os y <span style=\"text-decoration: underline;\">muy sencillas de implementar<\/span> gracias a nuestros productos, interesante \u00bfVerdad?<\/span><\/p>\n<p dir=\"ltr\" style=\"line-height: 1.38; margin-top: 0pt; margin-bottom: 0pt;\"><span style=\"font-size: 11pt; font-family: Arial; color: #000000; background-color: transparent; font-weight: 400; font-style: normal; font-variant: normal; text-decoration: none; vertical-align: baseline; white-space: pre-wrap;\">\u00a0<\/span><\/p>\n<p dir=\"ltr\" style=\"line-height: 1.38; margin-top: 0pt; margin-bottom: 0pt;\"><span style=\"font-size: 11pt; font-family: Arial; color: #000000; background-color: transparent; font-weight: 400; font-style: normal; font-variant: normal; text-decoration: none; vertical-align: baseline; white-space: pre-wrap;\">Queremos hablarte de <strong>dos materiales<\/strong> que puedes introducir en tu cuarto de ba\u00f1o y una forma sencilla y econ\u00f3mica de hacerlo \u00a1Sigue leyendo!<\/span><\/p>\n<p dir=\"ltr\" style=\"line-height: 1.38; margin-top: 0pt; margin-bottom: 0pt;\"><span style=\"font-size: 11pt; font-family: Arial; color: #000000; background-color: transparent; font-weight: 400; font-style: normal; font-variant: normal; text-decoration: none; vertical-align: baseline; white-space: pre-wrap;\">\u00a0<\/span><\/p>\n<p dir=\"ltr\" style=\"line-height: 1.38; margin-top: 0pt; margin-bottom: 0pt;\"><strong>&#8211; M\u00e1rmol<\/strong><\/p>\n<p dir=\"ltr\" style=\"line-height: 1.38; margin-top: 0pt; margin-bottom: 0pt;\"><span style=\"font-size: 11pt; font-family: Arial; color: #000000; background-color: transparent; font-weight: 400; font-style: normal; font-variant: normal; text-decoration: none; vertical-align: baseline; white-space: pre-wrap;\">Es el material estrella cuando se habla de lujo. Puedes cogerlo en su cl\u00e1sica <a href=\"https:\/\/www.motif.es\/murales-autoadhesivos\/6018-1540-mural-autoadhesivo-brown-jasper.html#\/6-tamano_murales-132x260_cm\" target=\"_blank\" rel=\"noreferrer noopener\">tonalidad blanco con vetas grises<\/a> si quieres aportar mucha luz o jugar con tonos m\u00e1s llamativos como <a href=\"https:\/\/www.motif.es\/murales-autoadhesivos\/6027-1582-mural-autoadhesivo-pink-marble.html#\/6-tamano_murales-132x260_cm\" target=\"_blank\" rel=\"noreferrer noopener\">rosa<\/a> \u00a1o incluso <a href=\"https:\/\/www.motif.es\/murales-autoadhesivos\/10313-1903-mural-autoadhesivo-obscure-marble.html#\/6-tamano_murales-132x260_cm\" target=\"_blank\" rel=\"noreferrer noopener\">negro<\/a>! Si lo que buscas es darle otro rollo<\/span><\/p>\n<p dir=\"ltr\" style=\"line-height: 1.38; margin-top: 0pt; margin-bottom: 0pt;\"><span style=\"font-size: 11pt; font-family: Arial; color: #000000; background-color: transparent; font-weight: 400; font-style: normal; font-variant: normal; text-decoration: none; vertical-align: baseline; white-space: pre-wrap;\">\u00a0<\/span><\/p>\n<p dir=\"ltr\" style=\"line-height: 1.38; margin-top: 0pt; margin-bottom: 0pt;\"><img loading=\"lazy\" decoding=\"async\" src=\"https:\/\/www.motif.es\/img\/cms\/mural-autoadhesivo-pink-marble.jpg\" alt=\"\" width=\"1000\" height=\"1000\" \/><\/p>\n<p dir=\"ltr\" style=\"line-height: 1.38; margin-top: 0pt; margin-bottom: 0pt;\"><a href=\"https:\/\/www.motif.es\/murales-autoadhesivos\/6027-1582-mural-autoadhesivo-pink-marble.html#\/6-tamano_murales-132x260_cm\" target=\"_blank\" rel=\"noreferrer noopener\">Mural Pink Marble<\/a><\/p>\n<p dir=\"ltr\" style=\"line-height: 1.38; margin-top: 0pt; margin-bottom: 0pt;\"><span style=\"font-size: 11pt; font-family: Arial; color: #000000; background-color: transparent; font-weight: 400; font-style: normal; font-variant: normal; text-decoration: none; vertical-align: baseline; white-space: pre-wrap;\">\u00a0<\/span><\/p>\n<p dir=\"ltr\" style=\"line-height: 1.38; margin-top: 0pt; margin-bottom: 0pt;\">&#8211; <strong>Madera<\/strong><\/p>\n<p dir=\"ltr\" style=\"line-height: 1.38; margin-top: 0pt; margin-bottom: 0pt;\"><span style=\"font-size: 11pt; font-family: Arial; color: #000000; background-color: transparent; font-weight: 400; font-style: normal; font-variant: normal; text-decoration: none; vertical-align: baseline; white-space: pre-wrap;\">Este material es genial para darle <span style=\"text-decoration: underline;\">un toque acogedor a esta estancia<\/span>. Puedes apostar por ponerlo en una o varias paredes o reservarlo para el mobiliario. Puede ser s\u00faper interesante si la estancia contigua al ba\u00f1o tambi\u00e9n tiene la madera como protagonista, porque le dar\u00e1 continuidad.<\/span><\/p>\n<p dir=\"ltr\" style=\"line-height: 1.38; margin-top: 0pt; margin-bottom: 0pt;\"><span style=\"font-size: 11pt; font-family: Arial; color: #000000; background-color: transparent; font-weight: 400; font-style: normal; font-variant: normal; text-decoration: none; vertical-align: baseline; white-space: pre-wrap;\">\u00a0<\/span><\/p>\n<p dir=\"ltr\" style=\"line-height: 1.38; margin-top: 0pt; margin-bottom: 0pt;\"><span style=\"font-size: 11pt; font-family: Arial; color: #000000; background-color: transparent; font-weight: 400; font-style: normal; font-variant: normal; text-decoration: none; vertical-align: baseline; white-space: pre-wrap;\">Adem\u00e1s, olv\u00eddate de los antiguos lacados. Ahora lo que se lleva es la madera m\u00e1s pura \u00bfTe resulta dif\u00edcil pensar en este material en un cuarto de ba\u00f1o? Tenemos la soluci\u00f3n, revisa en nuestra secci\u00f3n de <a href=\"https:\/\/www.motif.es\/8-vinilos-para-muebles-y-paredes\" target=\"_blank\" rel=\"noreferrer noopener\">vinilos para muebles<\/a>.<\/span><\/p>\n","protected":false},"excerpt":{"rendered":"<p>Sin embargo parece que progresivamente le estamos devolviendo al cuarto de ba\u00f1o el lugar que merece, convirti\u00e9ndolo en nuestra peque\u00f1a guarida para los rituales de belleza, para disfrutar de un ba\u00f1o relajante, o prepararnos para afrontar un nuevo d\u00eda frente al espejo. \u00a0 Para ello es imprescindible convertir estos espacios en lugares que nos inspiren, [&#8230;]<\/p>\n","protected":false},"author":2,"featured_media":379,"comment_status":"open","ping_status":"open","sticky":false,"template":"","format":"standard","meta":{"_acf_changed":false,"footnotes":""},"categories":[4],"tags":[],"class_list":["post-378","post","type-post","status-publish","format-standard","has-post-thumbnail","hentry","category-sobre-murales-autoadhesivos"],"acf":[],"yoast_head":"<!-- This site is optimized with the Yoast SEO plugin v27.5 - https:\/\/yoast.com\/product\/yoast-seo-wordpress\/ -->\n<title>Los dos materiales de moda para tu cuarto de ba\u00f1o - Blog Motif<\/title>\n<meta name=\"description\" content=\"Sin embargo parece que progresivamente le estamos devolviendo al cuarto de ba\u00f1o el lugar que merece, convirti\u00e9ndolo en nuestra peque\u00f1a guarida para los\" \/>\n<meta name=\"robots\" content=\"index, follow, max-snippet:-1, max-image-preview:large, max-video-preview:-1\" \/>\n<link rel=\"canonical\" href=\"https:\/\/www.motif.es\/blog\/los-dos-materiales-de-moda-para-tu-cuarto-de-bano\/\" \/>\n<meta property=\"og:locale\" content=\"es_ES\" \/>\n<meta property=\"og:type\" content=\"article\" \/>\n<meta property=\"og:title\" content=\"Los dos materiales de moda para tu cuarto de ba\u00f1o - Blog Motif\" \/>\n<meta property=\"og:description\" content=\"Sin embargo parece que progresivamente le estamos devolviendo al cuarto de ba\u00f1o el lugar que merece, convirti\u00e9ndolo en nuestra peque\u00f1a guarida para los\" \/>\n<meta property=\"og:url\" content=\"https:\/\/www.motif.es\/blog\/los-dos-materiales-de-moda-para-tu-cuarto-de-bano\/\" \/>\n<meta property=\"og:site_name\" content=\"Blog Motif\" \/>\n<meta property=\"article:publisher\" content=\"https:\/\/www.facebook.com\/motifmorethanwalls\/\" \/>\n<meta property=\"article:published_time\" content=\"2020-06-04T08:43:51+00:00\" \/>\n<meta property=\"article:modified_time\" content=\"2020-11-30T12:13:28+00:00\" \/>\n<meta property=\"og:image\" content=\"https:\/\/www.motif.es\/blog\/wp-content\/uploads\/2020\/11\/b-mural-autoadhesivo-obscure-marble.jpg\" \/>\n\t<meta property=\"og:image:width\" content=\"1000\" \/>\n\t<meta property=\"og:image:height\" content=\"1000\" \/>\n\t<meta property=\"og:image:type\" content=\"image\/jpeg\" \/>\n<meta name=\"author\" content=\"Comunicaci\u00f3n Motif\" \/>\n<meta name=\"twitter:card\" content=\"summary_large_image\" \/>\n<meta name=\"twitter:label1\" content=\"Escrito por\" \/>\n\t<meta name=\"twitter:data1\" content=\"Comunicaci\u00f3n Motif\" \/>\n\t<meta name=\"twitter:label2\" content=\"Tiempo de lectura\" \/>\n\t<meta name=\"twitter:data2\" content=\"2 minutos\" \/>\n<script type=\"application\/ld+json\" class=\"yoast-schema-graph\">{\"@context\":\"https:\\\/\\\/schema.org\",\"@graph\":[{\"@type\":\"Article\",\"@id\":\"https:\\\/\\\/www.motif.es\\\/blog\\\/los-dos-materiales-de-moda-para-tu-cuarto-de-bano\\\/#article\",\"isPartOf\":{\"@id\":\"https:\\\/\\\/www.motif.es\\\/blog\\\/los-dos-materiales-de-moda-para-tu-cuarto-de-bano\\\/\"},\"author\":{\"name\":\"Comunicaci\u00f3n Motif\",\"@id\":\"https:\\\/\\\/www.motif.es\\\/blog\\\/#\\\/schema\\\/person\\\/aac26ed80d8e02fb9525ec6b569d75e9\"},\"headline\":\"Los dos materiales de moda para tu cuarto de ba\u00f1o\",\"datePublished\":\"2020-06-04T08:43:51+00:00\",\"dateModified\":\"2020-11-30T12:13:28+00:00\",\"mainEntityOfPage\":{\"@id\":\"https:\\\/\\\/www.motif.es\\\/blog\\\/los-dos-materiales-de-moda-para-tu-cuarto-de-bano\\\/\"},\"wordCount\":319,\"commentCount\":0,\"publisher\":{\"@id\":\"https:\\\/\\\/www.motif.es\\\/blog\\\/#organization\"},\"image\":{\"@id\":\"https:\\\/\\\/www.motif.es\\\/blog\\\/los-dos-materiales-de-moda-para-tu-cuarto-de-bano\\\/#primaryimage\"},\"thumbnailUrl\":\"https:\\\/\\\/www.motif.es\\\/blog\\\/wp-content\\\/uploads\\\/2020\\\/11\\\/b-mural-autoadhesivo-obscure-marble.jpg\",\"articleSection\":[\"sobre murales autoadhesivos\"],\"inLanguage\":\"es\",\"potentialAction\":[{\"@type\":\"CommentAction\",\"name\":\"Comment\",\"target\":[\"https:\\\/\\\/www.motif.es\\\/blog\\\/los-dos-materiales-de-moda-para-tu-cuarto-de-bano\\\/#respond\"]}]},{\"@type\":\"WebPage\",\"@id\":\"https:\\\/\\\/www.motif.es\\\/blog\\\/los-dos-materiales-de-moda-para-tu-cuarto-de-bano\\\/\",\"url\":\"https:\\\/\\\/www.motif.es\\\/blog\\\/los-dos-materiales-de-moda-para-tu-cuarto-de-bano\\\/\",\"name\":\"Los dos materiales de moda para tu cuarto de ba\u00f1o - Blog Motif\",\"isPartOf\":{\"@id\":\"https:\\\/\\\/www.motif.es\\\/blog\\\/#website\"},\"primaryImageOfPage\":{\"@id\":\"https:\\\/\\\/www.motif.es\\\/blog\\\/los-dos-materiales-de-moda-para-tu-cuarto-de-bano\\\/#primaryimage\"},\"image\":{\"@id\":\"https:\\\/\\\/www.motif.es\\\/blog\\\/los-dos-materiales-de-moda-para-tu-cuarto-de-bano\\\/#primaryimage\"},\"thumbnailUrl\":\"https:\\\/\\\/www.motif.es\\\/blog\\\/wp-content\\\/uploads\\\/2020\\\/11\\\/b-mural-autoadhesivo-obscure-marble.jpg\",\"datePublished\":\"2020-06-04T08:43:51+00:00\",\"dateModified\":\"2020-11-30T12:13:28+00:00\",\"description\":\"Sin embargo parece que progresivamente le estamos devolviendo al cuarto de ba\u00f1o el lugar que merece, convirti\u00e9ndolo en nuestra peque\u00f1a guarida para los\",\"breadcrumb\":{\"@id\":\"https:\\\/\\\/www.motif.es\\\/blog\\\/los-dos-materiales-de-moda-para-tu-cuarto-de-bano\\\/#breadcrumb\"},\"inLanguage\":\"es\",\"potentialAction\":[{\"@type\":\"ReadAction\",\"target\":[\"https:\\\/\\\/www.motif.es\\\/blog\\\/los-dos-materiales-de-moda-para-tu-cuarto-de-bano\\\/\"]}]},{\"@type\":\"ImageObject\",\"inLanguage\":\"es\",\"@id\":\"https:\\\/\\\/www.motif.es\\\/blog\\\/los-dos-materiales-de-moda-para-tu-cuarto-de-bano\\\/#primaryimage\",\"url\":\"https:\\\/\\\/www.motif.es\\\/blog\\\/wp-content\\\/uploads\\\/2020\\\/11\\\/b-mural-autoadhesivo-obscure-marble.jpg\",\"contentUrl\":\"https:\\\/\\\/www.motif.es\\\/blog\\\/wp-content\\\/uploads\\\/2020\\\/11\\\/b-mural-autoadhesivo-obscure-marble.jpg\",\"width\":1000,\"height\":1000},{\"@type\":\"BreadcrumbList\",\"@id\":\"https:\\\/\\\/www.motif.es\\\/blog\\\/los-dos-materiales-de-moda-para-tu-cuarto-de-bano\\\/#breadcrumb\",\"itemListElement\":[{\"@type\":\"ListItem\",\"position\":1,\"name\":\"Blog\",\"item\":\"https:\\\/\\\/www.motif.es\\\/blog\\\/\"},{\"@type\":\"ListItem\",\"position\":2,\"name\":\"sobre murales autoadhesivos\",\"item\":\"https:\\\/\\\/www.motif.es\\\/blog\\\/category\\\/sobre-murales-autoadhesivos\\\/\"},{\"@type\":\"ListItem\",\"position\":3,\"name\":\"Los dos materiales de moda para tu cuarto de ba\u00f1o\"}]},{\"@type\":\"WebSite\",\"@id\":\"https:\\\/\\\/www.motif.es\\\/blog\\\/#website\",\"url\":\"https:\\\/\\\/www.motif.es\\\/blog\\\/\",\"name\":\"Blog Motif\",\"description\":\"nuestro rinc\u00f3n para inspirarte\",\"publisher\":{\"@id\":\"https:\\\/\\\/www.motif.es\\\/blog\\\/#organization\"},\"potentialAction\":[{\"@type\":\"SearchAction\",\"target\":{\"@type\":\"EntryPoint\",\"urlTemplate\":\"https:\\\/\\\/www.motif.es\\\/blog\\\/?s={search_term_string}\"},\"query-input\":{\"@type\":\"PropertyValueSpecification\",\"valueRequired\":true,\"valueName\":\"search_term_string\"}}],\"inLanguage\":\"es\"},{\"@type\":\"Organization\",\"@id\":\"https:\\\/\\\/www.motif.es\\\/blog\\\/#organization\",\"name\":\"Motif Wallpapers S.L.U.\",\"url\":\"https:\\\/\\\/www.motif.es\\\/blog\\\/\",\"logo\":{\"@type\":\"ImageObject\",\"inLanguage\":\"es\",\"@id\":\"https:\\\/\\\/www.motif.es\\\/blog\\\/#\\\/schema\\\/logo\\\/image\\\/\",\"url\":\"https:\\\/\\\/motif.es\\\/blog\\\/wp-content\\\/uploads\\\/2021\\\/06\\\/logo-motif.jpg\",\"contentUrl\":\"https:\\\/\\\/motif.es\\\/blog\\\/wp-content\\\/uploads\\\/2021\\\/06\\\/logo-motif.jpg\",\"width\":464,\"height\":464,\"caption\":\"Motif Wallpapers S.L.U.\"},\"image\":{\"@id\":\"https:\\\/\\\/www.motif.es\\\/blog\\\/#\\\/schema\\\/logo\\\/image\\\/\"},\"sameAs\":[\"https:\\\/\\\/www.facebook.com\\\/motifmorethanwalls\\\/\",\"https:\\\/\\\/www.instagram.com\\\/motif_es\\\/?hl=es\",\"https:\\\/\\\/www.pinterest.es\\\/motifwallpapers\\\/\",\"https:\\\/\\\/www.youtube.com\\\/channel\\\/UCNaOmbxD6LjcQNj4vmfVIUg\"]},{\"@type\":\"Person\",\"@id\":\"https:\\\/\\\/www.motif.es\\\/blog\\\/#\\\/schema\\\/person\\\/aac26ed80d8e02fb9525ec6b569d75e9\",\"name\":\"Comunicaci\u00f3n Motif\",\"image\":{\"@type\":\"ImageObject\",\"inLanguage\":\"es\",\"@id\":\"https:\\\/\\\/secure.gravatar.com\\\/avatar\\\/93b2fb49a03bd7a57b5f5e8c3b740113f14f25da86b090887d9353672de2d9b5?s=96&d=mm&r=g\",\"url\":\"https:\\\/\\\/secure.gravatar.com\\\/avatar\\\/93b2fb49a03bd7a57b5f5e8c3b740113f14f25da86b090887d9353672de2d9b5?s=96&d=mm&r=g\",\"contentUrl\":\"https:\\\/\\\/secure.gravatar.com\\\/avatar\\\/93b2fb49a03bd7a57b5f5e8c3b740113f14f25da86b090887d9353672de2d9b5?s=96&d=mm&r=g\",\"caption\":\"Comunicaci\u00f3n Motif\"},\"url\":\"https:\\\/\\\/www.motif.es\\\/blog\\\/author\\\/comunicacion\\\/\"}]}<\/script>\n<!-- \/ Yoast SEO plugin. -->","yoast_head_json":{"title":"Los dos materiales de moda para tu cuarto de ba\u00f1o - Blog Motif","description":"Sin embargo parece que progresivamente le estamos devolviendo al cuarto de ba\u00f1o el lugar que merece, convirti\u00e9ndolo en nuestra peque\u00f1a guarida para los","robots":{"index":"index","follow":"follow","max-snippet":"max-snippet:-1","max-image-preview":"max-image-preview:large","max-video-preview":"max-video-preview:-1"},"canonical":"https:\/\/www.motif.es\/blog\/los-dos-materiales-de-moda-para-tu-cuarto-de-bano\/","og_locale":"es_ES","og_type":"article","og_title":"Los dos materiales de moda para tu cuarto de ba\u00f1o - Blog Motif","og_description":"Sin embargo parece que progresivamente le estamos devolviendo al cuarto de ba\u00f1o el lugar que merece, convirti\u00e9ndolo en nuestra peque\u00f1a guarida para los","og_url":"https:\/\/www.motif.es\/blog\/los-dos-materiales-de-moda-para-tu-cuarto-de-bano\/","og_site_name":"Blog Motif","article_publisher":"https:\/\/www.facebook.com\/motifmorethanwalls\/","article_published_time":"2020-06-04T08:43:51+00:00","article_modified_time":"2020-11-30T12:13:28+00:00","og_image":[{"width":1000,"height":1000,"url":"https:\/\/www.motif.es\/blog\/wp-content\/uploads\/2020\/11\/b-mural-autoadhesivo-obscure-marble.jpg","type":"image\/jpeg"}],"author":"Comunicaci\u00f3n Motif","twitter_card":"summary_large_image","twitter_misc":{"Escrito por":"Comunicaci\u00f3n Motif","Tiempo de lectura":"2 minutos"},"schema":{"@context":"https:\/\/schema.org","@graph":[{"@type":"Article","@id":"https:\/\/www.motif.es\/blog\/los-dos-materiales-de-moda-para-tu-cuarto-de-bano\/#article","isPartOf":{"@id":"https:\/\/www.motif.es\/blog\/los-dos-materiales-de-moda-para-tu-cuarto-de-bano\/"},"author":{"name":"Comunicaci\u00f3n Motif","@id":"https:\/\/www.motif.es\/blog\/#\/schema\/person\/aac26ed80d8e02fb9525ec6b569d75e9"},"headline":"Los dos materiales de moda para tu cuarto de ba\u00f1o","datePublished":"2020-06-04T08:43:51+00:00","dateModified":"2020-11-30T12:13:28+00:00","mainEntityOfPage":{"@id":"https:\/\/www.motif.es\/blog\/los-dos-materiales-de-moda-para-tu-cuarto-de-bano\/"},"wordCount":319,"commentCount":0,"publisher":{"@id":"https:\/\/www.motif.es\/blog\/#organization"},"image":{"@id":"https:\/\/www.motif.es\/blog\/los-dos-materiales-de-moda-para-tu-cuarto-de-bano\/#primaryimage"},"thumbnailUrl":"https:\/\/www.motif.es\/blog\/wp-content\/uploads\/2020\/11\/b-mural-autoadhesivo-obscure-marble.jpg","articleSection":["sobre murales autoadhesivos"],"inLanguage":"es","potentialAction":[{"@type":"CommentAction","name":"Comment","target":["https:\/\/www.motif.es\/blog\/los-dos-materiales-de-moda-para-tu-cuarto-de-bano\/#respond"]}]},{"@type":"WebPage","@id":"https:\/\/www.motif.es\/blog\/los-dos-materiales-de-moda-para-tu-cuarto-de-bano\/","url":"https:\/\/www.motif.es\/blog\/los-dos-materiales-de-moda-para-tu-cuarto-de-bano\/","name":"Los dos materiales de moda para tu cuarto de ba\u00f1o - Blog Motif","isPartOf":{"@id":"https:\/\/www.motif.es\/blog\/#website"},"primaryImageOfPage":{"@id":"https:\/\/www.motif.es\/blog\/los-dos-materiales-de-moda-para-tu-cuarto-de-bano\/#primaryimage"},"image":{"@id":"https:\/\/www.motif.es\/blog\/los-dos-materiales-de-moda-para-tu-cuarto-de-bano\/#primaryimage"},"thumbnailUrl":"https:\/\/www.motif.es\/blog\/wp-content\/uploads\/2020\/11\/b-mural-autoadhesivo-obscure-marble.jpg","datePublished":"2020-06-04T08:43:51+00:00","dateModified":"2020-11-30T12:13:28+00:00","description":"Sin embargo parece que progresivamente le estamos devolviendo al cuarto de ba\u00f1o el lugar que merece, convirti\u00e9ndolo en nuestra peque\u00f1a guarida para los","breadcrumb":{"@id":"https:\/\/www.motif.es\/blog\/los-dos-materiales-de-moda-para-tu-cuarto-de-bano\/#breadcrumb"},"inLanguage":"es","potentialAction":[{"@type":"ReadAction","target":["https:\/\/www.motif.es\/blog\/los-dos-materiales-de-moda-para-tu-cuarto-de-bano\/"]}]},{"@type":"ImageObject","inLanguage":"es","@id":"https:\/\/www.motif.es\/blog\/los-dos-materiales-de-moda-para-tu-cuarto-de-bano\/#primaryimage","url":"https:\/\/www.motif.es\/blog\/wp-content\/uploads\/2020\/11\/b-mural-autoadhesivo-obscure-marble.jpg","contentUrl":"https:\/\/www.motif.es\/blog\/wp-content\/uploads\/2020\/11\/b-mural-autoadhesivo-obscure-marble.jpg","width":1000,"height":1000},{"@type":"BreadcrumbList","@id":"https:\/\/www.motif.es\/blog\/los-dos-materiales-de-moda-para-tu-cuarto-de-bano\/#breadcrumb","itemListElement":[{"@type":"ListItem","position":1,"name":"Blog","item":"https:\/\/www.motif.es\/blog\/"},{"@type":"ListItem","position":2,"name":"sobre murales autoadhesivos","item":"https:\/\/www.motif.es\/blog\/category\/sobre-murales-autoadhesivos\/"},{"@type":"ListItem","position":3,"name":"Los dos materiales de moda para tu cuarto de ba\u00f1o"}]},{"@type":"WebSite","@id":"https:\/\/www.motif.es\/blog\/#website","url":"https:\/\/www.motif.es\/blog\/","name":"Blog Motif","description":"nuestro rinc\u00f3n para inspirarte","publisher":{"@id":"https:\/\/www.motif.es\/blog\/#organization"},"potentialAction":[{"@type":"SearchAction","target":{"@type":"EntryPoint","urlTemplate":"https:\/\/www.motif.es\/blog\/?s={search_term_string}"},"query-input":{"@type":"PropertyValueSpecification","valueRequired":true,"valueName":"search_term_string"}}],"inLanguage":"es"},{"@type":"Organization","@id":"https:\/\/www.motif.es\/blog\/#organization","name":"Motif Wallpapers S.L.U.","url":"https:\/\/www.motif.es\/blog\/","logo":{"@type":"ImageObject","inLanguage":"es","@id":"https:\/\/www.motif.es\/blog\/#\/schema\/logo\/image\/","url":"https:\/\/motif.es\/blog\/wp-content\/uploads\/2021\/06\/logo-motif.jpg","contentUrl":"https:\/\/motif.es\/blog\/wp-content\/uploads\/2021\/06\/logo-motif.jpg","width":464,"height":464,"caption":"Motif Wallpapers S.L.U."},"image":{"@id":"https:\/\/www.motif.es\/blog\/#\/schema\/logo\/image\/"},"sameAs":["https:\/\/www.facebook.com\/motifmorethanwalls\/","https:\/\/www.instagram.com\/motif_es\/?hl=es","https:\/\/www.pinterest.es\/motifwallpapers\/","https:\/\/www.youtube.com\/channel\/UCNaOmbxD6LjcQNj4vmfVIUg"]},{"@type":"Person","@id":"https:\/\/www.motif.es\/blog\/#\/schema\/person\/aac26ed80d8e02fb9525ec6b569d75e9","name":"Comunicaci\u00f3n Motif","image":{"@type":"ImageObject","inLanguage":"es","@id":"https:\/\/secure.gravatar.com\/avatar\/93b2fb49a03bd7a57b5f5e8c3b740113f14f25da86b090887d9353672de2d9b5?s=96&d=mm&r=g","url":"https:\/\/secure.gravatar.com\/avatar\/93b2fb49a03bd7a57b5f5e8c3b740113f14f25da86b090887d9353672de2d9b5?s=96&d=mm&r=g","contentUrl":"https:\/\/secure.gravatar.com\/avatar\/93b2fb49a03bd7a57b5f5e8c3b740113f14f25da86b090887d9353672de2d9b5?s=96&d=mm&r=g","caption":"Comunicaci\u00f3n Motif"},"url":"https:\/\/www.motif.es\/blog\/author\/comunicacion\/"}]}},"_links":{"self":[{"href":"https:\/\/www.motif.es\/blog\/wp-json\/wp\/v2\/posts\/378","targetHints":{"allow":["GET"]}}],"collection":[{"href":"https:\/\/www.motif.es\/blog\/wp-json\/wp\/v2\/posts"}],"about":[{"href":"https:\/\/www.motif.es\/blog\/wp-json\/wp\/v2\/types\/post"}],"author":[{"embeddable":true,"href":"https:\/\/www.motif.es\/blog\/wp-json\/wp\/v2\/users\/2"}],"replies":[{"embeddable":true,"href":"https:\/\/www.motif.es\/blog\/wp-json\/wp\/v2\/comments?post=378"}],"version-history":[{"count":1,"href":"https:\/\/www.motif.es\/blog\/wp-json\/wp\/v2\/posts\/378\/revisions"}],"predecessor-version":[{"id":380,"href":"https:\/\/www.motif.es\/blog\/wp-json\/wp\/v2\/posts\/378\/revisions\/380"}],"wp:featuredmedia":[{"embeddable":true,"href":"https:\/\/www.motif.es\/blog\/wp-json\/wp\/v2\/media\/379"}],"wp:attachment":[{"href":"https:\/\/www.motif.es\/blog\/wp-json\/wp\/v2\/media?parent=378"}],"wp:term":[{"taxonomy":"category","embeddable":true,"href":"https:\/\/www.motif.es\/blog\/wp-json\/wp\/v2\/categories?post=378"},{"taxonomy":"post_tag","embeddable":true,"href":"https:\/\/www.motif.es\/blog\/wp-json\/wp\/v2\/tags?post=378"}],"curies":[{"name":"wp","href":"https:\/\/api.w.org\/{rel}","templated":true}]}}