{"id":387,"date":"2020-06-15T08:47:31","date_gmt":"2020-06-15T08:47:31","guid":{"rendered":"https:\/\/motif.es\/blog\/?p=387"},"modified":"2020-11-30T12:13:28","modified_gmt":"2020-11-30T12:13:28","slug":"el-estilo-hidraulico-tambien-en-tu-mesa","status":"publish","type":"post","link":"https:\/\/www.motif.es\/blog\/el-estilo-hidraulico-tambien-en-tu-mesa\/","title":{"rendered":"El estilo hidr\u00e1ulico tambi\u00e9n en tu mesa"},"content":{"rendered":"<p dir=\"ltr\" style=\"line-height: 1.38; margin-top: 0pt; margin-bottom: 0pt;\"><span style=\"font-size: 11pt; font-family: Arial; color: #000000; background-color: transparent; font-weight: 400; font-style: normal; font-variant: normal; text-decoration: none; vertical-align: baseline; white-space: pre-wrap;\">En Motif los veneramos y nos sirven de fuente de inspiraci\u00f3n para algunos de nuestros dise\u00f1os. A vosotros os encantan y eso nos hace adorarlos a\u00fan m\u00e1s.<\/span><\/p>\n<p dir=\"ltr\" style=\"line-height: 1.38; margin-top: 0pt; margin-bottom: 0pt;\"><span style=\"font-size: 11pt; font-family: Arial; color: #000000; background-color: transparent; font-weight: 400; font-style: normal; font-variant: normal; text-decoration: none; vertical-align: baseline; white-space: pre-wrap;\">\u00a0<\/span><\/p>\n<p dir=\"ltr\" style=\"line-height: 1.38; margin-top: 0pt; margin-bottom: 0pt;\"><span style=\"font-size: 11pt; font-family: Arial; color: #000000; background-color: transparent; font-weight: 400; font-style: normal; font-variant: normal; text-decoration: none; vertical-align: baseline; white-space: pre-wrap;\">Hace poco os hablamos<\/span><a style=\"text-decoration: none;\" href=\"https:\/\/motif.es\/blog\/solucion-facil-para-tener-suelos-hidraulicos-b77.html\"> <span style=\"font-size: 11pt; font-family: Arial; color: #1155cc; background-color: transparent; font-weight: 400; font-style: normal; font-variant: normal; text-decoration: underline; vertical-align: baseline; white-space: pre-wrap;\">en este post<\/span><\/a><span style=\"font-size: 11pt; font-family: Arial; color: #000000; background-color: transparent; font-weight: 400; font-style: normal; font-variant: normal; text-decoration: none; vertical-align: baseline; white-space: pre-wrap;\"> de los dise\u00f1os de alfombras vin\u00edlicas que ten\u00edan inspiraci\u00f3n hidr\u00e1ulica \u00a1pero todo no acaba ah\u00ed! Tambi\u00e9n puedes llevar esta inspiraci\u00f3n a tu mesa, en forma de camino o mantel individual.<\/span><\/p>\n<p dir=\"ltr\" style=\"line-height: 1.38; margin-top: 0pt; margin-bottom: 0pt;\"><span style=\"font-size: 11pt; font-family: Arial; color: #000000; background-color: transparent; font-weight: 400; font-style: normal; font-variant: normal; text-decoration: none; vertical-align: baseline; white-space: pre-wrap;\">\u00a0<\/span><\/p>\n<p dir=\"ltr\" style=\"line-height: 1.38; margin-top: 0pt; margin-bottom: 0pt;\">Tienes una gran variedad de colores y dise\u00f1os para elegir, seguro que encontraras el que encaja con el look que le quieres dar a tu mesa. Antes de que vayas a verlos todos te presentamos algunos de nuestros favoritos:<\/p>\n<p dir=\"ltr\" style=\"line-height: 1.38; margin-top: 0pt; margin-bottom: 0pt;\"><img loading=\"lazy\" decoding=\"async\" src=\"https:\/\/www.motif.es\/img\/cms\/pack-de-2-manteles-hidra-flor-gris.jpg\" alt=\"\" width=\"1000\" height=\"1000\" \/><\/p>\n<p dir=\"ltr\" style=\"line-height: 1.38; margin-top: 0pt; margin-bottom: 0pt; text-align: right;\"><a href=\"https:\/\/www.motif.es\/manteles-individuales\/20057-3474-pack-de-2-manteles-hidra-flor-gris.html#\/32-tamano-48x33_cm\" target=\"_blank\" rel=\"noreferrer noopener\">Hidra Flor Gris<\/a><\/p>\n<p dir=\"ltr\" style=\"line-height: 1.38; margin-top: 0pt; margin-bottom: 0pt; text-align: right;\"><img loading=\"lazy\" decoding=\"async\" src=\"https:\/\/www.motif.es\/img\/cms\/pack-de-2-manteles-isabela.jpg\" alt=\"\" width=\"1000\" height=\"1000\" \/><\/p>\n<p dir=\"ltr\" style=\"line-height: 1.38; margin-top: 0pt; margin-bottom: 0pt; text-align: right;\"><a href=\"https:\/\/www.motif.es\/manteles-individuales\/10601-3144-pack-de-2-manteles-isabela.html#\/32-tamano-48x33_cm\" target=\"_blank\" rel=\"noreferrer noopener\">Isabela<\/a><\/p>\n<p dir=\"ltr\" style=\"line-height: 1.38; margin-top: 0pt; margin-bottom: 0pt; text-align: right;\"><img loading=\"lazy\" decoding=\"async\" src=\"https:\/\/www.motif.es\/img\/cms\/pack-de-2-manteles-hidraulic-star-.jpg\" alt=\"\" width=\"1000\" height=\"1000\" \/><\/p>\n<p dir=\"ltr\" style=\"line-height: 1.38; margin-top: 0pt; margin-bottom: 0pt; text-align: right;\"><a href=\"https:\/\/www.motif.es\/manteles-individuales\/10594-3137-pack-de-2-manteles-hidraulic-star-.html#\/32-tamano-48x33_cm\" target=\"_blank\" rel=\"noreferrer noopener\">Hidraulic Star<\/a><\/p>\n<p dir=\"ltr\" style=\"line-height: 1.38; margin-top: 0pt; margin-bottom: 0pt; text-align: right;\"><img loading=\"lazy\" decoding=\"async\" src=\"https:\/\/www.motif.es\/img\/cms\/pack-de-2-manteles-hidraulico-colores.jpg\" alt=\"\" width=\"1000\" height=\"1000\" \/><\/p>\n<p dir=\"ltr\" style=\"line-height: 1.38; margin-top: 0pt; margin-bottom: 0pt; text-align: right;\"><a href=\"https:\/\/www.motif.es\/manteles-individuales\/10621-3150-pack-de-2-manteles-hidraulico-colores.html#\/32-tamano-48x33_cm\" target=\"_blank\" rel=\"noreferrer noopener\">Hidraulico Colores<\/a><\/p>\n<p dir=\"ltr\" style=\"line-height: 1.38; margin-top: 0pt; margin-bottom: 0pt; text-align: left;\">Puedes ver el resto de modelos y encontrar tu favorito en nuestra secci\u00f3n de <a href=\"https:\/\/www.motif.es\/20-manteles-individuales\" target=\"_blank\" rel=\"noreferrer noopener\">manteles individuales<\/a>.<\/p>\n","protected":false},"excerpt":{"rendered":"<p>En Motif los veneramos y nos sirven de fuente de inspiraci\u00f3n para algunos de nuestros dise\u00f1os. A vosotros os encantan y eso nos hace adorarlos a\u00fan m\u00e1s. \u00a0 Hace poco os hablamos en este post de los dise\u00f1os de alfombras vin\u00edlicas que ten\u00edan inspiraci\u00f3n hidr\u00e1ulica \u00a1pero todo no acaba ah\u00ed! Tambi\u00e9n puedes llevar esta inspiraci\u00f3n [&#8230;]<\/p>\n","protected":false},"author":2,"featured_media":388,"comment_status":"open","ping_status":"open","sticky":false,"template":"","format":"standard","meta":{"_acf_changed":false,"footnotes":""},"categories":[2],"tags":[],"class_list":["post-387","post","type-post","status-publish","format-standard","has-post-thumbnail","hentry","category-sobre-manteles-individuales"],"acf":[],"yoast_head":"<!-- This site is optimized with the Yoast SEO plugin v27.5 - https:\/\/yoast.com\/product\/yoast-seo-wordpress\/ -->\n<title>El estilo hidr\u00e1ulico tambi\u00e9n en tu mesa - Blog Motif<\/title>\n<meta name=\"description\" content=\"En Motif los veneramos y nos sirven de fuente de inspiraci\u00f3n para algunos de nuestros dise\u00f1os. A vosotros os encantan y eso nos hace adorarlos a\u00fan m\u00e1s. \u00a0\" \/>\n<meta name=\"robots\" content=\"index, follow, max-snippet:-1, max-image-preview:large, max-video-preview:-1\" \/>\n<link rel=\"canonical\" href=\"https:\/\/www.motif.es\/blog\/el-estilo-hidraulico-tambien-en-tu-mesa\/\" \/>\n<meta property=\"og:locale\" content=\"es_ES\" \/>\n<meta property=\"og:type\" content=\"article\" \/>\n<meta property=\"og:title\" content=\"El estilo hidr\u00e1ulico tambi\u00e9n en tu mesa - Blog Motif\" \/>\n<meta property=\"og:description\" content=\"En Motif los veneramos y nos sirven de fuente de inspiraci\u00f3n para algunos de nuestros dise\u00f1os. A vosotros os encantan y eso nos hace adorarlos a\u00fan m\u00e1s. \u00a0\" \/>\n<meta property=\"og:url\" content=\"https:\/\/www.motif.es\/blog\/el-estilo-hidraulico-tambien-en-tu-mesa\/\" \/>\n<meta property=\"og:site_name\" content=\"Blog Motif\" \/>\n<meta property=\"article:publisher\" content=\"https:\/\/www.facebook.com\/motifmorethanwalls\/\" \/>\n<meta property=\"article:published_time\" content=\"2020-06-15T08:47:31+00:00\" \/>\n<meta property=\"article:modified_time\" content=\"2020-11-30T12:13:28+00:00\" \/>\n<meta property=\"og:image\" content=\"https:\/\/www.motif.es\/blog\/wp-content\/uploads\/2020\/11\/b-pack-de-2-manteles-hidra.jpg\" \/>\n\t<meta property=\"og:image:width\" content=\"1000\" \/>\n\t<meta property=\"og:image:height\" content=\"1000\" \/>\n\t<meta property=\"og:image:type\" content=\"image\/jpeg\" \/>\n<meta name=\"author\" content=\"Comunicaci\u00f3n Motif\" \/>\n<meta name=\"twitter:card\" content=\"summary_large_image\" \/>\n<meta name=\"twitter:label1\" content=\"Escrito por\" \/>\n\t<meta name=\"twitter:data1\" content=\"Comunicaci\u00f3n Motif\" \/>\n\t<meta name=\"twitter:label2\" content=\"Tiempo de lectura\" \/>\n\t<meta name=\"twitter:data2\" content=\"1 minuto\" \/>\n<script type=\"application\/ld+json\" class=\"yoast-schema-graph\">{\"@context\":\"https:\\\/\\\/schema.org\",\"@graph\":[{\"@type\":\"Article\",\"@id\":\"https:\\\/\\\/www.motif.es\\\/blog\\\/el-estilo-hidraulico-tambien-en-tu-mesa\\\/#article\",\"isPartOf\":{\"@id\":\"https:\\\/\\\/www.motif.es\\\/blog\\\/el-estilo-hidraulico-tambien-en-tu-mesa\\\/\"},\"author\":{\"name\":\"Comunicaci\u00f3n Motif\",\"@id\":\"https:\\\/\\\/www.motif.es\\\/blog\\\/#\\\/schema\\\/person\\\/aac26ed80d8e02fb9525ec6b569d75e9\"},\"headline\":\"El estilo hidr\u00e1ulico tambi\u00e9n en tu mesa\",\"datePublished\":\"2020-06-15T08:47:31+00:00\",\"dateModified\":\"2020-11-30T12:13:28+00:00\",\"mainEntityOfPage\":{\"@id\":\"https:\\\/\\\/www.motif.es\\\/blog\\\/el-estilo-hidraulico-tambien-en-tu-mesa\\\/\"},\"wordCount\":149,\"commentCount\":0,\"publisher\":{\"@id\":\"https:\\\/\\\/www.motif.es\\\/blog\\\/#organization\"},\"image\":{\"@id\":\"https:\\\/\\\/www.motif.es\\\/blog\\\/el-estilo-hidraulico-tambien-en-tu-mesa\\\/#primaryimage\"},\"thumbnailUrl\":\"https:\\\/\\\/www.motif.es\\\/blog\\\/wp-content\\\/uploads\\\/2020\\\/11\\\/b-pack-de-2-manteles-hidra.jpg\",\"articleSection\":[\"sobre manteles individuales\"],\"inLanguage\":\"es\",\"potentialAction\":[{\"@type\":\"CommentAction\",\"name\":\"Comment\",\"target\":[\"https:\\\/\\\/www.motif.es\\\/blog\\\/el-estilo-hidraulico-tambien-en-tu-mesa\\\/#respond\"]}]},{\"@type\":\"WebPage\",\"@id\":\"https:\\\/\\\/www.motif.es\\\/blog\\\/el-estilo-hidraulico-tambien-en-tu-mesa\\\/\",\"url\":\"https:\\\/\\\/www.motif.es\\\/blog\\\/el-estilo-hidraulico-tambien-en-tu-mesa\\\/\",\"name\":\"El estilo hidr\u00e1ulico tambi\u00e9n en tu mesa - Blog Motif\",\"isPartOf\":{\"@id\":\"https:\\\/\\\/www.motif.es\\\/blog\\\/#website\"},\"primaryImageOfPage\":{\"@id\":\"https:\\\/\\\/www.motif.es\\\/blog\\\/el-estilo-hidraulico-tambien-en-tu-mesa\\\/#primaryimage\"},\"image\":{\"@id\":\"https:\\\/\\\/www.motif.es\\\/blog\\\/el-estilo-hidraulico-tambien-en-tu-mesa\\\/#primaryimage\"},\"thumbnailUrl\":\"https:\\\/\\\/www.motif.es\\\/blog\\\/wp-content\\\/uploads\\\/2020\\\/11\\\/b-pack-de-2-manteles-hidra.jpg\",\"datePublished\":\"2020-06-15T08:47:31+00:00\",\"dateModified\":\"2020-11-30T12:13:28+00:00\",\"description\":\"En Motif los veneramos y nos sirven de fuente de inspiraci\u00f3n para algunos de nuestros dise\u00f1os. A vosotros os encantan y eso nos hace adorarlos a\u00fan m\u00e1s. \u00a0\",\"breadcrumb\":{\"@id\":\"https:\\\/\\\/www.motif.es\\\/blog\\\/el-estilo-hidraulico-tambien-en-tu-mesa\\\/#breadcrumb\"},\"inLanguage\":\"es\",\"potentialAction\":[{\"@type\":\"ReadAction\",\"target\":[\"https:\\\/\\\/www.motif.es\\\/blog\\\/el-estilo-hidraulico-tambien-en-tu-mesa\\\/\"]}]},{\"@type\":\"ImageObject\",\"inLanguage\":\"es\",\"@id\":\"https:\\\/\\\/www.motif.es\\\/blog\\\/el-estilo-hidraulico-tambien-en-tu-mesa\\\/#primaryimage\",\"url\":\"https:\\\/\\\/www.motif.es\\\/blog\\\/wp-content\\\/uploads\\\/2020\\\/11\\\/b-pack-de-2-manteles-hidra.jpg\",\"contentUrl\":\"https:\\\/\\\/www.motif.es\\\/blog\\\/wp-content\\\/uploads\\\/2020\\\/11\\\/b-pack-de-2-manteles-hidra.jpg\",\"width\":1000,\"height\":1000},{\"@type\":\"BreadcrumbList\",\"@id\":\"https:\\\/\\\/www.motif.es\\\/blog\\\/el-estilo-hidraulico-tambien-en-tu-mesa\\\/#breadcrumb\",\"itemListElement\":[{\"@type\":\"ListItem\",\"position\":1,\"name\":\"Blog\",\"item\":\"https:\\\/\\\/www.motif.es\\\/blog\\\/\"},{\"@type\":\"ListItem\",\"position\":2,\"name\":\"sobre manteles individuales\",\"item\":\"https:\\\/\\\/www.motif.es\\\/blog\\\/category\\\/sobre-manteles-individuales\\\/\"},{\"@type\":\"ListItem\",\"position\":3,\"name\":\"El estilo hidr\u00e1ulico tambi\u00e9n en tu mesa\"}]},{\"@type\":\"WebSite\",\"@id\":\"https:\\\/\\\/www.motif.es\\\/blog\\\/#website\",\"url\":\"https:\\\/\\\/www.motif.es\\\/blog\\\/\",\"name\":\"Blog Motif\",\"description\":\"nuestro rinc\u00f3n para inspirarte\",\"publisher\":{\"@id\":\"https:\\\/\\\/www.motif.es\\\/blog\\\/#organization\"},\"potentialAction\":[{\"@type\":\"SearchAction\",\"target\":{\"@type\":\"EntryPoint\",\"urlTemplate\":\"https:\\\/\\\/www.motif.es\\\/blog\\\/?s={search_term_string}\"},\"query-input\":{\"@type\":\"PropertyValueSpecification\",\"valueRequired\":true,\"valueName\":\"search_term_string\"}}],\"inLanguage\":\"es\"},{\"@type\":\"Organization\",\"@id\":\"https:\\\/\\\/www.motif.es\\\/blog\\\/#organization\",\"name\":\"Motif Wallpapers S.L.U.\",\"url\":\"https:\\\/\\\/www.motif.es\\\/blog\\\/\",\"logo\":{\"@type\":\"ImageObject\",\"inLanguage\":\"es\",\"@id\":\"https:\\\/\\\/www.motif.es\\\/blog\\\/#\\\/schema\\\/logo\\\/image\\\/\",\"url\":\"https:\\\/\\\/motif.es\\\/blog\\\/wp-content\\\/uploads\\\/2021\\\/06\\\/logo-motif.jpg\",\"contentUrl\":\"https:\\\/\\\/motif.es\\\/blog\\\/wp-content\\\/uploads\\\/2021\\\/06\\\/logo-motif.jpg\",\"width\":464,\"height\":464,\"caption\":\"Motif Wallpapers S.L.U.\"},\"image\":{\"@id\":\"https:\\\/\\\/www.motif.es\\\/blog\\\/#\\\/schema\\\/logo\\\/image\\\/\"},\"sameAs\":[\"https:\\\/\\\/www.facebook.com\\\/motifmorethanwalls\\\/\",\"https:\\\/\\\/www.instagram.com\\\/motif_es\\\/?hl=es\",\"https:\\\/\\\/www.pinterest.es\\\/motifwallpapers\\\/\",\"https:\\\/\\\/www.youtube.com\\\/channel\\\/UCNaOmbxD6LjcQNj4vmfVIUg\"]},{\"@type\":\"Person\",\"@id\":\"https:\\\/\\\/www.motif.es\\\/blog\\\/#\\\/schema\\\/person\\\/aac26ed80d8e02fb9525ec6b569d75e9\",\"name\":\"Comunicaci\u00f3n Motif\",\"image\":{\"@type\":\"ImageObject\",\"inLanguage\":\"es\",\"@id\":\"https:\\\/\\\/secure.gravatar.com\\\/avatar\\\/93b2fb49a03bd7a57b5f5e8c3b740113f14f25da86b090887d9353672de2d9b5?s=96&d=mm&r=g\",\"url\":\"https:\\\/\\\/secure.gravatar.com\\\/avatar\\\/93b2fb49a03bd7a57b5f5e8c3b740113f14f25da86b090887d9353672de2d9b5?s=96&d=mm&r=g\",\"contentUrl\":\"https:\\\/\\\/secure.gravatar.com\\\/avatar\\\/93b2fb49a03bd7a57b5f5e8c3b740113f14f25da86b090887d9353672de2d9b5?s=96&d=mm&r=g\",\"caption\":\"Comunicaci\u00f3n Motif\"},\"url\":\"https:\\\/\\\/www.motif.es\\\/blog\\\/author\\\/comunicacion\\\/\"}]}<\/script>\n<!-- \/ Yoast SEO plugin. -->","yoast_head_json":{"title":"El estilo hidr\u00e1ulico tambi\u00e9n en tu mesa - Blog Motif","description":"En Motif los veneramos y nos sirven de fuente de inspiraci\u00f3n para algunos de nuestros dise\u00f1os. A vosotros os encantan y eso nos hace adorarlos a\u00fan m\u00e1s. \u00a0","robots":{"index":"index","follow":"follow","max-snippet":"max-snippet:-1","max-image-preview":"max-image-preview:large","max-video-preview":"max-video-preview:-1"},"canonical":"https:\/\/www.motif.es\/blog\/el-estilo-hidraulico-tambien-en-tu-mesa\/","og_locale":"es_ES","og_type":"article","og_title":"El estilo hidr\u00e1ulico tambi\u00e9n en tu mesa - Blog Motif","og_description":"En Motif los veneramos y nos sirven de fuente de inspiraci\u00f3n para algunos de nuestros dise\u00f1os. A vosotros os encantan y eso nos hace adorarlos a\u00fan m\u00e1s. \u00a0","og_url":"https:\/\/www.motif.es\/blog\/el-estilo-hidraulico-tambien-en-tu-mesa\/","og_site_name":"Blog Motif","article_publisher":"https:\/\/www.facebook.com\/motifmorethanwalls\/","article_published_time":"2020-06-15T08:47:31+00:00","article_modified_time":"2020-11-30T12:13:28+00:00","og_image":[{"width":1000,"height":1000,"url":"https:\/\/www.motif.es\/blog\/wp-content\/uploads\/2020\/11\/b-pack-de-2-manteles-hidra.jpg","type":"image\/jpeg"}],"author":"Comunicaci\u00f3n Motif","twitter_card":"summary_large_image","twitter_misc":{"Escrito por":"Comunicaci\u00f3n Motif","Tiempo de lectura":"1 minuto"},"schema":{"@context":"https:\/\/schema.org","@graph":[{"@type":"Article","@id":"https:\/\/www.motif.es\/blog\/el-estilo-hidraulico-tambien-en-tu-mesa\/#article","isPartOf":{"@id":"https:\/\/www.motif.es\/blog\/el-estilo-hidraulico-tambien-en-tu-mesa\/"},"author":{"name":"Comunicaci\u00f3n Motif","@id":"https:\/\/www.motif.es\/blog\/#\/schema\/person\/aac26ed80d8e02fb9525ec6b569d75e9"},"headline":"El estilo hidr\u00e1ulico tambi\u00e9n en tu mesa","datePublished":"2020-06-15T08:47:31+00:00","dateModified":"2020-11-30T12:13:28+00:00","mainEntityOfPage":{"@id":"https:\/\/www.motif.es\/blog\/el-estilo-hidraulico-tambien-en-tu-mesa\/"},"wordCount":149,"commentCount":0,"publisher":{"@id":"https:\/\/www.motif.es\/blog\/#organization"},"image":{"@id":"https:\/\/www.motif.es\/blog\/el-estilo-hidraulico-tambien-en-tu-mesa\/#primaryimage"},"thumbnailUrl":"https:\/\/www.motif.es\/blog\/wp-content\/uploads\/2020\/11\/b-pack-de-2-manteles-hidra.jpg","articleSection":["sobre manteles individuales"],"inLanguage":"es","potentialAction":[{"@type":"CommentAction","name":"Comment","target":["https:\/\/www.motif.es\/blog\/el-estilo-hidraulico-tambien-en-tu-mesa\/#respond"]}]},{"@type":"WebPage","@id":"https:\/\/www.motif.es\/blog\/el-estilo-hidraulico-tambien-en-tu-mesa\/","url":"https:\/\/www.motif.es\/blog\/el-estilo-hidraulico-tambien-en-tu-mesa\/","name":"El estilo hidr\u00e1ulico tambi\u00e9n en tu mesa - Blog Motif","isPartOf":{"@id":"https:\/\/www.motif.es\/blog\/#website"},"primaryImageOfPage":{"@id":"https:\/\/www.motif.es\/blog\/el-estilo-hidraulico-tambien-en-tu-mesa\/#primaryimage"},"image":{"@id":"https:\/\/www.motif.es\/blog\/el-estilo-hidraulico-tambien-en-tu-mesa\/#primaryimage"},"thumbnailUrl":"https:\/\/www.motif.es\/blog\/wp-content\/uploads\/2020\/11\/b-pack-de-2-manteles-hidra.jpg","datePublished":"2020-06-15T08:47:31+00:00","dateModified":"2020-11-30T12:13:28+00:00","description":"En Motif los veneramos y nos sirven de fuente de inspiraci\u00f3n para algunos de nuestros dise\u00f1os. A vosotros os encantan y eso nos hace adorarlos a\u00fan m\u00e1s. \u00a0","breadcrumb":{"@id":"https:\/\/www.motif.es\/blog\/el-estilo-hidraulico-tambien-en-tu-mesa\/#breadcrumb"},"inLanguage":"es","potentialAction":[{"@type":"ReadAction","target":["https:\/\/www.motif.es\/blog\/el-estilo-hidraulico-tambien-en-tu-mesa\/"]}]},{"@type":"ImageObject","inLanguage":"es","@id":"https:\/\/www.motif.es\/blog\/el-estilo-hidraulico-tambien-en-tu-mesa\/#primaryimage","url":"https:\/\/www.motif.es\/blog\/wp-content\/uploads\/2020\/11\/b-pack-de-2-manteles-hidra.jpg","contentUrl":"https:\/\/www.motif.es\/blog\/wp-content\/uploads\/2020\/11\/b-pack-de-2-manteles-hidra.jpg","width":1000,"height":1000},{"@type":"BreadcrumbList","@id":"https:\/\/www.motif.es\/blog\/el-estilo-hidraulico-tambien-en-tu-mesa\/#breadcrumb","itemListElement":[{"@type":"ListItem","position":1,"name":"Blog","item":"https:\/\/www.motif.es\/blog\/"},{"@type":"ListItem","position":2,"name":"sobre manteles individuales","item":"https:\/\/www.motif.es\/blog\/category\/sobre-manteles-individuales\/"},{"@type":"ListItem","position":3,"name":"El estilo hidr\u00e1ulico tambi\u00e9n en tu mesa"}]},{"@type":"WebSite","@id":"https:\/\/www.motif.es\/blog\/#website","url":"https:\/\/www.motif.es\/blog\/","name":"Blog Motif","description":"nuestro rinc\u00f3n para inspirarte","publisher":{"@id":"https:\/\/www.motif.es\/blog\/#organization"},"potentialAction":[{"@type":"SearchAction","target":{"@type":"EntryPoint","urlTemplate":"https:\/\/www.motif.es\/blog\/?s={search_term_string}"},"query-input":{"@type":"PropertyValueSpecification","valueRequired":true,"valueName":"search_term_string"}}],"inLanguage":"es"},{"@type":"Organization","@id":"https:\/\/www.motif.es\/blog\/#organization","name":"Motif Wallpapers S.L.U.","url":"https:\/\/www.motif.es\/blog\/","logo":{"@type":"ImageObject","inLanguage":"es","@id":"https:\/\/www.motif.es\/blog\/#\/schema\/logo\/image\/","url":"https:\/\/motif.es\/blog\/wp-content\/uploads\/2021\/06\/logo-motif.jpg","contentUrl":"https:\/\/motif.es\/blog\/wp-content\/uploads\/2021\/06\/logo-motif.jpg","width":464,"height":464,"caption":"Motif Wallpapers S.L.U."},"image":{"@id":"https:\/\/www.motif.es\/blog\/#\/schema\/logo\/image\/"},"sameAs":["https:\/\/www.facebook.com\/motifmorethanwalls\/","https:\/\/www.instagram.com\/motif_es\/?hl=es","https:\/\/www.pinterest.es\/motifwallpapers\/","https:\/\/www.youtube.com\/channel\/UCNaOmbxD6LjcQNj4vmfVIUg"]},{"@type":"Person","@id":"https:\/\/www.motif.es\/blog\/#\/schema\/person\/aac26ed80d8e02fb9525ec6b569d75e9","name":"Comunicaci\u00f3n Motif","image":{"@type":"ImageObject","inLanguage":"es","@id":"https:\/\/secure.gravatar.com\/avatar\/93b2fb49a03bd7a57b5f5e8c3b740113f14f25da86b090887d9353672de2d9b5?s=96&d=mm&r=g","url":"https:\/\/secure.gravatar.com\/avatar\/93b2fb49a03bd7a57b5f5e8c3b740113f14f25da86b090887d9353672de2d9b5?s=96&d=mm&r=g","contentUrl":"https:\/\/secure.gravatar.com\/avatar\/93b2fb49a03bd7a57b5f5e8c3b740113f14f25da86b090887d9353672de2d9b5?s=96&d=mm&r=g","caption":"Comunicaci\u00f3n Motif"},"url":"https:\/\/www.motif.es\/blog\/author\/comunicacion\/"}]}},"_links":{"self":[{"href":"https:\/\/www.motif.es\/blog\/wp-json\/wp\/v2\/posts\/387","targetHints":{"allow":["GET"]}}],"collection":[{"href":"https:\/\/www.motif.es\/blog\/wp-json\/wp\/v2\/posts"}],"about":[{"href":"https:\/\/www.motif.es\/blog\/wp-json\/wp\/v2\/types\/post"}],"author":[{"embeddable":true,"href":"https:\/\/www.motif.es\/blog\/wp-json\/wp\/v2\/users\/2"}],"replies":[{"embeddable":true,"href":"https:\/\/www.motif.es\/blog\/wp-json\/wp\/v2\/comments?post=387"}],"version-history":[{"count":1,"href":"https:\/\/www.motif.es\/blog\/wp-json\/wp\/v2\/posts\/387\/revisions"}],"predecessor-version":[{"id":389,"href":"https:\/\/www.motif.es\/blog\/wp-json\/wp\/v2\/posts\/387\/revisions\/389"}],"wp:featuredmedia":[{"embeddable":true,"href":"https:\/\/www.motif.es\/blog\/wp-json\/wp\/v2\/media\/388"}],"wp:attachment":[{"href":"https:\/\/www.motif.es\/blog\/wp-json\/wp\/v2\/media?parent=387"}],"wp:term":[{"taxonomy":"category","embeddable":true,"href":"https:\/\/www.motif.es\/blog\/wp-json\/wp\/v2\/categories?post=387"},{"taxonomy":"post_tag","embeddable":true,"href":"https:\/\/www.motif.es\/blog\/wp-json\/wp\/v2\/tags?post=387"}],"curies":[{"name":"wp","href":"https:\/\/api.w.org\/{rel}","templated":true}]}}