{"id":421,"date":"2020-07-27T09:04:34","date_gmt":"2020-07-27T09:04:34","guid":{"rendered":"https:\/\/motif.es\/blog\/?p=421"},"modified":"2020-11-30T12:13:28","modified_gmt":"2020-11-30T12:13:28","slug":"te-presentamos-nuestra-coleccion-indoor","status":"publish","type":"post","link":"https:\/\/www.motif.es\/blog\/te-presentamos-nuestra-coleccion-indoor\/","title":{"rendered":"Te presentamos nuestra colecci\u00f3n INDOOR"},"content":{"rendered":"<p ><span >Es una colecci\u00f3n donde <span style=\"text-decoration: underline;\">el color tiene mucho protagonismo<\/span>. El blanco y negro est\u00e1 presente en casi todos los modelos pero despu\u00e9s te sorprendemos con <strong>mostazas vibrantes<\/strong>, como el de la <a href=\"https:\/\/www.motif.es\/sillas\/20302-4413-silla-chloe.html#\/70-color-mostaza\" target=\"_blank\" rel=\"noreferrer noopener\">silla Chloe<\/a>, <strong>tonos pastel de infarto<\/strong>, como los de la <a href=\"https:\/\/www.motif.es\/mesas-auxiliares\/20321-4357-mesa-auxiliar-grace.html#\/53-color-azul\" target=\"_blank\" rel=\"noreferrer noopener\">mesa auxiliar Grace<\/a> o un <strong>mint<\/strong> que es de otro mundo como el del <a href=\"https:\/\/www.motif.es\/aparadores\/20314-4345-aparador-loren.html#\/54-color-verde\" target=\"_blank\" rel=\"noreferrer noopener\">aparador Loren<\/a>.<\/span><\/p>\n<p ><span >\u00a0<\/span><\/p>\n<p ><span >Si te pasas por <a href=\"https:\/\/www.motif.es\/130-mobiliario\" target=\"_blank\" rel=\"noreferrer noopener\">nuestra secci\u00f3n de mobiliario<\/a> muy pronto veras que no es una colecci\u00f3n al uso. Queremos llevar a tu hogar <strong>piezas \u00fanicas<\/strong> que te hagan enamorarte a\u00fan m\u00e1s de tu espacio. Una colecci\u00f3n que juega con las l\u00edneas rectas y las curvas para crear <span style=\"text-decoration: underline;\">muebles atemporales cargados de dise\u00f1o<\/span>. De esos que siguen sorprendiendo a tus invitados con el paso de los a\u00f1os y recibiendo halagos.<\/span><\/p>\n<p ><span >\u00a0<\/span><\/p>\n<p ><span >Otra de las grandes apuestas de esta colecci\u00f3n es la <strong>calidad<\/strong>. Materiales resistentes y de primera que consiguen unos acabados perfectos. En el apartado de sillones descubrir\u00e1s creaciones donde las <span style=\"text-decoration: underline;\">texturas tienen gran presencia gracias a unos tejidos de alt\u00edsima calidad.<\/span><\/span><\/p>\n<p ><span >\u00a0<\/span><\/p>\n<p ><span >Por el momento puedes disfrutar de mesas, aparadores, sillas y sillones \u00bfQu\u00e9 ser\u00e1 lo siguiente? Sigue atento a nuestras redes sociales para no perderte nada.<\/span><\/p>\n","protected":false},"excerpt":{"rendered":"<p>Es una colecci\u00f3n donde el color tiene mucho protagonismo. El blanco y negro est\u00e1 presente en casi todos los modelos pero despu\u00e9s te sorprendemos con mostazas vibrantes, como el de la silla Chloe, tonos pastel de infarto, como los de la mesa auxiliar Grace o un mint que es de otro mundo como el del [&#8230;]<\/p>\n","protected":false},"author":2,"featured_media":422,"comment_status":"open","ping_status":"open","sticky":false,"template":"","format":"standard","meta":{"_acf_changed":false,"footnotes":""},"categories":[9],"tags":[],"class_list":["post-421","post","type-post","status-publish","format-standard","has-post-thumbnail","hentry","category-inspirate"],"acf":[],"yoast_head":"<!-- This site is optimized with the Yoast SEO plugin v27.5 - https:\/\/yoast.com\/product\/yoast-seo-wordpress\/ -->\n<title>Te presentamos nuestra colecci\u00f3n INDOOR - Blog Motif<\/title>\n<meta name=\"description\" content=\"Es una colecci\u00f3n donde el color tiene mucho protagonismo. El blanco y negro est\u00e1 presente en casi todos los modelos pero despu\u00e9s te sorprendemos con\" \/>\n<meta name=\"robots\" content=\"index, follow, max-snippet:-1, max-image-preview:large, max-video-preview:-1\" \/>\n<link rel=\"canonical\" href=\"https:\/\/www.motif.es\/blog\/te-presentamos-nuestra-coleccion-indoor\/\" \/>\n<meta property=\"og:locale\" content=\"es_ES\" \/>\n<meta property=\"og:type\" content=\"article\" \/>\n<meta property=\"og:title\" content=\"Te presentamos nuestra colecci\u00f3n INDOOR - Blog Motif\" \/>\n<meta property=\"og:description\" content=\"Es una colecci\u00f3n donde el color tiene mucho protagonismo. El blanco y negro est\u00e1 presente en casi todos los modelos pero despu\u00e9s te sorprendemos con\" \/>\n<meta property=\"og:url\" content=\"https:\/\/www.motif.es\/blog\/te-presentamos-nuestra-coleccion-indoor\/\" \/>\n<meta property=\"og:site_name\" content=\"Blog Motif\" \/>\n<meta property=\"article:publisher\" content=\"https:\/\/www.facebook.com\/motifmorethanwalls\/\" \/>\n<meta property=\"article:published_time\" content=\"2020-07-27T09:04:34+00:00\" \/>\n<meta property=\"article:modified_time\" content=\"2020-11-30T12:13:28+00:00\" \/>\n<meta property=\"og:image\" content=\"https:\/\/www.motif.es\/blog\/wp-content\/uploads\/2020\/11\/b-mesa-rania.jpg\" \/>\n\t<meta property=\"og:image:width\" content=\"1000\" \/>\n\t<meta property=\"og:image:height\" content=\"1000\" \/>\n\t<meta property=\"og:image:type\" content=\"image\/jpeg\" \/>\n<meta name=\"author\" content=\"Comunicaci\u00f3n Motif\" \/>\n<meta name=\"twitter:card\" content=\"summary_large_image\" \/>\n<meta name=\"twitter:label1\" content=\"Escrito por\" \/>\n\t<meta name=\"twitter:data1\" content=\"Comunicaci\u00f3n Motif\" \/>\n\t<meta name=\"twitter:label2\" content=\"Tiempo de lectura\" \/>\n\t<meta name=\"twitter:data2\" content=\"1 minuto\" \/>\n<script type=\"application\/ld+json\" class=\"yoast-schema-graph\">{\"@context\":\"https:\\\/\\\/schema.org\",\"@graph\":[{\"@type\":\"Article\",\"@id\":\"https:\\\/\\\/www.motif.es\\\/blog\\\/te-presentamos-nuestra-coleccion-indoor\\\/#article\",\"isPartOf\":{\"@id\":\"https:\\\/\\\/www.motif.es\\\/blog\\\/te-presentamos-nuestra-coleccion-indoor\\\/\"},\"author\":{\"name\":\"Comunicaci\u00f3n Motif\",\"@id\":\"https:\\\/\\\/www.motif.es\\\/blog\\\/#\\\/schema\\\/person\\\/aac26ed80d8e02fb9525ec6b569d75e9\"},\"headline\":\"Te presentamos nuestra colecci\u00f3n INDOOR\",\"datePublished\":\"2020-07-27T09:04:34+00:00\",\"dateModified\":\"2020-11-30T12:13:28+00:00\",\"mainEntityOfPage\":{\"@id\":\"https:\\\/\\\/www.motif.es\\\/blog\\\/te-presentamos-nuestra-coleccion-indoor\\\/\"},\"wordCount\":211,\"commentCount\":0,\"publisher\":{\"@id\":\"https:\\\/\\\/www.motif.es\\\/blog\\\/#organization\"},\"image\":{\"@id\":\"https:\\\/\\\/www.motif.es\\\/blog\\\/te-presentamos-nuestra-coleccion-indoor\\\/#primaryimage\"},\"thumbnailUrl\":\"https:\\\/\\\/www.motif.es\\\/blog\\\/wp-content\\\/uploads\\\/2020\\\/11\\\/b-mesa-rania.jpg\",\"articleSection\":[\"insp\u00edrate\"],\"inLanguage\":\"es\",\"potentialAction\":[{\"@type\":\"CommentAction\",\"name\":\"Comment\",\"target\":[\"https:\\\/\\\/www.motif.es\\\/blog\\\/te-presentamos-nuestra-coleccion-indoor\\\/#respond\"]}]},{\"@type\":\"WebPage\",\"@id\":\"https:\\\/\\\/www.motif.es\\\/blog\\\/te-presentamos-nuestra-coleccion-indoor\\\/\",\"url\":\"https:\\\/\\\/www.motif.es\\\/blog\\\/te-presentamos-nuestra-coleccion-indoor\\\/\",\"name\":\"Te presentamos nuestra colecci\u00f3n INDOOR - Blog Motif\",\"isPartOf\":{\"@id\":\"https:\\\/\\\/www.motif.es\\\/blog\\\/#website\"},\"primaryImageOfPage\":{\"@id\":\"https:\\\/\\\/www.motif.es\\\/blog\\\/te-presentamos-nuestra-coleccion-indoor\\\/#primaryimage\"},\"image\":{\"@id\":\"https:\\\/\\\/www.motif.es\\\/blog\\\/te-presentamos-nuestra-coleccion-indoor\\\/#primaryimage\"},\"thumbnailUrl\":\"https:\\\/\\\/www.motif.es\\\/blog\\\/wp-content\\\/uploads\\\/2020\\\/11\\\/b-mesa-rania.jpg\",\"datePublished\":\"2020-07-27T09:04:34+00:00\",\"dateModified\":\"2020-11-30T12:13:28+00:00\",\"description\":\"Es una colecci\u00f3n donde el color tiene mucho protagonismo. El blanco y negro est\u00e1 presente en casi todos los modelos pero despu\u00e9s te sorprendemos con\",\"breadcrumb\":{\"@id\":\"https:\\\/\\\/www.motif.es\\\/blog\\\/te-presentamos-nuestra-coleccion-indoor\\\/#breadcrumb\"},\"inLanguage\":\"es\",\"potentialAction\":[{\"@type\":\"ReadAction\",\"target\":[\"https:\\\/\\\/www.motif.es\\\/blog\\\/te-presentamos-nuestra-coleccion-indoor\\\/\"]}]},{\"@type\":\"ImageObject\",\"inLanguage\":\"es\",\"@id\":\"https:\\\/\\\/www.motif.es\\\/blog\\\/te-presentamos-nuestra-coleccion-indoor\\\/#primaryimage\",\"url\":\"https:\\\/\\\/www.motif.es\\\/blog\\\/wp-content\\\/uploads\\\/2020\\\/11\\\/b-mesa-rania.jpg\",\"contentUrl\":\"https:\\\/\\\/www.motif.es\\\/blog\\\/wp-content\\\/uploads\\\/2020\\\/11\\\/b-mesa-rania.jpg\",\"width\":1000,\"height\":1000},{\"@type\":\"BreadcrumbList\",\"@id\":\"https:\\\/\\\/www.motif.es\\\/blog\\\/te-presentamos-nuestra-coleccion-indoor\\\/#breadcrumb\",\"itemListElement\":[{\"@type\":\"ListItem\",\"position\":1,\"name\":\"Blog\",\"item\":\"https:\\\/\\\/www.motif.es\\\/blog\\\/\"},{\"@type\":\"ListItem\",\"position\":2,\"name\":\"insp\u00edrate\",\"item\":\"https:\\\/\\\/www.motif.es\\\/blog\\\/category\\\/inspirate\\\/\"},{\"@type\":\"ListItem\",\"position\":3,\"name\":\"Te presentamos nuestra colecci\u00f3n INDOOR\"}]},{\"@type\":\"WebSite\",\"@id\":\"https:\\\/\\\/www.motif.es\\\/blog\\\/#website\",\"url\":\"https:\\\/\\\/www.motif.es\\\/blog\\\/\",\"name\":\"Blog Motif\",\"description\":\"nuestro rinc\u00f3n para inspirarte\",\"publisher\":{\"@id\":\"https:\\\/\\\/www.motif.es\\\/blog\\\/#organization\"},\"potentialAction\":[{\"@type\":\"SearchAction\",\"target\":{\"@type\":\"EntryPoint\",\"urlTemplate\":\"https:\\\/\\\/www.motif.es\\\/blog\\\/?s={search_term_string}\"},\"query-input\":{\"@type\":\"PropertyValueSpecification\",\"valueRequired\":true,\"valueName\":\"search_term_string\"}}],\"inLanguage\":\"es\"},{\"@type\":\"Organization\",\"@id\":\"https:\\\/\\\/www.motif.es\\\/blog\\\/#organization\",\"name\":\"Motif Wallpapers S.L.U.\",\"url\":\"https:\\\/\\\/www.motif.es\\\/blog\\\/\",\"logo\":{\"@type\":\"ImageObject\",\"inLanguage\":\"es\",\"@id\":\"https:\\\/\\\/www.motif.es\\\/blog\\\/#\\\/schema\\\/logo\\\/image\\\/\",\"url\":\"https:\\\/\\\/motif.es\\\/blog\\\/wp-content\\\/uploads\\\/2021\\\/06\\\/logo-motif.jpg\",\"contentUrl\":\"https:\\\/\\\/motif.es\\\/blog\\\/wp-content\\\/uploads\\\/2021\\\/06\\\/logo-motif.jpg\",\"width\":464,\"height\":464,\"caption\":\"Motif Wallpapers S.L.U.\"},\"image\":{\"@id\":\"https:\\\/\\\/www.motif.es\\\/blog\\\/#\\\/schema\\\/logo\\\/image\\\/\"},\"sameAs\":[\"https:\\\/\\\/www.facebook.com\\\/motifmorethanwalls\\\/\",\"https:\\\/\\\/www.instagram.com\\\/motif_es\\\/?hl=es\",\"https:\\\/\\\/www.pinterest.es\\\/motifwallpapers\\\/\",\"https:\\\/\\\/www.youtube.com\\\/channel\\\/UCNaOmbxD6LjcQNj4vmfVIUg\"]},{\"@type\":\"Person\",\"@id\":\"https:\\\/\\\/www.motif.es\\\/blog\\\/#\\\/schema\\\/person\\\/aac26ed80d8e02fb9525ec6b569d75e9\",\"name\":\"Comunicaci\u00f3n Motif\",\"image\":{\"@type\":\"ImageObject\",\"inLanguage\":\"es\",\"@id\":\"https:\\\/\\\/secure.gravatar.com\\\/avatar\\\/93b2fb49a03bd7a57b5f5e8c3b740113f14f25da86b090887d9353672de2d9b5?s=96&d=mm&r=g\",\"url\":\"https:\\\/\\\/secure.gravatar.com\\\/avatar\\\/93b2fb49a03bd7a57b5f5e8c3b740113f14f25da86b090887d9353672de2d9b5?s=96&d=mm&r=g\",\"contentUrl\":\"https:\\\/\\\/secure.gravatar.com\\\/avatar\\\/93b2fb49a03bd7a57b5f5e8c3b740113f14f25da86b090887d9353672de2d9b5?s=96&d=mm&r=g\",\"caption\":\"Comunicaci\u00f3n Motif\"},\"url\":\"https:\\\/\\\/www.motif.es\\\/blog\\\/author\\\/comunicacion\\\/\"}]}<\/script>\n<!-- \/ Yoast SEO plugin. -->","yoast_head_json":{"title":"Te presentamos nuestra colecci\u00f3n INDOOR - Blog Motif","description":"Es una colecci\u00f3n donde el color tiene mucho protagonismo. El blanco y negro est\u00e1 presente en casi todos los modelos pero despu\u00e9s te sorprendemos con","robots":{"index":"index","follow":"follow","max-snippet":"max-snippet:-1","max-image-preview":"max-image-preview:large","max-video-preview":"max-video-preview:-1"},"canonical":"https:\/\/www.motif.es\/blog\/te-presentamos-nuestra-coleccion-indoor\/","og_locale":"es_ES","og_type":"article","og_title":"Te presentamos nuestra colecci\u00f3n INDOOR - Blog Motif","og_description":"Es una colecci\u00f3n donde el color tiene mucho protagonismo. El blanco y negro est\u00e1 presente en casi todos los modelos pero despu\u00e9s te sorprendemos con","og_url":"https:\/\/www.motif.es\/blog\/te-presentamos-nuestra-coleccion-indoor\/","og_site_name":"Blog Motif","article_publisher":"https:\/\/www.facebook.com\/motifmorethanwalls\/","article_published_time":"2020-07-27T09:04:34+00:00","article_modified_time":"2020-11-30T12:13:28+00:00","og_image":[{"width":1000,"height":1000,"url":"https:\/\/www.motif.es\/blog\/wp-content\/uploads\/2020\/11\/b-mesa-rania.jpg","type":"image\/jpeg"}],"author":"Comunicaci\u00f3n Motif","twitter_card":"summary_large_image","twitter_misc":{"Escrito por":"Comunicaci\u00f3n Motif","Tiempo de lectura":"1 minuto"},"schema":{"@context":"https:\/\/schema.org","@graph":[{"@type":"Article","@id":"https:\/\/www.motif.es\/blog\/te-presentamos-nuestra-coleccion-indoor\/#article","isPartOf":{"@id":"https:\/\/www.motif.es\/blog\/te-presentamos-nuestra-coleccion-indoor\/"},"author":{"name":"Comunicaci\u00f3n Motif","@id":"https:\/\/www.motif.es\/blog\/#\/schema\/person\/aac26ed80d8e02fb9525ec6b569d75e9"},"headline":"Te presentamos nuestra colecci\u00f3n INDOOR","datePublished":"2020-07-27T09:04:34+00:00","dateModified":"2020-11-30T12:13:28+00:00","mainEntityOfPage":{"@id":"https:\/\/www.motif.es\/blog\/te-presentamos-nuestra-coleccion-indoor\/"},"wordCount":211,"commentCount":0,"publisher":{"@id":"https:\/\/www.motif.es\/blog\/#organization"},"image":{"@id":"https:\/\/www.motif.es\/blog\/te-presentamos-nuestra-coleccion-indoor\/#primaryimage"},"thumbnailUrl":"https:\/\/www.motif.es\/blog\/wp-content\/uploads\/2020\/11\/b-mesa-rania.jpg","articleSection":["insp\u00edrate"],"inLanguage":"es","potentialAction":[{"@type":"CommentAction","name":"Comment","target":["https:\/\/www.motif.es\/blog\/te-presentamos-nuestra-coleccion-indoor\/#respond"]}]},{"@type":"WebPage","@id":"https:\/\/www.motif.es\/blog\/te-presentamos-nuestra-coleccion-indoor\/","url":"https:\/\/www.motif.es\/blog\/te-presentamos-nuestra-coleccion-indoor\/","name":"Te presentamos nuestra colecci\u00f3n INDOOR - Blog Motif","isPartOf":{"@id":"https:\/\/www.motif.es\/blog\/#website"},"primaryImageOfPage":{"@id":"https:\/\/www.motif.es\/blog\/te-presentamos-nuestra-coleccion-indoor\/#primaryimage"},"image":{"@id":"https:\/\/www.motif.es\/blog\/te-presentamos-nuestra-coleccion-indoor\/#primaryimage"},"thumbnailUrl":"https:\/\/www.motif.es\/blog\/wp-content\/uploads\/2020\/11\/b-mesa-rania.jpg","datePublished":"2020-07-27T09:04:34+00:00","dateModified":"2020-11-30T12:13:28+00:00","description":"Es una colecci\u00f3n donde el color tiene mucho protagonismo. El blanco y negro est\u00e1 presente en casi todos los modelos pero despu\u00e9s te sorprendemos con","breadcrumb":{"@id":"https:\/\/www.motif.es\/blog\/te-presentamos-nuestra-coleccion-indoor\/#breadcrumb"},"inLanguage":"es","potentialAction":[{"@type":"ReadAction","target":["https:\/\/www.motif.es\/blog\/te-presentamos-nuestra-coleccion-indoor\/"]}]},{"@type":"ImageObject","inLanguage":"es","@id":"https:\/\/www.motif.es\/blog\/te-presentamos-nuestra-coleccion-indoor\/#primaryimage","url":"https:\/\/www.motif.es\/blog\/wp-content\/uploads\/2020\/11\/b-mesa-rania.jpg","contentUrl":"https:\/\/www.motif.es\/blog\/wp-content\/uploads\/2020\/11\/b-mesa-rania.jpg","width":1000,"height":1000},{"@type":"BreadcrumbList","@id":"https:\/\/www.motif.es\/blog\/te-presentamos-nuestra-coleccion-indoor\/#breadcrumb","itemListElement":[{"@type":"ListItem","position":1,"name":"Blog","item":"https:\/\/www.motif.es\/blog\/"},{"@type":"ListItem","position":2,"name":"insp\u00edrate","item":"https:\/\/www.motif.es\/blog\/category\/inspirate\/"},{"@type":"ListItem","position":3,"name":"Te presentamos nuestra colecci\u00f3n INDOOR"}]},{"@type":"WebSite","@id":"https:\/\/www.motif.es\/blog\/#website","url":"https:\/\/www.motif.es\/blog\/","name":"Blog Motif","description":"nuestro rinc\u00f3n para inspirarte","publisher":{"@id":"https:\/\/www.motif.es\/blog\/#organization"},"potentialAction":[{"@type":"SearchAction","target":{"@type":"EntryPoint","urlTemplate":"https:\/\/www.motif.es\/blog\/?s={search_term_string}"},"query-input":{"@type":"PropertyValueSpecification","valueRequired":true,"valueName":"search_term_string"}}],"inLanguage":"es"},{"@type":"Organization","@id":"https:\/\/www.motif.es\/blog\/#organization","name":"Motif Wallpapers S.L.U.","url":"https:\/\/www.motif.es\/blog\/","logo":{"@type":"ImageObject","inLanguage":"es","@id":"https:\/\/www.motif.es\/blog\/#\/schema\/logo\/image\/","url":"https:\/\/motif.es\/blog\/wp-content\/uploads\/2021\/06\/logo-motif.jpg","contentUrl":"https:\/\/motif.es\/blog\/wp-content\/uploads\/2021\/06\/logo-motif.jpg","width":464,"height":464,"caption":"Motif Wallpapers S.L.U."},"image":{"@id":"https:\/\/www.motif.es\/blog\/#\/schema\/logo\/image\/"},"sameAs":["https:\/\/www.facebook.com\/motifmorethanwalls\/","https:\/\/www.instagram.com\/motif_es\/?hl=es","https:\/\/www.pinterest.es\/motifwallpapers\/","https:\/\/www.youtube.com\/channel\/UCNaOmbxD6LjcQNj4vmfVIUg"]},{"@type":"Person","@id":"https:\/\/www.motif.es\/blog\/#\/schema\/person\/aac26ed80d8e02fb9525ec6b569d75e9","name":"Comunicaci\u00f3n Motif","image":{"@type":"ImageObject","inLanguage":"es","@id":"https:\/\/secure.gravatar.com\/avatar\/93b2fb49a03bd7a57b5f5e8c3b740113f14f25da86b090887d9353672de2d9b5?s=96&d=mm&r=g","url":"https:\/\/secure.gravatar.com\/avatar\/93b2fb49a03bd7a57b5f5e8c3b740113f14f25da86b090887d9353672de2d9b5?s=96&d=mm&r=g","contentUrl":"https:\/\/secure.gravatar.com\/avatar\/93b2fb49a03bd7a57b5f5e8c3b740113f14f25da86b090887d9353672de2d9b5?s=96&d=mm&r=g","caption":"Comunicaci\u00f3n Motif"},"url":"https:\/\/www.motif.es\/blog\/author\/comunicacion\/"}]}},"_links":{"self":[{"href":"https:\/\/www.motif.es\/blog\/wp-json\/wp\/v2\/posts\/421","targetHints":{"allow":["GET"]}}],"collection":[{"href":"https:\/\/www.motif.es\/blog\/wp-json\/wp\/v2\/posts"}],"about":[{"href":"https:\/\/www.motif.es\/blog\/wp-json\/wp\/v2\/types\/post"}],"author":[{"embeddable":true,"href":"https:\/\/www.motif.es\/blog\/wp-json\/wp\/v2\/users\/2"}],"replies":[{"embeddable":true,"href":"https:\/\/www.motif.es\/blog\/wp-json\/wp\/v2\/comments?post=421"}],"version-history":[{"count":3,"href":"https:\/\/www.motif.es\/blog\/wp-json\/wp\/v2\/posts\/421\/revisions"}],"predecessor-version":[{"id":504,"href":"https:\/\/www.motif.es\/blog\/wp-json\/wp\/v2\/posts\/421\/revisions\/504"}],"wp:featuredmedia":[{"embeddable":true,"href":"https:\/\/www.motif.es\/blog\/wp-json\/wp\/v2\/media\/422"}],"wp:attachment":[{"href":"https:\/\/www.motif.es\/blog\/wp-json\/wp\/v2\/media?parent=421"}],"wp:term":[{"taxonomy":"category","embeddable":true,"href":"https:\/\/www.motif.es\/blog\/wp-json\/wp\/v2\/categories?post=421"},{"taxonomy":"post_tag","embeddable":true,"href":"https:\/\/www.motif.es\/blog\/wp-json\/wp\/v2\/tags?post=421"}],"curies":[{"name":"wp","href":"https:\/\/api.w.org\/{rel}","templated":true}]}}